{"id":5325,"date":"2019-07-14T17:15:32","date_gmt":"2019-07-14T15:15:32","guid":{"rendered":"https:\/\/www.cgfmanet.org\/infoesfera\/sing-the-mass\/"},"modified":"2019-09-13T11:49:25","modified_gmt":"2019-09-13T09:49:25","slug":"cantar-la-misa","status":"publish","type":"post","link":"https:\/\/www.cgfmanet.org\/es\/ifma-es\/publicaciones\/cantar-la-misa\/","title":{"rendered":"Cantar la Misa"},"content":{"rendered":"<p><strong>Roma (Italia). <\/strong>Ha sido publicado el libro sobre la Liturgia \u201cCantar la Misa\u201d, una gu\u00eda pr\u00e1ctica para la elecci\u00f3n de los cantos, de E. Massimi, CLV-Edizioni Liturgiche, Roma 2019.<\/p>\n<p>\u201c\u00bfQu\u00e9 cantamos en el inicio de la misa?, \u00bfY en la comuni\u00f3n?\u201d. A menudo suenan preguntas similares los domingos con respecto a la celebraci\u00f3n eucar\u00edstica. Casi siempre el criterio que parece orientar la elecci\u00f3n de los cantos, especialmente cuando el coro es \u201cjuvenil\u201d, es el de <em>me gusta,<\/em> con la ilusi\u00f3n (al menos en la mayor parte de los casos) de que pueda favorecer la participaci\u00f3n activa de los fieles. Esto no significa que al cantar no debamos hacer experiencia de lo bello, o que el canto no deba emocionarnos, pero el <em>me gusta <\/em>o el<em> no me gusta <\/em>no puede representar el criterio \u00faltimo que determina la elecci\u00f3n de un canto.<\/p>\n<p><em>Cantar la Misa <\/em>ofrece a los p\u00e1rrocos, a los formadores, a los ministros lit\u00fargicos, propuestas \u00fatiles para la formaci\u00f3n y el discernimiento de las pr\u00e1cticas, con referencia puntual al Misal y con algunas notas hist\u00f3ricas y teol\u00f3gicas esenciales.<\/p>\n<p>En un modo propio de laboratorio se indican los pasos concretos a seguir para escoger oportunamente cada canto, del cual se subrayan las caracter\u00edsticas propias del texto y de la m\u00fasica y la relaci\u00f3n con los otros lenguajes de la celebraci\u00f3n, sin olvidar a los \u201cactores\u201d, es decir, los que pueden y deben \u201cponerlo en pr\u00e1ctica.\u201d<\/p>\n","protected":false},"excerpt":{"rendered":"<p>Roma (Italia). Ha sido publicado el libro sobre la Liturgia \u201cCantar la Misa\u201d, una gu\u00eda pr\u00e1ctica para la elecci\u00f3n de los cantos, de E. Massimi, CLV-Edizioni Liturgiche, Roma 2019. \u201c\u00bfQu\u00e9 [&hellip;]<\/p>\n","protected":false},"author":45,"featured_media":5321,"comment_status":"open","ping_status":"closed","sticky":false,"template":"","format":"standard","meta":{"footnotes":""},"categories":[158,181],"tags":[],"class_list":["post-5325","post","type-post","status-publish","format-standard","has-post-thumbnail","category-ifma-es","category-publicaciones"],"yoast_head":"<!-- This site is optimized with the Yoast SEO plugin v27.4 - https:\/\/yoast.com\/product\/yoast-seo-wordpress\/ -->\n<title>Cantar la Misa &#8226; Istituto Figlie di Maria Ausiliatrice<\/title>\n<meta name=\"robots\" content=\"index, follow, max-snippet:-1, max-image-preview:large, max-video-preview:-1\" \/>\n<link rel=\"canonical\" href=\"https:\/\/www.cgfmanet.org\/es\/ifma-es\/publicaciones\/cantar-la-misa\/\" \/>\n<meta property=\"og:locale\" content=\"es_ES\" \/>\n<meta property=\"og:type\" content=\"article\" \/>\n<meta property=\"og:title\" content=\"Cantar la Misa &#8226; Istituto Figlie di Maria Ausiliatrice\" \/>\n<meta property=\"og:description\" content=\"Roma (Italia). Ha sido publicado el libro sobre la Liturgia \u201cCantar la Misa\u201d, una gu\u00eda pr\u00e1ctica para la elecci\u00f3n de los cantos, de E. Massimi, CLV-Edizioni Liturgiche, Roma 2019. \u201c\u00bfQu\u00e9 [&hellip;]\" \/>\n<meta property=\"og:url\" content=\"https:\/\/www.cgfmanet.org\/es\/ifma-es\/publicaciones\/cantar-la-misa\/\" \/>\n<meta property=\"og:site_name\" content=\"Istituto Figlie di Maria Ausiliatrice\" \/>\n<meta property=\"article:publisher\" content=\"https:\/\/www.facebook.com\/salesian.sisters.of.don.bosco\/\" \/>\n<meta property=\"article:published_time\" content=\"2019-07-14T15:15:32+00:00\" \/>\n<meta property=\"article:modified_time\" content=\"2019-09-13T09:49:25+00:00\" \/>\n<meta property=\"og:image\" content=\"https:\/\/www.cgfmanet.org\/wp-content\/uploads\/2019\/08\/cantare-messa.jpg\" \/>\n\t<meta property=\"og:image:width\" content=\"1200\" \/>\n\t<meta property=\"og:image:height\" content=\"1697\" \/>\n\t<meta property=\"og:image:type\" content=\"image\/jpeg\" \/>\n<meta name=\"author\" content=\"kedos\" \/>\n<meta name=\"twitter:card\" content=\"summary_large_image\" \/>\n<meta name=\"twitter:creator\" content=\"@Cgfmanet_Org\" \/>\n<meta name=\"twitter:site\" content=\"@Cgfmanet_Org\" \/>\n<meta name=\"twitter:label1\" content=\"Escrito por\" \/>\n\t<meta name=\"twitter:data1\" content=\"kedos\" \/>\n\t<meta name=\"twitter:label2\" content=\"Tiempo de lectura\" \/>\n\t<meta name=\"twitter:data2\" content=\"1 minuto\" \/>\n<script type=\"application\/ld+json\" class=\"yoast-schema-graph\">{\"@context\":\"https:\\\/\\\/schema.org\",\"@graph\":[{\"@type\":\"Article\",\"@id\":\"https:\\\/\\\/www.cgfmanet.org\\\/es\\\/ifma-es\\\/publicaciones\\\/cantar-la-misa\\\/#article\",\"isPartOf\":{\"@id\":\"https:\\\/\\\/www.cgfmanet.org\\\/es\\\/ifma-es\\\/publicaciones\\\/cantar-la-misa\\\/\"},\"author\":{\"name\":\"kedos\",\"@id\":\"https:\\\/\\\/www.cgfmanet.org\\\/es\\\/#\\\/schema\\\/person\\\/a0ee6558fb72feabd20b995682c980af\"},\"headline\":\"Cantar la Misa\",\"datePublished\":\"2019-07-14T15:15:32+00:00\",\"dateModified\":\"2019-09-13T09:49:25+00:00\",\"mainEntityOfPage\":{\"@id\":\"https:\\\/\\\/www.cgfmanet.org\\\/es\\\/ifma-es\\\/publicaciones\\\/cantar-la-misa\\\/\"},\"wordCount\":258,\"commentCount\":1,\"publisher\":{\"@id\":\"https:\\\/\\\/www.cgfmanet.org\\\/es\\\/#organization\"},\"image\":{\"@id\":\"https:\\\/\\\/www.cgfmanet.org\\\/es\\\/ifma-es\\\/publicaciones\\\/cantar-la-misa\\\/#primaryimage\"},\"thumbnailUrl\":\"https:\\\/\\\/www.cgfmanet.org\\\/wp-content\\\/uploads\\\/2019\\\/08\\\/cantare-messa.jpg\",\"articleSection\":[\"IFMA\",\"Publicaciones\"],\"inLanguage\":\"es\",\"potentialAction\":[{\"@type\":\"CommentAction\",\"name\":\"Comment\",\"target\":[\"https:\\\/\\\/www.cgfmanet.org\\\/es\\\/ifma-es\\\/publicaciones\\\/cantar-la-misa\\\/#respond\"]}]},{\"@type\":\"WebPage\",\"@id\":\"https:\\\/\\\/www.cgfmanet.org\\\/es\\\/ifma-es\\\/publicaciones\\\/cantar-la-misa\\\/\",\"url\":\"https:\\\/\\\/www.cgfmanet.org\\\/es\\\/ifma-es\\\/publicaciones\\\/cantar-la-misa\\\/\",\"name\":\"Cantar la Misa &#8226; Istituto Figlie di Maria Ausiliatrice\",\"isPartOf\":{\"@id\":\"https:\\\/\\\/www.cgfmanet.org\\\/es\\\/#website\"},\"primaryImageOfPage\":{\"@id\":\"https:\\\/\\\/www.cgfmanet.org\\\/es\\\/ifma-es\\\/publicaciones\\\/cantar-la-misa\\\/#primaryimage\"},\"image\":{\"@id\":\"https:\\\/\\\/www.cgfmanet.org\\\/es\\\/ifma-es\\\/publicaciones\\\/cantar-la-misa\\\/#primaryimage\"},\"thumbnailUrl\":\"https:\\\/\\\/www.cgfmanet.org\\\/wp-content\\\/uploads\\\/2019\\\/08\\\/cantare-messa.jpg\",\"datePublished\":\"2019-07-14T15:15:32+00:00\",\"dateModified\":\"2019-09-13T09:49:25+00:00\",\"breadcrumb\":{\"@id\":\"https:\\\/\\\/www.cgfmanet.org\\\/es\\\/ifma-es\\\/publicaciones\\\/cantar-la-misa\\\/#breadcrumb\"},\"inLanguage\":\"es\",\"potentialAction\":[{\"@type\":\"ReadAction\",\"target\":[\"https:\\\/\\\/www.cgfmanet.org\\\/es\\\/ifma-es\\\/publicaciones\\\/cantar-la-misa\\\/\"]}]},{\"@type\":\"ImageObject\",\"inLanguage\":\"es\",\"@id\":\"https:\\\/\\\/www.cgfmanet.org\\\/es\\\/ifma-es\\\/publicaciones\\\/cantar-la-misa\\\/#primaryimage\",\"url\":\"https:\\\/\\\/www.cgfmanet.org\\\/wp-content\\\/uploads\\\/2019\\\/08\\\/cantare-messa.jpg\",\"contentUrl\":\"https:\\\/\\\/www.cgfmanet.org\\\/wp-content\\\/uploads\\\/2019\\\/08\\\/cantare-messa.jpg\",\"width\":1200,\"height\":1697},{\"@type\":\"BreadcrumbList\",\"@id\":\"https:\\\/\\\/www.cgfmanet.org\\\/es\\\/ifma-es\\\/publicaciones\\\/cantar-la-misa\\\/#breadcrumb\",\"itemListElement\":[{\"@type\":\"ListItem\",\"position\":1,\"name\":\"Home\",\"item\":\"https:\\\/\\\/www.cgfmanet.org\\\/es\\\/\"},{\"@type\":\"ListItem\",\"position\":2,\"name\":\"Cantar la Misa\"}]},{\"@type\":\"WebSite\",\"@id\":\"https:\\\/\\\/www.cgfmanet.org\\\/es\\\/#website\",\"url\":\"https:\\\/\\\/www.cgfmanet.org\\\/es\\\/\",\"name\":\"Istituto Figlie di Maria Ausiliatrice\",\"description\":\"Salesiane di Don Bosco\",\"publisher\":{\"@id\":\"https:\\\/\\\/www.cgfmanet.org\\\/es\\\/#organization\"},\"potentialAction\":[{\"@type\":\"SearchAction\",\"target\":{\"@type\":\"EntryPoint\",\"urlTemplate\":\"https:\\\/\\\/www.cgfmanet.org\\\/es\\\/?s={search_term_string}\"},\"query-input\":{\"@type\":\"PropertyValueSpecification\",\"valueRequired\":true,\"valueName\":\"search_term_string\"}}],\"inLanguage\":\"es\"},{\"@type\":\"Organization\",\"@id\":\"https:\\\/\\\/www.cgfmanet.org\\\/es\\\/#organization\",\"name\":\"Istituto Figlie di Maria Ausiliatrice\",\"url\":\"https:\\\/\\\/www.cgfmanet.org\\\/es\\\/\",\"logo\":{\"@type\":\"ImageObject\",\"inLanguage\":\"es\",\"@id\":\"https:\\\/\\\/www.cgfmanet.org\\\/es\\\/#\\\/schema\\\/logo\\\/image\\\/\",\"url\":\"https:\\\/\\\/www.cgfmanet.org\\\/wp-content\\\/uploads\\\/2018\\\/10\\\/logo-fma.png\",\"contentUrl\":\"https:\\\/\\\/www.cgfmanet.org\\\/wp-content\\\/uploads\\\/2018\\\/10\\\/logo-fma.png\",\"width\":214,\"height\":55,\"caption\":\"Istituto Figlie di Maria Ausiliatrice\"},\"image\":{\"@id\":\"https:\\\/\\\/www.cgfmanet.org\\\/es\\\/#\\\/schema\\\/logo\\\/image\\\/\"},\"sameAs\":[\"https:\\\/\\\/www.facebook.com\\\/salesian.sisters.of.don.bosco\\\/\",\"https:\\\/\\\/x.com\\\/Cgfmanet_Org\",\"https:\\\/\\\/www.youtube.com\\\/channel\\\/UCmcr8yFQBV7JXeXVxyV9y5Q\"]},{\"@type\":\"Person\",\"@id\":\"https:\\\/\\\/www.cgfmanet.org\\\/es\\\/#\\\/schema\\\/person\\\/a0ee6558fb72feabd20b995682c980af\",\"name\":\"kedos\"}]}<\/script>\n<!-- \/ Yoast SEO plugin. -->","yoast_head_json":{"title":"Cantar la Misa &#8226; Istituto Figlie di Maria Ausiliatrice","robots":{"index":"index","follow":"follow","max-snippet":"max-snippet:-1","max-image-preview":"max-image-preview:large","max-video-preview":"max-video-preview:-1"},"canonical":"https:\/\/www.cgfmanet.org\/es\/ifma-es\/publicaciones\/cantar-la-misa\/","og_locale":"es_ES","og_type":"article","og_title":"Cantar la Misa &#8226; Istituto Figlie di Maria Ausiliatrice","og_description":"Roma (Italia). Ha sido publicado el libro sobre la Liturgia \u201cCantar la Misa\u201d, una gu\u00eda pr\u00e1ctica para la elecci\u00f3n de los cantos, de E. Massimi, CLV-Edizioni Liturgiche, Roma 2019. \u201c\u00bfQu\u00e9 [&hellip;]","og_url":"https:\/\/www.cgfmanet.org\/es\/ifma-es\/publicaciones\/cantar-la-misa\/","og_site_name":"Istituto Figlie di Maria Ausiliatrice","article_publisher":"https:\/\/www.facebook.com\/salesian.sisters.of.don.bosco\/","article_published_time":"2019-07-14T15:15:32+00:00","article_modified_time":"2019-09-13T09:49:25+00:00","og_image":[{"width":1200,"height":1697,"url":"https:\/\/www.cgfmanet.org\/wp-content\/uploads\/2019\/08\/cantare-messa.jpg","type":"image\/jpeg"}],"author":"kedos","twitter_card":"summary_large_image","twitter_creator":"@Cgfmanet_Org","twitter_site":"@Cgfmanet_Org","twitter_misc":{"Escrito por":"kedos","Tiempo de lectura":"1 minuto"},"schema":{"@context":"https:\/\/schema.org","@graph":[{"@type":"Article","@id":"https:\/\/www.cgfmanet.org\/es\/ifma-es\/publicaciones\/cantar-la-misa\/#article","isPartOf":{"@id":"https:\/\/www.cgfmanet.org\/es\/ifma-es\/publicaciones\/cantar-la-misa\/"},"author":{"name":"kedos","@id":"https:\/\/www.cgfmanet.org\/es\/#\/schema\/person\/a0ee6558fb72feabd20b995682c980af"},"headline":"Cantar la Misa","datePublished":"2019-07-14T15:15:32+00:00","dateModified":"2019-09-13T09:49:25+00:00","mainEntityOfPage":{"@id":"https:\/\/www.cgfmanet.org\/es\/ifma-es\/publicaciones\/cantar-la-misa\/"},"wordCount":258,"commentCount":1,"publisher":{"@id":"https:\/\/www.cgfmanet.org\/es\/#organization"},"image":{"@id":"https:\/\/www.cgfmanet.org\/es\/ifma-es\/publicaciones\/cantar-la-misa\/#primaryimage"},"thumbnailUrl":"https:\/\/www.cgfmanet.org\/wp-content\/uploads\/2019\/08\/cantare-messa.jpg","articleSection":["IFMA","Publicaciones"],"inLanguage":"es","potentialAction":[{"@type":"CommentAction","name":"Comment","target":["https:\/\/www.cgfmanet.org\/es\/ifma-es\/publicaciones\/cantar-la-misa\/#respond"]}]},{"@type":"WebPage","@id":"https:\/\/www.cgfmanet.org\/es\/ifma-es\/publicaciones\/cantar-la-misa\/","url":"https:\/\/www.cgfmanet.org\/es\/ifma-es\/publicaciones\/cantar-la-misa\/","name":"Cantar la Misa &#8226; Istituto Figlie di Maria Ausiliatrice","isPartOf":{"@id":"https:\/\/www.cgfmanet.org\/es\/#website"},"primaryImageOfPage":{"@id":"https:\/\/www.cgfmanet.org\/es\/ifma-es\/publicaciones\/cantar-la-misa\/#primaryimage"},"image":{"@id":"https:\/\/www.cgfmanet.org\/es\/ifma-es\/publicaciones\/cantar-la-misa\/#primaryimage"},"thumbnailUrl":"https:\/\/www.cgfmanet.org\/wp-content\/uploads\/2019\/08\/cantare-messa.jpg","datePublished":"2019-07-14T15:15:32+00:00","dateModified":"2019-09-13T09:49:25+00:00","breadcrumb":{"@id":"https:\/\/www.cgfmanet.org\/es\/ifma-es\/publicaciones\/cantar-la-misa\/#breadcrumb"},"inLanguage":"es","potentialAction":[{"@type":"ReadAction","target":["https:\/\/www.cgfmanet.org\/es\/ifma-es\/publicaciones\/cantar-la-misa\/"]}]},{"@type":"ImageObject","inLanguage":"es","@id":"https:\/\/www.cgfmanet.org\/es\/ifma-es\/publicaciones\/cantar-la-misa\/#primaryimage","url":"https:\/\/www.cgfmanet.org\/wp-content\/uploads\/2019\/08\/cantare-messa.jpg","contentUrl":"https:\/\/www.cgfmanet.org\/wp-content\/uploads\/2019\/08\/cantare-messa.jpg","width":1200,"height":1697},{"@type":"BreadcrumbList","@id":"https:\/\/www.cgfmanet.org\/es\/ifma-es\/publicaciones\/cantar-la-misa\/#breadcrumb","itemListElement":[{"@type":"ListItem","position":1,"name":"Home","item":"https:\/\/www.cgfmanet.org\/es\/"},{"@type":"ListItem","position":2,"name":"Cantar la Misa"}]},{"@type":"WebSite","@id":"https:\/\/www.cgfmanet.org\/es\/#website","url":"https:\/\/www.cgfmanet.org\/es\/","name":"Istituto Figlie di Maria Ausiliatrice","description":"Salesiane di Don Bosco","publisher":{"@id":"https:\/\/www.cgfmanet.org\/es\/#organization"},"potentialAction":[{"@type":"SearchAction","target":{"@type":"EntryPoint","urlTemplate":"https:\/\/www.cgfmanet.org\/es\/?s={search_term_string}"},"query-input":{"@type":"PropertyValueSpecification","valueRequired":true,"valueName":"search_term_string"}}],"inLanguage":"es"},{"@type":"Organization","@id":"https:\/\/www.cgfmanet.org\/es\/#organization","name":"Istituto Figlie di Maria Ausiliatrice","url":"https:\/\/www.cgfmanet.org\/es\/","logo":{"@type":"ImageObject","inLanguage":"es","@id":"https:\/\/www.cgfmanet.org\/es\/#\/schema\/logo\/image\/","url":"https:\/\/www.cgfmanet.org\/wp-content\/uploads\/2018\/10\/logo-fma.png","contentUrl":"https:\/\/www.cgfmanet.org\/wp-content\/uploads\/2018\/10\/logo-fma.png","width":214,"height":55,"caption":"Istituto Figlie di Maria Ausiliatrice"},"image":{"@id":"https:\/\/www.cgfmanet.org\/es\/#\/schema\/logo\/image\/"},"sameAs":["https:\/\/www.facebook.com\/salesian.sisters.of.don.bosco\/","https:\/\/x.com\/Cgfmanet_Org","https:\/\/www.youtube.com\/channel\/UCmcr8yFQBV7JXeXVxyV9y5Q"]},{"@type":"Person","@id":"https:\/\/www.cgfmanet.org\/es\/#\/schema\/person\/a0ee6558fb72feabd20b995682c980af","name":"kedos"}]}},"_links":{"self":[{"href":"https:\/\/www.cgfmanet.org\/es\/wp-json\/wp\/v2\/posts\/5325","targetHints":{"allow":["GET"]}}],"collection":[{"href":"https:\/\/www.cgfmanet.org\/es\/wp-json\/wp\/v2\/posts"}],"about":[{"href":"https:\/\/www.cgfmanet.org\/es\/wp-json\/wp\/v2\/types\/post"}],"author":[{"embeddable":true,"href":"https:\/\/www.cgfmanet.org\/es\/wp-json\/wp\/v2\/users\/45"}],"replies":[{"embeddable":true,"href":"https:\/\/www.cgfmanet.org\/es\/wp-json\/wp\/v2\/comments?post=5325"}],"version-history":[{"count":0,"href":"https:\/\/www.cgfmanet.org\/es\/wp-json\/wp\/v2\/posts\/5325\/revisions"}],"wp:featuredmedia":[{"embeddable":true,"href":"https:\/\/www.cgfmanet.org\/es\/wp-json\/wp\/v2\/media\/5321"}],"wp:attachment":[{"href":"https:\/\/www.cgfmanet.org\/es\/wp-json\/wp\/v2\/media?parent=5325"}],"wp:term":[{"taxonomy":"category","embeddable":true,"href":"https:\/\/www.cgfmanet.org\/es\/wp-json\/wp\/v2\/categories?post=5325"},{"taxonomy":"post_tag","embeddable":true,"href":"https:\/\/www.cgfmanet.org\/es\/wp-json\/wp\/v2\/tags?post=5325"}],"curies":[{"name":"wp","href":"https:\/\/api.w.org\/{rel}","templated":true}]}}