{"id":50509,"date":"2021-08-26T12:19:04","date_gmt":"2021-08-26T10:19:04","guid":{"rendered":"https:\/\/www.cgfmanet.org\/infoesfera\/nomine-dal-vaticano-a-suor-alessandra-smerilli\/"},"modified":"2021-08-26T17:56:47","modified_gmt":"2021-08-26T15:56:47","slug":"nombramientos-del-vaticano-a-sor-alessandra-smerilli","status":"publish","type":"post","link":"https:\/\/www.cgfmanet.org\/es\/infoesfera\/nombramientos-del-vaticano-a-sor-alessandra-smerilli\/","title":{"rendered":"Nombramientos del Vaticano a sor Alessandra Smerilli"},"content":{"rendered":"<p><strong>Roma (Italia).<\/strong> El Santo Padre ha nombrado a sor Alessandra Smerilli, Hija de Mar\u00eda Auxiliadora, <strong>Secretaria interina del Dicasterio para el Servicio del Desarrollo Humano Integral y Delegada de la Comisi\u00f3n Covid-19 del Vaticano.<\/strong><\/p>\n<p>Sor Alessandra Smerilli naci\u00f3 el 14 de noviembre de 1974 en Vasto (CH), Italia. Consigui\u00f3 el Doctorado en Econom\u00eda Pol\u00edtica en la Facultad de Econom\u00eda de la Universidad <em>La Sapienza<\/em> de Roma y el Doctorado en Econom\u00eda en la\u00a0<em>School of Economics<\/em>\u00a0de la <em>University of<strong>\u00a0<\/strong>East Anglia\u00a0<\/em>de Norwich (Regno Unito). Es Catedr\u00e1tica de Econom\u00eda Pol\u00edtica en la Pontificia Facultad de Ciencias de la Educaci\u00f3n <em>Auxilium <\/em>de Roma.<\/p>\n<p>La Pfra. Smerilli, comprometida en el servicio de la Iglesia y del mundo como Consejera del Estado de la Ciudad del Vaticano y Consultora del S\u00ednodo de los Obispos, desde marzo del 2021 era <a href=\"https:\/\/www.cgfmanet.org\/es\/infoesfera\/nombramiento-del-vaticano-a-sor-alessandra-smerilli\/\" target=\"_blank\" rel=\"noopener\">Subsecretaria<\/a> del mismo Dicasterio y Coordinadora de la <em>Taskforce Economia <\/em><em>de la Comisi\u00f3n Vaticana Covid-19, instituida por el Papa Francisco.<\/em><\/p>\n<p><strong>El Dicasterio para el Servicio del Desarrollo Humano Integral<\/strong> fue instituido por el Papa Francisco el 1\u00ba de enero de 2017 y \u201c<em>promueve el desarrollo humano integral inspir\u00e1ndose en el Evangelio y en la estela de la teolog\u00eda y de la doctrina social de la Iglesia. Estudia y recopila noticias y resultados de investigaciones sobre la justicia y la paz,\u00a0 el progreso de los pueblos, la promoci\u00f3n y la tutela de la dignidad y de los derechos humanos, el desarme y los conflictos armados, as\u00ed como sus tr\u00e1gicas consecuencias sobre la poblaci\u00f3n civil y sobre el ambiente natural. Integrando, poniendo en relaci\u00f3n y haciendo dialogar entre ellos los diversos sistemas sociales \u2013 como la econom\u00eda, las finanzas, el trabajo, la pol\u00edtica, la cultura &#8211; el Dicasterio se esfuerza por dar a conocer y poner en pr\u00e1ctica la ense\u00f1anza social de la Iglesia\u00bb. <\/em>El Prefecto del Dicasterio para el Servicio del Desarrollo Humano Integral es el Cardenal Peter Kodwo Appiah Turkson.<\/p>\n<p>Sor Alessandra Smerilli expresa al Papa Francisco el agradecimiento por el nombramiento:<\/p>\n<p><em>\u201cAgradezco al Santo Padre la exigente tarea que me ha llamado a asumir y pido al Se\u00f1or que me ayude a honrar esta llamada en esp\u00edritu de obediencia a la Iglesia, con la humildad, la pasi\u00f3n, la creatividad y la capacidad de escucha que \u00e9sta requiere. Mi deseo y compromiso es poder servir lo mejor posible a la misi\u00f3n de la Iglesia, por el tiempo que el Papa crea oportuno\u201d.<\/em><\/p>\n<p>El Instituto FMA se congratula con la Pfra. Alessandra Smerilli por este nuevo encargo y le augura que contin\u00fae en su compromiso de promoci\u00f3n integral de la persona y del cuidado de lo creado, promoviendo los principios de la econom\u00eda civil, a beneficio de la Iglesia, del Instituto FMA, de los j\u00f3venes y de las periferias.<\/p>\n","protected":false},"excerpt":{"rendered":"<p>Roma (Italia). El Santo Padre ha nombrado a sor Alessandra Smerilli, Hija de Mar\u00eda Auxiliadora, Secretaria interina del Dicasterio para el Servicio del Desarrollo Humano Integral y Delegada de la [&hellip;]<\/p>\n","protected":false},"author":21,"featured_media":50504,"comment_status":"open","ping_status":"closed","sticky":false,"template":"","format":"standard","meta":{"footnotes":""},"categories":[39,191],"tags":[410,1670,1931,2039,2188],"class_list":["post-50509","post","type-post","status-publish","format-standard","has-post-thumbnail","category-infoesfera","category-iglesia","tag-papa-francisco","tag-carisma-salesiano-es","tag-focus-es","tag-economia-es","tag-fma-es"],"yoast_head":"<!-- This site is optimized with the Yoast SEO plugin v27.4 - https:\/\/yoast.com\/product\/yoast-seo-wordpress\/ -->\n<title>Nombramientos del Vaticano a sor Alessandra Smerilli &#8226; Istituto Figlie di Maria Ausiliatrice<\/title>\n<meta name=\"description\" content=\"El Santo Padre ha nombrado a sor Alessandra Smerilli, FMA, Secretaria interina del Dicasterio para el Servicio del Desarrollo Humano Integral y Delegada de la Comisi\u00f3n Vaticana Covid-19.\" \/>\n<meta name=\"robots\" content=\"index, follow, max-snippet:-1, max-image-preview:large, max-video-preview:-1\" \/>\n<link rel=\"canonical\" href=\"https:\/\/www.cgfmanet.org\/es\/infoesfera\/nombramientos-del-vaticano-a-sor-alessandra-smerilli\/\" \/>\n<meta property=\"og:locale\" content=\"es_ES\" \/>\n<meta property=\"og:type\" content=\"article\" \/>\n<meta property=\"og:title\" content=\"Nombramientos del Vaticano a sor Alessandra Smerilli &#8226; Istituto Figlie di Maria Ausiliatrice\" \/>\n<meta property=\"og:description\" content=\"El Santo Padre ha nombrado a sor Alessandra Smerilli, FMA, Secretaria interina del Dicasterio para el Servicio del Desarrollo Humano Integral y Delegada de la Comisi\u00f3n Vaticana Covid-19.\" \/>\n<meta property=\"og:url\" content=\"https:\/\/www.cgfmanet.org\/es\/infoesfera\/nombramientos-del-vaticano-a-sor-alessandra-smerilli\/\" \/>\n<meta property=\"og:site_name\" content=\"Istituto Figlie di Maria Ausiliatrice\" \/>\n<meta property=\"article:publisher\" content=\"https:\/\/www.facebook.com\/salesian.sisters.of.don.bosco\/\" \/>\n<meta property=\"article:published_time\" content=\"2021-08-26T10:19:04+00:00\" \/>\n<meta property=\"article:modified_time\" content=\"2021-08-26T15:56:47+00:00\" \/>\n<meta property=\"og:image\" content=\"https:\/\/www.cgfmanet.org\/wp-content\/uploads\/2021\/08\/Smerilli_Papa-Francesco.jpg\" \/>\n\t<meta property=\"og:image:width\" content=\"1181\" \/>\n\t<meta property=\"og:image:height\" content=\"787\" \/>\n\t<meta property=\"og:image:type\" content=\"image\/jpeg\" \/>\n<meta name=\"author\" content=\"Redazione\" \/>\n<meta name=\"twitter:card\" content=\"summary_large_image\" \/>\n<meta name=\"twitter:creator\" content=\"@Cgfmanet_Org\" \/>\n<meta name=\"twitter:site\" content=\"@Cgfmanet_Org\" \/>\n<meta name=\"twitter:label1\" content=\"Escrito por\" \/>\n\t<meta name=\"twitter:data1\" content=\"Redazione\" \/>\n\t<meta name=\"twitter:label2\" content=\"Tiempo de lectura\" \/>\n\t<meta name=\"twitter:data2\" content=\"2 minutos\" \/>\n<script type=\"application\/ld+json\" class=\"yoast-schema-graph\">{\"@context\":\"https:\\\/\\\/schema.org\",\"@graph\":[{\"@type\":\"Article\",\"@id\":\"https:\\\/\\\/www.cgfmanet.org\\\/es\\\/infoesfera\\\/nombramientos-del-vaticano-a-sor-alessandra-smerilli\\\/#article\",\"isPartOf\":{\"@id\":\"https:\\\/\\\/www.cgfmanet.org\\\/es\\\/infoesfera\\\/nombramientos-del-vaticano-a-sor-alessandra-smerilli\\\/\"},\"author\":{\"name\":\"Redazione\",\"@id\":\"https:\\\/\\\/www.cgfmanet.org\\\/es\\\/#\\\/schema\\\/person\\\/ce6473083f53ef0ef882cca23f0c8fb9\"},\"headline\":\"Nombramientos del Vaticano a sor Alessandra Smerilli\",\"datePublished\":\"2021-08-26T10:19:04+00:00\",\"dateModified\":\"2021-08-26T15:56:47+00:00\",\"mainEntityOfPage\":{\"@id\":\"https:\\\/\\\/www.cgfmanet.org\\\/es\\\/infoesfera\\\/nombramientos-del-vaticano-a-sor-alessandra-smerilli\\\/\"},\"wordCount\":486,\"commentCount\":1,\"publisher\":{\"@id\":\"https:\\\/\\\/www.cgfmanet.org\\\/es\\\/#organization\"},\"image\":{\"@id\":\"https:\\\/\\\/www.cgfmanet.org\\\/es\\\/infoesfera\\\/nombramientos-del-vaticano-a-sor-alessandra-smerilli\\\/#primaryimage\"},\"thumbnailUrl\":\"https:\\\/\\\/www.cgfmanet.org\\\/wp-content\\\/uploads\\\/2021\\\/08\\\/Smerilli_Papa-Francesco.jpg\",\"keywords\":[\"Papa Francisco\",\"Carisma salesiano\",\"Focus\",\"Econom\u00eda\",\"FMA\"],\"articleSection\":[\"Infoesfera\",\"Iglesia\"],\"inLanguage\":\"es\",\"potentialAction\":[{\"@type\":\"CommentAction\",\"name\":\"Comment\",\"target\":[\"https:\\\/\\\/www.cgfmanet.org\\\/es\\\/infoesfera\\\/nombramientos-del-vaticano-a-sor-alessandra-smerilli\\\/#respond\"]}]},{\"@type\":\"WebPage\",\"@id\":\"https:\\\/\\\/www.cgfmanet.org\\\/es\\\/infoesfera\\\/nombramientos-del-vaticano-a-sor-alessandra-smerilli\\\/\",\"url\":\"https:\\\/\\\/www.cgfmanet.org\\\/es\\\/infoesfera\\\/nombramientos-del-vaticano-a-sor-alessandra-smerilli\\\/\",\"name\":\"Nombramientos del Vaticano a sor Alessandra Smerilli &#8226; Istituto Figlie di Maria Ausiliatrice\",\"isPartOf\":{\"@id\":\"https:\\\/\\\/www.cgfmanet.org\\\/es\\\/#website\"},\"primaryImageOfPage\":{\"@id\":\"https:\\\/\\\/www.cgfmanet.org\\\/es\\\/infoesfera\\\/nombramientos-del-vaticano-a-sor-alessandra-smerilli\\\/#primaryimage\"},\"image\":{\"@id\":\"https:\\\/\\\/www.cgfmanet.org\\\/es\\\/infoesfera\\\/nombramientos-del-vaticano-a-sor-alessandra-smerilli\\\/#primaryimage\"},\"thumbnailUrl\":\"https:\\\/\\\/www.cgfmanet.org\\\/wp-content\\\/uploads\\\/2021\\\/08\\\/Smerilli_Papa-Francesco.jpg\",\"datePublished\":\"2021-08-26T10:19:04+00:00\",\"dateModified\":\"2021-08-26T15:56:47+00:00\",\"description\":\"El Santo Padre ha nombrado a sor Alessandra Smerilli, FMA, Secretaria interina del Dicasterio para el Servicio del Desarrollo Humano Integral y Delegada de la Comisi\u00f3n Vaticana Covid-19.\",\"breadcrumb\":{\"@id\":\"https:\\\/\\\/www.cgfmanet.org\\\/es\\\/infoesfera\\\/nombramientos-del-vaticano-a-sor-alessandra-smerilli\\\/#breadcrumb\"},\"inLanguage\":\"es\",\"potentialAction\":[{\"@type\":\"ReadAction\",\"target\":[\"https:\\\/\\\/www.cgfmanet.org\\\/es\\\/infoesfera\\\/nombramientos-del-vaticano-a-sor-alessandra-smerilli\\\/\"]}]},{\"@type\":\"ImageObject\",\"inLanguage\":\"es\",\"@id\":\"https:\\\/\\\/www.cgfmanet.org\\\/es\\\/infoesfera\\\/nombramientos-del-vaticano-a-sor-alessandra-smerilli\\\/#primaryimage\",\"url\":\"https:\\\/\\\/www.cgfmanet.org\\\/wp-content\\\/uploads\\\/2021\\\/08\\\/Smerilli_Papa-Francesco.jpg\",\"contentUrl\":\"https:\\\/\\\/www.cgfmanet.org\\\/wp-content\\\/uploads\\\/2021\\\/08\\\/Smerilli_Papa-Francesco.jpg\",\"width\":1181,\"height\":787},{\"@type\":\"BreadcrumbList\",\"@id\":\"https:\\\/\\\/www.cgfmanet.org\\\/es\\\/infoesfera\\\/nombramientos-del-vaticano-a-sor-alessandra-smerilli\\\/#breadcrumb\",\"itemListElement\":[{\"@type\":\"ListItem\",\"position\":1,\"name\":\"Home\",\"item\":\"https:\\\/\\\/www.cgfmanet.org\\\/es\\\/\"},{\"@type\":\"ListItem\",\"position\":2,\"name\":\"Nombramientos del Vaticano a sor Alessandra Smerilli\"}]},{\"@type\":\"WebSite\",\"@id\":\"https:\\\/\\\/www.cgfmanet.org\\\/es\\\/#website\",\"url\":\"https:\\\/\\\/www.cgfmanet.org\\\/es\\\/\",\"name\":\"Istituto Figlie di Maria Ausiliatrice\",\"description\":\"Salesiane di Don Bosco\",\"publisher\":{\"@id\":\"https:\\\/\\\/www.cgfmanet.org\\\/es\\\/#organization\"},\"potentialAction\":[{\"@type\":\"SearchAction\",\"target\":{\"@type\":\"EntryPoint\",\"urlTemplate\":\"https:\\\/\\\/www.cgfmanet.org\\\/es\\\/?s={search_term_string}\"},\"query-input\":{\"@type\":\"PropertyValueSpecification\",\"valueRequired\":true,\"valueName\":\"search_term_string\"}}],\"inLanguage\":\"es\"},{\"@type\":\"Organization\",\"@id\":\"https:\\\/\\\/www.cgfmanet.org\\\/es\\\/#organization\",\"name\":\"Istituto Figlie di Maria Ausiliatrice\",\"url\":\"https:\\\/\\\/www.cgfmanet.org\\\/es\\\/\",\"logo\":{\"@type\":\"ImageObject\",\"inLanguage\":\"es\",\"@id\":\"https:\\\/\\\/www.cgfmanet.org\\\/es\\\/#\\\/schema\\\/logo\\\/image\\\/\",\"url\":\"https:\\\/\\\/www.cgfmanet.org\\\/wp-content\\\/uploads\\\/2018\\\/10\\\/logo-fma.png\",\"contentUrl\":\"https:\\\/\\\/www.cgfmanet.org\\\/wp-content\\\/uploads\\\/2018\\\/10\\\/logo-fma.png\",\"width\":214,\"height\":55,\"caption\":\"Istituto Figlie di Maria Ausiliatrice\"},\"image\":{\"@id\":\"https:\\\/\\\/www.cgfmanet.org\\\/es\\\/#\\\/schema\\\/logo\\\/image\\\/\"},\"sameAs\":[\"https:\\\/\\\/www.facebook.com\\\/salesian.sisters.of.don.bosco\\\/\",\"https:\\\/\\\/x.com\\\/Cgfmanet_Org\",\"https:\\\/\\\/www.youtube.com\\\/channel\\\/UCmcr8yFQBV7JXeXVxyV9y5Q\"]},{\"@type\":\"Person\",\"@id\":\"https:\\\/\\\/www.cgfmanet.org\\\/es\\\/#\\\/schema\\\/person\\\/ce6473083f53ef0ef882cca23f0c8fb9\",\"name\":\"Redazione\"}]}<\/script>\n<!-- \/ Yoast SEO plugin. -->","yoast_head_json":{"title":"Nombramientos del Vaticano a sor Alessandra Smerilli &#8226; Istituto Figlie di Maria Ausiliatrice","description":"El Santo Padre ha nombrado a sor Alessandra Smerilli, FMA, Secretaria interina del Dicasterio para el Servicio del Desarrollo Humano Integral y Delegada de la Comisi\u00f3n Vaticana Covid-19.","robots":{"index":"index","follow":"follow","max-snippet":"max-snippet:-1","max-image-preview":"max-image-preview:large","max-video-preview":"max-video-preview:-1"},"canonical":"https:\/\/www.cgfmanet.org\/es\/infoesfera\/nombramientos-del-vaticano-a-sor-alessandra-smerilli\/","og_locale":"es_ES","og_type":"article","og_title":"Nombramientos del Vaticano a sor Alessandra Smerilli &#8226; Istituto Figlie di Maria Ausiliatrice","og_description":"El Santo Padre ha nombrado a sor Alessandra Smerilli, FMA, Secretaria interina del Dicasterio para el Servicio del Desarrollo Humano Integral y Delegada de la Comisi\u00f3n Vaticana Covid-19.","og_url":"https:\/\/www.cgfmanet.org\/es\/infoesfera\/nombramientos-del-vaticano-a-sor-alessandra-smerilli\/","og_site_name":"Istituto Figlie di Maria Ausiliatrice","article_publisher":"https:\/\/www.facebook.com\/salesian.sisters.of.don.bosco\/","article_published_time":"2021-08-26T10:19:04+00:00","article_modified_time":"2021-08-26T15:56:47+00:00","og_image":[{"width":1181,"height":787,"url":"https:\/\/www.cgfmanet.org\/wp-content\/uploads\/2021\/08\/Smerilli_Papa-Francesco.jpg","type":"image\/jpeg"}],"author":"Redazione","twitter_card":"summary_large_image","twitter_creator":"@Cgfmanet_Org","twitter_site":"@Cgfmanet_Org","twitter_misc":{"Escrito por":"Redazione","Tiempo de lectura":"2 minutos"},"schema":{"@context":"https:\/\/schema.org","@graph":[{"@type":"Article","@id":"https:\/\/www.cgfmanet.org\/es\/infoesfera\/nombramientos-del-vaticano-a-sor-alessandra-smerilli\/#article","isPartOf":{"@id":"https:\/\/www.cgfmanet.org\/es\/infoesfera\/nombramientos-del-vaticano-a-sor-alessandra-smerilli\/"},"author":{"name":"Redazione","@id":"https:\/\/www.cgfmanet.org\/es\/#\/schema\/person\/ce6473083f53ef0ef882cca23f0c8fb9"},"headline":"Nombramientos del Vaticano a sor Alessandra Smerilli","datePublished":"2021-08-26T10:19:04+00:00","dateModified":"2021-08-26T15:56:47+00:00","mainEntityOfPage":{"@id":"https:\/\/www.cgfmanet.org\/es\/infoesfera\/nombramientos-del-vaticano-a-sor-alessandra-smerilli\/"},"wordCount":486,"commentCount":1,"publisher":{"@id":"https:\/\/www.cgfmanet.org\/es\/#organization"},"image":{"@id":"https:\/\/www.cgfmanet.org\/es\/infoesfera\/nombramientos-del-vaticano-a-sor-alessandra-smerilli\/#primaryimage"},"thumbnailUrl":"https:\/\/www.cgfmanet.org\/wp-content\/uploads\/2021\/08\/Smerilli_Papa-Francesco.jpg","keywords":["Papa Francisco","Carisma salesiano","Focus","Econom\u00eda","FMA"],"articleSection":["Infoesfera","Iglesia"],"inLanguage":"es","potentialAction":[{"@type":"CommentAction","name":"Comment","target":["https:\/\/www.cgfmanet.org\/es\/infoesfera\/nombramientos-del-vaticano-a-sor-alessandra-smerilli\/#respond"]}]},{"@type":"WebPage","@id":"https:\/\/www.cgfmanet.org\/es\/infoesfera\/nombramientos-del-vaticano-a-sor-alessandra-smerilli\/","url":"https:\/\/www.cgfmanet.org\/es\/infoesfera\/nombramientos-del-vaticano-a-sor-alessandra-smerilli\/","name":"Nombramientos del Vaticano a sor Alessandra Smerilli &#8226; Istituto Figlie di Maria Ausiliatrice","isPartOf":{"@id":"https:\/\/www.cgfmanet.org\/es\/#website"},"primaryImageOfPage":{"@id":"https:\/\/www.cgfmanet.org\/es\/infoesfera\/nombramientos-del-vaticano-a-sor-alessandra-smerilli\/#primaryimage"},"image":{"@id":"https:\/\/www.cgfmanet.org\/es\/infoesfera\/nombramientos-del-vaticano-a-sor-alessandra-smerilli\/#primaryimage"},"thumbnailUrl":"https:\/\/www.cgfmanet.org\/wp-content\/uploads\/2021\/08\/Smerilli_Papa-Francesco.jpg","datePublished":"2021-08-26T10:19:04+00:00","dateModified":"2021-08-26T15:56:47+00:00","description":"El Santo Padre ha nombrado a sor Alessandra Smerilli, FMA, Secretaria interina del Dicasterio para el Servicio del Desarrollo Humano Integral y Delegada de la Comisi\u00f3n Vaticana Covid-19.","breadcrumb":{"@id":"https:\/\/www.cgfmanet.org\/es\/infoesfera\/nombramientos-del-vaticano-a-sor-alessandra-smerilli\/#breadcrumb"},"inLanguage":"es","potentialAction":[{"@type":"ReadAction","target":["https:\/\/www.cgfmanet.org\/es\/infoesfera\/nombramientos-del-vaticano-a-sor-alessandra-smerilli\/"]}]},{"@type":"ImageObject","inLanguage":"es","@id":"https:\/\/www.cgfmanet.org\/es\/infoesfera\/nombramientos-del-vaticano-a-sor-alessandra-smerilli\/#primaryimage","url":"https:\/\/www.cgfmanet.org\/wp-content\/uploads\/2021\/08\/Smerilli_Papa-Francesco.jpg","contentUrl":"https:\/\/www.cgfmanet.org\/wp-content\/uploads\/2021\/08\/Smerilli_Papa-Francesco.jpg","width":1181,"height":787},{"@type":"BreadcrumbList","@id":"https:\/\/www.cgfmanet.org\/es\/infoesfera\/nombramientos-del-vaticano-a-sor-alessandra-smerilli\/#breadcrumb","itemListElement":[{"@type":"ListItem","position":1,"name":"Home","item":"https:\/\/www.cgfmanet.org\/es\/"},{"@type":"ListItem","position":2,"name":"Nombramientos del Vaticano a sor Alessandra Smerilli"}]},{"@type":"WebSite","@id":"https:\/\/www.cgfmanet.org\/es\/#website","url":"https:\/\/www.cgfmanet.org\/es\/","name":"Istituto Figlie di Maria Ausiliatrice","description":"Salesiane di Don Bosco","publisher":{"@id":"https:\/\/www.cgfmanet.org\/es\/#organization"},"potentialAction":[{"@type":"SearchAction","target":{"@type":"EntryPoint","urlTemplate":"https:\/\/www.cgfmanet.org\/es\/?s={search_term_string}"},"query-input":{"@type":"PropertyValueSpecification","valueRequired":true,"valueName":"search_term_string"}}],"inLanguage":"es"},{"@type":"Organization","@id":"https:\/\/www.cgfmanet.org\/es\/#organization","name":"Istituto Figlie di Maria Ausiliatrice","url":"https:\/\/www.cgfmanet.org\/es\/","logo":{"@type":"ImageObject","inLanguage":"es","@id":"https:\/\/www.cgfmanet.org\/es\/#\/schema\/logo\/image\/","url":"https:\/\/www.cgfmanet.org\/wp-content\/uploads\/2018\/10\/logo-fma.png","contentUrl":"https:\/\/www.cgfmanet.org\/wp-content\/uploads\/2018\/10\/logo-fma.png","width":214,"height":55,"caption":"Istituto Figlie di Maria Ausiliatrice"},"image":{"@id":"https:\/\/www.cgfmanet.org\/es\/#\/schema\/logo\/image\/"},"sameAs":["https:\/\/www.facebook.com\/salesian.sisters.of.don.bosco\/","https:\/\/x.com\/Cgfmanet_Org","https:\/\/www.youtube.com\/channel\/UCmcr8yFQBV7JXeXVxyV9y5Q"]},{"@type":"Person","@id":"https:\/\/www.cgfmanet.org\/es\/#\/schema\/person\/ce6473083f53ef0ef882cca23f0c8fb9","name":"Redazione"}]}},"_links":{"self":[{"href":"https:\/\/www.cgfmanet.org\/es\/wp-json\/wp\/v2\/posts\/50509","targetHints":{"allow":["GET"]}}],"collection":[{"href":"https:\/\/www.cgfmanet.org\/es\/wp-json\/wp\/v2\/posts"}],"about":[{"href":"https:\/\/www.cgfmanet.org\/es\/wp-json\/wp\/v2\/types\/post"}],"author":[{"embeddable":true,"href":"https:\/\/www.cgfmanet.org\/es\/wp-json\/wp\/v2\/users\/21"}],"replies":[{"embeddable":true,"href":"https:\/\/www.cgfmanet.org\/es\/wp-json\/wp\/v2\/comments?post=50509"}],"version-history":[{"count":0,"href":"https:\/\/www.cgfmanet.org\/es\/wp-json\/wp\/v2\/posts\/50509\/revisions"}],"wp:featuredmedia":[{"embeddable":true,"href":"https:\/\/www.cgfmanet.org\/es\/wp-json\/wp\/v2\/media\/50504"}],"wp:attachment":[{"href":"https:\/\/www.cgfmanet.org\/es\/wp-json\/wp\/v2\/media?parent=50509"}],"wp:term":[{"taxonomy":"category","embeddable":true,"href":"https:\/\/www.cgfmanet.org\/es\/wp-json\/wp\/v2\/categories?post=50509"},{"taxonomy":"post_tag","embeddable":true,"href":"https:\/\/www.cgfmanet.org\/es\/wp-json\/wp\/v2\/tags?post=50509"}],"curies":[{"name":"wp","href":"https:\/\/api.w.org\/{rel}","templated":true}]}}