{"id":48248,"date":"2021-07-04T18:29:32","date_gmt":"2021-07-04T16:29:32","guid":{"rendered":"https:\/\/www.cgfmanet.org\/infoesfera\/verso-il-10-incontro-mondiale-delle-famiglie\/"},"modified":"2021-07-05T15:18:05","modified_gmt":"2021-07-05T13:18:05","slug":"hacia-el-10-encuentro-mundial-de-las-familias","status":"publish","type":"post","link":"https:\/\/www.cgfmanet.org\/es\/infoesfera\/hacia-el-10-encuentro-mundial-de-las-familias\/","title":{"rendered":"Hacia el 10\u00b0 Encuentro Mundial de las Familias"},"content":{"rendered":"<p><strong>Roma (Italia).<\/strong> El 2 de julio de 2021 el Papa Francesco present\u00f3, con un video\u00admensaje, el 10\u00ba Encuentro Mundial de las Familias, que se tendr\u00e1 en Roma del 22 al 26 de junio de 2022 sobre el tema <strong><em>\u201cEl amor familiar: vocaci\u00f3n y camino de santidad\u201d.<\/em><\/strong><\/p>\n<p><em>En el <\/em><a href=\"https:\/\/www.youtube.com\/watch?v=jG1co8hGlmI&amp;t=1s\" target=\"_blank\" rel=\"noopener\"><strong>videomensaje<\/strong><\/a>, el Papa dice: \u201c<em>Despu\u00e9s del aplazamiento de un a\u00f1o, debido a la pandemia, el deseo de volver a vernos es grande<\/em>\u201d. El evento ha sido pospuesto\u00a0\u00a0 un a\u00f1o a causa de la pandemia y tendr\u00e1 una <strong><em>f\u00f3rmula in\u00e9dita<\/em><\/strong> que permitir\u00e1 una mayor implicaci\u00f3n de las familias en la comunidad eclesial<em>: \u201cEl encuentro asumir\u00e1 una forma multic\u00e9ntrica y extendida, favoreciendo la implicaci\u00f3n de las comunidades diocesanas de todo el mundo. Roma ser\u00e1 la sede principal, con algunos delegados de la pastoral familiar que participar\u00e1n en el Festival de las Familias, en el Congreso Pastoral y en la Santa Misa, que ser\u00e1n transmitidos en todo el mundo\u201d. <\/em><\/p>\n<p>El Papa Francisco invita a cada Di\u00f3cesis a ser <em>centro de un Encuentro local<\/em> para las propias familias, a programar iniciativas partiendo del tema, utilizando los s\u00edmbolos oficiales que la Di\u00f3cesis de Roma est\u00e1 preparando: <em>\u201cOs pido que est\u00e9is vivos, activos, creativos, para organizaros con las familias, en sinton\u00eda con cuanto se llevar\u00e1 a cabo en Roma\u201d.<\/em><\/p>\n<p>El 10\u00ba Encuentro Mundial de las Familias est\u00e1 organizado\u00a0 por el Dicasterio para los Laicos, la Familia y la Vida y por la Di\u00f3cesis de Roma, en el sexto aniversario de la Exhortaci\u00f3n Apost\u00f3lica <em>Amoris Laetitia<\/em> y a cuatro a\u00f1os de la promulgaci\u00f3n de la <em>Gaudete et exultate<\/em>, para hacer resaltar el amor familiar como vocaci\u00f3n y camino de santidad. El evento constituye el culmen del anno <strong>\u201c<\/strong><em><strong>Famiglia Amoris Laetitia\u201d<\/strong><\/em> que, a trav\u00e9s de iniciativas y momentos formativos, invita a redescubrir el valor educativo del n\u00facleo familiar.<\/p>\n<p><em>El Cardenal Kevin Farrell, Prefecto del Dicasterio para los Laicos, la Familia y la Vida, evidencia la importancia de implicar a las familias: \u201cEn el curso de los a\u00f1os esta importante cita eclesial ha visto una participaci\u00f3n de familias siempre creciente. Los millares de personas que han participado en las ediciones m\u00e1s recientes, con la riqueza de sus lenguas, culturas y experiencias, han sido signo elocuente de la belleza de la familia para la Iglesia y para la humanidad entera. Es preciso proseguir en este camino, buscando implicar a un mayor n\u00famero de familias en esta bell\u00edsima iniciativa\u201d.<\/em><\/p>\n<p><em>El Cardenal Vicario Angelo De Donatis subraya que el evento es una ocasi\u00f3n pastoral para caminar en sinodalidad, poniendo a la familia en el centro: \u201cSe trata de aprovechar una oportunidad preciosa y \u00fanica para volver a comenzar con renovado impulso misionero y creatividad la pastoral familiar, a partir de las indicaciones\u00a0 dadas por el Santo Padre en la exhortaci\u00f3n Amoris Laetitia, o sea, con la implicaci\u00f3n de c\u00f3nyuges, familias y pastores juntos\u201d.<\/em><\/p>\n<p>Con una nota conjunta del Dicasterio para los Laicos, la Familia y la Vida y del Vicariato de Roma, ha sido presentado tambi\u00e9n el <a href=\"https:\/\/www.youtube.com\/watch?v=tMyz5b_Cbo4\" target=\"_blank\" rel=\"noopener\"><strong>logo<\/strong><\/a>, visible en el Canal Youtube de la Di\u00f3cesis de Roma.<\/p>\n<p><span style=\"color: #000080;\"><strong>El logo del 10\u00b0 Encuentro Mundial de las Familias <\/strong><\/span><\/p>\n<p>Recoge la <strong>forma el\u00edptica de la columnata de Bernini de la plaza de San Pedro<\/strong>, lugar que identifica la Iglesia cat\u00f3lica, en el significado original del abrazo acogedor e inclusivo de la Iglesia Madre de Roma y de su Obispo a los hombres y a las mujeres de todos los tiempos.<\/p>\n<p><strong>Las figuras humanas <\/strong>que se encuentran bajo la c\u00fapula, reci\u00e9n mencionada, representan a marido, mujer, hijos, abuelos y nietos. Quieren recordar la imagen de la Iglesia como una \u00abfamilia de familias\u00bb propuesta por la <em>Amoris Laetitia<\/em> en la que <em>\u201cEl amor vivido en las familias es una fuerza permanente para la vida de la Iglesia\u201d <\/em>(Al 88).<\/p>\n<p><strong>La cruz de Cristo<\/strong> emerge hacia el cielo y las paredes parecen casi sostenidas por las familias, piedras vivas de la construcci\u00f3n eclesial. En el lado izquierdo, en la l\u00ednea de la columnata, la presencia de una familia, en la posici\u00f3n de las estatuas de los Santos puestas sobre las columnas de la plaza, recuerda que la vocaci\u00f3n a la santidad es una meta posible para todos y que se puede vivir la santidad en la vida ordinaria. Indica tambi\u00e9n a todas las familias no cat\u00f3licas, alejadas de la fe y fuera de la Iglesia, que miran desde el exterior el evento eclesial que se est\u00e1 realizando.<\/p>\n<p>Las figuras de la derecha, en movimiento hacia el exterior, son <strong>familias salientes,<\/strong> testimonios de una Iglesia abierta, no autorreferencial. Van a la b\u00fasqueda de otras familias para compartir la experiencia de la misericordia de Dios.<\/p>\n<p>Los colores predominantes, <strong>amarillo y rojo<\/strong>, son una referencia a los colores simb\u00f3licos de la ciudad de Roma, un rasgo gr\u00e1fico que quiere expresar el v\u00ednculo con la comunidad.<\/p>\n<p><strong>Fuente:<\/strong> <a href=\"http:\/\/www.laityfamilylife.va\" target=\"_blank\" rel=\"noopener\">http:\/\/www.laityfamilylife.va<\/a><\/p>\n","protected":false},"excerpt":{"rendered":"<p>El 2 de julio de 2021 el Papa Francisco, con un video-mensaje, present\u00f3 el 10\u00ba Encuentro Mundial de las Familias, que se tendr\u00e1 en Roma del 22 al 26 de junio de 2022.<\/p>\n","protected":false},"author":21,"featured_media":48243,"comment_status":"open","ping_status":"closed","sticky":false,"template":"","format":"standard","meta":{"footnotes":""},"categories":[39,191],"tags":[410,1931,2304],"class_list":["post-48248","post","type-post","status-publish","format-standard","has-post-thumbnail","category-infoesfera","category-iglesia","tag-papa-francisco","tag-focus-es","tag-famiglia-es"],"yoast_head":"<!-- This site is optimized with the Yoast SEO plugin v27.4 - https:\/\/yoast.com\/product\/yoast-seo-wordpress\/ -->\n<title>Hacia el 10\u00b0 Encuentro Mundial de las Familias &#8226; Istituto Figlie di Maria Ausiliatrice<\/title>\n<meta name=\"description\" content=\"El 2 de julio de 2021 el Papa Francisco, con un video-mensaje, present\u00f3 el 10\u00ba Encuentro Mundial de las Familias, que se tendr\u00e1 en Roma del 22 al 26 de junio de 2022.\" \/>\n<meta name=\"robots\" content=\"index, follow, max-snippet:-1, max-image-preview:large, max-video-preview:-1\" \/>\n<link rel=\"canonical\" href=\"https:\/\/www.cgfmanet.org\/es\/infoesfera\/hacia-el-10-encuentro-mundial-de-las-familias\/\" \/>\n<meta property=\"og:locale\" content=\"es_ES\" \/>\n<meta property=\"og:type\" content=\"article\" \/>\n<meta property=\"og:title\" content=\"Hacia el 10\u00b0 Encuentro Mundial de las Familias &#8226; Istituto Figlie di Maria Ausiliatrice\" \/>\n<meta property=\"og:description\" content=\"El 2 de julio de 2021 el Papa Francisco, con un video-mensaje, present\u00f3 el 10\u00ba Encuentro Mundial de las Familias, que se tendr\u00e1 en Roma del 22 al 26 de junio de 2022.\" \/>\n<meta property=\"og:url\" content=\"https:\/\/www.cgfmanet.org\/es\/infoesfera\/hacia-el-10-encuentro-mundial-de-las-familias\/\" \/>\n<meta property=\"og:site_name\" content=\"Istituto Figlie di Maria Ausiliatrice\" \/>\n<meta property=\"article:publisher\" content=\"https:\/\/www.facebook.com\/salesian.sisters.of.don.bosco\/\" \/>\n<meta property=\"article:published_time\" content=\"2021-07-04T16:29:32+00:00\" \/>\n<meta property=\"article:modified_time\" content=\"2021-07-05T13:18:05+00:00\" \/>\n<meta property=\"og:image\" content=\"https:\/\/www.cgfmanet.org\/wp-content\/uploads\/2021\/07\/Incontro-mondiale-famiglie.jpg\" \/>\n\t<meta property=\"og:image:width\" content=\"1200\" \/>\n\t<meta property=\"og:image:height\" content=\"800\" \/>\n\t<meta property=\"og:image:type\" content=\"image\/jpeg\" \/>\n<meta name=\"author\" content=\"Redazione\" \/>\n<meta name=\"twitter:card\" content=\"summary_large_image\" \/>\n<meta name=\"twitter:creator\" content=\"@Cgfmanet_Org\" \/>\n<meta name=\"twitter:site\" content=\"@Cgfmanet_Org\" \/>\n<meta name=\"twitter:label1\" content=\"Escrito por\" \/>\n\t<meta name=\"twitter:data1\" content=\"Redazione\" \/>\n\t<meta name=\"twitter:label2\" content=\"Tiempo de lectura\" \/>\n\t<meta name=\"twitter:data2\" content=\"4 minutos\" \/>\n<script type=\"application\/ld+json\" class=\"yoast-schema-graph\">{\"@context\":\"https:\\\/\\\/schema.org\",\"@graph\":[{\"@type\":\"Article\",\"@id\":\"https:\\\/\\\/www.cgfmanet.org\\\/es\\\/infoesfera\\\/hacia-el-10-encuentro-mundial-de-las-familias\\\/#article\",\"isPartOf\":{\"@id\":\"https:\\\/\\\/www.cgfmanet.org\\\/es\\\/infoesfera\\\/hacia-el-10-encuentro-mundial-de-las-familias\\\/\"},\"author\":{\"name\":\"Redazione\",\"@id\":\"https:\\\/\\\/www.cgfmanet.org\\\/es\\\/#\\\/schema\\\/person\\\/ce6473083f53ef0ef882cca23f0c8fb9\"},\"headline\":\"Hacia el 10\u00b0 Encuentro Mundial de las Familias\",\"datePublished\":\"2021-07-04T16:29:32+00:00\",\"dateModified\":\"2021-07-05T13:18:05+00:00\",\"mainEntityOfPage\":{\"@id\":\"https:\\\/\\\/www.cgfmanet.org\\\/es\\\/infoesfera\\\/hacia-el-10-encuentro-mundial-de-las-familias\\\/\"},\"wordCount\":846,\"commentCount\":0,\"publisher\":{\"@id\":\"https:\\\/\\\/www.cgfmanet.org\\\/es\\\/#organization\"},\"image\":{\"@id\":\"https:\\\/\\\/www.cgfmanet.org\\\/es\\\/infoesfera\\\/hacia-el-10-encuentro-mundial-de-las-familias\\\/#primaryimage\"},\"thumbnailUrl\":\"https:\\\/\\\/www.cgfmanet.org\\\/wp-content\\\/uploads\\\/2021\\\/07\\\/Incontro-mondiale-famiglie.jpg\",\"keywords\":[\"Papa Francisco\",\"Focus\",\"Famiglia\"],\"articleSection\":[\"Infoesfera\",\"Iglesia\"],\"inLanguage\":\"es\",\"potentialAction\":[{\"@type\":\"CommentAction\",\"name\":\"Comment\",\"target\":[\"https:\\\/\\\/www.cgfmanet.org\\\/es\\\/infoesfera\\\/hacia-el-10-encuentro-mundial-de-las-familias\\\/#respond\"]}]},{\"@type\":\"WebPage\",\"@id\":\"https:\\\/\\\/www.cgfmanet.org\\\/es\\\/infoesfera\\\/hacia-el-10-encuentro-mundial-de-las-familias\\\/\",\"url\":\"https:\\\/\\\/www.cgfmanet.org\\\/es\\\/infoesfera\\\/hacia-el-10-encuentro-mundial-de-las-familias\\\/\",\"name\":\"Hacia el 10\u00b0 Encuentro Mundial de las Familias &#8226; Istituto Figlie di Maria Ausiliatrice\",\"isPartOf\":{\"@id\":\"https:\\\/\\\/www.cgfmanet.org\\\/es\\\/#website\"},\"primaryImageOfPage\":{\"@id\":\"https:\\\/\\\/www.cgfmanet.org\\\/es\\\/infoesfera\\\/hacia-el-10-encuentro-mundial-de-las-familias\\\/#primaryimage\"},\"image\":{\"@id\":\"https:\\\/\\\/www.cgfmanet.org\\\/es\\\/infoesfera\\\/hacia-el-10-encuentro-mundial-de-las-familias\\\/#primaryimage\"},\"thumbnailUrl\":\"https:\\\/\\\/www.cgfmanet.org\\\/wp-content\\\/uploads\\\/2021\\\/07\\\/Incontro-mondiale-famiglie.jpg\",\"datePublished\":\"2021-07-04T16:29:32+00:00\",\"dateModified\":\"2021-07-05T13:18:05+00:00\",\"description\":\"El 2 de julio de 2021 el Papa Francisco, con un video-mensaje, present\u00f3 el 10\u00ba Encuentro Mundial de las Familias, que se tendr\u00e1 en Roma del 22 al 26 de junio de 2022.\",\"breadcrumb\":{\"@id\":\"https:\\\/\\\/www.cgfmanet.org\\\/es\\\/infoesfera\\\/hacia-el-10-encuentro-mundial-de-las-familias\\\/#breadcrumb\"},\"inLanguage\":\"es\",\"potentialAction\":[{\"@type\":\"ReadAction\",\"target\":[\"https:\\\/\\\/www.cgfmanet.org\\\/es\\\/infoesfera\\\/hacia-el-10-encuentro-mundial-de-las-familias\\\/\"]}]},{\"@type\":\"ImageObject\",\"inLanguage\":\"es\",\"@id\":\"https:\\\/\\\/www.cgfmanet.org\\\/es\\\/infoesfera\\\/hacia-el-10-encuentro-mundial-de-las-familias\\\/#primaryimage\",\"url\":\"https:\\\/\\\/www.cgfmanet.org\\\/wp-content\\\/uploads\\\/2021\\\/07\\\/Incontro-mondiale-famiglie.jpg\",\"contentUrl\":\"https:\\\/\\\/www.cgfmanet.org\\\/wp-content\\\/uploads\\\/2021\\\/07\\\/Incontro-mondiale-famiglie.jpg\",\"width\":1200,\"height\":800},{\"@type\":\"BreadcrumbList\",\"@id\":\"https:\\\/\\\/www.cgfmanet.org\\\/es\\\/infoesfera\\\/hacia-el-10-encuentro-mundial-de-las-familias\\\/#breadcrumb\",\"itemListElement\":[{\"@type\":\"ListItem\",\"position\":1,\"name\":\"Home\",\"item\":\"https:\\\/\\\/www.cgfmanet.org\\\/es\\\/\"},{\"@type\":\"ListItem\",\"position\":2,\"name\":\"Hacia el 10\u00b0 Encuentro Mundial de las Familias\"}]},{\"@type\":\"WebSite\",\"@id\":\"https:\\\/\\\/www.cgfmanet.org\\\/es\\\/#website\",\"url\":\"https:\\\/\\\/www.cgfmanet.org\\\/es\\\/\",\"name\":\"Istituto Figlie di Maria Ausiliatrice\",\"description\":\"Salesiane di Don Bosco\",\"publisher\":{\"@id\":\"https:\\\/\\\/www.cgfmanet.org\\\/es\\\/#organization\"},\"potentialAction\":[{\"@type\":\"SearchAction\",\"target\":{\"@type\":\"EntryPoint\",\"urlTemplate\":\"https:\\\/\\\/www.cgfmanet.org\\\/es\\\/?s={search_term_string}\"},\"query-input\":{\"@type\":\"PropertyValueSpecification\",\"valueRequired\":true,\"valueName\":\"search_term_string\"}}],\"inLanguage\":\"es\"},{\"@type\":\"Organization\",\"@id\":\"https:\\\/\\\/www.cgfmanet.org\\\/es\\\/#organization\",\"name\":\"Istituto Figlie di Maria Ausiliatrice\",\"url\":\"https:\\\/\\\/www.cgfmanet.org\\\/es\\\/\",\"logo\":{\"@type\":\"ImageObject\",\"inLanguage\":\"es\",\"@id\":\"https:\\\/\\\/www.cgfmanet.org\\\/es\\\/#\\\/schema\\\/logo\\\/image\\\/\",\"url\":\"https:\\\/\\\/www.cgfmanet.org\\\/wp-content\\\/uploads\\\/2018\\\/10\\\/logo-fma.png\",\"contentUrl\":\"https:\\\/\\\/www.cgfmanet.org\\\/wp-content\\\/uploads\\\/2018\\\/10\\\/logo-fma.png\",\"width\":214,\"height\":55,\"caption\":\"Istituto Figlie di Maria Ausiliatrice\"},\"image\":{\"@id\":\"https:\\\/\\\/www.cgfmanet.org\\\/es\\\/#\\\/schema\\\/logo\\\/image\\\/\"},\"sameAs\":[\"https:\\\/\\\/www.facebook.com\\\/salesian.sisters.of.don.bosco\\\/\",\"https:\\\/\\\/x.com\\\/Cgfmanet_Org\",\"https:\\\/\\\/www.youtube.com\\\/channel\\\/UCmcr8yFQBV7JXeXVxyV9y5Q\"]},{\"@type\":\"Person\",\"@id\":\"https:\\\/\\\/www.cgfmanet.org\\\/es\\\/#\\\/schema\\\/person\\\/ce6473083f53ef0ef882cca23f0c8fb9\",\"name\":\"Redazione\"}]}<\/script>\n<!-- \/ Yoast SEO plugin. -->","yoast_head_json":{"title":"Hacia el 10\u00b0 Encuentro Mundial de las Familias &#8226; Istituto Figlie di Maria Ausiliatrice","description":"El 2 de julio de 2021 el Papa Francisco, con un video-mensaje, present\u00f3 el 10\u00ba Encuentro Mundial de las Familias, que se tendr\u00e1 en Roma del 22 al 26 de junio de 2022.","robots":{"index":"index","follow":"follow","max-snippet":"max-snippet:-1","max-image-preview":"max-image-preview:large","max-video-preview":"max-video-preview:-1"},"canonical":"https:\/\/www.cgfmanet.org\/es\/infoesfera\/hacia-el-10-encuentro-mundial-de-las-familias\/","og_locale":"es_ES","og_type":"article","og_title":"Hacia el 10\u00b0 Encuentro Mundial de las Familias &#8226; Istituto Figlie di Maria Ausiliatrice","og_description":"El 2 de julio de 2021 el Papa Francisco, con un video-mensaje, present\u00f3 el 10\u00ba Encuentro Mundial de las Familias, que se tendr\u00e1 en Roma del 22 al 26 de junio de 2022.","og_url":"https:\/\/www.cgfmanet.org\/es\/infoesfera\/hacia-el-10-encuentro-mundial-de-las-familias\/","og_site_name":"Istituto Figlie di Maria Ausiliatrice","article_publisher":"https:\/\/www.facebook.com\/salesian.sisters.of.don.bosco\/","article_published_time":"2021-07-04T16:29:32+00:00","article_modified_time":"2021-07-05T13:18:05+00:00","og_image":[{"width":1200,"height":800,"url":"https:\/\/www.cgfmanet.org\/wp-content\/uploads\/2021\/07\/Incontro-mondiale-famiglie.jpg","type":"image\/jpeg"}],"author":"Redazione","twitter_card":"summary_large_image","twitter_creator":"@Cgfmanet_Org","twitter_site":"@Cgfmanet_Org","twitter_misc":{"Escrito por":"Redazione","Tiempo de lectura":"4 minutos"},"schema":{"@context":"https:\/\/schema.org","@graph":[{"@type":"Article","@id":"https:\/\/www.cgfmanet.org\/es\/infoesfera\/hacia-el-10-encuentro-mundial-de-las-familias\/#article","isPartOf":{"@id":"https:\/\/www.cgfmanet.org\/es\/infoesfera\/hacia-el-10-encuentro-mundial-de-las-familias\/"},"author":{"name":"Redazione","@id":"https:\/\/www.cgfmanet.org\/es\/#\/schema\/person\/ce6473083f53ef0ef882cca23f0c8fb9"},"headline":"Hacia el 10\u00b0 Encuentro Mundial de las Familias","datePublished":"2021-07-04T16:29:32+00:00","dateModified":"2021-07-05T13:18:05+00:00","mainEntityOfPage":{"@id":"https:\/\/www.cgfmanet.org\/es\/infoesfera\/hacia-el-10-encuentro-mundial-de-las-familias\/"},"wordCount":846,"commentCount":0,"publisher":{"@id":"https:\/\/www.cgfmanet.org\/es\/#organization"},"image":{"@id":"https:\/\/www.cgfmanet.org\/es\/infoesfera\/hacia-el-10-encuentro-mundial-de-las-familias\/#primaryimage"},"thumbnailUrl":"https:\/\/www.cgfmanet.org\/wp-content\/uploads\/2021\/07\/Incontro-mondiale-famiglie.jpg","keywords":["Papa Francisco","Focus","Famiglia"],"articleSection":["Infoesfera","Iglesia"],"inLanguage":"es","potentialAction":[{"@type":"CommentAction","name":"Comment","target":["https:\/\/www.cgfmanet.org\/es\/infoesfera\/hacia-el-10-encuentro-mundial-de-las-familias\/#respond"]}]},{"@type":"WebPage","@id":"https:\/\/www.cgfmanet.org\/es\/infoesfera\/hacia-el-10-encuentro-mundial-de-las-familias\/","url":"https:\/\/www.cgfmanet.org\/es\/infoesfera\/hacia-el-10-encuentro-mundial-de-las-familias\/","name":"Hacia el 10\u00b0 Encuentro Mundial de las Familias &#8226; Istituto Figlie di Maria Ausiliatrice","isPartOf":{"@id":"https:\/\/www.cgfmanet.org\/es\/#website"},"primaryImageOfPage":{"@id":"https:\/\/www.cgfmanet.org\/es\/infoesfera\/hacia-el-10-encuentro-mundial-de-las-familias\/#primaryimage"},"image":{"@id":"https:\/\/www.cgfmanet.org\/es\/infoesfera\/hacia-el-10-encuentro-mundial-de-las-familias\/#primaryimage"},"thumbnailUrl":"https:\/\/www.cgfmanet.org\/wp-content\/uploads\/2021\/07\/Incontro-mondiale-famiglie.jpg","datePublished":"2021-07-04T16:29:32+00:00","dateModified":"2021-07-05T13:18:05+00:00","description":"El 2 de julio de 2021 el Papa Francisco, con un video-mensaje, present\u00f3 el 10\u00ba Encuentro Mundial de las Familias, que se tendr\u00e1 en Roma del 22 al 26 de junio de 2022.","breadcrumb":{"@id":"https:\/\/www.cgfmanet.org\/es\/infoesfera\/hacia-el-10-encuentro-mundial-de-las-familias\/#breadcrumb"},"inLanguage":"es","potentialAction":[{"@type":"ReadAction","target":["https:\/\/www.cgfmanet.org\/es\/infoesfera\/hacia-el-10-encuentro-mundial-de-las-familias\/"]}]},{"@type":"ImageObject","inLanguage":"es","@id":"https:\/\/www.cgfmanet.org\/es\/infoesfera\/hacia-el-10-encuentro-mundial-de-las-familias\/#primaryimage","url":"https:\/\/www.cgfmanet.org\/wp-content\/uploads\/2021\/07\/Incontro-mondiale-famiglie.jpg","contentUrl":"https:\/\/www.cgfmanet.org\/wp-content\/uploads\/2021\/07\/Incontro-mondiale-famiglie.jpg","width":1200,"height":800},{"@type":"BreadcrumbList","@id":"https:\/\/www.cgfmanet.org\/es\/infoesfera\/hacia-el-10-encuentro-mundial-de-las-familias\/#breadcrumb","itemListElement":[{"@type":"ListItem","position":1,"name":"Home","item":"https:\/\/www.cgfmanet.org\/es\/"},{"@type":"ListItem","position":2,"name":"Hacia el 10\u00b0 Encuentro Mundial de las Familias"}]},{"@type":"WebSite","@id":"https:\/\/www.cgfmanet.org\/es\/#website","url":"https:\/\/www.cgfmanet.org\/es\/","name":"Istituto Figlie di Maria Ausiliatrice","description":"Salesiane di Don Bosco","publisher":{"@id":"https:\/\/www.cgfmanet.org\/es\/#organization"},"potentialAction":[{"@type":"SearchAction","target":{"@type":"EntryPoint","urlTemplate":"https:\/\/www.cgfmanet.org\/es\/?s={search_term_string}"},"query-input":{"@type":"PropertyValueSpecification","valueRequired":true,"valueName":"search_term_string"}}],"inLanguage":"es"},{"@type":"Organization","@id":"https:\/\/www.cgfmanet.org\/es\/#organization","name":"Istituto Figlie di Maria Ausiliatrice","url":"https:\/\/www.cgfmanet.org\/es\/","logo":{"@type":"ImageObject","inLanguage":"es","@id":"https:\/\/www.cgfmanet.org\/es\/#\/schema\/logo\/image\/","url":"https:\/\/www.cgfmanet.org\/wp-content\/uploads\/2018\/10\/logo-fma.png","contentUrl":"https:\/\/www.cgfmanet.org\/wp-content\/uploads\/2018\/10\/logo-fma.png","width":214,"height":55,"caption":"Istituto Figlie di Maria Ausiliatrice"},"image":{"@id":"https:\/\/www.cgfmanet.org\/es\/#\/schema\/logo\/image\/"},"sameAs":["https:\/\/www.facebook.com\/salesian.sisters.of.don.bosco\/","https:\/\/x.com\/Cgfmanet_Org","https:\/\/www.youtube.com\/channel\/UCmcr8yFQBV7JXeXVxyV9y5Q"]},{"@type":"Person","@id":"https:\/\/www.cgfmanet.org\/es\/#\/schema\/person\/ce6473083f53ef0ef882cca23f0c8fb9","name":"Redazione"}]}},"_links":{"self":[{"href":"https:\/\/www.cgfmanet.org\/es\/wp-json\/wp\/v2\/posts\/48248","targetHints":{"allow":["GET"]}}],"collection":[{"href":"https:\/\/www.cgfmanet.org\/es\/wp-json\/wp\/v2\/posts"}],"about":[{"href":"https:\/\/www.cgfmanet.org\/es\/wp-json\/wp\/v2\/types\/post"}],"author":[{"embeddable":true,"href":"https:\/\/www.cgfmanet.org\/es\/wp-json\/wp\/v2\/users\/21"}],"replies":[{"embeddable":true,"href":"https:\/\/www.cgfmanet.org\/es\/wp-json\/wp\/v2\/comments?post=48248"}],"version-history":[{"count":0,"href":"https:\/\/www.cgfmanet.org\/es\/wp-json\/wp\/v2\/posts\/48248\/revisions"}],"wp:featuredmedia":[{"embeddable":true,"href":"https:\/\/www.cgfmanet.org\/es\/wp-json\/wp\/v2\/media\/48243"}],"wp:attachment":[{"href":"https:\/\/www.cgfmanet.org\/es\/wp-json\/wp\/v2\/media?parent=48248"}],"wp:term":[{"taxonomy":"category","embeddable":true,"href":"https:\/\/www.cgfmanet.org\/es\/wp-json\/wp\/v2\/categories?post=48248"},{"taxonomy":"post_tag","embeddable":true,"href":"https:\/\/www.cgfmanet.org\/es\/wp-json\/wp\/v2\/tags?post=48248"}],"curies":[{"name":"wp","href":"https:\/\/api.w.org\/{rel}","templated":true}]}}