{"id":45709,"date":"2021-05-12T11:08:15","date_gmt":"2021-05-12T09:08:15","guid":{"rendered":"https:\/\/www.cgfmanet.org\/infoesfera\/la-presenza-di-maria-nella-vita-di-madre-mazzarello\/"},"modified":"2021-05-12T23:52:27","modified_gmt":"2021-05-12T21:52:27","slug":"la-presencia-de-maria-en-la-vida-de-madre-mazzarello","status":"publish","type":"post","link":"https:\/\/www.cgfmanet.org\/es\/ifma-es\/la-presencia-de-maria-en-la-vida-de-madre-mazzarello\/","title":{"rendered":"La presencia de Mar\u00eda en la vida de Madre Mazzarello"},"content":{"rendered":"<p><strong>Mornese (Italia).<\/strong>\u00a0El 13 de mayo de 2021 la Familia Salesiana celebra la Solemnidad de Santa Maria\u00a0Domenica\u00a0Mazzarello, Cofundadora del Instituto de las Hijas de\u00a0Mar\u00eda Auxiliadora. Sor Maria Vanda Penna, Directora de la Comunidad\u00a0<em>Santa Maria<\/em>\u00a0<em>Domenica<\/em><em>\u00a0Mazzarello<\/em> de Mornese (Alessandria), de la Inspector\u00eda piamontesa <em>Maria Ausiliatrice<\/em>\u00a0(IPI), destaca la presencia de la Virgen en las etapas principales de la vida de Madre Mazzarello.<\/p>\n<p><strong>La devoci\u00f3n a\u00a0<\/strong><strong>Mar<\/strong><strong>\u00eda Auxiliadora de los Mornesinos<\/strong><\/p>\n<p>Cuando naci\u00f3 Ma\u00edn, en Mornese segu\u00edan a\u00fan las consecuencias del c\u00f3lera que desde 1835 atormentaba en el Piamonte. Los habitantes, probados por este flagelo, se dirig\u00edan a\u00a0Mar\u00eda Auxiliadora y, despu\u00e9s del c\u00f3lera, expresaron su gracias a\u00a0Mar\u00eda dedic\u00e1ndole una peque\u00f1a iglesia, solemnemente bendecida y abierta al p\u00fablico el 24 de mayo de 1843. Restaurada en 1964 y despu\u00e9s a\u00fan renovada, hoy testifica la confianza en\u00a0Mar\u00eda Auxiliadora por parte de los Mornesinos.<\/p>\n<p><strong>El consuelo de\u00a0<\/strong><strong>Mar<\/strong><strong>\u00eda en la enfermedad del tifus<\/strong><\/p>\n<p>En la fachada en frente de la casa que hoy se llama \u201cla casa del tifus\u201d figura una imagen pintada con el t\u00edtulo <em>Auxilium Christianorum<\/em>, imagen que ciertamente hab\u00eda confortado a Ma\u00edn durante la larga enfermedad, haci\u00e9ndole compa\u00f1\u00eda e infundi\u00e9ndole confianza. \u201c<em>En el tiempo de Ma\u00edn \u2013\u00a0<\/em>escribe Ferdinando Maccono<em>\u00a0\u2013 cada s\u00e1bado se encend\u00eda una vela ante aquella imagen, y por la tarde de cada domingo, en mayo y en la estaci\u00f3n buena, la gente del distrito se reun\u00eda all\u00ed para recitar el rosario y cantar las letan\u00edas a la reina del cielo. Ciertamente tambi\u00e9n Ma\u00edn, cuando gozaba de salud, se un\u00eda a las otras mujeres y ni\u00f1as\u201d. \u201cComo hab\u00eda pasado su infancia junto a una capilla dedicada a la Auxiliadora, as\u00ed prosigui\u00f3 su vida bajo la mirada de una imagen de la Virgen, invocada con el dulce t\u00edtulo de Ayuda de los Cristianos\u201d<\/em>\u00a0<em>\u201d\u00a0<\/em>(F. Maccono, Santa Maria D. Mazzarello, Cap. VIII, p. 83).<\/p>\n<p><strong>Mar<\/strong><strong>\u00eda Addolorata e Inmaculada<\/strong><\/p>\n<p>Cuando Don Domenico Pestarino regres\u00f3 a Mornese desde G\u00e9nova, trajo consigo el bell\u00edsimo cuadro de\u00a0<em>Maria Addolorata,<\/em>\u00a0atribuido al pintor florentino\u00a0<em>Dolci<\/em>\u00a0o a su escuela, y quiso que la capilla del naciente Colegio estuviera dedicada a\u00a0<em>Maria Addolorata<\/em>. La Addolorata fue maestra y modelo de las Hijas de la Inmaculada, entre las cuales estaba Maria Mazzarello.<\/p>\n<p>La Auxiliadora, la Addolorata y la Inmaculada fueron la base y la fuerza de la devoci\u00f3n mariana de Santa Maria\u00a0Domenica\u00a0Mazzarello: aprendi\u00f3 a sufrir con amor y por amor, aprendi\u00f3 a imitar la pureza del coraz\u00f3n, libre de afanes mundanos, a correr para ayudar y a ense\u00f1ar a vivir con dignidad a quienes estuvieran expuestos a los peligros, desde las ni\u00f1as del pueblo, primero, a los indigentes de la Patagonia, despu\u00e9s, por medio de sus hijas.<\/p>\n<p><strong>La Superiora es\u00a0<\/strong><strong>Mar<\/strong><strong>\u00eda Auxiliadora<\/strong><\/p>\n<p>El gesto de poner las llaves de casa a los pies de la imagen de\u00a0Mar\u00eda cuando ya era Superiora de la Comunidad de las FMA, sugiere una multiplicidad de significados: las llaves de casa simb\u00f3licamente pertenecen a la cabeza de familia, por tanto, la Superiora es\u00a0Mar\u00eda Auxiliadora, de la cual ella se siente la Vicaria; las llaves \u201cabren y cierran\u201d y custodian la intimidad de la casa, confiada a la Madre de Dios. Las llaves que abren expresan acogida; las llaves que cierran, reserva y cuidado de la familia.<\/p>\n<p>L\u2019elemento pi\u00f9 importante \u00e8 costituito dall\u2019<strong>affidamento<\/strong>, dalla fiducia posta in Maria, la Madre che sa soffrire in silenzio e nell\u2019offerta della propria vita, indicando strade di luce ai suoi figli e sostenendone il cammino verso il Regno.<\/p>\n<p>El elemento m\u00e1s importante es\u00a0<strong>la confianza<\/strong>, la confianza puesta en\u00a0Mar\u00eda, la Madre que sabe sufrir en silencio y en el ofrecimiento de la propia vida, indicando caminos de luz a sus hijos y apoy\u00e1ndolos en el camino hacia el Reino.<\/p>\n","protected":false},"excerpt":{"rendered":"<p>La presencia de Mar\u00eda acompa\u00f1a y sostiene las etapas principales de la vida de Santa Maria Domenica Mazzarello, Cofundadora del Instituto de las Hijas de Mar\u00eda Auxiliadora.<\/p>\n","protected":false},"author":21,"featured_media":45704,"comment_status":"open","ping_status":"closed","sticky":false,"template":"","format":"standard","meta":{"footnotes":""},"categories":[167,158],"tags":[1223,1353,1669,1931,1940],"class_list":["post-45709","post","type-post","status-publish","format-standard","has-post-thumbnail","category-carisma-salesiano-es","category-ifma-es","tag-ipi-es","tag-madre-mazzarello-es","tag-spiritualita-salesiana-es","tag-focus-es","tag-maria-auxiliadora-es"],"yoast_head":"<!-- This site is optimized with the Yoast SEO plugin v27.4 - https:\/\/yoast.com\/product\/yoast-seo-wordpress\/ -->\n<title>La presencia de Mar\u00eda en la vida de Madre Mazzarello &#8226; Istituto Figlie di Maria Ausiliatrice<\/title>\n<meta name=\"description\" content=\"La presencia de Mar\u00eda acompa\u00f1a y sostiene las etapas principales de la vida de Santa Maria Domenica Mazzarello, Cofundadora del Instituto de las Hijas de Mar\u00eda Auxiliadora.\" \/>\n<meta name=\"robots\" content=\"index, follow, max-snippet:-1, max-image-preview:large, max-video-preview:-1\" \/>\n<link rel=\"canonical\" href=\"https:\/\/www.cgfmanet.org\/es\/ifma-es\/la-presencia-de-maria-en-la-vida-de-madre-mazzarello\/\" \/>\n<meta property=\"og:locale\" content=\"es_ES\" \/>\n<meta property=\"og:type\" content=\"article\" \/>\n<meta property=\"og:title\" content=\"La presencia de Mar\u00eda en la vida de Madre Mazzarello &#8226; Istituto Figlie di Maria Ausiliatrice\" \/>\n<meta property=\"og:description\" content=\"La presencia de Mar\u00eda acompa\u00f1a y sostiene las etapas principales de la vida de Santa Maria Domenica Mazzarello, Cofundadora del Instituto de las Hijas de Mar\u00eda Auxiliadora.\" \/>\n<meta property=\"og:url\" content=\"https:\/\/www.cgfmanet.org\/es\/ifma-es\/la-presencia-de-maria-en-la-vida-de-madre-mazzarello\/\" \/>\n<meta property=\"og:site_name\" content=\"Istituto Figlie di Maria Ausiliatrice\" \/>\n<meta property=\"article:publisher\" content=\"https:\/\/www.facebook.com\/salesian.sisters.of.don.bosco\/\" \/>\n<meta property=\"article:published_time\" content=\"2021-05-12T09:08:15+00:00\" \/>\n<meta property=\"article:modified_time\" content=\"2021-05-12T21:52:27+00:00\" \/>\n<meta property=\"og:image\" content=\"https:\/\/www.cgfmanet.org\/wp-content\/uploads\/2021\/05\/MM-e-Maria.jpg\" \/>\n\t<meta property=\"og:image:width\" content=\"1200\" \/>\n\t<meta property=\"og:image:height\" content=\"800\" \/>\n\t<meta property=\"og:image:type\" content=\"image\/jpeg\" \/>\n<meta name=\"author\" content=\"Redazione\" \/>\n<meta name=\"twitter:card\" content=\"summary_large_image\" \/>\n<meta name=\"twitter:creator\" content=\"@Cgfmanet_Org\" \/>\n<meta name=\"twitter:site\" content=\"@Cgfmanet_Org\" \/>\n<meta name=\"twitter:label1\" content=\"Escrito por\" \/>\n\t<meta name=\"twitter:data1\" content=\"Redazione\" \/>\n\t<meta name=\"twitter:label2\" content=\"Tiempo de lectura\" \/>\n\t<meta name=\"twitter:data2\" content=\"3 minutos\" \/>\n<script type=\"application\/ld+json\" class=\"yoast-schema-graph\">{\"@context\":\"https:\\\/\\\/schema.org\",\"@graph\":[{\"@type\":\"Article\",\"@id\":\"https:\\\/\\\/www.cgfmanet.org\\\/es\\\/ifma-es\\\/la-presencia-de-maria-en-la-vida-de-madre-mazzarello\\\/#article\",\"isPartOf\":{\"@id\":\"https:\\\/\\\/www.cgfmanet.org\\\/es\\\/ifma-es\\\/la-presencia-de-maria-en-la-vida-de-madre-mazzarello\\\/\"},\"author\":{\"name\":\"Redazione\",\"@id\":\"https:\\\/\\\/www.cgfmanet.org\\\/es\\\/#\\\/schema\\\/person\\\/ce6473083f53ef0ef882cca23f0c8fb9\"},\"headline\":\"La presencia de Mar\u00eda en la vida de Madre Mazzarello\",\"datePublished\":\"2021-05-12T09:08:15+00:00\",\"dateModified\":\"2021-05-12T21:52:27+00:00\",\"mainEntityOfPage\":{\"@id\":\"https:\\\/\\\/www.cgfmanet.org\\\/es\\\/ifma-es\\\/la-presencia-de-maria-en-la-vida-de-madre-mazzarello\\\/\"},\"wordCount\":681,\"commentCount\":0,\"publisher\":{\"@id\":\"https:\\\/\\\/www.cgfmanet.org\\\/es\\\/#organization\"},\"image\":{\"@id\":\"https:\\\/\\\/www.cgfmanet.org\\\/es\\\/ifma-es\\\/la-presencia-de-maria-en-la-vida-de-madre-mazzarello\\\/#primaryimage\"},\"thumbnailUrl\":\"https:\\\/\\\/www.cgfmanet.org\\\/wp-content\\\/uploads\\\/2021\\\/05\\\/MM-e-Maria.jpg\",\"keywords\":[\"IPI\",\"Madre Mazzarello\",\"Spiritualit\u00e0 Salesiana\",\"Focus\",\"Mar\u00eda Auxiliadora\"],\"articleSection\":[\"Carisma Salesiano\",\"IFMA\"],\"inLanguage\":\"es\",\"potentialAction\":[{\"@type\":\"CommentAction\",\"name\":\"Comment\",\"target\":[\"https:\\\/\\\/www.cgfmanet.org\\\/es\\\/ifma-es\\\/la-presencia-de-maria-en-la-vida-de-madre-mazzarello\\\/#respond\"]}]},{\"@type\":\"WebPage\",\"@id\":\"https:\\\/\\\/www.cgfmanet.org\\\/es\\\/ifma-es\\\/la-presencia-de-maria-en-la-vida-de-madre-mazzarello\\\/\",\"url\":\"https:\\\/\\\/www.cgfmanet.org\\\/es\\\/ifma-es\\\/la-presencia-de-maria-en-la-vida-de-madre-mazzarello\\\/\",\"name\":\"La presencia de Mar\u00eda en la vida de Madre Mazzarello &#8226; Istituto Figlie di Maria Ausiliatrice\",\"isPartOf\":{\"@id\":\"https:\\\/\\\/www.cgfmanet.org\\\/es\\\/#website\"},\"primaryImageOfPage\":{\"@id\":\"https:\\\/\\\/www.cgfmanet.org\\\/es\\\/ifma-es\\\/la-presencia-de-maria-en-la-vida-de-madre-mazzarello\\\/#primaryimage\"},\"image\":{\"@id\":\"https:\\\/\\\/www.cgfmanet.org\\\/es\\\/ifma-es\\\/la-presencia-de-maria-en-la-vida-de-madre-mazzarello\\\/#primaryimage\"},\"thumbnailUrl\":\"https:\\\/\\\/www.cgfmanet.org\\\/wp-content\\\/uploads\\\/2021\\\/05\\\/MM-e-Maria.jpg\",\"datePublished\":\"2021-05-12T09:08:15+00:00\",\"dateModified\":\"2021-05-12T21:52:27+00:00\",\"description\":\"La presencia de Mar\u00eda acompa\u00f1a y sostiene las etapas principales de la vida de Santa Maria Domenica Mazzarello, Cofundadora del Instituto de las Hijas de Mar\u00eda Auxiliadora.\",\"breadcrumb\":{\"@id\":\"https:\\\/\\\/www.cgfmanet.org\\\/es\\\/ifma-es\\\/la-presencia-de-maria-en-la-vida-de-madre-mazzarello\\\/#breadcrumb\"},\"inLanguage\":\"es\",\"potentialAction\":[{\"@type\":\"ReadAction\",\"target\":[\"https:\\\/\\\/www.cgfmanet.org\\\/es\\\/ifma-es\\\/la-presencia-de-maria-en-la-vida-de-madre-mazzarello\\\/\"]}]},{\"@type\":\"ImageObject\",\"inLanguage\":\"es\",\"@id\":\"https:\\\/\\\/www.cgfmanet.org\\\/es\\\/ifma-es\\\/la-presencia-de-maria-en-la-vida-de-madre-mazzarello\\\/#primaryimage\",\"url\":\"https:\\\/\\\/www.cgfmanet.org\\\/wp-content\\\/uploads\\\/2021\\\/05\\\/MM-e-Maria.jpg\",\"contentUrl\":\"https:\\\/\\\/www.cgfmanet.org\\\/wp-content\\\/uploads\\\/2021\\\/05\\\/MM-e-Maria.jpg\",\"width\":1200,\"height\":800},{\"@type\":\"BreadcrumbList\",\"@id\":\"https:\\\/\\\/www.cgfmanet.org\\\/es\\\/ifma-es\\\/la-presencia-de-maria-en-la-vida-de-madre-mazzarello\\\/#breadcrumb\",\"itemListElement\":[{\"@type\":\"ListItem\",\"position\":1,\"name\":\"Home\",\"item\":\"https:\\\/\\\/www.cgfmanet.org\\\/es\\\/\"},{\"@type\":\"ListItem\",\"position\":2,\"name\":\"La presencia de Mar\u00eda en la vida de Madre Mazzarello\"}]},{\"@type\":\"WebSite\",\"@id\":\"https:\\\/\\\/www.cgfmanet.org\\\/es\\\/#website\",\"url\":\"https:\\\/\\\/www.cgfmanet.org\\\/es\\\/\",\"name\":\"Istituto Figlie di Maria Ausiliatrice\",\"description\":\"Salesiane di Don Bosco\",\"publisher\":{\"@id\":\"https:\\\/\\\/www.cgfmanet.org\\\/es\\\/#organization\"},\"potentialAction\":[{\"@type\":\"SearchAction\",\"target\":{\"@type\":\"EntryPoint\",\"urlTemplate\":\"https:\\\/\\\/www.cgfmanet.org\\\/es\\\/?s={search_term_string}\"},\"query-input\":{\"@type\":\"PropertyValueSpecification\",\"valueRequired\":true,\"valueName\":\"search_term_string\"}}],\"inLanguage\":\"es\"},{\"@type\":\"Organization\",\"@id\":\"https:\\\/\\\/www.cgfmanet.org\\\/es\\\/#organization\",\"name\":\"Istituto Figlie di Maria Ausiliatrice\",\"url\":\"https:\\\/\\\/www.cgfmanet.org\\\/es\\\/\",\"logo\":{\"@type\":\"ImageObject\",\"inLanguage\":\"es\",\"@id\":\"https:\\\/\\\/www.cgfmanet.org\\\/es\\\/#\\\/schema\\\/logo\\\/image\\\/\",\"url\":\"https:\\\/\\\/www.cgfmanet.org\\\/wp-content\\\/uploads\\\/2018\\\/10\\\/logo-fma.png\",\"contentUrl\":\"https:\\\/\\\/www.cgfmanet.org\\\/wp-content\\\/uploads\\\/2018\\\/10\\\/logo-fma.png\",\"width\":214,\"height\":55,\"caption\":\"Istituto Figlie di Maria Ausiliatrice\"},\"image\":{\"@id\":\"https:\\\/\\\/www.cgfmanet.org\\\/es\\\/#\\\/schema\\\/logo\\\/image\\\/\"},\"sameAs\":[\"https:\\\/\\\/www.facebook.com\\\/salesian.sisters.of.don.bosco\\\/\",\"https:\\\/\\\/x.com\\\/Cgfmanet_Org\",\"https:\\\/\\\/www.youtube.com\\\/channel\\\/UCmcr8yFQBV7JXeXVxyV9y5Q\"]},{\"@type\":\"Person\",\"@id\":\"https:\\\/\\\/www.cgfmanet.org\\\/es\\\/#\\\/schema\\\/person\\\/ce6473083f53ef0ef882cca23f0c8fb9\",\"name\":\"Redazione\"}]}<\/script>\n<!-- \/ Yoast SEO plugin. -->","yoast_head_json":{"title":"La presencia de Mar\u00eda en la vida de Madre Mazzarello &#8226; Istituto Figlie di Maria Ausiliatrice","description":"La presencia de Mar\u00eda acompa\u00f1a y sostiene las etapas principales de la vida de Santa Maria Domenica Mazzarello, Cofundadora del Instituto de las Hijas de Mar\u00eda Auxiliadora.","robots":{"index":"index","follow":"follow","max-snippet":"max-snippet:-1","max-image-preview":"max-image-preview:large","max-video-preview":"max-video-preview:-1"},"canonical":"https:\/\/www.cgfmanet.org\/es\/ifma-es\/la-presencia-de-maria-en-la-vida-de-madre-mazzarello\/","og_locale":"es_ES","og_type":"article","og_title":"La presencia de Mar\u00eda en la vida de Madre Mazzarello &#8226; Istituto Figlie di Maria Ausiliatrice","og_description":"La presencia de Mar\u00eda acompa\u00f1a y sostiene las etapas principales de la vida de Santa Maria Domenica Mazzarello, Cofundadora del Instituto de las Hijas de Mar\u00eda Auxiliadora.","og_url":"https:\/\/www.cgfmanet.org\/es\/ifma-es\/la-presencia-de-maria-en-la-vida-de-madre-mazzarello\/","og_site_name":"Istituto Figlie di Maria Ausiliatrice","article_publisher":"https:\/\/www.facebook.com\/salesian.sisters.of.don.bosco\/","article_published_time":"2021-05-12T09:08:15+00:00","article_modified_time":"2021-05-12T21:52:27+00:00","og_image":[{"width":1200,"height":800,"url":"https:\/\/www.cgfmanet.org\/wp-content\/uploads\/2021\/05\/MM-e-Maria.jpg","type":"image\/jpeg"}],"author":"Redazione","twitter_card":"summary_large_image","twitter_creator":"@Cgfmanet_Org","twitter_site":"@Cgfmanet_Org","twitter_misc":{"Escrito por":"Redazione","Tiempo de lectura":"3 minutos"},"schema":{"@context":"https:\/\/schema.org","@graph":[{"@type":"Article","@id":"https:\/\/www.cgfmanet.org\/es\/ifma-es\/la-presencia-de-maria-en-la-vida-de-madre-mazzarello\/#article","isPartOf":{"@id":"https:\/\/www.cgfmanet.org\/es\/ifma-es\/la-presencia-de-maria-en-la-vida-de-madre-mazzarello\/"},"author":{"name":"Redazione","@id":"https:\/\/www.cgfmanet.org\/es\/#\/schema\/person\/ce6473083f53ef0ef882cca23f0c8fb9"},"headline":"La presencia de Mar\u00eda en la vida de Madre Mazzarello","datePublished":"2021-05-12T09:08:15+00:00","dateModified":"2021-05-12T21:52:27+00:00","mainEntityOfPage":{"@id":"https:\/\/www.cgfmanet.org\/es\/ifma-es\/la-presencia-de-maria-en-la-vida-de-madre-mazzarello\/"},"wordCount":681,"commentCount":0,"publisher":{"@id":"https:\/\/www.cgfmanet.org\/es\/#organization"},"image":{"@id":"https:\/\/www.cgfmanet.org\/es\/ifma-es\/la-presencia-de-maria-en-la-vida-de-madre-mazzarello\/#primaryimage"},"thumbnailUrl":"https:\/\/www.cgfmanet.org\/wp-content\/uploads\/2021\/05\/MM-e-Maria.jpg","keywords":["IPI","Madre Mazzarello","Spiritualit\u00e0 Salesiana","Focus","Mar\u00eda Auxiliadora"],"articleSection":["Carisma Salesiano","IFMA"],"inLanguage":"es","potentialAction":[{"@type":"CommentAction","name":"Comment","target":["https:\/\/www.cgfmanet.org\/es\/ifma-es\/la-presencia-de-maria-en-la-vida-de-madre-mazzarello\/#respond"]}]},{"@type":"WebPage","@id":"https:\/\/www.cgfmanet.org\/es\/ifma-es\/la-presencia-de-maria-en-la-vida-de-madre-mazzarello\/","url":"https:\/\/www.cgfmanet.org\/es\/ifma-es\/la-presencia-de-maria-en-la-vida-de-madre-mazzarello\/","name":"La presencia de Mar\u00eda en la vida de Madre Mazzarello &#8226; Istituto Figlie di Maria Ausiliatrice","isPartOf":{"@id":"https:\/\/www.cgfmanet.org\/es\/#website"},"primaryImageOfPage":{"@id":"https:\/\/www.cgfmanet.org\/es\/ifma-es\/la-presencia-de-maria-en-la-vida-de-madre-mazzarello\/#primaryimage"},"image":{"@id":"https:\/\/www.cgfmanet.org\/es\/ifma-es\/la-presencia-de-maria-en-la-vida-de-madre-mazzarello\/#primaryimage"},"thumbnailUrl":"https:\/\/www.cgfmanet.org\/wp-content\/uploads\/2021\/05\/MM-e-Maria.jpg","datePublished":"2021-05-12T09:08:15+00:00","dateModified":"2021-05-12T21:52:27+00:00","description":"La presencia de Mar\u00eda acompa\u00f1a y sostiene las etapas principales de la vida de Santa Maria Domenica Mazzarello, Cofundadora del Instituto de las Hijas de Mar\u00eda Auxiliadora.","breadcrumb":{"@id":"https:\/\/www.cgfmanet.org\/es\/ifma-es\/la-presencia-de-maria-en-la-vida-de-madre-mazzarello\/#breadcrumb"},"inLanguage":"es","potentialAction":[{"@type":"ReadAction","target":["https:\/\/www.cgfmanet.org\/es\/ifma-es\/la-presencia-de-maria-en-la-vida-de-madre-mazzarello\/"]}]},{"@type":"ImageObject","inLanguage":"es","@id":"https:\/\/www.cgfmanet.org\/es\/ifma-es\/la-presencia-de-maria-en-la-vida-de-madre-mazzarello\/#primaryimage","url":"https:\/\/www.cgfmanet.org\/wp-content\/uploads\/2021\/05\/MM-e-Maria.jpg","contentUrl":"https:\/\/www.cgfmanet.org\/wp-content\/uploads\/2021\/05\/MM-e-Maria.jpg","width":1200,"height":800},{"@type":"BreadcrumbList","@id":"https:\/\/www.cgfmanet.org\/es\/ifma-es\/la-presencia-de-maria-en-la-vida-de-madre-mazzarello\/#breadcrumb","itemListElement":[{"@type":"ListItem","position":1,"name":"Home","item":"https:\/\/www.cgfmanet.org\/es\/"},{"@type":"ListItem","position":2,"name":"La presencia de Mar\u00eda en la vida de Madre Mazzarello"}]},{"@type":"WebSite","@id":"https:\/\/www.cgfmanet.org\/es\/#website","url":"https:\/\/www.cgfmanet.org\/es\/","name":"Istituto Figlie di Maria Ausiliatrice","description":"Salesiane di Don Bosco","publisher":{"@id":"https:\/\/www.cgfmanet.org\/es\/#organization"},"potentialAction":[{"@type":"SearchAction","target":{"@type":"EntryPoint","urlTemplate":"https:\/\/www.cgfmanet.org\/es\/?s={search_term_string}"},"query-input":{"@type":"PropertyValueSpecification","valueRequired":true,"valueName":"search_term_string"}}],"inLanguage":"es"},{"@type":"Organization","@id":"https:\/\/www.cgfmanet.org\/es\/#organization","name":"Istituto Figlie di Maria Ausiliatrice","url":"https:\/\/www.cgfmanet.org\/es\/","logo":{"@type":"ImageObject","inLanguage":"es","@id":"https:\/\/www.cgfmanet.org\/es\/#\/schema\/logo\/image\/","url":"https:\/\/www.cgfmanet.org\/wp-content\/uploads\/2018\/10\/logo-fma.png","contentUrl":"https:\/\/www.cgfmanet.org\/wp-content\/uploads\/2018\/10\/logo-fma.png","width":214,"height":55,"caption":"Istituto Figlie di Maria Ausiliatrice"},"image":{"@id":"https:\/\/www.cgfmanet.org\/es\/#\/schema\/logo\/image\/"},"sameAs":["https:\/\/www.facebook.com\/salesian.sisters.of.don.bosco\/","https:\/\/x.com\/Cgfmanet_Org","https:\/\/www.youtube.com\/channel\/UCmcr8yFQBV7JXeXVxyV9y5Q"]},{"@type":"Person","@id":"https:\/\/www.cgfmanet.org\/es\/#\/schema\/person\/ce6473083f53ef0ef882cca23f0c8fb9","name":"Redazione"}]}},"_links":{"self":[{"href":"https:\/\/www.cgfmanet.org\/es\/wp-json\/wp\/v2\/posts\/45709","targetHints":{"allow":["GET"]}}],"collection":[{"href":"https:\/\/www.cgfmanet.org\/es\/wp-json\/wp\/v2\/posts"}],"about":[{"href":"https:\/\/www.cgfmanet.org\/es\/wp-json\/wp\/v2\/types\/post"}],"author":[{"embeddable":true,"href":"https:\/\/www.cgfmanet.org\/es\/wp-json\/wp\/v2\/users\/21"}],"replies":[{"embeddable":true,"href":"https:\/\/www.cgfmanet.org\/es\/wp-json\/wp\/v2\/comments?post=45709"}],"version-history":[{"count":0,"href":"https:\/\/www.cgfmanet.org\/es\/wp-json\/wp\/v2\/posts\/45709\/revisions"}],"wp:featuredmedia":[{"embeddable":true,"href":"https:\/\/www.cgfmanet.org\/es\/wp-json\/wp\/v2\/media\/45704"}],"wp:attachment":[{"href":"https:\/\/www.cgfmanet.org\/es\/wp-json\/wp\/v2\/media?parent=45709"}],"wp:term":[{"taxonomy":"category","embeddable":true,"href":"https:\/\/www.cgfmanet.org\/es\/wp-json\/wp\/v2\/categories?post=45709"},{"taxonomy":"post_tag","embeddable":true,"href":"https:\/\/www.cgfmanet.org\/es\/wp-json\/wp\/v2\/tags?post=45709"}],"curies":[{"name":"wp","href":"https:\/\/api.w.org\/{rel}","templated":true}]}}