{"id":44308,"date":"2021-04-24T11:26:51","date_gmt":"2021-04-24T09:26:51","guid":{"rendered":"https:\/\/www.cgfmanet.org\/?p=44308"},"modified":"2021-04-23T12:08:01","modified_gmt":"2021-04-23T10:08:01","slug":"escribe-aqui-tu-gracias-madre-por","status":"publish","type":"post","link":"https:\/\/www.cgfmanet.org\/es\/ifma-es\/escribe-aqui-tu-gracias-madre-por\/","title":{"rendered":"Escribe aqu\u00ed tu #Gracias Madre por\u2026"},"content":{"rendered":"<p><strong>Roma (Italia).<\/strong> El 25 de abril de 2021 se celebra la <span style=\"color: #008000;\"><a style=\"color: #008000;\" href=\"https:\/\/www.festadelgrazie.org\/\" target=\"_blank\" rel=\"noopener\"><strong>Festa della Riconoscenza Mondiale <\/strong><\/a><\/span>en la Casa <em>Madre Angela Vespa,<\/em> sede de la Pontificia Facultad de Ciencias de la Educaci\u00f3n \u201cAuxilium\u201d.\u00a0<span style=\"color: #0000ff;\"><strong><a style=\"color: #0000ff;\" href=\"https:\/\/www.festadelgrazie.org\/copia-di-testi-utili\" target=\"_blank\" rel=\"noopener\">Programa <span class=\"VIiyi\" lang=\"es\"><span class=\"JLqJ4b ChMk0b\" data-language-for-alternatives=\"es\" data-language-to-translate-into=\"it\" data-phrase-index=\"0\">y enlace directo<\/span><\/span> YouTube<\/a><\/strong><\/span><\/p>\n<p><span style=\"color: #008000;\"><strong><em>Estar en red<\/em><\/strong>\u00a0<\/span><em> es uno de los recursos m\u00e1s valiosos para expandir las energ\u00edas creativas y colaborativas al expresar a <strong>Madre Yvonne Reungoat<\/strong> la gratitud de las FMA, de las Comunidades Educativas, de los laicos y j\u00f3venes de la Familia Salesiana que comparten la misi\u00f3n carism\u00e1tica salesiana.<\/em><\/p>\n<p><strong>#GraciasMadrepor\u00a0\u00a0<\/strong> tu vida, por tu servicio incansable, por tu amor al Instituto FMA&#8230;<\/p>\n<p><strong>#GraciasMadrepor\u00a0\u00a0 <\/strong>tu delicadeza, tu sencillez y tu hacerte cercana a cada hermana\u2026<\/p>\n<p><strong>#GraciasMadrepor\u00a0 <\/strong>el entusiasmo y la audacia con que, en estos trece a\u00f1os, has sabido ponernos en red para promover la cultura de la vida y de la esperanza&#8230;<\/p>\n<p><span style=\"color: #0000ff;\"><strong>CONTIN\u00daA TAMBI\u00c9N T\u00da ESCRIBIENDO, <\/strong>en el\u00a0<strong>recuadro\u00a0 RESPONDE,<\/strong><strong>\u00a0TU\u00a0\u00a0 #GRACIASMADREPOR\u2026<\/strong><\/span><\/p>\n<p>&nbsp;<\/p>\n<p><strong>\u00a0<\/strong><\/p>\n<p><strong>\u00a0<\/strong><\/p>\n","protected":false},"excerpt":{"rendered":"<p>Roma (Italia). El 25 de abril de 2021 se celebra la Festa della Riconoscenza Mondiale en la Casa Madre Angela Vespa, sede de la Pontificia Facultad de Ciencias de la [&hellip;]<\/p>\n","protected":false},"author":19,"featured_media":44296,"comment_status":"open","ping_status":"closed","sticky":false,"template":"","format":"standard","meta":{"footnotes":""},"categories":[167,158],"tags":[299,371,1393,1669,1931,2283,2324],"class_list":["post-44308","post","type-post","status-publish","format-standard","has-post-thumbnail","category-carisma-salesiano-es","category-ifma-es","tag-fiesta-del-gracias","tag-madre-general","tag-rmc-es","tag-spiritualita-salesiana-es","tag-focus-es","tag-ifma-es","tag-roma-es"],"yoast_head":"<!-- This site is optimized with the Yoast SEO plugin v27.4 - https:\/\/yoast.com\/product\/yoast-seo-wordpress\/ -->\n<title>Escribe aqu\u00ed tu #Gracias Madre por\u2026 &#8226; Istituto Figlie di Maria Ausiliatrice<\/title>\n<meta name=\"description\" content=\"Se celebra online, el 25 de abril de 2021, la Fiesta de la Gratitud Mundial.\" \/>\n<meta name=\"robots\" content=\"index, follow, max-snippet:-1, max-image-preview:large, max-video-preview:-1\" \/>\n<link rel=\"canonical\" href=\"https:\/\/www.cgfmanet.org\/es\/ifma-es\/escribe-aqui-tu-gracias-madre-por\/\" \/>\n<meta property=\"og:locale\" content=\"es_ES\" \/>\n<meta property=\"og:type\" content=\"article\" \/>\n<meta property=\"og:title\" content=\"Escribe aqu\u00ed tu #Gracias Madre por\u2026 &#8226; Istituto Figlie di Maria Ausiliatrice\" \/>\n<meta property=\"og:description\" content=\"Se celebra online, el 25 de abril de 2021, la Fiesta de la Gratitud Mundial.\" \/>\n<meta property=\"og:url\" content=\"https:\/\/www.cgfmanet.org\/es\/ifma-es\/escribe-aqui-tu-gracias-madre-por\/\" \/>\n<meta property=\"og:site_name\" content=\"Istituto Figlie di Maria Ausiliatrice\" \/>\n<meta property=\"article:publisher\" content=\"https:\/\/www.facebook.com\/salesian.sisters.of.don.bosco\/\" \/>\n<meta property=\"article:published_time\" content=\"2021-04-24T09:26:51+00:00\" \/>\n<meta property=\"og:image\" content=\"https:\/\/www.cgfmanet.org\/wp-content\/uploads\/2021\/04\/Immagine3.jpg\" \/>\n\t<meta property=\"og:image:width\" content=\"1309\" \/>\n\t<meta property=\"og:image:height\" content=\"711\" \/>\n\t<meta property=\"og:image:type\" content=\"image\/png\" \/>\n<meta name=\"author\" content=\"Redazione\" \/>\n<meta name=\"twitter:card\" content=\"summary_large_image\" \/>\n<meta name=\"twitter:creator\" content=\"@Cgfmanet_Org\" \/>\n<meta name=\"twitter:site\" content=\"@Cgfmanet_Org\" \/>\n<meta name=\"twitter:label1\" content=\"Escrito por\" \/>\n\t<meta name=\"twitter:data1\" content=\"Redazione\" \/>\n\t<meta name=\"twitter:label2\" content=\"Tiempo de lectura\" \/>\n\t<meta name=\"twitter:data2\" content=\"1 minuto\" \/>\n<script type=\"application\/ld+json\" class=\"yoast-schema-graph\">{\"@context\":\"https:\\\/\\\/schema.org\",\"@graph\":[{\"@type\":\"Article\",\"@id\":\"https:\\\/\\\/www.cgfmanet.org\\\/es\\\/ifma-es\\\/escribe-aqui-tu-gracias-madre-por\\\/#article\",\"isPartOf\":{\"@id\":\"https:\\\/\\\/www.cgfmanet.org\\\/es\\\/ifma-es\\\/escribe-aqui-tu-gracias-madre-por\\\/\"},\"author\":{\"name\":\"Redazione\",\"@id\":\"https:\\\/\\\/www.cgfmanet.org\\\/es\\\/#\\\/schema\\\/person\\\/703c410f03e282e766dab407c5be96fe\"},\"headline\":\"Escribe aqu\u00ed tu #Gracias Madre por\u2026\",\"datePublished\":\"2021-04-24T09:26:51+00:00\",\"mainEntityOfPage\":{\"@id\":\"https:\\\/\\\/www.cgfmanet.org\\\/es\\\/ifma-es\\\/escribe-aqui-tu-gracias-madre-por\\\/\"},\"wordCount\":161,\"commentCount\":106,\"publisher\":{\"@id\":\"https:\\\/\\\/www.cgfmanet.org\\\/es\\\/#organization\"},\"image\":{\"@id\":\"https:\\\/\\\/www.cgfmanet.org\\\/es\\\/ifma-es\\\/escribe-aqui-tu-gracias-madre-por\\\/#primaryimage\"},\"thumbnailUrl\":\"https:\\\/\\\/www.cgfmanet.org\\\/wp-content\\\/uploads\\\/2021\\\/04\\\/Immagine3.jpg\",\"keywords\":[\"Fiesta del Gracias\",\"Madre General\",\"RMC\",\"Spiritualit\u00e0 Salesiana\",\"Focus\",\"IFMA\",\"Roma\"],\"articleSection\":[\"Carisma Salesiano\",\"IFMA\"],\"inLanguage\":\"es\",\"potentialAction\":[{\"@type\":\"CommentAction\",\"name\":\"Comment\",\"target\":[\"https:\\\/\\\/www.cgfmanet.org\\\/es\\\/ifma-es\\\/escribe-aqui-tu-gracias-madre-por\\\/#respond\"]}]},{\"@type\":\"WebPage\",\"@id\":\"https:\\\/\\\/www.cgfmanet.org\\\/es\\\/ifma-es\\\/escribe-aqui-tu-gracias-madre-por\\\/\",\"url\":\"https:\\\/\\\/www.cgfmanet.org\\\/es\\\/ifma-es\\\/escribe-aqui-tu-gracias-madre-por\\\/\",\"name\":\"Escribe aqu\u00ed tu #Gracias Madre por\u2026 &#8226; Istituto Figlie di Maria Ausiliatrice\",\"isPartOf\":{\"@id\":\"https:\\\/\\\/www.cgfmanet.org\\\/es\\\/#website\"},\"primaryImageOfPage\":{\"@id\":\"https:\\\/\\\/www.cgfmanet.org\\\/es\\\/ifma-es\\\/escribe-aqui-tu-gracias-madre-por\\\/#primaryimage\"},\"image\":{\"@id\":\"https:\\\/\\\/www.cgfmanet.org\\\/es\\\/ifma-es\\\/escribe-aqui-tu-gracias-madre-por\\\/#primaryimage\"},\"thumbnailUrl\":\"https:\\\/\\\/www.cgfmanet.org\\\/wp-content\\\/uploads\\\/2021\\\/04\\\/Immagine3.jpg\",\"datePublished\":\"2021-04-24T09:26:51+00:00\",\"description\":\"Se celebra online, el 25 de abril de 2021, la Fiesta de la Gratitud Mundial.\",\"breadcrumb\":{\"@id\":\"https:\\\/\\\/www.cgfmanet.org\\\/es\\\/ifma-es\\\/escribe-aqui-tu-gracias-madre-por\\\/#breadcrumb\"},\"inLanguage\":\"es\",\"potentialAction\":[{\"@type\":\"ReadAction\",\"target\":[\"https:\\\/\\\/www.cgfmanet.org\\\/es\\\/ifma-es\\\/escribe-aqui-tu-gracias-madre-por\\\/\"]}]},{\"@type\":\"ImageObject\",\"inLanguage\":\"es\",\"@id\":\"https:\\\/\\\/www.cgfmanet.org\\\/es\\\/ifma-es\\\/escribe-aqui-tu-gracias-madre-por\\\/#primaryimage\",\"url\":\"https:\\\/\\\/www.cgfmanet.org\\\/wp-content\\\/uploads\\\/2021\\\/04\\\/Immagine3.jpg\",\"contentUrl\":\"https:\\\/\\\/www.cgfmanet.org\\\/wp-content\\\/uploads\\\/2021\\\/04\\\/Immagine3.jpg\",\"width\":1309,\"height\":711},{\"@type\":\"BreadcrumbList\",\"@id\":\"https:\\\/\\\/www.cgfmanet.org\\\/es\\\/ifma-es\\\/escribe-aqui-tu-gracias-madre-por\\\/#breadcrumb\",\"itemListElement\":[{\"@type\":\"ListItem\",\"position\":1,\"name\":\"Home\",\"item\":\"https:\\\/\\\/www.cgfmanet.org\\\/es\\\/\"},{\"@type\":\"ListItem\",\"position\":2,\"name\":\"Escribe aqu\u00ed tu #Gracias Madre por\u2026\"}]},{\"@type\":\"WebSite\",\"@id\":\"https:\\\/\\\/www.cgfmanet.org\\\/es\\\/#website\",\"url\":\"https:\\\/\\\/www.cgfmanet.org\\\/es\\\/\",\"name\":\"Istituto Figlie di Maria Ausiliatrice\",\"description\":\"Salesiane di Don Bosco\",\"publisher\":{\"@id\":\"https:\\\/\\\/www.cgfmanet.org\\\/es\\\/#organization\"},\"potentialAction\":[{\"@type\":\"SearchAction\",\"target\":{\"@type\":\"EntryPoint\",\"urlTemplate\":\"https:\\\/\\\/www.cgfmanet.org\\\/es\\\/?s={search_term_string}\"},\"query-input\":{\"@type\":\"PropertyValueSpecification\",\"valueRequired\":true,\"valueName\":\"search_term_string\"}}],\"inLanguage\":\"es\"},{\"@type\":\"Organization\",\"@id\":\"https:\\\/\\\/www.cgfmanet.org\\\/es\\\/#organization\",\"name\":\"Istituto Figlie di Maria Ausiliatrice\",\"url\":\"https:\\\/\\\/www.cgfmanet.org\\\/es\\\/\",\"logo\":{\"@type\":\"ImageObject\",\"inLanguage\":\"es\",\"@id\":\"https:\\\/\\\/www.cgfmanet.org\\\/es\\\/#\\\/schema\\\/logo\\\/image\\\/\",\"url\":\"https:\\\/\\\/www.cgfmanet.org\\\/wp-content\\\/uploads\\\/2018\\\/10\\\/logo-fma.png\",\"contentUrl\":\"https:\\\/\\\/www.cgfmanet.org\\\/wp-content\\\/uploads\\\/2018\\\/10\\\/logo-fma.png\",\"width\":214,\"height\":55,\"caption\":\"Istituto Figlie di Maria Ausiliatrice\"},\"image\":{\"@id\":\"https:\\\/\\\/www.cgfmanet.org\\\/es\\\/#\\\/schema\\\/logo\\\/image\\\/\"},\"sameAs\":[\"https:\\\/\\\/www.facebook.com\\\/salesian.sisters.of.don.bosco\\\/\",\"https:\\\/\\\/x.com\\\/Cgfmanet_Org\",\"https:\\\/\\\/www.youtube.com\\\/channel\\\/UCmcr8yFQBV7JXeXVxyV9y5Q\"]},{\"@type\":\"Person\",\"@id\":\"https:\\\/\\\/www.cgfmanet.org\\\/es\\\/#\\\/schema\\\/person\\\/703c410f03e282e766dab407c5be96fe\",\"name\":\"Redazione\"}]}<\/script>\n<!-- \/ Yoast SEO plugin. -->","yoast_head_json":{"title":"Escribe aqu\u00ed tu #Gracias Madre por\u2026 &#8226; Istituto Figlie di Maria Ausiliatrice","description":"Se celebra online, el 25 de abril de 2021, la Fiesta de la Gratitud Mundial.","robots":{"index":"index","follow":"follow","max-snippet":"max-snippet:-1","max-image-preview":"max-image-preview:large","max-video-preview":"max-video-preview:-1"},"canonical":"https:\/\/www.cgfmanet.org\/es\/ifma-es\/escribe-aqui-tu-gracias-madre-por\/","og_locale":"es_ES","og_type":"article","og_title":"Escribe aqu\u00ed tu #Gracias Madre por\u2026 &#8226; Istituto Figlie di Maria Ausiliatrice","og_description":"Se celebra online, el 25 de abril de 2021, la Fiesta de la Gratitud Mundial.","og_url":"https:\/\/www.cgfmanet.org\/es\/ifma-es\/escribe-aqui-tu-gracias-madre-por\/","og_site_name":"Istituto Figlie di Maria Ausiliatrice","article_publisher":"https:\/\/www.facebook.com\/salesian.sisters.of.don.bosco\/","article_published_time":"2021-04-24T09:26:51+00:00","og_image":[{"width":1309,"height":711,"url":"https:\/\/www.cgfmanet.org\/wp-content\/uploads\/2021\/04\/Immagine3.jpg","type":"image\/png"}],"author":"Redazione","twitter_card":"summary_large_image","twitter_creator":"@Cgfmanet_Org","twitter_site":"@Cgfmanet_Org","twitter_misc":{"Escrito por":"Redazione","Tiempo de lectura":"1 minuto"},"schema":{"@context":"https:\/\/schema.org","@graph":[{"@type":"Article","@id":"https:\/\/www.cgfmanet.org\/es\/ifma-es\/escribe-aqui-tu-gracias-madre-por\/#article","isPartOf":{"@id":"https:\/\/www.cgfmanet.org\/es\/ifma-es\/escribe-aqui-tu-gracias-madre-por\/"},"author":{"name":"Redazione","@id":"https:\/\/www.cgfmanet.org\/es\/#\/schema\/person\/703c410f03e282e766dab407c5be96fe"},"headline":"Escribe aqu\u00ed tu #Gracias Madre por\u2026","datePublished":"2021-04-24T09:26:51+00:00","mainEntityOfPage":{"@id":"https:\/\/www.cgfmanet.org\/es\/ifma-es\/escribe-aqui-tu-gracias-madre-por\/"},"wordCount":161,"commentCount":106,"publisher":{"@id":"https:\/\/www.cgfmanet.org\/es\/#organization"},"image":{"@id":"https:\/\/www.cgfmanet.org\/es\/ifma-es\/escribe-aqui-tu-gracias-madre-por\/#primaryimage"},"thumbnailUrl":"https:\/\/www.cgfmanet.org\/wp-content\/uploads\/2021\/04\/Immagine3.jpg","keywords":["Fiesta del Gracias","Madre General","RMC","Spiritualit\u00e0 Salesiana","Focus","IFMA","Roma"],"articleSection":["Carisma Salesiano","IFMA"],"inLanguage":"es","potentialAction":[{"@type":"CommentAction","name":"Comment","target":["https:\/\/www.cgfmanet.org\/es\/ifma-es\/escribe-aqui-tu-gracias-madre-por\/#respond"]}]},{"@type":"WebPage","@id":"https:\/\/www.cgfmanet.org\/es\/ifma-es\/escribe-aqui-tu-gracias-madre-por\/","url":"https:\/\/www.cgfmanet.org\/es\/ifma-es\/escribe-aqui-tu-gracias-madre-por\/","name":"Escribe aqu\u00ed tu #Gracias Madre por\u2026 &#8226; Istituto Figlie di Maria Ausiliatrice","isPartOf":{"@id":"https:\/\/www.cgfmanet.org\/es\/#website"},"primaryImageOfPage":{"@id":"https:\/\/www.cgfmanet.org\/es\/ifma-es\/escribe-aqui-tu-gracias-madre-por\/#primaryimage"},"image":{"@id":"https:\/\/www.cgfmanet.org\/es\/ifma-es\/escribe-aqui-tu-gracias-madre-por\/#primaryimage"},"thumbnailUrl":"https:\/\/www.cgfmanet.org\/wp-content\/uploads\/2021\/04\/Immagine3.jpg","datePublished":"2021-04-24T09:26:51+00:00","description":"Se celebra online, el 25 de abril de 2021, la Fiesta de la Gratitud Mundial.","breadcrumb":{"@id":"https:\/\/www.cgfmanet.org\/es\/ifma-es\/escribe-aqui-tu-gracias-madre-por\/#breadcrumb"},"inLanguage":"es","potentialAction":[{"@type":"ReadAction","target":["https:\/\/www.cgfmanet.org\/es\/ifma-es\/escribe-aqui-tu-gracias-madre-por\/"]}]},{"@type":"ImageObject","inLanguage":"es","@id":"https:\/\/www.cgfmanet.org\/es\/ifma-es\/escribe-aqui-tu-gracias-madre-por\/#primaryimage","url":"https:\/\/www.cgfmanet.org\/wp-content\/uploads\/2021\/04\/Immagine3.jpg","contentUrl":"https:\/\/www.cgfmanet.org\/wp-content\/uploads\/2021\/04\/Immagine3.jpg","width":1309,"height":711},{"@type":"BreadcrumbList","@id":"https:\/\/www.cgfmanet.org\/es\/ifma-es\/escribe-aqui-tu-gracias-madre-por\/#breadcrumb","itemListElement":[{"@type":"ListItem","position":1,"name":"Home","item":"https:\/\/www.cgfmanet.org\/es\/"},{"@type":"ListItem","position":2,"name":"Escribe aqu\u00ed tu #Gracias Madre por\u2026"}]},{"@type":"WebSite","@id":"https:\/\/www.cgfmanet.org\/es\/#website","url":"https:\/\/www.cgfmanet.org\/es\/","name":"Istituto Figlie di Maria Ausiliatrice","description":"Salesiane di Don Bosco","publisher":{"@id":"https:\/\/www.cgfmanet.org\/es\/#organization"},"potentialAction":[{"@type":"SearchAction","target":{"@type":"EntryPoint","urlTemplate":"https:\/\/www.cgfmanet.org\/es\/?s={search_term_string}"},"query-input":{"@type":"PropertyValueSpecification","valueRequired":true,"valueName":"search_term_string"}}],"inLanguage":"es"},{"@type":"Organization","@id":"https:\/\/www.cgfmanet.org\/es\/#organization","name":"Istituto Figlie di Maria Ausiliatrice","url":"https:\/\/www.cgfmanet.org\/es\/","logo":{"@type":"ImageObject","inLanguage":"es","@id":"https:\/\/www.cgfmanet.org\/es\/#\/schema\/logo\/image\/","url":"https:\/\/www.cgfmanet.org\/wp-content\/uploads\/2018\/10\/logo-fma.png","contentUrl":"https:\/\/www.cgfmanet.org\/wp-content\/uploads\/2018\/10\/logo-fma.png","width":214,"height":55,"caption":"Istituto Figlie di Maria Ausiliatrice"},"image":{"@id":"https:\/\/www.cgfmanet.org\/es\/#\/schema\/logo\/image\/"},"sameAs":["https:\/\/www.facebook.com\/salesian.sisters.of.don.bosco\/","https:\/\/x.com\/Cgfmanet_Org","https:\/\/www.youtube.com\/channel\/UCmcr8yFQBV7JXeXVxyV9y5Q"]},{"@type":"Person","@id":"https:\/\/www.cgfmanet.org\/es\/#\/schema\/person\/703c410f03e282e766dab407c5be96fe","name":"Redazione"}]}},"_links":{"self":[{"href":"https:\/\/www.cgfmanet.org\/es\/wp-json\/wp\/v2\/posts\/44308","targetHints":{"allow":["GET"]}}],"collection":[{"href":"https:\/\/www.cgfmanet.org\/es\/wp-json\/wp\/v2\/posts"}],"about":[{"href":"https:\/\/www.cgfmanet.org\/es\/wp-json\/wp\/v2\/types\/post"}],"author":[{"embeddable":true,"href":"https:\/\/www.cgfmanet.org\/es\/wp-json\/wp\/v2\/users\/19"}],"replies":[{"embeddable":true,"href":"https:\/\/www.cgfmanet.org\/es\/wp-json\/wp\/v2\/comments?post=44308"}],"version-history":[{"count":0,"href":"https:\/\/www.cgfmanet.org\/es\/wp-json\/wp\/v2\/posts\/44308\/revisions"}],"wp:featuredmedia":[{"embeddable":true,"href":"https:\/\/www.cgfmanet.org\/es\/wp-json\/wp\/v2\/media\/44296"}],"wp:attachment":[{"href":"https:\/\/www.cgfmanet.org\/es\/wp-json\/wp\/v2\/media?parent=44308"}],"wp:term":[{"taxonomy":"category","embeddable":true,"href":"https:\/\/www.cgfmanet.org\/es\/wp-json\/wp\/v2\/categories?post=44308"},{"taxonomy":"post_tag","embeddable":true,"href":"https:\/\/www.cgfmanet.org\/es\/wp-json\/wp\/v2\/tags?post=44308"}],"curies":[{"name":"wp","href":"https:\/\/api.w.org\/{rel}","templated":true}]}}