{"id":40377,"date":"2021-02-23T08:30:36","date_gmt":"2021-02-23T07:30:36","guid":{"rendered":"https:\/\/www.cgfmanet.org\/infoesfera\/visita-pastorale-del-cardinal-fridolin-rd-congo\/"},"modified":"2021-02-23T19:59:39","modified_gmt":"2021-02-23T18:59:39","slug":"visita-pastoral-del-cardenal-fridolin-rd-congo","status":"publish","type":"post","link":"https:\/\/www.cgfmanet.org\/es\/infoesfera\/visita-pastoral-del-cardenal-fridolin-rd-congo\/","title":{"rendered":"Visita pastoral del Cardenal Fridolin \u2013 RD Congo"},"content":{"rendered":"<p><strong>Lubumbashi (Rep\u00fablica Democr\u00e1tica del Congo). <\/strong>Del 2 al 10 de febrero de 2021 el Cardenal Ambongo Besungu Fridolin, Arzobispo metropolitano de Kinshasa, llev\u00f3 a cabo la visita pastoral en tres Di\u00f3cesis: Lubumbashi, Sakania-Kipushi y Kilwa-Kasenga.<\/p>\n<p>La visita se inici\u00f3 en Lubumbashi, donde el Cardenal se encontr\u00f3 con la Inspectora de la Inspector\u00eda <em>Nuestra Se\u00f1ora<\/em> de \u00c1frica (AFC) del \u00c1frica Central, sor Marie Dominique Mwema Mukato y celebr\u00f3 la S. Misa en la Catedral de los Santos Pedro y Pablo, en el d\u00eda de la Presentaci\u00f3n del Se\u00f1or, Fiesta de la Vida Consagrada<\/p>\n<p>En la homil\u00eda, invit\u00f3 a los numerosos consagrados\/as a dirigir la atenci\u00f3n al Templo, lugar querido por Dios para la consagraci\u00f3n de los hombres y s\u00edmbolo de una vida totalmente consagrada a \u00c9L; concluy\u00f3 proponiendo tres retos que la experiencia del Templo pone a la Vida Consagrada hoy:<\/p>\n<ul>\n<li><strong>La aceptaci\u00f3n de s\u00ed.<\/strong> Es la capacidad de vivir delante de Dios seg\u00fan los medios y las condiciones de que se dispone para ser felices como consagrados.<\/li>\n<li><strong>Promover la fraternidad.<\/strong> \u201c<em>Es importante no relegar la fraternidad al interior de las estructuras religiosas.\u201d \u2013 <\/em>afirm\u00f3 Su Eminencia<em> \u2013 \u201cAcercarse y escuchar a todos (cfr Fratelli tutti). El Papa, sobre todo en este tiempo de pandemia de la Covid-19, nos exhorta a ser Samaritanos para nuestros hermanos y hermanas\u201d.<\/em><\/li>\n<li><strong>Dar la prioridad a Dios.<\/strong> \u201cEn <em>1Cor 6,19-20 San Pablo dice que somos templo del Esp\u00edritu Santo: debemos por tanto obedecer como los padres de Jes\u00fas, dejarnos conducir por \u00c9l como Sime\u00f3n y Ana, que dedicaron tiempo para hablar con \u00c9l (plegaria) y para hablar de \u00c9l (evangelizaci\u00f3n)\u201c.<\/em><\/li>\n<\/ul>\n<p>Del 3 al 5 de febrero de 2021, el Cardenal lleg\u00f3 a la Di\u00f3cesis de Sakania-Kipushi. En el aeropuerto de Sakania estaban presentes las autoridades religiosas, pol\u00edticas y administrativas. Desde la estaci\u00f3n de ferrocarril, puerta de entrada de los primeros misioneros salesianos, una multitud festiva lo acompa\u00f1\u00f3 en procesi\u00f3n hasta la parroquia, donde tuvo lugar la Celebraci\u00f3n Eucar\u00edstica. El Cardenal Fridolin expres\u00f3 el gozo por el testimonio de la gente y anim\u00f3 a mantener viva la fe, sin temor a mostrarse cat\u00f3licos.<\/p>\n<p>De Sakania se traslad\u00f3 a Kasumbalesa, donde salud\u00f3 a los cristianos y bendijo la c\u00e1mara mortuoria del Centro Sanitario <em>N.S. de Lourdes<\/em> de las FMA, en presencia del Gobernador Jacques Kyabula, que hizo este don a la poblaci\u00f3n. A continuaci\u00f3n, fue acogido por los cristianos de Kasumbalesa en la parroquia de San Giacomo.<\/p>\n<p>Despu\u00e9s lleg\u00f3 a Kipushi para visitar la Di\u00f3cesis de Sakania-Kipushi, y a continuaci\u00f3n se dirigi\u00f3 a la Di\u00f3cesis de Kilwa-Kasenga, donde empez\u00f3 por Kashobwe, sigui\u00f3 en Kilwa, y finalmente en Kasenga, donde celebr\u00f3 la Santa Misa en la iglesia de la Santa Cruz. Encontr\u00e1ndose con los consagrados\/as de esta Di\u00f3cesis, les dio las gracias por el trabajo y la cercan\u00eda a los cristianos en condiciones dif\u00edciles y los inst\u00f3 a mantenerse firmes en su identidad de religiosos consagrados.<\/p>\n<p>La visita pastoral del Cardenal Ambongo Besungu Fridolin concluy\u00f3 el 10 de febrero de 2021, con la Celebraci\u00f3n de la Eucarist\u00eda en la Catedral de los Santos Pedro y Pablo de Lubumbashi, en la que dio las gracias a todos los fieles, anim\u00e1ndolos a vivir como hermanos y hermanas all\u00ed donde se encuentren.<\/p>\n<p>El Cardenal expres\u00f3 tambi\u00e9n su gratitud a las Hijas de Mar\u00eda Auxiliadora de la Inspector\u00eda AFC, que lo acompa\u00f1aron en todos los pasos de su visita.<\/p>\n<p><img decoding=\"async\" class=\"size-full wp-image-40368 aligncenter lazyload\" data-src=\"https:\/\/www.cgfmanet.org\/wp-content\/uploads\/2021\/02\/Cardinale-e-FMA-RD-Congo.jpg\" alt=\"\" width=\"1038\" height=\"525\" data-srcset=\"https:\/\/www.cgfmanet.org\/wp-content\/uploads\/2021\/02\/Cardinale-e-FMA-RD-Congo.jpg 1038w, https:\/\/www.cgfmanet.org\/wp-content\/uploads\/2021\/02\/Cardinale-e-FMA-RD-Congo-768x388.jpg 768w, https:\/\/www.cgfmanet.org\/wp-content\/uploads\/2021\/02\/Cardinale-e-FMA-RD-Congo-696x352.jpg 696w, https:\/\/www.cgfmanet.org\/wp-content\/uploads\/2021\/02\/Cardinale-e-FMA-RD-Congo-830x420.jpg 830w\" data-sizes=\"auto\" src=\"data:image\/svg+xml;base64,PHN2ZyB3aWR0aD0iMSIgaGVpZ2h0PSIxIiB4bWxucz0iaHR0cDovL3d3dy53My5vcmcvMjAwMC9zdmciPjwvc3ZnPg==\" style=\"--smush-placeholder-width: 1038px; --smush-placeholder-aspect-ratio: 1038\/525;\" data-original-sizes=\"(max-width: 1038px) 100vw, 1038px\" \/><\/p>\n","protected":false},"excerpt":{"rendered":"<p>Del 2 al 10 de febrero de 2021, el Cardenal Ambongo Besungu Frodolin, Arzobispo metropolitano de Kinshasa, llev\u00f3 a cabo la visita pastoral en tres Di\u00f3cesis de la Rep\u00fablica Democr\u00e1tica del Congo.<\/p>\n","protected":false},"author":21,"featured_media":40367,"comment_status":"open","ping_status":"closed","sticky":false,"template":"","format":"standard","meta":{"footnotes":""},"categories":[39,191],"tags":[895,1670,1931],"class_list":["post-40377","post","type-post","status-publish","format-standard","has-post-thumbnail","category-infoesfera","category-iglesia","tag-afc-es","tag-carisma-salesiano-es","tag-focus-es"],"yoast_head":"<!-- This site is optimized with the Yoast SEO plugin v27.4 - https:\/\/yoast.com\/product\/yoast-seo-wordpress\/ -->\n<title>Visita pastoral del Cardenal Fridolin \u2013 RD Congo &#8226; Istituto Figlie di Maria Ausiliatrice<\/title>\n<meta name=\"description\" content=\"Del 2 al 10 de febrero de 2021, el Cardenal Ambongo Besungu Frodolin, Arzobispo metropolitano de Kinshasa, llev\u00f3 a cabo la visita pastoral en tres Di\u00f3cesis de la Rep\u00fablica Democr\u00e1tica del Congo.\" \/>\n<meta name=\"robots\" content=\"index, follow, max-snippet:-1, max-image-preview:large, max-video-preview:-1\" \/>\n<link rel=\"canonical\" href=\"https:\/\/www.cgfmanet.org\/es\/infoesfera\/visita-pastoral-del-cardenal-fridolin-rd-congo\/\" \/>\n<meta property=\"og:locale\" content=\"es_ES\" \/>\n<meta property=\"og:type\" content=\"article\" \/>\n<meta property=\"og:title\" content=\"Visita pastoral del Cardenal Fridolin \u2013 RD Congo &#8226; Istituto Figlie di Maria Ausiliatrice\" \/>\n<meta property=\"og:description\" content=\"Del 2 al 10 de febrero de 2021, el Cardenal Ambongo Besungu Frodolin, Arzobispo metropolitano de Kinshasa, llev\u00f3 a cabo la visita pastoral en tres Di\u00f3cesis de la Rep\u00fablica Democr\u00e1tica del Congo.\" \/>\n<meta property=\"og:url\" content=\"https:\/\/www.cgfmanet.org\/es\/infoesfera\/visita-pastoral-del-cardenal-fridolin-rd-congo\/\" \/>\n<meta property=\"og:site_name\" content=\"Istituto Figlie di Maria Ausiliatrice\" \/>\n<meta property=\"article:publisher\" content=\"https:\/\/www.facebook.com\/salesian.sisters.of.don.bosco\/\" \/>\n<meta property=\"article:published_time\" content=\"2021-02-23T07:30:36+00:00\" \/>\n<meta property=\"article:modified_time\" content=\"2021-02-23T18:59:39+00:00\" \/>\n<meta property=\"og:image\" content=\"https:\/\/www.cgfmanet.org\/wp-content\/uploads\/2021\/02\/Visita-Cardinale-RD-Congo.jpg\" \/>\n\t<meta property=\"og:image:width\" content=\"787\" \/>\n\t<meta property=\"og:image:height\" content=\"525\" \/>\n\t<meta property=\"og:image:type\" content=\"image\/jpeg\" \/>\n<meta name=\"author\" content=\"Redazione\" \/>\n<meta name=\"twitter:card\" content=\"summary_large_image\" \/>\n<meta name=\"twitter:creator\" content=\"@Cgfmanet_Org\" \/>\n<meta name=\"twitter:site\" content=\"@Cgfmanet_Org\" \/>\n<meta name=\"twitter:label1\" content=\"Escrito por\" \/>\n\t<meta name=\"twitter:data1\" content=\"Redazione\" \/>\n\t<meta name=\"twitter:label2\" content=\"Tiempo de lectura\" \/>\n\t<meta name=\"twitter:data2\" content=\"3 minutos\" \/>\n<script type=\"application\/ld+json\" class=\"yoast-schema-graph\">{\"@context\":\"https:\\\/\\\/schema.org\",\"@graph\":[{\"@type\":\"Article\",\"@id\":\"https:\\\/\\\/www.cgfmanet.org\\\/es\\\/infoesfera\\\/visita-pastoral-del-cardenal-fridolin-rd-congo\\\/#article\",\"isPartOf\":{\"@id\":\"https:\\\/\\\/www.cgfmanet.org\\\/es\\\/infoesfera\\\/visita-pastoral-del-cardenal-fridolin-rd-congo\\\/\"},\"author\":{\"name\":\"Redazione\",\"@id\":\"https:\\\/\\\/www.cgfmanet.org\\\/es\\\/#\\\/schema\\\/person\\\/ce6473083f53ef0ef882cca23f0c8fb9\"},\"headline\":\"Visita pastoral del Cardenal Fridolin \u2013 RD Congo\",\"datePublished\":\"2021-02-23T07:30:36+00:00\",\"dateModified\":\"2021-02-23T18:59:39+00:00\",\"mainEntityOfPage\":{\"@id\":\"https:\\\/\\\/www.cgfmanet.org\\\/es\\\/infoesfera\\\/visita-pastoral-del-cardenal-fridolin-rd-congo\\\/\"},\"wordCount\":600,\"commentCount\":1,\"publisher\":{\"@id\":\"https:\\\/\\\/www.cgfmanet.org\\\/es\\\/#organization\"},\"image\":{\"@id\":\"https:\\\/\\\/www.cgfmanet.org\\\/es\\\/infoesfera\\\/visita-pastoral-del-cardenal-fridolin-rd-congo\\\/#primaryimage\"},\"thumbnailUrl\":\"https:\\\/\\\/www.cgfmanet.org\\\/wp-content\\\/uploads\\\/2021\\\/02\\\/Visita-Cardinale-RD-Congo.jpg\",\"keywords\":[\"AFC\",\"Carisma salesiano\",\"Focus\"],\"articleSection\":[\"Infoesfera\",\"Iglesia\"],\"inLanguage\":\"es\",\"potentialAction\":[{\"@type\":\"CommentAction\",\"name\":\"Comment\",\"target\":[\"https:\\\/\\\/www.cgfmanet.org\\\/es\\\/infoesfera\\\/visita-pastoral-del-cardenal-fridolin-rd-congo\\\/#respond\"]}]},{\"@type\":\"WebPage\",\"@id\":\"https:\\\/\\\/www.cgfmanet.org\\\/es\\\/infoesfera\\\/visita-pastoral-del-cardenal-fridolin-rd-congo\\\/\",\"url\":\"https:\\\/\\\/www.cgfmanet.org\\\/es\\\/infoesfera\\\/visita-pastoral-del-cardenal-fridolin-rd-congo\\\/\",\"name\":\"Visita pastoral del Cardenal Fridolin \u2013 RD Congo &#8226; Istituto Figlie di Maria Ausiliatrice\",\"isPartOf\":{\"@id\":\"https:\\\/\\\/www.cgfmanet.org\\\/es\\\/#website\"},\"primaryImageOfPage\":{\"@id\":\"https:\\\/\\\/www.cgfmanet.org\\\/es\\\/infoesfera\\\/visita-pastoral-del-cardenal-fridolin-rd-congo\\\/#primaryimage\"},\"image\":{\"@id\":\"https:\\\/\\\/www.cgfmanet.org\\\/es\\\/infoesfera\\\/visita-pastoral-del-cardenal-fridolin-rd-congo\\\/#primaryimage\"},\"thumbnailUrl\":\"https:\\\/\\\/www.cgfmanet.org\\\/wp-content\\\/uploads\\\/2021\\\/02\\\/Visita-Cardinale-RD-Congo.jpg\",\"datePublished\":\"2021-02-23T07:30:36+00:00\",\"dateModified\":\"2021-02-23T18:59:39+00:00\",\"description\":\"Del 2 al 10 de febrero de 2021, el Cardenal Ambongo Besungu Frodolin, Arzobispo metropolitano de Kinshasa, llev\u00f3 a cabo la visita pastoral en tres Di\u00f3cesis de la Rep\u00fablica Democr\u00e1tica del Congo.\",\"breadcrumb\":{\"@id\":\"https:\\\/\\\/www.cgfmanet.org\\\/es\\\/infoesfera\\\/visita-pastoral-del-cardenal-fridolin-rd-congo\\\/#breadcrumb\"},\"inLanguage\":\"es\",\"potentialAction\":[{\"@type\":\"ReadAction\",\"target\":[\"https:\\\/\\\/www.cgfmanet.org\\\/es\\\/infoesfera\\\/visita-pastoral-del-cardenal-fridolin-rd-congo\\\/\"]}]},{\"@type\":\"ImageObject\",\"inLanguage\":\"es\",\"@id\":\"https:\\\/\\\/www.cgfmanet.org\\\/es\\\/infoesfera\\\/visita-pastoral-del-cardenal-fridolin-rd-congo\\\/#primaryimage\",\"url\":\"https:\\\/\\\/www.cgfmanet.org\\\/wp-content\\\/uploads\\\/2021\\\/02\\\/Visita-Cardinale-RD-Congo.jpg\",\"contentUrl\":\"https:\\\/\\\/www.cgfmanet.org\\\/wp-content\\\/uploads\\\/2021\\\/02\\\/Visita-Cardinale-RD-Congo.jpg\",\"width\":787,\"height\":525},{\"@type\":\"BreadcrumbList\",\"@id\":\"https:\\\/\\\/www.cgfmanet.org\\\/es\\\/infoesfera\\\/visita-pastoral-del-cardenal-fridolin-rd-congo\\\/#breadcrumb\",\"itemListElement\":[{\"@type\":\"ListItem\",\"position\":1,\"name\":\"Home\",\"item\":\"https:\\\/\\\/www.cgfmanet.org\\\/es\\\/\"},{\"@type\":\"ListItem\",\"position\":2,\"name\":\"Visita pastoral del Cardenal Fridolin \u2013 RD Congo\"}]},{\"@type\":\"WebSite\",\"@id\":\"https:\\\/\\\/www.cgfmanet.org\\\/es\\\/#website\",\"url\":\"https:\\\/\\\/www.cgfmanet.org\\\/es\\\/\",\"name\":\"Istituto Figlie di Maria Ausiliatrice\",\"description\":\"Salesiane di Don Bosco\",\"publisher\":{\"@id\":\"https:\\\/\\\/www.cgfmanet.org\\\/es\\\/#organization\"},\"potentialAction\":[{\"@type\":\"SearchAction\",\"target\":{\"@type\":\"EntryPoint\",\"urlTemplate\":\"https:\\\/\\\/www.cgfmanet.org\\\/es\\\/?s={search_term_string}\"},\"query-input\":{\"@type\":\"PropertyValueSpecification\",\"valueRequired\":true,\"valueName\":\"search_term_string\"}}],\"inLanguage\":\"es\"},{\"@type\":\"Organization\",\"@id\":\"https:\\\/\\\/www.cgfmanet.org\\\/es\\\/#organization\",\"name\":\"Istituto Figlie di Maria Ausiliatrice\",\"url\":\"https:\\\/\\\/www.cgfmanet.org\\\/es\\\/\",\"logo\":{\"@type\":\"ImageObject\",\"inLanguage\":\"es\",\"@id\":\"https:\\\/\\\/www.cgfmanet.org\\\/es\\\/#\\\/schema\\\/logo\\\/image\\\/\",\"url\":\"https:\\\/\\\/www.cgfmanet.org\\\/wp-content\\\/uploads\\\/2018\\\/10\\\/logo-fma.png\",\"contentUrl\":\"https:\\\/\\\/www.cgfmanet.org\\\/wp-content\\\/uploads\\\/2018\\\/10\\\/logo-fma.png\",\"width\":214,\"height\":55,\"caption\":\"Istituto Figlie di Maria Ausiliatrice\"},\"image\":{\"@id\":\"https:\\\/\\\/www.cgfmanet.org\\\/es\\\/#\\\/schema\\\/logo\\\/image\\\/\"},\"sameAs\":[\"https:\\\/\\\/www.facebook.com\\\/salesian.sisters.of.don.bosco\\\/\",\"https:\\\/\\\/x.com\\\/Cgfmanet_Org\",\"https:\\\/\\\/www.youtube.com\\\/channel\\\/UCmcr8yFQBV7JXeXVxyV9y5Q\"]},{\"@type\":\"Person\",\"@id\":\"https:\\\/\\\/www.cgfmanet.org\\\/es\\\/#\\\/schema\\\/person\\\/ce6473083f53ef0ef882cca23f0c8fb9\",\"name\":\"Redazione\"}]}<\/script>\n<!-- \/ Yoast SEO plugin. -->","yoast_head_json":{"title":"Visita pastoral del Cardenal Fridolin \u2013 RD Congo &#8226; Istituto Figlie di Maria Ausiliatrice","description":"Del 2 al 10 de febrero de 2021, el Cardenal Ambongo Besungu Frodolin, Arzobispo metropolitano de Kinshasa, llev\u00f3 a cabo la visita pastoral en tres Di\u00f3cesis de la Rep\u00fablica Democr\u00e1tica del Congo.","robots":{"index":"index","follow":"follow","max-snippet":"max-snippet:-1","max-image-preview":"max-image-preview:large","max-video-preview":"max-video-preview:-1"},"canonical":"https:\/\/www.cgfmanet.org\/es\/infoesfera\/visita-pastoral-del-cardenal-fridolin-rd-congo\/","og_locale":"es_ES","og_type":"article","og_title":"Visita pastoral del Cardenal Fridolin \u2013 RD Congo &#8226; Istituto Figlie di Maria Ausiliatrice","og_description":"Del 2 al 10 de febrero de 2021, el Cardenal Ambongo Besungu Frodolin, Arzobispo metropolitano de Kinshasa, llev\u00f3 a cabo la visita pastoral en tres Di\u00f3cesis de la Rep\u00fablica Democr\u00e1tica del Congo.","og_url":"https:\/\/www.cgfmanet.org\/es\/infoesfera\/visita-pastoral-del-cardenal-fridolin-rd-congo\/","og_site_name":"Istituto Figlie di Maria Ausiliatrice","article_publisher":"https:\/\/www.facebook.com\/salesian.sisters.of.don.bosco\/","article_published_time":"2021-02-23T07:30:36+00:00","article_modified_time":"2021-02-23T18:59:39+00:00","og_image":[{"width":787,"height":525,"url":"https:\/\/www.cgfmanet.org\/wp-content\/uploads\/2021\/02\/Visita-Cardinale-RD-Congo.jpg","type":"image\/jpeg"}],"author":"Redazione","twitter_card":"summary_large_image","twitter_creator":"@Cgfmanet_Org","twitter_site":"@Cgfmanet_Org","twitter_misc":{"Escrito por":"Redazione","Tiempo de lectura":"3 minutos"},"schema":{"@context":"https:\/\/schema.org","@graph":[{"@type":"Article","@id":"https:\/\/www.cgfmanet.org\/es\/infoesfera\/visita-pastoral-del-cardenal-fridolin-rd-congo\/#article","isPartOf":{"@id":"https:\/\/www.cgfmanet.org\/es\/infoesfera\/visita-pastoral-del-cardenal-fridolin-rd-congo\/"},"author":{"name":"Redazione","@id":"https:\/\/www.cgfmanet.org\/es\/#\/schema\/person\/ce6473083f53ef0ef882cca23f0c8fb9"},"headline":"Visita pastoral del Cardenal Fridolin \u2013 RD Congo","datePublished":"2021-02-23T07:30:36+00:00","dateModified":"2021-02-23T18:59:39+00:00","mainEntityOfPage":{"@id":"https:\/\/www.cgfmanet.org\/es\/infoesfera\/visita-pastoral-del-cardenal-fridolin-rd-congo\/"},"wordCount":600,"commentCount":1,"publisher":{"@id":"https:\/\/www.cgfmanet.org\/es\/#organization"},"image":{"@id":"https:\/\/www.cgfmanet.org\/es\/infoesfera\/visita-pastoral-del-cardenal-fridolin-rd-congo\/#primaryimage"},"thumbnailUrl":"https:\/\/www.cgfmanet.org\/wp-content\/uploads\/2021\/02\/Visita-Cardinale-RD-Congo.jpg","keywords":["AFC","Carisma salesiano","Focus"],"articleSection":["Infoesfera","Iglesia"],"inLanguage":"es","potentialAction":[{"@type":"CommentAction","name":"Comment","target":["https:\/\/www.cgfmanet.org\/es\/infoesfera\/visita-pastoral-del-cardenal-fridolin-rd-congo\/#respond"]}]},{"@type":"WebPage","@id":"https:\/\/www.cgfmanet.org\/es\/infoesfera\/visita-pastoral-del-cardenal-fridolin-rd-congo\/","url":"https:\/\/www.cgfmanet.org\/es\/infoesfera\/visita-pastoral-del-cardenal-fridolin-rd-congo\/","name":"Visita pastoral del Cardenal Fridolin \u2013 RD Congo &#8226; Istituto Figlie di Maria Ausiliatrice","isPartOf":{"@id":"https:\/\/www.cgfmanet.org\/es\/#website"},"primaryImageOfPage":{"@id":"https:\/\/www.cgfmanet.org\/es\/infoesfera\/visita-pastoral-del-cardenal-fridolin-rd-congo\/#primaryimage"},"image":{"@id":"https:\/\/www.cgfmanet.org\/es\/infoesfera\/visita-pastoral-del-cardenal-fridolin-rd-congo\/#primaryimage"},"thumbnailUrl":"https:\/\/www.cgfmanet.org\/wp-content\/uploads\/2021\/02\/Visita-Cardinale-RD-Congo.jpg","datePublished":"2021-02-23T07:30:36+00:00","dateModified":"2021-02-23T18:59:39+00:00","description":"Del 2 al 10 de febrero de 2021, el Cardenal Ambongo Besungu Frodolin, Arzobispo metropolitano de Kinshasa, llev\u00f3 a cabo la visita pastoral en tres Di\u00f3cesis de la Rep\u00fablica Democr\u00e1tica del Congo.","breadcrumb":{"@id":"https:\/\/www.cgfmanet.org\/es\/infoesfera\/visita-pastoral-del-cardenal-fridolin-rd-congo\/#breadcrumb"},"inLanguage":"es","potentialAction":[{"@type":"ReadAction","target":["https:\/\/www.cgfmanet.org\/es\/infoesfera\/visita-pastoral-del-cardenal-fridolin-rd-congo\/"]}]},{"@type":"ImageObject","inLanguage":"es","@id":"https:\/\/www.cgfmanet.org\/es\/infoesfera\/visita-pastoral-del-cardenal-fridolin-rd-congo\/#primaryimage","url":"https:\/\/www.cgfmanet.org\/wp-content\/uploads\/2021\/02\/Visita-Cardinale-RD-Congo.jpg","contentUrl":"https:\/\/www.cgfmanet.org\/wp-content\/uploads\/2021\/02\/Visita-Cardinale-RD-Congo.jpg","width":787,"height":525},{"@type":"BreadcrumbList","@id":"https:\/\/www.cgfmanet.org\/es\/infoesfera\/visita-pastoral-del-cardenal-fridolin-rd-congo\/#breadcrumb","itemListElement":[{"@type":"ListItem","position":1,"name":"Home","item":"https:\/\/www.cgfmanet.org\/es\/"},{"@type":"ListItem","position":2,"name":"Visita pastoral del Cardenal Fridolin \u2013 RD Congo"}]},{"@type":"WebSite","@id":"https:\/\/www.cgfmanet.org\/es\/#website","url":"https:\/\/www.cgfmanet.org\/es\/","name":"Istituto Figlie di Maria Ausiliatrice","description":"Salesiane di Don Bosco","publisher":{"@id":"https:\/\/www.cgfmanet.org\/es\/#organization"},"potentialAction":[{"@type":"SearchAction","target":{"@type":"EntryPoint","urlTemplate":"https:\/\/www.cgfmanet.org\/es\/?s={search_term_string}"},"query-input":{"@type":"PropertyValueSpecification","valueRequired":true,"valueName":"search_term_string"}}],"inLanguage":"es"},{"@type":"Organization","@id":"https:\/\/www.cgfmanet.org\/es\/#organization","name":"Istituto Figlie di Maria Ausiliatrice","url":"https:\/\/www.cgfmanet.org\/es\/","logo":{"@type":"ImageObject","inLanguage":"es","@id":"https:\/\/www.cgfmanet.org\/es\/#\/schema\/logo\/image\/","url":"https:\/\/www.cgfmanet.org\/wp-content\/uploads\/2018\/10\/logo-fma.png","contentUrl":"https:\/\/www.cgfmanet.org\/wp-content\/uploads\/2018\/10\/logo-fma.png","width":214,"height":55,"caption":"Istituto Figlie di Maria Ausiliatrice"},"image":{"@id":"https:\/\/www.cgfmanet.org\/es\/#\/schema\/logo\/image\/"},"sameAs":["https:\/\/www.facebook.com\/salesian.sisters.of.don.bosco\/","https:\/\/x.com\/Cgfmanet_Org","https:\/\/www.youtube.com\/channel\/UCmcr8yFQBV7JXeXVxyV9y5Q"]},{"@type":"Person","@id":"https:\/\/www.cgfmanet.org\/es\/#\/schema\/person\/ce6473083f53ef0ef882cca23f0c8fb9","name":"Redazione"}]}},"_links":{"self":[{"href":"https:\/\/www.cgfmanet.org\/es\/wp-json\/wp\/v2\/posts\/40377","targetHints":{"allow":["GET"]}}],"collection":[{"href":"https:\/\/www.cgfmanet.org\/es\/wp-json\/wp\/v2\/posts"}],"about":[{"href":"https:\/\/www.cgfmanet.org\/es\/wp-json\/wp\/v2\/types\/post"}],"author":[{"embeddable":true,"href":"https:\/\/www.cgfmanet.org\/es\/wp-json\/wp\/v2\/users\/21"}],"replies":[{"embeddable":true,"href":"https:\/\/www.cgfmanet.org\/es\/wp-json\/wp\/v2\/comments?post=40377"}],"version-history":[{"count":0,"href":"https:\/\/www.cgfmanet.org\/es\/wp-json\/wp\/v2\/posts\/40377\/revisions"}],"wp:featuredmedia":[{"embeddable":true,"href":"https:\/\/www.cgfmanet.org\/es\/wp-json\/wp\/v2\/media\/40367"}],"wp:attachment":[{"href":"https:\/\/www.cgfmanet.org\/es\/wp-json\/wp\/v2\/media?parent=40377"}],"wp:term":[{"taxonomy":"category","embeddable":true,"href":"https:\/\/www.cgfmanet.org\/es\/wp-json\/wp\/v2\/categories?post=40377"},{"taxonomy":"post_tag","embeddable":true,"href":"https:\/\/www.cgfmanet.org\/es\/wp-json\/wp\/v2\/tags?post=40377"}],"curies":[{"name":"wp","href":"https:\/\/api.w.org\/{rel}","templated":true}]}}