{"id":40277,"date":"2021-02-19T12:16:57","date_gmt":"2021-02-19T11:16:57","guid":{"rendered":"https:\/\/www.cgfmanet.org\/infoesfera\/giornata-mondiale-della-giustizia-sociale\/"},"modified":"2021-02-19T19:39:16","modified_gmt":"2021-02-19T18:39:16","slug":"jornada-mundial-de-la-justicia-social","status":"publish","type":"post","link":"https:\/\/www.cgfmanet.org\/es\/infoesfera\/jornada-mundial-de-la-justicia-social\/","title":{"rendered":"Jornada Mundial de la Justicia Social"},"content":{"rendered":"<p><strong>Roma (Italia). <\/strong>El 20 de febrero de 2021 se celebra la Jornada Mundial de la Justicia Social, proclamada por la Asamblea General de las Naciones Unidas en el 2007 para sostener el compromiso de la comunidad internacional correspondiente a la eliminaci\u00f3n de la pobreza, la lucha contra la desocupaci\u00f3n, la promoci\u00f3n del trabajo digno y la justicia social para todos.<\/p>\n<p>La justicia social es un principio fundamental para la prosperidad y la coexistencia pac\u00edfica\u00a0\u00a0 en el interior y entre Pa\u00edses. EL Papa Francisco en la Enc\u00edclica <em>Fratelli tutti<\/em> dice: \u201c<em>Es posible desear un planeta que asegure tierra, casa y trabajo a todos. \u00c9ste es el verdadero camino de la paz<\/em>\u201d\u00a0 (FT 127).<\/p>\n<p>La Jornada Mundial, con el tema: \u201c<strong><em>Un llamamiento a la justicia social en la econom\u00eda digital<\/em><\/strong>\u201d, promueve el di\u00e1logo para superar la brecha digital, proporcionar oportunidades de trabajo digno y tutelar los derechos humanos.<\/p>\n<p>El comercio, los servicios y la innovaci\u00f3n tecnol\u00f3gica, han abierto nuevas oportunidades para el crecimiento de la econom\u00eda mundial y la mejora del nivel de vida en todo el mundo. Sin embargo, las crisis financieras, la pobreza, la exclusi\u00f3n y la desigualdad en el interior y entre las sociedades, no permiten a\u00fan la plena participaci\u00f3n de todos los Pa\u00edses en la econom\u00eda global.<\/p>\n<p>Esta crisis ha tenido impacto mayor en los trabajadores y las trabajadoras menos protegidos, especialmente los j\u00f3venes, ancianos y migrantes. Adem\u00e1s, la pandemia ha causado un aumento exponencial del trabajo de asistencia no retribuida de las mujeres a causa del cierre de las escuelas y de las crecientes exigencias de las personas mayores.<\/p>\n<p>En una \u00f3ptica de apoyo a las personas m\u00e1s vulnerables, la Asociaci\u00f3n del Voluntariado Internacional Mujer Educaci\u00f3n Desarrollo \u2013 <strong><a href=\"https:\/\/www.vides.org\/\" target=\"_blank\" rel=\"noopener\">VIDES<\/a><\/strong>, promovida por el Instituto de las Hijas de Mar\u00eda Auxiliadora y la <strong><a href=\"https:\/\/www.fondazionefvgs.it\/\" target=\"_blank\" rel=\"noopener\">Fundaci\u00f3n Voluntariado J\u00f3venes Solidaridad Onlus \u2013 FVGS<\/a><\/strong> promovida por VIDES internacional, operan con el fin de que la justicia social sea un principio de base en todas las actividades promovidas a favor de los derechos de los ni\u00f1os\/as y de las poblaciones ind\u00edgenas, en cada Pa\u00eds donde est\u00e1n presentes.<\/p>\n<p>El <strong>VIDES Canad\u00e1 <\/strong>organiza una serie de encuentros con los refugiados eritreos para ayudarlos en el camino de inserci\u00f3n en la sociedad local, a trav\u00e9s de cursos de lengua inglesa y tutor\u00edas para guiarlos en la b\u00fasqueda de un trabajo.<\/p>\n<p>En apoyo a los j\u00f3venes migrantes <strong>en Hait\u00ed<\/strong>, la Fundaci\u00f3n FVGS Onlus ha realizado un proyecto para dar a chicas provenientes de la Rep\u00fablica Dominicana la posibilidad de adquirir, a trav\u00e9s de cursos de cocina, pasteler\u00eda y gesti\u00f3n de un bar, las competencias necesarias para encontrar un trabajo que les haga econ\u00f3micamente aut\u00f3nomas.<\/p>\n<p>En el esp\u00edritu de Don Bosco y de una justicia social el <strong>VIDES Internacional<\/strong> ha promovido en <strong>Sud\u00e1frica<\/strong> un proyecto a favor de j\u00f3venes que est\u00e1n fuera del mercado del trabajo, promoviendo la formaci\u00f3n profesional y el desarrollo de competencias transversales con el fin de ayudarlos a encontrar una ocupaci\u00f3n.<\/p>\n<p>La Jornada Mundial de la Justicia Social es una invitaci\u00f3n a promover la justicia social, a trav\u00e9s de caminos de paz, de acogida, de integraci\u00f3n y de equidad.<\/p>\n<p style=\"text-align: center;\"><span style=\"color: #0a88ab;\"><strong>\u201c<em>No hay justicia social que pueda derivarse de la desigualdad<\/em>\u201d <\/strong><\/span><\/p>\n<p style=\"text-align: center;\"><span style=\"color: #0a88ab;\">(Papa Francisco)<\/span><\/p>\n","protected":false},"excerpt":{"rendered":"<p>El 20 de febrero de 2021 se celebra la Jornada Mundial de la Justicia Social, con el tema: \u201cUna llamada a la justicia social en la econom\u00eda digital\u201d.<\/p>\n","protected":false},"author":21,"featured_media":40270,"comment_status":"open","ping_status":"closed","sticky":false,"template":"","format":"standard","meta":{"footnotes":""},"categories":[39,199],"tags":[1123,1514,1931],"class_list":["post-40277","post","type-post","status-publish","format-standard","has-post-thumbnail","category-infoesfera","category-derechos-humanos","tag-derechos-humanos","tag-vides-es","tag-focus-es"],"yoast_head":"<!-- This site is optimized with the Yoast SEO plugin v27.4 - https:\/\/yoast.com\/product\/yoast-seo-wordpress\/ -->\n<title>Jornada Mundial de la Justicia Social &#8226; Istituto Figlie di Maria Ausiliatrice<\/title>\n<meta name=\"description\" content=\"El 20 de febrero de 2021 se celebra la Jornada Mundial de la Justicia Social, con el tema: \u201cUna llamada a la justicia social en la econom\u00eda digital\u201d.\" \/>\n<meta name=\"robots\" content=\"index, follow, max-snippet:-1, max-image-preview:large, max-video-preview:-1\" \/>\n<link rel=\"canonical\" href=\"https:\/\/www.cgfmanet.org\/es\/infoesfera\/jornada-mundial-de-la-justicia-social\/\" \/>\n<meta property=\"og:locale\" content=\"es_ES\" \/>\n<meta property=\"og:type\" content=\"article\" \/>\n<meta property=\"og:title\" content=\"Jornada Mundial de la Justicia Social &#8226; Istituto Figlie di Maria Ausiliatrice\" \/>\n<meta property=\"og:description\" content=\"El 20 de febrero de 2021 se celebra la Jornada Mundial de la Justicia Social, con el tema: \u201cUna llamada a la justicia social en la econom\u00eda digital\u201d.\" \/>\n<meta property=\"og:url\" content=\"https:\/\/www.cgfmanet.org\/es\/infoesfera\/jornada-mundial-de-la-justicia-social\/\" \/>\n<meta property=\"og:site_name\" content=\"Istituto Figlie di Maria Ausiliatrice\" \/>\n<meta property=\"article:publisher\" content=\"https:\/\/www.facebook.com\/salesian.sisters.of.don.bosco\/\" \/>\n<meta property=\"article:published_time\" content=\"2021-02-19T11:16:57+00:00\" \/>\n<meta property=\"article:modified_time\" content=\"2021-02-19T18:39:16+00:00\" \/>\n<meta property=\"og:image\" content=\"https:\/\/www.cgfmanet.org\/wp-content\/uploads\/2021\/02\/Giornata-Giustizia-Sociale.jpg\" \/>\n\t<meta property=\"og:image:width\" content=\"1200\" \/>\n\t<meta property=\"og:image:height\" content=\"800\" \/>\n\t<meta property=\"og:image:type\" content=\"image\/jpeg\" \/>\n<meta name=\"author\" content=\"Redazione\" \/>\n<meta name=\"twitter:card\" content=\"summary_large_image\" \/>\n<meta name=\"twitter:creator\" content=\"@Cgfmanet_Org\" \/>\n<meta name=\"twitter:site\" content=\"@Cgfmanet_Org\" \/>\n<meta name=\"twitter:label1\" content=\"Escrito por\" \/>\n\t<meta name=\"twitter:data1\" content=\"Redazione\" \/>\n\t<meta name=\"twitter:label2\" content=\"Tiempo de lectura\" \/>\n\t<meta name=\"twitter:data2\" content=\"3 minutos\" \/>\n<script type=\"application\/ld+json\" class=\"yoast-schema-graph\">{\"@context\":\"https:\\\/\\\/schema.org\",\"@graph\":[{\"@type\":\"Article\",\"@id\":\"https:\\\/\\\/www.cgfmanet.org\\\/es\\\/infoesfera\\\/jornada-mundial-de-la-justicia-social\\\/#article\",\"isPartOf\":{\"@id\":\"https:\\\/\\\/www.cgfmanet.org\\\/es\\\/infoesfera\\\/jornada-mundial-de-la-justicia-social\\\/\"},\"author\":{\"name\":\"Redazione\",\"@id\":\"https:\\\/\\\/www.cgfmanet.org\\\/es\\\/#\\\/schema\\\/person\\\/ce6473083f53ef0ef882cca23f0c8fb9\"},\"headline\":\"Jornada Mundial de la Justicia Social\",\"datePublished\":\"2021-02-19T11:16:57+00:00\",\"dateModified\":\"2021-02-19T18:39:16+00:00\",\"mainEntityOfPage\":{\"@id\":\"https:\\\/\\\/www.cgfmanet.org\\\/es\\\/infoesfera\\\/jornada-mundial-de-la-justicia-social\\\/\"},\"wordCount\":576,\"commentCount\":0,\"publisher\":{\"@id\":\"https:\\\/\\\/www.cgfmanet.org\\\/es\\\/#organization\"},\"image\":{\"@id\":\"https:\\\/\\\/www.cgfmanet.org\\\/es\\\/infoesfera\\\/jornada-mundial-de-la-justicia-social\\\/#primaryimage\"},\"thumbnailUrl\":\"https:\\\/\\\/www.cgfmanet.org\\\/wp-content\\\/uploads\\\/2021\\\/02\\\/Giornata-Giustizia-Sociale.jpg\",\"keywords\":[\"Derechos Humanos\",\"Vides\",\"Focus\"],\"articleSection\":[\"Infoesfera\",\"Derechos Humanos\"],\"inLanguage\":\"es\",\"potentialAction\":[{\"@type\":\"CommentAction\",\"name\":\"Comment\",\"target\":[\"https:\\\/\\\/www.cgfmanet.org\\\/es\\\/infoesfera\\\/jornada-mundial-de-la-justicia-social\\\/#respond\"]}]},{\"@type\":\"WebPage\",\"@id\":\"https:\\\/\\\/www.cgfmanet.org\\\/es\\\/infoesfera\\\/jornada-mundial-de-la-justicia-social\\\/\",\"url\":\"https:\\\/\\\/www.cgfmanet.org\\\/es\\\/infoesfera\\\/jornada-mundial-de-la-justicia-social\\\/\",\"name\":\"Jornada Mundial de la Justicia Social &#8226; Istituto Figlie di Maria Ausiliatrice\",\"isPartOf\":{\"@id\":\"https:\\\/\\\/www.cgfmanet.org\\\/es\\\/#website\"},\"primaryImageOfPage\":{\"@id\":\"https:\\\/\\\/www.cgfmanet.org\\\/es\\\/infoesfera\\\/jornada-mundial-de-la-justicia-social\\\/#primaryimage\"},\"image\":{\"@id\":\"https:\\\/\\\/www.cgfmanet.org\\\/es\\\/infoesfera\\\/jornada-mundial-de-la-justicia-social\\\/#primaryimage\"},\"thumbnailUrl\":\"https:\\\/\\\/www.cgfmanet.org\\\/wp-content\\\/uploads\\\/2021\\\/02\\\/Giornata-Giustizia-Sociale.jpg\",\"datePublished\":\"2021-02-19T11:16:57+00:00\",\"dateModified\":\"2021-02-19T18:39:16+00:00\",\"description\":\"El 20 de febrero de 2021 se celebra la Jornada Mundial de la Justicia Social, con el tema: \u201cUna llamada a la justicia social en la econom\u00eda digital\u201d.\",\"breadcrumb\":{\"@id\":\"https:\\\/\\\/www.cgfmanet.org\\\/es\\\/infoesfera\\\/jornada-mundial-de-la-justicia-social\\\/#breadcrumb\"},\"inLanguage\":\"es\",\"potentialAction\":[{\"@type\":\"ReadAction\",\"target\":[\"https:\\\/\\\/www.cgfmanet.org\\\/es\\\/infoesfera\\\/jornada-mundial-de-la-justicia-social\\\/\"]}]},{\"@type\":\"ImageObject\",\"inLanguage\":\"es\",\"@id\":\"https:\\\/\\\/www.cgfmanet.org\\\/es\\\/infoesfera\\\/jornada-mundial-de-la-justicia-social\\\/#primaryimage\",\"url\":\"https:\\\/\\\/www.cgfmanet.org\\\/wp-content\\\/uploads\\\/2021\\\/02\\\/Giornata-Giustizia-Sociale.jpg\",\"contentUrl\":\"https:\\\/\\\/www.cgfmanet.org\\\/wp-content\\\/uploads\\\/2021\\\/02\\\/Giornata-Giustizia-Sociale.jpg\",\"width\":1200,\"height\":800},{\"@type\":\"BreadcrumbList\",\"@id\":\"https:\\\/\\\/www.cgfmanet.org\\\/es\\\/infoesfera\\\/jornada-mundial-de-la-justicia-social\\\/#breadcrumb\",\"itemListElement\":[{\"@type\":\"ListItem\",\"position\":1,\"name\":\"Home\",\"item\":\"https:\\\/\\\/www.cgfmanet.org\\\/es\\\/\"},{\"@type\":\"ListItem\",\"position\":2,\"name\":\"Jornada Mundial de la Justicia Social\"}]},{\"@type\":\"WebSite\",\"@id\":\"https:\\\/\\\/www.cgfmanet.org\\\/es\\\/#website\",\"url\":\"https:\\\/\\\/www.cgfmanet.org\\\/es\\\/\",\"name\":\"Istituto Figlie di Maria Ausiliatrice\",\"description\":\"Salesiane di Don Bosco\",\"publisher\":{\"@id\":\"https:\\\/\\\/www.cgfmanet.org\\\/es\\\/#organization\"},\"potentialAction\":[{\"@type\":\"SearchAction\",\"target\":{\"@type\":\"EntryPoint\",\"urlTemplate\":\"https:\\\/\\\/www.cgfmanet.org\\\/es\\\/?s={search_term_string}\"},\"query-input\":{\"@type\":\"PropertyValueSpecification\",\"valueRequired\":true,\"valueName\":\"search_term_string\"}}],\"inLanguage\":\"es\"},{\"@type\":\"Organization\",\"@id\":\"https:\\\/\\\/www.cgfmanet.org\\\/es\\\/#organization\",\"name\":\"Istituto Figlie di Maria Ausiliatrice\",\"url\":\"https:\\\/\\\/www.cgfmanet.org\\\/es\\\/\",\"logo\":{\"@type\":\"ImageObject\",\"inLanguage\":\"es\",\"@id\":\"https:\\\/\\\/www.cgfmanet.org\\\/es\\\/#\\\/schema\\\/logo\\\/image\\\/\",\"url\":\"https:\\\/\\\/www.cgfmanet.org\\\/wp-content\\\/uploads\\\/2018\\\/10\\\/logo-fma.png\",\"contentUrl\":\"https:\\\/\\\/www.cgfmanet.org\\\/wp-content\\\/uploads\\\/2018\\\/10\\\/logo-fma.png\",\"width\":214,\"height\":55,\"caption\":\"Istituto Figlie di Maria Ausiliatrice\"},\"image\":{\"@id\":\"https:\\\/\\\/www.cgfmanet.org\\\/es\\\/#\\\/schema\\\/logo\\\/image\\\/\"},\"sameAs\":[\"https:\\\/\\\/www.facebook.com\\\/salesian.sisters.of.don.bosco\\\/\",\"https:\\\/\\\/x.com\\\/Cgfmanet_Org\",\"https:\\\/\\\/www.youtube.com\\\/channel\\\/UCmcr8yFQBV7JXeXVxyV9y5Q\"]},{\"@type\":\"Person\",\"@id\":\"https:\\\/\\\/www.cgfmanet.org\\\/es\\\/#\\\/schema\\\/person\\\/ce6473083f53ef0ef882cca23f0c8fb9\",\"name\":\"Redazione\"}]}<\/script>\n<!-- \/ Yoast SEO plugin. -->","yoast_head_json":{"title":"Jornada Mundial de la Justicia Social &#8226; Istituto Figlie di Maria Ausiliatrice","description":"El 20 de febrero de 2021 se celebra la Jornada Mundial de la Justicia Social, con el tema: \u201cUna llamada a la justicia social en la econom\u00eda digital\u201d.","robots":{"index":"index","follow":"follow","max-snippet":"max-snippet:-1","max-image-preview":"max-image-preview:large","max-video-preview":"max-video-preview:-1"},"canonical":"https:\/\/www.cgfmanet.org\/es\/infoesfera\/jornada-mundial-de-la-justicia-social\/","og_locale":"es_ES","og_type":"article","og_title":"Jornada Mundial de la Justicia Social &#8226; Istituto Figlie di Maria Ausiliatrice","og_description":"El 20 de febrero de 2021 se celebra la Jornada Mundial de la Justicia Social, con el tema: \u201cUna llamada a la justicia social en la econom\u00eda digital\u201d.","og_url":"https:\/\/www.cgfmanet.org\/es\/infoesfera\/jornada-mundial-de-la-justicia-social\/","og_site_name":"Istituto Figlie di Maria Ausiliatrice","article_publisher":"https:\/\/www.facebook.com\/salesian.sisters.of.don.bosco\/","article_published_time":"2021-02-19T11:16:57+00:00","article_modified_time":"2021-02-19T18:39:16+00:00","og_image":[{"width":1200,"height":800,"url":"https:\/\/www.cgfmanet.org\/wp-content\/uploads\/2021\/02\/Giornata-Giustizia-Sociale.jpg","type":"image\/jpeg"}],"author":"Redazione","twitter_card":"summary_large_image","twitter_creator":"@Cgfmanet_Org","twitter_site":"@Cgfmanet_Org","twitter_misc":{"Escrito por":"Redazione","Tiempo de lectura":"3 minutos"},"schema":{"@context":"https:\/\/schema.org","@graph":[{"@type":"Article","@id":"https:\/\/www.cgfmanet.org\/es\/infoesfera\/jornada-mundial-de-la-justicia-social\/#article","isPartOf":{"@id":"https:\/\/www.cgfmanet.org\/es\/infoesfera\/jornada-mundial-de-la-justicia-social\/"},"author":{"name":"Redazione","@id":"https:\/\/www.cgfmanet.org\/es\/#\/schema\/person\/ce6473083f53ef0ef882cca23f0c8fb9"},"headline":"Jornada Mundial de la Justicia Social","datePublished":"2021-02-19T11:16:57+00:00","dateModified":"2021-02-19T18:39:16+00:00","mainEntityOfPage":{"@id":"https:\/\/www.cgfmanet.org\/es\/infoesfera\/jornada-mundial-de-la-justicia-social\/"},"wordCount":576,"commentCount":0,"publisher":{"@id":"https:\/\/www.cgfmanet.org\/es\/#organization"},"image":{"@id":"https:\/\/www.cgfmanet.org\/es\/infoesfera\/jornada-mundial-de-la-justicia-social\/#primaryimage"},"thumbnailUrl":"https:\/\/www.cgfmanet.org\/wp-content\/uploads\/2021\/02\/Giornata-Giustizia-Sociale.jpg","keywords":["Derechos Humanos","Vides","Focus"],"articleSection":["Infoesfera","Derechos Humanos"],"inLanguage":"es","potentialAction":[{"@type":"CommentAction","name":"Comment","target":["https:\/\/www.cgfmanet.org\/es\/infoesfera\/jornada-mundial-de-la-justicia-social\/#respond"]}]},{"@type":"WebPage","@id":"https:\/\/www.cgfmanet.org\/es\/infoesfera\/jornada-mundial-de-la-justicia-social\/","url":"https:\/\/www.cgfmanet.org\/es\/infoesfera\/jornada-mundial-de-la-justicia-social\/","name":"Jornada Mundial de la Justicia Social &#8226; Istituto Figlie di Maria Ausiliatrice","isPartOf":{"@id":"https:\/\/www.cgfmanet.org\/es\/#website"},"primaryImageOfPage":{"@id":"https:\/\/www.cgfmanet.org\/es\/infoesfera\/jornada-mundial-de-la-justicia-social\/#primaryimage"},"image":{"@id":"https:\/\/www.cgfmanet.org\/es\/infoesfera\/jornada-mundial-de-la-justicia-social\/#primaryimage"},"thumbnailUrl":"https:\/\/www.cgfmanet.org\/wp-content\/uploads\/2021\/02\/Giornata-Giustizia-Sociale.jpg","datePublished":"2021-02-19T11:16:57+00:00","dateModified":"2021-02-19T18:39:16+00:00","description":"El 20 de febrero de 2021 se celebra la Jornada Mundial de la Justicia Social, con el tema: \u201cUna llamada a la justicia social en la econom\u00eda digital\u201d.","breadcrumb":{"@id":"https:\/\/www.cgfmanet.org\/es\/infoesfera\/jornada-mundial-de-la-justicia-social\/#breadcrumb"},"inLanguage":"es","potentialAction":[{"@type":"ReadAction","target":["https:\/\/www.cgfmanet.org\/es\/infoesfera\/jornada-mundial-de-la-justicia-social\/"]}]},{"@type":"ImageObject","inLanguage":"es","@id":"https:\/\/www.cgfmanet.org\/es\/infoesfera\/jornada-mundial-de-la-justicia-social\/#primaryimage","url":"https:\/\/www.cgfmanet.org\/wp-content\/uploads\/2021\/02\/Giornata-Giustizia-Sociale.jpg","contentUrl":"https:\/\/www.cgfmanet.org\/wp-content\/uploads\/2021\/02\/Giornata-Giustizia-Sociale.jpg","width":1200,"height":800},{"@type":"BreadcrumbList","@id":"https:\/\/www.cgfmanet.org\/es\/infoesfera\/jornada-mundial-de-la-justicia-social\/#breadcrumb","itemListElement":[{"@type":"ListItem","position":1,"name":"Home","item":"https:\/\/www.cgfmanet.org\/es\/"},{"@type":"ListItem","position":2,"name":"Jornada Mundial de la Justicia Social"}]},{"@type":"WebSite","@id":"https:\/\/www.cgfmanet.org\/es\/#website","url":"https:\/\/www.cgfmanet.org\/es\/","name":"Istituto Figlie di Maria Ausiliatrice","description":"Salesiane di Don Bosco","publisher":{"@id":"https:\/\/www.cgfmanet.org\/es\/#organization"},"potentialAction":[{"@type":"SearchAction","target":{"@type":"EntryPoint","urlTemplate":"https:\/\/www.cgfmanet.org\/es\/?s={search_term_string}"},"query-input":{"@type":"PropertyValueSpecification","valueRequired":true,"valueName":"search_term_string"}}],"inLanguage":"es"},{"@type":"Organization","@id":"https:\/\/www.cgfmanet.org\/es\/#organization","name":"Istituto Figlie di Maria Ausiliatrice","url":"https:\/\/www.cgfmanet.org\/es\/","logo":{"@type":"ImageObject","inLanguage":"es","@id":"https:\/\/www.cgfmanet.org\/es\/#\/schema\/logo\/image\/","url":"https:\/\/www.cgfmanet.org\/wp-content\/uploads\/2018\/10\/logo-fma.png","contentUrl":"https:\/\/www.cgfmanet.org\/wp-content\/uploads\/2018\/10\/logo-fma.png","width":214,"height":55,"caption":"Istituto Figlie di Maria Ausiliatrice"},"image":{"@id":"https:\/\/www.cgfmanet.org\/es\/#\/schema\/logo\/image\/"},"sameAs":["https:\/\/www.facebook.com\/salesian.sisters.of.don.bosco\/","https:\/\/x.com\/Cgfmanet_Org","https:\/\/www.youtube.com\/channel\/UCmcr8yFQBV7JXeXVxyV9y5Q"]},{"@type":"Person","@id":"https:\/\/www.cgfmanet.org\/es\/#\/schema\/person\/ce6473083f53ef0ef882cca23f0c8fb9","name":"Redazione"}]}},"_links":{"self":[{"href":"https:\/\/www.cgfmanet.org\/es\/wp-json\/wp\/v2\/posts\/40277","targetHints":{"allow":["GET"]}}],"collection":[{"href":"https:\/\/www.cgfmanet.org\/es\/wp-json\/wp\/v2\/posts"}],"about":[{"href":"https:\/\/www.cgfmanet.org\/es\/wp-json\/wp\/v2\/types\/post"}],"author":[{"embeddable":true,"href":"https:\/\/www.cgfmanet.org\/es\/wp-json\/wp\/v2\/users\/21"}],"replies":[{"embeddable":true,"href":"https:\/\/www.cgfmanet.org\/es\/wp-json\/wp\/v2\/comments?post=40277"}],"version-history":[{"count":0,"href":"https:\/\/www.cgfmanet.org\/es\/wp-json\/wp\/v2\/posts\/40277\/revisions"}],"wp:featuredmedia":[{"embeddable":true,"href":"https:\/\/www.cgfmanet.org\/es\/wp-json\/wp\/v2\/media\/40270"}],"wp:attachment":[{"href":"https:\/\/www.cgfmanet.org\/es\/wp-json\/wp\/v2\/media?parent=40277"}],"wp:term":[{"taxonomy":"category","embeddable":true,"href":"https:\/\/www.cgfmanet.org\/es\/wp-json\/wp\/v2\/categories?post=40277"},{"taxonomy":"post_tag","embeddable":true,"href":"https:\/\/www.cgfmanet.org\/es\/wp-json\/wp\/v2\/tags?post=40277"}],"curies":[{"name":"wp","href":"https:\/\/api.w.org\/{rel}","templated":true}]}}