{"id":38135,"date":"2021-01-12T22:25:24","date_gmt":"2021-01-12T21:25:24","guid":{"rendered":"https:\/\/www.cgfmanet.org\/infoesfera\/con-te-nella-gioia-madre-yvonne\/"},"modified":"2021-01-13T11:07:35","modified_gmt":"2021-01-13T10:07:35","slug":"contigo-en-la-alegria-madre-yvonne","status":"publish","type":"post","link":"https:\/\/www.cgfmanet.org\/es\/ifma-es\/contigo-en-la-alegria-madre-yvonne\/","title":{"rendered":"\u00a1Contigo en la alegr\u00eda, Madre Yvonne!"},"content":{"rendered":"<p><strong>Roma (Italia). <\/strong><em>\u00a1Felicidades, Madre Yvonne!<\/em> El Instituto de las Hijas de Mar\u00eda Auxiliadora celebra, el 14 de enero de 2021, la Fiesta de la Vida de Sor Yvonne Reungoat, Superiora General del Instituto de las Hijas de Mar\u00eda Auxiliadora desde el 2008 y Presidenta de la Uni\u00f3n de Superiores Mayores de Italia (USMI) desde el 2018.<\/p>\n<p>Las Comunidades de las Hijas de Mar\u00eda Auxiliadora, los laicos y los j\u00f3venes de la Familia Salesiana, expresan palabras, gestos de afecto y la plegaria por el don de su vida entregada al Instituto en la Iglesia.<\/p>\n<p>A Madre Yvonne, \u00a1gracias por el incansable servicio de animaci\u00f3n en el Instituto de las Hijas de Mar\u00eda Auxiliadora, por la invitaci\u00f3n a la paz y a la esperanza, a la acci\u00f3n educativa &#8211; evangelizadora con y para las j\u00f3venes y los j\u00f3venes m\u00e1s pobres, por el coraje de anunciar el Evangelio de la alegr\u00eda!<\/p>\n<p>Que este d\u00eda especial tenga la alegr\u00eda de la bendici\u00f3n del Se\u00f1or. Que la luz del Se\u00f1or gu\u00ede los pasos de la Madre en el camino de la vida.<\/p>\n<p><span style=\"color: #eb0263;\"><strong>\u00a1Buen cumplea\u00f1os, Madre! <\/strong><\/span><\/p>\n<p><em>Con mucha oraci\u00f3n<\/em><\/p>\n<p>Deja tu deseo por la Madre General en \u201c<strong>ESCRIBIR UN COMENTARIO<\/strong><strong>\u201d<\/strong>.<\/p>\n","protected":false},"excerpt":{"rendered":"<p>El 14 de enero de 2021 es el cumplea\u00f1os de Madre Yvonne Reungoat, Superiora General del Instituto de las Hijas de Mar\u00eda Auxiliadora.<\/p>\n","protected":false},"author":21,"featured_media":38131,"comment_status":"open","ping_status":"closed","sticky":false,"template":"","format":"standard","meta":{"footnotes":""},"categories":[167,158],"tags":[371,375,1931],"class_list":["post-38135","post","type-post","status-publish","format-standard","has-post-thumbnail","category-carisma-salesiano-es","category-ifma-es","tag-madre-general","tag-madre-yvonne-reungoat-es","tag-focus-es"],"yoast_head":"<!-- This site is optimized with the Yoast SEO plugin v27.4 - https:\/\/yoast.com\/product\/yoast-seo-wordpress\/ -->\n<title>\u00a1Contigo en la alegr\u00eda, Madre Yvonne! &#8226; Istituto Figlie di Maria Ausiliatrice<\/title>\n<meta name=\"description\" content=\"El 14 de enero de 2021 es el cumplea\u00f1os de Madre Yvonne Reungoat, Superiora General del Instituto de las Hijas de Mar\u00eda Auxiliadora.\" \/>\n<meta name=\"robots\" content=\"index, follow, max-snippet:-1, max-image-preview:large, max-video-preview:-1\" \/>\n<link rel=\"canonical\" href=\"https:\/\/www.cgfmanet.org\/es\/ifma-es\/contigo-en-la-alegria-madre-yvonne\/\" \/>\n<meta property=\"og:locale\" content=\"es_ES\" \/>\n<meta property=\"og:type\" content=\"article\" \/>\n<meta property=\"og:title\" content=\"\u00a1Contigo en la alegr\u00eda, Madre Yvonne! &#8226; Istituto Figlie di Maria Ausiliatrice\" \/>\n<meta property=\"og:description\" content=\"El 14 de enero de 2021 es el cumplea\u00f1os de Madre Yvonne Reungoat, Superiora General del Instituto de las Hijas de Mar\u00eda Auxiliadora.\" \/>\n<meta property=\"og:url\" content=\"https:\/\/www.cgfmanet.org\/es\/ifma-es\/contigo-en-la-alegria-madre-yvonne\/\" \/>\n<meta property=\"og:site_name\" content=\"Istituto Figlie di Maria Ausiliatrice\" \/>\n<meta property=\"article:publisher\" content=\"https:\/\/www.facebook.com\/salesian.sisters.of.don.bosco\/\" \/>\n<meta property=\"article:published_time\" content=\"2021-01-12T21:25:24+00:00\" \/>\n<meta property=\"article:modified_time\" content=\"2021-01-13T10:07:35+00:00\" \/>\n<meta property=\"og:image\" content=\"https:\/\/www.cgfmanet.org\/wp-content\/uploads\/2021\/01\/Compleanno-Madre_2021.jpg\" \/>\n\t<meta property=\"og:image:width\" content=\"1200\" \/>\n\t<meta property=\"og:image:height\" content=\"800\" \/>\n\t<meta property=\"og:image:type\" content=\"image\/jpeg\" \/>\n<meta name=\"author\" content=\"Redazione\" \/>\n<meta name=\"twitter:card\" content=\"summary_large_image\" \/>\n<meta name=\"twitter:creator\" content=\"@Cgfmanet_Org\" \/>\n<meta name=\"twitter:site\" content=\"@Cgfmanet_Org\" \/>\n<meta name=\"twitter:label1\" content=\"Escrito por\" \/>\n\t<meta name=\"twitter:data1\" content=\"Redazione\" \/>\n\t<meta name=\"twitter:label2\" content=\"Tiempo de lectura\" \/>\n\t<meta name=\"twitter:data2\" content=\"1 minuto\" \/>\n<script type=\"application\/ld+json\" class=\"yoast-schema-graph\">{\"@context\":\"https:\\\/\\\/schema.org\",\"@graph\":[{\"@type\":\"Article\",\"@id\":\"https:\\\/\\\/www.cgfmanet.org\\\/es\\\/ifma-es\\\/contigo-en-la-alegria-madre-yvonne\\\/#article\",\"isPartOf\":{\"@id\":\"https:\\\/\\\/www.cgfmanet.org\\\/es\\\/ifma-es\\\/contigo-en-la-alegria-madre-yvonne\\\/\"},\"author\":{\"name\":\"Redazione\",\"@id\":\"https:\\\/\\\/www.cgfmanet.org\\\/es\\\/#\\\/schema\\\/person\\\/ce6473083f53ef0ef882cca23f0c8fb9\"},\"headline\":\"\u00a1Contigo en la alegr\u00eda, Madre Yvonne!\",\"datePublished\":\"2021-01-12T21:25:24+00:00\",\"dateModified\":\"2021-01-13T10:07:35+00:00\",\"mainEntityOfPage\":{\"@id\":\"https:\\\/\\\/www.cgfmanet.org\\\/es\\\/ifma-es\\\/contigo-en-la-alegria-madre-yvonne\\\/\"},\"wordCount\":218,\"commentCount\":92,\"publisher\":{\"@id\":\"https:\\\/\\\/www.cgfmanet.org\\\/es\\\/#organization\"},\"image\":{\"@id\":\"https:\\\/\\\/www.cgfmanet.org\\\/es\\\/ifma-es\\\/contigo-en-la-alegria-madre-yvonne\\\/#primaryimage\"},\"thumbnailUrl\":\"https:\\\/\\\/www.cgfmanet.org\\\/wp-content\\\/uploads\\\/2021\\\/01\\\/Compleanno-Madre_2021.jpg\",\"keywords\":[\"Madre General\",\"Madre Yvonne Reungoat\",\"Focus\"],\"articleSection\":[\"Carisma Salesiano\",\"IFMA\"],\"inLanguage\":\"es\",\"potentialAction\":[{\"@type\":\"CommentAction\",\"name\":\"Comment\",\"target\":[\"https:\\\/\\\/www.cgfmanet.org\\\/es\\\/ifma-es\\\/contigo-en-la-alegria-madre-yvonne\\\/#respond\"]}]},{\"@type\":\"WebPage\",\"@id\":\"https:\\\/\\\/www.cgfmanet.org\\\/es\\\/ifma-es\\\/contigo-en-la-alegria-madre-yvonne\\\/\",\"url\":\"https:\\\/\\\/www.cgfmanet.org\\\/es\\\/ifma-es\\\/contigo-en-la-alegria-madre-yvonne\\\/\",\"name\":\"\u00a1Contigo en la alegr\u00eda, Madre Yvonne! &#8226; Istituto Figlie di Maria Ausiliatrice\",\"isPartOf\":{\"@id\":\"https:\\\/\\\/www.cgfmanet.org\\\/es\\\/#website\"},\"primaryImageOfPage\":{\"@id\":\"https:\\\/\\\/www.cgfmanet.org\\\/es\\\/ifma-es\\\/contigo-en-la-alegria-madre-yvonne\\\/#primaryimage\"},\"image\":{\"@id\":\"https:\\\/\\\/www.cgfmanet.org\\\/es\\\/ifma-es\\\/contigo-en-la-alegria-madre-yvonne\\\/#primaryimage\"},\"thumbnailUrl\":\"https:\\\/\\\/www.cgfmanet.org\\\/wp-content\\\/uploads\\\/2021\\\/01\\\/Compleanno-Madre_2021.jpg\",\"datePublished\":\"2021-01-12T21:25:24+00:00\",\"dateModified\":\"2021-01-13T10:07:35+00:00\",\"description\":\"El 14 de enero de 2021 es el cumplea\u00f1os de Madre Yvonne Reungoat, Superiora General del Instituto de las Hijas de Mar\u00eda Auxiliadora.\",\"breadcrumb\":{\"@id\":\"https:\\\/\\\/www.cgfmanet.org\\\/es\\\/ifma-es\\\/contigo-en-la-alegria-madre-yvonne\\\/#breadcrumb\"},\"inLanguage\":\"es\",\"potentialAction\":[{\"@type\":\"ReadAction\",\"target\":[\"https:\\\/\\\/www.cgfmanet.org\\\/es\\\/ifma-es\\\/contigo-en-la-alegria-madre-yvonne\\\/\"]}]},{\"@type\":\"ImageObject\",\"inLanguage\":\"es\",\"@id\":\"https:\\\/\\\/www.cgfmanet.org\\\/es\\\/ifma-es\\\/contigo-en-la-alegria-madre-yvonne\\\/#primaryimage\",\"url\":\"https:\\\/\\\/www.cgfmanet.org\\\/wp-content\\\/uploads\\\/2021\\\/01\\\/Compleanno-Madre_2021.jpg\",\"contentUrl\":\"https:\\\/\\\/www.cgfmanet.org\\\/wp-content\\\/uploads\\\/2021\\\/01\\\/Compleanno-Madre_2021.jpg\",\"width\":1200,\"height\":800},{\"@type\":\"BreadcrumbList\",\"@id\":\"https:\\\/\\\/www.cgfmanet.org\\\/es\\\/ifma-es\\\/contigo-en-la-alegria-madre-yvonne\\\/#breadcrumb\",\"itemListElement\":[{\"@type\":\"ListItem\",\"position\":1,\"name\":\"Home\",\"item\":\"https:\\\/\\\/www.cgfmanet.org\\\/es\\\/\"},{\"@type\":\"ListItem\",\"position\":2,\"name\":\"\u00a1Contigo en la alegr\u00eda, Madre Yvonne!\"}]},{\"@type\":\"WebSite\",\"@id\":\"https:\\\/\\\/www.cgfmanet.org\\\/es\\\/#website\",\"url\":\"https:\\\/\\\/www.cgfmanet.org\\\/es\\\/\",\"name\":\"Istituto Figlie di Maria Ausiliatrice\",\"description\":\"Salesiane di Don Bosco\",\"publisher\":{\"@id\":\"https:\\\/\\\/www.cgfmanet.org\\\/es\\\/#organization\"},\"potentialAction\":[{\"@type\":\"SearchAction\",\"target\":{\"@type\":\"EntryPoint\",\"urlTemplate\":\"https:\\\/\\\/www.cgfmanet.org\\\/es\\\/?s={search_term_string}\"},\"query-input\":{\"@type\":\"PropertyValueSpecification\",\"valueRequired\":true,\"valueName\":\"search_term_string\"}}],\"inLanguage\":\"es\"},{\"@type\":\"Organization\",\"@id\":\"https:\\\/\\\/www.cgfmanet.org\\\/es\\\/#organization\",\"name\":\"Istituto Figlie di Maria Ausiliatrice\",\"url\":\"https:\\\/\\\/www.cgfmanet.org\\\/es\\\/\",\"logo\":{\"@type\":\"ImageObject\",\"inLanguage\":\"es\",\"@id\":\"https:\\\/\\\/www.cgfmanet.org\\\/es\\\/#\\\/schema\\\/logo\\\/image\\\/\",\"url\":\"https:\\\/\\\/www.cgfmanet.org\\\/wp-content\\\/uploads\\\/2018\\\/10\\\/logo-fma.png\",\"contentUrl\":\"https:\\\/\\\/www.cgfmanet.org\\\/wp-content\\\/uploads\\\/2018\\\/10\\\/logo-fma.png\",\"width\":214,\"height\":55,\"caption\":\"Istituto Figlie di Maria Ausiliatrice\"},\"image\":{\"@id\":\"https:\\\/\\\/www.cgfmanet.org\\\/es\\\/#\\\/schema\\\/logo\\\/image\\\/\"},\"sameAs\":[\"https:\\\/\\\/www.facebook.com\\\/salesian.sisters.of.don.bosco\\\/\",\"https:\\\/\\\/x.com\\\/Cgfmanet_Org\",\"https:\\\/\\\/www.youtube.com\\\/channel\\\/UCmcr8yFQBV7JXeXVxyV9y5Q\"]},{\"@type\":\"Person\",\"@id\":\"https:\\\/\\\/www.cgfmanet.org\\\/es\\\/#\\\/schema\\\/person\\\/ce6473083f53ef0ef882cca23f0c8fb9\",\"name\":\"Redazione\"}]}<\/script>\n<!-- \/ Yoast SEO plugin. -->","yoast_head_json":{"title":"\u00a1Contigo en la alegr\u00eda, Madre Yvonne! &#8226; Istituto Figlie di Maria Ausiliatrice","description":"El 14 de enero de 2021 es el cumplea\u00f1os de Madre Yvonne Reungoat, Superiora General del Instituto de las Hijas de Mar\u00eda Auxiliadora.","robots":{"index":"index","follow":"follow","max-snippet":"max-snippet:-1","max-image-preview":"max-image-preview:large","max-video-preview":"max-video-preview:-1"},"canonical":"https:\/\/www.cgfmanet.org\/es\/ifma-es\/contigo-en-la-alegria-madre-yvonne\/","og_locale":"es_ES","og_type":"article","og_title":"\u00a1Contigo en la alegr\u00eda, Madre Yvonne! &#8226; Istituto Figlie di Maria Ausiliatrice","og_description":"El 14 de enero de 2021 es el cumplea\u00f1os de Madre Yvonne Reungoat, Superiora General del Instituto de las Hijas de Mar\u00eda Auxiliadora.","og_url":"https:\/\/www.cgfmanet.org\/es\/ifma-es\/contigo-en-la-alegria-madre-yvonne\/","og_site_name":"Istituto Figlie di Maria Ausiliatrice","article_publisher":"https:\/\/www.facebook.com\/salesian.sisters.of.don.bosco\/","article_published_time":"2021-01-12T21:25:24+00:00","article_modified_time":"2021-01-13T10:07:35+00:00","og_image":[{"width":1200,"height":800,"url":"https:\/\/www.cgfmanet.org\/wp-content\/uploads\/2021\/01\/Compleanno-Madre_2021.jpg","type":"image\/jpeg"}],"author":"Redazione","twitter_card":"summary_large_image","twitter_creator":"@Cgfmanet_Org","twitter_site":"@Cgfmanet_Org","twitter_misc":{"Escrito por":"Redazione","Tiempo de lectura":"1 minuto"},"schema":{"@context":"https:\/\/schema.org","@graph":[{"@type":"Article","@id":"https:\/\/www.cgfmanet.org\/es\/ifma-es\/contigo-en-la-alegria-madre-yvonne\/#article","isPartOf":{"@id":"https:\/\/www.cgfmanet.org\/es\/ifma-es\/contigo-en-la-alegria-madre-yvonne\/"},"author":{"name":"Redazione","@id":"https:\/\/www.cgfmanet.org\/es\/#\/schema\/person\/ce6473083f53ef0ef882cca23f0c8fb9"},"headline":"\u00a1Contigo en la alegr\u00eda, Madre Yvonne!","datePublished":"2021-01-12T21:25:24+00:00","dateModified":"2021-01-13T10:07:35+00:00","mainEntityOfPage":{"@id":"https:\/\/www.cgfmanet.org\/es\/ifma-es\/contigo-en-la-alegria-madre-yvonne\/"},"wordCount":218,"commentCount":92,"publisher":{"@id":"https:\/\/www.cgfmanet.org\/es\/#organization"},"image":{"@id":"https:\/\/www.cgfmanet.org\/es\/ifma-es\/contigo-en-la-alegria-madre-yvonne\/#primaryimage"},"thumbnailUrl":"https:\/\/www.cgfmanet.org\/wp-content\/uploads\/2021\/01\/Compleanno-Madre_2021.jpg","keywords":["Madre General","Madre Yvonne Reungoat","Focus"],"articleSection":["Carisma Salesiano","IFMA"],"inLanguage":"es","potentialAction":[{"@type":"CommentAction","name":"Comment","target":["https:\/\/www.cgfmanet.org\/es\/ifma-es\/contigo-en-la-alegria-madre-yvonne\/#respond"]}]},{"@type":"WebPage","@id":"https:\/\/www.cgfmanet.org\/es\/ifma-es\/contigo-en-la-alegria-madre-yvonne\/","url":"https:\/\/www.cgfmanet.org\/es\/ifma-es\/contigo-en-la-alegria-madre-yvonne\/","name":"\u00a1Contigo en la alegr\u00eda, Madre Yvonne! &#8226; Istituto Figlie di Maria Ausiliatrice","isPartOf":{"@id":"https:\/\/www.cgfmanet.org\/es\/#website"},"primaryImageOfPage":{"@id":"https:\/\/www.cgfmanet.org\/es\/ifma-es\/contigo-en-la-alegria-madre-yvonne\/#primaryimage"},"image":{"@id":"https:\/\/www.cgfmanet.org\/es\/ifma-es\/contigo-en-la-alegria-madre-yvonne\/#primaryimage"},"thumbnailUrl":"https:\/\/www.cgfmanet.org\/wp-content\/uploads\/2021\/01\/Compleanno-Madre_2021.jpg","datePublished":"2021-01-12T21:25:24+00:00","dateModified":"2021-01-13T10:07:35+00:00","description":"El 14 de enero de 2021 es el cumplea\u00f1os de Madre Yvonne Reungoat, Superiora General del Instituto de las Hijas de Mar\u00eda Auxiliadora.","breadcrumb":{"@id":"https:\/\/www.cgfmanet.org\/es\/ifma-es\/contigo-en-la-alegria-madre-yvonne\/#breadcrumb"},"inLanguage":"es","potentialAction":[{"@type":"ReadAction","target":["https:\/\/www.cgfmanet.org\/es\/ifma-es\/contigo-en-la-alegria-madre-yvonne\/"]}]},{"@type":"ImageObject","inLanguage":"es","@id":"https:\/\/www.cgfmanet.org\/es\/ifma-es\/contigo-en-la-alegria-madre-yvonne\/#primaryimage","url":"https:\/\/www.cgfmanet.org\/wp-content\/uploads\/2021\/01\/Compleanno-Madre_2021.jpg","contentUrl":"https:\/\/www.cgfmanet.org\/wp-content\/uploads\/2021\/01\/Compleanno-Madre_2021.jpg","width":1200,"height":800},{"@type":"BreadcrumbList","@id":"https:\/\/www.cgfmanet.org\/es\/ifma-es\/contigo-en-la-alegria-madre-yvonne\/#breadcrumb","itemListElement":[{"@type":"ListItem","position":1,"name":"Home","item":"https:\/\/www.cgfmanet.org\/es\/"},{"@type":"ListItem","position":2,"name":"\u00a1Contigo en la alegr\u00eda, Madre Yvonne!"}]},{"@type":"WebSite","@id":"https:\/\/www.cgfmanet.org\/es\/#website","url":"https:\/\/www.cgfmanet.org\/es\/","name":"Istituto Figlie di Maria Ausiliatrice","description":"Salesiane di Don Bosco","publisher":{"@id":"https:\/\/www.cgfmanet.org\/es\/#organization"},"potentialAction":[{"@type":"SearchAction","target":{"@type":"EntryPoint","urlTemplate":"https:\/\/www.cgfmanet.org\/es\/?s={search_term_string}"},"query-input":{"@type":"PropertyValueSpecification","valueRequired":true,"valueName":"search_term_string"}}],"inLanguage":"es"},{"@type":"Organization","@id":"https:\/\/www.cgfmanet.org\/es\/#organization","name":"Istituto Figlie di Maria Ausiliatrice","url":"https:\/\/www.cgfmanet.org\/es\/","logo":{"@type":"ImageObject","inLanguage":"es","@id":"https:\/\/www.cgfmanet.org\/es\/#\/schema\/logo\/image\/","url":"https:\/\/www.cgfmanet.org\/wp-content\/uploads\/2018\/10\/logo-fma.png","contentUrl":"https:\/\/www.cgfmanet.org\/wp-content\/uploads\/2018\/10\/logo-fma.png","width":214,"height":55,"caption":"Istituto Figlie di Maria Ausiliatrice"},"image":{"@id":"https:\/\/www.cgfmanet.org\/es\/#\/schema\/logo\/image\/"},"sameAs":["https:\/\/www.facebook.com\/salesian.sisters.of.don.bosco\/","https:\/\/x.com\/Cgfmanet_Org","https:\/\/www.youtube.com\/channel\/UCmcr8yFQBV7JXeXVxyV9y5Q"]},{"@type":"Person","@id":"https:\/\/www.cgfmanet.org\/es\/#\/schema\/person\/ce6473083f53ef0ef882cca23f0c8fb9","name":"Redazione"}]}},"_links":{"self":[{"href":"https:\/\/www.cgfmanet.org\/es\/wp-json\/wp\/v2\/posts\/38135","targetHints":{"allow":["GET"]}}],"collection":[{"href":"https:\/\/www.cgfmanet.org\/es\/wp-json\/wp\/v2\/posts"}],"about":[{"href":"https:\/\/www.cgfmanet.org\/es\/wp-json\/wp\/v2\/types\/post"}],"author":[{"embeddable":true,"href":"https:\/\/www.cgfmanet.org\/es\/wp-json\/wp\/v2\/users\/21"}],"replies":[{"embeddable":true,"href":"https:\/\/www.cgfmanet.org\/es\/wp-json\/wp\/v2\/comments?post=38135"}],"version-history":[{"count":0,"href":"https:\/\/www.cgfmanet.org\/es\/wp-json\/wp\/v2\/posts\/38135\/revisions"}],"wp:featuredmedia":[{"embeddable":true,"href":"https:\/\/www.cgfmanet.org\/es\/wp-json\/wp\/v2\/media\/38131"}],"wp:attachment":[{"href":"https:\/\/www.cgfmanet.org\/es\/wp-json\/wp\/v2\/media?parent=38135"}],"wp:term":[{"taxonomy":"category","embeddable":true,"href":"https:\/\/www.cgfmanet.org\/es\/wp-json\/wp\/v2\/categories?post=38135"},{"taxonomy":"post_tag","embeddable":true,"href":"https:\/\/www.cgfmanet.org\/es\/wp-json\/wp\/v2\/tags?post=38135"}],"curies":[{"name":"wp","href":"https:\/\/api.w.org\/{rel}","templated":true}]}}