{"id":26155,"date":"2020-05-26T10:00:47","date_gmt":"2020-05-26T08:00:47","guid":{"rendered":"https:\/\/www.cgfmanet.org\/infoesfera\/in-sud-africa-un-aiuto-ai-piu-poveri-afm\/"},"modified":"2020-05-26T14:46:43","modified_gmt":"2020-05-26T12:46:43","slug":"en-sudafrica-una-ayuda-a-los-mas-pobres-afm","status":"publish","type":"post","link":"https:\/\/www.cgfmanet.org\/es\/infoesfera\/ciudadania\/en-sudafrica-una-ayuda-a-los-mas-pobres-afm\/","title":{"rendered":"En Sud\u00e1frica una ayuda a los m\u00e1s pobres \u2013 AFM"},"content":{"rendered":"<p><strong>Johannesburgo (Sud\u00e1frica)<\/strong> La situaci\u00f3n de <em>lockdown<\/em> debida al Coronavirus se hace siempre m\u00e1s compleja por el hecho de que las personas est\u00e1n sin trabajo y por tanto sin comida. Las Hijas de Mar\u00eda Auxiliadora de la Comunidad Beata Laura Vicu\u00f1a de Johannesburgo, de la Inspector\u00eda <em>Nuestra Se\u00f1ora de la Paz<\/em> (AFM), llevan un poco de esperanza a los pobres a trav\u00e9s de un programa de ayudas concretas.<\/p>\n<p>Los alumnos de los Centros en el \u00e1mbito del Don Bosco Educational Projects, de la Escuela Primaria <em>Laura Vicu\u00f1a<\/em> y de la Escuela Infantil <em>Santa Mar\u00eda <\/em>del Centro de Desarrollo de Finetown est\u00e1n entre los m\u00e1s pobres. Los ni\u00f1os provienen principalmente de asentamientos informales y campamentos para ocupas. El 70% est\u00e1 constituido por migrantes provenientes de los pa\u00edses vecinos y el 30% de ciudadanos sudafricanos que\u00a0 no tienen los documentos. Antes de la pandemia de Covid-19, los padres de estos ni\u00f1os no ten\u00edan un trabajo fijo y trabajaban s\u00f3lo ocasionalmente. \u00a0El <em>lockdown <\/em>les ha impedido incluso buscar \u00abresiduos\u00bb en los vertederos, para obtener algo de dinero y garantizar a sus familias lo m\u00ednimo indispensable para vivir. Su salud se resiente y este estado lleva tambi\u00e9n a consecuencias psicol\u00f3gicas. En la escuela los ni\u00f1os com\u00edan cada d\u00eda una comida completa, ahora no tienen ni siquiera esto. Vistas las condiciones actuales, se encuentran m\u00e1s vulnerables.<\/p>\n<p><strong><a href=\"https:\/\/www.cgfmanet.org\/wp-content\/uploads\/2020\/05\/Aiuti-Coronavirus_AFM_2.jpg\"><img decoding=\"async\" class=\"alignleft wp-image-26146 lazyload\" data-src=\"https:\/\/www.cgfmanet.org\/wp-content\/uploads\/2020\/05\/Aiuti-Coronavirus_AFM_2.jpg\" alt=\"Aiuti Coronavirus Sud Africa AFM\" width=\"350\" height=\"233\" data-srcset=\"https:\/\/www.cgfmanet.org\/wp-content\/uploads\/2020\/05\/Aiuti-Coronavirus_AFM_2.jpg 2362w, https:\/\/www.cgfmanet.org\/wp-content\/uploads\/2020\/05\/Aiuti-Coronavirus_AFM_2-768x512.jpg 768w, https:\/\/www.cgfmanet.org\/wp-content\/uploads\/2020\/05\/Aiuti-Coronavirus_AFM_2-1536x1024.jpg 1536w, https:\/\/www.cgfmanet.org\/wp-content\/uploads\/2020\/05\/Aiuti-Coronavirus_AFM_2-2048x1365.jpg 2048w, https:\/\/www.cgfmanet.org\/wp-content\/uploads\/2020\/05\/Aiuti-Coronavirus_AFM_2-696x464.jpg 696w, https:\/\/www.cgfmanet.org\/wp-content\/uploads\/2020\/05\/Aiuti-Coronavirus_AFM_2-630x420.jpg 630w\" data-sizes=\"auto\" src=\"data:image\/svg+xml;base64,PHN2ZyB3aWR0aD0iMSIgaGVpZ2h0PSIxIiB4bWxucz0iaHR0cDovL3d3dy53My5vcmcvMjAwMC9zdmciPjwvc3ZnPg==\" style=\"--smush-placeholder-width: 350px; --smush-placeholder-aspect-ratio: 350\/233;\" data-original-sizes=\"(max-width: 350px) 100vw, 350px\" \/><\/a><\/strong><\/p>\n<p><strong>Gracias a la Providencia llegada por medio de algunos bienhechores, las FMA han podido preparar paquetes de alimentos y distribuirlos entre el 22 y el 25 de mayo de 2020, con ocasi\u00f3n de la Fiesta de Mar\u00eda Auxiliadora, a las familias m\u00e1s pobres.<\/strong><\/p>\n<p>Los alumnos y sus padres se sienten muy felices por esta extraordinaria ayuda y han demostrado su reconocimiento a sor Motselisi Maliehe y a sor Maria Nguyen por los paquetes de alimentos recibidos, que les han permitido volver a alimentar la esperanza.<\/p>\n","protected":false},"excerpt":{"rendered":"<p>Las FMA de la Comunidad \u201cBeata Laura Vicu\u00f1a\u201d de Johanesburgo en Sud\u00e1frica, con ocasi\u00f3n de la Fiesta de Mar\u00eda Auxiliadora, distribuyen paquetes alimentarios a los m\u00e1s pobres.<\/p>\n","protected":false},"author":21,"featured_media":26145,"comment_status":"open","ping_status":"closed","sticky":false,"template":"","format":"standard","meta":{"footnotes":""},"categories":[39,195],"tags":[903,1931,1993],"class_list":["post-26155","post","type-post","status-publish","format-standard","has-post-thumbnail","category-infoesfera","category-ciudadania","tag-afm-es","tag-focus-es","tag-solidarieta-es"],"yoast_head":"<!-- This site is optimized with the Yoast SEO plugin v27.4 - https:\/\/yoast.com\/product\/yoast-seo-wordpress\/ -->\n<title>En Sud\u00e1frica una ayuda a los m\u00e1s pobres \u2013 AFM &#8226; Istituto Figlie di Maria Ausiliatrice<\/title>\n<meta name=\"description\" content=\"Las FMA de la Comunidad \u201cBeata Laura Vicu\u00f1a\u201d de Johanesburgo en Sud\u00e1frica, con ocasi\u00f3n de la Fiesta de Mar\u00eda Auxiliadora, distribuyen paquetes alimentarios a los m\u00e1s pobres.\" \/>\n<meta name=\"robots\" content=\"index, follow, max-snippet:-1, max-image-preview:large, max-video-preview:-1\" \/>\n<link rel=\"canonical\" href=\"https:\/\/www.cgfmanet.org\/es\/infoesfera\/ciudadania\/en-sudafrica-una-ayuda-a-los-mas-pobres-afm\/\" \/>\n<meta property=\"og:locale\" content=\"es_ES\" \/>\n<meta property=\"og:type\" content=\"article\" \/>\n<meta property=\"og:title\" content=\"En Sud\u00e1frica una ayuda a los m\u00e1s pobres \u2013 AFM &#8226; Istituto Figlie di Maria Ausiliatrice\" \/>\n<meta property=\"og:description\" content=\"Las FMA de la Comunidad \u201cBeata Laura Vicu\u00f1a\u201d de Johanesburgo en Sud\u00e1frica, con ocasi\u00f3n de la Fiesta de Mar\u00eda Auxiliadora, distribuyen paquetes alimentarios a los m\u00e1s pobres.\" \/>\n<meta property=\"og:url\" content=\"https:\/\/www.cgfmanet.org\/es\/infoesfera\/ciudadania\/en-sudafrica-una-ayuda-a-los-mas-pobres-afm\/\" \/>\n<meta property=\"og:site_name\" content=\"Istituto Figlie di Maria Ausiliatrice\" \/>\n<meta property=\"article:publisher\" content=\"https:\/\/www.facebook.com\/salesian.sisters.of.don.bosco\/\" \/>\n<meta property=\"article:published_time\" content=\"2020-05-26T08:00:47+00:00\" \/>\n<meta property=\"article:modified_time\" content=\"2020-05-26T12:46:43+00:00\" \/>\n<meta property=\"og:image\" content=\"https:\/\/www.cgfmanet.org\/wp-content\/uploads\/2020\/05\/Aiuti-Coronavirus_AFM.jpg\" \/>\n\t<meta property=\"og:image:width\" content=\"2362\" \/>\n\t<meta property=\"og:image:height\" content=\"1575\" \/>\n\t<meta property=\"og:image:type\" content=\"image\/jpeg\" \/>\n<meta name=\"author\" content=\"Redazione\" \/>\n<meta name=\"twitter:card\" content=\"summary_large_image\" \/>\n<meta name=\"twitter:creator\" content=\"@Cgfmanet_Org\" \/>\n<meta name=\"twitter:site\" content=\"@Cgfmanet_Org\" \/>\n<meta name=\"twitter:label1\" content=\"Escrito por\" \/>\n\t<meta name=\"twitter:data1\" content=\"Redazione\" \/>\n\t<meta name=\"twitter:label2\" content=\"Tiempo de lectura\" \/>\n\t<meta name=\"twitter:data2\" content=\"2 minutos\" \/>\n<script type=\"application\/ld+json\" class=\"yoast-schema-graph\">{\"@context\":\"https:\\\/\\\/schema.org\",\"@graph\":[{\"@type\":\"Article\",\"@id\":\"https:\\\/\\\/www.cgfmanet.org\\\/es\\\/infoesfera\\\/ciudadania\\\/en-sudafrica-una-ayuda-a-los-mas-pobres-afm\\\/#article\",\"isPartOf\":{\"@id\":\"https:\\\/\\\/www.cgfmanet.org\\\/es\\\/infoesfera\\\/ciudadania\\\/en-sudafrica-una-ayuda-a-los-mas-pobres-afm\\\/\"},\"author\":{\"name\":\"Redazione\",\"@id\":\"https:\\\/\\\/www.cgfmanet.org\\\/es\\\/#\\\/schema\\\/person\\\/ce6473083f53ef0ef882cca23f0c8fb9\"},\"headline\":\"En Sud\u00e1frica una ayuda a los m\u00e1s pobres \u2013 AFM\",\"datePublished\":\"2020-05-26T08:00:47+00:00\",\"dateModified\":\"2020-05-26T12:46:43+00:00\",\"mainEntityOfPage\":{\"@id\":\"https:\\\/\\\/www.cgfmanet.org\\\/es\\\/infoesfera\\\/ciudadania\\\/en-sudafrica-una-ayuda-a-los-mas-pobres-afm\\\/\"},\"wordCount\":339,\"commentCount\":0,\"publisher\":{\"@id\":\"https:\\\/\\\/www.cgfmanet.org\\\/es\\\/#organization\"},\"image\":{\"@id\":\"https:\\\/\\\/www.cgfmanet.org\\\/es\\\/infoesfera\\\/ciudadania\\\/en-sudafrica-una-ayuda-a-los-mas-pobres-afm\\\/#primaryimage\"},\"thumbnailUrl\":\"https:\\\/\\\/www.cgfmanet.org\\\/wp-content\\\/uploads\\\/2020\\\/05\\\/Aiuti-Coronavirus_AFM.jpg\",\"keywords\":[\"AFM\",\"Focus\",\"Solidariet\u00e0\"],\"articleSection\":[\"Infoesfera\",\"Ciudadan\u00eda\"],\"inLanguage\":\"es\",\"potentialAction\":[{\"@type\":\"CommentAction\",\"name\":\"Comment\",\"target\":[\"https:\\\/\\\/www.cgfmanet.org\\\/es\\\/infoesfera\\\/ciudadania\\\/en-sudafrica-una-ayuda-a-los-mas-pobres-afm\\\/#respond\"]}]},{\"@type\":\"WebPage\",\"@id\":\"https:\\\/\\\/www.cgfmanet.org\\\/es\\\/infoesfera\\\/ciudadania\\\/en-sudafrica-una-ayuda-a-los-mas-pobres-afm\\\/\",\"url\":\"https:\\\/\\\/www.cgfmanet.org\\\/es\\\/infoesfera\\\/ciudadania\\\/en-sudafrica-una-ayuda-a-los-mas-pobres-afm\\\/\",\"name\":\"En Sud\u00e1frica una ayuda a los m\u00e1s pobres \u2013 AFM &#8226; Istituto Figlie di Maria Ausiliatrice\",\"isPartOf\":{\"@id\":\"https:\\\/\\\/www.cgfmanet.org\\\/es\\\/#website\"},\"primaryImageOfPage\":{\"@id\":\"https:\\\/\\\/www.cgfmanet.org\\\/es\\\/infoesfera\\\/ciudadania\\\/en-sudafrica-una-ayuda-a-los-mas-pobres-afm\\\/#primaryimage\"},\"image\":{\"@id\":\"https:\\\/\\\/www.cgfmanet.org\\\/es\\\/infoesfera\\\/ciudadania\\\/en-sudafrica-una-ayuda-a-los-mas-pobres-afm\\\/#primaryimage\"},\"thumbnailUrl\":\"https:\\\/\\\/www.cgfmanet.org\\\/wp-content\\\/uploads\\\/2020\\\/05\\\/Aiuti-Coronavirus_AFM.jpg\",\"datePublished\":\"2020-05-26T08:00:47+00:00\",\"dateModified\":\"2020-05-26T12:46:43+00:00\",\"description\":\"Las FMA de la Comunidad \u201cBeata Laura Vicu\u00f1a\u201d de Johanesburgo en Sud\u00e1frica, con ocasi\u00f3n de la Fiesta de Mar\u00eda Auxiliadora, distribuyen paquetes alimentarios a los m\u00e1s pobres.\",\"breadcrumb\":{\"@id\":\"https:\\\/\\\/www.cgfmanet.org\\\/es\\\/infoesfera\\\/ciudadania\\\/en-sudafrica-una-ayuda-a-los-mas-pobres-afm\\\/#breadcrumb\"},\"inLanguage\":\"es\",\"potentialAction\":[{\"@type\":\"ReadAction\",\"target\":[\"https:\\\/\\\/www.cgfmanet.org\\\/es\\\/infoesfera\\\/ciudadania\\\/en-sudafrica-una-ayuda-a-los-mas-pobres-afm\\\/\"]}]},{\"@type\":\"ImageObject\",\"inLanguage\":\"es\",\"@id\":\"https:\\\/\\\/www.cgfmanet.org\\\/es\\\/infoesfera\\\/ciudadania\\\/en-sudafrica-una-ayuda-a-los-mas-pobres-afm\\\/#primaryimage\",\"url\":\"https:\\\/\\\/www.cgfmanet.org\\\/wp-content\\\/uploads\\\/2020\\\/05\\\/Aiuti-Coronavirus_AFM.jpg\",\"contentUrl\":\"https:\\\/\\\/www.cgfmanet.org\\\/wp-content\\\/uploads\\\/2020\\\/05\\\/Aiuti-Coronavirus_AFM.jpg\",\"width\":2362,\"height\":1575},{\"@type\":\"BreadcrumbList\",\"@id\":\"https:\\\/\\\/www.cgfmanet.org\\\/es\\\/infoesfera\\\/ciudadania\\\/en-sudafrica-una-ayuda-a-los-mas-pobres-afm\\\/#breadcrumb\",\"itemListElement\":[{\"@type\":\"ListItem\",\"position\":1,\"name\":\"Home\",\"item\":\"https:\\\/\\\/www.cgfmanet.org\\\/es\\\/\"},{\"@type\":\"ListItem\",\"position\":2,\"name\":\"En Sud\u00e1frica una ayuda a los m\u00e1s pobres \u2013 AFM\"}]},{\"@type\":\"WebSite\",\"@id\":\"https:\\\/\\\/www.cgfmanet.org\\\/es\\\/#website\",\"url\":\"https:\\\/\\\/www.cgfmanet.org\\\/es\\\/\",\"name\":\"Istituto Figlie di Maria Ausiliatrice\",\"description\":\"Salesiane di Don Bosco\",\"publisher\":{\"@id\":\"https:\\\/\\\/www.cgfmanet.org\\\/es\\\/#organization\"},\"potentialAction\":[{\"@type\":\"SearchAction\",\"target\":{\"@type\":\"EntryPoint\",\"urlTemplate\":\"https:\\\/\\\/www.cgfmanet.org\\\/es\\\/?s={search_term_string}\"},\"query-input\":{\"@type\":\"PropertyValueSpecification\",\"valueRequired\":true,\"valueName\":\"search_term_string\"}}],\"inLanguage\":\"es\"},{\"@type\":\"Organization\",\"@id\":\"https:\\\/\\\/www.cgfmanet.org\\\/es\\\/#organization\",\"name\":\"Istituto Figlie di Maria Ausiliatrice\",\"url\":\"https:\\\/\\\/www.cgfmanet.org\\\/es\\\/\",\"logo\":{\"@type\":\"ImageObject\",\"inLanguage\":\"es\",\"@id\":\"https:\\\/\\\/www.cgfmanet.org\\\/es\\\/#\\\/schema\\\/logo\\\/image\\\/\",\"url\":\"https:\\\/\\\/www.cgfmanet.org\\\/wp-content\\\/uploads\\\/2018\\\/10\\\/logo-fma.png\",\"contentUrl\":\"https:\\\/\\\/www.cgfmanet.org\\\/wp-content\\\/uploads\\\/2018\\\/10\\\/logo-fma.png\",\"width\":214,\"height\":55,\"caption\":\"Istituto Figlie di Maria Ausiliatrice\"},\"image\":{\"@id\":\"https:\\\/\\\/www.cgfmanet.org\\\/es\\\/#\\\/schema\\\/logo\\\/image\\\/\"},\"sameAs\":[\"https:\\\/\\\/www.facebook.com\\\/salesian.sisters.of.don.bosco\\\/\",\"https:\\\/\\\/x.com\\\/Cgfmanet_Org\",\"https:\\\/\\\/www.youtube.com\\\/channel\\\/UCmcr8yFQBV7JXeXVxyV9y5Q\"]},{\"@type\":\"Person\",\"@id\":\"https:\\\/\\\/www.cgfmanet.org\\\/es\\\/#\\\/schema\\\/person\\\/ce6473083f53ef0ef882cca23f0c8fb9\",\"name\":\"Redazione\"}]}<\/script>\n<!-- \/ Yoast SEO plugin. -->","yoast_head_json":{"title":"En Sud\u00e1frica una ayuda a los m\u00e1s pobres \u2013 AFM &#8226; Istituto Figlie di Maria Ausiliatrice","description":"Las FMA de la Comunidad \u201cBeata Laura Vicu\u00f1a\u201d de Johanesburgo en Sud\u00e1frica, con ocasi\u00f3n de la Fiesta de Mar\u00eda Auxiliadora, distribuyen paquetes alimentarios a los m\u00e1s pobres.","robots":{"index":"index","follow":"follow","max-snippet":"max-snippet:-1","max-image-preview":"max-image-preview:large","max-video-preview":"max-video-preview:-1"},"canonical":"https:\/\/www.cgfmanet.org\/es\/infoesfera\/ciudadania\/en-sudafrica-una-ayuda-a-los-mas-pobres-afm\/","og_locale":"es_ES","og_type":"article","og_title":"En Sud\u00e1frica una ayuda a los m\u00e1s pobres \u2013 AFM &#8226; Istituto Figlie di Maria Ausiliatrice","og_description":"Las FMA de la Comunidad \u201cBeata Laura Vicu\u00f1a\u201d de Johanesburgo en Sud\u00e1frica, con ocasi\u00f3n de la Fiesta de Mar\u00eda Auxiliadora, distribuyen paquetes alimentarios a los m\u00e1s pobres.","og_url":"https:\/\/www.cgfmanet.org\/es\/infoesfera\/ciudadania\/en-sudafrica-una-ayuda-a-los-mas-pobres-afm\/","og_site_name":"Istituto Figlie di Maria Ausiliatrice","article_publisher":"https:\/\/www.facebook.com\/salesian.sisters.of.don.bosco\/","article_published_time":"2020-05-26T08:00:47+00:00","article_modified_time":"2020-05-26T12:46:43+00:00","og_image":[{"width":2362,"height":1575,"url":"https:\/\/www.cgfmanet.org\/wp-content\/uploads\/2020\/05\/Aiuti-Coronavirus_AFM.jpg","type":"image\/jpeg"}],"author":"Redazione","twitter_card":"summary_large_image","twitter_creator":"@Cgfmanet_Org","twitter_site":"@Cgfmanet_Org","twitter_misc":{"Escrito por":"Redazione","Tiempo de lectura":"2 minutos"},"schema":{"@context":"https:\/\/schema.org","@graph":[{"@type":"Article","@id":"https:\/\/www.cgfmanet.org\/es\/infoesfera\/ciudadania\/en-sudafrica-una-ayuda-a-los-mas-pobres-afm\/#article","isPartOf":{"@id":"https:\/\/www.cgfmanet.org\/es\/infoesfera\/ciudadania\/en-sudafrica-una-ayuda-a-los-mas-pobres-afm\/"},"author":{"name":"Redazione","@id":"https:\/\/www.cgfmanet.org\/es\/#\/schema\/person\/ce6473083f53ef0ef882cca23f0c8fb9"},"headline":"En Sud\u00e1frica una ayuda a los m\u00e1s pobres \u2013 AFM","datePublished":"2020-05-26T08:00:47+00:00","dateModified":"2020-05-26T12:46:43+00:00","mainEntityOfPage":{"@id":"https:\/\/www.cgfmanet.org\/es\/infoesfera\/ciudadania\/en-sudafrica-una-ayuda-a-los-mas-pobres-afm\/"},"wordCount":339,"commentCount":0,"publisher":{"@id":"https:\/\/www.cgfmanet.org\/es\/#organization"},"image":{"@id":"https:\/\/www.cgfmanet.org\/es\/infoesfera\/ciudadania\/en-sudafrica-una-ayuda-a-los-mas-pobres-afm\/#primaryimage"},"thumbnailUrl":"https:\/\/www.cgfmanet.org\/wp-content\/uploads\/2020\/05\/Aiuti-Coronavirus_AFM.jpg","keywords":["AFM","Focus","Solidariet\u00e0"],"articleSection":["Infoesfera","Ciudadan\u00eda"],"inLanguage":"es","potentialAction":[{"@type":"CommentAction","name":"Comment","target":["https:\/\/www.cgfmanet.org\/es\/infoesfera\/ciudadania\/en-sudafrica-una-ayuda-a-los-mas-pobres-afm\/#respond"]}]},{"@type":"WebPage","@id":"https:\/\/www.cgfmanet.org\/es\/infoesfera\/ciudadania\/en-sudafrica-una-ayuda-a-los-mas-pobres-afm\/","url":"https:\/\/www.cgfmanet.org\/es\/infoesfera\/ciudadania\/en-sudafrica-una-ayuda-a-los-mas-pobres-afm\/","name":"En Sud\u00e1frica una ayuda a los m\u00e1s pobres \u2013 AFM &#8226; Istituto Figlie di Maria Ausiliatrice","isPartOf":{"@id":"https:\/\/www.cgfmanet.org\/es\/#website"},"primaryImageOfPage":{"@id":"https:\/\/www.cgfmanet.org\/es\/infoesfera\/ciudadania\/en-sudafrica-una-ayuda-a-los-mas-pobres-afm\/#primaryimage"},"image":{"@id":"https:\/\/www.cgfmanet.org\/es\/infoesfera\/ciudadania\/en-sudafrica-una-ayuda-a-los-mas-pobres-afm\/#primaryimage"},"thumbnailUrl":"https:\/\/www.cgfmanet.org\/wp-content\/uploads\/2020\/05\/Aiuti-Coronavirus_AFM.jpg","datePublished":"2020-05-26T08:00:47+00:00","dateModified":"2020-05-26T12:46:43+00:00","description":"Las FMA de la Comunidad \u201cBeata Laura Vicu\u00f1a\u201d de Johanesburgo en Sud\u00e1frica, con ocasi\u00f3n de la Fiesta de Mar\u00eda Auxiliadora, distribuyen paquetes alimentarios a los m\u00e1s pobres.","breadcrumb":{"@id":"https:\/\/www.cgfmanet.org\/es\/infoesfera\/ciudadania\/en-sudafrica-una-ayuda-a-los-mas-pobres-afm\/#breadcrumb"},"inLanguage":"es","potentialAction":[{"@type":"ReadAction","target":["https:\/\/www.cgfmanet.org\/es\/infoesfera\/ciudadania\/en-sudafrica-una-ayuda-a-los-mas-pobres-afm\/"]}]},{"@type":"ImageObject","inLanguage":"es","@id":"https:\/\/www.cgfmanet.org\/es\/infoesfera\/ciudadania\/en-sudafrica-una-ayuda-a-los-mas-pobres-afm\/#primaryimage","url":"https:\/\/www.cgfmanet.org\/wp-content\/uploads\/2020\/05\/Aiuti-Coronavirus_AFM.jpg","contentUrl":"https:\/\/www.cgfmanet.org\/wp-content\/uploads\/2020\/05\/Aiuti-Coronavirus_AFM.jpg","width":2362,"height":1575},{"@type":"BreadcrumbList","@id":"https:\/\/www.cgfmanet.org\/es\/infoesfera\/ciudadania\/en-sudafrica-una-ayuda-a-los-mas-pobres-afm\/#breadcrumb","itemListElement":[{"@type":"ListItem","position":1,"name":"Home","item":"https:\/\/www.cgfmanet.org\/es\/"},{"@type":"ListItem","position":2,"name":"En Sud\u00e1frica una ayuda a los m\u00e1s pobres \u2013 AFM"}]},{"@type":"WebSite","@id":"https:\/\/www.cgfmanet.org\/es\/#website","url":"https:\/\/www.cgfmanet.org\/es\/","name":"Istituto Figlie di Maria Ausiliatrice","description":"Salesiane di Don Bosco","publisher":{"@id":"https:\/\/www.cgfmanet.org\/es\/#organization"},"potentialAction":[{"@type":"SearchAction","target":{"@type":"EntryPoint","urlTemplate":"https:\/\/www.cgfmanet.org\/es\/?s={search_term_string}"},"query-input":{"@type":"PropertyValueSpecification","valueRequired":true,"valueName":"search_term_string"}}],"inLanguage":"es"},{"@type":"Organization","@id":"https:\/\/www.cgfmanet.org\/es\/#organization","name":"Istituto Figlie di Maria Ausiliatrice","url":"https:\/\/www.cgfmanet.org\/es\/","logo":{"@type":"ImageObject","inLanguage":"es","@id":"https:\/\/www.cgfmanet.org\/es\/#\/schema\/logo\/image\/","url":"https:\/\/www.cgfmanet.org\/wp-content\/uploads\/2018\/10\/logo-fma.png","contentUrl":"https:\/\/www.cgfmanet.org\/wp-content\/uploads\/2018\/10\/logo-fma.png","width":214,"height":55,"caption":"Istituto Figlie di Maria Ausiliatrice"},"image":{"@id":"https:\/\/www.cgfmanet.org\/es\/#\/schema\/logo\/image\/"},"sameAs":["https:\/\/www.facebook.com\/salesian.sisters.of.don.bosco\/","https:\/\/x.com\/Cgfmanet_Org","https:\/\/www.youtube.com\/channel\/UCmcr8yFQBV7JXeXVxyV9y5Q"]},{"@type":"Person","@id":"https:\/\/www.cgfmanet.org\/es\/#\/schema\/person\/ce6473083f53ef0ef882cca23f0c8fb9","name":"Redazione"}]}},"_links":{"self":[{"href":"https:\/\/www.cgfmanet.org\/es\/wp-json\/wp\/v2\/posts\/26155","targetHints":{"allow":["GET"]}}],"collection":[{"href":"https:\/\/www.cgfmanet.org\/es\/wp-json\/wp\/v2\/posts"}],"about":[{"href":"https:\/\/www.cgfmanet.org\/es\/wp-json\/wp\/v2\/types\/post"}],"author":[{"embeddable":true,"href":"https:\/\/www.cgfmanet.org\/es\/wp-json\/wp\/v2\/users\/21"}],"replies":[{"embeddable":true,"href":"https:\/\/www.cgfmanet.org\/es\/wp-json\/wp\/v2\/comments?post=26155"}],"version-history":[{"count":0,"href":"https:\/\/www.cgfmanet.org\/es\/wp-json\/wp\/v2\/posts\/26155\/revisions"}],"wp:featuredmedia":[{"embeddable":true,"href":"https:\/\/www.cgfmanet.org\/es\/wp-json\/wp\/v2\/media\/26145"}],"wp:attachment":[{"href":"https:\/\/www.cgfmanet.org\/es\/wp-json\/wp\/v2\/media?parent=26155"}],"wp:term":[{"taxonomy":"category","embeddable":true,"href":"https:\/\/www.cgfmanet.org\/es\/wp-json\/wp\/v2\/categories?post=26155"},{"taxonomy":"post_tag","embeddable":true,"href":"https:\/\/www.cgfmanet.org\/es\/wp-json\/wp\/v2\/tags?post=26155"}],"curies":[{"name":"wp","href":"https:\/\/api.w.org\/{rel}","templated":true}]}}