{"id":22687,"date":"2020-04-04T00:15:47","date_gmt":"2020-04-03T22:15:47","guid":{"rendered":"https:\/\/www.cgfmanet.org\/infoesfera\/35a-giornata-mondiale-della-gioventu\/"},"modified":"2020-04-04T21:41:42","modified_gmt":"2020-04-04T19:41:42","slug":"35a-jornada-mundial-de-la-juventud","status":"publish","type":"post","link":"https:\/\/www.cgfmanet.org\/es\/infoesfera\/iglesia\/35a-jornada-mundial-de-la-juventud\/","title":{"rendered":"35a Jornada Mundial de la Juventud"},"content":{"rendered":"<p><strong>Roma (Italia)<\/strong> El \u00a05 de abril de 2020, Domingo de Ramos, se celebra la 35<sup>a<\/sup> Jornada Mundial de la Juventud, la primera de tres etapas del camino que llevar\u00e1 al encuentro mundial de Lisboa (Portugal) en el 2022. Aunque este a\u00f1o, a causa de la pandemia, la Plaza de San Pedro estar\u00e1 vac\u00eda y no contar\u00e1 con la presencia f\u00edsica de los j\u00f3venes en las procesiones y en los encuentros diocesanos, las tecnolog\u00edas permiten no perder la cita.<\/p>\n<p>Il <a href=\"http:\/\/www.vatican.va\/content\/francesco\/es\/messages\/youth\/documents\/papa-francesco_20200211_messaggio-giovani_2020.html\" target=\"_blank\" rel=\"noopener noreferrer\">Messaggio del Papa Francesco<\/a> que acompa\u00f1a esta jornada, con el t\u00edtulo <strong>\u201cJoven, a ti te lo digo, lev\u00e1ntate!\u201d<\/strong> (Lc7,14), resuena en su actualidad respecto a la epidemia de Coronavirus reclamando a partir del t\u00edtulo\u00a0 &#8211; \u201c<strong>Joven, a ti te lo digo, lev\u00e1ntate!\u201d<\/strong> (Lc 7,14) a no conformarse con una situaci\u00f3n que corre el riesgo de apagar el entusiasmo o cerrarse en s\u00ed mismos, como el Papa recuerda a los j\u00f3venes:<\/p>\n<p><em>\u201cC\u00f3mo pod\u00e9is ver, el verbo com\u00fan a los tres temas es <strong>alzarse. <\/strong>Esta expresi\u00f3n asume tambi\u00e9n el significado de <strong>resurgir, despertarse a la vida<\/strong>\u201d. <\/em>Cita despu\u00e9s la Exhortacic\u00f3n Christus vivit<em>: \u201cSi has perdido el vigor interior, los sue\u00f1os, el entusiasmo, la esperanza y la generosidad, ante ti se presenta Jes\u00fas como se present\u00f3 delante del hijo muerto de la viuda, y con toda su potencia de Resucitado el Se\u00f1or te exhorta: \u201cJoven, a ti te lo digo, lev\u00e1ntate!\u201d <\/em>(CV n. 20).<\/p>\n<p>La indicaci\u00f3n taxativa de quedarse en casa no permite ciertamente alzarse y salir para dedicarse a los otros de los modos habituales, pero puede ser ocasi\u00f3n para convertir los propios sentidos, para mirar la realidad con ojos distintos: \u201cY mi <strong>mirada<\/strong>, \u00bfc\u00f3mo es? <em>(&#8230;) \u00a1Cu\u00e1ntas veces hoy nos pasa que somos testimonios oculares de muchos eventos, pero sin experimentarlos en vivo! A veces nuestra primera reacci\u00f3n es <\/em><em>filmar la escena con un tel\u00e9fono m\u00f3vil, quiz\u00e1s dejando de lado a las personas implicadas\u201d.\u00a0 <\/em><\/p>\n<p><em>En\u00a0 este tiempo estamos asistiendo tambi\u00e9n a muchas manifestaciones de solidaridad de parte de los j\u00f3venes, que se ofrecen para ir a hacer la compra a quienes no pueden moverse, \u00a0o no pueden procurarse los bienes intelectuales \u00fatiles para esta emergencia: \u201cEn muchas ocasiones vosotros j\u00f3venes demostr\u00e1is <\/em>\u00a0<em>que sab\u00e9is c\u00f3mo lidiar. Basta ver cu\u00e1ntos de vosotros os dais con generosidad cuando las circunstancias lo requieren<\/em>. <strong><em>No hay desastre, terremoto, aluvi\u00f3n que no vea multitudes de j\u00f3venes voluntarios hacerse disponibles a dar una mano. Tambi\u00e9n la gran movilizaci\u00f3n de j\u00f3venes que quieren defender la creaci\u00f3n da testimonio de vuestra capacidad de o\u00edr y grito de la tierra\u201d.<\/em><\/strong><\/p>\n<p><strong>Sor Runita Borja<\/strong>, Consejera para la Pastoral Juvenil del Instituto de las Hijas de Mar\u00eda Auxiliadora, en una carta a las Inspectoras y a las Coordinadoras de PJ del mundo, en vista de la Jornada Mundial de la Juventud 2020, ha querido compartir <strong>la voz de algunos j\u00f3venes que reflexionan sobre 17 Objetivos de<\/strong> <strong>Desarrollo Sostenible<\/strong> de la Agenda 2030: <em>\u201cEl a\u00f1o pasado, el \u00c1mbito para la Pastoral juvenil ha invitado a las Comunidades educativas de las Inspector\u00edas a unirse a la iniciativa, lanzada a nivel mundial, para \u201cencontrar una repuesta concordada y colectiva, compartida y responsable <strong>al desaf\u00edo de la crisis ecol\u00f3gica<\/strong> y del cambio clim\u00e1tico\u201d a trav\u00e9s del Proyecto\u201d\u00a1Juntos, podemos!\u201d Tal proyecto quiere vivir la \u201cLaudato si\u201d y llegar a los Objetivos del Desarrollo Sostenible\u201d. <\/em>Son reflexiones que interpelan a las Comunidades educativas \u2013 j\u00f3venes, laicos y FMA &#8211;\u00a0 a \u201clevantarse\u201d y a poner en acto cambios en la propia vida personal y comunitaria.<\/p>\n<p>La Inspector\u00eda Maria Auxiliadora, Espa\u00f1a \u2013 Madrid (SPA) invita a los j\u00f3venes a vivir la cita de la Jornada Mundial de la Juventud 2020 a trav\u00e9s de una <a href=\"https:\/\/salesianas.org\/wp-content\/uploads\/2020\/04\/JMJ-2020.pdf\" target=\"_blank\" rel=\"noopener noreferrer\">infografica<\/a> disponible en el <a href=\"https:\/\/salesianas.org\/jmj-diocesana-joven-a-ti-te-digo-levantate\/?fbclid=IwAR2ylp_X1X46KIU1KjWGO9dcDsm_gMii9UC0QqxH7Tir6O_MyLq6acRtROI\" target=\"_blank\" rel=\"noopener noreferrer\">sitio de la Inspector\u00eda SPA<\/a>, en la que es posible acceder a los link del Mensaje del Papa y de la Carta de sor Runita Borja.<\/p>\n<p>Las <strong>Di\u00f3cesis de Italia<\/strong> vivir\u00e1n el evento a trav\u00e9s de los propios canales sociales, proponiendo puntos de reflexi\u00f3n, encuentros online y otras iniciativas. Algunos ejemplos:<\/p>\n<ul>\n<li>El Arzobispo de <a href=\"https:\/\/www.diocesi.torino.it\/site\/gmg-diocesana-2020-con-la-via-crucis-on-line-sui-social\/\" target=\"_blank\" rel=\"noopener noreferrer\">Torino<\/a> , Mons. Cesare Nosiglia, presidir\u00e1 el Via Crucis online el 4 de abril d las 21:00;<\/li>\n<li>los j\u00f3venes de la <a href=\"https:\/\/www.sdnovarese.it\/2020\/04\/02\/sabato-4-aprile-veglia-di-preghiera-dei-giovani-con-il-vescovo-sulle-tv-locali\/\" target=\"_blank\" rel=\"noopener noreferrer\">Diocesi di Novara<\/a> el 4 de abril a las 21:00 participar\u00e1n en streaming a una velada de oraci\u00f3n con el Obispo Mons. Franco Giulio Brambilla;<\/li>\n<li>la <a href=\"http:\/\/www.diocesi.parma.it\/pastoralegiovanile\/index.php?option=com_content&amp;view=article&amp;id=23&amp;Itemid=145\" target=\"_blank\" rel=\"noopener noreferrer\">Diocesi di Parma<\/a> propone a los j\u00f3venes un momento de entretenimiento en las redes sociales el 4 de abril a las 21:30;<\/li>\n<li>el Servicio diocesano para la Pastoral Juvenil de <a href=\"https:\/\/www.diocesipiacenzabobbio.org\/gmg-2020-domenica-5-aprile\/\" target=\"_blank\" rel=\"noopener noreferrer\">Piacenza-Bobbio<\/a> ha elaborado algunas propuestas para los grupos j\u00f3venes;<\/li>\n<li>los j\u00f3venes de la <a href=\"https:\/\/www.diocesidicremona.it\/blog\/palme-2020-sabato-alle-18-una-veglia-a-distanza-per-celebrare-in-rete-la-gmg-31-03-2020.html\" target=\"_blank\" rel=\"noopener noreferrer\">Diocesi di Cremona<\/a> viviran la Vigilia de los Ramos el 4 de abril a partir de las 18:00;<\/li>\n<li>los j\u00f3venes de las <a href=\"https:\/\/diocesicarpi.it\/domenica-5-aprile-giornata-mondiale-della-gioventu\/\" target=\"_blank\" rel=\"noopener noreferrer\">Diocesi di Carpi e Modena<\/a>, a las 21:00 del 4 de abril, encontrar\u00e1n un video con un breve camino de reflexi\u00f3n;<\/li>\n<li>la <a href=\"http:\/\/www.diocesi.lodi.it\/site\/oggi-e-la-giornata-mondiale-della-gioventu\/\" target=\"_blank\" rel=\"noopener noreferrer\">Diocesi di Lodi<\/a> pone a disposici\u00f3n de los j\u00f3venes un video sobre precedentes JMJ y el material para un momento de oraci\u00f3n;<\/li>\n<li>los j\u00f3venes de la <a href=\"https:\/\/www.chiesadimilano.it\/pgfom\/giovani\/giovane-dico-a-te-alzati-lc-714-due-proposte-per-vivere-da-protagonisti-la-gmg-diocesana-50329.html\" target=\"_blank\" rel=\"noopener noreferrer\">Diocesi di Milano<\/a>, entre las 21:00 del 4 de abril y las 21:00 del 5 abril 2020, vivir\u00e1n el \u201cStand Up Day\u201d al que son invitados, a partir de las palabras del Papa Francisco, o del Arzobispo Mons. Mario Delpini, para contar con un post o una historia, a trav\u00e9s de las redes sociales, su modo de actuar ante las circunstancias y las situaciones negativas.<\/li>\n<\/ul>\n<p><a href=\"https:\/\/www.cgfmanet.org\/wp-content\/uploads\/2020\/04\/esercizi_FMA_Albania.jpg\"><img decoding=\"async\" class=\"alignleft wp-image-22656 lazyload\" data-src=\"https:\/\/www.cgfmanet.org\/wp-content\/uploads\/2020\/04\/esercizi_FMA_Albania.jpg\" alt=\"Esercizi spirituali FMA Albania\" width=\"250\" height=\"222\" src=\"data:image\/svg+xml;base64,PHN2ZyB3aWR0aD0iMSIgaGVpZ2h0PSIxIiB4bWxucz0iaHR0cDovL3d3dy53My5vcmcvMjAwMC9zdmciPjwvc3ZnPg==\" style=\"--smush-placeholder-width: 250px; --smush-placeholder-aspect-ratio: 250\/222;\" \/><\/a><\/p>\n<p>Algunas realidades salesianas, que en este per\u00edodo hab\u00edan previsto los <strong>Ejercicios espirituales para los j\u00f3venes<\/strong>, han optado por no perder la ocasi\u00f3n de ofrecer a los j\u00f3venes esta oportunidad:<\/p>\n<p>Las <a href=\"http:\/\/www.motratsaleziane.al\/\">FMA dell\u2019Albania<\/a>, Inspector\u00eda Meridional <em>Madonna del Buon Consiglio<\/em> (IMR), con los Salesianos \u00a0\u00a0\u00a0\u00a0\u00a0de Don Bosco han propuesto a los j\u00f3venes, del 3 al 5 de abril de 2020, dos encuentros de Ejercicios online al d\u00eda a partir del texto del Evangelio de la curaci\u00f3n de la hemorro\u00edsa\u00a0 (Mc 5, 25-34).<\/p>\n<p><a href=\"https:\/\/www.cgfmanet.org\/wp-content\/uploads\/2020\/04\/esercizi_MGS_meridionale.jpg\"><img decoding=\"async\" class=\"alignright wp-image-22661 lazyload\" data-src=\"https:\/\/www.cgfmanet.org\/wp-content\/uploads\/2020\/04\/esercizi_MGS_meridionale.jpg\" alt=\"Esercizi spirituali MGS Meridionale\" width=\"250\" height=\"250\" src=\"data:image\/svg+xml;base64,PHN2ZyB3aWR0aD0iMSIgaGVpZ2h0PSIxIiB4bWxucz0iaHR0cDovL3d3dy53My5vcmcvMjAwMC9zdmciPjwvc3ZnPg==\" style=\"--smush-placeholder-width: 250px; --smush-placeholder-aspect-ratio: 250\/250;\" \/><\/a><\/p>\n<p>Il Movimento Juvenil Salesiano de Italia Meridional (<a href=\"https:\/\/www.chiesadimilano.it\/pgfom\/giovani\/giovane-dico-a-te-alzati-lc-714-due-proposte-per-vivere-da-protagonisti-la-gmg-diocesana-50329.html\" target=\"_blank\" rel=\"noopener noreferrer\">MGS Don Bosco al Sud<\/a>) propone a los j\u00f3venes de los 18 a los 30 a\u00f1os, \u00a0durante 3 d\u00edas, del 3 al 5 de abril de 2020, suspender las actividades normales y reservar tiempo y espacio para experimentar el encuentro \u00bb consigo mismos, con el Se\u00f1or y con otros j\u00f3venes.<\/p>\n<p>Son propuestas que, como dice el Papa Francisco en la conclusi\u00f3n del Mensaje para la JMJ 2020 , pueden constituir la chispa para reavivar la esperanza en muchos j\u00f3venes y hacerles sentirse protagonistas en la Iglesia.<\/p>\n<p><em>\u00abEs una invitaci\u00f3n a abrirse a una realidad que va bien m\u00e1s all\u00e1 de los virtual. Esto no significa despreciar la tecnolog\u00eda, sino utilizarla como un medio y no como un fin. \u201c\u00a1Lev\u00e1ntate!\u201d significa tambi\u00e9n \u201csue\u00f1a\u201d, \u201carriesga\u201d, comprom\u00e9tete para cambiar el mundo\u201d, reaviva tus deseos, contempla el cielo, las estrellas, el mundo interior a ti. \u201c\u00a1<strong>Alzate y s\u00e9 aquello que eres! <\/strong>Gracias a este mensaje, muchos rostros aburridos de j\u00f3venes en torno a nosotros, se animar\u00e1n y ser\u00e1n m\u00e1s bellos que cualquier realidad virtual\u00bb.<\/em><\/p>\n","protected":false},"excerpt":{"rendered":"<p>El 5 de abril de 2020, Domingo de Ramos, se celebra la 35\u00ba Jornada Mundial de la Juventud con el t\u00edtulo \u201cJoven, a ti te lo digo, lev\u00e1ntate!\u201d (Lc 7,14).<\/p>\n","protected":false},"author":21,"featured_media":22683,"comment_status":"open","ping_status":"closed","sticky":false,"template":"","format":"standard","meta":{"footnotes":""},"categories":[39,191],"tags":[339,1191,1925],"class_list":["post-22687","post","type-post","status-publish","format-standard","has-post-thumbnail","category-infoesfera","category-iglesia","tag-jovenes","tag-imr-es","tag-spa-es"],"yoast_head":"<!-- This site is optimized with the Yoast SEO plugin v27.4 - https:\/\/yoast.com\/product\/yoast-seo-wordpress\/ -->\n<title>35a Jornada Mundial de la Juventud &#8226; Istituto Figlie di Maria Ausiliatrice<\/title>\n<meta name=\"description\" content=\"El 5 de abril de 2020, Domingo de Ramos, se celebra la 35\u00ba Jornada Mundial de la Juventud con el t\u00edtulo \u201cJoven, a ti te lo digo, lev\u00e1ntate!\u201d (Lc 7,14).\" \/>\n<meta name=\"robots\" content=\"index, follow, max-snippet:-1, max-image-preview:large, max-video-preview:-1\" \/>\n<link rel=\"canonical\" href=\"https:\/\/www.cgfmanet.org\/es\/infoesfera\/iglesia\/35a-jornada-mundial-de-la-juventud\/\" \/>\n<meta property=\"og:locale\" content=\"es_ES\" \/>\n<meta property=\"og:type\" content=\"article\" \/>\n<meta property=\"og:title\" content=\"35a Jornada Mundial de la Juventud &#8226; Istituto Figlie di Maria Ausiliatrice\" \/>\n<meta property=\"og:description\" content=\"El 5 de abril de 2020, Domingo de Ramos, se celebra la 35\u00ba Jornada Mundial de la Juventud con el t\u00edtulo \u201cJoven, a ti te lo digo, lev\u00e1ntate!\u201d (Lc 7,14).\" \/>\n<meta property=\"og:url\" content=\"https:\/\/www.cgfmanet.org\/es\/infoesfera\/iglesia\/35a-jornada-mundial-de-la-juventud\/\" \/>\n<meta property=\"og:site_name\" content=\"Istituto Figlie di Maria Ausiliatrice\" \/>\n<meta property=\"article:publisher\" content=\"https:\/\/www.facebook.com\/salesian.sisters.of.don.bosco\/\" \/>\n<meta property=\"article:published_time\" content=\"2020-04-03T22:15:47+00:00\" \/>\n<meta property=\"article:modified_time\" content=\"2020-04-04T19:41:42+00:00\" \/>\n<meta property=\"og:image\" content=\"https:\/\/www.cgfmanet.org\/wp-content\/uploads\/2020\/04\/GMG_2020_ok.jpg\" \/>\n\t<meta property=\"og:image:width\" content=\"1158\" \/>\n\t<meta property=\"og:image:height\" content=\"772\" \/>\n\t<meta property=\"og:image:type\" content=\"image\/jpeg\" \/>\n<meta name=\"author\" content=\"Redazione\" \/>\n<meta name=\"twitter:card\" content=\"summary_large_image\" \/>\n<meta name=\"twitter:creator\" content=\"@Cgfmanet_Org\" \/>\n<meta name=\"twitter:site\" content=\"@Cgfmanet_Org\" \/>\n<meta name=\"twitter:label1\" content=\"Escrito por\" \/>\n\t<meta name=\"twitter:data1\" content=\"Redazione\" \/>\n\t<meta name=\"twitter:label2\" content=\"Tiempo de lectura\" \/>\n\t<meta name=\"twitter:data2\" content=\"6 minutos\" \/>\n<script type=\"application\/ld+json\" class=\"yoast-schema-graph\">{\"@context\":\"https:\\\/\\\/schema.org\",\"@graph\":[{\"@type\":\"Article\",\"@id\":\"https:\\\/\\\/www.cgfmanet.org\\\/es\\\/infoesfera\\\/iglesia\\\/35a-jornada-mundial-de-la-juventud\\\/#article\",\"isPartOf\":{\"@id\":\"https:\\\/\\\/www.cgfmanet.org\\\/es\\\/infoesfera\\\/iglesia\\\/35a-jornada-mundial-de-la-juventud\\\/\"},\"author\":{\"name\":\"Redazione\",\"@id\":\"https:\\\/\\\/www.cgfmanet.org\\\/es\\\/#\\\/schema\\\/person\\\/ce6473083f53ef0ef882cca23f0c8fb9\"},\"headline\":\"35a Jornada Mundial de la Juventud\",\"datePublished\":\"2020-04-03T22:15:47+00:00\",\"dateModified\":\"2020-04-04T19:41:42+00:00\",\"mainEntityOfPage\":{\"@id\":\"https:\\\/\\\/www.cgfmanet.org\\\/es\\\/infoesfera\\\/iglesia\\\/35a-jornada-mundial-de-la-juventud\\\/\"},\"wordCount\":1215,\"commentCount\":0,\"publisher\":{\"@id\":\"https:\\\/\\\/www.cgfmanet.org\\\/es\\\/#organization\"},\"image\":{\"@id\":\"https:\\\/\\\/www.cgfmanet.org\\\/es\\\/infoesfera\\\/iglesia\\\/35a-jornada-mundial-de-la-juventud\\\/#primaryimage\"},\"thumbnailUrl\":\"https:\\\/\\\/www.cgfmanet.org\\\/wp-content\\\/uploads\\\/2020\\\/04\\\/GMG_2020_ok.jpg\",\"keywords\":[\"J\u00f3venes\",\"IMR\",\"SPA\"],\"articleSection\":[\"Infoesfera\",\"Iglesia\"],\"inLanguage\":\"es\",\"potentialAction\":[{\"@type\":\"CommentAction\",\"name\":\"Comment\",\"target\":[\"https:\\\/\\\/www.cgfmanet.org\\\/es\\\/infoesfera\\\/iglesia\\\/35a-jornada-mundial-de-la-juventud\\\/#respond\"]}]},{\"@type\":\"WebPage\",\"@id\":\"https:\\\/\\\/www.cgfmanet.org\\\/es\\\/infoesfera\\\/iglesia\\\/35a-jornada-mundial-de-la-juventud\\\/\",\"url\":\"https:\\\/\\\/www.cgfmanet.org\\\/es\\\/infoesfera\\\/iglesia\\\/35a-jornada-mundial-de-la-juventud\\\/\",\"name\":\"35a Jornada Mundial de la Juventud &#8226; Istituto Figlie di Maria Ausiliatrice\",\"isPartOf\":{\"@id\":\"https:\\\/\\\/www.cgfmanet.org\\\/es\\\/#website\"},\"primaryImageOfPage\":{\"@id\":\"https:\\\/\\\/www.cgfmanet.org\\\/es\\\/infoesfera\\\/iglesia\\\/35a-jornada-mundial-de-la-juventud\\\/#primaryimage\"},\"image\":{\"@id\":\"https:\\\/\\\/www.cgfmanet.org\\\/es\\\/infoesfera\\\/iglesia\\\/35a-jornada-mundial-de-la-juventud\\\/#primaryimage\"},\"thumbnailUrl\":\"https:\\\/\\\/www.cgfmanet.org\\\/wp-content\\\/uploads\\\/2020\\\/04\\\/GMG_2020_ok.jpg\",\"datePublished\":\"2020-04-03T22:15:47+00:00\",\"dateModified\":\"2020-04-04T19:41:42+00:00\",\"description\":\"El 5 de abril de 2020, Domingo de Ramos, se celebra la 35\u00ba Jornada Mundial de la Juventud con el t\u00edtulo \u201cJoven, a ti te lo digo, lev\u00e1ntate!\u201d (Lc 7,14).\",\"breadcrumb\":{\"@id\":\"https:\\\/\\\/www.cgfmanet.org\\\/es\\\/infoesfera\\\/iglesia\\\/35a-jornada-mundial-de-la-juventud\\\/#breadcrumb\"},\"inLanguage\":\"es\",\"potentialAction\":[{\"@type\":\"ReadAction\",\"target\":[\"https:\\\/\\\/www.cgfmanet.org\\\/es\\\/infoesfera\\\/iglesia\\\/35a-jornada-mundial-de-la-juventud\\\/\"]}]},{\"@type\":\"ImageObject\",\"inLanguage\":\"es\",\"@id\":\"https:\\\/\\\/www.cgfmanet.org\\\/es\\\/infoesfera\\\/iglesia\\\/35a-jornada-mundial-de-la-juventud\\\/#primaryimage\",\"url\":\"https:\\\/\\\/www.cgfmanet.org\\\/wp-content\\\/uploads\\\/2020\\\/04\\\/GMG_2020_ok.jpg\",\"contentUrl\":\"https:\\\/\\\/www.cgfmanet.org\\\/wp-content\\\/uploads\\\/2020\\\/04\\\/GMG_2020_ok.jpg\",\"width\":1158,\"height\":772},{\"@type\":\"BreadcrumbList\",\"@id\":\"https:\\\/\\\/www.cgfmanet.org\\\/es\\\/infoesfera\\\/iglesia\\\/35a-jornada-mundial-de-la-juventud\\\/#breadcrumb\",\"itemListElement\":[{\"@type\":\"ListItem\",\"position\":1,\"name\":\"Home\",\"item\":\"https:\\\/\\\/www.cgfmanet.org\\\/es\\\/\"},{\"@type\":\"ListItem\",\"position\":2,\"name\":\"35a Jornada Mundial de la Juventud\"}]},{\"@type\":\"WebSite\",\"@id\":\"https:\\\/\\\/www.cgfmanet.org\\\/es\\\/#website\",\"url\":\"https:\\\/\\\/www.cgfmanet.org\\\/es\\\/\",\"name\":\"Istituto Figlie di Maria Ausiliatrice\",\"description\":\"Salesiane di Don Bosco\",\"publisher\":{\"@id\":\"https:\\\/\\\/www.cgfmanet.org\\\/es\\\/#organization\"},\"potentialAction\":[{\"@type\":\"SearchAction\",\"target\":{\"@type\":\"EntryPoint\",\"urlTemplate\":\"https:\\\/\\\/www.cgfmanet.org\\\/es\\\/?s={search_term_string}\"},\"query-input\":{\"@type\":\"PropertyValueSpecification\",\"valueRequired\":true,\"valueName\":\"search_term_string\"}}],\"inLanguage\":\"es\"},{\"@type\":\"Organization\",\"@id\":\"https:\\\/\\\/www.cgfmanet.org\\\/es\\\/#organization\",\"name\":\"Istituto Figlie di Maria Ausiliatrice\",\"url\":\"https:\\\/\\\/www.cgfmanet.org\\\/es\\\/\",\"logo\":{\"@type\":\"ImageObject\",\"inLanguage\":\"es\",\"@id\":\"https:\\\/\\\/www.cgfmanet.org\\\/es\\\/#\\\/schema\\\/logo\\\/image\\\/\",\"url\":\"https:\\\/\\\/www.cgfmanet.org\\\/wp-content\\\/uploads\\\/2018\\\/10\\\/logo-fma.png\",\"contentUrl\":\"https:\\\/\\\/www.cgfmanet.org\\\/wp-content\\\/uploads\\\/2018\\\/10\\\/logo-fma.png\",\"width\":214,\"height\":55,\"caption\":\"Istituto Figlie di Maria Ausiliatrice\"},\"image\":{\"@id\":\"https:\\\/\\\/www.cgfmanet.org\\\/es\\\/#\\\/schema\\\/logo\\\/image\\\/\"},\"sameAs\":[\"https:\\\/\\\/www.facebook.com\\\/salesian.sisters.of.don.bosco\\\/\",\"https:\\\/\\\/x.com\\\/Cgfmanet_Org\",\"https:\\\/\\\/www.youtube.com\\\/channel\\\/UCmcr8yFQBV7JXeXVxyV9y5Q\"]},{\"@type\":\"Person\",\"@id\":\"https:\\\/\\\/www.cgfmanet.org\\\/es\\\/#\\\/schema\\\/person\\\/ce6473083f53ef0ef882cca23f0c8fb9\",\"name\":\"Redazione\"}]}<\/script>\n<!-- \/ Yoast SEO plugin. -->","yoast_head_json":{"title":"35a Jornada Mundial de la Juventud &#8226; Istituto Figlie di Maria Ausiliatrice","description":"El 5 de abril de 2020, Domingo de Ramos, se celebra la 35\u00ba Jornada Mundial de la Juventud con el t\u00edtulo \u201cJoven, a ti te lo digo, lev\u00e1ntate!\u201d (Lc 7,14).","robots":{"index":"index","follow":"follow","max-snippet":"max-snippet:-1","max-image-preview":"max-image-preview:large","max-video-preview":"max-video-preview:-1"},"canonical":"https:\/\/www.cgfmanet.org\/es\/infoesfera\/iglesia\/35a-jornada-mundial-de-la-juventud\/","og_locale":"es_ES","og_type":"article","og_title":"35a Jornada Mundial de la Juventud &#8226; Istituto Figlie di Maria Ausiliatrice","og_description":"El 5 de abril de 2020, Domingo de Ramos, se celebra la 35\u00ba Jornada Mundial de la Juventud con el t\u00edtulo \u201cJoven, a ti te lo digo, lev\u00e1ntate!\u201d (Lc 7,14).","og_url":"https:\/\/www.cgfmanet.org\/es\/infoesfera\/iglesia\/35a-jornada-mundial-de-la-juventud\/","og_site_name":"Istituto Figlie di Maria Ausiliatrice","article_publisher":"https:\/\/www.facebook.com\/salesian.sisters.of.don.bosco\/","article_published_time":"2020-04-03T22:15:47+00:00","article_modified_time":"2020-04-04T19:41:42+00:00","og_image":[{"width":1158,"height":772,"url":"https:\/\/www.cgfmanet.org\/wp-content\/uploads\/2020\/04\/GMG_2020_ok.jpg","type":"image\/jpeg"}],"author":"Redazione","twitter_card":"summary_large_image","twitter_creator":"@Cgfmanet_Org","twitter_site":"@Cgfmanet_Org","twitter_misc":{"Escrito por":"Redazione","Tiempo de lectura":"6 minutos"},"schema":{"@context":"https:\/\/schema.org","@graph":[{"@type":"Article","@id":"https:\/\/www.cgfmanet.org\/es\/infoesfera\/iglesia\/35a-jornada-mundial-de-la-juventud\/#article","isPartOf":{"@id":"https:\/\/www.cgfmanet.org\/es\/infoesfera\/iglesia\/35a-jornada-mundial-de-la-juventud\/"},"author":{"name":"Redazione","@id":"https:\/\/www.cgfmanet.org\/es\/#\/schema\/person\/ce6473083f53ef0ef882cca23f0c8fb9"},"headline":"35a Jornada Mundial de la Juventud","datePublished":"2020-04-03T22:15:47+00:00","dateModified":"2020-04-04T19:41:42+00:00","mainEntityOfPage":{"@id":"https:\/\/www.cgfmanet.org\/es\/infoesfera\/iglesia\/35a-jornada-mundial-de-la-juventud\/"},"wordCount":1215,"commentCount":0,"publisher":{"@id":"https:\/\/www.cgfmanet.org\/es\/#organization"},"image":{"@id":"https:\/\/www.cgfmanet.org\/es\/infoesfera\/iglesia\/35a-jornada-mundial-de-la-juventud\/#primaryimage"},"thumbnailUrl":"https:\/\/www.cgfmanet.org\/wp-content\/uploads\/2020\/04\/GMG_2020_ok.jpg","keywords":["J\u00f3venes","IMR","SPA"],"articleSection":["Infoesfera","Iglesia"],"inLanguage":"es","potentialAction":[{"@type":"CommentAction","name":"Comment","target":["https:\/\/www.cgfmanet.org\/es\/infoesfera\/iglesia\/35a-jornada-mundial-de-la-juventud\/#respond"]}]},{"@type":"WebPage","@id":"https:\/\/www.cgfmanet.org\/es\/infoesfera\/iglesia\/35a-jornada-mundial-de-la-juventud\/","url":"https:\/\/www.cgfmanet.org\/es\/infoesfera\/iglesia\/35a-jornada-mundial-de-la-juventud\/","name":"35a Jornada Mundial de la Juventud &#8226; Istituto Figlie di Maria Ausiliatrice","isPartOf":{"@id":"https:\/\/www.cgfmanet.org\/es\/#website"},"primaryImageOfPage":{"@id":"https:\/\/www.cgfmanet.org\/es\/infoesfera\/iglesia\/35a-jornada-mundial-de-la-juventud\/#primaryimage"},"image":{"@id":"https:\/\/www.cgfmanet.org\/es\/infoesfera\/iglesia\/35a-jornada-mundial-de-la-juventud\/#primaryimage"},"thumbnailUrl":"https:\/\/www.cgfmanet.org\/wp-content\/uploads\/2020\/04\/GMG_2020_ok.jpg","datePublished":"2020-04-03T22:15:47+00:00","dateModified":"2020-04-04T19:41:42+00:00","description":"El 5 de abril de 2020, Domingo de Ramos, se celebra la 35\u00ba Jornada Mundial de la Juventud con el t\u00edtulo \u201cJoven, a ti te lo digo, lev\u00e1ntate!\u201d (Lc 7,14).","breadcrumb":{"@id":"https:\/\/www.cgfmanet.org\/es\/infoesfera\/iglesia\/35a-jornada-mundial-de-la-juventud\/#breadcrumb"},"inLanguage":"es","potentialAction":[{"@type":"ReadAction","target":["https:\/\/www.cgfmanet.org\/es\/infoesfera\/iglesia\/35a-jornada-mundial-de-la-juventud\/"]}]},{"@type":"ImageObject","inLanguage":"es","@id":"https:\/\/www.cgfmanet.org\/es\/infoesfera\/iglesia\/35a-jornada-mundial-de-la-juventud\/#primaryimage","url":"https:\/\/www.cgfmanet.org\/wp-content\/uploads\/2020\/04\/GMG_2020_ok.jpg","contentUrl":"https:\/\/www.cgfmanet.org\/wp-content\/uploads\/2020\/04\/GMG_2020_ok.jpg","width":1158,"height":772},{"@type":"BreadcrumbList","@id":"https:\/\/www.cgfmanet.org\/es\/infoesfera\/iglesia\/35a-jornada-mundial-de-la-juventud\/#breadcrumb","itemListElement":[{"@type":"ListItem","position":1,"name":"Home","item":"https:\/\/www.cgfmanet.org\/es\/"},{"@type":"ListItem","position":2,"name":"35a Jornada Mundial de la Juventud"}]},{"@type":"WebSite","@id":"https:\/\/www.cgfmanet.org\/es\/#website","url":"https:\/\/www.cgfmanet.org\/es\/","name":"Istituto Figlie di Maria Ausiliatrice","description":"Salesiane di Don Bosco","publisher":{"@id":"https:\/\/www.cgfmanet.org\/es\/#organization"},"potentialAction":[{"@type":"SearchAction","target":{"@type":"EntryPoint","urlTemplate":"https:\/\/www.cgfmanet.org\/es\/?s={search_term_string}"},"query-input":{"@type":"PropertyValueSpecification","valueRequired":true,"valueName":"search_term_string"}}],"inLanguage":"es"},{"@type":"Organization","@id":"https:\/\/www.cgfmanet.org\/es\/#organization","name":"Istituto Figlie di Maria Ausiliatrice","url":"https:\/\/www.cgfmanet.org\/es\/","logo":{"@type":"ImageObject","inLanguage":"es","@id":"https:\/\/www.cgfmanet.org\/es\/#\/schema\/logo\/image\/","url":"https:\/\/www.cgfmanet.org\/wp-content\/uploads\/2018\/10\/logo-fma.png","contentUrl":"https:\/\/www.cgfmanet.org\/wp-content\/uploads\/2018\/10\/logo-fma.png","width":214,"height":55,"caption":"Istituto Figlie di Maria Ausiliatrice"},"image":{"@id":"https:\/\/www.cgfmanet.org\/es\/#\/schema\/logo\/image\/"},"sameAs":["https:\/\/www.facebook.com\/salesian.sisters.of.don.bosco\/","https:\/\/x.com\/Cgfmanet_Org","https:\/\/www.youtube.com\/channel\/UCmcr8yFQBV7JXeXVxyV9y5Q"]},{"@type":"Person","@id":"https:\/\/www.cgfmanet.org\/es\/#\/schema\/person\/ce6473083f53ef0ef882cca23f0c8fb9","name":"Redazione"}]}},"_links":{"self":[{"href":"https:\/\/www.cgfmanet.org\/es\/wp-json\/wp\/v2\/posts\/22687","targetHints":{"allow":["GET"]}}],"collection":[{"href":"https:\/\/www.cgfmanet.org\/es\/wp-json\/wp\/v2\/posts"}],"about":[{"href":"https:\/\/www.cgfmanet.org\/es\/wp-json\/wp\/v2\/types\/post"}],"author":[{"embeddable":true,"href":"https:\/\/www.cgfmanet.org\/es\/wp-json\/wp\/v2\/users\/21"}],"replies":[{"embeddable":true,"href":"https:\/\/www.cgfmanet.org\/es\/wp-json\/wp\/v2\/comments?post=22687"}],"version-history":[{"count":0,"href":"https:\/\/www.cgfmanet.org\/es\/wp-json\/wp\/v2\/posts\/22687\/revisions"}],"wp:featuredmedia":[{"embeddable":true,"href":"https:\/\/www.cgfmanet.org\/es\/wp-json\/wp\/v2\/media\/22683"}],"wp:attachment":[{"href":"https:\/\/www.cgfmanet.org\/es\/wp-json\/wp\/v2\/media?parent=22687"}],"wp:term":[{"taxonomy":"category","embeddable":true,"href":"https:\/\/www.cgfmanet.org\/es\/wp-json\/wp\/v2\/categories?post=22687"},{"taxonomy":"post_tag","embeddable":true,"href":"https:\/\/www.cgfmanet.org\/es\/wp-json\/wp\/v2\/tags?post=22687"}],"curies":[{"name":"wp","href":"https:\/\/api.w.org\/{rel}","templated":true}]}}