{"id":156676,"date":"2026-05-01T12:05:47","date_gmt":"2026-05-01T10:05:47","guid":{"rendered":"https:\/\/www.cgfmanet.org\/infoesfera\/san-giuseppe-modello-di-santita-e-dignita-nel-lavoro\/"},"modified":"2026-05-01T12:18:45","modified_gmt":"2026-05-01T10:18:45","slug":"san-giuseppe-modello-di-santita-e-dignita-nel-lavoro","status":"publish","type":"post","link":"https:\/\/www.cgfmanet.org\/es\/infoesfera\/san-giuseppe-modello-di-santita-e-dignita-nel-lavoro\/","title":{"rendered":"San Giuseppe modello di santit\u00e0 e dignit\u00e0 nel lavoro"},"content":{"rendered":"<p><strong>Roma (Italia).<\/strong> Il 1\u00b0 maggio 2026 in Italia e in molte altre nazioni si celebra la Festa del Lavoro. Nel 1955 Papa Pio XII istitu\u00ec in questo giorno la memoria liturgica di San Giuseppe Lavoratore, per offrire un modello di santit\u00e0 e dignit\u00e0 nel lavoro quotidiano.<\/p>\n<p><strong>Nella spiritualit\u00e0 salesiana il binomio lavoro e temperanza<\/strong> costituisce uno \u201cstile di vita\u201d, afferma Don Luigi Ricceri, sesto Successore di Don Bosco, precisando che, secondo il pensiero di Don Bosco, <em>\u201cnon si tratta di due virt\u00f9 separate o separabili: si tratta d\u2019un tutto inscindibile\u201d<\/em> (\u00abLavoro e temperanza\u00bb contro l\u2019imborghesimento, ottobre 1974).<\/p>\n<p><em>\u201cLavorando noi diventiamo pi\u00f9 persona, la nostra umanit\u00e0 fiorisce, i giovani diventano adulti\u201d<\/em> si legge <strong>nell\u2019esortazione apostolica Dilexi Te<\/strong> (n\u00b0 115), espressione che Papa Leone XIV, in un\u2019udienza ai Rappresentanti dell\u2019ordine dei consulenti del lavoro, collega alla \u201ctutela della dignit\u00e0 della persona\u201d ricordando che <em>\u201cal centro di qualsiasi dinamica lavorativa non si devono mettere n\u00e9 il capitale, n\u00e9 le leggi di mercato, n\u00e9 il profitto, ma la persona, la famiglia e il loro bene, rispetto ai quali tutto il resto \u00e8 funzionale\u201d<\/em> (<strong><span style=\"color: #0000ff;\"><a style=\"color: #0000ff;\" href=\"https:\/\/press.vatican.va\/content\/salastampa\/it\/bollettino\/pubblico\/2025\/12\/18\/1000\/01810.html\" target=\"_blank\" rel=\"noopener\">18 dicembre 2025<\/a><\/span><\/strong>).<\/p>\n<p>Nell\u2019era dell\u2019intelligenza artificiale, in cui l\u2019innovazione tecnologica <em>\u201cpu\u00f2 essere una forma di partecipazione all\u2019atto divino di creazione\u201d<\/em> a servizio dell\u2019umano, per <em>\u201csviluppare sistemi che rispecchino giustizia, solidariet\u00e0 e un rispetto autentico per la vita\u201d<\/em> (Messaggio ai partecipanti del Builders AI Forum, <a href=\"https:\/\/www.vatican.va\/content\/leo-xiv\/it\/messages\/pont-messages\/2025\/documents\/20251103-messaggio-builders-aiforum.html\" target=\"_blank\" rel=\"noopener\"><strong><span style=\"color: #0000ff;\">6-7 novembre 2025<\/span><\/strong><\/a>), il lavoro pu\u00f2 diventare sempre pi\u00f9 umanizzante oppure sempre pi\u00f9 alienante. Dipender\u00e0 da che visione dell\u2019umanit\u00e0 si vuole esprimere e, di riflesso, dalla politica, dall\u2019economia, dalla cultura. Per questo,<strong> l\u2019educazione risulta una sfida prioritaria, perch\u00e9 pu\u00f2 essere motore di trasformazione sociale.<\/strong><\/p>\n<p>Don Bosco e Madre Mazzarello educavano \u2013 com\u2019\u00e8 risaputo &#8211;<strong> \u201cBuoni cristiani e onesti cittadini\u201d<\/strong>. L\u2019eredit\u00e0 del Sistema Preventivo, vissuto e tradotto in opere di ogni genere, era ed \u00e8 pertanto la forza di tanti Salesiani e Figlie di Maria Ausiliatrice, specie in terra di missione.<\/p>\n<p>Nel 1933 <span style=\"color: #0000ff;\"><strong><a style=\"color: #0000ff;\" href=\"https:\/\/mariatroncatti.org\/\" target=\"_blank\" rel=\"noopener\">Santa Maria Troncatti<\/a><\/strong><\/span> (1883 \u2013 1969) &#8211; canonizzata da Papa Leone XIV il 19 ottobre 2025 &#8211; \u00a0scriveva alla mamma e ai familiari: <em>\u201cQuesti due ultimi mesi, aprile e maggio, sono stati mesi di grandissimo lavoro. Voi mi direte, ma che cosa fai per avere tanto lavoro? Qui nella foresta bisogna fare di tutto: sono dentista, chirurgo, dottore in medicina e farmacista, infermiera, ecc., poi mi occupo di catechizzare\u201d.<\/em> (Lettera 35)<\/p>\n<p><a href=\"https:\/\/www.cgfmanet.org\/wp-content\/uploads\/2026\/04\/Troncatti_lavoro.jpg\"><img decoding=\"async\" class=\"wp-image-156661 size-full lazyload\" data-src=\"https:\/\/www.cgfmanet.org\/wp-content\/uploads\/2026\/04\/Troncatti_lavoro.jpg\" alt=\"\" width=\"1388\" height=\"925\" data-srcset=\"https:\/\/www.cgfmanet.org\/wp-content\/uploads\/2026\/04\/Troncatti_lavoro.jpg 1388w, https:\/\/www.cgfmanet.org\/wp-content\/uploads\/2026\/04\/Troncatti_lavoro-768x512.jpg 768w, https:\/\/www.cgfmanet.org\/wp-content\/uploads\/2026\/04\/Troncatti_lavoro-630x420.jpg 630w, https:\/\/www.cgfmanet.org\/wp-content\/uploads\/2026\/04\/Troncatti_lavoro-696x464.jpg 696w\" data-sizes=\"auto\" src=\"data:image\/svg+xml;base64,PHN2ZyB3aWR0aD0iMSIgaGVpZ2h0PSIxIiB4bWxucz0iaHR0cDovL3d3dy53My5vcmcvMjAwMC9zdmciPjwvc3ZnPg==\" style=\"--smush-placeholder-width: 1388px; --smush-placeholder-aspect-ratio: 1388\/925;\" data-original-sizes=\"(max-width: 1388px) 100vw, 1388px\" \/><\/a><\/p>\n<p>Nel 1953, scrivendo ai lettori della Rivista \u201cGiovent\u00f9 Missionaria\u201d affermava: <em>\u201cIntorno a queste povere indiette si rivolge tutta la paziente e assidua cura delle Missionarie per trasformarle a poco a poco, dopo anni e anni di lavoro, in creature completamente nuove. Quando, infatti, gi\u00e0 adulte, lasciano la Missione per formarsi una famiglia, non si riconoscono pi\u00f9. Non solo si presentano ben ordinate, serene e disinvolte, istruite nel catechismo, assidue alla preghiera e ai Sacramenti, ma sanno molte cose: le pi\u00f9 necessarie nella vita domestica civile: lavare, stirare, cucire e rammendare le vesti, far cucina, e le pi\u00f9 intelligenti, anche tagliare e confezionare vestiti da uomo. Conoscono e praticano le pi\u00f9 elementari norme del galateo; sentono la loro superiorit\u00e0 sulle altre, e amano esser chiamate se\u00f1oritas [signorine]\u201d.<\/em> (Lettera 51)<\/p>\n<p>Come tutte le Figlie di Maria Ausiliatrice di ogni contesto, Suor Maria sa che l\u2019educazione delle donne genera una societ\u00e0 diversa attraverso le famiglie che queste \u201ccreature completamente nuove\u201d formeranno. Quando \u00e8 possibile vivere il lavoro in modo creativo, responsabile e dignitoso, la persona pu\u00f2 esprimere se stessa e realizzare la propria vocazione, contribuendo cos\u00ec in modo decisivo alla trasformazione del mondo.<\/p>\n<p><strong>Papa Leone XIV<\/strong>, sempre nella Dilexi Te, scrive: <em>\u201cL\u2019aiuto pi\u00f9 importante per una persona povera \u00e8 aiutarla ad avere un buon lavoro, perch\u00e9 possa guadagnarsi una vita pi\u00f9 consona alla sua dignit\u00e0 sviluppando le sue capacit\u00e0 e offrendo il suo sforzo personale\u201d.<\/em> (n\u00b0 115)<\/p>\n<p>In un tempo di grandi conflitti e di crescenti squilibri, l\u2019esempio umile e silenzioso di tanti missionari e missionarie testimonia dedizione e gratuit\u00e0 fino all\u2019eroismo e al martirio, ma anche l\u2019impegno quotidiano di lavorare a fianco dei poveri e per offrire loro possibilit\u00e0 di riscatto.<\/p>\n<p>Santa Maria Troncatti, madre, missionaria e artigiana di pace e di riconciliazione, \u00e8 esempio di questo sapiente connubio di lavoro e missione apostolica, annuncio del Vangelo e promozione sociale, azione e contemplazione tanto riuscita che, nel 1965, a 82 anni, scrive: <em>\u201cSono sempre pi\u00f9 felice di essere missionaria!\u201d.<\/em><\/p>\n","protected":false},"excerpt":{"rendered":"<p>Roma (Italia). Il 1\u00b0 maggio 2026 in Italia e in molte altre nazioni si celebra la Festa del Lavoro. Nel 1955 Papa Pio XII istitu\u00ec in questo giorno la memoria [&hellip;]<\/p>\n","protected":false},"author":21,"featured_media":156670,"comment_status":"open","ping_status":"closed","sticky":false,"template":"","format":"standard","meta":{"footnotes":""},"categories":[39,191],"tags":[1135,1623,1640,1669,1931,1947,2303],"class_list":["post-156676","post","type-post","status-publish","format-standard","has-post-thumbnail","category-infoesfera","category-iglesia","tag-educacion","tag-cittadinanza-es","tag-maria-troncatti-es","tag-spiritualita-salesiana-es","tag-focus-es","tag-sistema-preventivo-es","tag-san-jose"],"yoast_head":"<!-- This site is optimized with the Yoast SEO plugin v27.4 - https:\/\/yoast.com\/product\/yoast-seo-wordpress\/ -->\n<title>San Giuseppe modello di santit\u00e0 e dignit\u00e0 nel lavoro &#8226; Istituto Figlie di Maria Ausiliatrice<\/title>\n<meta name=\"description\" content=\"Il 1\u00b0 maggio 2026 si celebra la memoria liturgica di San Giuseppe Lavoratore, istituita da Papa Pio XII nel 1955 per offrire un modello di santit\u00e0 e dignit\u00e0 nel lavoro quotidiano.\" \/>\n<meta name=\"robots\" content=\"index, follow, max-snippet:-1, max-image-preview:large, max-video-preview:-1\" \/>\n<link rel=\"canonical\" href=\"https:\/\/www.cgfmanet.org\/es\/infoesfera\/san-giuseppe-modello-di-santita-e-dignita-nel-lavoro\/\" \/>\n<meta property=\"og:locale\" content=\"es_ES\" \/>\n<meta property=\"og:type\" content=\"article\" \/>\n<meta property=\"og:title\" content=\"San Giuseppe modello di santit\u00e0 e dignit\u00e0 nel lavoro &#8226; Istituto Figlie di Maria Ausiliatrice\" \/>\n<meta property=\"og:description\" content=\"Il 1\u00b0 maggio 2026 si celebra la memoria liturgica di San Giuseppe Lavoratore, istituita da Papa Pio XII nel 1955 per offrire un modello di santit\u00e0 e dignit\u00e0 nel lavoro quotidiano.\" \/>\n<meta property=\"og:url\" content=\"https:\/\/www.cgfmanet.org\/es\/infoesfera\/san-giuseppe-modello-di-santita-e-dignita-nel-lavoro\/\" \/>\n<meta property=\"og:site_name\" content=\"Istituto Figlie di Maria Ausiliatrice\" \/>\n<meta property=\"article:publisher\" content=\"https:\/\/www.facebook.com\/salesian.sisters.of.don.bosco\/\" \/>\n<meta property=\"article:published_time\" content=\"2026-05-01T10:05:47+00:00\" \/>\n<meta property=\"article:modified_time\" content=\"2026-05-01T10:18:45+00:00\" \/>\n<meta property=\"og:image\" content=\"https:\/\/www.cgfmanet.org\/wp-content\/uploads\/2026\/04\/San-Giuseppe-lavoratore.jpg\" \/>\n\t<meta property=\"og:image:width\" content=\"1181\" \/>\n\t<meta property=\"og:image:height\" content=\"787\" \/>\n\t<meta property=\"og:image:type\" content=\"image\/jpeg\" \/>\n<meta name=\"author\" content=\"Redazione\" \/>\n<meta name=\"twitter:card\" content=\"summary_large_image\" \/>\n<meta name=\"twitter:creator\" content=\"@Cgfmanet_Org\" \/>\n<meta name=\"twitter:site\" content=\"@Cgfmanet_Org\" \/>\n<meta name=\"twitter:label1\" content=\"Escrito por\" \/>\n\t<meta name=\"twitter:data1\" content=\"Redazione\" \/>\n\t<meta name=\"twitter:label2\" content=\"Tiempo de lectura\" \/>\n\t<meta name=\"twitter:data2\" content=\"5 minutos\" \/>\n<script type=\"application\/ld+json\" class=\"yoast-schema-graph\">{\"@context\":\"https:\\\/\\\/schema.org\",\"@graph\":[{\"@type\":\"Article\",\"@id\":\"https:\\\/\\\/www.cgfmanet.org\\\/es\\\/infoesfera\\\/san-giuseppe-modello-di-santita-e-dignita-nel-lavoro\\\/#article\",\"isPartOf\":{\"@id\":\"https:\\\/\\\/www.cgfmanet.org\\\/es\\\/infoesfera\\\/san-giuseppe-modello-di-santita-e-dignita-nel-lavoro\\\/\"},\"author\":{\"name\":\"Redazione\",\"@id\":\"https:\\\/\\\/www.cgfmanet.org\\\/es\\\/#\\\/schema\\\/person\\\/ce6473083f53ef0ef882cca23f0c8fb9\"},\"headline\":\"San Giuseppe modello di santit\u00e0 e dignit\u00e0 nel lavoro\",\"datePublished\":\"2026-05-01T10:05:47+00:00\",\"dateModified\":\"2026-05-01T10:18:45+00:00\",\"mainEntityOfPage\":{\"@id\":\"https:\\\/\\\/www.cgfmanet.org\\\/es\\\/infoesfera\\\/san-giuseppe-modello-di-santita-e-dignita-nel-lavoro\\\/\"},\"wordCount\":716,\"commentCount\":0,\"publisher\":{\"@id\":\"https:\\\/\\\/www.cgfmanet.org\\\/es\\\/#organization\"},\"image\":{\"@id\":\"https:\\\/\\\/www.cgfmanet.org\\\/es\\\/infoesfera\\\/san-giuseppe-modello-di-santita-e-dignita-nel-lavoro\\\/#primaryimage\"},\"thumbnailUrl\":\"https:\\\/\\\/www.cgfmanet.org\\\/wp-content\\\/uploads\\\/2026\\\/04\\\/San-Giuseppe-lavoratore.jpg\",\"keywords\":[\"Educaci\u00f3n\",\"cittadinanza\",\"Maria Troncatti\",\"Spiritualit\u00e0 Salesiana\",\"Focus\",\"Sistema Preventivo\",\"San Jos\u00e9\"],\"articleSection\":[\"Infoesfera\",\"Iglesia\"],\"inLanguage\":\"es\",\"potentialAction\":[{\"@type\":\"CommentAction\",\"name\":\"Comment\",\"target\":[\"https:\\\/\\\/www.cgfmanet.org\\\/es\\\/infoesfera\\\/san-giuseppe-modello-di-santita-e-dignita-nel-lavoro\\\/#respond\"]}]},{\"@type\":\"WebPage\",\"@id\":\"https:\\\/\\\/www.cgfmanet.org\\\/es\\\/infoesfera\\\/san-giuseppe-modello-di-santita-e-dignita-nel-lavoro\\\/\",\"url\":\"https:\\\/\\\/www.cgfmanet.org\\\/es\\\/infoesfera\\\/san-giuseppe-modello-di-santita-e-dignita-nel-lavoro\\\/\",\"name\":\"San Giuseppe modello di santit\u00e0 e dignit\u00e0 nel lavoro &#8226; Istituto Figlie di Maria Ausiliatrice\",\"isPartOf\":{\"@id\":\"https:\\\/\\\/www.cgfmanet.org\\\/es\\\/#website\"},\"primaryImageOfPage\":{\"@id\":\"https:\\\/\\\/www.cgfmanet.org\\\/es\\\/infoesfera\\\/san-giuseppe-modello-di-santita-e-dignita-nel-lavoro\\\/#primaryimage\"},\"image\":{\"@id\":\"https:\\\/\\\/www.cgfmanet.org\\\/es\\\/infoesfera\\\/san-giuseppe-modello-di-santita-e-dignita-nel-lavoro\\\/#primaryimage\"},\"thumbnailUrl\":\"https:\\\/\\\/www.cgfmanet.org\\\/wp-content\\\/uploads\\\/2026\\\/04\\\/San-Giuseppe-lavoratore.jpg\",\"datePublished\":\"2026-05-01T10:05:47+00:00\",\"dateModified\":\"2026-05-01T10:18:45+00:00\",\"description\":\"Il 1\u00b0 maggio 2026 si celebra la memoria liturgica di San Giuseppe Lavoratore, istituita da Papa Pio XII nel 1955 per offrire un modello di santit\u00e0 e dignit\u00e0 nel lavoro quotidiano.\",\"breadcrumb\":{\"@id\":\"https:\\\/\\\/www.cgfmanet.org\\\/es\\\/infoesfera\\\/san-giuseppe-modello-di-santita-e-dignita-nel-lavoro\\\/#breadcrumb\"},\"inLanguage\":\"es\",\"potentialAction\":[{\"@type\":\"ReadAction\",\"target\":[\"https:\\\/\\\/www.cgfmanet.org\\\/es\\\/infoesfera\\\/san-giuseppe-modello-di-santita-e-dignita-nel-lavoro\\\/\"]}]},{\"@type\":\"ImageObject\",\"inLanguage\":\"es\",\"@id\":\"https:\\\/\\\/www.cgfmanet.org\\\/es\\\/infoesfera\\\/san-giuseppe-modello-di-santita-e-dignita-nel-lavoro\\\/#primaryimage\",\"url\":\"https:\\\/\\\/www.cgfmanet.org\\\/wp-content\\\/uploads\\\/2026\\\/04\\\/San-Giuseppe-lavoratore.jpg\",\"contentUrl\":\"https:\\\/\\\/www.cgfmanet.org\\\/wp-content\\\/uploads\\\/2026\\\/04\\\/San-Giuseppe-lavoratore.jpg\",\"width\":1181,\"height\":787},{\"@type\":\"BreadcrumbList\",\"@id\":\"https:\\\/\\\/www.cgfmanet.org\\\/es\\\/infoesfera\\\/san-giuseppe-modello-di-santita-e-dignita-nel-lavoro\\\/#breadcrumb\",\"itemListElement\":[{\"@type\":\"ListItem\",\"position\":1,\"name\":\"Home\",\"item\":\"https:\\\/\\\/www.cgfmanet.org\\\/es\\\/\"},{\"@type\":\"ListItem\",\"position\":2,\"name\":\"San Giuseppe modello di santit\u00e0 e dignit\u00e0 nel lavoro\"}]},{\"@type\":\"WebSite\",\"@id\":\"https:\\\/\\\/www.cgfmanet.org\\\/es\\\/#website\",\"url\":\"https:\\\/\\\/www.cgfmanet.org\\\/es\\\/\",\"name\":\"Istituto Figlie di Maria Ausiliatrice\",\"description\":\"Salesiane di Don Bosco\",\"publisher\":{\"@id\":\"https:\\\/\\\/www.cgfmanet.org\\\/es\\\/#organization\"},\"potentialAction\":[{\"@type\":\"SearchAction\",\"target\":{\"@type\":\"EntryPoint\",\"urlTemplate\":\"https:\\\/\\\/www.cgfmanet.org\\\/es\\\/?s={search_term_string}\"},\"query-input\":{\"@type\":\"PropertyValueSpecification\",\"valueRequired\":true,\"valueName\":\"search_term_string\"}}],\"inLanguage\":\"es\"},{\"@type\":\"Organization\",\"@id\":\"https:\\\/\\\/www.cgfmanet.org\\\/es\\\/#organization\",\"name\":\"Istituto Figlie di Maria Ausiliatrice\",\"url\":\"https:\\\/\\\/www.cgfmanet.org\\\/es\\\/\",\"logo\":{\"@type\":\"ImageObject\",\"inLanguage\":\"es\",\"@id\":\"https:\\\/\\\/www.cgfmanet.org\\\/es\\\/#\\\/schema\\\/logo\\\/image\\\/\",\"url\":\"https:\\\/\\\/www.cgfmanet.org\\\/wp-content\\\/uploads\\\/2018\\\/10\\\/logo-fma.png\",\"contentUrl\":\"https:\\\/\\\/www.cgfmanet.org\\\/wp-content\\\/uploads\\\/2018\\\/10\\\/logo-fma.png\",\"width\":214,\"height\":55,\"caption\":\"Istituto Figlie di Maria Ausiliatrice\"},\"image\":{\"@id\":\"https:\\\/\\\/www.cgfmanet.org\\\/es\\\/#\\\/schema\\\/logo\\\/image\\\/\"},\"sameAs\":[\"https:\\\/\\\/www.facebook.com\\\/salesian.sisters.of.don.bosco\\\/\",\"https:\\\/\\\/x.com\\\/Cgfmanet_Org\",\"https:\\\/\\\/www.youtube.com\\\/channel\\\/UCmcr8yFQBV7JXeXVxyV9y5Q\"]},{\"@type\":\"Person\",\"@id\":\"https:\\\/\\\/www.cgfmanet.org\\\/es\\\/#\\\/schema\\\/person\\\/ce6473083f53ef0ef882cca23f0c8fb9\",\"name\":\"Redazione\"}]}<\/script>\n<!-- \/ Yoast SEO plugin. -->","yoast_head_json":{"title":"San Giuseppe modello di santit\u00e0 e dignit\u00e0 nel lavoro &#8226; Istituto Figlie di Maria Ausiliatrice","description":"Il 1\u00b0 maggio 2026 si celebra la memoria liturgica di San Giuseppe Lavoratore, istituita da Papa Pio XII nel 1955 per offrire un modello di santit\u00e0 e dignit\u00e0 nel lavoro quotidiano.","robots":{"index":"index","follow":"follow","max-snippet":"max-snippet:-1","max-image-preview":"max-image-preview:large","max-video-preview":"max-video-preview:-1"},"canonical":"https:\/\/www.cgfmanet.org\/es\/infoesfera\/san-giuseppe-modello-di-santita-e-dignita-nel-lavoro\/","og_locale":"es_ES","og_type":"article","og_title":"San Giuseppe modello di santit\u00e0 e dignit\u00e0 nel lavoro &#8226; Istituto Figlie di Maria Ausiliatrice","og_description":"Il 1\u00b0 maggio 2026 si celebra la memoria liturgica di San Giuseppe Lavoratore, istituita da Papa Pio XII nel 1955 per offrire un modello di santit\u00e0 e dignit\u00e0 nel lavoro quotidiano.","og_url":"https:\/\/www.cgfmanet.org\/es\/infoesfera\/san-giuseppe-modello-di-santita-e-dignita-nel-lavoro\/","og_site_name":"Istituto Figlie di Maria Ausiliatrice","article_publisher":"https:\/\/www.facebook.com\/salesian.sisters.of.don.bosco\/","article_published_time":"2026-05-01T10:05:47+00:00","article_modified_time":"2026-05-01T10:18:45+00:00","og_image":[{"width":1181,"height":787,"url":"https:\/\/www.cgfmanet.org\/wp-content\/uploads\/2026\/04\/San-Giuseppe-lavoratore.jpg","type":"image\/jpeg"}],"author":"Redazione","twitter_card":"summary_large_image","twitter_creator":"@Cgfmanet_Org","twitter_site":"@Cgfmanet_Org","twitter_misc":{"Escrito por":"Redazione","Tiempo de lectura":"5 minutos"},"schema":{"@context":"https:\/\/schema.org","@graph":[{"@type":"Article","@id":"https:\/\/www.cgfmanet.org\/es\/infoesfera\/san-giuseppe-modello-di-santita-e-dignita-nel-lavoro\/#article","isPartOf":{"@id":"https:\/\/www.cgfmanet.org\/es\/infoesfera\/san-giuseppe-modello-di-santita-e-dignita-nel-lavoro\/"},"author":{"name":"Redazione","@id":"https:\/\/www.cgfmanet.org\/es\/#\/schema\/person\/ce6473083f53ef0ef882cca23f0c8fb9"},"headline":"San Giuseppe modello di santit\u00e0 e dignit\u00e0 nel lavoro","datePublished":"2026-05-01T10:05:47+00:00","dateModified":"2026-05-01T10:18:45+00:00","mainEntityOfPage":{"@id":"https:\/\/www.cgfmanet.org\/es\/infoesfera\/san-giuseppe-modello-di-santita-e-dignita-nel-lavoro\/"},"wordCount":716,"commentCount":0,"publisher":{"@id":"https:\/\/www.cgfmanet.org\/es\/#organization"},"image":{"@id":"https:\/\/www.cgfmanet.org\/es\/infoesfera\/san-giuseppe-modello-di-santita-e-dignita-nel-lavoro\/#primaryimage"},"thumbnailUrl":"https:\/\/www.cgfmanet.org\/wp-content\/uploads\/2026\/04\/San-Giuseppe-lavoratore.jpg","keywords":["Educaci\u00f3n","cittadinanza","Maria Troncatti","Spiritualit\u00e0 Salesiana","Focus","Sistema Preventivo","San Jos\u00e9"],"articleSection":["Infoesfera","Iglesia"],"inLanguage":"es","potentialAction":[{"@type":"CommentAction","name":"Comment","target":["https:\/\/www.cgfmanet.org\/es\/infoesfera\/san-giuseppe-modello-di-santita-e-dignita-nel-lavoro\/#respond"]}]},{"@type":"WebPage","@id":"https:\/\/www.cgfmanet.org\/es\/infoesfera\/san-giuseppe-modello-di-santita-e-dignita-nel-lavoro\/","url":"https:\/\/www.cgfmanet.org\/es\/infoesfera\/san-giuseppe-modello-di-santita-e-dignita-nel-lavoro\/","name":"San Giuseppe modello di santit\u00e0 e dignit\u00e0 nel lavoro &#8226; Istituto Figlie di Maria Ausiliatrice","isPartOf":{"@id":"https:\/\/www.cgfmanet.org\/es\/#website"},"primaryImageOfPage":{"@id":"https:\/\/www.cgfmanet.org\/es\/infoesfera\/san-giuseppe-modello-di-santita-e-dignita-nel-lavoro\/#primaryimage"},"image":{"@id":"https:\/\/www.cgfmanet.org\/es\/infoesfera\/san-giuseppe-modello-di-santita-e-dignita-nel-lavoro\/#primaryimage"},"thumbnailUrl":"https:\/\/www.cgfmanet.org\/wp-content\/uploads\/2026\/04\/San-Giuseppe-lavoratore.jpg","datePublished":"2026-05-01T10:05:47+00:00","dateModified":"2026-05-01T10:18:45+00:00","description":"Il 1\u00b0 maggio 2026 si celebra la memoria liturgica di San Giuseppe Lavoratore, istituita da Papa Pio XII nel 1955 per offrire un modello di santit\u00e0 e dignit\u00e0 nel lavoro quotidiano.","breadcrumb":{"@id":"https:\/\/www.cgfmanet.org\/es\/infoesfera\/san-giuseppe-modello-di-santita-e-dignita-nel-lavoro\/#breadcrumb"},"inLanguage":"es","potentialAction":[{"@type":"ReadAction","target":["https:\/\/www.cgfmanet.org\/es\/infoesfera\/san-giuseppe-modello-di-santita-e-dignita-nel-lavoro\/"]}]},{"@type":"ImageObject","inLanguage":"es","@id":"https:\/\/www.cgfmanet.org\/es\/infoesfera\/san-giuseppe-modello-di-santita-e-dignita-nel-lavoro\/#primaryimage","url":"https:\/\/www.cgfmanet.org\/wp-content\/uploads\/2026\/04\/San-Giuseppe-lavoratore.jpg","contentUrl":"https:\/\/www.cgfmanet.org\/wp-content\/uploads\/2026\/04\/San-Giuseppe-lavoratore.jpg","width":1181,"height":787},{"@type":"BreadcrumbList","@id":"https:\/\/www.cgfmanet.org\/es\/infoesfera\/san-giuseppe-modello-di-santita-e-dignita-nel-lavoro\/#breadcrumb","itemListElement":[{"@type":"ListItem","position":1,"name":"Home","item":"https:\/\/www.cgfmanet.org\/es\/"},{"@type":"ListItem","position":2,"name":"San Giuseppe modello di santit\u00e0 e dignit\u00e0 nel lavoro"}]},{"@type":"WebSite","@id":"https:\/\/www.cgfmanet.org\/es\/#website","url":"https:\/\/www.cgfmanet.org\/es\/","name":"Istituto Figlie di Maria Ausiliatrice","description":"Salesiane di Don Bosco","publisher":{"@id":"https:\/\/www.cgfmanet.org\/es\/#organization"},"potentialAction":[{"@type":"SearchAction","target":{"@type":"EntryPoint","urlTemplate":"https:\/\/www.cgfmanet.org\/es\/?s={search_term_string}"},"query-input":{"@type":"PropertyValueSpecification","valueRequired":true,"valueName":"search_term_string"}}],"inLanguage":"es"},{"@type":"Organization","@id":"https:\/\/www.cgfmanet.org\/es\/#organization","name":"Istituto Figlie di Maria Ausiliatrice","url":"https:\/\/www.cgfmanet.org\/es\/","logo":{"@type":"ImageObject","inLanguage":"es","@id":"https:\/\/www.cgfmanet.org\/es\/#\/schema\/logo\/image\/","url":"https:\/\/www.cgfmanet.org\/wp-content\/uploads\/2018\/10\/logo-fma.png","contentUrl":"https:\/\/www.cgfmanet.org\/wp-content\/uploads\/2018\/10\/logo-fma.png","width":214,"height":55,"caption":"Istituto Figlie di Maria Ausiliatrice"},"image":{"@id":"https:\/\/www.cgfmanet.org\/es\/#\/schema\/logo\/image\/"},"sameAs":["https:\/\/www.facebook.com\/salesian.sisters.of.don.bosco\/","https:\/\/x.com\/Cgfmanet_Org","https:\/\/www.youtube.com\/channel\/UCmcr8yFQBV7JXeXVxyV9y5Q"]},{"@type":"Person","@id":"https:\/\/www.cgfmanet.org\/es\/#\/schema\/person\/ce6473083f53ef0ef882cca23f0c8fb9","name":"Redazione"}]}},"_links":{"self":[{"href":"https:\/\/www.cgfmanet.org\/es\/wp-json\/wp\/v2\/posts\/156676","targetHints":{"allow":["GET"]}}],"collection":[{"href":"https:\/\/www.cgfmanet.org\/es\/wp-json\/wp\/v2\/posts"}],"about":[{"href":"https:\/\/www.cgfmanet.org\/es\/wp-json\/wp\/v2\/types\/post"}],"author":[{"embeddable":true,"href":"https:\/\/www.cgfmanet.org\/es\/wp-json\/wp\/v2\/users\/21"}],"replies":[{"embeddable":true,"href":"https:\/\/www.cgfmanet.org\/es\/wp-json\/wp\/v2\/comments?post=156676"}],"version-history":[{"count":1,"href":"https:\/\/www.cgfmanet.org\/es\/wp-json\/wp\/v2\/posts\/156676\/revisions"}],"predecessor-version":[{"id":156680,"href":"https:\/\/www.cgfmanet.org\/es\/wp-json\/wp\/v2\/posts\/156676\/revisions\/156680"}],"wp:featuredmedia":[{"embeddable":true,"href":"https:\/\/www.cgfmanet.org\/es\/wp-json\/wp\/v2\/media\/156670"}],"wp:attachment":[{"href":"https:\/\/www.cgfmanet.org\/es\/wp-json\/wp\/v2\/media?parent=156676"}],"wp:term":[{"taxonomy":"category","embeddable":true,"href":"https:\/\/www.cgfmanet.org\/es\/wp-json\/wp\/v2\/categories?post=156676"},{"taxonomy":"post_tag","embeddable":true,"href":"https:\/\/www.cgfmanet.org\/es\/wp-json\/wp\/v2\/tags?post=156676"}],"curies":[{"name":"wp","href":"https:\/\/api.w.org\/{rel}","templated":true}]}}