{"id":156509,"date":"2026-04-28T12:02:40","date_gmt":"2026-04-28T10:02:40","guid":{"rendered":"https:\/\/www.cgfmanet.org\/infoesfera\/papa-leone-xiv-in-camerun\/"},"modified":"2026-04-30T09:53:04","modified_gmt":"2026-04-30T07:53:04","slug":"papa-leone-xiv-in-camerun","status":"publish","type":"post","link":"https:\/\/www.cgfmanet.org\/es\/infoesfera\/papa-leone-xiv-in-camerun\/","title":{"rendered":"Papa Leone XIV in Camerun"},"content":{"rendered":"<p><strong>Yaound\u00e9 (Camerun).<\/strong> Dal 15 al 18 aprile 2026 Papa Leone XIV ha visitato il Camerun, seconda tappa del suo 3\u00b0 viaggio apostolico in Algeria, Camerun, Angola e Guinea Equatoriale e per la prima volta, dalla sua elezione, in terra africana. (<span style=\"color: #0000ff;\"><strong><a style=\"color: #0000ff;\" href=\"https:\/\/www.vatican.va\/content\/leo-xiv\/it\/travels\/2026\/documents\/africa-13-23aprile2026.html\" target=\"_blank\" rel=\"noopener\">Programma<\/a><\/strong><\/span>)<\/p>\n<p>Al suo arrivo all&#8217;aeroporto di Yaound\u00e9-Nsimalen, nel pomeriggio del 15 aprile, il Santo Padre \u00e8 stato accolto dal primo Ministro camerunese, Joseph Dion Ngute, e dal Nunzio Apostolico, l\u2019Arcivescovo Jos\u00e9 Avelino Bettencourt, dai Vescovi della Conferenza Episcopale del Camerun, da altri Vescovi e dal popolo di Dio<span data-path-to-node=\"0,18\">. <\/span><\/p>\n<p>Cristiani e non cristiani si sono accalcati lungo il percorso per acclamarlo e dargli il benvenuto lungo un tragitto di 21 km. La gioia di tutti era palpabile. Questa folla accompagner\u00e0 il Papa in ogni suo spostamento e in ogni suo incontro. L\u2019itinerario in Camerun ha previsto diversi incontri: con il Presidente, Paul Biya, le Autorit\u00e0 civili e i membri del Corpo Diplomatico, la Conferenza episcopale, gli orfani, i malati, i bambini, i giovani, gli studenti e i docenti universitari.<\/p>\n<p><em>\u201cVengo tra voi come pastore e come servitore del dialogo, della fraternit\u00e0 e della pace. La mia visita esprime l\u2019affetto del successore di Pietro per tutti i camerunesi, nonch\u00e9 il desiderio di incoraggiare ciascuno a proseguire, con entusiasmo e perseveranza, nella costruzione del bene comune. (\u2026) Intendo inoltre manifestare la volont\u00e0 di rafforzare i legami di cooperazione tra la Santa Sede e la Repubblica del Camerun, fondati sul rispetto reciproco, sulla dignit\u00e0 di ogni persona umana e sulla libert\u00e0 religiosa\u201d<\/em>, sono state le sue prime parole pronunciate al Palazzo Presidenziale di Yaound\u00e9. (<strong><span style=\"color: #0000ff;\"><a style=\"color: #0000ff;\" href=\"https:\/\/www.vatican.va\/content\/leo-xiv\/it\/speeches\/2026\/april\/documents\/20260415-camerun-autorita.html\" target=\"_blank\" rel=\"noopener\">Discorso<\/a><\/span><\/strong>)<\/p>\n<p>Ovunque sia passato il Santo Padre, ha affrontato le questioni pi\u00f9 rilevanti del Camerun, dalla diversit\u00e0 della sua cultura al problema della violenza e della corruzione. Ha invitato le autorit\u00e0 civili a occuparsi dei problemi dei giovani, a esercitare il potere con spirito di sacrificio e senza escludere nessuno nella distribuzione dei beni. Ha esortato a occuparsi dei problemi della popolazione per evitare la frustrazione che alla fine porta alla violenza. \u201c<em>Viviamo un tempo, infatti, in cui la rassegnazione dilaga e il senso di impotenza tende a paralizzare il rinnovamento che i popoli avvertono profondamente. Quanta fame e sete di giustizia! Quanta sete di partecipazione, di visioni, di scelte coraggiose e di pace! \u00c8 mio grande desiderio raggiungere il cuore di tutti, in particolare dei giovani, chiamati a dare forma, anche politica, a un mondo pi\u00f9 equo\u201d<\/em>, ha detto rivolgendosi alle Autorit\u00e0 al Palazzo Presidenziale.<\/p>\n<p>Uno dei temi pi\u00f9 affrontati da Papa Leone \u00e8 quello <strong>della Pace<\/strong><span data-path-to-node=\"0,61\">. <\/span><span data-path-to-node=\"0,62\">In un Paese dove la tensione \u00e8 presente sul piano politico e con la situazione di conflitto interno a Bamenda \u2013 dove il Papa si \u00e8 recato &#8211; e dei suoi dintorni, ha incoraggiato a ricercare la pace, a non cadere nella trappola della guerra, della violenza, <em>\u201c<\/em><em>a rifiutare la logica della violenza e della guerra, per abbracciare una pace fondata sull\u2019amore e sulla giustizia. <strong>Una pace che sia\u00a0disarmata, cio\u00e8 non fondata sulla paura, sulla minaccia o sugli armamenti; e\u00a0disarmante, perch\u00e9 capace di risolvere i conflitti, di aprire i cuori e di generare fiducia, empatia e speranza.<\/strong> La pace non pu\u00f2 essere ridotta a slogan: va incarnata in uno stile, personale e istituzionale, che ripudi ogni forma di violenza. (\u2026) Questo grido vuol essere un appello alla volont\u00e0 di contribuire a una pace autentica, anteponendola a qualunque interesse di parte\u201d. <\/em><\/span><\/p>\n<p>Un altro tema che ha toccato in Camerun \u00e8 la modalit\u00e0 di governare: <em>\u201cGovernare \u00e8 amare il proprio paese, ma anche i paesi vicini. <\/em>Governare significa amare il proprio Paese e anche i Paesi vicini; vale anche nelle relazioni internazionali il comandamento: ama il tuo prossimo come te stesso! Governare significa ascoltare realmente i cittadini, stimare la loro intelligenza e la loro capacit\u00e0 di contribuire a costruire soluzioni durature ai problemi\u201d. <span data-path-to-node=\"0,79\">E ha invitato a un cambio di approccio, in cui <\/span>la societ\u00e0 civile sia da considerare come forza vitale per la coesione nazionale: <em>\u201cAssociazioni, organizzazioni di donne e di giovani, sindacati, ONG umanitarie, leader tradizionali e religiosi: tutti svolgono un ruolo insostituibile nella tessitura della pace sociale\u201d.<\/em><\/p>\n<p><strong>I giovani, poi, sono stati al centro dei suoi discorsi:<\/strong> \u201cCari giovani, \u00e8 soprattutto a voi che rivolgo questo invito, poich\u00e9 siete i figli amati della terra d&#8217;Africa!\u201d. Nell\u2019omelia della Santa Messa al \u201cJapoma Stadium\u201d di Douala, il 17 aprile, ha invitato i giovani a non cedere allo scoraggiamento, ma ad essere protagonisti del proprio futuro, mettendosi a servizio della societ\u00e0: <em>\u201c<\/em><em>Come fratelli e sorelle di Ges\u00f9, moltiplicate i vostri talenti con la fede, la tenacia, l\u2019amicizia che vi animano. Siate voi per primi i volti e le mani che portano al prossimo il pane della vita: cibo di sapienza e di riscatto da tutto ci\u00f2 che non ci nutre, ma anzi confonde i nostri buoni desideri e ci ruba dignit\u00e0. (\u2026) Non cedete alla sfiducia e allo scoraggiamento; rifiutate ogni forma di sopruso e di violenza, che illudono promettendo guadagni facili ma induriscono il cuore e lo rendono insensibile. Non dimenticate che il vostro popolo \u00e8 ancora pi\u00f9 ricco di questa terra, perch\u00e9 il suo tesoro sono i suoi valori: la fede, la famiglia, l\u2019ospitalit\u00e0, il lavoro. Siate dunque protagonisti del futuro, seguendo la vocazione che Dio dona a ciascuno, senza lasciarvi comprare da tentazioni che sperperano le energie e non servono al progresso della societ\u00e0\u201d.<\/em><\/p>\n<p><strong>Le Figlie di Maria Ausiliatrice<\/strong>, presenti a Bafia e a Yaound\u00e8, hanno seguito la visita del Papa principalmente nelle tappe di Yaound\u00e9 e dintorni. Suor Florence Minkou\u00e9, FMA, Coordinatrice di Comunicazione dell\u2019Ispettoria <em>Santa Maria Domenica Mazzarello<\/em> (AEC), riassume cos\u00ec l\u2019evento di grazia vissuto dal Paese:<\/p>\n<p><em>\u201cIn generale, la visita del Santo Padre \u00e8 stata percepita come una grazia per l&#8217;intera popolazione in generale e per i cristiani in particolare. La scelta dei luoghi visitati, i discorsi e la serena semplicit\u00e0 del Papa hanno dimostrato la sua sollecitudine verso gli umili e i pi\u00f9 deboli, nonch\u00e9 il suo impegno a favore della pace e della giustizia per il benessere del popolo di Dio\u201d.<\/em><\/p>\n<p><strong>La testimonianza di Gloria, aspirante:<\/strong><\/p>\n<p>Dal 15 al 18 aprile 2026, il Camerun ha vissuto dei momenti indimenticabili. Le regioni visitate dal Santo Padre si sono vestite a festa. Non appena il popolo camerunese ha appreso che il Papa era atterrato all&#8217;aeroporto internazionale di Yaound\u00e9-Nsimalen, il Paese si \u00e8 riempito di grida di gioia. Una grande folla lo attendeva gi\u00e0 sotto il sole. Uomini, donne e bambini sventolavano bandiere e striscioni.<\/p>\n<p>Molti piangevano di gioia per aver visto il successore di Pietro. \u201cNon riesco a credere che sia qui, da noi\u201d, diceva una mamma, con le mani sul cuore. Da diversi giorni, i quartieri di Yaound\u00e9 erano gi\u00e0 in festa. Ovunque, si vedevano i colori del Vaticano e del Camerun sventolare insieme. La gente preparava questa visita come se fosse l&#8217;arrivo di Cristo, con impazienza, preghiere e molto amore.<\/p>\n<p>\u201cBasta il suo sorriso, e gi\u00e0 si guarisce\u201d, ha esclamato un giovane.<\/p>\n<p>Al Palazzo dell\u2019Unit\u00e0, poi al Palazzo dei Congressi, si \u00e8 rivolto a tutti: autorit\u00e0, diplomatici e famiglie. Le sue parole semplici, ma profonde, sulla pace e l\u2019unit\u00e0 hanno toccato i cuori. Successivamente, all\u2019orfanotrofio Ngul Zamba delle Figlie di Maria, ha trascorso del tempo con i bambini. L\u00ec non c\u2019era pi\u00f9 alcun protocollo, solo lacrime di gioia e momenti di tenerezza.<\/p>\n<p>L\u2019impressione che rimane \u00e8 forte: in Camerun, la popolazione ricorda tre parole di questa visita del Papa: <strong>gioia, orgoglio e speranza<\/strong>. Gioia di essere stati scelti. Orgoglio di mostrare al mondo che la terra camerunese \u00e8 una terra di accoglienza. Speranza, perch\u00e9 il Papa ha affermato che la diversit\u00e0 del Paese \u201cnon \u00e8 una fragilit\u00e0, ma un tesoro\u201d.<\/p>\n<p>Una donna ha ben sintetizzato l\u2019esperienza: <em>\u201cPer quattro giorni abbiamo dimenticato i nostri problemi. Ci siamo sentiti uniti e benedetti. \u00c8 questo che conservo nel mio cuore\u201d.<\/em><\/p>\n\r\n                <style type=\"text\/css\">\r\n                    \r\n                    #tdi_1  .td-doubleSlider-2 .td-item1 {\r\n                        background: url(https:\/\/www.cgfmanet.org\/wp-content\/uploads\/2026\/04\/Papa-Leone-in-Camerun_2-80x60.jpg) 0 0 no-repeat;\r\n                    }\r\n                    #tdi_1  .td-doubleSlider-2 .td-item2 {\r\n                        background: url(https:\/\/www.cgfmanet.org\/wp-content\/uploads\/2026\/04\/Papa-Leone-in-Camerun_1-80x60.jpg) 0 0 no-repeat;\r\n                    }\r\n                <\/style>\r\n\r\n                <div id=\"tdi_1\" class=\"td-gallery td-slide-on-2-columns\">\r\n                    <div class=\"post_td_gallery\">\r\n                        <div class=\"td-gallery-slide-top\">\r\n                           <div class=\"td-gallery-title\"><\/div>\r\n\r\n                            <div class=\"td-gallery-controls-wrapper\">\r\n                                <div class=\"td-gallery-slide-count\"><span class=\"td-gallery-slide-item-focus\">1<\/span> de 2<\/div>\r\n                                <div class=\"td-gallery-slide-prev-next-but\">\r\n                                    <i class = \"td-icon-left doubleSliderPrevButton\"><\/i>\r\n                                    <i class = \"td-icon-right doubleSliderNextButton\"><\/i>\r\n                                <\/div>\r\n                            <\/div>\r\n                        <\/div>\r\n\r\n                        <div class = \"td-doubleSlider-1 \">\r\n                            <div class = \"td-slider\">\r\n                                \r\n                    <div class = \"td-slide-item td-item1\">\r\n                        <figure class=\"td-slide-galery-figure td-slide-popup-gallery\">\r\n                            <a class=\"slide-gallery-image-link\" href=\"https:\/\/www.cgfmanet.org\/wp-content\/uploads\/2026\/04\/Papa-Leone-in-Camerun_2.jpg\" title=\"Papa Leone in Camerun_2\"  data-caption=\"\"  data-description=\"\">\r\n                                <img decoding=\"async\" data-src=\"https:\/\/www.cgfmanet.org\/wp-content\/uploads\/2026\/04\/Papa-Leone-in-Camerun_2-630x420.jpg\" data-srcset=\"https:\/\/www.cgfmanet.org\/wp-content\/uploads\/2026\/04\/Papa-Leone-in-Camerun_2-630x420.jpg 630w, https:\/\/www.cgfmanet.org\/wp-content\/uploads\/2026\/04\/Papa-Leone-in-Camerun_2-768x512.jpg 768w, https:\/\/www.cgfmanet.org\/wp-content\/uploads\/2026\/04\/Papa-Leone-in-Camerun_2-696x464.jpg 696w, https:\/\/www.cgfmanet.org\/wp-content\/uploads\/2026\/04\/Papa-Leone-in-Camerun_2.jpg 1280w\" data-sizes=\"auto\" alt=\"\" src=\"data:image\/svg+xml;base64,PHN2ZyB3aWR0aD0iMSIgaGVpZ2h0PSIxIiB4bWxucz0iaHR0cDovL3d3dy53My5vcmcvMjAwMC9zdmciPjwvc3ZnPg==\" class=\"lazyload\" style=\"--smush-placeholder-width: 630px; --smush-placeholder-aspect-ratio: 630\/420;\" data-original-sizes=\"(max-width: 630px) 100vw, 630px\">\r\n                            <\/a>\r\n                            \r\n                        <\/figure>\r\n                    <\/div>\r\n                    <div class = \"td-slide-item td-item2\">\r\n                        <figure class=\"td-slide-galery-figure td-slide-popup-gallery\">\r\n                            <a class=\"slide-gallery-image-link\" href=\"https:\/\/www.cgfmanet.org\/wp-content\/uploads\/2026\/04\/Papa-Leone-in-Camerun_1.jpg\" title=\"Papa Leone in Camerun_1\"  data-caption=\"\"  data-description=\"\">\r\n                                <img decoding=\"async\" data-src=\"https:\/\/www.cgfmanet.org\/wp-content\/uploads\/2026\/04\/Papa-Leone-in-Camerun_1-630x420.jpg\" data-srcset=\"https:\/\/www.cgfmanet.org\/wp-content\/uploads\/2026\/04\/Papa-Leone-in-Camerun_1-630x420.jpg 630w, https:\/\/www.cgfmanet.org\/wp-content\/uploads\/2026\/04\/Papa-Leone-in-Camerun_1-768x512.jpg 768w, https:\/\/www.cgfmanet.org\/wp-content\/uploads\/2026\/04\/Papa-Leone-in-Camerun_1-696x464.jpg 696w, https:\/\/www.cgfmanet.org\/wp-content\/uploads\/2026\/04\/Papa-Leone-in-Camerun_1.jpg 1181w\" data-sizes=\"auto\" alt=\"\" src=\"data:image\/svg+xml;base64,PHN2ZyB3aWR0aD0iMSIgaGVpZ2h0PSIxIiB4bWxucz0iaHR0cDovL3d3dy53My5vcmcvMjAwMC9zdmciPjwvc3ZnPg==\" class=\"lazyload\" style=\"--smush-placeholder-width: 630px; --smush-placeholder-aspect-ratio: 630\/420;\" data-original-sizes=\"(max-width: 630px) 100vw, 630px\">\r\n                            <\/a>\r\n                            \r\n                        <\/figure>\r\n                    <\/div>\r\n                            <\/div>\r\n                        <\/div>\r\n\r\n                        <div class = \"td-doubleSlider-2\">\r\n                            <div class = \"td-slider\">\r\n                                \r\n                    <div class = \"td-button td-item1\">\r\n                        <div class = \"td-border\"><\/div>\r\n                    <\/div>\r\n                    <div class = \"td-button td-item2\">\r\n                        <div class = \"td-border\"><\/div>\r\n                    <\/div>\r\n                            <\/div>\r\n                        <\/div>\r\n\r\n                    <\/div>\r\n\r\n                <\/div>\r\n                \n","protected":false},"excerpt":{"rendered":"<p>Yaound\u00e9 (Camerun). Dal 15 al 18 aprile 2026 Papa Leone XIV ha visitato il Camerun, seconda tappa del suo 3\u00b0 viaggio apostolico in Algeria, Camerun, Angola e Guinea Equatoriale e [&hellip;]<\/p>\n","protected":false},"author":21,"featured_media":156499,"comment_status":"open","ping_status":"closed","sticky":false,"template":"","format":"standard","meta":{"footnotes":""},"categories":[39,191],"tags":[887,1830,1931,2491],"class_list":["post-156509","post","type-post","status-publish","format-standard","has-post-thumbnail","category-infoesfera","category-iglesia","tag-aec-es","tag-paz-es","tag-focus-es","tag-papa-leon-xiv"],"yoast_head":"<!-- This site is optimized with the Yoast SEO plugin v27.4 - https:\/\/yoast.com\/product\/yoast-seo-wordpress\/ -->\n<title>Papa Leone XIV in Camerun &#8226; Istituto Figlie di Maria Ausiliatrice<\/title>\n<meta name=\"description\" content=\"Dal 15 al 18 aprile 2026 Papa Leone XIV, nell\u2019ambito del suo 3\u00b0 viaggio apostolico, ha visitato il Camerun, dove sono presenti le FMA.\" \/>\n<meta name=\"robots\" content=\"index, follow, max-snippet:-1, max-image-preview:large, max-video-preview:-1\" \/>\n<link rel=\"canonical\" href=\"https:\/\/www.cgfmanet.org\/es\/infoesfera\/papa-leone-xiv-in-camerun\/\" \/>\n<meta property=\"og:locale\" content=\"es_ES\" \/>\n<meta property=\"og:type\" content=\"article\" \/>\n<meta property=\"og:title\" content=\"Papa Leone XIV in Camerun &#8226; Istituto Figlie di Maria Ausiliatrice\" \/>\n<meta property=\"og:description\" content=\"Dal 15 al 18 aprile 2026 Papa Leone XIV, nell\u2019ambito del suo 3\u00b0 viaggio apostolico, ha visitato il Camerun, dove sono presenti le FMA.\" \/>\n<meta property=\"og:url\" content=\"https:\/\/www.cgfmanet.org\/es\/infoesfera\/papa-leone-xiv-in-camerun\/\" \/>\n<meta property=\"og:site_name\" content=\"Istituto Figlie di Maria Ausiliatrice\" \/>\n<meta property=\"article:publisher\" content=\"https:\/\/www.facebook.com\/salesian.sisters.of.don.bosco\/\" \/>\n<meta property=\"article:published_time\" content=\"2026-04-28T10:02:40+00:00\" \/>\n<meta property=\"article:modified_time\" content=\"2026-04-30T07:53:04+00:00\" \/>\n<meta property=\"og:image\" content=\"https:\/\/www.cgfmanet.org\/wp-content\/uploads\/2026\/04\/Papa-Leone-in-Camerun.jpg\" \/>\n\t<meta property=\"og:image:width\" content=\"1181\" \/>\n\t<meta property=\"og:image:height\" content=\"788\" \/>\n\t<meta property=\"og:image:type\" content=\"image\/jpeg\" \/>\n<meta name=\"author\" content=\"Redazione\" \/>\n<meta name=\"twitter:card\" content=\"summary_large_image\" \/>\n<meta name=\"twitter:creator\" content=\"@Cgfmanet_Org\" \/>\n<meta name=\"twitter:site\" content=\"@Cgfmanet_Org\" \/>\n<meta name=\"twitter:label1\" content=\"Escrito por\" \/>\n\t<meta name=\"twitter:data1\" content=\"Redazione\" \/>\n\t<meta name=\"twitter:label2\" content=\"Tiempo de lectura\" \/>\n\t<meta name=\"twitter:data2\" content=\"8 minutos\" \/>\n<script type=\"application\/ld+json\" class=\"yoast-schema-graph\">{\"@context\":\"https:\\\/\\\/schema.org\",\"@graph\":[{\"@type\":\"Article\",\"@id\":\"https:\\\/\\\/www.cgfmanet.org\\\/es\\\/infoesfera\\\/papa-leone-xiv-in-camerun\\\/#article\",\"isPartOf\":{\"@id\":\"https:\\\/\\\/www.cgfmanet.org\\\/es\\\/infoesfera\\\/papa-leone-xiv-in-camerun\\\/\"},\"author\":{\"name\":\"Redazione\",\"@id\":\"https:\\\/\\\/www.cgfmanet.org\\\/es\\\/#\\\/schema\\\/person\\\/ce6473083f53ef0ef882cca23f0c8fb9\"},\"headline\":\"Papa Leone XIV in Camerun\",\"datePublished\":\"2026-04-28T10:02:40+00:00\",\"dateModified\":\"2026-04-30T07:53:04+00:00\",\"mainEntityOfPage\":{\"@id\":\"https:\\\/\\\/www.cgfmanet.org\\\/es\\\/infoesfera\\\/papa-leone-xiv-in-camerun\\\/\"},\"wordCount\":1300,\"commentCount\":0,\"publisher\":{\"@id\":\"https:\\\/\\\/www.cgfmanet.org\\\/es\\\/#organization\"},\"image\":{\"@id\":\"https:\\\/\\\/www.cgfmanet.org\\\/es\\\/infoesfera\\\/papa-leone-xiv-in-camerun\\\/#primaryimage\"},\"thumbnailUrl\":\"https:\\\/\\\/www.cgfmanet.org\\\/wp-content\\\/uploads\\\/2026\\\/04\\\/Papa-Leone-in-Camerun.jpg\",\"keywords\":[\"AEC\",\"Paz\",\"Focus\",\"Papa Le\u00f3n XIV\"],\"articleSection\":[\"Infoesfera\",\"Iglesia\"],\"inLanguage\":\"es\",\"potentialAction\":[{\"@type\":\"CommentAction\",\"name\":\"Comment\",\"target\":[\"https:\\\/\\\/www.cgfmanet.org\\\/es\\\/infoesfera\\\/papa-leone-xiv-in-camerun\\\/#respond\"]}]},{\"@type\":\"WebPage\",\"@id\":\"https:\\\/\\\/www.cgfmanet.org\\\/es\\\/infoesfera\\\/papa-leone-xiv-in-camerun\\\/\",\"url\":\"https:\\\/\\\/www.cgfmanet.org\\\/es\\\/infoesfera\\\/papa-leone-xiv-in-camerun\\\/\",\"name\":\"Papa Leone XIV in Camerun &#8226; Istituto Figlie di Maria Ausiliatrice\",\"isPartOf\":{\"@id\":\"https:\\\/\\\/www.cgfmanet.org\\\/es\\\/#website\"},\"primaryImageOfPage\":{\"@id\":\"https:\\\/\\\/www.cgfmanet.org\\\/es\\\/infoesfera\\\/papa-leone-xiv-in-camerun\\\/#primaryimage\"},\"image\":{\"@id\":\"https:\\\/\\\/www.cgfmanet.org\\\/es\\\/infoesfera\\\/papa-leone-xiv-in-camerun\\\/#primaryimage\"},\"thumbnailUrl\":\"https:\\\/\\\/www.cgfmanet.org\\\/wp-content\\\/uploads\\\/2026\\\/04\\\/Papa-Leone-in-Camerun.jpg\",\"datePublished\":\"2026-04-28T10:02:40+00:00\",\"dateModified\":\"2026-04-30T07:53:04+00:00\",\"description\":\"Dal 15 al 18 aprile 2026 Papa Leone XIV, nell\u2019ambito del suo 3\u00b0 viaggio apostolico, ha visitato il Camerun, dove sono presenti le FMA.\",\"breadcrumb\":{\"@id\":\"https:\\\/\\\/www.cgfmanet.org\\\/es\\\/infoesfera\\\/papa-leone-xiv-in-camerun\\\/#breadcrumb\"},\"inLanguage\":\"es\",\"potentialAction\":[{\"@type\":\"ReadAction\",\"target\":[\"https:\\\/\\\/www.cgfmanet.org\\\/es\\\/infoesfera\\\/papa-leone-xiv-in-camerun\\\/\"]}]},{\"@type\":\"ImageObject\",\"inLanguage\":\"es\",\"@id\":\"https:\\\/\\\/www.cgfmanet.org\\\/es\\\/infoesfera\\\/papa-leone-xiv-in-camerun\\\/#primaryimage\",\"url\":\"https:\\\/\\\/www.cgfmanet.org\\\/wp-content\\\/uploads\\\/2026\\\/04\\\/Papa-Leone-in-Camerun.jpg\",\"contentUrl\":\"https:\\\/\\\/www.cgfmanet.org\\\/wp-content\\\/uploads\\\/2026\\\/04\\\/Papa-Leone-in-Camerun.jpg\",\"width\":1181,\"height\":788},{\"@type\":\"BreadcrumbList\",\"@id\":\"https:\\\/\\\/www.cgfmanet.org\\\/es\\\/infoesfera\\\/papa-leone-xiv-in-camerun\\\/#breadcrumb\",\"itemListElement\":[{\"@type\":\"ListItem\",\"position\":1,\"name\":\"Home\",\"item\":\"https:\\\/\\\/www.cgfmanet.org\\\/es\\\/\"},{\"@type\":\"ListItem\",\"position\":2,\"name\":\"Papa Leone XIV in Camerun\"}]},{\"@type\":\"WebSite\",\"@id\":\"https:\\\/\\\/www.cgfmanet.org\\\/es\\\/#website\",\"url\":\"https:\\\/\\\/www.cgfmanet.org\\\/es\\\/\",\"name\":\"Istituto Figlie di Maria Ausiliatrice\",\"description\":\"Salesiane di Don Bosco\",\"publisher\":{\"@id\":\"https:\\\/\\\/www.cgfmanet.org\\\/es\\\/#organization\"},\"potentialAction\":[{\"@type\":\"SearchAction\",\"target\":{\"@type\":\"EntryPoint\",\"urlTemplate\":\"https:\\\/\\\/www.cgfmanet.org\\\/es\\\/?s={search_term_string}\"},\"query-input\":{\"@type\":\"PropertyValueSpecification\",\"valueRequired\":true,\"valueName\":\"search_term_string\"}}],\"inLanguage\":\"es\"},{\"@type\":\"Organization\",\"@id\":\"https:\\\/\\\/www.cgfmanet.org\\\/es\\\/#organization\",\"name\":\"Istituto Figlie di Maria Ausiliatrice\",\"url\":\"https:\\\/\\\/www.cgfmanet.org\\\/es\\\/\",\"logo\":{\"@type\":\"ImageObject\",\"inLanguage\":\"es\",\"@id\":\"https:\\\/\\\/www.cgfmanet.org\\\/es\\\/#\\\/schema\\\/logo\\\/image\\\/\",\"url\":\"https:\\\/\\\/www.cgfmanet.org\\\/wp-content\\\/uploads\\\/2018\\\/10\\\/logo-fma.png\",\"contentUrl\":\"https:\\\/\\\/www.cgfmanet.org\\\/wp-content\\\/uploads\\\/2018\\\/10\\\/logo-fma.png\",\"width\":214,\"height\":55,\"caption\":\"Istituto Figlie di Maria Ausiliatrice\"},\"image\":{\"@id\":\"https:\\\/\\\/www.cgfmanet.org\\\/es\\\/#\\\/schema\\\/logo\\\/image\\\/\"},\"sameAs\":[\"https:\\\/\\\/www.facebook.com\\\/salesian.sisters.of.don.bosco\\\/\",\"https:\\\/\\\/x.com\\\/Cgfmanet_Org\",\"https:\\\/\\\/www.youtube.com\\\/channel\\\/UCmcr8yFQBV7JXeXVxyV9y5Q\"]},{\"@type\":\"Person\",\"@id\":\"https:\\\/\\\/www.cgfmanet.org\\\/es\\\/#\\\/schema\\\/person\\\/ce6473083f53ef0ef882cca23f0c8fb9\",\"name\":\"Redazione\"}]}<\/script>\n<!-- \/ Yoast SEO plugin. -->","yoast_head_json":{"title":"Papa Leone XIV in Camerun &#8226; Istituto Figlie di Maria Ausiliatrice","description":"Dal 15 al 18 aprile 2026 Papa Leone XIV, nell\u2019ambito del suo 3\u00b0 viaggio apostolico, ha visitato il Camerun, dove sono presenti le FMA.","robots":{"index":"index","follow":"follow","max-snippet":"max-snippet:-1","max-image-preview":"max-image-preview:large","max-video-preview":"max-video-preview:-1"},"canonical":"https:\/\/www.cgfmanet.org\/es\/infoesfera\/papa-leone-xiv-in-camerun\/","og_locale":"es_ES","og_type":"article","og_title":"Papa Leone XIV in Camerun &#8226; Istituto Figlie di Maria Ausiliatrice","og_description":"Dal 15 al 18 aprile 2026 Papa Leone XIV, nell\u2019ambito del suo 3\u00b0 viaggio apostolico, ha visitato il Camerun, dove sono presenti le FMA.","og_url":"https:\/\/www.cgfmanet.org\/es\/infoesfera\/papa-leone-xiv-in-camerun\/","og_site_name":"Istituto Figlie di Maria Ausiliatrice","article_publisher":"https:\/\/www.facebook.com\/salesian.sisters.of.don.bosco\/","article_published_time":"2026-04-28T10:02:40+00:00","article_modified_time":"2026-04-30T07:53:04+00:00","og_image":[{"width":1181,"height":788,"url":"https:\/\/www.cgfmanet.org\/wp-content\/uploads\/2026\/04\/Papa-Leone-in-Camerun.jpg","type":"image\/jpeg"}],"author":"Redazione","twitter_card":"summary_large_image","twitter_creator":"@Cgfmanet_Org","twitter_site":"@Cgfmanet_Org","twitter_misc":{"Escrito por":"Redazione","Tiempo de lectura":"8 minutos"},"schema":{"@context":"https:\/\/schema.org","@graph":[{"@type":"Article","@id":"https:\/\/www.cgfmanet.org\/es\/infoesfera\/papa-leone-xiv-in-camerun\/#article","isPartOf":{"@id":"https:\/\/www.cgfmanet.org\/es\/infoesfera\/papa-leone-xiv-in-camerun\/"},"author":{"name":"Redazione","@id":"https:\/\/www.cgfmanet.org\/es\/#\/schema\/person\/ce6473083f53ef0ef882cca23f0c8fb9"},"headline":"Papa Leone XIV in Camerun","datePublished":"2026-04-28T10:02:40+00:00","dateModified":"2026-04-30T07:53:04+00:00","mainEntityOfPage":{"@id":"https:\/\/www.cgfmanet.org\/es\/infoesfera\/papa-leone-xiv-in-camerun\/"},"wordCount":1300,"commentCount":0,"publisher":{"@id":"https:\/\/www.cgfmanet.org\/es\/#organization"},"image":{"@id":"https:\/\/www.cgfmanet.org\/es\/infoesfera\/papa-leone-xiv-in-camerun\/#primaryimage"},"thumbnailUrl":"https:\/\/www.cgfmanet.org\/wp-content\/uploads\/2026\/04\/Papa-Leone-in-Camerun.jpg","keywords":["AEC","Paz","Focus","Papa Le\u00f3n XIV"],"articleSection":["Infoesfera","Iglesia"],"inLanguage":"es","potentialAction":[{"@type":"CommentAction","name":"Comment","target":["https:\/\/www.cgfmanet.org\/es\/infoesfera\/papa-leone-xiv-in-camerun\/#respond"]}]},{"@type":"WebPage","@id":"https:\/\/www.cgfmanet.org\/es\/infoesfera\/papa-leone-xiv-in-camerun\/","url":"https:\/\/www.cgfmanet.org\/es\/infoesfera\/papa-leone-xiv-in-camerun\/","name":"Papa Leone XIV in Camerun &#8226; Istituto Figlie di Maria Ausiliatrice","isPartOf":{"@id":"https:\/\/www.cgfmanet.org\/es\/#website"},"primaryImageOfPage":{"@id":"https:\/\/www.cgfmanet.org\/es\/infoesfera\/papa-leone-xiv-in-camerun\/#primaryimage"},"image":{"@id":"https:\/\/www.cgfmanet.org\/es\/infoesfera\/papa-leone-xiv-in-camerun\/#primaryimage"},"thumbnailUrl":"https:\/\/www.cgfmanet.org\/wp-content\/uploads\/2026\/04\/Papa-Leone-in-Camerun.jpg","datePublished":"2026-04-28T10:02:40+00:00","dateModified":"2026-04-30T07:53:04+00:00","description":"Dal 15 al 18 aprile 2026 Papa Leone XIV, nell\u2019ambito del suo 3\u00b0 viaggio apostolico, ha visitato il Camerun, dove sono presenti le FMA.","breadcrumb":{"@id":"https:\/\/www.cgfmanet.org\/es\/infoesfera\/papa-leone-xiv-in-camerun\/#breadcrumb"},"inLanguage":"es","potentialAction":[{"@type":"ReadAction","target":["https:\/\/www.cgfmanet.org\/es\/infoesfera\/papa-leone-xiv-in-camerun\/"]}]},{"@type":"ImageObject","inLanguage":"es","@id":"https:\/\/www.cgfmanet.org\/es\/infoesfera\/papa-leone-xiv-in-camerun\/#primaryimage","url":"https:\/\/www.cgfmanet.org\/wp-content\/uploads\/2026\/04\/Papa-Leone-in-Camerun.jpg","contentUrl":"https:\/\/www.cgfmanet.org\/wp-content\/uploads\/2026\/04\/Papa-Leone-in-Camerun.jpg","width":1181,"height":788},{"@type":"BreadcrumbList","@id":"https:\/\/www.cgfmanet.org\/es\/infoesfera\/papa-leone-xiv-in-camerun\/#breadcrumb","itemListElement":[{"@type":"ListItem","position":1,"name":"Home","item":"https:\/\/www.cgfmanet.org\/es\/"},{"@type":"ListItem","position":2,"name":"Papa Leone XIV in Camerun"}]},{"@type":"WebSite","@id":"https:\/\/www.cgfmanet.org\/es\/#website","url":"https:\/\/www.cgfmanet.org\/es\/","name":"Istituto Figlie di Maria Ausiliatrice","description":"Salesiane di Don Bosco","publisher":{"@id":"https:\/\/www.cgfmanet.org\/es\/#organization"},"potentialAction":[{"@type":"SearchAction","target":{"@type":"EntryPoint","urlTemplate":"https:\/\/www.cgfmanet.org\/es\/?s={search_term_string}"},"query-input":{"@type":"PropertyValueSpecification","valueRequired":true,"valueName":"search_term_string"}}],"inLanguage":"es"},{"@type":"Organization","@id":"https:\/\/www.cgfmanet.org\/es\/#organization","name":"Istituto Figlie di Maria Ausiliatrice","url":"https:\/\/www.cgfmanet.org\/es\/","logo":{"@type":"ImageObject","inLanguage":"es","@id":"https:\/\/www.cgfmanet.org\/es\/#\/schema\/logo\/image\/","url":"https:\/\/www.cgfmanet.org\/wp-content\/uploads\/2018\/10\/logo-fma.png","contentUrl":"https:\/\/www.cgfmanet.org\/wp-content\/uploads\/2018\/10\/logo-fma.png","width":214,"height":55,"caption":"Istituto Figlie di Maria Ausiliatrice"},"image":{"@id":"https:\/\/www.cgfmanet.org\/es\/#\/schema\/logo\/image\/"},"sameAs":["https:\/\/www.facebook.com\/salesian.sisters.of.don.bosco\/","https:\/\/x.com\/Cgfmanet_Org","https:\/\/www.youtube.com\/channel\/UCmcr8yFQBV7JXeXVxyV9y5Q"]},{"@type":"Person","@id":"https:\/\/www.cgfmanet.org\/es\/#\/schema\/person\/ce6473083f53ef0ef882cca23f0c8fb9","name":"Redazione"}]}},"_links":{"self":[{"href":"https:\/\/www.cgfmanet.org\/es\/wp-json\/wp\/v2\/posts\/156509","targetHints":{"allow":["GET"]}}],"collection":[{"href":"https:\/\/www.cgfmanet.org\/es\/wp-json\/wp\/v2\/posts"}],"about":[{"href":"https:\/\/www.cgfmanet.org\/es\/wp-json\/wp\/v2\/types\/post"}],"author":[{"embeddable":true,"href":"https:\/\/www.cgfmanet.org\/es\/wp-json\/wp\/v2\/users\/21"}],"replies":[{"embeddable":true,"href":"https:\/\/www.cgfmanet.org\/es\/wp-json\/wp\/v2\/comments?post=156509"}],"version-history":[{"count":2,"href":"https:\/\/www.cgfmanet.org\/es\/wp-json\/wp\/v2\/posts\/156509\/revisions"}],"predecessor-version":[{"id":156573,"href":"https:\/\/www.cgfmanet.org\/es\/wp-json\/wp\/v2\/posts\/156509\/revisions\/156573"}],"wp:featuredmedia":[{"embeddable":true,"href":"https:\/\/www.cgfmanet.org\/es\/wp-json\/wp\/v2\/media\/156499"}],"wp:attachment":[{"href":"https:\/\/www.cgfmanet.org\/es\/wp-json\/wp\/v2\/media?parent=156509"}],"wp:term":[{"taxonomy":"category","embeddable":true,"href":"https:\/\/www.cgfmanet.org\/es\/wp-json\/wp\/v2\/categories?post=156509"},{"taxonomy":"post_tag","embeddable":true,"href":"https:\/\/www.cgfmanet.org\/es\/wp-json\/wp\/v2\/tags?post=156509"}],"curies":[{"name":"wp","href":"https:\/\/api.w.org\/{rel}","templated":true}]}}