{"id":156353,"date":"2026-04-25T10:45:48","date_gmt":"2026-04-25T08:45:48","guid":{"rendered":"https:\/\/www.cgfmanet.org\/infoesfera\/suor-antonietta-bohm-segno-della-maternita-di-maria\/"},"modified":"2026-04-25T22:13:29","modified_gmt":"2026-04-25T20:13:29","slug":"sor-antonietta-bohm-signo-de-la-maternidad-de-maria","status":"publish","type":"post","link":"https:\/\/www.cgfmanet.org\/es\/ifma-es\/sor-antonietta-bohm-signo-de-la-maternidad-de-maria\/","title":{"rendered":"Sor Antonieta B\u00f6hm signo de la maternidad de Mar\u00eda"},"content":{"rendered":"<p><strong>Roma (Italia). <\/strong>El 27 de abril de 2026 se recuerda el 18\u00b0 aniversario del dies natalis de la Sierva de Dios\u00a0<strong><span style=\"color: #0000ff;\"><a style=\"color: #0000ff;\" href=\"https:\/\/drive.google.com\/drive\/folders\/17JgS-Hbz1YiImdL0lUYFO__jg9ZBXiEA\" target=\"_blank\" rel=\"noopener\">Sor Antonieta B\u00f6hm<\/a><\/span><\/strong>, Hija de Mar\u00eda Auxiliadora. Nacida el 22 de septiembre de 1907 en Bottrop (Alemania). Conoce a las FMA en Essen-Borbeck donde asiste al oratorio. Para seguir su vocaci\u00f3n, se traslada primero a Eschelbach y luego a Italia, a Nizza Monferrato.<\/p>\n<p>El 5 de agosto de 1928 emite la primera profesi\u00f3n y precisamente el 5 de agosto de 1934, d\u00eda de su profesi\u00f3n perpetua, recibe la noticia de que partir\u00e1 como misionera hacia Am\u00e9rica Latina. De 1934 a 1965 est\u00e1 en Argentina, de 1965 a 1969 en Per\u00fa y, finalmente, de 1969 a 2008 en M\u00e9xico, dejando siempre y en todas partes el signo de su fama de bondad y maternidad salesiana.<\/p>\n<p>En 1973 recibe de la anterior superiora, sor Ersilia Crugnola, una estatuilla de Mar\u00eda Auxiliadora con la misi\u00f3n de \u201chacerla trabajar\u201d. Desde ese momento en adelante, Madre Antonieta abraza la misi\u00f3n de ser signo del amor de Dios y de la bondad materna de Mar\u00eda Sant\u00edsima para todos.<\/p>\n<p>Durante 35 a\u00f1os la bendici\u00f3n de la Virgen llega a miles de personas a trav\u00e9s de la oraci\u00f3n y el ofrecimiento de Madre Antonietta: personalmente o por \u201cv\u00eda a\u00e9rea\u201d &#8211; como le hab\u00eda ense\u00f1ado Madre Ersilia &#8211; es decir, por tel\u00e9fono y por carta.<\/p>\n<p>Madre Antonietta escribi\u00f3 en una carta de 1998: \u201cLa Virgen trabaja incansablemente, incluso a nivel internacional\u201d. Desde su muerte, ocurrida el 27 de abril de 2008, y hasta hoy, Mar\u00eda Auxiliadora contin\u00faa operando por su intercesi\u00f3n. He aqu\u00ed algunas gracias que han sido relatadas:<\/p>\n<p>A la se\u00f1ora Gabriela Jasso Arredondo le hab\u00edan diagnosticado un tumor en el coraz\u00f3n. Los m\u00e9dicos dijeron que era necesaria una intervenci\u00f3n a coraz\u00f3n abierto. Era una intervenci\u00f3n en la que todo pod\u00eda suceder: nunca hab\u00edan visto un tumor similar y no sab\u00edan qu\u00e9 encontrar\u00edan. Su hermana, Lourdes Jasso, notaria para el proceso diocesano de canonizaci\u00f3n de Madre Antonieta, la invit\u00f3 a encomendarse a su intercesi\u00f3n, le entreg\u00f3 una reliquia y coloc\u00f3 la fotograf\u00eda de Lourdes sobre la cama de la Sierva de Dios. El 7 de julio de 2023 se realiz\u00f3 la intervenci\u00f3n quir\u00fargica. Mientras era llevada hacia el quir\u00f3fano, Lourdes se encomend\u00f3 incesantemente a Madre Antonietta y al Se\u00f1or. La intervenci\u00f3n dur\u00f3 seis horas y media y, gracias a Dios, todo sali\u00f3 bien. Actualmente lleva una vida completamente normal.<\/p>\n<p>Al se\u00f1or Juan Jos\u00e9 Ju\u00e1rez Hern\u00e1ndez le diagnosticaron cuatro tumores en el gl\u00fateo izquierdo, el mayor de los cuales med\u00eda 89 mil\u00edmetros. Los m\u00e9dicos le dijeron que la \u00fanica soluci\u00f3n era amputar la pierna izquierda y parte de la cadera. Se trataba de una intervenci\u00f3n quir\u00fargica muy complicada y riesgosa: incluso podr\u00eda morir. La se\u00f1ora Areli Dur\u00e1n, madre de un estudiante de la escuela Laura Vicu\u00f1a de Villa Spem, le habl\u00f3 de Madre Antonieta y lo invit\u00f3 a encomendarse a ella. As\u00ed, el 5 de noviembre de 2024, acudi\u00f3 a la habitaci\u00f3n de la Sierva de Dios y comenz\u00f3 a rezar, pidiendo la gracia de su salud por su intercesi\u00f3n. El 25 de octubre de 2025, otro examen revel\u00f3 que los tumores se estaban reduciendo; el m\u00e1s grande, que med\u00eda 89 mil\u00edmetros, ahora med\u00eda 77 mil\u00edmetros, verdaderamente una gracia, porque la mejor\u00eda era significativa. Ahora contin\u00faa pidiendo la intercesi\u00f3n de Madre Antonietta para que los tumores desaparezcan completamente.<\/p>\n<p>La se\u00f1ora Wendy Vital Vel\u00e1zquez intentaba quedar embarazada desde hac\u00eda m\u00e1s de cinco a\u00f1os. Los m\u00e9dicos le hab\u00edan aconsejado una terapia muy invasiva y costosa. Su t\u00eda, la se\u00f1ora Alejandra Vel\u00e1zquez Paredes, miembro de la ADMA, le dio una imagen de Sor Antonietta B\u00f6hm y la invit\u00f3 a encomendarse a ella, cosa que hizo de inmediato. Poco antes de comenzar la terapia, se hizo una prueba de embarazo, que result\u00f3 positiva. Todo el embarazo se desarroll\u00f3 sin problemas y de forma serena. El ni\u00f1o naci\u00f3 el 5 de noviembre de 2025, pero los m\u00e9dicos dijeron que ten\u00eda una malformaci\u00f3n en el o\u00eddo llamada microtia de grado 2. Su o\u00eddo estaba cubierto por una capa de piel y la capacidad auditiva era solo de entre el 40 y el 50%. Los padres continuaban pidiendo la intercesi\u00f3n de Sor Antonieta para que, despu\u00e9s de haber obtenido el milagro de tener un ni\u00f1o, ahora pudieran recibir la gracia de su salud. Cuando el ni\u00f1o se hizo la primera prueba de audici\u00f3n, se descubri\u00f3 que no o\u00eda por el o\u00eddo aparentemente sano, por lo que fueron remitidos a un otorrino especializado. La doctora explic\u00f3 que, entre los huesecillos del o\u00eddo, uno probablemente se hab\u00eda desarrollado excesivamente, impidiendo la audici\u00f3n del ni\u00f1o. Recomend\u00f3 una TAC y un aparato auditivo. Los padres empezaron a buscar un centro, pero en todas partes dijeron que tendr\u00edan que someterlo a anestesia y se negaron debido al riesgo significativo. Mientras tanto, continuaron rezando con la intercesi\u00f3n de Madre Antonietta, porque sab\u00edan que hab\u00eda obtenido muchas gracias para los ni\u00f1os. Al final, decidieron solicitar un aparato auditivo, para que el ni\u00f1o pudiera al menos o\u00edr por un o\u00eddo y esperar a que creciera y, quiz\u00e1s con una intervenci\u00f3n quir\u00fargica, pudiera recuperar la audici\u00f3n. Cuando llevaron el aparato auditivo a la doctora para que lo examinara, ella dijo que realizar\u00eda otra prueba m\u00e1s detallada para evaluar el nivel de audici\u00f3n del ni\u00f1o en ese o\u00eddo. Cuando lo hizo, notaron un gran asombro en su rostro; dijo que repetir\u00eda el procedimiento una segunda vez, y luego una tercera. Entonces exclam\u00f3: \u201c\u00a1No puedo creerlo! \u00a1Ya puede o\u00edr al 100% en el o\u00eddo por el que antes no o\u00eda nada!\u201d. En cuanto al otro o\u00eddo, la audici\u00f3n era al 50%, pero dijo que una vez creciera, podr\u00eda someterse a una intervenci\u00f3n quir\u00fargica para mejorar la audici\u00f3n. Contin\u00faan pidiendo la intercesi\u00f3n de Madre Antonieta para que Henry \u00c1rcega, su ni\u00f1o, pueda recuperar completamente la audici\u00f3n.<\/p>\n<p>A Emilio Cenobio Torres, un exalumno de quince a\u00f1os, le hab\u00edan diagnosticado un tumor que le estaba consumiendo la mand\u00edbula y crec\u00eda muy r\u00e1pidamente. El problema se agravaba por el hecho de que su madre, Teresa Torres, era una trabajadora aut\u00f3noma y no contaba con la asistencia sanitaria estatal. No habr\u00eda podido costear una intervenci\u00f3n quir\u00fargica de tal magnitud. Emilio y su madre hab\u00edan o\u00eddo hablar de Madre Antonieta en la escuela y de las gracias obtenidas por su intercesi\u00f3n ante la Virgen Mar\u00eda. El 5 de enero de 2026, acudieron a la habitaci\u00f3n de Madre Antonieta, pidieron su intercesi\u00f3n y dejaron la foto de Emilio sobre la cama. En pocos d\u00edas, Emilio pudo acceder a la asistencia m\u00e9dica y se pudo programar la intervenci\u00f3n. La biopsia revel\u00f3 que el tumor era benigno y tambi\u00e9n result\u00f3 apto para una pr\u00f3tesis sin necesidad de un injerto \u00f3seo. La intervenci\u00f3n quir\u00fargica se realiz\u00f3 el 19 de marzo y result\u00f3 perfectamente. Emilio se ha recuperado r\u00e1pidamente, tanto que ya ha vuelto a ir a la escuela.<\/p>\n<p>Madre Antonieta contin\u00faa intercediendo por quien le pide ayuda, haciendo que la Virgen \u201ccontin\u00fae trabajando\u201d. Como ella misma dec\u00eda, la intercesi\u00f3n de la Virgen es poderosa.<\/p>\n","protected":false},"excerpt":{"rendered":"<p>Roma (Italia). El 27 de abril de 2026 se recuerda el 18\u00b0 aniversario del dies natalis de la Sierva de Dios\u00a0Sor Antonieta B\u00f6hm, Hija de Mar\u00eda Auxiliadora. Nacida el 22 [&hellip;]<\/p>\n","protected":false},"author":21,"featured_media":156348,"comment_status":"open","ping_status":"closed","sticky":false,"template":"","format":"standard","meta":{"footnotes":""},"categories":[167,158],"tags":[1446,1451,1931,1940,2496],"class_list":["post-156353","post","type-post","status-publish","format-standard","has-post-thumbnail","category-carisma-salesiano-es","category-ifma-es","tag-santidad","tag-santidad-salesiana","tag-focus-es","tag-maria-auxiliadora-es","tag-antonieta-bohm"],"yoast_head":"<!-- This site is optimized with the Yoast SEO plugin v27.4 - https:\/\/yoast.com\/product\/yoast-seo-wordpress\/ -->\n<title>Sor Antonieta B\u00f6hm signo de la maternidad de Mar\u00eda &#8226; Istituto Figlie di Maria Ausiliatrice<\/title>\n<meta name=\"description\" content=\"El 27 de abril de 2026 se cumple el 18\u00ba aniversario del dies natalis (nacimiento al cielo) de la Sierva de Dios Sor Antonietta B\u00f6hm, FMA, quien abraz\u00f3 la misi\u00f3n de ser signo del amor de Dios y de la bondad materna de Mar\u00eda para todos.\" \/>\n<meta name=\"robots\" content=\"index, follow, max-snippet:-1, max-image-preview:large, max-video-preview:-1\" \/>\n<link rel=\"canonical\" href=\"https:\/\/www.cgfmanet.org\/es\/ifma-es\/sor-antonietta-bohm-signo-de-la-maternidad-de-maria\/\" \/>\n<meta property=\"og:locale\" content=\"es_ES\" \/>\n<meta property=\"og:type\" content=\"article\" \/>\n<meta property=\"og:title\" content=\"Sor Antonieta B\u00f6hm signo de la maternidad de Mar\u00eda &#8226; Istituto Figlie di Maria Ausiliatrice\" \/>\n<meta property=\"og:description\" content=\"El 27 de abril de 2026 se cumple el 18\u00ba aniversario del dies natalis (nacimiento al cielo) de la Sierva de Dios Sor Antonietta B\u00f6hm, FMA, quien abraz\u00f3 la misi\u00f3n de ser signo del amor de Dios y de la bondad materna de Mar\u00eda para todos.\" \/>\n<meta property=\"og:url\" content=\"https:\/\/www.cgfmanet.org\/es\/ifma-es\/sor-antonietta-bohm-signo-de-la-maternidad-de-maria\/\" \/>\n<meta property=\"og:site_name\" content=\"Istituto Figlie di Maria Ausiliatrice\" \/>\n<meta property=\"article:publisher\" content=\"https:\/\/www.facebook.com\/salesian.sisters.of.don.bosco\/\" \/>\n<meta property=\"article:published_time\" content=\"2026-04-25T08:45:48+00:00\" \/>\n<meta property=\"article:modified_time\" content=\"2026-04-25T20:13:29+00:00\" \/>\n<meta property=\"og:image\" content=\"https:\/\/www.cgfmanet.org\/wp-content\/uploads\/2026\/04\/Antonieta-Bohm-2026.jpg\" \/>\n\t<meta property=\"og:image:width\" content=\"1200\" \/>\n\t<meta property=\"og:image:height\" content=\"800\" \/>\n\t<meta property=\"og:image:type\" content=\"image\/jpeg\" \/>\n<meta name=\"author\" content=\"Redazione\" \/>\n<meta name=\"twitter:card\" content=\"summary_large_image\" \/>\n<meta name=\"twitter:creator\" content=\"@Cgfmanet_Org\" \/>\n<meta name=\"twitter:site\" content=\"@Cgfmanet_Org\" \/>\n<meta name=\"twitter:label1\" content=\"Escrito por\" \/>\n\t<meta name=\"twitter:data1\" content=\"Redazione\" \/>\n\t<meta name=\"twitter:label2\" content=\"Tiempo de lectura\" \/>\n\t<meta name=\"twitter:data2\" content=\"7 minutos\" \/>\n<script type=\"application\/ld+json\" class=\"yoast-schema-graph\">{\"@context\":\"https:\\\/\\\/schema.org\",\"@graph\":[{\"@type\":\"Article\",\"@id\":\"https:\\\/\\\/www.cgfmanet.org\\\/es\\\/ifma-es\\\/sor-antonietta-bohm-signo-de-la-maternidad-de-maria\\\/#article\",\"isPartOf\":{\"@id\":\"https:\\\/\\\/www.cgfmanet.org\\\/es\\\/ifma-es\\\/sor-antonietta-bohm-signo-de-la-maternidad-de-maria\\\/\"},\"author\":{\"name\":\"Redazione\",\"@id\":\"https:\\\/\\\/www.cgfmanet.org\\\/es\\\/#\\\/schema\\\/person\\\/ce6473083f53ef0ef882cca23f0c8fb9\"},\"headline\":\"Sor Antonieta B\u00f6hm signo de la maternidad de Mar\u00eda\",\"datePublished\":\"2026-04-25T08:45:48+00:00\",\"dateModified\":\"2026-04-25T20:13:29+00:00\",\"mainEntityOfPage\":{\"@id\":\"https:\\\/\\\/www.cgfmanet.org\\\/es\\\/ifma-es\\\/sor-antonietta-bohm-signo-de-la-maternidad-de-maria\\\/\"},\"wordCount\":1294,\"commentCount\":0,\"publisher\":{\"@id\":\"https:\\\/\\\/www.cgfmanet.org\\\/es\\\/#organization\"},\"image\":{\"@id\":\"https:\\\/\\\/www.cgfmanet.org\\\/es\\\/ifma-es\\\/sor-antonietta-bohm-signo-de-la-maternidad-de-maria\\\/#primaryimage\"},\"thumbnailUrl\":\"https:\\\/\\\/www.cgfmanet.org\\\/wp-content\\\/uploads\\\/2026\\\/04\\\/Antonieta-Bohm-2026.jpg\",\"keywords\":[\"Santidad\",\"Santidad Salesiana\",\"Focus\",\"Mar\u00eda Auxiliadora\",\"Antonieta Bohm\"],\"articleSection\":[\"Carisma Salesiano\",\"IFMA\"],\"inLanguage\":\"es\",\"potentialAction\":[{\"@type\":\"CommentAction\",\"name\":\"Comment\",\"target\":[\"https:\\\/\\\/www.cgfmanet.org\\\/es\\\/ifma-es\\\/sor-antonietta-bohm-signo-de-la-maternidad-de-maria\\\/#respond\"]}]},{\"@type\":\"WebPage\",\"@id\":\"https:\\\/\\\/www.cgfmanet.org\\\/es\\\/ifma-es\\\/sor-antonietta-bohm-signo-de-la-maternidad-de-maria\\\/\",\"url\":\"https:\\\/\\\/www.cgfmanet.org\\\/es\\\/ifma-es\\\/sor-antonietta-bohm-signo-de-la-maternidad-de-maria\\\/\",\"name\":\"Sor Antonieta B\u00f6hm signo de la maternidad de Mar\u00eda &#8226; Istituto Figlie di Maria Ausiliatrice\",\"isPartOf\":{\"@id\":\"https:\\\/\\\/www.cgfmanet.org\\\/es\\\/#website\"},\"primaryImageOfPage\":{\"@id\":\"https:\\\/\\\/www.cgfmanet.org\\\/es\\\/ifma-es\\\/sor-antonietta-bohm-signo-de-la-maternidad-de-maria\\\/#primaryimage\"},\"image\":{\"@id\":\"https:\\\/\\\/www.cgfmanet.org\\\/es\\\/ifma-es\\\/sor-antonietta-bohm-signo-de-la-maternidad-de-maria\\\/#primaryimage\"},\"thumbnailUrl\":\"https:\\\/\\\/www.cgfmanet.org\\\/wp-content\\\/uploads\\\/2026\\\/04\\\/Antonieta-Bohm-2026.jpg\",\"datePublished\":\"2026-04-25T08:45:48+00:00\",\"dateModified\":\"2026-04-25T20:13:29+00:00\",\"description\":\"El 27 de abril de 2026 se cumple el 18\u00ba aniversario del dies natalis (nacimiento al cielo) de la Sierva de Dios Sor Antonietta B\u00f6hm, FMA, quien abraz\u00f3 la misi\u00f3n de ser signo del amor de Dios y de la bondad materna de Mar\u00eda para todos.\",\"breadcrumb\":{\"@id\":\"https:\\\/\\\/www.cgfmanet.org\\\/es\\\/ifma-es\\\/sor-antonietta-bohm-signo-de-la-maternidad-de-maria\\\/#breadcrumb\"},\"inLanguage\":\"es\",\"potentialAction\":[{\"@type\":\"ReadAction\",\"target\":[\"https:\\\/\\\/www.cgfmanet.org\\\/es\\\/ifma-es\\\/sor-antonietta-bohm-signo-de-la-maternidad-de-maria\\\/\"]}]},{\"@type\":\"ImageObject\",\"inLanguage\":\"es\",\"@id\":\"https:\\\/\\\/www.cgfmanet.org\\\/es\\\/ifma-es\\\/sor-antonietta-bohm-signo-de-la-maternidad-de-maria\\\/#primaryimage\",\"url\":\"https:\\\/\\\/www.cgfmanet.org\\\/wp-content\\\/uploads\\\/2026\\\/04\\\/Antonieta-Bohm-2026.jpg\",\"contentUrl\":\"https:\\\/\\\/www.cgfmanet.org\\\/wp-content\\\/uploads\\\/2026\\\/04\\\/Antonieta-Bohm-2026.jpg\",\"width\":1200,\"height\":800},{\"@type\":\"BreadcrumbList\",\"@id\":\"https:\\\/\\\/www.cgfmanet.org\\\/es\\\/ifma-es\\\/sor-antonietta-bohm-signo-de-la-maternidad-de-maria\\\/#breadcrumb\",\"itemListElement\":[{\"@type\":\"ListItem\",\"position\":1,\"name\":\"Home\",\"item\":\"https:\\\/\\\/www.cgfmanet.org\\\/es\\\/\"},{\"@type\":\"ListItem\",\"position\":2,\"name\":\"Sor Antonieta B\u00f6hm signo de la maternidad de Mar\u00eda\"}]},{\"@type\":\"WebSite\",\"@id\":\"https:\\\/\\\/www.cgfmanet.org\\\/es\\\/#website\",\"url\":\"https:\\\/\\\/www.cgfmanet.org\\\/es\\\/\",\"name\":\"Istituto Figlie di Maria Ausiliatrice\",\"description\":\"Salesiane di Don Bosco\",\"publisher\":{\"@id\":\"https:\\\/\\\/www.cgfmanet.org\\\/es\\\/#organization\"},\"potentialAction\":[{\"@type\":\"SearchAction\",\"target\":{\"@type\":\"EntryPoint\",\"urlTemplate\":\"https:\\\/\\\/www.cgfmanet.org\\\/es\\\/?s={search_term_string}\"},\"query-input\":{\"@type\":\"PropertyValueSpecification\",\"valueRequired\":true,\"valueName\":\"search_term_string\"}}],\"inLanguage\":\"es\"},{\"@type\":\"Organization\",\"@id\":\"https:\\\/\\\/www.cgfmanet.org\\\/es\\\/#organization\",\"name\":\"Istituto Figlie di Maria Ausiliatrice\",\"url\":\"https:\\\/\\\/www.cgfmanet.org\\\/es\\\/\",\"logo\":{\"@type\":\"ImageObject\",\"inLanguage\":\"es\",\"@id\":\"https:\\\/\\\/www.cgfmanet.org\\\/es\\\/#\\\/schema\\\/logo\\\/image\\\/\",\"url\":\"https:\\\/\\\/www.cgfmanet.org\\\/wp-content\\\/uploads\\\/2018\\\/10\\\/logo-fma.png\",\"contentUrl\":\"https:\\\/\\\/www.cgfmanet.org\\\/wp-content\\\/uploads\\\/2018\\\/10\\\/logo-fma.png\",\"width\":214,\"height\":55,\"caption\":\"Istituto Figlie di Maria Ausiliatrice\"},\"image\":{\"@id\":\"https:\\\/\\\/www.cgfmanet.org\\\/es\\\/#\\\/schema\\\/logo\\\/image\\\/\"},\"sameAs\":[\"https:\\\/\\\/www.facebook.com\\\/salesian.sisters.of.don.bosco\\\/\",\"https:\\\/\\\/x.com\\\/Cgfmanet_Org\",\"https:\\\/\\\/www.youtube.com\\\/channel\\\/UCmcr8yFQBV7JXeXVxyV9y5Q\"]},{\"@type\":\"Person\",\"@id\":\"https:\\\/\\\/www.cgfmanet.org\\\/es\\\/#\\\/schema\\\/person\\\/ce6473083f53ef0ef882cca23f0c8fb9\",\"name\":\"Redazione\"}]}<\/script>\n<!-- \/ Yoast SEO plugin. -->","yoast_head_json":{"title":"Sor Antonieta B\u00f6hm signo de la maternidad de Mar\u00eda &#8226; Istituto Figlie di Maria Ausiliatrice","description":"El 27 de abril de 2026 se cumple el 18\u00ba aniversario del dies natalis (nacimiento al cielo) de la Sierva de Dios Sor Antonietta B\u00f6hm, FMA, quien abraz\u00f3 la misi\u00f3n de ser signo del amor de Dios y de la bondad materna de Mar\u00eda para todos.","robots":{"index":"index","follow":"follow","max-snippet":"max-snippet:-1","max-image-preview":"max-image-preview:large","max-video-preview":"max-video-preview:-1"},"canonical":"https:\/\/www.cgfmanet.org\/es\/ifma-es\/sor-antonietta-bohm-signo-de-la-maternidad-de-maria\/","og_locale":"es_ES","og_type":"article","og_title":"Sor Antonieta B\u00f6hm signo de la maternidad de Mar\u00eda &#8226; Istituto Figlie di Maria Ausiliatrice","og_description":"El 27 de abril de 2026 se cumple el 18\u00ba aniversario del dies natalis (nacimiento al cielo) de la Sierva de Dios Sor Antonietta B\u00f6hm, FMA, quien abraz\u00f3 la misi\u00f3n de ser signo del amor de Dios y de la bondad materna de Mar\u00eda para todos.","og_url":"https:\/\/www.cgfmanet.org\/es\/ifma-es\/sor-antonietta-bohm-signo-de-la-maternidad-de-maria\/","og_site_name":"Istituto Figlie di Maria Ausiliatrice","article_publisher":"https:\/\/www.facebook.com\/salesian.sisters.of.don.bosco\/","article_published_time":"2026-04-25T08:45:48+00:00","article_modified_time":"2026-04-25T20:13:29+00:00","og_image":[{"width":1200,"height":800,"url":"https:\/\/www.cgfmanet.org\/wp-content\/uploads\/2026\/04\/Antonieta-Bohm-2026.jpg","type":"image\/jpeg"}],"author":"Redazione","twitter_card":"summary_large_image","twitter_creator":"@Cgfmanet_Org","twitter_site":"@Cgfmanet_Org","twitter_misc":{"Escrito por":"Redazione","Tiempo de lectura":"7 minutos"},"schema":{"@context":"https:\/\/schema.org","@graph":[{"@type":"Article","@id":"https:\/\/www.cgfmanet.org\/es\/ifma-es\/sor-antonietta-bohm-signo-de-la-maternidad-de-maria\/#article","isPartOf":{"@id":"https:\/\/www.cgfmanet.org\/es\/ifma-es\/sor-antonietta-bohm-signo-de-la-maternidad-de-maria\/"},"author":{"name":"Redazione","@id":"https:\/\/www.cgfmanet.org\/es\/#\/schema\/person\/ce6473083f53ef0ef882cca23f0c8fb9"},"headline":"Sor Antonieta B\u00f6hm signo de la maternidad de Mar\u00eda","datePublished":"2026-04-25T08:45:48+00:00","dateModified":"2026-04-25T20:13:29+00:00","mainEntityOfPage":{"@id":"https:\/\/www.cgfmanet.org\/es\/ifma-es\/sor-antonietta-bohm-signo-de-la-maternidad-de-maria\/"},"wordCount":1294,"commentCount":0,"publisher":{"@id":"https:\/\/www.cgfmanet.org\/es\/#organization"},"image":{"@id":"https:\/\/www.cgfmanet.org\/es\/ifma-es\/sor-antonietta-bohm-signo-de-la-maternidad-de-maria\/#primaryimage"},"thumbnailUrl":"https:\/\/www.cgfmanet.org\/wp-content\/uploads\/2026\/04\/Antonieta-Bohm-2026.jpg","keywords":["Santidad","Santidad Salesiana","Focus","Mar\u00eda Auxiliadora","Antonieta Bohm"],"articleSection":["Carisma Salesiano","IFMA"],"inLanguage":"es","potentialAction":[{"@type":"CommentAction","name":"Comment","target":["https:\/\/www.cgfmanet.org\/es\/ifma-es\/sor-antonietta-bohm-signo-de-la-maternidad-de-maria\/#respond"]}]},{"@type":"WebPage","@id":"https:\/\/www.cgfmanet.org\/es\/ifma-es\/sor-antonietta-bohm-signo-de-la-maternidad-de-maria\/","url":"https:\/\/www.cgfmanet.org\/es\/ifma-es\/sor-antonietta-bohm-signo-de-la-maternidad-de-maria\/","name":"Sor Antonieta B\u00f6hm signo de la maternidad de Mar\u00eda &#8226; Istituto Figlie di Maria Ausiliatrice","isPartOf":{"@id":"https:\/\/www.cgfmanet.org\/es\/#website"},"primaryImageOfPage":{"@id":"https:\/\/www.cgfmanet.org\/es\/ifma-es\/sor-antonietta-bohm-signo-de-la-maternidad-de-maria\/#primaryimage"},"image":{"@id":"https:\/\/www.cgfmanet.org\/es\/ifma-es\/sor-antonietta-bohm-signo-de-la-maternidad-de-maria\/#primaryimage"},"thumbnailUrl":"https:\/\/www.cgfmanet.org\/wp-content\/uploads\/2026\/04\/Antonieta-Bohm-2026.jpg","datePublished":"2026-04-25T08:45:48+00:00","dateModified":"2026-04-25T20:13:29+00:00","description":"El 27 de abril de 2026 se cumple el 18\u00ba aniversario del dies natalis (nacimiento al cielo) de la Sierva de Dios Sor Antonietta B\u00f6hm, FMA, quien abraz\u00f3 la misi\u00f3n de ser signo del amor de Dios y de la bondad materna de Mar\u00eda para todos.","breadcrumb":{"@id":"https:\/\/www.cgfmanet.org\/es\/ifma-es\/sor-antonietta-bohm-signo-de-la-maternidad-de-maria\/#breadcrumb"},"inLanguage":"es","potentialAction":[{"@type":"ReadAction","target":["https:\/\/www.cgfmanet.org\/es\/ifma-es\/sor-antonietta-bohm-signo-de-la-maternidad-de-maria\/"]}]},{"@type":"ImageObject","inLanguage":"es","@id":"https:\/\/www.cgfmanet.org\/es\/ifma-es\/sor-antonietta-bohm-signo-de-la-maternidad-de-maria\/#primaryimage","url":"https:\/\/www.cgfmanet.org\/wp-content\/uploads\/2026\/04\/Antonieta-Bohm-2026.jpg","contentUrl":"https:\/\/www.cgfmanet.org\/wp-content\/uploads\/2026\/04\/Antonieta-Bohm-2026.jpg","width":1200,"height":800},{"@type":"BreadcrumbList","@id":"https:\/\/www.cgfmanet.org\/es\/ifma-es\/sor-antonietta-bohm-signo-de-la-maternidad-de-maria\/#breadcrumb","itemListElement":[{"@type":"ListItem","position":1,"name":"Home","item":"https:\/\/www.cgfmanet.org\/es\/"},{"@type":"ListItem","position":2,"name":"Sor Antonieta B\u00f6hm signo de la maternidad de Mar\u00eda"}]},{"@type":"WebSite","@id":"https:\/\/www.cgfmanet.org\/es\/#website","url":"https:\/\/www.cgfmanet.org\/es\/","name":"Istituto Figlie di Maria Ausiliatrice","description":"Salesiane di Don Bosco","publisher":{"@id":"https:\/\/www.cgfmanet.org\/es\/#organization"},"potentialAction":[{"@type":"SearchAction","target":{"@type":"EntryPoint","urlTemplate":"https:\/\/www.cgfmanet.org\/es\/?s={search_term_string}"},"query-input":{"@type":"PropertyValueSpecification","valueRequired":true,"valueName":"search_term_string"}}],"inLanguage":"es"},{"@type":"Organization","@id":"https:\/\/www.cgfmanet.org\/es\/#organization","name":"Istituto Figlie di Maria Ausiliatrice","url":"https:\/\/www.cgfmanet.org\/es\/","logo":{"@type":"ImageObject","inLanguage":"es","@id":"https:\/\/www.cgfmanet.org\/es\/#\/schema\/logo\/image\/","url":"https:\/\/www.cgfmanet.org\/wp-content\/uploads\/2018\/10\/logo-fma.png","contentUrl":"https:\/\/www.cgfmanet.org\/wp-content\/uploads\/2018\/10\/logo-fma.png","width":214,"height":55,"caption":"Istituto Figlie di Maria Ausiliatrice"},"image":{"@id":"https:\/\/www.cgfmanet.org\/es\/#\/schema\/logo\/image\/"},"sameAs":["https:\/\/www.facebook.com\/salesian.sisters.of.don.bosco\/","https:\/\/x.com\/Cgfmanet_Org","https:\/\/www.youtube.com\/channel\/UCmcr8yFQBV7JXeXVxyV9y5Q"]},{"@type":"Person","@id":"https:\/\/www.cgfmanet.org\/es\/#\/schema\/person\/ce6473083f53ef0ef882cca23f0c8fb9","name":"Redazione"}]}},"_links":{"self":[{"href":"https:\/\/www.cgfmanet.org\/es\/wp-json\/wp\/v2\/posts\/156353","targetHints":{"allow":["GET"]}}],"collection":[{"href":"https:\/\/www.cgfmanet.org\/es\/wp-json\/wp\/v2\/posts"}],"about":[{"href":"https:\/\/www.cgfmanet.org\/es\/wp-json\/wp\/v2\/types\/post"}],"author":[{"embeddable":true,"href":"https:\/\/www.cgfmanet.org\/es\/wp-json\/wp\/v2\/users\/21"}],"replies":[{"embeddable":true,"href":"https:\/\/www.cgfmanet.org\/es\/wp-json\/wp\/v2\/comments?post=156353"}],"version-history":[{"count":2,"href":"https:\/\/www.cgfmanet.org\/es\/wp-json\/wp\/v2\/posts\/156353\/revisions"}],"predecessor-version":[{"id":156356,"href":"https:\/\/www.cgfmanet.org\/es\/wp-json\/wp\/v2\/posts\/156353\/revisions\/156356"}],"wp:featuredmedia":[{"embeddable":true,"href":"https:\/\/www.cgfmanet.org\/es\/wp-json\/wp\/v2\/media\/156348"}],"wp:attachment":[{"href":"https:\/\/www.cgfmanet.org\/es\/wp-json\/wp\/v2\/media?parent=156353"}],"wp:term":[{"taxonomy":"category","embeddable":true,"href":"https:\/\/www.cgfmanet.org\/es\/wp-json\/wp\/v2\/categories?post=156353"},{"taxonomy":"post_tag","embeddable":true,"href":"https:\/\/www.cgfmanet.org\/es\/wp-json\/wp\/v2\/tags?post=156353"}],"curies":[{"name":"wp","href":"https:\/\/api.w.org\/{rel}","templated":true}]}}