{"id":156328,"date":"2026-04-24T08:55:30","date_gmt":"2026-04-24T06:55:30","guid":{"rendered":"https:\/\/www.cgfmanet.org\/infoesfera\/sepsur-scuola-2026-cicsal-e-cono-sur\/"},"modified":"2026-04-25T22:20:50","modified_gmt":"2026-04-25T20:20:50","slug":"sepsur-escuela-2026-cicsal-y-cono-sur","status":"publish","type":"post","link":"https:\/\/www.cgfmanet.org\/es\/ifma-es\/sepsur-escuela-2026-cicsal-y-cono-sur\/","title":{"rendered":"SEPSUR Escuela 2026 &#8211; CICSAL y Cono Sur"},"content":{"rendered":"<p><strong>Montevideo (Uruguay).<\/strong> Del 20 al 23 de abril de 2026 se realiz\u00f3 en Montevideo, en el Centro de Espiritualidad Manresa, el encuentro SEPSUR Escolar 2026. Este reuni\u00f3 a los responsables del \u00e1mbito escolar y a algunos delegados y coordinadoras de la Pastoral Juvenil de las presencias salesianas de la Conferencia Interinspectorial CICSAL de las Hijas de Mar\u00eda Auxiliadora y de la Regi\u00f3n Cono Sur de los Salesianos de Don Bosco, compuesta por nueve Inspector\u00edas (5 SDB y 4 FMA) en cuatro pa\u00edses: Argentina, Chile, Paraguay y Uruguay.<\/p>\n<p>El objetivo del encuentro anual es fortalecer la coordinaci\u00f3n entre las escuelas salesianas de esta regi\u00f3n, promoviendo el intercambio de experiencias, la profundizaci\u00f3n pastoral y la construcci\u00f3n de caminos comunes frente a los desaf\u00edos actuales de la educaci\u00f3n.<\/p>\n<p>En la apertura, la Consejera para la Pastoral Juvenil, <strong>Sor Runita Borja<\/strong>, expres\u00f3 su mensaje a los participantes a trav\u00e9s de un video:<\/p>\n<p>\u201cLos encuentros regionales anuales son fundamentales para mantener viva la red entre las instituciones educativas y fortalecer la comuni\u00f3n entre las Inspector\u00edas. Los referentes inspectoriales para la escuela desempe\u00f1an una misi\u00f3n de confianza, siendo puentes entre las obras educativas locales y la articulaci\u00f3n regional. En el Jubileo del Mundo Educativo, el Papa Le\u00f3n XIV public\u00f3 la carta apost\u00f3lica <em>&#8216;Dise\u00f1ar nuevos mapas de esperanza&#8217;<\/em>, en la cual presenta la educaci\u00f3n cat\u00f3lica como una constelaci\u00f3n educativa: una red viva y plural, donde cada instituci\u00f3n brilla con identidad propia, pero juntas indican caminos comunes. El documento relanza adem\u00e1s el Pacto Educativo Global, a\u00f1adiendo nuevas prioridades para promover una educaci\u00f3n integral que una fe y cultura, conocimiento y justicia, tradici\u00f3n e innovaci\u00f3n\u201d.<\/p>\n<p>El P. Rafael Bejarano, Consejero General para la Pastoral Juvenil, se conect\u00f3 a distancia para dar la bienvenida a los participantes y ofrecer algunas comunicaciones.<\/p>\n<p><strong>Tem\u00e1ticas centrales<\/strong><\/p>\n<p>El programa incluy\u00f3 momentos de espiritualidad, formaci\u00f3n y trabajo colaborativo, abordando temas significativos para la misi\u00f3n educativa salesiana, entre ellos:<\/p>\n<ul>\n<li>Esperanza en el continente americano y Pacto Educativo Global.<\/li>\n<li>Convergencias entre la programaci\u00f3n del sexenio, el Pacto Educativo y la nueva carta apost\u00f3lica del Papa Le\u00f3n XIV.<\/li>\n<li>Escucha de los j\u00f3venes como contribuci\u00f3n a la reflexi\u00f3n educativa.<\/li>\n<li>Proceso de reflexi\u00f3n pastoral sobre afectividad y sexualidad.<\/li>\n<li>Construcci\u00f3n de instrumentos de consulta juvenil.<\/li>\n<li>Definici\u00f3n de perspectivas futuras para el SEPSUR Escolar.<\/li>\n<\/ul>\n<p><strong>Participaci\u00f3n y contribuciones<\/strong><\/p>\n<p>Las jornadas contaron con la participaci\u00f3n de representantes y consultores de los \u00e1mbitos educativo, teol\u00f3gico y de pastoral juvenil. Adem\u00e1s, incluyeron celebraciones eucar\u00edsticas, talleres de trabajo y momentos de fraternidad. Las Santas Misas fueron celebradas por el P. Jorge P\u00e9rez, Coordinador de la Pastoral Juvenil, y por el Inspector de la Inspector\u00eda San Jos\u00e9 (URU), el P. Francisco Lezama, SDB.<\/p>\n<p>Hubo contribuciones significativas, como la de Sor Ivone Goulart Lopes, FMA, colaboradora del \u00c1mbito para la Pastoral Juvenil, con su reflexi\u00f3n sobre la \u201cConstelaci\u00f3n Educativa ESA: Esperanza en el continente americano &#8211; Pacto Educativo Global\u201d; y la de Jos\u00e9 Luis Jim\u00e9nez, SDB, referente del Sector de la Pastoral Juvenil, quien profundiz\u00f3 en las convergencias entre la programaci\u00f3n del sexenio, el Pacto Educativo y la nueva carta apost\u00f3lica del Papa Le\u00f3n XIV dedicada a la educaci\u00f3n.<\/p>\n<p>Asimismo, Fabi\u00e1n Vitabar desarroll\u00f3 el tema \u00abEscucha de los j\u00f3venes &#8211; Contribuci\u00f3n para la reflexi\u00f3n\u00bb; Sebasti\u00e1n Ferreyra, SDB, present\u00f3 el proceso de reflexi\u00f3n del SEPSUR Pastoral sobre la Afectividad y la Sexualidad; y Manuel Catal\u00e1n junto a Guillermo Guti\u00e9rrez realizaron un taller para la construcci\u00f3n del instrumento de consulta a los j\u00f3venes.<\/p>\n<p>Tambi\u00e9n se presentaron dos videos preparados por Sor Patricia Parraguez, FMA, integrante del grupo de investigaci\u00f3n sobre el Sistema Preventivo de las Facultades Pontificias Auxilium y UPS, quien se encarg\u00f3 del an\u00e1lisis de los documentos de Pastoral de las Inspector\u00edas del Cono Sur. Los videos se basaron en todos los proyectos pastorales e inspectoriales de los cuatro pa\u00edses.<\/p>\n<p><strong>Fraternidad y visitas culturales<\/strong><\/p>\n<p>El grupo visit\u00f3 el Museo Don Luigi Lasagna en el Colegio P\u00edo, la primera presencia de los Salesianos de Don Bosco en Uruguay. Posteriormente, participaron en la Santa Misa presidida por el Inspector, el P. Francisco Lezama, en el Santuario de Mar\u00eda Auxiliadora. Muchos pudieron conocer tambi\u00e9n la sede inspectorial, la primera presencia de las FMA en Am\u00e9rica, precisamente en Uruguay, donde en 2027 se celebrar\u00e1n los 150 a\u00f1os de su llegada. No faltaron los momentos recreativos, en particular una velada llena de alegr\u00eda y fraternidad, con el agradecimiento a los dos Superiores inspectoriales: Sor Mar\u00eda de los \u00c1ngeles Grassi (FMA) y el P. Francisco Lezama (SDB), por la acogida y el apoyo brindados.<\/p>\n<p><strong>Un encuentro para so\u00f1ar el futuro<\/strong><\/p>\n<p>M\u00e1s que una reuni\u00f3n organizativa, el SEPSUR Escolar 2026 desea ser un espacio de discernimiento y de renovaci\u00f3n misionera, reafirmando el compromiso salesiano por una educaci\u00f3n integral, evangelizadora y abierta a los desaf\u00edos del tiempo presente.<\/p>\n<p>A partir de la escucha mutua y de la comuni\u00f3n entre los pa\u00edses participantes, el encuentro busca consolidar redes educativas capaces de generar esperanza y transformar las realidades juveniles en toda la regi\u00f3n.<\/p>\n\r\n                <style type=\"text\/css\">\r\n                    \r\n                    #tdi_1  .td-doubleSlider-2 .td-item1 {\r\n                        background: url(https:\/\/www.cgfmanet.org\/wp-content\/uploads\/2026\/04\/SEPSUR-2026_1-80x60.jpg) 0 0 no-repeat;\r\n                    }\r\n                    #tdi_1  .td-doubleSlider-2 .td-item2 {\r\n                        background: url(https:\/\/www.cgfmanet.org\/wp-content\/uploads\/2026\/04\/SEPSUR-2026_5-80x60.jpg) 0 0 no-repeat;\r\n                    }\r\n                    #tdi_1  .td-doubleSlider-2 .td-item3 {\r\n                        background: url(https:\/\/www.cgfmanet.org\/wp-content\/uploads\/2026\/04\/SEPSUR-2026_2-80x60.jpg) 0 0 no-repeat;\r\n                    }\r\n                    #tdi_1  .td-doubleSlider-2 .td-item4 {\r\n                        background: url(https:\/\/www.cgfmanet.org\/wp-content\/uploads\/2026\/04\/SEPSUR-2026_6-80x60.jpg) 0 0 no-repeat;\r\n                    }\r\n                    #tdi_1  .td-doubleSlider-2 .td-item5 {\r\n                        background: url(https:\/\/www.cgfmanet.org\/wp-content\/uploads\/2026\/04\/SEPSUR-2026_3-80x60.jpg) 0 0 no-repeat;\r\n                    }\r\n                    #tdi_1  .td-doubleSlider-2 .td-item6 {\r\n                        background: url(https:\/\/www.cgfmanet.org\/wp-content\/uploads\/2026\/04\/SEPSUR-2026_7-80x60.jpg) 0 0 no-repeat;\r\n                    }\r\n                    #tdi_1  .td-doubleSlider-2 .td-item7 {\r\n                        background: url(https:\/\/www.cgfmanet.org\/wp-content\/uploads\/2026\/04\/SEPSUR-2026_4-80x60.jpg) 0 0 no-repeat;\r\n                    }\r\n                    #tdi_1  .td-doubleSlider-2 .td-item8 {\r\n                        background: url(https:\/\/www.cgfmanet.org\/wp-content\/uploads\/2026\/04\/SEPSUR-2026_8-80x60.jpg) 0 0 no-repeat;\r\n                    }\r\n                <\/style>\r\n\r\n                <div id=\"tdi_1\" class=\"td-gallery td-slide-on-2-columns\">\r\n                    <div class=\"post_td_gallery\">\r\n                        <div class=\"td-gallery-slide-top\">\r\n                           <div class=\"td-gallery-title\"><\/div>\r\n\r\n                            <div class=\"td-gallery-controls-wrapper\">\r\n                                <div class=\"td-gallery-slide-count\"><span class=\"td-gallery-slide-item-focus\">1<\/span> de 8<\/div>\r\n                                <div class=\"td-gallery-slide-prev-next-but\">\r\n                                    <i class = \"td-icon-left doubleSliderPrevButton\"><\/i>\r\n                                    <i class = \"td-icon-right doubleSliderNextButton\"><\/i>\r\n                                <\/div>\r\n                            <\/div>\r\n                        <\/div>\r\n\r\n                        <div class = \"td-doubleSlider-1 \">\r\n                            <div class = \"td-slider\">\r\n                                \r\n                    <div class = \"td-slide-item td-item1\">\r\n                        <figure class=\"td-slide-galery-figure td-slide-popup-gallery\">\r\n                            <a class=\"slide-gallery-image-link\" href=\"https:\/\/www.cgfmanet.org\/wp-content\/uploads\/2026\/04\/SEPSUR-2026_1.jpg\" title=\"SEPSUR 2026_1\"  data-caption=\"\"  data-description=\"\">\r\n                                <img decoding=\"async\" data-src=\"https:\/\/www.cgfmanet.org\/wp-content\/uploads\/2026\/04\/SEPSUR-2026_1-734x420.jpg\" data-srcset=\"https:\/\/www.cgfmanet.org\/wp-content\/uploads\/2026\/04\/SEPSUR-2026_1-734x420.jpg 734w, https:\/\/www.cgfmanet.org\/wp-content\/uploads\/2026\/04\/SEPSUR-2026_1-768x440.jpg 768w, https:\/\/www.cgfmanet.org\/wp-content\/uploads\/2026\/04\/SEPSUR-2026_1-696x398.jpg 696w, https:\/\/www.cgfmanet.org\/wp-content\/uploads\/2026\/04\/SEPSUR-2026_1.jpg 1181w\" data-sizes=\"auto\" alt=\"\" src=\"data:image\/svg+xml;base64,PHN2ZyB3aWR0aD0iMSIgaGVpZ2h0PSIxIiB4bWxucz0iaHR0cDovL3d3dy53My5vcmcvMjAwMC9zdmciPjwvc3ZnPg==\" class=\"lazyload\" style=\"--smush-placeholder-width: 734px; --smush-placeholder-aspect-ratio: 734\/420;\" data-original-sizes=\"(max-width: 734px) 100vw, 734px\">\r\n                            <\/a>\r\n                            \r\n                        <\/figure>\r\n                    <\/div>\r\n                    <div class = \"td-slide-item td-item2\">\r\n                        <figure class=\"td-slide-galery-figure td-slide-popup-gallery\">\r\n                            <a class=\"slide-gallery-image-link\" href=\"https:\/\/www.cgfmanet.org\/wp-content\/uploads\/2026\/04\/SEPSUR-2026_5.jpg\" title=\"SEPSUR 2026_5\"  data-caption=\"\"  data-description=\"\">\r\n                                <img decoding=\"async\" data-src=\"https:\/\/www.cgfmanet.org\/wp-content\/uploads\/2026\/04\/SEPSUR-2026_5-708x420.jpg\" data-srcset=\"https:\/\/www.cgfmanet.org\/wp-content\/uploads\/2026\/04\/SEPSUR-2026_5-708x420.jpg 708w, https:\/\/www.cgfmanet.org\/wp-content\/uploads\/2026\/04\/SEPSUR-2026_5-768x456.jpg 768w, https:\/\/www.cgfmanet.org\/wp-content\/uploads\/2026\/04\/SEPSUR-2026_5-696x413.jpg 696w, https:\/\/www.cgfmanet.org\/wp-content\/uploads\/2026\/04\/SEPSUR-2026_5.jpg 1245w\" data-sizes=\"auto\" alt=\"\" src=\"data:image\/svg+xml;base64,PHN2ZyB3aWR0aD0iMSIgaGVpZ2h0PSIxIiB4bWxucz0iaHR0cDovL3d3dy53My5vcmcvMjAwMC9zdmciPjwvc3ZnPg==\" class=\"lazyload\" style=\"--smush-placeholder-width: 708px; --smush-placeholder-aspect-ratio: 708\/420;\" data-original-sizes=\"(max-width: 708px) 100vw, 708px\">\r\n                            <\/a>\r\n                            \r\n                        <\/figure>\r\n                    <\/div>\r\n                    <div class = \"td-slide-item td-item3\">\r\n                        <figure class=\"td-slide-galery-figure td-slide-popup-gallery\">\r\n                            <a class=\"slide-gallery-image-link\" href=\"https:\/\/www.cgfmanet.org\/wp-content\/uploads\/2026\/04\/SEPSUR-2026_2.jpg\" title=\"SEPSUR 2026_2\"  data-caption=\"\"  data-description=\"\">\r\n                                <img decoding=\"async\" data-src=\"https:\/\/www.cgfmanet.org\/wp-content\/uploads\/2026\/04\/SEPSUR-2026_2-630x420.jpg\" data-srcset=\"https:\/\/www.cgfmanet.org\/wp-content\/uploads\/2026\/04\/SEPSUR-2026_2-630x420.jpg 630w, https:\/\/www.cgfmanet.org\/wp-content\/uploads\/2026\/04\/SEPSUR-2026_2-768x512.jpg 768w, https:\/\/www.cgfmanet.org\/wp-content\/uploads\/2026\/04\/SEPSUR-2026_2-696x464.jpg 696w, https:\/\/www.cgfmanet.org\/wp-content\/uploads\/2026\/04\/SEPSUR-2026_2.jpg 1350w\" data-sizes=\"auto\" alt=\"\" src=\"data:image\/svg+xml;base64,PHN2ZyB3aWR0aD0iMSIgaGVpZ2h0PSIxIiB4bWxucz0iaHR0cDovL3d3dy53My5vcmcvMjAwMC9zdmciPjwvc3ZnPg==\" class=\"lazyload\" style=\"--smush-placeholder-width: 630px; --smush-placeholder-aspect-ratio: 630\/420;\" data-original-sizes=\"(max-width: 630px) 100vw, 630px\">\r\n                            <\/a>\r\n                            \r\n                        <\/figure>\r\n                    <\/div>\r\n                    <div class = \"td-slide-item td-item4\">\r\n                        <figure class=\"td-slide-galery-figure td-slide-popup-gallery\">\r\n                            <a class=\"slide-gallery-image-link\" href=\"https:\/\/www.cgfmanet.org\/wp-content\/uploads\/2026\/04\/SEPSUR-2026_6.jpg\" title=\"SEPSUR 2026_6\"  data-caption=\"\"  data-description=\"\">\r\n                                <img decoding=\"async\" data-src=\"https:\/\/www.cgfmanet.org\/wp-content\/uploads\/2026\/04\/SEPSUR-2026_6-762x420.jpg\" data-srcset=\"https:\/\/www.cgfmanet.org\/wp-content\/uploads\/2026\/04\/SEPSUR-2026_6-762x420.jpg 762w, https:\/\/www.cgfmanet.org\/wp-content\/uploads\/2026\/04\/SEPSUR-2026_6-768x423.jpg 768w, https:\/\/www.cgfmanet.org\/wp-content\/uploads\/2026\/04\/SEPSUR-2026_6-696x384.jpg 696w, https:\/\/www.cgfmanet.org\/wp-content\/uploads\/2026\/04\/SEPSUR-2026_6.jpg 1341w\" data-sizes=\"auto\" alt=\"\" src=\"data:image\/svg+xml;base64,PHN2ZyB3aWR0aD0iMSIgaGVpZ2h0PSIxIiB4bWxucz0iaHR0cDovL3d3dy53My5vcmcvMjAwMC9zdmciPjwvc3ZnPg==\" class=\"lazyload\" style=\"--smush-placeholder-width: 762px; --smush-placeholder-aspect-ratio: 762\/420;\" data-original-sizes=\"(max-width: 762px) 100vw, 762px\">\r\n                            <\/a>\r\n                            \r\n                        <\/figure>\r\n                    <\/div>\r\n                    <div class = \"td-slide-item td-item5\">\r\n                        <figure class=\"td-slide-galery-figure td-slide-popup-gallery\">\r\n                            <a class=\"slide-gallery-image-link\" href=\"https:\/\/www.cgfmanet.org\/wp-content\/uploads\/2026\/04\/SEPSUR-2026_3.jpg\" title=\"SEPSUR 2026_3\"  data-caption=\"\"  data-description=\"\">\r\n                                <img decoding=\"async\" data-src=\"https:\/\/www.cgfmanet.org\/wp-content\/uploads\/2026\/04\/SEPSUR-2026_3-630x420.jpg\" data-srcset=\"https:\/\/www.cgfmanet.org\/wp-content\/uploads\/2026\/04\/SEPSUR-2026_3-630x420.jpg 630w, https:\/\/www.cgfmanet.org\/wp-content\/uploads\/2026\/04\/SEPSUR-2026_3-768x512.jpg 768w, https:\/\/www.cgfmanet.org\/wp-content\/uploads\/2026\/04\/SEPSUR-2026_3-696x464.jpg 696w, https:\/\/www.cgfmanet.org\/wp-content\/uploads\/2026\/04\/SEPSUR-2026_3.jpg 1352w\" data-sizes=\"auto\" alt=\"\" src=\"data:image\/svg+xml;base64,PHN2ZyB3aWR0aD0iMSIgaGVpZ2h0PSIxIiB4bWxucz0iaHR0cDovL3d3dy53My5vcmcvMjAwMC9zdmciPjwvc3ZnPg==\" class=\"lazyload\" style=\"--smush-placeholder-width: 630px; --smush-placeholder-aspect-ratio: 630\/420;\" data-original-sizes=\"(max-width: 630px) 100vw, 630px\">\r\n                            <\/a>\r\n                            \r\n                        <\/figure>\r\n                    <\/div>\r\n                    <div class = \"td-slide-item td-item6\">\r\n                        <figure class=\"td-slide-galery-figure td-slide-popup-gallery\">\r\n                            <a class=\"slide-gallery-image-link\" href=\"https:\/\/www.cgfmanet.org\/wp-content\/uploads\/2026\/04\/SEPSUR-2026_7.jpg\" title=\"SEPSUR 2026_7\"  data-caption=\"\"  data-description=\"\">\r\n                                <img decoding=\"async\" data-src=\"https:\/\/www.cgfmanet.org\/wp-content\/uploads\/2026\/04\/SEPSUR-2026_7-682x420.jpg\" data-srcset=\"https:\/\/www.cgfmanet.org\/wp-content\/uploads\/2026\/04\/SEPSUR-2026_7-682x420.jpg 682w, https:\/\/www.cgfmanet.org\/wp-content\/uploads\/2026\/04\/SEPSUR-2026_7-768x473.jpg 768w, https:\/\/www.cgfmanet.org\/wp-content\/uploads\/2026\/04\/SEPSUR-2026_7-696x429.jpg 696w, https:\/\/www.cgfmanet.org\/wp-content\/uploads\/2026\/04\/SEPSUR-2026_7.jpg 1200w\" data-sizes=\"auto\" alt=\"\" src=\"data:image\/svg+xml;base64,PHN2ZyB3aWR0aD0iMSIgaGVpZ2h0PSIxIiB4bWxucz0iaHR0cDovL3d3dy53My5vcmcvMjAwMC9zdmciPjwvc3ZnPg==\" class=\"lazyload\" style=\"--smush-placeholder-width: 682px; --smush-placeholder-aspect-ratio: 682\/420;\" data-original-sizes=\"(max-width: 682px) 100vw, 682px\">\r\n                            <\/a>\r\n                            \r\n                        <\/figure>\r\n                    <\/div>\r\n                    <div class = \"td-slide-item td-item7\">\r\n                        <figure class=\"td-slide-galery-figure td-slide-popup-gallery\">\r\n                            <a class=\"slide-gallery-image-link\" href=\"https:\/\/www.cgfmanet.org\/wp-content\/uploads\/2026\/04\/SEPSUR-2026_4.jpg\" title=\"SEPSUR 2026_4\"  data-caption=\"\"  data-description=\"\">\r\n                                <img decoding=\"async\" data-src=\"https:\/\/www.cgfmanet.org\/wp-content\/uploads\/2026\/04\/SEPSUR-2026_4-630x420.jpg\" data-srcset=\"https:\/\/www.cgfmanet.org\/wp-content\/uploads\/2026\/04\/SEPSUR-2026_4-630x420.jpg 630w, https:\/\/www.cgfmanet.org\/wp-content\/uploads\/2026\/04\/SEPSUR-2026_4-768x512.jpg 768w, https:\/\/www.cgfmanet.org\/wp-content\/uploads\/2026\/04\/SEPSUR-2026_4-696x464.jpg 696w, https:\/\/www.cgfmanet.org\/wp-content\/uploads\/2026\/04\/SEPSUR-2026_4.jpg 1181w\" data-sizes=\"auto\" alt=\"\" src=\"data:image\/svg+xml;base64,PHN2ZyB3aWR0aD0iMSIgaGVpZ2h0PSIxIiB4bWxucz0iaHR0cDovL3d3dy53My5vcmcvMjAwMC9zdmciPjwvc3ZnPg==\" class=\"lazyload\" style=\"--smush-placeholder-width: 630px; --smush-placeholder-aspect-ratio: 630\/420;\" data-original-sizes=\"(max-width: 630px) 100vw, 630px\">\r\n                            <\/a>\r\n                            \r\n                        <\/figure>\r\n                    <\/div>\r\n                    <div class = \"td-slide-item td-item8\">\r\n                        <figure class=\"td-slide-galery-figure td-slide-popup-gallery\">\r\n                            <a class=\"slide-gallery-image-link\" href=\"https:\/\/www.cgfmanet.org\/wp-content\/uploads\/2026\/04\/SEPSUR-2026_8.jpg\" title=\"SEPSUR 2026_8\"  data-caption=\"\"  data-description=\"\">\r\n                                <img decoding=\"async\" data-src=\"https:\/\/www.cgfmanet.org\/wp-content\/uploads\/2026\/04\/SEPSUR-2026_8-404x420.jpg\" data-srcset=\"https:\/\/www.cgfmanet.org\/wp-content\/uploads\/2026\/04\/SEPSUR-2026_8-404x420.jpg 404w, https:\/\/www.cgfmanet.org\/wp-content\/uploads\/2026\/04\/SEPSUR-2026_8-768x798.jpg 768w, https:\/\/www.cgfmanet.org\/wp-content\/uploads\/2026\/04\/SEPSUR-2026_8-696x723.jpg 696w, https:\/\/www.cgfmanet.org\/wp-content\/uploads\/2026\/04\/SEPSUR-2026_8.jpg 1181w\" data-sizes=\"auto\" alt=\"\" src=\"data:image\/svg+xml;base64,PHN2ZyB3aWR0aD0iMSIgaGVpZ2h0PSIxIiB4bWxucz0iaHR0cDovL3d3dy53My5vcmcvMjAwMC9zdmciPjwvc3ZnPg==\" class=\"lazyload\" style=\"--smush-placeholder-width: 404px; --smush-placeholder-aspect-ratio: 404\/420;\" data-original-sizes=\"(max-width: 404px) 100vw, 404px\">\r\n                            <\/a>\r\n                            \r\n                        <\/figure>\r\n                    <\/div>\r\n                            <\/div>\r\n                        <\/div>\r\n\r\n                        <div class = \"td-doubleSlider-2\">\r\n                            <div class = \"td-slider\">\r\n                                \r\n                    <div class = \"td-button td-item1\">\r\n                        <div class = \"td-border\"><\/div>\r\n                    <\/div>\r\n                    <div class = \"td-button td-item2\">\r\n                        <div class = \"td-border\"><\/div>\r\n                    <\/div>\r\n                    <div class = \"td-button td-item3\">\r\n                        <div class = \"td-border\"><\/div>\r\n                    <\/div>\r\n                    <div class = \"td-button td-item4\">\r\n                        <div class = \"td-border\"><\/div>\r\n                    <\/div>\r\n                    <div class = \"td-button td-item5\">\r\n                        <div class = \"td-border\"><\/div>\r\n                    <\/div>\r\n                    <div class = \"td-button td-item6\">\r\n                        <div class = \"td-border\"><\/div>\r\n                    <\/div>\r\n                    <div class = \"td-button td-item7\">\r\n                        <div class = \"td-border\"><\/div>\r\n                    <\/div>\r\n                    <div class = \"td-button td-item8\">\r\n                        <div class = \"td-border\"><\/div>\r\n                    <\/div>\r\n                            <\/div>\r\n                        <\/div>\r\n\r\n                    <\/div>\r\n\r\n                <\/div>\r\n                \n","protected":false},"excerpt":{"rendered":"<p>Montevideo (Uruguay). Del 20 al 23 de abril de 2026 se realiz\u00f3 en Montevideo, en el Centro de Espiritualidad Manresa, el encuentro SEPSUR Escolar 2026. Este reuni\u00f3 a los responsables [&hellip;]<\/p>\n","protected":false},"author":21,"featured_media":156287,"comment_status":"open","ping_status":"closed","sticky":false,"template":"","format":"standard","meta":{"footnotes":""},"categories":[158,179],"tags":[1033,1454,1538,1670,1931,2200],"class_list":["post-156328","post","type-post","status-publish","format-standard","has-post-thumbnail","category-ifma-es","category-educacion","tag-cicsal-es","tag-escuela","tag-pastoral-juvenil","tag-carisma-salesiano-es","tag-focus-es","tag-uruguay-es"],"yoast_head":"<!-- This site is optimized with the Yoast SEO plugin v27.4 - https:\/\/yoast.com\/product\/yoast-seo-wordpress\/ -->\n<title>SEPSUR Escuela 2026 - CICSAL y Cono Sur &#8226; Istituto Figlie di Maria Ausiliatrice<\/title>\n<meta name=\"description\" content=\"Del 20 al 23 de abril de 2026, en Montevideo, Uruguay, se llev\u00f3 a cabo el encuentro SEPSUR Escuela 2026 de los responsables del \u00e1mbito escolar de la CICSAL y de la regi\u00f3n Cono Sur.\" \/>\n<meta name=\"robots\" content=\"index, follow, max-snippet:-1, max-image-preview:large, max-video-preview:-1\" \/>\n<link rel=\"canonical\" href=\"https:\/\/www.cgfmanet.org\/es\/ifma-es\/sepsur-escuela-2026-cicsal-y-cono-sur\/\" \/>\n<meta property=\"og:locale\" content=\"es_ES\" \/>\n<meta property=\"og:type\" content=\"article\" \/>\n<meta property=\"og:title\" content=\"SEPSUR Escuela 2026 - CICSAL y Cono Sur &#8226; Istituto Figlie di Maria Ausiliatrice\" \/>\n<meta property=\"og:description\" content=\"Del 20 al 23 de abril de 2026, en Montevideo, Uruguay, se llev\u00f3 a cabo el encuentro SEPSUR Escuela 2026 de los responsables del \u00e1mbito escolar de la CICSAL y de la regi\u00f3n Cono Sur.\" \/>\n<meta property=\"og:url\" content=\"https:\/\/www.cgfmanet.org\/es\/ifma-es\/sepsur-escuela-2026-cicsal-y-cono-sur\/\" \/>\n<meta property=\"og:site_name\" content=\"Istituto Figlie di Maria Ausiliatrice\" \/>\n<meta property=\"article:publisher\" content=\"https:\/\/www.facebook.com\/salesian.sisters.of.don.bosco\/\" \/>\n<meta property=\"article:published_time\" content=\"2026-04-24T06:55:30+00:00\" \/>\n<meta property=\"article:modified_time\" content=\"2026-04-25T20:20:50+00:00\" \/>\n<meta property=\"og:image\" content=\"https:\/\/www.cgfmanet.org\/wp-content\/uploads\/2026\/04\/SEPSUR-2026.jpg\" \/>\n\t<meta property=\"og:image:width\" content=\"1368\" \/>\n\t<meta property=\"og:image:height\" content=\"912\" \/>\n\t<meta property=\"og:image:type\" content=\"image\/jpeg\" \/>\n<meta name=\"author\" content=\"Redazione\" \/>\n<meta name=\"twitter:card\" content=\"summary_large_image\" \/>\n<meta name=\"twitter:creator\" content=\"@Cgfmanet_Org\" \/>\n<meta name=\"twitter:site\" content=\"@Cgfmanet_Org\" \/>\n<meta name=\"twitter:label1\" content=\"Escrito por\" \/>\n\t<meta name=\"twitter:data1\" content=\"Redazione\" \/>\n\t<meta name=\"twitter:label2\" content=\"Tiempo de lectura\" \/>\n\t<meta name=\"twitter:data2\" content=\"5 minutos\" \/>\n<script type=\"application\/ld+json\" class=\"yoast-schema-graph\">{\"@context\":\"https:\\\/\\\/schema.org\",\"@graph\":[{\"@type\":\"Article\",\"@id\":\"https:\\\/\\\/www.cgfmanet.org\\\/es\\\/ifma-es\\\/sepsur-escuela-2026-cicsal-y-cono-sur\\\/#article\",\"isPartOf\":{\"@id\":\"https:\\\/\\\/www.cgfmanet.org\\\/es\\\/ifma-es\\\/sepsur-escuela-2026-cicsal-y-cono-sur\\\/\"},\"author\":{\"name\":\"Redazione\",\"@id\":\"https:\\\/\\\/www.cgfmanet.org\\\/es\\\/#\\\/schema\\\/person\\\/ce6473083f53ef0ef882cca23f0c8fb9\"},\"headline\":\"SEPSUR Escuela 2026 &#8211; CICSAL y Cono Sur\",\"datePublished\":\"2026-04-24T06:55:30+00:00\",\"dateModified\":\"2026-04-25T20:20:50+00:00\",\"mainEntityOfPage\":{\"@id\":\"https:\\\/\\\/www.cgfmanet.org\\\/es\\\/ifma-es\\\/sepsur-escuela-2026-cicsal-y-cono-sur\\\/\"},\"wordCount\":907,\"commentCount\":0,\"publisher\":{\"@id\":\"https:\\\/\\\/www.cgfmanet.org\\\/es\\\/#organization\"},\"image\":{\"@id\":\"https:\\\/\\\/www.cgfmanet.org\\\/es\\\/ifma-es\\\/sepsur-escuela-2026-cicsal-y-cono-sur\\\/#primaryimage\"},\"thumbnailUrl\":\"https:\\\/\\\/www.cgfmanet.org\\\/wp-content\\\/uploads\\\/2026\\\/04\\\/SEPSUR-2026.jpg\",\"keywords\":[\"CICSAL\",\"Escuela\",\"Pastoral Juvenil\",\"Carisma salesiano\",\"Focus\",\"Uruguay\"],\"articleSection\":[\"IFMA\",\"Educaci\u00f3n\"],\"inLanguage\":\"es\",\"potentialAction\":[{\"@type\":\"CommentAction\",\"name\":\"Comment\",\"target\":[\"https:\\\/\\\/www.cgfmanet.org\\\/es\\\/ifma-es\\\/sepsur-escuela-2026-cicsal-y-cono-sur\\\/#respond\"]}]},{\"@type\":\"WebPage\",\"@id\":\"https:\\\/\\\/www.cgfmanet.org\\\/es\\\/ifma-es\\\/sepsur-escuela-2026-cicsal-y-cono-sur\\\/\",\"url\":\"https:\\\/\\\/www.cgfmanet.org\\\/es\\\/ifma-es\\\/sepsur-escuela-2026-cicsal-y-cono-sur\\\/\",\"name\":\"SEPSUR Escuela 2026 - CICSAL y Cono Sur &#8226; Istituto Figlie di Maria Ausiliatrice\",\"isPartOf\":{\"@id\":\"https:\\\/\\\/www.cgfmanet.org\\\/es\\\/#website\"},\"primaryImageOfPage\":{\"@id\":\"https:\\\/\\\/www.cgfmanet.org\\\/es\\\/ifma-es\\\/sepsur-escuela-2026-cicsal-y-cono-sur\\\/#primaryimage\"},\"image\":{\"@id\":\"https:\\\/\\\/www.cgfmanet.org\\\/es\\\/ifma-es\\\/sepsur-escuela-2026-cicsal-y-cono-sur\\\/#primaryimage\"},\"thumbnailUrl\":\"https:\\\/\\\/www.cgfmanet.org\\\/wp-content\\\/uploads\\\/2026\\\/04\\\/SEPSUR-2026.jpg\",\"datePublished\":\"2026-04-24T06:55:30+00:00\",\"dateModified\":\"2026-04-25T20:20:50+00:00\",\"description\":\"Del 20 al 23 de abril de 2026, en Montevideo, Uruguay, se llev\u00f3 a cabo el encuentro SEPSUR Escuela 2026 de los responsables del \u00e1mbito escolar de la CICSAL y de la regi\u00f3n Cono Sur.\",\"breadcrumb\":{\"@id\":\"https:\\\/\\\/www.cgfmanet.org\\\/es\\\/ifma-es\\\/sepsur-escuela-2026-cicsal-y-cono-sur\\\/#breadcrumb\"},\"inLanguage\":\"es\",\"potentialAction\":[{\"@type\":\"ReadAction\",\"target\":[\"https:\\\/\\\/www.cgfmanet.org\\\/es\\\/ifma-es\\\/sepsur-escuela-2026-cicsal-y-cono-sur\\\/\"]}]},{\"@type\":\"ImageObject\",\"inLanguage\":\"es\",\"@id\":\"https:\\\/\\\/www.cgfmanet.org\\\/es\\\/ifma-es\\\/sepsur-escuela-2026-cicsal-y-cono-sur\\\/#primaryimage\",\"url\":\"https:\\\/\\\/www.cgfmanet.org\\\/wp-content\\\/uploads\\\/2026\\\/04\\\/SEPSUR-2026.jpg\",\"contentUrl\":\"https:\\\/\\\/www.cgfmanet.org\\\/wp-content\\\/uploads\\\/2026\\\/04\\\/SEPSUR-2026.jpg\",\"width\":1368,\"height\":912},{\"@type\":\"BreadcrumbList\",\"@id\":\"https:\\\/\\\/www.cgfmanet.org\\\/es\\\/ifma-es\\\/sepsur-escuela-2026-cicsal-y-cono-sur\\\/#breadcrumb\",\"itemListElement\":[{\"@type\":\"ListItem\",\"position\":1,\"name\":\"Home\",\"item\":\"https:\\\/\\\/www.cgfmanet.org\\\/es\\\/\"},{\"@type\":\"ListItem\",\"position\":2,\"name\":\"SEPSUR Escuela 2026 &#8211; CICSAL y Cono Sur\"}]},{\"@type\":\"WebSite\",\"@id\":\"https:\\\/\\\/www.cgfmanet.org\\\/es\\\/#website\",\"url\":\"https:\\\/\\\/www.cgfmanet.org\\\/es\\\/\",\"name\":\"Istituto Figlie di Maria Ausiliatrice\",\"description\":\"Salesiane di Don Bosco\",\"publisher\":{\"@id\":\"https:\\\/\\\/www.cgfmanet.org\\\/es\\\/#organization\"},\"potentialAction\":[{\"@type\":\"SearchAction\",\"target\":{\"@type\":\"EntryPoint\",\"urlTemplate\":\"https:\\\/\\\/www.cgfmanet.org\\\/es\\\/?s={search_term_string}\"},\"query-input\":{\"@type\":\"PropertyValueSpecification\",\"valueRequired\":true,\"valueName\":\"search_term_string\"}}],\"inLanguage\":\"es\"},{\"@type\":\"Organization\",\"@id\":\"https:\\\/\\\/www.cgfmanet.org\\\/es\\\/#organization\",\"name\":\"Istituto Figlie di Maria Ausiliatrice\",\"url\":\"https:\\\/\\\/www.cgfmanet.org\\\/es\\\/\",\"logo\":{\"@type\":\"ImageObject\",\"inLanguage\":\"es\",\"@id\":\"https:\\\/\\\/www.cgfmanet.org\\\/es\\\/#\\\/schema\\\/logo\\\/image\\\/\",\"url\":\"https:\\\/\\\/www.cgfmanet.org\\\/wp-content\\\/uploads\\\/2018\\\/10\\\/logo-fma.png\",\"contentUrl\":\"https:\\\/\\\/www.cgfmanet.org\\\/wp-content\\\/uploads\\\/2018\\\/10\\\/logo-fma.png\",\"width\":214,\"height\":55,\"caption\":\"Istituto Figlie di Maria Ausiliatrice\"},\"image\":{\"@id\":\"https:\\\/\\\/www.cgfmanet.org\\\/es\\\/#\\\/schema\\\/logo\\\/image\\\/\"},\"sameAs\":[\"https:\\\/\\\/www.facebook.com\\\/salesian.sisters.of.don.bosco\\\/\",\"https:\\\/\\\/x.com\\\/Cgfmanet_Org\",\"https:\\\/\\\/www.youtube.com\\\/channel\\\/UCmcr8yFQBV7JXeXVxyV9y5Q\"]},{\"@type\":\"Person\",\"@id\":\"https:\\\/\\\/www.cgfmanet.org\\\/es\\\/#\\\/schema\\\/person\\\/ce6473083f53ef0ef882cca23f0c8fb9\",\"name\":\"Redazione\"}]}<\/script>\n<!-- \/ Yoast SEO plugin. -->","yoast_head_json":{"title":"SEPSUR Escuela 2026 - CICSAL y Cono Sur &#8226; Istituto Figlie di Maria Ausiliatrice","description":"Del 20 al 23 de abril de 2026, en Montevideo, Uruguay, se llev\u00f3 a cabo el encuentro SEPSUR Escuela 2026 de los responsables del \u00e1mbito escolar de la CICSAL y de la regi\u00f3n Cono Sur.","robots":{"index":"index","follow":"follow","max-snippet":"max-snippet:-1","max-image-preview":"max-image-preview:large","max-video-preview":"max-video-preview:-1"},"canonical":"https:\/\/www.cgfmanet.org\/es\/ifma-es\/sepsur-escuela-2026-cicsal-y-cono-sur\/","og_locale":"es_ES","og_type":"article","og_title":"SEPSUR Escuela 2026 - CICSAL y Cono Sur &#8226; Istituto Figlie di Maria Ausiliatrice","og_description":"Del 20 al 23 de abril de 2026, en Montevideo, Uruguay, se llev\u00f3 a cabo el encuentro SEPSUR Escuela 2026 de los responsables del \u00e1mbito escolar de la CICSAL y de la regi\u00f3n Cono Sur.","og_url":"https:\/\/www.cgfmanet.org\/es\/ifma-es\/sepsur-escuela-2026-cicsal-y-cono-sur\/","og_site_name":"Istituto Figlie di Maria Ausiliatrice","article_publisher":"https:\/\/www.facebook.com\/salesian.sisters.of.don.bosco\/","article_published_time":"2026-04-24T06:55:30+00:00","article_modified_time":"2026-04-25T20:20:50+00:00","og_image":[{"width":1368,"height":912,"url":"https:\/\/www.cgfmanet.org\/wp-content\/uploads\/2026\/04\/SEPSUR-2026.jpg","type":"image\/jpeg"}],"author":"Redazione","twitter_card":"summary_large_image","twitter_creator":"@Cgfmanet_Org","twitter_site":"@Cgfmanet_Org","twitter_misc":{"Escrito por":"Redazione","Tiempo de lectura":"5 minutos"},"schema":{"@context":"https:\/\/schema.org","@graph":[{"@type":"Article","@id":"https:\/\/www.cgfmanet.org\/es\/ifma-es\/sepsur-escuela-2026-cicsal-y-cono-sur\/#article","isPartOf":{"@id":"https:\/\/www.cgfmanet.org\/es\/ifma-es\/sepsur-escuela-2026-cicsal-y-cono-sur\/"},"author":{"name":"Redazione","@id":"https:\/\/www.cgfmanet.org\/es\/#\/schema\/person\/ce6473083f53ef0ef882cca23f0c8fb9"},"headline":"SEPSUR Escuela 2026 &#8211; CICSAL y Cono Sur","datePublished":"2026-04-24T06:55:30+00:00","dateModified":"2026-04-25T20:20:50+00:00","mainEntityOfPage":{"@id":"https:\/\/www.cgfmanet.org\/es\/ifma-es\/sepsur-escuela-2026-cicsal-y-cono-sur\/"},"wordCount":907,"commentCount":0,"publisher":{"@id":"https:\/\/www.cgfmanet.org\/es\/#organization"},"image":{"@id":"https:\/\/www.cgfmanet.org\/es\/ifma-es\/sepsur-escuela-2026-cicsal-y-cono-sur\/#primaryimage"},"thumbnailUrl":"https:\/\/www.cgfmanet.org\/wp-content\/uploads\/2026\/04\/SEPSUR-2026.jpg","keywords":["CICSAL","Escuela","Pastoral Juvenil","Carisma salesiano","Focus","Uruguay"],"articleSection":["IFMA","Educaci\u00f3n"],"inLanguage":"es","potentialAction":[{"@type":"CommentAction","name":"Comment","target":["https:\/\/www.cgfmanet.org\/es\/ifma-es\/sepsur-escuela-2026-cicsal-y-cono-sur\/#respond"]}]},{"@type":"WebPage","@id":"https:\/\/www.cgfmanet.org\/es\/ifma-es\/sepsur-escuela-2026-cicsal-y-cono-sur\/","url":"https:\/\/www.cgfmanet.org\/es\/ifma-es\/sepsur-escuela-2026-cicsal-y-cono-sur\/","name":"SEPSUR Escuela 2026 - CICSAL y Cono Sur &#8226; Istituto Figlie di Maria Ausiliatrice","isPartOf":{"@id":"https:\/\/www.cgfmanet.org\/es\/#website"},"primaryImageOfPage":{"@id":"https:\/\/www.cgfmanet.org\/es\/ifma-es\/sepsur-escuela-2026-cicsal-y-cono-sur\/#primaryimage"},"image":{"@id":"https:\/\/www.cgfmanet.org\/es\/ifma-es\/sepsur-escuela-2026-cicsal-y-cono-sur\/#primaryimage"},"thumbnailUrl":"https:\/\/www.cgfmanet.org\/wp-content\/uploads\/2026\/04\/SEPSUR-2026.jpg","datePublished":"2026-04-24T06:55:30+00:00","dateModified":"2026-04-25T20:20:50+00:00","description":"Del 20 al 23 de abril de 2026, en Montevideo, Uruguay, se llev\u00f3 a cabo el encuentro SEPSUR Escuela 2026 de los responsables del \u00e1mbito escolar de la CICSAL y de la regi\u00f3n Cono Sur.","breadcrumb":{"@id":"https:\/\/www.cgfmanet.org\/es\/ifma-es\/sepsur-escuela-2026-cicsal-y-cono-sur\/#breadcrumb"},"inLanguage":"es","potentialAction":[{"@type":"ReadAction","target":["https:\/\/www.cgfmanet.org\/es\/ifma-es\/sepsur-escuela-2026-cicsal-y-cono-sur\/"]}]},{"@type":"ImageObject","inLanguage":"es","@id":"https:\/\/www.cgfmanet.org\/es\/ifma-es\/sepsur-escuela-2026-cicsal-y-cono-sur\/#primaryimage","url":"https:\/\/www.cgfmanet.org\/wp-content\/uploads\/2026\/04\/SEPSUR-2026.jpg","contentUrl":"https:\/\/www.cgfmanet.org\/wp-content\/uploads\/2026\/04\/SEPSUR-2026.jpg","width":1368,"height":912},{"@type":"BreadcrumbList","@id":"https:\/\/www.cgfmanet.org\/es\/ifma-es\/sepsur-escuela-2026-cicsal-y-cono-sur\/#breadcrumb","itemListElement":[{"@type":"ListItem","position":1,"name":"Home","item":"https:\/\/www.cgfmanet.org\/es\/"},{"@type":"ListItem","position":2,"name":"SEPSUR Escuela 2026 &#8211; CICSAL y Cono Sur"}]},{"@type":"WebSite","@id":"https:\/\/www.cgfmanet.org\/es\/#website","url":"https:\/\/www.cgfmanet.org\/es\/","name":"Istituto Figlie di Maria Ausiliatrice","description":"Salesiane di Don Bosco","publisher":{"@id":"https:\/\/www.cgfmanet.org\/es\/#organization"},"potentialAction":[{"@type":"SearchAction","target":{"@type":"EntryPoint","urlTemplate":"https:\/\/www.cgfmanet.org\/es\/?s={search_term_string}"},"query-input":{"@type":"PropertyValueSpecification","valueRequired":true,"valueName":"search_term_string"}}],"inLanguage":"es"},{"@type":"Organization","@id":"https:\/\/www.cgfmanet.org\/es\/#organization","name":"Istituto Figlie di Maria Ausiliatrice","url":"https:\/\/www.cgfmanet.org\/es\/","logo":{"@type":"ImageObject","inLanguage":"es","@id":"https:\/\/www.cgfmanet.org\/es\/#\/schema\/logo\/image\/","url":"https:\/\/www.cgfmanet.org\/wp-content\/uploads\/2018\/10\/logo-fma.png","contentUrl":"https:\/\/www.cgfmanet.org\/wp-content\/uploads\/2018\/10\/logo-fma.png","width":214,"height":55,"caption":"Istituto Figlie di Maria Ausiliatrice"},"image":{"@id":"https:\/\/www.cgfmanet.org\/es\/#\/schema\/logo\/image\/"},"sameAs":["https:\/\/www.facebook.com\/salesian.sisters.of.don.bosco\/","https:\/\/x.com\/Cgfmanet_Org","https:\/\/www.youtube.com\/channel\/UCmcr8yFQBV7JXeXVxyV9y5Q"]},{"@type":"Person","@id":"https:\/\/www.cgfmanet.org\/es\/#\/schema\/person\/ce6473083f53ef0ef882cca23f0c8fb9","name":"Redazione"}]}},"_links":{"self":[{"href":"https:\/\/www.cgfmanet.org\/es\/wp-json\/wp\/v2\/posts\/156328","targetHints":{"allow":["GET"]}}],"collection":[{"href":"https:\/\/www.cgfmanet.org\/es\/wp-json\/wp\/v2\/posts"}],"about":[{"href":"https:\/\/www.cgfmanet.org\/es\/wp-json\/wp\/v2\/types\/post"}],"author":[{"embeddable":true,"href":"https:\/\/www.cgfmanet.org\/es\/wp-json\/wp\/v2\/users\/21"}],"replies":[{"embeddable":true,"href":"https:\/\/www.cgfmanet.org\/es\/wp-json\/wp\/v2\/comments?post=156328"}],"version-history":[{"count":1,"href":"https:\/\/www.cgfmanet.org\/es\/wp-json\/wp\/v2\/posts\/156328\/revisions"}],"predecessor-version":[{"id":156361,"href":"https:\/\/www.cgfmanet.org\/es\/wp-json\/wp\/v2\/posts\/156328\/revisions\/156361"}],"wp:featuredmedia":[{"embeddable":true,"href":"https:\/\/www.cgfmanet.org\/es\/wp-json\/wp\/v2\/media\/156287"}],"wp:attachment":[{"href":"https:\/\/www.cgfmanet.org\/es\/wp-json\/wp\/v2\/media?parent=156328"}],"wp:term":[{"taxonomy":"category","embeddable":true,"href":"https:\/\/www.cgfmanet.org\/es\/wp-json\/wp\/v2\/categories?post=156328"},{"taxonomy":"post_tag","embeddable":true,"href":"https:\/\/www.cgfmanet.org\/es\/wp-json\/wp\/v2\/tags?post=156328"}],"curies":[{"name":"wp","href":"https:\/\/api.w.org\/{rel}","templated":true}]}}