{"id":156276,"date":"2026-04-23T10:43:06","date_gmt":"2026-04-23T08:43:06","guid":{"rendered":"https:\/\/www.cgfmanet.org\/infoesfera\/alle-radici-per-costruire-il-futuro-ciofs-scuola\/"},"modified":"2026-04-25T22:25:47","modified_gmt":"2026-04-25T20:25:47","slug":"a-las-raices-para-construir-el-futuro-ciofs-scuola","status":"publish","type":"post","link":"https:\/\/www.cgfmanet.org\/es\/ifma-es\/a-las-raices-para-construir-el-futuro-ciofs-scuola\/","title":{"rendered":"A las ra\u00edces para construir el futuro \u2013 Ciofs Scuola"},"content":{"rendered":"<p><strong>Tur\u00edn (Italia).<\/strong> El 16 y 17 de abril de 2026 se llev\u00f3 a cabo en Tur\u00edn, Valdocco, el primer encuentro nacional de los estudiantes representantes de instituciones de las Escuelas Secundarias de Segundo Grado de Italia de las Hijas de Mar\u00eda Auxiliadora, organizado por el CIOFS Scuola FMA ETS Italia.<\/p>\n<p>Es de noche, estamos en la plaza Mar\u00eda Auxiliadora de Tur\u00edn y un grupo de j\u00f3venes se abraza; ser\u00e1n unos treinta, m\u00e1s o menos de unos 18 a\u00f1os. No son de la misma clase: los delata el acento, que revela que provienen de varias partes de Italia.<\/p>\n<p>Parecen conocerse desde hace semanas o, al menos, haber compartido un campamento escolar de una semana. En cambio, se conocen desde hace poco m\u00e1s de 24 horas y han llegado a Tur\u00edn para ir a las ra\u00edces de la experiencia vivida en las Escuelas FMA, para crecer en la participaci\u00f3n y responsabilidad de la animaci\u00f3n y del estilo salesiano hacia sus compa\u00f1eros. La experiencia vivida en Valdocco los ha impactado y ellos se han dejado interpelar.<\/p>\n<p>Una ocasi\u00f3n preciosa, intensa, rica, que ha visto a los estudiantes ponerse a prueba y colaborar, creando v\u00ednculos que anuncian amistad, compromiso, ganas de servir y de dar a conocer el entusiasmo respirado en Tur\u00edn. \u00a1Don Bosco y Madre Mazzarello tienen algo importante que decir!<\/p>\n<p>Riccardo afirma con convicci\u00f3n que se qued\u00f3 impresionado por lo mucho que se han unido los diversos participantes; el hielo se rompi\u00f3 r\u00e1pidamente y las actividades se desarrollaron como si fueran amigos de hace mucho tiempo. Alvise dice que se lleva a casa nuevos conocidos que r\u00e1pidamente se convirtieron en amistades y que la experiencia le permiti\u00f3 descubrir de una forma nueva el estilo salesiano, que a veces corr\u00eda el riesgo de vivir de manera rutinaria.<\/p>\n<p>Los diversos grupos de estudiantes, antes de llegar a Tur\u00edn para el encuentro, tuvieron que entrevistar a j\u00f3venes de Escuelas FMA de varias partes del mundo para tocar con la mano qu\u00e9 caracteriza la \u00absalesianidad\u00bb. Ver los videos de los estudiantes de San Salvador, Etiop\u00eda, Filipinas, Albania o Espa\u00f1a \u2014por citar solo algunos\u2014 les hizo experimentar que son parte de una red mundial que busca \u00abmarcar la diferencia\u00bb con la educaci\u00f3n.<\/p>\n<p>Sofia afirma: <em>\u201cMe impact\u00f3 el hecho de que nosotros en Italia y en el mundo tenemos cosas en com\u00fan y logramos encontrar en todas las escuelas la salesianidad y las ganas de hacer; esto me da esperanza\u201d<\/em>.<\/p>\n<p>Benedetta comparte: <em>\u201cTen\u00eda expectativas bajas, pensaba que ser\u00eda aburrido y pesado, pero en cambio nos involucraron de inmediato, hicimos grupo, nadie se qued\u00f3 atr\u00e1s\u201d<\/em>.<\/p>\n<p>En la tarde del 16 de abril, los estudiantes visitaron el Museo \u2018Casa Don Bosco\u2019 en Valdocco y algunos lugares de Tur\u00edn vinculados a los inicios del Oratorio, gracias a la gu\u00eda de Don Mike Pace, SDB. A la ma\u00f1ana siguiente, pudieron participar en la Santa Misa precisamente en las habitaciones de Don Bosco.<\/p>\n<p>Linda comparte: <em>\u201cMe impact\u00f3 Valdocco: el lugar y la historia de Don Bosco. La Misa en las habitaciones fue muy hermosa, envolvente y significativa; Don Alberto en la homil\u00eda habl\u00f3 de manera incisiva a nuestro coraz\u00f3n\u201d<\/em>.<\/p>\n<p>Angela afirma haber quedado asombrada de c\u00f3mo ella misma se puso a prueba, se abri\u00f3 y comparti\u00f3, cuando usualmente le cuesta mucho dejarse involucrar. Y a\u00f1ade: <em>\u201cEn la Misa me conmov\u00ed, en particular con las palabras del canto final: \u2018si miras a tu alrededor hay alguien que da la vida por ti, hasta el \u00faltimo suspiro\u2019. Es una experiencia que me ha formado a nivel personal, social y espiritual\u201d<\/em>.<\/p>\n<p>Agradecemos a las dos escuelas de Tur\u00edn \u2014el Instituto \u2018Maria Ausiliatrice\u2019, que tambi\u00e9n hosped\u00f3 las diversas actividades, y el Instituto Madre Mazzarello\u2014 por la acogida y el esmero en preparar todo lo necesario.<\/p>\n<p>La experiencia fue muy positiva tambi\u00e9n entre los docentes, coordinadores de actividades educativas y did\u00e1cticas, y vicecoordinadores que acompa\u00f1aron a las distintas delegaciones: una oportunidad para conocerse y tejer redes de manera significativa.<\/p>\n<p>La presencia de Sor Carla Monaca, Presidenta del Ciofs Scuola nacional, quien particip\u00f3 en todo el encuentro, subray\u00f3 la importancia que la asociaci\u00f3n quiere dar al protagonismo de los j\u00f3venes y el compromiso de brindarles confianza.<\/p>\n\r\n                <style type=\"text\/css\">\r\n                    \r\n                    #tdi_1  .td-doubleSlider-2 .td-item1 {\r\n                        background: url(https:\/\/www.cgfmanet.org\/wp-content\/uploads\/2026\/04\/Rappresentanti-CIOFS_Scuola_Italia_1-80x60.jpg) 0 0 no-repeat;\r\n                    }\r\n                    #tdi_1  .td-doubleSlider-2 .td-item2 {\r\n                        background: url(https:\/\/www.cgfmanet.org\/wp-content\/uploads\/2026\/04\/Rappresentanti-CIOFS_Scuola_Italia_3-80x60.jpg) 0 0 no-repeat;\r\n                    }\r\n                    #tdi_1  .td-doubleSlider-2 .td-item3 {\r\n                        background: url(https:\/\/www.cgfmanet.org\/wp-content\/uploads\/2026\/04\/Rappresentanti-CIOFS_Scuola_Italia_2-80x60.jpg) 0 0 no-repeat;\r\n                    }\r\n                <\/style>\r\n\r\n                <div id=\"tdi_1\" class=\"td-gallery td-slide-on-2-columns\">\r\n                    <div class=\"post_td_gallery\">\r\n                        <div class=\"td-gallery-slide-top\">\r\n                           <div class=\"td-gallery-title\"><\/div>\r\n\r\n                            <div class=\"td-gallery-controls-wrapper\">\r\n                                <div class=\"td-gallery-slide-count\"><span class=\"td-gallery-slide-item-focus\">1<\/span> de 3<\/div>\r\n                                <div class=\"td-gallery-slide-prev-next-but\">\r\n                                    <i class = \"td-icon-left doubleSliderPrevButton\"><\/i>\r\n                                    <i class = \"td-icon-right doubleSliderNextButton\"><\/i>\r\n                                <\/div>\r\n                            <\/div>\r\n                        <\/div>\r\n\r\n                        <div class = \"td-doubleSlider-1 \">\r\n                            <div class = \"td-slider\">\r\n                                \r\n                    <div class = \"td-slide-item td-item1\">\r\n                        <figure class=\"td-slide-galery-figure td-slide-popup-gallery\">\r\n                            <a class=\"slide-gallery-image-link\" href=\"https:\/\/www.cgfmanet.org\/wp-content\/uploads\/2026\/04\/Rappresentanti-CIOFS_Scuola_Italia_1.jpg\" title=\"Rappresentanti CIOFS_Scuola_Italia_1\"  data-caption=\"\"  data-description=\"\">\r\n                                <img decoding=\"async\" data-src=\"https:\/\/www.cgfmanet.org\/wp-content\/uploads\/2026\/04\/Rappresentanti-CIOFS_Scuola_Italia_1-630x420.jpg\" data-srcset=\"https:\/\/www.cgfmanet.org\/wp-content\/uploads\/2026\/04\/Rappresentanti-CIOFS_Scuola_Italia_1-630x420.jpg 630w, https:\/\/www.cgfmanet.org\/wp-content\/uploads\/2026\/04\/Rappresentanti-CIOFS_Scuola_Italia_1-768x512.jpg 768w, https:\/\/www.cgfmanet.org\/wp-content\/uploads\/2026\/04\/Rappresentanti-CIOFS_Scuola_Italia_1-696x464.jpg 696w, https:\/\/www.cgfmanet.org\/wp-content\/uploads\/2026\/04\/Rappresentanti-CIOFS_Scuola_Italia_1.jpg 1181w\" data-sizes=\"auto\" alt=\"\" src=\"data:image\/svg+xml;base64,PHN2ZyB3aWR0aD0iMSIgaGVpZ2h0PSIxIiB4bWxucz0iaHR0cDovL3d3dy53My5vcmcvMjAwMC9zdmciPjwvc3ZnPg==\" class=\"lazyload\" style=\"--smush-placeholder-width: 630px; --smush-placeholder-aspect-ratio: 630\/420;\" data-original-sizes=\"(max-width: 630px) 100vw, 630px\">\r\n                            <\/a>\r\n                            \r\n                        <\/figure>\r\n                    <\/div>\r\n                    <div class = \"td-slide-item td-item2\">\r\n                        <figure class=\"td-slide-galery-figure td-slide-popup-gallery\">\r\n                            <a class=\"slide-gallery-image-link\" href=\"https:\/\/www.cgfmanet.org\/wp-content\/uploads\/2026\/04\/Rappresentanti-CIOFS_Scuola_Italia_3.jpg\" title=\"Rappresentanti CIOFS_Scuola_Italia_3\"  data-caption=\"\"  data-description=\"\">\r\n                                <img decoding=\"async\" data-src=\"https:\/\/www.cgfmanet.org\/wp-content\/uploads\/2026\/04\/Rappresentanti-CIOFS_Scuola_Italia_3-630x420.jpg\" data-srcset=\"https:\/\/www.cgfmanet.org\/wp-content\/uploads\/2026\/04\/Rappresentanti-CIOFS_Scuola_Italia_3-630x420.jpg 630w, https:\/\/www.cgfmanet.org\/wp-content\/uploads\/2026\/04\/Rappresentanti-CIOFS_Scuola_Italia_3-768x512.jpg 768w, https:\/\/www.cgfmanet.org\/wp-content\/uploads\/2026\/04\/Rappresentanti-CIOFS_Scuola_Italia_3-696x464.jpg 696w, https:\/\/www.cgfmanet.org\/wp-content\/uploads\/2026\/04\/Rappresentanti-CIOFS_Scuola_Italia_3.jpg 1181w\" data-sizes=\"auto\" alt=\"\" src=\"data:image\/svg+xml;base64,PHN2ZyB3aWR0aD0iMSIgaGVpZ2h0PSIxIiB4bWxucz0iaHR0cDovL3d3dy53My5vcmcvMjAwMC9zdmciPjwvc3ZnPg==\" class=\"lazyload\" style=\"--smush-placeholder-width: 630px; --smush-placeholder-aspect-ratio: 630\/420;\" data-original-sizes=\"(max-width: 630px) 100vw, 630px\">\r\n                            <\/a>\r\n                            \r\n                        <\/figure>\r\n                    <\/div>\r\n                    <div class = \"td-slide-item td-item3\">\r\n                        <figure class=\"td-slide-galery-figure td-slide-popup-gallery\">\r\n                            <a class=\"slide-gallery-image-link\" href=\"https:\/\/www.cgfmanet.org\/wp-content\/uploads\/2026\/04\/Rappresentanti-CIOFS_Scuola_Italia_2.jpg\" title=\"Rappresentanti CIOFS_Scuola_Italia_2\"  data-caption=\"\"  data-description=\"\">\r\n                                <img decoding=\"async\" data-src=\"https:\/\/www.cgfmanet.org\/wp-content\/uploads\/2026\/04\/Rappresentanti-CIOFS_Scuola_Italia_2-630x420.jpg\" data-srcset=\"https:\/\/www.cgfmanet.org\/wp-content\/uploads\/2026\/04\/Rappresentanti-CIOFS_Scuola_Italia_2-630x420.jpg 630w, https:\/\/www.cgfmanet.org\/wp-content\/uploads\/2026\/04\/Rappresentanti-CIOFS_Scuola_Italia_2-768x512.jpg 768w, https:\/\/www.cgfmanet.org\/wp-content\/uploads\/2026\/04\/Rappresentanti-CIOFS_Scuola_Italia_2-696x464.jpg 696w, https:\/\/www.cgfmanet.org\/wp-content\/uploads\/2026\/04\/Rappresentanti-CIOFS_Scuola_Italia_2.jpg 1181w\" data-sizes=\"auto\" alt=\"\" src=\"data:image\/svg+xml;base64,PHN2ZyB3aWR0aD0iMSIgaGVpZ2h0PSIxIiB4bWxucz0iaHR0cDovL3d3dy53My5vcmcvMjAwMC9zdmciPjwvc3ZnPg==\" class=\"lazyload\" style=\"--smush-placeholder-width: 630px; --smush-placeholder-aspect-ratio: 630\/420;\" data-original-sizes=\"(max-width: 630px) 100vw, 630px\">\r\n                            <\/a>\r\n                            \r\n                        <\/figure>\r\n                    <\/div>\r\n                            <\/div>\r\n                        <\/div>\r\n\r\n                        <div class = \"td-doubleSlider-2\">\r\n                            <div class = \"td-slider\">\r\n                                \r\n                    <div class = \"td-button td-item1\">\r\n                        <div class = \"td-border\"><\/div>\r\n                    <\/div>\r\n                    <div class = \"td-button td-item2\">\r\n                        <div class = \"td-border\"><\/div>\r\n                    <\/div>\r\n                    <div class = \"td-button td-item3\">\r\n                        <div class = \"td-border\"><\/div>\r\n                    <\/div>\r\n                            <\/div>\r\n                        <\/div>\r\n\r\n                    <\/div>\r\n\r\n                <\/div>\r\n                \n","protected":false},"excerpt":{"rendered":"<p>Tur\u00edn (Italia). El 16 y 17 de abril de 2026 se llev\u00f3 a cabo en Tur\u00edn, Valdocco, el primer encuentro nacional de los estudiantes representantes de instituciones de las Escuelas [&hellip;]<\/p>\n","protected":false},"author":21,"featured_media":156261,"comment_status":"open","ping_status":"closed","sticky":false,"template":"","format":"standard","meta":{"footnotes":""},"categories":[158,179],"tags":[1343,1454,1623,2164],"class_list":["post-156276","post","type-post","status-publish","format-standard","has-post-thumbnail","category-ifma-es","category-educacion","tag-don-bosco-es","tag-escuela","tag-cittadinanza-es","tag-ciofs-cuola-es"],"yoast_head":"<!-- This site is optimized with the Yoast SEO plugin v27.4 - https:\/\/yoast.com\/product\/yoast-seo-wordpress\/ -->\n<title>A las ra\u00edces para construir el futuro \u2013 Ciofs Scuola &#8226; Istituto Figlie di Maria Ausiliatrice<\/title>\n<meta name=\"description\" content=\"El 16 y 17 de abril de 2026 tuvo lugar en Tur\u00edn el primer encuentro nacional de los estudiantes representantes de instituciones de las Escuelas FMA de Italia, organizado por el CIOFS Scuola FMA ETS Italia.\" \/>\n<meta name=\"robots\" content=\"index, follow, max-snippet:-1, max-image-preview:large, max-video-preview:-1\" \/>\n<link rel=\"canonical\" href=\"https:\/\/www.cgfmanet.org\/es\/ifma-es\/a-las-raices-para-construir-el-futuro-ciofs-scuola\/\" \/>\n<meta property=\"og:locale\" content=\"es_ES\" \/>\n<meta property=\"og:type\" content=\"article\" \/>\n<meta property=\"og:title\" content=\"A las ra\u00edces para construir el futuro \u2013 Ciofs Scuola &#8226; Istituto Figlie di Maria Ausiliatrice\" \/>\n<meta property=\"og:description\" content=\"El 16 y 17 de abril de 2026 tuvo lugar en Tur\u00edn el primer encuentro nacional de los estudiantes representantes de instituciones de las Escuelas FMA de Italia, organizado por el CIOFS Scuola FMA ETS Italia.\" \/>\n<meta property=\"og:url\" content=\"https:\/\/www.cgfmanet.org\/es\/ifma-es\/a-las-raices-para-construir-el-futuro-ciofs-scuola\/\" \/>\n<meta property=\"og:site_name\" content=\"Istituto Figlie di Maria Ausiliatrice\" \/>\n<meta property=\"article:publisher\" content=\"https:\/\/www.facebook.com\/salesian.sisters.of.don.bosco\/\" \/>\n<meta property=\"article:published_time\" content=\"2026-04-23T08:43:06+00:00\" \/>\n<meta property=\"article:modified_time\" content=\"2026-04-25T20:25:47+00:00\" \/>\n<meta property=\"og:image\" content=\"https:\/\/www.cgfmanet.org\/wp-content\/uploads\/2026\/04\/Rappresentanti-CIOFS_Scuola_Italia.jpg\" \/>\n\t<meta property=\"og:image:width\" content=\"1200\" \/>\n\t<meta property=\"og:image:height\" content=\"800\" \/>\n\t<meta property=\"og:image:type\" content=\"image\/jpeg\" \/>\n<meta name=\"author\" content=\"Redazione\" \/>\n<meta name=\"twitter:card\" content=\"summary_large_image\" \/>\n<meta name=\"twitter:creator\" content=\"@Cgfmanet_Org\" \/>\n<meta name=\"twitter:site\" content=\"@Cgfmanet_Org\" \/>\n<meta name=\"twitter:label1\" content=\"Escrito por\" \/>\n\t<meta name=\"twitter:data1\" content=\"Redazione\" \/>\n\t<meta name=\"twitter:label2\" content=\"Tiempo de lectura\" \/>\n\t<meta name=\"twitter:data2\" content=\"4 minutos\" \/>\n<script type=\"application\/ld+json\" class=\"yoast-schema-graph\">{\"@context\":\"https:\\\/\\\/schema.org\",\"@graph\":[{\"@type\":\"Article\",\"@id\":\"https:\\\/\\\/www.cgfmanet.org\\\/es\\\/ifma-es\\\/a-las-raices-para-construir-el-futuro-ciofs-scuola\\\/#article\",\"isPartOf\":{\"@id\":\"https:\\\/\\\/www.cgfmanet.org\\\/es\\\/ifma-es\\\/a-las-raices-para-construir-el-futuro-ciofs-scuola\\\/\"},\"author\":{\"name\":\"Redazione\",\"@id\":\"https:\\\/\\\/www.cgfmanet.org\\\/es\\\/#\\\/schema\\\/person\\\/ce6473083f53ef0ef882cca23f0c8fb9\"},\"headline\":\"A las ra\u00edces para construir el futuro \u2013 Ciofs Scuola\",\"datePublished\":\"2026-04-23T08:43:06+00:00\",\"dateModified\":\"2026-04-25T20:25:47+00:00\",\"mainEntityOfPage\":{\"@id\":\"https:\\\/\\\/www.cgfmanet.org\\\/es\\\/ifma-es\\\/a-las-raices-para-construir-el-futuro-ciofs-scuola\\\/\"},\"wordCount\":746,\"commentCount\":0,\"publisher\":{\"@id\":\"https:\\\/\\\/www.cgfmanet.org\\\/es\\\/#organization\"},\"image\":{\"@id\":\"https:\\\/\\\/www.cgfmanet.org\\\/es\\\/ifma-es\\\/a-las-raices-para-construir-el-futuro-ciofs-scuola\\\/#primaryimage\"},\"thumbnailUrl\":\"https:\\\/\\\/www.cgfmanet.org\\\/wp-content\\\/uploads\\\/2026\\\/04\\\/Rappresentanti-CIOFS_Scuola_Italia.jpg\",\"keywords\":[\"Don Bosco\",\"Escuela\",\"cittadinanza\",\"CIOFS\\\/CUOLA\"],\"articleSection\":[\"IFMA\",\"Educaci\u00f3n\"],\"inLanguage\":\"es\",\"potentialAction\":[{\"@type\":\"CommentAction\",\"name\":\"Comment\",\"target\":[\"https:\\\/\\\/www.cgfmanet.org\\\/es\\\/ifma-es\\\/a-las-raices-para-construir-el-futuro-ciofs-scuola\\\/#respond\"]}]},{\"@type\":\"WebPage\",\"@id\":\"https:\\\/\\\/www.cgfmanet.org\\\/es\\\/ifma-es\\\/a-las-raices-para-construir-el-futuro-ciofs-scuola\\\/\",\"url\":\"https:\\\/\\\/www.cgfmanet.org\\\/es\\\/ifma-es\\\/a-las-raices-para-construir-el-futuro-ciofs-scuola\\\/\",\"name\":\"A las ra\u00edces para construir el futuro \u2013 Ciofs Scuola &#8226; Istituto Figlie di Maria Ausiliatrice\",\"isPartOf\":{\"@id\":\"https:\\\/\\\/www.cgfmanet.org\\\/es\\\/#website\"},\"primaryImageOfPage\":{\"@id\":\"https:\\\/\\\/www.cgfmanet.org\\\/es\\\/ifma-es\\\/a-las-raices-para-construir-el-futuro-ciofs-scuola\\\/#primaryimage\"},\"image\":{\"@id\":\"https:\\\/\\\/www.cgfmanet.org\\\/es\\\/ifma-es\\\/a-las-raices-para-construir-el-futuro-ciofs-scuola\\\/#primaryimage\"},\"thumbnailUrl\":\"https:\\\/\\\/www.cgfmanet.org\\\/wp-content\\\/uploads\\\/2026\\\/04\\\/Rappresentanti-CIOFS_Scuola_Italia.jpg\",\"datePublished\":\"2026-04-23T08:43:06+00:00\",\"dateModified\":\"2026-04-25T20:25:47+00:00\",\"description\":\"El 16 y 17 de abril de 2026 tuvo lugar en Tur\u00edn el primer encuentro nacional de los estudiantes representantes de instituciones de las Escuelas FMA de Italia, organizado por el CIOFS Scuola FMA ETS Italia.\",\"breadcrumb\":{\"@id\":\"https:\\\/\\\/www.cgfmanet.org\\\/es\\\/ifma-es\\\/a-las-raices-para-construir-el-futuro-ciofs-scuola\\\/#breadcrumb\"},\"inLanguage\":\"es\",\"potentialAction\":[{\"@type\":\"ReadAction\",\"target\":[\"https:\\\/\\\/www.cgfmanet.org\\\/es\\\/ifma-es\\\/a-las-raices-para-construir-el-futuro-ciofs-scuola\\\/\"]}]},{\"@type\":\"ImageObject\",\"inLanguage\":\"es\",\"@id\":\"https:\\\/\\\/www.cgfmanet.org\\\/es\\\/ifma-es\\\/a-las-raices-para-construir-el-futuro-ciofs-scuola\\\/#primaryimage\",\"url\":\"https:\\\/\\\/www.cgfmanet.org\\\/wp-content\\\/uploads\\\/2026\\\/04\\\/Rappresentanti-CIOFS_Scuola_Italia.jpg\",\"contentUrl\":\"https:\\\/\\\/www.cgfmanet.org\\\/wp-content\\\/uploads\\\/2026\\\/04\\\/Rappresentanti-CIOFS_Scuola_Italia.jpg\",\"width\":1200,\"height\":800},{\"@type\":\"BreadcrumbList\",\"@id\":\"https:\\\/\\\/www.cgfmanet.org\\\/es\\\/ifma-es\\\/a-las-raices-para-construir-el-futuro-ciofs-scuola\\\/#breadcrumb\",\"itemListElement\":[{\"@type\":\"ListItem\",\"position\":1,\"name\":\"Home\",\"item\":\"https:\\\/\\\/www.cgfmanet.org\\\/es\\\/\"},{\"@type\":\"ListItem\",\"position\":2,\"name\":\"A las ra\u00edces para construir el futuro \u2013 Ciofs Scuola\"}]},{\"@type\":\"WebSite\",\"@id\":\"https:\\\/\\\/www.cgfmanet.org\\\/es\\\/#website\",\"url\":\"https:\\\/\\\/www.cgfmanet.org\\\/es\\\/\",\"name\":\"Istituto Figlie di Maria Ausiliatrice\",\"description\":\"Salesiane di Don Bosco\",\"publisher\":{\"@id\":\"https:\\\/\\\/www.cgfmanet.org\\\/es\\\/#organization\"},\"potentialAction\":[{\"@type\":\"SearchAction\",\"target\":{\"@type\":\"EntryPoint\",\"urlTemplate\":\"https:\\\/\\\/www.cgfmanet.org\\\/es\\\/?s={search_term_string}\"},\"query-input\":{\"@type\":\"PropertyValueSpecification\",\"valueRequired\":true,\"valueName\":\"search_term_string\"}}],\"inLanguage\":\"es\"},{\"@type\":\"Organization\",\"@id\":\"https:\\\/\\\/www.cgfmanet.org\\\/es\\\/#organization\",\"name\":\"Istituto Figlie di Maria Ausiliatrice\",\"url\":\"https:\\\/\\\/www.cgfmanet.org\\\/es\\\/\",\"logo\":{\"@type\":\"ImageObject\",\"inLanguage\":\"es\",\"@id\":\"https:\\\/\\\/www.cgfmanet.org\\\/es\\\/#\\\/schema\\\/logo\\\/image\\\/\",\"url\":\"https:\\\/\\\/www.cgfmanet.org\\\/wp-content\\\/uploads\\\/2018\\\/10\\\/logo-fma.png\",\"contentUrl\":\"https:\\\/\\\/www.cgfmanet.org\\\/wp-content\\\/uploads\\\/2018\\\/10\\\/logo-fma.png\",\"width\":214,\"height\":55,\"caption\":\"Istituto Figlie di Maria Ausiliatrice\"},\"image\":{\"@id\":\"https:\\\/\\\/www.cgfmanet.org\\\/es\\\/#\\\/schema\\\/logo\\\/image\\\/\"},\"sameAs\":[\"https:\\\/\\\/www.facebook.com\\\/salesian.sisters.of.don.bosco\\\/\",\"https:\\\/\\\/x.com\\\/Cgfmanet_Org\",\"https:\\\/\\\/www.youtube.com\\\/channel\\\/UCmcr8yFQBV7JXeXVxyV9y5Q\"]},{\"@type\":\"Person\",\"@id\":\"https:\\\/\\\/www.cgfmanet.org\\\/es\\\/#\\\/schema\\\/person\\\/ce6473083f53ef0ef882cca23f0c8fb9\",\"name\":\"Redazione\"}]}<\/script>\n<!-- \/ Yoast SEO plugin. -->","yoast_head_json":{"title":"A las ra\u00edces para construir el futuro \u2013 Ciofs Scuola &#8226; Istituto Figlie di Maria Ausiliatrice","description":"El 16 y 17 de abril de 2026 tuvo lugar en Tur\u00edn el primer encuentro nacional de los estudiantes representantes de instituciones de las Escuelas FMA de Italia, organizado por el CIOFS Scuola FMA ETS Italia.","robots":{"index":"index","follow":"follow","max-snippet":"max-snippet:-1","max-image-preview":"max-image-preview:large","max-video-preview":"max-video-preview:-1"},"canonical":"https:\/\/www.cgfmanet.org\/es\/ifma-es\/a-las-raices-para-construir-el-futuro-ciofs-scuola\/","og_locale":"es_ES","og_type":"article","og_title":"A las ra\u00edces para construir el futuro \u2013 Ciofs Scuola &#8226; Istituto Figlie di Maria Ausiliatrice","og_description":"El 16 y 17 de abril de 2026 tuvo lugar en Tur\u00edn el primer encuentro nacional de los estudiantes representantes de instituciones de las Escuelas FMA de Italia, organizado por el CIOFS Scuola FMA ETS Italia.","og_url":"https:\/\/www.cgfmanet.org\/es\/ifma-es\/a-las-raices-para-construir-el-futuro-ciofs-scuola\/","og_site_name":"Istituto Figlie di Maria Ausiliatrice","article_publisher":"https:\/\/www.facebook.com\/salesian.sisters.of.don.bosco\/","article_published_time":"2026-04-23T08:43:06+00:00","article_modified_time":"2026-04-25T20:25:47+00:00","og_image":[{"width":1200,"height":800,"url":"https:\/\/www.cgfmanet.org\/wp-content\/uploads\/2026\/04\/Rappresentanti-CIOFS_Scuola_Italia.jpg","type":"image\/jpeg"}],"author":"Redazione","twitter_card":"summary_large_image","twitter_creator":"@Cgfmanet_Org","twitter_site":"@Cgfmanet_Org","twitter_misc":{"Escrito por":"Redazione","Tiempo de lectura":"4 minutos"},"schema":{"@context":"https:\/\/schema.org","@graph":[{"@type":"Article","@id":"https:\/\/www.cgfmanet.org\/es\/ifma-es\/a-las-raices-para-construir-el-futuro-ciofs-scuola\/#article","isPartOf":{"@id":"https:\/\/www.cgfmanet.org\/es\/ifma-es\/a-las-raices-para-construir-el-futuro-ciofs-scuola\/"},"author":{"name":"Redazione","@id":"https:\/\/www.cgfmanet.org\/es\/#\/schema\/person\/ce6473083f53ef0ef882cca23f0c8fb9"},"headline":"A las ra\u00edces para construir el futuro \u2013 Ciofs Scuola","datePublished":"2026-04-23T08:43:06+00:00","dateModified":"2026-04-25T20:25:47+00:00","mainEntityOfPage":{"@id":"https:\/\/www.cgfmanet.org\/es\/ifma-es\/a-las-raices-para-construir-el-futuro-ciofs-scuola\/"},"wordCount":746,"commentCount":0,"publisher":{"@id":"https:\/\/www.cgfmanet.org\/es\/#organization"},"image":{"@id":"https:\/\/www.cgfmanet.org\/es\/ifma-es\/a-las-raices-para-construir-el-futuro-ciofs-scuola\/#primaryimage"},"thumbnailUrl":"https:\/\/www.cgfmanet.org\/wp-content\/uploads\/2026\/04\/Rappresentanti-CIOFS_Scuola_Italia.jpg","keywords":["Don Bosco","Escuela","cittadinanza","CIOFS\/CUOLA"],"articleSection":["IFMA","Educaci\u00f3n"],"inLanguage":"es","potentialAction":[{"@type":"CommentAction","name":"Comment","target":["https:\/\/www.cgfmanet.org\/es\/ifma-es\/a-las-raices-para-construir-el-futuro-ciofs-scuola\/#respond"]}]},{"@type":"WebPage","@id":"https:\/\/www.cgfmanet.org\/es\/ifma-es\/a-las-raices-para-construir-el-futuro-ciofs-scuola\/","url":"https:\/\/www.cgfmanet.org\/es\/ifma-es\/a-las-raices-para-construir-el-futuro-ciofs-scuola\/","name":"A las ra\u00edces para construir el futuro \u2013 Ciofs Scuola &#8226; Istituto Figlie di Maria Ausiliatrice","isPartOf":{"@id":"https:\/\/www.cgfmanet.org\/es\/#website"},"primaryImageOfPage":{"@id":"https:\/\/www.cgfmanet.org\/es\/ifma-es\/a-las-raices-para-construir-el-futuro-ciofs-scuola\/#primaryimage"},"image":{"@id":"https:\/\/www.cgfmanet.org\/es\/ifma-es\/a-las-raices-para-construir-el-futuro-ciofs-scuola\/#primaryimage"},"thumbnailUrl":"https:\/\/www.cgfmanet.org\/wp-content\/uploads\/2026\/04\/Rappresentanti-CIOFS_Scuola_Italia.jpg","datePublished":"2026-04-23T08:43:06+00:00","dateModified":"2026-04-25T20:25:47+00:00","description":"El 16 y 17 de abril de 2026 tuvo lugar en Tur\u00edn el primer encuentro nacional de los estudiantes representantes de instituciones de las Escuelas FMA de Italia, organizado por el CIOFS Scuola FMA ETS Italia.","breadcrumb":{"@id":"https:\/\/www.cgfmanet.org\/es\/ifma-es\/a-las-raices-para-construir-el-futuro-ciofs-scuola\/#breadcrumb"},"inLanguage":"es","potentialAction":[{"@type":"ReadAction","target":["https:\/\/www.cgfmanet.org\/es\/ifma-es\/a-las-raices-para-construir-el-futuro-ciofs-scuola\/"]}]},{"@type":"ImageObject","inLanguage":"es","@id":"https:\/\/www.cgfmanet.org\/es\/ifma-es\/a-las-raices-para-construir-el-futuro-ciofs-scuola\/#primaryimage","url":"https:\/\/www.cgfmanet.org\/wp-content\/uploads\/2026\/04\/Rappresentanti-CIOFS_Scuola_Italia.jpg","contentUrl":"https:\/\/www.cgfmanet.org\/wp-content\/uploads\/2026\/04\/Rappresentanti-CIOFS_Scuola_Italia.jpg","width":1200,"height":800},{"@type":"BreadcrumbList","@id":"https:\/\/www.cgfmanet.org\/es\/ifma-es\/a-las-raices-para-construir-el-futuro-ciofs-scuola\/#breadcrumb","itemListElement":[{"@type":"ListItem","position":1,"name":"Home","item":"https:\/\/www.cgfmanet.org\/es\/"},{"@type":"ListItem","position":2,"name":"A las ra\u00edces para construir el futuro \u2013 Ciofs Scuola"}]},{"@type":"WebSite","@id":"https:\/\/www.cgfmanet.org\/es\/#website","url":"https:\/\/www.cgfmanet.org\/es\/","name":"Istituto Figlie di Maria Ausiliatrice","description":"Salesiane di Don Bosco","publisher":{"@id":"https:\/\/www.cgfmanet.org\/es\/#organization"},"potentialAction":[{"@type":"SearchAction","target":{"@type":"EntryPoint","urlTemplate":"https:\/\/www.cgfmanet.org\/es\/?s={search_term_string}"},"query-input":{"@type":"PropertyValueSpecification","valueRequired":true,"valueName":"search_term_string"}}],"inLanguage":"es"},{"@type":"Organization","@id":"https:\/\/www.cgfmanet.org\/es\/#organization","name":"Istituto Figlie di Maria Ausiliatrice","url":"https:\/\/www.cgfmanet.org\/es\/","logo":{"@type":"ImageObject","inLanguage":"es","@id":"https:\/\/www.cgfmanet.org\/es\/#\/schema\/logo\/image\/","url":"https:\/\/www.cgfmanet.org\/wp-content\/uploads\/2018\/10\/logo-fma.png","contentUrl":"https:\/\/www.cgfmanet.org\/wp-content\/uploads\/2018\/10\/logo-fma.png","width":214,"height":55,"caption":"Istituto Figlie di Maria Ausiliatrice"},"image":{"@id":"https:\/\/www.cgfmanet.org\/es\/#\/schema\/logo\/image\/"},"sameAs":["https:\/\/www.facebook.com\/salesian.sisters.of.don.bosco\/","https:\/\/x.com\/Cgfmanet_Org","https:\/\/www.youtube.com\/channel\/UCmcr8yFQBV7JXeXVxyV9y5Q"]},{"@type":"Person","@id":"https:\/\/www.cgfmanet.org\/es\/#\/schema\/person\/ce6473083f53ef0ef882cca23f0c8fb9","name":"Redazione"}]}},"_links":{"self":[{"href":"https:\/\/www.cgfmanet.org\/es\/wp-json\/wp\/v2\/posts\/156276","targetHints":{"allow":["GET"]}}],"collection":[{"href":"https:\/\/www.cgfmanet.org\/es\/wp-json\/wp\/v2\/posts"}],"about":[{"href":"https:\/\/www.cgfmanet.org\/es\/wp-json\/wp\/v2\/types\/post"}],"author":[{"embeddable":true,"href":"https:\/\/www.cgfmanet.org\/es\/wp-json\/wp\/v2\/users\/21"}],"replies":[{"embeddable":true,"href":"https:\/\/www.cgfmanet.org\/es\/wp-json\/wp\/v2\/comments?post=156276"}],"version-history":[{"count":2,"href":"https:\/\/www.cgfmanet.org\/es\/wp-json\/wp\/v2\/posts\/156276\/revisions"}],"predecessor-version":[{"id":156364,"href":"https:\/\/www.cgfmanet.org\/es\/wp-json\/wp\/v2\/posts\/156276\/revisions\/156364"}],"wp:featuredmedia":[{"embeddable":true,"href":"https:\/\/www.cgfmanet.org\/es\/wp-json\/wp\/v2\/media\/156261"}],"wp:attachment":[{"href":"https:\/\/www.cgfmanet.org\/es\/wp-json\/wp\/v2\/media?parent=156276"}],"wp:term":[{"taxonomy":"category","embeddable":true,"href":"https:\/\/www.cgfmanet.org\/es\/wp-json\/wp\/v2\/categories?post=156276"},{"taxonomy":"post_tag","embeddable":true,"href":"https:\/\/www.cgfmanet.org\/es\/wp-json\/wp\/v2\/tags?post=156276"}],"curies":[{"name":"wp","href":"https:\/\/api.w.org\/{rel}","templated":true}]}}