{"id":156159,"date":"2026-04-22T09:25:47","date_gmt":"2026-04-22T07:25:47","guid":{"rendered":"https:\/\/www.cgfmanet.org\/infoesfera\/giornata-mondiale-di-preghiera-vocazioni-2026\/"},"modified":"2026-04-25T22:43:42","modified_gmt":"2026-04-25T20:43:42","slug":"jornada-mundial-de-oracion-por-las-vocaciones-2026","status":"publish","type":"post","link":"https:\/\/www.cgfmanet.org\/es\/infoesfera\/iglesia\/jornada-mundial-de-oracion-por-las-vocaciones-2026\/","title":{"rendered":"Jornada Mundial de Oraci\u00f3n por las Vocaciones 2026"},"content":{"rendered":"<p><strong>Roma (Italia).<\/strong> El 26 de abril de 2026, en el IV domingo de Pascua, llamado \u201cdomingo del Buen Pastor\u201d, la Iglesia celebra la Jornada Mundial de Oraci\u00f3n por las Vocaciones. En su Mensaje para esta 63\u00aa Jornada, el <strong>Papa Le\u00f3n XIV<\/strong> ha elegido como tema <strong>\u201cEl descubrimiento interior del don de Dios\u201d<\/strong> y comparte algunas reflexiones sobre la dimensi\u00f3n interior de la vocaci\u00f3n, \u201centendida como el descubrimiento del don gratuito de Dios que brota en lo profundo del coraz\u00f3n de cada uno de nosotros\u201d.<\/p>\n<p>Recorriendo metaf\u00f3ricamente el camino de \u201cuna vida verdaderamente bella, que el Pastor nos indica\u201d, el Papa realiza cuatro pasos: <strong>La v\u00eda de la belleza, Conocimiento mutuo, Confianza y Maduraci\u00f3n.<\/strong><\/p>\n<p><span style=\"color: #0000ff;\"><strong><a style=\"color: #0000ff;\" href=\"https:\/\/www.vatican.va\/content\/leo-xiv\/it\/messages\/vocations\/documents\/20260316-messaggio-vocazioni.html\" target=\"_blank\" rel=\"noopener\">El Mensaje<\/a><\/strong><\/span> subraya la importancia de la ascesis en la contemplaci\u00f3n, que permita a la persona detenerse, escuchar, orar y acoger la mirada de Dios sobre s\u00ed misma hasta el punto de confiar en el Pastor \u201cque fascina: quien lo mira descubre que la vida es realmente bella si se le sigue\u201d. Uno de los rasgos que distingue a los Santos es precisamente \u201cla belleza espiritual luminosa que irradia de quien vive en Cristo. As\u00ed, la vocaci\u00f3n cristiana se revela en toda su profundidad: participar de su vida, compartir su misi\u00f3n, resplandecer con su propia belleza\u201d.<\/p>\n<p>Tomando el ejemplo de San Agust\u00edn, maestro de interioridad, el Papa Le\u00f3n habla de la importancia de \u201cel cuidado de la interioridad como espacio de relaci\u00f3n con Jes\u00fas, como v\u00eda para experimentar la belleza y la bondad de Dios en la propia vida\u201d y de la vocaci\u00f3n como un don que \u201cnunca es una imposici\u00f3n o un esquema prefijado al que simplemente adherirse, sino un proyecto de amor y de felicidad\u201d.<\/p>\n<p>Desde el cuidado de la interioridad, \u201ces urgente reiniciar la pastoral vocacional y el compromiso siempre nuevo de la evangelizaci\u00f3n\u201d, dice el Santo Padre, quien invita a todos \u2014familias, parroquias, comunidades religiosas, obispos, sacerdotes, di\u00e1conos, catequistas, educadores y fieles laicos\u2014 \u201ca comprometerse cada vez m\u00e1s en la creaci\u00f3n de contextos favorables para que este don pueda ser acogido, nutrido, custodiado y acompa\u00f1ado para dar fruto abundante\u201d.<\/p>\n<p>Al ser la vocaci\u00f3n una llamada \u00fanica y personal, esta comienza desde la experiencia personal del amor de Dios; ese Dios que conoce y ama profundamente a cada uno\/a y que tiene para cada uno\/a una v\u00eda \u00fanica de santidad y de servicio. Este conocimiento es rec\u00edproco y, por tanto, \u201cestamos invitados a conocer a Dios a trav\u00e9s de la oraci\u00f3n, la escucha de la Palabra, los Sacramentos, la vida de la Iglesia y la entrega a los hermanos y hermanas\u201d.<\/p>\n<p>El joven Samuel, que supo ponerse a la escucha y aprender a reconocer, con la ayuda de El\u00ed, la voz del Se\u00f1or (cf. 1 Sam 3, 1-10) y tambi\u00e9n San Agust\u00edn, seg\u00fan el cual \u201cla Verdad habita en el hombre interior\u201d, nos recuerdan la importancia de \u201cdetenerse, construir espacios de silencio interior para poder escuchar la voz de Jesucristo\u201d.<\/p>\n<p>De ah\u00ed el llamado de Le\u00f3n XIV: \u201c\u00a1Queridos j\u00f3venes, escuchad esta voz! Escuchad la voz del Se\u00f1or que os invita a vivir una vida plena, realizada, poniendo a fruto los propios talentos (cf. Mt 25, 14-30) y clavando en la Cruz gloriosa de Cristo los propios l\u00edmites y las propias debilidades. Deteneos, pues, en adoraci\u00f3n eucar\u00edstica, meditad asiduamente la Palabra de Dios para vivirla cada d\u00eda, participad activa y plenamente en la vida sacramental y eclesial. De este modo conocer\u00e9is al Se\u00f1or y, en la intimidad propia de la amistad, descubrir\u00e9is c\u00f3mo daros a vosotros mismos, en la v\u00eda del matrimonio, o del sacerdocio, o del diaconado permanente, o bien en la vida consagrada, religiosa o secular: cada vocaci\u00f3n es un don inmenso para la Iglesia y para quien la acoge con alegr\u00eda\u201d.<\/p>\n<p>Es de este conocimiento de donde nace la confianza en el Se\u00f1or y se descubre cada d\u00eda que la vida es \u201cun continuo confiar y confiarse al Se\u00f1or, incluso cuando sus planes trastocan los nuestros\u201d. Como San Jos\u00e9, \u201cun icono de confianza total en el dise\u00f1o de Dios\u201d, y como el Jubileo de la Esperanza ha ense\u00f1ado: \u201ces necesario cultivar una confianza firme y estable en las promesas de Dios, sin ceder nunca a la desesperaci\u00f3n\u201d.<\/p>\n<p>La vocaci\u00f3n, por tanto, no es una meta alcanzada de una vez para siempre. De hecho, es \u201cun proceso din\u00e1mico de maduraci\u00f3n, favorecido por la intimidad con el Se\u00f1or: estar con Jes\u00fas, dejar actuar al Esp\u00edritu Santo en el coraz\u00f3n y en las situaciones de la vida y releer todo a la luz del don recibido\u201d. En este camino continuo de maduraci\u00f3n, subraya el Papa, \u201c\u00a1cu\u00e1n precioso es tener una gu\u00eda espiritual v\u00e1lida que acompa\u00f1e el descubrimiento y el desarrollo de nuestra vocaci\u00f3n!\u201d, que acompa\u00f1e en el discernimiento y en la verificaci\u00f3n a la luz del Esp\u00edritu Santo.<\/p>\n<p>El Cap\u00edtulo General XXIV del Instituto FMA ha asumido como primera opci\u00f3n prioritaria del sexenio el aspecto vocacional: \u201cReavivamos y testimoniamos juntas la belleza de la vocaci\u00f3n salesiana poni\u00e9ndonos en estado de formaci\u00f3n continua para un renovado impulso vocacional\u201d. La atenci\u00f3n a cuidar la propia vocaci\u00f3n se convierte, por tanto, en atenci\u00f3n para que los j\u00f3venes puedan \u201cdescubrir el misterio de Dios presente en su existencia y las riquezas de la vida bautismal\u201d (Const. 69) y \u201cdiscernir el dise\u00f1o de Dios sobre la propia vida y asumirlo como una misi\u00f3n\u201d (Const. 72).<\/p>\n<p>El \u00c1mbito para la Pastoral Juvenil del Instituto ha asumido como uno de los focos de su animaci\u00f3n para el sexenio el lema \u201cjuntos para promover la cultura vocacional\u201d. En esta direcci\u00f3n, la celebraci\u00f3n anual de la Jornada Mundial de Oraci\u00f3n por las Vocaciones constituye un momento fuerte para reforzar este compromiso.<\/p>\n<p>Este a\u00f1o, el \u00c1mbito PJ ha preparado 4 Fichas en 5 idiomas, que retoman las 4 partes del Mensaje. Cada ficha propone pistas sencillas:<\/p>\n<ul>\n<li>Breve reflexi\u00f3n sobre un tema.<\/li>\n<li>Compartir en grupo.<\/li>\n<li>Pasar a la acci\u00f3n.<\/li>\n<li>Oraci\u00f3n.<\/li>\n<\/ul>\n<p>\u201cAcojamos la invitaci\u00f3n a dejarnos fascinar por el \u2018Pastor bello\u2019, Jes\u00fas, y en \u00c9l continuemos el camino de descubrir que la vida es realmente bella si se le sigue\u201d. Es el deseo de sor Runita Galve Borja, Consejera para la Pastoral Juvenil.<\/p>\n<p><span style=\"color: #0000ff;\"><a style=\"color: #0000ff;\" href=\"https:\/\/drive.google.com\/drive\/u\/0\/folders\/10lm_M01rGm6nMPxZXm_GZ3BFy_ZbGraF\" target=\"_blank\" rel=\"noopener\"><strong>Fichas<\/strong><\/a><\/span><\/p>\n","protected":false},"excerpt":{"rendered":"<p>Roma (Italia). El 26 de abril de 2026, en el IV domingo de Pascua, llamado \u201cdomingo del Buen Pastor\u201d, la Iglesia celebra la Jornada Mundial de Oraci\u00f3n por las Vocaciones. [&hellip;]<\/p>\n","protected":false},"author":21,"featured_media":156154,"comment_status":"open","ping_status":"closed","sticky":false,"template":"","format":"standard","meta":{"footnotes":""},"categories":[39,191],"tags":[267,1538,1754,1931,2491],"class_list":["post-156159","post","type-post","status-publish","format-standard","has-post-thumbnail","category-infoesfera","category-iglesia","tag-consejera-para-la-pastoral-juvenil","tag-pastoral-juvenil","tag-cultura-vocazionale-es","tag-focus-es","tag-papa-leon-xiv"],"yoast_head":"<!-- This site is optimized with the Yoast SEO plugin v27.4 - https:\/\/yoast.com\/product\/yoast-seo-wordpress\/ -->\n<title>Jornada Mundial de Oraci\u00f3n por las Vocaciones 2026 &#8226; Istituto Figlie di Maria Ausiliatrice<\/title>\n<meta name=\"description\" content=\"El 26 de abril de 2026, en el domingo del Buen Pastor, la Iglesia celebra la 63\u00aa Jornada Mundial de Oraci\u00f3n por las Vocaciones.\" \/>\n<meta name=\"robots\" content=\"index, follow, max-snippet:-1, max-image-preview:large, max-video-preview:-1\" \/>\n<link rel=\"canonical\" href=\"https:\/\/www.cgfmanet.org\/es\/infoesfera\/iglesia\/jornada-mundial-de-oracion-por-las-vocaciones-2026\/\" \/>\n<meta property=\"og:locale\" content=\"es_ES\" \/>\n<meta property=\"og:type\" content=\"article\" \/>\n<meta property=\"og:title\" content=\"Jornada Mundial de Oraci\u00f3n por las Vocaciones 2026 &#8226; Istituto Figlie di Maria Ausiliatrice\" \/>\n<meta property=\"og:description\" content=\"El 26 de abril de 2026, en el domingo del Buen Pastor, la Iglesia celebra la 63\u00aa Jornada Mundial de Oraci\u00f3n por las Vocaciones.\" \/>\n<meta property=\"og:url\" content=\"https:\/\/www.cgfmanet.org\/es\/infoesfera\/iglesia\/jornada-mundial-de-oracion-por-las-vocaciones-2026\/\" \/>\n<meta property=\"og:site_name\" content=\"Istituto Figlie di Maria Ausiliatrice\" \/>\n<meta property=\"article:publisher\" content=\"https:\/\/www.facebook.com\/salesian.sisters.of.don.bosco\/\" \/>\n<meta property=\"article:published_time\" content=\"2026-04-22T07:25:47+00:00\" \/>\n<meta property=\"article:modified_time\" content=\"2026-04-25T20:43:42+00:00\" \/>\n<meta property=\"og:image\" content=\"https:\/\/www.cgfmanet.org\/wp-content\/uploads\/2026\/04\/Giornata-di-Preghiera-Vocazioni-2026.jpg\" \/>\n\t<meta property=\"og:image:width\" content=\"1181\" \/>\n\t<meta property=\"og:image:height\" content=\"788\" \/>\n\t<meta property=\"og:image:type\" content=\"image\/jpeg\" \/>\n<meta name=\"author\" content=\"Redazione\" \/>\n<meta name=\"twitter:card\" content=\"summary_large_image\" \/>\n<meta name=\"twitter:creator\" content=\"@Cgfmanet_Org\" \/>\n<meta name=\"twitter:site\" content=\"@Cgfmanet_Org\" \/>\n<meta name=\"twitter:label1\" content=\"Escrito por\" \/>\n\t<meta name=\"twitter:data1\" content=\"Redazione\" \/>\n\t<meta name=\"twitter:label2\" content=\"Tiempo de lectura\" \/>\n\t<meta name=\"twitter:data2\" content=\"6 minutos\" \/>\n<script type=\"application\/ld+json\" class=\"yoast-schema-graph\">{\"@context\":\"https:\\\/\\\/schema.org\",\"@graph\":[{\"@type\":\"Article\",\"@id\":\"https:\\\/\\\/www.cgfmanet.org\\\/es\\\/infoesfera\\\/iglesia\\\/jornada-mundial-de-oracion-por-las-vocaciones-2026\\\/#article\",\"isPartOf\":{\"@id\":\"https:\\\/\\\/www.cgfmanet.org\\\/es\\\/infoesfera\\\/iglesia\\\/jornada-mundial-de-oracion-por-las-vocaciones-2026\\\/\"},\"author\":{\"name\":\"Redazione\",\"@id\":\"https:\\\/\\\/www.cgfmanet.org\\\/es\\\/#\\\/schema\\\/person\\\/ce6473083f53ef0ef882cca23f0c8fb9\"},\"headline\":\"Jornada Mundial de Oraci\u00f3n por las Vocaciones 2026\",\"datePublished\":\"2026-04-22T07:25:47+00:00\",\"dateModified\":\"2026-04-25T20:43:42+00:00\",\"mainEntityOfPage\":{\"@id\":\"https:\\\/\\\/www.cgfmanet.org\\\/es\\\/infoesfera\\\/iglesia\\\/jornada-mundial-de-oracion-por-las-vocaciones-2026\\\/\"},\"wordCount\":1105,\"commentCount\":0,\"publisher\":{\"@id\":\"https:\\\/\\\/www.cgfmanet.org\\\/es\\\/#organization\"},\"image\":{\"@id\":\"https:\\\/\\\/www.cgfmanet.org\\\/es\\\/infoesfera\\\/iglesia\\\/jornada-mundial-de-oracion-por-las-vocaciones-2026\\\/#primaryimage\"},\"thumbnailUrl\":\"https:\\\/\\\/www.cgfmanet.org\\\/wp-content\\\/uploads\\\/2026\\\/04\\\/Giornata-di-Preghiera-Vocazioni-2026.jpg\",\"keywords\":[\"Consejera para la Pastoral Juvenil\",\"Pastoral Juvenil\",\"cultura vocazionale\",\"Focus\",\"Papa Le\u00f3n XIV\"],\"articleSection\":[\"Infoesfera\",\"Iglesia\"],\"inLanguage\":\"es\",\"potentialAction\":[{\"@type\":\"CommentAction\",\"name\":\"Comment\",\"target\":[\"https:\\\/\\\/www.cgfmanet.org\\\/es\\\/infoesfera\\\/iglesia\\\/jornada-mundial-de-oracion-por-las-vocaciones-2026\\\/#respond\"]}]},{\"@type\":\"WebPage\",\"@id\":\"https:\\\/\\\/www.cgfmanet.org\\\/es\\\/infoesfera\\\/iglesia\\\/jornada-mundial-de-oracion-por-las-vocaciones-2026\\\/\",\"url\":\"https:\\\/\\\/www.cgfmanet.org\\\/es\\\/infoesfera\\\/iglesia\\\/jornada-mundial-de-oracion-por-las-vocaciones-2026\\\/\",\"name\":\"Jornada Mundial de Oraci\u00f3n por las Vocaciones 2026 &#8226; Istituto Figlie di Maria Ausiliatrice\",\"isPartOf\":{\"@id\":\"https:\\\/\\\/www.cgfmanet.org\\\/es\\\/#website\"},\"primaryImageOfPage\":{\"@id\":\"https:\\\/\\\/www.cgfmanet.org\\\/es\\\/infoesfera\\\/iglesia\\\/jornada-mundial-de-oracion-por-las-vocaciones-2026\\\/#primaryimage\"},\"image\":{\"@id\":\"https:\\\/\\\/www.cgfmanet.org\\\/es\\\/infoesfera\\\/iglesia\\\/jornada-mundial-de-oracion-por-las-vocaciones-2026\\\/#primaryimage\"},\"thumbnailUrl\":\"https:\\\/\\\/www.cgfmanet.org\\\/wp-content\\\/uploads\\\/2026\\\/04\\\/Giornata-di-Preghiera-Vocazioni-2026.jpg\",\"datePublished\":\"2026-04-22T07:25:47+00:00\",\"dateModified\":\"2026-04-25T20:43:42+00:00\",\"description\":\"El 26 de abril de 2026, en el domingo del Buen Pastor, la Iglesia celebra la 63\u00aa Jornada Mundial de Oraci\u00f3n por las Vocaciones.\",\"breadcrumb\":{\"@id\":\"https:\\\/\\\/www.cgfmanet.org\\\/es\\\/infoesfera\\\/iglesia\\\/jornada-mundial-de-oracion-por-las-vocaciones-2026\\\/#breadcrumb\"},\"inLanguage\":\"es\",\"potentialAction\":[{\"@type\":\"ReadAction\",\"target\":[\"https:\\\/\\\/www.cgfmanet.org\\\/es\\\/infoesfera\\\/iglesia\\\/jornada-mundial-de-oracion-por-las-vocaciones-2026\\\/\"]}]},{\"@type\":\"ImageObject\",\"inLanguage\":\"es\",\"@id\":\"https:\\\/\\\/www.cgfmanet.org\\\/es\\\/infoesfera\\\/iglesia\\\/jornada-mundial-de-oracion-por-las-vocaciones-2026\\\/#primaryimage\",\"url\":\"https:\\\/\\\/www.cgfmanet.org\\\/wp-content\\\/uploads\\\/2026\\\/04\\\/Giornata-di-Preghiera-Vocazioni-2026.jpg\",\"contentUrl\":\"https:\\\/\\\/www.cgfmanet.org\\\/wp-content\\\/uploads\\\/2026\\\/04\\\/Giornata-di-Preghiera-Vocazioni-2026.jpg\",\"width\":1181,\"height\":788},{\"@type\":\"BreadcrumbList\",\"@id\":\"https:\\\/\\\/www.cgfmanet.org\\\/es\\\/infoesfera\\\/iglesia\\\/jornada-mundial-de-oracion-por-las-vocaciones-2026\\\/#breadcrumb\",\"itemListElement\":[{\"@type\":\"ListItem\",\"position\":1,\"name\":\"Home\",\"item\":\"https:\\\/\\\/www.cgfmanet.org\\\/es\\\/\"},{\"@type\":\"ListItem\",\"position\":2,\"name\":\"Jornada Mundial de Oraci\u00f3n por las Vocaciones 2026\"}]},{\"@type\":\"WebSite\",\"@id\":\"https:\\\/\\\/www.cgfmanet.org\\\/es\\\/#website\",\"url\":\"https:\\\/\\\/www.cgfmanet.org\\\/es\\\/\",\"name\":\"Istituto Figlie di Maria Ausiliatrice\",\"description\":\"Salesiane di Don Bosco\",\"publisher\":{\"@id\":\"https:\\\/\\\/www.cgfmanet.org\\\/es\\\/#organization\"},\"potentialAction\":[{\"@type\":\"SearchAction\",\"target\":{\"@type\":\"EntryPoint\",\"urlTemplate\":\"https:\\\/\\\/www.cgfmanet.org\\\/es\\\/?s={search_term_string}\"},\"query-input\":{\"@type\":\"PropertyValueSpecification\",\"valueRequired\":true,\"valueName\":\"search_term_string\"}}],\"inLanguage\":\"es\"},{\"@type\":\"Organization\",\"@id\":\"https:\\\/\\\/www.cgfmanet.org\\\/es\\\/#organization\",\"name\":\"Istituto Figlie di Maria Ausiliatrice\",\"url\":\"https:\\\/\\\/www.cgfmanet.org\\\/es\\\/\",\"logo\":{\"@type\":\"ImageObject\",\"inLanguage\":\"es\",\"@id\":\"https:\\\/\\\/www.cgfmanet.org\\\/es\\\/#\\\/schema\\\/logo\\\/image\\\/\",\"url\":\"https:\\\/\\\/www.cgfmanet.org\\\/wp-content\\\/uploads\\\/2018\\\/10\\\/logo-fma.png\",\"contentUrl\":\"https:\\\/\\\/www.cgfmanet.org\\\/wp-content\\\/uploads\\\/2018\\\/10\\\/logo-fma.png\",\"width\":214,\"height\":55,\"caption\":\"Istituto Figlie di Maria Ausiliatrice\"},\"image\":{\"@id\":\"https:\\\/\\\/www.cgfmanet.org\\\/es\\\/#\\\/schema\\\/logo\\\/image\\\/\"},\"sameAs\":[\"https:\\\/\\\/www.facebook.com\\\/salesian.sisters.of.don.bosco\\\/\",\"https:\\\/\\\/x.com\\\/Cgfmanet_Org\",\"https:\\\/\\\/www.youtube.com\\\/channel\\\/UCmcr8yFQBV7JXeXVxyV9y5Q\"]},{\"@type\":\"Person\",\"@id\":\"https:\\\/\\\/www.cgfmanet.org\\\/es\\\/#\\\/schema\\\/person\\\/ce6473083f53ef0ef882cca23f0c8fb9\",\"name\":\"Redazione\"}]}<\/script>\n<!-- \/ Yoast SEO plugin. -->","yoast_head_json":{"title":"Jornada Mundial de Oraci\u00f3n por las Vocaciones 2026 &#8226; Istituto Figlie di Maria Ausiliatrice","description":"El 26 de abril de 2026, en el domingo del Buen Pastor, la Iglesia celebra la 63\u00aa Jornada Mundial de Oraci\u00f3n por las Vocaciones.","robots":{"index":"index","follow":"follow","max-snippet":"max-snippet:-1","max-image-preview":"max-image-preview:large","max-video-preview":"max-video-preview:-1"},"canonical":"https:\/\/www.cgfmanet.org\/es\/infoesfera\/iglesia\/jornada-mundial-de-oracion-por-las-vocaciones-2026\/","og_locale":"es_ES","og_type":"article","og_title":"Jornada Mundial de Oraci\u00f3n por las Vocaciones 2026 &#8226; Istituto Figlie di Maria Ausiliatrice","og_description":"El 26 de abril de 2026, en el domingo del Buen Pastor, la Iglesia celebra la 63\u00aa Jornada Mundial de Oraci\u00f3n por las Vocaciones.","og_url":"https:\/\/www.cgfmanet.org\/es\/infoesfera\/iglesia\/jornada-mundial-de-oracion-por-las-vocaciones-2026\/","og_site_name":"Istituto Figlie di Maria Ausiliatrice","article_publisher":"https:\/\/www.facebook.com\/salesian.sisters.of.don.bosco\/","article_published_time":"2026-04-22T07:25:47+00:00","article_modified_time":"2026-04-25T20:43:42+00:00","og_image":[{"width":1181,"height":788,"url":"https:\/\/www.cgfmanet.org\/wp-content\/uploads\/2026\/04\/Giornata-di-Preghiera-Vocazioni-2026.jpg","type":"image\/jpeg"}],"author":"Redazione","twitter_card":"summary_large_image","twitter_creator":"@Cgfmanet_Org","twitter_site":"@Cgfmanet_Org","twitter_misc":{"Escrito por":"Redazione","Tiempo de lectura":"6 minutos"},"schema":{"@context":"https:\/\/schema.org","@graph":[{"@type":"Article","@id":"https:\/\/www.cgfmanet.org\/es\/infoesfera\/iglesia\/jornada-mundial-de-oracion-por-las-vocaciones-2026\/#article","isPartOf":{"@id":"https:\/\/www.cgfmanet.org\/es\/infoesfera\/iglesia\/jornada-mundial-de-oracion-por-las-vocaciones-2026\/"},"author":{"name":"Redazione","@id":"https:\/\/www.cgfmanet.org\/es\/#\/schema\/person\/ce6473083f53ef0ef882cca23f0c8fb9"},"headline":"Jornada Mundial de Oraci\u00f3n por las Vocaciones 2026","datePublished":"2026-04-22T07:25:47+00:00","dateModified":"2026-04-25T20:43:42+00:00","mainEntityOfPage":{"@id":"https:\/\/www.cgfmanet.org\/es\/infoesfera\/iglesia\/jornada-mundial-de-oracion-por-las-vocaciones-2026\/"},"wordCount":1105,"commentCount":0,"publisher":{"@id":"https:\/\/www.cgfmanet.org\/es\/#organization"},"image":{"@id":"https:\/\/www.cgfmanet.org\/es\/infoesfera\/iglesia\/jornada-mundial-de-oracion-por-las-vocaciones-2026\/#primaryimage"},"thumbnailUrl":"https:\/\/www.cgfmanet.org\/wp-content\/uploads\/2026\/04\/Giornata-di-Preghiera-Vocazioni-2026.jpg","keywords":["Consejera para la Pastoral Juvenil","Pastoral Juvenil","cultura vocazionale","Focus","Papa Le\u00f3n XIV"],"articleSection":["Infoesfera","Iglesia"],"inLanguage":"es","potentialAction":[{"@type":"CommentAction","name":"Comment","target":["https:\/\/www.cgfmanet.org\/es\/infoesfera\/iglesia\/jornada-mundial-de-oracion-por-las-vocaciones-2026\/#respond"]}]},{"@type":"WebPage","@id":"https:\/\/www.cgfmanet.org\/es\/infoesfera\/iglesia\/jornada-mundial-de-oracion-por-las-vocaciones-2026\/","url":"https:\/\/www.cgfmanet.org\/es\/infoesfera\/iglesia\/jornada-mundial-de-oracion-por-las-vocaciones-2026\/","name":"Jornada Mundial de Oraci\u00f3n por las Vocaciones 2026 &#8226; Istituto Figlie di Maria Ausiliatrice","isPartOf":{"@id":"https:\/\/www.cgfmanet.org\/es\/#website"},"primaryImageOfPage":{"@id":"https:\/\/www.cgfmanet.org\/es\/infoesfera\/iglesia\/jornada-mundial-de-oracion-por-las-vocaciones-2026\/#primaryimage"},"image":{"@id":"https:\/\/www.cgfmanet.org\/es\/infoesfera\/iglesia\/jornada-mundial-de-oracion-por-las-vocaciones-2026\/#primaryimage"},"thumbnailUrl":"https:\/\/www.cgfmanet.org\/wp-content\/uploads\/2026\/04\/Giornata-di-Preghiera-Vocazioni-2026.jpg","datePublished":"2026-04-22T07:25:47+00:00","dateModified":"2026-04-25T20:43:42+00:00","description":"El 26 de abril de 2026, en el domingo del Buen Pastor, la Iglesia celebra la 63\u00aa Jornada Mundial de Oraci\u00f3n por las Vocaciones.","breadcrumb":{"@id":"https:\/\/www.cgfmanet.org\/es\/infoesfera\/iglesia\/jornada-mundial-de-oracion-por-las-vocaciones-2026\/#breadcrumb"},"inLanguage":"es","potentialAction":[{"@type":"ReadAction","target":["https:\/\/www.cgfmanet.org\/es\/infoesfera\/iglesia\/jornada-mundial-de-oracion-por-las-vocaciones-2026\/"]}]},{"@type":"ImageObject","inLanguage":"es","@id":"https:\/\/www.cgfmanet.org\/es\/infoesfera\/iglesia\/jornada-mundial-de-oracion-por-las-vocaciones-2026\/#primaryimage","url":"https:\/\/www.cgfmanet.org\/wp-content\/uploads\/2026\/04\/Giornata-di-Preghiera-Vocazioni-2026.jpg","contentUrl":"https:\/\/www.cgfmanet.org\/wp-content\/uploads\/2026\/04\/Giornata-di-Preghiera-Vocazioni-2026.jpg","width":1181,"height":788},{"@type":"BreadcrumbList","@id":"https:\/\/www.cgfmanet.org\/es\/infoesfera\/iglesia\/jornada-mundial-de-oracion-por-las-vocaciones-2026\/#breadcrumb","itemListElement":[{"@type":"ListItem","position":1,"name":"Home","item":"https:\/\/www.cgfmanet.org\/es\/"},{"@type":"ListItem","position":2,"name":"Jornada Mundial de Oraci\u00f3n por las Vocaciones 2026"}]},{"@type":"WebSite","@id":"https:\/\/www.cgfmanet.org\/es\/#website","url":"https:\/\/www.cgfmanet.org\/es\/","name":"Istituto Figlie di Maria Ausiliatrice","description":"Salesiane di Don Bosco","publisher":{"@id":"https:\/\/www.cgfmanet.org\/es\/#organization"},"potentialAction":[{"@type":"SearchAction","target":{"@type":"EntryPoint","urlTemplate":"https:\/\/www.cgfmanet.org\/es\/?s={search_term_string}"},"query-input":{"@type":"PropertyValueSpecification","valueRequired":true,"valueName":"search_term_string"}}],"inLanguage":"es"},{"@type":"Organization","@id":"https:\/\/www.cgfmanet.org\/es\/#organization","name":"Istituto Figlie di Maria Ausiliatrice","url":"https:\/\/www.cgfmanet.org\/es\/","logo":{"@type":"ImageObject","inLanguage":"es","@id":"https:\/\/www.cgfmanet.org\/es\/#\/schema\/logo\/image\/","url":"https:\/\/www.cgfmanet.org\/wp-content\/uploads\/2018\/10\/logo-fma.png","contentUrl":"https:\/\/www.cgfmanet.org\/wp-content\/uploads\/2018\/10\/logo-fma.png","width":214,"height":55,"caption":"Istituto Figlie di Maria Ausiliatrice"},"image":{"@id":"https:\/\/www.cgfmanet.org\/es\/#\/schema\/logo\/image\/"},"sameAs":["https:\/\/www.facebook.com\/salesian.sisters.of.don.bosco\/","https:\/\/x.com\/Cgfmanet_Org","https:\/\/www.youtube.com\/channel\/UCmcr8yFQBV7JXeXVxyV9y5Q"]},{"@type":"Person","@id":"https:\/\/www.cgfmanet.org\/es\/#\/schema\/person\/ce6473083f53ef0ef882cca23f0c8fb9","name":"Redazione"}]}},"_links":{"self":[{"href":"https:\/\/www.cgfmanet.org\/es\/wp-json\/wp\/v2\/posts\/156159","targetHints":{"allow":["GET"]}}],"collection":[{"href":"https:\/\/www.cgfmanet.org\/es\/wp-json\/wp\/v2\/posts"}],"about":[{"href":"https:\/\/www.cgfmanet.org\/es\/wp-json\/wp\/v2\/types\/post"}],"author":[{"embeddable":true,"href":"https:\/\/www.cgfmanet.org\/es\/wp-json\/wp\/v2\/users\/21"}],"replies":[{"embeddable":true,"href":"https:\/\/www.cgfmanet.org\/es\/wp-json\/wp\/v2\/comments?post=156159"}],"version-history":[{"count":3,"href":"https:\/\/www.cgfmanet.org\/es\/wp-json\/wp\/v2\/posts\/156159\/revisions"}],"predecessor-version":[{"id":156373,"href":"https:\/\/www.cgfmanet.org\/es\/wp-json\/wp\/v2\/posts\/156159\/revisions\/156373"}],"wp:featuredmedia":[{"embeddable":true,"href":"https:\/\/www.cgfmanet.org\/es\/wp-json\/wp\/v2\/media\/156154"}],"wp:attachment":[{"href":"https:\/\/www.cgfmanet.org\/es\/wp-json\/wp\/v2\/media?parent=156159"}],"wp:term":[{"taxonomy":"category","embeddable":true,"href":"https:\/\/www.cgfmanet.org\/es\/wp-json\/wp\/v2\/categories?post=156159"},{"taxonomy":"post_tag","embeddable":true,"href":"https:\/\/www.cgfmanet.org\/es\/wp-json\/wp\/v2\/tags?post=156159"}],"curies":[{"name":"wp","href":"https:\/\/api.w.org\/{rel}","templated":true}]}}