{"id":156144,"date":"2026-04-21T09:15:54","date_gmt":"2026-04-21T07:15:54","guid":{"rendered":"https:\/\/www.cgfmanet.org\/infoesfera\/visita-di-suor-ena-bolanos-allispettoria-plj\/"},"modified":"2026-04-25T22:45:16","modified_gmt":"2026-04-25T20:45:16","slug":"visita-de-sor-ena-bolanos-a-la-inspectoria-plj","status":"publish","type":"post","link":"https:\/\/www.cgfmanet.org\/es\/ifma-es\/visita-de-sor-ena-bolanos-a-la-inspectoria-plj\/","title":{"rendered":"Visita de sor Ena Bola\u00f1os a la Inspector\u00eda PLJ"},"content":{"rendered":"<p><strong>\u0141omianki (Polonia).<\/strong> Del 6 al 13 de abril de 2026, sor Ena Veral\u00eds Bola\u00f1os, Consejera general para la Administraci\u00f3n del Instituto de las Hijas de Mar\u00eda Auxiliadora, realiz\u00f3 una visita de animaci\u00f3n a la Inspector\u00eda Virgen de Jasna G\u00f3ra (PLJ). Su visita fue para las FMA una oportunidad para profundizar en la comprensi\u00f3n de la econom\u00eda en la vida consagrada y en la misi\u00f3n educativa.<\/p>\n<p>Sor Ena lleg\u00f3 a Polonia el 6 de abril, Lunes de Pascua, comenzando su visita en Cracovia. En el aeropuerto fue recibida por la Inspectora, sor Ma\u0142gorzata Pilarska; por sor Renata \u017bo\u0142nierek, ec\u00f3noma inspectorial; y por la vicaria inspectorial, sor Iwona Szymanik.<\/p>\n<p>Pogrzebie\u0144 fue el primer lugar visitado por sor Ena, particularmente importante en la historia del Instituto en Polonia, ya que all\u00ed la Venerable Sierva de Dios Madre Laura Meozzi, pionera de la obra salesiana en tierra polaca, pas\u00f3 los \u00faltimos a\u00f1os de su vida. La visita a este lugar simb\u00f3lico se convirti\u00f3 en una ocasi\u00f3n de reflexi\u00f3n sobre el origen y el desarrollo del carisma en esta parte de Europa.<\/p>\n<p>Durante su estancia en la Inspector\u00eda, la Consejera visit\u00f3 otras siete comunidades, conociendo la variedad de actividades educativas y pastorales que all\u00ed se desarrollan: la Comunidad Beata Laura Vicu\u00f1a de Cracovia, la Comunidad San Jos\u00e9 de Garb\u00f3w, la Comunidad Santa Teresa de Lublin, las Comunidades San Jos\u00e9 y Coraz\u00f3n Inmaculado de Mar\u00eda de \u0141omianki, la Comunidad Madre Laura Meozzi de R\u00f3\u017canystok y la Comunidad San Juan Bosco de \u0141\u00f3d\u017a.<\/p>\n<p>En el curso de los encuentros con las hermanas, sor Ena comparti\u00f3 sus reflexiones sobre la importancia de la presencia de las Hijas de Mar\u00eda Auxiliadora, que generan vida. Un momento particularmente conmovedor fue el recuerdo de las situaciones en las Inspector\u00edas donde las hermanas viven en condiciones extremadamente dif\u00edciles y se enfrentan no solo a la pobreza, sino tambi\u00e9n a una amenaza real para sus vidas. A pesar de ello, permanecen fieles a su misi\u00f3n, acompa\u00f1ando a j\u00f3venes y familias. Al t\u00e9rmino de los encuentros, alent\u00f3 a las presentes a profundizar en su actitud de solidaridad, la sensibilidad hacia los pobres y la reflexi\u00f3n sobre el testimonio cotidiano de vida.<\/p>\n<p>Puntos importantes de la visita fueron los encuentros de formaci\u00f3n, en primer lugar con el Consejo inspectorial, el 10 de abril, y despu\u00e9s con las Consejeras, las Directoras de las comunidades, las Directoras de las obras, las ec\u00f3nomas locales y las hermanas responsables de VIDES Polonia, de PGS y de la Fundaci\u00f3n Juntos por la Educaci\u00f3n. Este encuentro, en el que participaron 61 FMA, se llev\u00f3 a cabo los d\u00edas 11 y 12 de abril en O\u0142tarzew, cerca de Varsovia.<\/p>\n<p>Bas\u00e1ndose en las Constituciones de las FMA, en la experiencia de Don Bosco y de Madre Mazzarello y reflexionando sobre las ra\u00edces carism\u00e1ticas de la administraci\u00f3n econ\u00f3mica, sor Ena present\u00f3 la econom\u00eda como una dimensi\u00f3n integrante de la vida consagrada. Subray\u00f3 que la econom\u00eda no es solo la gesti\u00f3n de recursos, sino tambi\u00e9n \u00abel arte de gestionar\u00bb entendido como el cuidado com\u00fan de las personas confiadas a las FMA, de la casa y de la misi\u00f3n.<\/p>\n<p>En el contexto del mundo moderno, caracterizado por el consumismo y la desigualdad, record\u00f3 la necesidad de educar a las personas en un uso responsable de los bienes y en una econom\u00eda que ponga a la persona en el centro. Adem\u00e1s, anim\u00f3 a las hermanas a reconsiderar el significado del voto de pobreza y las opciones que de \u00e9l se derivan: el primado de Dios, la sobriedad, la corresponsabilidad y la misi\u00f3n entre los pobres.<\/p>\n<p>La visita de sor Ena despert\u00f3 gratitud e inspiraci\u00f3n en los corazones de las hermanas, convirti\u00e9ndose en una invitaci\u00f3n a renovar la fidelidad al carisma y a profundizar en el voto de pobreza. Para muchas, fue un momento de retorno a las ra\u00edces de su propia vocaci\u00f3n y de deseo de renovaci\u00f3n.<\/p>\n<p><strong>Fotos: <span style=\"color: #0000ff;\"><a style=\"color: #0000ff;\" href=\"https:\/\/www.flickr.com\/photos\/137890103@N08\/albums\/72177720333211868\/\" target=\"_blank\" rel=\"noopener\">Flickr FMA<\/a><\/span><\/strong><\/p>\n","protected":false},"excerpt":{"rendered":"<p>\u0141omianki (Polonia). Del 6 al 13 de abril de 2026, sor Ena Veral\u00eds Bola\u00f1os, Consejera general para la Administraci\u00f3n del Instituto de las Hijas de Mar\u00eda Auxiliadora, realiz\u00f3 una visita [&hellip;]<\/p>\n","protected":false},"author":21,"featured_media":156139,"comment_status":"open","ping_status":"closed","sticky":false,"template":"","format":"standard","meta":{"footnotes":""},"categories":[158,186],"tags":[252,1670,2039,2253,2389],"class_list":["post-156144","post","type-post","status-publish","format-standard","has-post-thumbnail","category-ifma-es","category-presencia-obras","tag-consejera-para-la-administacion","tag-carisma-salesiano-es","tag-economia-es","tag-plj-es","tag-economa-generale-es"],"yoast_head":"<!-- This site is optimized with the Yoast SEO plugin v27.4 - https:\/\/yoast.com\/product\/yoast-seo-wordpress\/ -->\n<title>Visita de sor Ena Bola\u00f1os a la Inspector\u00eda PLJ &#8226; Istituto Figlie di Maria Ausiliatrice<\/title>\n<meta name=\"description\" content=\"Del 6 al 13 de abril de 2026, sor Ena Veral\u00eds Bola\u00f1os, Consejera general para la Administraci\u00f3n del Instituto FMA, realiz\u00f3 una visita de animaci\u00f3n a la Inspector\u00eda polaca PLJ.\" \/>\n<meta name=\"robots\" content=\"index, follow, max-snippet:-1, max-image-preview:large, max-video-preview:-1\" \/>\n<link rel=\"canonical\" href=\"https:\/\/www.cgfmanet.org\/es\/ifma-es\/visita-de-sor-ena-bolanos-a-la-inspectoria-plj\/\" \/>\n<meta property=\"og:locale\" content=\"es_ES\" \/>\n<meta property=\"og:type\" content=\"article\" \/>\n<meta property=\"og:title\" content=\"Visita de sor Ena Bola\u00f1os a la Inspector\u00eda PLJ &#8226; Istituto Figlie di Maria Ausiliatrice\" \/>\n<meta property=\"og:description\" content=\"Del 6 al 13 de abril de 2026, sor Ena Veral\u00eds Bola\u00f1os, Consejera general para la Administraci\u00f3n del Instituto FMA, realiz\u00f3 una visita de animaci\u00f3n a la Inspector\u00eda polaca PLJ.\" \/>\n<meta property=\"og:url\" content=\"https:\/\/www.cgfmanet.org\/es\/ifma-es\/visita-de-sor-ena-bolanos-a-la-inspectoria-plj\/\" \/>\n<meta property=\"og:site_name\" content=\"Istituto Figlie di Maria Ausiliatrice\" \/>\n<meta property=\"article:publisher\" content=\"https:\/\/www.facebook.com\/salesian.sisters.of.don.bosco\/\" \/>\n<meta property=\"article:published_time\" content=\"2026-04-21T07:15:54+00:00\" \/>\n<meta property=\"article:modified_time\" content=\"2026-04-25T20:45:16+00:00\" \/>\n<meta property=\"og:image\" content=\"https:\/\/www.cgfmanet.org\/wp-content\/uploads\/2026\/04\/Visita-si-sr-Ena_Ispettoria-PLJ.jpg\" \/>\n\t<meta property=\"og:image:width\" content=\"1181\" \/>\n\t<meta property=\"og:image:height\" content=\"788\" \/>\n\t<meta property=\"og:image:type\" content=\"image\/jpeg\" \/>\n<meta name=\"author\" content=\"Redazione\" \/>\n<meta name=\"twitter:card\" content=\"summary_large_image\" \/>\n<meta name=\"twitter:creator\" content=\"@Cgfmanet_Org\" \/>\n<meta name=\"twitter:site\" content=\"@Cgfmanet_Org\" \/>\n<meta name=\"twitter:label1\" content=\"Escrito por\" \/>\n\t<meta name=\"twitter:data1\" content=\"Redazione\" \/>\n\t<meta name=\"twitter:label2\" content=\"Tiempo de lectura\" \/>\n\t<meta name=\"twitter:data2\" content=\"4 minutos\" \/>\n<script type=\"application\/ld+json\" class=\"yoast-schema-graph\">{\"@context\":\"https:\\\/\\\/schema.org\",\"@graph\":[{\"@type\":\"Article\",\"@id\":\"https:\\\/\\\/www.cgfmanet.org\\\/es\\\/ifma-es\\\/visita-de-sor-ena-bolanos-a-la-inspectoria-plj\\\/#article\",\"isPartOf\":{\"@id\":\"https:\\\/\\\/www.cgfmanet.org\\\/es\\\/ifma-es\\\/visita-de-sor-ena-bolanos-a-la-inspectoria-plj\\\/\"},\"author\":{\"name\":\"Redazione\",\"@id\":\"https:\\\/\\\/www.cgfmanet.org\\\/es\\\/#\\\/schema\\\/person\\\/ce6473083f53ef0ef882cca23f0c8fb9\"},\"headline\":\"Visita de sor Ena Bola\u00f1os a la Inspector\u00eda PLJ\",\"datePublished\":\"2026-04-21T07:15:54+00:00\",\"dateModified\":\"2026-04-25T20:45:16+00:00\",\"mainEntityOfPage\":{\"@id\":\"https:\\\/\\\/www.cgfmanet.org\\\/es\\\/ifma-es\\\/visita-de-sor-ena-bolanos-a-la-inspectoria-plj\\\/\"},\"wordCount\":706,\"commentCount\":0,\"publisher\":{\"@id\":\"https:\\\/\\\/www.cgfmanet.org\\\/es\\\/#organization\"},\"image\":{\"@id\":\"https:\\\/\\\/www.cgfmanet.org\\\/es\\\/ifma-es\\\/visita-de-sor-ena-bolanos-a-la-inspectoria-plj\\\/#primaryimage\"},\"thumbnailUrl\":\"https:\\\/\\\/www.cgfmanet.org\\\/wp-content\\\/uploads\\\/2026\\\/04\\\/Visita-si-sr-Ena_Ispettoria-PLJ.jpg\",\"keywords\":[\"Consejera para la Administaci\u00f3n\",\"Carisma salesiano\",\"Econom\u00eda\",\"PLJ\",\"Economa Generale\"],\"articleSection\":[\"IFMA\",\"Presencia y Obras\"],\"inLanguage\":\"es\",\"potentialAction\":[{\"@type\":\"CommentAction\",\"name\":\"Comment\",\"target\":[\"https:\\\/\\\/www.cgfmanet.org\\\/es\\\/ifma-es\\\/visita-de-sor-ena-bolanos-a-la-inspectoria-plj\\\/#respond\"]}]},{\"@type\":\"WebPage\",\"@id\":\"https:\\\/\\\/www.cgfmanet.org\\\/es\\\/ifma-es\\\/visita-de-sor-ena-bolanos-a-la-inspectoria-plj\\\/\",\"url\":\"https:\\\/\\\/www.cgfmanet.org\\\/es\\\/ifma-es\\\/visita-de-sor-ena-bolanos-a-la-inspectoria-plj\\\/\",\"name\":\"Visita de sor Ena Bola\u00f1os a la Inspector\u00eda PLJ &#8226; Istituto Figlie di Maria Ausiliatrice\",\"isPartOf\":{\"@id\":\"https:\\\/\\\/www.cgfmanet.org\\\/es\\\/#website\"},\"primaryImageOfPage\":{\"@id\":\"https:\\\/\\\/www.cgfmanet.org\\\/es\\\/ifma-es\\\/visita-de-sor-ena-bolanos-a-la-inspectoria-plj\\\/#primaryimage\"},\"image\":{\"@id\":\"https:\\\/\\\/www.cgfmanet.org\\\/es\\\/ifma-es\\\/visita-de-sor-ena-bolanos-a-la-inspectoria-plj\\\/#primaryimage\"},\"thumbnailUrl\":\"https:\\\/\\\/www.cgfmanet.org\\\/wp-content\\\/uploads\\\/2026\\\/04\\\/Visita-si-sr-Ena_Ispettoria-PLJ.jpg\",\"datePublished\":\"2026-04-21T07:15:54+00:00\",\"dateModified\":\"2026-04-25T20:45:16+00:00\",\"description\":\"Del 6 al 13 de abril de 2026, sor Ena Veral\u00eds Bola\u00f1os, Consejera general para la Administraci\u00f3n del Instituto FMA, realiz\u00f3 una visita de animaci\u00f3n a la Inspector\u00eda polaca PLJ.\",\"breadcrumb\":{\"@id\":\"https:\\\/\\\/www.cgfmanet.org\\\/es\\\/ifma-es\\\/visita-de-sor-ena-bolanos-a-la-inspectoria-plj\\\/#breadcrumb\"},\"inLanguage\":\"es\",\"potentialAction\":[{\"@type\":\"ReadAction\",\"target\":[\"https:\\\/\\\/www.cgfmanet.org\\\/es\\\/ifma-es\\\/visita-de-sor-ena-bolanos-a-la-inspectoria-plj\\\/\"]}]},{\"@type\":\"ImageObject\",\"inLanguage\":\"es\",\"@id\":\"https:\\\/\\\/www.cgfmanet.org\\\/es\\\/ifma-es\\\/visita-de-sor-ena-bolanos-a-la-inspectoria-plj\\\/#primaryimage\",\"url\":\"https:\\\/\\\/www.cgfmanet.org\\\/wp-content\\\/uploads\\\/2026\\\/04\\\/Visita-si-sr-Ena_Ispettoria-PLJ.jpg\",\"contentUrl\":\"https:\\\/\\\/www.cgfmanet.org\\\/wp-content\\\/uploads\\\/2026\\\/04\\\/Visita-si-sr-Ena_Ispettoria-PLJ.jpg\",\"width\":1181,\"height\":788},{\"@type\":\"BreadcrumbList\",\"@id\":\"https:\\\/\\\/www.cgfmanet.org\\\/es\\\/ifma-es\\\/visita-de-sor-ena-bolanos-a-la-inspectoria-plj\\\/#breadcrumb\",\"itemListElement\":[{\"@type\":\"ListItem\",\"position\":1,\"name\":\"Home\",\"item\":\"https:\\\/\\\/www.cgfmanet.org\\\/es\\\/\"},{\"@type\":\"ListItem\",\"position\":2,\"name\":\"Visita de sor Ena Bola\u00f1os a la Inspector\u00eda PLJ\"}]},{\"@type\":\"WebSite\",\"@id\":\"https:\\\/\\\/www.cgfmanet.org\\\/es\\\/#website\",\"url\":\"https:\\\/\\\/www.cgfmanet.org\\\/es\\\/\",\"name\":\"Istituto Figlie di Maria Ausiliatrice\",\"description\":\"Salesiane di Don Bosco\",\"publisher\":{\"@id\":\"https:\\\/\\\/www.cgfmanet.org\\\/es\\\/#organization\"},\"potentialAction\":[{\"@type\":\"SearchAction\",\"target\":{\"@type\":\"EntryPoint\",\"urlTemplate\":\"https:\\\/\\\/www.cgfmanet.org\\\/es\\\/?s={search_term_string}\"},\"query-input\":{\"@type\":\"PropertyValueSpecification\",\"valueRequired\":true,\"valueName\":\"search_term_string\"}}],\"inLanguage\":\"es\"},{\"@type\":\"Organization\",\"@id\":\"https:\\\/\\\/www.cgfmanet.org\\\/es\\\/#organization\",\"name\":\"Istituto Figlie di Maria Ausiliatrice\",\"url\":\"https:\\\/\\\/www.cgfmanet.org\\\/es\\\/\",\"logo\":{\"@type\":\"ImageObject\",\"inLanguage\":\"es\",\"@id\":\"https:\\\/\\\/www.cgfmanet.org\\\/es\\\/#\\\/schema\\\/logo\\\/image\\\/\",\"url\":\"https:\\\/\\\/www.cgfmanet.org\\\/wp-content\\\/uploads\\\/2018\\\/10\\\/logo-fma.png\",\"contentUrl\":\"https:\\\/\\\/www.cgfmanet.org\\\/wp-content\\\/uploads\\\/2018\\\/10\\\/logo-fma.png\",\"width\":214,\"height\":55,\"caption\":\"Istituto Figlie di Maria Ausiliatrice\"},\"image\":{\"@id\":\"https:\\\/\\\/www.cgfmanet.org\\\/es\\\/#\\\/schema\\\/logo\\\/image\\\/\"},\"sameAs\":[\"https:\\\/\\\/www.facebook.com\\\/salesian.sisters.of.don.bosco\\\/\",\"https:\\\/\\\/x.com\\\/Cgfmanet_Org\",\"https:\\\/\\\/www.youtube.com\\\/channel\\\/UCmcr8yFQBV7JXeXVxyV9y5Q\"]},{\"@type\":\"Person\",\"@id\":\"https:\\\/\\\/www.cgfmanet.org\\\/es\\\/#\\\/schema\\\/person\\\/ce6473083f53ef0ef882cca23f0c8fb9\",\"name\":\"Redazione\"}]}<\/script>\n<!-- \/ Yoast SEO plugin. -->","yoast_head_json":{"title":"Visita de sor Ena Bola\u00f1os a la Inspector\u00eda PLJ &#8226; Istituto Figlie di Maria Ausiliatrice","description":"Del 6 al 13 de abril de 2026, sor Ena Veral\u00eds Bola\u00f1os, Consejera general para la Administraci\u00f3n del Instituto FMA, realiz\u00f3 una visita de animaci\u00f3n a la Inspector\u00eda polaca PLJ.","robots":{"index":"index","follow":"follow","max-snippet":"max-snippet:-1","max-image-preview":"max-image-preview:large","max-video-preview":"max-video-preview:-1"},"canonical":"https:\/\/www.cgfmanet.org\/es\/ifma-es\/visita-de-sor-ena-bolanos-a-la-inspectoria-plj\/","og_locale":"es_ES","og_type":"article","og_title":"Visita de sor Ena Bola\u00f1os a la Inspector\u00eda PLJ &#8226; Istituto Figlie di Maria Ausiliatrice","og_description":"Del 6 al 13 de abril de 2026, sor Ena Veral\u00eds Bola\u00f1os, Consejera general para la Administraci\u00f3n del Instituto FMA, realiz\u00f3 una visita de animaci\u00f3n a la Inspector\u00eda polaca PLJ.","og_url":"https:\/\/www.cgfmanet.org\/es\/ifma-es\/visita-de-sor-ena-bolanos-a-la-inspectoria-plj\/","og_site_name":"Istituto Figlie di Maria Ausiliatrice","article_publisher":"https:\/\/www.facebook.com\/salesian.sisters.of.don.bosco\/","article_published_time":"2026-04-21T07:15:54+00:00","article_modified_time":"2026-04-25T20:45:16+00:00","og_image":[{"width":1181,"height":788,"url":"https:\/\/www.cgfmanet.org\/wp-content\/uploads\/2026\/04\/Visita-si-sr-Ena_Ispettoria-PLJ.jpg","type":"image\/jpeg"}],"author":"Redazione","twitter_card":"summary_large_image","twitter_creator":"@Cgfmanet_Org","twitter_site":"@Cgfmanet_Org","twitter_misc":{"Escrito por":"Redazione","Tiempo de lectura":"4 minutos"},"schema":{"@context":"https:\/\/schema.org","@graph":[{"@type":"Article","@id":"https:\/\/www.cgfmanet.org\/es\/ifma-es\/visita-de-sor-ena-bolanos-a-la-inspectoria-plj\/#article","isPartOf":{"@id":"https:\/\/www.cgfmanet.org\/es\/ifma-es\/visita-de-sor-ena-bolanos-a-la-inspectoria-plj\/"},"author":{"name":"Redazione","@id":"https:\/\/www.cgfmanet.org\/es\/#\/schema\/person\/ce6473083f53ef0ef882cca23f0c8fb9"},"headline":"Visita de sor Ena Bola\u00f1os a la Inspector\u00eda PLJ","datePublished":"2026-04-21T07:15:54+00:00","dateModified":"2026-04-25T20:45:16+00:00","mainEntityOfPage":{"@id":"https:\/\/www.cgfmanet.org\/es\/ifma-es\/visita-de-sor-ena-bolanos-a-la-inspectoria-plj\/"},"wordCount":706,"commentCount":0,"publisher":{"@id":"https:\/\/www.cgfmanet.org\/es\/#organization"},"image":{"@id":"https:\/\/www.cgfmanet.org\/es\/ifma-es\/visita-de-sor-ena-bolanos-a-la-inspectoria-plj\/#primaryimage"},"thumbnailUrl":"https:\/\/www.cgfmanet.org\/wp-content\/uploads\/2026\/04\/Visita-si-sr-Ena_Ispettoria-PLJ.jpg","keywords":["Consejera para la Administaci\u00f3n","Carisma salesiano","Econom\u00eda","PLJ","Economa Generale"],"articleSection":["IFMA","Presencia y Obras"],"inLanguage":"es","potentialAction":[{"@type":"CommentAction","name":"Comment","target":["https:\/\/www.cgfmanet.org\/es\/ifma-es\/visita-de-sor-ena-bolanos-a-la-inspectoria-plj\/#respond"]}]},{"@type":"WebPage","@id":"https:\/\/www.cgfmanet.org\/es\/ifma-es\/visita-de-sor-ena-bolanos-a-la-inspectoria-plj\/","url":"https:\/\/www.cgfmanet.org\/es\/ifma-es\/visita-de-sor-ena-bolanos-a-la-inspectoria-plj\/","name":"Visita de sor Ena Bola\u00f1os a la Inspector\u00eda PLJ &#8226; Istituto Figlie di Maria Ausiliatrice","isPartOf":{"@id":"https:\/\/www.cgfmanet.org\/es\/#website"},"primaryImageOfPage":{"@id":"https:\/\/www.cgfmanet.org\/es\/ifma-es\/visita-de-sor-ena-bolanos-a-la-inspectoria-plj\/#primaryimage"},"image":{"@id":"https:\/\/www.cgfmanet.org\/es\/ifma-es\/visita-de-sor-ena-bolanos-a-la-inspectoria-plj\/#primaryimage"},"thumbnailUrl":"https:\/\/www.cgfmanet.org\/wp-content\/uploads\/2026\/04\/Visita-si-sr-Ena_Ispettoria-PLJ.jpg","datePublished":"2026-04-21T07:15:54+00:00","dateModified":"2026-04-25T20:45:16+00:00","description":"Del 6 al 13 de abril de 2026, sor Ena Veral\u00eds Bola\u00f1os, Consejera general para la Administraci\u00f3n del Instituto FMA, realiz\u00f3 una visita de animaci\u00f3n a la Inspector\u00eda polaca PLJ.","breadcrumb":{"@id":"https:\/\/www.cgfmanet.org\/es\/ifma-es\/visita-de-sor-ena-bolanos-a-la-inspectoria-plj\/#breadcrumb"},"inLanguage":"es","potentialAction":[{"@type":"ReadAction","target":["https:\/\/www.cgfmanet.org\/es\/ifma-es\/visita-de-sor-ena-bolanos-a-la-inspectoria-plj\/"]}]},{"@type":"ImageObject","inLanguage":"es","@id":"https:\/\/www.cgfmanet.org\/es\/ifma-es\/visita-de-sor-ena-bolanos-a-la-inspectoria-plj\/#primaryimage","url":"https:\/\/www.cgfmanet.org\/wp-content\/uploads\/2026\/04\/Visita-si-sr-Ena_Ispettoria-PLJ.jpg","contentUrl":"https:\/\/www.cgfmanet.org\/wp-content\/uploads\/2026\/04\/Visita-si-sr-Ena_Ispettoria-PLJ.jpg","width":1181,"height":788},{"@type":"BreadcrumbList","@id":"https:\/\/www.cgfmanet.org\/es\/ifma-es\/visita-de-sor-ena-bolanos-a-la-inspectoria-plj\/#breadcrumb","itemListElement":[{"@type":"ListItem","position":1,"name":"Home","item":"https:\/\/www.cgfmanet.org\/es\/"},{"@type":"ListItem","position":2,"name":"Visita de sor Ena Bola\u00f1os a la Inspector\u00eda PLJ"}]},{"@type":"WebSite","@id":"https:\/\/www.cgfmanet.org\/es\/#website","url":"https:\/\/www.cgfmanet.org\/es\/","name":"Istituto Figlie di Maria Ausiliatrice","description":"Salesiane di Don Bosco","publisher":{"@id":"https:\/\/www.cgfmanet.org\/es\/#organization"},"potentialAction":[{"@type":"SearchAction","target":{"@type":"EntryPoint","urlTemplate":"https:\/\/www.cgfmanet.org\/es\/?s={search_term_string}"},"query-input":{"@type":"PropertyValueSpecification","valueRequired":true,"valueName":"search_term_string"}}],"inLanguage":"es"},{"@type":"Organization","@id":"https:\/\/www.cgfmanet.org\/es\/#organization","name":"Istituto Figlie di Maria Ausiliatrice","url":"https:\/\/www.cgfmanet.org\/es\/","logo":{"@type":"ImageObject","inLanguage":"es","@id":"https:\/\/www.cgfmanet.org\/es\/#\/schema\/logo\/image\/","url":"https:\/\/www.cgfmanet.org\/wp-content\/uploads\/2018\/10\/logo-fma.png","contentUrl":"https:\/\/www.cgfmanet.org\/wp-content\/uploads\/2018\/10\/logo-fma.png","width":214,"height":55,"caption":"Istituto Figlie di Maria Ausiliatrice"},"image":{"@id":"https:\/\/www.cgfmanet.org\/es\/#\/schema\/logo\/image\/"},"sameAs":["https:\/\/www.facebook.com\/salesian.sisters.of.don.bosco\/","https:\/\/x.com\/Cgfmanet_Org","https:\/\/www.youtube.com\/channel\/UCmcr8yFQBV7JXeXVxyV9y5Q"]},{"@type":"Person","@id":"https:\/\/www.cgfmanet.org\/es\/#\/schema\/person\/ce6473083f53ef0ef882cca23f0c8fb9","name":"Redazione"}]}},"_links":{"self":[{"href":"https:\/\/www.cgfmanet.org\/es\/wp-json\/wp\/v2\/posts\/156144","targetHints":{"allow":["GET"]}}],"collection":[{"href":"https:\/\/www.cgfmanet.org\/es\/wp-json\/wp\/v2\/posts"}],"about":[{"href":"https:\/\/www.cgfmanet.org\/es\/wp-json\/wp\/v2\/types\/post"}],"author":[{"embeddable":true,"href":"https:\/\/www.cgfmanet.org\/es\/wp-json\/wp\/v2\/users\/21"}],"replies":[{"embeddable":true,"href":"https:\/\/www.cgfmanet.org\/es\/wp-json\/wp\/v2\/comments?post=156144"}],"version-history":[{"count":2,"href":"https:\/\/www.cgfmanet.org\/es\/wp-json\/wp\/v2\/posts\/156144\/revisions"}],"predecessor-version":[{"id":156374,"href":"https:\/\/www.cgfmanet.org\/es\/wp-json\/wp\/v2\/posts\/156144\/revisions\/156374"}],"wp:featuredmedia":[{"embeddable":true,"href":"https:\/\/www.cgfmanet.org\/es\/wp-json\/wp\/v2\/media\/156139"}],"wp:attachment":[{"href":"https:\/\/www.cgfmanet.org\/es\/wp-json\/wp\/v2\/media?parent=156144"}],"wp:term":[{"taxonomy":"category","embeddable":true,"href":"https:\/\/www.cgfmanet.org\/es\/wp-json\/wp\/v2\/categories?post=156144"},{"taxonomy":"post_tag","embeddable":true,"href":"https:\/\/www.cgfmanet.org\/es\/wp-json\/wp\/v2\/tags?post=156144"}],"curies":[{"name":"wp","href":"https:\/\/api.w.org\/{rel}","templated":true}]}}