{"id":155696,"date":"2026-04-08T09:26:31","date_gmt":"2026-04-08T07:26:31","guid":{"rendered":"https:\/\/www.cgfmanet.org\/infoesfera\/pasqua-giovanile-salesiana-2026-bmm\/"},"modified":"2026-04-11T22:10:24","modified_gmt":"2026-04-11T20:10:24","slug":"pascua-juvenil-salesiana-2026-bmm","status":"publish","type":"post","link":"https:\/\/www.cgfmanet.org\/es\/ifma-es\/carisma-salesiano-es\/pascua-juvenil-salesiana-2026-bmm\/","title":{"rendered":"Pascua Juvenil Salesiana 2026 \u2013 BMM"},"content":{"rendered":"<p><strong>Belo Horizonte (Brasil). <\/strong>Del 27 al 29 de marzo de 2026, adolescentes, j\u00f3venes, coordinadores pastorales, laicos e Hijas de Mar\u00eda Auxiliadora de la Inspector\u00eda Madre Mazzarello (BMM) participaron en la Pascua Juvenil Salesiana.<\/p>\n<p>Los encuentros se llevaron a cabo en las ciudades de Brasilia (DF), R\u00edo de Janeiro (RJ), Nova Contagem (MG) y Alto Araguaia (MT), reuniendo en total a 265 participantes provenientes de las cuatro Regiones de la Inspector\u00eda.<\/p>\n<p>La Pascua Juvenil Salesiana tiene como objetivo ofrecer a los adolescentes y a los j\u00f3venes una experiencia profunda del Misterio Pascual de Jes\u00fas, ayud\u00e1ndoles a comprender, vivir y celebrar Su pasi\u00f3n, muerte y resurrecci\u00f3n a la luz de la Espiritualidad Juvenil Salesiana.<\/p>\n<p>Con una propuesta centrada en el encuentro con Cristo Resucitado, inspirada en el Carisma salesiano y en el protagonismo juvenil, el evento cont\u00f3 con un programa intenso con momentos de oraci\u00f3n, celebraciones, reflexiones, din\u00e1micas y puesta en com\u00fan grupal, reforzando el camino de fe y la convivencia fraterna.<\/p>\n<p>En Brasilia, los j\u00f3venes vivieron una experiencia significativa de integraci\u00f3n y espiritualidad, reflexionando sobre el significado de la Pascua en sus vidas y sobre el compromiso cristiano en la cotidianidad. En R\u00edo de Janeiro, el encuentro se caracteriz\u00f3 por la alegr\u00eda y la participaci\u00f3n activa, reforzando la experiencia comunitaria y celebrativa de la fe. En Nova Contagem, el clima de acogida y proximidad favoreci\u00f3 la construcci\u00f3n de v\u00ednculos y el fortalecimiento del esp\u00edritu de familia, signo distintivo de la espiritualidad salesiana. En Alto Araguaia, los participantes vivieron momentos intensos de oraci\u00f3n e interioridad, que permitieron un encuentro personal con Dios y la renovaci\u00f3n de la esperanza.<\/p>\n<p>La Pascua Juvenil Salesiana se confirm\u00f3, una vez m\u00e1s, como un espacio importante de formaci\u00f3n integral, alentando a adolescentes y j\u00f3venes a ser protagonistas de su propia vida. De hecho, la iniciativa promueve el crecimiento humano y espiritual, formando buenos cristianos y honestos ciudadanos, comprometidos en cambiar la realidad a la luz de los valores del Evangelio.<\/p>\n<p>Al t\u00e9rmino del encuentro, los participantes regresaron a sus comunidades con el coraz\u00f3n renovado y motivados para vivir y anunciar la alegr\u00eda de la Resurrecci\u00f3n, con la certeza de ser llamados a transformar el mundo con fe, esperanza, amor y paz.<\/p>\n<p>\u201cQuiero expresar mi sincera gratitud a los coordinadores y coordinadoras de la Pastoral, a los laicos, a las hermanas, por la realizaci\u00f3n de la Pascua Juvenil Salesiana 2026. Ha sido una experiencia profundamente significativa, rica en fe, alegr\u00eda, reflexi\u00f3n, intercambio y encuentros que han tocado el coraz\u00f3n. Todo fue preparado con gran esmero, lo que hizo de esta experiencia algo realmente especial y transformador en la vida de nuestros adolescentes y j\u00f3venes. Sigamos adelante en el camino con Don Bosco y Madre Mazzarello, como presencias generadoras de vida que se ponen al servicio para que todos tengan vida y vida en abundancia\u201d. Estas son las palabras de sor Ana Maria Cordeiro, Coordinadora inspectorial de la Pastoral Juvenil, quien expres\u00f3 as\u00ed su agradecimiento.<\/p>\n\r\n                <style type=\"text\/css\">\r\n                    \r\n                    #tdi_1  .td-doubleSlider-2 .td-item1 {\r\n                        background: url(https:\/\/www.cgfmanet.org\/wp-content\/uploads\/2026\/04\/Pasqua-Giovanile-Salesiana-BMM_7-80x60.jpg) 0 0 no-repeat;\r\n                    }\r\n                    #tdi_1  .td-doubleSlider-2 .td-item2 {\r\n                        background: url(https:\/\/www.cgfmanet.org\/wp-content\/uploads\/2026\/04\/Pasqua-Giovanile-Salesiana-BMM_8-80x60.jpg) 0 0 no-repeat;\r\n                    }\r\n                    #tdi_1  .td-doubleSlider-2 .td-item3 {\r\n                        background: url(https:\/\/www.cgfmanet.org\/wp-content\/uploads\/2026\/04\/Pasqua-Giovanile-Salesiana-BMM_3-80x60.jpg) 0 0 no-repeat;\r\n                    }\r\n                    #tdi_1  .td-doubleSlider-2 .td-item4 {\r\n                        background: url(https:\/\/www.cgfmanet.org\/wp-content\/uploads\/2026\/04\/Pasqua-Giovanile-Salesiana-BMM_6-80x60.jpg) 0 0 no-repeat;\r\n                    }\r\n                    #tdi_1  .td-doubleSlider-2 .td-item5 {\r\n                        background: url(https:\/\/www.cgfmanet.org\/wp-content\/uploads\/2026\/04\/Pasqua-Giovanile-Salesiana-BMM_5-80x60.jpg) 0 0 no-repeat;\r\n                    }\r\n                    #tdi_1  .td-doubleSlider-2 .td-item6 {\r\n                        background: url(https:\/\/www.cgfmanet.org\/wp-content\/uploads\/2026\/04\/Pasqua-Giovanile-Salesiana-BMM_4-80x60.jpg) 0 0 no-repeat;\r\n                    }\r\n                    #tdi_1  .td-doubleSlider-2 .td-item7 {\r\n                        background: url(https:\/\/www.cgfmanet.org\/wp-content\/uploads\/2026\/04\/Pasqua-Giovanile-Salesiana-BMM_2-80x60.jpg) 0 0 no-repeat;\r\n                    }\r\n                    #tdi_1  .td-doubleSlider-2 .td-item8 {\r\n                        background: url(https:\/\/www.cgfmanet.org\/wp-content\/uploads\/2026\/04\/Pasqua-Giovanile-Salesiana-BMM_1-80x60.jpg) 0 0 no-repeat;\r\n                    }\r\n                    #tdi_1  .td-doubleSlider-2 .td-item9 {\r\n                        background: url(https:\/\/www.cgfmanet.org\/wp-content\/uploads\/2026\/04\/Pasqua-Giovanile-Salesiana-Alto-Araguaia-MT-80x60.jpg) 0 0 no-repeat;\r\n                    }\r\n                    #tdi_1  .td-doubleSlider-2 .td-item10 {\r\n                        background: url(https:\/\/www.cgfmanet.org\/wp-content\/uploads\/2026\/04\/Pasqua-Giovanile-Salesiana-Brasilia-DF-80x60.jpg) 0 0 no-repeat;\r\n                    }\r\n                    #tdi_1  .td-doubleSlider-2 .td-item11 {\r\n                        background: url(https:\/\/www.cgfmanet.org\/wp-content\/uploads\/2026\/04\/Pasqua-Giovanile-Salesiana-Nova-Contagem-MG-80x60.jpg) 0 0 no-repeat;\r\n                    }\r\n                    #tdi_1  .td-doubleSlider-2 .td-item12 {\r\n                        background: url(https:\/\/www.cgfmanet.org\/wp-content\/uploads\/2026\/04\/Pasqua-Giovanile-Salesiana-INSA-RJ-80x60.jpg) 0 0 no-repeat;\r\n                    }\r\n                <\/style>\r\n\r\n                <div id=\"tdi_1\" class=\"td-gallery td-slide-on-2-columns\">\r\n                    <div class=\"post_td_gallery\">\r\n                        <div class=\"td-gallery-slide-top\">\r\n                           <div class=\"td-gallery-title\"><\/div>\r\n\r\n                            <div class=\"td-gallery-controls-wrapper\">\r\n                                <div class=\"td-gallery-slide-count\"><span class=\"td-gallery-slide-item-focus\">1<\/span> de 12<\/div>\r\n                                <div class=\"td-gallery-slide-prev-next-but\">\r\n                                    <i class = \"td-icon-left doubleSliderPrevButton\"><\/i>\r\n                                    <i class = \"td-icon-right doubleSliderNextButton\"><\/i>\r\n                                <\/div>\r\n                            <\/div>\r\n                        <\/div>\r\n\r\n                        <div class = \"td-doubleSlider-1 \">\r\n                            <div class = \"td-slider\">\r\n                                \r\n                    <div class = \"td-slide-item td-item1\">\r\n                        <figure class=\"td-slide-galery-figure td-slide-popup-gallery\">\r\n                            <a class=\"slide-gallery-image-link\" href=\"https:\/\/www.cgfmanet.org\/wp-content\/uploads\/2026\/04\/Pasqua-Giovanile-Salesiana-BMM_7.jpg\" title=\"Pasqua Giovanile Salesiana BMM_7\"  data-caption=\"\"  data-description=\"\">\r\n                                <img decoding=\"async\" data-src=\"https:\/\/www.cgfmanet.org\/wp-content\/uploads\/2026\/04\/Pasqua-Giovanile-Salesiana-BMM_7-755x420.jpg\" data-srcset=\"https:\/\/www.cgfmanet.org\/wp-content\/uploads\/2026\/04\/Pasqua-Giovanile-Salesiana-BMM_7-755x420.jpg 755w, https:\/\/www.cgfmanet.org\/wp-content\/uploads\/2026\/04\/Pasqua-Giovanile-Salesiana-BMM_7-768x427.jpg 768w, https:\/\/www.cgfmanet.org\/wp-content\/uploads\/2026\/04\/Pasqua-Giovanile-Salesiana-BMM_7-696x387.jpg 696w, https:\/\/www.cgfmanet.org\/wp-content\/uploads\/2026\/04\/Pasqua-Giovanile-Salesiana-BMM_7.jpg 1328w\" data-sizes=\"auto\" alt=\"\" src=\"data:image\/svg+xml;base64,PHN2ZyB3aWR0aD0iMSIgaGVpZ2h0PSIxIiB4bWxucz0iaHR0cDovL3d3dy53My5vcmcvMjAwMC9zdmciPjwvc3ZnPg==\" class=\"lazyload\" style=\"--smush-placeholder-width: 755px; --smush-placeholder-aspect-ratio: 755\/420;\" data-original-sizes=\"(max-width: 755px) 100vw, 755px\">\r\n                            <\/a>\r\n                            \r\n                        <\/figure>\r\n                    <\/div>\r\n                    <div class = \"td-slide-item td-item2\">\r\n                        <figure class=\"td-slide-galery-figure td-slide-popup-gallery\">\r\n                            <a class=\"slide-gallery-image-link\" href=\"https:\/\/www.cgfmanet.org\/wp-content\/uploads\/2026\/04\/Pasqua-Giovanile-Salesiana-BMM_8.jpg\" title=\"Pasqua Giovanile Salesiana BMM_8\"  data-caption=\"\"  data-description=\"\">\r\n                                <img decoding=\"async\" data-src=\"https:\/\/www.cgfmanet.org\/wp-content\/uploads\/2026\/04\/Pasqua-Giovanile-Salesiana-BMM_8-542x420.jpg\" data-srcset=\"https:\/\/www.cgfmanet.org\/wp-content\/uploads\/2026\/04\/Pasqua-Giovanile-Salesiana-BMM_8-542x420.jpg 542w, https:\/\/www.cgfmanet.org\/wp-content\/uploads\/2026\/04\/Pasqua-Giovanile-Salesiana-BMM_8-768x595.jpg 768w, https:\/\/www.cgfmanet.org\/wp-content\/uploads\/2026\/04\/Pasqua-Giovanile-Salesiana-BMM_8-696x539.jpg 696w, https:\/\/www.cgfmanet.org\/wp-content\/uploads\/2026\/04\/Pasqua-Giovanile-Salesiana-BMM_8.jpg 1181w\" data-sizes=\"auto\" alt=\"\" src=\"data:image\/svg+xml;base64,PHN2ZyB3aWR0aD0iMSIgaGVpZ2h0PSIxIiB4bWxucz0iaHR0cDovL3d3dy53My5vcmcvMjAwMC9zdmciPjwvc3ZnPg==\" class=\"lazyload\" style=\"--smush-placeholder-width: 542px; --smush-placeholder-aspect-ratio: 542\/420;\" data-original-sizes=\"(max-width: 542px) 100vw, 542px\">\r\n                            <\/a>\r\n                            \r\n                        <\/figure>\r\n                    <\/div>\r\n                    <div class = \"td-slide-item td-item3\">\r\n                        <figure class=\"td-slide-galery-figure td-slide-popup-gallery\">\r\n                            <a class=\"slide-gallery-image-link\" href=\"https:\/\/www.cgfmanet.org\/wp-content\/uploads\/2026\/04\/Pasqua-Giovanile-Salesiana-BMM_3.jpg\" title=\"Pasqua Giovanile Salesiana BMM_3\"  data-caption=\"\"  data-description=\"\">\r\n                                <img decoding=\"async\" data-src=\"https:\/\/www.cgfmanet.org\/wp-content\/uploads\/2026\/04\/Pasqua-Giovanile-Salesiana-BMM_3-630x420.jpg\" data-srcset=\"https:\/\/www.cgfmanet.org\/wp-content\/uploads\/2026\/04\/Pasqua-Giovanile-Salesiana-BMM_3-630x420.jpg 630w, https:\/\/www.cgfmanet.org\/wp-content\/uploads\/2026\/04\/Pasqua-Giovanile-Salesiana-BMM_3-768x512.jpg 768w, https:\/\/www.cgfmanet.org\/wp-content\/uploads\/2026\/04\/Pasqua-Giovanile-Salesiana-BMM_3-696x464.jpg 696w, https:\/\/www.cgfmanet.org\/wp-content\/uploads\/2026\/04\/Pasqua-Giovanile-Salesiana-BMM_3.jpg 1181w\" data-sizes=\"auto\" alt=\"\" src=\"data:image\/svg+xml;base64,PHN2ZyB3aWR0aD0iMSIgaGVpZ2h0PSIxIiB4bWxucz0iaHR0cDovL3d3dy53My5vcmcvMjAwMC9zdmciPjwvc3ZnPg==\" class=\"lazyload\" style=\"--smush-placeholder-width: 630px; --smush-placeholder-aspect-ratio: 630\/420;\" data-original-sizes=\"(max-width: 630px) 100vw, 630px\">\r\n                            <\/a>\r\n                            \r\n                        <\/figure>\r\n                    <\/div>\r\n                    <div class = \"td-slide-item td-item4\">\r\n                        <figure class=\"td-slide-galery-figure td-slide-popup-gallery\">\r\n                            <a class=\"slide-gallery-image-link\" href=\"https:\/\/www.cgfmanet.org\/wp-content\/uploads\/2026\/04\/Pasqua-Giovanile-Salesiana-BMM_6.jpg\" title=\"Pasqua Giovanile Salesiana BMM_6\"  data-caption=\"\"  data-description=\"\">\r\n                                <img decoding=\"async\" data-src=\"https:\/\/www.cgfmanet.org\/wp-content\/uploads\/2026\/04\/Pasqua-Giovanile-Salesiana-BMM_6-630x420.jpg\" data-srcset=\"https:\/\/www.cgfmanet.org\/wp-content\/uploads\/2026\/04\/Pasqua-Giovanile-Salesiana-BMM_6-630x420.jpg 630w, https:\/\/www.cgfmanet.org\/wp-content\/uploads\/2026\/04\/Pasqua-Giovanile-Salesiana-BMM_6-768x512.jpg 768w, https:\/\/www.cgfmanet.org\/wp-content\/uploads\/2026\/04\/Pasqua-Giovanile-Salesiana-BMM_6-696x464.jpg 696w, https:\/\/www.cgfmanet.org\/wp-content\/uploads\/2026\/04\/Pasqua-Giovanile-Salesiana-BMM_6.jpg 1181w\" data-sizes=\"auto\" alt=\"\" src=\"data:image\/svg+xml;base64,PHN2ZyB3aWR0aD0iMSIgaGVpZ2h0PSIxIiB4bWxucz0iaHR0cDovL3d3dy53My5vcmcvMjAwMC9zdmciPjwvc3ZnPg==\" class=\"lazyload\" style=\"--smush-placeholder-width: 630px; --smush-placeholder-aspect-ratio: 630\/420;\" data-original-sizes=\"(max-width: 630px) 100vw, 630px\">\r\n                            <\/a>\r\n                            \r\n                        <\/figure>\r\n                    <\/div>\r\n                    <div class = \"td-slide-item td-item5\">\r\n                        <figure class=\"td-slide-galery-figure td-slide-popup-gallery\">\r\n                            <a class=\"slide-gallery-image-link\" href=\"https:\/\/www.cgfmanet.org\/wp-content\/uploads\/2026\/04\/Pasqua-Giovanile-Salesiana-BMM_5.jpg\" title=\"Pasqua Giovanile Salesiana BMM_5\"  data-caption=\"\"  data-description=\"\">\r\n                                <img decoding=\"async\" data-src=\"https:\/\/www.cgfmanet.org\/wp-content\/uploads\/2026\/04\/Pasqua-Giovanile-Salesiana-BMM_5-629x420.jpg\" data-srcset=\"https:\/\/www.cgfmanet.org\/wp-content\/uploads\/2026\/04\/Pasqua-Giovanile-Salesiana-BMM_5-629x420.jpg 629w, https:\/\/www.cgfmanet.org\/wp-content\/uploads\/2026\/04\/Pasqua-Giovanile-Salesiana-BMM_5-768x512.jpg 768w, https:\/\/www.cgfmanet.org\/wp-content\/uploads\/2026\/04\/Pasqua-Giovanile-Salesiana-BMM_5-696x464.jpg 696w, https:\/\/www.cgfmanet.org\/wp-content\/uploads\/2026\/04\/Pasqua-Giovanile-Salesiana-BMM_5.jpg 1181w\" data-sizes=\"auto\" alt=\"\" src=\"data:image\/svg+xml;base64,PHN2ZyB3aWR0aD0iMSIgaGVpZ2h0PSIxIiB4bWxucz0iaHR0cDovL3d3dy53My5vcmcvMjAwMC9zdmciPjwvc3ZnPg==\" class=\"lazyload\" style=\"--smush-placeholder-width: 629px; --smush-placeholder-aspect-ratio: 629\/420;\" data-original-sizes=\"(max-width: 629px) 100vw, 629px\">\r\n                            <\/a>\r\n                            \r\n                        <\/figure>\r\n                    <\/div>\r\n                    <div class = \"td-slide-item td-item6\">\r\n                        <figure class=\"td-slide-galery-figure td-slide-popup-gallery\">\r\n                            <a class=\"slide-gallery-image-link\" href=\"https:\/\/www.cgfmanet.org\/wp-content\/uploads\/2026\/04\/Pasqua-Giovanile-Salesiana-BMM_4.jpg\" title=\"Pasqua Giovanile Salesiana BMM_4\"  data-caption=\"\"  data-description=\"\">\r\n                                <img decoding=\"async\" data-src=\"https:\/\/www.cgfmanet.org\/wp-content\/uploads\/2026\/04\/Pasqua-Giovanile-Salesiana-BMM_4-632x420.jpg\" data-srcset=\"https:\/\/www.cgfmanet.org\/wp-content\/uploads\/2026\/04\/Pasqua-Giovanile-Salesiana-BMM_4-632x420.jpg 632w, https:\/\/www.cgfmanet.org\/wp-content\/uploads\/2026\/04\/Pasqua-Giovanile-Salesiana-BMM_4-768x510.jpg 768w, https:\/\/www.cgfmanet.org\/wp-content\/uploads\/2026\/04\/Pasqua-Giovanile-Salesiana-BMM_4-696x463.jpg 696w, https:\/\/www.cgfmanet.org\/wp-content\/uploads\/2026\/04\/Pasqua-Giovanile-Salesiana-BMM_4.jpg 1181w\" data-sizes=\"auto\" alt=\"\" src=\"data:image\/svg+xml;base64,PHN2ZyB3aWR0aD0iMSIgaGVpZ2h0PSIxIiB4bWxucz0iaHR0cDovL3d3dy53My5vcmcvMjAwMC9zdmciPjwvc3ZnPg==\" class=\"lazyload\" style=\"--smush-placeholder-width: 632px; --smush-placeholder-aspect-ratio: 632\/420;\" data-original-sizes=\"(max-width: 632px) 100vw, 632px\">\r\n                            <\/a>\r\n                            \r\n                        <\/figure>\r\n                    <\/div>\r\n                    <div class = \"td-slide-item td-item7\">\r\n                        <figure class=\"td-slide-galery-figure td-slide-popup-gallery\">\r\n                            <a class=\"slide-gallery-image-link\" href=\"https:\/\/www.cgfmanet.org\/wp-content\/uploads\/2026\/04\/Pasqua-Giovanile-Salesiana-BMM_2.jpg\" title=\"Pasqua Giovanile Salesiana BMM_2\"  data-caption=\"\"  data-description=\"\">\r\n                                <img decoding=\"async\" data-src=\"https:\/\/www.cgfmanet.org\/wp-content\/uploads\/2026\/04\/Pasqua-Giovanile-Salesiana-BMM_2-335x420.jpg\" data-srcset=\"https:\/\/www.cgfmanet.org\/wp-content\/uploads\/2026\/04\/Pasqua-Giovanile-Salesiana-BMM_2-335x420.jpg 335w, https:\/\/www.cgfmanet.org\/wp-content\/uploads\/2026\/04\/Pasqua-Giovanile-Salesiana-BMM_2-768x962.jpg 768w, https:\/\/www.cgfmanet.org\/wp-content\/uploads\/2026\/04\/Pasqua-Giovanile-Salesiana-BMM_2-696x872.jpg 696w, https:\/\/www.cgfmanet.org\/wp-content\/uploads\/2026\/04\/Pasqua-Giovanile-Salesiana-BMM_2.jpg 960w\" data-sizes=\"auto\" alt=\"\" src=\"data:image\/svg+xml;base64,PHN2ZyB3aWR0aD0iMSIgaGVpZ2h0PSIxIiB4bWxucz0iaHR0cDovL3d3dy53My5vcmcvMjAwMC9zdmciPjwvc3ZnPg==\" class=\"lazyload\" style=\"--smush-placeholder-width: 335px; --smush-placeholder-aspect-ratio: 335\/420;\" data-original-sizes=\"(max-width: 335px) 100vw, 335px\">\r\n                            <\/a>\r\n                            \r\n                        <\/figure>\r\n                    <\/div>\r\n                    <div class = \"td-slide-item td-item8\">\r\n                        <figure class=\"td-slide-galery-figure td-slide-popup-gallery\">\r\n                            <a class=\"slide-gallery-image-link\" href=\"https:\/\/www.cgfmanet.org\/wp-content\/uploads\/2026\/04\/Pasqua-Giovanile-Salesiana-BMM_1.jpg\" title=\"Pasqua Giovanile Salesiana BMM_1\"  data-caption=\"\"  data-description=\"\">\r\n                                <img decoding=\"async\" data-src=\"https:\/\/www.cgfmanet.org\/wp-content\/uploads\/2026\/04\/Pasqua-Giovanile-Salesiana-BMM_1-630x420.jpg\" data-srcset=\"https:\/\/www.cgfmanet.org\/wp-content\/uploads\/2026\/04\/Pasqua-Giovanile-Salesiana-BMM_1-630x420.jpg 630w, https:\/\/www.cgfmanet.org\/wp-content\/uploads\/2026\/04\/Pasqua-Giovanile-Salesiana-BMM_1-768x512.jpg 768w, https:\/\/www.cgfmanet.org\/wp-content\/uploads\/2026\/04\/Pasqua-Giovanile-Salesiana-BMM_1-696x464.jpg 696w, https:\/\/www.cgfmanet.org\/wp-content\/uploads\/2026\/04\/Pasqua-Giovanile-Salesiana-BMM_1.jpg 1280w\" data-sizes=\"auto\" alt=\"\" src=\"data:image\/svg+xml;base64,PHN2ZyB3aWR0aD0iMSIgaGVpZ2h0PSIxIiB4bWxucz0iaHR0cDovL3d3dy53My5vcmcvMjAwMC9zdmciPjwvc3ZnPg==\" class=\"lazyload\" style=\"--smush-placeholder-width: 630px; --smush-placeholder-aspect-ratio: 630\/420;\" data-original-sizes=\"(max-width: 630px) 100vw, 630px\">\r\n                            <\/a>\r\n                            \r\n                        <\/figure>\r\n                    <\/div>\r\n                    <div class = \"td-slide-item td-item9\">\r\n                        <figure class=\"td-slide-galery-figure td-slide-popup-gallery\">\r\n                            <a class=\"slide-gallery-image-link\" href=\"https:\/\/www.cgfmanet.org\/wp-content\/uploads\/2026\/04\/Pasqua-Giovanile-Salesiana-Alto-Araguaia-MT.jpg\" title=\"Pasqua Giovanile Salesiana - Alto Araguaia-MT\"  data-caption=\"Alto Araguaia-MT\"  data-description=\"\">\r\n                                <img decoding=\"async\" data-src=\"https:\/\/www.cgfmanet.org\/wp-content\/uploads\/2026\/04\/Pasqua-Giovanile-Salesiana-Alto-Araguaia-MT-629x420.jpg\" data-srcset=\"https:\/\/www.cgfmanet.org\/wp-content\/uploads\/2026\/04\/Pasqua-Giovanile-Salesiana-Alto-Araguaia-MT-629x420.jpg 629w, https:\/\/www.cgfmanet.org\/wp-content\/uploads\/2026\/04\/Pasqua-Giovanile-Salesiana-Alto-Araguaia-MT-768x512.jpg 768w, https:\/\/www.cgfmanet.org\/wp-content\/uploads\/2026\/04\/Pasqua-Giovanile-Salesiana-Alto-Araguaia-MT-696x464.jpg 696w, https:\/\/www.cgfmanet.org\/wp-content\/uploads\/2026\/04\/Pasqua-Giovanile-Salesiana-Alto-Araguaia-MT.jpg 1181w\" data-sizes=\"auto\" alt=\"\" src=\"data:image\/svg+xml;base64,PHN2ZyB3aWR0aD0iMSIgaGVpZ2h0PSIxIiB4bWxucz0iaHR0cDovL3d3dy53My5vcmcvMjAwMC9zdmciPjwvc3ZnPg==\" class=\"lazyload\" style=\"--smush-placeholder-width: 629px; --smush-placeholder-aspect-ratio: 629\/420;\" data-original-sizes=\"(max-width: 629px) 100vw, 629px\">\r\n                            <\/a>\r\n                            <figcaption class = \"td-slide-caption td-gallery-slide-content\"><div class = \"td-gallery-slide-copywrite\">Alto Araguaia-MT<\/div><\/figcaption>\r\n                        <\/figure>\r\n                    <\/div>\r\n                    <div class = \"td-slide-item td-item10\">\r\n                        <figure class=\"td-slide-galery-figure td-slide-popup-gallery\">\r\n                            <a class=\"slide-gallery-image-link\" href=\"https:\/\/www.cgfmanet.org\/wp-content\/uploads\/2026\/04\/Pasqua-Giovanile-Salesiana-Brasilia-DF.jpg\" title=\"Pasqua Giovanile Salesiana - Bras\u00edlia-DF\"  data-caption=\"Brasilia-DF\"  data-description=\"\">\r\n                                <img decoding=\"async\" data-src=\"https:\/\/www.cgfmanet.org\/wp-content\/uploads\/2026\/04\/Pasqua-Giovanile-Salesiana-Brasilia-DF-630x420.jpg\" data-srcset=\"https:\/\/www.cgfmanet.org\/wp-content\/uploads\/2026\/04\/Pasqua-Giovanile-Salesiana-Brasilia-DF-630x420.jpg 630w, https:\/\/www.cgfmanet.org\/wp-content\/uploads\/2026\/04\/Pasqua-Giovanile-Salesiana-Brasilia-DF-768x512.jpg 768w, https:\/\/www.cgfmanet.org\/wp-content\/uploads\/2026\/04\/Pasqua-Giovanile-Salesiana-Brasilia-DF-696x464.jpg 696w, https:\/\/www.cgfmanet.org\/wp-content\/uploads\/2026\/04\/Pasqua-Giovanile-Salesiana-Brasilia-DF.jpg 1186w\" data-sizes=\"auto\" alt=\"\" src=\"data:image\/svg+xml;base64,PHN2ZyB3aWR0aD0iMSIgaGVpZ2h0PSIxIiB4bWxucz0iaHR0cDovL3d3dy53My5vcmcvMjAwMC9zdmciPjwvc3ZnPg==\" class=\"lazyload\" style=\"--smush-placeholder-width: 630px; --smush-placeholder-aspect-ratio: 630\/420;\" data-original-sizes=\"(max-width: 630px) 100vw, 630px\">\r\n                            <\/a>\r\n                            <figcaption class = \"td-slide-caption td-gallery-slide-content\"><div class = \"td-gallery-slide-copywrite\">Brasilia-DF<\/div><\/figcaption>\r\n                        <\/figure>\r\n                    <\/div>\r\n                    <div class = \"td-slide-item td-item11\">\r\n                        <figure class=\"td-slide-galery-figure td-slide-popup-gallery\">\r\n                            <a class=\"slide-gallery-image-link\" href=\"https:\/\/www.cgfmanet.org\/wp-content\/uploads\/2026\/04\/Pasqua-Giovanile-Salesiana-Nova-Contagem-MG.jpg\" title=\"Pasqua Giovanile Salesiana - Nova Contagem-MG\"  data-caption=\"Nova Contagem-MG\"  data-description=\"\">\r\n                                <img decoding=\"async\" data-src=\"https:\/\/www.cgfmanet.org\/wp-content\/uploads\/2026\/04\/Pasqua-Giovanile-Salesiana-Nova-Contagem-MG-673x420.jpg\" data-srcset=\"https:\/\/www.cgfmanet.org\/wp-content\/uploads\/2026\/04\/Pasqua-Giovanile-Salesiana-Nova-Contagem-MG-673x420.jpg 673w, https:\/\/www.cgfmanet.org\/wp-content\/uploads\/2026\/04\/Pasqua-Giovanile-Salesiana-Nova-Contagem-MG-768x479.jpg 768w, https:\/\/www.cgfmanet.org\/wp-content\/uploads\/2026\/04\/Pasqua-Giovanile-Salesiana-Nova-Contagem-MG-696x434.jpg 696w, https:\/\/www.cgfmanet.org\/wp-content\/uploads\/2026\/04\/Pasqua-Giovanile-Salesiana-Nova-Contagem-MG.jpg 1403w\" data-sizes=\"auto\" alt=\"\" src=\"data:image\/svg+xml;base64,PHN2ZyB3aWR0aD0iMSIgaGVpZ2h0PSIxIiB4bWxucz0iaHR0cDovL3d3dy53My5vcmcvMjAwMC9zdmciPjwvc3ZnPg==\" class=\"lazyload\" style=\"--smush-placeholder-width: 673px; --smush-placeholder-aspect-ratio: 673\/420;\" data-original-sizes=\"(max-width: 673px) 100vw, 673px\">\r\n                            <\/a>\r\n                            <figcaption class = \"td-slide-caption td-gallery-slide-content\"><div class = \"td-gallery-slide-copywrite\">Nova Contagem-MG<\/div><\/figcaption>\r\n                        <\/figure>\r\n                    <\/div>\r\n                    <div class = \"td-slide-item td-item12\">\r\n                        <figure class=\"td-slide-galery-figure td-slide-popup-gallery\">\r\n                            <a class=\"slide-gallery-image-link\" href=\"https:\/\/www.cgfmanet.org\/wp-content\/uploads\/2026\/04\/Pasqua-Giovanile-Salesiana-INSA-RJ.jpg\" title=\"Pasqua Giovanile Salesiana - INSA-RJ\"  data-caption=\"INSA-RJ\"  data-description=\"\">\r\n                                <img decoding=\"async\" data-src=\"https:\/\/www.cgfmanet.org\/wp-content\/uploads\/2026\/04\/Pasqua-Giovanile-Salesiana-INSA-RJ-517x420.jpg\" data-srcset=\"https:\/\/www.cgfmanet.org\/wp-content\/uploads\/2026\/04\/Pasqua-Giovanile-Salesiana-INSA-RJ-517x420.jpg 517w, https:\/\/www.cgfmanet.org\/wp-content\/uploads\/2026\/04\/Pasqua-Giovanile-Salesiana-INSA-RJ-768x624.jpg 768w, https:\/\/www.cgfmanet.org\/wp-content\/uploads\/2026\/04\/Pasqua-Giovanile-Salesiana-INSA-RJ-696x565.jpg 696w, https:\/\/www.cgfmanet.org\/wp-content\/uploads\/2026\/04\/Pasqua-Giovanile-Salesiana-INSA-RJ.jpg 1093w\" data-sizes=\"auto\" alt=\"\" src=\"data:image\/svg+xml;base64,PHN2ZyB3aWR0aD0iMSIgaGVpZ2h0PSIxIiB4bWxucz0iaHR0cDovL3d3dy53My5vcmcvMjAwMC9zdmciPjwvc3ZnPg==\" class=\"lazyload\" style=\"--smush-placeholder-width: 517px; --smush-placeholder-aspect-ratio: 517\/420;\" data-original-sizes=\"(max-width: 517px) 100vw, 517px\">\r\n                            <\/a>\r\n                            <figcaption class = \"td-slide-caption td-gallery-slide-content\"><div class = \"td-gallery-slide-copywrite\">INSA-RJ<\/div><\/figcaption>\r\n                        <\/figure>\r\n                    <\/div>\r\n                            <\/div>\r\n                        <\/div>\r\n\r\n                        <div class = \"td-doubleSlider-2\">\r\n                            <div class = \"td-slider\">\r\n                                \r\n                    <div class = \"td-button td-item1\">\r\n                        <div class = \"td-border\"><\/div>\r\n                    <\/div>\r\n                    <div class = \"td-button td-item2\">\r\n                        <div class = \"td-border\"><\/div>\r\n                    <\/div>\r\n                    <div class = \"td-button td-item3\">\r\n                        <div class = \"td-border\"><\/div>\r\n                    <\/div>\r\n                    <div class = \"td-button td-item4\">\r\n                        <div class = \"td-border\"><\/div>\r\n                    <\/div>\r\n                    <div class = \"td-button td-item5\">\r\n                        <div class = \"td-border\"><\/div>\r\n                    <\/div>\r\n                    <div class = \"td-button td-item6\">\r\n                        <div class = \"td-border\"><\/div>\r\n                    <\/div>\r\n                    <div class = \"td-button td-item7\">\r\n                        <div class = \"td-border\"><\/div>\r\n                    <\/div>\r\n                    <div class = \"td-button td-item8\">\r\n                        <div class = \"td-border\"><\/div>\r\n                    <\/div>\r\n                    <div class = \"td-button td-item9\">\r\n                        <div class = \"td-border\"><\/div>\r\n                    <\/div>\r\n                    <div class = \"td-button td-item10\">\r\n                        <div class = \"td-border\"><\/div>\r\n                    <\/div>\r\n                    <div class = \"td-button td-item11\">\r\n                        <div class = \"td-border\"><\/div>\r\n                    <\/div>\r\n                    <div class = \"td-button td-item12\">\r\n                        <div class = \"td-border\"><\/div>\r\n                    <\/div>\r\n                            <\/div>\r\n                        <\/div>\r\n\r\n                    <\/div>\r\n\r\n                <\/div>\r\n                \n","protected":false},"excerpt":{"rendered":"<p>Belo Horizonte (Brasil). Del 27 al 29 de marzo de 2026, adolescentes, j\u00f3venes, coordinadores pastorales, laicos e Hijas de Mar\u00eda Auxiliadora de la Inspector\u00eda Madre Mazzarello (BMM) participaron en la [&hellip;]<\/p>\n","protected":false},"author":21,"featured_media":155646,"comment_status":"open","ping_status":"closed","sticky":false,"template":"","format":"standard","meta":{"footnotes":""},"categories":[167,158],"tags":[227,1538,1669,1931,1961,2288],"class_list":["post-155696","post","type-post","status-publish","format-standard","has-post-thumbnail","category-carisma-salesiano-es","category-ifma-es","tag-brasil","tag-pastoral-juvenil","tag-spiritualita-salesiana-es","tag-focus-es","tag-pascua","tag-bmm-es"],"yoast_head":"<!-- This site is optimized with the Yoast SEO plugin v27.4 - https:\/\/yoast.com\/product\/yoast-seo-wordpress\/ -->\n<title>Pascua Juvenil Salesiana 2026 \u2013 BMM &#8226; Istituto Figlie di Maria Ausiliatrice<\/title>\n<meta name=\"description\" content=\"Del 27 al 29 de marzo de 2026, 265 participantes de la Inspector\u00eda BMM vivieron la Pascua Juvenil Salesiana, una experiencia de fe, convivencia y evangelizaci\u00f3n a la luz de la espiritualidad salesiana.\" \/>\n<meta name=\"robots\" content=\"index, follow, max-snippet:-1, max-image-preview:large, max-video-preview:-1\" \/>\n<link rel=\"canonical\" href=\"https:\/\/www.cgfmanet.org\/es\/ifma-es\/carisma-salesiano-es\/pascua-juvenil-salesiana-2026-bmm\/\" \/>\n<meta property=\"og:locale\" content=\"es_ES\" \/>\n<meta property=\"og:type\" content=\"article\" \/>\n<meta property=\"og:title\" content=\"Pascua Juvenil Salesiana 2026 \u2013 BMM &#8226; Istituto Figlie di Maria Ausiliatrice\" \/>\n<meta property=\"og:description\" content=\"Del 27 al 29 de marzo de 2026, 265 participantes de la Inspector\u00eda BMM vivieron la Pascua Juvenil Salesiana, una experiencia de fe, convivencia y evangelizaci\u00f3n a la luz de la espiritualidad salesiana.\" \/>\n<meta property=\"og:url\" content=\"https:\/\/www.cgfmanet.org\/es\/ifma-es\/carisma-salesiano-es\/pascua-juvenil-salesiana-2026-bmm\/\" \/>\n<meta property=\"og:site_name\" content=\"Istituto Figlie di Maria Ausiliatrice\" \/>\n<meta property=\"article:publisher\" content=\"https:\/\/www.facebook.com\/salesian.sisters.of.don.bosco\/\" \/>\n<meta property=\"article:published_time\" content=\"2026-04-08T07:26:31+00:00\" \/>\n<meta property=\"article:modified_time\" content=\"2026-04-11T20:10:24+00:00\" \/>\n<meta property=\"og:image\" content=\"https:\/\/www.cgfmanet.org\/wp-content\/uploads\/2026\/04\/Pasqua-Giovanile-Salesiana-BMM.jpg\" \/>\n\t<meta property=\"og:image:width\" content=\"1181\" \/>\n\t<meta property=\"og:image:height\" content=\"785\" \/>\n\t<meta property=\"og:image:type\" content=\"image\/jpeg\" \/>\n<meta name=\"author\" content=\"Redazione\" \/>\n<meta name=\"twitter:card\" content=\"summary_large_image\" \/>\n<meta name=\"twitter:creator\" content=\"@Cgfmanet_Org\" \/>\n<meta name=\"twitter:site\" content=\"@Cgfmanet_Org\" \/>\n<meta name=\"twitter:label1\" content=\"Escrito por\" \/>\n\t<meta name=\"twitter:data1\" content=\"Redazione\" \/>\n\t<meta name=\"twitter:label2\" content=\"Tiempo de lectura\" \/>\n\t<meta name=\"twitter:data2\" content=\"3 minutos\" \/>\n<script type=\"application\/ld+json\" class=\"yoast-schema-graph\">{\"@context\":\"https:\\\/\\\/schema.org\",\"@graph\":[{\"@type\":\"Article\",\"@id\":\"https:\\\/\\\/www.cgfmanet.org\\\/es\\\/ifma-es\\\/carisma-salesiano-es\\\/pascua-juvenil-salesiana-2026-bmm\\\/#article\",\"isPartOf\":{\"@id\":\"https:\\\/\\\/www.cgfmanet.org\\\/es\\\/ifma-es\\\/carisma-salesiano-es\\\/pascua-juvenil-salesiana-2026-bmm\\\/\"},\"author\":{\"name\":\"Redazione\",\"@id\":\"https:\\\/\\\/www.cgfmanet.org\\\/es\\\/#\\\/schema\\\/person\\\/ce6473083f53ef0ef882cca23f0c8fb9\"},\"headline\":\"Pascua Juvenil Salesiana 2026 \u2013 BMM\",\"datePublished\":\"2026-04-08T07:26:31+00:00\",\"dateModified\":\"2026-04-11T20:10:24+00:00\",\"mainEntityOfPage\":{\"@id\":\"https:\\\/\\\/www.cgfmanet.org\\\/es\\\/ifma-es\\\/carisma-salesiano-es\\\/pascua-juvenil-salesiana-2026-bmm\\\/\"},\"wordCount\":530,\"commentCount\":0,\"publisher\":{\"@id\":\"https:\\\/\\\/www.cgfmanet.org\\\/es\\\/#organization\"},\"image\":{\"@id\":\"https:\\\/\\\/www.cgfmanet.org\\\/es\\\/ifma-es\\\/carisma-salesiano-es\\\/pascua-juvenil-salesiana-2026-bmm\\\/#primaryimage\"},\"thumbnailUrl\":\"https:\\\/\\\/www.cgfmanet.org\\\/wp-content\\\/uploads\\\/2026\\\/04\\\/Pasqua-Giovanile-Salesiana-BMM.jpg\",\"keywords\":[\"Brasil\",\"Pastoral Juvenil\",\"Spiritualit\u00e0 Salesiana\",\"Focus\",\"Pascua\",\"BMM\"],\"articleSection\":[\"Carisma Salesiano\",\"IFMA\"],\"inLanguage\":\"es\",\"potentialAction\":[{\"@type\":\"CommentAction\",\"name\":\"Comment\",\"target\":[\"https:\\\/\\\/www.cgfmanet.org\\\/es\\\/ifma-es\\\/carisma-salesiano-es\\\/pascua-juvenil-salesiana-2026-bmm\\\/#respond\"]}]},{\"@type\":\"WebPage\",\"@id\":\"https:\\\/\\\/www.cgfmanet.org\\\/es\\\/ifma-es\\\/carisma-salesiano-es\\\/pascua-juvenil-salesiana-2026-bmm\\\/\",\"url\":\"https:\\\/\\\/www.cgfmanet.org\\\/es\\\/ifma-es\\\/carisma-salesiano-es\\\/pascua-juvenil-salesiana-2026-bmm\\\/\",\"name\":\"Pascua Juvenil Salesiana 2026 \u2013 BMM &#8226; Istituto Figlie di Maria Ausiliatrice\",\"isPartOf\":{\"@id\":\"https:\\\/\\\/www.cgfmanet.org\\\/es\\\/#website\"},\"primaryImageOfPage\":{\"@id\":\"https:\\\/\\\/www.cgfmanet.org\\\/es\\\/ifma-es\\\/carisma-salesiano-es\\\/pascua-juvenil-salesiana-2026-bmm\\\/#primaryimage\"},\"image\":{\"@id\":\"https:\\\/\\\/www.cgfmanet.org\\\/es\\\/ifma-es\\\/carisma-salesiano-es\\\/pascua-juvenil-salesiana-2026-bmm\\\/#primaryimage\"},\"thumbnailUrl\":\"https:\\\/\\\/www.cgfmanet.org\\\/wp-content\\\/uploads\\\/2026\\\/04\\\/Pasqua-Giovanile-Salesiana-BMM.jpg\",\"datePublished\":\"2026-04-08T07:26:31+00:00\",\"dateModified\":\"2026-04-11T20:10:24+00:00\",\"description\":\"Del 27 al 29 de marzo de 2026, 265 participantes de la Inspector\u00eda BMM vivieron la Pascua Juvenil Salesiana, una experiencia de fe, convivencia y evangelizaci\u00f3n a la luz de la espiritualidad salesiana.\",\"breadcrumb\":{\"@id\":\"https:\\\/\\\/www.cgfmanet.org\\\/es\\\/ifma-es\\\/carisma-salesiano-es\\\/pascua-juvenil-salesiana-2026-bmm\\\/#breadcrumb\"},\"inLanguage\":\"es\",\"potentialAction\":[{\"@type\":\"ReadAction\",\"target\":[\"https:\\\/\\\/www.cgfmanet.org\\\/es\\\/ifma-es\\\/carisma-salesiano-es\\\/pascua-juvenil-salesiana-2026-bmm\\\/\"]}]},{\"@type\":\"ImageObject\",\"inLanguage\":\"es\",\"@id\":\"https:\\\/\\\/www.cgfmanet.org\\\/es\\\/ifma-es\\\/carisma-salesiano-es\\\/pascua-juvenil-salesiana-2026-bmm\\\/#primaryimage\",\"url\":\"https:\\\/\\\/www.cgfmanet.org\\\/wp-content\\\/uploads\\\/2026\\\/04\\\/Pasqua-Giovanile-Salesiana-BMM.jpg\",\"contentUrl\":\"https:\\\/\\\/www.cgfmanet.org\\\/wp-content\\\/uploads\\\/2026\\\/04\\\/Pasqua-Giovanile-Salesiana-BMM.jpg\",\"width\":1181,\"height\":785},{\"@type\":\"BreadcrumbList\",\"@id\":\"https:\\\/\\\/www.cgfmanet.org\\\/es\\\/ifma-es\\\/carisma-salesiano-es\\\/pascua-juvenil-salesiana-2026-bmm\\\/#breadcrumb\",\"itemListElement\":[{\"@type\":\"ListItem\",\"position\":1,\"name\":\"Home\",\"item\":\"https:\\\/\\\/www.cgfmanet.org\\\/es\\\/\"},{\"@type\":\"ListItem\",\"position\":2,\"name\":\"Pascua Juvenil Salesiana 2026 \u2013 BMM\"}]},{\"@type\":\"WebSite\",\"@id\":\"https:\\\/\\\/www.cgfmanet.org\\\/es\\\/#website\",\"url\":\"https:\\\/\\\/www.cgfmanet.org\\\/es\\\/\",\"name\":\"Istituto Figlie di Maria Ausiliatrice\",\"description\":\"Salesiane di Don Bosco\",\"publisher\":{\"@id\":\"https:\\\/\\\/www.cgfmanet.org\\\/es\\\/#organization\"},\"potentialAction\":[{\"@type\":\"SearchAction\",\"target\":{\"@type\":\"EntryPoint\",\"urlTemplate\":\"https:\\\/\\\/www.cgfmanet.org\\\/es\\\/?s={search_term_string}\"},\"query-input\":{\"@type\":\"PropertyValueSpecification\",\"valueRequired\":true,\"valueName\":\"search_term_string\"}}],\"inLanguage\":\"es\"},{\"@type\":\"Organization\",\"@id\":\"https:\\\/\\\/www.cgfmanet.org\\\/es\\\/#organization\",\"name\":\"Istituto Figlie di Maria Ausiliatrice\",\"url\":\"https:\\\/\\\/www.cgfmanet.org\\\/es\\\/\",\"logo\":{\"@type\":\"ImageObject\",\"inLanguage\":\"es\",\"@id\":\"https:\\\/\\\/www.cgfmanet.org\\\/es\\\/#\\\/schema\\\/logo\\\/image\\\/\",\"url\":\"https:\\\/\\\/www.cgfmanet.org\\\/wp-content\\\/uploads\\\/2018\\\/10\\\/logo-fma.png\",\"contentUrl\":\"https:\\\/\\\/www.cgfmanet.org\\\/wp-content\\\/uploads\\\/2018\\\/10\\\/logo-fma.png\",\"width\":214,\"height\":55,\"caption\":\"Istituto Figlie di Maria Ausiliatrice\"},\"image\":{\"@id\":\"https:\\\/\\\/www.cgfmanet.org\\\/es\\\/#\\\/schema\\\/logo\\\/image\\\/\"},\"sameAs\":[\"https:\\\/\\\/www.facebook.com\\\/salesian.sisters.of.don.bosco\\\/\",\"https:\\\/\\\/x.com\\\/Cgfmanet_Org\",\"https:\\\/\\\/www.youtube.com\\\/channel\\\/UCmcr8yFQBV7JXeXVxyV9y5Q\"]},{\"@type\":\"Person\",\"@id\":\"https:\\\/\\\/www.cgfmanet.org\\\/es\\\/#\\\/schema\\\/person\\\/ce6473083f53ef0ef882cca23f0c8fb9\",\"name\":\"Redazione\"}]}<\/script>\n<!-- \/ Yoast SEO plugin. -->","yoast_head_json":{"title":"Pascua Juvenil Salesiana 2026 \u2013 BMM &#8226; Istituto Figlie di Maria Ausiliatrice","description":"Del 27 al 29 de marzo de 2026, 265 participantes de la Inspector\u00eda BMM vivieron la Pascua Juvenil Salesiana, una experiencia de fe, convivencia y evangelizaci\u00f3n a la luz de la espiritualidad salesiana.","robots":{"index":"index","follow":"follow","max-snippet":"max-snippet:-1","max-image-preview":"max-image-preview:large","max-video-preview":"max-video-preview:-1"},"canonical":"https:\/\/www.cgfmanet.org\/es\/ifma-es\/carisma-salesiano-es\/pascua-juvenil-salesiana-2026-bmm\/","og_locale":"es_ES","og_type":"article","og_title":"Pascua Juvenil Salesiana 2026 \u2013 BMM &#8226; Istituto Figlie di Maria Ausiliatrice","og_description":"Del 27 al 29 de marzo de 2026, 265 participantes de la Inspector\u00eda BMM vivieron la Pascua Juvenil Salesiana, una experiencia de fe, convivencia y evangelizaci\u00f3n a la luz de la espiritualidad salesiana.","og_url":"https:\/\/www.cgfmanet.org\/es\/ifma-es\/carisma-salesiano-es\/pascua-juvenil-salesiana-2026-bmm\/","og_site_name":"Istituto Figlie di Maria Ausiliatrice","article_publisher":"https:\/\/www.facebook.com\/salesian.sisters.of.don.bosco\/","article_published_time":"2026-04-08T07:26:31+00:00","article_modified_time":"2026-04-11T20:10:24+00:00","og_image":[{"width":1181,"height":785,"url":"https:\/\/www.cgfmanet.org\/wp-content\/uploads\/2026\/04\/Pasqua-Giovanile-Salesiana-BMM.jpg","type":"image\/jpeg"}],"author":"Redazione","twitter_card":"summary_large_image","twitter_creator":"@Cgfmanet_Org","twitter_site":"@Cgfmanet_Org","twitter_misc":{"Escrito por":"Redazione","Tiempo de lectura":"3 minutos"},"schema":{"@context":"https:\/\/schema.org","@graph":[{"@type":"Article","@id":"https:\/\/www.cgfmanet.org\/es\/ifma-es\/carisma-salesiano-es\/pascua-juvenil-salesiana-2026-bmm\/#article","isPartOf":{"@id":"https:\/\/www.cgfmanet.org\/es\/ifma-es\/carisma-salesiano-es\/pascua-juvenil-salesiana-2026-bmm\/"},"author":{"name":"Redazione","@id":"https:\/\/www.cgfmanet.org\/es\/#\/schema\/person\/ce6473083f53ef0ef882cca23f0c8fb9"},"headline":"Pascua Juvenil Salesiana 2026 \u2013 BMM","datePublished":"2026-04-08T07:26:31+00:00","dateModified":"2026-04-11T20:10:24+00:00","mainEntityOfPage":{"@id":"https:\/\/www.cgfmanet.org\/es\/ifma-es\/carisma-salesiano-es\/pascua-juvenil-salesiana-2026-bmm\/"},"wordCount":530,"commentCount":0,"publisher":{"@id":"https:\/\/www.cgfmanet.org\/es\/#organization"},"image":{"@id":"https:\/\/www.cgfmanet.org\/es\/ifma-es\/carisma-salesiano-es\/pascua-juvenil-salesiana-2026-bmm\/#primaryimage"},"thumbnailUrl":"https:\/\/www.cgfmanet.org\/wp-content\/uploads\/2026\/04\/Pasqua-Giovanile-Salesiana-BMM.jpg","keywords":["Brasil","Pastoral Juvenil","Spiritualit\u00e0 Salesiana","Focus","Pascua","BMM"],"articleSection":["Carisma Salesiano","IFMA"],"inLanguage":"es","potentialAction":[{"@type":"CommentAction","name":"Comment","target":["https:\/\/www.cgfmanet.org\/es\/ifma-es\/carisma-salesiano-es\/pascua-juvenil-salesiana-2026-bmm\/#respond"]}]},{"@type":"WebPage","@id":"https:\/\/www.cgfmanet.org\/es\/ifma-es\/carisma-salesiano-es\/pascua-juvenil-salesiana-2026-bmm\/","url":"https:\/\/www.cgfmanet.org\/es\/ifma-es\/carisma-salesiano-es\/pascua-juvenil-salesiana-2026-bmm\/","name":"Pascua Juvenil Salesiana 2026 \u2013 BMM &#8226; Istituto Figlie di Maria Ausiliatrice","isPartOf":{"@id":"https:\/\/www.cgfmanet.org\/es\/#website"},"primaryImageOfPage":{"@id":"https:\/\/www.cgfmanet.org\/es\/ifma-es\/carisma-salesiano-es\/pascua-juvenil-salesiana-2026-bmm\/#primaryimage"},"image":{"@id":"https:\/\/www.cgfmanet.org\/es\/ifma-es\/carisma-salesiano-es\/pascua-juvenil-salesiana-2026-bmm\/#primaryimage"},"thumbnailUrl":"https:\/\/www.cgfmanet.org\/wp-content\/uploads\/2026\/04\/Pasqua-Giovanile-Salesiana-BMM.jpg","datePublished":"2026-04-08T07:26:31+00:00","dateModified":"2026-04-11T20:10:24+00:00","description":"Del 27 al 29 de marzo de 2026, 265 participantes de la Inspector\u00eda BMM vivieron la Pascua Juvenil Salesiana, una experiencia de fe, convivencia y evangelizaci\u00f3n a la luz de la espiritualidad salesiana.","breadcrumb":{"@id":"https:\/\/www.cgfmanet.org\/es\/ifma-es\/carisma-salesiano-es\/pascua-juvenil-salesiana-2026-bmm\/#breadcrumb"},"inLanguage":"es","potentialAction":[{"@type":"ReadAction","target":["https:\/\/www.cgfmanet.org\/es\/ifma-es\/carisma-salesiano-es\/pascua-juvenil-salesiana-2026-bmm\/"]}]},{"@type":"ImageObject","inLanguage":"es","@id":"https:\/\/www.cgfmanet.org\/es\/ifma-es\/carisma-salesiano-es\/pascua-juvenil-salesiana-2026-bmm\/#primaryimage","url":"https:\/\/www.cgfmanet.org\/wp-content\/uploads\/2026\/04\/Pasqua-Giovanile-Salesiana-BMM.jpg","contentUrl":"https:\/\/www.cgfmanet.org\/wp-content\/uploads\/2026\/04\/Pasqua-Giovanile-Salesiana-BMM.jpg","width":1181,"height":785},{"@type":"BreadcrumbList","@id":"https:\/\/www.cgfmanet.org\/es\/ifma-es\/carisma-salesiano-es\/pascua-juvenil-salesiana-2026-bmm\/#breadcrumb","itemListElement":[{"@type":"ListItem","position":1,"name":"Home","item":"https:\/\/www.cgfmanet.org\/es\/"},{"@type":"ListItem","position":2,"name":"Pascua Juvenil Salesiana 2026 \u2013 BMM"}]},{"@type":"WebSite","@id":"https:\/\/www.cgfmanet.org\/es\/#website","url":"https:\/\/www.cgfmanet.org\/es\/","name":"Istituto Figlie di Maria Ausiliatrice","description":"Salesiane di Don Bosco","publisher":{"@id":"https:\/\/www.cgfmanet.org\/es\/#organization"},"potentialAction":[{"@type":"SearchAction","target":{"@type":"EntryPoint","urlTemplate":"https:\/\/www.cgfmanet.org\/es\/?s={search_term_string}"},"query-input":{"@type":"PropertyValueSpecification","valueRequired":true,"valueName":"search_term_string"}}],"inLanguage":"es"},{"@type":"Organization","@id":"https:\/\/www.cgfmanet.org\/es\/#organization","name":"Istituto Figlie di Maria Ausiliatrice","url":"https:\/\/www.cgfmanet.org\/es\/","logo":{"@type":"ImageObject","inLanguage":"es","@id":"https:\/\/www.cgfmanet.org\/es\/#\/schema\/logo\/image\/","url":"https:\/\/www.cgfmanet.org\/wp-content\/uploads\/2018\/10\/logo-fma.png","contentUrl":"https:\/\/www.cgfmanet.org\/wp-content\/uploads\/2018\/10\/logo-fma.png","width":214,"height":55,"caption":"Istituto Figlie di Maria Ausiliatrice"},"image":{"@id":"https:\/\/www.cgfmanet.org\/es\/#\/schema\/logo\/image\/"},"sameAs":["https:\/\/www.facebook.com\/salesian.sisters.of.don.bosco\/","https:\/\/x.com\/Cgfmanet_Org","https:\/\/www.youtube.com\/channel\/UCmcr8yFQBV7JXeXVxyV9y5Q"]},{"@type":"Person","@id":"https:\/\/www.cgfmanet.org\/es\/#\/schema\/person\/ce6473083f53ef0ef882cca23f0c8fb9","name":"Redazione"}]}},"_links":{"self":[{"href":"https:\/\/www.cgfmanet.org\/es\/wp-json\/wp\/v2\/posts\/155696","targetHints":{"allow":["GET"]}}],"collection":[{"href":"https:\/\/www.cgfmanet.org\/es\/wp-json\/wp\/v2\/posts"}],"about":[{"href":"https:\/\/www.cgfmanet.org\/es\/wp-json\/wp\/v2\/types\/post"}],"author":[{"embeddable":true,"href":"https:\/\/www.cgfmanet.org\/es\/wp-json\/wp\/v2\/users\/21"}],"replies":[{"embeddable":true,"href":"https:\/\/www.cgfmanet.org\/es\/wp-json\/wp\/v2\/comments?post=155696"}],"version-history":[{"count":3,"href":"https:\/\/www.cgfmanet.org\/es\/wp-json\/wp\/v2\/posts\/155696\/revisions"}],"predecessor-version":[{"id":155753,"href":"https:\/\/www.cgfmanet.org\/es\/wp-json\/wp\/v2\/posts\/155696\/revisions\/155753"}],"wp:featuredmedia":[{"embeddable":true,"href":"https:\/\/www.cgfmanet.org\/es\/wp-json\/wp\/v2\/media\/155646"}],"wp:attachment":[{"href":"https:\/\/www.cgfmanet.org\/es\/wp-json\/wp\/v2\/media?parent=155696"}],"wp:term":[{"taxonomy":"category","embeddable":true,"href":"https:\/\/www.cgfmanet.org\/es\/wp-json\/wp\/v2\/categories?post=155696"},{"taxonomy":"post_tag","embeddable":true,"href":"https:\/\/www.cgfmanet.org\/es\/wp-json\/wp\/v2\/tags?post=155696"}],"curies":[{"name":"wp","href":"https:\/\/api.w.org\/{rel}","templated":true}]}}