{"id":155168,"date":"2026-03-23T15:29:37","date_gmt":"2026-03-23T14:29:37","guid":{"rendered":"https:\/\/www.cgfmanet.org\/infoesfera\/laccompagnamento-formativo-nel-noviziato-tavola-rotonda\/"},"modified":"2026-03-26T00:03:36","modified_gmt":"2026-03-25T23:03:36","slug":"el-acompanamiento-formativo-en-el-noviciado-mesa-redonda","status":"publish","type":"post","link":"https:\/\/www.cgfmanet.org\/es\/ifma-es\/cultura-vocacional-es\/el-acompanamiento-formativo-en-el-noviciado-mesa-redonda\/","title":{"rendered":"El acompa\u00f1amiento formativo en el Noviciado &#8211; Mesa redonda"},"content":{"rendered":"<p><strong>Roma (Italia). <\/strong>El 26 de marzo de 2026, de las 15:00 a las 18:00 horas, en la Pontificia Facultad de Ciencias de la Educaci\u00f3n \u00abAuxilium\u00bb y online a trav\u00e9s de la Plataforma Teams, se celebrar\u00e1 la mesa redonda sobre el tema: <strong>\u00abEl acompa\u00f1amiento formativo en el Noviciado\u00bb<\/strong>.<\/p>\n<p>La iniciativa se enmarca en el <strong>Curso de Formaci\u00f3n para Formadoras<\/strong> en el \u00e1mbito de la vida consagrada, activo desde hace varios a\u00f1os en la Facultad \u00abAuxilium\u00bb. La tarde de estudio est\u00e1 abierta a la participaci\u00f3n no solo de las inscritas en el curso, sino tambi\u00e9n de las formadoras de los diversos Institutos, as\u00ed como de todas las religiosas y mujeres consagradas, en particular las Superioras, que lo deseen.<\/p>\n<p>La Mesa redonda se plantea como un espacio de di\u00e1logo entre diversas experiencias de acompa\u00f1amiento formativo realizadas en el Noviciado, teniendo en cuenta el <strong>cambio de \u00e9poca actual<\/strong> y las nuevas demandas, las nuevas posibilidades, pero tambi\u00e9n los nuevos desaf\u00edos que solicitan procesos educativos in\u00e9ditos y m\u00e1s adecuados a las preguntas de sentido y a las necesidades formativas que emergen del mundo juvenil.<\/p>\n<p>El di\u00e1logo entre Maestras de Novicias ayudar\u00e1 a profundizar en este campo tan delicado de los procesos formativos, ya que compartir\u00e1n objetivos, recorridos, senderos interrumpidos, esperas pacientes, interrogantes, dificultades relacionales y sinton\u00edas en los senderos evang\u00e9licos y carism\u00e1ticos.<\/p>\n<p>El programa de la Mesa redonda \u2014moderada por <strong>sor Pina Del Core, FMA<\/strong>, docente de Discernimiento y acompa\u00f1amiento vocacional en la Facultad \u00abAuxilium\u00bb\u2014, tras los saludos iniciales de la Decana, <strong>sor Piera Silvia Ruffinatto<\/strong>, prev\u00e9 las intervenciones de:<\/p>\n<ul>\n<li><strong>Sor Simona Brambilla<\/strong> &#8211; Prefecta del Dicasterio para la Vida Consagrada y las Sociedades de Vida Apost\u00f3lica &#8211; Hermanas Misioneras de la Consolata.<\/li>\n<li><strong>Sor Luisa Menozzi<\/strong> &#8211; Maestra del Noviciado internacional \u201cMar\u00eda Auxiliadora\u201d de Castelgandolfo, Roma &#8211; Hijas de Mar\u00eda Auxiliadora.<\/li>\n<li><strong>Sor Rosa Matilde Tellez<\/strong> &#8211; Ex Maestra del Noviciado \u201cSan Antonio\u201d en Texas, Estados Unidos &#8211; Hermanas Misioneras Combonianas.<\/li>\n<li><strong>Sor Emarianne Campanha Teixeira<\/strong> &#8211; Maestra del Noviciado internacional \u201cMadre Chiara Ricci\u201d (Santa Mar\u00eda de los \u00c1ngeles-As\u00eds, Perugia) &#8211; Hermanas Franciscanas Angelinas.<\/li>\n<\/ul>\n<p>Un intercambio entre las ponentes y el p\u00fablico presente concluir\u00e1 la tarde de estudio.<\/p>\n<p><strong>Para solicitar la participaci\u00f3n online:<\/strong> enviar un correo electr\u00f3nico a <strong>auxformatrici@gmail.com\u00a0<\/strong>para recibir el enlace de conexi\u00f3n.<\/p>\n<p><strong><span style=\"color: #0000ff;\"><a style=\"color: #0000ff;\" href=\"https:\/\/www.pfse-auxilium.org\/sites\/it\/assets\/pdf\/eventi\/formatrici2026-programma.jpg\">Programa<\/a><\/span><\/strong><\/p>\n<p><span style=\"color: #0000ff;\"><strong><a style=\"color: #0000ff;\" href=\"https:\/\/www.pfse-auxilium.org\/it\/notizie\/2026\/tavola-rotonda-sullaccompagnamento-formativo\/\" target=\"_blank\" rel=\"noopener\">M\u00e1s Informaci\u00f3n<\/a><\/strong><\/span><\/p>\n","protected":false},"excerpt":{"rendered":"<p>Roma (Italia). El 26 de marzo de 2026, de las 15:00 a las 18:00 horas, en la Pontificia Facultad de Ciencias de la Educaci\u00f3n \u00abAuxilium\u00bb y online a trav\u00e9s de [&hellip;]<\/p>\n","protected":false},"author":21,"featured_media":155163,"comment_status":"open","ping_status":"closed","sticky":false,"template":"","format":"standard","meta":{"footnotes":""},"categories":[158,175],"tags":[402,1670,1807,1931,2168],"class_list":["post-155168","post","type-post","status-publish","format-standard","has-post-thumbnail","category-ifma-es","category-cultura-vocacional-es","tag-noviciado","tag-carisma-salesiano-es","tag-auxilium-es","tag-focus-es","tag-formazione-es"],"yoast_head":"<!-- This site is optimized with the Yoast SEO plugin v27.4 - https:\/\/yoast.com\/product\/yoast-seo-wordpress\/ -->\n<title>El acompa\u00f1amiento formativo en el Noviciado - Mesa redonda &#8226; Istituto Figlie di Maria Ausiliatrice<\/title>\n<meta name=\"description\" content=\"El 26 de marzo de 2026, en la Pontificia Facultad de Ciencias de la Educaci\u00f3n \u00abAuxilium\u00bb y de forma online, se llevar\u00e1 a cabo la mesa redonda sobre el tema: \u00abEl acompa\u00f1amiento formativo en el Noviciado\u00bb.\" \/>\n<meta name=\"robots\" content=\"index, follow, max-snippet:-1, max-image-preview:large, max-video-preview:-1\" \/>\n<link rel=\"canonical\" href=\"https:\/\/www.cgfmanet.org\/es\/ifma-es\/cultura-vocacional-es\/el-acompanamiento-formativo-en-el-noviciado-mesa-redonda\/\" \/>\n<meta property=\"og:locale\" content=\"es_ES\" \/>\n<meta property=\"og:type\" content=\"article\" \/>\n<meta property=\"og:title\" content=\"El acompa\u00f1amiento formativo en el Noviciado - Mesa redonda &#8226; Istituto Figlie di Maria Ausiliatrice\" \/>\n<meta property=\"og:description\" content=\"El 26 de marzo de 2026, en la Pontificia Facultad de Ciencias de la Educaci\u00f3n \u00abAuxilium\u00bb y de forma online, se llevar\u00e1 a cabo la mesa redonda sobre el tema: \u00abEl acompa\u00f1amiento formativo en el Noviciado\u00bb.\" \/>\n<meta property=\"og:url\" content=\"https:\/\/www.cgfmanet.org\/es\/ifma-es\/cultura-vocacional-es\/el-acompanamiento-formativo-en-el-noviciado-mesa-redonda\/\" \/>\n<meta property=\"og:site_name\" content=\"Istituto Figlie di Maria Ausiliatrice\" \/>\n<meta property=\"article:publisher\" content=\"https:\/\/www.facebook.com\/salesian.sisters.of.don.bosco\/\" \/>\n<meta property=\"article:published_time\" content=\"2026-03-23T14:29:37+00:00\" \/>\n<meta property=\"article:modified_time\" content=\"2026-03-25T23:03:36+00:00\" \/>\n<meta property=\"og:image\" content=\"https:\/\/www.cgfmanet.org\/wp-content\/uploads\/2026\/03\/Tavola-rotonda-Auxilium.jpg\" \/>\n\t<meta property=\"og:image:width\" content=\"1200\" \/>\n\t<meta property=\"og:image:height\" content=\"800\" \/>\n\t<meta property=\"og:image:type\" content=\"image\/jpeg\" \/>\n<meta name=\"author\" content=\"Redazione\" \/>\n<meta name=\"twitter:card\" content=\"summary_large_image\" \/>\n<meta name=\"twitter:creator\" content=\"@Cgfmanet_Org\" \/>\n<meta name=\"twitter:site\" content=\"@Cgfmanet_Org\" \/>\n<meta name=\"twitter:label1\" content=\"Escrito por\" \/>\n\t<meta name=\"twitter:data1\" content=\"Redazione\" \/>\n\t<meta name=\"twitter:label2\" content=\"Tiempo de lectura\" \/>\n\t<meta name=\"twitter:data2\" content=\"3 minutos\" \/>\n<script type=\"application\/ld+json\" class=\"yoast-schema-graph\">{\"@context\":\"https:\\\/\\\/schema.org\",\"@graph\":[{\"@type\":\"Article\",\"@id\":\"https:\\\/\\\/www.cgfmanet.org\\\/es\\\/ifma-es\\\/cultura-vocacional-es\\\/el-acompanamiento-formativo-en-el-noviciado-mesa-redonda\\\/#article\",\"isPartOf\":{\"@id\":\"https:\\\/\\\/www.cgfmanet.org\\\/es\\\/ifma-es\\\/cultura-vocacional-es\\\/el-acompanamiento-formativo-en-el-noviciado-mesa-redonda\\\/\"},\"author\":{\"name\":\"Redazione\",\"@id\":\"https:\\\/\\\/www.cgfmanet.org\\\/es\\\/#\\\/schema\\\/person\\\/ce6473083f53ef0ef882cca23f0c8fb9\"},\"headline\":\"El acompa\u00f1amiento formativo en el Noviciado &#8211; Mesa redonda\",\"datePublished\":\"2026-03-23T14:29:37+00:00\",\"dateModified\":\"2026-03-25T23:03:36+00:00\",\"mainEntityOfPage\":{\"@id\":\"https:\\\/\\\/www.cgfmanet.org\\\/es\\\/ifma-es\\\/cultura-vocacional-es\\\/el-acompanamiento-formativo-en-el-noviciado-mesa-redonda\\\/\"},\"wordCount\":409,\"commentCount\":0,\"publisher\":{\"@id\":\"https:\\\/\\\/www.cgfmanet.org\\\/es\\\/#organization\"},\"image\":{\"@id\":\"https:\\\/\\\/www.cgfmanet.org\\\/es\\\/ifma-es\\\/cultura-vocacional-es\\\/el-acompanamiento-formativo-en-el-noviciado-mesa-redonda\\\/#primaryimage\"},\"thumbnailUrl\":\"https:\\\/\\\/www.cgfmanet.org\\\/wp-content\\\/uploads\\\/2026\\\/03\\\/Tavola-rotonda-Auxilium.jpg\",\"keywords\":[\"Noviciado\",\"Carisma salesiano\",\"Auxilium\",\"Focus\",\"Formazione\"],\"articleSection\":[\"IFMA\",\"Cultura Vocacional\"],\"inLanguage\":\"es\",\"potentialAction\":[{\"@type\":\"CommentAction\",\"name\":\"Comment\",\"target\":[\"https:\\\/\\\/www.cgfmanet.org\\\/es\\\/ifma-es\\\/cultura-vocacional-es\\\/el-acompanamiento-formativo-en-el-noviciado-mesa-redonda\\\/#respond\"]}]},{\"@type\":\"WebPage\",\"@id\":\"https:\\\/\\\/www.cgfmanet.org\\\/es\\\/ifma-es\\\/cultura-vocacional-es\\\/el-acompanamiento-formativo-en-el-noviciado-mesa-redonda\\\/\",\"url\":\"https:\\\/\\\/www.cgfmanet.org\\\/es\\\/ifma-es\\\/cultura-vocacional-es\\\/el-acompanamiento-formativo-en-el-noviciado-mesa-redonda\\\/\",\"name\":\"El acompa\u00f1amiento formativo en el Noviciado - Mesa redonda &#8226; Istituto Figlie di Maria Ausiliatrice\",\"isPartOf\":{\"@id\":\"https:\\\/\\\/www.cgfmanet.org\\\/es\\\/#website\"},\"primaryImageOfPage\":{\"@id\":\"https:\\\/\\\/www.cgfmanet.org\\\/es\\\/ifma-es\\\/cultura-vocacional-es\\\/el-acompanamiento-formativo-en-el-noviciado-mesa-redonda\\\/#primaryimage\"},\"image\":{\"@id\":\"https:\\\/\\\/www.cgfmanet.org\\\/es\\\/ifma-es\\\/cultura-vocacional-es\\\/el-acompanamiento-formativo-en-el-noviciado-mesa-redonda\\\/#primaryimage\"},\"thumbnailUrl\":\"https:\\\/\\\/www.cgfmanet.org\\\/wp-content\\\/uploads\\\/2026\\\/03\\\/Tavola-rotonda-Auxilium.jpg\",\"datePublished\":\"2026-03-23T14:29:37+00:00\",\"dateModified\":\"2026-03-25T23:03:36+00:00\",\"description\":\"El 26 de marzo de 2026, en la Pontificia Facultad de Ciencias de la Educaci\u00f3n \u00abAuxilium\u00bb y de forma online, se llevar\u00e1 a cabo la mesa redonda sobre el tema: \u00abEl acompa\u00f1amiento formativo en el Noviciado\u00bb.\",\"breadcrumb\":{\"@id\":\"https:\\\/\\\/www.cgfmanet.org\\\/es\\\/ifma-es\\\/cultura-vocacional-es\\\/el-acompanamiento-formativo-en-el-noviciado-mesa-redonda\\\/#breadcrumb\"},\"inLanguage\":\"es\",\"potentialAction\":[{\"@type\":\"ReadAction\",\"target\":[\"https:\\\/\\\/www.cgfmanet.org\\\/es\\\/ifma-es\\\/cultura-vocacional-es\\\/el-acompanamiento-formativo-en-el-noviciado-mesa-redonda\\\/\"]}]},{\"@type\":\"ImageObject\",\"inLanguage\":\"es\",\"@id\":\"https:\\\/\\\/www.cgfmanet.org\\\/es\\\/ifma-es\\\/cultura-vocacional-es\\\/el-acompanamiento-formativo-en-el-noviciado-mesa-redonda\\\/#primaryimage\",\"url\":\"https:\\\/\\\/www.cgfmanet.org\\\/wp-content\\\/uploads\\\/2026\\\/03\\\/Tavola-rotonda-Auxilium.jpg\",\"contentUrl\":\"https:\\\/\\\/www.cgfmanet.org\\\/wp-content\\\/uploads\\\/2026\\\/03\\\/Tavola-rotonda-Auxilium.jpg\",\"width\":1200,\"height\":800},{\"@type\":\"BreadcrumbList\",\"@id\":\"https:\\\/\\\/www.cgfmanet.org\\\/es\\\/ifma-es\\\/cultura-vocacional-es\\\/el-acompanamiento-formativo-en-el-noviciado-mesa-redonda\\\/#breadcrumb\",\"itemListElement\":[{\"@type\":\"ListItem\",\"position\":1,\"name\":\"Home\",\"item\":\"https:\\\/\\\/www.cgfmanet.org\\\/es\\\/\"},{\"@type\":\"ListItem\",\"position\":2,\"name\":\"El acompa\u00f1amiento formativo en el Noviciado &#8211; Mesa redonda\"}]},{\"@type\":\"WebSite\",\"@id\":\"https:\\\/\\\/www.cgfmanet.org\\\/es\\\/#website\",\"url\":\"https:\\\/\\\/www.cgfmanet.org\\\/es\\\/\",\"name\":\"Istituto Figlie di Maria Ausiliatrice\",\"description\":\"Salesiane di Don Bosco\",\"publisher\":{\"@id\":\"https:\\\/\\\/www.cgfmanet.org\\\/es\\\/#organization\"},\"potentialAction\":[{\"@type\":\"SearchAction\",\"target\":{\"@type\":\"EntryPoint\",\"urlTemplate\":\"https:\\\/\\\/www.cgfmanet.org\\\/es\\\/?s={search_term_string}\"},\"query-input\":{\"@type\":\"PropertyValueSpecification\",\"valueRequired\":true,\"valueName\":\"search_term_string\"}}],\"inLanguage\":\"es\"},{\"@type\":\"Organization\",\"@id\":\"https:\\\/\\\/www.cgfmanet.org\\\/es\\\/#organization\",\"name\":\"Istituto Figlie di Maria Ausiliatrice\",\"url\":\"https:\\\/\\\/www.cgfmanet.org\\\/es\\\/\",\"logo\":{\"@type\":\"ImageObject\",\"inLanguage\":\"es\",\"@id\":\"https:\\\/\\\/www.cgfmanet.org\\\/es\\\/#\\\/schema\\\/logo\\\/image\\\/\",\"url\":\"https:\\\/\\\/www.cgfmanet.org\\\/wp-content\\\/uploads\\\/2018\\\/10\\\/logo-fma.png\",\"contentUrl\":\"https:\\\/\\\/www.cgfmanet.org\\\/wp-content\\\/uploads\\\/2018\\\/10\\\/logo-fma.png\",\"width\":214,\"height\":55,\"caption\":\"Istituto Figlie di Maria Ausiliatrice\"},\"image\":{\"@id\":\"https:\\\/\\\/www.cgfmanet.org\\\/es\\\/#\\\/schema\\\/logo\\\/image\\\/\"},\"sameAs\":[\"https:\\\/\\\/www.facebook.com\\\/salesian.sisters.of.don.bosco\\\/\",\"https:\\\/\\\/x.com\\\/Cgfmanet_Org\",\"https:\\\/\\\/www.youtube.com\\\/channel\\\/UCmcr8yFQBV7JXeXVxyV9y5Q\"]},{\"@type\":\"Person\",\"@id\":\"https:\\\/\\\/www.cgfmanet.org\\\/es\\\/#\\\/schema\\\/person\\\/ce6473083f53ef0ef882cca23f0c8fb9\",\"name\":\"Redazione\"}]}<\/script>\n<!-- \/ Yoast SEO plugin. -->","yoast_head_json":{"title":"El acompa\u00f1amiento formativo en el Noviciado - Mesa redonda &#8226; Istituto Figlie di Maria Ausiliatrice","description":"El 26 de marzo de 2026, en la Pontificia Facultad de Ciencias de la Educaci\u00f3n \u00abAuxilium\u00bb y de forma online, se llevar\u00e1 a cabo la mesa redonda sobre el tema: \u00abEl acompa\u00f1amiento formativo en el Noviciado\u00bb.","robots":{"index":"index","follow":"follow","max-snippet":"max-snippet:-1","max-image-preview":"max-image-preview:large","max-video-preview":"max-video-preview:-1"},"canonical":"https:\/\/www.cgfmanet.org\/es\/ifma-es\/cultura-vocacional-es\/el-acompanamiento-formativo-en-el-noviciado-mesa-redonda\/","og_locale":"es_ES","og_type":"article","og_title":"El acompa\u00f1amiento formativo en el Noviciado - Mesa redonda &#8226; Istituto Figlie di Maria Ausiliatrice","og_description":"El 26 de marzo de 2026, en la Pontificia Facultad de Ciencias de la Educaci\u00f3n \u00abAuxilium\u00bb y de forma online, se llevar\u00e1 a cabo la mesa redonda sobre el tema: \u00abEl acompa\u00f1amiento formativo en el Noviciado\u00bb.","og_url":"https:\/\/www.cgfmanet.org\/es\/ifma-es\/cultura-vocacional-es\/el-acompanamiento-formativo-en-el-noviciado-mesa-redonda\/","og_site_name":"Istituto Figlie di Maria Ausiliatrice","article_publisher":"https:\/\/www.facebook.com\/salesian.sisters.of.don.bosco\/","article_published_time":"2026-03-23T14:29:37+00:00","article_modified_time":"2026-03-25T23:03:36+00:00","og_image":[{"width":1200,"height":800,"url":"https:\/\/www.cgfmanet.org\/wp-content\/uploads\/2026\/03\/Tavola-rotonda-Auxilium.jpg","type":"image\/jpeg"}],"author":"Redazione","twitter_card":"summary_large_image","twitter_creator":"@Cgfmanet_Org","twitter_site":"@Cgfmanet_Org","twitter_misc":{"Escrito por":"Redazione","Tiempo de lectura":"3 minutos"},"schema":{"@context":"https:\/\/schema.org","@graph":[{"@type":"Article","@id":"https:\/\/www.cgfmanet.org\/es\/ifma-es\/cultura-vocacional-es\/el-acompanamiento-formativo-en-el-noviciado-mesa-redonda\/#article","isPartOf":{"@id":"https:\/\/www.cgfmanet.org\/es\/ifma-es\/cultura-vocacional-es\/el-acompanamiento-formativo-en-el-noviciado-mesa-redonda\/"},"author":{"name":"Redazione","@id":"https:\/\/www.cgfmanet.org\/es\/#\/schema\/person\/ce6473083f53ef0ef882cca23f0c8fb9"},"headline":"El acompa\u00f1amiento formativo en el Noviciado &#8211; Mesa redonda","datePublished":"2026-03-23T14:29:37+00:00","dateModified":"2026-03-25T23:03:36+00:00","mainEntityOfPage":{"@id":"https:\/\/www.cgfmanet.org\/es\/ifma-es\/cultura-vocacional-es\/el-acompanamiento-formativo-en-el-noviciado-mesa-redonda\/"},"wordCount":409,"commentCount":0,"publisher":{"@id":"https:\/\/www.cgfmanet.org\/es\/#organization"},"image":{"@id":"https:\/\/www.cgfmanet.org\/es\/ifma-es\/cultura-vocacional-es\/el-acompanamiento-formativo-en-el-noviciado-mesa-redonda\/#primaryimage"},"thumbnailUrl":"https:\/\/www.cgfmanet.org\/wp-content\/uploads\/2026\/03\/Tavola-rotonda-Auxilium.jpg","keywords":["Noviciado","Carisma salesiano","Auxilium","Focus","Formazione"],"articleSection":["IFMA","Cultura Vocacional"],"inLanguage":"es","potentialAction":[{"@type":"CommentAction","name":"Comment","target":["https:\/\/www.cgfmanet.org\/es\/ifma-es\/cultura-vocacional-es\/el-acompanamiento-formativo-en-el-noviciado-mesa-redonda\/#respond"]}]},{"@type":"WebPage","@id":"https:\/\/www.cgfmanet.org\/es\/ifma-es\/cultura-vocacional-es\/el-acompanamiento-formativo-en-el-noviciado-mesa-redonda\/","url":"https:\/\/www.cgfmanet.org\/es\/ifma-es\/cultura-vocacional-es\/el-acompanamiento-formativo-en-el-noviciado-mesa-redonda\/","name":"El acompa\u00f1amiento formativo en el Noviciado - Mesa redonda &#8226; Istituto Figlie di Maria Ausiliatrice","isPartOf":{"@id":"https:\/\/www.cgfmanet.org\/es\/#website"},"primaryImageOfPage":{"@id":"https:\/\/www.cgfmanet.org\/es\/ifma-es\/cultura-vocacional-es\/el-acompanamiento-formativo-en-el-noviciado-mesa-redonda\/#primaryimage"},"image":{"@id":"https:\/\/www.cgfmanet.org\/es\/ifma-es\/cultura-vocacional-es\/el-acompanamiento-formativo-en-el-noviciado-mesa-redonda\/#primaryimage"},"thumbnailUrl":"https:\/\/www.cgfmanet.org\/wp-content\/uploads\/2026\/03\/Tavola-rotonda-Auxilium.jpg","datePublished":"2026-03-23T14:29:37+00:00","dateModified":"2026-03-25T23:03:36+00:00","description":"El 26 de marzo de 2026, en la Pontificia Facultad de Ciencias de la Educaci\u00f3n \u00abAuxilium\u00bb y de forma online, se llevar\u00e1 a cabo la mesa redonda sobre el tema: \u00abEl acompa\u00f1amiento formativo en el Noviciado\u00bb.","breadcrumb":{"@id":"https:\/\/www.cgfmanet.org\/es\/ifma-es\/cultura-vocacional-es\/el-acompanamiento-formativo-en-el-noviciado-mesa-redonda\/#breadcrumb"},"inLanguage":"es","potentialAction":[{"@type":"ReadAction","target":["https:\/\/www.cgfmanet.org\/es\/ifma-es\/cultura-vocacional-es\/el-acompanamiento-formativo-en-el-noviciado-mesa-redonda\/"]}]},{"@type":"ImageObject","inLanguage":"es","@id":"https:\/\/www.cgfmanet.org\/es\/ifma-es\/cultura-vocacional-es\/el-acompanamiento-formativo-en-el-noviciado-mesa-redonda\/#primaryimage","url":"https:\/\/www.cgfmanet.org\/wp-content\/uploads\/2026\/03\/Tavola-rotonda-Auxilium.jpg","contentUrl":"https:\/\/www.cgfmanet.org\/wp-content\/uploads\/2026\/03\/Tavola-rotonda-Auxilium.jpg","width":1200,"height":800},{"@type":"BreadcrumbList","@id":"https:\/\/www.cgfmanet.org\/es\/ifma-es\/cultura-vocacional-es\/el-acompanamiento-formativo-en-el-noviciado-mesa-redonda\/#breadcrumb","itemListElement":[{"@type":"ListItem","position":1,"name":"Home","item":"https:\/\/www.cgfmanet.org\/es\/"},{"@type":"ListItem","position":2,"name":"El acompa\u00f1amiento formativo en el Noviciado &#8211; Mesa redonda"}]},{"@type":"WebSite","@id":"https:\/\/www.cgfmanet.org\/es\/#website","url":"https:\/\/www.cgfmanet.org\/es\/","name":"Istituto Figlie di Maria Ausiliatrice","description":"Salesiane di Don Bosco","publisher":{"@id":"https:\/\/www.cgfmanet.org\/es\/#organization"},"potentialAction":[{"@type":"SearchAction","target":{"@type":"EntryPoint","urlTemplate":"https:\/\/www.cgfmanet.org\/es\/?s={search_term_string}"},"query-input":{"@type":"PropertyValueSpecification","valueRequired":true,"valueName":"search_term_string"}}],"inLanguage":"es"},{"@type":"Organization","@id":"https:\/\/www.cgfmanet.org\/es\/#organization","name":"Istituto Figlie di Maria Ausiliatrice","url":"https:\/\/www.cgfmanet.org\/es\/","logo":{"@type":"ImageObject","inLanguage":"es","@id":"https:\/\/www.cgfmanet.org\/es\/#\/schema\/logo\/image\/","url":"https:\/\/www.cgfmanet.org\/wp-content\/uploads\/2018\/10\/logo-fma.png","contentUrl":"https:\/\/www.cgfmanet.org\/wp-content\/uploads\/2018\/10\/logo-fma.png","width":214,"height":55,"caption":"Istituto Figlie di Maria Ausiliatrice"},"image":{"@id":"https:\/\/www.cgfmanet.org\/es\/#\/schema\/logo\/image\/"},"sameAs":["https:\/\/www.facebook.com\/salesian.sisters.of.don.bosco\/","https:\/\/x.com\/Cgfmanet_Org","https:\/\/www.youtube.com\/channel\/UCmcr8yFQBV7JXeXVxyV9y5Q"]},{"@type":"Person","@id":"https:\/\/www.cgfmanet.org\/es\/#\/schema\/person\/ce6473083f53ef0ef882cca23f0c8fb9","name":"Redazione"}]}},"_links":{"self":[{"href":"https:\/\/www.cgfmanet.org\/es\/wp-json\/wp\/v2\/posts\/155168","targetHints":{"allow":["GET"]}}],"collection":[{"href":"https:\/\/www.cgfmanet.org\/es\/wp-json\/wp\/v2\/posts"}],"about":[{"href":"https:\/\/www.cgfmanet.org\/es\/wp-json\/wp\/v2\/types\/post"}],"author":[{"embeddable":true,"href":"https:\/\/www.cgfmanet.org\/es\/wp-json\/wp\/v2\/users\/21"}],"replies":[{"embeddable":true,"href":"https:\/\/www.cgfmanet.org\/es\/wp-json\/wp\/v2\/comments?post=155168"}],"version-history":[{"count":3,"href":"https:\/\/www.cgfmanet.org\/es\/wp-json\/wp\/v2\/posts\/155168\/revisions"}],"predecessor-version":[{"id":155194,"href":"https:\/\/www.cgfmanet.org\/es\/wp-json\/wp\/v2\/posts\/155168\/revisions\/155194"}],"wp:featuredmedia":[{"embeddable":true,"href":"https:\/\/www.cgfmanet.org\/es\/wp-json\/wp\/v2\/media\/155163"}],"wp:attachment":[{"href":"https:\/\/www.cgfmanet.org\/es\/wp-json\/wp\/v2\/media?parent=155168"}],"wp:term":[{"taxonomy":"category","embeddable":true,"href":"https:\/\/www.cgfmanet.org\/es\/wp-json\/wp\/v2\/categories?post=155168"},{"taxonomy":"post_tag","embeddable":true,"href":"https:\/\/www.cgfmanet.org\/es\/wp-json\/wp\/v2\/tags?post=155168"}],"curies":[{"name":"wp","href":"https:\/\/api.w.org\/{rel}","templated":true}]}}