{"id":155153,"date":"2026-03-23T09:50:15","date_gmt":"2026-03-23T08:50:15","guid":{"rendered":"https:\/\/www.cgfmanet.org\/infoesfera\/2-incontro-pellegrinaggio-online-pem-sguardo-ampio-la-visione\/"},"modified":"2026-03-25T23:39:03","modified_gmt":"2026-03-25T22:39:03","slug":"2-encuentro-de-peregrinacion-online-pem-mirada-amplia-la-vision","status":"publish","type":"post","link":"https:\/\/www.cgfmanet.org\/es\/ifma-es\/2-encuentro-de-peregrinacion-online-pem-mirada-amplia-la-vision\/","title":{"rendered":"2\u00b0 encuentro de Peregrinaci\u00f3n online PEM: mirada amplia \u2013 la visi\u00f3n"},"content":{"rendered":"<p><strong>Roma (Italia).<\/strong> El domingo 22 de marzo de 2026 se celebr\u00f3 el segundo encuentro de Peregrinaci\u00f3n online del Proyecto de Espiritualidad Misionera (PEM), organizado por el \u00c1mbito para las Misiones del Instituto de las Hijas de Mar\u00eda Auxiliadora en colaboraci\u00f3n con el Equipo del PEM, sobre los lugares del continente americano donde llegaron las primeras FMA en 1877.<\/p>\n<p>El recorrido, compuesto por ocho etapas, se sit\u00faa en el camino del Trienio de preparaci\u00f3n al 150\u00b0 de la Primera Expedici\u00f3n Misionera (2024-2027) bajo el tema <strong>\u201cAhora es tiempo de reavivar el fuego \u2013 150\u00b0 de las misiones FMA\u201d<\/strong>, con el objetivo de:<\/p>\n<p>\u201ccelebrar con coraz\u00f3n agradecido el ardor misionero del Instituto para reavivar en el hoy de la contemporaneidad, el impulso prof\u00e9tico de nuestro carisma como don a la Iglesia y a la humanidad\u201d (Circular n\u00b0 1038).<\/p>\n<p>Despu\u00e9s del 1\u00b0 encuentro sobre Villa Col\u00f3n \u2013 Las Piedras en Uruguay, en esta segunda etapa se hizo una parada en <strong>Almagro \u2013 La Boca<\/strong> para subrayar la amplia perspectiva misionera que ensancha los horizontes de las primeras misioneras, quienes se atreven a cruzar otra frontera para vivir el Carisma mornesino en una nueva tierra: <strong>Argentina<\/strong>. En la \u00abNiza de Am\u00e9rica\u00bb, despliegan el carisma de madres y educadoras heredado de Mar\u00eda Dominga Mazzarello.<\/p>\n<p>La Cr\u00f3nica de la comunidad de Almagro relata: <em>\u201cEl 26 de enero de 1879 lleg\u00f3 a estas playas la Segunda Expedici\u00f3n de las Hermanas de N. S. Auxiliadora. Estaba liderada por Sor M. Magdalena Martini, quien ocupaba el cargo de Inspectora con residencia en Buenos Aires. Esta expedici\u00f3n estaba compuesta por 10 hermanas, de las cuales 4 se quedaron en Col\u00f3n de Montevideo, a saber: Sor Filomena Balduzzi, Sor Victoria Cant\u00fa, Sor Virginia Magone y Sor Josefa Vergniaud. Las otras seis vinieron a Buenos Aires para fundar la Casa de Almagro, y eran: Sor M. Magdalena Martini, Sor Jacinta Olivieri, Sor Dominga Roletti, Sor Emilia Borgna, Sor Mar\u00eda Magdeleine y Sor Catalina Fino. En Almagro tuvieron la suerte de habitar en una casa muy pobre, que llamaron &#8216;Ranchito&#8217;, muy cerca del Colegio P\u00edo IX de Artes y Oficios. Esta era la Casa del Noviciado donde cada a\u00f1o se realizaban los Ejercicios Espirituales\u201d.<\/em><\/p>\n<p><strong>Sor Ruth del Pilar Mora<\/strong>, Consejera General para las Misiones, en el saludo inicial, exhort\u00f3 a todos\/as los\/las participantes del Peregrinaje a tener:<\/p>\n<p>\u201cUna mirada amplia que nace cuando aprendemos a ver la realidad con los ojos de Dios que en Jes\u00fas se hizo accesible a nuestra comprensi\u00f3n. En los Evangelios, Jes\u00fas se detiene ante las personas, las mira con amor, su mirada no juzga, regenera; no excluye, incluye; no se queda en la apariencia, sino que descubre potencialidades y esperanzas. Tener una mirada amplia significa comprender que la misi\u00f3n no es nuestra, sino que es participaci\u00f3n en el amor de Dios por cada persona, de cada tiempo y cultura\u201d.<\/p>\n<p>\u201cLas primeras misioneras FMA que partieron hacia Am\u00e9rica \u2014destac\u00f3 tambi\u00e9n Sor Ruth\u2014 llevaron consigo esta mirada: no solo un proyecto educativo, sino la capacidad de reconocer el bien ya presente, de valorar a las personas, de tejer relaciones de confianza y de amistad en el t\u00edpico estilo de familia.<\/p>\n<p>Al llegar a Argentina, la &#8216;Niza d\u2019Am\u00e9rica&#8217;, encarnaron el Carisma con apertura, creatividad y respeto, creando comunidades que educaban con amor y presencia. Tambi\u00e9n hoy, en nuestras comunidades educativas, estamos llamados a una mirada que: <strong>reconoce las semillas de bien en los j\u00f3venes, valora las diferencias culturales, abre espacios de di\u00e1logo y construye puentes.<\/strong> Es una mirada que transforma la misi\u00f3n en acci\u00f3n concreta, en proximidad para quien se siente solo, en gestos de gratuita bondad, en presencias capaces de generar juntos esperanza y futuro\u00bb.<\/p>\n<p>El evento \u2014animado por las hermanas del \u00c1mbito para las Misiones, los miembros del Global Missio Team, las hermanas de la Comisi\u00f3n de los 150\u00b0 de la Primera Expedici\u00f3n Misionera y del Equipo PEM\u2014 cont\u00f3 con la participaci\u00f3n viva e interesada de tantas Comunidades Educativas de todos los continentes, que eligieron este momento de animaci\u00f3n para dejarse ensanchar los horizontes y hacer de Cristo el coraz\u00f3n del mundo y de su identidad personal.<\/p>\n<p><strong><span style=\"color: #0000ff;\"><a style=\"color: #0000ff;\" href=\"https:\/\/drive.google.com\/drive\/u\/1\/folders\/1ByDnIIczb5HeVXOhZaAS6W9J8deCguGG\" target=\"_blank\" rel=\"noopener\">Materiales<\/a><\/span><\/strong><\/p>\n<p><span style=\"color: #0000ff;\"><strong><a style=\"color: #0000ff;\" href=\"https:\/\/www.youtube.com\/@PEM-FMA\" target=\"_blank\" rel=\"noopener\">Video<\/a><\/strong><\/span><\/p>\n","protected":false},"excerpt":{"rendered":"<p>Roma (Italia). El domingo 22 de marzo de 2026 se celebr\u00f3 el segundo encuentro de Peregrinaci\u00f3n online del Proyecto de Espiritualidad Misionera (PEM), organizado por el \u00c1mbito para las Misiones [&hellip;]<\/p>\n","protected":false},"author":21,"featured_media":155148,"comment_status":"open","ping_status":"closed","sticky":false,"template":"","format":"standard","meta":{"footnotes":""},"categories":[2470,158],"tags":[1670,1792,1931,2464],"class_list":["post-155153","post","type-post","status-publish","format-standard","has-post-thumbnail","category-150-misiones-fma","category-ifma-es","tag-carisma-salesiano-es","tag-espiritu-misionero","tag-focus-es","tag-150-misiones-fma"],"yoast_head":"<!-- This site is optimized with the Yoast SEO plugin v27.4 - https:\/\/yoast.com\/product\/yoast-seo-wordpress\/ -->\n<title>2\u00b0 encuentro de Peregrinaci\u00f3n online PEM: mirada amplia \u2013 la visi\u00f3n &#8226; Istituto Figlie di Maria Ausiliatrice<\/title>\n<meta name=\"description\" content=\"El 22 de marzo de 2026 se llev\u00f3 a cabo el 2\u00b0 encuentro de Peregrinaci\u00f3n online PEM hacia el 150\u00b0 de la 1\u00aa Expedici\u00f3n Misionera.\" \/>\n<meta name=\"robots\" content=\"index, follow, max-snippet:-1, max-image-preview:large, max-video-preview:-1\" \/>\n<link rel=\"canonical\" href=\"https:\/\/www.cgfmanet.org\/es\/ifma-es\/2-encuentro-de-peregrinacion-online-pem-mirada-amplia-la-vision\/\" \/>\n<meta property=\"og:locale\" content=\"es_ES\" \/>\n<meta property=\"og:type\" content=\"article\" \/>\n<meta property=\"og:title\" content=\"2\u00b0 encuentro de Peregrinaci\u00f3n online PEM: mirada amplia \u2013 la visi\u00f3n &#8226; Istituto Figlie di Maria Ausiliatrice\" \/>\n<meta property=\"og:description\" content=\"El 22 de marzo de 2026 se llev\u00f3 a cabo el 2\u00b0 encuentro de Peregrinaci\u00f3n online PEM hacia el 150\u00b0 de la 1\u00aa Expedici\u00f3n Misionera.\" \/>\n<meta property=\"og:url\" content=\"https:\/\/www.cgfmanet.org\/es\/ifma-es\/2-encuentro-de-peregrinacion-online-pem-mirada-amplia-la-vision\/\" \/>\n<meta property=\"og:site_name\" content=\"Istituto Figlie di Maria Ausiliatrice\" \/>\n<meta property=\"article:publisher\" content=\"https:\/\/www.facebook.com\/salesian.sisters.of.don.bosco\/\" \/>\n<meta property=\"article:published_time\" content=\"2026-03-23T08:50:15+00:00\" \/>\n<meta property=\"article:modified_time\" content=\"2026-03-25T22:39:03+00:00\" \/>\n<meta property=\"og:image\" content=\"https:\/\/www.cgfmanet.org\/wp-content\/uploads\/2026\/03\/2-incontro_PEM-online-2026.jpg\" \/>\n\t<meta property=\"og:image:width\" content=\"1200\" \/>\n\t<meta property=\"og:image:height\" content=\"800\" \/>\n\t<meta property=\"og:image:type\" content=\"image\/jpeg\" \/>\n<meta name=\"author\" content=\"Redazione\" \/>\n<meta name=\"twitter:card\" content=\"summary_large_image\" \/>\n<meta name=\"twitter:creator\" content=\"@Cgfmanet_Org\" \/>\n<meta name=\"twitter:site\" content=\"@Cgfmanet_Org\" \/>\n<meta name=\"twitter:label1\" content=\"Escrito por\" \/>\n\t<meta name=\"twitter:data1\" content=\"Redazione\" \/>\n\t<meta name=\"twitter:label2\" content=\"Tiempo de lectura\" \/>\n\t<meta name=\"twitter:data2\" content=\"8 minutos\" \/>\n<script type=\"application\/ld+json\" class=\"yoast-schema-graph\">{\"@context\":\"https:\\\/\\\/schema.org\",\"@graph\":[{\"@type\":\"Article\",\"@id\":\"https:\\\/\\\/www.cgfmanet.org\\\/es\\\/ifma-es\\\/2-encuentro-de-peregrinacion-online-pem-mirada-amplia-la-vision\\\/#article\",\"isPartOf\":{\"@id\":\"https:\\\/\\\/www.cgfmanet.org\\\/es\\\/ifma-es\\\/2-encuentro-de-peregrinacion-online-pem-mirada-amplia-la-vision\\\/\"},\"author\":{\"name\":\"Redazione\",\"@id\":\"https:\\\/\\\/www.cgfmanet.org\\\/es\\\/#\\\/schema\\\/person\\\/ce6473083f53ef0ef882cca23f0c8fb9\"},\"headline\":\"2\u00b0 encuentro de Peregrinaci\u00f3n online PEM: mirada amplia \u2013 la visi\u00f3n\",\"datePublished\":\"2026-03-23T08:50:15+00:00\",\"dateModified\":\"2026-03-25T22:39:03+00:00\",\"mainEntityOfPage\":{\"@id\":\"https:\\\/\\\/www.cgfmanet.org\\\/es\\\/ifma-es\\\/2-encuentro-de-peregrinacion-online-pem-mirada-amplia-la-vision\\\/\"},\"wordCount\":717,\"commentCount\":2,\"publisher\":{\"@id\":\"https:\\\/\\\/www.cgfmanet.org\\\/es\\\/#organization\"},\"image\":{\"@id\":\"https:\\\/\\\/www.cgfmanet.org\\\/es\\\/ifma-es\\\/2-encuentro-de-peregrinacion-online-pem-mirada-amplia-la-vision\\\/#primaryimage\"},\"thumbnailUrl\":\"https:\\\/\\\/www.cgfmanet.org\\\/wp-content\\\/uploads\\\/2026\\\/03\\\/2-incontro_PEM-online-2026.jpg\",\"keywords\":[\"Carisma salesiano\",\"Esp\u00edritu misionero\",\"Focus\",\"150\u00b0 Misiones FMA\"],\"articleSection\":[\"150\u00b0 Misiones FMA\",\"IFMA\"],\"inLanguage\":\"es\",\"potentialAction\":[{\"@type\":\"CommentAction\",\"name\":\"Comment\",\"target\":[\"https:\\\/\\\/www.cgfmanet.org\\\/es\\\/ifma-es\\\/2-encuentro-de-peregrinacion-online-pem-mirada-amplia-la-vision\\\/#respond\"]}]},{\"@type\":\"WebPage\",\"@id\":\"https:\\\/\\\/www.cgfmanet.org\\\/es\\\/ifma-es\\\/2-encuentro-de-peregrinacion-online-pem-mirada-amplia-la-vision\\\/\",\"url\":\"https:\\\/\\\/www.cgfmanet.org\\\/es\\\/ifma-es\\\/2-encuentro-de-peregrinacion-online-pem-mirada-amplia-la-vision\\\/\",\"name\":\"2\u00b0 encuentro de Peregrinaci\u00f3n online PEM: mirada amplia \u2013 la visi\u00f3n &#8226; Istituto Figlie di Maria Ausiliatrice\",\"isPartOf\":{\"@id\":\"https:\\\/\\\/www.cgfmanet.org\\\/es\\\/#website\"},\"primaryImageOfPage\":{\"@id\":\"https:\\\/\\\/www.cgfmanet.org\\\/es\\\/ifma-es\\\/2-encuentro-de-peregrinacion-online-pem-mirada-amplia-la-vision\\\/#primaryimage\"},\"image\":{\"@id\":\"https:\\\/\\\/www.cgfmanet.org\\\/es\\\/ifma-es\\\/2-encuentro-de-peregrinacion-online-pem-mirada-amplia-la-vision\\\/#primaryimage\"},\"thumbnailUrl\":\"https:\\\/\\\/www.cgfmanet.org\\\/wp-content\\\/uploads\\\/2026\\\/03\\\/2-incontro_PEM-online-2026.jpg\",\"datePublished\":\"2026-03-23T08:50:15+00:00\",\"dateModified\":\"2026-03-25T22:39:03+00:00\",\"description\":\"El 22 de marzo de 2026 se llev\u00f3 a cabo el 2\u00b0 encuentro de Peregrinaci\u00f3n online PEM hacia el 150\u00b0 de la 1\u00aa Expedici\u00f3n Misionera.\",\"breadcrumb\":{\"@id\":\"https:\\\/\\\/www.cgfmanet.org\\\/es\\\/ifma-es\\\/2-encuentro-de-peregrinacion-online-pem-mirada-amplia-la-vision\\\/#breadcrumb\"},\"inLanguage\":\"es\",\"potentialAction\":[{\"@type\":\"ReadAction\",\"target\":[\"https:\\\/\\\/www.cgfmanet.org\\\/es\\\/ifma-es\\\/2-encuentro-de-peregrinacion-online-pem-mirada-amplia-la-vision\\\/\"]}]},{\"@type\":\"ImageObject\",\"inLanguage\":\"es\",\"@id\":\"https:\\\/\\\/www.cgfmanet.org\\\/es\\\/ifma-es\\\/2-encuentro-de-peregrinacion-online-pem-mirada-amplia-la-vision\\\/#primaryimage\",\"url\":\"https:\\\/\\\/www.cgfmanet.org\\\/wp-content\\\/uploads\\\/2026\\\/03\\\/2-incontro_PEM-online-2026.jpg\",\"contentUrl\":\"https:\\\/\\\/www.cgfmanet.org\\\/wp-content\\\/uploads\\\/2026\\\/03\\\/2-incontro_PEM-online-2026.jpg\",\"width\":1200,\"height\":800},{\"@type\":\"BreadcrumbList\",\"@id\":\"https:\\\/\\\/www.cgfmanet.org\\\/es\\\/ifma-es\\\/2-encuentro-de-peregrinacion-online-pem-mirada-amplia-la-vision\\\/#breadcrumb\",\"itemListElement\":[{\"@type\":\"ListItem\",\"position\":1,\"name\":\"Home\",\"item\":\"https:\\\/\\\/www.cgfmanet.org\\\/es\\\/\"},{\"@type\":\"ListItem\",\"position\":2,\"name\":\"2\u00b0 encuentro de Peregrinaci\u00f3n online PEM: mirada amplia \u2013 la visi\u00f3n\"}]},{\"@type\":\"WebSite\",\"@id\":\"https:\\\/\\\/www.cgfmanet.org\\\/es\\\/#website\",\"url\":\"https:\\\/\\\/www.cgfmanet.org\\\/es\\\/\",\"name\":\"Istituto Figlie di Maria Ausiliatrice\",\"description\":\"Salesiane di Don Bosco\",\"publisher\":{\"@id\":\"https:\\\/\\\/www.cgfmanet.org\\\/es\\\/#organization\"},\"potentialAction\":[{\"@type\":\"SearchAction\",\"target\":{\"@type\":\"EntryPoint\",\"urlTemplate\":\"https:\\\/\\\/www.cgfmanet.org\\\/es\\\/?s={search_term_string}\"},\"query-input\":{\"@type\":\"PropertyValueSpecification\",\"valueRequired\":true,\"valueName\":\"search_term_string\"}}],\"inLanguage\":\"es\"},{\"@type\":\"Organization\",\"@id\":\"https:\\\/\\\/www.cgfmanet.org\\\/es\\\/#organization\",\"name\":\"Istituto Figlie di Maria Ausiliatrice\",\"url\":\"https:\\\/\\\/www.cgfmanet.org\\\/es\\\/\",\"logo\":{\"@type\":\"ImageObject\",\"inLanguage\":\"es\",\"@id\":\"https:\\\/\\\/www.cgfmanet.org\\\/es\\\/#\\\/schema\\\/logo\\\/image\\\/\",\"url\":\"https:\\\/\\\/www.cgfmanet.org\\\/wp-content\\\/uploads\\\/2018\\\/10\\\/logo-fma.png\",\"contentUrl\":\"https:\\\/\\\/www.cgfmanet.org\\\/wp-content\\\/uploads\\\/2018\\\/10\\\/logo-fma.png\",\"width\":214,\"height\":55,\"caption\":\"Istituto Figlie di Maria Ausiliatrice\"},\"image\":{\"@id\":\"https:\\\/\\\/www.cgfmanet.org\\\/es\\\/#\\\/schema\\\/logo\\\/image\\\/\"},\"sameAs\":[\"https:\\\/\\\/www.facebook.com\\\/salesian.sisters.of.don.bosco\\\/\",\"https:\\\/\\\/x.com\\\/Cgfmanet_Org\",\"https:\\\/\\\/www.youtube.com\\\/channel\\\/UCmcr8yFQBV7JXeXVxyV9y5Q\"]},{\"@type\":\"Person\",\"@id\":\"https:\\\/\\\/www.cgfmanet.org\\\/es\\\/#\\\/schema\\\/person\\\/ce6473083f53ef0ef882cca23f0c8fb9\",\"name\":\"Redazione\"}]}<\/script>\n<!-- \/ Yoast SEO plugin. -->","yoast_head_json":{"title":"2\u00b0 encuentro de Peregrinaci\u00f3n online PEM: mirada amplia \u2013 la visi\u00f3n &#8226; Istituto Figlie di Maria Ausiliatrice","description":"El 22 de marzo de 2026 se llev\u00f3 a cabo el 2\u00b0 encuentro de Peregrinaci\u00f3n online PEM hacia el 150\u00b0 de la 1\u00aa Expedici\u00f3n Misionera.","robots":{"index":"index","follow":"follow","max-snippet":"max-snippet:-1","max-image-preview":"max-image-preview:large","max-video-preview":"max-video-preview:-1"},"canonical":"https:\/\/www.cgfmanet.org\/es\/ifma-es\/2-encuentro-de-peregrinacion-online-pem-mirada-amplia-la-vision\/","og_locale":"es_ES","og_type":"article","og_title":"2\u00b0 encuentro de Peregrinaci\u00f3n online PEM: mirada amplia \u2013 la visi\u00f3n &#8226; Istituto Figlie di Maria Ausiliatrice","og_description":"El 22 de marzo de 2026 se llev\u00f3 a cabo el 2\u00b0 encuentro de Peregrinaci\u00f3n online PEM hacia el 150\u00b0 de la 1\u00aa Expedici\u00f3n Misionera.","og_url":"https:\/\/www.cgfmanet.org\/es\/ifma-es\/2-encuentro-de-peregrinacion-online-pem-mirada-amplia-la-vision\/","og_site_name":"Istituto Figlie di Maria Ausiliatrice","article_publisher":"https:\/\/www.facebook.com\/salesian.sisters.of.don.bosco\/","article_published_time":"2026-03-23T08:50:15+00:00","article_modified_time":"2026-03-25T22:39:03+00:00","og_image":[{"width":1200,"height":800,"url":"https:\/\/www.cgfmanet.org\/wp-content\/uploads\/2026\/03\/2-incontro_PEM-online-2026.jpg","type":"image\/jpeg"}],"author":"Redazione","twitter_card":"summary_large_image","twitter_creator":"@Cgfmanet_Org","twitter_site":"@Cgfmanet_Org","twitter_misc":{"Escrito por":"Redazione","Tiempo de lectura":"8 minutos"},"schema":{"@context":"https:\/\/schema.org","@graph":[{"@type":"Article","@id":"https:\/\/www.cgfmanet.org\/es\/ifma-es\/2-encuentro-de-peregrinacion-online-pem-mirada-amplia-la-vision\/#article","isPartOf":{"@id":"https:\/\/www.cgfmanet.org\/es\/ifma-es\/2-encuentro-de-peregrinacion-online-pem-mirada-amplia-la-vision\/"},"author":{"name":"Redazione","@id":"https:\/\/www.cgfmanet.org\/es\/#\/schema\/person\/ce6473083f53ef0ef882cca23f0c8fb9"},"headline":"2\u00b0 encuentro de Peregrinaci\u00f3n online PEM: mirada amplia \u2013 la visi\u00f3n","datePublished":"2026-03-23T08:50:15+00:00","dateModified":"2026-03-25T22:39:03+00:00","mainEntityOfPage":{"@id":"https:\/\/www.cgfmanet.org\/es\/ifma-es\/2-encuentro-de-peregrinacion-online-pem-mirada-amplia-la-vision\/"},"wordCount":717,"commentCount":2,"publisher":{"@id":"https:\/\/www.cgfmanet.org\/es\/#organization"},"image":{"@id":"https:\/\/www.cgfmanet.org\/es\/ifma-es\/2-encuentro-de-peregrinacion-online-pem-mirada-amplia-la-vision\/#primaryimage"},"thumbnailUrl":"https:\/\/www.cgfmanet.org\/wp-content\/uploads\/2026\/03\/2-incontro_PEM-online-2026.jpg","keywords":["Carisma salesiano","Esp\u00edritu misionero","Focus","150\u00b0 Misiones FMA"],"articleSection":["150\u00b0 Misiones FMA","IFMA"],"inLanguage":"es","potentialAction":[{"@type":"CommentAction","name":"Comment","target":["https:\/\/www.cgfmanet.org\/es\/ifma-es\/2-encuentro-de-peregrinacion-online-pem-mirada-amplia-la-vision\/#respond"]}]},{"@type":"WebPage","@id":"https:\/\/www.cgfmanet.org\/es\/ifma-es\/2-encuentro-de-peregrinacion-online-pem-mirada-amplia-la-vision\/","url":"https:\/\/www.cgfmanet.org\/es\/ifma-es\/2-encuentro-de-peregrinacion-online-pem-mirada-amplia-la-vision\/","name":"2\u00b0 encuentro de Peregrinaci\u00f3n online PEM: mirada amplia \u2013 la visi\u00f3n &#8226; Istituto Figlie di Maria Ausiliatrice","isPartOf":{"@id":"https:\/\/www.cgfmanet.org\/es\/#website"},"primaryImageOfPage":{"@id":"https:\/\/www.cgfmanet.org\/es\/ifma-es\/2-encuentro-de-peregrinacion-online-pem-mirada-amplia-la-vision\/#primaryimage"},"image":{"@id":"https:\/\/www.cgfmanet.org\/es\/ifma-es\/2-encuentro-de-peregrinacion-online-pem-mirada-amplia-la-vision\/#primaryimage"},"thumbnailUrl":"https:\/\/www.cgfmanet.org\/wp-content\/uploads\/2026\/03\/2-incontro_PEM-online-2026.jpg","datePublished":"2026-03-23T08:50:15+00:00","dateModified":"2026-03-25T22:39:03+00:00","description":"El 22 de marzo de 2026 se llev\u00f3 a cabo el 2\u00b0 encuentro de Peregrinaci\u00f3n online PEM hacia el 150\u00b0 de la 1\u00aa Expedici\u00f3n Misionera.","breadcrumb":{"@id":"https:\/\/www.cgfmanet.org\/es\/ifma-es\/2-encuentro-de-peregrinacion-online-pem-mirada-amplia-la-vision\/#breadcrumb"},"inLanguage":"es","potentialAction":[{"@type":"ReadAction","target":["https:\/\/www.cgfmanet.org\/es\/ifma-es\/2-encuentro-de-peregrinacion-online-pem-mirada-amplia-la-vision\/"]}]},{"@type":"ImageObject","inLanguage":"es","@id":"https:\/\/www.cgfmanet.org\/es\/ifma-es\/2-encuentro-de-peregrinacion-online-pem-mirada-amplia-la-vision\/#primaryimage","url":"https:\/\/www.cgfmanet.org\/wp-content\/uploads\/2026\/03\/2-incontro_PEM-online-2026.jpg","contentUrl":"https:\/\/www.cgfmanet.org\/wp-content\/uploads\/2026\/03\/2-incontro_PEM-online-2026.jpg","width":1200,"height":800},{"@type":"BreadcrumbList","@id":"https:\/\/www.cgfmanet.org\/es\/ifma-es\/2-encuentro-de-peregrinacion-online-pem-mirada-amplia-la-vision\/#breadcrumb","itemListElement":[{"@type":"ListItem","position":1,"name":"Home","item":"https:\/\/www.cgfmanet.org\/es\/"},{"@type":"ListItem","position":2,"name":"2\u00b0 encuentro de Peregrinaci\u00f3n online PEM: mirada amplia \u2013 la visi\u00f3n"}]},{"@type":"WebSite","@id":"https:\/\/www.cgfmanet.org\/es\/#website","url":"https:\/\/www.cgfmanet.org\/es\/","name":"Istituto Figlie di Maria Ausiliatrice","description":"Salesiane di Don Bosco","publisher":{"@id":"https:\/\/www.cgfmanet.org\/es\/#organization"},"potentialAction":[{"@type":"SearchAction","target":{"@type":"EntryPoint","urlTemplate":"https:\/\/www.cgfmanet.org\/es\/?s={search_term_string}"},"query-input":{"@type":"PropertyValueSpecification","valueRequired":true,"valueName":"search_term_string"}}],"inLanguage":"es"},{"@type":"Organization","@id":"https:\/\/www.cgfmanet.org\/es\/#organization","name":"Istituto Figlie di Maria Ausiliatrice","url":"https:\/\/www.cgfmanet.org\/es\/","logo":{"@type":"ImageObject","inLanguage":"es","@id":"https:\/\/www.cgfmanet.org\/es\/#\/schema\/logo\/image\/","url":"https:\/\/www.cgfmanet.org\/wp-content\/uploads\/2018\/10\/logo-fma.png","contentUrl":"https:\/\/www.cgfmanet.org\/wp-content\/uploads\/2018\/10\/logo-fma.png","width":214,"height":55,"caption":"Istituto Figlie di Maria Ausiliatrice"},"image":{"@id":"https:\/\/www.cgfmanet.org\/es\/#\/schema\/logo\/image\/"},"sameAs":["https:\/\/www.facebook.com\/salesian.sisters.of.don.bosco\/","https:\/\/x.com\/Cgfmanet_Org","https:\/\/www.youtube.com\/channel\/UCmcr8yFQBV7JXeXVxyV9y5Q"]},{"@type":"Person","@id":"https:\/\/www.cgfmanet.org\/es\/#\/schema\/person\/ce6473083f53ef0ef882cca23f0c8fb9","name":"Redazione"}]}},"_links":{"self":[{"href":"https:\/\/www.cgfmanet.org\/es\/wp-json\/wp\/v2\/posts\/155153","targetHints":{"allow":["GET"]}}],"collection":[{"href":"https:\/\/www.cgfmanet.org\/es\/wp-json\/wp\/v2\/posts"}],"about":[{"href":"https:\/\/www.cgfmanet.org\/es\/wp-json\/wp\/v2\/types\/post"}],"author":[{"embeddable":true,"href":"https:\/\/www.cgfmanet.org\/es\/wp-json\/wp\/v2\/users\/21"}],"replies":[{"embeddable":true,"href":"https:\/\/www.cgfmanet.org\/es\/wp-json\/wp\/v2\/comments?post=155153"}],"version-history":[{"count":3,"href":"https:\/\/www.cgfmanet.org\/es\/wp-json\/wp\/v2\/posts\/155153\/revisions"}],"predecessor-version":[{"id":155184,"href":"https:\/\/www.cgfmanet.org\/es\/wp-json\/wp\/v2\/posts\/155153\/revisions\/155184"}],"wp:featuredmedia":[{"embeddable":true,"href":"https:\/\/www.cgfmanet.org\/es\/wp-json\/wp\/v2\/media\/155148"}],"wp:attachment":[{"href":"https:\/\/www.cgfmanet.org\/es\/wp-json\/wp\/v2\/media?parent=155153"}],"wp:term":[{"taxonomy":"category","embeddable":true,"href":"https:\/\/www.cgfmanet.org\/es\/wp-json\/wp\/v2\/categories?post=155153"},{"taxonomy":"post_tag","embeddable":true,"href":"https:\/\/www.cgfmanet.org\/es\/wp-json\/wp\/v2\/tags?post=155153"}],"curies":[{"name":"wp","href":"https:\/\/api.w.org\/{rel}","templated":true}]}}