{"id":155125,"date":"2026-03-27T22:51:15","date_gmt":"2026-03-27T21:51:15","guid":{"rendered":"https:\/\/www.cgfmanet.org\/infoesfera\/essere-missionarie-ovunque-trasparenza-della-presenza-del-signore-circolare-n-1057\/"},"modified":"2026-03-23T22:55:47","modified_gmt":"2026-03-23T21:55:47","slug":"ser-misioneras-en-todo-lugar-transparencia-de-la-presencia-del-senor-circular-n-1057","status":"publish","type":"post","link":"https:\/\/www.cgfmanet.org\/es\/ifma-es\/ser-misioneras-en-todo-lugar-transparencia-de-la-presencia-del-senor-circular-n-1057\/","title":{"rendered":"Ser misioneras en todo lugar, transparencia de la presencia del Se\u00f1or \u2013 Circular n.\u00b0 1057"},"content":{"rendered":"<p><strong>Roma (Italia).<\/strong> La Superiora General del Instituto de las Hijas de Mar\u00eda Auxiliadora, Madre Chiara Cazzuola, al inicio de la Circular n.\u00b0 1057, desea a todas las hermanas una buena preparaci\u00f3n para la Pascua del Se\u00f1or, acompa\u00f1ada de la <strong>\u201ccerteza de que, pase lo que pase en la historia, estamos siempre en Sus manos y en Su coraz\u00f3n\u201d<\/strong>. Una certeza que, precisa, \u201csostiene nuestra esperanza y la confianza en un futuro mejor, en el advenimiento de una paz aut\u00e9ntica y duradera, de una convivencia serena entre los pueblos, de una fraternidad universal posible solamente en la apertura al Padre, de quien todos somos hijos\u201d.<\/p>\n<p>Motiva despu\u00e9s el t\u00edtulo de la Circular, inspirado en el tema de la Fiesta Mundial de la Gratitud 2026 y tambi\u00e9n en la consigna confiada por el Papa Le\u00f3n XIV a la delegaci\u00f3n de j\u00f3venes peruanos presentes en el Jubileo de los j\u00f3venes \u2014<strong>\u00abSed misioneros dondequiera que vay\u00e1is, sed transparencia de la presencia del Se\u00f1or\u00bb<\/strong>\u2014 que toca de cerca a las FMA \u201cpor vocaci\u00f3n llamadas a ser misioneras, mostrando a todos el rostro de Cristo que ama y se dona, y nos invita a ponernos gratuitamente al servicio en la vida cotidiana<em>\u201d.<\/em><\/p>\n<p><strong>En camino hacia el Cap\u00edtulo General XXV<\/strong><\/p>\n<p>A un mes de la entrega de la <span style=\"color: #0000ff;\"><strong><a style=\"color: #0000ff;\" href=\"https:\/\/www.cgfmanet.org\/es\/ifma-es\/convocatoria-del-capitulo-general-xxv-circular-no1056\/\" target=\"_blank\" rel=\"noopener\">Circular n.\u00b01056<\/a><\/strong><\/span> <strong><em>En preparaci\u00f3n al Cap\u00edtulo General XXV<\/em><\/strong>, la Madre espera que, a pesar de que el trabajo de traducci\u00f3n a los distintos idiomas no est\u00e9 del todo completo, est\u00e9 ya en manos de todas, y que cada Inspector\u00eda haya comenzado a organizar el trabajo para prepararse a vivir juntas este gran evento de Instituto, \u00abtiempo fuerte de evaluaci\u00f3n, de reflexi\u00f3n y de orientaci\u00f3n para una b\u00fasqueda comunitaria de la voluntad de Dios\u00bb (C 135). A este prop\u00f3sito, invita desde ya a todas a la colaboraci\u00f3n \u201cpreciosa, indispensable\u201d que se realiza ante todo \u201ccon la participaci\u00f3n serena y responsable en el estudio, la profundizaci\u00f3n y el compartir\u201d de cuanto se indica en esta Circular de Convocatoria.<\/p>\n<p>Exhorta adem\u00e1s a \u201cintensificar la oraci\u00f3n, invocar la luz del Esp\u00edritu Santo sobre nosotras, sobre la historia contempor\u00e1nea y especialmente sobre nuestra vida, sobre nuestras comunidades FMA y sobre las comunidades educativas\u201d y a renovar la propia pertenencia al Se\u00f1or y a confrontarse con Su llamada, respondiendo a la pregunta: <strong>\u201c\u00bfQu\u00e9 quieres Se\u00f1or de m\u00ed, de nuestra comunidad, de nuestra Inspector\u00eda y del Instituto, en este momento hist\u00f3rico particularmente complejo, ciertamente sufrido por tantos motivos, pero tambi\u00e9n lleno de esperanza por el bien que crece, a pesar de las guerras, las violencias y los conflictos que nos toca afrontar?<\/strong><strong><em>\u201d.<\/em><\/strong><\/p>\n<p><em><strong>\u201c<\/strong><\/em><strong>Bienaventurados vosotros\u2026\u201d Con la fuerza prof\u00e9tica del carisma, misioneras de comuni\u00f3n junto a los j\u00f3venes<\/strong> es el tema del CG XXV, en continuidad con el camino realizado en el sexenio a\u00fan en curso \u201cque nos ve todav\u00eda comprometidas en una lectura atenta de la realidad, particularmente en relaci\u00f3n con los j\u00f3venes, la sinodalidad, la generatividad, la misionariedad, la paz\u201d, insertas en el camino de la Iglesia y en comuni\u00f3n con las ense\u00f1anzas de los Pont\u00edfices.<\/p>\n<p>Madre Chiara encuadra adem\u00e1s el objetivo del pr\u00f3ximo Cap\u00edtulo \u2014Avivar la pasi\u00f3n misionera caracter\u00edstica de nuestra identidad carism\u00e1tica\u2014 en el contexto de la preparaci\u00f3n para la celebraci\u00f3n del 150\u00b0 de la Primera Expedici\u00f3n Misionera de las FMA a Uruguay, iluminado por el evento extraordinario de gracia vivido el 19 de octubre de 2025 con la Canonizaci\u00f3n de Santa Mar\u00eda Troncatti, \u201cuna invitaci\u00f3n constante e impelente a \u2018salir\u2019 hacia nuevas e in\u00e9ditas fronteras, con creatividad y audacia misionera para colaborar, a trav\u00e9s de la educaci\u00f3n y la evangelizaci\u00f3n de las j\u00f3venes generaciones, en la construcci\u00f3n del Reino de Dios hoy\u201d.<\/p>\n<p>El mismo impulso misionero que animaba la Primera Expedici\u00f3n Misionera, \u201cpreparada y vivida en Mornese con particular entusiasmo, como fruto del ardor misionero transmitido por Don Bosco y Madre Mazzarello a la nueva Familia religiosa (cf. C 1)\u201d, que se puede encontrar en las fuentes hist\u00f3ricas, \u201ccontin\u00faa animando el entusiasmo, las opciones, el estilo de vida, el clima de las comunidades de las Hijas de Mar\u00eda Auxiliadora de generaci\u00f3n en generaci\u00f3n<em>\u201d.<\/em><\/p>\n<p><strong>Un tiempo para dar gracias<\/strong><\/p>\n<p>La Madre ve la Fiesta Mundial de la Gratitud 2026, que el Instituto se prepara a vivir, como \u201cuna gran oportunidad para expresar la alegr\u00eda de ser Hijas de Mar\u00eda Auxiliadora; de sentirnos parte viva de una Familia religiosa que es \u2018toda de Mar\u00eda\u2019; de caminar junto a quienes comparten la misi\u00f3n educativa con renovada pasi\u00f3n\u201d.<\/p>\n<p>Mirando el valor formativo que Don Bosco y Madre Mazzarello atribu\u00edan a esta cita anual \u2014con el fin de \u201ceducar a los j\u00f3venes y a las j\u00f3venes a reconocer los signos de la presencia de Dios a trav\u00e9s de personas y situaciones y aprender a agradecer por cuanto se recibe cada d\u00eda\u201d\u2014 subraya, por tanto, que la Fiesta de la Gratitud es un \u201ctiempo propicio\u201d para detenerse, saber reconocer, apreciar y gozar de los \u201cmuchos dones que el Creador contin\u00faa ofreci\u00e9ndonos\u201d.<\/p>\n<p>Destaca asimismo que \u201cEducarnos y educar en la gratitud no es algo obvio\u201d y que en la vida cotidiana \u201cpocas veces nos damos cuenta de que recibimos mucho m\u00e1s de lo que damos. La actitud de gratitud da color a nuestra existencia y nace de la conciencia de lo que recibimos, conservando su memoria y avivando la relaci\u00f3n ante todo con Dios y luego con quien nos hace el bien. Es una virtud que no se improvisa y no es espont\u00e1nea\u201d.<\/p>\n<p>La gratitud es, por tanto, un \u201cdon precioso\u201d que abre a las necesidades de los dem\u00e1s y que transforma la naturaleza misma del amor, haci\u00e9ndolo \u201cpronto a superar toda forma de encierro egoc\u00e9ntrico\u201d. Para las Hijas de Mar\u00eda Auxiliadora, la vida comunitaria es el lugar en el que \u201ccada d\u00eda podemos ejercitarnos en reconocer que somos un don las unas para las otras, viviendo un aut\u00e9ntico esp\u00edritu de familia, fuerza creativa del coraz\u00f3n de Don Bosco y de Madre Mazzarello, en una fraternidad sincera que requiere el compromiso de todas y la valoraci\u00f3n del don de cada una (cf. C 50<em>)\u201d.<\/em><\/p>\n<p><strong>Signos y expresi\u00f3n del amor preveniente de Dios<\/strong><\/p>\n<p>En la \u00faltima parte de la Circular, Madre Chiara motiva la elecci\u00f3n de celebrar la Fiesta Mundial de la Gratitud en Ecuador, en la Inspector\u00eda \u201cSagrado Coraz\u00f3n\u201d, para rendir homenaje a la santidad de sor Mar\u00eda Troncatti, \u201cque vivi\u00f3 ardientemente como misionera en la tierra que se convirti\u00f3 en la \u2018patria del coraz\u00f3n\u2019, hasta el \u00faltimo aliento\u201d.<\/p>\n<p>Por esto, celebrar la Fiesta de la Gratitud en los lugares donde ella vivi\u00f3 \u201csignifica redescubrir, en su rica y aventurera vida misionera, su capacidad para descifrar las intervenciones de Dios en la historia, saber mirar con confianza la vida en sus aspectos positivos para descubrir todos los signos de bien presentes. Nos recuerda que siempre se puede hacer algo para mejorar la realidad\u201d.<\/p>\n<p>El ejemplo, tan concreto y actual, de Santa Mar\u00eda Troncatti, que ense\u00f1a \u201ca arremangarnos con prontitud para dar nuestra contribuci\u00f3n\u201d, se convierte para las FMA en una urgencia, especialmente en este tiempo de conflictos en el que los m\u00e1s peque\u00f1os y pobres son los m\u00e1s afectados, \u201ca compartir su compromiso paciente y valiente para ser madres, misioneras, artesanas de paz y de reconciliaci\u00f3n\u201d.<\/p>\n<p>La Madre agradece a la Inspectora, sor Lupe Judith Erazo Arce, y a las hermanas de la Inspector\u00eda Sagrado Coraz\u00f3n de Ecuador por la elecci\u00f3n del tema \u2014<strong>Ser misioneros en todo lugar<\/strong>\u2014 \u201cque se conecta muy bien tambi\u00e9n con el itinerario de preparaci\u00f3n al 150\u00b0 de la Primera Expedici\u00f3n Misionera\u201d y a la Vicaria General, sor Mar\u00eda del Rosario Garc\u00eda Ribas, \u201cpor haber transmitido al Instituto la propuesta elaborada por la Inspector\u00eda de Ecuador, acompa\u00f1ando su carta con indicaciones claras y orientativas\u201d.<\/p>\n<p>Concluye finalmente la Circular deseando una santa y serena Pascua a todas las FMA y a sus respectivas familias y \u2014en nombre del Instituto\u2014 \u201cal Rector Mayor don Fabio Attard, al Consejo General SDB y a todos los Hermanos, a los miembros de la Familia Salesiana y a cuantos est\u00e1n comprometidos con nosotras en la misi\u00f3n educativa\u201d.<\/p>\n<p>Se dirige tambi\u00e9n a las j\u00f3venes y a los j\u00f3venes, dese\u00e1ndoles \u201cacoger el anuncio gozoso de la Pascua con coraz\u00f3n abierto; cultivar el deseo de encontrar a Jes\u00fas resucitado, porque este encuentro cambia nuestra existencia, ilumina afectos, deseos, pensamientos\u201d (cf. Papa Le\u00f3n XIV, Homil\u00eda Jubileo de los J\u00f3venes, Tor Vergata, 3 de agosto de 2025).<\/p>\n<p>Madre Chiara termina exhortando a todas las FMA, en respuesta a los sentidos llamados del Papa, a continuar \u201crezando y dando nuestra contribuci\u00f3n efectiva para que cesen las guerras, se encuentren v\u00edas adecuadas para un di\u00e1logo respetuoso, constructivo y se abra finalmente el horizonte de una paz verdadera y duradera para toda la humanidad\u201d<em>.<\/em><\/p>\n<p><span style=\"color: #0000ff;\"><a style=\"color: #0000ff;\" href=\"https:\/\/drive.google.com\/drive\/u\/1\/folders\/1OcQE1jvu39a_knvicz1QhFUhpmyU8_94\" target=\"_blank\" rel=\"noopener\"><strong>Circular n\u00b0 1057<\/strong><\/a><\/span><\/p>\n","protected":false},"excerpt":{"rendered":"<p>Roma (Italia). La Superiora General del Instituto de las Hijas de Mar\u00eda Auxiliadora, Madre Chiara Cazzuola, al inicio de la Circular n.\u00b0 1057, desea a todas las hermanas una buena [&hellip;]<\/p>\n","protected":false},"author":21,"featured_media":155120,"comment_status":"open","ping_status":"closed","sticky":false,"template":"","format":"standard","meta":{"footnotes":""},"categories":[167,158],"tags":[371,1640,1931,1978,2238,2379,2464],"class_list":["post-155125","post","type-post","status-publish","format-standard","has-post-thumbnail","category-carisma-salesiano-es","category-ifma-es","tag-madre-general","tag-maria-troncatti-es","tag-focus-es","tag-capitulo-general","tag-circolare-es","tag-madre-chiara-cazzuola-es","tag-150-misiones-fma"],"yoast_head":"<!-- This site is optimized with the Yoast SEO plugin v27.4 - https:\/\/yoast.com\/product\/yoast-seo-wordpress\/ -->\n<title>Ser misioneras en todo lugar, transparencia de la presencia del Se\u00f1or \u2013 Circular n.\u00b0 1057 &#8226; Istituto Figlie di Maria Ausiliatrice<\/title>\n<meta name=\"description\" content=\"En la Circular n.\u00b0 1057, la Superiora General del Instituto FMA profundiza en el significado y en el tema de la Fiesta Mundial de la Gratitud que se celebrar\u00e1 en Ecuador el 26 de abril de 2026.\" \/>\n<meta name=\"robots\" content=\"index, follow, max-snippet:-1, max-image-preview:large, max-video-preview:-1\" \/>\n<link rel=\"canonical\" href=\"https:\/\/www.cgfmanet.org\/es\/ifma-es\/ser-misioneras-en-todo-lugar-transparencia-de-la-presencia-del-senor-circular-n-1057\/\" \/>\n<meta property=\"og:locale\" content=\"es_ES\" \/>\n<meta property=\"og:type\" content=\"article\" \/>\n<meta property=\"og:title\" content=\"Ser misioneras en todo lugar, transparencia de la presencia del Se\u00f1or \u2013 Circular n.\u00b0 1057 &#8226; Istituto Figlie di Maria Ausiliatrice\" \/>\n<meta property=\"og:description\" content=\"En la Circular n.\u00b0 1057, la Superiora General del Instituto FMA profundiza en el significado y en el tema de la Fiesta Mundial de la Gratitud que se celebrar\u00e1 en Ecuador el 26 de abril de 2026.\" \/>\n<meta property=\"og:url\" content=\"https:\/\/www.cgfmanet.org\/es\/ifma-es\/ser-misioneras-en-todo-lugar-transparencia-de-la-presencia-del-senor-circular-n-1057\/\" \/>\n<meta property=\"og:site_name\" content=\"Istituto Figlie di Maria Ausiliatrice\" \/>\n<meta property=\"article:publisher\" content=\"https:\/\/www.facebook.com\/salesian.sisters.of.don.bosco\/\" \/>\n<meta property=\"article:published_time\" content=\"2026-03-27T21:51:15+00:00\" \/>\n<meta property=\"og:image\" content=\"https:\/\/www.cgfmanet.org\/wp-content\/uploads\/2026\/03\/Circolare-1057.jpg\" \/>\n\t<meta property=\"og:image:width\" content=\"1200\" \/>\n\t<meta property=\"og:image:height\" content=\"800\" \/>\n\t<meta property=\"og:image:type\" content=\"image\/jpeg\" \/>\n<meta name=\"author\" content=\"Redazione\" \/>\n<meta name=\"twitter:card\" content=\"summary_large_image\" \/>\n<meta name=\"twitter:creator\" content=\"@Cgfmanet_Org\" \/>\n<meta name=\"twitter:site\" content=\"@Cgfmanet_Org\" \/>\n<meta name=\"twitter:label1\" content=\"Escrito por\" \/>\n\t<meta name=\"twitter:data1\" content=\"Redazione\" \/>\n\t<meta name=\"twitter:label2\" content=\"Tiempo de lectura\" \/>\n\t<meta name=\"twitter:data2\" content=\"8 minutos\" \/>\n<script type=\"application\/ld+json\" class=\"yoast-schema-graph\">{\"@context\":\"https:\\\/\\\/schema.org\",\"@graph\":[{\"@type\":\"Article\",\"@id\":\"https:\\\/\\\/www.cgfmanet.org\\\/es\\\/ifma-es\\\/ser-misioneras-en-todo-lugar-transparencia-de-la-presencia-del-senor-circular-n-1057\\\/#article\",\"isPartOf\":{\"@id\":\"https:\\\/\\\/www.cgfmanet.org\\\/es\\\/ifma-es\\\/ser-misioneras-en-todo-lugar-transparencia-de-la-presencia-del-senor-circular-n-1057\\\/\"},\"author\":{\"name\":\"Redazione\",\"@id\":\"https:\\\/\\\/www.cgfmanet.org\\\/es\\\/#\\\/schema\\\/person\\\/ce6473083f53ef0ef882cca23f0c8fb9\"},\"headline\":\"Ser misioneras en todo lugar, transparencia de la presencia del Se\u00f1or \u2013 Circular n.\u00b0 1057\",\"datePublished\":\"2026-03-27T21:51:15+00:00\",\"mainEntityOfPage\":{\"@id\":\"https:\\\/\\\/www.cgfmanet.org\\\/es\\\/ifma-es\\\/ser-misioneras-en-todo-lugar-transparencia-de-la-presencia-del-senor-circular-n-1057\\\/\"},\"wordCount\":1572,\"commentCount\":0,\"publisher\":{\"@id\":\"https:\\\/\\\/www.cgfmanet.org\\\/es\\\/#organization\"},\"image\":{\"@id\":\"https:\\\/\\\/www.cgfmanet.org\\\/es\\\/ifma-es\\\/ser-misioneras-en-todo-lugar-transparencia-de-la-presencia-del-senor-circular-n-1057\\\/#primaryimage\"},\"thumbnailUrl\":\"https:\\\/\\\/www.cgfmanet.org\\\/wp-content\\\/uploads\\\/2026\\\/03\\\/Circolare-1057.jpg\",\"keywords\":[\"Madre General\",\"Maria Troncatti\",\"Focus\",\"Cap\u00edtulo General\",\"Circolare\",\"Madre Chiara Cazzuola\",\"150\u00b0 Misiones FMA\"],\"articleSection\":[\"Carisma Salesiano\",\"IFMA\"],\"inLanguage\":\"es\",\"potentialAction\":[{\"@type\":\"CommentAction\",\"name\":\"Comment\",\"target\":[\"https:\\\/\\\/www.cgfmanet.org\\\/es\\\/ifma-es\\\/ser-misioneras-en-todo-lugar-transparencia-de-la-presencia-del-senor-circular-n-1057\\\/#respond\"]}]},{\"@type\":\"WebPage\",\"@id\":\"https:\\\/\\\/www.cgfmanet.org\\\/es\\\/ifma-es\\\/ser-misioneras-en-todo-lugar-transparencia-de-la-presencia-del-senor-circular-n-1057\\\/\",\"url\":\"https:\\\/\\\/www.cgfmanet.org\\\/es\\\/ifma-es\\\/ser-misioneras-en-todo-lugar-transparencia-de-la-presencia-del-senor-circular-n-1057\\\/\",\"name\":\"Ser misioneras en todo lugar, transparencia de la presencia del Se\u00f1or \u2013 Circular n.\u00b0 1057 &#8226; Istituto Figlie di Maria Ausiliatrice\",\"isPartOf\":{\"@id\":\"https:\\\/\\\/www.cgfmanet.org\\\/es\\\/#website\"},\"primaryImageOfPage\":{\"@id\":\"https:\\\/\\\/www.cgfmanet.org\\\/es\\\/ifma-es\\\/ser-misioneras-en-todo-lugar-transparencia-de-la-presencia-del-senor-circular-n-1057\\\/#primaryimage\"},\"image\":{\"@id\":\"https:\\\/\\\/www.cgfmanet.org\\\/es\\\/ifma-es\\\/ser-misioneras-en-todo-lugar-transparencia-de-la-presencia-del-senor-circular-n-1057\\\/#primaryimage\"},\"thumbnailUrl\":\"https:\\\/\\\/www.cgfmanet.org\\\/wp-content\\\/uploads\\\/2026\\\/03\\\/Circolare-1057.jpg\",\"datePublished\":\"2026-03-27T21:51:15+00:00\",\"description\":\"En la Circular n.\u00b0 1057, la Superiora General del Instituto FMA profundiza en el significado y en el tema de la Fiesta Mundial de la Gratitud que se celebrar\u00e1 en Ecuador el 26 de abril de 2026.\",\"breadcrumb\":{\"@id\":\"https:\\\/\\\/www.cgfmanet.org\\\/es\\\/ifma-es\\\/ser-misioneras-en-todo-lugar-transparencia-de-la-presencia-del-senor-circular-n-1057\\\/#breadcrumb\"},\"inLanguage\":\"es\",\"potentialAction\":[{\"@type\":\"ReadAction\",\"target\":[\"https:\\\/\\\/www.cgfmanet.org\\\/es\\\/ifma-es\\\/ser-misioneras-en-todo-lugar-transparencia-de-la-presencia-del-senor-circular-n-1057\\\/\"]}]},{\"@type\":\"ImageObject\",\"inLanguage\":\"es\",\"@id\":\"https:\\\/\\\/www.cgfmanet.org\\\/es\\\/ifma-es\\\/ser-misioneras-en-todo-lugar-transparencia-de-la-presencia-del-senor-circular-n-1057\\\/#primaryimage\",\"url\":\"https:\\\/\\\/www.cgfmanet.org\\\/wp-content\\\/uploads\\\/2026\\\/03\\\/Circolare-1057.jpg\",\"contentUrl\":\"https:\\\/\\\/www.cgfmanet.org\\\/wp-content\\\/uploads\\\/2026\\\/03\\\/Circolare-1057.jpg\",\"width\":1200,\"height\":800},{\"@type\":\"BreadcrumbList\",\"@id\":\"https:\\\/\\\/www.cgfmanet.org\\\/es\\\/ifma-es\\\/ser-misioneras-en-todo-lugar-transparencia-de-la-presencia-del-senor-circular-n-1057\\\/#breadcrumb\",\"itemListElement\":[{\"@type\":\"ListItem\",\"position\":1,\"name\":\"Home\",\"item\":\"https:\\\/\\\/www.cgfmanet.org\\\/es\\\/\"},{\"@type\":\"ListItem\",\"position\":2,\"name\":\"Ser misioneras en todo lugar, transparencia de la presencia del Se\u00f1or \u2013 Circular n.\u00b0 1057\"}]},{\"@type\":\"WebSite\",\"@id\":\"https:\\\/\\\/www.cgfmanet.org\\\/es\\\/#website\",\"url\":\"https:\\\/\\\/www.cgfmanet.org\\\/es\\\/\",\"name\":\"Istituto Figlie di Maria Ausiliatrice\",\"description\":\"Salesiane di Don Bosco\",\"publisher\":{\"@id\":\"https:\\\/\\\/www.cgfmanet.org\\\/es\\\/#organization\"},\"potentialAction\":[{\"@type\":\"SearchAction\",\"target\":{\"@type\":\"EntryPoint\",\"urlTemplate\":\"https:\\\/\\\/www.cgfmanet.org\\\/es\\\/?s={search_term_string}\"},\"query-input\":{\"@type\":\"PropertyValueSpecification\",\"valueRequired\":true,\"valueName\":\"search_term_string\"}}],\"inLanguage\":\"es\"},{\"@type\":\"Organization\",\"@id\":\"https:\\\/\\\/www.cgfmanet.org\\\/es\\\/#organization\",\"name\":\"Istituto Figlie di Maria Ausiliatrice\",\"url\":\"https:\\\/\\\/www.cgfmanet.org\\\/es\\\/\",\"logo\":{\"@type\":\"ImageObject\",\"inLanguage\":\"es\",\"@id\":\"https:\\\/\\\/www.cgfmanet.org\\\/es\\\/#\\\/schema\\\/logo\\\/image\\\/\",\"url\":\"https:\\\/\\\/www.cgfmanet.org\\\/wp-content\\\/uploads\\\/2018\\\/10\\\/logo-fma.png\",\"contentUrl\":\"https:\\\/\\\/www.cgfmanet.org\\\/wp-content\\\/uploads\\\/2018\\\/10\\\/logo-fma.png\",\"width\":214,\"height\":55,\"caption\":\"Istituto Figlie di Maria Ausiliatrice\"},\"image\":{\"@id\":\"https:\\\/\\\/www.cgfmanet.org\\\/es\\\/#\\\/schema\\\/logo\\\/image\\\/\"},\"sameAs\":[\"https:\\\/\\\/www.facebook.com\\\/salesian.sisters.of.don.bosco\\\/\",\"https:\\\/\\\/x.com\\\/Cgfmanet_Org\",\"https:\\\/\\\/www.youtube.com\\\/channel\\\/UCmcr8yFQBV7JXeXVxyV9y5Q\"]},{\"@type\":\"Person\",\"@id\":\"https:\\\/\\\/www.cgfmanet.org\\\/es\\\/#\\\/schema\\\/person\\\/ce6473083f53ef0ef882cca23f0c8fb9\",\"name\":\"Redazione\"}]}<\/script>\n<!-- \/ Yoast SEO plugin. -->","yoast_head_json":{"title":"Ser misioneras en todo lugar, transparencia de la presencia del Se\u00f1or \u2013 Circular n.\u00b0 1057 &#8226; Istituto Figlie di Maria Ausiliatrice","description":"En la Circular n.\u00b0 1057, la Superiora General del Instituto FMA profundiza en el significado y en el tema de la Fiesta Mundial de la Gratitud que se celebrar\u00e1 en Ecuador el 26 de abril de 2026.","robots":{"index":"index","follow":"follow","max-snippet":"max-snippet:-1","max-image-preview":"max-image-preview:large","max-video-preview":"max-video-preview:-1"},"canonical":"https:\/\/www.cgfmanet.org\/es\/ifma-es\/ser-misioneras-en-todo-lugar-transparencia-de-la-presencia-del-senor-circular-n-1057\/","og_locale":"es_ES","og_type":"article","og_title":"Ser misioneras en todo lugar, transparencia de la presencia del Se\u00f1or \u2013 Circular n.\u00b0 1057 &#8226; Istituto Figlie di Maria Ausiliatrice","og_description":"En la Circular n.\u00b0 1057, la Superiora General del Instituto FMA profundiza en el significado y en el tema de la Fiesta Mundial de la Gratitud que se celebrar\u00e1 en Ecuador el 26 de abril de 2026.","og_url":"https:\/\/www.cgfmanet.org\/es\/ifma-es\/ser-misioneras-en-todo-lugar-transparencia-de-la-presencia-del-senor-circular-n-1057\/","og_site_name":"Istituto Figlie di Maria Ausiliatrice","article_publisher":"https:\/\/www.facebook.com\/salesian.sisters.of.don.bosco\/","article_published_time":"2026-03-27T21:51:15+00:00","og_image":[{"width":1200,"height":800,"url":"https:\/\/www.cgfmanet.org\/wp-content\/uploads\/2026\/03\/Circolare-1057.jpg","type":"image\/jpeg"}],"author":"Redazione","twitter_card":"summary_large_image","twitter_creator":"@Cgfmanet_Org","twitter_site":"@Cgfmanet_Org","twitter_misc":{"Escrito por":"Redazione","Tiempo de lectura":"8 minutos"},"schema":{"@context":"https:\/\/schema.org","@graph":[{"@type":"Article","@id":"https:\/\/www.cgfmanet.org\/es\/ifma-es\/ser-misioneras-en-todo-lugar-transparencia-de-la-presencia-del-senor-circular-n-1057\/#article","isPartOf":{"@id":"https:\/\/www.cgfmanet.org\/es\/ifma-es\/ser-misioneras-en-todo-lugar-transparencia-de-la-presencia-del-senor-circular-n-1057\/"},"author":{"name":"Redazione","@id":"https:\/\/www.cgfmanet.org\/es\/#\/schema\/person\/ce6473083f53ef0ef882cca23f0c8fb9"},"headline":"Ser misioneras en todo lugar, transparencia de la presencia del Se\u00f1or \u2013 Circular n.\u00b0 1057","datePublished":"2026-03-27T21:51:15+00:00","mainEntityOfPage":{"@id":"https:\/\/www.cgfmanet.org\/es\/ifma-es\/ser-misioneras-en-todo-lugar-transparencia-de-la-presencia-del-senor-circular-n-1057\/"},"wordCount":1572,"commentCount":0,"publisher":{"@id":"https:\/\/www.cgfmanet.org\/es\/#organization"},"image":{"@id":"https:\/\/www.cgfmanet.org\/es\/ifma-es\/ser-misioneras-en-todo-lugar-transparencia-de-la-presencia-del-senor-circular-n-1057\/#primaryimage"},"thumbnailUrl":"https:\/\/www.cgfmanet.org\/wp-content\/uploads\/2026\/03\/Circolare-1057.jpg","keywords":["Madre General","Maria Troncatti","Focus","Cap\u00edtulo General","Circolare","Madre Chiara Cazzuola","150\u00b0 Misiones FMA"],"articleSection":["Carisma Salesiano","IFMA"],"inLanguage":"es","potentialAction":[{"@type":"CommentAction","name":"Comment","target":["https:\/\/www.cgfmanet.org\/es\/ifma-es\/ser-misioneras-en-todo-lugar-transparencia-de-la-presencia-del-senor-circular-n-1057\/#respond"]}]},{"@type":"WebPage","@id":"https:\/\/www.cgfmanet.org\/es\/ifma-es\/ser-misioneras-en-todo-lugar-transparencia-de-la-presencia-del-senor-circular-n-1057\/","url":"https:\/\/www.cgfmanet.org\/es\/ifma-es\/ser-misioneras-en-todo-lugar-transparencia-de-la-presencia-del-senor-circular-n-1057\/","name":"Ser misioneras en todo lugar, transparencia de la presencia del Se\u00f1or \u2013 Circular n.\u00b0 1057 &#8226; Istituto Figlie di Maria Ausiliatrice","isPartOf":{"@id":"https:\/\/www.cgfmanet.org\/es\/#website"},"primaryImageOfPage":{"@id":"https:\/\/www.cgfmanet.org\/es\/ifma-es\/ser-misioneras-en-todo-lugar-transparencia-de-la-presencia-del-senor-circular-n-1057\/#primaryimage"},"image":{"@id":"https:\/\/www.cgfmanet.org\/es\/ifma-es\/ser-misioneras-en-todo-lugar-transparencia-de-la-presencia-del-senor-circular-n-1057\/#primaryimage"},"thumbnailUrl":"https:\/\/www.cgfmanet.org\/wp-content\/uploads\/2026\/03\/Circolare-1057.jpg","datePublished":"2026-03-27T21:51:15+00:00","description":"En la Circular n.\u00b0 1057, la Superiora General del Instituto FMA profundiza en el significado y en el tema de la Fiesta Mundial de la Gratitud que se celebrar\u00e1 en Ecuador el 26 de abril de 2026.","breadcrumb":{"@id":"https:\/\/www.cgfmanet.org\/es\/ifma-es\/ser-misioneras-en-todo-lugar-transparencia-de-la-presencia-del-senor-circular-n-1057\/#breadcrumb"},"inLanguage":"es","potentialAction":[{"@type":"ReadAction","target":["https:\/\/www.cgfmanet.org\/es\/ifma-es\/ser-misioneras-en-todo-lugar-transparencia-de-la-presencia-del-senor-circular-n-1057\/"]}]},{"@type":"ImageObject","inLanguage":"es","@id":"https:\/\/www.cgfmanet.org\/es\/ifma-es\/ser-misioneras-en-todo-lugar-transparencia-de-la-presencia-del-senor-circular-n-1057\/#primaryimage","url":"https:\/\/www.cgfmanet.org\/wp-content\/uploads\/2026\/03\/Circolare-1057.jpg","contentUrl":"https:\/\/www.cgfmanet.org\/wp-content\/uploads\/2026\/03\/Circolare-1057.jpg","width":1200,"height":800},{"@type":"BreadcrumbList","@id":"https:\/\/www.cgfmanet.org\/es\/ifma-es\/ser-misioneras-en-todo-lugar-transparencia-de-la-presencia-del-senor-circular-n-1057\/#breadcrumb","itemListElement":[{"@type":"ListItem","position":1,"name":"Home","item":"https:\/\/www.cgfmanet.org\/es\/"},{"@type":"ListItem","position":2,"name":"Ser misioneras en todo lugar, transparencia de la presencia del Se\u00f1or \u2013 Circular n.\u00b0 1057"}]},{"@type":"WebSite","@id":"https:\/\/www.cgfmanet.org\/es\/#website","url":"https:\/\/www.cgfmanet.org\/es\/","name":"Istituto Figlie di Maria Ausiliatrice","description":"Salesiane di Don Bosco","publisher":{"@id":"https:\/\/www.cgfmanet.org\/es\/#organization"},"potentialAction":[{"@type":"SearchAction","target":{"@type":"EntryPoint","urlTemplate":"https:\/\/www.cgfmanet.org\/es\/?s={search_term_string}"},"query-input":{"@type":"PropertyValueSpecification","valueRequired":true,"valueName":"search_term_string"}}],"inLanguage":"es"},{"@type":"Organization","@id":"https:\/\/www.cgfmanet.org\/es\/#organization","name":"Istituto Figlie di Maria Ausiliatrice","url":"https:\/\/www.cgfmanet.org\/es\/","logo":{"@type":"ImageObject","inLanguage":"es","@id":"https:\/\/www.cgfmanet.org\/es\/#\/schema\/logo\/image\/","url":"https:\/\/www.cgfmanet.org\/wp-content\/uploads\/2018\/10\/logo-fma.png","contentUrl":"https:\/\/www.cgfmanet.org\/wp-content\/uploads\/2018\/10\/logo-fma.png","width":214,"height":55,"caption":"Istituto Figlie di Maria Ausiliatrice"},"image":{"@id":"https:\/\/www.cgfmanet.org\/es\/#\/schema\/logo\/image\/"},"sameAs":["https:\/\/www.facebook.com\/salesian.sisters.of.don.bosco\/","https:\/\/x.com\/Cgfmanet_Org","https:\/\/www.youtube.com\/channel\/UCmcr8yFQBV7JXeXVxyV9y5Q"]},{"@type":"Person","@id":"https:\/\/www.cgfmanet.org\/es\/#\/schema\/person\/ce6473083f53ef0ef882cca23f0c8fb9","name":"Redazione"}]}},"_links":{"self":[{"href":"https:\/\/www.cgfmanet.org\/es\/wp-json\/wp\/v2\/posts\/155125","targetHints":{"allow":["GET"]}}],"collection":[{"href":"https:\/\/www.cgfmanet.org\/es\/wp-json\/wp\/v2\/posts"}],"about":[{"href":"https:\/\/www.cgfmanet.org\/es\/wp-json\/wp\/v2\/types\/post"}],"author":[{"embeddable":true,"href":"https:\/\/www.cgfmanet.org\/es\/wp-json\/wp\/v2\/users\/21"}],"replies":[{"embeddable":true,"href":"https:\/\/www.cgfmanet.org\/es\/wp-json\/wp\/v2\/comments?post=155125"}],"version-history":[{"count":3,"href":"https:\/\/www.cgfmanet.org\/es\/wp-json\/wp\/v2\/posts\/155125\/revisions"}],"predecessor-version":[{"id":155138,"href":"https:\/\/www.cgfmanet.org\/es\/wp-json\/wp\/v2\/posts\/155125\/revisions\/155138"}],"wp:featuredmedia":[{"embeddable":true,"href":"https:\/\/www.cgfmanet.org\/es\/wp-json\/wp\/v2\/media\/155120"}],"wp:attachment":[{"href":"https:\/\/www.cgfmanet.org\/es\/wp-json\/wp\/v2\/media?parent=155125"}],"wp:term":[{"taxonomy":"category","embeddable":true,"href":"https:\/\/www.cgfmanet.org\/es\/wp-json\/wp\/v2\/categories?post=155125"},{"taxonomy":"post_tag","embeddable":true,"href":"https:\/\/www.cgfmanet.org\/es\/wp-json\/wp\/v2\/tags?post=155125"}],"curies":[{"name":"wp","href":"https:\/\/api.w.org\/{rel}","templated":true}]}}