{"id":155081,"date":"2026-03-19T16:00:00","date_gmt":"2026-03-19T15:00:00","guid":{"rendered":"https:\/\/www.cgfmanet.org\/infoesfera\/incontro-fma-juniores-ang\/"},"modified":"2026-03-21T22:21:54","modified_gmt":"2026-03-21T21:21:54","slug":"encuentro-fma-junioras-ang","status":"publish","type":"post","link":"https:\/\/www.cgfmanet.org\/es\/ifma-es\/encuentro-fma-junioras-ang\/","title":{"rendered":"Encuentro FMA junioras \u2013 ANG"},"content":{"rendered":"<p><strong>Luena (Angola). <\/strong>Del 11 al 16 de marzo de 2026, en la Comunidad de Nuestra Se\u00f1ora de la Luz de Luena, las Hijas de Mar\u00eda Auxiliadora juniores de la Inspector\u00eda Reina de la Paz (ANG) se reunieron para un encuentro marcado por la oraci\u00f3n, la reflexi\u00f3n y el intercambio fraterno, acompa\u00f1adas por sor Eur\u00eddice Filipe, Consejera inspectorial para la Formaci\u00f3n.<\/p>\n<p>El evento comenz\u00f3 con un momento de oraci\u00f3n, fuertemente simb\u00f3lico, en el que cada FMA fue invitada a poner sus manos sobre las Constituciones y a retirar su propio itinerario formativo, reafirmando su compromiso seg\u00fan la identidad de Hija de Mar\u00eda Auxiliadora.<\/p>\n<p>En el encuentro formativo se abordaron temas fundamentales para la vida consagrada salesiana, contando con el aporte de diversos formadores:<\/p>\n<ul>\n<li><strong>Oraci\u00f3n y Misi\u00f3n:<\/strong> sor Nat\u00e1lia record\u00f3 que la oraci\u00f3n no es un acto burocr\u00e1tico, sino la savia que genera y purifica la misi\u00f3n. Subray\u00f3 la importancia de configurar el coraz\u00f3n al de Cristo, llevando a la capilla las alegr\u00edas, las fatigas y las esperanzas de la vida cotidiana.<\/li>\n<li><strong>Obediencia y disponibilidad:<\/strong> el Obispo, Mons. Martin Lazarte, present\u00f3 la obediencia como sin\u00f3nimo de disponibilidad y fuerza para la misi\u00f3n, centrada en lo que Dios pide. Este tema fue profundizado con la aportaci\u00f3n de sor Charlotte, quien present\u00f3 a Jes\u00fas y Mar\u00eda como modelos de una obediencia madura que se gesta en el silencio.<\/li>\n<li><strong>Desierto y libertad interior:<\/strong> A trav\u00e9s de din\u00e1micas pr\u00e1cticas, sor Beatriz Fundulo y sor Beatriz Odete exploraron el \u201cdesierto\u201d como lugar de encuentro con Dios y la \u201clibertad interior\u201d como capacidad de elegir el bien y de servir con sencillez.<\/li>\n<li><strong>Docilidad y humildad:<\/strong> sor Eug\u00e9nia reflexion\u00f3 sobre la docilidad y la humildad como virtudes que permiten reconocer los propios l\u00edmites y aceptar la gu\u00eda divina.<\/li>\n<\/ul>\n<p>Tambi\u00e9n se abordaron aspectos pr\u00e1cticos de la vida religiosa. El padre Cipriano Muteca habl\u00f3 de la disciplina cotidiana necesaria para discernir la voluntad de Dios en los peque\u00f1os gestos. Sor Angela trat\u00f3 la relaci\u00f3n entre oraci\u00f3n y afectividad, subrayando la necesidad de orientar los afectos hacia la opci\u00f3n fundamental por Cristo.<\/p>\n<p>No falt\u00f3 la dimensi\u00f3n apost\u00f3lica: las Junioras compartieron momentos con las estudiantes del curso de formaci\u00f3n para profesores, realizando una vivaz actividad de animaci\u00f3n vocacional. La conclusi\u00f3n fue confiada a sor Eur\u00eddice Filipe, quien reafirm\u00f3 la identidad de las FMA como \u00abcontemplativas en la acci\u00f3n\u00bb, donde la vida de oraci\u00f3n y la vida apost\u00f3lica forman una unidad inseparable.<\/p>\n<p>El encuentro se enriqueci\u00f3 con el saludo de sor Nilza F\u00e1tima de Moraes, Consejera general para la Formaci\u00f3n del Instituto, y con las Buenas Noches de sor Paola Battagliola, Consejera Visitadora, quien comparti\u00f3 el testimonio inspirador de Santa Mar\u00eda Troncatti como mujer radicada en el Se\u00f1or Jes\u00fas.<\/p>\n<p>La semana concluy\u00f3 con momentos de esparcimiento y convivencia, reforzando los lazos de fraternidad que unen a estas j\u00f3venes religiosas en su camino de total donaci\u00f3n a Dios y a los j\u00f3venes.<\/p>\n\r\n                <style type=\"text\/css\">\r\n                    \r\n                    #tdi_1  .td-doubleSlider-2 .td-item1 {\r\n                        background: url(https:\/\/www.cgfmanet.org\/wp-content\/uploads\/2026\/03\/Foto-ANG-2-80x60.jpg) 0 0 no-repeat;\r\n                    }\r\n                    #tdi_1  .td-doubleSlider-2 .td-item2 {\r\n                        background: url(https:\/\/www.cgfmanet.org\/wp-content\/uploads\/2026\/03\/Foto-ANG-3-80x60.jpg) 0 0 no-repeat;\r\n                    }\r\n                <\/style>\r\n\r\n                <div id=\"tdi_1\" class=\"td-gallery td-slide-on-2-columns\">\r\n                    <div class=\"post_td_gallery\">\r\n                        <div class=\"td-gallery-slide-top\">\r\n                           <div class=\"td-gallery-title\"><\/div>\r\n\r\n                            <div class=\"td-gallery-controls-wrapper\">\r\n                                <div class=\"td-gallery-slide-count\"><span class=\"td-gallery-slide-item-focus\">1<\/span> de 2<\/div>\r\n                                <div class=\"td-gallery-slide-prev-next-but\">\r\n                                    <i class = \"td-icon-left doubleSliderPrevButton\"><\/i>\r\n                                    <i class = \"td-icon-right doubleSliderNextButton\"><\/i>\r\n                                <\/div>\r\n                            <\/div>\r\n                        <\/div>\r\n\r\n                        <div class = \"td-doubleSlider-1 \">\r\n                            <div class = \"td-slider\">\r\n                                \r\n                    <div class = \"td-slide-item td-item1\">\r\n                        <figure class=\"td-slide-galery-figure td-slide-popup-gallery\">\r\n                            <a class=\"slide-gallery-image-link\" href=\"https:\/\/www.cgfmanet.org\/wp-content\/uploads\/2026\/03\/Foto-ANG-2.jpg\" title=\"Foto ANG 2\"  data-caption=\"\"  data-description=\"\">\r\n                                <img decoding=\"async\" data-src=\"https:\/\/www.cgfmanet.org\/wp-content\/uploads\/2026\/03\/Foto-ANG-2-629x420.jpg\" data-srcset=\"https:\/\/www.cgfmanet.org\/wp-content\/uploads\/2026\/03\/Foto-ANG-2-629x420.jpg 629w, https:\/\/www.cgfmanet.org\/wp-content\/uploads\/2026\/03\/Foto-ANG-2-768x512.jpg 768w, https:\/\/www.cgfmanet.org\/wp-content\/uploads\/2026\/03\/Foto-ANG-2-696x464.jpg 696w, https:\/\/www.cgfmanet.org\/wp-content\/uploads\/2026\/03\/Foto-ANG-2.jpg 1181w\" data-sizes=\"auto\" alt=\"\" src=\"data:image\/svg+xml;base64,PHN2ZyB3aWR0aD0iMSIgaGVpZ2h0PSIxIiB4bWxucz0iaHR0cDovL3d3dy53My5vcmcvMjAwMC9zdmciPjwvc3ZnPg==\" class=\"lazyload\" style=\"--smush-placeholder-width: 629px; --smush-placeholder-aspect-ratio: 629\/420;\" data-original-sizes=\"(max-width: 629px) 100vw, 629px\">\r\n                            <\/a>\r\n                            \r\n                        <\/figure>\r\n                    <\/div>\r\n                    <div class = \"td-slide-item td-item2\">\r\n                        <figure class=\"td-slide-galery-figure td-slide-popup-gallery\">\r\n                            <a class=\"slide-gallery-image-link\" href=\"https:\/\/www.cgfmanet.org\/wp-content\/uploads\/2026\/03\/Foto-ANG-3.jpg\" title=\"Foto ANG 3\"  data-caption=\"\"  data-description=\"\">\r\n                                <img decoding=\"async\" data-src=\"https:\/\/www.cgfmanet.org\/wp-content\/uploads\/2026\/03\/Foto-ANG-3-629x420.jpg\" data-srcset=\"https:\/\/www.cgfmanet.org\/wp-content\/uploads\/2026\/03\/Foto-ANG-3-629x420.jpg 629w, https:\/\/www.cgfmanet.org\/wp-content\/uploads\/2026\/03\/Foto-ANG-3-768x512.jpg 768w, https:\/\/www.cgfmanet.org\/wp-content\/uploads\/2026\/03\/Foto-ANG-3-696x464.jpg 696w, https:\/\/www.cgfmanet.org\/wp-content\/uploads\/2026\/03\/Foto-ANG-3.jpg 1181w\" data-sizes=\"auto\" alt=\"\" src=\"data:image\/svg+xml;base64,PHN2ZyB3aWR0aD0iMSIgaGVpZ2h0PSIxIiB4bWxucz0iaHR0cDovL3d3dy53My5vcmcvMjAwMC9zdmciPjwvc3ZnPg==\" class=\"lazyload\" style=\"--smush-placeholder-width: 629px; --smush-placeholder-aspect-ratio: 629\/420;\" data-original-sizes=\"(max-width: 629px) 100vw, 629px\">\r\n                            <\/a>\r\n                            \r\n                        <\/figure>\r\n                    <\/div>\r\n                            <\/div>\r\n                        <\/div>\r\n\r\n                        <div class = \"td-doubleSlider-2\">\r\n                            <div class = \"td-slider\">\r\n                                \r\n                    <div class = \"td-button td-item1\">\r\n                        <div class = \"td-border\"><\/div>\r\n                    <\/div>\r\n                    <div class = \"td-button td-item2\">\r\n                        <div class = \"td-border\"><\/div>\r\n                    <\/div>\r\n                            <\/div>\r\n                        <\/div>\r\n\r\n                    <\/div>\r\n\r\n                <\/div>\r\n                \n","protected":false},"excerpt":{"rendered":"<p>Luena (Angola). Del 11 al 16 de marzo de 2026, en la Comunidad de Nuestra Se\u00f1ora de la Luz de Luena, las Hijas de Mar\u00eda Auxiliadora juniores de la Inspector\u00eda [&hellip;]<\/p>\n","protected":false},"author":21,"featured_media":155071,"comment_status":"open","ping_status":"closed","sticky":false,"template":"","format":"standard","meta":{"footnotes":""},"categories":[158,175],"tags":[911,1669,1931,2252],"class_list":["post-155081","post","type-post","status-publish","format-standard","has-post-thumbnail","category-ifma-es","category-cultura-vocacional-es","tag-ang-es","tag-spiritualita-salesiana-es","tag-focus-es","tag-juniores-es"],"yoast_head":"<!-- This site is optimized with the Yoast SEO plugin v27.4 - https:\/\/yoast.com\/product\/yoast-seo-wordpress\/ -->\n<title>Encuentro FMA junioras \u2013 ANG &#8226; Istituto Figlie di Maria Ausiliatrice<\/title>\n<meta name=\"description\" content=\"Del 11 al 16 de marzo de 2026, las FMA junioras de la Inspector\u00eda ANG se reunieron en Luena, Angola, para vivir su encuentro formativo.\" \/>\n<meta name=\"robots\" content=\"index, follow, max-snippet:-1, max-image-preview:large, max-video-preview:-1\" \/>\n<link rel=\"canonical\" href=\"https:\/\/www.cgfmanet.org\/es\/ifma-es\/encuentro-fma-junioras-ang\/\" \/>\n<meta property=\"og:locale\" content=\"es_ES\" \/>\n<meta property=\"og:type\" content=\"article\" \/>\n<meta property=\"og:title\" content=\"Encuentro FMA junioras \u2013 ANG &#8226; Istituto Figlie di Maria Ausiliatrice\" \/>\n<meta property=\"og:description\" content=\"Del 11 al 16 de marzo de 2026, las FMA junioras de la Inspector\u00eda ANG se reunieron en Luena, Angola, para vivir su encuentro formativo.\" \/>\n<meta property=\"og:url\" content=\"https:\/\/www.cgfmanet.org\/es\/ifma-es\/encuentro-fma-junioras-ang\/\" \/>\n<meta property=\"og:site_name\" content=\"Istituto Figlie di Maria Ausiliatrice\" \/>\n<meta property=\"article:publisher\" content=\"https:\/\/www.facebook.com\/salesian.sisters.of.don.bosco\/\" \/>\n<meta property=\"article:published_time\" content=\"2026-03-19T15:00:00+00:00\" \/>\n<meta property=\"article:modified_time\" content=\"2026-03-21T21:21:54+00:00\" \/>\n<meta property=\"og:image\" content=\"https:\/\/www.cgfmanet.org\/wp-content\/uploads\/2026\/03\/Foto-ANG-1.jpg\" \/>\n\t<meta property=\"og:image:width\" content=\"1181\" \/>\n\t<meta property=\"og:image:height\" content=\"788\" \/>\n\t<meta property=\"og:image:type\" content=\"image\/jpeg\" \/>\n<meta name=\"author\" content=\"Redazione\" \/>\n<meta name=\"twitter:card\" content=\"summary_large_image\" \/>\n<meta name=\"twitter:creator\" content=\"@Cgfmanet_Org\" \/>\n<meta name=\"twitter:site\" content=\"@Cgfmanet_Org\" \/>\n<meta name=\"twitter:label1\" content=\"Escrito por\" \/>\n\t<meta name=\"twitter:data1\" content=\"Redazione\" \/>\n\t<meta name=\"twitter:label2\" content=\"Tiempo de lectura\" \/>\n\t<meta name=\"twitter:data2\" content=\"3 minutos\" \/>\n<script type=\"application\/ld+json\" class=\"yoast-schema-graph\">{\"@context\":\"https:\\\/\\\/schema.org\",\"@graph\":[{\"@type\":\"Article\",\"@id\":\"https:\\\/\\\/www.cgfmanet.org\\\/es\\\/ifma-es\\\/encuentro-fma-junioras-ang\\\/#article\",\"isPartOf\":{\"@id\":\"https:\\\/\\\/www.cgfmanet.org\\\/es\\\/ifma-es\\\/encuentro-fma-junioras-ang\\\/\"},\"author\":{\"name\":\"Redazione\",\"@id\":\"https:\\\/\\\/www.cgfmanet.org\\\/es\\\/#\\\/schema\\\/person\\\/ce6473083f53ef0ef882cca23f0c8fb9\"},\"headline\":\"Encuentro FMA junioras \u2013 ANG\",\"datePublished\":\"2026-03-19T15:00:00+00:00\",\"dateModified\":\"2026-03-21T21:21:54+00:00\",\"mainEntityOfPage\":{\"@id\":\"https:\\\/\\\/www.cgfmanet.org\\\/es\\\/ifma-es\\\/encuentro-fma-junioras-ang\\\/\"},\"wordCount\":542,\"commentCount\":0,\"publisher\":{\"@id\":\"https:\\\/\\\/www.cgfmanet.org\\\/es\\\/#organization\"},\"image\":{\"@id\":\"https:\\\/\\\/www.cgfmanet.org\\\/es\\\/ifma-es\\\/encuentro-fma-junioras-ang\\\/#primaryimage\"},\"thumbnailUrl\":\"https:\\\/\\\/www.cgfmanet.org\\\/wp-content\\\/uploads\\\/2026\\\/03\\\/Foto-ANG-1.jpg\",\"keywords\":[\"ANG\",\"Spiritualit\u00e0 Salesiana\",\"Focus\",\"Juniores\"],\"articleSection\":[\"IFMA\",\"Cultura Vocacional\"],\"inLanguage\":\"es\",\"potentialAction\":[{\"@type\":\"CommentAction\",\"name\":\"Comment\",\"target\":[\"https:\\\/\\\/www.cgfmanet.org\\\/es\\\/ifma-es\\\/encuentro-fma-junioras-ang\\\/#respond\"]}]},{\"@type\":\"WebPage\",\"@id\":\"https:\\\/\\\/www.cgfmanet.org\\\/es\\\/ifma-es\\\/encuentro-fma-junioras-ang\\\/\",\"url\":\"https:\\\/\\\/www.cgfmanet.org\\\/es\\\/ifma-es\\\/encuentro-fma-junioras-ang\\\/\",\"name\":\"Encuentro FMA junioras \u2013 ANG &#8226; Istituto Figlie di Maria Ausiliatrice\",\"isPartOf\":{\"@id\":\"https:\\\/\\\/www.cgfmanet.org\\\/es\\\/#website\"},\"primaryImageOfPage\":{\"@id\":\"https:\\\/\\\/www.cgfmanet.org\\\/es\\\/ifma-es\\\/encuentro-fma-junioras-ang\\\/#primaryimage\"},\"image\":{\"@id\":\"https:\\\/\\\/www.cgfmanet.org\\\/es\\\/ifma-es\\\/encuentro-fma-junioras-ang\\\/#primaryimage\"},\"thumbnailUrl\":\"https:\\\/\\\/www.cgfmanet.org\\\/wp-content\\\/uploads\\\/2026\\\/03\\\/Foto-ANG-1.jpg\",\"datePublished\":\"2026-03-19T15:00:00+00:00\",\"dateModified\":\"2026-03-21T21:21:54+00:00\",\"description\":\"Del 11 al 16 de marzo de 2026, las FMA junioras de la Inspector\u00eda ANG se reunieron en Luena, Angola, para vivir su encuentro formativo.\",\"breadcrumb\":{\"@id\":\"https:\\\/\\\/www.cgfmanet.org\\\/es\\\/ifma-es\\\/encuentro-fma-junioras-ang\\\/#breadcrumb\"},\"inLanguage\":\"es\",\"potentialAction\":[{\"@type\":\"ReadAction\",\"target\":[\"https:\\\/\\\/www.cgfmanet.org\\\/es\\\/ifma-es\\\/encuentro-fma-junioras-ang\\\/\"]}]},{\"@type\":\"ImageObject\",\"inLanguage\":\"es\",\"@id\":\"https:\\\/\\\/www.cgfmanet.org\\\/es\\\/ifma-es\\\/encuentro-fma-junioras-ang\\\/#primaryimage\",\"url\":\"https:\\\/\\\/www.cgfmanet.org\\\/wp-content\\\/uploads\\\/2026\\\/03\\\/Foto-ANG-1.jpg\",\"contentUrl\":\"https:\\\/\\\/www.cgfmanet.org\\\/wp-content\\\/uploads\\\/2026\\\/03\\\/Foto-ANG-1.jpg\",\"width\":1181,\"height\":788},{\"@type\":\"BreadcrumbList\",\"@id\":\"https:\\\/\\\/www.cgfmanet.org\\\/es\\\/ifma-es\\\/encuentro-fma-junioras-ang\\\/#breadcrumb\",\"itemListElement\":[{\"@type\":\"ListItem\",\"position\":1,\"name\":\"Home\",\"item\":\"https:\\\/\\\/www.cgfmanet.org\\\/es\\\/\"},{\"@type\":\"ListItem\",\"position\":2,\"name\":\"Encuentro FMA junioras \u2013 ANG\"}]},{\"@type\":\"WebSite\",\"@id\":\"https:\\\/\\\/www.cgfmanet.org\\\/es\\\/#website\",\"url\":\"https:\\\/\\\/www.cgfmanet.org\\\/es\\\/\",\"name\":\"Istituto Figlie di Maria Ausiliatrice\",\"description\":\"Salesiane di Don Bosco\",\"publisher\":{\"@id\":\"https:\\\/\\\/www.cgfmanet.org\\\/es\\\/#organization\"},\"potentialAction\":[{\"@type\":\"SearchAction\",\"target\":{\"@type\":\"EntryPoint\",\"urlTemplate\":\"https:\\\/\\\/www.cgfmanet.org\\\/es\\\/?s={search_term_string}\"},\"query-input\":{\"@type\":\"PropertyValueSpecification\",\"valueRequired\":true,\"valueName\":\"search_term_string\"}}],\"inLanguage\":\"es\"},{\"@type\":\"Organization\",\"@id\":\"https:\\\/\\\/www.cgfmanet.org\\\/es\\\/#organization\",\"name\":\"Istituto Figlie di Maria Ausiliatrice\",\"url\":\"https:\\\/\\\/www.cgfmanet.org\\\/es\\\/\",\"logo\":{\"@type\":\"ImageObject\",\"inLanguage\":\"es\",\"@id\":\"https:\\\/\\\/www.cgfmanet.org\\\/es\\\/#\\\/schema\\\/logo\\\/image\\\/\",\"url\":\"https:\\\/\\\/www.cgfmanet.org\\\/wp-content\\\/uploads\\\/2018\\\/10\\\/logo-fma.png\",\"contentUrl\":\"https:\\\/\\\/www.cgfmanet.org\\\/wp-content\\\/uploads\\\/2018\\\/10\\\/logo-fma.png\",\"width\":214,\"height\":55,\"caption\":\"Istituto Figlie di Maria Ausiliatrice\"},\"image\":{\"@id\":\"https:\\\/\\\/www.cgfmanet.org\\\/es\\\/#\\\/schema\\\/logo\\\/image\\\/\"},\"sameAs\":[\"https:\\\/\\\/www.facebook.com\\\/salesian.sisters.of.don.bosco\\\/\",\"https:\\\/\\\/x.com\\\/Cgfmanet_Org\",\"https:\\\/\\\/www.youtube.com\\\/channel\\\/UCmcr8yFQBV7JXeXVxyV9y5Q\"]},{\"@type\":\"Person\",\"@id\":\"https:\\\/\\\/www.cgfmanet.org\\\/es\\\/#\\\/schema\\\/person\\\/ce6473083f53ef0ef882cca23f0c8fb9\",\"name\":\"Redazione\"}]}<\/script>\n<!-- \/ Yoast SEO plugin. -->","yoast_head_json":{"title":"Encuentro FMA junioras \u2013 ANG &#8226; Istituto Figlie di Maria Ausiliatrice","description":"Del 11 al 16 de marzo de 2026, las FMA junioras de la Inspector\u00eda ANG se reunieron en Luena, Angola, para vivir su encuentro formativo.","robots":{"index":"index","follow":"follow","max-snippet":"max-snippet:-1","max-image-preview":"max-image-preview:large","max-video-preview":"max-video-preview:-1"},"canonical":"https:\/\/www.cgfmanet.org\/es\/ifma-es\/encuentro-fma-junioras-ang\/","og_locale":"es_ES","og_type":"article","og_title":"Encuentro FMA junioras \u2013 ANG &#8226; Istituto Figlie di Maria Ausiliatrice","og_description":"Del 11 al 16 de marzo de 2026, las FMA junioras de la Inspector\u00eda ANG se reunieron en Luena, Angola, para vivir su encuentro formativo.","og_url":"https:\/\/www.cgfmanet.org\/es\/ifma-es\/encuentro-fma-junioras-ang\/","og_site_name":"Istituto Figlie di Maria Ausiliatrice","article_publisher":"https:\/\/www.facebook.com\/salesian.sisters.of.don.bosco\/","article_published_time":"2026-03-19T15:00:00+00:00","article_modified_time":"2026-03-21T21:21:54+00:00","og_image":[{"width":1181,"height":788,"url":"https:\/\/www.cgfmanet.org\/wp-content\/uploads\/2026\/03\/Foto-ANG-1.jpg","type":"image\/jpeg"}],"author":"Redazione","twitter_card":"summary_large_image","twitter_creator":"@Cgfmanet_Org","twitter_site":"@Cgfmanet_Org","twitter_misc":{"Escrito por":"Redazione","Tiempo de lectura":"3 minutos"},"schema":{"@context":"https:\/\/schema.org","@graph":[{"@type":"Article","@id":"https:\/\/www.cgfmanet.org\/es\/ifma-es\/encuentro-fma-junioras-ang\/#article","isPartOf":{"@id":"https:\/\/www.cgfmanet.org\/es\/ifma-es\/encuentro-fma-junioras-ang\/"},"author":{"name":"Redazione","@id":"https:\/\/www.cgfmanet.org\/es\/#\/schema\/person\/ce6473083f53ef0ef882cca23f0c8fb9"},"headline":"Encuentro FMA junioras \u2013 ANG","datePublished":"2026-03-19T15:00:00+00:00","dateModified":"2026-03-21T21:21:54+00:00","mainEntityOfPage":{"@id":"https:\/\/www.cgfmanet.org\/es\/ifma-es\/encuentro-fma-junioras-ang\/"},"wordCount":542,"commentCount":0,"publisher":{"@id":"https:\/\/www.cgfmanet.org\/es\/#organization"},"image":{"@id":"https:\/\/www.cgfmanet.org\/es\/ifma-es\/encuentro-fma-junioras-ang\/#primaryimage"},"thumbnailUrl":"https:\/\/www.cgfmanet.org\/wp-content\/uploads\/2026\/03\/Foto-ANG-1.jpg","keywords":["ANG","Spiritualit\u00e0 Salesiana","Focus","Juniores"],"articleSection":["IFMA","Cultura Vocacional"],"inLanguage":"es","potentialAction":[{"@type":"CommentAction","name":"Comment","target":["https:\/\/www.cgfmanet.org\/es\/ifma-es\/encuentro-fma-junioras-ang\/#respond"]}]},{"@type":"WebPage","@id":"https:\/\/www.cgfmanet.org\/es\/ifma-es\/encuentro-fma-junioras-ang\/","url":"https:\/\/www.cgfmanet.org\/es\/ifma-es\/encuentro-fma-junioras-ang\/","name":"Encuentro FMA junioras \u2013 ANG &#8226; Istituto Figlie di Maria Ausiliatrice","isPartOf":{"@id":"https:\/\/www.cgfmanet.org\/es\/#website"},"primaryImageOfPage":{"@id":"https:\/\/www.cgfmanet.org\/es\/ifma-es\/encuentro-fma-junioras-ang\/#primaryimage"},"image":{"@id":"https:\/\/www.cgfmanet.org\/es\/ifma-es\/encuentro-fma-junioras-ang\/#primaryimage"},"thumbnailUrl":"https:\/\/www.cgfmanet.org\/wp-content\/uploads\/2026\/03\/Foto-ANG-1.jpg","datePublished":"2026-03-19T15:00:00+00:00","dateModified":"2026-03-21T21:21:54+00:00","description":"Del 11 al 16 de marzo de 2026, las FMA junioras de la Inspector\u00eda ANG se reunieron en Luena, Angola, para vivir su encuentro formativo.","breadcrumb":{"@id":"https:\/\/www.cgfmanet.org\/es\/ifma-es\/encuentro-fma-junioras-ang\/#breadcrumb"},"inLanguage":"es","potentialAction":[{"@type":"ReadAction","target":["https:\/\/www.cgfmanet.org\/es\/ifma-es\/encuentro-fma-junioras-ang\/"]}]},{"@type":"ImageObject","inLanguage":"es","@id":"https:\/\/www.cgfmanet.org\/es\/ifma-es\/encuentro-fma-junioras-ang\/#primaryimage","url":"https:\/\/www.cgfmanet.org\/wp-content\/uploads\/2026\/03\/Foto-ANG-1.jpg","contentUrl":"https:\/\/www.cgfmanet.org\/wp-content\/uploads\/2026\/03\/Foto-ANG-1.jpg","width":1181,"height":788},{"@type":"BreadcrumbList","@id":"https:\/\/www.cgfmanet.org\/es\/ifma-es\/encuentro-fma-junioras-ang\/#breadcrumb","itemListElement":[{"@type":"ListItem","position":1,"name":"Home","item":"https:\/\/www.cgfmanet.org\/es\/"},{"@type":"ListItem","position":2,"name":"Encuentro FMA junioras \u2013 ANG"}]},{"@type":"WebSite","@id":"https:\/\/www.cgfmanet.org\/es\/#website","url":"https:\/\/www.cgfmanet.org\/es\/","name":"Istituto Figlie di Maria Ausiliatrice","description":"Salesiane di Don Bosco","publisher":{"@id":"https:\/\/www.cgfmanet.org\/es\/#organization"},"potentialAction":[{"@type":"SearchAction","target":{"@type":"EntryPoint","urlTemplate":"https:\/\/www.cgfmanet.org\/es\/?s={search_term_string}"},"query-input":{"@type":"PropertyValueSpecification","valueRequired":true,"valueName":"search_term_string"}}],"inLanguage":"es"},{"@type":"Organization","@id":"https:\/\/www.cgfmanet.org\/es\/#organization","name":"Istituto Figlie di Maria Ausiliatrice","url":"https:\/\/www.cgfmanet.org\/es\/","logo":{"@type":"ImageObject","inLanguage":"es","@id":"https:\/\/www.cgfmanet.org\/es\/#\/schema\/logo\/image\/","url":"https:\/\/www.cgfmanet.org\/wp-content\/uploads\/2018\/10\/logo-fma.png","contentUrl":"https:\/\/www.cgfmanet.org\/wp-content\/uploads\/2018\/10\/logo-fma.png","width":214,"height":55,"caption":"Istituto Figlie di Maria Ausiliatrice"},"image":{"@id":"https:\/\/www.cgfmanet.org\/es\/#\/schema\/logo\/image\/"},"sameAs":["https:\/\/www.facebook.com\/salesian.sisters.of.don.bosco\/","https:\/\/x.com\/Cgfmanet_Org","https:\/\/www.youtube.com\/channel\/UCmcr8yFQBV7JXeXVxyV9y5Q"]},{"@type":"Person","@id":"https:\/\/www.cgfmanet.org\/es\/#\/schema\/person\/ce6473083f53ef0ef882cca23f0c8fb9","name":"Redazione"}]}},"_links":{"self":[{"href":"https:\/\/www.cgfmanet.org\/es\/wp-json\/wp\/v2\/posts\/155081","targetHints":{"allow":["GET"]}}],"collection":[{"href":"https:\/\/www.cgfmanet.org\/es\/wp-json\/wp\/v2\/posts"}],"about":[{"href":"https:\/\/www.cgfmanet.org\/es\/wp-json\/wp\/v2\/types\/post"}],"author":[{"embeddable":true,"href":"https:\/\/www.cgfmanet.org\/es\/wp-json\/wp\/v2\/users\/21"}],"replies":[{"embeddable":true,"href":"https:\/\/www.cgfmanet.org\/es\/wp-json\/wp\/v2\/comments?post=155081"}],"version-history":[{"count":3,"href":"https:\/\/www.cgfmanet.org\/es\/wp-json\/wp\/v2\/posts\/155081\/revisions"}],"predecessor-version":[{"id":155099,"href":"https:\/\/www.cgfmanet.org\/es\/wp-json\/wp\/v2\/posts\/155081\/revisions\/155099"}],"wp:featuredmedia":[{"embeddable":true,"href":"https:\/\/www.cgfmanet.org\/es\/wp-json\/wp\/v2\/media\/155071"}],"wp:attachment":[{"href":"https:\/\/www.cgfmanet.org\/es\/wp-json\/wp\/v2\/media?parent=155081"}],"wp:term":[{"taxonomy":"category","embeddable":true,"href":"https:\/\/www.cgfmanet.org\/es\/wp-json\/wp\/v2\/categories?post=155081"},{"taxonomy":"post_tag","embeddable":true,"href":"https:\/\/www.cgfmanet.org\/es\/wp-json\/wp\/v2\/tags?post=155081"}],"curies":[{"name":"wp","href":"https:\/\/api.w.org\/{rel}","templated":true}]}}