{"id":155060,"date":"2026-03-18T18:27:55","date_gmt":"2026-03-18T17:27:55","guid":{"rendered":"https:\/\/www.cgfmanet.org\/infoesfera\/sentieri-di-una-vita-unificata\/"},"modified":"2026-03-21T22:17:48","modified_gmt":"2026-03-21T21:17:48","slug":"senderos-de-una-vida-unificada","status":"publish","type":"post","link":"https:\/\/www.cgfmanet.org\/es\/ifma-es\/senderos-de-una-vida-unificada\/","title":{"rendered":"Senderos de una vida unificada"},"content":{"rendered":"<p><strong>Estoril (Portugal).<\/strong> El 9 de marzo de 2026, 45 Hijas de Mar\u00eda Auxiliadora provenientes de todas las casas de la Inspector\u00eda Nuestra Se\u00f1ora de F\u00e1tima (POR) \u2014quienes cuentan con una trayectoria de 40 o m\u00e1s a\u00f1os por los senderos de la educaci\u00f3n\u2014 se reunieron en la Casa inspectorial de Estoril. El encuentro, marcado por la generosa dedicaci\u00f3n de sus vidas a los j\u00f3venes y a los pobres, fue una jornada de renovaci\u00f3n y reflexi\u00f3n para proseguir juntas en la b\u00fasqueda de nuevos caminos.<\/p>\n<p>Tras el saludo de la Inspectora, sor Deolinda Teixeira, y una invocaci\u00f3n al Esp\u00edritu Santo, don Filipe Santos, del Seminario de Caparide, present\u00f3 a las hermanas una reflexi\u00f3n que las centr\u00f3 en lo esencial de la vida \u2014\u00abEsta es, en efecto, la voluntad de Dios: vuestra santificaci\u00f3n\u00bb (1 Ts 4, 2)\u2014 ayud\u00e1ndolas a recorrer los \u201csenderos de una vida unificada\u201d.<\/p>\n<p>Partiendo del Bautismo, principio de la unidad en Cristo, y del camino de santificaci\u00f3n recorrido hasta hoy, les dijo que \u00abcuanto m\u00e1s vivamos en Cristo, tanto m\u00e1s toda nuestra vida estar\u00e1 unificada en Cristo\u00bb y que \u00abVivir en Cristo significa, ante todo, vivir en una relaci\u00f3n de intimidad con el Padre, como hijos en el Hijo\u00bb.<\/p>\n<p>Descendiendo a la concreci\u00f3n de la vida, indic\u00f3 tres rasgos que identifican la uni\u00f3n con Cristo y la transforman:<\/p>\n<ul>\n<li><strong>1\u00b0 rasgo \u2013 Tener un coraz\u00f3n de hijo que vive una \u00abrelaci\u00f3n abb\u00e1tica\u00bb con el Padre:<\/strong> \u00ab\u00a1ABB\u00c1, Padre, Pap\u00e1!\u00bb As\u00ed se dirige Jes\u00fas al Padre, en una relaci\u00f3n de gran ternura, confianza e intimidad \u00fanica. Jes\u00fas no vive para s\u00ed mismo, ni est\u00e1 centrado en s\u00ed mismo; sus palabras y sus gestos hacen referencia al Padre como eje fundamental de su vida.<\/li>\n<li><strong>2\u00b0 rasgo \u2013 Tener un coraz\u00f3n de Hijo que obedece filialmente:<\/strong> Jes\u00fas vivi\u00f3 toda la vida bajo el signo de la obediencia, por lo que \u00c9l es verdaderamente Aquel que viene para hacer la voluntad de Dios.<\/li>\n<li><strong>3\u00b0 rasgo \u2013 Tener un coraz\u00f3n de Hijo que busca la gloria del Padre:<\/strong> Viviendo en uni\u00f3n con el Padre y abandonado a Su voluntad, Su actuar no est\u00e1 movido por la garant\u00eda de Su gloria individual o por la b\u00fasqueda de las vanaglorias del mundo.<\/li>\n<\/ul>\n<p>Las participantes tuvieron despu\u00e9s tiempo para reflexionar y compartir esta presentaci\u00f3n de don Filipe, confront\u00e1ndola con la realidad de la vida religiosa y pregunt\u00e1ndose qu\u00e9 caminos es necesario recorrer para vivir la unidad con Cristo y con los hermanos.<\/p>\n<p>La tarde se dedic\u00f3 a compartir sobre el tema propuesto, con una participaci\u00f3n sinodal, sin prisas, pero con la conciencia del valor que este tema tiene para la vida de las FMA. Se presentaron tambi\u00e9n algunas propuestas surgidas de la reflexi\u00f3n sobre el tema de la revitalizaci\u00f3n de la Inspector\u00eda.<\/p>\n<p>Agradecidas a la Inspectora que las acompa\u00f1\u00f3 durante toda la jornada con su presencia, su palabra y su testimonio de hermana, las hermanas regresaron a sus propias Comunidades con la convicci\u00f3n de que no son los a\u00f1os vividos los que marcan la diferencia, sino c\u00f3mo han sido vividos y que siempre se est\u00e1 en camino para llegar a decir: \u00ab\u00a1En \u00c9l vivimos, nos movemos y existimos<em>!\u00bb <\/em>(Hcht 17,28).<\/p>\n\r\n                <style type=\"text\/css\">\r\n                    \r\n                    #tdi_1  .td-doubleSlider-2 .td-item1 {\r\n                        background: url(https:\/\/www.cgfmanet.org\/wp-content\/uploads\/2026\/03\/Incontro-FMA_POR_2-80x60.jpg) 0 0 no-repeat;\r\n                    }\r\n                    #tdi_1  .td-doubleSlider-2 .td-item2 {\r\n                        background: url(https:\/\/www.cgfmanet.org\/wp-content\/uploads\/2026\/03\/Incontro-FMA_POR_1-80x60.jpg) 0 0 no-repeat;\r\n                    }\r\n                    #tdi_1  .td-doubleSlider-2 .td-item3 {\r\n                        background: url(https:\/\/www.cgfmanet.org\/wp-content\/uploads\/2026\/03\/Incontro-FMA_POR_3-80x60.jpg) 0 0 no-repeat;\r\n                    }\r\n                <\/style>\r\n\r\n                <div id=\"tdi_1\" class=\"td-gallery td-slide-on-2-columns\">\r\n                    <div class=\"post_td_gallery\">\r\n                        <div class=\"td-gallery-slide-top\">\r\n                           <div class=\"td-gallery-title\"><\/div>\r\n\r\n                            <div class=\"td-gallery-controls-wrapper\">\r\n                                <div class=\"td-gallery-slide-count\"><span class=\"td-gallery-slide-item-focus\">1<\/span> de 3<\/div>\r\n                                <div class=\"td-gallery-slide-prev-next-but\">\r\n                                    <i class = \"td-icon-left doubleSliderPrevButton\"><\/i>\r\n                                    <i class = \"td-icon-right doubleSliderNextButton\"><\/i>\r\n                                <\/div>\r\n                            <\/div>\r\n                        <\/div>\r\n\r\n                        <div class = \"td-doubleSlider-1 \">\r\n                            <div class = \"td-slider\">\r\n                                \r\n                    <div class = \"td-slide-item td-item1\">\r\n                        <figure class=\"td-slide-galery-figure td-slide-popup-gallery\">\r\n                            <a class=\"slide-gallery-image-link\" href=\"https:\/\/www.cgfmanet.org\/wp-content\/uploads\/2026\/03\/Incontro-FMA_POR_2.jpg\" title=\"Incontro FMA_POR_2\"  data-caption=\"\"  data-description=\"\">\r\n                                <img decoding=\"async\" data-src=\"https:\/\/www.cgfmanet.org\/wp-content\/uploads\/2026\/03\/Incontro-FMA_POR_2-630x420.jpg\" data-srcset=\"https:\/\/www.cgfmanet.org\/wp-content\/uploads\/2026\/03\/Incontro-FMA_POR_2-630x420.jpg 630w, https:\/\/www.cgfmanet.org\/wp-content\/uploads\/2026\/03\/Incontro-FMA_POR_2-768x512.jpg 768w, https:\/\/www.cgfmanet.org\/wp-content\/uploads\/2026\/03\/Incontro-FMA_POR_2-696x464.jpg 696w, https:\/\/www.cgfmanet.org\/wp-content\/uploads\/2026\/03\/Incontro-FMA_POR_2.jpg 1181w\" data-sizes=\"auto\" alt=\"\" src=\"data:image\/svg+xml;base64,PHN2ZyB3aWR0aD0iMSIgaGVpZ2h0PSIxIiB4bWxucz0iaHR0cDovL3d3dy53My5vcmcvMjAwMC9zdmciPjwvc3ZnPg==\" class=\"lazyload\" style=\"--smush-placeholder-width: 630px; --smush-placeholder-aspect-ratio: 630\/420;\" data-original-sizes=\"(max-width: 630px) 100vw, 630px\">\r\n                            <\/a>\r\n                            \r\n                        <\/figure>\r\n                    <\/div>\r\n                    <div class = \"td-slide-item td-item2\">\r\n                        <figure class=\"td-slide-galery-figure td-slide-popup-gallery\">\r\n                            <a class=\"slide-gallery-image-link\" href=\"https:\/\/www.cgfmanet.org\/wp-content\/uploads\/2026\/03\/Incontro-FMA_POR_1.jpg\" title=\"Incontro FMA_POR_1\"  data-caption=\"\"  data-description=\"\">\r\n                                <img decoding=\"async\" data-src=\"https:\/\/www.cgfmanet.org\/wp-content\/uploads\/2026\/03\/Incontro-FMA_POR_1-630x420.jpg\" data-srcset=\"https:\/\/www.cgfmanet.org\/wp-content\/uploads\/2026\/03\/Incontro-FMA_POR_1-630x420.jpg 630w, https:\/\/www.cgfmanet.org\/wp-content\/uploads\/2026\/03\/Incontro-FMA_POR_1-768x512.jpg 768w, https:\/\/www.cgfmanet.org\/wp-content\/uploads\/2026\/03\/Incontro-FMA_POR_1-696x464.jpg 696w, https:\/\/www.cgfmanet.org\/wp-content\/uploads\/2026\/03\/Incontro-FMA_POR_1.jpg 1181w\" data-sizes=\"auto\" alt=\"\" src=\"data:image\/svg+xml;base64,PHN2ZyB3aWR0aD0iMSIgaGVpZ2h0PSIxIiB4bWxucz0iaHR0cDovL3d3dy53My5vcmcvMjAwMC9zdmciPjwvc3ZnPg==\" class=\"lazyload\" style=\"--smush-placeholder-width: 630px; --smush-placeholder-aspect-ratio: 630\/420;\" data-original-sizes=\"(max-width: 630px) 100vw, 630px\">\r\n                            <\/a>\r\n                            \r\n                        <\/figure>\r\n                    <\/div>\r\n                    <div class = \"td-slide-item td-item3\">\r\n                        <figure class=\"td-slide-galery-figure td-slide-popup-gallery\">\r\n                            <a class=\"slide-gallery-image-link\" href=\"https:\/\/www.cgfmanet.org\/wp-content\/uploads\/2026\/03\/Incontro-FMA_POR_3.jpg\" title=\"Incontro FMA_POR_3\"  data-caption=\"\"  data-description=\"\">\r\n                                <img decoding=\"async\" data-src=\"https:\/\/www.cgfmanet.org\/wp-content\/uploads\/2026\/03\/Incontro-FMA_POR_3-629x420.jpg\" data-srcset=\"https:\/\/www.cgfmanet.org\/wp-content\/uploads\/2026\/03\/Incontro-FMA_POR_3-629x420.jpg 629w, https:\/\/www.cgfmanet.org\/wp-content\/uploads\/2026\/03\/Incontro-FMA_POR_3-768x512.jpg 768w, https:\/\/www.cgfmanet.org\/wp-content\/uploads\/2026\/03\/Incontro-FMA_POR_3-696x464.jpg 696w, https:\/\/www.cgfmanet.org\/wp-content\/uploads\/2026\/03\/Incontro-FMA_POR_3.jpg 1181w\" data-sizes=\"auto\" alt=\"\" src=\"data:image\/svg+xml;base64,PHN2ZyB3aWR0aD0iMSIgaGVpZ2h0PSIxIiB4bWxucz0iaHR0cDovL3d3dy53My5vcmcvMjAwMC9zdmciPjwvc3ZnPg==\" class=\"lazyload\" style=\"--smush-placeholder-width: 629px; --smush-placeholder-aspect-ratio: 629\/420;\" data-original-sizes=\"(max-width: 629px) 100vw, 629px\">\r\n                            <\/a>\r\n                            \r\n                        <\/figure>\r\n                    <\/div>\r\n                            <\/div>\r\n                        <\/div>\r\n\r\n                        <div class = \"td-doubleSlider-2\">\r\n                            <div class = \"td-slider\">\r\n                                \r\n                    <div class = \"td-button td-item1\">\r\n                        <div class = \"td-border\"><\/div>\r\n                    <\/div>\r\n                    <div class = \"td-button td-item2\">\r\n                        <div class = \"td-border\"><\/div>\r\n                    <\/div>\r\n                    <div class = \"td-button td-item3\">\r\n                        <div class = \"td-border\"><\/div>\r\n                    <\/div>\r\n                            <\/div>\r\n                        <\/div>\r\n\r\n                    <\/div>\r\n\r\n                <\/div>\r\n                \n","protected":false},"excerpt":{"rendered":"<p>Estoril (Portugal). El 9 de marzo de 2026, 45 Hijas de Mar\u00eda Auxiliadora provenientes de todas las casas de la Inspector\u00eda Nuestra Se\u00f1ora de F\u00e1tima (POR) \u2014quienes cuentan con una [&hellip;]<\/p>\n","protected":false},"author":21,"featured_media":155045,"comment_status":"open","ping_status":"closed","sticky":false,"template":"","format":"standard","meta":{"footnotes":""},"categories":[158,175],"tags":[1315,1669,1931],"class_list":["post-155060","post","type-post","status-publish","format-standard","has-post-thumbnail","category-ifma-es","category-cultura-vocacional-es","tag-por-es","tag-spiritualita-salesiana-es","tag-focus-es"],"yoast_head":"<!-- This site is optimized with the Yoast SEO plugin v27.4 - https:\/\/yoast.com\/product\/yoast-seo-wordpress\/ -->\n<title>Senderos de una vida unificada &#8226; Istituto Figlie di Maria Ausiliatrice<\/title>\n<meta name=\"description\" content=\"El 9 de marzo de 2026, las FMA con 40 a\u00f1os y m\u00e1s de Profesi\u00f3n religiosa de la Inspector\u00eda de Portugal, POR, vivieron una jornada formativa.\" \/>\n<meta name=\"robots\" content=\"index, follow, max-snippet:-1, max-image-preview:large, max-video-preview:-1\" \/>\n<link rel=\"canonical\" href=\"https:\/\/www.cgfmanet.org\/es\/ifma-es\/senderos-de-una-vida-unificada\/\" \/>\n<meta property=\"og:locale\" content=\"es_ES\" \/>\n<meta property=\"og:type\" content=\"article\" \/>\n<meta property=\"og:title\" content=\"Senderos de una vida unificada &#8226; Istituto Figlie di Maria Ausiliatrice\" \/>\n<meta property=\"og:description\" content=\"El 9 de marzo de 2026, las FMA con 40 a\u00f1os y m\u00e1s de Profesi\u00f3n religiosa de la Inspector\u00eda de Portugal, POR, vivieron una jornada formativa.\" \/>\n<meta property=\"og:url\" content=\"https:\/\/www.cgfmanet.org\/es\/ifma-es\/senderos-de-una-vida-unificada\/\" \/>\n<meta property=\"og:site_name\" content=\"Istituto Figlie di Maria Ausiliatrice\" \/>\n<meta property=\"article:publisher\" content=\"https:\/\/www.facebook.com\/salesian.sisters.of.don.bosco\/\" \/>\n<meta property=\"article:published_time\" content=\"2026-03-18T17:27:55+00:00\" \/>\n<meta property=\"article:modified_time\" content=\"2026-03-21T21:17:48+00:00\" \/>\n<meta property=\"og:image\" content=\"https:\/\/www.cgfmanet.org\/wp-content\/uploads\/2026\/03\/Incontro-FMA_POR.jpg\" \/>\n\t<meta property=\"og:image:width\" content=\"1181\" \/>\n\t<meta property=\"og:image:height\" content=\"787\" \/>\n\t<meta property=\"og:image:type\" content=\"image\/jpeg\" \/>\n<meta name=\"author\" content=\"Redazione\" \/>\n<meta name=\"twitter:card\" content=\"summary_large_image\" \/>\n<meta name=\"twitter:creator\" content=\"@Cgfmanet_Org\" \/>\n<meta name=\"twitter:site\" content=\"@Cgfmanet_Org\" \/>\n<meta name=\"twitter:label1\" content=\"Escrito por\" \/>\n\t<meta name=\"twitter:data1\" content=\"Redazione\" \/>\n\t<meta name=\"twitter:label2\" content=\"Tiempo de lectura\" \/>\n\t<meta name=\"twitter:data2\" content=\"3 minutos\" \/>\n<script type=\"application\/ld+json\" class=\"yoast-schema-graph\">{\"@context\":\"https:\\\/\\\/schema.org\",\"@graph\":[{\"@type\":\"Article\",\"@id\":\"https:\\\/\\\/www.cgfmanet.org\\\/es\\\/ifma-es\\\/senderos-de-una-vida-unificada\\\/#article\",\"isPartOf\":{\"@id\":\"https:\\\/\\\/www.cgfmanet.org\\\/es\\\/ifma-es\\\/senderos-de-una-vida-unificada\\\/\"},\"author\":{\"name\":\"Redazione\",\"@id\":\"https:\\\/\\\/www.cgfmanet.org\\\/es\\\/#\\\/schema\\\/person\\\/ce6473083f53ef0ef882cca23f0c8fb9\"},\"headline\":\"Senderos de una vida unificada\",\"datePublished\":\"2026-03-18T17:27:55+00:00\",\"dateModified\":\"2026-03-21T21:17:48+00:00\",\"mainEntityOfPage\":{\"@id\":\"https:\\\/\\\/www.cgfmanet.org\\\/es\\\/ifma-es\\\/senderos-de-una-vida-unificada\\\/\"},\"wordCount\":568,\"commentCount\":0,\"publisher\":{\"@id\":\"https:\\\/\\\/www.cgfmanet.org\\\/es\\\/#organization\"},\"image\":{\"@id\":\"https:\\\/\\\/www.cgfmanet.org\\\/es\\\/ifma-es\\\/senderos-de-una-vida-unificada\\\/#primaryimage\"},\"thumbnailUrl\":\"https:\\\/\\\/www.cgfmanet.org\\\/wp-content\\\/uploads\\\/2026\\\/03\\\/Incontro-FMA_POR.jpg\",\"keywords\":[\"POR\",\"Spiritualit\u00e0 Salesiana\",\"Focus\"],\"articleSection\":[\"IFMA\",\"Cultura Vocacional\"],\"inLanguage\":\"es\",\"potentialAction\":[{\"@type\":\"CommentAction\",\"name\":\"Comment\",\"target\":[\"https:\\\/\\\/www.cgfmanet.org\\\/es\\\/ifma-es\\\/senderos-de-una-vida-unificada\\\/#respond\"]}]},{\"@type\":\"WebPage\",\"@id\":\"https:\\\/\\\/www.cgfmanet.org\\\/es\\\/ifma-es\\\/senderos-de-una-vida-unificada\\\/\",\"url\":\"https:\\\/\\\/www.cgfmanet.org\\\/es\\\/ifma-es\\\/senderos-de-una-vida-unificada\\\/\",\"name\":\"Senderos de una vida unificada &#8226; Istituto Figlie di Maria Ausiliatrice\",\"isPartOf\":{\"@id\":\"https:\\\/\\\/www.cgfmanet.org\\\/es\\\/#website\"},\"primaryImageOfPage\":{\"@id\":\"https:\\\/\\\/www.cgfmanet.org\\\/es\\\/ifma-es\\\/senderos-de-una-vida-unificada\\\/#primaryimage\"},\"image\":{\"@id\":\"https:\\\/\\\/www.cgfmanet.org\\\/es\\\/ifma-es\\\/senderos-de-una-vida-unificada\\\/#primaryimage\"},\"thumbnailUrl\":\"https:\\\/\\\/www.cgfmanet.org\\\/wp-content\\\/uploads\\\/2026\\\/03\\\/Incontro-FMA_POR.jpg\",\"datePublished\":\"2026-03-18T17:27:55+00:00\",\"dateModified\":\"2026-03-21T21:17:48+00:00\",\"description\":\"El 9 de marzo de 2026, las FMA con 40 a\u00f1os y m\u00e1s de Profesi\u00f3n religiosa de la Inspector\u00eda de Portugal, POR, vivieron una jornada formativa.\",\"breadcrumb\":{\"@id\":\"https:\\\/\\\/www.cgfmanet.org\\\/es\\\/ifma-es\\\/senderos-de-una-vida-unificada\\\/#breadcrumb\"},\"inLanguage\":\"es\",\"potentialAction\":[{\"@type\":\"ReadAction\",\"target\":[\"https:\\\/\\\/www.cgfmanet.org\\\/es\\\/ifma-es\\\/senderos-de-una-vida-unificada\\\/\"]}]},{\"@type\":\"ImageObject\",\"inLanguage\":\"es\",\"@id\":\"https:\\\/\\\/www.cgfmanet.org\\\/es\\\/ifma-es\\\/senderos-de-una-vida-unificada\\\/#primaryimage\",\"url\":\"https:\\\/\\\/www.cgfmanet.org\\\/wp-content\\\/uploads\\\/2026\\\/03\\\/Incontro-FMA_POR.jpg\",\"contentUrl\":\"https:\\\/\\\/www.cgfmanet.org\\\/wp-content\\\/uploads\\\/2026\\\/03\\\/Incontro-FMA_POR.jpg\",\"width\":1181,\"height\":787},{\"@type\":\"BreadcrumbList\",\"@id\":\"https:\\\/\\\/www.cgfmanet.org\\\/es\\\/ifma-es\\\/senderos-de-una-vida-unificada\\\/#breadcrumb\",\"itemListElement\":[{\"@type\":\"ListItem\",\"position\":1,\"name\":\"Home\",\"item\":\"https:\\\/\\\/www.cgfmanet.org\\\/es\\\/\"},{\"@type\":\"ListItem\",\"position\":2,\"name\":\"Senderos de una vida unificada\"}]},{\"@type\":\"WebSite\",\"@id\":\"https:\\\/\\\/www.cgfmanet.org\\\/es\\\/#website\",\"url\":\"https:\\\/\\\/www.cgfmanet.org\\\/es\\\/\",\"name\":\"Istituto Figlie di Maria Ausiliatrice\",\"description\":\"Salesiane di Don Bosco\",\"publisher\":{\"@id\":\"https:\\\/\\\/www.cgfmanet.org\\\/es\\\/#organization\"},\"potentialAction\":[{\"@type\":\"SearchAction\",\"target\":{\"@type\":\"EntryPoint\",\"urlTemplate\":\"https:\\\/\\\/www.cgfmanet.org\\\/es\\\/?s={search_term_string}\"},\"query-input\":{\"@type\":\"PropertyValueSpecification\",\"valueRequired\":true,\"valueName\":\"search_term_string\"}}],\"inLanguage\":\"es\"},{\"@type\":\"Organization\",\"@id\":\"https:\\\/\\\/www.cgfmanet.org\\\/es\\\/#organization\",\"name\":\"Istituto Figlie di Maria Ausiliatrice\",\"url\":\"https:\\\/\\\/www.cgfmanet.org\\\/es\\\/\",\"logo\":{\"@type\":\"ImageObject\",\"inLanguage\":\"es\",\"@id\":\"https:\\\/\\\/www.cgfmanet.org\\\/es\\\/#\\\/schema\\\/logo\\\/image\\\/\",\"url\":\"https:\\\/\\\/www.cgfmanet.org\\\/wp-content\\\/uploads\\\/2018\\\/10\\\/logo-fma.png\",\"contentUrl\":\"https:\\\/\\\/www.cgfmanet.org\\\/wp-content\\\/uploads\\\/2018\\\/10\\\/logo-fma.png\",\"width\":214,\"height\":55,\"caption\":\"Istituto Figlie di Maria Ausiliatrice\"},\"image\":{\"@id\":\"https:\\\/\\\/www.cgfmanet.org\\\/es\\\/#\\\/schema\\\/logo\\\/image\\\/\"},\"sameAs\":[\"https:\\\/\\\/www.facebook.com\\\/salesian.sisters.of.don.bosco\\\/\",\"https:\\\/\\\/x.com\\\/Cgfmanet_Org\",\"https:\\\/\\\/www.youtube.com\\\/channel\\\/UCmcr8yFQBV7JXeXVxyV9y5Q\"]},{\"@type\":\"Person\",\"@id\":\"https:\\\/\\\/www.cgfmanet.org\\\/es\\\/#\\\/schema\\\/person\\\/ce6473083f53ef0ef882cca23f0c8fb9\",\"name\":\"Redazione\"}]}<\/script>\n<!-- \/ Yoast SEO plugin. -->","yoast_head_json":{"title":"Senderos de una vida unificada &#8226; Istituto Figlie di Maria Ausiliatrice","description":"El 9 de marzo de 2026, las FMA con 40 a\u00f1os y m\u00e1s de Profesi\u00f3n religiosa de la Inspector\u00eda de Portugal, POR, vivieron una jornada formativa.","robots":{"index":"index","follow":"follow","max-snippet":"max-snippet:-1","max-image-preview":"max-image-preview:large","max-video-preview":"max-video-preview:-1"},"canonical":"https:\/\/www.cgfmanet.org\/es\/ifma-es\/senderos-de-una-vida-unificada\/","og_locale":"es_ES","og_type":"article","og_title":"Senderos de una vida unificada &#8226; Istituto Figlie di Maria Ausiliatrice","og_description":"El 9 de marzo de 2026, las FMA con 40 a\u00f1os y m\u00e1s de Profesi\u00f3n religiosa de la Inspector\u00eda de Portugal, POR, vivieron una jornada formativa.","og_url":"https:\/\/www.cgfmanet.org\/es\/ifma-es\/senderos-de-una-vida-unificada\/","og_site_name":"Istituto Figlie di Maria Ausiliatrice","article_publisher":"https:\/\/www.facebook.com\/salesian.sisters.of.don.bosco\/","article_published_time":"2026-03-18T17:27:55+00:00","article_modified_time":"2026-03-21T21:17:48+00:00","og_image":[{"width":1181,"height":787,"url":"https:\/\/www.cgfmanet.org\/wp-content\/uploads\/2026\/03\/Incontro-FMA_POR.jpg","type":"image\/jpeg"}],"author":"Redazione","twitter_card":"summary_large_image","twitter_creator":"@Cgfmanet_Org","twitter_site":"@Cgfmanet_Org","twitter_misc":{"Escrito por":"Redazione","Tiempo de lectura":"3 minutos"},"schema":{"@context":"https:\/\/schema.org","@graph":[{"@type":"Article","@id":"https:\/\/www.cgfmanet.org\/es\/ifma-es\/senderos-de-una-vida-unificada\/#article","isPartOf":{"@id":"https:\/\/www.cgfmanet.org\/es\/ifma-es\/senderos-de-una-vida-unificada\/"},"author":{"name":"Redazione","@id":"https:\/\/www.cgfmanet.org\/es\/#\/schema\/person\/ce6473083f53ef0ef882cca23f0c8fb9"},"headline":"Senderos de una vida unificada","datePublished":"2026-03-18T17:27:55+00:00","dateModified":"2026-03-21T21:17:48+00:00","mainEntityOfPage":{"@id":"https:\/\/www.cgfmanet.org\/es\/ifma-es\/senderos-de-una-vida-unificada\/"},"wordCount":568,"commentCount":0,"publisher":{"@id":"https:\/\/www.cgfmanet.org\/es\/#organization"},"image":{"@id":"https:\/\/www.cgfmanet.org\/es\/ifma-es\/senderos-de-una-vida-unificada\/#primaryimage"},"thumbnailUrl":"https:\/\/www.cgfmanet.org\/wp-content\/uploads\/2026\/03\/Incontro-FMA_POR.jpg","keywords":["POR","Spiritualit\u00e0 Salesiana","Focus"],"articleSection":["IFMA","Cultura Vocacional"],"inLanguage":"es","potentialAction":[{"@type":"CommentAction","name":"Comment","target":["https:\/\/www.cgfmanet.org\/es\/ifma-es\/senderos-de-una-vida-unificada\/#respond"]}]},{"@type":"WebPage","@id":"https:\/\/www.cgfmanet.org\/es\/ifma-es\/senderos-de-una-vida-unificada\/","url":"https:\/\/www.cgfmanet.org\/es\/ifma-es\/senderos-de-una-vida-unificada\/","name":"Senderos de una vida unificada &#8226; Istituto Figlie di Maria Ausiliatrice","isPartOf":{"@id":"https:\/\/www.cgfmanet.org\/es\/#website"},"primaryImageOfPage":{"@id":"https:\/\/www.cgfmanet.org\/es\/ifma-es\/senderos-de-una-vida-unificada\/#primaryimage"},"image":{"@id":"https:\/\/www.cgfmanet.org\/es\/ifma-es\/senderos-de-una-vida-unificada\/#primaryimage"},"thumbnailUrl":"https:\/\/www.cgfmanet.org\/wp-content\/uploads\/2026\/03\/Incontro-FMA_POR.jpg","datePublished":"2026-03-18T17:27:55+00:00","dateModified":"2026-03-21T21:17:48+00:00","description":"El 9 de marzo de 2026, las FMA con 40 a\u00f1os y m\u00e1s de Profesi\u00f3n religiosa de la Inspector\u00eda de Portugal, POR, vivieron una jornada formativa.","breadcrumb":{"@id":"https:\/\/www.cgfmanet.org\/es\/ifma-es\/senderos-de-una-vida-unificada\/#breadcrumb"},"inLanguage":"es","potentialAction":[{"@type":"ReadAction","target":["https:\/\/www.cgfmanet.org\/es\/ifma-es\/senderos-de-una-vida-unificada\/"]}]},{"@type":"ImageObject","inLanguage":"es","@id":"https:\/\/www.cgfmanet.org\/es\/ifma-es\/senderos-de-una-vida-unificada\/#primaryimage","url":"https:\/\/www.cgfmanet.org\/wp-content\/uploads\/2026\/03\/Incontro-FMA_POR.jpg","contentUrl":"https:\/\/www.cgfmanet.org\/wp-content\/uploads\/2026\/03\/Incontro-FMA_POR.jpg","width":1181,"height":787},{"@type":"BreadcrumbList","@id":"https:\/\/www.cgfmanet.org\/es\/ifma-es\/senderos-de-una-vida-unificada\/#breadcrumb","itemListElement":[{"@type":"ListItem","position":1,"name":"Home","item":"https:\/\/www.cgfmanet.org\/es\/"},{"@type":"ListItem","position":2,"name":"Senderos de una vida unificada"}]},{"@type":"WebSite","@id":"https:\/\/www.cgfmanet.org\/es\/#website","url":"https:\/\/www.cgfmanet.org\/es\/","name":"Istituto Figlie di Maria Ausiliatrice","description":"Salesiane di Don Bosco","publisher":{"@id":"https:\/\/www.cgfmanet.org\/es\/#organization"},"potentialAction":[{"@type":"SearchAction","target":{"@type":"EntryPoint","urlTemplate":"https:\/\/www.cgfmanet.org\/es\/?s={search_term_string}"},"query-input":{"@type":"PropertyValueSpecification","valueRequired":true,"valueName":"search_term_string"}}],"inLanguage":"es"},{"@type":"Organization","@id":"https:\/\/www.cgfmanet.org\/es\/#organization","name":"Istituto Figlie di Maria Ausiliatrice","url":"https:\/\/www.cgfmanet.org\/es\/","logo":{"@type":"ImageObject","inLanguage":"es","@id":"https:\/\/www.cgfmanet.org\/es\/#\/schema\/logo\/image\/","url":"https:\/\/www.cgfmanet.org\/wp-content\/uploads\/2018\/10\/logo-fma.png","contentUrl":"https:\/\/www.cgfmanet.org\/wp-content\/uploads\/2018\/10\/logo-fma.png","width":214,"height":55,"caption":"Istituto Figlie di Maria Ausiliatrice"},"image":{"@id":"https:\/\/www.cgfmanet.org\/es\/#\/schema\/logo\/image\/"},"sameAs":["https:\/\/www.facebook.com\/salesian.sisters.of.don.bosco\/","https:\/\/x.com\/Cgfmanet_Org","https:\/\/www.youtube.com\/channel\/UCmcr8yFQBV7JXeXVxyV9y5Q"]},{"@type":"Person","@id":"https:\/\/www.cgfmanet.org\/es\/#\/schema\/person\/ce6473083f53ef0ef882cca23f0c8fb9","name":"Redazione"}]}},"_links":{"self":[{"href":"https:\/\/www.cgfmanet.org\/es\/wp-json\/wp\/v2\/posts\/155060","targetHints":{"allow":["GET"]}}],"collection":[{"href":"https:\/\/www.cgfmanet.org\/es\/wp-json\/wp\/v2\/posts"}],"about":[{"href":"https:\/\/www.cgfmanet.org\/es\/wp-json\/wp\/v2\/types\/post"}],"author":[{"embeddable":true,"href":"https:\/\/www.cgfmanet.org\/es\/wp-json\/wp\/v2\/users\/21"}],"replies":[{"embeddable":true,"href":"https:\/\/www.cgfmanet.org\/es\/wp-json\/wp\/v2\/comments?post=155060"}],"version-history":[{"count":2,"href":"https:\/\/www.cgfmanet.org\/es\/wp-json\/wp\/v2\/posts\/155060\/revisions"}],"predecessor-version":[{"id":155096,"href":"https:\/\/www.cgfmanet.org\/es\/wp-json\/wp\/v2\/posts\/155060\/revisions\/155096"}],"wp:featuredmedia":[{"embeddable":true,"href":"https:\/\/www.cgfmanet.org\/es\/wp-json\/wp\/v2\/media\/155045"}],"wp:attachment":[{"href":"https:\/\/www.cgfmanet.org\/es\/wp-json\/wp\/v2\/media?parent=155060"}],"wp:term":[{"taxonomy":"category","embeddable":true,"href":"https:\/\/www.cgfmanet.org\/es\/wp-json\/wp\/v2\/categories?post=155060"},{"taxonomy":"post_tag","embeddable":true,"href":"https:\/\/www.cgfmanet.org\/es\/wp-json\/wp\/v2\/tags?post=155060"}],"curies":[{"name":"wp","href":"https:\/\/api.w.org\/{rel}","templated":true}]}}