{"id":155006,"date":"2026-03-22T11:52:06","date_gmt":"2026-03-22T10:52:06","guid":{"rendered":"https:\/\/www.cgfmanet.org\/infoesfera\/verso-la-festa-del-grazie-mondiale-2026\/"},"modified":"2026-03-20T12:58:18","modified_gmt":"2026-03-20T11:58:18","slug":"hacia-la-fiesta-mundial-de-la-gratitud-2026","status":"publish","type":"post","link":"https:\/\/www.cgfmanet.org\/es\/ifma-es\/hacia-la-fiesta-mundial-de-la-gratitud-2026\/","title":{"rendered":"Hacia la Fiesta Mundial de la Gratitud 2026"},"content":{"rendered":"<p><strong>Roma (Italia).<\/strong> Ya est\u00e1 disponible el sitio web <a href=\"https:\/\/www.festadelgrazie.org\" target=\"_blank\" rel=\"noopener\"><strong><span style=\"color: #0000ff;\">www.festadelgrazie.org<\/span><\/strong><\/a> para prepararse a vivir la <strong>Fiesta Mundial de la Gratitud 2026<\/strong> del Instituto de las Hijas de Mar\u00eda Auxiliadora, que se celebrar\u00e1 en <strong>Ecuador, en Macas, el 26 de abril de 2026<\/strong> con el tema:<\/p>\n<h3 style=\"text-align: center;\"><span style=\"color: #ff0000;\"><strong>Ser misioneros en todo lugar<\/strong><\/span><\/h3>\n<p>Disponible en dos idiomas \u2013<strong>italiano y espa\u00f1ol<\/strong>\u2013, este sitio es un lugar de encuentro para unirse en red como FMA, Comunidades educativas, laicos y j\u00f3venes de la Familia Salesiana, y expresar a Madre Chiara Cazzuola nuestra gratitud y prepararnos para vivir, con renovado impulso, el evento carism\u00e1tico de la Fiesta Mundial de la Gratitud.<\/p>\n<p>El sitio ofrece los recursos para profundizar en el tema propuesto por la Inspector\u00eda Sagrado Coraz\u00f3n (ECU), tierra que fue testigo del ofrecimiento de la vida de Santa Mar\u00eda Troncatti y del milagro que ha llevado a su Canonizaci\u00f3n, el 19 de octubre de 2025.<\/p>\n<p>Entre los recursos contenidos en el Archivo se pueden encontrar la Carta de la Vicaria General, el Acto de Confianza a Mar\u00eda para las Comunidades en los diversos idiomas, el logotipo de la Fiesta, en italiano y en espa\u00f1ol, el Dossier sobre el Ecuador y la historia de la Inspector\u00eda ECU. Para prepararse como Comunidades Educativas, est\u00e1n adem\u00e1s a disposici\u00f3n tres <em>Lectio divina<\/em>.<\/p>\n<p><strong>Como signo de comuni\u00f3n, <\/strong>la Inspector\u00eda ecuatoriana propone destinar los donativos al \u00abComplejo Santa Mar\u00eda Troncatti\u00bb (SMT), que comprende la construcci\u00f3n de la capilla conmemorativa, el desarrollo de la obra social y el cuidado y gesti\u00f3n del archivo hist\u00f3rico.<\/p>\n<p><strong>Como signo visible<\/strong>, cada Inspector\u00eda y Visitadur\u00eda est\u00e1 invitada a enviar una fotograf\u00eda de su propia Comunidad Educativa, seg\u00fan su pertenencia continental, que exprese una de las siguientes actitudes: Maternidad (Asia); Misionariedad (Am\u00e9rica); Artesanas de paz (Europa); Buen Samaritano: proximidad (\u00c1frica); Buen Samaritano: hospitalidad (Ocean\u00eda).<\/p>\n<p>La foto debe enviarse en formato horizontal, con una buena resoluci\u00f3n (no menos de 1 MB, aproximadamente 20\u00d715 cm) al e-mail <a href=\"mailto:amministratoreweb@cgfma.org\"><span style=\"color: #0000ff;\">amministratoreweb@cgfma.org<\/span><\/a><strong>.<\/strong><\/p>\n<p><span style=\"color: #008000;\"><strong><em>\u00abLa Fiesta mundial de la Gratitud es una cita que hace cada vez m\u00e1s fuerte nuestro ser familia y nos devuelve a los or\u00edgenes del carisma. De hecho, en la Espiritualidad Salesiana, la fiesta de la Gratitud tiene un gran valor educativo. Educar y educarnos a decir \u201cgracias\u201d es el primer acto de reconocimiento del amor de Dios y de lo que las hermanas y los hermanos, con quienes compartimos la vida, son y hacen por nosotros\u00bb.<\/em><\/strong><\/span><em> (Circolare n\u00b0 1048)<\/em><\/p>\n","protected":false},"excerpt":{"rendered":"<p>Roma (Italia). Ya est\u00e1 disponible el sitio web www.festadelgrazie.org para prepararse a vivir la Fiesta Mundial de la Gratitud 2026 del Instituto de las Hijas de Mar\u00eda Auxiliadora, que se [&hellip;]<\/p>\n","protected":false},"author":21,"featured_media":155090,"comment_status":"open","ping_status":"closed","sticky":false,"template":"","format":"standard","meta":{"footnotes":""},"categories":[167,158],"tags":[299,371,1129,1931,2379],"class_list":["post-155006","post","type-post","status-publish","format-standard","has-post-thumbnail","category-carisma-salesiano-es","category-ifma-es","tag-fiesta-del-gracias","tag-madre-general","tag-ecu-es","tag-focus-es","tag-madre-chiara-cazzuola-es"],"yoast_head":"<!-- This site is optimized with the Yoast SEO plugin v27.4 - https:\/\/yoast.com\/product\/yoast-seo-wordpress\/ -->\n<title>Hacia la Fiesta Mundial de la Gratitud 2026 &#8226; Istituto Figlie di Maria Ausiliatrice<\/title>\n<meta name=\"description\" content=\"El sitio web ya est\u00e1 online con el camino de preparaci\u00f3n para la Fiesta Mundial de la Gratitud 2026 del Instituto de las Hijas de Mar\u00eda Auxiliadora, que tendr\u00e1 lugar en Ecuador el 26 de abril de 2026.\" \/>\n<meta name=\"robots\" content=\"index, follow, max-snippet:-1, max-image-preview:large, max-video-preview:-1\" \/>\n<link rel=\"canonical\" href=\"https:\/\/www.cgfmanet.org\/es\/ifma-es\/hacia-la-fiesta-mundial-de-la-gratitud-2026\/\" \/>\n<meta property=\"og:locale\" content=\"es_ES\" \/>\n<meta property=\"og:type\" content=\"article\" \/>\n<meta property=\"og:title\" content=\"Hacia la Fiesta Mundial de la Gratitud 2026 &#8226; Istituto Figlie di Maria Ausiliatrice\" \/>\n<meta property=\"og:description\" content=\"El sitio web ya est\u00e1 online con el camino de preparaci\u00f3n para la Fiesta Mundial de la Gratitud 2026 del Instituto de las Hijas de Mar\u00eda Auxiliadora, que tendr\u00e1 lugar en Ecuador el 26 de abril de 2026.\" \/>\n<meta property=\"og:url\" content=\"https:\/\/www.cgfmanet.org\/es\/ifma-es\/hacia-la-fiesta-mundial-de-la-gratitud-2026\/\" \/>\n<meta property=\"og:site_name\" content=\"Istituto Figlie di Maria Ausiliatrice\" \/>\n<meta property=\"article:publisher\" content=\"https:\/\/www.facebook.com\/salesian.sisters.of.don.bosco\/\" \/>\n<meta property=\"article:published_time\" content=\"2026-03-22T10:52:06+00:00\" \/>\n<meta property=\"og:image\" content=\"https:\/\/www.cgfmanet.org\/wp-content\/uploads\/2026\/03\/Home-sito-Festa-Grazie-2026.jpg\" \/>\n\t<meta property=\"og:image:width\" content=\"1309\" \/>\n\t<meta property=\"og:image:height\" content=\"872\" \/>\n\t<meta property=\"og:image:type\" content=\"image\/jpeg\" \/>\n<meta name=\"author\" content=\"Redazione\" \/>\n<meta name=\"twitter:card\" content=\"summary_large_image\" \/>\n<meta name=\"twitter:creator\" content=\"@Cgfmanet_Org\" \/>\n<meta name=\"twitter:site\" content=\"@Cgfmanet_Org\" \/>\n<meta name=\"twitter:label1\" content=\"Escrito por\" \/>\n\t<meta name=\"twitter:data1\" content=\"Redazione\" \/>\n\t<meta name=\"twitter:label2\" content=\"Tiempo de lectura\" \/>\n\t<meta name=\"twitter:data2\" content=\"3 minutos\" \/>\n<script type=\"application\/ld+json\" class=\"yoast-schema-graph\">{\"@context\":\"https:\\\/\\\/schema.org\",\"@graph\":[{\"@type\":\"Article\",\"@id\":\"https:\\\/\\\/www.cgfmanet.org\\\/es\\\/ifma-es\\\/hacia-la-fiesta-mundial-de-la-gratitud-2026\\\/#article\",\"isPartOf\":{\"@id\":\"https:\\\/\\\/www.cgfmanet.org\\\/es\\\/ifma-es\\\/hacia-la-fiesta-mundial-de-la-gratitud-2026\\\/\"},\"author\":{\"name\":\"Redazione\",\"@id\":\"https:\\\/\\\/www.cgfmanet.org\\\/es\\\/#\\\/schema\\\/person\\\/ce6473083f53ef0ef882cca23f0c8fb9\"},\"headline\":\"Hacia la Fiesta Mundial de la Gratitud 2026\",\"datePublished\":\"2026-03-22T10:52:06+00:00\",\"mainEntityOfPage\":{\"@id\":\"https:\\\/\\\/www.cgfmanet.org\\\/es\\\/ifma-es\\\/hacia-la-fiesta-mundial-de-la-gratitud-2026\\\/\"},\"wordCount\":429,\"commentCount\":1,\"publisher\":{\"@id\":\"https:\\\/\\\/www.cgfmanet.org\\\/es\\\/#organization\"},\"image\":{\"@id\":\"https:\\\/\\\/www.cgfmanet.org\\\/es\\\/ifma-es\\\/hacia-la-fiesta-mundial-de-la-gratitud-2026\\\/#primaryimage\"},\"thumbnailUrl\":\"https:\\\/\\\/www.cgfmanet.org\\\/wp-content\\\/uploads\\\/2026\\\/03\\\/Home-sito-Festa-Grazie-2026_ok.jpg\",\"keywords\":[\"Fiesta del Gracias\",\"Madre General\",\"ECU\",\"Focus\",\"Madre Chiara Cazzuola\"],\"articleSection\":[\"Carisma Salesiano\",\"IFMA\"],\"inLanguage\":\"es\",\"potentialAction\":[{\"@type\":\"CommentAction\",\"name\":\"Comment\",\"target\":[\"https:\\\/\\\/www.cgfmanet.org\\\/es\\\/ifma-es\\\/hacia-la-fiesta-mundial-de-la-gratitud-2026\\\/#respond\"]}]},{\"@type\":\"WebPage\",\"@id\":\"https:\\\/\\\/www.cgfmanet.org\\\/es\\\/ifma-es\\\/hacia-la-fiesta-mundial-de-la-gratitud-2026\\\/\",\"url\":\"https:\\\/\\\/www.cgfmanet.org\\\/es\\\/ifma-es\\\/hacia-la-fiesta-mundial-de-la-gratitud-2026\\\/\",\"name\":\"Hacia la Fiesta Mundial de la Gratitud 2026 &#8226; Istituto Figlie di Maria Ausiliatrice\",\"isPartOf\":{\"@id\":\"https:\\\/\\\/www.cgfmanet.org\\\/es\\\/#website\"},\"primaryImageOfPage\":{\"@id\":\"https:\\\/\\\/www.cgfmanet.org\\\/es\\\/ifma-es\\\/hacia-la-fiesta-mundial-de-la-gratitud-2026\\\/#primaryimage\"},\"image\":{\"@id\":\"https:\\\/\\\/www.cgfmanet.org\\\/es\\\/ifma-es\\\/hacia-la-fiesta-mundial-de-la-gratitud-2026\\\/#primaryimage\"},\"thumbnailUrl\":\"https:\\\/\\\/www.cgfmanet.org\\\/wp-content\\\/uploads\\\/2026\\\/03\\\/Home-sito-Festa-Grazie-2026_ok.jpg\",\"datePublished\":\"2026-03-22T10:52:06+00:00\",\"description\":\"El sitio web ya est\u00e1 online con el camino de preparaci\u00f3n para la Fiesta Mundial de la Gratitud 2026 del Instituto de las Hijas de Mar\u00eda Auxiliadora, que tendr\u00e1 lugar en Ecuador el 26 de abril de 2026.\",\"breadcrumb\":{\"@id\":\"https:\\\/\\\/www.cgfmanet.org\\\/es\\\/ifma-es\\\/hacia-la-fiesta-mundial-de-la-gratitud-2026\\\/#breadcrumb\"},\"inLanguage\":\"es\",\"potentialAction\":[{\"@type\":\"ReadAction\",\"target\":[\"https:\\\/\\\/www.cgfmanet.org\\\/es\\\/ifma-es\\\/hacia-la-fiesta-mundial-de-la-gratitud-2026\\\/\"]}]},{\"@type\":\"ImageObject\",\"inLanguage\":\"es\",\"@id\":\"https:\\\/\\\/www.cgfmanet.org\\\/es\\\/ifma-es\\\/hacia-la-fiesta-mundial-de-la-gratitud-2026\\\/#primaryimage\",\"url\":\"https:\\\/\\\/www.cgfmanet.org\\\/wp-content\\\/uploads\\\/2026\\\/03\\\/Home-sito-Festa-Grazie-2026_ok.jpg\",\"contentUrl\":\"https:\\\/\\\/www.cgfmanet.org\\\/wp-content\\\/uploads\\\/2026\\\/03\\\/Home-sito-Festa-Grazie-2026_ok.jpg\",\"width\":1316,\"height\":877},{\"@type\":\"BreadcrumbList\",\"@id\":\"https:\\\/\\\/www.cgfmanet.org\\\/es\\\/ifma-es\\\/hacia-la-fiesta-mundial-de-la-gratitud-2026\\\/#breadcrumb\",\"itemListElement\":[{\"@type\":\"ListItem\",\"position\":1,\"name\":\"Home\",\"item\":\"https:\\\/\\\/www.cgfmanet.org\\\/es\\\/\"},{\"@type\":\"ListItem\",\"position\":2,\"name\":\"Hacia la Fiesta Mundial de la Gratitud 2026\"}]},{\"@type\":\"WebSite\",\"@id\":\"https:\\\/\\\/www.cgfmanet.org\\\/es\\\/#website\",\"url\":\"https:\\\/\\\/www.cgfmanet.org\\\/es\\\/\",\"name\":\"Istituto Figlie di Maria Ausiliatrice\",\"description\":\"Salesiane di Don Bosco\",\"publisher\":{\"@id\":\"https:\\\/\\\/www.cgfmanet.org\\\/es\\\/#organization\"},\"potentialAction\":[{\"@type\":\"SearchAction\",\"target\":{\"@type\":\"EntryPoint\",\"urlTemplate\":\"https:\\\/\\\/www.cgfmanet.org\\\/es\\\/?s={search_term_string}\"},\"query-input\":{\"@type\":\"PropertyValueSpecification\",\"valueRequired\":true,\"valueName\":\"search_term_string\"}}],\"inLanguage\":\"es\"},{\"@type\":\"Organization\",\"@id\":\"https:\\\/\\\/www.cgfmanet.org\\\/es\\\/#organization\",\"name\":\"Istituto Figlie di Maria Ausiliatrice\",\"url\":\"https:\\\/\\\/www.cgfmanet.org\\\/es\\\/\",\"logo\":{\"@type\":\"ImageObject\",\"inLanguage\":\"es\",\"@id\":\"https:\\\/\\\/www.cgfmanet.org\\\/es\\\/#\\\/schema\\\/logo\\\/image\\\/\",\"url\":\"https:\\\/\\\/www.cgfmanet.org\\\/wp-content\\\/uploads\\\/2018\\\/10\\\/logo-fma.png\",\"contentUrl\":\"https:\\\/\\\/www.cgfmanet.org\\\/wp-content\\\/uploads\\\/2018\\\/10\\\/logo-fma.png\",\"width\":214,\"height\":55,\"caption\":\"Istituto Figlie di Maria Ausiliatrice\"},\"image\":{\"@id\":\"https:\\\/\\\/www.cgfmanet.org\\\/es\\\/#\\\/schema\\\/logo\\\/image\\\/\"},\"sameAs\":[\"https:\\\/\\\/www.facebook.com\\\/salesian.sisters.of.don.bosco\\\/\",\"https:\\\/\\\/x.com\\\/Cgfmanet_Org\",\"https:\\\/\\\/www.youtube.com\\\/channel\\\/UCmcr8yFQBV7JXeXVxyV9y5Q\"]},{\"@type\":\"Person\",\"@id\":\"https:\\\/\\\/www.cgfmanet.org\\\/es\\\/#\\\/schema\\\/person\\\/ce6473083f53ef0ef882cca23f0c8fb9\",\"name\":\"Redazione\"}]}<\/script>\n<!-- \/ Yoast SEO plugin. -->","yoast_head_json":{"title":"Hacia la Fiesta Mundial de la Gratitud 2026 &#8226; Istituto Figlie di Maria Ausiliatrice","description":"El sitio web ya est\u00e1 online con el camino de preparaci\u00f3n para la Fiesta Mundial de la Gratitud 2026 del Instituto de las Hijas de Mar\u00eda Auxiliadora, que tendr\u00e1 lugar en Ecuador el 26 de abril de 2026.","robots":{"index":"index","follow":"follow","max-snippet":"max-snippet:-1","max-image-preview":"max-image-preview:large","max-video-preview":"max-video-preview:-1"},"canonical":"https:\/\/www.cgfmanet.org\/es\/ifma-es\/hacia-la-fiesta-mundial-de-la-gratitud-2026\/","og_locale":"es_ES","og_type":"article","og_title":"Hacia la Fiesta Mundial de la Gratitud 2026 &#8226; Istituto Figlie di Maria Ausiliatrice","og_description":"El sitio web ya est\u00e1 online con el camino de preparaci\u00f3n para la Fiesta Mundial de la Gratitud 2026 del Instituto de las Hijas de Mar\u00eda Auxiliadora, que tendr\u00e1 lugar en Ecuador el 26 de abril de 2026.","og_url":"https:\/\/www.cgfmanet.org\/es\/ifma-es\/hacia-la-fiesta-mundial-de-la-gratitud-2026\/","og_site_name":"Istituto Figlie di Maria Ausiliatrice","article_publisher":"https:\/\/www.facebook.com\/salesian.sisters.of.don.bosco\/","article_published_time":"2026-03-22T10:52:06+00:00","og_image":[{"width":1309,"height":872,"url":"https:\/\/www.cgfmanet.org\/wp-content\/uploads\/2026\/03\/Home-sito-Festa-Grazie-2026.jpg","type":"image\/jpeg"}],"author":"Redazione","twitter_card":"summary_large_image","twitter_creator":"@Cgfmanet_Org","twitter_site":"@Cgfmanet_Org","twitter_misc":{"Escrito por":"Redazione","Tiempo de lectura":"3 minutos"},"schema":{"@context":"https:\/\/schema.org","@graph":[{"@type":"Article","@id":"https:\/\/www.cgfmanet.org\/es\/ifma-es\/hacia-la-fiesta-mundial-de-la-gratitud-2026\/#article","isPartOf":{"@id":"https:\/\/www.cgfmanet.org\/es\/ifma-es\/hacia-la-fiesta-mundial-de-la-gratitud-2026\/"},"author":{"name":"Redazione","@id":"https:\/\/www.cgfmanet.org\/es\/#\/schema\/person\/ce6473083f53ef0ef882cca23f0c8fb9"},"headline":"Hacia la Fiesta Mundial de la Gratitud 2026","datePublished":"2026-03-22T10:52:06+00:00","mainEntityOfPage":{"@id":"https:\/\/www.cgfmanet.org\/es\/ifma-es\/hacia-la-fiesta-mundial-de-la-gratitud-2026\/"},"wordCount":429,"commentCount":1,"publisher":{"@id":"https:\/\/www.cgfmanet.org\/es\/#organization"},"image":{"@id":"https:\/\/www.cgfmanet.org\/es\/ifma-es\/hacia-la-fiesta-mundial-de-la-gratitud-2026\/#primaryimage"},"thumbnailUrl":"https:\/\/www.cgfmanet.org\/wp-content\/uploads\/2026\/03\/Home-sito-Festa-Grazie-2026_ok.jpg","keywords":["Fiesta del Gracias","Madre General","ECU","Focus","Madre Chiara Cazzuola"],"articleSection":["Carisma Salesiano","IFMA"],"inLanguage":"es","potentialAction":[{"@type":"CommentAction","name":"Comment","target":["https:\/\/www.cgfmanet.org\/es\/ifma-es\/hacia-la-fiesta-mundial-de-la-gratitud-2026\/#respond"]}]},{"@type":"WebPage","@id":"https:\/\/www.cgfmanet.org\/es\/ifma-es\/hacia-la-fiesta-mundial-de-la-gratitud-2026\/","url":"https:\/\/www.cgfmanet.org\/es\/ifma-es\/hacia-la-fiesta-mundial-de-la-gratitud-2026\/","name":"Hacia la Fiesta Mundial de la Gratitud 2026 &#8226; Istituto Figlie di Maria Ausiliatrice","isPartOf":{"@id":"https:\/\/www.cgfmanet.org\/es\/#website"},"primaryImageOfPage":{"@id":"https:\/\/www.cgfmanet.org\/es\/ifma-es\/hacia-la-fiesta-mundial-de-la-gratitud-2026\/#primaryimage"},"image":{"@id":"https:\/\/www.cgfmanet.org\/es\/ifma-es\/hacia-la-fiesta-mundial-de-la-gratitud-2026\/#primaryimage"},"thumbnailUrl":"https:\/\/www.cgfmanet.org\/wp-content\/uploads\/2026\/03\/Home-sito-Festa-Grazie-2026_ok.jpg","datePublished":"2026-03-22T10:52:06+00:00","description":"El sitio web ya est\u00e1 online con el camino de preparaci\u00f3n para la Fiesta Mundial de la Gratitud 2026 del Instituto de las Hijas de Mar\u00eda Auxiliadora, que tendr\u00e1 lugar en Ecuador el 26 de abril de 2026.","breadcrumb":{"@id":"https:\/\/www.cgfmanet.org\/es\/ifma-es\/hacia-la-fiesta-mundial-de-la-gratitud-2026\/#breadcrumb"},"inLanguage":"es","potentialAction":[{"@type":"ReadAction","target":["https:\/\/www.cgfmanet.org\/es\/ifma-es\/hacia-la-fiesta-mundial-de-la-gratitud-2026\/"]}]},{"@type":"ImageObject","inLanguage":"es","@id":"https:\/\/www.cgfmanet.org\/es\/ifma-es\/hacia-la-fiesta-mundial-de-la-gratitud-2026\/#primaryimage","url":"https:\/\/www.cgfmanet.org\/wp-content\/uploads\/2026\/03\/Home-sito-Festa-Grazie-2026_ok.jpg","contentUrl":"https:\/\/www.cgfmanet.org\/wp-content\/uploads\/2026\/03\/Home-sito-Festa-Grazie-2026_ok.jpg","width":1316,"height":877},{"@type":"BreadcrumbList","@id":"https:\/\/www.cgfmanet.org\/es\/ifma-es\/hacia-la-fiesta-mundial-de-la-gratitud-2026\/#breadcrumb","itemListElement":[{"@type":"ListItem","position":1,"name":"Home","item":"https:\/\/www.cgfmanet.org\/es\/"},{"@type":"ListItem","position":2,"name":"Hacia la Fiesta Mundial de la Gratitud 2026"}]},{"@type":"WebSite","@id":"https:\/\/www.cgfmanet.org\/es\/#website","url":"https:\/\/www.cgfmanet.org\/es\/","name":"Istituto Figlie di Maria Ausiliatrice","description":"Salesiane di Don Bosco","publisher":{"@id":"https:\/\/www.cgfmanet.org\/es\/#organization"},"potentialAction":[{"@type":"SearchAction","target":{"@type":"EntryPoint","urlTemplate":"https:\/\/www.cgfmanet.org\/es\/?s={search_term_string}"},"query-input":{"@type":"PropertyValueSpecification","valueRequired":true,"valueName":"search_term_string"}}],"inLanguage":"es"},{"@type":"Organization","@id":"https:\/\/www.cgfmanet.org\/es\/#organization","name":"Istituto Figlie di Maria Ausiliatrice","url":"https:\/\/www.cgfmanet.org\/es\/","logo":{"@type":"ImageObject","inLanguage":"es","@id":"https:\/\/www.cgfmanet.org\/es\/#\/schema\/logo\/image\/","url":"https:\/\/www.cgfmanet.org\/wp-content\/uploads\/2018\/10\/logo-fma.png","contentUrl":"https:\/\/www.cgfmanet.org\/wp-content\/uploads\/2018\/10\/logo-fma.png","width":214,"height":55,"caption":"Istituto Figlie di Maria Ausiliatrice"},"image":{"@id":"https:\/\/www.cgfmanet.org\/es\/#\/schema\/logo\/image\/"},"sameAs":["https:\/\/www.facebook.com\/salesian.sisters.of.don.bosco\/","https:\/\/x.com\/Cgfmanet_Org","https:\/\/www.youtube.com\/channel\/UCmcr8yFQBV7JXeXVxyV9y5Q"]},{"@type":"Person","@id":"https:\/\/www.cgfmanet.org\/es\/#\/schema\/person\/ce6473083f53ef0ef882cca23f0c8fb9","name":"Redazione"}]}},"_links":{"self":[{"href":"https:\/\/www.cgfmanet.org\/es\/wp-json\/wp\/v2\/posts\/155006","targetHints":{"allow":["GET"]}}],"collection":[{"href":"https:\/\/www.cgfmanet.org\/es\/wp-json\/wp\/v2\/posts"}],"about":[{"href":"https:\/\/www.cgfmanet.org\/es\/wp-json\/wp\/v2\/types\/post"}],"author":[{"embeddable":true,"href":"https:\/\/www.cgfmanet.org\/es\/wp-json\/wp\/v2\/users\/21"}],"replies":[{"embeddable":true,"href":"https:\/\/www.cgfmanet.org\/es\/wp-json\/wp\/v2\/comments?post=155006"}],"version-history":[{"count":3,"href":"https:\/\/www.cgfmanet.org\/es\/wp-json\/wp\/v2\/posts\/155006\/revisions"}],"predecessor-version":[{"id":155032,"href":"https:\/\/www.cgfmanet.org\/es\/wp-json\/wp\/v2\/posts\/155006\/revisions\/155032"}],"wp:featuredmedia":[{"embeddable":true,"href":"https:\/\/www.cgfmanet.org\/es\/wp-json\/wp\/v2\/media\/155090"}],"wp:attachment":[{"href":"https:\/\/www.cgfmanet.org\/es\/wp-json\/wp\/v2\/media?parent=155006"}],"wp:term":[{"taxonomy":"category","embeddable":true,"href":"https:\/\/www.cgfmanet.org\/es\/wp-json\/wp\/v2\/categories?post=155006"},{"taxonomy":"post_tag","embeddable":true,"href":"https:\/\/www.cgfmanet.org\/es\/wp-json\/wp\/v2\/tags?post=155006"}],"curies":[{"name":"wp","href":"https:\/\/api.w.org\/{rel}","templated":true}]}}