{"id":154970,"date":"2026-03-17T17:50:44","date_gmt":"2026-03-17T16:50:44","guid":{"rendered":"https:\/\/www.cgfmanet.org\/infoesfera\/san-giuseppe-nelle-circolari-delle-madri-generali\/"},"modified":"2026-03-18T11:51:37","modified_gmt":"2026-03-18T10:51:37","slug":"san-jose-en-las-circulares-de-las-madres-generales","status":"publish","type":"post","link":"https:\/\/www.cgfmanet.org\/es\/infoesfera\/san-jose-en-las-circulares-de-las-madres-generales\/","title":{"rendered":"San Jos\u00e9 en las Circulares de las Madres generales"},"content":{"rendered":"<p><strong>Roma (Italia).<\/strong> El 19 de marzo de 2026, Solemnidad de San Jos\u00e9, es para el Instituto de las Hijas de Mar\u00eda Auxiliadora tambi\u00e9n la fiesta de su patrono. En la comunidad de Mornese, \u00e9l era considerado una presencia paterna y fiable a la que acudir en cualquier circunstancia dif\u00edcil.<\/p>\n<p>En 1872, la Cronohistoria relata: \u201cDe Tur\u00edn y de otros lugares llegan postulantes que deber\u00edan ensanchar el coraz\u00f3n; y lo ensanchan. Pero&#8230; todas pobres tambi\u00e9n ellas; de modo que el personal aumenta y los medios de subsistencia disminuyen. La renta segura no est\u00e1 sino en la confianza en Mar\u00eda Auxiliadora, en el cada vez m\u00e1s querido &#8216;ec\u00f3nomo&#8217; san Jos\u00e9 y en la virtud y palabra alentadora de don Bosco\u201d. (Cron. II, 14)<\/p>\n<p>Y en 1875 se lee: \u201cEn este mismo d\u00eda 10 [de marzo] se inicia la novena a san Jos\u00e9 y la madre aconseja a la comunidad hacerla muy fervorosa para obtener dos gracias: la mejor\u00eda, si es posible, de la buena sor Rosa Mazzarello, tan enferma; y que el pr\u00f3vido san Jos\u00e9, aceptando el cargo de ec\u00f3nomo del Instituto, ayude a pagar las deudas que cada d\u00eda se hacen m\u00e1s grandes\u00bb. (Cron. II, 128)<\/p>\n<p>San Jos\u00e9 es nombrado \u201cec\u00f3nomo\u201d a quien las hermanas, ante la perenne falta de recursos econ\u00f3micos, se dirig\u00edan con confianza. Aunque en el Evangelio las referencias a esta figura son muy escasas y \u00e9l no pronuncia ni una sola palabra, la Iglesia lo ha percibido como protector y custodio, tal como lo fue con Jes\u00fas y Mar\u00eda.<\/p>\n<figure id=\"attachment_154956\" aria-describedby=\"caption-attachment-154956\" style=\"width: 300px\" class=\"wp-caption alignright\"><a href=\"https:\/\/www.cgfmanet.org\/wp-content\/uploads\/2026\/03\/San-Giuseppe-2026_statua.jpg\"><img decoding=\"async\" class=\"wp-image-154956 lazyload\" data-src=\"https:\/\/www.cgfmanet.org\/wp-content\/uploads\/2026\/03\/San-Giuseppe-2026_statua.jpg\" alt=\"\" width=\"300\" height=\"510\" data-srcset=\"https:\/\/www.cgfmanet.org\/wp-content\/uploads\/2026\/03\/San-Giuseppe-2026_statua.jpg 1181w, https:\/\/www.cgfmanet.org\/wp-content\/uploads\/2026\/03\/San-Giuseppe-2026_statua-768x1305.jpg 768w, https:\/\/www.cgfmanet.org\/wp-content\/uploads\/2026\/03\/San-Giuseppe-2026_statua-904x1536.jpg 904w, https:\/\/www.cgfmanet.org\/wp-content\/uploads\/2026\/03\/San-Giuseppe-2026_statua-247x420.jpg 247w, https:\/\/www.cgfmanet.org\/wp-content\/uploads\/2026\/03\/San-Giuseppe-2026_statua-696x1183.jpg 696w\" data-sizes=\"auto\" src=\"data:image\/svg+xml;base64,PHN2ZyB3aWR0aD0iMSIgaGVpZ2h0PSIxIiB4bWxucz0iaHR0cDovL3d3dy53My5vcmcvMjAwMC9zdmciPjwvc3ZnPg==\" style=\"--smush-placeholder-width: 300px; --smush-placeholder-aspect-ratio: 300\/510;\" data-original-sizes=\"(max-width: 300px) 100vw, 300px\" \/><\/a><figcaption id=\"caption-attachment-154956\" class=\"wp-caption-text\">Dono di Papa Pio X alle FMA della Casa S. Giuseppe di Roma Trastevere-Lungara.<\/figcaption><\/figure>\n<p><strong>Madre Daghero<\/strong>, en la \u00faltima Circular que escribe antes de morir, invita: \u201cHaremos asimismo lo posible por honrar particularmente al querido S. Jos\u00e9 en el mes a \u00e9l dedicado. Un ramillete espiritual diario que propondremos tambi\u00e9n a nuestras alumnas y que nos esforzaremos en practicar con fidelidad y exactitud, nos mantendr\u00e1 todo el mes en relaci\u00f3n con el santo Patrono de la Iglesia Universal y de las familias religiosas. \u00c9l nos ense\u00f1ar\u00e1 a vivir con Jes\u00fas en el silencio, en el recogimiento y en el trabajo de la Casa de Nazaret, donde los d\u00edas transcurren llenos de alegr\u00edas ocultas y de santas obras\u201d. (n. 90 del 24 de febrero de 1924)<\/p>\n<p><strong>Madre Luisa Vaschetti,<\/strong> Superiora general de 1924 a 1943 despu\u00e9s de Madre Daghero, indica otra cualidad del Santo: \u201cEstamos en el hermoso mes de S. Jos\u00e9. Pienso que los Santos muestran todos un especial inter\u00e9s por las vocaciones, dado que cada uno de ellos ha seguido la propia, incluso a costa de grandes sacrificios. Pero S. Jos\u00e9 tiene adem\u00e1s la tarea de quitar con su cepillo de maestro los nudos y las asperezas que pudieran tener las j\u00f3venes que aspiran a la vida religiosa, para poder as\u00ed conocerlas mejor y facilitar su formaci\u00f3n, cosas estas esenciales. Roguemos tambi\u00e9n a este querido Santo por nuestras necesidades particulares, sobre todo para que nos obtenga un feliz encuentro con Jes\u00fas y Mar\u00eda en la hora de nuestra muerte\u201d. (Circ. 134, 24 de febrero de 1931)<\/p>\n<p>San Jos\u00e9 fue tambi\u00e9n custodio de la vocaci\u00f3n mesi\u00e1nica de Jes\u00fas, acogiendo silenciosamente aquellas misteriosas preguntas suyas: <em>\u201c\u00bfPor qu\u00e9 me buscabais? \u00bfNo sab\u00edais que yo debo ocuparme de las cosas de mi Padre?\u201d<\/em> (Lc 2, 49). Por ser custodio de la vida interior, San Jos\u00e9 es invocado para preparar una \u201cbuena muerte\u201d. Como un buen padre, \u00e9l es una referencia segura para vivir el paso final como vocaci\u00f3n a la vida plena.<\/p>\n<p><strong>Madre Linda Lucotti<\/strong>, Superiora general de 1943 a 1957, en la Circular n\u00ba 274 del 24 de febrero de 1944, escrita mientras estaba evacuada en Casanova di Carmagnola a causa de la Segunda Guerra Mundial, recuerda que \u201cnuestro Santo Padre Don Bosco nos conduce a la escuela de S. Jos\u00e9. Aprendamos en tal escuela tambi\u00e9n la pr\u00e1ctica de la humildad, de la que el querido Santo fue modelo insuperable\u201d. Considerando la situaci\u00f3n mundial, sugiere imitar al santo en la caridad: \u201cEn honor, pues, de este gran Santo que pas\u00f3 toda su vida en la humilde condici\u00f3n de obrero, quisiera invitar a todas a entregarse con amor y generosidad a las obras de caridad que se nos presenten en beneficio de la clase obrera o, en cualquier caso, pobre y necesitada. Son tantas las miserias espirituales, morales y temporales del doloroso periodo que atravesamos; pues bien, cuando se nos presente una obra buena que realizar y est\u00e9 en nuestras posibilidades, cumpl\u00e1mosla generosamente, con la misma caridad de Nuestro Se\u00f1or, y estaremos seguras de hacer una obra grata tambi\u00e9n a nuestro Santo Padre Don Bosco, que tuvo siempre el coraz\u00f3n abierto a todas las miserias espirituales y temporales\u201d.<\/p>\n<p>En el magisterio de <strong>Madre Angela Vespa,<\/strong> Superiora general de 1958 a 1969, se subraya a menudo que \u201cel silencio nos une a Dios, a la vida de la Sagrada Familia, a la vida de Mar\u00eda Sant\u00edsima, de San Jos\u00e9, de Jes\u00fas bendito en su Pasi\u00f3n dolorosa, en su agon\u00eda, en la ocultaci\u00f3n del santo Sagrario, y nos ayuda a traducir en vida nuestras promesas de tender a la perfecci\u00f3n\u201d. (Circ. 423, 24 de marzo de 1959) Custodio de la vida interior, San Jos\u00e9 vigila la fidelidad a los prop\u00f3sitos inspirando el cumplimiento de la voluntad de Dios.<\/p>\n<p>Varios a\u00f1os despu\u00e9s, <strong>Madre Marinella Castagno <\/strong>en la Circular n\u00ba 719 del 24 de marzo de 1990, hablando del inminente Cap\u00edtulo General XIX, lo pone bajo la \u201cprotecci\u00f3n especial\u00bb de San Jos\u00e9, \u201cel hombre justo\u201d. Explica los motivos: \u201cAnte todo me parece importante volver a descubrir la figura de este Santo, patrono de la Iglesia universal y de nuestro Instituto, para penetrar en su fe, su interioridad, su laboriosidad y su disponibilidad a la misi\u00f3n que deben caracterizar a todo cristiano y, en particular, a toda persona consagrada [&#8230;] su figura puede iluminarnos sobre los rasgos peculiares de educadoras que deber\u00edamos poseer para colaborar de pleno derecho con la familia, o en alg\u00fan caso (que lamentablemente se va multiplicando) suplirla y tratar de reconstruirla. [&#8230;] Es una llamada a reflexionar sobre nuestra presencia como educadoras de las j\u00f3venes en el actual contexto socio-eclesial, teniendo presente &#8216;el humilde y maduro modo [del Santo] de servir y participar en la econom\u00eda de la salvaci\u00f3n&#8217; (RC 1)\u201d.<\/p>\n<p>En tiempos recientes, el Papa Francisco ha observado: \u201cTodos pueden encontrar en San Jos\u00e9, el hombre que pasa desapercibido, el hombre de la presencia diaria, de la presencia discreta y oculta, un intercesor, un apoyo y una gu\u00eda en los momentos de dificultad. \u00c9l nos recuerda que todos los que est\u00e1n aparentemente ocultos o en \u201csegunda l\u00ednea\u201d tienen un protagonismo sin igual en la historia de la salvaci\u00f3n. El mundo necesita a estos hombres y a estas mujeres: hombres y mujeres en segunda l\u00ednea, pero que sostienen el desarrollo de nuestra vida, de cada uno de nosotros, y que con la oraci\u00f3n, con el ejemplo, con la ense\u00f1anza nos sostienen en el camino de la vida\u201d. (Audiencia general, 24 de noviembre de 2021).<\/p>\n<p>Como entonces en Mornese, tambi\u00e9n hoy, los Santos pueden ser sentidos como presencias familiares, y hacer de la fe una fuerza capaz de conectar la tierra con el cielo.<\/p>\n","protected":false},"excerpt":{"rendered":"<p>Roma (Italia). El 19 de marzo de 2026, Solemnidad de San Jos\u00e9, es para el Instituto de las Hijas de Mar\u00eda Auxiliadora tambi\u00e9n la fiesta de su patrono. En la [&hellip;]<\/p>\n","protected":false},"author":21,"featured_media":154965,"comment_status":"open","ping_status":"closed","sticky":false,"template":"","format":"standard","meta":{"footnotes":""},"categories":[39,191],"tags":[1669,1670,1931,2303],"class_list":["post-154970","post","type-post","status-publish","format-standard","has-post-thumbnail","category-infoesfera","category-iglesia","tag-spiritualita-salesiana-es","tag-carisma-salesiano-es","tag-focus-es","tag-san-jose"],"yoast_head":"<!-- This site is optimized with the Yoast SEO plugin v27.4 - https:\/\/yoast.com\/product\/yoast-seo-wordpress\/ -->\n<title>San Jos\u00e9 en las Circulares de las Madres generales &#8226; Istituto Figlie di Maria Ausiliatrice<\/title>\n<meta name=\"description\" content=\"El 19 de marzo de 2026 se celebra la Solemnidad de San Jos\u00e9, patrono del Instituto de las FMA, a quien las Madres Generales, en sus Circulares, invitan a encomendarse y a ponerse bajo su protecci\u00f3n.\" \/>\n<meta name=\"robots\" content=\"index, follow, max-snippet:-1, max-image-preview:large, max-video-preview:-1\" \/>\n<link rel=\"canonical\" href=\"https:\/\/www.cgfmanet.org\/es\/infoesfera\/san-jose-en-las-circulares-de-las-madres-generales\/\" \/>\n<meta property=\"og:locale\" content=\"es_ES\" \/>\n<meta property=\"og:type\" content=\"article\" \/>\n<meta property=\"og:title\" content=\"San Jos\u00e9 en las Circulares de las Madres generales &#8226; Istituto Figlie di Maria Ausiliatrice\" \/>\n<meta property=\"og:description\" content=\"El 19 de marzo de 2026 se celebra la Solemnidad de San Jos\u00e9, patrono del Instituto de las FMA, a quien las Madres Generales, en sus Circulares, invitan a encomendarse y a ponerse bajo su protecci\u00f3n.\" \/>\n<meta property=\"og:url\" content=\"https:\/\/www.cgfmanet.org\/es\/infoesfera\/san-jose-en-las-circulares-de-las-madres-generales\/\" \/>\n<meta property=\"og:site_name\" content=\"Istituto Figlie di Maria Ausiliatrice\" \/>\n<meta property=\"article:publisher\" content=\"https:\/\/www.facebook.com\/salesian.sisters.of.don.bosco\/\" \/>\n<meta property=\"article:published_time\" content=\"2026-03-17T16:50:44+00:00\" \/>\n<meta property=\"article:modified_time\" content=\"2026-03-18T10:51:37+00:00\" \/>\n<meta property=\"og:image\" content=\"https:\/\/www.cgfmanet.org\/wp-content\/uploads\/2026\/03\/San-Giuseppe-2026.jpg\" \/>\n\t<meta property=\"og:image:width\" content=\"1181\" \/>\n\t<meta property=\"og:image:height\" content=\"787\" \/>\n\t<meta property=\"og:image:type\" content=\"image\/jpeg\" \/>\n<meta name=\"author\" content=\"Redazione\" \/>\n<meta name=\"twitter:card\" content=\"summary_large_image\" \/>\n<meta name=\"twitter:creator\" content=\"@Cgfmanet_Org\" \/>\n<meta name=\"twitter:site\" content=\"@Cgfmanet_Org\" \/>\n<meta name=\"twitter:label1\" content=\"Escrito por\" \/>\n\t<meta name=\"twitter:data1\" content=\"Redazione\" \/>\n\t<meta name=\"twitter:label2\" content=\"Tiempo de lectura\" \/>\n\t<meta name=\"twitter:data2\" content=\"7 minutos\" \/>\n<script type=\"application\/ld+json\" class=\"yoast-schema-graph\">{\"@context\":\"https:\\\/\\\/schema.org\",\"@graph\":[{\"@type\":\"Article\",\"@id\":\"https:\\\/\\\/www.cgfmanet.org\\\/es\\\/infoesfera\\\/san-jose-en-las-circulares-de-las-madres-generales\\\/#article\",\"isPartOf\":{\"@id\":\"https:\\\/\\\/www.cgfmanet.org\\\/es\\\/infoesfera\\\/san-jose-en-las-circulares-de-las-madres-generales\\\/\"},\"author\":{\"name\":\"Redazione\",\"@id\":\"https:\\\/\\\/www.cgfmanet.org\\\/es\\\/#\\\/schema\\\/person\\\/ce6473083f53ef0ef882cca23f0c8fb9\"},\"headline\":\"San Jos\u00e9 en las Circulares de las Madres generales\",\"datePublished\":\"2026-03-17T16:50:44+00:00\",\"dateModified\":\"2026-03-18T10:51:37+00:00\",\"mainEntityOfPage\":{\"@id\":\"https:\\\/\\\/www.cgfmanet.org\\\/es\\\/infoesfera\\\/san-jose-en-las-circulares-de-las-madres-generales\\\/\"},\"wordCount\":1247,\"commentCount\":0,\"publisher\":{\"@id\":\"https:\\\/\\\/www.cgfmanet.org\\\/es\\\/#organization\"},\"image\":{\"@id\":\"https:\\\/\\\/www.cgfmanet.org\\\/es\\\/infoesfera\\\/san-jose-en-las-circulares-de-las-madres-generales\\\/#primaryimage\"},\"thumbnailUrl\":\"https:\\\/\\\/www.cgfmanet.org\\\/wp-content\\\/uploads\\\/2026\\\/03\\\/San-Giuseppe-2026.jpg\",\"keywords\":[\"Spiritualit\u00e0 Salesiana\",\"Carisma salesiano\",\"Focus\",\"San Jos\u00e9\"],\"articleSection\":[\"Infoesfera\",\"Iglesia\"],\"inLanguage\":\"es\",\"potentialAction\":[{\"@type\":\"CommentAction\",\"name\":\"Comment\",\"target\":[\"https:\\\/\\\/www.cgfmanet.org\\\/es\\\/infoesfera\\\/san-jose-en-las-circulares-de-las-madres-generales\\\/#respond\"]}]},{\"@type\":\"WebPage\",\"@id\":\"https:\\\/\\\/www.cgfmanet.org\\\/es\\\/infoesfera\\\/san-jose-en-las-circulares-de-las-madres-generales\\\/\",\"url\":\"https:\\\/\\\/www.cgfmanet.org\\\/es\\\/infoesfera\\\/san-jose-en-las-circulares-de-las-madres-generales\\\/\",\"name\":\"San Jos\u00e9 en las Circulares de las Madres generales &#8226; Istituto Figlie di Maria Ausiliatrice\",\"isPartOf\":{\"@id\":\"https:\\\/\\\/www.cgfmanet.org\\\/es\\\/#website\"},\"primaryImageOfPage\":{\"@id\":\"https:\\\/\\\/www.cgfmanet.org\\\/es\\\/infoesfera\\\/san-jose-en-las-circulares-de-las-madres-generales\\\/#primaryimage\"},\"image\":{\"@id\":\"https:\\\/\\\/www.cgfmanet.org\\\/es\\\/infoesfera\\\/san-jose-en-las-circulares-de-las-madres-generales\\\/#primaryimage\"},\"thumbnailUrl\":\"https:\\\/\\\/www.cgfmanet.org\\\/wp-content\\\/uploads\\\/2026\\\/03\\\/San-Giuseppe-2026.jpg\",\"datePublished\":\"2026-03-17T16:50:44+00:00\",\"dateModified\":\"2026-03-18T10:51:37+00:00\",\"description\":\"El 19 de marzo de 2026 se celebra la Solemnidad de San Jos\u00e9, patrono del Instituto de las FMA, a quien las Madres Generales, en sus Circulares, invitan a encomendarse y a ponerse bajo su protecci\u00f3n.\",\"breadcrumb\":{\"@id\":\"https:\\\/\\\/www.cgfmanet.org\\\/es\\\/infoesfera\\\/san-jose-en-las-circulares-de-las-madres-generales\\\/#breadcrumb\"},\"inLanguage\":\"es\",\"potentialAction\":[{\"@type\":\"ReadAction\",\"target\":[\"https:\\\/\\\/www.cgfmanet.org\\\/es\\\/infoesfera\\\/san-jose-en-las-circulares-de-las-madres-generales\\\/\"]}]},{\"@type\":\"ImageObject\",\"inLanguage\":\"es\",\"@id\":\"https:\\\/\\\/www.cgfmanet.org\\\/es\\\/infoesfera\\\/san-jose-en-las-circulares-de-las-madres-generales\\\/#primaryimage\",\"url\":\"https:\\\/\\\/www.cgfmanet.org\\\/wp-content\\\/uploads\\\/2026\\\/03\\\/San-Giuseppe-2026.jpg\",\"contentUrl\":\"https:\\\/\\\/www.cgfmanet.org\\\/wp-content\\\/uploads\\\/2026\\\/03\\\/San-Giuseppe-2026.jpg\",\"width\":1181,\"height\":787},{\"@type\":\"BreadcrumbList\",\"@id\":\"https:\\\/\\\/www.cgfmanet.org\\\/es\\\/infoesfera\\\/san-jose-en-las-circulares-de-las-madres-generales\\\/#breadcrumb\",\"itemListElement\":[{\"@type\":\"ListItem\",\"position\":1,\"name\":\"Home\",\"item\":\"https:\\\/\\\/www.cgfmanet.org\\\/es\\\/\"},{\"@type\":\"ListItem\",\"position\":2,\"name\":\"San Jos\u00e9 en las Circulares de las Madres generales\"}]},{\"@type\":\"WebSite\",\"@id\":\"https:\\\/\\\/www.cgfmanet.org\\\/es\\\/#website\",\"url\":\"https:\\\/\\\/www.cgfmanet.org\\\/es\\\/\",\"name\":\"Istituto Figlie di Maria Ausiliatrice\",\"description\":\"Salesiane di Don Bosco\",\"publisher\":{\"@id\":\"https:\\\/\\\/www.cgfmanet.org\\\/es\\\/#organization\"},\"potentialAction\":[{\"@type\":\"SearchAction\",\"target\":{\"@type\":\"EntryPoint\",\"urlTemplate\":\"https:\\\/\\\/www.cgfmanet.org\\\/es\\\/?s={search_term_string}\"},\"query-input\":{\"@type\":\"PropertyValueSpecification\",\"valueRequired\":true,\"valueName\":\"search_term_string\"}}],\"inLanguage\":\"es\"},{\"@type\":\"Organization\",\"@id\":\"https:\\\/\\\/www.cgfmanet.org\\\/es\\\/#organization\",\"name\":\"Istituto Figlie di Maria Ausiliatrice\",\"url\":\"https:\\\/\\\/www.cgfmanet.org\\\/es\\\/\",\"logo\":{\"@type\":\"ImageObject\",\"inLanguage\":\"es\",\"@id\":\"https:\\\/\\\/www.cgfmanet.org\\\/es\\\/#\\\/schema\\\/logo\\\/image\\\/\",\"url\":\"https:\\\/\\\/www.cgfmanet.org\\\/wp-content\\\/uploads\\\/2018\\\/10\\\/logo-fma.png\",\"contentUrl\":\"https:\\\/\\\/www.cgfmanet.org\\\/wp-content\\\/uploads\\\/2018\\\/10\\\/logo-fma.png\",\"width\":214,\"height\":55,\"caption\":\"Istituto Figlie di Maria Ausiliatrice\"},\"image\":{\"@id\":\"https:\\\/\\\/www.cgfmanet.org\\\/es\\\/#\\\/schema\\\/logo\\\/image\\\/\"},\"sameAs\":[\"https:\\\/\\\/www.facebook.com\\\/salesian.sisters.of.don.bosco\\\/\",\"https:\\\/\\\/x.com\\\/Cgfmanet_Org\",\"https:\\\/\\\/www.youtube.com\\\/channel\\\/UCmcr8yFQBV7JXeXVxyV9y5Q\"]},{\"@type\":\"Person\",\"@id\":\"https:\\\/\\\/www.cgfmanet.org\\\/es\\\/#\\\/schema\\\/person\\\/ce6473083f53ef0ef882cca23f0c8fb9\",\"name\":\"Redazione\"}]}<\/script>\n<!-- \/ Yoast SEO plugin. -->","yoast_head_json":{"title":"San Jos\u00e9 en las Circulares de las Madres generales &#8226; Istituto Figlie di Maria Ausiliatrice","description":"El 19 de marzo de 2026 se celebra la Solemnidad de San Jos\u00e9, patrono del Instituto de las FMA, a quien las Madres Generales, en sus Circulares, invitan a encomendarse y a ponerse bajo su protecci\u00f3n.","robots":{"index":"index","follow":"follow","max-snippet":"max-snippet:-1","max-image-preview":"max-image-preview:large","max-video-preview":"max-video-preview:-1"},"canonical":"https:\/\/www.cgfmanet.org\/es\/infoesfera\/san-jose-en-las-circulares-de-las-madres-generales\/","og_locale":"es_ES","og_type":"article","og_title":"San Jos\u00e9 en las Circulares de las Madres generales &#8226; Istituto Figlie di Maria Ausiliatrice","og_description":"El 19 de marzo de 2026 se celebra la Solemnidad de San Jos\u00e9, patrono del Instituto de las FMA, a quien las Madres Generales, en sus Circulares, invitan a encomendarse y a ponerse bajo su protecci\u00f3n.","og_url":"https:\/\/www.cgfmanet.org\/es\/infoesfera\/san-jose-en-las-circulares-de-las-madres-generales\/","og_site_name":"Istituto Figlie di Maria Ausiliatrice","article_publisher":"https:\/\/www.facebook.com\/salesian.sisters.of.don.bosco\/","article_published_time":"2026-03-17T16:50:44+00:00","article_modified_time":"2026-03-18T10:51:37+00:00","og_image":[{"width":1181,"height":787,"url":"https:\/\/www.cgfmanet.org\/wp-content\/uploads\/2026\/03\/San-Giuseppe-2026.jpg","type":"image\/jpeg"}],"author":"Redazione","twitter_card":"summary_large_image","twitter_creator":"@Cgfmanet_Org","twitter_site":"@Cgfmanet_Org","twitter_misc":{"Escrito por":"Redazione","Tiempo de lectura":"7 minutos"},"schema":{"@context":"https:\/\/schema.org","@graph":[{"@type":"Article","@id":"https:\/\/www.cgfmanet.org\/es\/infoesfera\/san-jose-en-las-circulares-de-las-madres-generales\/#article","isPartOf":{"@id":"https:\/\/www.cgfmanet.org\/es\/infoesfera\/san-jose-en-las-circulares-de-las-madres-generales\/"},"author":{"name":"Redazione","@id":"https:\/\/www.cgfmanet.org\/es\/#\/schema\/person\/ce6473083f53ef0ef882cca23f0c8fb9"},"headline":"San Jos\u00e9 en las Circulares de las Madres generales","datePublished":"2026-03-17T16:50:44+00:00","dateModified":"2026-03-18T10:51:37+00:00","mainEntityOfPage":{"@id":"https:\/\/www.cgfmanet.org\/es\/infoesfera\/san-jose-en-las-circulares-de-las-madres-generales\/"},"wordCount":1247,"commentCount":0,"publisher":{"@id":"https:\/\/www.cgfmanet.org\/es\/#organization"},"image":{"@id":"https:\/\/www.cgfmanet.org\/es\/infoesfera\/san-jose-en-las-circulares-de-las-madres-generales\/#primaryimage"},"thumbnailUrl":"https:\/\/www.cgfmanet.org\/wp-content\/uploads\/2026\/03\/San-Giuseppe-2026.jpg","keywords":["Spiritualit\u00e0 Salesiana","Carisma salesiano","Focus","San Jos\u00e9"],"articleSection":["Infoesfera","Iglesia"],"inLanguage":"es","potentialAction":[{"@type":"CommentAction","name":"Comment","target":["https:\/\/www.cgfmanet.org\/es\/infoesfera\/san-jose-en-las-circulares-de-las-madres-generales\/#respond"]}]},{"@type":"WebPage","@id":"https:\/\/www.cgfmanet.org\/es\/infoesfera\/san-jose-en-las-circulares-de-las-madres-generales\/","url":"https:\/\/www.cgfmanet.org\/es\/infoesfera\/san-jose-en-las-circulares-de-las-madres-generales\/","name":"San Jos\u00e9 en las Circulares de las Madres generales &#8226; Istituto Figlie di Maria Ausiliatrice","isPartOf":{"@id":"https:\/\/www.cgfmanet.org\/es\/#website"},"primaryImageOfPage":{"@id":"https:\/\/www.cgfmanet.org\/es\/infoesfera\/san-jose-en-las-circulares-de-las-madres-generales\/#primaryimage"},"image":{"@id":"https:\/\/www.cgfmanet.org\/es\/infoesfera\/san-jose-en-las-circulares-de-las-madres-generales\/#primaryimage"},"thumbnailUrl":"https:\/\/www.cgfmanet.org\/wp-content\/uploads\/2026\/03\/San-Giuseppe-2026.jpg","datePublished":"2026-03-17T16:50:44+00:00","dateModified":"2026-03-18T10:51:37+00:00","description":"El 19 de marzo de 2026 se celebra la Solemnidad de San Jos\u00e9, patrono del Instituto de las FMA, a quien las Madres Generales, en sus Circulares, invitan a encomendarse y a ponerse bajo su protecci\u00f3n.","breadcrumb":{"@id":"https:\/\/www.cgfmanet.org\/es\/infoesfera\/san-jose-en-las-circulares-de-las-madres-generales\/#breadcrumb"},"inLanguage":"es","potentialAction":[{"@type":"ReadAction","target":["https:\/\/www.cgfmanet.org\/es\/infoesfera\/san-jose-en-las-circulares-de-las-madres-generales\/"]}]},{"@type":"ImageObject","inLanguage":"es","@id":"https:\/\/www.cgfmanet.org\/es\/infoesfera\/san-jose-en-las-circulares-de-las-madres-generales\/#primaryimage","url":"https:\/\/www.cgfmanet.org\/wp-content\/uploads\/2026\/03\/San-Giuseppe-2026.jpg","contentUrl":"https:\/\/www.cgfmanet.org\/wp-content\/uploads\/2026\/03\/San-Giuseppe-2026.jpg","width":1181,"height":787},{"@type":"BreadcrumbList","@id":"https:\/\/www.cgfmanet.org\/es\/infoesfera\/san-jose-en-las-circulares-de-las-madres-generales\/#breadcrumb","itemListElement":[{"@type":"ListItem","position":1,"name":"Home","item":"https:\/\/www.cgfmanet.org\/es\/"},{"@type":"ListItem","position":2,"name":"San Jos\u00e9 en las Circulares de las Madres generales"}]},{"@type":"WebSite","@id":"https:\/\/www.cgfmanet.org\/es\/#website","url":"https:\/\/www.cgfmanet.org\/es\/","name":"Istituto Figlie di Maria Ausiliatrice","description":"Salesiane di Don Bosco","publisher":{"@id":"https:\/\/www.cgfmanet.org\/es\/#organization"},"potentialAction":[{"@type":"SearchAction","target":{"@type":"EntryPoint","urlTemplate":"https:\/\/www.cgfmanet.org\/es\/?s={search_term_string}"},"query-input":{"@type":"PropertyValueSpecification","valueRequired":true,"valueName":"search_term_string"}}],"inLanguage":"es"},{"@type":"Organization","@id":"https:\/\/www.cgfmanet.org\/es\/#organization","name":"Istituto Figlie di Maria Ausiliatrice","url":"https:\/\/www.cgfmanet.org\/es\/","logo":{"@type":"ImageObject","inLanguage":"es","@id":"https:\/\/www.cgfmanet.org\/es\/#\/schema\/logo\/image\/","url":"https:\/\/www.cgfmanet.org\/wp-content\/uploads\/2018\/10\/logo-fma.png","contentUrl":"https:\/\/www.cgfmanet.org\/wp-content\/uploads\/2018\/10\/logo-fma.png","width":214,"height":55,"caption":"Istituto Figlie di Maria Ausiliatrice"},"image":{"@id":"https:\/\/www.cgfmanet.org\/es\/#\/schema\/logo\/image\/"},"sameAs":["https:\/\/www.facebook.com\/salesian.sisters.of.don.bosco\/","https:\/\/x.com\/Cgfmanet_Org","https:\/\/www.youtube.com\/channel\/UCmcr8yFQBV7JXeXVxyV9y5Q"]},{"@type":"Person","@id":"https:\/\/www.cgfmanet.org\/es\/#\/schema\/person\/ce6473083f53ef0ef882cca23f0c8fb9","name":"Redazione"}]}},"_links":{"self":[{"href":"https:\/\/www.cgfmanet.org\/es\/wp-json\/wp\/v2\/posts\/154970","targetHints":{"allow":["GET"]}}],"collection":[{"href":"https:\/\/www.cgfmanet.org\/es\/wp-json\/wp\/v2\/posts"}],"about":[{"href":"https:\/\/www.cgfmanet.org\/es\/wp-json\/wp\/v2\/types\/post"}],"author":[{"embeddable":true,"href":"https:\/\/www.cgfmanet.org\/es\/wp-json\/wp\/v2\/users\/21"}],"replies":[{"embeddable":true,"href":"https:\/\/www.cgfmanet.org\/es\/wp-json\/wp\/v2\/comments?post=154970"}],"version-history":[{"count":2,"href":"https:\/\/www.cgfmanet.org\/es\/wp-json\/wp\/v2\/posts\/154970\/revisions"}],"predecessor-version":[{"id":154975,"href":"https:\/\/www.cgfmanet.org\/es\/wp-json\/wp\/v2\/posts\/154970\/revisions\/154975"}],"wp:featuredmedia":[{"embeddable":true,"href":"https:\/\/www.cgfmanet.org\/es\/wp-json\/wp\/v2\/media\/154965"}],"wp:attachment":[{"href":"https:\/\/www.cgfmanet.org\/es\/wp-json\/wp\/v2\/media?parent=154970"}],"wp:term":[{"taxonomy":"category","embeddable":true,"href":"https:\/\/www.cgfmanet.org\/es\/wp-json\/wp\/v2\/categories?post=154970"},{"taxonomy":"post_tag","embeddable":true,"href":"https:\/\/www.cgfmanet.org\/es\/wp-json\/wp\/v2\/tags?post=154970"}],"curies":[{"name":"wp","href":"https:\/\/api.w.org\/{rel}","templated":true}]}}