{"id":154948,"date":"2026-03-16T18:30:26","date_gmt":"2026-03-16T17:30:26","guid":{"rendered":"https:\/\/www.cgfmanet.org\/infoesfera\/don-bosco-il-santo-dei-giovani-e-dello-sport\/"},"modified":"2026-03-21T22:41:45","modified_gmt":"2026-03-21T21:41:45","slug":"don-bosco-el-santo-de-los-jovenes-y-del-deporte","status":"publish","type":"post","link":"https:\/\/www.cgfmanet.org\/es\/ifma-es\/don-bosco-el-santo-de-los-jovenes-y-del-deporte\/","title":{"rendered":"\u201cDon Bosco. El Santo de los J\u00f3venes y del Deporte\u201d"},"content":{"rendered":"<p><strong>Roma (Italia).<\/strong> El 14 de marzo de 2026 en Roma, en el Cine Teatro Don Bosco, se present\u00f3 el documental \u201cDon Bosco, el Santo de los j\u00f3venes y del deporte\u201d, producido por la plataforma de televisi\u00f3n Sky Sport en colaboraci\u00f3n con <em>los Polideportivos Juveniles Salesianos<\/em> (PGS).<\/p>\n<p>\u201cDon Bosco. El santo de los j\u00f3venes y del deporte\u201d es un relato coral a trav\u00e9s de las voces de quienes han recogido la herencia espiritual del santo, entre los oratorios donde naci\u00f3 y se desarroll\u00f3 su movimiento y que ha encontrado en las Misiones Salesianas el instrumento m\u00e1s eficaz para difundir su ense\u00f1anza por todo el mundo. Un viaje por las parroquias y las canchas en las que el valor del deporte significa inclusi\u00f3n, relaci\u00f3n y crecimiento individual. La narraci\u00f3n corre a cargo de quienes han vivido y siguen viviendo estos ambientes cada d\u00eda en primera persona, transformando el juego en una oportunidad de encuentro y enriquecimiento personal.<\/p>\n<p>Numerosos y autorizados son los testimonios que enriquecen el recorrido narrativo, empezando por el Cardenal Jos\u00e9 Tolentino de Mendon\u00e7a, Prefecto del Dicasterio para la Cultura y la Educaci\u00f3n de la Santa Sede. Adem\u00e1s de los del mundo salesiano, representado por el Rector Mayor de la Congregaci\u00f3n Salesiana, don Fabio Attard, y por la Madre General del Instituto de las Hijas de Mar\u00eda Auxiliadora, Sor Chiara Cazzuola. Tambi\u00e9n est\u00e1n presentes las aportaciones de Sor Francesca Scibetta, referente nacional de las FMA para las PGS, y de don Francesco Preite, presidente de \u201c<em>Salesiani per il Sociale\u201d<\/em> y referente nacional del CNOS (Centro Nacional de Obras Salesianas) para las PGS. Don Francesco Motto, SDB, director de la Asociaci\u00f3n de Estudiosos de la Historia Salesiana, traz\u00f3 la historia de Don Bosco y las razones que le llevaron a hacer de los oratorios y del deporte el centro de toda su pastoral.<\/p>\n<p>En el evento, donde el autor del documental, Tommaso Liguori \u2014exalumno salesiano de Don Bosco y redactor jefe de Sky Sport\u2014 present\u00f3 la obra a los asistentes, estuvieron presentes cerca de 300 j\u00f3venes y numerosas Hijas de Mar\u00eda Auxiliadora.<\/p>\n<p>Intervinieron en el escenario Ciro Bisogno, presidente de las PGS y coordinador de los Entes de Promoci\u00f3n Deportiva del CONI; Sor Mara Tagliaferri, presidenta del CIOFS; Sor Nilza F\u00e1tima de Moraes, Consejera General para la Formaci\u00f3n del Instituto FMA; don Francesco Preite, presidente de \u201c<em>Salesiani per il Sociale\u201d<\/em> y referente nacional del CNOS para las PGS; don Francesco Motto, director de la Asociaci\u00f3n de Estudiosos de la Historia Salesiana, entre otros. Tambi\u00e9n estuvieron presentes Rossana Ciuffetti (directora de Sport Impact \u2013 Sport e Salute), Donatella Minelli (directora de la Escuela de Deporte), Sor Francesca Scibetta (referente nacional de las FMA para las PGS) y don Jos\u00e9 Miguel Cardoso (oficial del Dicasterio para la Cultura y la Educaci\u00f3n y responsable del sector deportivo).<\/p>\n<p>Asimismo, intervinieron por videoconferencia el ministro de Deporte y Juventud, Andrea Abodi, el director de Sky Sport, Federico Ferri, y el presidente de la Fundaci\u00f3n Mil\u00e1n-Cortina 2026, Giovanni Malag\u00f2.<\/p>\n<p>Tras transmitir los saludos de la Superiora General, Madre Chiara Cazzuola \u2014quien se encuentra en Brasil visitando las inspector\u00edas BRE y BAP\u2014, Sor Nilza F\u00e1tima de Moraes destac\u00f3 en su breve intervenci\u00f3n algunos aspectos carism\u00e1ticos vinculados a la relevancia educativa del deporte:<\/p>\n<p>\u201cEn los \u00faltimos treinta y ocho a\u00f1os de su vida, Don Bosco desarroll\u00f3 la experiencia del Oratorio, un ambiente rico en vida y acontecimientos, profundamente atento a las necesidades sociales y culturales de su tiempo. El Oratorio fue un lugar capaz de responder a las necesidades de los j\u00f3venes: necesidad de afecto, amistad, alegr\u00eda, vida activa, comunidad, participaci\u00f3n, confianza, crecimiento cultural y profesional.<\/p>\n<p>Con una f\u00f3rmula sencilla y luminosa, Don Bosco sintetiz\u00f3 el objetivo de todo su empe\u00f1o educativo: formar buenos cristianos y honrados ciudadanos. Por eso, tambi\u00e9n hoy, cada elecci\u00f3n educativa, cada actividad y cada disciplina deportiva pueden contribuir al crecimiento integral de las mujeres y hombres del ma\u00f1ana, ayudando a los j\u00f3venes a desarrollar responsabilidad, esp\u00edritu de equipo, respeto y solidaridad\u201d.<\/p>\n<p>En el documental ocupan un lugar destacado los testimonios de Exalumnos de los Salesianos. Entre ellos, el presidente de la Federaci\u00f3n Italiana de Baloncesto, Gianni Petrucci, y el presidente de las PGS, Ciro Bisogno, junto al exseleccionador italiano de voleibol y actual diputado, Mauro Berruto, y al exseleccionador nacional de baloncesto, Meo Sacchetti, adem\u00e1s de contar con la participaci\u00f3n del periodista Francesco Giorgino. Completan el mosaico las voces de t\u00e9cnicos y atletas de ayer y de hoy, como el futbolista del Watford Edoardo Bove y el jugador de voleibol plata ol\u00edmpica en Atenas 2004, Valerio Vermiglio.<\/p>\n<p><strong>\u201cDon Bosco. <\/strong><strong>El santo de los j\u00f3venes y del deporte\u201d se emitir\u00e1 a partir del s\u00e1bado 21 de marzo a las 22:45 en Sky Sport Uno, en streaming en NOW y estar\u00e1 disponible tambi\u00e9n on demand.<\/strong><\/p>\n<p><strong>Fuente: <span style=\"color: #0000ff;\"><a style=\"color: #0000ff;\" href=\"https:\/\/www.pgsitalia.org\/news\/\" target=\"_blank\" rel=\"noopener\">pgsitalia.org<\/a><\/span><\/strong><\/p>\n<p><strong>Fotograf\u00edas:<\/strong> Warehousemedia<\/p>\n\r\n                <style type=\"text\/css\">\r\n                    \r\n                    #tdi_1  .td-doubleSlider-2 .td-item1 {\r\n                        background: url(https:\/\/www.cgfmanet.org\/wp-content\/uploads\/2026\/03\/Docufilm_Sky_PGS_5-80x60.jpg) 0 0 no-repeat;\r\n                    }\r\n                    #tdi_1  .td-doubleSlider-2 .td-item2 {\r\n                        background: url(https:\/\/www.cgfmanet.org\/wp-content\/uploads\/2026\/03\/Docufilm_Sky_PGS_1-80x60.jpg) 0 0 no-repeat;\r\n                    }\r\n                    #tdi_1  .td-doubleSlider-2 .td-item3 {\r\n                        background: url(https:\/\/www.cgfmanet.org\/wp-content\/uploads\/2026\/03\/Docufilm_Sky_PGS_2-80x60.jpg) 0 0 no-repeat;\r\n                    }\r\n                    #tdi_1  .td-doubleSlider-2 .td-item4 {\r\n                        background: url(https:\/\/www.cgfmanet.org\/wp-content\/uploads\/2026\/03\/Docufilm_Sky_PGS_3-80x60.jpg) 0 0 no-repeat;\r\n                    }\r\n                    #tdi_1  .td-doubleSlider-2 .td-item5 {\r\n                        background: url(https:\/\/www.cgfmanet.org\/wp-content\/uploads\/2026\/03\/Docufilm_Sky_PGS_4-80x60.jpg) 0 0 no-repeat;\r\n                    }\r\n                <\/style>\r\n\r\n                <div id=\"tdi_1\" class=\"td-gallery td-slide-on-2-columns\">\r\n                    <div class=\"post_td_gallery\">\r\n                        <div class=\"td-gallery-slide-top\">\r\n                           <div class=\"td-gallery-title\"><\/div>\r\n\r\n                            <div class=\"td-gallery-controls-wrapper\">\r\n                                <div class=\"td-gallery-slide-count\"><span class=\"td-gallery-slide-item-focus\">1<\/span> de 5<\/div>\r\n                                <div class=\"td-gallery-slide-prev-next-but\">\r\n                                    <i class = \"td-icon-left doubleSliderPrevButton\"><\/i>\r\n                                    <i class = \"td-icon-right doubleSliderNextButton\"><\/i>\r\n                                <\/div>\r\n                            <\/div>\r\n                        <\/div>\r\n\r\n                        <div class = \"td-doubleSlider-1 \">\r\n                            <div class = \"td-slider\">\r\n                                \r\n                    <div class = \"td-slide-item td-item1\">\r\n                        <figure class=\"td-slide-galery-figure td-slide-popup-gallery\">\r\n                            <a class=\"slide-gallery-image-link\" href=\"https:\/\/www.cgfmanet.org\/wp-content\/uploads\/2026\/03\/Docufilm_Sky_PGS_5.jpg\" title=\"Docufilm_Sky_PGS_5\"  data-caption=\"\"  data-description=\"\">\r\n                                <img decoding=\"async\" data-src=\"https:\/\/www.cgfmanet.org\/wp-content\/uploads\/2026\/03\/Docufilm_Sky_PGS_5-630x420.jpg\" data-srcset=\"https:\/\/www.cgfmanet.org\/wp-content\/uploads\/2026\/03\/Docufilm_Sky_PGS_5-630x420.jpg 630w, https:\/\/www.cgfmanet.org\/wp-content\/uploads\/2026\/03\/Docufilm_Sky_PGS_5-768x512.jpg 768w, https:\/\/www.cgfmanet.org\/wp-content\/uploads\/2026\/03\/Docufilm_Sky_PGS_5-696x464.jpg 696w, https:\/\/www.cgfmanet.org\/wp-content\/uploads\/2026\/03\/Docufilm_Sky_PGS_5.jpg 1181w\" data-sizes=\"auto\" alt=\"\" src=\"data:image\/svg+xml;base64,PHN2ZyB3aWR0aD0iMSIgaGVpZ2h0PSIxIiB4bWxucz0iaHR0cDovL3d3dy53My5vcmcvMjAwMC9zdmciPjwvc3ZnPg==\" class=\"lazyload\" style=\"--smush-placeholder-width: 630px; --smush-placeholder-aspect-ratio: 630\/420;\" data-original-sizes=\"(max-width: 630px) 100vw, 630px\">\r\n                            <\/a>\r\n                            \r\n                        <\/figure>\r\n                    <\/div>\r\n                    <div class = \"td-slide-item td-item2\">\r\n                        <figure class=\"td-slide-galery-figure td-slide-popup-gallery\">\r\n                            <a class=\"slide-gallery-image-link\" href=\"https:\/\/www.cgfmanet.org\/wp-content\/uploads\/2026\/03\/Docufilm_Sky_PGS_1.jpg\" title=\"Docufilm_Sky_PGS_1\"  data-caption=\"\"  data-description=\"\">\r\n                                <img decoding=\"async\" data-src=\"https:\/\/www.cgfmanet.org\/wp-content\/uploads\/2026\/03\/Docufilm_Sky_PGS_1-630x420.jpg\" data-srcset=\"https:\/\/www.cgfmanet.org\/wp-content\/uploads\/2026\/03\/Docufilm_Sky_PGS_1-630x420.jpg 630w, https:\/\/www.cgfmanet.org\/wp-content\/uploads\/2026\/03\/Docufilm_Sky_PGS_1-768x512.jpg 768w, https:\/\/www.cgfmanet.org\/wp-content\/uploads\/2026\/03\/Docufilm_Sky_PGS_1-696x464.jpg 696w, https:\/\/www.cgfmanet.org\/wp-content\/uploads\/2026\/03\/Docufilm_Sky_PGS_1.jpg 1181w\" data-sizes=\"auto\" alt=\"\" src=\"data:image\/svg+xml;base64,PHN2ZyB3aWR0aD0iMSIgaGVpZ2h0PSIxIiB4bWxucz0iaHR0cDovL3d3dy53My5vcmcvMjAwMC9zdmciPjwvc3ZnPg==\" class=\"lazyload\" style=\"--smush-placeholder-width: 630px; --smush-placeholder-aspect-ratio: 630\/420;\" data-original-sizes=\"(max-width: 630px) 100vw, 630px\">\r\n                            <\/a>\r\n                            \r\n                        <\/figure>\r\n                    <\/div>\r\n                    <div class = \"td-slide-item td-item3\">\r\n                        <figure class=\"td-slide-galery-figure td-slide-popup-gallery\">\r\n                            <a class=\"slide-gallery-image-link\" href=\"https:\/\/www.cgfmanet.org\/wp-content\/uploads\/2026\/03\/Docufilm_Sky_PGS_2.jpg\" title=\"Docufilm_Sky_PGS_2\"  data-caption=\"\"  data-description=\"\">\r\n                                <img decoding=\"async\" data-src=\"https:\/\/www.cgfmanet.org\/wp-content\/uploads\/2026\/03\/Docufilm_Sky_PGS_2-280x420.jpg\" data-srcset=\"https:\/\/www.cgfmanet.org\/wp-content\/uploads\/2026\/03\/Docufilm_Sky_PGS_2-280x420.jpg 280w, https:\/\/www.cgfmanet.org\/wp-content\/uploads\/2026\/03\/Docufilm_Sky_PGS_2-768x1152.jpg 768w, https:\/\/www.cgfmanet.org\/wp-content\/uploads\/2026\/03\/Docufilm_Sky_PGS_2-1024x1536.jpg 1024w, https:\/\/www.cgfmanet.org\/wp-content\/uploads\/2026\/03\/Docufilm_Sky_PGS_2-696x1044.jpg 696w, https:\/\/www.cgfmanet.org\/wp-content\/uploads\/2026\/03\/Docufilm_Sky_PGS_2.jpg 1181w\" data-sizes=\"auto\" alt=\"\" src=\"data:image\/svg+xml;base64,PHN2ZyB3aWR0aD0iMSIgaGVpZ2h0PSIxIiB4bWxucz0iaHR0cDovL3d3dy53My5vcmcvMjAwMC9zdmciPjwvc3ZnPg==\" class=\"lazyload\" style=\"--smush-placeholder-width: 280px; --smush-placeholder-aspect-ratio: 280\/420;\" data-original-sizes=\"(max-width: 280px) 100vw, 280px\">\r\n                            <\/a>\r\n                            \r\n                        <\/figure>\r\n                    <\/div>\r\n                    <div class = \"td-slide-item td-item4\">\r\n                        <figure class=\"td-slide-galery-figure td-slide-popup-gallery\">\r\n                            <a class=\"slide-gallery-image-link\" href=\"https:\/\/www.cgfmanet.org\/wp-content\/uploads\/2026\/03\/Docufilm_Sky_PGS_3.jpg\" title=\"Docufilm_Sky_PGS_3\"  data-caption=\"\"  data-description=\"\">\r\n                                <img decoding=\"async\" data-src=\"https:\/\/www.cgfmanet.org\/wp-content\/uploads\/2026\/03\/Docufilm_Sky_PGS_3-630x420.jpg\" data-srcset=\"https:\/\/www.cgfmanet.org\/wp-content\/uploads\/2026\/03\/Docufilm_Sky_PGS_3-630x420.jpg 630w, https:\/\/www.cgfmanet.org\/wp-content\/uploads\/2026\/03\/Docufilm_Sky_PGS_3-768x512.jpg 768w, https:\/\/www.cgfmanet.org\/wp-content\/uploads\/2026\/03\/Docufilm_Sky_PGS_3-696x464.jpg 696w, https:\/\/www.cgfmanet.org\/wp-content\/uploads\/2026\/03\/Docufilm_Sky_PGS_3.jpg 1181w\" data-sizes=\"auto\" alt=\"\" src=\"data:image\/svg+xml;base64,PHN2ZyB3aWR0aD0iMSIgaGVpZ2h0PSIxIiB4bWxucz0iaHR0cDovL3d3dy53My5vcmcvMjAwMC9zdmciPjwvc3ZnPg==\" class=\"lazyload\" style=\"--smush-placeholder-width: 630px; --smush-placeholder-aspect-ratio: 630\/420;\" data-original-sizes=\"(max-width: 630px) 100vw, 630px\">\r\n                            <\/a>\r\n                            \r\n                        <\/figure>\r\n                    <\/div>\r\n                    <div class = \"td-slide-item td-item5\">\r\n                        <figure class=\"td-slide-galery-figure td-slide-popup-gallery\">\r\n                            <a class=\"slide-gallery-image-link\" href=\"https:\/\/www.cgfmanet.org\/wp-content\/uploads\/2026\/03\/Docufilm_Sky_PGS_4.jpg\" title=\"Docufilm_Sky_PGS_4\"  data-caption=\"\"  data-description=\"\">\r\n                                <img decoding=\"async\" data-src=\"https:\/\/www.cgfmanet.org\/wp-content\/uploads\/2026\/03\/Docufilm_Sky_PGS_4-630x420.jpg\" data-srcset=\"https:\/\/www.cgfmanet.org\/wp-content\/uploads\/2026\/03\/Docufilm_Sky_PGS_4-630x420.jpg 630w, https:\/\/www.cgfmanet.org\/wp-content\/uploads\/2026\/03\/Docufilm_Sky_PGS_4-768x512.jpg 768w, https:\/\/www.cgfmanet.org\/wp-content\/uploads\/2026\/03\/Docufilm_Sky_PGS_4-696x464.jpg 696w, https:\/\/www.cgfmanet.org\/wp-content\/uploads\/2026\/03\/Docufilm_Sky_PGS_4.jpg 1181w\" data-sizes=\"auto\" alt=\"\" src=\"data:image\/svg+xml;base64,PHN2ZyB3aWR0aD0iMSIgaGVpZ2h0PSIxIiB4bWxucz0iaHR0cDovL3d3dy53My5vcmcvMjAwMC9zdmciPjwvc3ZnPg==\" class=\"lazyload\" style=\"--smush-placeholder-width: 630px; --smush-placeholder-aspect-ratio: 630\/420;\" data-original-sizes=\"(max-width: 630px) 100vw, 630px\">\r\n                            <\/a>\r\n                            \r\n                        <\/figure>\r\n                    <\/div>\r\n                            <\/div>\r\n                        <\/div>\r\n\r\n                        <div class = \"td-doubleSlider-2\">\r\n                            <div class = \"td-slider\">\r\n                                \r\n                    <div class = \"td-button td-item1\">\r\n                        <div class = \"td-border\"><\/div>\r\n                    <\/div>\r\n                    <div class = \"td-button td-item2\">\r\n                        <div class = \"td-border\"><\/div>\r\n                    <\/div>\r\n                    <div class = \"td-button td-item3\">\r\n                        <div class = \"td-border\"><\/div>\r\n                    <\/div>\r\n                    <div class = \"td-button td-item4\">\r\n                        <div class = \"td-border\"><\/div>\r\n                    <\/div>\r\n                    <div class = \"td-button td-item5\">\r\n                        <div class = \"td-border\"><\/div>\r\n                    <\/div>\r\n                            <\/div>\r\n                        <\/div>\r\n\r\n                    <\/div>\r\n\r\n                <\/div>\r\n                \n","protected":false},"excerpt":{"rendered":"<p>Roma (Italia). El 14 de marzo de 2026 en Roma, en el Cine Teatro Don Bosco, se present\u00f3 el documental \u201cDon Bosco, el Santo de los j\u00f3venes y del deporte\u201d, [&hellip;]<\/p>\n","protected":false},"author":21,"featured_media":154943,"comment_status":"open","ping_status":"closed","sticky":false,"template":"","format":"standard","meta":{"footnotes":""},"categories":[167,158],"tags":[1343,1623,1802,1931,2379,2394],"class_list":["post-154948","post","type-post","status-publish","format-standard","has-post-thumbnail","category-carisma-salesiano-es","category-ifma-es","tag-don-bosco-es","tag-cittadinanza-es","tag-rector-mayor","tag-focus-es","tag-madre-chiara-cazzuola-es","tag-pgs-es"],"yoast_head":"<!-- This site is optimized with the Yoast SEO plugin v27.4 - https:\/\/yoast.com\/product\/yoast-seo-wordpress\/ -->\n<title>\u201cDon Bosco. El Santo de los J\u00f3venes y del Deporte\u201d &#8226; Istituto Figlie di Maria Ausiliatrice<\/title>\n<meta name=\"description\" content=\"El 14 de marzo de 2026 se present\u00f3 en Roma el documental \u201cDon Bosco. El santo de los j\u00f3venes y del deporte\u201d, realizado por Sky Sport en colaboraci\u00f3n con los Polideportivos Juveniles Salesianos.\" \/>\n<meta name=\"robots\" content=\"index, follow, max-snippet:-1, max-image-preview:large, max-video-preview:-1\" \/>\n<link rel=\"canonical\" href=\"https:\/\/www.cgfmanet.org\/es\/ifma-es\/don-bosco-el-santo-de-los-jovenes-y-del-deporte\/\" \/>\n<meta property=\"og:locale\" content=\"es_ES\" \/>\n<meta property=\"og:type\" content=\"article\" \/>\n<meta property=\"og:title\" content=\"\u201cDon Bosco. El Santo de los J\u00f3venes y del Deporte\u201d &#8226; Istituto Figlie di Maria Ausiliatrice\" \/>\n<meta property=\"og:description\" content=\"El 14 de marzo de 2026 se present\u00f3 en Roma el documental \u201cDon Bosco. El santo de los j\u00f3venes y del deporte\u201d, realizado por Sky Sport en colaboraci\u00f3n con los Polideportivos Juveniles Salesianos.\" \/>\n<meta property=\"og:url\" content=\"https:\/\/www.cgfmanet.org\/es\/ifma-es\/don-bosco-el-santo-de-los-jovenes-y-del-deporte\/\" \/>\n<meta property=\"og:site_name\" content=\"Istituto Figlie di Maria Ausiliatrice\" \/>\n<meta property=\"article:publisher\" content=\"https:\/\/www.facebook.com\/salesian.sisters.of.don.bosco\/\" \/>\n<meta property=\"article:published_time\" content=\"2026-03-16T17:30:26+00:00\" \/>\n<meta property=\"article:modified_time\" content=\"2026-03-21T21:41:45+00:00\" \/>\n<meta property=\"og:image\" content=\"https:\/\/www.cgfmanet.org\/wp-content\/uploads\/2026\/03\/Docufilm_Sky_PGS.jpg\" \/>\n\t<meta property=\"og:image:width\" content=\"1481\" \/>\n\t<meta property=\"og:image:height\" content=\"988\" \/>\n\t<meta property=\"og:image:type\" content=\"image\/jpeg\" \/>\n<meta name=\"author\" content=\"Redazione\" \/>\n<meta name=\"twitter:card\" content=\"summary_large_image\" \/>\n<meta name=\"twitter:creator\" content=\"@Cgfmanet_Org\" \/>\n<meta name=\"twitter:site\" content=\"@Cgfmanet_Org\" \/>\n<meta name=\"twitter:label1\" content=\"Escrito por\" \/>\n\t<meta name=\"twitter:data1\" content=\"Redazione\" \/>\n\t<meta name=\"twitter:label2\" content=\"Tiempo de lectura\" \/>\n\t<meta name=\"twitter:data2\" content=\"5 minutos\" \/>\n<script type=\"application\/ld+json\" class=\"yoast-schema-graph\">{\"@context\":\"https:\\\/\\\/schema.org\",\"@graph\":[{\"@type\":\"Article\",\"@id\":\"https:\\\/\\\/www.cgfmanet.org\\\/es\\\/ifma-es\\\/don-bosco-el-santo-de-los-jovenes-y-del-deporte\\\/#article\",\"isPartOf\":{\"@id\":\"https:\\\/\\\/www.cgfmanet.org\\\/es\\\/ifma-es\\\/don-bosco-el-santo-de-los-jovenes-y-del-deporte\\\/\"},\"author\":{\"name\":\"Redazione\",\"@id\":\"https:\\\/\\\/www.cgfmanet.org\\\/es\\\/#\\\/schema\\\/person\\\/ce6473083f53ef0ef882cca23f0c8fb9\"},\"headline\":\"\u201cDon Bosco. El Santo de los J\u00f3venes y del Deporte\u201d\",\"datePublished\":\"2026-03-16T17:30:26+00:00\",\"dateModified\":\"2026-03-21T21:41:45+00:00\",\"mainEntityOfPage\":{\"@id\":\"https:\\\/\\\/www.cgfmanet.org\\\/es\\\/ifma-es\\\/don-bosco-el-santo-de-los-jovenes-y-del-deporte\\\/\"},\"wordCount\":860,\"commentCount\":0,\"publisher\":{\"@id\":\"https:\\\/\\\/www.cgfmanet.org\\\/es\\\/#organization\"},\"image\":{\"@id\":\"https:\\\/\\\/www.cgfmanet.org\\\/es\\\/ifma-es\\\/don-bosco-el-santo-de-los-jovenes-y-del-deporte\\\/#primaryimage\"},\"thumbnailUrl\":\"https:\\\/\\\/www.cgfmanet.org\\\/wp-content\\\/uploads\\\/2026\\\/03\\\/Docufilm_Sky_PGS.jpg\",\"keywords\":[\"Don Bosco\",\"cittadinanza\",\"Rector Mayor\",\"Focus\",\"Madre Chiara Cazzuola\",\"PGS\"],\"articleSection\":[\"Carisma Salesiano\",\"IFMA\"],\"inLanguage\":\"es\",\"potentialAction\":[{\"@type\":\"CommentAction\",\"name\":\"Comment\",\"target\":[\"https:\\\/\\\/www.cgfmanet.org\\\/es\\\/ifma-es\\\/don-bosco-el-santo-de-los-jovenes-y-del-deporte\\\/#respond\"]}]},{\"@type\":\"WebPage\",\"@id\":\"https:\\\/\\\/www.cgfmanet.org\\\/es\\\/ifma-es\\\/don-bosco-el-santo-de-los-jovenes-y-del-deporte\\\/\",\"url\":\"https:\\\/\\\/www.cgfmanet.org\\\/es\\\/ifma-es\\\/don-bosco-el-santo-de-los-jovenes-y-del-deporte\\\/\",\"name\":\"\u201cDon Bosco. El Santo de los J\u00f3venes y del Deporte\u201d &#8226; Istituto Figlie di Maria Ausiliatrice\",\"isPartOf\":{\"@id\":\"https:\\\/\\\/www.cgfmanet.org\\\/es\\\/#website\"},\"primaryImageOfPage\":{\"@id\":\"https:\\\/\\\/www.cgfmanet.org\\\/es\\\/ifma-es\\\/don-bosco-el-santo-de-los-jovenes-y-del-deporte\\\/#primaryimage\"},\"image\":{\"@id\":\"https:\\\/\\\/www.cgfmanet.org\\\/es\\\/ifma-es\\\/don-bosco-el-santo-de-los-jovenes-y-del-deporte\\\/#primaryimage\"},\"thumbnailUrl\":\"https:\\\/\\\/www.cgfmanet.org\\\/wp-content\\\/uploads\\\/2026\\\/03\\\/Docufilm_Sky_PGS.jpg\",\"datePublished\":\"2026-03-16T17:30:26+00:00\",\"dateModified\":\"2026-03-21T21:41:45+00:00\",\"description\":\"El 14 de marzo de 2026 se present\u00f3 en Roma el documental \u201cDon Bosco. El santo de los j\u00f3venes y del deporte\u201d, realizado por Sky Sport en colaboraci\u00f3n con los Polideportivos Juveniles Salesianos.\",\"breadcrumb\":{\"@id\":\"https:\\\/\\\/www.cgfmanet.org\\\/es\\\/ifma-es\\\/don-bosco-el-santo-de-los-jovenes-y-del-deporte\\\/#breadcrumb\"},\"inLanguage\":\"es\",\"potentialAction\":[{\"@type\":\"ReadAction\",\"target\":[\"https:\\\/\\\/www.cgfmanet.org\\\/es\\\/ifma-es\\\/don-bosco-el-santo-de-los-jovenes-y-del-deporte\\\/\"]}]},{\"@type\":\"ImageObject\",\"inLanguage\":\"es\",\"@id\":\"https:\\\/\\\/www.cgfmanet.org\\\/es\\\/ifma-es\\\/don-bosco-el-santo-de-los-jovenes-y-del-deporte\\\/#primaryimage\",\"url\":\"https:\\\/\\\/www.cgfmanet.org\\\/wp-content\\\/uploads\\\/2026\\\/03\\\/Docufilm_Sky_PGS.jpg\",\"contentUrl\":\"https:\\\/\\\/www.cgfmanet.org\\\/wp-content\\\/uploads\\\/2026\\\/03\\\/Docufilm_Sky_PGS.jpg\",\"width\":1481,\"height\":988},{\"@type\":\"BreadcrumbList\",\"@id\":\"https:\\\/\\\/www.cgfmanet.org\\\/es\\\/ifma-es\\\/don-bosco-el-santo-de-los-jovenes-y-del-deporte\\\/#breadcrumb\",\"itemListElement\":[{\"@type\":\"ListItem\",\"position\":1,\"name\":\"Home\",\"item\":\"https:\\\/\\\/www.cgfmanet.org\\\/es\\\/\"},{\"@type\":\"ListItem\",\"position\":2,\"name\":\"\u201cDon Bosco. El Santo de los J\u00f3venes y del Deporte\u201d\"}]},{\"@type\":\"WebSite\",\"@id\":\"https:\\\/\\\/www.cgfmanet.org\\\/es\\\/#website\",\"url\":\"https:\\\/\\\/www.cgfmanet.org\\\/es\\\/\",\"name\":\"Istituto Figlie di Maria Ausiliatrice\",\"description\":\"Salesiane di Don Bosco\",\"publisher\":{\"@id\":\"https:\\\/\\\/www.cgfmanet.org\\\/es\\\/#organization\"},\"potentialAction\":[{\"@type\":\"SearchAction\",\"target\":{\"@type\":\"EntryPoint\",\"urlTemplate\":\"https:\\\/\\\/www.cgfmanet.org\\\/es\\\/?s={search_term_string}\"},\"query-input\":{\"@type\":\"PropertyValueSpecification\",\"valueRequired\":true,\"valueName\":\"search_term_string\"}}],\"inLanguage\":\"es\"},{\"@type\":\"Organization\",\"@id\":\"https:\\\/\\\/www.cgfmanet.org\\\/es\\\/#organization\",\"name\":\"Istituto Figlie di Maria Ausiliatrice\",\"url\":\"https:\\\/\\\/www.cgfmanet.org\\\/es\\\/\",\"logo\":{\"@type\":\"ImageObject\",\"inLanguage\":\"es\",\"@id\":\"https:\\\/\\\/www.cgfmanet.org\\\/es\\\/#\\\/schema\\\/logo\\\/image\\\/\",\"url\":\"https:\\\/\\\/www.cgfmanet.org\\\/wp-content\\\/uploads\\\/2018\\\/10\\\/logo-fma.png\",\"contentUrl\":\"https:\\\/\\\/www.cgfmanet.org\\\/wp-content\\\/uploads\\\/2018\\\/10\\\/logo-fma.png\",\"width\":214,\"height\":55,\"caption\":\"Istituto Figlie di Maria Ausiliatrice\"},\"image\":{\"@id\":\"https:\\\/\\\/www.cgfmanet.org\\\/es\\\/#\\\/schema\\\/logo\\\/image\\\/\"},\"sameAs\":[\"https:\\\/\\\/www.facebook.com\\\/salesian.sisters.of.don.bosco\\\/\",\"https:\\\/\\\/x.com\\\/Cgfmanet_Org\",\"https:\\\/\\\/www.youtube.com\\\/channel\\\/UCmcr8yFQBV7JXeXVxyV9y5Q\"]},{\"@type\":\"Person\",\"@id\":\"https:\\\/\\\/www.cgfmanet.org\\\/es\\\/#\\\/schema\\\/person\\\/ce6473083f53ef0ef882cca23f0c8fb9\",\"name\":\"Redazione\"}]}<\/script>\n<!-- \/ Yoast SEO plugin. -->","yoast_head_json":{"title":"\u201cDon Bosco. El Santo de los J\u00f3venes y del Deporte\u201d &#8226; Istituto Figlie di Maria Ausiliatrice","description":"El 14 de marzo de 2026 se present\u00f3 en Roma el documental \u201cDon Bosco. El santo de los j\u00f3venes y del deporte\u201d, realizado por Sky Sport en colaboraci\u00f3n con los Polideportivos Juveniles Salesianos.","robots":{"index":"index","follow":"follow","max-snippet":"max-snippet:-1","max-image-preview":"max-image-preview:large","max-video-preview":"max-video-preview:-1"},"canonical":"https:\/\/www.cgfmanet.org\/es\/ifma-es\/don-bosco-el-santo-de-los-jovenes-y-del-deporte\/","og_locale":"es_ES","og_type":"article","og_title":"\u201cDon Bosco. El Santo de los J\u00f3venes y del Deporte\u201d &#8226; Istituto Figlie di Maria Ausiliatrice","og_description":"El 14 de marzo de 2026 se present\u00f3 en Roma el documental \u201cDon Bosco. El santo de los j\u00f3venes y del deporte\u201d, realizado por Sky Sport en colaboraci\u00f3n con los Polideportivos Juveniles Salesianos.","og_url":"https:\/\/www.cgfmanet.org\/es\/ifma-es\/don-bosco-el-santo-de-los-jovenes-y-del-deporte\/","og_site_name":"Istituto Figlie di Maria Ausiliatrice","article_publisher":"https:\/\/www.facebook.com\/salesian.sisters.of.don.bosco\/","article_published_time":"2026-03-16T17:30:26+00:00","article_modified_time":"2026-03-21T21:41:45+00:00","og_image":[{"width":1481,"height":988,"url":"https:\/\/www.cgfmanet.org\/wp-content\/uploads\/2026\/03\/Docufilm_Sky_PGS.jpg","type":"image\/jpeg"}],"author":"Redazione","twitter_card":"summary_large_image","twitter_creator":"@Cgfmanet_Org","twitter_site":"@Cgfmanet_Org","twitter_misc":{"Escrito por":"Redazione","Tiempo de lectura":"5 minutos"},"schema":{"@context":"https:\/\/schema.org","@graph":[{"@type":"Article","@id":"https:\/\/www.cgfmanet.org\/es\/ifma-es\/don-bosco-el-santo-de-los-jovenes-y-del-deporte\/#article","isPartOf":{"@id":"https:\/\/www.cgfmanet.org\/es\/ifma-es\/don-bosco-el-santo-de-los-jovenes-y-del-deporte\/"},"author":{"name":"Redazione","@id":"https:\/\/www.cgfmanet.org\/es\/#\/schema\/person\/ce6473083f53ef0ef882cca23f0c8fb9"},"headline":"\u201cDon Bosco. El Santo de los J\u00f3venes y del Deporte\u201d","datePublished":"2026-03-16T17:30:26+00:00","dateModified":"2026-03-21T21:41:45+00:00","mainEntityOfPage":{"@id":"https:\/\/www.cgfmanet.org\/es\/ifma-es\/don-bosco-el-santo-de-los-jovenes-y-del-deporte\/"},"wordCount":860,"commentCount":0,"publisher":{"@id":"https:\/\/www.cgfmanet.org\/es\/#organization"},"image":{"@id":"https:\/\/www.cgfmanet.org\/es\/ifma-es\/don-bosco-el-santo-de-los-jovenes-y-del-deporte\/#primaryimage"},"thumbnailUrl":"https:\/\/www.cgfmanet.org\/wp-content\/uploads\/2026\/03\/Docufilm_Sky_PGS.jpg","keywords":["Don Bosco","cittadinanza","Rector Mayor","Focus","Madre Chiara Cazzuola","PGS"],"articleSection":["Carisma Salesiano","IFMA"],"inLanguage":"es","potentialAction":[{"@type":"CommentAction","name":"Comment","target":["https:\/\/www.cgfmanet.org\/es\/ifma-es\/don-bosco-el-santo-de-los-jovenes-y-del-deporte\/#respond"]}]},{"@type":"WebPage","@id":"https:\/\/www.cgfmanet.org\/es\/ifma-es\/don-bosco-el-santo-de-los-jovenes-y-del-deporte\/","url":"https:\/\/www.cgfmanet.org\/es\/ifma-es\/don-bosco-el-santo-de-los-jovenes-y-del-deporte\/","name":"\u201cDon Bosco. El Santo de los J\u00f3venes y del Deporte\u201d &#8226; Istituto Figlie di Maria Ausiliatrice","isPartOf":{"@id":"https:\/\/www.cgfmanet.org\/es\/#website"},"primaryImageOfPage":{"@id":"https:\/\/www.cgfmanet.org\/es\/ifma-es\/don-bosco-el-santo-de-los-jovenes-y-del-deporte\/#primaryimage"},"image":{"@id":"https:\/\/www.cgfmanet.org\/es\/ifma-es\/don-bosco-el-santo-de-los-jovenes-y-del-deporte\/#primaryimage"},"thumbnailUrl":"https:\/\/www.cgfmanet.org\/wp-content\/uploads\/2026\/03\/Docufilm_Sky_PGS.jpg","datePublished":"2026-03-16T17:30:26+00:00","dateModified":"2026-03-21T21:41:45+00:00","description":"El 14 de marzo de 2026 se present\u00f3 en Roma el documental \u201cDon Bosco. El santo de los j\u00f3venes y del deporte\u201d, realizado por Sky Sport en colaboraci\u00f3n con los Polideportivos Juveniles Salesianos.","breadcrumb":{"@id":"https:\/\/www.cgfmanet.org\/es\/ifma-es\/don-bosco-el-santo-de-los-jovenes-y-del-deporte\/#breadcrumb"},"inLanguage":"es","potentialAction":[{"@type":"ReadAction","target":["https:\/\/www.cgfmanet.org\/es\/ifma-es\/don-bosco-el-santo-de-los-jovenes-y-del-deporte\/"]}]},{"@type":"ImageObject","inLanguage":"es","@id":"https:\/\/www.cgfmanet.org\/es\/ifma-es\/don-bosco-el-santo-de-los-jovenes-y-del-deporte\/#primaryimage","url":"https:\/\/www.cgfmanet.org\/wp-content\/uploads\/2026\/03\/Docufilm_Sky_PGS.jpg","contentUrl":"https:\/\/www.cgfmanet.org\/wp-content\/uploads\/2026\/03\/Docufilm_Sky_PGS.jpg","width":1481,"height":988},{"@type":"BreadcrumbList","@id":"https:\/\/www.cgfmanet.org\/es\/ifma-es\/don-bosco-el-santo-de-los-jovenes-y-del-deporte\/#breadcrumb","itemListElement":[{"@type":"ListItem","position":1,"name":"Home","item":"https:\/\/www.cgfmanet.org\/es\/"},{"@type":"ListItem","position":2,"name":"\u201cDon Bosco. El Santo de los J\u00f3venes y del Deporte\u201d"}]},{"@type":"WebSite","@id":"https:\/\/www.cgfmanet.org\/es\/#website","url":"https:\/\/www.cgfmanet.org\/es\/","name":"Istituto Figlie di Maria Ausiliatrice","description":"Salesiane di Don Bosco","publisher":{"@id":"https:\/\/www.cgfmanet.org\/es\/#organization"},"potentialAction":[{"@type":"SearchAction","target":{"@type":"EntryPoint","urlTemplate":"https:\/\/www.cgfmanet.org\/es\/?s={search_term_string}"},"query-input":{"@type":"PropertyValueSpecification","valueRequired":true,"valueName":"search_term_string"}}],"inLanguage":"es"},{"@type":"Organization","@id":"https:\/\/www.cgfmanet.org\/es\/#organization","name":"Istituto Figlie di Maria Ausiliatrice","url":"https:\/\/www.cgfmanet.org\/es\/","logo":{"@type":"ImageObject","inLanguage":"es","@id":"https:\/\/www.cgfmanet.org\/es\/#\/schema\/logo\/image\/","url":"https:\/\/www.cgfmanet.org\/wp-content\/uploads\/2018\/10\/logo-fma.png","contentUrl":"https:\/\/www.cgfmanet.org\/wp-content\/uploads\/2018\/10\/logo-fma.png","width":214,"height":55,"caption":"Istituto Figlie di Maria Ausiliatrice"},"image":{"@id":"https:\/\/www.cgfmanet.org\/es\/#\/schema\/logo\/image\/"},"sameAs":["https:\/\/www.facebook.com\/salesian.sisters.of.don.bosco\/","https:\/\/x.com\/Cgfmanet_Org","https:\/\/www.youtube.com\/channel\/UCmcr8yFQBV7JXeXVxyV9y5Q"]},{"@type":"Person","@id":"https:\/\/www.cgfmanet.org\/es\/#\/schema\/person\/ce6473083f53ef0ef882cca23f0c8fb9","name":"Redazione"}]}},"_links":{"self":[{"href":"https:\/\/www.cgfmanet.org\/es\/wp-json\/wp\/v2\/posts\/154948","targetHints":{"allow":["GET"]}}],"collection":[{"href":"https:\/\/www.cgfmanet.org\/es\/wp-json\/wp\/v2\/posts"}],"about":[{"href":"https:\/\/www.cgfmanet.org\/es\/wp-json\/wp\/v2\/types\/post"}],"author":[{"embeddable":true,"href":"https:\/\/www.cgfmanet.org\/es\/wp-json\/wp\/v2\/users\/21"}],"replies":[{"embeddable":true,"href":"https:\/\/www.cgfmanet.org\/es\/wp-json\/wp\/v2\/comments?post=154948"}],"version-history":[{"count":2,"href":"https:\/\/www.cgfmanet.org\/es\/wp-json\/wp\/v2\/posts\/154948\/revisions"}],"predecessor-version":[{"id":155106,"href":"https:\/\/www.cgfmanet.org\/es\/wp-json\/wp\/v2\/posts\/154948\/revisions\/155106"}],"wp:featuredmedia":[{"embeddable":true,"href":"https:\/\/www.cgfmanet.org\/es\/wp-json\/wp\/v2\/media\/154943"}],"wp:attachment":[{"href":"https:\/\/www.cgfmanet.org\/es\/wp-json\/wp\/v2\/media?parent=154948"}],"wp:term":[{"taxonomy":"category","embeddable":true,"href":"https:\/\/www.cgfmanet.org\/es\/wp-json\/wp\/v2\/categories?post=154948"},{"taxonomy":"post_tag","embeddable":true,"href":"https:\/\/www.cgfmanet.org\/es\/wp-json\/wp\/v2\/tags?post=154948"}],"curies":[{"name":"wp","href":"https:\/\/api.w.org\/{rel}","templated":true}]}}