{"id":154872,"date":"2026-03-14T10:19:28","date_gmt":"2026-03-14T09:19:28","guid":{"rendered":"https:\/\/www.cgfmanet.org\/infoesfera\/iv-incontro-mondiale-iss-fma-nelle-filippine\/"},"modified":"2026-03-14T21:56:11","modified_gmt":"2026-03-14T20:56:11","slug":"iv-encuentro-mundial-iss-fma-en-filipinas","status":"publish","type":"post","link":"https:\/\/www.cgfmanet.org\/es\/ifma-es\/iv-encuentro-mundial-iss-fma-en-filipinas\/","title":{"rendered":"IV Encuentro Mundial ISS-FMA en Filipinas"},"content":{"rendered":"<p><strong>Filipinas.<\/strong> Del 9 al 13 de marzo de 2026, en el Centro de Espiritualidad Mornese en Pansol, Calamba, Laguna (Filipinas), tuvo lugar el <strong><span style=\"color: #0000ff;\"><a style=\"color: #0000ff;\" href=\"https:\/\/4thissfmaworldmeeting2026.wordpress.com\/\" target=\"_blank\" rel=\"noopener\">IV Encuentro Mundial de las Instituciones de Estudios Superiores<\/a> <\/span><\/strong>de las Hijas de Mar\u00eda Auxiliadora <span style=\"color: #0000ff;\">(<a style=\"color: #0000ff;\" href=\"https:\/\/www.iss-fma.com\/\" target=\"_blank\" rel=\"noopener\"><strong>ISS-FMA<\/strong><\/a>). <\/span>La iniciativa fue promovida por el \u00c1mbito para la Pastoral Juvenil del Instituto, en colaboraci\u00f3n con la Comisi\u00f3n Central de las ISS-FMA y con la Inspector\u00eda FMA Santa Mar\u00eda Mazzarello (FIL) de Filipinas y Pap\u00faa Nueva Guinea, con el apoyo econ\u00f3mico de las Inspector\u00edas de la Conferencia CIAO.<\/p>\n<p>En el encuentro participaron 82 personas: 68 de forma presencial y 14 online \u2014debido a la cancelaci\u00f3n de vuelos por los recientes conflictos b\u00e9licos\u2014 entre directivos, docentes y j\u00f3venes universitarios provenientes de 20 Instituciones de Estudios Superior, 13 Inspector\u00edas y 10 pa\u00edses de cuatro continentes.<\/p>\n<p>El tema elegido para esta edici\u00f3n \u2014\u201cEmpowerment de los j\u00f3venes para ser protagonistas del cambio social\u201d\u2014 se inserta en el camino iniciado con los anteriores encuentros mundiales realizados en Brasil (2012), Espa\u00f1a (2014) y Colombia (2019).<\/p>\n<p>El encuentro represent\u00f3 una importante ocasi\u00f3n de di\u00e1logo, reflexi\u00f3n e intercambio entre las Instituciones universitarias de la red ISS-FMA, con el objetivo de reforzar la colaboraci\u00f3n educativa y promover el protagonismo de los j\u00f3venes en la construcci\u00f3n de una sociedad m\u00e1s justa, solidaria y sostenible.<\/p>\n<p><strong>Una apertura en signo de la comuni\u00f3n eclesial<\/strong><\/p>\n<p>Los trabajos se abrieron con la Celebraci\u00f3n Eucar\u00edstica presidida por el Nuncio Apost\u00f3lico en Filipinas, Mons. Charles John Brown, seguida del saludo de bienvenida de sor Teresita Padron, Inspectora FIL. Durante el momento inaugural se presentaron tambi\u00e9n el logotipo y el himno oficial del encuentro, fruto de la creatividad de j\u00f3venes de India y de sor Cecilia Alfaro de la Inspector\u00eda PER.<\/p>\n<p>Diversos mensajes institucionales caracterizaron el inicio del encuentro. La Superiora General del Instituto de las Hijas de Mar\u00eda Auxiliadora, Madre Chiara Cazzuola, alent\u00f3 a las Instituciones universitarias salesianas a formar j\u00f3venes capaces de mirar la realidad con esperanza y de testimoniar con valent\u00eda las razones de la fe.<\/p>\n<p>El Cardenal Jos\u00e9 Tolentino de Mendon\u00e7a, Prefecto del Dicasterio para la Cultura y la Educaci\u00f3n, subray\u00f3 c\u00f3mo los encuentros internacionales de este tipo favorecen una visi\u00f3n compartida de la misi\u00f3n educativa y abren nuevas perspectivas para el futuro. Tambi\u00e9n el Obispo Marcelino Antonio Malabanan Maralit, de la Di\u00f3cesis de San Pablo en Filipinas, record\u00f3 que los j\u00f3venes, como afirmaba el Papa Francisco, no son solo el futuro de la Iglesia, sino su presente vivo y activo. Herv\u00e9 Lecomte, Secretario General de la OIEC, destac\u00f3 que el <em>empowerment<\/em> de los j\u00f3venes es un desaf\u00edo central de la educaci\u00f3n cat\u00f3lica y puede contribuir a un cambio global, movilizando a millones de estudiantes, educadores y familias en el mundo.<\/p>\n<p>En su intervenci\u00f3n, sor Runita Borja, Consejera General para la Pastoral Juvenil, record\u00f3 la importancia de la misi\u00f3n educativa de las FMA, llamada a proponer a los j\u00f3venes los valores aut\u00e9nticos del Evangelio, valorando sus recursos interiores y acompa\u00f1\u00e1ndolos con confianza en su camino de crecimiento.<\/p>\n<p><strong>Educaci\u00f3n, investigaci\u00f3n y responsabilidad social<\/strong><\/p>\n<p>El programa del encuentro altern\u00f3 conferencias, presentaciones de investigaciones, una mesa redonda y testimonios juveniles, seguidos de la presentaci\u00f3n y programaci\u00f3n de los seis puntos nodales para los pr\u00f3ximos a\u00f1os, ofreciendo un espacio de debate sobre los principales desaf\u00edos que hoy la educaci\u00f3n universitaria est\u00e1 llamada a enfrentar.<\/p>\n<p>Entre las intervenciones principales, D. Rany Geraldino profundiz\u00f3 en el tema de la transformaci\u00f3n social en el esp\u00edritu de la sinodalidad, mientras que sor Ivone Goulart Lopes, referente de las ISS-FMA, present\u00f3 la realidad de las ISS-FMA como redes educativas que transforman, capaces de conectar memoria, presencia, misi\u00f3n y profec\u00eda en la construcci\u00f3n de un mundo m\u00e1s justo y sostenible.<\/p>\n<p>Diversas contribuciones abordaron temas clave de la educaci\u00f3n contempor\u00e1nea: los desaf\u00edos de la educaci\u00f3n juvenil (George Thadathil, SDB), el liderazgo de los j\u00f3venes en el cambio social (Chelsea Annelle N. Catli, Universidad De La Salle, Filipinas) y la relaci\u00f3n entre Carisma Salesiano y responsabilidad social en las universidades y en las ISS-FMA (D. Dindo Vitug, SDB y sor Piera Ruffinatto, FMA, Rectora de la Pontificia Facultad de Ciencias de la Educaci\u00f3n \u201cAuxilium\u201d).<\/p>\n<p>Un panel sobre derechos humanos y <em>empowerment<\/em> juvenil cont\u00f3 con las intervenciones de sor Sarah Bawagan Garcia, FMA (IIMA\u2013VIDES, Ginebra), Maria D\u2019Onofrio (Oficina de Derechos Humanos de IIMA) y Helen Griffiths (Oficina del Alto Comisionado de la ONU para los Derechos Humanos), comprometidas en la promoci\u00f3n de la participaci\u00f3n activa de los j\u00f3venes tambi\u00e9n en el \u00e1mbito internacional.<\/p>\n<p><strong>Intercambio de investigaciones<\/strong><\/p>\n<p>Las Instituciones participantes presentaron investigaciones realizadas en el bienio 2024\u20132025 (Auxilium Roma; CES don Bosco \u2013 Madrid, Espa\u00f1a; Auxilium College Autonomous, Vellore, India; ISECENSA, Brasil; ISAMM, Lubumbashi, RDC; y Manila, Filipinas), abordando temas de gran actualidad: salud mental y educaci\u00f3n socioemocional, sentido de la vida, impacto de las tecnolog\u00edas en los procesos de aprendizaje, sostenibilidad y ecolog\u00eda integral, derechos humanos, migraciones y mundo del trabajo. Estas investigaciones permitieron poner de relieve experiencias y buenas pr\u00e1cticas educativas realizadas en las diversas regiones del mundo, evidenciando la riqueza y variedad de la presencia de las ISS-FMA en el campo de la educaci\u00f3n superior.<\/p>\n<p><strong>La voz de los j\u00f3venes<\/strong><\/p>\n<p>Uno de los momentos m\u00e1s significativos del encuentro fue la mesa redonda con j\u00f3venes representantes de los cuatro continentes, quienes compartieron los desaf\u00edos y esperanzas de las nuevas generaciones en los diversos contextos culturales y sociales. Junto a este momento de di\u00e1logo, algunos j\u00f3venes presentaron testimonios personales de <em>empowerment<\/em> y de trayectorias formativas vividas en las instituciones salesianas, relatando c\u00f3mo la educaci\u00f3n recibida ha contribuido al desarrollo de su identidad, de su <strong>liderazgo y de su compromiso social.<\/strong><\/p>\n<p><strong>Una mirada al futuro<\/strong><\/p>\n<p>El encuentro concluy\u00f3 con un momento de discernimiento compartido, durante el cual los participantes reflexionaron sobre las perspectivas futuras de la red de las ISS-FMA. Se confirm\u00f3 la validez de la Planificaci\u00f3n Estrat\u00e9gica 2023\u20132027, reconociendo al mismo tiempo la necesidad de integrar nuevas prioridades vinculadas a las transformaciones globales de la educaci\u00f3n superior conforme al pr\u00f3ximo CGXXV. Entre los temas surgidos con mayor fuerza se encuentran la transformaci\u00f3n digital y la inteligencia artificial, la internacionalizaci\u00f3n, la inclusi\u00f3n, la sostenibilidad institucional y el bienestar de la comunidad acad\u00e9mica.<\/p>\n<p>No faltaron los momentos de comuni\u00f3n e intercambio cultural entre los participantes, como la visita a la ciudad de Manila, que concluy\u00f3 con un espect\u00e1culo de danzas tradicionales filipinas y la \u201cNoche de agradecimiento\u201d final, con una animada muestra cultural que represent\u00f3 a todos los pa\u00edses presentes.<\/p>\n<p>El IV Encuentro Mundial se cerr\u00f3 as\u00ed con un renovado compromiso de las ISS-FMA para reforzar la colaboraci\u00f3n entre las instituciones, promover la investigaci\u00f3n y valorar el protagonismo de los j\u00f3venes, a fin de que puedan ser aut\u00e9nticos art\u00edfices de cambio en la sociedad y en la Iglesia.<\/p>\n<p><strong>Fotograf\u00edas<\/strong><strong>: <span style=\"color: #0000ff;\"><a style=\"color: #0000ff;\" href=\"https:\/\/www.flickr.com\/photos\/204311715@N05\/page3\" target=\"_blank\" rel=\"noopener\">Flickr ISS-FMA<\/a><\/span><\/strong><\/p>\n<p><span style=\"color: #0000ff;\"><a style=\"color: #0000ff;\" href=\"https:\/\/www.youtube.com\/watch?v=Sc8O4taYfKM\" target=\"_blank\" rel=\"noopener\"><strong>V\u00eddeo<\/strong><\/a><\/span><\/p>\n","protected":false},"excerpt":{"rendered":"<p>Filipinas. Del 9 al 13 de marzo de 2026, en el Centro de Espiritualidad Mornese en Pansol, Calamba, Laguna (Filipinas), tuvo lugar el IV Encuentro Mundial de las Instituciones de [&hellip;]<\/p>\n","protected":false},"author":21,"featured_media":154867,"comment_status":"open","ping_status":"closed","sticky":false,"template":"","format":"standard","meta":{"footnotes":""},"categories":[158,169],"tags":[307,1135,1931,1947,2243],"class_list":["post-154872","post","type-post","status-publish","format-standard","has-post-thumbnail","category-ifma-es","category-conferencias-seminarios","tag-filipinas","tag-educacion","tag-focus-es","tag-sistema-preventivo-es","tag-iss-fma-es"],"yoast_head":"<!-- This site is optimized with the Yoast SEO plugin v27.4 - https:\/\/yoast.com\/product\/yoast-seo-wordpress\/ -->\n<title>IV Encuentro Mundial ISS-FMA en Filipinas &#8226; Istituto Figlie di Maria Ausiliatrice<\/title>\n<meta name=\"description\" content=\"Del 9 al 13 de marzo de 2026 se llev\u00f3 a cabo en Laguna, Filipinas, el IV Encuentro Mundial de las Instituciones de Estudios Superiores de las FMA (ISS-FMA), con la participaci\u00f3n de cerca de 80 representantes de todo el mundo.\" \/>\n<meta name=\"robots\" content=\"index, follow, max-snippet:-1, max-image-preview:large, max-video-preview:-1\" \/>\n<link rel=\"canonical\" href=\"https:\/\/www.cgfmanet.org\/es\/ifma-es\/iv-encuentro-mundial-iss-fma-en-filipinas\/\" \/>\n<meta property=\"og:locale\" content=\"es_ES\" \/>\n<meta property=\"og:type\" content=\"article\" \/>\n<meta property=\"og:title\" content=\"IV Encuentro Mundial ISS-FMA en Filipinas &#8226; Istituto Figlie di Maria Ausiliatrice\" \/>\n<meta property=\"og:description\" content=\"Del 9 al 13 de marzo de 2026 se llev\u00f3 a cabo en Laguna, Filipinas, el IV Encuentro Mundial de las Instituciones de Estudios Superiores de las FMA (ISS-FMA), con la participaci\u00f3n de cerca de 80 representantes de todo el mundo.\" \/>\n<meta property=\"og:url\" content=\"https:\/\/www.cgfmanet.org\/es\/ifma-es\/iv-encuentro-mundial-iss-fma-en-filipinas\/\" \/>\n<meta property=\"og:site_name\" content=\"Istituto Figlie di Maria Ausiliatrice\" \/>\n<meta property=\"article:publisher\" content=\"https:\/\/www.facebook.com\/salesian.sisters.of.don.bosco\/\" \/>\n<meta property=\"article:published_time\" content=\"2026-03-14T09:19:28+00:00\" \/>\n<meta property=\"article:modified_time\" content=\"2026-03-14T20:56:11+00:00\" \/>\n<meta property=\"og:image\" content=\"https:\/\/www.cgfmanet.org\/wp-content\/uploads\/2026\/03\/4\u00b0-Incontro-mondiale-ISS-FMA-Filippine.jpg\" \/>\n\t<meta property=\"og:image:width\" content=\"1200\" \/>\n\t<meta property=\"og:image:height\" content=\"800\" \/>\n\t<meta property=\"og:image:type\" content=\"image\/jpeg\" \/>\n<meta name=\"author\" content=\"Redazione\" \/>\n<meta name=\"twitter:card\" content=\"summary_large_image\" \/>\n<meta name=\"twitter:creator\" content=\"@Cgfmanet_Org\" \/>\n<meta name=\"twitter:site\" content=\"@Cgfmanet_Org\" \/>\n<meta name=\"twitter:label1\" content=\"Escrito por\" \/>\n\t<meta name=\"twitter:data1\" content=\"Redazione\" \/>\n\t<meta name=\"twitter:label2\" content=\"Tiempo de lectura\" \/>\n\t<meta name=\"twitter:data2\" content=\"7 minutos\" \/>\n<script type=\"application\/ld+json\" class=\"yoast-schema-graph\">{\"@context\":\"https:\\\/\\\/schema.org\",\"@graph\":[{\"@type\":\"Article\",\"@id\":\"https:\\\/\\\/www.cgfmanet.org\\\/es\\\/ifma-es\\\/iv-encuentro-mundial-iss-fma-en-filipinas\\\/#article\",\"isPartOf\":{\"@id\":\"https:\\\/\\\/www.cgfmanet.org\\\/es\\\/ifma-es\\\/iv-encuentro-mundial-iss-fma-en-filipinas\\\/\"},\"author\":{\"name\":\"Redazione\",\"@id\":\"https:\\\/\\\/www.cgfmanet.org\\\/es\\\/#\\\/schema\\\/person\\\/ce6473083f53ef0ef882cca23f0c8fb9\"},\"headline\":\"IV Encuentro Mundial ISS-FMA en Filipinas\",\"datePublished\":\"2026-03-14T09:19:28+00:00\",\"dateModified\":\"2026-03-14T20:56:11+00:00\",\"mainEntityOfPage\":{\"@id\":\"https:\\\/\\\/www.cgfmanet.org\\\/es\\\/ifma-es\\\/iv-encuentro-mundial-iss-fma-en-filipinas\\\/\"},\"wordCount\":1213,\"commentCount\":0,\"publisher\":{\"@id\":\"https:\\\/\\\/www.cgfmanet.org\\\/es\\\/#organization\"},\"image\":{\"@id\":\"https:\\\/\\\/www.cgfmanet.org\\\/es\\\/ifma-es\\\/iv-encuentro-mundial-iss-fma-en-filipinas\\\/#primaryimage\"},\"thumbnailUrl\":\"https:\\\/\\\/www.cgfmanet.org\\\/wp-content\\\/uploads\\\/2026\\\/03\\\/4\u00b0-Incontro-mondiale-ISS-FMA-Filippine.jpg\",\"keywords\":[\"Filipinas\",\"Educaci\u00f3n\",\"Focus\",\"Sistema Preventivo\",\"ISS FMA\"],\"articleSection\":[\"IFMA\",\"Conferencias y Seminarios\"],\"inLanguage\":\"es\",\"potentialAction\":[{\"@type\":\"CommentAction\",\"name\":\"Comment\",\"target\":[\"https:\\\/\\\/www.cgfmanet.org\\\/es\\\/ifma-es\\\/iv-encuentro-mundial-iss-fma-en-filipinas\\\/#respond\"]}]},{\"@type\":\"WebPage\",\"@id\":\"https:\\\/\\\/www.cgfmanet.org\\\/es\\\/ifma-es\\\/iv-encuentro-mundial-iss-fma-en-filipinas\\\/\",\"url\":\"https:\\\/\\\/www.cgfmanet.org\\\/es\\\/ifma-es\\\/iv-encuentro-mundial-iss-fma-en-filipinas\\\/\",\"name\":\"IV Encuentro Mundial ISS-FMA en Filipinas &#8226; Istituto Figlie di Maria Ausiliatrice\",\"isPartOf\":{\"@id\":\"https:\\\/\\\/www.cgfmanet.org\\\/es\\\/#website\"},\"primaryImageOfPage\":{\"@id\":\"https:\\\/\\\/www.cgfmanet.org\\\/es\\\/ifma-es\\\/iv-encuentro-mundial-iss-fma-en-filipinas\\\/#primaryimage\"},\"image\":{\"@id\":\"https:\\\/\\\/www.cgfmanet.org\\\/es\\\/ifma-es\\\/iv-encuentro-mundial-iss-fma-en-filipinas\\\/#primaryimage\"},\"thumbnailUrl\":\"https:\\\/\\\/www.cgfmanet.org\\\/wp-content\\\/uploads\\\/2026\\\/03\\\/4\u00b0-Incontro-mondiale-ISS-FMA-Filippine.jpg\",\"datePublished\":\"2026-03-14T09:19:28+00:00\",\"dateModified\":\"2026-03-14T20:56:11+00:00\",\"description\":\"Del 9 al 13 de marzo de 2026 se llev\u00f3 a cabo en Laguna, Filipinas, el IV Encuentro Mundial de las Instituciones de Estudios Superiores de las FMA (ISS-FMA), con la participaci\u00f3n de cerca de 80 representantes de todo el mundo.\",\"breadcrumb\":{\"@id\":\"https:\\\/\\\/www.cgfmanet.org\\\/es\\\/ifma-es\\\/iv-encuentro-mundial-iss-fma-en-filipinas\\\/#breadcrumb\"},\"inLanguage\":\"es\",\"potentialAction\":[{\"@type\":\"ReadAction\",\"target\":[\"https:\\\/\\\/www.cgfmanet.org\\\/es\\\/ifma-es\\\/iv-encuentro-mundial-iss-fma-en-filipinas\\\/\"]}]},{\"@type\":\"ImageObject\",\"inLanguage\":\"es\",\"@id\":\"https:\\\/\\\/www.cgfmanet.org\\\/es\\\/ifma-es\\\/iv-encuentro-mundial-iss-fma-en-filipinas\\\/#primaryimage\",\"url\":\"https:\\\/\\\/www.cgfmanet.org\\\/wp-content\\\/uploads\\\/2026\\\/03\\\/4\u00b0-Incontro-mondiale-ISS-FMA-Filippine.jpg\",\"contentUrl\":\"https:\\\/\\\/www.cgfmanet.org\\\/wp-content\\\/uploads\\\/2026\\\/03\\\/4\u00b0-Incontro-mondiale-ISS-FMA-Filippine.jpg\",\"width\":1200,\"height\":800},{\"@type\":\"BreadcrumbList\",\"@id\":\"https:\\\/\\\/www.cgfmanet.org\\\/es\\\/ifma-es\\\/iv-encuentro-mundial-iss-fma-en-filipinas\\\/#breadcrumb\",\"itemListElement\":[{\"@type\":\"ListItem\",\"position\":1,\"name\":\"Home\",\"item\":\"https:\\\/\\\/www.cgfmanet.org\\\/es\\\/\"},{\"@type\":\"ListItem\",\"position\":2,\"name\":\"IV Encuentro Mundial ISS-FMA en Filipinas\"}]},{\"@type\":\"WebSite\",\"@id\":\"https:\\\/\\\/www.cgfmanet.org\\\/es\\\/#website\",\"url\":\"https:\\\/\\\/www.cgfmanet.org\\\/es\\\/\",\"name\":\"Istituto Figlie di Maria Ausiliatrice\",\"description\":\"Salesiane di Don Bosco\",\"publisher\":{\"@id\":\"https:\\\/\\\/www.cgfmanet.org\\\/es\\\/#organization\"},\"potentialAction\":[{\"@type\":\"SearchAction\",\"target\":{\"@type\":\"EntryPoint\",\"urlTemplate\":\"https:\\\/\\\/www.cgfmanet.org\\\/es\\\/?s={search_term_string}\"},\"query-input\":{\"@type\":\"PropertyValueSpecification\",\"valueRequired\":true,\"valueName\":\"search_term_string\"}}],\"inLanguage\":\"es\"},{\"@type\":\"Organization\",\"@id\":\"https:\\\/\\\/www.cgfmanet.org\\\/es\\\/#organization\",\"name\":\"Istituto Figlie di Maria Ausiliatrice\",\"url\":\"https:\\\/\\\/www.cgfmanet.org\\\/es\\\/\",\"logo\":{\"@type\":\"ImageObject\",\"inLanguage\":\"es\",\"@id\":\"https:\\\/\\\/www.cgfmanet.org\\\/es\\\/#\\\/schema\\\/logo\\\/image\\\/\",\"url\":\"https:\\\/\\\/www.cgfmanet.org\\\/wp-content\\\/uploads\\\/2018\\\/10\\\/logo-fma.png\",\"contentUrl\":\"https:\\\/\\\/www.cgfmanet.org\\\/wp-content\\\/uploads\\\/2018\\\/10\\\/logo-fma.png\",\"width\":214,\"height\":55,\"caption\":\"Istituto Figlie di Maria Ausiliatrice\"},\"image\":{\"@id\":\"https:\\\/\\\/www.cgfmanet.org\\\/es\\\/#\\\/schema\\\/logo\\\/image\\\/\"},\"sameAs\":[\"https:\\\/\\\/www.facebook.com\\\/salesian.sisters.of.don.bosco\\\/\",\"https:\\\/\\\/x.com\\\/Cgfmanet_Org\",\"https:\\\/\\\/www.youtube.com\\\/channel\\\/UCmcr8yFQBV7JXeXVxyV9y5Q\"]},{\"@type\":\"Person\",\"@id\":\"https:\\\/\\\/www.cgfmanet.org\\\/es\\\/#\\\/schema\\\/person\\\/ce6473083f53ef0ef882cca23f0c8fb9\",\"name\":\"Redazione\"}]}<\/script>\n<!-- \/ Yoast SEO plugin. -->","yoast_head_json":{"title":"IV Encuentro Mundial ISS-FMA en Filipinas &#8226; Istituto Figlie di Maria Ausiliatrice","description":"Del 9 al 13 de marzo de 2026 se llev\u00f3 a cabo en Laguna, Filipinas, el IV Encuentro Mundial de las Instituciones de Estudios Superiores de las FMA (ISS-FMA), con la participaci\u00f3n de cerca de 80 representantes de todo el mundo.","robots":{"index":"index","follow":"follow","max-snippet":"max-snippet:-1","max-image-preview":"max-image-preview:large","max-video-preview":"max-video-preview:-1"},"canonical":"https:\/\/www.cgfmanet.org\/es\/ifma-es\/iv-encuentro-mundial-iss-fma-en-filipinas\/","og_locale":"es_ES","og_type":"article","og_title":"IV Encuentro Mundial ISS-FMA en Filipinas &#8226; Istituto Figlie di Maria Ausiliatrice","og_description":"Del 9 al 13 de marzo de 2026 se llev\u00f3 a cabo en Laguna, Filipinas, el IV Encuentro Mundial de las Instituciones de Estudios Superiores de las FMA (ISS-FMA), con la participaci\u00f3n de cerca de 80 representantes de todo el mundo.","og_url":"https:\/\/www.cgfmanet.org\/es\/ifma-es\/iv-encuentro-mundial-iss-fma-en-filipinas\/","og_site_name":"Istituto Figlie di Maria Ausiliatrice","article_publisher":"https:\/\/www.facebook.com\/salesian.sisters.of.don.bosco\/","article_published_time":"2026-03-14T09:19:28+00:00","article_modified_time":"2026-03-14T20:56:11+00:00","og_image":[{"width":1200,"height":800,"url":"https:\/\/www.cgfmanet.org\/wp-content\/uploads\/2026\/03\/4\u00b0-Incontro-mondiale-ISS-FMA-Filippine.jpg","type":"image\/jpeg"}],"author":"Redazione","twitter_card":"summary_large_image","twitter_creator":"@Cgfmanet_Org","twitter_site":"@Cgfmanet_Org","twitter_misc":{"Escrito por":"Redazione","Tiempo de lectura":"7 minutos"},"schema":{"@context":"https:\/\/schema.org","@graph":[{"@type":"Article","@id":"https:\/\/www.cgfmanet.org\/es\/ifma-es\/iv-encuentro-mundial-iss-fma-en-filipinas\/#article","isPartOf":{"@id":"https:\/\/www.cgfmanet.org\/es\/ifma-es\/iv-encuentro-mundial-iss-fma-en-filipinas\/"},"author":{"name":"Redazione","@id":"https:\/\/www.cgfmanet.org\/es\/#\/schema\/person\/ce6473083f53ef0ef882cca23f0c8fb9"},"headline":"IV Encuentro Mundial ISS-FMA en Filipinas","datePublished":"2026-03-14T09:19:28+00:00","dateModified":"2026-03-14T20:56:11+00:00","mainEntityOfPage":{"@id":"https:\/\/www.cgfmanet.org\/es\/ifma-es\/iv-encuentro-mundial-iss-fma-en-filipinas\/"},"wordCount":1213,"commentCount":0,"publisher":{"@id":"https:\/\/www.cgfmanet.org\/es\/#organization"},"image":{"@id":"https:\/\/www.cgfmanet.org\/es\/ifma-es\/iv-encuentro-mundial-iss-fma-en-filipinas\/#primaryimage"},"thumbnailUrl":"https:\/\/www.cgfmanet.org\/wp-content\/uploads\/2026\/03\/4\u00b0-Incontro-mondiale-ISS-FMA-Filippine.jpg","keywords":["Filipinas","Educaci\u00f3n","Focus","Sistema Preventivo","ISS FMA"],"articleSection":["IFMA","Conferencias y Seminarios"],"inLanguage":"es","potentialAction":[{"@type":"CommentAction","name":"Comment","target":["https:\/\/www.cgfmanet.org\/es\/ifma-es\/iv-encuentro-mundial-iss-fma-en-filipinas\/#respond"]}]},{"@type":"WebPage","@id":"https:\/\/www.cgfmanet.org\/es\/ifma-es\/iv-encuentro-mundial-iss-fma-en-filipinas\/","url":"https:\/\/www.cgfmanet.org\/es\/ifma-es\/iv-encuentro-mundial-iss-fma-en-filipinas\/","name":"IV Encuentro Mundial ISS-FMA en Filipinas &#8226; Istituto Figlie di Maria Ausiliatrice","isPartOf":{"@id":"https:\/\/www.cgfmanet.org\/es\/#website"},"primaryImageOfPage":{"@id":"https:\/\/www.cgfmanet.org\/es\/ifma-es\/iv-encuentro-mundial-iss-fma-en-filipinas\/#primaryimage"},"image":{"@id":"https:\/\/www.cgfmanet.org\/es\/ifma-es\/iv-encuentro-mundial-iss-fma-en-filipinas\/#primaryimage"},"thumbnailUrl":"https:\/\/www.cgfmanet.org\/wp-content\/uploads\/2026\/03\/4\u00b0-Incontro-mondiale-ISS-FMA-Filippine.jpg","datePublished":"2026-03-14T09:19:28+00:00","dateModified":"2026-03-14T20:56:11+00:00","description":"Del 9 al 13 de marzo de 2026 se llev\u00f3 a cabo en Laguna, Filipinas, el IV Encuentro Mundial de las Instituciones de Estudios Superiores de las FMA (ISS-FMA), con la participaci\u00f3n de cerca de 80 representantes de todo el mundo.","breadcrumb":{"@id":"https:\/\/www.cgfmanet.org\/es\/ifma-es\/iv-encuentro-mundial-iss-fma-en-filipinas\/#breadcrumb"},"inLanguage":"es","potentialAction":[{"@type":"ReadAction","target":["https:\/\/www.cgfmanet.org\/es\/ifma-es\/iv-encuentro-mundial-iss-fma-en-filipinas\/"]}]},{"@type":"ImageObject","inLanguage":"es","@id":"https:\/\/www.cgfmanet.org\/es\/ifma-es\/iv-encuentro-mundial-iss-fma-en-filipinas\/#primaryimage","url":"https:\/\/www.cgfmanet.org\/wp-content\/uploads\/2026\/03\/4\u00b0-Incontro-mondiale-ISS-FMA-Filippine.jpg","contentUrl":"https:\/\/www.cgfmanet.org\/wp-content\/uploads\/2026\/03\/4\u00b0-Incontro-mondiale-ISS-FMA-Filippine.jpg","width":1200,"height":800},{"@type":"BreadcrumbList","@id":"https:\/\/www.cgfmanet.org\/es\/ifma-es\/iv-encuentro-mundial-iss-fma-en-filipinas\/#breadcrumb","itemListElement":[{"@type":"ListItem","position":1,"name":"Home","item":"https:\/\/www.cgfmanet.org\/es\/"},{"@type":"ListItem","position":2,"name":"IV Encuentro Mundial ISS-FMA en Filipinas"}]},{"@type":"WebSite","@id":"https:\/\/www.cgfmanet.org\/es\/#website","url":"https:\/\/www.cgfmanet.org\/es\/","name":"Istituto Figlie di Maria Ausiliatrice","description":"Salesiane di Don Bosco","publisher":{"@id":"https:\/\/www.cgfmanet.org\/es\/#organization"},"potentialAction":[{"@type":"SearchAction","target":{"@type":"EntryPoint","urlTemplate":"https:\/\/www.cgfmanet.org\/es\/?s={search_term_string}"},"query-input":{"@type":"PropertyValueSpecification","valueRequired":true,"valueName":"search_term_string"}}],"inLanguage":"es"},{"@type":"Organization","@id":"https:\/\/www.cgfmanet.org\/es\/#organization","name":"Istituto Figlie di Maria Ausiliatrice","url":"https:\/\/www.cgfmanet.org\/es\/","logo":{"@type":"ImageObject","inLanguage":"es","@id":"https:\/\/www.cgfmanet.org\/es\/#\/schema\/logo\/image\/","url":"https:\/\/www.cgfmanet.org\/wp-content\/uploads\/2018\/10\/logo-fma.png","contentUrl":"https:\/\/www.cgfmanet.org\/wp-content\/uploads\/2018\/10\/logo-fma.png","width":214,"height":55,"caption":"Istituto Figlie di Maria Ausiliatrice"},"image":{"@id":"https:\/\/www.cgfmanet.org\/es\/#\/schema\/logo\/image\/"},"sameAs":["https:\/\/www.facebook.com\/salesian.sisters.of.don.bosco\/","https:\/\/x.com\/Cgfmanet_Org","https:\/\/www.youtube.com\/channel\/UCmcr8yFQBV7JXeXVxyV9y5Q"]},{"@type":"Person","@id":"https:\/\/www.cgfmanet.org\/es\/#\/schema\/person\/ce6473083f53ef0ef882cca23f0c8fb9","name":"Redazione"}]}},"_links":{"self":[{"href":"https:\/\/www.cgfmanet.org\/es\/wp-json\/wp\/v2\/posts\/154872","targetHints":{"allow":["GET"]}}],"collection":[{"href":"https:\/\/www.cgfmanet.org\/es\/wp-json\/wp\/v2\/posts"}],"about":[{"href":"https:\/\/www.cgfmanet.org\/es\/wp-json\/wp\/v2\/types\/post"}],"author":[{"embeddable":true,"href":"https:\/\/www.cgfmanet.org\/es\/wp-json\/wp\/v2\/users\/21"}],"replies":[{"embeddable":true,"href":"https:\/\/www.cgfmanet.org\/es\/wp-json\/wp\/v2\/comments?post=154872"}],"version-history":[{"count":2,"href":"https:\/\/www.cgfmanet.org\/es\/wp-json\/wp\/v2\/posts\/154872\/revisions"}],"predecessor-version":[{"id":154895,"href":"https:\/\/www.cgfmanet.org\/es\/wp-json\/wp\/v2\/posts\/154872\/revisions\/154895"}],"wp:featuredmedia":[{"embeddable":true,"href":"https:\/\/www.cgfmanet.org\/es\/wp-json\/wp\/v2\/media\/154867"}],"wp:attachment":[{"href":"https:\/\/www.cgfmanet.org\/es\/wp-json\/wp\/v2\/media?parent=154872"}],"wp:term":[{"taxonomy":"category","embeddable":true,"href":"https:\/\/www.cgfmanet.org\/es\/wp-json\/wp\/v2\/categories?post=154872"},{"taxonomy":"post_tag","embeddable":true,"href":"https:\/\/www.cgfmanet.org\/es\/wp-json\/wp\/v2\/tags?post=154872"}],"curies":[{"name":"wp","href":"https:\/\/api.w.org\/{rel}","templated":true}]}}