{"id":154788,"date":"2026-03-14T15:02:18","date_gmt":"2026-03-14T14:02:18","guid":{"rendered":"https:\/\/www.cgfmanet.org\/infoesfera\/dma-n-1-del-2026-su-santa-maria-troncatti\/"},"modified":"2026-03-14T16:42:42","modified_gmt":"2026-03-14T15:42:42","slug":"dma-n-1-del-2026-sobre-santa-maria-troncatti","status":"publish","type":"post","link":"https:\/\/www.cgfmanet.org\/es\/ifma-es\/carisma-salesiano-es\/dma-n-1-del-2026-sobre-santa-maria-troncatti\/","title":{"rendered":"DMA n.\u00b0 1 del 2026 sobre Santa Mar\u00eda Troncatti"},"content":{"rendered":"<p><strong>Roma (Italia).<\/strong> Se ha publicado el primer n\u00famero de la revista Da Mihi Animas (DMA) del a\u00f1o 2026, que se abre con un especial sobre Santa Mar\u00eda Troncatti, para mantener vivos el recuerdo, las emociones, las im\u00e1genes y los recursos del gran evento de Iglesia y de Instituto vivido el <strong>19 de octubre de 2025<\/strong>: la <strong><span style=\"color: #0000ff;\"><a style=\"color: #0000ff;\" href=\"https:\/\/www.cgfmanet.org\/es\/infoesfera\/sor-maria-troncatti-es-santa\/\" target=\"_blank\" rel=\"noopener\">Caanonizaci\u00f3n<\/a><\/span> <\/strong><strong>de esta Hija de Mar\u00eda Auxiliadora misionera<\/strong>, la primera en ser proclamada santa despu\u00e9s de la Cofundadora, Santa Mar\u00eda Dominga Mazzarello.<\/p>\n<p><strong>\u201cNuevos mapas para la misi\u00f3n\u201d<\/strong> es el tema que guiar\u00e1 la reflexi\u00f3n de la revista DMA durante todo el a\u00f1o, en sinton\u00eda con el camino hacia la celebraci\u00f3n de otro gran aniversario para el Instituto: : el <strong><span style=\"color: #0000ff;\"><a style=\"color: #0000ff;\" href=\"https:\/\/www.cgfmanet.org\/es\/ifma-es\/hacia-el-150o-aniversario-de-la-1a-expedicion-misionera-fma\/\" target=\"_blank\" rel=\"noopener\">150\u00b0 aniversari<\/a><\/span><span style=\"color: #0000ff;\"><a style=\"color: #0000ff;\" href=\"https:\/\/www.cgfmanet.org\/es\/ifma-es\/hacia-el-150o-aniversario-de-la-1a-expedicion-misionera-fma\/\" target=\"_blank\" rel=\"noopener\">o<\/a><\/span> <\/strong><strong>de la primera expedici\u00f3n misionera de las FMA<\/strong>. Este primer n\u00famero est\u00e1, por tanto, dedicado a Santa Mar\u00eda Troncatti, Madre, Misionera, Artesana de paz y reconciliaci\u00f3n: una mujer que abri\u00f3 v\u00edas in\u00e9ditas, trazando mapas y recorridos nuevos para la evangelizaci\u00f3n, acompa\u00f1ando a la Iglesia en territorios humanos y culturales entonces desconocidos.<\/p>\n<p>En el editorial del 1er n\u00famero, <strong>sor Maria Ausilia De Siena, Consejera para la Comunicaci\u00f3n del Instituto FMA<\/strong>, introduce as\u00ed el tema del a\u00f1o:<\/p>\n<p>Hoy, en un mundo atravesado por cambios r\u00e1pidos, pluralismo cultural y movilidad global, el mandato misionero de Jes\u00fas &#8211; <em>\u00a1Como el Padre me ha enviado, as\u00ed tambi\u00e9n os env\u00edo yo!<\/em> (Jn 20,21) &#8211; contin\u00faa orientando a los disc\u00edpulos, pero pide ser encarnado en una perspectiva m\u00e1s amplia y renovada, capaz de leer el presente con mirada atenta. Ya no son las coordenadas geogr\u00e1ficas las que definen los mapas de la misi\u00f3n, sino esos espacios, f\u00edsicos y digitales, donde personas y culturas se encuentran, donde los j\u00f3venes buscan sentido, donde la dignidad humana es herida o amenazada.<\/p>\n<p>La misi\u00f3n salesiana interpreta este mandato con un estilo propio: evangelizar educando y educar evangelizando. En la tradici\u00f3n de Don Bosco, la misi\u00f3n se expresa sobre todo en la <strong>presencia educativa<\/strong>, en el cuidado de los j\u00f3venes \u2013 especialmente los m\u00e1s pobres y abandonados \u2013 y en la creaci\u00f3n de ambientes en los que puedan crecer en su dignidad. Es un camino compartido con los j\u00f3venes dentro de la complejidad del mundo contempor\u00e1neo: una misi\u00f3n que escucha, construye puentes y contin\u00faa encarnando el carisma de Don Bosco y de Madre Mazzarello en los diversos contextos en constante transformaci\u00f3n.<\/p>\n<p>Esta perspectiva permite a misioneras y misioneros salesianos insertarse en el tejido social y cultural de los lugares donde operan, valorando lo que ya existe y colaborando con las realidades locales para promover el bien de los j\u00f3venes y de las comunidades. De este modo, el amor de Dios se hace visible en las diversas culturas y en los desaf\u00edos de nuestro tiempo.<\/p>\n<p><strong>Los contenidos de la revista contin\u00faan enriqueci\u00e9ndose con profundizaciones multimedia, disponibles en el sitio <\/strong><strong><span style=\"color: #0000ff;\"><a style=\"color: #0000ff;\" href=\"https:\/\/www.rivistadma.org\/\" target=\"_blank\" rel=\"noopener\">www.rivistadma.org<\/a><\/span><\/strong>, donde tambi\u00e9n es posible descargar en formato digital los n\u00fameros de la revista, disponible en siete idiomas.<\/p>\n<p>Todos los n\u00fameros de la revista \u2013 publicados desde 2006 hasta hoy \u2013 pueden consultarse en el Archivo del sitio, en sus respectivas <span style=\"color: #0000ff;\"><a style=\"color: #0000ff;\" href=\"https:\/\/www.rivistadma.org\/category\/traduzioni\/\" target=\"_blank\" rel=\"noopener\"><strong>Traducciones<\/strong><\/a><\/span><strong>.<\/strong><\/p>\n<h3 style=\"text-align: center;\"><span style=\"color: #ff6600;\"><strong>\u00a1Buena lectura!<\/strong><\/span><\/h3>\n","protected":false},"excerpt":{"rendered":"<p>Roma (Italia). Se ha publicado el primer n\u00famero de la revista Da Mihi Animas (DMA) del a\u00f1o 2026, que se abre con un especial sobre Santa Mar\u00eda Troncatti, para mantener [&hellip;]<\/p>\n","protected":false},"author":21,"featured_media":154783,"comment_status":"open","ping_status":"closed","sticky":false,"template":"","format":"standard","meta":{"footnotes":""},"categories":[167,158],"tags":[1640,1669,1792,1931,2459,2464],"class_list":["post-154788","post","type-post","status-publish","format-standard","has-post-thumbnail","category-carisma-salesiano-es","category-ifma-es","tag-maria-troncatti-es","tag-spiritualita-salesiana-es","tag-espiritu-misionero","tag-focus-es","tag-dma-es","tag-150-misiones-fma"],"yoast_head":"<!-- This site is optimized with the Yoast SEO plugin v27.4 - https:\/\/yoast.com\/product\/yoast-seo-wordpress\/ -->\n<title>DMA n.\u00b0 1 del 2026 sobre Santa Mar\u00eda Troncatti &#8226; Istituto Figlie di Maria Ausiliatrice<\/title>\n<meta name=\"description\" content=\"El primer n\u00famero de la revista Da Mihi Animas del a\u00f1o 2026 es un especial sobre Santa Mar\u00eda Troncatti, Madre, Misionera, Artesana de paz y de reconciliaci\u00f3n.\" \/>\n<meta name=\"robots\" content=\"index, follow, max-snippet:-1, max-image-preview:large, max-video-preview:-1\" \/>\n<link rel=\"canonical\" href=\"https:\/\/www.cgfmanet.org\/es\/ifma-es\/carisma-salesiano-es\/dma-n-1-del-2026-sobre-santa-maria-troncatti\/\" \/>\n<meta property=\"og:locale\" content=\"es_ES\" \/>\n<meta property=\"og:type\" content=\"article\" \/>\n<meta property=\"og:title\" content=\"DMA n.\u00b0 1 del 2026 sobre Santa Mar\u00eda Troncatti &#8226; Istituto Figlie di Maria Ausiliatrice\" \/>\n<meta property=\"og:description\" content=\"El primer n\u00famero de la revista Da Mihi Animas del a\u00f1o 2026 es un especial sobre Santa Mar\u00eda Troncatti, Madre, Misionera, Artesana de paz y de reconciliaci\u00f3n.\" \/>\n<meta property=\"og:url\" content=\"https:\/\/www.cgfmanet.org\/es\/ifma-es\/carisma-salesiano-es\/dma-n-1-del-2026-sobre-santa-maria-troncatti\/\" \/>\n<meta property=\"og:site_name\" content=\"Istituto Figlie di Maria Ausiliatrice\" \/>\n<meta property=\"article:publisher\" content=\"https:\/\/www.facebook.com\/salesian.sisters.of.don.bosco\/\" \/>\n<meta property=\"article:published_time\" content=\"2026-03-14T14:02:18+00:00\" \/>\n<meta property=\"article:modified_time\" content=\"2026-03-14T15:42:42+00:00\" \/>\n<meta property=\"og:image\" content=\"https:\/\/www.cgfmanet.org\/wp-content\/uploads\/2026\/03\/DMA01_2026.jpg\" \/>\n\t<meta property=\"og:image:width\" content=\"1200\" \/>\n\t<meta property=\"og:image:height\" content=\"800\" \/>\n\t<meta property=\"og:image:type\" content=\"image\/jpeg\" \/>\n<meta name=\"author\" content=\"Redazione\" \/>\n<meta name=\"twitter:card\" content=\"summary_large_image\" \/>\n<meta name=\"twitter:creator\" content=\"@Cgfmanet_Org\" \/>\n<meta name=\"twitter:site\" content=\"@Cgfmanet_Org\" \/>\n<meta name=\"twitter:label1\" content=\"Escrito por\" \/>\n\t<meta name=\"twitter:data1\" content=\"Redazione\" \/>\n\t<meta name=\"twitter:label2\" content=\"Tiempo de lectura\" \/>\n\t<meta name=\"twitter:data2\" content=\"3 minutos\" \/>\n<script type=\"application\/ld+json\" class=\"yoast-schema-graph\">{\"@context\":\"https:\\\/\\\/schema.org\",\"@graph\":[{\"@type\":\"Article\",\"@id\":\"https:\\\/\\\/www.cgfmanet.org\\\/es\\\/ifma-es\\\/carisma-salesiano-es\\\/dma-n-1-del-2026-sobre-santa-maria-troncatti\\\/#article\",\"isPartOf\":{\"@id\":\"https:\\\/\\\/www.cgfmanet.org\\\/es\\\/ifma-es\\\/carisma-salesiano-es\\\/dma-n-1-del-2026-sobre-santa-maria-troncatti\\\/\"},\"author\":{\"name\":\"Redazione\",\"@id\":\"https:\\\/\\\/www.cgfmanet.org\\\/es\\\/#\\\/schema\\\/person\\\/ce6473083f53ef0ef882cca23f0c8fb9\"},\"headline\":\"DMA n.\u00b0 1 del 2026 sobre Santa Mar\u00eda Troncatti\",\"datePublished\":\"2026-03-14T14:02:18+00:00\",\"dateModified\":\"2026-03-14T15:42:42+00:00\",\"mainEntityOfPage\":{\"@id\":\"https:\\\/\\\/www.cgfmanet.org\\\/es\\\/ifma-es\\\/carisma-salesiano-es\\\/dma-n-1-del-2026-sobre-santa-maria-troncatti\\\/\"},\"wordCount\":560,\"commentCount\":0,\"publisher\":{\"@id\":\"https:\\\/\\\/www.cgfmanet.org\\\/es\\\/#organization\"},\"image\":{\"@id\":\"https:\\\/\\\/www.cgfmanet.org\\\/es\\\/ifma-es\\\/carisma-salesiano-es\\\/dma-n-1-del-2026-sobre-santa-maria-troncatti\\\/#primaryimage\"},\"thumbnailUrl\":\"https:\\\/\\\/www.cgfmanet.org\\\/wp-content\\\/uploads\\\/2026\\\/03\\\/DMA01_2026.jpg\",\"keywords\":[\"Maria Troncatti\",\"Spiritualit\u00e0 Salesiana\",\"Esp\u00edritu misionero\",\"Focus\",\"DMA\",\"150\u00b0 Misiones FMA\"],\"articleSection\":[\"Carisma Salesiano\",\"IFMA\"],\"inLanguage\":\"es\",\"potentialAction\":[{\"@type\":\"CommentAction\",\"name\":\"Comment\",\"target\":[\"https:\\\/\\\/www.cgfmanet.org\\\/es\\\/ifma-es\\\/carisma-salesiano-es\\\/dma-n-1-del-2026-sobre-santa-maria-troncatti\\\/#respond\"]}]},{\"@type\":\"WebPage\",\"@id\":\"https:\\\/\\\/www.cgfmanet.org\\\/es\\\/ifma-es\\\/carisma-salesiano-es\\\/dma-n-1-del-2026-sobre-santa-maria-troncatti\\\/\",\"url\":\"https:\\\/\\\/www.cgfmanet.org\\\/es\\\/ifma-es\\\/carisma-salesiano-es\\\/dma-n-1-del-2026-sobre-santa-maria-troncatti\\\/\",\"name\":\"DMA n.\u00b0 1 del 2026 sobre Santa Mar\u00eda Troncatti &#8226; Istituto Figlie di Maria Ausiliatrice\",\"isPartOf\":{\"@id\":\"https:\\\/\\\/www.cgfmanet.org\\\/es\\\/#website\"},\"primaryImageOfPage\":{\"@id\":\"https:\\\/\\\/www.cgfmanet.org\\\/es\\\/ifma-es\\\/carisma-salesiano-es\\\/dma-n-1-del-2026-sobre-santa-maria-troncatti\\\/#primaryimage\"},\"image\":{\"@id\":\"https:\\\/\\\/www.cgfmanet.org\\\/es\\\/ifma-es\\\/carisma-salesiano-es\\\/dma-n-1-del-2026-sobre-santa-maria-troncatti\\\/#primaryimage\"},\"thumbnailUrl\":\"https:\\\/\\\/www.cgfmanet.org\\\/wp-content\\\/uploads\\\/2026\\\/03\\\/DMA01_2026.jpg\",\"datePublished\":\"2026-03-14T14:02:18+00:00\",\"dateModified\":\"2026-03-14T15:42:42+00:00\",\"description\":\"El primer n\u00famero de la revista Da Mihi Animas del a\u00f1o 2026 es un especial sobre Santa Mar\u00eda Troncatti, Madre, Misionera, Artesana de paz y de reconciliaci\u00f3n.\",\"breadcrumb\":{\"@id\":\"https:\\\/\\\/www.cgfmanet.org\\\/es\\\/ifma-es\\\/carisma-salesiano-es\\\/dma-n-1-del-2026-sobre-santa-maria-troncatti\\\/#breadcrumb\"},\"inLanguage\":\"es\",\"potentialAction\":[{\"@type\":\"ReadAction\",\"target\":[\"https:\\\/\\\/www.cgfmanet.org\\\/es\\\/ifma-es\\\/carisma-salesiano-es\\\/dma-n-1-del-2026-sobre-santa-maria-troncatti\\\/\"]}]},{\"@type\":\"ImageObject\",\"inLanguage\":\"es\",\"@id\":\"https:\\\/\\\/www.cgfmanet.org\\\/es\\\/ifma-es\\\/carisma-salesiano-es\\\/dma-n-1-del-2026-sobre-santa-maria-troncatti\\\/#primaryimage\",\"url\":\"https:\\\/\\\/www.cgfmanet.org\\\/wp-content\\\/uploads\\\/2026\\\/03\\\/DMA01_2026.jpg\",\"contentUrl\":\"https:\\\/\\\/www.cgfmanet.org\\\/wp-content\\\/uploads\\\/2026\\\/03\\\/DMA01_2026.jpg\",\"width\":1200,\"height\":800},{\"@type\":\"BreadcrumbList\",\"@id\":\"https:\\\/\\\/www.cgfmanet.org\\\/es\\\/ifma-es\\\/carisma-salesiano-es\\\/dma-n-1-del-2026-sobre-santa-maria-troncatti\\\/#breadcrumb\",\"itemListElement\":[{\"@type\":\"ListItem\",\"position\":1,\"name\":\"Home\",\"item\":\"https:\\\/\\\/www.cgfmanet.org\\\/es\\\/\"},{\"@type\":\"ListItem\",\"position\":2,\"name\":\"DMA n.\u00b0 1 del 2026 sobre Santa Mar\u00eda Troncatti\"}]},{\"@type\":\"WebSite\",\"@id\":\"https:\\\/\\\/www.cgfmanet.org\\\/es\\\/#website\",\"url\":\"https:\\\/\\\/www.cgfmanet.org\\\/es\\\/\",\"name\":\"Istituto Figlie di Maria Ausiliatrice\",\"description\":\"Salesiane di Don Bosco\",\"publisher\":{\"@id\":\"https:\\\/\\\/www.cgfmanet.org\\\/es\\\/#organization\"},\"potentialAction\":[{\"@type\":\"SearchAction\",\"target\":{\"@type\":\"EntryPoint\",\"urlTemplate\":\"https:\\\/\\\/www.cgfmanet.org\\\/es\\\/?s={search_term_string}\"},\"query-input\":{\"@type\":\"PropertyValueSpecification\",\"valueRequired\":true,\"valueName\":\"search_term_string\"}}],\"inLanguage\":\"es\"},{\"@type\":\"Organization\",\"@id\":\"https:\\\/\\\/www.cgfmanet.org\\\/es\\\/#organization\",\"name\":\"Istituto Figlie di Maria Ausiliatrice\",\"url\":\"https:\\\/\\\/www.cgfmanet.org\\\/es\\\/\",\"logo\":{\"@type\":\"ImageObject\",\"inLanguage\":\"es\",\"@id\":\"https:\\\/\\\/www.cgfmanet.org\\\/es\\\/#\\\/schema\\\/logo\\\/image\\\/\",\"url\":\"https:\\\/\\\/www.cgfmanet.org\\\/wp-content\\\/uploads\\\/2018\\\/10\\\/logo-fma.png\",\"contentUrl\":\"https:\\\/\\\/www.cgfmanet.org\\\/wp-content\\\/uploads\\\/2018\\\/10\\\/logo-fma.png\",\"width\":214,\"height\":55,\"caption\":\"Istituto Figlie di Maria Ausiliatrice\"},\"image\":{\"@id\":\"https:\\\/\\\/www.cgfmanet.org\\\/es\\\/#\\\/schema\\\/logo\\\/image\\\/\"},\"sameAs\":[\"https:\\\/\\\/www.facebook.com\\\/salesian.sisters.of.don.bosco\\\/\",\"https:\\\/\\\/x.com\\\/Cgfmanet_Org\",\"https:\\\/\\\/www.youtube.com\\\/channel\\\/UCmcr8yFQBV7JXeXVxyV9y5Q\"]},{\"@type\":\"Person\",\"@id\":\"https:\\\/\\\/www.cgfmanet.org\\\/es\\\/#\\\/schema\\\/person\\\/ce6473083f53ef0ef882cca23f0c8fb9\",\"name\":\"Redazione\"}]}<\/script>\n<!-- \/ Yoast SEO plugin. -->","yoast_head_json":{"title":"DMA n.\u00b0 1 del 2026 sobre Santa Mar\u00eda Troncatti &#8226; Istituto Figlie di Maria Ausiliatrice","description":"El primer n\u00famero de la revista Da Mihi Animas del a\u00f1o 2026 es un especial sobre Santa Mar\u00eda Troncatti, Madre, Misionera, Artesana de paz y de reconciliaci\u00f3n.","robots":{"index":"index","follow":"follow","max-snippet":"max-snippet:-1","max-image-preview":"max-image-preview:large","max-video-preview":"max-video-preview:-1"},"canonical":"https:\/\/www.cgfmanet.org\/es\/ifma-es\/carisma-salesiano-es\/dma-n-1-del-2026-sobre-santa-maria-troncatti\/","og_locale":"es_ES","og_type":"article","og_title":"DMA n.\u00b0 1 del 2026 sobre Santa Mar\u00eda Troncatti &#8226; Istituto Figlie di Maria Ausiliatrice","og_description":"El primer n\u00famero de la revista Da Mihi Animas del a\u00f1o 2026 es un especial sobre Santa Mar\u00eda Troncatti, Madre, Misionera, Artesana de paz y de reconciliaci\u00f3n.","og_url":"https:\/\/www.cgfmanet.org\/es\/ifma-es\/carisma-salesiano-es\/dma-n-1-del-2026-sobre-santa-maria-troncatti\/","og_site_name":"Istituto Figlie di Maria Ausiliatrice","article_publisher":"https:\/\/www.facebook.com\/salesian.sisters.of.don.bosco\/","article_published_time":"2026-03-14T14:02:18+00:00","article_modified_time":"2026-03-14T15:42:42+00:00","og_image":[{"width":1200,"height":800,"url":"https:\/\/www.cgfmanet.org\/wp-content\/uploads\/2026\/03\/DMA01_2026.jpg","type":"image\/jpeg"}],"author":"Redazione","twitter_card":"summary_large_image","twitter_creator":"@Cgfmanet_Org","twitter_site":"@Cgfmanet_Org","twitter_misc":{"Escrito por":"Redazione","Tiempo de lectura":"3 minutos"},"schema":{"@context":"https:\/\/schema.org","@graph":[{"@type":"Article","@id":"https:\/\/www.cgfmanet.org\/es\/ifma-es\/carisma-salesiano-es\/dma-n-1-del-2026-sobre-santa-maria-troncatti\/#article","isPartOf":{"@id":"https:\/\/www.cgfmanet.org\/es\/ifma-es\/carisma-salesiano-es\/dma-n-1-del-2026-sobre-santa-maria-troncatti\/"},"author":{"name":"Redazione","@id":"https:\/\/www.cgfmanet.org\/es\/#\/schema\/person\/ce6473083f53ef0ef882cca23f0c8fb9"},"headline":"DMA n.\u00b0 1 del 2026 sobre Santa Mar\u00eda Troncatti","datePublished":"2026-03-14T14:02:18+00:00","dateModified":"2026-03-14T15:42:42+00:00","mainEntityOfPage":{"@id":"https:\/\/www.cgfmanet.org\/es\/ifma-es\/carisma-salesiano-es\/dma-n-1-del-2026-sobre-santa-maria-troncatti\/"},"wordCount":560,"commentCount":0,"publisher":{"@id":"https:\/\/www.cgfmanet.org\/es\/#organization"},"image":{"@id":"https:\/\/www.cgfmanet.org\/es\/ifma-es\/carisma-salesiano-es\/dma-n-1-del-2026-sobre-santa-maria-troncatti\/#primaryimage"},"thumbnailUrl":"https:\/\/www.cgfmanet.org\/wp-content\/uploads\/2026\/03\/DMA01_2026.jpg","keywords":["Maria Troncatti","Spiritualit\u00e0 Salesiana","Esp\u00edritu misionero","Focus","DMA","150\u00b0 Misiones FMA"],"articleSection":["Carisma Salesiano","IFMA"],"inLanguage":"es","potentialAction":[{"@type":"CommentAction","name":"Comment","target":["https:\/\/www.cgfmanet.org\/es\/ifma-es\/carisma-salesiano-es\/dma-n-1-del-2026-sobre-santa-maria-troncatti\/#respond"]}]},{"@type":"WebPage","@id":"https:\/\/www.cgfmanet.org\/es\/ifma-es\/carisma-salesiano-es\/dma-n-1-del-2026-sobre-santa-maria-troncatti\/","url":"https:\/\/www.cgfmanet.org\/es\/ifma-es\/carisma-salesiano-es\/dma-n-1-del-2026-sobre-santa-maria-troncatti\/","name":"DMA n.\u00b0 1 del 2026 sobre Santa Mar\u00eda Troncatti &#8226; Istituto Figlie di Maria Ausiliatrice","isPartOf":{"@id":"https:\/\/www.cgfmanet.org\/es\/#website"},"primaryImageOfPage":{"@id":"https:\/\/www.cgfmanet.org\/es\/ifma-es\/carisma-salesiano-es\/dma-n-1-del-2026-sobre-santa-maria-troncatti\/#primaryimage"},"image":{"@id":"https:\/\/www.cgfmanet.org\/es\/ifma-es\/carisma-salesiano-es\/dma-n-1-del-2026-sobre-santa-maria-troncatti\/#primaryimage"},"thumbnailUrl":"https:\/\/www.cgfmanet.org\/wp-content\/uploads\/2026\/03\/DMA01_2026.jpg","datePublished":"2026-03-14T14:02:18+00:00","dateModified":"2026-03-14T15:42:42+00:00","description":"El primer n\u00famero de la revista Da Mihi Animas del a\u00f1o 2026 es un especial sobre Santa Mar\u00eda Troncatti, Madre, Misionera, Artesana de paz y de reconciliaci\u00f3n.","breadcrumb":{"@id":"https:\/\/www.cgfmanet.org\/es\/ifma-es\/carisma-salesiano-es\/dma-n-1-del-2026-sobre-santa-maria-troncatti\/#breadcrumb"},"inLanguage":"es","potentialAction":[{"@type":"ReadAction","target":["https:\/\/www.cgfmanet.org\/es\/ifma-es\/carisma-salesiano-es\/dma-n-1-del-2026-sobre-santa-maria-troncatti\/"]}]},{"@type":"ImageObject","inLanguage":"es","@id":"https:\/\/www.cgfmanet.org\/es\/ifma-es\/carisma-salesiano-es\/dma-n-1-del-2026-sobre-santa-maria-troncatti\/#primaryimage","url":"https:\/\/www.cgfmanet.org\/wp-content\/uploads\/2026\/03\/DMA01_2026.jpg","contentUrl":"https:\/\/www.cgfmanet.org\/wp-content\/uploads\/2026\/03\/DMA01_2026.jpg","width":1200,"height":800},{"@type":"BreadcrumbList","@id":"https:\/\/www.cgfmanet.org\/es\/ifma-es\/carisma-salesiano-es\/dma-n-1-del-2026-sobre-santa-maria-troncatti\/#breadcrumb","itemListElement":[{"@type":"ListItem","position":1,"name":"Home","item":"https:\/\/www.cgfmanet.org\/es\/"},{"@type":"ListItem","position":2,"name":"DMA n.\u00b0 1 del 2026 sobre Santa Mar\u00eda Troncatti"}]},{"@type":"WebSite","@id":"https:\/\/www.cgfmanet.org\/es\/#website","url":"https:\/\/www.cgfmanet.org\/es\/","name":"Istituto Figlie di Maria Ausiliatrice","description":"Salesiane di Don Bosco","publisher":{"@id":"https:\/\/www.cgfmanet.org\/es\/#organization"},"potentialAction":[{"@type":"SearchAction","target":{"@type":"EntryPoint","urlTemplate":"https:\/\/www.cgfmanet.org\/es\/?s={search_term_string}"},"query-input":{"@type":"PropertyValueSpecification","valueRequired":true,"valueName":"search_term_string"}}],"inLanguage":"es"},{"@type":"Organization","@id":"https:\/\/www.cgfmanet.org\/es\/#organization","name":"Istituto Figlie di Maria Ausiliatrice","url":"https:\/\/www.cgfmanet.org\/es\/","logo":{"@type":"ImageObject","inLanguage":"es","@id":"https:\/\/www.cgfmanet.org\/es\/#\/schema\/logo\/image\/","url":"https:\/\/www.cgfmanet.org\/wp-content\/uploads\/2018\/10\/logo-fma.png","contentUrl":"https:\/\/www.cgfmanet.org\/wp-content\/uploads\/2018\/10\/logo-fma.png","width":214,"height":55,"caption":"Istituto Figlie di Maria Ausiliatrice"},"image":{"@id":"https:\/\/www.cgfmanet.org\/es\/#\/schema\/logo\/image\/"},"sameAs":["https:\/\/www.facebook.com\/salesian.sisters.of.don.bosco\/","https:\/\/x.com\/Cgfmanet_Org","https:\/\/www.youtube.com\/channel\/UCmcr8yFQBV7JXeXVxyV9y5Q"]},{"@type":"Person","@id":"https:\/\/www.cgfmanet.org\/es\/#\/schema\/person\/ce6473083f53ef0ef882cca23f0c8fb9","name":"Redazione"}]}},"_links":{"self":[{"href":"https:\/\/www.cgfmanet.org\/es\/wp-json\/wp\/v2\/posts\/154788","targetHints":{"allow":["GET"]}}],"collection":[{"href":"https:\/\/www.cgfmanet.org\/es\/wp-json\/wp\/v2\/posts"}],"about":[{"href":"https:\/\/www.cgfmanet.org\/es\/wp-json\/wp\/v2\/types\/post"}],"author":[{"embeddable":true,"href":"https:\/\/www.cgfmanet.org\/es\/wp-json\/wp\/v2\/users\/21"}],"replies":[{"embeddable":true,"href":"https:\/\/www.cgfmanet.org\/es\/wp-json\/wp\/v2\/comments?post=154788"}],"version-history":[{"count":3,"href":"https:\/\/www.cgfmanet.org\/es\/wp-json\/wp\/v2\/posts\/154788\/revisions"}],"predecessor-version":[{"id":154884,"href":"https:\/\/www.cgfmanet.org\/es\/wp-json\/wp\/v2\/posts\/154788\/revisions\/154884"}],"wp:featuredmedia":[{"embeddable":true,"href":"https:\/\/www.cgfmanet.org\/es\/wp-json\/wp\/v2\/media\/154783"}],"wp:attachment":[{"href":"https:\/\/www.cgfmanet.org\/es\/wp-json\/wp\/v2\/media?parent=154788"}],"wp:term":[{"taxonomy":"category","embeddable":true,"href":"https:\/\/www.cgfmanet.org\/es\/wp-json\/wp\/v2\/categories?post=154788"},{"taxonomy":"post_tag","embeddable":true,"href":"https:\/\/www.cgfmanet.org\/es\/wp-json\/wp\/v2\/tags?post=154788"}],"curies":[{"name":"wp","href":"https:\/\/api.w.org\/{rel}","templated":true}]}}