{"id":154721,"date":"2026-03-11T22:22:12","date_gmt":"2026-03-11T21:22:12","guid":{"rendered":"https:\/\/www.cgfmanet.org\/infoesfera\/visita-di-madre-chiara-cazzuola-allispettoria-bre\/"},"modified":"2026-03-14T22:02:17","modified_gmt":"2026-03-14T21:02:17","slug":"visita-de-madre-chiara-cazzuola-a-la-inspectoria-bre","status":"publish","type":"post","link":"https:\/\/www.cgfmanet.org\/es\/ifma-es\/visita-de-madre-chiara-cazzuola-a-la-inspectoria-bre\/","title":{"rendered":"Visita de Madre Chiara Cazzuola a la Inspector\u00eda BRE"},"content":{"rendered":"<p><strong>Recife (Brasil). <\/strong>Del 22 de febrero al 8 de marzo de 2026, la Superiora General del Instituto de las Hijas de Mar\u00eda Auxiliadora, Madre Chiara Cazzuola, realiz\u00f3 una visita a la Inspector\u00eda Mar\u00eda Auxiliadora (BRE), que celebra el centenario de la presencia de las Hijas de Mar\u00eda Auxiliadora en el Noreste de Brasil. Durante este tiempo, visit\u00f3 las comunidades de Pernambuco, Bah\u00eda y Cear\u00e1.<\/p>\n<p>El 22 de febrero fue recibida con gran alegr\u00eda en Recife por la Inspectora, sor Maria Am\u00e9rico Rolim, y por las consejeras inspectoriales, las hermanas, los j\u00f3venes y los miembros de la Familia Salesiana. La ma\u00f1ana del primer d\u00eda particip\u00f3 en la celebraci\u00f3n eucar\u00edstica en la \u00abIglesia de las Fronteras\u00bb y despu\u00e9s visit\u00f3 el \u00abMemorial Dom H\u00e9lder C\u00e2mara\u00bb, punto de referencia de un itinerario de espiritualidad, memoria y compromiso en la misi\u00f3n evangelizadora en el Noreste.<\/p>\n<p>Posteriormente se traslad\u00f3 a Petrolina (PE), donde fue acogida calurosamente por las FMA, los representantes de la comunidad educativa y de la Familia Salesiana, al son de la m\u00fasica nororiental interpretada por la orquesta del CEMAM (Centro Mar\u00eda Auxiliadora para Menores), dirigido por las Hijas de Mar\u00eda Auxiliadora.<\/p>\n<p>El paso por Petrolina estuvo marcado por la celebraci\u00f3n de los 100 a\u00f1os de la llegada de las primeras FMA a la ciudad, con la fundaci\u00f3n de la Escuela Mar\u00eda Auxiliadora, definida como \u201cCatedral de la Educaci\u00f3n\u201d por el primer obispo, Mons. Ant\u00f4nio Maria Malan, Salesiano de Don Bosco. El evento reuni\u00f3 a las hermanas, las comunidades educativas, los benefactores y amigos de todas las casas de la Inspector\u00eda.<\/p>\n<p>Entre las numerosas actividades celebrativas, destac\u00f3 la plantaci\u00f3n del <em>jequitib\u00e1<\/em> \u2014una planta t\u00edpica de esta regi\u00f3n\u2014 por parte de la Madre, los ni\u00f1os de la Escuela Infantil y las hermanas de las diversas comunidades del Noreste, quienes contribuyeron aportando un poco de tierra de sus lugares de procedencia. Estas tierras se unieron en la plantaci\u00f3n del <em>jequitib\u00e1<\/em> \u2014s\u00edmbolo de resistencia y longevidad\u2014 como signo de esperanza y continuidad de la misi\u00f3n educativa que se abre al segundo centenario.<\/p>\n<p>La Madre particip\u00f3 activamente en todos los momentos del intenso programa de celebraciones del centenario, incluidos los momentos formativos para las hermanas, para el consejo inspectorial, las directoras y los j\u00f3venes de la regi\u00f3n, favoreciendo el di\u00e1logo, la escucha y el intercambio de los desaf\u00edos y las esperanzas de las comunidades FMA y de la misi\u00f3n educativo-pastoral en los diversos campos de misi\u00f3n de la Inspector\u00eda.<\/p>\n<p>Conoci\u00f3 la obra social CEMAM y la comunidad San Juan Bosco de Juazeiro (BA), donde pudo conocer un poco la realidad de la misi\u00f3n, exigente pero gratificante, en medio de la poblaci\u00f3n. All\u00ed visit\u00f3 una de las 27 comunidades rurales acompa\u00f1adas por las hermanas, percibiendo claramente el protagonismo de los laicos y de los j\u00f3venes en la misi\u00f3n evangelizadora.<\/p>\n<p>El programa tambi\u00e9n incluy\u00f3 momentos de convivencia con las hermanas y los diversos grupos de la Familia Salesiana, como un encuentro fraterno que tuvo lugar en un barco que navegaba por las aguas del r\u00edo San Francisco, ofreciendo la oportunidad de visitar una de las bodegas de la regi\u00f3n.<\/p>\n<p>La segunda etapa de su itinerario fue Juazeiro do Norte (CE), donde visit\u00f3 los lugares de peregrinaci\u00f3n de la obra de los Salesianos de Don Bosco, empezando por el Santuario del Bom Jesus do Horto, lugar significativo de fe y devoci\u00f3n popular, obra iniciada por el siervo de Dios Padre C\u00edcero Rom\u00e3o Batista, quien dej\u00f3 un legado de fe y evangelizaci\u00f3n a la poblaci\u00f3n de aquella regi\u00f3n. Los salesianos acogieron a Madre Chiara con gran fraternidad y expresaron su profunda gratitud por su visita \u2014la primera Madre General de las FMA que llega a esta tierra\u2014, reconociendo en ella la presencia misma de Madre Mazzarello.<\/p>\n<p>De regreso a Recife (PE), la Madre se encontr\u00f3 con los colaboradores laicos de la sede inspectorial y con la comunidad Madre Rosetta Marchese, una de las casas de las hermanas ancianas de la Inspector\u00eda. Un momento significativo fue el encuentro con los j\u00f3venes del ODIP (Obra de Defensa de la Infancia Pobre) y de las escuelas de Gravat\u00e1 y Recife. Tambi\u00e9n se reuni\u00f3 con las juniores y les habl\u00f3 inspir\u00e1ndose en la Carta 43, escrita por Madre Mazzarello a sor Laura Rodr\u00edguez el 9 de julio de 1880. Fue un momento rico en escucha, reflexi\u00f3n e intercambio.<\/p>\n<p>La visita incluy\u00f3 tambi\u00e9n un tiempo de fraternidad y de celebraci\u00f3n con los Salesianos de Don Bosco y los formandos en la Bas\u00edlica de Mar\u00eda Auxiliadora en Jaboat\u00e3o dos Guararapes (PE), reforzando los lazos de comuni\u00f3n entre las dos ramas de la Familia Salesiana. En sus palabras, la Madre subray\u00f3: \u201cNo es que uno excluya al otro&#8230; Si leemos bien, tanto en las Memorias Biogr\u00e1ficas como en la Cronohistoria, vemos la mano de Dios en estas fundaciones, donde el carisma se expresa de modo masculino y femenino. Un grupo no excluye al otro; al contrario, est\u00e1n unidos y se complementan mutuamente\u201d.<\/p>\n<p>La \u00faltima etapa de la visita fue Fortaleza (CE), donde se encontr\u00f3 con las hermanas de la comunidad Mar\u00eda Teresa Ambrogio. All\u00ed dedic\u00f3 tiempo al di\u00e1logo y a la escucha de las hermanas, y dirigi\u00f3 unas palabras a los colaboradores laicos que trabajan en esta casa, que concentra un n\u00famero significativo de FMA ancianas y enfermas. Madre Chiara tambi\u00e9n visit\u00f3 la obra social Centro Juvenil Don Bosco, donde se encontr\u00f3 con ni\u00f1os, adolescentes y educadores.<\/p>\n<p>De especial relevancia fueron los momentos vividos con la Familia Salesiana y un gran encuentro con los j\u00f3venes de siete unidades educativas (FMA y SDB), en el Colegio Juvenal de Carvalho.<\/p>\n<p><strong>Fotograf\u00edas: <span style=\"color: #0000ff;\"><a style=\"color: #0000ff;\" href=\"https:\/\/www.flickr.com\/photos\/137890103@N08\/albums\/72177720332505689\" target=\"_blank\" rel=\"noopener\">Flickr FMA<\/a><\/span><\/strong><\/p>\n","protected":false},"excerpt":{"rendered":"<p>Recife (Brasil). Del 22 de febrero al 8 de marzo de 2026, la Superiora General del Instituto de las Hijas de Mar\u00eda Auxiliadora, Madre Chiara Cazzuola, realiz\u00f3 una visita a [&hellip;]<\/p>\n","protected":false},"author":21,"featured_media":154715,"comment_status":"open","ping_status":"closed","sticky":false,"template":"","format":"standard","meta":{"footnotes":""},"categories":[158,186],"tags":[227,371,993,1670,1931,2283,2379],"class_list":["post-154721","post","type-post","status-publish","format-standard","has-post-thumbnail","category-ifma-es","category-presencia-obras","tag-brasil","tag-madre-general","tag-bre-es","tag-carisma-salesiano-es","tag-focus-es","tag-ifma-es","tag-madre-chiara-cazzuola-es"],"yoast_head":"<!-- This site is optimized with the Yoast SEO plugin v27.4 - https:\/\/yoast.com\/product\/yoast-seo-wordpress\/ -->\n<title>Visita de Madre Chiara Cazzuola a la Inspector\u00eda BRE &#8226; Istituto Figlie di Maria Ausiliatrice<\/title>\n<meta name=\"description\" content=\"Del 22 de febrero al 8 de marzo de 2026, Madre Chiara Cazzuola visit\u00f3 la Inspector\u00eda \u201cMar\u00eda Auxiliadora\u201d (BRE) con ocasi\u00f3n del Centenario de presencia de las FMA en el Noreste de Brasil.\" \/>\n<meta name=\"robots\" content=\"index, follow, max-snippet:-1, max-image-preview:large, max-video-preview:-1\" \/>\n<link rel=\"canonical\" href=\"https:\/\/www.cgfmanet.org\/es\/ifma-es\/visita-de-madre-chiara-cazzuola-a-la-inspectoria-bre\/\" \/>\n<meta property=\"og:locale\" content=\"es_ES\" \/>\n<meta property=\"og:type\" content=\"article\" \/>\n<meta property=\"og:title\" content=\"Visita de Madre Chiara Cazzuola a la Inspector\u00eda BRE &#8226; Istituto Figlie di Maria Ausiliatrice\" \/>\n<meta property=\"og:description\" content=\"Del 22 de febrero al 8 de marzo de 2026, Madre Chiara Cazzuola visit\u00f3 la Inspector\u00eda \u201cMar\u00eda Auxiliadora\u201d (BRE) con ocasi\u00f3n del Centenario de presencia de las FMA en el Noreste de Brasil.\" \/>\n<meta property=\"og:url\" content=\"https:\/\/www.cgfmanet.org\/es\/ifma-es\/visita-de-madre-chiara-cazzuola-a-la-inspectoria-bre\/\" \/>\n<meta property=\"og:site_name\" content=\"Istituto Figlie di Maria Ausiliatrice\" \/>\n<meta property=\"article:publisher\" content=\"https:\/\/www.facebook.com\/salesian.sisters.of.don.bosco\/\" \/>\n<meta property=\"article:published_time\" content=\"2026-03-11T21:22:12+00:00\" \/>\n<meta property=\"article:modified_time\" content=\"2026-03-14T21:02:17+00:00\" \/>\n<meta property=\"og:image\" content=\"https:\/\/www.cgfmanet.org\/wp-content\/uploads\/2026\/03\/Visita-Madre_BRE.jpg\" \/>\n\t<meta property=\"og:image:width\" content=\"1181\" \/>\n\t<meta property=\"og:image:height\" content=\"787\" \/>\n\t<meta property=\"og:image:type\" content=\"image\/jpeg\" \/>\n<meta name=\"author\" content=\"Redazione\" \/>\n<meta name=\"twitter:card\" content=\"summary_large_image\" \/>\n<meta name=\"twitter:creator\" content=\"@Cgfmanet_Org\" \/>\n<meta name=\"twitter:site\" content=\"@Cgfmanet_Org\" \/>\n<meta name=\"twitter:label1\" content=\"Escrito por\" \/>\n\t<meta name=\"twitter:data1\" content=\"Redazione\" \/>\n\t<meta name=\"twitter:label2\" content=\"Tiempo de lectura\" \/>\n\t<meta name=\"twitter:data2\" content=\"6 minutos\" \/>\n<script type=\"application\/ld+json\" class=\"yoast-schema-graph\">{\"@context\":\"https:\\\/\\\/schema.org\",\"@graph\":[{\"@type\":\"Article\",\"@id\":\"https:\\\/\\\/www.cgfmanet.org\\\/es\\\/ifma-es\\\/visita-de-madre-chiara-cazzuola-a-la-inspectoria-bre\\\/#article\",\"isPartOf\":{\"@id\":\"https:\\\/\\\/www.cgfmanet.org\\\/es\\\/ifma-es\\\/visita-de-madre-chiara-cazzuola-a-la-inspectoria-bre\\\/\"},\"author\":{\"name\":\"Redazione\",\"@id\":\"https:\\\/\\\/www.cgfmanet.org\\\/es\\\/#\\\/schema\\\/person\\\/ce6473083f53ef0ef882cca23f0c8fb9\"},\"headline\":\"Visita de Madre Chiara Cazzuola a la Inspector\u00eda BRE\",\"datePublished\":\"2026-03-11T21:22:12+00:00\",\"dateModified\":\"2026-03-14T21:02:17+00:00\",\"mainEntityOfPage\":{\"@id\":\"https:\\\/\\\/www.cgfmanet.org\\\/es\\\/ifma-es\\\/visita-de-madre-chiara-cazzuola-a-la-inspectoria-bre\\\/\"},\"wordCount\":999,\"commentCount\":0,\"publisher\":{\"@id\":\"https:\\\/\\\/www.cgfmanet.org\\\/es\\\/#organization\"},\"image\":{\"@id\":\"https:\\\/\\\/www.cgfmanet.org\\\/es\\\/ifma-es\\\/visita-de-madre-chiara-cazzuola-a-la-inspectoria-bre\\\/#primaryimage\"},\"thumbnailUrl\":\"https:\\\/\\\/www.cgfmanet.org\\\/wp-content\\\/uploads\\\/2026\\\/03\\\/Visita-Madre_BRE.jpg\",\"keywords\":[\"Brasil\",\"Madre General\",\"BRE\",\"Carisma salesiano\",\"Focus\",\"IFMA\",\"Madre Chiara Cazzuola\"],\"articleSection\":[\"IFMA\",\"Presencia y Obras\"],\"inLanguage\":\"es\",\"potentialAction\":[{\"@type\":\"CommentAction\",\"name\":\"Comment\",\"target\":[\"https:\\\/\\\/www.cgfmanet.org\\\/es\\\/ifma-es\\\/visita-de-madre-chiara-cazzuola-a-la-inspectoria-bre\\\/#respond\"]}]},{\"@type\":\"WebPage\",\"@id\":\"https:\\\/\\\/www.cgfmanet.org\\\/es\\\/ifma-es\\\/visita-de-madre-chiara-cazzuola-a-la-inspectoria-bre\\\/\",\"url\":\"https:\\\/\\\/www.cgfmanet.org\\\/es\\\/ifma-es\\\/visita-de-madre-chiara-cazzuola-a-la-inspectoria-bre\\\/\",\"name\":\"Visita de Madre Chiara Cazzuola a la Inspector\u00eda BRE &#8226; Istituto Figlie di Maria Ausiliatrice\",\"isPartOf\":{\"@id\":\"https:\\\/\\\/www.cgfmanet.org\\\/es\\\/#website\"},\"primaryImageOfPage\":{\"@id\":\"https:\\\/\\\/www.cgfmanet.org\\\/es\\\/ifma-es\\\/visita-de-madre-chiara-cazzuola-a-la-inspectoria-bre\\\/#primaryimage\"},\"image\":{\"@id\":\"https:\\\/\\\/www.cgfmanet.org\\\/es\\\/ifma-es\\\/visita-de-madre-chiara-cazzuola-a-la-inspectoria-bre\\\/#primaryimage\"},\"thumbnailUrl\":\"https:\\\/\\\/www.cgfmanet.org\\\/wp-content\\\/uploads\\\/2026\\\/03\\\/Visita-Madre_BRE.jpg\",\"datePublished\":\"2026-03-11T21:22:12+00:00\",\"dateModified\":\"2026-03-14T21:02:17+00:00\",\"description\":\"Del 22 de febrero al 8 de marzo de 2026, Madre Chiara Cazzuola visit\u00f3 la Inspector\u00eda \u201cMar\u00eda Auxiliadora\u201d (BRE) con ocasi\u00f3n del Centenario de presencia de las FMA en el Noreste de Brasil.\",\"breadcrumb\":{\"@id\":\"https:\\\/\\\/www.cgfmanet.org\\\/es\\\/ifma-es\\\/visita-de-madre-chiara-cazzuola-a-la-inspectoria-bre\\\/#breadcrumb\"},\"inLanguage\":\"es\",\"potentialAction\":[{\"@type\":\"ReadAction\",\"target\":[\"https:\\\/\\\/www.cgfmanet.org\\\/es\\\/ifma-es\\\/visita-de-madre-chiara-cazzuola-a-la-inspectoria-bre\\\/\"]}]},{\"@type\":\"ImageObject\",\"inLanguage\":\"es\",\"@id\":\"https:\\\/\\\/www.cgfmanet.org\\\/es\\\/ifma-es\\\/visita-de-madre-chiara-cazzuola-a-la-inspectoria-bre\\\/#primaryimage\",\"url\":\"https:\\\/\\\/www.cgfmanet.org\\\/wp-content\\\/uploads\\\/2026\\\/03\\\/Visita-Madre_BRE.jpg\",\"contentUrl\":\"https:\\\/\\\/www.cgfmanet.org\\\/wp-content\\\/uploads\\\/2026\\\/03\\\/Visita-Madre_BRE.jpg\",\"width\":1181,\"height\":787},{\"@type\":\"BreadcrumbList\",\"@id\":\"https:\\\/\\\/www.cgfmanet.org\\\/es\\\/ifma-es\\\/visita-de-madre-chiara-cazzuola-a-la-inspectoria-bre\\\/#breadcrumb\",\"itemListElement\":[{\"@type\":\"ListItem\",\"position\":1,\"name\":\"Home\",\"item\":\"https:\\\/\\\/www.cgfmanet.org\\\/es\\\/\"},{\"@type\":\"ListItem\",\"position\":2,\"name\":\"Visita de Madre Chiara Cazzuola a la Inspector\u00eda BRE\"}]},{\"@type\":\"WebSite\",\"@id\":\"https:\\\/\\\/www.cgfmanet.org\\\/es\\\/#website\",\"url\":\"https:\\\/\\\/www.cgfmanet.org\\\/es\\\/\",\"name\":\"Istituto Figlie di Maria Ausiliatrice\",\"description\":\"Salesiane di Don Bosco\",\"publisher\":{\"@id\":\"https:\\\/\\\/www.cgfmanet.org\\\/es\\\/#organization\"},\"potentialAction\":[{\"@type\":\"SearchAction\",\"target\":{\"@type\":\"EntryPoint\",\"urlTemplate\":\"https:\\\/\\\/www.cgfmanet.org\\\/es\\\/?s={search_term_string}\"},\"query-input\":{\"@type\":\"PropertyValueSpecification\",\"valueRequired\":true,\"valueName\":\"search_term_string\"}}],\"inLanguage\":\"es\"},{\"@type\":\"Organization\",\"@id\":\"https:\\\/\\\/www.cgfmanet.org\\\/es\\\/#organization\",\"name\":\"Istituto Figlie di Maria Ausiliatrice\",\"url\":\"https:\\\/\\\/www.cgfmanet.org\\\/es\\\/\",\"logo\":{\"@type\":\"ImageObject\",\"inLanguage\":\"es\",\"@id\":\"https:\\\/\\\/www.cgfmanet.org\\\/es\\\/#\\\/schema\\\/logo\\\/image\\\/\",\"url\":\"https:\\\/\\\/www.cgfmanet.org\\\/wp-content\\\/uploads\\\/2018\\\/10\\\/logo-fma.png\",\"contentUrl\":\"https:\\\/\\\/www.cgfmanet.org\\\/wp-content\\\/uploads\\\/2018\\\/10\\\/logo-fma.png\",\"width\":214,\"height\":55,\"caption\":\"Istituto Figlie di Maria Ausiliatrice\"},\"image\":{\"@id\":\"https:\\\/\\\/www.cgfmanet.org\\\/es\\\/#\\\/schema\\\/logo\\\/image\\\/\"},\"sameAs\":[\"https:\\\/\\\/www.facebook.com\\\/salesian.sisters.of.don.bosco\\\/\",\"https:\\\/\\\/x.com\\\/Cgfmanet_Org\",\"https:\\\/\\\/www.youtube.com\\\/channel\\\/UCmcr8yFQBV7JXeXVxyV9y5Q\"]},{\"@type\":\"Person\",\"@id\":\"https:\\\/\\\/www.cgfmanet.org\\\/es\\\/#\\\/schema\\\/person\\\/ce6473083f53ef0ef882cca23f0c8fb9\",\"name\":\"Redazione\"}]}<\/script>\n<!-- \/ Yoast SEO plugin. -->","yoast_head_json":{"title":"Visita de Madre Chiara Cazzuola a la Inspector\u00eda BRE &#8226; Istituto Figlie di Maria Ausiliatrice","description":"Del 22 de febrero al 8 de marzo de 2026, Madre Chiara Cazzuola visit\u00f3 la Inspector\u00eda \u201cMar\u00eda Auxiliadora\u201d (BRE) con ocasi\u00f3n del Centenario de presencia de las FMA en el Noreste de Brasil.","robots":{"index":"index","follow":"follow","max-snippet":"max-snippet:-1","max-image-preview":"max-image-preview:large","max-video-preview":"max-video-preview:-1"},"canonical":"https:\/\/www.cgfmanet.org\/es\/ifma-es\/visita-de-madre-chiara-cazzuola-a-la-inspectoria-bre\/","og_locale":"es_ES","og_type":"article","og_title":"Visita de Madre Chiara Cazzuola a la Inspector\u00eda BRE &#8226; Istituto Figlie di Maria Ausiliatrice","og_description":"Del 22 de febrero al 8 de marzo de 2026, Madre Chiara Cazzuola visit\u00f3 la Inspector\u00eda \u201cMar\u00eda Auxiliadora\u201d (BRE) con ocasi\u00f3n del Centenario de presencia de las FMA en el Noreste de Brasil.","og_url":"https:\/\/www.cgfmanet.org\/es\/ifma-es\/visita-de-madre-chiara-cazzuola-a-la-inspectoria-bre\/","og_site_name":"Istituto Figlie di Maria Ausiliatrice","article_publisher":"https:\/\/www.facebook.com\/salesian.sisters.of.don.bosco\/","article_published_time":"2026-03-11T21:22:12+00:00","article_modified_time":"2026-03-14T21:02:17+00:00","og_image":[{"width":1181,"height":787,"url":"https:\/\/www.cgfmanet.org\/wp-content\/uploads\/2026\/03\/Visita-Madre_BRE.jpg","type":"image\/jpeg"}],"author":"Redazione","twitter_card":"summary_large_image","twitter_creator":"@Cgfmanet_Org","twitter_site":"@Cgfmanet_Org","twitter_misc":{"Escrito por":"Redazione","Tiempo de lectura":"6 minutos"},"schema":{"@context":"https:\/\/schema.org","@graph":[{"@type":"Article","@id":"https:\/\/www.cgfmanet.org\/es\/ifma-es\/visita-de-madre-chiara-cazzuola-a-la-inspectoria-bre\/#article","isPartOf":{"@id":"https:\/\/www.cgfmanet.org\/es\/ifma-es\/visita-de-madre-chiara-cazzuola-a-la-inspectoria-bre\/"},"author":{"name":"Redazione","@id":"https:\/\/www.cgfmanet.org\/es\/#\/schema\/person\/ce6473083f53ef0ef882cca23f0c8fb9"},"headline":"Visita de Madre Chiara Cazzuola a la Inspector\u00eda BRE","datePublished":"2026-03-11T21:22:12+00:00","dateModified":"2026-03-14T21:02:17+00:00","mainEntityOfPage":{"@id":"https:\/\/www.cgfmanet.org\/es\/ifma-es\/visita-de-madre-chiara-cazzuola-a-la-inspectoria-bre\/"},"wordCount":999,"commentCount":0,"publisher":{"@id":"https:\/\/www.cgfmanet.org\/es\/#organization"},"image":{"@id":"https:\/\/www.cgfmanet.org\/es\/ifma-es\/visita-de-madre-chiara-cazzuola-a-la-inspectoria-bre\/#primaryimage"},"thumbnailUrl":"https:\/\/www.cgfmanet.org\/wp-content\/uploads\/2026\/03\/Visita-Madre_BRE.jpg","keywords":["Brasil","Madre General","BRE","Carisma salesiano","Focus","IFMA","Madre Chiara Cazzuola"],"articleSection":["IFMA","Presencia y Obras"],"inLanguage":"es","potentialAction":[{"@type":"CommentAction","name":"Comment","target":["https:\/\/www.cgfmanet.org\/es\/ifma-es\/visita-de-madre-chiara-cazzuola-a-la-inspectoria-bre\/#respond"]}]},{"@type":"WebPage","@id":"https:\/\/www.cgfmanet.org\/es\/ifma-es\/visita-de-madre-chiara-cazzuola-a-la-inspectoria-bre\/","url":"https:\/\/www.cgfmanet.org\/es\/ifma-es\/visita-de-madre-chiara-cazzuola-a-la-inspectoria-bre\/","name":"Visita de Madre Chiara Cazzuola a la Inspector\u00eda BRE &#8226; Istituto Figlie di Maria Ausiliatrice","isPartOf":{"@id":"https:\/\/www.cgfmanet.org\/es\/#website"},"primaryImageOfPage":{"@id":"https:\/\/www.cgfmanet.org\/es\/ifma-es\/visita-de-madre-chiara-cazzuola-a-la-inspectoria-bre\/#primaryimage"},"image":{"@id":"https:\/\/www.cgfmanet.org\/es\/ifma-es\/visita-de-madre-chiara-cazzuola-a-la-inspectoria-bre\/#primaryimage"},"thumbnailUrl":"https:\/\/www.cgfmanet.org\/wp-content\/uploads\/2026\/03\/Visita-Madre_BRE.jpg","datePublished":"2026-03-11T21:22:12+00:00","dateModified":"2026-03-14T21:02:17+00:00","description":"Del 22 de febrero al 8 de marzo de 2026, Madre Chiara Cazzuola visit\u00f3 la Inspector\u00eda \u201cMar\u00eda Auxiliadora\u201d (BRE) con ocasi\u00f3n del Centenario de presencia de las FMA en el Noreste de Brasil.","breadcrumb":{"@id":"https:\/\/www.cgfmanet.org\/es\/ifma-es\/visita-de-madre-chiara-cazzuola-a-la-inspectoria-bre\/#breadcrumb"},"inLanguage":"es","potentialAction":[{"@type":"ReadAction","target":["https:\/\/www.cgfmanet.org\/es\/ifma-es\/visita-de-madre-chiara-cazzuola-a-la-inspectoria-bre\/"]}]},{"@type":"ImageObject","inLanguage":"es","@id":"https:\/\/www.cgfmanet.org\/es\/ifma-es\/visita-de-madre-chiara-cazzuola-a-la-inspectoria-bre\/#primaryimage","url":"https:\/\/www.cgfmanet.org\/wp-content\/uploads\/2026\/03\/Visita-Madre_BRE.jpg","contentUrl":"https:\/\/www.cgfmanet.org\/wp-content\/uploads\/2026\/03\/Visita-Madre_BRE.jpg","width":1181,"height":787},{"@type":"BreadcrumbList","@id":"https:\/\/www.cgfmanet.org\/es\/ifma-es\/visita-de-madre-chiara-cazzuola-a-la-inspectoria-bre\/#breadcrumb","itemListElement":[{"@type":"ListItem","position":1,"name":"Home","item":"https:\/\/www.cgfmanet.org\/es\/"},{"@type":"ListItem","position":2,"name":"Visita de Madre Chiara Cazzuola a la Inspector\u00eda BRE"}]},{"@type":"WebSite","@id":"https:\/\/www.cgfmanet.org\/es\/#website","url":"https:\/\/www.cgfmanet.org\/es\/","name":"Istituto Figlie di Maria Ausiliatrice","description":"Salesiane di Don Bosco","publisher":{"@id":"https:\/\/www.cgfmanet.org\/es\/#organization"},"potentialAction":[{"@type":"SearchAction","target":{"@type":"EntryPoint","urlTemplate":"https:\/\/www.cgfmanet.org\/es\/?s={search_term_string}"},"query-input":{"@type":"PropertyValueSpecification","valueRequired":true,"valueName":"search_term_string"}}],"inLanguage":"es"},{"@type":"Organization","@id":"https:\/\/www.cgfmanet.org\/es\/#organization","name":"Istituto Figlie di Maria Ausiliatrice","url":"https:\/\/www.cgfmanet.org\/es\/","logo":{"@type":"ImageObject","inLanguage":"es","@id":"https:\/\/www.cgfmanet.org\/es\/#\/schema\/logo\/image\/","url":"https:\/\/www.cgfmanet.org\/wp-content\/uploads\/2018\/10\/logo-fma.png","contentUrl":"https:\/\/www.cgfmanet.org\/wp-content\/uploads\/2018\/10\/logo-fma.png","width":214,"height":55,"caption":"Istituto Figlie di Maria Ausiliatrice"},"image":{"@id":"https:\/\/www.cgfmanet.org\/es\/#\/schema\/logo\/image\/"},"sameAs":["https:\/\/www.facebook.com\/salesian.sisters.of.don.bosco\/","https:\/\/x.com\/Cgfmanet_Org","https:\/\/www.youtube.com\/channel\/UCmcr8yFQBV7JXeXVxyV9y5Q"]},{"@type":"Person","@id":"https:\/\/www.cgfmanet.org\/es\/#\/schema\/person\/ce6473083f53ef0ef882cca23f0c8fb9","name":"Redazione"}]}},"_links":{"self":[{"href":"https:\/\/www.cgfmanet.org\/es\/wp-json\/wp\/v2\/posts\/154721","targetHints":{"allow":["GET"]}}],"collection":[{"href":"https:\/\/www.cgfmanet.org\/es\/wp-json\/wp\/v2\/posts"}],"about":[{"href":"https:\/\/www.cgfmanet.org\/es\/wp-json\/wp\/v2\/types\/post"}],"author":[{"embeddable":true,"href":"https:\/\/www.cgfmanet.org\/es\/wp-json\/wp\/v2\/users\/21"}],"replies":[{"embeddable":true,"href":"https:\/\/www.cgfmanet.org\/es\/wp-json\/wp\/v2\/comments?post=154721"}],"version-history":[{"count":3,"href":"https:\/\/www.cgfmanet.org\/es\/wp-json\/wp\/v2\/posts\/154721\/revisions"}],"predecessor-version":[{"id":154899,"href":"https:\/\/www.cgfmanet.org\/es\/wp-json\/wp\/v2\/posts\/154721\/revisions\/154899"}],"wp:featuredmedia":[{"embeddable":true,"href":"https:\/\/www.cgfmanet.org\/es\/wp-json\/wp\/v2\/media\/154715"}],"wp:attachment":[{"href":"https:\/\/www.cgfmanet.org\/es\/wp-json\/wp\/v2\/media?parent=154721"}],"wp:term":[{"taxonomy":"category","embeddable":true,"href":"https:\/\/www.cgfmanet.org\/es\/wp-json\/wp\/v2\/categories?post=154721"},{"taxonomy":"post_tag","embeddable":true,"href":"https:\/\/www.cgfmanet.org\/es\/wp-json\/wp\/v2\/tags?post=154721"}],"curies":[{"name":"wp","href":"https:\/\/api.w.org\/{rel}","templated":true}]}}