{"id":154670,"date":"2026-03-09T16:06:33","date_gmt":"2026-03-09T15:06:33","guid":{"rendered":"https:\/\/www.cgfmanet.org\/infoesfera\/verso-la-giornata-dei-missionari-martiri-2026\/"},"modified":"2026-03-14T22:07:22","modified_gmt":"2026-03-14T21:07:22","slug":"hacia-la-jornada-de-los-misioneros-martires-2026","status":"publish","type":"post","link":"https:\/\/www.cgfmanet.org\/es\/infoesfera\/hacia-la-jornada-de-los-misioneros-martires-2026\/","title":{"rendered":"Hacia la Jornada de los Misioneros M\u00e1rtires 2026"},"content":{"rendered":"<p><strong>Roma (Italia).<\/strong> El 24 de marzo de 2026, fecha en la que se conmemora el asesinato de Mons. Oscar Romero, Arzobispo de San Salvador, ocurrido el 24 de marzo de 1980, se celebra la 34.\u00aa Jornada de los Misioneros M\u00e1rtires. Su compromiso junto al pueblo salvadore\u00f1o en lucha contra un r\u00e9gimen indiferente a las condiciones de los m\u00e1s d\u00e9biles y de los trabajadores, unido a su testimonio de vida cristiana aut\u00e9ntica en escucha de la Palabra de Dios y, al mismo tiempo, tan audaz, cercana y atenta a los \u00faltimos, lo han convertido en un punto de referencia.<\/p>\n<p>Esta conmemoraci\u00f3n invita, por tanto, a recordar a quienes han entregado su propia vida en el servicio al Evangelio, y a reconocer la presencia viva y operante de testigos que han elegido llevar la Buena Nueva a los lugares donde la vida y la dignidad humana se ven m\u00e1s amenazadas.<\/p>\n<p>El tema de la Jornada de los Misioneros M\u00e1rtires 2026, \u201cGente de primavera\u201d, se inspira en el Mensaje para la Jornada Missionaria Mundial 2025 en el que el Papa Francisco recordaba que la misi\u00f3n es una acci\u00f3n comunitaria: toda la Iglesia est\u00e1 llamada a dar continuidad a la misi\u00f3n de Cristo. Superando dificultades y debilidades, esta es impulsada por el amor de Cristo a caminar unida a \u00c9l y a hacerse cargo, junto a \u00c9l, del grito que emana de la humanidad: \u201cSomos bautizados en la muerte y resurrecci\u00f3n redentora de Cristo, en la Pascua del Se\u00f1or que marca la eterna primavera de la historia. Somos entonces \u201cgente de primavera\u201d, con una mirada siempre llena de esperanza para compartir con todos porque en Cristo creemos y sabemos que la muerte y el odio no son las \u00faltimas palabras sobre la existencia humana\u201d.<\/p>\n<p>Al t\u00e9rmino del Jubileo dedicado a la esperanza, la<strong><span style=\"color: #0000ff;\"><a style=\"color: #0000ff;\" href=\"https:\/\/www.fides.org\/it\/missionaries\" target=\"_blank\" rel=\"noopener\"> Agencia Fides<\/a><\/span><\/strong>, \u00d3rgano de informaci\u00f3n de las Obras Misionales Pontificias, ha publicado el informe anual 2025 sobre los misioneros y los agentes de pastoral cat\u00f3licos asesinados.<\/p>\n<p>En el a\u00f1o 2025 han sido asesinados en el mundo 17 misioneros y misioneras: sacerdotes, religiosas, seminaristas, laicos. La distribuci\u00f3n continental evidencia que el n\u00famero m\u00e1s elevado de agentes de pastoral asesinados en el a\u00f1o se registr\u00f3 en \u00c1frica, donde han sido asesinados 10 misioneros (6 sacerdotes, 2 seminaristas, 2 catequistas). En el Continente americano han sido asesinados 4 misioneros (2 sacerdotes, 2 religiosas), en Asia 2 (un sacerdote, un laico). En Europa ha sido asesinado un sacerdote.<\/p>\n<p>Desde el 2000 al 2025 el total de misioneros y agentes de pastoral asesinados es de 626, un dato que lamentablemente ya est\u00e1 en aumento a causa de los recientes conflictos. \u201cEstos hermanos y hermanas pueden parecer unos fracasados, pero hoy vemos que no es as\u00ed. Ahora como entonces, la semilla de sus sacrificios, germina, da fruto, porque Dios a trav\u00e9s de ellos contin\u00faa obrando prodigios, cambiando los corazones y salvando a los hombres\u201d (Papa Francisco, 26 de diciembre de 2023, fiesta lit\u00fargica de San Esteban Protom\u00e1rtir).<\/p>\n<p>La lista anual de la Agencia Fides no concierne solo a los misioneros <em>ad gentes<\/em> en sentido estricto, sino que busca registrar a todos los cristianos cat\u00f3licos comprometidos de alguna manera en la actividad pastoral, muertos de forma violenta, aunque no sea expresamente \u201cen odio a la fe\u201d. Por esto en el informe no se utiliza el t\u00e9rmino \u201cm\u00e1rtires\u201d, si no es en su significado etimol\u00f3gico de \u201ctestigos\u201d.<\/p>\n<p>El Papa Le\u00f3n XIV, en el Mensaje con ocasi\u00f3n del X Aniversario de la Beatificaci\u00f3n de los M\u00e1rtires de Chimbote (Per\u00fa) el 6 de diciembre de 2025 escrib\u00eda: \u201cLa sangre de los m\u00e1rtires no fue derramada al servicio de proyectos o ideas personales, sino como una \u00fanica ofrenda de amor al Se\u00f1or y a su pueblo. Hoy, ante los desaf\u00edos pastorales y culturales que la Iglesia afronta, la memoria de los misioneros m\u00e1rtires nos pide un paso decisivo: volver a Jesucristo como medida de nuestras opciones, de nuestras palabras y de nuestras prioridades. Volver a \u00c9l con esa firmeza de coraz\u00f3n que no retrocede, ni siquiera cuando la fidelidad al Evangelio reclama el don de la propia vida. Solo cuando \u00c9l es el punto de referencia, la misi\u00f3n recobra su forma propia. [\u2026] Exhorto a las comunidades que han acogido a estos m\u00e1rtires a continuar hoy la misi\u00f3n por la cual dieron la vida, la de anunciar a Jes\u00fas con palabras y con obras, conservando la fe en medio de las dificultades, sirviendo con humildad a los m\u00e1s fr\u00e1giles y manteniendo encendida la esperanza incluso cuando la realidad se vuelve ardua\u00bb.<\/p>\n<p>En la celebraci\u00f3n de esta jornada el pensamiento y la oraci\u00f3n van destinados a los muchos misioneros que, en cada rinc\u00f3n del mundo, testimonian y anuncian a Jesucristo y su Evangelio con sencillez, pero tambi\u00e9n con fuerza y valent\u00eda. Su presencia fraterna junto a las personas y a las comunidades a las que est\u00e1n llamados a servir infunde confianza y alimenta la esperanza en el Reino de Dios.<\/p>\n<p><strong>En este<\/strong><span style=\"color: #0000ff;\"><strong> <a style=\"color: #0000ff;\" href=\"https:\/\/www.missioitalia.it\/giornata-dei-missionari-martiri-2026\/\" target=\"_blank\" rel=\"noopener\">link de la fundaci\u00f3n Missio<\/a><\/strong><\/span> (CEI) se puede encontrar el material para animar la Jornada y subsidios \u00fatiles para la animaci\u00f3n de momentos celebrativos en la Cuaresma.<\/p>\n","protected":false},"excerpt":{"rendered":"<p>Roma (Italia). El 24 de marzo de 2026, fecha en la que se conmemora el asesinato de Mons. Oscar Romero, Arzobispo de San Salvador, ocurrido el 24 de marzo de [&hellip;]<\/p>\n","protected":false},"author":21,"featured_media":154664,"comment_status":"open","ping_status":"closed","sticky":false,"template":"","format":"standard","meta":{"footnotes":""},"categories":[39,191],"tags":[1792,1931,2101,2148],"class_list":["post-154670","post","type-post","status-publish","format-standard","has-post-thumbnail","category-infoesfera","category-iglesia","tag-espiritu-misionero","tag-focus-es","tag-quaresima-es","tag-preghiera-es"],"yoast_head":"<!-- This site is optimized with the Yoast SEO plugin v27.4 - https:\/\/yoast.com\/product\/yoast-seo-wordpress\/ -->\n<title>Hacia la Jornada de los Misioneros M\u00e1rtires 2026 &#8226; Istituto Figlie di Maria Ausiliatrice<\/title>\n<meta name=\"description\" content=\"El 24 de marzo de 2026 se celebra la 34.\u00aa Jornada de los Misioneros M\u00e1rtires. Presentamos algunos recursos, \u00fatiles tambi\u00e9n para el camino cuaresmal, para prepararse para el evento.\" \/>\n<meta name=\"robots\" content=\"index, follow, max-snippet:-1, max-image-preview:large, max-video-preview:-1\" \/>\n<link rel=\"canonical\" href=\"https:\/\/www.cgfmanet.org\/es\/infoesfera\/hacia-la-jornada-de-los-misioneros-martires-2026\/\" \/>\n<meta property=\"og:locale\" content=\"es_ES\" \/>\n<meta property=\"og:type\" content=\"article\" \/>\n<meta property=\"og:title\" content=\"Hacia la Jornada de los Misioneros M\u00e1rtires 2026 &#8226; Istituto Figlie di Maria Ausiliatrice\" \/>\n<meta property=\"og:description\" content=\"El 24 de marzo de 2026 se celebra la 34.\u00aa Jornada de los Misioneros M\u00e1rtires. Presentamos algunos recursos, \u00fatiles tambi\u00e9n para el camino cuaresmal, para prepararse para el evento.\" \/>\n<meta property=\"og:url\" content=\"https:\/\/www.cgfmanet.org\/es\/infoesfera\/hacia-la-jornada-de-los-misioneros-martires-2026\/\" \/>\n<meta property=\"og:site_name\" content=\"Istituto Figlie di Maria Ausiliatrice\" \/>\n<meta property=\"article:publisher\" content=\"https:\/\/www.facebook.com\/salesian.sisters.of.don.bosco\/\" \/>\n<meta property=\"article:published_time\" content=\"2026-03-09T15:06:33+00:00\" \/>\n<meta property=\"article:modified_time\" content=\"2026-03-14T21:07:22+00:00\" \/>\n<meta property=\"og:image\" content=\"https:\/\/www.cgfmanet.org\/wp-content\/uploads\/2026\/03\/Giornata-Missionari-Martiri-2026.jpg\" \/>\n\t<meta property=\"og:image:width\" content=\"1200\" \/>\n\t<meta property=\"og:image:height\" content=\"800\" \/>\n\t<meta property=\"og:image:type\" content=\"image\/jpeg\" \/>\n<meta name=\"author\" content=\"Redazione\" \/>\n<meta name=\"twitter:card\" content=\"summary_large_image\" \/>\n<meta name=\"twitter:creator\" content=\"@Cgfmanet_Org\" \/>\n<meta name=\"twitter:site\" content=\"@Cgfmanet_Org\" \/>\n<meta name=\"twitter:label1\" content=\"Escrito por\" \/>\n\t<meta name=\"twitter:data1\" content=\"Redazione\" \/>\n\t<meta name=\"twitter:label2\" content=\"Tiempo de lectura\" \/>\n\t<meta name=\"twitter:data2\" content=\"5 minutos\" \/>\n<script type=\"application\/ld+json\" class=\"yoast-schema-graph\">{\"@context\":\"https:\\\/\\\/schema.org\",\"@graph\":[{\"@type\":\"Article\",\"@id\":\"https:\\\/\\\/www.cgfmanet.org\\\/es\\\/infoesfera\\\/hacia-la-jornada-de-los-misioneros-martires-2026\\\/#article\",\"isPartOf\":{\"@id\":\"https:\\\/\\\/www.cgfmanet.org\\\/es\\\/infoesfera\\\/hacia-la-jornada-de-los-misioneros-martires-2026\\\/\"},\"author\":{\"name\":\"Redazione\",\"@id\":\"https:\\\/\\\/www.cgfmanet.org\\\/es\\\/#\\\/schema\\\/person\\\/ce6473083f53ef0ef882cca23f0c8fb9\"},\"headline\":\"Hacia la Jornada de los Misioneros M\u00e1rtires 2026\",\"datePublished\":\"2026-03-09T15:06:33+00:00\",\"dateModified\":\"2026-03-14T21:07:22+00:00\",\"mainEntityOfPage\":{\"@id\":\"https:\\\/\\\/www.cgfmanet.org\\\/es\\\/infoesfera\\\/hacia-la-jornada-de-los-misioneros-martires-2026\\\/\"},\"wordCount\":882,\"commentCount\":0,\"publisher\":{\"@id\":\"https:\\\/\\\/www.cgfmanet.org\\\/es\\\/#organization\"},\"image\":{\"@id\":\"https:\\\/\\\/www.cgfmanet.org\\\/es\\\/infoesfera\\\/hacia-la-jornada-de-los-misioneros-martires-2026\\\/#primaryimage\"},\"thumbnailUrl\":\"https:\\\/\\\/www.cgfmanet.org\\\/wp-content\\\/uploads\\\/2026\\\/03\\\/Giornata-Missionari-Martiri-2026.jpg\",\"keywords\":[\"Esp\u00edritu misionero\",\"Focus\",\"Quaresima\",\"Preghiera\"],\"articleSection\":[\"Infoesfera\",\"Iglesia\"],\"inLanguage\":\"es\",\"potentialAction\":[{\"@type\":\"CommentAction\",\"name\":\"Comment\",\"target\":[\"https:\\\/\\\/www.cgfmanet.org\\\/es\\\/infoesfera\\\/hacia-la-jornada-de-los-misioneros-martires-2026\\\/#respond\"]}]},{\"@type\":\"WebPage\",\"@id\":\"https:\\\/\\\/www.cgfmanet.org\\\/es\\\/infoesfera\\\/hacia-la-jornada-de-los-misioneros-martires-2026\\\/\",\"url\":\"https:\\\/\\\/www.cgfmanet.org\\\/es\\\/infoesfera\\\/hacia-la-jornada-de-los-misioneros-martires-2026\\\/\",\"name\":\"Hacia la Jornada de los Misioneros M\u00e1rtires 2026 &#8226; Istituto Figlie di Maria Ausiliatrice\",\"isPartOf\":{\"@id\":\"https:\\\/\\\/www.cgfmanet.org\\\/es\\\/#website\"},\"primaryImageOfPage\":{\"@id\":\"https:\\\/\\\/www.cgfmanet.org\\\/es\\\/infoesfera\\\/hacia-la-jornada-de-los-misioneros-martires-2026\\\/#primaryimage\"},\"image\":{\"@id\":\"https:\\\/\\\/www.cgfmanet.org\\\/es\\\/infoesfera\\\/hacia-la-jornada-de-los-misioneros-martires-2026\\\/#primaryimage\"},\"thumbnailUrl\":\"https:\\\/\\\/www.cgfmanet.org\\\/wp-content\\\/uploads\\\/2026\\\/03\\\/Giornata-Missionari-Martiri-2026.jpg\",\"datePublished\":\"2026-03-09T15:06:33+00:00\",\"dateModified\":\"2026-03-14T21:07:22+00:00\",\"description\":\"El 24 de marzo de 2026 se celebra la 34.\u00aa Jornada de los Misioneros M\u00e1rtires. Presentamos algunos recursos, \u00fatiles tambi\u00e9n para el camino cuaresmal, para prepararse para el evento.\",\"breadcrumb\":{\"@id\":\"https:\\\/\\\/www.cgfmanet.org\\\/es\\\/infoesfera\\\/hacia-la-jornada-de-los-misioneros-martires-2026\\\/#breadcrumb\"},\"inLanguage\":\"es\",\"potentialAction\":[{\"@type\":\"ReadAction\",\"target\":[\"https:\\\/\\\/www.cgfmanet.org\\\/es\\\/infoesfera\\\/hacia-la-jornada-de-los-misioneros-martires-2026\\\/\"]}]},{\"@type\":\"ImageObject\",\"inLanguage\":\"es\",\"@id\":\"https:\\\/\\\/www.cgfmanet.org\\\/es\\\/infoesfera\\\/hacia-la-jornada-de-los-misioneros-martires-2026\\\/#primaryimage\",\"url\":\"https:\\\/\\\/www.cgfmanet.org\\\/wp-content\\\/uploads\\\/2026\\\/03\\\/Giornata-Missionari-Martiri-2026.jpg\",\"contentUrl\":\"https:\\\/\\\/www.cgfmanet.org\\\/wp-content\\\/uploads\\\/2026\\\/03\\\/Giornata-Missionari-Martiri-2026.jpg\",\"width\":1200,\"height\":800},{\"@type\":\"BreadcrumbList\",\"@id\":\"https:\\\/\\\/www.cgfmanet.org\\\/es\\\/infoesfera\\\/hacia-la-jornada-de-los-misioneros-martires-2026\\\/#breadcrumb\",\"itemListElement\":[{\"@type\":\"ListItem\",\"position\":1,\"name\":\"Home\",\"item\":\"https:\\\/\\\/www.cgfmanet.org\\\/es\\\/\"},{\"@type\":\"ListItem\",\"position\":2,\"name\":\"Hacia la Jornada de los Misioneros M\u00e1rtires 2026\"}]},{\"@type\":\"WebSite\",\"@id\":\"https:\\\/\\\/www.cgfmanet.org\\\/es\\\/#website\",\"url\":\"https:\\\/\\\/www.cgfmanet.org\\\/es\\\/\",\"name\":\"Istituto Figlie di Maria Ausiliatrice\",\"description\":\"Salesiane di Don Bosco\",\"publisher\":{\"@id\":\"https:\\\/\\\/www.cgfmanet.org\\\/es\\\/#organization\"},\"potentialAction\":[{\"@type\":\"SearchAction\",\"target\":{\"@type\":\"EntryPoint\",\"urlTemplate\":\"https:\\\/\\\/www.cgfmanet.org\\\/es\\\/?s={search_term_string}\"},\"query-input\":{\"@type\":\"PropertyValueSpecification\",\"valueRequired\":true,\"valueName\":\"search_term_string\"}}],\"inLanguage\":\"es\"},{\"@type\":\"Organization\",\"@id\":\"https:\\\/\\\/www.cgfmanet.org\\\/es\\\/#organization\",\"name\":\"Istituto Figlie di Maria Ausiliatrice\",\"url\":\"https:\\\/\\\/www.cgfmanet.org\\\/es\\\/\",\"logo\":{\"@type\":\"ImageObject\",\"inLanguage\":\"es\",\"@id\":\"https:\\\/\\\/www.cgfmanet.org\\\/es\\\/#\\\/schema\\\/logo\\\/image\\\/\",\"url\":\"https:\\\/\\\/www.cgfmanet.org\\\/wp-content\\\/uploads\\\/2018\\\/10\\\/logo-fma.png\",\"contentUrl\":\"https:\\\/\\\/www.cgfmanet.org\\\/wp-content\\\/uploads\\\/2018\\\/10\\\/logo-fma.png\",\"width\":214,\"height\":55,\"caption\":\"Istituto Figlie di Maria Ausiliatrice\"},\"image\":{\"@id\":\"https:\\\/\\\/www.cgfmanet.org\\\/es\\\/#\\\/schema\\\/logo\\\/image\\\/\"},\"sameAs\":[\"https:\\\/\\\/www.facebook.com\\\/salesian.sisters.of.don.bosco\\\/\",\"https:\\\/\\\/x.com\\\/Cgfmanet_Org\",\"https:\\\/\\\/www.youtube.com\\\/channel\\\/UCmcr8yFQBV7JXeXVxyV9y5Q\"]},{\"@type\":\"Person\",\"@id\":\"https:\\\/\\\/www.cgfmanet.org\\\/es\\\/#\\\/schema\\\/person\\\/ce6473083f53ef0ef882cca23f0c8fb9\",\"name\":\"Redazione\"}]}<\/script>\n<!-- \/ Yoast SEO plugin. -->","yoast_head_json":{"title":"Hacia la Jornada de los Misioneros M\u00e1rtires 2026 &#8226; Istituto Figlie di Maria Ausiliatrice","description":"El 24 de marzo de 2026 se celebra la 34.\u00aa Jornada de los Misioneros M\u00e1rtires. Presentamos algunos recursos, \u00fatiles tambi\u00e9n para el camino cuaresmal, para prepararse para el evento.","robots":{"index":"index","follow":"follow","max-snippet":"max-snippet:-1","max-image-preview":"max-image-preview:large","max-video-preview":"max-video-preview:-1"},"canonical":"https:\/\/www.cgfmanet.org\/es\/infoesfera\/hacia-la-jornada-de-los-misioneros-martires-2026\/","og_locale":"es_ES","og_type":"article","og_title":"Hacia la Jornada de los Misioneros M\u00e1rtires 2026 &#8226; Istituto Figlie di Maria Ausiliatrice","og_description":"El 24 de marzo de 2026 se celebra la 34.\u00aa Jornada de los Misioneros M\u00e1rtires. Presentamos algunos recursos, \u00fatiles tambi\u00e9n para el camino cuaresmal, para prepararse para el evento.","og_url":"https:\/\/www.cgfmanet.org\/es\/infoesfera\/hacia-la-jornada-de-los-misioneros-martires-2026\/","og_site_name":"Istituto Figlie di Maria Ausiliatrice","article_publisher":"https:\/\/www.facebook.com\/salesian.sisters.of.don.bosco\/","article_published_time":"2026-03-09T15:06:33+00:00","article_modified_time":"2026-03-14T21:07:22+00:00","og_image":[{"width":1200,"height":800,"url":"https:\/\/www.cgfmanet.org\/wp-content\/uploads\/2026\/03\/Giornata-Missionari-Martiri-2026.jpg","type":"image\/jpeg"}],"author":"Redazione","twitter_card":"summary_large_image","twitter_creator":"@Cgfmanet_Org","twitter_site":"@Cgfmanet_Org","twitter_misc":{"Escrito por":"Redazione","Tiempo de lectura":"5 minutos"},"schema":{"@context":"https:\/\/schema.org","@graph":[{"@type":"Article","@id":"https:\/\/www.cgfmanet.org\/es\/infoesfera\/hacia-la-jornada-de-los-misioneros-martires-2026\/#article","isPartOf":{"@id":"https:\/\/www.cgfmanet.org\/es\/infoesfera\/hacia-la-jornada-de-los-misioneros-martires-2026\/"},"author":{"name":"Redazione","@id":"https:\/\/www.cgfmanet.org\/es\/#\/schema\/person\/ce6473083f53ef0ef882cca23f0c8fb9"},"headline":"Hacia la Jornada de los Misioneros M\u00e1rtires 2026","datePublished":"2026-03-09T15:06:33+00:00","dateModified":"2026-03-14T21:07:22+00:00","mainEntityOfPage":{"@id":"https:\/\/www.cgfmanet.org\/es\/infoesfera\/hacia-la-jornada-de-los-misioneros-martires-2026\/"},"wordCount":882,"commentCount":0,"publisher":{"@id":"https:\/\/www.cgfmanet.org\/es\/#organization"},"image":{"@id":"https:\/\/www.cgfmanet.org\/es\/infoesfera\/hacia-la-jornada-de-los-misioneros-martires-2026\/#primaryimage"},"thumbnailUrl":"https:\/\/www.cgfmanet.org\/wp-content\/uploads\/2026\/03\/Giornata-Missionari-Martiri-2026.jpg","keywords":["Esp\u00edritu misionero","Focus","Quaresima","Preghiera"],"articleSection":["Infoesfera","Iglesia"],"inLanguage":"es","potentialAction":[{"@type":"CommentAction","name":"Comment","target":["https:\/\/www.cgfmanet.org\/es\/infoesfera\/hacia-la-jornada-de-los-misioneros-martires-2026\/#respond"]}]},{"@type":"WebPage","@id":"https:\/\/www.cgfmanet.org\/es\/infoesfera\/hacia-la-jornada-de-los-misioneros-martires-2026\/","url":"https:\/\/www.cgfmanet.org\/es\/infoesfera\/hacia-la-jornada-de-los-misioneros-martires-2026\/","name":"Hacia la Jornada de los Misioneros M\u00e1rtires 2026 &#8226; Istituto Figlie di Maria Ausiliatrice","isPartOf":{"@id":"https:\/\/www.cgfmanet.org\/es\/#website"},"primaryImageOfPage":{"@id":"https:\/\/www.cgfmanet.org\/es\/infoesfera\/hacia-la-jornada-de-los-misioneros-martires-2026\/#primaryimage"},"image":{"@id":"https:\/\/www.cgfmanet.org\/es\/infoesfera\/hacia-la-jornada-de-los-misioneros-martires-2026\/#primaryimage"},"thumbnailUrl":"https:\/\/www.cgfmanet.org\/wp-content\/uploads\/2026\/03\/Giornata-Missionari-Martiri-2026.jpg","datePublished":"2026-03-09T15:06:33+00:00","dateModified":"2026-03-14T21:07:22+00:00","description":"El 24 de marzo de 2026 se celebra la 34.\u00aa Jornada de los Misioneros M\u00e1rtires. Presentamos algunos recursos, \u00fatiles tambi\u00e9n para el camino cuaresmal, para prepararse para el evento.","breadcrumb":{"@id":"https:\/\/www.cgfmanet.org\/es\/infoesfera\/hacia-la-jornada-de-los-misioneros-martires-2026\/#breadcrumb"},"inLanguage":"es","potentialAction":[{"@type":"ReadAction","target":["https:\/\/www.cgfmanet.org\/es\/infoesfera\/hacia-la-jornada-de-los-misioneros-martires-2026\/"]}]},{"@type":"ImageObject","inLanguage":"es","@id":"https:\/\/www.cgfmanet.org\/es\/infoesfera\/hacia-la-jornada-de-los-misioneros-martires-2026\/#primaryimage","url":"https:\/\/www.cgfmanet.org\/wp-content\/uploads\/2026\/03\/Giornata-Missionari-Martiri-2026.jpg","contentUrl":"https:\/\/www.cgfmanet.org\/wp-content\/uploads\/2026\/03\/Giornata-Missionari-Martiri-2026.jpg","width":1200,"height":800},{"@type":"BreadcrumbList","@id":"https:\/\/www.cgfmanet.org\/es\/infoesfera\/hacia-la-jornada-de-los-misioneros-martires-2026\/#breadcrumb","itemListElement":[{"@type":"ListItem","position":1,"name":"Home","item":"https:\/\/www.cgfmanet.org\/es\/"},{"@type":"ListItem","position":2,"name":"Hacia la Jornada de los Misioneros M\u00e1rtires 2026"}]},{"@type":"WebSite","@id":"https:\/\/www.cgfmanet.org\/es\/#website","url":"https:\/\/www.cgfmanet.org\/es\/","name":"Istituto Figlie di Maria Ausiliatrice","description":"Salesiane di Don Bosco","publisher":{"@id":"https:\/\/www.cgfmanet.org\/es\/#organization"},"potentialAction":[{"@type":"SearchAction","target":{"@type":"EntryPoint","urlTemplate":"https:\/\/www.cgfmanet.org\/es\/?s={search_term_string}"},"query-input":{"@type":"PropertyValueSpecification","valueRequired":true,"valueName":"search_term_string"}}],"inLanguage":"es"},{"@type":"Organization","@id":"https:\/\/www.cgfmanet.org\/es\/#organization","name":"Istituto Figlie di Maria Ausiliatrice","url":"https:\/\/www.cgfmanet.org\/es\/","logo":{"@type":"ImageObject","inLanguage":"es","@id":"https:\/\/www.cgfmanet.org\/es\/#\/schema\/logo\/image\/","url":"https:\/\/www.cgfmanet.org\/wp-content\/uploads\/2018\/10\/logo-fma.png","contentUrl":"https:\/\/www.cgfmanet.org\/wp-content\/uploads\/2018\/10\/logo-fma.png","width":214,"height":55,"caption":"Istituto Figlie di Maria Ausiliatrice"},"image":{"@id":"https:\/\/www.cgfmanet.org\/es\/#\/schema\/logo\/image\/"},"sameAs":["https:\/\/www.facebook.com\/salesian.sisters.of.don.bosco\/","https:\/\/x.com\/Cgfmanet_Org","https:\/\/www.youtube.com\/channel\/UCmcr8yFQBV7JXeXVxyV9y5Q"]},{"@type":"Person","@id":"https:\/\/www.cgfmanet.org\/es\/#\/schema\/person\/ce6473083f53ef0ef882cca23f0c8fb9","name":"Redazione"}]}},"_links":{"self":[{"href":"https:\/\/www.cgfmanet.org\/es\/wp-json\/wp\/v2\/posts\/154670","targetHints":{"allow":["GET"]}}],"collection":[{"href":"https:\/\/www.cgfmanet.org\/es\/wp-json\/wp\/v2\/posts"}],"about":[{"href":"https:\/\/www.cgfmanet.org\/es\/wp-json\/wp\/v2\/types\/post"}],"author":[{"embeddable":true,"href":"https:\/\/www.cgfmanet.org\/es\/wp-json\/wp\/v2\/users\/21"}],"replies":[{"embeddable":true,"href":"https:\/\/www.cgfmanet.org\/es\/wp-json\/wp\/v2\/comments?post=154670"}],"version-history":[{"count":2,"href":"https:\/\/www.cgfmanet.org\/es\/wp-json\/wp\/v2\/posts\/154670\/revisions"}],"predecessor-version":[{"id":154903,"href":"https:\/\/www.cgfmanet.org\/es\/wp-json\/wp\/v2\/posts\/154670\/revisions\/154903"}],"wp:featuredmedia":[{"embeddable":true,"href":"https:\/\/www.cgfmanet.org\/es\/wp-json\/wp\/v2\/media\/154664"}],"wp:attachment":[{"href":"https:\/\/www.cgfmanet.org\/es\/wp-json\/wp\/v2\/media?parent=154670"}],"wp:term":[{"taxonomy":"category","embeddable":true,"href":"https:\/\/www.cgfmanet.org\/es\/wp-json\/wp\/v2\/categories?post=154670"},{"taxonomy":"post_tag","embeddable":true,"href":"https:\/\/www.cgfmanet.org\/es\/wp-json\/wp\/v2\/tags?post=154670"}],"curies":[{"name":"wp","href":"https:\/\/api.w.org\/{rel}","templated":true}]}}