{"id":154564,"date":"2026-03-06T18:21:51","date_gmt":"2026-03-06T17:21:51","guid":{"rendered":"https:\/\/www.cgfmanet.org\/infoesfera\/giornata-internazionale-della-donna-2026\/"},"modified":"2026-03-07T22:21:28","modified_gmt":"2026-03-07T21:21:28","slug":"dia-internacional-de-la-mujer-de-2026","status":"publish","type":"post","link":"https:\/\/www.cgfmanet.org\/es\/infoesfera\/dia-internacional-de-la-mujer-de-2026\/","title":{"rendered":"D\u00eda Internacional de la Mujer de 2026"},"content":{"rendered":"<p><strong>Roma (Italia).<\/strong> El 8 de marzo de 2026 se conmemora el D\u00eda Internacional de la Mujer, reconocido oficialmente por las Naciones Unidas en 1977 para centrar la atenci\u00f3n de la comunidad internacional en los logros sociales, econ\u00f3micos y pol\u00edticos alcanzados por las mujeres, as\u00ed como para sensibilizar sobre la discriminaci\u00f3n, la violencia y la desigualdad de g\u00e9nero que a\u00fan persisten.<\/p>\n<p>A pesar de los progresos en diversos \u00e1mbitos, queda mucho por hacer para cumplir el <strong>Objetivo de Desarrollo Sostenible n\u00ba 5 de la Agenda 2030<\/strong> de las Naciones Unidas, que aspira precisamente a \u00ablograr la igualdad de g\u00e9nero y empoderar a todas las mujeres y ni\u00f1as\u00bb.<\/p>\n<p>Los avances en esta direcci\u00f3n son todav\u00eda demasiado lentos, fr\u00e1giles y desiguales, como demuestran algunos datos. Seg\u00fan los informes de ONU Mujeres y de la Oficina de las Naciones Unidas contra la Droga y el Delito (UNODC), cada 10 minutos una mujer es asesinada por un miembro de su propia familia. En muchos pa\u00edses, la ley permite el matrimonio precoz e infantil, lo que compromete el pleno potencial de unos 12 millones de ni\u00f1as cada a\u00f1o. La representaci\u00f3n femenina en la fuerza laboral se ha mantenido estancada durante d\u00e9cadas. Adem\u00e1s, aunque las mujeres y las ni\u00f1as contribuyen en menor medida al cambio clim\u00e1tico, sufren sus consecuencias m\u00e1s graves.<\/p>\n<p>En el D\u00eda Internacional de la Mujer 2026 (<span style=\"color: #0000ff;\"><strong><a style=\"color: #0000ff;\" href=\"https:\/\/www.unwomen.org\/en\/get-involved\/international-womens-day\" target=\"_blank\" rel=\"noopener\">IWD 2026<\/a><\/strong><\/span>), las Naciones Unidas promueven la campa\u00f1a titulada <strong>\u201cDerechos. Justicia. Acci\u00f3n. Para TODAS las mujeres y ni\u00f1as\u201d<\/strong> (<em>Rights. Justice. Action. For ALL Women and Girls<\/em>), invitando a actuar para derribar todas las barreras que impiden la igualdad de justicia: leyes discriminatorias, protecciones jur\u00eddicas d\u00e9biles y pr\u00e1cticas y normas sociales nocivas que socavan los derechos de las mujeres y las ni\u00f1as.<\/p>\n<p>Este D\u00eda Internacional llega en un momento en que los sistemas judiciales est\u00e1n bajo presi\u00f3n: los conflictos, la represi\u00f3n y las tensiones pol\u00edticas est\u00e1n debilitando el estado de derecho. Hoy en d\u00eda, <strong>ninguna naci\u00f3n ha cerrado la brecha jur\u00eddica entre hombres y mujeres<\/strong>. En sectores fundamentales de la vida \u2014como el trabajo, el dinero, la seguridad, la familia, la propiedad, la movilidad, los negocios y la jubilaci\u00f3n\u2014 las mujeres no gozan de los mismos derechos legales que los hombres.<\/p>\n<p>En este marco de violaci\u00f3n de derechos y discriminaci\u00f3n, la <span style=\"color: #0000ff;\"><a style=\"color: #0000ff;\" href=\"https:\/\/www.fondazionefvgs.it\/\" target=\"_blank\" rel=\"noopener\"><strong>Fundaci\u00f3n FVGS Ets <\/strong><\/a><\/span>trabaja cada d\u00eda para garantizar a las ni\u00f1as y j\u00f3venes, apoyadas por las Misiones Salesianas en \u00c1frica, Asia, Am\u00e9rica Latina y Europa, la posibilidad de estudiar y crecer en un ambiente protegido, desarrollando su potencial. El estudio es, de hecho, un medio fundamental para permitir que las mujeres se emancipen, conozcan sus derechos y tomen conciencia de su papel en la sociedad.<\/p>\n<p>Al mismo tiempo, los proyectos de <span style=\"color: #0000ff;\"><a style=\"color: #0000ff;\" href=\"https:\/\/www.vides.org\/2024\/03\/13580\/\" target=\"_blank\" rel=\"noopener\"><strong>VIDES Internacional<\/strong><\/a><\/span> nacen para responder a las necesidades de las comunidades locales con un enfoque participativo, situando en el centro la educaci\u00f3n y la autodeterminaci\u00f3n de las personas. El derecho a una educaci\u00f3n de calidad, la promoci\u00f3n de la dignidad humana y el empoderamiento de las mujeres son valores fundamentales que gu\u00edan la acci\u00f3n de VIDES en todo el mundo.<\/p>\n<p>Entre las iniciativas m\u00e1s significativas destacan:<\/p>\n<ul>\n<li><strong>Proyectos de empoderamiento de la mujer:<\/strong> VIDES apoya a ni\u00f1as, j\u00f3venes y mujeres para que puedan aumentar su confianza y su capacidad de desarrollo personal y profesional, favoreciendo as\u00ed su participaci\u00f3n en la vida social, en el mercado laboral y en las comunidades donde viven.<\/li>\n<li><strong>Educaci\u00f3n y formaci\u00f3n:<\/strong> A trav\u00e9s de proyectos de educaci\u00f3n formal y no formal, VIDES promueve la instrucci\u00f3n como medio fundamental para transformar las sociedades y superar las barreras de g\u00e9nero.<\/li>\n<li><strong>Observatorio multicongregacional:<\/strong> Un proyecto internacional que re\u00fane a varias congregaciones para promover los derechos de las ni\u00f1as en seis pa\u00edses, con especial atenci\u00f3n a la salud mental y a la reducci\u00f3n de la brecha digital.<\/li>\n<li><strong>Iniciativas locales de desarrollo e inclusi\u00f3n:<\/strong> Acciones para la seguridad alimentaria y la creaci\u00f3n de oportunidades de ingresos para mujeres vulnerables (como las agricultoras en Sud\u00e1n del Sur), que ponen de relieve la resiliencia femenina y su capacidad para promover el progreso comunitario.<\/li>\n<\/ul>\n<p>La FVGS Ets y el VIDES Internazionale, en sinergia con el Instituto de las <strong>Hijas de Mar\u00eda Auxiliadora<\/strong>, se esfuerzan, por tanto, para que las mujeres se conviertan en promotoras de un cambio cultural.<\/p>\n<p>Como el <strong>Papa Francisco<\/strong> ha subrayado a menudo, la mujer es \u201caquella que hace hermoso el mundo, que lo custodia y lo mantiene con vida\u201d, aportando \u201cla gracia que hace nuevas las cosas, el abrazo que incluye, el valor de donarse\u201d. Es precisamente en las cualidades femeninas donde la FVGS y el VIDES Internazionale, advierten, como sugiere el Papa Francisco, una esperanza de renacimiento y armon\u00eda.<\/p>\n<p>En este D\u00eda Internacional de la Mujer, es importante recordar que <strong>cada uno\/a est\u00e1 llamado\/a a no cerrar los ojos ante cualquier tipo de violaci\u00f3n de los derechos humanos y que existe la obligaci\u00f3n moral, all\u00ed donde uno vive, de actuar para que los gobiernos se movilicen y lleven a cabo programas de promoci\u00f3n de la igualdad de g\u00e9nero.<\/strong><\/p>\n","protected":false},"excerpt":{"rendered":"<p>Roma (Italia). El 8 de marzo de 2026 se conmemora el D\u00eda Internacional de la Mujer, reconocido oficialmente por las Naciones Unidas en 1977 para centrar la atenci\u00f3n de la [&hellip;]<\/p>\n","protected":false},"author":21,"featured_media":154559,"comment_status":"open","ping_status":"closed","sticky":false,"template":"","format":"standard","meta":{"footnotes":""},"categories":[39,199],"tags":[1379,1514,1670,1931,2118,2283],"class_list":["post-154564","post","type-post","status-publish","format-standard","has-post-thumbnail","category-infoesfera","category-derechos-humanos","tag-promocion-de-la-mujer","tag-vides-es","tag-carisma-salesiano-es","tag-focus-es","tag-donna-es","tag-ifma-es"],"yoast_head":"<!-- This site is optimized with the Yoast SEO plugin v27.4 - https:\/\/yoast.com\/product\/yoast-seo-wordpress\/ -->\n<title>D\u00eda Internacional de la Mujer de 2026 &#8226; Istituto Figlie di Maria Ausiliatrice<\/title>\n<meta name=\"description\" content=\"El 8 de marzo de 2026 se celebra el D\u00eda Internacional de la Mujer, bajo el lema: \u201cDerechos. Justicia. Acci\u00f3n. Para TODAS las mujeres y ni\u00f1as\u201d.\" \/>\n<meta name=\"robots\" content=\"index, follow, max-snippet:-1, max-image-preview:large, max-video-preview:-1\" \/>\n<link rel=\"canonical\" href=\"https:\/\/www.cgfmanet.org\/es\/infoesfera\/dia-internacional-de-la-mujer-de-2026\/\" \/>\n<meta property=\"og:locale\" content=\"es_ES\" \/>\n<meta property=\"og:type\" content=\"article\" \/>\n<meta property=\"og:title\" content=\"D\u00eda Internacional de la Mujer de 2026 &#8226; Istituto Figlie di Maria Ausiliatrice\" \/>\n<meta property=\"og:description\" content=\"El 8 de marzo de 2026 se celebra el D\u00eda Internacional de la Mujer, bajo el lema: \u201cDerechos. Justicia. Acci\u00f3n. Para TODAS las mujeres y ni\u00f1as\u201d.\" \/>\n<meta property=\"og:url\" content=\"https:\/\/www.cgfmanet.org\/es\/infoesfera\/dia-internacional-de-la-mujer-de-2026\/\" \/>\n<meta property=\"og:site_name\" content=\"Istituto Figlie di Maria Ausiliatrice\" \/>\n<meta property=\"article:publisher\" content=\"https:\/\/www.facebook.com\/salesian.sisters.of.don.bosco\/\" \/>\n<meta property=\"article:published_time\" content=\"2026-03-06T17:21:51+00:00\" \/>\n<meta property=\"article:modified_time\" content=\"2026-03-07T21:21:28+00:00\" \/>\n<meta property=\"og:image\" content=\"https:\/\/www.cgfmanet.org\/wp-content\/uploads\/2026\/03\/Giornata-Donna-2026.jpg\" \/>\n\t<meta property=\"og:image:width\" content=\"1200\" \/>\n\t<meta property=\"og:image:height\" content=\"800\" \/>\n\t<meta property=\"og:image:type\" content=\"image\/jpeg\" \/>\n<meta name=\"author\" content=\"Redazione\" \/>\n<meta name=\"twitter:card\" content=\"summary_large_image\" \/>\n<meta name=\"twitter:creator\" content=\"@Cgfmanet_Org\" \/>\n<meta name=\"twitter:site\" content=\"@Cgfmanet_Org\" \/>\n<meta name=\"twitter:label1\" content=\"Escrito por\" \/>\n\t<meta name=\"twitter:data1\" content=\"Redazione\" \/>\n\t<meta name=\"twitter:label2\" content=\"Tiempo de lectura\" \/>\n\t<meta name=\"twitter:data2\" content=\"5 minutos\" \/>\n<script type=\"application\/ld+json\" class=\"yoast-schema-graph\">{\"@context\":\"https:\\\/\\\/schema.org\",\"@graph\":[{\"@type\":\"Article\",\"@id\":\"https:\\\/\\\/www.cgfmanet.org\\\/es\\\/infoesfera\\\/dia-internacional-de-la-mujer-de-2026\\\/#article\",\"isPartOf\":{\"@id\":\"https:\\\/\\\/www.cgfmanet.org\\\/es\\\/infoesfera\\\/dia-internacional-de-la-mujer-de-2026\\\/\"},\"author\":{\"name\":\"Redazione\",\"@id\":\"https:\\\/\\\/www.cgfmanet.org\\\/es\\\/#\\\/schema\\\/person\\\/ce6473083f53ef0ef882cca23f0c8fb9\"},\"headline\":\"D\u00eda Internacional de la Mujer de 2026\",\"datePublished\":\"2026-03-06T17:21:51+00:00\",\"dateModified\":\"2026-03-07T21:21:28+00:00\",\"mainEntityOfPage\":{\"@id\":\"https:\\\/\\\/www.cgfmanet.org\\\/es\\\/infoesfera\\\/dia-internacional-de-la-mujer-de-2026\\\/\"},\"wordCount\":899,\"commentCount\":0,\"publisher\":{\"@id\":\"https:\\\/\\\/www.cgfmanet.org\\\/es\\\/#organization\"},\"image\":{\"@id\":\"https:\\\/\\\/www.cgfmanet.org\\\/es\\\/infoesfera\\\/dia-internacional-de-la-mujer-de-2026\\\/#primaryimage\"},\"thumbnailUrl\":\"https:\\\/\\\/www.cgfmanet.org\\\/wp-content\\\/uploads\\\/2026\\\/03\\\/Giornata-Donna-2026.jpg\",\"keywords\":[\"Promoci\u00f3n de la mujer\",\"Vides\",\"Carisma salesiano\",\"Focus\",\"Donna\",\"IFMA\"],\"articleSection\":[\"Infoesfera\",\"Derechos Humanos\"],\"inLanguage\":\"es\",\"potentialAction\":[{\"@type\":\"CommentAction\",\"name\":\"Comment\",\"target\":[\"https:\\\/\\\/www.cgfmanet.org\\\/es\\\/infoesfera\\\/dia-internacional-de-la-mujer-de-2026\\\/#respond\"]}]},{\"@type\":\"WebPage\",\"@id\":\"https:\\\/\\\/www.cgfmanet.org\\\/es\\\/infoesfera\\\/dia-internacional-de-la-mujer-de-2026\\\/\",\"url\":\"https:\\\/\\\/www.cgfmanet.org\\\/es\\\/infoesfera\\\/dia-internacional-de-la-mujer-de-2026\\\/\",\"name\":\"D\u00eda Internacional de la Mujer de 2026 &#8226; Istituto Figlie di Maria Ausiliatrice\",\"isPartOf\":{\"@id\":\"https:\\\/\\\/www.cgfmanet.org\\\/es\\\/#website\"},\"primaryImageOfPage\":{\"@id\":\"https:\\\/\\\/www.cgfmanet.org\\\/es\\\/infoesfera\\\/dia-internacional-de-la-mujer-de-2026\\\/#primaryimage\"},\"image\":{\"@id\":\"https:\\\/\\\/www.cgfmanet.org\\\/es\\\/infoesfera\\\/dia-internacional-de-la-mujer-de-2026\\\/#primaryimage\"},\"thumbnailUrl\":\"https:\\\/\\\/www.cgfmanet.org\\\/wp-content\\\/uploads\\\/2026\\\/03\\\/Giornata-Donna-2026.jpg\",\"datePublished\":\"2026-03-06T17:21:51+00:00\",\"dateModified\":\"2026-03-07T21:21:28+00:00\",\"description\":\"El 8 de marzo de 2026 se celebra el D\u00eda Internacional de la Mujer, bajo el lema: \u201cDerechos. Justicia. Acci\u00f3n. Para TODAS las mujeres y ni\u00f1as\u201d.\",\"breadcrumb\":{\"@id\":\"https:\\\/\\\/www.cgfmanet.org\\\/es\\\/infoesfera\\\/dia-internacional-de-la-mujer-de-2026\\\/#breadcrumb\"},\"inLanguage\":\"es\",\"potentialAction\":[{\"@type\":\"ReadAction\",\"target\":[\"https:\\\/\\\/www.cgfmanet.org\\\/es\\\/infoesfera\\\/dia-internacional-de-la-mujer-de-2026\\\/\"]}]},{\"@type\":\"ImageObject\",\"inLanguage\":\"es\",\"@id\":\"https:\\\/\\\/www.cgfmanet.org\\\/es\\\/infoesfera\\\/dia-internacional-de-la-mujer-de-2026\\\/#primaryimage\",\"url\":\"https:\\\/\\\/www.cgfmanet.org\\\/wp-content\\\/uploads\\\/2026\\\/03\\\/Giornata-Donna-2026.jpg\",\"contentUrl\":\"https:\\\/\\\/www.cgfmanet.org\\\/wp-content\\\/uploads\\\/2026\\\/03\\\/Giornata-Donna-2026.jpg\",\"width\":1200,\"height\":800},{\"@type\":\"BreadcrumbList\",\"@id\":\"https:\\\/\\\/www.cgfmanet.org\\\/es\\\/infoesfera\\\/dia-internacional-de-la-mujer-de-2026\\\/#breadcrumb\",\"itemListElement\":[{\"@type\":\"ListItem\",\"position\":1,\"name\":\"Home\",\"item\":\"https:\\\/\\\/www.cgfmanet.org\\\/es\\\/\"},{\"@type\":\"ListItem\",\"position\":2,\"name\":\"D\u00eda Internacional de la Mujer de 2026\"}]},{\"@type\":\"WebSite\",\"@id\":\"https:\\\/\\\/www.cgfmanet.org\\\/es\\\/#website\",\"url\":\"https:\\\/\\\/www.cgfmanet.org\\\/es\\\/\",\"name\":\"Istituto Figlie di Maria Ausiliatrice\",\"description\":\"Salesiane di Don Bosco\",\"publisher\":{\"@id\":\"https:\\\/\\\/www.cgfmanet.org\\\/es\\\/#organization\"},\"potentialAction\":[{\"@type\":\"SearchAction\",\"target\":{\"@type\":\"EntryPoint\",\"urlTemplate\":\"https:\\\/\\\/www.cgfmanet.org\\\/es\\\/?s={search_term_string}\"},\"query-input\":{\"@type\":\"PropertyValueSpecification\",\"valueRequired\":true,\"valueName\":\"search_term_string\"}}],\"inLanguage\":\"es\"},{\"@type\":\"Organization\",\"@id\":\"https:\\\/\\\/www.cgfmanet.org\\\/es\\\/#organization\",\"name\":\"Istituto Figlie di Maria Ausiliatrice\",\"url\":\"https:\\\/\\\/www.cgfmanet.org\\\/es\\\/\",\"logo\":{\"@type\":\"ImageObject\",\"inLanguage\":\"es\",\"@id\":\"https:\\\/\\\/www.cgfmanet.org\\\/es\\\/#\\\/schema\\\/logo\\\/image\\\/\",\"url\":\"https:\\\/\\\/www.cgfmanet.org\\\/wp-content\\\/uploads\\\/2018\\\/10\\\/logo-fma.png\",\"contentUrl\":\"https:\\\/\\\/www.cgfmanet.org\\\/wp-content\\\/uploads\\\/2018\\\/10\\\/logo-fma.png\",\"width\":214,\"height\":55,\"caption\":\"Istituto Figlie di Maria Ausiliatrice\"},\"image\":{\"@id\":\"https:\\\/\\\/www.cgfmanet.org\\\/es\\\/#\\\/schema\\\/logo\\\/image\\\/\"},\"sameAs\":[\"https:\\\/\\\/www.facebook.com\\\/salesian.sisters.of.don.bosco\\\/\",\"https:\\\/\\\/x.com\\\/Cgfmanet_Org\",\"https:\\\/\\\/www.youtube.com\\\/channel\\\/UCmcr8yFQBV7JXeXVxyV9y5Q\"]},{\"@type\":\"Person\",\"@id\":\"https:\\\/\\\/www.cgfmanet.org\\\/es\\\/#\\\/schema\\\/person\\\/ce6473083f53ef0ef882cca23f0c8fb9\",\"name\":\"Redazione\"}]}<\/script>\n<!-- \/ Yoast SEO plugin. -->","yoast_head_json":{"title":"D\u00eda Internacional de la Mujer de 2026 &#8226; Istituto Figlie di Maria Ausiliatrice","description":"El 8 de marzo de 2026 se celebra el D\u00eda Internacional de la Mujer, bajo el lema: \u201cDerechos. Justicia. Acci\u00f3n. Para TODAS las mujeres y ni\u00f1as\u201d.","robots":{"index":"index","follow":"follow","max-snippet":"max-snippet:-1","max-image-preview":"max-image-preview:large","max-video-preview":"max-video-preview:-1"},"canonical":"https:\/\/www.cgfmanet.org\/es\/infoesfera\/dia-internacional-de-la-mujer-de-2026\/","og_locale":"es_ES","og_type":"article","og_title":"D\u00eda Internacional de la Mujer de 2026 &#8226; Istituto Figlie di Maria Ausiliatrice","og_description":"El 8 de marzo de 2026 se celebra el D\u00eda Internacional de la Mujer, bajo el lema: \u201cDerechos. Justicia. Acci\u00f3n. Para TODAS las mujeres y ni\u00f1as\u201d.","og_url":"https:\/\/www.cgfmanet.org\/es\/infoesfera\/dia-internacional-de-la-mujer-de-2026\/","og_site_name":"Istituto Figlie di Maria Ausiliatrice","article_publisher":"https:\/\/www.facebook.com\/salesian.sisters.of.don.bosco\/","article_published_time":"2026-03-06T17:21:51+00:00","article_modified_time":"2026-03-07T21:21:28+00:00","og_image":[{"width":1200,"height":800,"url":"https:\/\/www.cgfmanet.org\/wp-content\/uploads\/2026\/03\/Giornata-Donna-2026.jpg","type":"image\/jpeg"}],"author":"Redazione","twitter_card":"summary_large_image","twitter_creator":"@Cgfmanet_Org","twitter_site":"@Cgfmanet_Org","twitter_misc":{"Escrito por":"Redazione","Tiempo de lectura":"5 minutos"},"schema":{"@context":"https:\/\/schema.org","@graph":[{"@type":"Article","@id":"https:\/\/www.cgfmanet.org\/es\/infoesfera\/dia-internacional-de-la-mujer-de-2026\/#article","isPartOf":{"@id":"https:\/\/www.cgfmanet.org\/es\/infoesfera\/dia-internacional-de-la-mujer-de-2026\/"},"author":{"name":"Redazione","@id":"https:\/\/www.cgfmanet.org\/es\/#\/schema\/person\/ce6473083f53ef0ef882cca23f0c8fb9"},"headline":"D\u00eda Internacional de la Mujer de 2026","datePublished":"2026-03-06T17:21:51+00:00","dateModified":"2026-03-07T21:21:28+00:00","mainEntityOfPage":{"@id":"https:\/\/www.cgfmanet.org\/es\/infoesfera\/dia-internacional-de-la-mujer-de-2026\/"},"wordCount":899,"commentCount":0,"publisher":{"@id":"https:\/\/www.cgfmanet.org\/es\/#organization"},"image":{"@id":"https:\/\/www.cgfmanet.org\/es\/infoesfera\/dia-internacional-de-la-mujer-de-2026\/#primaryimage"},"thumbnailUrl":"https:\/\/www.cgfmanet.org\/wp-content\/uploads\/2026\/03\/Giornata-Donna-2026.jpg","keywords":["Promoci\u00f3n de la mujer","Vides","Carisma salesiano","Focus","Donna","IFMA"],"articleSection":["Infoesfera","Derechos Humanos"],"inLanguage":"es","potentialAction":[{"@type":"CommentAction","name":"Comment","target":["https:\/\/www.cgfmanet.org\/es\/infoesfera\/dia-internacional-de-la-mujer-de-2026\/#respond"]}]},{"@type":"WebPage","@id":"https:\/\/www.cgfmanet.org\/es\/infoesfera\/dia-internacional-de-la-mujer-de-2026\/","url":"https:\/\/www.cgfmanet.org\/es\/infoesfera\/dia-internacional-de-la-mujer-de-2026\/","name":"D\u00eda Internacional de la Mujer de 2026 &#8226; Istituto Figlie di Maria Ausiliatrice","isPartOf":{"@id":"https:\/\/www.cgfmanet.org\/es\/#website"},"primaryImageOfPage":{"@id":"https:\/\/www.cgfmanet.org\/es\/infoesfera\/dia-internacional-de-la-mujer-de-2026\/#primaryimage"},"image":{"@id":"https:\/\/www.cgfmanet.org\/es\/infoesfera\/dia-internacional-de-la-mujer-de-2026\/#primaryimage"},"thumbnailUrl":"https:\/\/www.cgfmanet.org\/wp-content\/uploads\/2026\/03\/Giornata-Donna-2026.jpg","datePublished":"2026-03-06T17:21:51+00:00","dateModified":"2026-03-07T21:21:28+00:00","description":"El 8 de marzo de 2026 se celebra el D\u00eda Internacional de la Mujer, bajo el lema: \u201cDerechos. Justicia. Acci\u00f3n. Para TODAS las mujeres y ni\u00f1as\u201d.","breadcrumb":{"@id":"https:\/\/www.cgfmanet.org\/es\/infoesfera\/dia-internacional-de-la-mujer-de-2026\/#breadcrumb"},"inLanguage":"es","potentialAction":[{"@type":"ReadAction","target":["https:\/\/www.cgfmanet.org\/es\/infoesfera\/dia-internacional-de-la-mujer-de-2026\/"]}]},{"@type":"ImageObject","inLanguage":"es","@id":"https:\/\/www.cgfmanet.org\/es\/infoesfera\/dia-internacional-de-la-mujer-de-2026\/#primaryimage","url":"https:\/\/www.cgfmanet.org\/wp-content\/uploads\/2026\/03\/Giornata-Donna-2026.jpg","contentUrl":"https:\/\/www.cgfmanet.org\/wp-content\/uploads\/2026\/03\/Giornata-Donna-2026.jpg","width":1200,"height":800},{"@type":"BreadcrumbList","@id":"https:\/\/www.cgfmanet.org\/es\/infoesfera\/dia-internacional-de-la-mujer-de-2026\/#breadcrumb","itemListElement":[{"@type":"ListItem","position":1,"name":"Home","item":"https:\/\/www.cgfmanet.org\/es\/"},{"@type":"ListItem","position":2,"name":"D\u00eda Internacional de la Mujer de 2026"}]},{"@type":"WebSite","@id":"https:\/\/www.cgfmanet.org\/es\/#website","url":"https:\/\/www.cgfmanet.org\/es\/","name":"Istituto Figlie di Maria Ausiliatrice","description":"Salesiane di Don Bosco","publisher":{"@id":"https:\/\/www.cgfmanet.org\/es\/#organization"},"potentialAction":[{"@type":"SearchAction","target":{"@type":"EntryPoint","urlTemplate":"https:\/\/www.cgfmanet.org\/es\/?s={search_term_string}"},"query-input":{"@type":"PropertyValueSpecification","valueRequired":true,"valueName":"search_term_string"}}],"inLanguage":"es"},{"@type":"Organization","@id":"https:\/\/www.cgfmanet.org\/es\/#organization","name":"Istituto Figlie di Maria Ausiliatrice","url":"https:\/\/www.cgfmanet.org\/es\/","logo":{"@type":"ImageObject","inLanguage":"es","@id":"https:\/\/www.cgfmanet.org\/es\/#\/schema\/logo\/image\/","url":"https:\/\/www.cgfmanet.org\/wp-content\/uploads\/2018\/10\/logo-fma.png","contentUrl":"https:\/\/www.cgfmanet.org\/wp-content\/uploads\/2018\/10\/logo-fma.png","width":214,"height":55,"caption":"Istituto Figlie di Maria Ausiliatrice"},"image":{"@id":"https:\/\/www.cgfmanet.org\/es\/#\/schema\/logo\/image\/"},"sameAs":["https:\/\/www.facebook.com\/salesian.sisters.of.don.bosco\/","https:\/\/x.com\/Cgfmanet_Org","https:\/\/www.youtube.com\/channel\/UCmcr8yFQBV7JXeXVxyV9y5Q"]},{"@type":"Person","@id":"https:\/\/www.cgfmanet.org\/es\/#\/schema\/person\/ce6473083f53ef0ef882cca23f0c8fb9","name":"Redazione"}]}},"_links":{"self":[{"href":"https:\/\/www.cgfmanet.org\/es\/wp-json\/wp\/v2\/posts\/154564","targetHints":{"allow":["GET"]}}],"collection":[{"href":"https:\/\/www.cgfmanet.org\/es\/wp-json\/wp\/v2\/posts"}],"about":[{"href":"https:\/\/www.cgfmanet.org\/es\/wp-json\/wp\/v2\/types\/post"}],"author":[{"embeddable":true,"href":"https:\/\/www.cgfmanet.org\/es\/wp-json\/wp\/v2\/users\/21"}],"replies":[{"embeddable":true,"href":"https:\/\/www.cgfmanet.org\/es\/wp-json\/wp\/v2\/comments?post=154564"}],"version-history":[{"count":2,"href":"https:\/\/www.cgfmanet.org\/es\/wp-json\/wp\/v2\/posts\/154564\/revisions"}],"predecessor-version":[{"id":154638,"href":"https:\/\/www.cgfmanet.org\/es\/wp-json\/wp\/v2\/posts\/154564\/revisions\/154638"}],"wp:featuredmedia":[{"embeddable":true,"href":"https:\/\/www.cgfmanet.org\/es\/wp-json\/wp\/v2\/media\/154559"}],"wp:attachment":[{"href":"https:\/\/www.cgfmanet.org\/es\/wp-json\/wp\/v2\/media?parent=154564"}],"wp:term":[{"taxonomy":"category","embeddable":true,"href":"https:\/\/www.cgfmanet.org\/es\/wp-json\/wp\/v2\/categories?post=154564"},{"taxonomy":"post_tag","embeddable":true,"href":"https:\/\/www.cgfmanet.org\/es\/wp-json\/wp\/v2\/tags?post=154564"}],"curies":[{"name":"wp","href":"https:\/\/api.w.org\/{rel}","templated":true}]}}