{"id":154474,"date":"2026-03-04T12:19:15","date_gmt":"2026-03-04T11:19:15","guid":{"rendered":"https:\/\/www.cgfmanet.org\/infoesfera\/unite-in-preghiera-per-la-pace-uisg\/"},"modified":"2026-03-07T22:36:34","modified_gmt":"2026-03-07T21:36:34","slug":"unidas-en-oracion-por-la-paz-uisg","status":"publish","type":"post","link":"https:\/\/www.cgfmanet.org\/es\/infoesfera\/unidas-en-oracion-por-la-paz-uisg\/","title":{"rendered":"Unidas en oraci\u00f3n por la paz \u2013 UISG"},"content":{"rendered":"<p><strong>Roma (Italia).<\/strong> Ante la escalada de violencia que afecta a numerosas regiones del mundo, la Uni\u00f3n Internacional de las Superioras Generales (<strong><span style=\"color: #0000ff;\"><a style=\"color: #0000ff;\" href=\"https:\/\/www.uisg.org\/it\/\" target=\"_blank\" rel=\"noopener\">UISG<\/a><\/span><\/strong>) &#8211; que representa a m\u00e1s de 1.900 congregaciones de mujeres religiosas consagradas presentes en los seis continentes\u2014 lanza un llamado global a la oraci\u00f3n, al ayuno y a la acci\u00f3n por la paz, e invita a reunirse para vivir un momento internacional de oraci\u00f3n el <strong>viernes 6 de marzo<\/strong> en directo (streaming) a las <strong>15:30 (hora de Roma)<\/strong>, abierto a los fieles y a todas las personas de buena voluntad.<\/p>\n<p>\u201cComo mujeres religiosas consagradas, presentes en los contextos m\u00e1s fr\u00e1giles de la sociedad y cercanas a quienes sufren, no podemos permanecer en silencio ante una espiral de destrucci\u00f3n que socava la dignidad humana y pone en riesgo el futuro de las nuevas generaciones\u201d, afirma <strong>sor Roxanne Schares, SSND<\/strong>, Secretaria Ejecutiva de la UISG.<\/p>\n<p>La propuesta acoge el sentido llamado del <strong>Papa Le\u00f3n XIV<\/strong> en el \u00c1ngelus del domingo 1 de marzo, seguido de la petici\u00f3n de oraci\u00f3n:<\/p>\n<p>\u201cSigo con profunda preocupaci\u00f3n lo que est\u00e1 sucediendo en Oriente Medio y en Ir\u00e1n, en estas horas dram\u00e1ticas. La estabilidad y la paz no se construyen con amenazas rec\u00edprocas, ni con las armas, que siembran destrucci\u00f3n, dolor y muerte, sino solo a trav\u00e9s de un di\u00e1logo razonable, aut\u00e9ntico y responsable.<\/p>\n<p>Ante la posibilidad de una tragedia de proporciones enormes, dirijo a las partes implicadas el sentido llamado a asumir la responsabilidad moral de \u00a1detener la espiral de la violencia antes de que se convierta en un abismo irreparable! Que la diplomacia recupere su papel y se promueva el bien de los pueblos, que anhelan una convivencia pac\u00edfica, fundada en la justicia. Y continuemos rezando por la paz\u201d.<\/p>\n<p>El momento de oraci\u00f3n se podr\u00e1 seguir online en el <strong>Canal de<\/strong><strong> <span style=\"color: #0000ff;\"><a style=\"color: #0000ff;\" href=\"https:\/\/www.youtube.com\/@UISGRome\" target=\"_blank\" rel=\"noopener\">YouTube UISG<\/a><\/span> y se puede acompa\u00f1ar la iniciativa en las redes sociales con el hashtag #UISGforPeace.<\/strong><\/p>\n","protected":false},"excerpt":{"rendered":"<p>Roma (Italia). Ante la escalada de violencia que afecta a numerosas regiones del mundo, la Uni\u00f3n Internacional de las Superioras Generales (UISG) &#8211; que representa a m\u00e1s de 1.900 congregaciones [&hellip;]<\/p>\n","protected":false},"author":21,"featured_media":154469,"comment_status":"open","ping_status":"closed","sticky":false,"template":"","format":"standard","meta":{"footnotes":""},"categories":[39,191],"tags":[1830,1919,1931,2148,2491],"class_list":["post-154474","post","type-post","status-publish","format-standard","has-post-thumbnail","category-infoesfera","category-iglesia","tag-paz-es","tag-uisg-es","tag-focus-es","tag-preghiera-es","tag-papa-leon-xiv"],"yoast_head":"<!-- This site is optimized with the Yoast SEO plugin v27.4 - https:\/\/yoast.com\/product\/yoast-seo-wordpress\/ -->\n<title>Unidas en oraci\u00f3n por la paz \u2013 UISG &#8226; Istituto Figlie di Maria Ausiliatrice<\/title>\n<meta name=\"description\" content=\"Ante la preocupante situaci\u00f3n mundial, la Uni\u00f3n Internacional de las Superioras Generales (UISG) invita a un momento de oraci\u00f3n por la paz que se llevar\u00e1 a cabo el 6 de marzo de 2026 en transmisi\u00f3n streaming.\" \/>\n<meta name=\"robots\" content=\"index, follow, max-snippet:-1, max-image-preview:large, max-video-preview:-1\" \/>\n<link rel=\"canonical\" href=\"https:\/\/www.cgfmanet.org\/es\/infoesfera\/unidas-en-oracion-por-la-paz-uisg\/\" \/>\n<meta property=\"og:locale\" content=\"es_ES\" \/>\n<meta property=\"og:type\" content=\"article\" \/>\n<meta property=\"og:title\" content=\"Unidas en oraci\u00f3n por la paz \u2013 UISG &#8226; Istituto Figlie di Maria Ausiliatrice\" \/>\n<meta property=\"og:description\" content=\"Ante la preocupante situaci\u00f3n mundial, la Uni\u00f3n Internacional de las Superioras Generales (UISG) invita a un momento de oraci\u00f3n por la paz que se llevar\u00e1 a cabo el 6 de marzo de 2026 en transmisi\u00f3n streaming.\" \/>\n<meta property=\"og:url\" content=\"https:\/\/www.cgfmanet.org\/es\/infoesfera\/unidas-en-oracion-por-la-paz-uisg\/\" \/>\n<meta property=\"og:site_name\" content=\"Istituto Figlie di Maria Ausiliatrice\" \/>\n<meta property=\"article:publisher\" content=\"https:\/\/www.facebook.com\/salesian.sisters.of.don.bosco\/\" \/>\n<meta property=\"article:published_time\" content=\"2026-03-04T11:19:15+00:00\" \/>\n<meta property=\"article:modified_time\" content=\"2026-03-07T21:36:34+00:00\" \/>\n<meta property=\"og:image\" content=\"https:\/\/www.cgfmanet.org\/wp-content\/uploads\/2026\/03\/Preghiera-pace-UISG.jpg\" \/>\n\t<meta property=\"og:image:width\" content=\"1181\" \/>\n\t<meta property=\"og:image:height\" content=\"787\" \/>\n\t<meta property=\"og:image:type\" content=\"image\/jpeg\" \/>\n<meta name=\"author\" content=\"Redazione\" \/>\n<meta name=\"twitter:card\" content=\"summary_large_image\" \/>\n<meta name=\"twitter:creator\" content=\"@Cgfmanet_Org\" \/>\n<meta name=\"twitter:site\" content=\"@Cgfmanet_Org\" \/>\n<meta name=\"twitter:label1\" content=\"Escrito por\" \/>\n\t<meta name=\"twitter:data1\" content=\"Redazione\" \/>\n\t<meta name=\"twitter:label2\" content=\"Tiempo de lectura\" \/>\n\t<meta name=\"twitter:data2\" content=\"2 minutos\" \/>\n<script type=\"application\/ld+json\" class=\"yoast-schema-graph\">{\"@context\":\"https:\\\/\\\/schema.org\",\"@graph\":[{\"@type\":\"Article\",\"@id\":\"https:\\\/\\\/www.cgfmanet.org\\\/es\\\/infoesfera\\\/unidas-en-oracion-por-la-paz-uisg\\\/#article\",\"isPartOf\":{\"@id\":\"https:\\\/\\\/www.cgfmanet.org\\\/es\\\/infoesfera\\\/unidas-en-oracion-por-la-paz-uisg\\\/\"},\"author\":{\"name\":\"Redazione\",\"@id\":\"https:\\\/\\\/www.cgfmanet.org\\\/es\\\/#\\\/schema\\\/person\\\/ce6473083f53ef0ef882cca23f0c8fb9\"},\"headline\":\"Unidas en oraci\u00f3n por la paz \u2013 UISG\",\"datePublished\":\"2026-03-04T11:19:15+00:00\",\"dateModified\":\"2026-03-07T21:36:34+00:00\",\"mainEntityOfPage\":{\"@id\":\"https:\\\/\\\/www.cgfmanet.org\\\/es\\\/infoesfera\\\/unidas-en-oracion-por-la-paz-uisg\\\/\"},\"wordCount\":340,\"commentCount\":0,\"publisher\":{\"@id\":\"https:\\\/\\\/www.cgfmanet.org\\\/es\\\/#organization\"},\"image\":{\"@id\":\"https:\\\/\\\/www.cgfmanet.org\\\/es\\\/infoesfera\\\/unidas-en-oracion-por-la-paz-uisg\\\/#primaryimage\"},\"thumbnailUrl\":\"https:\\\/\\\/www.cgfmanet.org\\\/wp-content\\\/uploads\\\/2026\\\/03\\\/Preghiera-pace-UISG.jpg\",\"keywords\":[\"Paz\",\"UISG\",\"Focus\",\"Preghiera\",\"Papa Le\u00f3n XIV\"],\"articleSection\":[\"Infoesfera\",\"Iglesia\"],\"inLanguage\":\"es\",\"potentialAction\":[{\"@type\":\"CommentAction\",\"name\":\"Comment\",\"target\":[\"https:\\\/\\\/www.cgfmanet.org\\\/es\\\/infoesfera\\\/unidas-en-oracion-por-la-paz-uisg\\\/#respond\"]}]},{\"@type\":\"WebPage\",\"@id\":\"https:\\\/\\\/www.cgfmanet.org\\\/es\\\/infoesfera\\\/unidas-en-oracion-por-la-paz-uisg\\\/\",\"url\":\"https:\\\/\\\/www.cgfmanet.org\\\/es\\\/infoesfera\\\/unidas-en-oracion-por-la-paz-uisg\\\/\",\"name\":\"Unidas en oraci\u00f3n por la paz \u2013 UISG &#8226; Istituto Figlie di Maria Ausiliatrice\",\"isPartOf\":{\"@id\":\"https:\\\/\\\/www.cgfmanet.org\\\/es\\\/#website\"},\"primaryImageOfPage\":{\"@id\":\"https:\\\/\\\/www.cgfmanet.org\\\/es\\\/infoesfera\\\/unidas-en-oracion-por-la-paz-uisg\\\/#primaryimage\"},\"image\":{\"@id\":\"https:\\\/\\\/www.cgfmanet.org\\\/es\\\/infoesfera\\\/unidas-en-oracion-por-la-paz-uisg\\\/#primaryimage\"},\"thumbnailUrl\":\"https:\\\/\\\/www.cgfmanet.org\\\/wp-content\\\/uploads\\\/2026\\\/03\\\/Preghiera-pace-UISG.jpg\",\"datePublished\":\"2026-03-04T11:19:15+00:00\",\"dateModified\":\"2026-03-07T21:36:34+00:00\",\"description\":\"Ante la preocupante situaci\u00f3n mundial, la Uni\u00f3n Internacional de las Superioras Generales (UISG) invita a un momento de oraci\u00f3n por la paz que se llevar\u00e1 a cabo el 6 de marzo de 2026 en transmisi\u00f3n streaming.\",\"breadcrumb\":{\"@id\":\"https:\\\/\\\/www.cgfmanet.org\\\/es\\\/infoesfera\\\/unidas-en-oracion-por-la-paz-uisg\\\/#breadcrumb\"},\"inLanguage\":\"es\",\"potentialAction\":[{\"@type\":\"ReadAction\",\"target\":[\"https:\\\/\\\/www.cgfmanet.org\\\/es\\\/infoesfera\\\/unidas-en-oracion-por-la-paz-uisg\\\/\"]}]},{\"@type\":\"ImageObject\",\"inLanguage\":\"es\",\"@id\":\"https:\\\/\\\/www.cgfmanet.org\\\/es\\\/infoesfera\\\/unidas-en-oracion-por-la-paz-uisg\\\/#primaryimage\",\"url\":\"https:\\\/\\\/www.cgfmanet.org\\\/wp-content\\\/uploads\\\/2026\\\/03\\\/Preghiera-pace-UISG.jpg\",\"contentUrl\":\"https:\\\/\\\/www.cgfmanet.org\\\/wp-content\\\/uploads\\\/2026\\\/03\\\/Preghiera-pace-UISG.jpg\",\"width\":1181,\"height\":787},{\"@type\":\"BreadcrumbList\",\"@id\":\"https:\\\/\\\/www.cgfmanet.org\\\/es\\\/infoesfera\\\/unidas-en-oracion-por-la-paz-uisg\\\/#breadcrumb\",\"itemListElement\":[{\"@type\":\"ListItem\",\"position\":1,\"name\":\"Home\",\"item\":\"https:\\\/\\\/www.cgfmanet.org\\\/es\\\/\"},{\"@type\":\"ListItem\",\"position\":2,\"name\":\"Unidas en oraci\u00f3n por la paz \u2013 UISG\"}]},{\"@type\":\"WebSite\",\"@id\":\"https:\\\/\\\/www.cgfmanet.org\\\/es\\\/#website\",\"url\":\"https:\\\/\\\/www.cgfmanet.org\\\/es\\\/\",\"name\":\"Istituto Figlie di Maria Ausiliatrice\",\"description\":\"Salesiane di Don Bosco\",\"publisher\":{\"@id\":\"https:\\\/\\\/www.cgfmanet.org\\\/es\\\/#organization\"},\"potentialAction\":[{\"@type\":\"SearchAction\",\"target\":{\"@type\":\"EntryPoint\",\"urlTemplate\":\"https:\\\/\\\/www.cgfmanet.org\\\/es\\\/?s={search_term_string}\"},\"query-input\":{\"@type\":\"PropertyValueSpecification\",\"valueRequired\":true,\"valueName\":\"search_term_string\"}}],\"inLanguage\":\"es\"},{\"@type\":\"Organization\",\"@id\":\"https:\\\/\\\/www.cgfmanet.org\\\/es\\\/#organization\",\"name\":\"Istituto Figlie di Maria Ausiliatrice\",\"url\":\"https:\\\/\\\/www.cgfmanet.org\\\/es\\\/\",\"logo\":{\"@type\":\"ImageObject\",\"inLanguage\":\"es\",\"@id\":\"https:\\\/\\\/www.cgfmanet.org\\\/es\\\/#\\\/schema\\\/logo\\\/image\\\/\",\"url\":\"https:\\\/\\\/www.cgfmanet.org\\\/wp-content\\\/uploads\\\/2018\\\/10\\\/logo-fma.png\",\"contentUrl\":\"https:\\\/\\\/www.cgfmanet.org\\\/wp-content\\\/uploads\\\/2018\\\/10\\\/logo-fma.png\",\"width\":214,\"height\":55,\"caption\":\"Istituto Figlie di Maria Ausiliatrice\"},\"image\":{\"@id\":\"https:\\\/\\\/www.cgfmanet.org\\\/es\\\/#\\\/schema\\\/logo\\\/image\\\/\"},\"sameAs\":[\"https:\\\/\\\/www.facebook.com\\\/salesian.sisters.of.don.bosco\\\/\",\"https:\\\/\\\/x.com\\\/Cgfmanet_Org\",\"https:\\\/\\\/www.youtube.com\\\/channel\\\/UCmcr8yFQBV7JXeXVxyV9y5Q\"]},{\"@type\":\"Person\",\"@id\":\"https:\\\/\\\/www.cgfmanet.org\\\/es\\\/#\\\/schema\\\/person\\\/ce6473083f53ef0ef882cca23f0c8fb9\",\"name\":\"Redazione\"}]}<\/script>\n<!-- \/ Yoast SEO plugin. -->","yoast_head_json":{"title":"Unidas en oraci\u00f3n por la paz \u2013 UISG &#8226; Istituto Figlie di Maria Ausiliatrice","description":"Ante la preocupante situaci\u00f3n mundial, la Uni\u00f3n Internacional de las Superioras Generales (UISG) invita a un momento de oraci\u00f3n por la paz que se llevar\u00e1 a cabo el 6 de marzo de 2026 en transmisi\u00f3n streaming.","robots":{"index":"index","follow":"follow","max-snippet":"max-snippet:-1","max-image-preview":"max-image-preview:large","max-video-preview":"max-video-preview:-1"},"canonical":"https:\/\/www.cgfmanet.org\/es\/infoesfera\/unidas-en-oracion-por-la-paz-uisg\/","og_locale":"es_ES","og_type":"article","og_title":"Unidas en oraci\u00f3n por la paz \u2013 UISG &#8226; Istituto Figlie di Maria Ausiliatrice","og_description":"Ante la preocupante situaci\u00f3n mundial, la Uni\u00f3n Internacional de las Superioras Generales (UISG) invita a un momento de oraci\u00f3n por la paz que se llevar\u00e1 a cabo el 6 de marzo de 2026 en transmisi\u00f3n streaming.","og_url":"https:\/\/www.cgfmanet.org\/es\/infoesfera\/unidas-en-oracion-por-la-paz-uisg\/","og_site_name":"Istituto Figlie di Maria Ausiliatrice","article_publisher":"https:\/\/www.facebook.com\/salesian.sisters.of.don.bosco\/","article_published_time":"2026-03-04T11:19:15+00:00","article_modified_time":"2026-03-07T21:36:34+00:00","og_image":[{"width":1181,"height":787,"url":"https:\/\/www.cgfmanet.org\/wp-content\/uploads\/2026\/03\/Preghiera-pace-UISG.jpg","type":"image\/jpeg"}],"author":"Redazione","twitter_card":"summary_large_image","twitter_creator":"@Cgfmanet_Org","twitter_site":"@Cgfmanet_Org","twitter_misc":{"Escrito por":"Redazione","Tiempo de lectura":"2 minutos"},"schema":{"@context":"https:\/\/schema.org","@graph":[{"@type":"Article","@id":"https:\/\/www.cgfmanet.org\/es\/infoesfera\/unidas-en-oracion-por-la-paz-uisg\/#article","isPartOf":{"@id":"https:\/\/www.cgfmanet.org\/es\/infoesfera\/unidas-en-oracion-por-la-paz-uisg\/"},"author":{"name":"Redazione","@id":"https:\/\/www.cgfmanet.org\/es\/#\/schema\/person\/ce6473083f53ef0ef882cca23f0c8fb9"},"headline":"Unidas en oraci\u00f3n por la paz \u2013 UISG","datePublished":"2026-03-04T11:19:15+00:00","dateModified":"2026-03-07T21:36:34+00:00","mainEntityOfPage":{"@id":"https:\/\/www.cgfmanet.org\/es\/infoesfera\/unidas-en-oracion-por-la-paz-uisg\/"},"wordCount":340,"commentCount":0,"publisher":{"@id":"https:\/\/www.cgfmanet.org\/es\/#organization"},"image":{"@id":"https:\/\/www.cgfmanet.org\/es\/infoesfera\/unidas-en-oracion-por-la-paz-uisg\/#primaryimage"},"thumbnailUrl":"https:\/\/www.cgfmanet.org\/wp-content\/uploads\/2026\/03\/Preghiera-pace-UISG.jpg","keywords":["Paz","UISG","Focus","Preghiera","Papa Le\u00f3n XIV"],"articleSection":["Infoesfera","Iglesia"],"inLanguage":"es","potentialAction":[{"@type":"CommentAction","name":"Comment","target":["https:\/\/www.cgfmanet.org\/es\/infoesfera\/unidas-en-oracion-por-la-paz-uisg\/#respond"]}]},{"@type":"WebPage","@id":"https:\/\/www.cgfmanet.org\/es\/infoesfera\/unidas-en-oracion-por-la-paz-uisg\/","url":"https:\/\/www.cgfmanet.org\/es\/infoesfera\/unidas-en-oracion-por-la-paz-uisg\/","name":"Unidas en oraci\u00f3n por la paz \u2013 UISG &#8226; Istituto Figlie di Maria Ausiliatrice","isPartOf":{"@id":"https:\/\/www.cgfmanet.org\/es\/#website"},"primaryImageOfPage":{"@id":"https:\/\/www.cgfmanet.org\/es\/infoesfera\/unidas-en-oracion-por-la-paz-uisg\/#primaryimage"},"image":{"@id":"https:\/\/www.cgfmanet.org\/es\/infoesfera\/unidas-en-oracion-por-la-paz-uisg\/#primaryimage"},"thumbnailUrl":"https:\/\/www.cgfmanet.org\/wp-content\/uploads\/2026\/03\/Preghiera-pace-UISG.jpg","datePublished":"2026-03-04T11:19:15+00:00","dateModified":"2026-03-07T21:36:34+00:00","description":"Ante la preocupante situaci\u00f3n mundial, la Uni\u00f3n Internacional de las Superioras Generales (UISG) invita a un momento de oraci\u00f3n por la paz que se llevar\u00e1 a cabo el 6 de marzo de 2026 en transmisi\u00f3n streaming.","breadcrumb":{"@id":"https:\/\/www.cgfmanet.org\/es\/infoesfera\/unidas-en-oracion-por-la-paz-uisg\/#breadcrumb"},"inLanguage":"es","potentialAction":[{"@type":"ReadAction","target":["https:\/\/www.cgfmanet.org\/es\/infoesfera\/unidas-en-oracion-por-la-paz-uisg\/"]}]},{"@type":"ImageObject","inLanguage":"es","@id":"https:\/\/www.cgfmanet.org\/es\/infoesfera\/unidas-en-oracion-por-la-paz-uisg\/#primaryimage","url":"https:\/\/www.cgfmanet.org\/wp-content\/uploads\/2026\/03\/Preghiera-pace-UISG.jpg","contentUrl":"https:\/\/www.cgfmanet.org\/wp-content\/uploads\/2026\/03\/Preghiera-pace-UISG.jpg","width":1181,"height":787},{"@type":"BreadcrumbList","@id":"https:\/\/www.cgfmanet.org\/es\/infoesfera\/unidas-en-oracion-por-la-paz-uisg\/#breadcrumb","itemListElement":[{"@type":"ListItem","position":1,"name":"Home","item":"https:\/\/www.cgfmanet.org\/es\/"},{"@type":"ListItem","position":2,"name":"Unidas en oraci\u00f3n por la paz \u2013 UISG"}]},{"@type":"WebSite","@id":"https:\/\/www.cgfmanet.org\/es\/#website","url":"https:\/\/www.cgfmanet.org\/es\/","name":"Istituto Figlie di Maria Ausiliatrice","description":"Salesiane di Don Bosco","publisher":{"@id":"https:\/\/www.cgfmanet.org\/es\/#organization"},"potentialAction":[{"@type":"SearchAction","target":{"@type":"EntryPoint","urlTemplate":"https:\/\/www.cgfmanet.org\/es\/?s={search_term_string}"},"query-input":{"@type":"PropertyValueSpecification","valueRequired":true,"valueName":"search_term_string"}}],"inLanguage":"es"},{"@type":"Organization","@id":"https:\/\/www.cgfmanet.org\/es\/#organization","name":"Istituto Figlie di Maria Ausiliatrice","url":"https:\/\/www.cgfmanet.org\/es\/","logo":{"@type":"ImageObject","inLanguage":"es","@id":"https:\/\/www.cgfmanet.org\/es\/#\/schema\/logo\/image\/","url":"https:\/\/www.cgfmanet.org\/wp-content\/uploads\/2018\/10\/logo-fma.png","contentUrl":"https:\/\/www.cgfmanet.org\/wp-content\/uploads\/2018\/10\/logo-fma.png","width":214,"height":55,"caption":"Istituto Figlie di Maria Ausiliatrice"},"image":{"@id":"https:\/\/www.cgfmanet.org\/es\/#\/schema\/logo\/image\/"},"sameAs":["https:\/\/www.facebook.com\/salesian.sisters.of.don.bosco\/","https:\/\/x.com\/Cgfmanet_Org","https:\/\/www.youtube.com\/channel\/UCmcr8yFQBV7JXeXVxyV9y5Q"]},{"@type":"Person","@id":"https:\/\/www.cgfmanet.org\/es\/#\/schema\/person\/ce6473083f53ef0ef882cca23f0c8fb9","name":"Redazione"}]}},"_links":{"self":[{"href":"https:\/\/www.cgfmanet.org\/es\/wp-json\/wp\/v2\/posts\/154474","targetHints":{"allow":["GET"]}}],"collection":[{"href":"https:\/\/www.cgfmanet.org\/es\/wp-json\/wp\/v2\/posts"}],"about":[{"href":"https:\/\/www.cgfmanet.org\/es\/wp-json\/wp\/v2\/types\/post"}],"author":[{"embeddable":true,"href":"https:\/\/www.cgfmanet.org\/es\/wp-json\/wp\/v2\/users\/21"}],"replies":[{"embeddable":true,"href":"https:\/\/www.cgfmanet.org\/es\/wp-json\/wp\/v2\/comments?post=154474"}],"version-history":[{"count":3,"href":"https:\/\/www.cgfmanet.org\/es\/wp-json\/wp\/v2\/posts\/154474\/revisions"}],"predecessor-version":[{"id":154645,"href":"https:\/\/www.cgfmanet.org\/es\/wp-json\/wp\/v2\/posts\/154474\/revisions\/154645"}],"wp:featuredmedia":[{"embeddable":true,"href":"https:\/\/www.cgfmanet.org\/es\/wp-json\/wp\/v2\/media\/154469"}],"wp:attachment":[{"href":"https:\/\/www.cgfmanet.org\/es\/wp-json\/wp\/v2\/media?parent=154474"}],"wp:term":[{"taxonomy":"category","embeddable":true,"href":"https:\/\/www.cgfmanet.org\/es\/wp-json\/wp\/v2\/categories?post=154474"},{"taxonomy":"post_tag","embeddable":true,"href":"https:\/\/www.cgfmanet.org\/es\/wp-json\/wp\/v2\/tags?post=154474"}],"curies":[{"name":"wp","href":"https:\/\/api.w.org\/{rel}","templated":true}]}}