{"id":154254,"date":"2026-02-28T12:32:37","date_gmt":"2026-02-28T11:32:37","guid":{"rendered":"https:\/\/www.cgfmanet.org\/infoesfera\/39a-giornata-della-facolta-auxilium\/"},"modified":"2026-03-02T22:21:44","modified_gmt":"2026-03-02T21:21:44","slug":"39a-jornada-de-la-facultad-auxilium","status":"publish","type":"post","link":"https:\/\/www.cgfmanet.org\/es\/ifma-es\/39a-jornada-de-la-facultad-auxilium\/","title":{"rendered":"39\u00aa Jornada de la Facultad \u201cAuxilium\u201d"},"content":{"rendered":"<p><strong>Roma (Italia).<\/strong> El 6 de marzo de 2026, para celebrar la 39\u00aa Jornada de la Facultad y en proximidad al D\u00eda Internacional de la Mujer (8 de marzo), la Pontificia Facultad de Ciencias de la Educaci\u00f3n \u00abAuxilium\u00bb de Roma propone el Congreso internacional de estudio \u201cLas relaciones hermanas y hermanos en algunas Religiones del Libro Sagrado. Caminos y perspectivas\u201d.<\/p>\n<p>La reflexi\u00f3n sobre el tema est\u00e1 confiada a tres estudiosas, respectivamente del Juda\u00edsmo, Elena Lea Bartolini De Angeli; del Cristianismo, Marinella Perroni; y del Islam, Meryem Akabouch.<\/p>\n<p>El programa prev\u00e9 el saludo inicial de la Decana, la sor Piera Silvia Ruffinatto, y la introducci\u00f3n a los trabajos por parte de la sor Marcella Farina, Coordinadora del Centro de Estudios Mujer y Educaci\u00f3n.<\/p>\n<p>La palabra pasar\u00e1 despu\u00e9s a la Prof.\u00aa Brigida Angeloni, docente de Educaci\u00f3n de Adultos y de Pedagog\u00eda Social en la Facultad, quien moderar\u00e1 la mesa redonda con las intervenciones.<\/p>\n<p>Elena Lea Bartolini De Angeli \u2014Docente estable de Juda\u00edsmo y Hermen\u00e9utica jud\u00eda en el ISSR de Mil\u00e1n conectado a la Facultad Teol\u00f3gica de Italia Septentrional, Docente de Cultura B\u00edblica en el ULPAN (Escuela de Lengua y cultura jud\u00eda) de Mil\u00e1n y Docente invitada en diversos Ateneos Italianos\u2014 hablar\u00e1 de \u201cHermanas y hermanos. Una relaci\u00f3n entre responsabilidad y conflictividad constructiva\u201d.<\/p>\n<p>\u00abEntre vosotros, sin embargo, no es as\u00ed\u2026\u00bb es el t\u00edtulo de la intervenci\u00f3n de Marinella Perroni, Docente em\u00e9rita de Nuevo Testamento en el Pontificio Ateneo S. Anselmo y Docente invitada en la Pontificia Facultad Teol\u00f3gica Marianum de Roma, quien fund\u00f3 la Coordinaci\u00f3n de Te\u00f3logas Italianas (CTI), de la cual fue tambi\u00e9n Presidenta, y dirige con Stella Morra la colecci\u00f3n \u00abSui generis\u00bb para la editorial Effat\u00e0 Editrice.<\/p>\n<p>Meryem Akabouch \u2014investigadora en la Luiss Mediterranean Platform y especializada en filosof\u00eda pol\u00edtica, relaciones internacionales y desarrollo, con especial atenci\u00f3n al mundo \u00e1rabe y al \u00e1rea del Mediterr\u00e1neo\u2014 intervendr\u00e1 sobre \u201cLas relaciones hermanas y hermanos desde el punto de vista del Islam\u201d.<\/p>\n<p>La tarde de estudio se sit\u00faa en un recorrido espec\u00edfico de investigaci\u00f3n iniciado el 8 de marzo de 2022 con el Congreso internacional: \u201cLas relaciones mujer-hombre en algunas religiones del Libro Sagrado. Caminos y perspectivas en el poliedro de las antropolog\u00edas\u201d, y continuando despu\u00e9s con \u201cLas relaciones madre hija-hijo\u201d (2024) y \u201cLas relaciones padre hija-hijo\u201d (2025).<\/p>\n<p>El objetivo era iniciar un itinerario de reflexi\u00f3n y de estudio sobre la relacionalidad humana, considerada una urgencia y emergencia para una convivencia plenamente humana en el actual cambio de \u00e9poca. Una convicci\u00f3n es que las relaciones mujer-hombre constituyen el paradigma fundamental que da sentido y direcci\u00f3n a las otras relaciones abiertas a la reciprocidad constructiva, para una sociedad m\u00e1s atenta al bien com\u00fan y a la vida de cada uno.<\/p>\n<p>En esta perspectiva, la Facultad \u00abAuxilium\u00bb ha decidido profundizar en la tem\u00e1tica, explorando tambi\u00e9n la contribuci\u00f3n de las Religiones, en cuanto que estas pueden ofrecer su valioso aporte \u00aba partir del reconocimiento del valor de cada persona humana como criatura llamada a ser hijo o hija de Dios\u00bb (Fratelli tutti n. 271). De hecho, \u00absin una apertura al Padre de todos, no puede haber razones s\u00f3lidas y estables para el llamado a la fraternidad\u00bb (Fratelli tutti n. 272); \u00abla raz\u00f3n, por s\u00ed sola, es capaz de alcanzar la igualdad entre los hombres y de establecer una convivencia c\u00edvica entre ellos, pero no logra fundar la fraternidad\u00bb (Caritas in Veritate n. 261).<\/p>\n<p>El Congreso del 6 de marzo de 2026, aunque circunscrito, presenta una vasta gama exploratoria que se abre a interrogantes radicales que no se pueden dejar de abordar, en red con estudiosas y estudiosos, y con quienes operan en contextos educativos y formativos.<\/p>\n<p><strong>La tarde de estudio se llevar\u00e1 a cabo de forma presencial en el Aula Magna \u00abJuan Pablo II\u00bb de la Facultad \u00abAuxilium\u00bb de 15:00 a 18:00 horas y ser\u00e1 transmitida <span style=\"color: #0000ff;\"><a style=\"color: #0000ff;\" href=\"https:\/\/www.youtube.com\/live\/8UuPH7v9guI\" target=\"_blank\" rel=\"noopener\">en directo<\/a><\/span> por el canal de YouTube de la Facultad.<\/strong><\/p>\n<p><span style=\"color: #0000ff;\"><strong><a style=\"color: #0000ff;\" href=\"https:\/\/www.youtube.com\/live\/8UuPH7v9guI\" target=\"_blank\" rel=\"noopener\">Programa<\/a><\/strong><\/span><\/p>\n","protected":false},"excerpt":{"rendered":"<p>Roma (Italia). El 6 de marzo de 2026, para celebrar la 39\u00aa Jornada de la Facultad y en proximidad al D\u00eda Internacional de la Mujer (8 de marzo), la Pontificia [&hellip;]<\/p>\n","protected":false},"author":21,"featured_media":154249,"comment_status":"open","ping_status":"closed","sticky":false,"template":"","format":"standard","meta":{"footnotes":""},"categories":[158,169],"tags":[279,1135,1379,1807,1931,2118],"class_list":["post-154254","post","type-post","status-publish","format-standard","has-post-thumbnail","category-ifma-es","category-conferencias-seminarios","tag-dialogo-interreligioso-es","tag-educacion","tag-promocion-de-la-mujer","tag-auxilium-es","tag-focus-es","tag-donna-es"],"yoast_head":"<!-- This site is optimized with the Yoast SEO plugin v27.4 - https:\/\/yoast.com\/product\/yoast-seo-wordpress\/ -->\n<title>39\u00aa Jornada de la Facultad \u201cAuxilium\u201d &#8226; Istituto Figlie di Maria Ausiliatrice<\/title>\n<meta name=\"description\" content=\"El 6 de marzo de 2026, con motivo de la 39\u00aa Jornada de la Facultad, la Pontificia Facultad de Ciencias de la Educaci\u00f3n \u00abAuxilium\u00bb organiza un Congreso internacional de estudio.\" \/>\n<meta name=\"robots\" content=\"index, follow, max-snippet:-1, max-image-preview:large, max-video-preview:-1\" \/>\n<link rel=\"canonical\" href=\"https:\/\/www.cgfmanet.org\/es\/ifma-es\/39a-jornada-de-la-facultad-auxilium\/\" \/>\n<meta property=\"og:locale\" content=\"es_ES\" \/>\n<meta property=\"og:type\" content=\"article\" \/>\n<meta property=\"og:title\" content=\"39\u00aa Jornada de la Facultad \u201cAuxilium\u201d &#8226; Istituto Figlie di Maria Ausiliatrice\" \/>\n<meta property=\"og:description\" content=\"El 6 de marzo de 2026, con motivo de la 39\u00aa Jornada de la Facultad, la Pontificia Facultad de Ciencias de la Educaci\u00f3n \u00abAuxilium\u00bb organiza un Congreso internacional de estudio.\" \/>\n<meta property=\"og:url\" content=\"https:\/\/www.cgfmanet.org\/es\/ifma-es\/39a-jornada-de-la-facultad-auxilium\/\" \/>\n<meta property=\"og:site_name\" content=\"Istituto Figlie di Maria Ausiliatrice\" \/>\n<meta property=\"article:publisher\" content=\"https:\/\/www.facebook.com\/salesian.sisters.of.don.bosco\/\" \/>\n<meta property=\"article:published_time\" content=\"2026-02-28T11:32:37+00:00\" \/>\n<meta property=\"article:modified_time\" content=\"2026-03-02T21:21:44+00:00\" \/>\n<meta property=\"og:image\" content=\"https:\/\/www.cgfmanet.org\/wp-content\/uploads\/2026\/02\/Giornata-Facolta-Auxilium_2026.jpg\" \/>\n\t<meta property=\"og:image:width\" content=\"1200\" \/>\n\t<meta property=\"og:image:height\" content=\"800\" \/>\n\t<meta property=\"og:image:type\" content=\"image\/jpeg\" \/>\n<meta name=\"author\" content=\"Redazione\" \/>\n<meta name=\"twitter:card\" content=\"summary_large_image\" \/>\n<meta name=\"twitter:creator\" content=\"@Cgfmanet_Org\" \/>\n<meta name=\"twitter:site\" content=\"@Cgfmanet_Org\" \/>\n<meta name=\"twitter:label1\" content=\"Escrito por\" \/>\n\t<meta name=\"twitter:data1\" content=\"Redazione\" \/>\n\t<meta name=\"twitter:label2\" content=\"Tiempo de lectura\" \/>\n\t<meta name=\"twitter:data2\" content=\"4 minutos\" \/>\n<script type=\"application\/ld+json\" class=\"yoast-schema-graph\">{\"@context\":\"https:\\\/\\\/schema.org\",\"@graph\":[{\"@type\":\"Article\",\"@id\":\"https:\\\/\\\/www.cgfmanet.org\\\/es\\\/ifma-es\\\/39a-jornada-de-la-facultad-auxilium\\\/#article\",\"isPartOf\":{\"@id\":\"https:\\\/\\\/www.cgfmanet.org\\\/es\\\/ifma-es\\\/39a-jornada-de-la-facultad-auxilium\\\/\"},\"author\":{\"name\":\"Redazione\",\"@id\":\"https:\\\/\\\/www.cgfmanet.org\\\/es\\\/#\\\/schema\\\/person\\\/ce6473083f53ef0ef882cca23f0c8fb9\"},\"headline\":\"39\u00aa Jornada de la Facultad \u201cAuxilium\u201d\",\"datePublished\":\"2026-02-28T11:32:37+00:00\",\"dateModified\":\"2026-03-02T21:21:44+00:00\",\"mainEntityOfPage\":{\"@id\":\"https:\\\/\\\/www.cgfmanet.org\\\/es\\\/ifma-es\\\/39a-jornada-de-la-facultad-auxilium\\\/\"},\"wordCount\":675,\"commentCount\":0,\"publisher\":{\"@id\":\"https:\\\/\\\/www.cgfmanet.org\\\/es\\\/#organization\"},\"image\":{\"@id\":\"https:\\\/\\\/www.cgfmanet.org\\\/es\\\/ifma-es\\\/39a-jornada-de-la-facultad-auxilium\\\/#primaryimage\"},\"thumbnailUrl\":\"https:\\\/\\\/www.cgfmanet.org\\\/wp-content\\\/uploads\\\/2026\\\/02\\\/Giornata-Facolta-Auxilium_2026.jpg\",\"keywords\":[\"Di\u00e1logo Interreligioso\",\"Educaci\u00f3n\",\"Promoci\u00f3n de la mujer\",\"Auxilium\",\"Focus\",\"Donna\"],\"articleSection\":[\"IFMA\",\"Conferencias y Seminarios\"],\"inLanguage\":\"es\",\"potentialAction\":[{\"@type\":\"CommentAction\",\"name\":\"Comment\",\"target\":[\"https:\\\/\\\/www.cgfmanet.org\\\/es\\\/ifma-es\\\/39a-jornada-de-la-facultad-auxilium\\\/#respond\"]}]},{\"@type\":\"WebPage\",\"@id\":\"https:\\\/\\\/www.cgfmanet.org\\\/es\\\/ifma-es\\\/39a-jornada-de-la-facultad-auxilium\\\/\",\"url\":\"https:\\\/\\\/www.cgfmanet.org\\\/es\\\/ifma-es\\\/39a-jornada-de-la-facultad-auxilium\\\/\",\"name\":\"39\u00aa Jornada de la Facultad \u201cAuxilium\u201d &#8226; Istituto Figlie di Maria Ausiliatrice\",\"isPartOf\":{\"@id\":\"https:\\\/\\\/www.cgfmanet.org\\\/es\\\/#website\"},\"primaryImageOfPage\":{\"@id\":\"https:\\\/\\\/www.cgfmanet.org\\\/es\\\/ifma-es\\\/39a-jornada-de-la-facultad-auxilium\\\/#primaryimage\"},\"image\":{\"@id\":\"https:\\\/\\\/www.cgfmanet.org\\\/es\\\/ifma-es\\\/39a-jornada-de-la-facultad-auxilium\\\/#primaryimage\"},\"thumbnailUrl\":\"https:\\\/\\\/www.cgfmanet.org\\\/wp-content\\\/uploads\\\/2026\\\/02\\\/Giornata-Facolta-Auxilium_2026.jpg\",\"datePublished\":\"2026-02-28T11:32:37+00:00\",\"dateModified\":\"2026-03-02T21:21:44+00:00\",\"description\":\"El 6 de marzo de 2026, con motivo de la 39\u00aa Jornada de la Facultad, la Pontificia Facultad de Ciencias de la Educaci\u00f3n \u00abAuxilium\u00bb organiza un Congreso internacional de estudio.\",\"breadcrumb\":{\"@id\":\"https:\\\/\\\/www.cgfmanet.org\\\/es\\\/ifma-es\\\/39a-jornada-de-la-facultad-auxilium\\\/#breadcrumb\"},\"inLanguage\":\"es\",\"potentialAction\":[{\"@type\":\"ReadAction\",\"target\":[\"https:\\\/\\\/www.cgfmanet.org\\\/es\\\/ifma-es\\\/39a-jornada-de-la-facultad-auxilium\\\/\"]}]},{\"@type\":\"ImageObject\",\"inLanguage\":\"es\",\"@id\":\"https:\\\/\\\/www.cgfmanet.org\\\/es\\\/ifma-es\\\/39a-jornada-de-la-facultad-auxilium\\\/#primaryimage\",\"url\":\"https:\\\/\\\/www.cgfmanet.org\\\/wp-content\\\/uploads\\\/2026\\\/02\\\/Giornata-Facolta-Auxilium_2026.jpg\",\"contentUrl\":\"https:\\\/\\\/www.cgfmanet.org\\\/wp-content\\\/uploads\\\/2026\\\/02\\\/Giornata-Facolta-Auxilium_2026.jpg\",\"width\":1200,\"height\":800},{\"@type\":\"BreadcrumbList\",\"@id\":\"https:\\\/\\\/www.cgfmanet.org\\\/es\\\/ifma-es\\\/39a-jornada-de-la-facultad-auxilium\\\/#breadcrumb\",\"itemListElement\":[{\"@type\":\"ListItem\",\"position\":1,\"name\":\"Home\",\"item\":\"https:\\\/\\\/www.cgfmanet.org\\\/es\\\/\"},{\"@type\":\"ListItem\",\"position\":2,\"name\":\"39\u00aa Jornada de la Facultad \u201cAuxilium\u201d\"}]},{\"@type\":\"WebSite\",\"@id\":\"https:\\\/\\\/www.cgfmanet.org\\\/es\\\/#website\",\"url\":\"https:\\\/\\\/www.cgfmanet.org\\\/es\\\/\",\"name\":\"Istituto Figlie di Maria Ausiliatrice\",\"description\":\"Salesiane di Don Bosco\",\"publisher\":{\"@id\":\"https:\\\/\\\/www.cgfmanet.org\\\/es\\\/#organization\"},\"potentialAction\":[{\"@type\":\"SearchAction\",\"target\":{\"@type\":\"EntryPoint\",\"urlTemplate\":\"https:\\\/\\\/www.cgfmanet.org\\\/es\\\/?s={search_term_string}\"},\"query-input\":{\"@type\":\"PropertyValueSpecification\",\"valueRequired\":true,\"valueName\":\"search_term_string\"}}],\"inLanguage\":\"es\"},{\"@type\":\"Organization\",\"@id\":\"https:\\\/\\\/www.cgfmanet.org\\\/es\\\/#organization\",\"name\":\"Istituto Figlie di Maria Ausiliatrice\",\"url\":\"https:\\\/\\\/www.cgfmanet.org\\\/es\\\/\",\"logo\":{\"@type\":\"ImageObject\",\"inLanguage\":\"es\",\"@id\":\"https:\\\/\\\/www.cgfmanet.org\\\/es\\\/#\\\/schema\\\/logo\\\/image\\\/\",\"url\":\"https:\\\/\\\/www.cgfmanet.org\\\/wp-content\\\/uploads\\\/2018\\\/10\\\/logo-fma.png\",\"contentUrl\":\"https:\\\/\\\/www.cgfmanet.org\\\/wp-content\\\/uploads\\\/2018\\\/10\\\/logo-fma.png\",\"width\":214,\"height\":55,\"caption\":\"Istituto Figlie di Maria Ausiliatrice\"},\"image\":{\"@id\":\"https:\\\/\\\/www.cgfmanet.org\\\/es\\\/#\\\/schema\\\/logo\\\/image\\\/\"},\"sameAs\":[\"https:\\\/\\\/www.facebook.com\\\/salesian.sisters.of.don.bosco\\\/\",\"https:\\\/\\\/x.com\\\/Cgfmanet_Org\",\"https:\\\/\\\/www.youtube.com\\\/channel\\\/UCmcr8yFQBV7JXeXVxyV9y5Q\"]},{\"@type\":\"Person\",\"@id\":\"https:\\\/\\\/www.cgfmanet.org\\\/es\\\/#\\\/schema\\\/person\\\/ce6473083f53ef0ef882cca23f0c8fb9\",\"name\":\"Redazione\"}]}<\/script>\n<!-- \/ Yoast SEO plugin. -->","yoast_head_json":{"title":"39\u00aa Jornada de la Facultad \u201cAuxilium\u201d &#8226; Istituto Figlie di Maria Ausiliatrice","description":"El 6 de marzo de 2026, con motivo de la 39\u00aa Jornada de la Facultad, la Pontificia Facultad de Ciencias de la Educaci\u00f3n \u00abAuxilium\u00bb organiza un Congreso internacional de estudio.","robots":{"index":"index","follow":"follow","max-snippet":"max-snippet:-1","max-image-preview":"max-image-preview:large","max-video-preview":"max-video-preview:-1"},"canonical":"https:\/\/www.cgfmanet.org\/es\/ifma-es\/39a-jornada-de-la-facultad-auxilium\/","og_locale":"es_ES","og_type":"article","og_title":"39\u00aa Jornada de la Facultad \u201cAuxilium\u201d &#8226; Istituto Figlie di Maria Ausiliatrice","og_description":"El 6 de marzo de 2026, con motivo de la 39\u00aa Jornada de la Facultad, la Pontificia Facultad de Ciencias de la Educaci\u00f3n \u00abAuxilium\u00bb organiza un Congreso internacional de estudio.","og_url":"https:\/\/www.cgfmanet.org\/es\/ifma-es\/39a-jornada-de-la-facultad-auxilium\/","og_site_name":"Istituto Figlie di Maria Ausiliatrice","article_publisher":"https:\/\/www.facebook.com\/salesian.sisters.of.don.bosco\/","article_published_time":"2026-02-28T11:32:37+00:00","article_modified_time":"2026-03-02T21:21:44+00:00","og_image":[{"width":1200,"height":800,"url":"https:\/\/www.cgfmanet.org\/wp-content\/uploads\/2026\/02\/Giornata-Facolta-Auxilium_2026.jpg","type":"image\/jpeg"}],"author":"Redazione","twitter_card":"summary_large_image","twitter_creator":"@Cgfmanet_Org","twitter_site":"@Cgfmanet_Org","twitter_misc":{"Escrito por":"Redazione","Tiempo de lectura":"4 minutos"},"schema":{"@context":"https:\/\/schema.org","@graph":[{"@type":"Article","@id":"https:\/\/www.cgfmanet.org\/es\/ifma-es\/39a-jornada-de-la-facultad-auxilium\/#article","isPartOf":{"@id":"https:\/\/www.cgfmanet.org\/es\/ifma-es\/39a-jornada-de-la-facultad-auxilium\/"},"author":{"name":"Redazione","@id":"https:\/\/www.cgfmanet.org\/es\/#\/schema\/person\/ce6473083f53ef0ef882cca23f0c8fb9"},"headline":"39\u00aa Jornada de la Facultad \u201cAuxilium\u201d","datePublished":"2026-02-28T11:32:37+00:00","dateModified":"2026-03-02T21:21:44+00:00","mainEntityOfPage":{"@id":"https:\/\/www.cgfmanet.org\/es\/ifma-es\/39a-jornada-de-la-facultad-auxilium\/"},"wordCount":675,"commentCount":0,"publisher":{"@id":"https:\/\/www.cgfmanet.org\/es\/#organization"},"image":{"@id":"https:\/\/www.cgfmanet.org\/es\/ifma-es\/39a-jornada-de-la-facultad-auxilium\/#primaryimage"},"thumbnailUrl":"https:\/\/www.cgfmanet.org\/wp-content\/uploads\/2026\/02\/Giornata-Facolta-Auxilium_2026.jpg","keywords":["Di\u00e1logo Interreligioso","Educaci\u00f3n","Promoci\u00f3n de la mujer","Auxilium","Focus","Donna"],"articleSection":["IFMA","Conferencias y Seminarios"],"inLanguage":"es","potentialAction":[{"@type":"CommentAction","name":"Comment","target":["https:\/\/www.cgfmanet.org\/es\/ifma-es\/39a-jornada-de-la-facultad-auxilium\/#respond"]}]},{"@type":"WebPage","@id":"https:\/\/www.cgfmanet.org\/es\/ifma-es\/39a-jornada-de-la-facultad-auxilium\/","url":"https:\/\/www.cgfmanet.org\/es\/ifma-es\/39a-jornada-de-la-facultad-auxilium\/","name":"39\u00aa Jornada de la Facultad \u201cAuxilium\u201d &#8226; Istituto Figlie di Maria Ausiliatrice","isPartOf":{"@id":"https:\/\/www.cgfmanet.org\/es\/#website"},"primaryImageOfPage":{"@id":"https:\/\/www.cgfmanet.org\/es\/ifma-es\/39a-jornada-de-la-facultad-auxilium\/#primaryimage"},"image":{"@id":"https:\/\/www.cgfmanet.org\/es\/ifma-es\/39a-jornada-de-la-facultad-auxilium\/#primaryimage"},"thumbnailUrl":"https:\/\/www.cgfmanet.org\/wp-content\/uploads\/2026\/02\/Giornata-Facolta-Auxilium_2026.jpg","datePublished":"2026-02-28T11:32:37+00:00","dateModified":"2026-03-02T21:21:44+00:00","description":"El 6 de marzo de 2026, con motivo de la 39\u00aa Jornada de la Facultad, la Pontificia Facultad de Ciencias de la Educaci\u00f3n \u00abAuxilium\u00bb organiza un Congreso internacional de estudio.","breadcrumb":{"@id":"https:\/\/www.cgfmanet.org\/es\/ifma-es\/39a-jornada-de-la-facultad-auxilium\/#breadcrumb"},"inLanguage":"es","potentialAction":[{"@type":"ReadAction","target":["https:\/\/www.cgfmanet.org\/es\/ifma-es\/39a-jornada-de-la-facultad-auxilium\/"]}]},{"@type":"ImageObject","inLanguage":"es","@id":"https:\/\/www.cgfmanet.org\/es\/ifma-es\/39a-jornada-de-la-facultad-auxilium\/#primaryimage","url":"https:\/\/www.cgfmanet.org\/wp-content\/uploads\/2026\/02\/Giornata-Facolta-Auxilium_2026.jpg","contentUrl":"https:\/\/www.cgfmanet.org\/wp-content\/uploads\/2026\/02\/Giornata-Facolta-Auxilium_2026.jpg","width":1200,"height":800},{"@type":"BreadcrumbList","@id":"https:\/\/www.cgfmanet.org\/es\/ifma-es\/39a-jornada-de-la-facultad-auxilium\/#breadcrumb","itemListElement":[{"@type":"ListItem","position":1,"name":"Home","item":"https:\/\/www.cgfmanet.org\/es\/"},{"@type":"ListItem","position":2,"name":"39\u00aa Jornada de la Facultad \u201cAuxilium\u201d"}]},{"@type":"WebSite","@id":"https:\/\/www.cgfmanet.org\/es\/#website","url":"https:\/\/www.cgfmanet.org\/es\/","name":"Istituto Figlie di Maria Ausiliatrice","description":"Salesiane di Don Bosco","publisher":{"@id":"https:\/\/www.cgfmanet.org\/es\/#organization"},"potentialAction":[{"@type":"SearchAction","target":{"@type":"EntryPoint","urlTemplate":"https:\/\/www.cgfmanet.org\/es\/?s={search_term_string}"},"query-input":{"@type":"PropertyValueSpecification","valueRequired":true,"valueName":"search_term_string"}}],"inLanguage":"es"},{"@type":"Organization","@id":"https:\/\/www.cgfmanet.org\/es\/#organization","name":"Istituto Figlie di Maria Ausiliatrice","url":"https:\/\/www.cgfmanet.org\/es\/","logo":{"@type":"ImageObject","inLanguage":"es","@id":"https:\/\/www.cgfmanet.org\/es\/#\/schema\/logo\/image\/","url":"https:\/\/www.cgfmanet.org\/wp-content\/uploads\/2018\/10\/logo-fma.png","contentUrl":"https:\/\/www.cgfmanet.org\/wp-content\/uploads\/2018\/10\/logo-fma.png","width":214,"height":55,"caption":"Istituto Figlie di Maria Ausiliatrice"},"image":{"@id":"https:\/\/www.cgfmanet.org\/es\/#\/schema\/logo\/image\/"},"sameAs":["https:\/\/www.facebook.com\/salesian.sisters.of.don.bosco\/","https:\/\/x.com\/Cgfmanet_Org","https:\/\/www.youtube.com\/channel\/UCmcr8yFQBV7JXeXVxyV9y5Q"]},{"@type":"Person","@id":"https:\/\/www.cgfmanet.org\/es\/#\/schema\/person\/ce6473083f53ef0ef882cca23f0c8fb9","name":"Redazione"}]}},"_links":{"self":[{"href":"https:\/\/www.cgfmanet.org\/es\/wp-json\/wp\/v2\/posts\/154254","targetHints":{"allow":["GET"]}}],"collection":[{"href":"https:\/\/www.cgfmanet.org\/es\/wp-json\/wp\/v2\/posts"}],"about":[{"href":"https:\/\/www.cgfmanet.org\/es\/wp-json\/wp\/v2\/types\/post"}],"author":[{"embeddable":true,"href":"https:\/\/www.cgfmanet.org\/es\/wp-json\/wp\/v2\/users\/21"}],"replies":[{"embeddable":true,"href":"https:\/\/www.cgfmanet.org\/es\/wp-json\/wp\/v2\/comments?post=154254"}],"version-history":[{"count":3,"href":"https:\/\/www.cgfmanet.org\/es\/wp-json\/wp\/v2\/posts\/154254\/revisions"}],"predecessor-version":[{"id":154389,"href":"https:\/\/www.cgfmanet.org\/es\/wp-json\/wp\/v2\/posts\/154254\/revisions\/154389"}],"wp:featuredmedia":[{"embeddable":true,"href":"https:\/\/www.cgfmanet.org\/es\/wp-json\/wp\/v2\/media\/154249"}],"wp:attachment":[{"href":"https:\/\/www.cgfmanet.org\/es\/wp-json\/wp\/v2\/media?parent=154254"}],"wp:term":[{"taxonomy":"category","embeddable":true,"href":"https:\/\/www.cgfmanet.org\/es\/wp-json\/wp\/v2\/categories?post=154254"},{"taxonomy":"post_tag","embeddable":true,"href":"https:\/\/www.cgfmanet.org\/es\/wp-json\/wp\/v2\/tags?post=154254"}],"curies":[{"name":"wp","href":"https:\/\/api.w.org\/{rel}","templated":true}]}}