{"id":154235,"date":"2026-02-27T16:11:03","date_gmt":"2026-02-27T15:11:03","guid":{"rendered":"https:\/\/www.cgfmanet.org\/infoesfera\/convocazione-del-capitolo-generale-xxv\/"},"modified":"2026-03-17T18:18:37","modified_gmt":"2026-03-17T17:18:37","slug":"convocatoria-del-capitulo-general-xxv-circular-no1056","status":"publish","type":"post","link":"https:\/\/www.cgfmanet.org\/es\/ifma-es\/convocatoria-del-capitulo-general-xxv-circular-no1056\/","title":{"rendered":"Convocatoria del Cap\u00edtulo General XXV &#8211; Circular n\u00ba1056"},"content":{"rendered":"<p><strong>Roma (Italia).<\/strong> Al t\u00e9rmino del pleno de invierno, la Superiora General del Instituto de las Hijas de Mar\u00eda Auxiliadora, <strong>Madre Chiara Cazzuola<\/strong>, con la Circular n\u00b0 1056 fechada el 24 de febrero de 2026, convoca oficialmente el Cap\u00edtulo General XXV, seg\u00fan el art\u00edculo 138 de las Constituciones. El Cap\u00edtulo comenzar\u00e1 en <strong>Roma, en la Casa Generalicia FMA, el 22 de septiembre de 2027<\/strong>.<\/p>\n<p>El Cap\u00edtulo General constituye un \u00abtiempo fuerte de evaluaci\u00f3n, de reflexi\u00f3n y de orientaci\u00f3n para una b\u00fasqueda comunitaria de la voluntad de Dios\u00bb. En este evento colaboran todas las Comunidades de las FMA \u00abcon una participaci\u00f3n de oraci\u00f3n, de estudio y de propuesta\u00bb (C 135).<\/p>\n<p>El objetivo de un Cap\u00edtulo General es el de \u00abtratar los asuntos m\u00e1s importantes relativos a la vida del Instituto para una presencia cada vez m\u00e1s eficaz en la Iglesia y en el mundo\u00bb (C 136 b).<\/p>\n<p>El tema del CGXXV es:<\/p>\n<h3 style=\"text-align: center;\"><span style=\"color: #ff0000;\"><strong><em>\u201cBienaventurados vosotros\u2026\u201d<\/em><\/strong><\/span><br \/>\n<span style=\"color: #ff0000;\"><strong><em>Con la fuerza prof\u00e9tica del carisma, <\/em><\/strong><\/span><br \/>\n<span style=\"color: #ff0000;\"><strong><em>misioneras de comuni\u00f3n junto a los j\u00f3venes.<\/em><\/strong><\/span><\/h3>\n<p>El objetivo del CGXXV es <strong>\u201cReavivar la pasi\u00f3n misionera caracter\u00edstica de nuestra identidad carism\u00e1tica\u201d<\/strong>.<\/p>\n<p>Como <strong>Reguladora<\/strong>, la Madre ha designado a <strong>Sor Mar\u00eda del Rosario Garc\u00eda Ribas<\/strong>, Vicaria General, quien asume la responsabilidad de acompa\u00f1ar la preparaci\u00f3n y el desarrollo del Cap\u00edtulo General XXV.<\/p>\n<p>En el documento, adem\u00e1s de la convocatoria oficial del Cap\u00edtulo, se presentan algunas reflexiones y aportaciones para profundizar en el tema capitular, las orientaciones para la celebraci\u00f3n de los Cap\u00edtulos Inspectoriales y la oraci\u00f3n para prepararse a vivir comunitariamente el evento.<\/p>\n<p>A la conclusi\u00f3n de la Circular, la Madre escribe:<\/p>\n<p>\u201cEn la preparaci\u00f3n al CG XXV, tiempo de gracia para todo el Instituto, estamos invitadas a entrar en la profundidad del contenido que el tema nos ofrece para redescubrir y vivir, con mayor conciencia, nuestra identidad.<\/p>\n<p>Sentimos la necesidad de volver a partir de la centralidad de Cristo, de reforzar la comuni\u00f3n y de reavivar la pasi\u00f3n misionera, bebiendo de la fuente del carisma salesiano. Esto har\u00e1 de nuestras comunidades educativas fermento de paz, con y para los j\u00f3venes que el Se\u00f1or nos conf\u00eda.<\/p>\n<p>En la preparaci\u00f3n al Cap\u00edtulo XXV, involucremos a la comunidad educativa y a otros grupos de la Familia Salesiana, as\u00ed como a representantes de instituciones eclesiales y civiles sensibles a la realidad educativa. En el di\u00e1logo y el intercambio, procuremos que las j\u00f3venes y los j\u00f3venes puedan expresarse y decirnos lo que sienten, piensan y esperan de nosotras. (\u2026)<\/p>\n<p>Nos encomendamos a Mar\u00eda, primera disc\u00edpula y misionera, para que nos alcance, con su intercesi\u00f3n, la presencia del Esp\u00edritu Santo a lo largo de todo este camino. Os invito a encontrarnos diariamente en la oraci\u00f3n de confianza, seg\u00fan la propuesta que os ofrecemos<em>\u201d.<\/em><\/p>\n<p><span style=\"color: #0000ff;\"><a style=\"color: #0000ff;\" href=\"https:\/\/drive.google.com\/file\/d\/1qbHFdOOX0cX6oll3VTnmkVswFLmBen5A\/view?usp=drive_link\" target=\"_blank\" rel=\"noopener\"><strong>Circular n\u00b0 1056 de Convocatoria del <\/strong><strong>CGXXV<\/strong><\/a><\/span><\/p>\n<p><strong>La traducci\u00f3n en las diversas lenguas ser\u00e1 publicada lo antes posible.<\/strong><\/p>\n","protected":false},"excerpt":{"rendered":"<p>Roma (Italia). Al t\u00e9rmino del pleno de invierno, la Superiora General del Instituto de las Hijas de Mar\u00eda Auxiliadora, Madre Chiara Cazzuola, con la Circular n\u00b0 1056 fechada el 24 [&hellip;]<\/p>\n","protected":false},"author":21,"featured_media":154230,"comment_status":"open","ping_status":"closed","sticky":false,"template":"","format":"standard","meta":{"footnotes":""},"categories":[163,158],"tags":[371,1931,1978,2283,2379],"class_list":["post-154235","post","type-post","status-publish","format-standard","has-post-thumbnail","category-capitulo-general","category-ifma-es","tag-madre-general","tag-focus-es","tag-capitulo-general","tag-ifma-es","tag-madre-chiara-cazzuola-es"],"yoast_head":"<!-- This site is optimized with the Yoast SEO plugin v27.4 - https:\/\/yoast.com\/product\/yoast-seo-wordpress\/ -->\n<title>Convocatoria del Cap\u00edtulo General XXV - Circular n\u00ba1056 &#8226; Istituto Figlie di Maria Ausiliatrice<\/title>\n<meta name=\"description\" content=\"Se hace p\u00fablica la Circular de Convocatoria del Cap\u00edtulo General XXV del Instituto de las Hijas de Mar\u00eda Auxiliadora.\" \/>\n<meta name=\"robots\" content=\"index, follow, max-snippet:-1, max-image-preview:large, max-video-preview:-1\" \/>\n<link rel=\"canonical\" href=\"https:\/\/www.cgfmanet.org\/es\/ifma-es\/convocatoria-del-capitulo-general-xxv-circular-no1056\/\" \/>\n<meta property=\"og:locale\" content=\"es_ES\" \/>\n<meta property=\"og:type\" content=\"article\" \/>\n<meta property=\"og:title\" content=\"Convocatoria del Cap\u00edtulo General XXV - Circular n\u00ba1056 &#8226; Istituto Figlie di Maria Ausiliatrice\" \/>\n<meta property=\"og:description\" content=\"Se hace p\u00fablica la Circular de Convocatoria del Cap\u00edtulo General XXV del Instituto de las Hijas de Mar\u00eda Auxiliadora.\" \/>\n<meta property=\"og:url\" content=\"https:\/\/www.cgfmanet.org\/es\/ifma-es\/convocatoria-del-capitulo-general-xxv-circular-no1056\/\" \/>\n<meta property=\"og:site_name\" content=\"Istituto Figlie di Maria Ausiliatrice\" \/>\n<meta property=\"article:publisher\" content=\"https:\/\/www.facebook.com\/salesian.sisters.of.don.bosco\/\" \/>\n<meta property=\"article:published_time\" content=\"2026-02-27T15:11:03+00:00\" \/>\n<meta property=\"article:modified_time\" content=\"2026-03-17T17:18:37+00:00\" \/>\n<meta property=\"og:image\" content=\"https:\/\/www.cgfmanet.org\/wp-content\/uploads\/2026\/02\/Convocazione-CG-25-scaled.jpg\" \/>\n\t<meta property=\"og:image:width\" content=\"2560\" \/>\n\t<meta property=\"og:image:height\" content=\"1707\" \/>\n\t<meta property=\"og:image:type\" content=\"image\/jpeg\" \/>\n<meta name=\"author\" content=\"Redazione\" \/>\n<meta name=\"twitter:card\" content=\"summary_large_image\" \/>\n<meta name=\"twitter:creator\" content=\"@Cgfmanet_Org\" \/>\n<meta name=\"twitter:site\" content=\"@Cgfmanet_Org\" \/>\n<meta name=\"twitter:label1\" content=\"Escrito por\" \/>\n\t<meta name=\"twitter:data1\" content=\"Redazione\" \/>\n\t<meta name=\"twitter:label2\" content=\"Tiempo de lectura\" \/>\n\t<meta name=\"twitter:data2\" content=\"3 minutos\" \/>\n<script type=\"application\/ld+json\" class=\"yoast-schema-graph\">{\"@context\":\"https:\\\/\\\/schema.org\",\"@graph\":[{\"@type\":\"Article\",\"@id\":\"https:\\\/\\\/www.cgfmanet.org\\\/es\\\/ifma-es\\\/convocatoria-del-capitulo-general-xxv-circular-no1056\\\/#article\",\"isPartOf\":{\"@id\":\"https:\\\/\\\/www.cgfmanet.org\\\/es\\\/ifma-es\\\/convocatoria-del-capitulo-general-xxv-circular-no1056\\\/\"},\"author\":{\"name\":\"Redazione\",\"@id\":\"https:\\\/\\\/www.cgfmanet.org\\\/es\\\/#\\\/schema\\\/person\\\/ce6473083f53ef0ef882cca23f0c8fb9\"},\"headline\":\"Convocatoria del Cap\u00edtulo General XXV &#8211; Circular n\u00ba1056\",\"datePublished\":\"2026-02-27T15:11:03+00:00\",\"dateModified\":\"2026-03-17T17:18:37+00:00\",\"mainEntityOfPage\":{\"@id\":\"https:\\\/\\\/www.cgfmanet.org\\\/es\\\/ifma-es\\\/convocatoria-del-capitulo-general-xxv-circular-no1056\\\/\"},\"wordCount\":513,\"commentCount\":1,\"publisher\":{\"@id\":\"https:\\\/\\\/www.cgfmanet.org\\\/es\\\/#organization\"},\"image\":{\"@id\":\"https:\\\/\\\/www.cgfmanet.org\\\/es\\\/ifma-es\\\/convocatoria-del-capitulo-general-xxv-circular-no1056\\\/#primaryimage\"},\"thumbnailUrl\":\"https:\\\/\\\/www.cgfmanet.org\\\/wp-content\\\/uploads\\\/2026\\\/02\\\/Convocazione-CG-25-scaled.jpg\",\"keywords\":[\"Madre General\",\"Focus\",\"Cap\u00edtulo General\",\"IFMA\",\"Madre Chiara Cazzuola\"],\"articleSection\":[\"Cap\u00edtulo General\",\"IFMA\"],\"inLanguage\":\"es\",\"potentialAction\":[{\"@type\":\"CommentAction\",\"name\":\"Comment\",\"target\":[\"https:\\\/\\\/www.cgfmanet.org\\\/es\\\/ifma-es\\\/convocatoria-del-capitulo-general-xxv-circular-no1056\\\/#respond\"]}]},{\"@type\":\"WebPage\",\"@id\":\"https:\\\/\\\/www.cgfmanet.org\\\/es\\\/ifma-es\\\/convocatoria-del-capitulo-general-xxv-circular-no1056\\\/\",\"url\":\"https:\\\/\\\/www.cgfmanet.org\\\/es\\\/ifma-es\\\/convocatoria-del-capitulo-general-xxv-circular-no1056\\\/\",\"name\":\"Convocatoria del Cap\u00edtulo General XXV - Circular n\u00ba1056 &#8226; Istituto Figlie di Maria Ausiliatrice\",\"isPartOf\":{\"@id\":\"https:\\\/\\\/www.cgfmanet.org\\\/es\\\/#website\"},\"primaryImageOfPage\":{\"@id\":\"https:\\\/\\\/www.cgfmanet.org\\\/es\\\/ifma-es\\\/convocatoria-del-capitulo-general-xxv-circular-no1056\\\/#primaryimage\"},\"image\":{\"@id\":\"https:\\\/\\\/www.cgfmanet.org\\\/es\\\/ifma-es\\\/convocatoria-del-capitulo-general-xxv-circular-no1056\\\/#primaryimage\"},\"thumbnailUrl\":\"https:\\\/\\\/www.cgfmanet.org\\\/wp-content\\\/uploads\\\/2026\\\/02\\\/Convocazione-CG-25-scaled.jpg\",\"datePublished\":\"2026-02-27T15:11:03+00:00\",\"dateModified\":\"2026-03-17T17:18:37+00:00\",\"description\":\"Se hace p\u00fablica la Circular de Convocatoria del Cap\u00edtulo General XXV del Instituto de las Hijas de Mar\u00eda Auxiliadora.\",\"breadcrumb\":{\"@id\":\"https:\\\/\\\/www.cgfmanet.org\\\/es\\\/ifma-es\\\/convocatoria-del-capitulo-general-xxv-circular-no1056\\\/#breadcrumb\"},\"inLanguage\":\"es\",\"potentialAction\":[{\"@type\":\"ReadAction\",\"target\":[\"https:\\\/\\\/www.cgfmanet.org\\\/es\\\/ifma-es\\\/convocatoria-del-capitulo-general-xxv-circular-no1056\\\/\"]}]},{\"@type\":\"ImageObject\",\"inLanguage\":\"es\",\"@id\":\"https:\\\/\\\/www.cgfmanet.org\\\/es\\\/ifma-es\\\/convocatoria-del-capitulo-general-xxv-circular-no1056\\\/#primaryimage\",\"url\":\"https:\\\/\\\/www.cgfmanet.org\\\/wp-content\\\/uploads\\\/2026\\\/02\\\/Convocazione-CG-25-scaled.jpg\",\"contentUrl\":\"https:\\\/\\\/www.cgfmanet.org\\\/wp-content\\\/uploads\\\/2026\\\/02\\\/Convocazione-CG-25-scaled.jpg\",\"width\":2560,\"height\":1707},{\"@type\":\"BreadcrumbList\",\"@id\":\"https:\\\/\\\/www.cgfmanet.org\\\/es\\\/ifma-es\\\/convocatoria-del-capitulo-general-xxv-circular-no1056\\\/#breadcrumb\",\"itemListElement\":[{\"@type\":\"ListItem\",\"position\":1,\"name\":\"Home\",\"item\":\"https:\\\/\\\/www.cgfmanet.org\\\/es\\\/\"},{\"@type\":\"ListItem\",\"position\":2,\"name\":\"Convocatoria del Cap\u00edtulo General XXV &#8211; Circular n\u00ba1056\"}]},{\"@type\":\"WebSite\",\"@id\":\"https:\\\/\\\/www.cgfmanet.org\\\/es\\\/#website\",\"url\":\"https:\\\/\\\/www.cgfmanet.org\\\/es\\\/\",\"name\":\"Istituto Figlie di Maria Ausiliatrice\",\"description\":\"Salesiane di Don Bosco\",\"publisher\":{\"@id\":\"https:\\\/\\\/www.cgfmanet.org\\\/es\\\/#organization\"},\"potentialAction\":[{\"@type\":\"SearchAction\",\"target\":{\"@type\":\"EntryPoint\",\"urlTemplate\":\"https:\\\/\\\/www.cgfmanet.org\\\/es\\\/?s={search_term_string}\"},\"query-input\":{\"@type\":\"PropertyValueSpecification\",\"valueRequired\":true,\"valueName\":\"search_term_string\"}}],\"inLanguage\":\"es\"},{\"@type\":\"Organization\",\"@id\":\"https:\\\/\\\/www.cgfmanet.org\\\/es\\\/#organization\",\"name\":\"Istituto Figlie di Maria Ausiliatrice\",\"url\":\"https:\\\/\\\/www.cgfmanet.org\\\/es\\\/\",\"logo\":{\"@type\":\"ImageObject\",\"inLanguage\":\"es\",\"@id\":\"https:\\\/\\\/www.cgfmanet.org\\\/es\\\/#\\\/schema\\\/logo\\\/image\\\/\",\"url\":\"https:\\\/\\\/www.cgfmanet.org\\\/wp-content\\\/uploads\\\/2018\\\/10\\\/logo-fma.png\",\"contentUrl\":\"https:\\\/\\\/www.cgfmanet.org\\\/wp-content\\\/uploads\\\/2018\\\/10\\\/logo-fma.png\",\"width\":214,\"height\":55,\"caption\":\"Istituto Figlie di Maria Ausiliatrice\"},\"image\":{\"@id\":\"https:\\\/\\\/www.cgfmanet.org\\\/es\\\/#\\\/schema\\\/logo\\\/image\\\/\"},\"sameAs\":[\"https:\\\/\\\/www.facebook.com\\\/salesian.sisters.of.don.bosco\\\/\",\"https:\\\/\\\/x.com\\\/Cgfmanet_Org\",\"https:\\\/\\\/www.youtube.com\\\/channel\\\/UCmcr8yFQBV7JXeXVxyV9y5Q\"]},{\"@type\":\"Person\",\"@id\":\"https:\\\/\\\/www.cgfmanet.org\\\/es\\\/#\\\/schema\\\/person\\\/ce6473083f53ef0ef882cca23f0c8fb9\",\"name\":\"Redazione\"}]}<\/script>\n<!-- \/ Yoast SEO plugin. -->","yoast_head_json":{"title":"Convocatoria del Cap\u00edtulo General XXV - Circular n\u00ba1056 &#8226; Istituto Figlie di Maria Ausiliatrice","description":"Se hace p\u00fablica la Circular de Convocatoria del Cap\u00edtulo General XXV del Instituto de las Hijas de Mar\u00eda Auxiliadora.","robots":{"index":"index","follow":"follow","max-snippet":"max-snippet:-1","max-image-preview":"max-image-preview:large","max-video-preview":"max-video-preview:-1"},"canonical":"https:\/\/www.cgfmanet.org\/es\/ifma-es\/convocatoria-del-capitulo-general-xxv-circular-no1056\/","og_locale":"es_ES","og_type":"article","og_title":"Convocatoria del Cap\u00edtulo General XXV - Circular n\u00ba1056 &#8226; Istituto Figlie di Maria Ausiliatrice","og_description":"Se hace p\u00fablica la Circular de Convocatoria del Cap\u00edtulo General XXV del Instituto de las Hijas de Mar\u00eda Auxiliadora.","og_url":"https:\/\/www.cgfmanet.org\/es\/ifma-es\/convocatoria-del-capitulo-general-xxv-circular-no1056\/","og_site_name":"Istituto Figlie di Maria Ausiliatrice","article_publisher":"https:\/\/www.facebook.com\/salesian.sisters.of.don.bosco\/","article_published_time":"2026-02-27T15:11:03+00:00","article_modified_time":"2026-03-17T17:18:37+00:00","og_image":[{"width":2560,"height":1707,"url":"https:\/\/www.cgfmanet.org\/wp-content\/uploads\/2026\/02\/Convocazione-CG-25-scaled.jpg","type":"image\/jpeg"}],"author":"Redazione","twitter_card":"summary_large_image","twitter_creator":"@Cgfmanet_Org","twitter_site":"@Cgfmanet_Org","twitter_misc":{"Escrito por":"Redazione","Tiempo de lectura":"3 minutos"},"schema":{"@context":"https:\/\/schema.org","@graph":[{"@type":"Article","@id":"https:\/\/www.cgfmanet.org\/es\/ifma-es\/convocatoria-del-capitulo-general-xxv-circular-no1056\/#article","isPartOf":{"@id":"https:\/\/www.cgfmanet.org\/es\/ifma-es\/convocatoria-del-capitulo-general-xxv-circular-no1056\/"},"author":{"name":"Redazione","@id":"https:\/\/www.cgfmanet.org\/es\/#\/schema\/person\/ce6473083f53ef0ef882cca23f0c8fb9"},"headline":"Convocatoria del Cap\u00edtulo General XXV &#8211; Circular n\u00ba1056","datePublished":"2026-02-27T15:11:03+00:00","dateModified":"2026-03-17T17:18:37+00:00","mainEntityOfPage":{"@id":"https:\/\/www.cgfmanet.org\/es\/ifma-es\/convocatoria-del-capitulo-general-xxv-circular-no1056\/"},"wordCount":513,"commentCount":1,"publisher":{"@id":"https:\/\/www.cgfmanet.org\/es\/#organization"},"image":{"@id":"https:\/\/www.cgfmanet.org\/es\/ifma-es\/convocatoria-del-capitulo-general-xxv-circular-no1056\/#primaryimage"},"thumbnailUrl":"https:\/\/www.cgfmanet.org\/wp-content\/uploads\/2026\/02\/Convocazione-CG-25-scaled.jpg","keywords":["Madre General","Focus","Cap\u00edtulo General","IFMA","Madre Chiara Cazzuola"],"articleSection":["Cap\u00edtulo General","IFMA"],"inLanguage":"es","potentialAction":[{"@type":"CommentAction","name":"Comment","target":["https:\/\/www.cgfmanet.org\/es\/ifma-es\/convocatoria-del-capitulo-general-xxv-circular-no1056\/#respond"]}]},{"@type":"WebPage","@id":"https:\/\/www.cgfmanet.org\/es\/ifma-es\/convocatoria-del-capitulo-general-xxv-circular-no1056\/","url":"https:\/\/www.cgfmanet.org\/es\/ifma-es\/convocatoria-del-capitulo-general-xxv-circular-no1056\/","name":"Convocatoria del Cap\u00edtulo General XXV - Circular n\u00ba1056 &#8226; Istituto Figlie di Maria Ausiliatrice","isPartOf":{"@id":"https:\/\/www.cgfmanet.org\/es\/#website"},"primaryImageOfPage":{"@id":"https:\/\/www.cgfmanet.org\/es\/ifma-es\/convocatoria-del-capitulo-general-xxv-circular-no1056\/#primaryimage"},"image":{"@id":"https:\/\/www.cgfmanet.org\/es\/ifma-es\/convocatoria-del-capitulo-general-xxv-circular-no1056\/#primaryimage"},"thumbnailUrl":"https:\/\/www.cgfmanet.org\/wp-content\/uploads\/2026\/02\/Convocazione-CG-25-scaled.jpg","datePublished":"2026-02-27T15:11:03+00:00","dateModified":"2026-03-17T17:18:37+00:00","description":"Se hace p\u00fablica la Circular de Convocatoria del Cap\u00edtulo General XXV del Instituto de las Hijas de Mar\u00eda Auxiliadora.","breadcrumb":{"@id":"https:\/\/www.cgfmanet.org\/es\/ifma-es\/convocatoria-del-capitulo-general-xxv-circular-no1056\/#breadcrumb"},"inLanguage":"es","potentialAction":[{"@type":"ReadAction","target":["https:\/\/www.cgfmanet.org\/es\/ifma-es\/convocatoria-del-capitulo-general-xxv-circular-no1056\/"]}]},{"@type":"ImageObject","inLanguage":"es","@id":"https:\/\/www.cgfmanet.org\/es\/ifma-es\/convocatoria-del-capitulo-general-xxv-circular-no1056\/#primaryimage","url":"https:\/\/www.cgfmanet.org\/wp-content\/uploads\/2026\/02\/Convocazione-CG-25-scaled.jpg","contentUrl":"https:\/\/www.cgfmanet.org\/wp-content\/uploads\/2026\/02\/Convocazione-CG-25-scaled.jpg","width":2560,"height":1707},{"@type":"BreadcrumbList","@id":"https:\/\/www.cgfmanet.org\/es\/ifma-es\/convocatoria-del-capitulo-general-xxv-circular-no1056\/#breadcrumb","itemListElement":[{"@type":"ListItem","position":1,"name":"Home","item":"https:\/\/www.cgfmanet.org\/es\/"},{"@type":"ListItem","position":2,"name":"Convocatoria del Cap\u00edtulo General XXV &#8211; Circular n\u00ba1056"}]},{"@type":"WebSite","@id":"https:\/\/www.cgfmanet.org\/es\/#website","url":"https:\/\/www.cgfmanet.org\/es\/","name":"Istituto Figlie di Maria Ausiliatrice","description":"Salesiane di Don Bosco","publisher":{"@id":"https:\/\/www.cgfmanet.org\/es\/#organization"},"potentialAction":[{"@type":"SearchAction","target":{"@type":"EntryPoint","urlTemplate":"https:\/\/www.cgfmanet.org\/es\/?s={search_term_string}"},"query-input":{"@type":"PropertyValueSpecification","valueRequired":true,"valueName":"search_term_string"}}],"inLanguage":"es"},{"@type":"Organization","@id":"https:\/\/www.cgfmanet.org\/es\/#organization","name":"Istituto Figlie di Maria Ausiliatrice","url":"https:\/\/www.cgfmanet.org\/es\/","logo":{"@type":"ImageObject","inLanguage":"es","@id":"https:\/\/www.cgfmanet.org\/es\/#\/schema\/logo\/image\/","url":"https:\/\/www.cgfmanet.org\/wp-content\/uploads\/2018\/10\/logo-fma.png","contentUrl":"https:\/\/www.cgfmanet.org\/wp-content\/uploads\/2018\/10\/logo-fma.png","width":214,"height":55,"caption":"Istituto Figlie di Maria Ausiliatrice"},"image":{"@id":"https:\/\/www.cgfmanet.org\/es\/#\/schema\/logo\/image\/"},"sameAs":["https:\/\/www.facebook.com\/salesian.sisters.of.don.bosco\/","https:\/\/x.com\/Cgfmanet_Org","https:\/\/www.youtube.com\/channel\/UCmcr8yFQBV7JXeXVxyV9y5Q"]},{"@type":"Person","@id":"https:\/\/www.cgfmanet.org\/es\/#\/schema\/person\/ce6473083f53ef0ef882cca23f0c8fb9","name":"Redazione"}]}},"_links":{"self":[{"href":"https:\/\/www.cgfmanet.org\/es\/wp-json\/wp\/v2\/posts\/154235","targetHints":{"allow":["GET"]}}],"collection":[{"href":"https:\/\/www.cgfmanet.org\/es\/wp-json\/wp\/v2\/posts"}],"about":[{"href":"https:\/\/www.cgfmanet.org\/es\/wp-json\/wp\/v2\/types\/post"}],"author":[{"embeddable":true,"href":"https:\/\/www.cgfmanet.org\/es\/wp-json\/wp\/v2\/users\/21"}],"replies":[{"embeddable":true,"href":"https:\/\/www.cgfmanet.org\/es\/wp-json\/wp\/v2\/comments?post=154235"}],"version-history":[{"count":4,"href":"https:\/\/www.cgfmanet.org\/es\/wp-json\/wp\/v2\/posts\/154235\/revisions"}],"predecessor-version":[{"id":154565,"href":"https:\/\/www.cgfmanet.org\/es\/wp-json\/wp\/v2\/posts\/154235\/revisions\/154565"}],"wp:featuredmedia":[{"embeddable":true,"href":"https:\/\/www.cgfmanet.org\/es\/wp-json\/wp\/v2\/media\/154230"}],"wp:attachment":[{"href":"https:\/\/www.cgfmanet.org\/es\/wp-json\/wp\/v2\/media?parent=154235"}],"wp:term":[{"taxonomy":"category","embeddable":true,"href":"https:\/\/www.cgfmanet.org\/es\/wp-json\/wp\/v2\/categories?post=154235"},{"taxonomy":"post_tag","embeddable":true,"href":"https:\/\/www.cgfmanet.org\/es\/wp-json\/wp\/v2\/tags?post=154235"}],"curies":[{"name":"wp","href":"https:\/\/api.w.org\/{rel}","templated":true}]}}