{"id":154209,"date":"2026-02-23T18:34:39","date_gmt":"2026-02-23T17:34:39","guid":{"rendered":"https:\/\/www.cgfmanet.org\/infoesfera\/la-forza-profetica-della-rete\/"},"modified":"2026-02-26T21:27:03","modified_gmt":"2026-02-26T20:27:03","slug":"la-fuerza-profetica-de-la-red","status":"publish","type":"post","link":"https:\/\/www.cgfmanet.org\/es\/ifma-es\/la-fuerza-profetica-de-la-red\/","title":{"rendered":"La fuerza prof\u00e9tica de la Red"},"content":{"rendered":"<p><strong>Santa Marta (Colombia).<\/strong> Del 20 al 22 de febrero de 2026 se reunieron en Santa Marta, en la Casa Mar\u00eda Auxiliadora de la Inspector\u00eda Mar\u00eda Auxiliadora (CMA), los\/las representantes del n\u00facleo animador de la red de las Escuelas Normales Salesianas de Colombia, miembros de la red ISS FMA.<\/p>\n<p>En el encuentro participaron 16 personas, entre docentes y estudiantes de las 8 Escuelas Normales de Colombia, de acuerdo con los siguientes objetivos:<\/p>\n<ul>\n<li><strong>Fortalecer<\/strong> el conocimiento, la interacci\u00f3n y los v\u00ednculos familiares entre los miembros del n\u00facleo animador de la red de las Escuelas Normales Salesianas de Colombia.<\/li>\n<li><strong>Reconocer<\/strong> las potencialidades de la red en este momento hist\u00f3rico y la contribuci\u00f3n que cada Escuela puede aportar a la misma, fortaleciendo sus propias capacidades institucionales gracias a la fuerza del Carisma salesiano.<\/li>\n<li><strong>Elaborar<\/strong> el plan de acci\u00f3n de la red para los pr\u00f3ximos a\u00f1os, trabajo que ser\u00e1 socializado en el <span style=\"color: #0000ff;\"><strong><a style=\"color: #0000ff;\" href=\"https:\/\/www.cgfmanet.org\/ifma\/convegni-e-seminari\/verso-il-iv-incontro-mondiale-iss-fma\/\" target=\"_blank\" rel=\"noopener\">IV encuentro mundial ISS FMA<\/a><\/strong><\/span> que se celebrar\u00e1 en Manila del 9 al 13 de marzo de 2026.<\/li>\n<\/ul>\n<p>La primera red es afectiva, ya que los v\u00ednculos de colaboraci\u00f3n acad\u00e9mica se tejen a partir de la relaci\u00f3n interpersonal. Por ello, el encuentro comenz\u00f3 con el conocimiento mutuo y el di\u00e1logo entre las participantes. Se tuvo, adem\u00e1s, la oportunidad de reconocer las huellas de salesianidad en la vida de cada una y en la de las Instituciones que animan, formando as\u00ed una l\u00ednea cronol\u00f3gica que despierta el sentido de gratitud por el don recibido en un Carisma experto en el arte de educar y formar educadores.<\/p>\n<p>La primera jornada concluy\u00f3 con una oraci\u00f3n <em>Laudato si&#8217;<\/em>, donde la contemplaci\u00f3n del atardecer a la orilla del mar inspir\u00f3 la pintura de paisajes online con un modo t\u00edpicamente salesiano de educar a trav\u00e9s de la pedagog\u00eda del arte.<\/p>\n<p>El inicio de la segunda jornada fue alegrado por la presencia de los j\u00f3venes de la Escuela Normal anfitriona quienes, a trav\u00e9s del lenguaje metaf\u00f3rico del pescador y de las redes, expresaron la identidad del territorio, tejiendo al ritmo de la m\u00fasica y la danza la urdimbre que constituye el contexto colombiano y la identidad com\u00fan que la red de las Escuelas Normales Salesianas ha forjado en las instituciones miembro a partir de la experiencia de fraternidad y de la sinergia pedag\u00f3gica y educativa.<\/p>\n<p>El profundizar en la Carta apost\u00f3lica del Papa Le\u00f3n XIV \u201cDibujar nuevos mapas de esperanza\u201d, abordada desde una metodolog\u00eda inspirada en el Aguinaldo 2026 del Rector Mayor \u2014mirar, escuchar, elegir y actuar\u2014 ofreci\u00f3, en cambio, caminos para so\u00f1ar el futuro y trazar el nuevo plan de acci\u00f3n de la Red. A los siete caminos propuestos por el Papa Francisco en el Pacto Educativo Global se sumaron as\u00ed las tres prioridades propuestas por el Papa Le\u00f3n.<\/p>\n<p>Evaluar el camino recorrido llen\u00f3 de alegr\u00eda el coraz\u00f3n de las participantes. A trav\u00e9s del Seminario sobre el Sistema Preventivo \u2014que este a\u00f1o llegar\u00e1 a su sexta edici\u00f3n\u2014, las pr\u00e1cticas realizadas entre instituciones, el texto que est\u00e1n escribiendo juntas sobre este tema y la investigaci\u00f3n sobre ecolog\u00eda integral que adelantan de manera interinstitucional, las Instituciones tienen la oportunidad de experimentarse como una gran Familia Salesiana en Colombia y en el mundo.<\/p>\n<p>Durante el encuentro se dio, adem\u00e1s, un paso adelante al aprobar los estatutos que conducen a la constituci\u00f3n jur\u00eddica de la red. De este modo, se abren nuevas posibilidades de colaboraci\u00f3n y de acci\u00f3n conjunta, para que la formaci\u00f3n de nuevas maestras salesianas en Colombia sea fruto de una experiencia de colaboraci\u00f3n, sinergia y sinodalidad que testimonie la fuerza prof\u00e9tica del Carisma.<\/p>\n\r\n                <style type=\"text\/css\">\r\n                    \r\n                    #tdi_1  .td-doubleSlider-2 .td-item1 {\r\n                        background: url(https:\/\/www.cgfmanet.org\/wp-content\/uploads\/2026\/02\/Incontro-ISS-Colombia_1-80x60.jpg) 0 0 no-repeat;\r\n                    }\r\n                    #tdi_1  .td-doubleSlider-2 .td-item2 {\r\n                        background: url(https:\/\/www.cgfmanet.org\/wp-content\/uploads\/2026\/02\/Incontro-ISS-Colombia_4-80x60.jpg) 0 0 no-repeat;\r\n                    }\r\n                    #tdi_1  .td-doubleSlider-2 .td-item3 {\r\n                        background: url(https:\/\/www.cgfmanet.org\/wp-content\/uploads\/2026\/02\/Incontro-ISS-Colombia_5-80x60.jpg) 0 0 no-repeat;\r\n                    }\r\n                    #tdi_1  .td-doubleSlider-2 .td-item4 {\r\n                        background: url(https:\/\/www.cgfmanet.org\/wp-content\/uploads\/2026\/02\/Incontro-ISS-Colombia_3-80x60.jpg) 0 0 no-repeat;\r\n                    }\r\n                    #tdi_1  .td-doubleSlider-2 .td-item5 {\r\n                        background: url(https:\/\/www.cgfmanet.org\/wp-content\/uploads\/2026\/02\/Incontro-ISS-Colombia_2-80x60.jpg) 0 0 no-repeat;\r\n                    }\r\n                    #tdi_1  .td-doubleSlider-2 .td-item6 {\r\n                        background: url(https:\/\/www.cgfmanet.org\/wp-content\/uploads\/2026\/02\/Incontro-ISS-Colombia_7-80x60.jpg) 0 0 no-repeat;\r\n                    }\r\n                    #tdi_1  .td-doubleSlider-2 .td-item7 {\r\n                        background: url(https:\/\/www.cgfmanet.org\/wp-content\/uploads\/2026\/02\/Incontro-ISS-Colombia_6-80x60.jpg) 0 0 no-repeat;\r\n                    }\r\n                <\/style>\r\n\r\n                <div id=\"tdi_1\" class=\"td-gallery td-slide-on-2-columns\">\r\n                    <div class=\"post_td_gallery\">\r\n                        <div class=\"td-gallery-slide-top\">\r\n                           <div class=\"td-gallery-title\"><\/div>\r\n\r\n                            <div class=\"td-gallery-controls-wrapper\">\r\n                                <div class=\"td-gallery-slide-count\"><span class=\"td-gallery-slide-item-focus\">1<\/span> de 7<\/div>\r\n                                <div class=\"td-gallery-slide-prev-next-but\">\r\n                                    <i class = \"td-icon-left doubleSliderPrevButton\"><\/i>\r\n                                    <i class = \"td-icon-right doubleSliderNextButton\"><\/i>\r\n                                <\/div>\r\n                            <\/div>\r\n                        <\/div>\r\n\r\n                        <div class = \"td-doubleSlider-1 \">\r\n                            <div class = \"td-slider\">\r\n                                \r\n                    <div class = \"td-slide-item td-item1\">\r\n                        <figure class=\"td-slide-galery-figure td-slide-popup-gallery\">\r\n                            <a class=\"slide-gallery-image-link\" href=\"https:\/\/www.cgfmanet.org\/wp-content\/uploads\/2026\/02\/Incontro-ISS-Colombia_1.jpg\" title=\"Incontro ISS Colombia_1\"  data-caption=\"\"  data-description=\"\">\r\n                                <img decoding=\"async\" data-src=\"https:\/\/www.cgfmanet.org\/wp-content\/uploads\/2026\/02\/Incontro-ISS-Colombia_1-747x420.jpg\" data-srcset=\"https:\/\/www.cgfmanet.org\/wp-content\/uploads\/2026\/02\/Incontro-ISS-Colombia_1-747x420.jpg 747w, https:\/\/www.cgfmanet.org\/wp-content\/uploads\/2026\/02\/Incontro-ISS-Colombia_1-768x432.jpg 768w, https:\/\/www.cgfmanet.org\/wp-content\/uploads\/2026\/02\/Incontro-ISS-Colombia_1-1536x864.jpg 1536w, https:\/\/www.cgfmanet.org\/wp-content\/uploads\/2026\/02\/Incontro-ISS-Colombia_1-696x392.jpg 696w, https:\/\/www.cgfmanet.org\/wp-content\/uploads\/2026\/02\/Incontro-ISS-Colombia_1.jpg 1600w\" data-sizes=\"auto\" alt=\"\" src=\"data:image\/svg+xml;base64,PHN2ZyB3aWR0aD0iMSIgaGVpZ2h0PSIxIiB4bWxucz0iaHR0cDovL3d3dy53My5vcmcvMjAwMC9zdmciPjwvc3ZnPg==\" class=\"lazyload\" style=\"--smush-placeholder-width: 747px; --smush-placeholder-aspect-ratio: 747\/420;\" data-original-sizes=\"(max-width: 747px) 100vw, 747px\">\r\n                            <\/a>\r\n                            \r\n                        <\/figure>\r\n                    <\/div>\r\n                    <div class = \"td-slide-item td-item2\">\r\n                        <figure class=\"td-slide-galery-figure td-slide-popup-gallery\">\r\n                            <a class=\"slide-gallery-image-link\" href=\"https:\/\/www.cgfmanet.org\/wp-content\/uploads\/2026\/02\/Incontro-ISS-Colombia_4.jpg\" title=\"Incontro ISS Colombia_4\"  data-caption=\"\"  data-description=\"\">\r\n                                <img decoding=\"async\" data-src=\"https:\/\/www.cgfmanet.org\/wp-content\/uploads\/2026\/02\/Incontro-ISS-Colombia_4-726x420.jpg\" data-srcset=\"https:\/\/www.cgfmanet.org\/wp-content\/uploads\/2026\/02\/Incontro-ISS-Colombia_4-726x420.jpg 726w, https:\/\/www.cgfmanet.org\/wp-content\/uploads\/2026\/02\/Incontro-ISS-Colombia_4-768x444.jpg 768w, https:\/\/www.cgfmanet.org\/wp-content\/uploads\/2026\/02\/Incontro-ISS-Colombia_4-1536x888.jpg 1536w, https:\/\/www.cgfmanet.org\/wp-content\/uploads\/2026\/02\/Incontro-ISS-Colombia_4-696x403.jpg 696w, https:\/\/www.cgfmanet.org\/wp-content\/uploads\/2026\/02\/Incontro-ISS-Colombia_4.jpg 1556w\" data-sizes=\"auto\" alt=\"\" src=\"data:image\/svg+xml;base64,PHN2ZyB3aWR0aD0iMSIgaGVpZ2h0PSIxIiB4bWxucz0iaHR0cDovL3d3dy53My5vcmcvMjAwMC9zdmciPjwvc3ZnPg==\" class=\"lazyload\" style=\"--smush-placeholder-width: 726px; --smush-placeholder-aspect-ratio: 726\/420;\" data-original-sizes=\"(max-width: 726px) 100vw, 726px\">\r\n                            <\/a>\r\n                            \r\n                        <\/figure>\r\n                    <\/div>\r\n                    <div class = \"td-slide-item td-item3\">\r\n                        <figure class=\"td-slide-galery-figure td-slide-popup-gallery\">\r\n                            <a class=\"slide-gallery-image-link\" href=\"https:\/\/www.cgfmanet.org\/wp-content\/uploads\/2026\/02\/Incontro-ISS-Colombia_5.jpg\" title=\"Incontro ISS Colombia_5\"  data-caption=\"\"  data-description=\"\">\r\n                                <img decoding=\"async\" data-src=\"https:\/\/www.cgfmanet.org\/wp-content\/uploads\/2026\/02\/Incontro-ISS-Colombia_5-747x420.jpg\" data-srcset=\"https:\/\/www.cgfmanet.org\/wp-content\/uploads\/2026\/02\/Incontro-ISS-Colombia_5-747x420.jpg 747w, https:\/\/www.cgfmanet.org\/wp-content\/uploads\/2026\/02\/Incontro-ISS-Colombia_5-768x432.jpg 768w, https:\/\/www.cgfmanet.org\/wp-content\/uploads\/2026\/02\/Incontro-ISS-Colombia_5-1536x864.jpg 1536w, https:\/\/www.cgfmanet.org\/wp-content\/uploads\/2026\/02\/Incontro-ISS-Colombia_5-696x392.jpg 696w, https:\/\/www.cgfmanet.org\/wp-content\/uploads\/2026\/02\/Incontro-ISS-Colombia_5.jpg 1600w\" data-sizes=\"auto\" alt=\"\" src=\"data:image\/svg+xml;base64,PHN2ZyB3aWR0aD0iMSIgaGVpZ2h0PSIxIiB4bWxucz0iaHR0cDovL3d3dy53My5vcmcvMjAwMC9zdmciPjwvc3ZnPg==\" class=\"lazyload\" style=\"--smush-placeholder-width: 747px; --smush-placeholder-aspect-ratio: 747\/420;\" data-original-sizes=\"(max-width: 747px) 100vw, 747px\">\r\n                            <\/a>\r\n                            \r\n                        <\/figure>\r\n                    <\/div>\r\n                    <div class = \"td-slide-item td-item4\">\r\n                        <figure class=\"td-slide-galery-figure td-slide-popup-gallery\">\r\n                            <a class=\"slide-gallery-image-link\" href=\"https:\/\/www.cgfmanet.org\/wp-content\/uploads\/2026\/02\/Incontro-ISS-Colombia_3.jpg\" title=\"Incontro ISS Colombia_3\"  data-caption=\"\"  data-description=\"\">\r\n                                <img decoding=\"async\" data-src=\"https:\/\/www.cgfmanet.org\/wp-content\/uploads\/2026\/02\/Incontro-ISS-Colombia_3-630x420.jpg\" data-srcset=\"https:\/\/www.cgfmanet.org\/wp-content\/uploads\/2026\/02\/Incontro-ISS-Colombia_3-630x420.jpg 630w, https:\/\/www.cgfmanet.org\/wp-content\/uploads\/2026\/02\/Incontro-ISS-Colombia_3-768x512.jpg 768w, https:\/\/www.cgfmanet.org\/wp-content\/uploads\/2026\/02\/Incontro-ISS-Colombia_3-696x464.jpg 696w, https:\/\/www.cgfmanet.org\/wp-content\/uploads\/2026\/02\/Incontro-ISS-Colombia_3.jpg 1417w\" data-sizes=\"auto\" alt=\"\" src=\"data:image\/svg+xml;base64,PHN2ZyB3aWR0aD0iMSIgaGVpZ2h0PSIxIiB4bWxucz0iaHR0cDovL3d3dy53My5vcmcvMjAwMC9zdmciPjwvc3ZnPg==\" class=\"lazyload\" style=\"--smush-placeholder-width: 630px; --smush-placeholder-aspect-ratio: 630\/420;\" data-original-sizes=\"(max-width: 630px) 100vw, 630px\">\r\n                            <\/a>\r\n                            \r\n                        <\/figure>\r\n                    <\/div>\r\n                    <div class = \"td-slide-item td-item5\">\r\n                        <figure class=\"td-slide-galery-figure td-slide-popup-gallery\">\r\n                            <a class=\"slide-gallery-image-link\" href=\"https:\/\/www.cgfmanet.org\/wp-content\/uploads\/2026\/02\/Incontro-ISS-Colombia_2.jpg\" title=\"Incontro ISS Colombia_2\"  data-caption=\"\"  data-description=\"\">\r\n                                <img decoding=\"async\" data-src=\"https:\/\/www.cgfmanet.org\/wp-content\/uploads\/2026\/02\/Incontro-ISS-Colombia_2-630x420.jpg\" data-srcset=\"https:\/\/www.cgfmanet.org\/wp-content\/uploads\/2026\/02\/Incontro-ISS-Colombia_2-630x420.jpg 630w, https:\/\/www.cgfmanet.org\/wp-content\/uploads\/2026\/02\/Incontro-ISS-Colombia_2-768x512.jpg 768w, https:\/\/www.cgfmanet.org\/wp-content\/uploads\/2026\/02\/Incontro-ISS-Colombia_2-696x464.jpg 696w, https:\/\/www.cgfmanet.org\/wp-content\/uploads\/2026\/02\/Incontro-ISS-Colombia_2.jpg 1350w\" data-sizes=\"auto\" alt=\"\" src=\"data:image\/svg+xml;base64,PHN2ZyB3aWR0aD0iMSIgaGVpZ2h0PSIxIiB4bWxucz0iaHR0cDovL3d3dy53My5vcmcvMjAwMC9zdmciPjwvc3ZnPg==\" class=\"lazyload\" style=\"--smush-placeholder-width: 630px; --smush-placeholder-aspect-ratio: 630\/420;\" data-original-sizes=\"(max-width: 630px) 100vw, 630px\">\r\n                            <\/a>\r\n                            \r\n                        <\/figure>\r\n                    <\/div>\r\n                    <div class = \"td-slide-item td-item6\">\r\n                        <figure class=\"td-slide-galery-figure td-slide-popup-gallery\">\r\n                            <a class=\"slide-gallery-image-link\" href=\"https:\/\/www.cgfmanet.org\/wp-content\/uploads\/2026\/02\/Incontro-ISS-Colombia_7.jpg\" title=\"Incontro ISS Colombia_7\"  data-caption=\"\"  data-description=\"\">\r\n                                <img decoding=\"async\" data-src=\"https:\/\/www.cgfmanet.org\/wp-content\/uploads\/2026\/02\/Incontro-ISS-Colombia_7-630x420.jpg\" data-srcset=\"https:\/\/www.cgfmanet.org\/wp-content\/uploads\/2026\/02\/Incontro-ISS-Colombia_7-630x420.jpg 630w, https:\/\/www.cgfmanet.org\/wp-content\/uploads\/2026\/02\/Incontro-ISS-Colombia_7-768x512.jpg 768w, https:\/\/www.cgfmanet.org\/wp-content\/uploads\/2026\/02\/Incontro-ISS-Colombia_7-696x464.jpg 696w, https:\/\/www.cgfmanet.org\/wp-content\/uploads\/2026\/02\/Incontro-ISS-Colombia_7.jpg 1181w\" data-sizes=\"auto\" alt=\"\" src=\"data:image\/svg+xml;base64,PHN2ZyB3aWR0aD0iMSIgaGVpZ2h0PSIxIiB4bWxucz0iaHR0cDovL3d3dy53My5vcmcvMjAwMC9zdmciPjwvc3ZnPg==\" class=\"lazyload\" style=\"--smush-placeholder-width: 630px; --smush-placeholder-aspect-ratio: 630\/420;\" data-original-sizes=\"(max-width: 630px) 100vw, 630px\">\r\n                            <\/a>\r\n                            \r\n                        <\/figure>\r\n                    <\/div>\r\n                    <div class = \"td-slide-item td-item7\">\r\n                        <figure class=\"td-slide-galery-figure td-slide-popup-gallery\">\r\n                            <a class=\"slide-gallery-image-link\" href=\"https:\/\/www.cgfmanet.org\/wp-content\/uploads\/2026\/02\/Incontro-ISS-Colombia_6.jpg\" title=\"Incontro ISS Colombia_6\"  data-caption=\"\"  data-description=\"\">\r\n                                <img decoding=\"async\" data-src=\"https:\/\/www.cgfmanet.org\/wp-content\/uploads\/2026\/02\/Incontro-ISS-Colombia_6-734x420.jpg\" data-srcset=\"https:\/\/www.cgfmanet.org\/wp-content\/uploads\/2026\/02\/Incontro-ISS-Colombia_6-734x420.jpg 734w, https:\/\/www.cgfmanet.org\/wp-content\/uploads\/2026\/02\/Incontro-ISS-Colombia_6-768x440.jpg 768w, https:\/\/www.cgfmanet.org\/wp-content\/uploads\/2026\/02\/Incontro-ISS-Colombia_6-1536x879.jpg 1536w, https:\/\/www.cgfmanet.org\/wp-content\/uploads\/2026\/02\/Incontro-ISS-Colombia_6-696x398.jpg 696w, https:\/\/www.cgfmanet.org\/wp-content\/uploads\/2026\/02\/Incontro-ISS-Colombia_6.jpg 1572w\" data-sizes=\"auto\" alt=\"\" src=\"data:image\/svg+xml;base64,PHN2ZyB3aWR0aD0iMSIgaGVpZ2h0PSIxIiB4bWxucz0iaHR0cDovL3d3dy53My5vcmcvMjAwMC9zdmciPjwvc3ZnPg==\" class=\"lazyload\" style=\"--smush-placeholder-width: 734px; --smush-placeholder-aspect-ratio: 734\/420;\" data-original-sizes=\"(max-width: 734px) 100vw, 734px\">\r\n                            <\/a>\r\n                            \r\n                        <\/figure>\r\n                    <\/div>\r\n                            <\/div>\r\n                        <\/div>\r\n\r\n                        <div class = \"td-doubleSlider-2\">\r\n                            <div class = \"td-slider\">\r\n                                \r\n                    <div class = \"td-button td-item1\">\r\n                        <div class = \"td-border\"><\/div>\r\n                    <\/div>\r\n                    <div class = \"td-button td-item2\">\r\n                        <div class = \"td-border\"><\/div>\r\n                    <\/div>\r\n                    <div class = \"td-button td-item3\">\r\n                        <div class = \"td-border\"><\/div>\r\n                    <\/div>\r\n                    <div class = \"td-button td-item4\">\r\n                        <div class = \"td-border\"><\/div>\r\n                    <\/div>\r\n                    <div class = \"td-button td-item5\">\r\n                        <div class = \"td-border\"><\/div>\r\n                    <\/div>\r\n                    <div class = \"td-button td-item6\">\r\n                        <div class = \"td-border\"><\/div>\r\n                    <\/div>\r\n                    <div class = \"td-button td-item7\">\r\n                        <div class = \"td-border\"><\/div>\r\n                    <\/div>\r\n                            <\/div>\r\n                        <\/div>\r\n\r\n                    <\/div>\r\n\r\n                <\/div>\r\n                \n","protected":false},"excerpt":{"rendered":"<p>Santa Marta (Colombia). Del 20 al 22 de febrero de 2026 se reunieron en Santa Marta, en la Casa Mar\u00eda Auxiliadora de la Inspector\u00eda Mar\u00eda Auxiliadora (CMA), los\/las representantes del [&hellip;]<\/p>\n","protected":false},"author":21,"featured_media":154173,"comment_status":"open","ping_status":"closed","sticky":false,"template":"","format":"standard","meta":{"footnotes":""},"categories":[158,179],"tags":[247,1454,1670,1931,1947,2243],"class_list":["post-154209","post","type-post","status-publish","format-standard","has-post-thumbnail","category-ifma-es","category-educacion","tag-colombia-es","tag-escuela","tag-carisma-salesiano-es","tag-focus-es","tag-sistema-preventivo-es","tag-iss-fma-es"],"yoast_head":"<!-- This site is optimized with the Yoast SEO plugin v27.4 - https:\/\/yoast.com\/product\/yoast-seo-wordpress\/ -->\n<title>La fuerza prof\u00e9tica de la Red &#8226; Istituto Figlie di Maria Ausiliatrice<\/title>\n<meta name=\"description\" content=\"Del 20 al 22 de febrero de 2026, los representantes del n\u00facleo animador de la red de las Escuelas Normales Salesianas de Colombia, miembros de la red ISS FMA, se reunieron en Santa Marta, en Colombia.\" \/>\n<meta name=\"robots\" content=\"index, follow, max-snippet:-1, max-image-preview:large, max-video-preview:-1\" \/>\n<link rel=\"canonical\" href=\"https:\/\/www.cgfmanet.org\/es\/ifma-es\/la-fuerza-profetica-de-la-red\/\" \/>\n<meta property=\"og:locale\" content=\"es_ES\" \/>\n<meta property=\"og:type\" content=\"article\" \/>\n<meta property=\"og:title\" content=\"La fuerza prof\u00e9tica de la Red &#8226; Istituto Figlie di Maria Ausiliatrice\" \/>\n<meta property=\"og:description\" content=\"Del 20 al 22 de febrero de 2026, los representantes del n\u00facleo animador de la red de las Escuelas Normales Salesianas de Colombia, miembros de la red ISS FMA, se reunieron en Santa Marta, en Colombia.\" \/>\n<meta property=\"og:url\" content=\"https:\/\/www.cgfmanet.org\/es\/ifma-es\/la-fuerza-profetica-de-la-red\/\" \/>\n<meta property=\"og:site_name\" content=\"Istituto Figlie di Maria Ausiliatrice\" \/>\n<meta property=\"article:publisher\" content=\"https:\/\/www.facebook.com\/salesian.sisters.of.don.bosco\/\" \/>\n<meta property=\"article:published_time\" content=\"2026-02-23T17:34:39+00:00\" \/>\n<meta property=\"article:modified_time\" content=\"2026-02-26T20:27:03+00:00\" \/>\n<meta property=\"og:image\" content=\"https:\/\/www.cgfmanet.org\/wp-content\/uploads\/2026\/02\/Incontro-ISS-Colombia.jpg\" \/>\n\t<meta property=\"og:image:width\" content=\"1200\" \/>\n\t<meta property=\"og:image:height\" content=\"800\" \/>\n\t<meta property=\"og:image:type\" content=\"image\/jpeg\" \/>\n<meta name=\"author\" content=\"Redazione\" \/>\n<meta name=\"twitter:card\" content=\"summary_large_image\" \/>\n<meta name=\"twitter:creator\" content=\"@Cgfmanet_Org\" \/>\n<meta name=\"twitter:site\" content=\"@Cgfmanet_Org\" \/>\n<meta name=\"twitter:label1\" content=\"Escrito por\" \/>\n\t<meta name=\"twitter:data1\" content=\"Redazione\" \/>\n\t<meta name=\"twitter:label2\" content=\"Tiempo de lectura\" \/>\n\t<meta name=\"twitter:data2\" content=\"4 minutos\" \/>\n<script type=\"application\/ld+json\" class=\"yoast-schema-graph\">{\"@context\":\"https:\\\/\\\/schema.org\",\"@graph\":[{\"@type\":\"Article\",\"@id\":\"https:\\\/\\\/www.cgfmanet.org\\\/es\\\/ifma-es\\\/la-fuerza-profetica-de-la-red\\\/#article\",\"isPartOf\":{\"@id\":\"https:\\\/\\\/www.cgfmanet.org\\\/es\\\/ifma-es\\\/la-fuerza-profetica-de-la-red\\\/\"},\"author\":{\"name\":\"Redazione\",\"@id\":\"https:\\\/\\\/www.cgfmanet.org\\\/es\\\/#\\\/schema\\\/person\\\/ce6473083f53ef0ef882cca23f0c8fb9\"},\"headline\":\"La fuerza prof\u00e9tica de la Red\",\"datePublished\":\"2026-02-23T17:34:39+00:00\",\"dateModified\":\"2026-02-26T20:27:03+00:00\",\"mainEntityOfPage\":{\"@id\":\"https:\\\/\\\/www.cgfmanet.org\\\/es\\\/ifma-es\\\/la-fuerza-profetica-de-la-red\\\/\"},\"wordCount\":646,\"commentCount\":0,\"publisher\":{\"@id\":\"https:\\\/\\\/www.cgfmanet.org\\\/es\\\/#organization\"},\"image\":{\"@id\":\"https:\\\/\\\/www.cgfmanet.org\\\/es\\\/ifma-es\\\/la-fuerza-profetica-de-la-red\\\/#primaryimage\"},\"thumbnailUrl\":\"https:\\\/\\\/www.cgfmanet.org\\\/wp-content\\\/uploads\\\/2026\\\/02\\\/Incontro-ISS-Colombia.jpg\",\"keywords\":[\"Colombia\",\"Escuela\",\"Carisma salesiano\",\"Focus\",\"Sistema Preventivo\",\"ISS FMA\"],\"articleSection\":[\"IFMA\",\"Educaci\u00f3n\"],\"inLanguage\":\"es\",\"potentialAction\":[{\"@type\":\"CommentAction\",\"name\":\"Comment\",\"target\":[\"https:\\\/\\\/www.cgfmanet.org\\\/es\\\/ifma-es\\\/la-fuerza-profetica-de-la-red\\\/#respond\"]}]},{\"@type\":\"WebPage\",\"@id\":\"https:\\\/\\\/www.cgfmanet.org\\\/es\\\/ifma-es\\\/la-fuerza-profetica-de-la-red\\\/\",\"url\":\"https:\\\/\\\/www.cgfmanet.org\\\/es\\\/ifma-es\\\/la-fuerza-profetica-de-la-red\\\/\",\"name\":\"La fuerza prof\u00e9tica de la Red &#8226; Istituto Figlie di Maria Ausiliatrice\",\"isPartOf\":{\"@id\":\"https:\\\/\\\/www.cgfmanet.org\\\/es\\\/#website\"},\"primaryImageOfPage\":{\"@id\":\"https:\\\/\\\/www.cgfmanet.org\\\/es\\\/ifma-es\\\/la-fuerza-profetica-de-la-red\\\/#primaryimage\"},\"image\":{\"@id\":\"https:\\\/\\\/www.cgfmanet.org\\\/es\\\/ifma-es\\\/la-fuerza-profetica-de-la-red\\\/#primaryimage\"},\"thumbnailUrl\":\"https:\\\/\\\/www.cgfmanet.org\\\/wp-content\\\/uploads\\\/2026\\\/02\\\/Incontro-ISS-Colombia.jpg\",\"datePublished\":\"2026-02-23T17:34:39+00:00\",\"dateModified\":\"2026-02-26T20:27:03+00:00\",\"description\":\"Del 20 al 22 de febrero de 2026, los representantes del n\u00facleo animador de la red de las Escuelas Normales Salesianas de Colombia, miembros de la red ISS FMA, se reunieron en Santa Marta, en Colombia.\",\"breadcrumb\":{\"@id\":\"https:\\\/\\\/www.cgfmanet.org\\\/es\\\/ifma-es\\\/la-fuerza-profetica-de-la-red\\\/#breadcrumb\"},\"inLanguage\":\"es\",\"potentialAction\":[{\"@type\":\"ReadAction\",\"target\":[\"https:\\\/\\\/www.cgfmanet.org\\\/es\\\/ifma-es\\\/la-fuerza-profetica-de-la-red\\\/\"]}]},{\"@type\":\"ImageObject\",\"inLanguage\":\"es\",\"@id\":\"https:\\\/\\\/www.cgfmanet.org\\\/es\\\/ifma-es\\\/la-fuerza-profetica-de-la-red\\\/#primaryimage\",\"url\":\"https:\\\/\\\/www.cgfmanet.org\\\/wp-content\\\/uploads\\\/2026\\\/02\\\/Incontro-ISS-Colombia.jpg\",\"contentUrl\":\"https:\\\/\\\/www.cgfmanet.org\\\/wp-content\\\/uploads\\\/2026\\\/02\\\/Incontro-ISS-Colombia.jpg\",\"width\":1200,\"height\":800},{\"@type\":\"BreadcrumbList\",\"@id\":\"https:\\\/\\\/www.cgfmanet.org\\\/es\\\/ifma-es\\\/la-fuerza-profetica-de-la-red\\\/#breadcrumb\",\"itemListElement\":[{\"@type\":\"ListItem\",\"position\":1,\"name\":\"Home\",\"item\":\"https:\\\/\\\/www.cgfmanet.org\\\/es\\\/\"},{\"@type\":\"ListItem\",\"position\":2,\"name\":\"La fuerza prof\u00e9tica de la Red\"}]},{\"@type\":\"WebSite\",\"@id\":\"https:\\\/\\\/www.cgfmanet.org\\\/es\\\/#website\",\"url\":\"https:\\\/\\\/www.cgfmanet.org\\\/es\\\/\",\"name\":\"Istituto Figlie di Maria Ausiliatrice\",\"description\":\"Salesiane di Don Bosco\",\"publisher\":{\"@id\":\"https:\\\/\\\/www.cgfmanet.org\\\/es\\\/#organization\"},\"potentialAction\":[{\"@type\":\"SearchAction\",\"target\":{\"@type\":\"EntryPoint\",\"urlTemplate\":\"https:\\\/\\\/www.cgfmanet.org\\\/es\\\/?s={search_term_string}\"},\"query-input\":{\"@type\":\"PropertyValueSpecification\",\"valueRequired\":true,\"valueName\":\"search_term_string\"}}],\"inLanguage\":\"es\"},{\"@type\":\"Organization\",\"@id\":\"https:\\\/\\\/www.cgfmanet.org\\\/es\\\/#organization\",\"name\":\"Istituto Figlie di Maria Ausiliatrice\",\"url\":\"https:\\\/\\\/www.cgfmanet.org\\\/es\\\/\",\"logo\":{\"@type\":\"ImageObject\",\"inLanguage\":\"es\",\"@id\":\"https:\\\/\\\/www.cgfmanet.org\\\/es\\\/#\\\/schema\\\/logo\\\/image\\\/\",\"url\":\"https:\\\/\\\/www.cgfmanet.org\\\/wp-content\\\/uploads\\\/2018\\\/10\\\/logo-fma.png\",\"contentUrl\":\"https:\\\/\\\/www.cgfmanet.org\\\/wp-content\\\/uploads\\\/2018\\\/10\\\/logo-fma.png\",\"width\":214,\"height\":55,\"caption\":\"Istituto Figlie di Maria Ausiliatrice\"},\"image\":{\"@id\":\"https:\\\/\\\/www.cgfmanet.org\\\/es\\\/#\\\/schema\\\/logo\\\/image\\\/\"},\"sameAs\":[\"https:\\\/\\\/www.facebook.com\\\/salesian.sisters.of.don.bosco\\\/\",\"https:\\\/\\\/x.com\\\/Cgfmanet_Org\",\"https:\\\/\\\/www.youtube.com\\\/channel\\\/UCmcr8yFQBV7JXeXVxyV9y5Q\"]},{\"@type\":\"Person\",\"@id\":\"https:\\\/\\\/www.cgfmanet.org\\\/es\\\/#\\\/schema\\\/person\\\/ce6473083f53ef0ef882cca23f0c8fb9\",\"name\":\"Redazione\"}]}<\/script>\n<!-- \/ Yoast SEO plugin. -->","yoast_head_json":{"title":"La fuerza prof\u00e9tica de la Red &#8226; Istituto Figlie di Maria Ausiliatrice","description":"Del 20 al 22 de febrero de 2026, los representantes del n\u00facleo animador de la red de las Escuelas Normales Salesianas de Colombia, miembros de la red ISS FMA, se reunieron en Santa Marta, en Colombia.","robots":{"index":"index","follow":"follow","max-snippet":"max-snippet:-1","max-image-preview":"max-image-preview:large","max-video-preview":"max-video-preview:-1"},"canonical":"https:\/\/www.cgfmanet.org\/es\/ifma-es\/la-fuerza-profetica-de-la-red\/","og_locale":"es_ES","og_type":"article","og_title":"La fuerza prof\u00e9tica de la Red &#8226; Istituto Figlie di Maria Ausiliatrice","og_description":"Del 20 al 22 de febrero de 2026, los representantes del n\u00facleo animador de la red de las Escuelas Normales Salesianas de Colombia, miembros de la red ISS FMA, se reunieron en Santa Marta, en Colombia.","og_url":"https:\/\/www.cgfmanet.org\/es\/ifma-es\/la-fuerza-profetica-de-la-red\/","og_site_name":"Istituto Figlie di Maria Ausiliatrice","article_publisher":"https:\/\/www.facebook.com\/salesian.sisters.of.don.bosco\/","article_published_time":"2026-02-23T17:34:39+00:00","article_modified_time":"2026-02-26T20:27:03+00:00","og_image":[{"width":1200,"height":800,"url":"https:\/\/www.cgfmanet.org\/wp-content\/uploads\/2026\/02\/Incontro-ISS-Colombia.jpg","type":"image\/jpeg"}],"author":"Redazione","twitter_card":"summary_large_image","twitter_creator":"@Cgfmanet_Org","twitter_site":"@Cgfmanet_Org","twitter_misc":{"Escrito por":"Redazione","Tiempo de lectura":"4 minutos"},"schema":{"@context":"https:\/\/schema.org","@graph":[{"@type":"Article","@id":"https:\/\/www.cgfmanet.org\/es\/ifma-es\/la-fuerza-profetica-de-la-red\/#article","isPartOf":{"@id":"https:\/\/www.cgfmanet.org\/es\/ifma-es\/la-fuerza-profetica-de-la-red\/"},"author":{"name":"Redazione","@id":"https:\/\/www.cgfmanet.org\/es\/#\/schema\/person\/ce6473083f53ef0ef882cca23f0c8fb9"},"headline":"La fuerza prof\u00e9tica de la Red","datePublished":"2026-02-23T17:34:39+00:00","dateModified":"2026-02-26T20:27:03+00:00","mainEntityOfPage":{"@id":"https:\/\/www.cgfmanet.org\/es\/ifma-es\/la-fuerza-profetica-de-la-red\/"},"wordCount":646,"commentCount":0,"publisher":{"@id":"https:\/\/www.cgfmanet.org\/es\/#organization"},"image":{"@id":"https:\/\/www.cgfmanet.org\/es\/ifma-es\/la-fuerza-profetica-de-la-red\/#primaryimage"},"thumbnailUrl":"https:\/\/www.cgfmanet.org\/wp-content\/uploads\/2026\/02\/Incontro-ISS-Colombia.jpg","keywords":["Colombia","Escuela","Carisma salesiano","Focus","Sistema Preventivo","ISS FMA"],"articleSection":["IFMA","Educaci\u00f3n"],"inLanguage":"es","potentialAction":[{"@type":"CommentAction","name":"Comment","target":["https:\/\/www.cgfmanet.org\/es\/ifma-es\/la-fuerza-profetica-de-la-red\/#respond"]}]},{"@type":"WebPage","@id":"https:\/\/www.cgfmanet.org\/es\/ifma-es\/la-fuerza-profetica-de-la-red\/","url":"https:\/\/www.cgfmanet.org\/es\/ifma-es\/la-fuerza-profetica-de-la-red\/","name":"La fuerza prof\u00e9tica de la Red &#8226; Istituto Figlie di Maria Ausiliatrice","isPartOf":{"@id":"https:\/\/www.cgfmanet.org\/es\/#website"},"primaryImageOfPage":{"@id":"https:\/\/www.cgfmanet.org\/es\/ifma-es\/la-fuerza-profetica-de-la-red\/#primaryimage"},"image":{"@id":"https:\/\/www.cgfmanet.org\/es\/ifma-es\/la-fuerza-profetica-de-la-red\/#primaryimage"},"thumbnailUrl":"https:\/\/www.cgfmanet.org\/wp-content\/uploads\/2026\/02\/Incontro-ISS-Colombia.jpg","datePublished":"2026-02-23T17:34:39+00:00","dateModified":"2026-02-26T20:27:03+00:00","description":"Del 20 al 22 de febrero de 2026, los representantes del n\u00facleo animador de la red de las Escuelas Normales Salesianas de Colombia, miembros de la red ISS FMA, se reunieron en Santa Marta, en Colombia.","breadcrumb":{"@id":"https:\/\/www.cgfmanet.org\/es\/ifma-es\/la-fuerza-profetica-de-la-red\/#breadcrumb"},"inLanguage":"es","potentialAction":[{"@type":"ReadAction","target":["https:\/\/www.cgfmanet.org\/es\/ifma-es\/la-fuerza-profetica-de-la-red\/"]}]},{"@type":"ImageObject","inLanguage":"es","@id":"https:\/\/www.cgfmanet.org\/es\/ifma-es\/la-fuerza-profetica-de-la-red\/#primaryimage","url":"https:\/\/www.cgfmanet.org\/wp-content\/uploads\/2026\/02\/Incontro-ISS-Colombia.jpg","contentUrl":"https:\/\/www.cgfmanet.org\/wp-content\/uploads\/2026\/02\/Incontro-ISS-Colombia.jpg","width":1200,"height":800},{"@type":"BreadcrumbList","@id":"https:\/\/www.cgfmanet.org\/es\/ifma-es\/la-fuerza-profetica-de-la-red\/#breadcrumb","itemListElement":[{"@type":"ListItem","position":1,"name":"Home","item":"https:\/\/www.cgfmanet.org\/es\/"},{"@type":"ListItem","position":2,"name":"La fuerza prof\u00e9tica de la Red"}]},{"@type":"WebSite","@id":"https:\/\/www.cgfmanet.org\/es\/#website","url":"https:\/\/www.cgfmanet.org\/es\/","name":"Istituto Figlie di Maria Ausiliatrice","description":"Salesiane di Don Bosco","publisher":{"@id":"https:\/\/www.cgfmanet.org\/es\/#organization"},"potentialAction":[{"@type":"SearchAction","target":{"@type":"EntryPoint","urlTemplate":"https:\/\/www.cgfmanet.org\/es\/?s={search_term_string}"},"query-input":{"@type":"PropertyValueSpecification","valueRequired":true,"valueName":"search_term_string"}}],"inLanguage":"es"},{"@type":"Organization","@id":"https:\/\/www.cgfmanet.org\/es\/#organization","name":"Istituto Figlie di Maria Ausiliatrice","url":"https:\/\/www.cgfmanet.org\/es\/","logo":{"@type":"ImageObject","inLanguage":"es","@id":"https:\/\/www.cgfmanet.org\/es\/#\/schema\/logo\/image\/","url":"https:\/\/www.cgfmanet.org\/wp-content\/uploads\/2018\/10\/logo-fma.png","contentUrl":"https:\/\/www.cgfmanet.org\/wp-content\/uploads\/2018\/10\/logo-fma.png","width":214,"height":55,"caption":"Istituto Figlie di Maria Ausiliatrice"},"image":{"@id":"https:\/\/www.cgfmanet.org\/es\/#\/schema\/logo\/image\/"},"sameAs":["https:\/\/www.facebook.com\/salesian.sisters.of.don.bosco\/","https:\/\/x.com\/Cgfmanet_Org","https:\/\/www.youtube.com\/channel\/UCmcr8yFQBV7JXeXVxyV9y5Q"]},{"@type":"Person","@id":"https:\/\/www.cgfmanet.org\/es\/#\/schema\/person\/ce6473083f53ef0ef882cca23f0c8fb9","name":"Redazione"}]}},"_links":{"self":[{"href":"https:\/\/www.cgfmanet.org\/es\/wp-json\/wp\/v2\/posts\/154209","targetHints":{"allow":["GET"]}}],"collection":[{"href":"https:\/\/www.cgfmanet.org\/es\/wp-json\/wp\/v2\/posts"}],"about":[{"href":"https:\/\/www.cgfmanet.org\/es\/wp-json\/wp\/v2\/types\/post"}],"author":[{"embeddable":true,"href":"https:\/\/www.cgfmanet.org\/es\/wp-json\/wp\/v2\/users\/21"}],"replies":[{"embeddable":true,"href":"https:\/\/www.cgfmanet.org\/es\/wp-json\/wp\/v2\/comments?post=154209"}],"version-history":[{"count":2,"href":"https:\/\/www.cgfmanet.org\/es\/wp-json\/wp\/v2\/posts\/154209\/revisions"}],"predecessor-version":[{"id":154211,"href":"https:\/\/www.cgfmanet.org\/es\/wp-json\/wp\/v2\/posts\/154209\/revisions\/154211"}],"wp:featuredmedia":[{"embeddable":true,"href":"https:\/\/www.cgfmanet.org\/es\/wp-json\/wp\/v2\/media\/154173"}],"wp:attachment":[{"href":"https:\/\/www.cgfmanet.org\/es\/wp-json\/wp\/v2\/media?parent=154209"}],"wp:term":[{"taxonomy":"category","embeddable":true,"href":"https:\/\/www.cgfmanet.org\/es\/wp-json\/wp\/v2\/categories?post=154209"},{"taxonomy":"post_tag","embeddable":true,"href":"https:\/\/www.cgfmanet.org\/es\/wp-json\/wp\/v2\/tags?post=154209"}],"curies":[{"name":"wp","href":"https:\/\/api.w.org\/{rel}","templated":true}]}}