{"id":154006,"date":"2026-04-05T08:39:47","date_gmt":"2026-04-05T06:39:47","guid":{"rendered":"https:\/\/www.cgfmanet.org\/infoesfera\/ucraina-invocando-la-pace-nel-4-anniversario-del-conflitto\/"},"modified":"2026-02-25T22:32:37","modified_gmt":"2026-02-25T21:32:37","slug":"ucrania-invocando-la-paz-en-el-4o-aniversario-del-conflicto","status":"publish","type":"post","link":"https:\/\/www.cgfmanet.org\/es\/emergencias-y-campanas-humanitarias\/ucrania-invocando-la-paz-en-el-4o-aniversario-del-conflicto\/","title":{"rendered":"Ucrania: invocando la paz en el 4\u00ba aniversario del conflicto"},"content":{"rendered":"<p><strong>Ucraina.<\/strong> En el cuarto aniversario del inicio de la invasi\u00f3n rusa a Ucrania, que comenz\u00f3 el 24 de febrero de 2022, mientras el pa\u00eds vive el Segundo D\u00eda Nacional de Oraci\u00f3n, las Hijas de Mar\u00eda Auxiliadora de la Visitadur\u00eda Madre de Dios (EEG) contin\u00faan elevando al Se\u00f1or una \u00fanica e insistente invocaci\u00f3n: el don de la paz. Desde hace cuatro a\u00f1os acompa\u00f1an con esperanza al pueblo en el sufrimiento, confiando cada l\u00e1grima al Coraz\u00f3n de Dios, al cual los Obispos de la Iglesia Romano-Cat\u00f3lica en Ucrania han dedicado el a\u00f1o 2026.<\/p>\n<p>En esta jornada, <strong>sor Natalia Vakulishyna<\/strong> se trasladar\u00e1 al Santuario Nacional de la Virgen de Berdychiv para participar en la oraci\u00f3n del Rosario, organizada a nivel mundial por Radio Mar\u00eda y transmitida internacionalmente en directo. Ser\u00e1 un momento extraordinario de s\u00faplica por la paz que unir\u00e1 a toda la Iglesia. La celebraci\u00f3n ser\u00e1 presidida por el Obispo ordinario de la di\u00f3cesis de Kyiv-Zhytomyr, S.E. Vitaliy Kryvytskyi.<\/p>\n<p>El Rosario ser\u00e1 rezado en diversos idiomas \u2014ucraniano, italiano, ingl\u00e9s, polaco y lat\u00edn\u2014 y sor Natalia guiar\u00e1 un misterio en lengua inglesa. A continuaci\u00f3n, el Obispo celebrar\u00e1 la Santa Misa, uni\u00e9ndose a la Iglesia local y universal en esta intensa s\u00faplica por la paz.<\/p>\n<p>Las FMA, tanto en Kyiv como en las otras Comunidades, contin\u00faan con fidelidad las actividades ordinarias: la escuela, la acogida de ni\u00f1os y padres, el acompa\u00f1amiento de quienes sufren, de los heridos en los hospitales, de quienes han perdido a sus seres queridos y de quienes esperan a sus familiares detenidos o encarcelados en Rusia. Las hermanas de Kyiv, adem\u00e1s, est\u00e1n plenamente involucradas en la Pastoral Juvenil a nivel diocesano. La semana pasada aportaron su contribuci\u00f3n al curso de animadores junto a los Salesianos de Don Bosco, a los encuentros organizativos en preparaci\u00f3n para la Fiesta Diocesana de los Adolescentes \u2014que se celebrar\u00e1 en mayo de 2026, involucrando a 400 adolescentes\u2014 y a la Fiesta de los J\u00f3venes, en septiembre de 2026.<\/p>\n<p>\u201cCreemos firmemente que, despu\u00e9s de un invierno tan duro en Kyiv \u2014meses sin calefacci\u00f3n, sin electricidad, con temperaturas que bajaron de los -20\u00b0C\u2014 llegar\u00e1 de todos modos la primavera. Atravesaremos el tiempo de la Cuaresma y nos prepararemos para la Pascua con el coraz\u00f3n renovado. Rezamos con los ni\u00f1os en la escuela, en la parroquia, con la comunidad educativa y la Iglesia local; permanecemos al lado de nuestra gente y reavivamos la esperanza: incluso en la oscuridad de la guerra, creemos que Dios contin\u00faa actuando y que la paz es un don posible\u201d, dice sor Natalia.<\/p>\n<p><a href=\"https:\/\/www.cgfmanet.org\/wp-content\/uploads\/2026\/02\/Kyiv.jpg\"><img decoding=\"async\" class=\"aligncenter wp-image-153987 size-full lazyload\" data-src=\"https:\/\/www.cgfmanet.org\/wp-content\/uploads\/2026\/02\/Kyiv.jpg\" alt=\"\" width=\"1280\" height=\"887\" data-srcset=\"https:\/\/www.cgfmanet.org\/wp-content\/uploads\/2026\/02\/Kyiv.jpg 1280w, https:\/\/www.cgfmanet.org\/wp-content\/uploads\/2026\/02\/Kyiv-768x532.jpg 768w, https:\/\/www.cgfmanet.org\/wp-content\/uploads\/2026\/02\/Kyiv-606x420.jpg 606w, https:\/\/www.cgfmanet.org\/wp-content\/uploads\/2026\/02\/Kyiv-218x150.jpg 218w, https:\/\/www.cgfmanet.org\/wp-content\/uploads\/2026\/02\/Kyiv-696x482.jpg 696w, https:\/\/www.cgfmanet.org\/wp-content\/uploads\/2026\/02\/Kyiv-100x70.jpg 100w\" data-sizes=\"auto\" src=\"data:image\/svg+xml;base64,PHN2ZyB3aWR0aD0iMSIgaGVpZ2h0PSIxIiB4bWxucz0iaHR0cDovL3d3dy53My5vcmcvMjAwMC9zdmciPjwvc3ZnPg==\" style=\"--smush-placeholder-width: 1280px; --smush-placeholder-aspect-ratio: 1280\/887;\" data-original-sizes=\"(max-width: 1280px) 100vw, 1280px\" \/><\/a><\/p>\n<p><strong>Sor Teresa Matyja<\/strong> comparte la situaci\u00f3n de <strong>Odesa<\/strong>:<\/p>\n<p>Han pasado cuatro a\u00f1os desde que nos despertamos la ma\u00f1ana del 24 de febrero de 2022 y escuchamos: la guerra ha comenzado. Cuatro a\u00f1os de vida y de espera a que llegara la paz, a que todo volviera a la normalidad, aunque esa normalidad nunca m\u00e1s volver\u00eda a ser la misma. La experiencia de la guerra, de las continuas alarmas y bombardeos, el miedo de tantas personas y la desesperaci\u00f3n en los ojos de muchos.<\/p>\n<p>Quisiera compartir la situaci\u00f3n actual de las personas que viven en Odesa y en la regi\u00f3n. Estar con las personas, hablar con ellas&#8230; todo lo que experimentan penetra profundamente en el coraz\u00f3n.<\/p>\n<p><em><img decoding=\"async\" class=\"alignleft wp-image-153977 lazyload\" data-src=\"https:\/\/www.cgfmanet.org\/wp-content\/uploads\/2026\/02\/Odessa.jpg\" alt=\"\" width=\"400\" height=\"407\" data-srcset=\"https:\/\/www.cgfmanet.org\/wp-content\/uploads\/2026\/02\/Odessa.jpg 959w, https:\/\/www.cgfmanet.org\/wp-content\/uploads\/2026\/02\/Odessa-768x782.jpg 768w, https:\/\/www.cgfmanet.org\/wp-content\/uploads\/2026\/02\/Odessa-413x420.jpg 413w, https:\/\/www.cgfmanet.org\/wp-content\/uploads\/2026\/02\/Odessa-696x708.jpg 696w\" data-sizes=\"auto\" src=\"data:image\/svg+xml;base64,PHN2ZyB3aWR0aD0iMSIgaGVpZ2h0PSIxIiB4bWxucz0iaHR0cDovL3d3dy53My5vcmcvMjAwMC9zdmciPjwvc3ZnPg==\" style=\"--smush-placeholder-width: 400px; --smush-placeholder-aspect-ratio: 400\/407;\" data-original-sizes=\"(max-width: 400px) 100vw, 400px\" \/><\/em><\/p>\n<p>Actualmente hay un gran problema con la falta de electricidad y de agua. Y a pesar de todo esto, el invierno de este a\u00f1o es largo y arduo. La electricidad muy a menudo se corta: falta la mayor parte del tiempo. En algunas zonas de Odesa y de la regi\u00f3n, la gente lleva semanas sin electricidad. Y cuando no hay electricidad, a menudo tambi\u00e9n faltan el agua y la calefacci\u00f3n. Si tienen un generador, lo encienden solo como \u00faltimo recurso, porque es muy costoso. Algunos usan tambi\u00e9n una central el\u00e9ctrica, pero solo unos pocos tienen acceso.<\/p>\n<p>En la mayor\u00eda de los casos los ni\u00f1os aprenden a distancia, las escuelas no est\u00e1n adaptadas para acoger a todos. Cuando ocurre un corte de energ\u00eda, en consecuencia no hay internet y el c\u00edrculo se cierra.<\/p>\n<p>Los efectos del fr\u00edo son muy graves: la gente se enferma. Las medicinas son muy caras y no todos pueden permitirse los tratamientos. Todo esto es consecuencia del fr\u00edo. Si los ni\u00f1os van a la escuela, cuando suena la alarma, deben resguardarse en refugios donde la temperatura ronda los 7 grados Celsius, a veces incluso m\u00e1s baja. Y despu\u00e9s vienen las enfermedades. Estamos ayudando en lo posible, donando fondos para tratamientos, combustible y comida. Tambi\u00e9n hemos comprado linternas el\u00e9ctricas.<\/p>\n<p>La situaci\u00f3n es muy dif\u00edcil. Todos estamos esperando que el tiempo mejore un poco, porque el fr\u00edo se hace sentir. En Odesa hay mucha humedad, con un toque de aire marino y a menudo hay un fuerte viento. Las personas est\u00e1n pasando por un periodo muy dif\u00edcil, por lo que tratamos de ayudarlas lo m\u00e1s posible.<\/p>\n<p>Las personas duermen con gorros de lana, bajo muchas mantas. A pesar de todo, no perdemos la esperanza. Intentamos estar con ellos, ayudarles, hablar con ellos y animarles a rezar. \u00bfQu\u00e9 podemos hacer sin Dios?<\/p>\n<p>Algunas personas sufren tambi\u00e9n de depresi\u00f3n. A causa del estr\u00e9s y del miedo, muchos ni\u00f1os empiezan a sufrir de diabetes. Tanto quienes sufren de depresi\u00f3n como quienes est\u00e1n afectados por la diabetes necesitan recursos para sus tratamientos. Existen programas de asistencia. Pero, no son accesibles para todos.<\/p>\n<p>Considero que nuestra presencia es como una presencia amistosa: mostramos a las personas que no est\u00e1n solas y que alguien se preocupa por ellas. No actuamos solas. Somos solo mediaciones, un puente entre quienes quieren ayudar y quienes lo necesitan desesperadamente. No perdemos la esperanza, perseveramos y, extrayendo fuerza y potencia de la oraci\u00f3n y de una relaci\u00f3n viva con Dios, compartimos fe, esperanza y amor.<\/p>\n<p>Vivir aqu\u00ed y experimentar todo esto nos ense\u00f1a una perspectiva diferente sobre la realidad y sobre vivir el \u2018aqu\u00ed y ahora\u2019, sin grandes proyectos. Estamos en las manos de Dios y nos dejamos guiar para unirnos a \u00c9l en el acompa\u00f1amiento a quienes est\u00e1n necesitados\u201d.<\/p>\n<p><strong>El testimonio de sor Jolanta Lisak, desde Lviv:<\/strong><\/p>\n<p>\u201cEl 24 de febrero de 2022 ninguno de nosotros pod\u00eda imaginar que esta horrible guerra durar\u00eda hasta hoy. Tal vez los primeros d\u00edas, las primeras semanas y los primeros meses de la guerra fueron los m\u00e1s dif\u00edciles. No est\u00e1bamos preparados para la llegada de la guerra con su crueldad.<\/p>\n<p>El primer periodo nos trajo desaf\u00edos urgentes. En los primeros d\u00edas fabric\u00e1bamos en casa, con las j\u00f3venes, vendajes para los heridos y redes de camuflaje para ayudar a salvar a nuestros defensores. Luego empezaron a llegar los trenes con refugiados del este de Ucrania; entonces acogimos en casa a las madres con hijos peque\u00f1os y ayud\u00e1bamos a los refugiados hospedados en las escuelas.<\/p>\n<p>Gracias a la gran solidaridad, y con un gran apoyo de los voluntarios, pudimos recibir y distribuir la ayuda humanitaria que ven\u00eda de diversas partes del mundo. Cada d\u00eda, cada semana, mes y a\u00f1o, trae nuevos desaf\u00edos vinculados al conflicto.<\/p>\n<p>Despu\u00e9s de cuatro a\u00f1os nadie se ha acostumbrado a la guerra, pero hemos aprendido a vivir en condiciones de guerra. El rostro de la guerra ha cambiado, pero lamentablemente no ha perdido su crueldad. Nosotros en Lviv nos encontramos en la parte oeste de Ucrania y sufrimos menos bombardeos respecto al este, pero tambi\u00e9n aqu\u00ed de vez en cuando caen bombas. Casi cada d\u00eda escuchamos los \u201csonidos de la guerra\u201d, porque nuestra casa en Lviv se encuentra cerca del Campo de Marte, el cementerio donde est\u00e1n sepultados los militares \u2014H\u00e9roes de Ucrania\u2014 que nos han defendido.<\/p>\n<p>Hacia el mediod\u00eda escuchamos las salvas de honor de los funerales de los soldados ca\u00eddos. Desde el inicio de la guerra visitamos tambi\u00e9n a los militares heridos en el hospital militar, y desde hace dos a\u00f1os, una vez al mes, junto a los miembros de la Asociaci\u00f3n de Mar\u00eda Auxiliadora (ADMA) y a las j\u00f3venes de nuestro pensionado, les llevamos tartas y galletas hechas en casa.<\/p>\n<p>Tratamos de llevarles no solo dulces, sino nuestra gratitud, cercan\u00eda, una buena palabra y les aseguramos nuestra oraci\u00f3n. A menudo son j\u00f3venes, sin piernas ni manos, pero vivos, aunque algunos con los ojos apagados. A trav\u00e9s de la presencia y la oraci\u00f3n intentamos llevarles un peque\u00f1o rayo de esperanza\u201d.<\/p>\n\r\n                <style type=\"text\/css\">\r\n                    \r\n                    #tdi_1  .td-doubleSlider-2 .td-item1 {\r\n                        background: url(https:\/\/www.cgfmanet.org\/wp-content\/uploads\/2026\/02\/Lviv-1-80x60.jpg) 0 0 no-repeat;\r\n                    }\r\n                    #tdi_1  .td-doubleSlider-2 .td-item2 {\r\n                        background: url(https:\/\/www.cgfmanet.org\/wp-content\/uploads\/2026\/02\/Lviv-2-80x60.jpg) 0 0 no-repeat;\r\n                    }\r\n                    #tdi_1  .td-doubleSlider-2 .td-item3 {\r\n                        background: url(https:\/\/www.cgfmanet.org\/wp-content\/uploads\/2026\/02\/Lviv-3-80x60.jpg) 0 0 no-repeat;\r\n                    }\r\n                <\/style>\r\n\r\n                <div id=\"tdi_1\" class=\"td-gallery td-slide-on-2-columns\">\r\n                    <div class=\"post_td_gallery\">\r\n                        <div class=\"td-gallery-slide-top\">\r\n                           <div class=\"td-gallery-title\"><\/div>\r\n\r\n                            <div class=\"td-gallery-controls-wrapper\">\r\n                                <div class=\"td-gallery-slide-count\"><span class=\"td-gallery-slide-item-focus\">1<\/span> de 3<\/div>\r\n                                <div class=\"td-gallery-slide-prev-next-but\">\r\n                                    <i class = \"td-icon-left doubleSliderPrevButton\"><\/i>\r\n                                    <i class = \"td-icon-right doubleSliderNextButton\"><\/i>\r\n                                <\/div>\r\n                            <\/div>\r\n                        <\/div>\r\n\r\n                        <div class = \"td-doubleSlider-1 \">\r\n                            <div class = \"td-slider\">\r\n                                \r\n                    <div class = \"td-slide-item td-item1\">\r\n                        <figure class=\"td-slide-galery-figure td-slide-popup-gallery\">\r\n                            <a class=\"slide-gallery-image-link\" href=\"https:\/\/www.cgfmanet.org\/wp-content\/uploads\/2026\/02\/Lviv-1.jpg\" title=\"Lviv 1\"  data-caption=\"\"  data-description=\"\">\r\n                                <img decoding=\"async\" data-src=\"https:\/\/www.cgfmanet.org\/wp-content\/uploads\/2026\/02\/Lviv-1-420x420.jpg\" data-srcset=\"https:\/\/www.cgfmanet.org\/wp-content\/uploads\/2026\/02\/Lviv-1-420x420.jpg 420w, https:\/\/www.cgfmanet.org\/wp-content\/uploads\/2026\/02\/Lviv-1-768x769.jpg 768w, https:\/\/www.cgfmanet.org\/wp-content\/uploads\/2026\/02\/Lviv-1-696x697.jpg 696w, https:\/\/www.cgfmanet.org\/wp-content\/uploads\/2026\/02\/Lviv-1.jpg 960w\" data-sizes=\"auto\" alt=\"\" src=\"data:image\/svg+xml;base64,PHN2ZyB3aWR0aD0iMSIgaGVpZ2h0PSIxIiB4bWxucz0iaHR0cDovL3d3dy53My5vcmcvMjAwMC9zdmciPjwvc3ZnPg==\" class=\"lazyload\" style=\"--smush-placeholder-width: 420px; --smush-placeholder-aspect-ratio: 420\/420;\" data-original-sizes=\"(max-width: 420px) 100vw, 420px\">\r\n                            <\/a>\r\n                            \r\n                        <\/figure>\r\n                    <\/div>\r\n                    <div class = \"td-slide-item td-item2\">\r\n                        <figure class=\"td-slide-galery-figure td-slide-popup-gallery\">\r\n                            <a class=\"slide-gallery-image-link\" href=\"https:\/\/www.cgfmanet.org\/wp-content\/uploads\/2026\/02\/Lviv-2.jpg\" title=\"Lviv 2\"  data-caption=\"\"  data-description=\"\">\r\n                                <img decoding=\"async\" data-src=\"https:\/\/www.cgfmanet.org\/wp-content\/uploads\/2026\/02\/Lviv-2-630x420.jpg\" data-srcset=\"https:\/\/www.cgfmanet.org\/wp-content\/uploads\/2026\/02\/Lviv-2-630x420.jpg 630w, https:\/\/www.cgfmanet.org\/wp-content\/uploads\/2026\/02\/Lviv-2-768x512.jpg 768w, https:\/\/www.cgfmanet.org\/wp-content\/uploads\/2026\/02\/Lviv-2-696x464.jpg 696w, https:\/\/www.cgfmanet.org\/wp-content\/uploads\/2026\/02\/Lviv-2.jpg 1280w\" data-sizes=\"auto\" alt=\"\" src=\"data:image\/svg+xml;base64,PHN2ZyB3aWR0aD0iMSIgaGVpZ2h0PSIxIiB4bWxucz0iaHR0cDovL3d3dy53My5vcmcvMjAwMC9zdmciPjwvc3ZnPg==\" class=\"lazyload\" style=\"--smush-placeholder-width: 630px; --smush-placeholder-aspect-ratio: 630\/420;\" data-original-sizes=\"(max-width: 630px) 100vw, 630px\">\r\n                            <\/a>\r\n                            \r\n                        <\/figure>\r\n                    <\/div>\r\n                    <div class = \"td-slide-item td-item3\">\r\n                        <figure class=\"td-slide-galery-figure td-slide-popup-gallery\">\r\n                            <a class=\"slide-gallery-image-link\" href=\"https:\/\/www.cgfmanet.org\/wp-content\/uploads\/2026\/02\/Lviv-3.jpg\" title=\"Lviv 3\"  data-caption=\"\"  data-description=\"\">\r\n                                <img decoding=\"async\" data-src=\"https:\/\/www.cgfmanet.org\/wp-content\/uploads\/2026\/02\/Lviv-3-526x420.jpg\" data-srcset=\"https:\/\/www.cgfmanet.org\/wp-content\/uploads\/2026\/02\/Lviv-3-526x420.jpg 526w, https:\/\/www.cgfmanet.org\/wp-content\/uploads\/2026\/02\/Lviv-3.jpg 616w\" data-sizes=\"auto\" alt=\"\" src=\"data:image\/svg+xml;base64,PHN2ZyB3aWR0aD0iMSIgaGVpZ2h0PSIxIiB4bWxucz0iaHR0cDovL3d3dy53My5vcmcvMjAwMC9zdmciPjwvc3ZnPg==\" class=\"lazyload\" style=\"--smush-placeholder-width: 526px; --smush-placeholder-aspect-ratio: 526\/420;\" data-original-sizes=\"(max-width: 526px) 100vw, 526px\">\r\n                            <\/a>\r\n                            \r\n                        <\/figure>\r\n                    <\/div>\r\n                            <\/div>\r\n                        <\/div>\r\n\r\n                        <div class = \"td-doubleSlider-2\">\r\n                            <div class = \"td-slider\">\r\n                                \r\n                    <div class = \"td-button td-item1\">\r\n                        <div class = \"td-border\"><\/div>\r\n                    <\/div>\r\n                    <div class = \"td-button td-item2\">\r\n                        <div class = \"td-border\"><\/div>\r\n                    <\/div>\r\n                    <div class = \"td-button td-item3\">\r\n                        <div class = \"td-border\"><\/div>\r\n                    <\/div>\r\n                            <\/div>\r\n                        <\/div>\r\n\r\n                    <\/div>\r\n\r\n                <\/div>\r\n                \n<p><strong>Las Hijas de Mar\u00eda Auxiliadora de todo el mundo se unen con la oraci\u00f3n y el ofrecimiento cotidiano a las Comunidades de Ucrania y de las otras tierras en las que hay conflictos, que contin\u00faan su presencia entre la gente llevando una peque\u00f1a luz en la oscuridad.<\/strong> El Instituto cuenta con la generosidad y la solidaridad de todos para ofrecer un apoyo concreto. Es posible enviar contribuciones y donativos, en las modalidades indicadas en el <a href=\"https:\/\/www.cgfmanet.org\/donazioni-online\/\" target=\"_blank\" rel=\"noopener\"><span style=\"color: #0000ff;\"><strong>Sit<\/strong><strong>i<\/strong><strong>o web del<\/strong> <strong>I<\/strong><strong>n<\/strong><\/span><strong><span style=\"color: #0000ff;\">stituto FMA<\/span><\/strong><\/a>, se\u00f1alando en el motivo: <em><strong>Emergencia <\/strong><\/em><em><strong>Ucraina.<\/strong><\/em><\/p>\n","protected":false},"excerpt":{"rendered":"<p>Ucraina. En el cuarto aniversario del inicio de la invasi\u00f3n rusa a Ucrania, que comenz\u00f3 el 24 de febrero de 2022, mientras el pa\u00eds vive el Segundo D\u00eda Nacional de [&hellip;]<\/p>\n","protected":false},"author":21,"featured_media":153986,"comment_status":"open","ping_status":"closed","sticky":false,"template":"","format":"standard","meta":{"footnotes":""},"categories":[151],"tags":[1133,1623,1830,1931,1993],"class_list":["post-154006","post","type-post","status-publish","format-standard","has-post-thumbnail","category-emergencias-y-campanas-humanitarias","tag-eeg-es","tag-cittadinanza-es","tag-paz-es","tag-focus-es","tag-solidarieta-es"],"yoast_head":"<!-- This site is optimized with the Yoast SEO plugin v27.4 - https:\/\/yoast.com\/product\/yoast-seo-wordpress\/ -->\n<title>Ucrania: invocando la paz en el 4\u00ba aniversario del conflicto &#8226; Istituto Figlie di Maria Ausiliatrice<\/title>\n<meta name=\"description\" content=\"El 24 de febrero de 2026 marca el 4\u00ba aniversario del inicio del conflicto en Ucrania. El testimonio de las FMA que permanecen junto a la poblaci\u00f3n en Kyiv, Lviv y Odesa.\" \/>\n<meta name=\"robots\" content=\"index, follow, max-snippet:-1, max-image-preview:large, max-video-preview:-1\" \/>\n<link rel=\"canonical\" href=\"https:\/\/www.cgfmanet.org\/es\/emergencias-y-campanas-humanitarias\/ucrania-invocando-la-paz-en-el-4o-aniversario-del-conflicto\/\" \/>\n<meta property=\"og:locale\" content=\"es_ES\" \/>\n<meta property=\"og:type\" content=\"article\" \/>\n<meta property=\"og:title\" content=\"Ucrania: invocando la paz en el 4\u00ba aniversario del conflicto &#8226; Istituto Figlie di Maria Ausiliatrice\" \/>\n<meta property=\"og:description\" content=\"El 24 de febrero de 2026 marca el 4\u00ba aniversario del inicio del conflicto en Ucrania. El testimonio de las FMA que permanecen junto a la poblaci\u00f3n en Kyiv, Lviv y Odesa.\" \/>\n<meta property=\"og:url\" content=\"https:\/\/www.cgfmanet.org\/es\/emergencias-y-campanas-humanitarias\/ucrania-invocando-la-paz-en-el-4o-aniversario-del-conflicto\/\" \/>\n<meta property=\"og:site_name\" content=\"Istituto Figlie di Maria Ausiliatrice\" \/>\n<meta property=\"article:publisher\" content=\"https:\/\/www.facebook.com\/salesian.sisters.of.don.bosco\/\" \/>\n<meta property=\"article:published_time\" content=\"2026-04-05T06:39:47+00:00\" \/>\n<meta property=\"og:image\" content=\"https:\/\/www.cgfmanet.org\/wp-content\/uploads\/2026\/02\/4\u00b0-anniversario-Ucraina.jpg\" \/>\n\t<meta property=\"og:image:width\" content=\"1181\" \/>\n\t<meta property=\"og:image:height\" content=\"788\" \/>\n\t<meta property=\"og:image:type\" content=\"image\/jpeg\" \/>\n<meta name=\"author\" content=\"Redazione\" \/>\n<meta name=\"twitter:card\" content=\"summary_large_image\" \/>\n<meta name=\"twitter:creator\" content=\"@Cgfmanet_Org\" \/>\n<meta name=\"twitter:site\" content=\"@Cgfmanet_Org\" \/>\n<meta name=\"twitter:label1\" content=\"Escrito por\" \/>\n\t<meta name=\"twitter:data1\" content=\"Redazione\" \/>\n\t<meta name=\"twitter:label2\" content=\"Tiempo de lectura\" \/>\n\t<meta name=\"twitter:data2\" content=\"9 minutos\" \/>\n<script type=\"application\/ld+json\" class=\"yoast-schema-graph\">{\"@context\":\"https:\\\/\\\/schema.org\",\"@graph\":[{\"@type\":\"Article\",\"@id\":\"https:\\\/\\\/www.cgfmanet.org\\\/es\\\/emergencias-y-campanas-humanitarias\\\/ucrania-invocando-la-paz-en-el-4o-aniversario-del-conflicto\\\/#article\",\"isPartOf\":{\"@id\":\"https:\\\/\\\/www.cgfmanet.org\\\/es\\\/emergencias-y-campanas-humanitarias\\\/ucrania-invocando-la-paz-en-el-4o-aniversario-del-conflicto\\\/\"},\"author\":{\"name\":\"Redazione\",\"@id\":\"https:\\\/\\\/www.cgfmanet.org\\\/es\\\/#\\\/schema\\\/person\\\/ce6473083f53ef0ef882cca23f0c8fb9\"},\"headline\":\"Ucrania: invocando la paz en el 4\u00ba aniversario del conflicto\",\"datePublished\":\"2026-04-05T06:39:47+00:00\",\"mainEntityOfPage\":{\"@id\":\"https:\\\/\\\/www.cgfmanet.org\\\/es\\\/emergencias-y-campanas-humanitarias\\\/ucrania-invocando-la-paz-en-el-4o-aniversario-del-conflicto\\\/\"},\"wordCount\":1589,\"commentCount\":1,\"publisher\":{\"@id\":\"https:\\\/\\\/www.cgfmanet.org\\\/es\\\/#organization\"},\"image\":{\"@id\":\"https:\\\/\\\/www.cgfmanet.org\\\/es\\\/emergencias-y-campanas-humanitarias\\\/ucrania-invocando-la-paz-en-el-4o-aniversario-del-conflicto\\\/#primaryimage\"},\"thumbnailUrl\":\"https:\\\/\\\/www.cgfmanet.org\\\/wp-content\\\/uploads\\\/2026\\\/02\\\/4\u00b0-anniversario-Ucraina.jpg\",\"keywords\":[\"EEG\",\"cittadinanza\",\"Paz\",\"Focus\",\"Solidariet\u00e0\"],\"articleSection\":[\"Emergencias y Campa\u00f1as Humanitarias\"],\"inLanguage\":\"es\",\"potentialAction\":[{\"@type\":\"CommentAction\",\"name\":\"Comment\",\"target\":[\"https:\\\/\\\/www.cgfmanet.org\\\/es\\\/emergencias-y-campanas-humanitarias\\\/ucrania-invocando-la-paz-en-el-4o-aniversario-del-conflicto\\\/#respond\"]}]},{\"@type\":\"WebPage\",\"@id\":\"https:\\\/\\\/www.cgfmanet.org\\\/es\\\/emergencias-y-campanas-humanitarias\\\/ucrania-invocando-la-paz-en-el-4o-aniversario-del-conflicto\\\/\",\"url\":\"https:\\\/\\\/www.cgfmanet.org\\\/es\\\/emergencias-y-campanas-humanitarias\\\/ucrania-invocando-la-paz-en-el-4o-aniversario-del-conflicto\\\/\",\"name\":\"Ucrania: invocando la paz en el 4\u00ba aniversario del conflicto &#8226; Istituto Figlie di Maria Ausiliatrice\",\"isPartOf\":{\"@id\":\"https:\\\/\\\/www.cgfmanet.org\\\/es\\\/#website\"},\"primaryImageOfPage\":{\"@id\":\"https:\\\/\\\/www.cgfmanet.org\\\/es\\\/emergencias-y-campanas-humanitarias\\\/ucrania-invocando-la-paz-en-el-4o-aniversario-del-conflicto\\\/#primaryimage\"},\"image\":{\"@id\":\"https:\\\/\\\/www.cgfmanet.org\\\/es\\\/emergencias-y-campanas-humanitarias\\\/ucrania-invocando-la-paz-en-el-4o-aniversario-del-conflicto\\\/#primaryimage\"},\"thumbnailUrl\":\"https:\\\/\\\/www.cgfmanet.org\\\/wp-content\\\/uploads\\\/2026\\\/02\\\/4\u00b0-anniversario-Ucraina.jpg\",\"datePublished\":\"2026-04-05T06:39:47+00:00\",\"description\":\"El 24 de febrero de 2026 marca el 4\u00ba aniversario del inicio del conflicto en Ucrania. El testimonio de las FMA que permanecen junto a la poblaci\u00f3n en Kyiv, Lviv y Odesa.\",\"breadcrumb\":{\"@id\":\"https:\\\/\\\/www.cgfmanet.org\\\/es\\\/emergencias-y-campanas-humanitarias\\\/ucrania-invocando-la-paz-en-el-4o-aniversario-del-conflicto\\\/#breadcrumb\"},\"inLanguage\":\"es\",\"potentialAction\":[{\"@type\":\"ReadAction\",\"target\":[\"https:\\\/\\\/www.cgfmanet.org\\\/es\\\/emergencias-y-campanas-humanitarias\\\/ucrania-invocando-la-paz-en-el-4o-aniversario-del-conflicto\\\/\"]}]},{\"@type\":\"ImageObject\",\"inLanguage\":\"es\",\"@id\":\"https:\\\/\\\/www.cgfmanet.org\\\/es\\\/emergencias-y-campanas-humanitarias\\\/ucrania-invocando-la-paz-en-el-4o-aniversario-del-conflicto\\\/#primaryimage\",\"url\":\"https:\\\/\\\/www.cgfmanet.org\\\/wp-content\\\/uploads\\\/2026\\\/02\\\/4\u00b0-anniversario-Ucraina.jpg\",\"contentUrl\":\"https:\\\/\\\/www.cgfmanet.org\\\/wp-content\\\/uploads\\\/2026\\\/02\\\/4\u00b0-anniversario-Ucraina.jpg\",\"width\":1181,\"height\":788},{\"@type\":\"BreadcrumbList\",\"@id\":\"https:\\\/\\\/www.cgfmanet.org\\\/es\\\/emergencias-y-campanas-humanitarias\\\/ucrania-invocando-la-paz-en-el-4o-aniversario-del-conflicto\\\/#breadcrumb\",\"itemListElement\":[{\"@type\":\"ListItem\",\"position\":1,\"name\":\"Home\",\"item\":\"https:\\\/\\\/www.cgfmanet.org\\\/es\\\/\"},{\"@type\":\"ListItem\",\"position\":2,\"name\":\"Ucrania: invocando la paz en el 4\u00ba aniversario del conflicto\"}]},{\"@type\":\"WebSite\",\"@id\":\"https:\\\/\\\/www.cgfmanet.org\\\/es\\\/#website\",\"url\":\"https:\\\/\\\/www.cgfmanet.org\\\/es\\\/\",\"name\":\"Istituto Figlie di Maria Ausiliatrice\",\"description\":\"Salesiane di Don Bosco\",\"publisher\":{\"@id\":\"https:\\\/\\\/www.cgfmanet.org\\\/es\\\/#organization\"},\"potentialAction\":[{\"@type\":\"SearchAction\",\"target\":{\"@type\":\"EntryPoint\",\"urlTemplate\":\"https:\\\/\\\/www.cgfmanet.org\\\/es\\\/?s={search_term_string}\"},\"query-input\":{\"@type\":\"PropertyValueSpecification\",\"valueRequired\":true,\"valueName\":\"search_term_string\"}}],\"inLanguage\":\"es\"},{\"@type\":\"Organization\",\"@id\":\"https:\\\/\\\/www.cgfmanet.org\\\/es\\\/#organization\",\"name\":\"Istituto Figlie di Maria Ausiliatrice\",\"url\":\"https:\\\/\\\/www.cgfmanet.org\\\/es\\\/\",\"logo\":{\"@type\":\"ImageObject\",\"inLanguage\":\"es\",\"@id\":\"https:\\\/\\\/www.cgfmanet.org\\\/es\\\/#\\\/schema\\\/logo\\\/image\\\/\",\"url\":\"https:\\\/\\\/www.cgfmanet.org\\\/wp-content\\\/uploads\\\/2018\\\/10\\\/logo-fma.png\",\"contentUrl\":\"https:\\\/\\\/www.cgfmanet.org\\\/wp-content\\\/uploads\\\/2018\\\/10\\\/logo-fma.png\",\"width\":214,\"height\":55,\"caption\":\"Istituto Figlie di Maria Ausiliatrice\"},\"image\":{\"@id\":\"https:\\\/\\\/www.cgfmanet.org\\\/es\\\/#\\\/schema\\\/logo\\\/image\\\/\"},\"sameAs\":[\"https:\\\/\\\/www.facebook.com\\\/salesian.sisters.of.don.bosco\\\/\",\"https:\\\/\\\/x.com\\\/Cgfmanet_Org\",\"https:\\\/\\\/www.youtube.com\\\/channel\\\/UCmcr8yFQBV7JXeXVxyV9y5Q\"]},{\"@type\":\"Person\",\"@id\":\"https:\\\/\\\/www.cgfmanet.org\\\/es\\\/#\\\/schema\\\/person\\\/ce6473083f53ef0ef882cca23f0c8fb9\",\"name\":\"Redazione\"}]}<\/script>\n<!-- \/ Yoast SEO plugin. -->","yoast_head_json":{"title":"Ucrania: invocando la paz en el 4\u00ba aniversario del conflicto &#8226; Istituto Figlie di Maria Ausiliatrice","description":"El 24 de febrero de 2026 marca el 4\u00ba aniversario del inicio del conflicto en Ucrania. El testimonio de las FMA que permanecen junto a la poblaci\u00f3n en Kyiv, Lviv y Odesa.","robots":{"index":"index","follow":"follow","max-snippet":"max-snippet:-1","max-image-preview":"max-image-preview:large","max-video-preview":"max-video-preview:-1"},"canonical":"https:\/\/www.cgfmanet.org\/es\/emergencias-y-campanas-humanitarias\/ucrania-invocando-la-paz-en-el-4o-aniversario-del-conflicto\/","og_locale":"es_ES","og_type":"article","og_title":"Ucrania: invocando la paz en el 4\u00ba aniversario del conflicto &#8226; Istituto Figlie di Maria Ausiliatrice","og_description":"El 24 de febrero de 2026 marca el 4\u00ba aniversario del inicio del conflicto en Ucrania. El testimonio de las FMA que permanecen junto a la poblaci\u00f3n en Kyiv, Lviv y Odesa.","og_url":"https:\/\/www.cgfmanet.org\/es\/emergencias-y-campanas-humanitarias\/ucrania-invocando-la-paz-en-el-4o-aniversario-del-conflicto\/","og_site_name":"Istituto Figlie di Maria Ausiliatrice","article_publisher":"https:\/\/www.facebook.com\/salesian.sisters.of.don.bosco\/","article_published_time":"2026-04-05T06:39:47+00:00","og_image":[{"width":1181,"height":788,"url":"https:\/\/www.cgfmanet.org\/wp-content\/uploads\/2026\/02\/4\u00b0-anniversario-Ucraina.jpg","type":"image\/jpeg"}],"author":"Redazione","twitter_card":"summary_large_image","twitter_creator":"@Cgfmanet_Org","twitter_site":"@Cgfmanet_Org","twitter_misc":{"Escrito por":"Redazione","Tiempo de lectura":"9 minutos"},"schema":{"@context":"https:\/\/schema.org","@graph":[{"@type":"Article","@id":"https:\/\/www.cgfmanet.org\/es\/emergencias-y-campanas-humanitarias\/ucrania-invocando-la-paz-en-el-4o-aniversario-del-conflicto\/#article","isPartOf":{"@id":"https:\/\/www.cgfmanet.org\/es\/emergencias-y-campanas-humanitarias\/ucrania-invocando-la-paz-en-el-4o-aniversario-del-conflicto\/"},"author":{"name":"Redazione","@id":"https:\/\/www.cgfmanet.org\/es\/#\/schema\/person\/ce6473083f53ef0ef882cca23f0c8fb9"},"headline":"Ucrania: invocando la paz en el 4\u00ba aniversario del conflicto","datePublished":"2026-04-05T06:39:47+00:00","mainEntityOfPage":{"@id":"https:\/\/www.cgfmanet.org\/es\/emergencias-y-campanas-humanitarias\/ucrania-invocando-la-paz-en-el-4o-aniversario-del-conflicto\/"},"wordCount":1589,"commentCount":1,"publisher":{"@id":"https:\/\/www.cgfmanet.org\/es\/#organization"},"image":{"@id":"https:\/\/www.cgfmanet.org\/es\/emergencias-y-campanas-humanitarias\/ucrania-invocando-la-paz-en-el-4o-aniversario-del-conflicto\/#primaryimage"},"thumbnailUrl":"https:\/\/www.cgfmanet.org\/wp-content\/uploads\/2026\/02\/4\u00b0-anniversario-Ucraina.jpg","keywords":["EEG","cittadinanza","Paz","Focus","Solidariet\u00e0"],"articleSection":["Emergencias y Campa\u00f1as Humanitarias"],"inLanguage":"es","potentialAction":[{"@type":"CommentAction","name":"Comment","target":["https:\/\/www.cgfmanet.org\/es\/emergencias-y-campanas-humanitarias\/ucrania-invocando-la-paz-en-el-4o-aniversario-del-conflicto\/#respond"]}]},{"@type":"WebPage","@id":"https:\/\/www.cgfmanet.org\/es\/emergencias-y-campanas-humanitarias\/ucrania-invocando-la-paz-en-el-4o-aniversario-del-conflicto\/","url":"https:\/\/www.cgfmanet.org\/es\/emergencias-y-campanas-humanitarias\/ucrania-invocando-la-paz-en-el-4o-aniversario-del-conflicto\/","name":"Ucrania: invocando la paz en el 4\u00ba aniversario del conflicto &#8226; Istituto Figlie di Maria Ausiliatrice","isPartOf":{"@id":"https:\/\/www.cgfmanet.org\/es\/#website"},"primaryImageOfPage":{"@id":"https:\/\/www.cgfmanet.org\/es\/emergencias-y-campanas-humanitarias\/ucrania-invocando-la-paz-en-el-4o-aniversario-del-conflicto\/#primaryimage"},"image":{"@id":"https:\/\/www.cgfmanet.org\/es\/emergencias-y-campanas-humanitarias\/ucrania-invocando-la-paz-en-el-4o-aniversario-del-conflicto\/#primaryimage"},"thumbnailUrl":"https:\/\/www.cgfmanet.org\/wp-content\/uploads\/2026\/02\/4\u00b0-anniversario-Ucraina.jpg","datePublished":"2026-04-05T06:39:47+00:00","description":"El 24 de febrero de 2026 marca el 4\u00ba aniversario del inicio del conflicto en Ucrania. El testimonio de las FMA que permanecen junto a la poblaci\u00f3n en Kyiv, Lviv y Odesa.","breadcrumb":{"@id":"https:\/\/www.cgfmanet.org\/es\/emergencias-y-campanas-humanitarias\/ucrania-invocando-la-paz-en-el-4o-aniversario-del-conflicto\/#breadcrumb"},"inLanguage":"es","potentialAction":[{"@type":"ReadAction","target":["https:\/\/www.cgfmanet.org\/es\/emergencias-y-campanas-humanitarias\/ucrania-invocando-la-paz-en-el-4o-aniversario-del-conflicto\/"]}]},{"@type":"ImageObject","inLanguage":"es","@id":"https:\/\/www.cgfmanet.org\/es\/emergencias-y-campanas-humanitarias\/ucrania-invocando-la-paz-en-el-4o-aniversario-del-conflicto\/#primaryimage","url":"https:\/\/www.cgfmanet.org\/wp-content\/uploads\/2026\/02\/4\u00b0-anniversario-Ucraina.jpg","contentUrl":"https:\/\/www.cgfmanet.org\/wp-content\/uploads\/2026\/02\/4\u00b0-anniversario-Ucraina.jpg","width":1181,"height":788},{"@type":"BreadcrumbList","@id":"https:\/\/www.cgfmanet.org\/es\/emergencias-y-campanas-humanitarias\/ucrania-invocando-la-paz-en-el-4o-aniversario-del-conflicto\/#breadcrumb","itemListElement":[{"@type":"ListItem","position":1,"name":"Home","item":"https:\/\/www.cgfmanet.org\/es\/"},{"@type":"ListItem","position":2,"name":"Ucrania: invocando la paz en el 4\u00ba aniversario del conflicto"}]},{"@type":"WebSite","@id":"https:\/\/www.cgfmanet.org\/es\/#website","url":"https:\/\/www.cgfmanet.org\/es\/","name":"Istituto Figlie di Maria Ausiliatrice","description":"Salesiane di Don Bosco","publisher":{"@id":"https:\/\/www.cgfmanet.org\/es\/#organization"},"potentialAction":[{"@type":"SearchAction","target":{"@type":"EntryPoint","urlTemplate":"https:\/\/www.cgfmanet.org\/es\/?s={search_term_string}"},"query-input":{"@type":"PropertyValueSpecification","valueRequired":true,"valueName":"search_term_string"}}],"inLanguage":"es"},{"@type":"Organization","@id":"https:\/\/www.cgfmanet.org\/es\/#organization","name":"Istituto Figlie di Maria Ausiliatrice","url":"https:\/\/www.cgfmanet.org\/es\/","logo":{"@type":"ImageObject","inLanguage":"es","@id":"https:\/\/www.cgfmanet.org\/es\/#\/schema\/logo\/image\/","url":"https:\/\/www.cgfmanet.org\/wp-content\/uploads\/2018\/10\/logo-fma.png","contentUrl":"https:\/\/www.cgfmanet.org\/wp-content\/uploads\/2018\/10\/logo-fma.png","width":214,"height":55,"caption":"Istituto Figlie di Maria Ausiliatrice"},"image":{"@id":"https:\/\/www.cgfmanet.org\/es\/#\/schema\/logo\/image\/"},"sameAs":["https:\/\/www.facebook.com\/salesian.sisters.of.don.bosco\/","https:\/\/x.com\/Cgfmanet_Org","https:\/\/www.youtube.com\/channel\/UCmcr8yFQBV7JXeXVxyV9y5Q"]},{"@type":"Person","@id":"https:\/\/www.cgfmanet.org\/es\/#\/schema\/person\/ce6473083f53ef0ef882cca23f0c8fb9","name":"Redazione"}]}},"_links":{"self":[{"href":"https:\/\/www.cgfmanet.org\/es\/wp-json\/wp\/v2\/posts\/154006","targetHints":{"allow":["GET"]}}],"collection":[{"href":"https:\/\/www.cgfmanet.org\/es\/wp-json\/wp\/v2\/posts"}],"about":[{"href":"https:\/\/www.cgfmanet.org\/es\/wp-json\/wp\/v2\/types\/post"}],"author":[{"embeddable":true,"href":"https:\/\/www.cgfmanet.org\/es\/wp-json\/wp\/v2\/users\/21"}],"replies":[{"embeddable":true,"href":"https:\/\/www.cgfmanet.org\/es\/wp-json\/wp\/v2\/comments?post=154006"}],"version-history":[{"count":3,"href":"https:\/\/www.cgfmanet.org\/es\/wp-json\/wp\/v2\/posts\/154006\/revisions"}],"predecessor-version":[{"id":154016,"href":"https:\/\/www.cgfmanet.org\/es\/wp-json\/wp\/v2\/posts\/154006\/revisions\/154016"}],"wp:featuredmedia":[{"embeddable":true,"href":"https:\/\/www.cgfmanet.org\/es\/wp-json\/wp\/v2\/media\/153986"}],"wp:attachment":[{"href":"https:\/\/www.cgfmanet.org\/es\/wp-json\/wp\/v2\/media?parent=154006"}],"wp:term":[{"taxonomy":"category","embeddable":true,"href":"https:\/\/www.cgfmanet.org\/es\/wp-json\/wp\/v2\/categories?post=154006"},{"taxonomy":"post_tag","embeddable":true,"href":"https:\/\/www.cgfmanet.org\/es\/wp-json\/wp\/v2\/tags?post=154006"}],"curies":[{"name":"wp","href":"https:\/\/api.w.org\/{rel}","templated":true}]}}