{"id":153511,"date":"2026-02-18T16:29:17","date_gmt":"2026-02-18T15:29:17","guid":{"rendered":"https:\/\/www.cgfmanet.org\/infoesfera\/presidenza-acssa-verso-il-congresso-mondiale-2027\/"},"modified":"2026-02-20T13:02:38","modified_gmt":"2026-02-20T12:02:38","slug":"presidencia-acssa-hacia-el-congreso-mundial-2027","status":"publish","type":"post","link":"https:\/\/www.cgfmanet.org\/es\/ifma-es\/presidencia-acssa-hacia-el-congreso-mundial-2027\/","title":{"rendered":"Presidencia ACSSA: Hacia el Congreso Mundial 2027"},"content":{"rendered":"<p><strong>Roma (Italia).<\/strong> Del 13 al 15 de febrero de 2026 en Roma, en la Universidad Pontificia Salesiana (UPS), se llev\u00f3 a cabo la Asamblea de la Presidencia de la Asociaci\u00f3n de Estudiosos de la Historia Salesiana (ACSSA), dedicada a la preparaci\u00f3n del Congreso mundial 2027 sobre el tema \u201cMisiones salesianas en el mundo\u201d.<\/p>\n<p>Los trabajos se abrieron con un momento de oraci\u00f3n, seguido del saludo de la Presidenta, sor Maria Maul, FMA, y de la bienvenida de don Jos\u00e9 An\u00edbal Milhais Mendon\u00e7a Pinto, Superior de la Visitadur\u00eda Mar\u00eda Sede de la Sabidur\u00eda (UPS).<\/p>\n<p>En el curso de la Asamblea se realizaron significativos encuentros institucionales: con sor Maria Luisa Nicastro, Secretaria general del Instituto de las Hijas de Mar\u00eda Auxiliadora; con don Guido Garino, Secretario general de la Congregaci\u00f3n Salesiana; y con el Rector Magn\u00edfico de la Universidad Pontificia Salesiana, don Andrea Bozzolo. Tales momentos ofrecieron un cuadro actualizado sobre la tutela del patrimonio cultural salesiano y sobre la promoci\u00f3n de la investigaci\u00f3n, teniendo asimismo en cuenta las perspectivas eclesiales y acad\u00e9micas con vistas a la cita internacional de 2027. Los miembros de la Presidencia pudieron tambi\u00e9n encontrarse con la Superiora General del Instituto FMA, Madre Chiara Cazzuola.<\/p>\n<p>Se reserv\u00f3 un amplio espacio a la evaluaci\u00f3n de los cinco Seminarios continentales (\u00c1frica\u2013Madagascar, Am\u00e9rica, Asia Sur, Europa, Asia Este\u2013Ocean\u00eda), con la presentaci\u00f3n de los informes de los respectivos Consejeros. Se procedi\u00f3, adem\u00e1s, a la definici\u00f3n del plan general de las Actas, precisando la metodolog\u00eda de redacci\u00f3n y las normas editoriales comunes. La Asamblea inici\u00f3 el discernimiento sobre las ponencias que se volver\u00e1n a proponer en el Congreso internacional 2027, as\u00ed como sobre el borrador del programa general del Congreso, presentado por sor Imaculada da Silva, FMA, y por la Sra. Pamela Alarc\u00f3n.<\/p>\n<p>Entre los temas organizativos se afrontaron la preparaci\u00f3n del tr\u00edptico promocional, el presupuesto econ\u00f3mico del Congreso y el estado de cuentas de la Asociaci\u00f3n. Tambi\u00e9n se discuti\u00f3 sobre la \u201ccuota de inscripci\u00f3n\u201d para el trienio 2024\u20132026.<\/p>\n<p>Particular relieve asumieron los informes de las Secciones nacionales (Argentina, Brasil, India, Italia, Polonia y Espa\u00f1a), que evidenciaron la vitalidad de la investigaci\u00f3n hist\u00f3rico-salesiana en los diversos contextos. Se tom\u00f3 adem\u00e1s en consideraci\u00f3n la propuesta de fundaci\u00f3n de la ACSSA Ecuador\u2013Per\u00fa, as\u00ed como la de incorporar a Chile a la ACSSA Argentina, como signo de una mayor expansi\u00f3n de la red asociativa.<\/p>\n<p>Entre las perspectivas culturales se evalu\u00f3 la posibilidad de realizar una exposici\u00f3n o un v\u00eddeo dedicado a las misiones salesianas en el mundo, con vistas al Congreso. Se record\u00f3 tambi\u00e9n el aniversario de la fundaci\u00f3n de la ACSSA (9 de octubre de 1996), como ocasi\u00f3n para renovar la identidad y la misi\u00f3n de la Asociaci\u00f3n.<\/p>\n<p>La Asamblea examin\u00f3 nuevas propuestas editoriales, entre ellas el estudio de Ariel Fresia sobre el fondo documental Manuel Molina y la preparaci\u00f3n del bolet\u00edn ACSSA Informa 2025. Se present\u00f3 adem\u00e1s la propuesta \u201cProyecto Rizoma\u201d, finalizada a la reunificaci\u00f3n digital de los archivos hist\u00f3ricos salesianos, subrayando su importancia estrat\u00e9gica para la investigaci\u00f3n.<\/p>\n<p>Entre las deliberaciones de mayor relieve, el examen de admisi\u00f3n de 27 nuevos candidatos y la propuesta de nombramiento como Miembros honorarios del Cardenal \u00c1ngel Fern\u00e1ndez Artime y de sor Piera Cavagli\u00e0, anteriormente Secretaria del Instituto FMA. La Asamblea inici\u00f3 adem\u00e1s la preparaci\u00f3n de la elecci\u00f3n de la nueva Presidencia para el quinquenio 2027\u20132032 y formul\u00f3 un llamado para la promoci\u00f3n del patrimonio salesiano al Cap\u00edtulo General XXV del Instituto FMA, que tendr\u00e1 lugar en 2027.<\/p>\n<p>Los trabajos concluyeron con un intercambio sobre las futuras l\u00edneas de desarrollo de la ACSSA, en la perspectiva de reforzar la colaboraci\u00f3n internacional y la valorizaci\u00f3n del patrimonio hist\u00f3rico de las misiones salesianas, con vistas al Congreso mundial de 2027.<\/p>\n","protected":false},"excerpt":{"rendered":"<p>Roma (Italia). Del 13 al 15 de febrero de 2026 en Roma, en la Universidad Pontificia Salesiana (UPS), se llev\u00f3 a cabo la Asamblea de la Presidencia de la Asociaci\u00f3n [&hellip;]<\/p>\n","protected":false},"author":21,"featured_media":153505,"comment_status":"open","ping_status":"closed","sticky":false,"template":"","format":"standard","meta":{"footnotes":""},"categories":[167,158],"tags":[211,1931],"class_list":["post-153511","post","type-post","status-publish","format-standard","has-post-thumbnail","category-carisma-salesiano-es","category-ifma-es","tag-acssa-es","tag-focus-es"],"yoast_head":"<!-- This site is optimized with the Yoast SEO plugin v27.4 - https:\/\/yoast.com\/product\/yoast-seo-wordpress\/ -->\n<title>Presidencia ACSSA: Hacia el Congreso Mundial 2027 &#8226; Istituto Figlie di Maria Ausiliatrice<\/title>\n<meta name=\"description\" content=\"Del 13 al 15 de febrero de 2026 se llev\u00f3 a cabo en Roma la Asamblea de la Presidencia de la Asociaci\u00f3n de Estudiosos de la Historia Salesiana (ACSSA).\" \/>\n<meta name=\"robots\" content=\"index, follow, max-snippet:-1, max-image-preview:large, max-video-preview:-1\" \/>\n<link rel=\"canonical\" href=\"https:\/\/www.cgfmanet.org\/es\/ifma-es\/presidencia-acssa-hacia-el-congreso-mundial-2027\/\" \/>\n<meta property=\"og:locale\" content=\"es_ES\" \/>\n<meta property=\"og:type\" content=\"article\" \/>\n<meta property=\"og:title\" content=\"Presidencia ACSSA: Hacia el Congreso Mundial 2027 &#8226; Istituto Figlie di Maria Ausiliatrice\" \/>\n<meta property=\"og:description\" content=\"Del 13 al 15 de febrero de 2026 se llev\u00f3 a cabo en Roma la Asamblea de la Presidencia de la Asociaci\u00f3n de Estudiosos de la Historia Salesiana (ACSSA).\" \/>\n<meta property=\"og:url\" content=\"https:\/\/www.cgfmanet.org\/es\/ifma-es\/presidencia-acssa-hacia-el-congreso-mundial-2027\/\" \/>\n<meta property=\"og:site_name\" content=\"Istituto Figlie di Maria Ausiliatrice\" \/>\n<meta property=\"article:publisher\" content=\"https:\/\/www.facebook.com\/salesian.sisters.of.don.bosco\/\" \/>\n<meta property=\"article:published_time\" content=\"2026-02-18T15:29:17+00:00\" \/>\n<meta property=\"article:modified_time\" content=\"2026-02-20T12:02:38+00:00\" \/>\n<meta property=\"og:image\" content=\"https:\/\/www.cgfmanet.org\/wp-content\/uploads\/2026\/02\/Assemblea-ACSSA.jpg\" \/>\n\t<meta property=\"og:image:width\" content=\"1182\" \/>\n\t<meta property=\"og:image:height\" content=\"787\" \/>\n\t<meta property=\"og:image:type\" content=\"image\/jpeg\" \/>\n<meta name=\"author\" content=\"Redazione\" \/>\n<meta name=\"twitter:card\" content=\"summary_large_image\" \/>\n<meta name=\"twitter:creator\" content=\"@Cgfmanet_Org\" \/>\n<meta name=\"twitter:site\" content=\"@Cgfmanet_Org\" \/>\n<meta name=\"twitter:label1\" content=\"Escrito por\" \/>\n\t<meta name=\"twitter:data1\" content=\"Redazione\" \/>\n\t<meta name=\"twitter:label2\" content=\"Tiempo de lectura\" \/>\n\t<meta name=\"twitter:data2\" content=\"4 minutos\" \/>\n<script type=\"application\/ld+json\" class=\"yoast-schema-graph\">{\"@context\":\"https:\\\/\\\/schema.org\",\"@graph\":[{\"@type\":\"Article\",\"@id\":\"https:\\\/\\\/www.cgfmanet.org\\\/es\\\/ifma-es\\\/presidencia-acssa-hacia-el-congreso-mundial-2027\\\/#article\",\"isPartOf\":{\"@id\":\"https:\\\/\\\/www.cgfmanet.org\\\/es\\\/ifma-es\\\/presidencia-acssa-hacia-el-congreso-mundial-2027\\\/\"},\"author\":{\"name\":\"Redazione\",\"@id\":\"https:\\\/\\\/www.cgfmanet.org\\\/es\\\/#\\\/schema\\\/person\\\/ce6473083f53ef0ef882cca23f0c8fb9\"},\"headline\":\"Presidencia ACSSA: Hacia el Congreso Mundial 2027\",\"datePublished\":\"2026-02-18T15:29:17+00:00\",\"dateModified\":\"2026-02-20T12:02:38+00:00\",\"mainEntityOfPage\":{\"@id\":\"https:\\\/\\\/www.cgfmanet.org\\\/es\\\/ifma-es\\\/presidencia-acssa-hacia-el-congreso-mundial-2027\\\/\"},\"wordCount\":668,\"commentCount\":0,\"publisher\":{\"@id\":\"https:\\\/\\\/www.cgfmanet.org\\\/es\\\/#organization\"},\"image\":{\"@id\":\"https:\\\/\\\/www.cgfmanet.org\\\/es\\\/ifma-es\\\/presidencia-acssa-hacia-el-congreso-mundial-2027\\\/#primaryimage\"},\"thumbnailUrl\":\"https:\\\/\\\/www.cgfmanet.org\\\/wp-content\\\/uploads\\\/2026\\\/02\\\/Assemblea-ACSSA.jpg\",\"keywords\":[\"ACSSA\",\"Focus\"],\"articleSection\":[\"Carisma Salesiano\",\"IFMA\"],\"inLanguage\":\"es\",\"potentialAction\":[{\"@type\":\"CommentAction\",\"name\":\"Comment\",\"target\":[\"https:\\\/\\\/www.cgfmanet.org\\\/es\\\/ifma-es\\\/presidencia-acssa-hacia-el-congreso-mundial-2027\\\/#respond\"]}]},{\"@type\":\"WebPage\",\"@id\":\"https:\\\/\\\/www.cgfmanet.org\\\/es\\\/ifma-es\\\/presidencia-acssa-hacia-el-congreso-mundial-2027\\\/\",\"url\":\"https:\\\/\\\/www.cgfmanet.org\\\/es\\\/ifma-es\\\/presidencia-acssa-hacia-el-congreso-mundial-2027\\\/\",\"name\":\"Presidencia ACSSA: Hacia el Congreso Mundial 2027 &#8226; Istituto Figlie di Maria Ausiliatrice\",\"isPartOf\":{\"@id\":\"https:\\\/\\\/www.cgfmanet.org\\\/es\\\/#website\"},\"primaryImageOfPage\":{\"@id\":\"https:\\\/\\\/www.cgfmanet.org\\\/es\\\/ifma-es\\\/presidencia-acssa-hacia-el-congreso-mundial-2027\\\/#primaryimage\"},\"image\":{\"@id\":\"https:\\\/\\\/www.cgfmanet.org\\\/es\\\/ifma-es\\\/presidencia-acssa-hacia-el-congreso-mundial-2027\\\/#primaryimage\"},\"thumbnailUrl\":\"https:\\\/\\\/www.cgfmanet.org\\\/wp-content\\\/uploads\\\/2026\\\/02\\\/Assemblea-ACSSA.jpg\",\"datePublished\":\"2026-02-18T15:29:17+00:00\",\"dateModified\":\"2026-02-20T12:02:38+00:00\",\"description\":\"Del 13 al 15 de febrero de 2026 se llev\u00f3 a cabo en Roma la Asamblea de la Presidencia de la Asociaci\u00f3n de Estudiosos de la Historia Salesiana (ACSSA).\",\"breadcrumb\":{\"@id\":\"https:\\\/\\\/www.cgfmanet.org\\\/es\\\/ifma-es\\\/presidencia-acssa-hacia-el-congreso-mundial-2027\\\/#breadcrumb\"},\"inLanguage\":\"es\",\"potentialAction\":[{\"@type\":\"ReadAction\",\"target\":[\"https:\\\/\\\/www.cgfmanet.org\\\/es\\\/ifma-es\\\/presidencia-acssa-hacia-el-congreso-mundial-2027\\\/\"]}]},{\"@type\":\"ImageObject\",\"inLanguage\":\"es\",\"@id\":\"https:\\\/\\\/www.cgfmanet.org\\\/es\\\/ifma-es\\\/presidencia-acssa-hacia-el-congreso-mundial-2027\\\/#primaryimage\",\"url\":\"https:\\\/\\\/www.cgfmanet.org\\\/wp-content\\\/uploads\\\/2026\\\/02\\\/Assemblea-ACSSA.jpg\",\"contentUrl\":\"https:\\\/\\\/www.cgfmanet.org\\\/wp-content\\\/uploads\\\/2026\\\/02\\\/Assemblea-ACSSA.jpg\",\"width\":1182,\"height\":787},{\"@type\":\"BreadcrumbList\",\"@id\":\"https:\\\/\\\/www.cgfmanet.org\\\/es\\\/ifma-es\\\/presidencia-acssa-hacia-el-congreso-mundial-2027\\\/#breadcrumb\",\"itemListElement\":[{\"@type\":\"ListItem\",\"position\":1,\"name\":\"Home\",\"item\":\"https:\\\/\\\/www.cgfmanet.org\\\/es\\\/\"},{\"@type\":\"ListItem\",\"position\":2,\"name\":\"Presidencia ACSSA: Hacia el Congreso Mundial 2027\"}]},{\"@type\":\"WebSite\",\"@id\":\"https:\\\/\\\/www.cgfmanet.org\\\/es\\\/#website\",\"url\":\"https:\\\/\\\/www.cgfmanet.org\\\/es\\\/\",\"name\":\"Istituto Figlie di Maria Ausiliatrice\",\"description\":\"Salesiane di Don Bosco\",\"publisher\":{\"@id\":\"https:\\\/\\\/www.cgfmanet.org\\\/es\\\/#organization\"},\"potentialAction\":[{\"@type\":\"SearchAction\",\"target\":{\"@type\":\"EntryPoint\",\"urlTemplate\":\"https:\\\/\\\/www.cgfmanet.org\\\/es\\\/?s={search_term_string}\"},\"query-input\":{\"@type\":\"PropertyValueSpecification\",\"valueRequired\":true,\"valueName\":\"search_term_string\"}}],\"inLanguage\":\"es\"},{\"@type\":\"Organization\",\"@id\":\"https:\\\/\\\/www.cgfmanet.org\\\/es\\\/#organization\",\"name\":\"Istituto Figlie di Maria Ausiliatrice\",\"url\":\"https:\\\/\\\/www.cgfmanet.org\\\/es\\\/\",\"logo\":{\"@type\":\"ImageObject\",\"inLanguage\":\"es\",\"@id\":\"https:\\\/\\\/www.cgfmanet.org\\\/es\\\/#\\\/schema\\\/logo\\\/image\\\/\",\"url\":\"https:\\\/\\\/www.cgfmanet.org\\\/wp-content\\\/uploads\\\/2018\\\/10\\\/logo-fma.png\",\"contentUrl\":\"https:\\\/\\\/www.cgfmanet.org\\\/wp-content\\\/uploads\\\/2018\\\/10\\\/logo-fma.png\",\"width\":214,\"height\":55,\"caption\":\"Istituto Figlie di Maria Ausiliatrice\"},\"image\":{\"@id\":\"https:\\\/\\\/www.cgfmanet.org\\\/es\\\/#\\\/schema\\\/logo\\\/image\\\/\"},\"sameAs\":[\"https:\\\/\\\/www.facebook.com\\\/salesian.sisters.of.don.bosco\\\/\",\"https:\\\/\\\/x.com\\\/Cgfmanet_Org\",\"https:\\\/\\\/www.youtube.com\\\/channel\\\/UCmcr8yFQBV7JXeXVxyV9y5Q\"]},{\"@type\":\"Person\",\"@id\":\"https:\\\/\\\/www.cgfmanet.org\\\/es\\\/#\\\/schema\\\/person\\\/ce6473083f53ef0ef882cca23f0c8fb9\",\"name\":\"Redazione\"}]}<\/script>\n<!-- \/ Yoast SEO plugin. -->","yoast_head_json":{"title":"Presidencia ACSSA: Hacia el Congreso Mundial 2027 &#8226; Istituto Figlie di Maria Ausiliatrice","description":"Del 13 al 15 de febrero de 2026 se llev\u00f3 a cabo en Roma la Asamblea de la Presidencia de la Asociaci\u00f3n de Estudiosos de la Historia Salesiana (ACSSA).","robots":{"index":"index","follow":"follow","max-snippet":"max-snippet:-1","max-image-preview":"max-image-preview:large","max-video-preview":"max-video-preview:-1"},"canonical":"https:\/\/www.cgfmanet.org\/es\/ifma-es\/presidencia-acssa-hacia-el-congreso-mundial-2027\/","og_locale":"es_ES","og_type":"article","og_title":"Presidencia ACSSA: Hacia el Congreso Mundial 2027 &#8226; Istituto Figlie di Maria Ausiliatrice","og_description":"Del 13 al 15 de febrero de 2026 se llev\u00f3 a cabo en Roma la Asamblea de la Presidencia de la Asociaci\u00f3n de Estudiosos de la Historia Salesiana (ACSSA).","og_url":"https:\/\/www.cgfmanet.org\/es\/ifma-es\/presidencia-acssa-hacia-el-congreso-mundial-2027\/","og_site_name":"Istituto Figlie di Maria Ausiliatrice","article_publisher":"https:\/\/www.facebook.com\/salesian.sisters.of.don.bosco\/","article_published_time":"2026-02-18T15:29:17+00:00","article_modified_time":"2026-02-20T12:02:38+00:00","og_image":[{"width":1182,"height":787,"url":"https:\/\/www.cgfmanet.org\/wp-content\/uploads\/2026\/02\/Assemblea-ACSSA.jpg","type":"image\/jpeg"}],"author":"Redazione","twitter_card":"summary_large_image","twitter_creator":"@Cgfmanet_Org","twitter_site":"@Cgfmanet_Org","twitter_misc":{"Escrito por":"Redazione","Tiempo de lectura":"4 minutos"},"schema":{"@context":"https:\/\/schema.org","@graph":[{"@type":"Article","@id":"https:\/\/www.cgfmanet.org\/es\/ifma-es\/presidencia-acssa-hacia-el-congreso-mundial-2027\/#article","isPartOf":{"@id":"https:\/\/www.cgfmanet.org\/es\/ifma-es\/presidencia-acssa-hacia-el-congreso-mundial-2027\/"},"author":{"name":"Redazione","@id":"https:\/\/www.cgfmanet.org\/es\/#\/schema\/person\/ce6473083f53ef0ef882cca23f0c8fb9"},"headline":"Presidencia ACSSA: Hacia el Congreso Mundial 2027","datePublished":"2026-02-18T15:29:17+00:00","dateModified":"2026-02-20T12:02:38+00:00","mainEntityOfPage":{"@id":"https:\/\/www.cgfmanet.org\/es\/ifma-es\/presidencia-acssa-hacia-el-congreso-mundial-2027\/"},"wordCount":668,"commentCount":0,"publisher":{"@id":"https:\/\/www.cgfmanet.org\/es\/#organization"},"image":{"@id":"https:\/\/www.cgfmanet.org\/es\/ifma-es\/presidencia-acssa-hacia-el-congreso-mundial-2027\/#primaryimage"},"thumbnailUrl":"https:\/\/www.cgfmanet.org\/wp-content\/uploads\/2026\/02\/Assemblea-ACSSA.jpg","keywords":["ACSSA","Focus"],"articleSection":["Carisma Salesiano","IFMA"],"inLanguage":"es","potentialAction":[{"@type":"CommentAction","name":"Comment","target":["https:\/\/www.cgfmanet.org\/es\/ifma-es\/presidencia-acssa-hacia-el-congreso-mundial-2027\/#respond"]}]},{"@type":"WebPage","@id":"https:\/\/www.cgfmanet.org\/es\/ifma-es\/presidencia-acssa-hacia-el-congreso-mundial-2027\/","url":"https:\/\/www.cgfmanet.org\/es\/ifma-es\/presidencia-acssa-hacia-el-congreso-mundial-2027\/","name":"Presidencia ACSSA: Hacia el Congreso Mundial 2027 &#8226; Istituto Figlie di Maria Ausiliatrice","isPartOf":{"@id":"https:\/\/www.cgfmanet.org\/es\/#website"},"primaryImageOfPage":{"@id":"https:\/\/www.cgfmanet.org\/es\/ifma-es\/presidencia-acssa-hacia-el-congreso-mundial-2027\/#primaryimage"},"image":{"@id":"https:\/\/www.cgfmanet.org\/es\/ifma-es\/presidencia-acssa-hacia-el-congreso-mundial-2027\/#primaryimage"},"thumbnailUrl":"https:\/\/www.cgfmanet.org\/wp-content\/uploads\/2026\/02\/Assemblea-ACSSA.jpg","datePublished":"2026-02-18T15:29:17+00:00","dateModified":"2026-02-20T12:02:38+00:00","description":"Del 13 al 15 de febrero de 2026 se llev\u00f3 a cabo en Roma la Asamblea de la Presidencia de la Asociaci\u00f3n de Estudiosos de la Historia Salesiana (ACSSA).","breadcrumb":{"@id":"https:\/\/www.cgfmanet.org\/es\/ifma-es\/presidencia-acssa-hacia-el-congreso-mundial-2027\/#breadcrumb"},"inLanguage":"es","potentialAction":[{"@type":"ReadAction","target":["https:\/\/www.cgfmanet.org\/es\/ifma-es\/presidencia-acssa-hacia-el-congreso-mundial-2027\/"]}]},{"@type":"ImageObject","inLanguage":"es","@id":"https:\/\/www.cgfmanet.org\/es\/ifma-es\/presidencia-acssa-hacia-el-congreso-mundial-2027\/#primaryimage","url":"https:\/\/www.cgfmanet.org\/wp-content\/uploads\/2026\/02\/Assemblea-ACSSA.jpg","contentUrl":"https:\/\/www.cgfmanet.org\/wp-content\/uploads\/2026\/02\/Assemblea-ACSSA.jpg","width":1182,"height":787},{"@type":"BreadcrumbList","@id":"https:\/\/www.cgfmanet.org\/es\/ifma-es\/presidencia-acssa-hacia-el-congreso-mundial-2027\/#breadcrumb","itemListElement":[{"@type":"ListItem","position":1,"name":"Home","item":"https:\/\/www.cgfmanet.org\/es\/"},{"@type":"ListItem","position":2,"name":"Presidencia ACSSA: Hacia el Congreso Mundial 2027"}]},{"@type":"WebSite","@id":"https:\/\/www.cgfmanet.org\/es\/#website","url":"https:\/\/www.cgfmanet.org\/es\/","name":"Istituto Figlie di Maria Ausiliatrice","description":"Salesiane di Don Bosco","publisher":{"@id":"https:\/\/www.cgfmanet.org\/es\/#organization"},"potentialAction":[{"@type":"SearchAction","target":{"@type":"EntryPoint","urlTemplate":"https:\/\/www.cgfmanet.org\/es\/?s={search_term_string}"},"query-input":{"@type":"PropertyValueSpecification","valueRequired":true,"valueName":"search_term_string"}}],"inLanguage":"es"},{"@type":"Organization","@id":"https:\/\/www.cgfmanet.org\/es\/#organization","name":"Istituto Figlie di Maria Ausiliatrice","url":"https:\/\/www.cgfmanet.org\/es\/","logo":{"@type":"ImageObject","inLanguage":"es","@id":"https:\/\/www.cgfmanet.org\/es\/#\/schema\/logo\/image\/","url":"https:\/\/www.cgfmanet.org\/wp-content\/uploads\/2018\/10\/logo-fma.png","contentUrl":"https:\/\/www.cgfmanet.org\/wp-content\/uploads\/2018\/10\/logo-fma.png","width":214,"height":55,"caption":"Istituto Figlie di Maria Ausiliatrice"},"image":{"@id":"https:\/\/www.cgfmanet.org\/es\/#\/schema\/logo\/image\/"},"sameAs":["https:\/\/www.facebook.com\/salesian.sisters.of.don.bosco\/","https:\/\/x.com\/Cgfmanet_Org","https:\/\/www.youtube.com\/channel\/UCmcr8yFQBV7JXeXVxyV9y5Q"]},{"@type":"Person","@id":"https:\/\/www.cgfmanet.org\/es\/#\/schema\/person\/ce6473083f53ef0ef882cca23f0c8fb9","name":"Redazione"}]}},"_links":{"self":[{"href":"https:\/\/www.cgfmanet.org\/es\/wp-json\/wp\/v2\/posts\/153511","targetHints":{"allow":["GET"]}}],"collection":[{"href":"https:\/\/www.cgfmanet.org\/es\/wp-json\/wp\/v2\/posts"}],"about":[{"href":"https:\/\/www.cgfmanet.org\/es\/wp-json\/wp\/v2\/types\/post"}],"author":[{"embeddable":true,"href":"https:\/\/www.cgfmanet.org\/es\/wp-json\/wp\/v2\/users\/21"}],"replies":[{"embeddable":true,"href":"https:\/\/www.cgfmanet.org\/es\/wp-json\/wp\/v2\/comments?post=153511"}],"version-history":[{"count":3,"href":"https:\/\/www.cgfmanet.org\/es\/wp-json\/wp\/v2\/posts\/153511\/revisions"}],"predecessor-version":[{"id":153661,"href":"https:\/\/www.cgfmanet.org\/es\/wp-json\/wp\/v2\/posts\/153511\/revisions\/153661"}],"wp:featuredmedia":[{"embeddable":true,"href":"https:\/\/www.cgfmanet.org\/es\/wp-json\/wp\/v2\/media\/153505"}],"wp:attachment":[{"href":"https:\/\/www.cgfmanet.org\/es\/wp-json\/wp\/v2\/media?parent=153511"}],"wp:term":[{"taxonomy":"category","embeddable":true,"href":"https:\/\/www.cgfmanet.org\/es\/wp-json\/wp\/v2\/categories?post=153511"},{"taxonomy":"post_tag","embeddable":true,"href":"https:\/\/www.cgfmanet.org\/es\/wp-json\/wp\/v2\/tags?post=153511"}],"curies":[{"name":"wp","href":"https:\/\/api.w.org\/{rel}","templated":true}]}}