{"id":153270,"date":"2026-02-16T14:16:30","date_gmt":"2026-02-16T13:16:30","guid":{"rendered":"https:\/\/www.cgfmanet.org\/infoesfera\/in-myanmar-la-speranza-e-crocifissa-ma-viva\/"},"modified":"2026-02-17T22:50:56","modified_gmt":"2026-02-17T21:50:56","slug":"en-myanmar-la-esperanza-esta-crucificada-pero-viva","status":"publish","type":"post","link":"https:\/\/www.cgfmanet.org\/es\/emergencias-y-campanas-humanitarias\/en-myanmar-la-esperanza-esta-crucificada-pero-viva\/","title":{"rendered":"En Myanmar la esperanza est\u00e1 crucificada, pero viva"},"content":{"rendered":"<p><strong>Myanmar.<\/strong> En sus recientes declaraciones a la<a href=\"https:\/\/www.fides.org\/it\/news\/77346-ASIA_MYANMAR_Il_Cardinale_Bo_Nel_Myanmar_devastato_dalla_guerra_e_abbandonato_dal_mondo_c_e_ancora_speranza\" target=\"_blank\" rel=\"noopener\"><span style=\"color: #0000ff;\"> Agencia Fides<\/span><\/a> (12 de febrero de 2026) y a otras agencias informativas, el Cardenal Charles Maung Bo, Salesiano de Don Bosco y Arzobispo de Yangon (Myanmar), pone de relieve la situaci\u00f3n del pa\u00eds asi\u00e1tico, afligido por una guerra civil \u2014en curso desde febrero de 2021\u2014 que no muestra signos de conclusi\u00f3n y marcada por una crisis econ\u00f3mica, social, sanitaria y educativa, con m\u00e1s de 3,5 millones de desplazados y muchos j\u00f3venes obligados a huir al extranjero.<\/p>\n<p>El Cardenal ha advertido repetidamente que <em>\u201cMyanmar est\u00e1 atravesando una \u2018policrisis\u2019: una crisis econ\u00f3mica, con el aumento de los precios; una crisis a causa de la p\u00e9rdida de oportunidades de trabajo; una crisis social, con millones de desplazados y j\u00f3venes en fuga; una crisis sanitaria b\u00e1sica; y una crisis educativa, con una generaci\u00f3n que ha perdido cinco a\u00f1os de escuela\u201d<\/em>.<\/p>\n<p>Cinco a\u00f1os despu\u00e9s del golpe de estado militar, el pa\u00eds est\u00e1 marcado por el miedo, el cansancio y una profunda incertidumbre, especialmente entre los j\u00f3venes. <em>\u201cLa esperanza\u201d<\/em>, observ\u00f3 el Cardenal, <em>\u201cno ha muerto, pero est\u00e1 crucificada\u201d<\/em>.<\/p>\n<p><strong>J\u00f3venes bajo presi\u00f3n<\/strong><\/p>\n<p>El Cardenal Bo reconoci\u00f3 que el estado de \u00e1nimo general var\u00eda seg\u00fan las experiencias personales y la proximidad a la violencia. Entre los j\u00f3venes, la vida cotidiana est\u00e1 cada vez m\u00e1s definida por la inseguridad, el estr\u00e9s psicol\u00f3gico y la p\u00e9rdida de confianza en el futuro. Muchos viven con el miedo constante por su propia seguridad debido al conflicto, la violencia generalizada, la inestabilidad econ\u00f3mica y el riesgo de reclutamiento forzado.<\/p>\n<p><strong>P\u00e9rdida de educaci\u00f3n y trabajo<\/strong><\/p>\n<p>Los a\u00f1os de des\u00f3rdenes han erosionado la educaci\u00f3n, las perspectivas de trabajo y la vida social normal. Muchos j\u00f3venes expresan frustraci\u00f3n, tristeza e impotencia. Sin embargo, el Cardenal destac\u00f3 tambi\u00e9n signos de resiliencia: algunos contin\u00faan creyendo en un futuro mejor, invirtiendo en el estudio y en nuevas competencias, incluidas las tecnolog\u00edas digitales.<\/p>\n<p><strong>Esperanza crucificada, pero viva<\/strong><\/p>\n<p>A pesar de todo, el cardenal insiste en que la esperanza sigue siendo posible: <em>\u201cNo es un optimismo ingenuo, sino esperanza cristiana nacida de la Cruz y de la Resurrecci\u00f3n\u201d<\/em>. El pueblo de Myanmar ha perdido muchas seguridades \u2014paz, estabilidad, atenci\u00f3n internacional\u2014, pero no ha perdido la presencia de Dios.<\/p>\n<p>Esta presencia se manifiesta en los pueblos desplazados, en los campos para internos y en la resistencia silenciosa de familias, catequistas y religiosos que contin\u00faan sirviendo. Las familias comparten lo poco que tienen, los j\u00f3venes se ofrecen como voluntarios y no renuncian a sus sue\u00f1os. Son \u201csignos del Evangelio\u201d, como la semilla de mostaza.<\/p>\n<p><strong>No olvidados por Dios<\/strong><\/p>\n<p>Muchos en Myanmar se sienten olvidados por el mundo, pero no por Dios. <em>\u201cMyanmar puede parecer descuidado, pero no est\u00e1 olvidado en el plan de Dios\u201d<\/em>, dijo el Cardenal. La Iglesia contin\u00faa invocando el fin de la violencia y la reconciliaci\u00f3n fundada en la justicia, el perd\u00f3n y la compasi\u00f3n. Iniciativas interreligiosas re\u00fanen a cristianos, budistas, musulmanes e hind\u00faes en oraciones comunes por la paz. El Cardenal reiter\u00f3 que Myanmar no es olvidado por la Santa Sede: el Papa est\u00e1 profundamente preocupado y lo demuestra con insistentes llamados a la paz, al di\u00e1logo y a la protecci\u00f3n de los civiles.<\/p>\n<p>\u201cHermanos y hermanas, os invito a uniros a mi oraci\u00f3n por quienes son probados por los conflictos armados en diversas partes del mundo; pienso en particular en Myanmar y exhorto a la Comunidad Internacional a no olvidar a la poblaci\u00f3n birmana y a proporcionar la necesaria asistencia humanitaria\u201d (Audiencia general, 5 de noviembre de 2025).<\/p>\n<p>Finalmente, el Cardenal Bo invit\u00f3 a la perseverancia en la fe y en la esperanza: <em>\u201cPerder la esperanza significar\u00eda entregar el futuro a la violencia y a la desesperaci\u00f3n. Nosotros esperamos no porque la situaci\u00f3n sea f\u00e1cil, sino porque Dios es fiel\u201d<\/em>.<\/p>\n<p>Mientras tanto, los bombardeos no cesan y en muchos pueblos, donde se encuentran tambi\u00e9n familiares de las Hijas de Mar\u00eda Auxiliadora y de las Novicias de la Inspector\u00eda <em>Mar\u00eda Nuestro Auxilio<\/em> (CMY), muchas viviendas son quemadas y destruidas, obligando a la poblaci\u00f3n a huir:<\/p>\n<p>\u201cEn mi pueblo, la guerra civil se ha vuelto muy intensa. Mis hermanas mayores, mis t\u00edos y muchos de nuestros parientes tienen casas a lo largo de la carretera principal. He sabido que algunas casas han sido quemadas desde el 5 de febrero, incluida la de mi t\u00edo y las de algunos parientes. Tambi\u00e9n la iglesia cat\u00f3lica cerca de nuestro pueblo ha sido incendiada\u201d.<\/p>\n<p>\u201cDesde ayer, las casas cerca de la nuestra han sido destruidas por las bombas. Mi hermano me dijo que no ha quedado nadie en el pueblo; todos han escapado, incluidos ellos. A\u00f1adi\u00f3 que no sabe qu\u00e9 pasar\u00e1 con nuestra casa, ya que los bombardeos todav\u00eda contin\u00faan\u201d.<\/p>\n<p>El Instituto FMA contin\u00faa asegurando a Myanmar su cercan\u00eda y, a las puertas del tiempo de Cuaresma, invita a las Comunidades Educativas a unirse con la oraci\u00f3n, la renuncia y la solidaridad concreta, para alimentar la esperanza de un futuro de paz para esta y otras poblaciones postradas por los conflictos.<\/p>\n<p>Es posible enviar contribuciones y donaciones en las modalidades indicadas en el <span style=\"color: #0000ff;\"><a style=\"color: #0000ff;\" href=\"https:\/\/www.cgfmanet.org\/es\/donaciones-en-linea\/\" target=\"_blank\" rel=\"noopener\"><strong>Sito web del Instituto FMA<\/strong><\/a><\/span>, designando en el motivo: <strong>Emergencia Myanmar.<\/strong><\/p>\n","protected":false},"excerpt":{"rendered":"<p>Myanmar. En sus recientes declaraciones a la Agencia Fides (12 de febrero de 2026) y a otras agencias informativas, el Cardenal Charles Maung Bo, Salesiano de Don Bosco y Arzobispo [&hellip;]<\/p>\n","protected":false},"author":21,"featured_media":153265,"comment_status":"open","ping_status":"closed","sticky":false,"template":"","format":"standard","meta":{"footnotes":""},"categories":[151],"tags":[1076,1931,1993,2148],"class_list":["post-153270","post","type-post","status-publish","format-standard","has-post-thumbnail","category-emergencias-y-campanas-humanitarias","tag-cmy-es","tag-focus-es","tag-solidarieta-es","tag-preghiera-es"],"yoast_head":"<!-- This site is optimized with the Yoast SEO plugin v27.4 - https:\/\/yoast.com\/product\/yoast-seo-wordpress\/ -->\n<title>En Myanmar la esperanza est\u00e1 crucificada, pero viva &#8226; Istituto Figlie di Maria Ausiliatrice<\/title>\n<meta name=\"description\" content=\"En sus recientes declaraciones, el Cardenal Charles Maung Bo, Arzobispo de Yangon (Myanmar), describe la situaci\u00f3n del pa\u00eds, afligido por la guerra civil, pero donde la esperanza sigue viva.\" \/>\n<meta name=\"robots\" content=\"index, follow, max-snippet:-1, max-image-preview:large, max-video-preview:-1\" \/>\n<link rel=\"canonical\" href=\"https:\/\/www.cgfmanet.org\/es\/emergencias-y-campanas-humanitarias\/en-myanmar-la-esperanza-esta-crucificada-pero-viva\/\" \/>\n<meta property=\"og:locale\" content=\"es_ES\" \/>\n<meta property=\"og:type\" content=\"article\" \/>\n<meta property=\"og:title\" content=\"En Myanmar la esperanza est\u00e1 crucificada, pero viva &#8226; Istituto Figlie di Maria Ausiliatrice\" \/>\n<meta property=\"og:description\" content=\"En sus recientes declaraciones, el Cardenal Charles Maung Bo, Arzobispo de Yangon (Myanmar), describe la situaci\u00f3n del pa\u00eds, afligido por la guerra civil, pero donde la esperanza sigue viva.\" \/>\n<meta property=\"og:url\" content=\"https:\/\/www.cgfmanet.org\/es\/emergencias-y-campanas-humanitarias\/en-myanmar-la-esperanza-esta-crucificada-pero-viva\/\" \/>\n<meta property=\"og:site_name\" content=\"Istituto Figlie di Maria Ausiliatrice\" \/>\n<meta property=\"article:publisher\" content=\"https:\/\/www.facebook.com\/salesian.sisters.of.don.bosco\/\" \/>\n<meta property=\"article:published_time\" content=\"2026-02-16T13:16:30+00:00\" \/>\n<meta property=\"article:modified_time\" content=\"2026-02-17T21:50:56+00:00\" \/>\n<meta property=\"og:image\" content=\"https:\/\/www.cgfmanet.org\/wp-content\/uploads\/2026\/02\/Myanmar_Card-Bo.jpg\" \/>\n\t<meta property=\"og:image:width\" content=\"1200\" \/>\n\t<meta property=\"og:image:height\" content=\"800\" \/>\n\t<meta property=\"og:image:type\" content=\"image\/jpeg\" \/>\n<meta name=\"author\" content=\"Redazione\" \/>\n<meta name=\"twitter:card\" content=\"summary_large_image\" \/>\n<meta name=\"twitter:creator\" content=\"@Cgfmanet_Org\" \/>\n<meta name=\"twitter:site\" content=\"@Cgfmanet_Org\" \/>\n<meta name=\"twitter:label1\" content=\"Escrito por\" \/>\n\t<meta name=\"twitter:data1\" content=\"Redazione\" \/>\n\t<meta name=\"twitter:label2\" content=\"Tiempo de lectura\" \/>\n\t<meta name=\"twitter:data2\" content=\"5 minutos\" \/>\n<script type=\"application\/ld+json\" class=\"yoast-schema-graph\">{\"@context\":\"https:\\\/\\\/schema.org\",\"@graph\":[{\"@type\":\"Article\",\"@id\":\"https:\\\/\\\/www.cgfmanet.org\\\/es\\\/emergencias-y-campanas-humanitarias\\\/en-myanmar-la-esperanza-esta-crucificada-pero-viva\\\/#article\",\"isPartOf\":{\"@id\":\"https:\\\/\\\/www.cgfmanet.org\\\/es\\\/emergencias-y-campanas-humanitarias\\\/en-myanmar-la-esperanza-esta-crucificada-pero-viva\\\/\"},\"author\":{\"name\":\"Redazione\",\"@id\":\"https:\\\/\\\/www.cgfmanet.org\\\/es\\\/#\\\/schema\\\/person\\\/ce6473083f53ef0ef882cca23f0c8fb9\"},\"headline\":\"En Myanmar la esperanza est\u00e1 crucificada, pero viva\",\"datePublished\":\"2026-02-16T13:16:30+00:00\",\"dateModified\":\"2026-02-17T21:50:56+00:00\",\"mainEntityOfPage\":{\"@id\":\"https:\\\/\\\/www.cgfmanet.org\\\/es\\\/emergencias-y-campanas-humanitarias\\\/en-myanmar-la-esperanza-esta-crucificada-pero-viva\\\/\"},\"wordCount\":919,\"commentCount\":0,\"publisher\":{\"@id\":\"https:\\\/\\\/www.cgfmanet.org\\\/es\\\/#organization\"},\"image\":{\"@id\":\"https:\\\/\\\/www.cgfmanet.org\\\/es\\\/emergencias-y-campanas-humanitarias\\\/en-myanmar-la-esperanza-esta-crucificada-pero-viva\\\/#primaryimage\"},\"thumbnailUrl\":\"https:\\\/\\\/www.cgfmanet.org\\\/wp-content\\\/uploads\\\/2026\\\/02\\\/Myanmar_Card-Bo.jpg\",\"keywords\":[\"CMY\",\"Focus\",\"Solidariet\u00e0\",\"Preghiera\"],\"articleSection\":[\"Emergencias y Campa\u00f1as Humanitarias\"],\"inLanguage\":\"es\",\"potentialAction\":[{\"@type\":\"CommentAction\",\"name\":\"Comment\",\"target\":[\"https:\\\/\\\/www.cgfmanet.org\\\/es\\\/emergencias-y-campanas-humanitarias\\\/en-myanmar-la-esperanza-esta-crucificada-pero-viva\\\/#respond\"]}]},{\"@type\":\"WebPage\",\"@id\":\"https:\\\/\\\/www.cgfmanet.org\\\/es\\\/emergencias-y-campanas-humanitarias\\\/en-myanmar-la-esperanza-esta-crucificada-pero-viva\\\/\",\"url\":\"https:\\\/\\\/www.cgfmanet.org\\\/es\\\/emergencias-y-campanas-humanitarias\\\/en-myanmar-la-esperanza-esta-crucificada-pero-viva\\\/\",\"name\":\"En Myanmar la esperanza est\u00e1 crucificada, pero viva &#8226; Istituto Figlie di Maria Ausiliatrice\",\"isPartOf\":{\"@id\":\"https:\\\/\\\/www.cgfmanet.org\\\/es\\\/#website\"},\"primaryImageOfPage\":{\"@id\":\"https:\\\/\\\/www.cgfmanet.org\\\/es\\\/emergencias-y-campanas-humanitarias\\\/en-myanmar-la-esperanza-esta-crucificada-pero-viva\\\/#primaryimage\"},\"image\":{\"@id\":\"https:\\\/\\\/www.cgfmanet.org\\\/es\\\/emergencias-y-campanas-humanitarias\\\/en-myanmar-la-esperanza-esta-crucificada-pero-viva\\\/#primaryimage\"},\"thumbnailUrl\":\"https:\\\/\\\/www.cgfmanet.org\\\/wp-content\\\/uploads\\\/2026\\\/02\\\/Myanmar_Card-Bo.jpg\",\"datePublished\":\"2026-02-16T13:16:30+00:00\",\"dateModified\":\"2026-02-17T21:50:56+00:00\",\"description\":\"En sus recientes declaraciones, el Cardenal Charles Maung Bo, Arzobispo de Yangon (Myanmar), describe la situaci\u00f3n del pa\u00eds, afligido por la guerra civil, pero donde la esperanza sigue viva.\",\"breadcrumb\":{\"@id\":\"https:\\\/\\\/www.cgfmanet.org\\\/es\\\/emergencias-y-campanas-humanitarias\\\/en-myanmar-la-esperanza-esta-crucificada-pero-viva\\\/#breadcrumb\"},\"inLanguage\":\"es\",\"potentialAction\":[{\"@type\":\"ReadAction\",\"target\":[\"https:\\\/\\\/www.cgfmanet.org\\\/es\\\/emergencias-y-campanas-humanitarias\\\/en-myanmar-la-esperanza-esta-crucificada-pero-viva\\\/\"]}]},{\"@type\":\"ImageObject\",\"inLanguage\":\"es\",\"@id\":\"https:\\\/\\\/www.cgfmanet.org\\\/es\\\/emergencias-y-campanas-humanitarias\\\/en-myanmar-la-esperanza-esta-crucificada-pero-viva\\\/#primaryimage\",\"url\":\"https:\\\/\\\/www.cgfmanet.org\\\/wp-content\\\/uploads\\\/2026\\\/02\\\/Myanmar_Card-Bo.jpg\",\"contentUrl\":\"https:\\\/\\\/www.cgfmanet.org\\\/wp-content\\\/uploads\\\/2026\\\/02\\\/Myanmar_Card-Bo.jpg\",\"width\":1200,\"height\":800},{\"@type\":\"BreadcrumbList\",\"@id\":\"https:\\\/\\\/www.cgfmanet.org\\\/es\\\/emergencias-y-campanas-humanitarias\\\/en-myanmar-la-esperanza-esta-crucificada-pero-viva\\\/#breadcrumb\",\"itemListElement\":[{\"@type\":\"ListItem\",\"position\":1,\"name\":\"Home\",\"item\":\"https:\\\/\\\/www.cgfmanet.org\\\/es\\\/\"},{\"@type\":\"ListItem\",\"position\":2,\"name\":\"En Myanmar la esperanza est\u00e1 crucificada, pero viva\"}]},{\"@type\":\"WebSite\",\"@id\":\"https:\\\/\\\/www.cgfmanet.org\\\/es\\\/#website\",\"url\":\"https:\\\/\\\/www.cgfmanet.org\\\/es\\\/\",\"name\":\"Istituto Figlie di Maria Ausiliatrice\",\"description\":\"Salesiane di Don Bosco\",\"publisher\":{\"@id\":\"https:\\\/\\\/www.cgfmanet.org\\\/es\\\/#organization\"},\"potentialAction\":[{\"@type\":\"SearchAction\",\"target\":{\"@type\":\"EntryPoint\",\"urlTemplate\":\"https:\\\/\\\/www.cgfmanet.org\\\/es\\\/?s={search_term_string}\"},\"query-input\":{\"@type\":\"PropertyValueSpecification\",\"valueRequired\":true,\"valueName\":\"search_term_string\"}}],\"inLanguage\":\"es\"},{\"@type\":\"Organization\",\"@id\":\"https:\\\/\\\/www.cgfmanet.org\\\/es\\\/#organization\",\"name\":\"Istituto Figlie di Maria Ausiliatrice\",\"url\":\"https:\\\/\\\/www.cgfmanet.org\\\/es\\\/\",\"logo\":{\"@type\":\"ImageObject\",\"inLanguage\":\"es\",\"@id\":\"https:\\\/\\\/www.cgfmanet.org\\\/es\\\/#\\\/schema\\\/logo\\\/image\\\/\",\"url\":\"https:\\\/\\\/www.cgfmanet.org\\\/wp-content\\\/uploads\\\/2018\\\/10\\\/logo-fma.png\",\"contentUrl\":\"https:\\\/\\\/www.cgfmanet.org\\\/wp-content\\\/uploads\\\/2018\\\/10\\\/logo-fma.png\",\"width\":214,\"height\":55,\"caption\":\"Istituto Figlie di Maria Ausiliatrice\"},\"image\":{\"@id\":\"https:\\\/\\\/www.cgfmanet.org\\\/es\\\/#\\\/schema\\\/logo\\\/image\\\/\"},\"sameAs\":[\"https:\\\/\\\/www.facebook.com\\\/salesian.sisters.of.don.bosco\\\/\",\"https:\\\/\\\/x.com\\\/Cgfmanet_Org\",\"https:\\\/\\\/www.youtube.com\\\/channel\\\/UCmcr8yFQBV7JXeXVxyV9y5Q\"]},{\"@type\":\"Person\",\"@id\":\"https:\\\/\\\/www.cgfmanet.org\\\/es\\\/#\\\/schema\\\/person\\\/ce6473083f53ef0ef882cca23f0c8fb9\",\"name\":\"Redazione\"}]}<\/script>\n<!-- \/ Yoast SEO plugin. -->","yoast_head_json":{"title":"En Myanmar la esperanza est\u00e1 crucificada, pero viva &#8226; Istituto Figlie di Maria Ausiliatrice","description":"En sus recientes declaraciones, el Cardenal Charles Maung Bo, Arzobispo de Yangon (Myanmar), describe la situaci\u00f3n del pa\u00eds, afligido por la guerra civil, pero donde la esperanza sigue viva.","robots":{"index":"index","follow":"follow","max-snippet":"max-snippet:-1","max-image-preview":"max-image-preview:large","max-video-preview":"max-video-preview:-1"},"canonical":"https:\/\/www.cgfmanet.org\/es\/emergencias-y-campanas-humanitarias\/en-myanmar-la-esperanza-esta-crucificada-pero-viva\/","og_locale":"es_ES","og_type":"article","og_title":"En Myanmar la esperanza est\u00e1 crucificada, pero viva &#8226; Istituto Figlie di Maria Ausiliatrice","og_description":"En sus recientes declaraciones, el Cardenal Charles Maung Bo, Arzobispo de Yangon (Myanmar), describe la situaci\u00f3n del pa\u00eds, afligido por la guerra civil, pero donde la esperanza sigue viva.","og_url":"https:\/\/www.cgfmanet.org\/es\/emergencias-y-campanas-humanitarias\/en-myanmar-la-esperanza-esta-crucificada-pero-viva\/","og_site_name":"Istituto Figlie di Maria Ausiliatrice","article_publisher":"https:\/\/www.facebook.com\/salesian.sisters.of.don.bosco\/","article_published_time":"2026-02-16T13:16:30+00:00","article_modified_time":"2026-02-17T21:50:56+00:00","og_image":[{"width":1200,"height":800,"url":"https:\/\/www.cgfmanet.org\/wp-content\/uploads\/2026\/02\/Myanmar_Card-Bo.jpg","type":"image\/jpeg"}],"author":"Redazione","twitter_card":"summary_large_image","twitter_creator":"@Cgfmanet_Org","twitter_site":"@Cgfmanet_Org","twitter_misc":{"Escrito por":"Redazione","Tiempo de lectura":"5 minutos"},"schema":{"@context":"https:\/\/schema.org","@graph":[{"@type":"Article","@id":"https:\/\/www.cgfmanet.org\/es\/emergencias-y-campanas-humanitarias\/en-myanmar-la-esperanza-esta-crucificada-pero-viva\/#article","isPartOf":{"@id":"https:\/\/www.cgfmanet.org\/es\/emergencias-y-campanas-humanitarias\/en-myanmar-la-esperanza-esta-crucificada-pero-viva\/"},"author":{"name":"Redazione","@id":"https:\/\/www.cgfmanet.org\/es\/#\/schema\/person\/ce6473083f53ef0ef882cca23f0c8fb9"},"headline":"En Myanmar la esperanza est\u00e1 crucificada, pero viva","datePublished":"2026-02-16T13:16:30+00:00","dateModified":"2026-02-17T21:50:56+00:00","mainEntityOfPage":{"@id":"https:\/\/www.cgfmanet.org\/es\/emergencias-y-campanas-humanitarias\/en-myanmar-la-esperanza-esta-crucificada-pero-viva\/"},"wordCount":919,"commentCount":0,"publisher":{"@id":"https:\/\/www.cgfmanet.org\/es\/#organization"},"image":{"@id":"https:\/\/www.cgfmanet.org\/es\/emergencias-y-campanas-humanitarias\/en-myanmar-la-esperanza-esta-crucificada-pero-viva\/#primaryimage"},"thumbnailUrl":"https:\/\/www.cgfmanet.org\/wp-content\/uploads\/2026\/02\/Myanmar_Card-Bo.jpg","keywords":["CMY","Focus","Solidariet\u00e0","Preghiera"],"articleSection":["Emergencias y Campa\u00f1as Humanitarias"],"inLanguage":"es","potentialAction":[{"@type":"CommentAction","name":"Comment","target":["https:\/\/www.cgfmanet.org\/es\/emergencias-y-campanas-humanitarias\/en-myanmar-la-esperanza-esta-crucificada-pero-viva\/#respond"]}]},{"@type":"WebPage","@id":"https:\/\/www.cgfmanet.org\/es\/emergencias-y-campanas-humanitarias\/en-myanmar-la-esperanza-esta-crucificada-pero-viva\/","url":"https:\/\/www.cgfmanet.org\/es\/emergencias-y-campanas-humanitarias\/en-myanmar-la-esperanza-esta-crucificada-pero-viva\/","name":"En Myanmar la esperanza est\u00e1 crucificada, pero viva &#8226; Istituto Figlie di Maria Ausiliatrice","isPartOf":{"@id":"https:\/\/www.cgfmanet.org\/es\/#website"},"primaryImageOfPage":{"@id":"https:\/\/www.cgfmanet.org\/es\/emergencias-y-campanas-humanitarias\/en-myanmar-la-esperanza-esta-crucificada-pero-viva\/#primaryimage"},"image":{"@id":"https:\/\/www.cgfmanet.org\/es\/emergencias-y-campanas-humanitarias\/en-myanmar-la-esperanza-esta-crucificada-pero-viva\/#primaryimage"},"thumbnailUrl":"https:\/\/www.cgfmanet.org\/wp-content\/uploads\/2026\/02\/Myanmar_Card-Bo.jpg","datePublished":"2026-02-16T13:16:30+00:00","dateModified":"2026-02-17T21:50:56+00:00","description":"En sus recientes declaraciones, el Cardenal Charles Maung Bo, Arzobispo de Yangon (Myanmar), describe la situaci\u00f3n del pa\u00eds, afligido por la guerra civil, pero donde la esperanza sigue viva.","breadcrumb":{"@id":"https:\/\/www.cgfmanet.org\/es\/emergencias-y-campanas-humanitarias\/en-myanmar-la-esperanza-esta-crucificada-pero-viva\/#breadcrumb"},"inLanguage":"es","potentialAction":[{"@type":"ReadAction","target":["https:\/\/www.cgfmanet.org\/es\/emergencias-y-campanas-humanitarias\/en-myanmar-la-esperanza-esta-crucificada-pero-viva\/"]}]},{"@type":"ImageObject","inLanguage":"es","@id":"https:\/\/www.cgfmanet.org\/es\/emergencias-y-campanas-humanitarias\/en-myanmar-la-esperanza-esta-crucificada-pero-viva\/#primaryimage","url":"https:\/\/www.cgfmanet.org\/wp-content\/uploads\/2026\/02\/Myanmar_Card-Bo.jpg","contentUrl":"https:\/\/www.cgfmanet.org\/wp-content\/uploads\/2026\/02\/Myanmar_Card-Bo.jpg","width":1200,"height":800},{"@type":"BreadcrumbList","@id":"https:\/\/www.cgfmanet.org\/es\/emergencias-y-campanas-humanitarias\/en-myanmar-la-esperanza-esta-crucificada-pero-viva\/#breadcrumb","itemListElement":[{"@type":"ListItem","position":1,"name":"Home","item":"https:\/\/www.cgfmanet.org\/es\/"},{"@type":"ListItem","position":2,"name":"En Myanmar la esperanza est\u00e1 crucificada, pero viva"}]},{"@type":"WebSite","@id":"https:\/\/www.cgfmanet.org\/es\/#website","url":"https:\/\/www.cgfmanet.org\/es\/","name":"Istituto Figlie di Maria Ausiliatrice","description":"Salesiane di Don Bosco","publisher":{"@id":"https:\/\/www.cgfmanet.org\/es\/#organization"},"potentialAction":[{"@type":"SearchAction","target":{"@type":"EntryPoint","urlTemplate":"https:\/\/www.cgfmanet.org\/es\/?s={search_term_string}"},"query-input":{"@type":"PropertyValueSpecification","valueRequired":true,"valueName":"search_term_string"}}],"inLanguage":"es"},{"@type":"Organization","@id":"https:\/\/www.cgfmanet.org\/es\/#organization","name":"Istituto Figlie di Maria Ausiliatrice","url":"https:\/\/www.cgfmanet.org\/es\/","logo":{"@type":"ImageObject","inLanguage":"es","@id":"https:\/\/www.cgfmanet.org\/es\/#\/schema\/logo\/image\/","url":"https:\/\/www.cgfmanet.org\/wp-content\/uploads\/2018\/10\/logo-fma.png","contentUrl":"https:\/\/www.cgfmanet.org\/wp-content\/uploads\/2018\/10\/logo-fma.png","width":214,"height":55,"caption":"Istituto Figlie di Maria Ausiliatrice"},"image":{"@id":"https:\/\/www.cgfmanet.org\/es\/#\/schema\/logo\/image\/"},"sameAs":["https:\/\/www.facebook.com\/salesian.sisters.of.don.bosco\/","https:\/\/x.com\/Cgfmanet_Org","https:\/\/www.youtube.com\/channel\/UCmcr8yFQBV7JXeXVxyV9y5Q"]},{"@type":"Person","@id":"https:\/\/www.cgfmanet.org\/es\/#\/schema\/person\/ce6473083f53ef0ef882cca23f0c8fb9","name":"Redazione"}]}},"_links":{"self":[{"href":"https:\/\/www.cgfmanet.org\/es\/wp-json\/wp\/v2\/posts\/153270","targetHints":{"allow":["GET"]}}],"collection":[{"href":"https:\/\/www.cgfmanet.org\/es\/wp-json\/wp\/v2\/posts"}],"about":[{"href":"https:\/\/www.cgfmanet.org\/es\/wp-json\/wp\/v2\/types\/post"}],"author":[{"embeddable":true,"href":"https:\/\/www.cgfmanet.org\/es\/wp-json\/wp\/v2\/users\/21"}],"replies":[{"embeddable":true,"href":"https:\/\/www.cgfmanet.org\/es\/wp-json\/wp\/v2\/comments?post=153270"}],"version-history":[{"count":2,"href":"https:\/\/www.cgfmanet.org\/es\/wp-json\/wp\/v2\/posts\/153270\/revisions"}],"predecessor-version":[{"id":153371,"href":"https:\/\/www.cgfmanet.org\/es\/wp-json\/wp\/v2\/posts\/153270\/revisions\/153371"}],"wp:featuredmedia":[{"embeddable":true,"href":"https:\/\/www.cgfmanet.org\/es\/wp-json\/wp\/v2\/media\/153265"}],"wp:attachment":[{"href":"https:\/\/www.cgfmanet.org\/es\/wp-json\/wp\/v2\/media?parent=153270"}],"wp:term":[{"taxonomy":"category","embeddable":true,"href":"https:\/\/www.cgfmanet.org\/es\/wp-json\/wp\/v2\/categories?post=153270"},{"taxonomy":"post_tag","embeddable":true,"href":"https:\/\/www.cgfmanet.org\/es\/wp-json\/wp\/v2\/tags?post=153270"}],"curies":[{"name":"wp","href":"https:\/\/api.w.org\/{rel}","templated":true}]}}