{"id":153247,"date":"2026-02-15T16:32:05","date_gmt":"2026-02-15T15:32:05","guid":{"rendered":"https:\/\/www.cgfmanet.org\/infoesfera\/il-cuore-missionario-di-santa-maria-troncatti\/"},"modified":"2026-02-21T22:14:07","modified_gmt":"2026-02-21T21:14:07","slug":"el-corazon-misionero-de-santa-maria-troncatti","status":"publish","type":"post","link":"https:\/\/www.cgfmanet.org\/es\/ifma-es\/150-misiones-fma\/el-corazon-misionero-de-santa-maria-troncatti\/","title":{"rendered":"El coraz\u00f3n misionero de Santa Mar\u00eda Troncatti"},"content":{"rendered":"<p><strong>Roma (Italia).<\/strong> El 16 de febrero de 2026 se celebra el aniversario del nacimiento de Sor Mar\u00eda Troncatti, Hija de Mar\u00eda Auxiliadora misionera, canonizada por el Papa Le\u00f3n XIV el 19 de octubre de 2025 en la Plaza de San Pedro.<\/p>\n<p><strong><span style=\"color: #0000ff;\"><a style=\"color: #0000ff;\" href=\"https:\/\/mariatroncatti.org\/\" target=\"_blank\" rel=\"noopener\">Mar\u00eda Troncatti<\/a> <\/span><\/strong>naci\u00f3 el 16 de febrero de 1883 en C\u00f2rteno Golgi, un pueblo entre las monta\u00f1as de la provincia de Brescia, en el l\u00edmite entre Valtellina y Val Camonica (Lombard\u00eda), hija del matrimonio formado por Giacomo Troncatti y Maria Rodondi. El 17 de febrero, en la parroquia de Santa Mar\u00eda Assunta de C\u00f2rteno, fue bautizada como \u00abMaria Benvenuta\u00bb.<\/p>\n<p>Al terminar la jornada de la Canonizaci\u00f3n, durante las<span style=\"color: #0000ff;\"><strong><a style=\"color: #0000ff;\" href=\"https:\/\/www.cgfmanet.org\/es\/ifma-es\/juntos-en-la-alegria-por-santa-maria-troncatti\/\" target=\"_blank\" rel=\"noopener\"> V\u00edsperas<\/a><\/strong><\/span>, Madre Chiara Cazzuola descubri\u00f3 un <strong>icono que representa a Santa Mar\u00eda Troncatti<\/strong> y el Rector Mayor, Don Fabio Attard, lo bendijo con \u00f3leo de nardo. El icono fue escrito en oraci\u00f3n por sor Randa Kortas, FMA perteneciente a la Comunidad de la Casa Generalicia y originaria de Siria.<\/p>\n<p>La Palabra de Dios que se \u00abencarn\u00f3\u00bb en la vida de Sor Mar\u00eda Troncatti siguiendo el modelo de Jes\u00fas, hace referencia al Evangelio de San Juan: <em>\u00abNadie tiene mayor amor que el que da la vida por sus amigos\u00bb<\/em> (cfr. Jn 15,13).<\/p>\n<p>La uni\u00f3n con Cristo crucificado por amor resuena en sus palabras: <em>\u00abA los pies de Jes\u00fas me consuelo; una mirada a mi crucifijo que llevo al cuello me da vida y alas para trabajar&#8230;\u00bb<\/em>. Sor Pierina Rusconi refiere estas palabras de sor Mar\u00eda: <em>\u00abEstas dos razas no podr\u00e1n reconciliarse sin una v\u00edctima que se ofrezca por ellas. Le pregunto si me aconseja ofrecerme como v\u00edctima por esta reconciliaci\u00f3n\u00bb<\/em>.<\/p>\n<p>En esta representaci\u00f3n, el rasgo esencial elegido para narrar la v\u00eda de santidad que caracteriz\u00f3 a Sor Mar\u00eda Troncatti es su plena configuraci\u00f3n con Cristo Crucificado y Resucitado, es decir, con su Misterio Pascual. Un misterio vivido con Jes\u00fas, por \u00c9l y como \u00c9l, ofreci\u00e9ndose como v\u00edctima para la reconciliaci\u00f3n y la paz entre los colonos y los shuar. Adem\u00e1s, en este icono se pueden contemplar las tres caracter\u00edsticas elegidas en preparaci\u00f3n para la Canonizaci\u00f3n: <strong>madre, misionera y artesana de reconciliaci\u00f3n y de paz.<\/strong><\/p>\n<p>En el dise\u00f1o, dos l\u00edneas invisibles se cruzan: una l\u00ednea vertical, \u00abeje central\u00bb, que parte de lo alto, atraviesa a la persona central y se cruza con la l\u00ednea horizontal al nivel de las manos de nuestra santa, formando juntas una cruz; la voluntad divina que viene de lo Alto y la respuesta humana que viene de la Santa.<\/p>\n<p><strong>La representaci\u00f3n de Sor Mar\u00eda Troncatti<\/strong><\/p>\n<p>Los gestos de sus manos son muy importantes y est\u00e1n llenos de significado: la mano extendida representa su entrega a la voluntad de Dios y el ofrecerse como v\u00edctima por la reconciliaci\u00f3n y la paz. En la otra mano, sostiene y se aferra a la cruz propia de una Hija de Mar\u00eda Auxiliadora.<\/p>\n<p>La suya es una Cruz grande, que representa, por una parte, su obra evangelizadora, es decir, ella como misionera que anunci\u00f3 con las palabras y con la vida \u2014\u00bbmanos laboriosas\u00bb\u2014 el amor de Jes\u00fas. No solo cur\u00f3 las enfermedades y dolencias del cuerpo, sino sobre todo las del alma y del esp\u00edritu, con la medicina del perd\u00f3n y del amor que vence todo odio y venganza.<\/p>\n<p>Por otra parte, ella misma \u2014que se encuentra en el centro\u2014 se sit\u00faa como remedio al odio y a la violencia entre las dos razas (shuar y colonos) y se ofrece, al modelo de Cristo, como v\u00edctima de reconciliaci\u00f3n y de paz entre ellos. La Santa viste de color azul, signo del cielo: Dios la ha acogido en su nueva morada, en el reino de los cielos.<\/p>\n<p><strong>Los dos hombres representan las dos razas:<\/strong> el shuar y el colono. Ambos miran a la cruz, atra\u00eddos por la santidad de esta <em>Madrecita<\/em> que anunci\u00f3 el amor de Dios, y se toman de las manos como signo de reconciliaci\u00f3n y paz, \u00a1ocurrida verdaderamente de forma milagrosa! En la otra mano tienen un instrumento que les sirve para vivir, cortar, pescar y defenderse. Visten con los colores rosa rojizo y verde: rojo como signo del amor de Dios, tocado a trav\u00e9s del coraz\u00f3n y las manos de Sor Mar\u00eda Troncatti; y verde como signo de la vida nueva recibida en Cristo y de la esperanza renovada, que va m\u00e1s all\u00e1 de la p\u00e9rdida de su <em>Madrecita<\/em>, \u00a1porque reconocen en ella a su Santa, que estar\u00e1 siempre con ellos y para ellos!<\/p>\n<p>La representaci\u00f3n ocurre <strong>dentro de la selva<\/strong>, de modo que toda la naturaleza participa de su santidad. En la parte superior, el <strong>fondo dorado<\/strong> es la representaci\u00f3n de la segunda dimensi\u00f3n del misterio Pascual: es el s\u00edmbolo de la resurrecci\u00f3n. La Santa est\u00e1 envuelta en la luz divina.<\/p>\n<p><strong>El cielo abierto<\/strong> es el lugar de la presencia de Dios Trinitario donde la Virgen Mar\u00eda se asoma con el Ni\u00f1o; de all\u00ed, Sor Mar\u00eda recibi\u00f3 luz y ayuda, obtuvo fuerza y apoyo para la misi\u00f3n, especialmente en los momentos m\u00e1s delicados y decisivos de su vida. Seguramente ella tom\u00f3 de Mar\u00eda su maternidad espiritual, una maternidad fecunda al engendrar a la vida, a la fe y a la Iglesia.<\/p>\n<p><strong>El arco\u00edris<\/strong> es el s\u00edmbolo de la respuesta del cielo, de Dios Padre que ha aceptado su ofrenda y la abraza con su amor infinito. Este signo apareci\u00f3 en el cielo el d\u00eda de su muerte. <strong>Las monta\u00f1as<\/strong> son el lugar de la revelaci\u00f3n de Dios. Sor Mar\u00eda est\u00e1 abrazada por dos monta\u00f1as que representan el abrazo de Dios.<\/p>\n<p>En la parte inferior, el <strong>r\u00edo Upano<\/strong> es el espacio de la misi\u00f3n donde ella vivi\u00f3, trabaj\u00f3 y arriesg\u00f3 la vida. La selva es el lugar de la misi\u00f3n que ha sido transformada por su coraz\u00f3n misionero. El coraz\u00f3n de Sor Mar\u00eda fue encendido por el fuego del Esp\u00edritu Santo, creando una atm\u00f3sfera c\u00e1lida, luminosa y alegre que hace \u00abdanzar\u00bb incluso a los \u00e1rboles.<\/p>\n<p>\u00a1Y as\u00ed es como la selva amaz\u00f3nica de Ecuador se transforma en \u00abselva patria del coraz\u00f3n\u00bb y en \u00aboasis de paz\u00bb, de esperanza, de alegr\u00eda y de santidad!<\/p>\n<p><strong>En la jornada del 16 de febrero de 2026, en la Capilla de la Casa Generalicia del Instituto FMA en Roma, se expondr\u00e1 este icono y la Comunidad Mar\u00eda Auxiliadora, junto a la Madre Chiara Cazzuola y las Consejeras Generales, rezar\u00e1 a Santa Mar\u00eda Troncatti por la reconciliaci\u00f3n entre los pueblos. Las comunidades del mundo est\u00e1n invitadas a unirse en oraci\u00f3n con la misma intenci\u00f3n.<\/strong><\/p>\n<p><a href=\"https:\/\/www.cgfmanet.org\/wp-content\/uploads\/2026\/02\/Icona-Troncatti.jpg\"><img decoding=\"async\" class=\"aligncenter wp-image-153233 size-full lazyload\" data-src=\"https:\/\/www.cgfmanet.org\/wp-content\/uploads\/2026\/02\/Icona-Troncatti.jpg\" alt=\"\" width=\"1181\" height=\"1571\" data-srcset=\"https:\/\/www.cgfmanet.org\/wp-content\/uploads\/2026\/02\/Icona-Troncatti.jpg 1181w, https:\/\/www.cgfmanet.org\/wp-content\/uploads\/2026\/02\/Icona-Troncatti-768x1022.jpg 768w, https:\/\/www.cgfmanet.org\/wp-content\/uploads\/2026\/02\/Icona-Troncatti-1155x1536.jpg 1155w, https:\/\/www.cgfmanet.org\/wp-content\/uploads\/2026\/02\/Icona-Troncatti-316x420.jpg 316w, https:\/\/www.cgfmanet.org\/wp-content\/uploads\/2026\/02\/Icona-Troncatti-696x926.jpg 696w\" data-sizes=\"auto\" src=\"data:image\/svg+xml;base64,PHN2ZyB3aWR0aD0iMSIgaGVpZ2h0PSIxIiB4bWxucz0iaHR0cDovL3d3dy53My5vcmcvMjAwMC9zdmciPjwvc3ZnPg==\" style=\"--smush-placeholder-width: 1181px; --smush-placeholder-aspect-ratio: 1181\/1571;\" data-original-sizes=\"(max-width: 1181px) 100vw, 1181px\" \/><\/a><\/p>\n","protected":false},"excerpt":{"rendered":"<p>Roma (Italia). El 16 de febrero de 2026 se celebra el aniversario del nacimiento de Sor Mar\u00eda Troncatti, Hija de Mar\u00eda Auxiliadora misionera, canonizada por el Papa Le\u00f3n XIV el [&hellip;]<\/p>\n","protected":false},"author":21,"featured_media":153242,"comment_status":"open","ping_status":"closed","sticky":false,"template":"","format":"standard","meta":{"footnotes":""},"categories":[2470,158],"tags":[1640,1792,2140,2148,2464],"class_list":["post-153247","post","type-post","status-publish","format-standard","has-post-thumbnail","category-150-misiones-fma","category-ifma-es","tag-maria-troncatti-es","tag-espiritu-misionero","tag-anniversario-es","tag-preghiera-es","tag-150-misiones-fma"],"yoast_head":"<!-- This site is optimized with the Yoast SEO plugin v27.4 - https:\/\/yoast.com\/product\/yoast-seo-wordpress\/ -->\n<title>El coraz\u00f3n misionero de Santa Mar\u00eda Troncatti &#8226; Istituto Figlie di Maria Ausiliatrice<\/title>\n<meta name=\"description\" content=\"El 16 de febrero de 2026 se cumple el aniversario del nacimiento de Santa Mar\u00eda Troncatti, FMA, misionera de paz y reconciliaci\u00f3n entre colonos e shuar, representada en un icono bendecido el 19 de octubre de 2025.\" \/>\n<meta name=\"robots\" content=\"index, follow, max-snippet:-1, max-image-preview:large, max-video-preview:-1\" \/>\n<link rel=\"canonical\" href=\"https:\/\/www.cgfmanet.org\/es\/ifma-es\/150-misiones-fma\/el-corazon-misionero-de-santa-maria-troncatti\/\" \/>\n<meta property=\"og:locale\" content=\"es_ES\" \/>\n<meta property=\"og:type\" content=\"article\" \/>\n<meta property=\"og:title\" content=\"El coraz\u00f3n misionero de Santa Mar\u00eda Troncatti &#8226; Istituto Figlie di Maria Ausiliatrice\" \/>\n<meta property=\"og:description\" content=\"El 16 de febrero de 2026 se cumple el aniversario del nacimiento de Santa Mar\u00eda Troncatti, FMA, misionera de paz y reconciliaci\u00f3n entre colonos e shuar, representada en un icono bendecido el 19 de octubre de 2025.\" \/>\n<meta property=\"og:url\" content=\"https:\/\/www.cgfmanet.org\/es\/ifma-es\/150-misiones-fma\/el-corazon-misionero-de-santa-maria-troncatti\/\" \/>\n<meta property=\"og:site_name\" content=\"Istituto Figlie di Maria Ausiliatrice\" \/>\n<meta property=\"article:publisher\" content=\"https:\/\/www.facebook.com\/salesian.sisters.of.don.bosco\/\" \/>\n<meta property=\"article:published_time\" content=\"2026-02-15T15:32:05+00:00\" \/>\n<meta property=\"article:modified_time\" content=\"2026-02-21T21:14:07+00:00\" \/>\n<meta property=\"og:image\" content=\"https:\/\/www.cgfmanet.org\/wp-content\/uploads\/2026\/02\/Compleanno-Maria-Troncatti.jpg\" \/>\n\t<meta property=\"og:image:width\" content=\"1920\" \/>\n\t<meta property=\"og:image:height\" content=\"1080\" \/>\n\t<meta property=\"og:image:type\" content=\"image\/jpeg\" \/>\n<meta name=\"author\" content=\"Redazione\" \/>\n<meta name=\"twitter:card\" content=\"summary_large_image\" \/>\n<meta name=\"twitter:creator\" content=\"@Cgfmanet_Org\" \/>\n<meta name=\"twitter:site\" content=\"@Cgfmanet_Org\" \/>\n<meta name=\"twitter:label1\" content=\"Escrito por\" \/>\n\t<meta name=\"twitter:data1\" content=\"Redazione\" \/>\n\t<meta name=\"twitter:label2\" content=\"Tiempo de lectura\" \/>\n\t<meta name=\"twitter:data2\" content=\"7 minutos\" \/>\n<script type=\"application\/ld+json\" class=\"yoast-schema-graph\">{\"@context\":\"https:\\\/\\\/schema.org\",\"@graph\":[{\"@type\":\"Article\",\"@id\":\"https:\\\/\\\/www.cgfmanet.org\\\/es\\\/ifma-es\\\/150-misiones-fma\\\/el-corazon-misionero-de-santa-maria-troncatti\\\/#article\",\"isPartOf\":{\"@id\":\"https:\\\/\\\/www.cgfmanet.org\\\/es\\\/ifma-es\\\/150-misiones-fma\\\/el-corazon-misionero-de-santa-maria-troncatti\\\/\"},\"author\":{\"name\":\"Redazione\",\"@id\":\"https:\\\/\\\/www.cgfmanet.org\\\/es\\\/#\\\/schema\\\/person\\\/ce6473083f53ef0ef882cca23f0c8fb9\"},\"headline\":\"El coraz\u00f3n misionero de Santa Mar\u00eda Troncatti\",\"datePublished\":\"2026-02-15T15:32:05+00:00\",\"dateModified\":\"2026-02-21T21:14:07+00:00\",\"mainEntityOfPage\":{\"@id\":\"https:\\\/\\\/www.cgfmanet.org\\\/es\\\/ifma-es\\\/150-misiones-fma\\\/el-corazon-misionero-de-santa-maria-troncatti\\\/\"},\"wordCount\":1162,\"commentCount\":2,\"publisher\":{\"@id\":\"https:\\\/\\\/www.cgfmanet.org\\\/es\\\/#organization\"},\"image\":{\"@id\":\"https:\\\/\\\/www.cgfmanet.org\\\/es\\\/ifma-es\\\/150-misiones-fma\\\/el-corazon-misionero-de-santa-maria-troncatti\\\/#primaryimage\"},\"thumbnailUrl\":\"https:\\\/\\\/www.cgfmanet.org\\\/wp-content\\\/uploads\\\/2026\\\/02\\\/Compleanno-Maria-Troncatti.jpg\",\"keywords\":[\"Maria Troncatti\",\"Esp\u00edritu misionero\",\"Anniversario\",\"Preghiera\",\"150\u00b0 Misiones FMA\"],\"articleSection\":[\"150\u00b0 Misiones FMA\",\"IFMA\"],\"inLanguage\":\"es\",\"potentialAction\":[{\"@type\":\"CommentAction\",\"name\":\"Comment\",\"target\":[\"https:\\\/\\\/www.cgfmanet.org\\\/es\\\/ifma-es\\\/150-misiones-fma\\\/el-corazon-misionero-de-santa-maria-troncatti\\\/#respond\"]}]},{\"@type\":\"WebPage\",\"@id\":\"https:\\\/\\\/www.cgfmanet.org\\\/es\\\/ifma-es\\\/150-misiones-fma\\\/el-corazon-misionero-de-santa-maria-troncatti\\\/\",\"url\":\"https:\\\/\\\/www.cgfmanet.org\\\/es\\\/ifma-es\\\/150-misiones-fma\\\/el-corazon-misionero-de-santa-maria-troncatti\\\/\",\"name\":\"El coraz\u00f3n misionero de Santa Mar\u00eda Troncatti &#8226; Istituto Figlie di Maria Ausiliatrice\",\"isPartOf\":{\"@id\":\"https:\\\/\\\/www.cgfmanet.org\\\/es\\\/#website\"},\"primaryImageOfPage\":{\"@id\":\"https:\\\/\\\/www.cgfmanet.org\\\/es\\\/ifma-es\\\/150-misiones-fma\\\/el-corazon-misionero-de-santa-maria-troncatti\\\/#primaryimage\"},\"image\":{\"@id\":\"https:\\\/\\\/www.cgfmanet.org\\\/es\\\/ifma-es\\\/150-misiones-fma\\\/el-corazon-misionero-de-santa-maria-troncatti\\\/#primaryimage\"},\"thumbnailUrl\":\"https:\\\/\\\/www.cgfmanet.org\\\/wp-content\\\/uploads\\\/2026\\\/02\\\/Compleanno-Maria-Troncatti.jpg\",\"datePublished\":\"2026-02-15T15:32:05+00:00\",\"dateModified\":\"2026-02-21T21:14:07+00:00\",\"description\":\"El 16 de febrero de 2026 se cumple el aniversario del nacimiento de Santa Mar\u00eda Troncatti, FMA, misionera de paz y reconciliaci\u00f3n entre colonos e shuar, representada en un icono bendecido el 19 de octubre de 2025.\",\"breadcrumb\":{\"@id\":\"https:\\\/\\\/www.cgfmanet.org\\\/es\\\/ifma-es\\\/150-misiones-fma\\\/el-corazon-misionero-de-santa-maria-troncatti\\\/#breadcrumb\"},\"inLanguage\":\"es\",\"potentialAction\":[{\"@type\":\"ReadAction\",\"target\":[\"https:\\\/\\\/www.cgfmanet.org\\\/es\\\/ifma-es\\\/150-misiones-fma\\\/el-corazon-misionero-de-santa-maria-troncatti\\\/\"]}]},{\"@type\":\"ImageObject\",\"inLanguage\":\"es\",\"@id\":\"https:\\\/\\\/www.cgfmanet.org\\\/es\\\/ifma-es\\\/150-misiones-fma\\\/el-corazon-misionero-de-santa-maria-troncatti\\\/#primaryimage\",\"url\":\"https:\\\/\\\/www.cgfmanet.org\\\/wp-content\\\/uploads\\\/2026\\\/02\\\/Compleanno-Maria-Troncatti.jpg\",\"contentUrl\":\"https:\\\/\\\/www.cgfmanet.org\\\/wp-content\\\/uploads\\\/2026\\\/02\\\/Compleanno-Maria-Troncatti.jpg\",\"width\":1920,\"height\":1080},{\"@type\":\"BreadcrumbList\",\"@id\":\"https:\\\/\\\/www.cgfmanet.org\\\/es\\\/ifma-es\\\/150-misiones-fma\\\/el-corazon-misionero-de-santa-maria-troncatti\\\/#breadcrumb\",\"itemListElement\":[{\"@type\":\"ListItem\",\"position\":1,\"name\":\"Home\",\"item\":\"https:\\\/\\\/www.cgfmanet.org\\\/es\\\/\"},{\"@type\":\"ListItem\",\"position\":2,\"name\":\"El coraz\u00f3n misionero de Santa Mar\u00eda Troncatti\"}]},{\"@type\":\"WebSite\",\"@id\":\"https:\\\/\\\/www.cgfmanet.org\\\/es\\\/#website\",\"url\":\"https:\\\/\\\/www.cgfmanet.org\\\/es\\\/\",\"name\":\"Istituto Figlie di Maria Ausiliatrice\",\"description\":\"Salesiane di Don Bosco\",\"publisher\":{\"@id\":\"https:\\\/\\\/www.cgfmanet.org\\\/es\\\/#organization\"},\"potentialAction\":[{\"@type\":\"SearchAction\",\"target\":{\"@type\":\"EntryPoint\",\"urlTemplate\":\"https:\\\/\\\/www.cgfmanet.org\\\/es\\\/?s={search_term_string}\"},\"query-input\":{\"@type\":\"PropertyValueSpecification\",\"valueRequired\":true,\"valueName\":\"search_term_string\"}}],\"inLanguage\":\"es\"},{\"@type\":\"Organization\",\"@id\":\"https:\\\/\\\/www.cgfmanet.org\\\/es\\\/#organization\",\"name\":\"Istituto Figlie di Maria Ausiliatrice\",\"url\":\"https:\\\/\\\/www.cgfmanet.org\\\/es\\\/\",\"logo\":{\"@type\":\"ImageObject\",\"inLanguage\":\"es\",\"@id\":\"https:\\\/\\\/www.cgfmanet.org\\\/es\\\/#\\\/schema\\\/logo\\\/image\\\/\",\"url\":\"https:\\\/\\\/www.cgfmanet.org\\\/wp-content\\\/uploads\\\/2018\\\/10\\\/logo-fma.png\",\"contentUrl\":\"https:\\\/\\\/www.cgfmanet.org\\\/wp-content\\\/uploads\\\/2018\\\/10\\\/logo-fma.png\",\"width\":214,\"height\":55,\"caption\":\"Istituto Figlie di Maria Ausiliatrice\"},\"image\":{\"@id\":\"https:\\\/\\\/www.cgfmanet.org\\\/es\\\/#\\\/schema\\\/logo\\\/image\\\/\"},\"sameAs\":[\"https:\\\/\\\/www.facebook.com\\\/salesian.sisters.of.don.bosco\\\/\",\"https:\\\/\\\/x.com\\\/Cgfmanet_Org\",\"https:\\\/\\\/www.youtube.com\\\/channel\\\/UCmcr8yFQBV7JXeXVxyV9y5Q\"]},{\"@type\":\"Person\",\"@id\":\"https:\\\/\\\/www.cgfmanet.org\\\/es\\\/#\\\/schema\\\/person\\\/ce6473083f53ef0ef882cca23f0c8fb9\",\"name\":\"Redazione\"}]}<\/script>\n<!-- \/ Yoast SEO plugin. -->","yoast_head_json":{"title":"El coraz\u00f3n misionero de Santa Mar\u00eda Troncatti &#8226; Istituto Figlie di Maria Ausiliatrice","description":"El 16 de febrero de 2026 se cumple el aniversario del nacimiento de Santa Mar\u00eda Troncatti, FMA, misionera de paz y reconciliaci\u00f3n entre colonos e shuar, representada en un icono bendecido el 19 de octubre de 2025.","robots":{"index":"index","follow":"follow","max-snippet":"max-snippet:-1","max-image-preview":"max-image-preview:large","max-video-preview":"max-video-preview:-1"},"canonical":"https:\/\/www.cgfmanet.org\/es\/ifma-es\/150-misiones-fma\/el-corazon-misionero-de-santa-maria-troncatti\/","og_locale":"es_ES","og_type":"article","og_title":"El coraz\u00f3n misionero de Santa Mar\u00eda Troncatti &#8226; Istituto Figlie di Maria Ausiliatrice","og_description":"El 16 de febrero de 2026 se cumple el aniversario del nacimiento de Santa Mar\u00eda Troncatti, FMA, misionera de paz y reconciliaci\u00f3n entre colonos e shuar, representada en un icono bendecido el 19 de octubre de 2025.","og_url":"https:\/\/www.cgfmanet.org\/es\/ifma-es\/150-misiones-fma\/el-corazon-misionero-de-santa-maria-troncatti\/","og_site_name":"Istituto Figlie di Maria Ausiliatrice","article_publisher":"https:\/\/www.facebook.com\/salesian.sisters.of.don.bosco\/","article_published_time":"2026-02-15T15:32:05+00:00","article_modified_time":"2026-02-21T21:14:07+00:00","og_image":[{"width":1920,"height":1080,"url":"https:\/\/www.cgfmanet.org\/wp-content\/uploads\/2026\/02\/Compleanno-Maria-Troncatti.jpg","type":"image\/jpeg"}],"author":"Redazione","twitter_card":"summary_large_image","twitter_creator":"@Cgfmanet_Org","twitter_site":"@Cgfmanet_Org","twitter_misc":{"Escrito por":"Redazione","Tiempo de lectura":"7 minutos"},"schema":{"@context":"https:\/\/schema.org","@graph":[{"@type":"Article","@id":"https:\/\/www.cgfmanet.org\/es\/ifma-es\/150-misiones-fma\/el-corazon-misionero-de-santa-maria-troncatti\/#article","isPartOf":{"@id":"https:\/\/www.cgfmanet.org\/es\/ifma-es\/150-misiones-fma\/el-corazon-misionero-de-santa-maria-troncatti\/"},"author":{"name":"Redazione","@id":"https:\/\/www.cgfmanet.org\/es\/#\/schema\/person\/ce6473083f53ef0ef882cca23f0c8fb9"},"headline":"El coraz\u00f3n misionero de Santa Mar\u00eda Troncatti","datePublished":"2026-02-15T15:32:05+00:00","dateModified":"2026-02-21T21:14:07+00:00","mainEntityOfPage":{"@id":"https:\/\/www.cgfmanet.org\/es\/ifma-es\/150-misiones-fma\/el-corazon-misionero-de-santa-maria-troncatti\/"},"wordCount":1162,"commentCount":2,"publisher":{"@id":"https:\/\/www.cgfmanet.org\/es\/#organization"},"image":{"@id":"https:\/\/www.cgfmanet.org\/es\/ifma-es\/150-misiones-fma\/el-corazon-misionero-de-santa-maria-troncatti\/#primaryimage"},"thumbnailUrl":"https:\/\/www.cgfmanet.org\/wp-content\/uploads\/2026\/02\/Compleanno-Maria-Troncatti.jpg","keywords":["Maria Troncatti","Esp\u00edritu misionero","Anniversario","Preghiera","150\u00b0 Misiones FMA"],"articleSection":["150\u00b0 Misiones FMA","IFMA"],"inLanguage":"es","potentialAction":[{"@type":"CommentAction","name":"Comment","target":["https:\/\/www.cgfmanet.org\/es\/ifma-es\/150-misiones-fma\/el-corazon-misionero-de-santa-maria-troncatti\/#respond"]}]},{"@type":"WebPage","@id":"https:\/\/www.cgfmanet.org\/es\/ifma-es\/150-misiones-fma\/el-corazon-misionero-de-santa-maria-troncatti\/","url":"https:\/\/www.cgfmanet.org\/es\/ifma-es\/150-misiones-fma\/el-corazon-misionero-de-santa-maria-troncatti\/","name":"El coraz\u00f3n misionero de Santa Mar\u00eda Troncatti &#8226; Istituto Figlie di Maria Ausiliatrice","isPartOf":{"@id":"https:\/\/www.cgfmanet.org\/es\/#website"},"primaryImageOfPage":{"@id":"https:\/\/www.cgfmanet.org\/es\/ifma-es\/150-misiones-fma\/el-corazon-misionero-de-santa-maria-troncatti\/#primaryimage"},"image":{"@id":"https:\/\/www.cgfmanet.org\/es\/ifma-es\/150-misiones-fma\/el-corazon-misionero-de-santa-maria-troncatti\/#primaryimage"},"thumbnailUrl":"https:\/\/www.cgfmanet.org\/wp-content\/uploads\/2026\/02\/Compleanno-Maria-Troncatti.jpg","datePublished":"2026-02-15T15:32:05+00:00","dateModified":"2026-02-21T21:14:07+00:00","description":"El 16 de febrero de 2026 se cumple el aniversario del nacimiento de Santa Mar\u00eda Troncatti, FMA, misionera de paz y reconciliaci\u00f3n entre colonos e shuar, representada en un icono bendecido el 19 de octubre de 2025.","breadcrumb":{"@id":"https:\/\/www.cgfmanet.org\/es\/ifma-es\/150-misiones-fma\/el-corazon-misionero-de-santa-maria-troncatti\/#breadcrumb"},"inLanguage":"es","potentialAction":[{"@type":"ReadAction","target":["https:\/\/www.cgfmanet.org\/es\/ifma-es\/150-misiones-fma\/el-corazon-misionero-de-santa-maria-troncatti\/"]}]},{"@type":"ImageObject","inLanguage":"es","@id":"https:\/\/www.cgfmanet.org\/es\/ifma-es\/150-misiones-fma\/el-corazon-misionero-de-santa-maria-troncatti\/#primaryimage","url":"https:\/\/www.cgfmanet.org\/wp-content\/uploads\/2026\/02\/Compleanno-Maria-Troncatti.jpg","contentUrl":"https:\/\/www.cgfmanet.org\/wp-content\/uploads\/2026\/02\/Compleanno-Maria-Troncatti.jpg","width":1920,"height":1080},{"@type":"BreadcrumbList","@id":"https:\/\/www.cgfmanet.org\/es\/ifma-es\/150-misiones-fma\/el-corazon-misionero-de-santa-maria-troncatti\/#breadcrumb","itemListElement":[{"@type":"ListItem","position":1,"name":"Home","item":"https:\/\/www.cgfmanet.org\/es\/"},{"@type":"ListItem","position":2,"name":"El coraz\u00f3n misionero de Santa Mar\u00eda Troncatti"}]},{"@type":"WebSite","@id":"https:\/\/www.cgfmanet.org\/es\/#website","url":"https:\/\/www.cgfmanet.org\/es\/","name":"Istituto Figlie di Maria Ausiliatrice","description":"Salesiane di Don Bosco","publisher":{"@id":"https:\/\/www.cgfmanet.org\/es\/#organization"},"potentialAction":[{"@type":"SearchAction","target":{"@type":"EntryPoint","urlTemplate":"https:\/\/www.cgfmanet.org\/es\/?s={search_term_string}"},"query-input":{"@type":"PropertyValueSpecification","valueRequired":true,"valueName":"search_term_string"}}],"inLanguage":"es"},{"@type":"Organization","@id":"https:\/\/www.cgfmanet.org\/es\/#organization","name":"Istituto Figlie di Maria Ausiliatrice","url":"https:\/\/www.cgfmanet.org\/es\/","logo":{"@type":"ImageObject","inLanguage":"es","@id":"https:\/\/www.cgfmanet.org\/es\/#\/schema\/logo\/image\/","url":"https:\/\/www.cgfmanet.org\/wp-content\/uploads\/2018\/10\/logo-fma.png","contentUrl":"https:\/\/www.cgfmanet.org\/wp-content\/uploads\/2018\/10\/logo-fma.png","width":214,"height":55,"caption":"Istituto Figlie di Maria Ausiliatrice"},"image":{"@id":"https:\/\/www.cgfmanet.org\/es\/#\/schema\/logo\/image\/"},"sameAs":["https:\/\/www.facebook.com\/salesian.sisters.of.don.bosco\/","https:\/\/x.com\/Cgfmanet_Org","https:\/\/www.youtube.com\/channel\/UCmcr8yFQBV7JXeXVxyV9y5Q"]},{"@type":"Person","@id":"https:\/\/www.cgfmanet.org\/es\/#\/schema\/person\/ce6473083f53ef0ef882cca23f0c8fb9","name":"Redazione"}]}},"_links":{"self":[{"href":"https:\/\/www.cgfmanet.org\/es\/wp-json\/wp\/v2\/posts\/153247","targetHints":{"allow":["GET"]}}],"collection":[{"href":"https:\/\/www.cgfmanet.org\/es\/wp-json\/wp\/v2\/posts"}],"about":[{"href":"https:\/\/www.cgfmanet.org\/es\/wp-json\/wp\/v2\/types\/post"}],"author":[{"embeddable":true,"href":"https:\/\/www.cgfmanet.org\/es\/wp-json\/wp\/v2\/users\/21"}],"replies":[{"embeddable":true,"href":"https:\/\/www.cgfmanet.org\/es\/wp-json\/wp\/v2\/comments?post=153247"}],"version-history":[{"count":3,"href":"https:\/\/www.cgfmanet.org\/es\/wp-json\/wp\/v2\/posts\/153247\/revisions"}],"predecessor-version":[{"id":153746,"href":"https:\/\/www.cgfmanet.org\/es\/wp-json\/wp\/v2\/posts\/153247\/revisions\/153746"}],"wp:featuredmedia":[{"embeddable":true,"href":"https:\/\/www.cgfmanet.org\/es\/wp-json\/wp\/v2\/media\/153242"}],"wp:attachment":[{"href":"https:\/\/www.cgfmanet.org\/es\/wp-json\/wp\/v2\/media?parent=153247"}],"wp:term":[{"taxonomy":"category","embeddable":true,"href":"https:\/\/www.cgfmanet.org\/es\/wp-json\/wp\/v2\/categories?post=153247"},{"taxonomy":"post_tag","embeddable":true,"href":"https:\/\/www.cgfmanet.org\/es\/wp-json\/wp\/v2\/tags?post=153247"}],"curies":[{"name":"wp","href":"https:\/\/api.w.org\/{rel}","templated":true}]}}