{"id":153211,"date":"2026-02-14T19:30:59","date_gmt":"2026-02-14T18:30:59","guid":{"rendered":"https:\/\/www.cgfmanet.org\/infoesfera\/quaresima-2026\/"},"modified":"2026-02-17T17:16:31","modified_gmt":"2026-02-17T16:16:31","slug":"cuaresma-2026","status":"publish","type":"post","link":"https:\/\/www.cgfmanet.org\/es\/infoesfera\/cuaresma-2026\/","title":{"rendered":"Cuaresma 2026"},"content":{"rendered":"<p><strong>Roma (Italia).<\/strong> El 13 de febrero de 2026 se difundi\u00f3 el Mensaje del Papa Le\u00f3n XIV para la Cuaresma, que comenzar\u00e1 el 18 de marzo, Mi\u00e9rcoles de Ceniza.<\/p>\n<p><strong>\u201cEscuchar y ayunar. La Cuaresma como tiempo de conversi\u00f3n\u201d<\/strong> es el tema de este primer Mensaje del Papa Le\u00f3n, quien describe la Cuaresma como <em>\u201cel tiempo en que la Iglesia, con solicitud materna, nos invita a poner de nuevo el misterio de Dios en el centro de nuestra vida, para que nuestra fe recupere el impulso y el coraz\u00f3n no se disperse entre las inquietudes y las distracciones de cada d\u00eda\u201d<\/em>. Y como un camino de conversi\u00f3n que comienza cuando <em>\u201cnos dejamos alcanzar por la Palabra y la acogemos con docilidad de esp\u00edritu\u201d<\/em>.<\/p>\n<p>El itinerario cuaresmal se convierte entonces en <em>\u201cuna ocasi\u00f3n propicia para prestar o\u00eddo a la voz del Se\u00f1or y renovar la decisi\u00f3n de seguir a Cristo, recorriendo con \u00c9l la v\u00eda que sube a Jerusal\u00e9n, donde se cumple el misterio de su pasi\u00f3n, muerte y resurrecci\u00f3n\u201d<\/em>.<\/p>\n<p>Para acompa\u00f1ar en este itinerario, el Santo Padre llama la atenci\u00f3n sobre tres movimientos inherentes a la acogida de la Palabra de Dios:<\/p>\n<p><strong>Escuchar, para dar espacio a la Palabra.<\/strong> La disponibilidad para la escucha, dice el Papa, <em>\u201ces el primer signo con el que se manifiesta el deseo de entrar en relaci\u00f3n con el otro\u201d<\/em>. El primero en ponerse a la escucha para entrar en relaci\u00f3n con el hombre fue Dios, que escuch\u00f3 el clamor del oprimido y, revel\u00e1ndose a Mois\u00e9s en la zarza ardiente, lo involucr\u00f3 en su dise\u00f1o de salvaci\u00f3n. La escucha es, por tanto, un rasgo distintivo de Dios que, a trav\u00e9s de la liturgia, educa a una escucha m\u00e1s verdadera de la realidad, a escuchar como \u00c9l, a reconocer el clamor de la humanidad oprimida.<\/p>\n<p><strong>Ayunar, como pr\u00e1ctica concreta que dispone a acoger la Palabra.<\/strong> El ejercicio del ayuno tiene que ver \u2014concreta y metaf\u00f3ricamente\u2014 con el \u201chambre\u201d, con la necesidad de dar sustento al cuerpo, de satisfacer el apetito: <em>\u201cSirve, por tanto, para discernir y ordenar los \u2018apetitos\u2019,p ara mantener despierta el hambre y la sed de justicia, sustray\u00e9ndola de la resignaci\u00f3n, educarla para que se convierta en oraci\u00f3n y responsabilidad hacia el pr\u00f3jimo\u201d<\/em>.<\/p>\n<p>Adem\u00e1s del aspecto terrenal, citando a San Agust\u00edn, el Papa Le\u00f3n extiende el horizonte a la tensi\u00f3n entre el tiempo presente y el cumplimiento futuro. En esta perspectiva, el ayuno <em>\u201cnos permite no solo disciplinar el deseo, purificarlo y hacerlo m\u00e1s libre, sino tambi\u00e9n expandirlo, de tal modo que se dirija a Dios y se oriente a actuar en el bien\u201d<\/em>. Para que no se quede en una mera pr\u00e1ctica asc\u00e9tica, que corre el riesgo de enorgullecer el coraz\u00f3n, el ayuno requiere fe y humildad, debe nutrirse de la Palabra de Dios para radicarse en la comuni\u00f3n con el Se\u00f1or. Un estilo de vida m\u00e1s sobrio es el signo visible de este compromiso interior <em>\u201cde sustraernos, con el apoyo de la gracia, al pecado y al mal\u201d<\/em>.<\/p>\n<p>En esta l\u00ednea, la propuesta del Papa es muy concreta: seg\u00fan una expresi\u00f3n a la que ya nos tiene acostumbrados, invita a desarmar el lenguaje, \u2014renunciando a las palabras hirientes, al juicio inmediato, al hablar mal de quien est\u00e1 ausente y no puede defenderse, a las calumnias\u2014 y, para compensar, a aprender a medir las palabras y a cultivar la gentileza: <em>\u201cen familia, entre los amigos, en los lugares de trabajo, en las redes sociales, en los debates pol\u00edticos, en los medios de comunicaci\u00f3n, en las comunidades cristianas. Entonces, tantas palabras de odio dejar\u00e1n paso a palabras de esperanza y de paz\u201d<\/em>.<\/p>\n<p>Juntos es el adverbio con el que especifica la dimensi\u00f3n comunitaria de las dos acciones anteriores \u2014la escucha de la Palabra y la pr\u00e1ctica del ayuno\u2014, una dimensi\u00f3n imprescindible ya evidenciada en las Escrituras, donde es el pueblo el que se re\u00fane, escucha y practica junto el ayuno para renovar la alianza con Dios.<\/p>\n<p><em>\u201cDel mismo modo, nuestras parroquias, las familias, los grupos eclesiales y las comunidades religiosas est\u00e1n llamados a realizar en Cuaresma un camino compartido, en el cual la escucha de la Palabra de Dios, as\u00ed como del clamor de los pobres y de la tierra, se convierta en forma de la vida com\u00fan y el ayuno sostenga un arrepentimiento real\u201d<\/em>.<\/p>\n<p>El Papa Le\u00f3n concluye el Mensaje resumiendo estos conceptos en un verdadero programa, que se hace oraci\u00f3n, para vivir bien la Cuaresma: <em>\u00a0Pidamos la fuerza de un ayuno que alcance tambi\u00e9n a la lengua, para que disminuyan las palabras que hieren y crezca el espacio para la voz de los dem\u00e1s. Y compromet\u00e1monos para que nuestras comunidades se conviertan en lugares donde el grito de los que sufren encuentre acogida y la escucha genere caminos de liberaci\u00f3n, haci\u00e9ndonos m\u00e1s dispuestos y diligentes para contribuir a edificar la civilizaci\u00f3n del amor\u201d<\/em>.<\/p>\n<p><span style=\"color: #0000ff;\"><strong><a style=\"color: #0000ff;\" href=\"https:\/\/www.humandevelopment.va\/it\/news\/2026\/cuaresma-2026-mensaje-de-papa-leon-xiv.html\" target=\"_blank\" rel=\"noopener\">El Dicasterio para el Servicio del Desarrollo Humano Integral<\/a><\/strong><\/span> pone a disposici\u00f3n una infograf\u00eda, en diversos idiomas, que sintetiza el Mensaje.<\/p>\n<p><span style=\"color: #0000ff;\"><strong><a style=\"color: #0000ff;\" href=\"https:\/\/press.vatican.va\/content\/salastampa\/it\/bollettino\/pubblico\/2026\/02\/13\/0124\/00243.html#mess\" target=\"_blank\" rel=\"noopener\">Mensaje de Cuaresma 2026<\/a><\/strong><\/span><\/p>\n","protected":false},"excerpt":{"rendered":"<p>Roma (Italia). El 13 de febrero de 2026 se difundi\u00f3 el Mensaje del Papa Le\u00f3n XIV para la Cuaresma, que comenzar\u00e1 el 18 de marzo, Mi\u00e9rcoles de Ceniza. \u201cEscuchar y [&hellip;]<\/p>\n","protected":false},"author":21,"featured_media":153206,"comment_status":"open","ping_status":"closed","sticky":false,"template":"","format":"standard","meta":{"footnotes":""},"categories":[39,191],"tags":[1931,2101,2148,2491],"class_list":["post-153211","post","type-post","status-publish","format-standard","has-post-thumbnail","category-infoesfera","category-iglesia","tag-focus-es","tag-quaresima-es","tag-preghiera-es","tag-papa-leon-xiv"],"yoast_head":"<!-- This site is optimized with the Yoast SEO plugin v27.4 - https:\/\/yoast.com\/product\/yoast-seo-wordpress\/ -->\n<title>Cuaresma 2026 &#8226; Istituto Figlie di Maria Ausiliatrice<\/title>\n<meta name=\"description\" content=\"El Mensaje del Papa Le\u00f3n XIV y la infograf\u00eda propuesta por el Dicasterio para el Servicio del Desarrollo Humano Integral para la Cuaresma 2026.\" \/>\n<meta name=\"robots\" content=\"index, follow, max-snippet:-1, max-image-preview:large, max-video-preview:-1\" \/>\n<link rel=\"canonical\" href=\"https:\/\/www.cgfmanet.org\/infosfera\/quaresima-2026\/\" \/>\n<meta property=\"og:locale\" content=\"es_ES\" \/>\n<meta property=\"og:type\" content=\"article\" \/>\n<meta property=\"og:title\" content=\"Cuaresma 2026 &#8226; Istituto Figlie di Maria Ausiliatrice\" \/>\n<meta property=\"og:description\" content=\"El Mensaje del Papa Le\u00f3n XIV y la infograf\u00eda propuesta por el Dicasterio para el Servicio del Desarrollo Humano Integral para la Cuaresma 2026.\" \/>\n<meta property=\"og:url\" content=\"https:\/\/www.cgfmanet.org\/infosfera\/quaresima-2026\/\" \/>\n<meta property=\"og:site_name\" content=\"Istituto Figlie di Maria Ausiliatrice\" \/>\n<meta property=\"article:publisher\" content=\"https:\/\/www.facebook.com\/salesian.sisters.of.don.bosco\/\" \/>\n<meta property=\"article:published_time\" content=\"2026-02-14T18:30:59+00:00\" \/>\n<meta property=\"article:modified_time\" content=\"2026-02-17T16:16:31+00:00\" \/>\n<meta property=\"og:image\" content=\"https:\/\/www.cgfmanet.org\/wp-content\/uploads\/2026\/02\/Quaresima-2026.jpg\" \/>\n\t<meta property=\"og:image:width\" content=\"1200\" \/>\n\t<meta property=\"og:image:height\" content=\"800\" \/>\n\t<meta property=\"og:image:type\" content=\"image\/jpeg\" \/>\n<meta name=\"author\" content=\"Redazione\" \/>\n<meta name=\"twitter:card\" content=\"summary_large_image\" \/>\n<meta name=\"twitter:creator\" content=\"@Cgfmanet_Org\" \/>\n<meta name=\"twitter:site\" content=\"@Cgfmanet_Org\" \/>\n<meta name=\"twitter:label1\" content=\"Escrito por\" \/>\n\t<meta name=\"twitter:data1\" content=\"Redazione\" \/>\n\t<meta name=\"twitter:label2\" content=\"Tiempo de lectura\" \/>\n\t<meta name=\"twitter:data2\" content=\"5 minutos\" \/>\n<script type=\"application\/ld+json\" class=\"yoast-schema-graph\">{\"@context\":\"https:\\\/\\\/schema.org\",\"@graph\":[{\"@type\":\"Article\",\"@id\":\"https:\\\/\\\/www.cgfmanet.org\\\/infosfera\\\/quaresima-2026\\\/#article\",\"isPartOf\":{\"@id\":\"https:\\\/\\\/www.cgfmanet.org\\\/infosfera\\\/quaresima-2026\\\/\"},\"author\":{\"name\":\"Redazione\",\"@id\":\"https:\\\/\\\/www.cgfmanet.org\\\/es\\\/#\\\/schema\\\/person\\\/ce6473083f53ef0ef882cca23f0c8fb9\"},\"headline\":\"Cuaresma 2026\",\"datePublished\":\"2026-02-14T18:30:59+00:00\",\"dateModified\":\"2026-02-17T16:16:31+00:00\",\"mainEntityOfPage\":{\"@id\":\"https:\\\/\\\/www.cgfmanet.org\\\/infosfera\\\/quaresima-2026\\\/\"},\"wordCount\":889,\"commentCount\":0,\"publisher\":{\"@id\":\"https:\\\/\\\/www.cgfmanet.org\\\/es\\\/#organization\"},\"image\":{\"@id\":\"https:\\\/\\\/www.cgfmanet.org\\\/infosfera\\\/quaresima-2026\\\/#primaryimage\"},\"thumbnailUrl\":\"https:\\\/\\\/www.cgfmanet.org\\\/wp-content\\\/uploads\\\/2026\\\/02\\\/Quaresima-2026.jpg\",\"keywords\":[\"Focus\",\"Quaresima\",\"Preghiera\",\"Papa Le\u00f3n XIV\"],\"articleSection\":[\"Infoesfera\",\"Iglesia\"],\"inLanguage\":\"es\",\"potentialAction\":[{\"@type\":\"CommentAction\",\"name\":\"Comment\",\"target\":[\"https:\\\/\\\/www.cgfmanet.org\\\/infosfera\\\/quaresima-2026\\\/#respond\"]}]},{\"@type\":\"WebPage\",\"@id\":\"https:\\\/\\\/www.cgfmanet.org\\\/infosfera\\\/quaresima-2026\\\/\",\"url\":\"https:\\\/\\\/www.cgfmanet.org\\\/infosfera\\\/quaresima-2026\\\/\",\"name\":\"Cuaresma 2026 &#8226; Istituto Figlie di Maria Ausiliatrice\",\"isPartOf\":{\"@id\":\"https:\\\/\\\/www.cgfmanet.org\\\/es\\\/#website\"},\"primaryImageOfPage\":{\"@id\":\"https:\\\/\\\/www.cgfmanet.org\\\/infosfera\\\/quaresima-2026\\\/#primaryimage\"},\"image\":{\"@id\":\"https:\\\/\\\/www.cgfmanet.org\\\/infosfera\\\/quaresima-2026\\\/#primaryimage\"},\"thumbnailUrl\":\"https:\\\/\\\/www.cgfmanet.org\\\/wp-content\\\/uploads\\\/2026\\\/02\\\/Quaresima-2026.jpg\",\"datePublished\":\"2026-02-14T18:30:59+00:00\",\"dateModified\":\"2026-02-17T16:16:31+00:00\",\"description\":\"El Mensaje del Papa Le\u00f3n XIV y la infograf\u00eda propuesta por el Dicasterio para el Servicio del Desarrollo Humano Integral para la Cuaresma 2026.\",\"breadcrumb\":{\"@id\":\"https:\\\/\\\/www.cgfmanet.org\\\/infosfera\\\/quaresima-2026\\\/#breadcrumb\"},\"inLanguage\":\"es\",\"potentialAction\":[{\"@type\":\"ReadAction\",\"target\":[\"https:\\\/\\\/www.cgfmanet.org\\\/infosfera\\\/quaresima-2026\\\/\"]}]},{\"@type\":\"ImageObject\",\"inLanguage\":\"es\",\"@id\":\"https:\\\/\\\/www.cgfmanet.org\\\/infosfera\\\/quaresima-2026\\\/#primaryimage\",\"url\":\"https:\\\/\\\/www.cgfmanet.org\\\/wp-content\\\/uploads\\\/2026\\\/02\\\/Quaresima-2026.jpg\",\"contentUrl\":\"https:\\\/\\\/www.cgfmanet.org\\\/wp-content\\\/uploads\\\/2026\\\/02\\\/Quaresima-2026.jpg\",\"width\":1200,\"height\":800},{\"@type\":\"BreadcrumbList\",\"@id\":\"https:\\\/\\\/www.cgfmanet.org\\\/infosfera\\\/quaresima-2026\\\/#breadcrumb\",\"itemListElement\":[{\"@type\":\"ListItem\",\"position\":1,\"name\":\"Home\",\"item\":\"https:\\\/\\\/www.cgfmanet.org\\\/es\\\/\"},{\"@type\":\"ListItem\",\"position\":2,\"name\":\"Cuaresma 2026\"}]},{\"@type\":\"WebSite\",\"@id\":\"https:\\\/\\\/www.cgfmanet.org\\\/es\\\/#website\",\"url\":\"https:\\\/\\\/www.cgfmanet.org\\\/es\\\/\",\"name\":\"Istituto Figlie di Maria Ausiliatrice\",\"description\":\"Salesiane di Don Bosco\",\"publisher\":{\"@id\":\"https:\\\/\\\/www.cgfmanet.org\\\/es\\\/#organization\"},\"potentialAction\":[{\"@type\":\"SearchAction\",\"target\":{\"@type\":\"EntryPoint\",\"urlTemplate\":\"https:\\\/\\\/www.cgfmanet.org\\\/es\\\/?s={search_term_string}\"},\"query-input\":{\"@type\":\"PropertyValueSpecification\",\"valueRequired\":true,\"valueName\":\"search_term_string\"}}],\"inLanguage\":\"es\"},{\"@type\":\"Organization\",\"@id\":\"https:\\\/\\\/www.cgfmanet.org\\\/es\\\/#organization\",\"name\":\"Istituto Figlie di Maria Ausiliatrice\",\"url\":\"https:\\\/\\\/www.cgfmanet.org\\\/es\\\/\",\"logo\":{\"@type\":\"ImageObject\",\"inLanguage\":\"es\",\"@id\":\"https:\\\/\\\/www.cgfmanet.org\\\/es\\\/#\\\/schema\\\/logo\\\/image\\\/\",\"url\":\"https:\\\/\\\/www.cgfmanet.org\\\/wp-content\\\/uploads\\\/2018\\\/10\\\/logo-fma.png\",\"contentUrl\":\"https:\\\/\\\/www.cgfmanet.org\\\/wp-content\\\/uploads\\\/2018\\\/10\\\/logo-fma.png\",\"width\":214,\"height\":55,\"caption\":\"Istituto Figlie di Maria Ausiliatrice\"},\"image\":{\"@id\":\"https:\\\/\\\/www.cgfmanet.org\\\/es\\\/#\\\/schema\\\/logo\\\/image\\\/\"},\"sameAs\":[\"https:\\\/\\\/www.facebook.com\\\/salesian.sisters.of.don.bosco\\\/\",\"https:\\\/\\\/x.com\\\/Cgfmanet_Org\",\"https:\\\/\\\/www.youtube.com\\\/channel\\\/UCmcr8yFQBV7JXeXVxyV9y5Q\"]},{\"@type\":\"Person\",\"@id\":\"https:\\\/\\\/www.cgfmanet.org\\\/es\\\/#\\\/schema\\\/person\\\/ce6473083f53ef0ef882cca23f0c8fb9\",\"name\":\"Redazione\"}]}<\/script>\n<!-- \/ Yoast SEO plugin. -->","yoast_head_json":{"title":"Cuaresma 2026 &#8226; Istituto Figlie di Maria Ausiliatrice","description":"El Mensaje del Papa Le\u00f3n XIV y la infograf\u00eda propuesta por el Dicasterio para el Servicio del Desarrollo Humano Integral para la Cuaresma 2026.","robots":{"index":"index","follow":"follow","max-snippet":"max-snippet:-1","max-image-preview":"max-image-preview:large","max-video-preview":"max-video-preview:-1"},"canonical":"https:\/\/www.cgfmanet.org\/infosfera\/quaresima-2026\/","og_locale":"es_ES","og_type":"article","og_title":"Cuaresma 2026 &#8226; Istituto Figlie di Maria Ausiliatrice","og_description":"El Mensaje del Papa Le\u00f3n XIV y la infograf\u00eda propuesta por el Dicasterio para el Servicio del Desarrollo Humano Integral para la Cuaresma 2026.","og_url":"https:\/\/www.cgfmanet.org\/infosfera\/quaresima-2026\/","og_site_name":"Istituto Figlie di Maria Ausiliatrice","article_publisher":"https:\/\/www.facebook.com\/salesian.sisters.of.don.bosco\/","article_published_time":"2026-02-14T18:30:59+00:00","article_modified_time":"2026-02-17T16:16:31+00:00","og_image":[{"width":1200,"height":800,"url":"https:\/\/www.cgfmanet.org\/wp-content\/uploads\/2026\/02\/Quaresima-2026.jpg","type":"image\/jpeg"}],"author":"Redazione","twitter_card":"summary_large_image","twitter_creator":"@Cgfmanet_Org","twitter_site":"@Cgfmanet_Org","twitter_misc":{"Escrito por":"Redazione","Tiempo de lectura":"5 minutos"},"schema":{"@context":"https:\/\/schema.org","@graph":[{"@type":"Article","@id":"https:\/\/www.cgfmanet.org\/infosfera\/quaresima-2026\/#article","isPartOf":{"@id":"https:\/\/www.cgfmanet.org\/infosfera\/quaresima-2026\/"},"author":{"name":"Redazione","@id":"https:\/\/www.cgfmanet.org\/es\/#\/schema\/person\/ce6473083f53ef0ef882cca23f0c8fb9"},"headline":"Cuaresma 2026","datePublished":"2026-02-14T18:30:59+00:00","dateModified":"2026-02-17T16:16:31+00:00","mainEntityOfPage":{"@id":"https:\/\/www.cgfmanet.org\/infosfera\/quaresima-2026\/"},"wordCount":889,"commentCount":0,"publisher":{"@id":"https:\/\/www.cgfmanet.org\/es\/#organization"},"image":{"@id":"https:\/\/www.cgfmanet.org\/infosfera\/quaresima-2026\/#primaryimage"},"thumbnailUrl":"https:\/\/www.cgfmanet.org\/wp-content\/uploads\/2026\/02\/Quaresima-2026.jpg","keywords":["Focus","Quaresima","Preghiera","Papa Le\u00f3n XIV"],"articleSection":["Infoesfera","Iglesia"],"inLanguage":"es","potentialAction":[{"@type":"CommentAction","name":"Comment","target":["https:\/\/www.cgfmanet.org\/infosfera\/quaresima-2026\/#respond"]}]},{"@type":"WebPage","@id":"https:\/\/www.cgfmanet.org\/infosfera\/quaresima-2026\/","url":"https:\/\/www.cgfmanet.org\/infosfera\/quaresima-2026\/","name":"Cuaresma 2026 &#8226; Istituto Figlie di Maria Ausiliatrice","isPartOf":{"@id":"https:\/\/www.cgfmanet.org\/es\/#website"},"primaryImageOfPage":{"@id":"https:\/\/www.cgfmanet.org\/infosfera\/quaresima-2026\/#primaryimage"},"image":{"@id":"https:\/\/www.cgfmanet.org\/infosfera\/quaresima-2026\/#primaryimage"},"thumbnailUrl":"https:\/\/www.cgfmanet.org\/wp-content\/uploads\/2026\/02\/Quaresima-2026.jpg","datePublished":"2026-02-14T18:30:59+00:00","dateModified":"2026-02-17T16:16:31+00:00","description":"El Mensaje del Papa Le\u00f3n XIV y la infograf\u00eda propuesta por el Dicasterio para el Servicio del Desarrollo Humano Integral para la Cuaresma 2026.","breadcrumb":{"@id":"https:\/\/www.cgfmanet.org\/infosfera\/quaresima-2026\/#breadcrumb"},"inLanguage":"es","potentialAction":[{"@type":"ReadAction","target":["https:\/\/www.cgfmanet.org\/infosfera\/quaresima-2026\/"]}]},{"@type":"ImageObject","inLanguage":"es","@id":"https:\/\/www.cgfmanet.org\/infosfera\/quaresima-2026\/#primaryimage","url":"https:\/\/www.cgfmanet.org\/wp-content\/uploads\/2026\/02\/Quaresima-2026.jpg","contentUrl":"https:\/\/www.cgfmanet.org\/wp-content\/uploads\/2026\/02\/Quaresima-2026.jpg","width":1200,"height":800},{"@type":"BreadcrumbList","@id":"https:\/\/www.cgfmanet.org\/infosfera\/quaresima-2026\/#breadcrumb","itemListElement":[{"@type":"ListItem","position":1,"name":"Home","item":"https:\/\/www.cgfmanet.org\/es\/"},{"@type":"ListItem","position":2,"name":"Cuaresma 2026"}]},{"@type":"WebSite","@id":"https:\/\/www.cgfmanet.org\/es\/#website","url":"https:\/\/www.cgfmanet.org\/es\/","name":"Istituto Figlie di Maria Ausiliatrice","description":"Salesiane di Don Bosco","publisher":{"@id":"https:\/\/www.cgfmanet.org\/es\/#organization"},"potentialAction":[{"@type":"SearchAction","target":{"@type":"EntryPoint","urlTemplate":"https:\/\/www.cgfmanet.org\/es\/?s={search_term_string}"},"query-input":{"@type":"PropertyValueSpecification","valueRequired":true,"valueName":"search_term_string"}}],"inLanguage":"es"},{"@type":"Organization","@id":"https:\/\/www.cgfmanet.org\/es\/#organization","name":"Istituto Figlie di Maria Ausiliatrice","url":"https:\/\/www.cgfmanet.org\/es\/","logo":{"@type":"ImageObject","inLanguage":"es","@id":"https:\/\/www.cgfmanet.org\/es\/#\/schema\/logo\/image\/","url":"https:\/\/www.cgfmanet.org\/wp-content\/uploads\/2018\/10\/logo-fma.png","contentUrl":"https:\/\/www.cgfmanet.org\/wp-content\/uploads\/2018\/10\/logo-fma.png","width":214,"height":55,"caption":"Istituto Figlie di Maria Ausiliatrice"},"image":{"@id":"https:\/\/www.cgfmanet.org\/es\/#\/schema\/logo\/image\/"},"sameAs":["https:\/\/www.facebook.com\/salesian.sisters.of.don.bosco\/","https:\/\/x.com\/Cgfmanet_Org","https:\/\/www.youtube.com\/channel\/UCmcr8yFQBV7JXeXVxyV9y5Q"]},{"@type":"Person","@id":"https:\/\/www.cgfmanet.org\/es\/#\/schema\/person\/ce6473083f53ef0ef882cca23f0c8fb9","name":"Redazione"}]}},"_links":{"self":[{"href":"https:\/\/www.cgfmanet.org\/es\/wp-json\/wp\/v2\/posts\/153211","targetHints":{"allow":["GET"]}}],"collection":[{"href":"https:\/\/www.cgfmanet.org\/es\/wp-json\/wp\/v2\/posts"}],"about":[{"href":"https:\/\/www.cgfmanet.org\/es\/wp-json\/wp\/v2\/types\/post"}],"author":[{"embeddable":true,"href":"https:\/\/www.cgfmanet.org\/es\/wp-json\/wp\/v2\/users\/21"}],"replies":[{"embeddable":true,"href":"https:\/\/www.cgfmanet.org\/es\/wp-json\/wp\/v2\/comments?post=153211"}],"version-history":[{"count":3,"href":"https:\/\/www.cgfmanet.org\/es\/wp-json\/wp\/v2\/posts\/153211\/revisions"}],"predecessor-version":[{"id":153369,"href":"https:\/\/www.cgfmanet.org\/es\/wp-json\/wp\/v2\/posts\/153211\/revisions\/153369"}],"wp:featuredmedia":[{"embeddable":true,"href":"https:\/\/www.cgfmanet.org\/es\/wp-json\/wp\/v2\/media\/153206"}],"wp:attachment":[{"href":"https:\/\/www.cgfmanet.org\/es\/wp-json\/wp\/v2\/media?parent=153211"}],"wp:term":[{"taxonomy":"category","embeddable":true,"href":"https:\/\/www.cgfmanet.org\/es\/wp-json\/wp\/v2\/categories?post=153211"},{"taxonomy":"post_tag","embeddable":true,"href":"https:\/\/www.cgfmanet.org\/es\/wp-json\/wp\/v2\/tags?post=153211"}],"curies":[{"name":"wp","href":"https:\/\/api.w.org\/{rel}","templated":true}]}}