{"id":153129,"date":"2026-02-10T10:41:55","date_gmt":"2026-02-10T09:41:55","guid":{"rendered":"https:\/\/www.cgfmanet.org\/infoesfera\/la-pace-comincia-con-la-dignita\/"},"modified":"2026-02-11T21:51:26","modified_gmt":"2026-02-11T20:51:26","slug":"la-paz-comienza-con-la-dignidad","status":"publish","type":"post","link":"https:\/\/www.cgfmanet.org\/es\/infoesfera\/derechos-humanos\/la-paz-comienza-con-la-dignidad\/","title":{"rendered":"La Paz comienza con la Dignidad"},"content":{"rendered":"<p><strong>Roma (Italia).<\/strong> Del 4 al 8 de febrero de 2026, periodo en el que se celebr\u00f3 la <strong><span style=\"color: #0000ff;\"><a style=\"color: #0000ff;\" href=\"https:\/\/www.cgfmanet.org\/es\/infoesfera\/jornada-mundial-de-oracion-contra-la-trata-2026\/\" target=\"_blank\" rel=\"noopener\">12\u00aa Jornada Internacional<\/a><\/span> de Oraci\u00f3n y Sensibilizaci\u00f3n contra la Trata de Personas<\/strong> bajo el tema <strong>\u201cLa paz comienza con la dignidad: un llamado global para poner fin a la trata de personas\u201d<\/strong>, se llevaron a cabo en Roma diversos eventos de sensibilizaci\u00f3n y oraci\u00f3n organizados por la red anti-trata Talitha Kum, junto con otros socios.<\/p>\n<p>Uni\u00e9ndose a miembros de diversos grupos religiosos, a los J\u00f3venes Embajadores de Talitha Kum y a otros integrantes de la Comisi\u00f3n de Justicia, Paz e Integridad de la Creaci\u00f3n (JPIC), promovida por la USG y la UISG, tambi\u00e9n <strong>sor Wismary Kharbihkhiew, del \u00c1mbito para la Pastoral Juvenil del Instituto de las Hijas de Mar\u00eda Auxiliadora<\/strong>, particip\u00f3 activamente en los eventos, poni\u00e9ndose al servicio de las operaciones de log\u00edstica.<\/p>\n<p>El programa se inaugur\u00f3 el mi\u00e9rcoles <strong>4 de febrero<\/strong> con la participaci\u00f3n en la Audiencia General con el Papa Le\u00f3n XIV, seguida de iniciativas juveniles en l\u00ednea que involucraron a participantes de todo el mundo. La jornada siguiente, <strong>5 de febrero<\/strong>, se caracteriz\u00f3 por el inicio oficial de la iniciativa con los representantes de los j\u00f3venes y con la <em>Walk for Humanity<\/em> en el \u00e1rea del Coliseo. Concluy\u00f3 con una procesi\u00f3n de antorchas y la vigilia de oraci\u00f3n ecum\u00e9nica en la Bas\u00edlica de Santa Mar\u00eda en Trastevere, animada por el JPIC e inspirada en los 5 elementos naturales \u2014agua, fuego, aire, metal y tierra\u2014 ofrecidos simb\u00f3licamente en procesi\u00f3n. Sor Abby Avelino, coordinadora de Talitha Kum y de la Jornada, afirm\u00f3:<\/p>\n<p>\u201cLa trata solo podr\u00e1 ser derrotada si oramos y trabajamos juntos para erradicar sus causas desde la ra\u00edz\u201d.<\/p>\n<p>Al reunirse en la plaza de Santa Mar\u00eda en Trastevere antes de la vigilia, los j\u00f3venes realizaron un <em>flash-mob<\/em> contra la trata, bailando al ritmo de la m\u00fasica y alzando carteles coloridos con palabras escritas en varios idiomas: esperanza, respeto, empat\u00eda, amor, libertad, solidaridad, concluyendo con el eslogan proclamado a coro: <em>\u00abStop human trafficking\u00bb<\/em>.<\/p>\n<p><strong>El 6 de febrero<\/strong>, los participantes se unieron a una Peregrinaci\u00f3n de Oraci\u00f3n online, promoviendo la reflexi\u00f3n y el esp\u00edritu de solidaridad, seguida al d\u00eda siguiente por talleres y actividades de sensibilizaci\u00f3n orientadas a educar e inspirar acciones concretas contra la trata de seres humanos.<\/p>\n<p>La semana concluy\u00f3 el <strong>domingo 8 de febrero<\/strong> con una campa\u00f1a organizada por la oficina de la UISG hasta la Plaza de San Pedro, que culmin\u00f3 con la participaci\u00f3n en el \u00c1ngelus con el Papa Le\u00f3n XIV, quien al finalizar record\u00f3 la Jornada y agradeci\u00f3 a los participantes:<\/p>\n<p>\u201cHoy, memoria de Santa Josefina Bakhita, se celebra la Jornada mundial de oraci\u00f3n y reflexi\u00f3n contra la trata de personas. Agradezco a las religiosas y a todos los que se comprometen para combatir y eliminar las actuales formas de esclavitud. Junto a ellos digo: \u00a1la paz comienza con la dignidad!\u201d.<\/p>\n<p>Para finalizar la semana, los participantes vivieron juntos la Santa Misa en la Capilla del Coro de la Bas\u00edlica de San Pedro, presidida por el Cardenal Vincent Nichols, Arzobispo em\u00e9rito de Westminster. El conjunto de iniciativas evidenci\u00f3 un fuerte compromiso colectivo en la promoci\u00f3n de la conciencia hacia la prevenci\u00f3n y en la defensa de la dignidad y protecci\u00f3n de las personas afectadas por la trata de seres humanos.<\/p>\n<p>El evento se hizo eco de la voz del <strong>Papa Le\u00f3n XIV<\/strong>, quien en su\u00a0<a href=\"https:\/\/www.vatican.va\/content\/leo-xiv\/it\/messages\/pont-messages\/2026\/documents\/20260129-messaggio-contro-tratta.html\" target=\"_blank\" rel=\"noopener\"><strong><span style=\"color: #0000ff;\">Mensagem<\/span><\/strong><\/a> renov\u00f3 la urgencia de que la Iglesia afronte y ponga fin a este \u201cgrave crimen contra la humanidad\u201d. Su mensaje interpela a todos a superar la indiferencia y a comprometerse activamente en la protecci\u00f3n de la vida y la dignidad humana.<\/p>\n<p>El Santo Padre, adem\u00e1s de resaltar la inestabilidad geopol\u00edtica y los conflictos armados que \u201ccrean un terreno f\u00e9rtil para los traficantes que explotan a las personas m\u00e1s vulnerables, especialmente a los desplazados, migrantes y refugiados\u201d, no pas\u00f3 por alto el entorno digital como terreno propicio para la trata:<\/p>\n<p>\u201cEste fen\u00f3meno es particularmente preocupante en el \u00e1mbito de la llamada \u2018esclavitud inform\u00e1tica\u2019, donde las personas son atra\u00eddas hacia esquemas fraudulentos y actividades criminales, como fraudes online y tr\u00e1fico de drogas. En estos casos, la v\u00edctima se ve obligada a asumir el papel de autor del delito, agravando sus propias heridas espirituales\u201d.<\/p>\n<p>Tanto este como otros aspectos hacen que la Jornada guarde una relaci\u00f3n especial con la visi\u00f3n y la misi\u00f3n del Instituto FMA en favor de la juventud. La paz no puede existir donde la vida de los j\u00f3venes es explotada o su dignidad negada. La verdadera paz comienza cuando cada joven es reconocido como valioso, protegido y acompa\u00f1ado. Esta convicci\u00f3n est\u00e1 en el coraz\u00f3n de la misi\u00f3n salesiana, inspirada por el Carisma de San Juan Bosco y de Santa Mar\u00eda Dominga Mazzarello, quienes dedicaron su vida al cuidado y tutela de los j\u00f3venes, especialmente de aquellos m\u00e1s vulnerables.<\/p>\n<p>La participaci\u00f3n en este evento reafirm\u00f3 el compromiso salesiano de estar al lado de los j\u00f3venes expuestos a la trata y otras formas de explotaci\u00f3n. Refuerza, adem\u00e1s, la invitaci\u00f3n a educar a los j\u00f3venes para que sean conscientes, responsables y proactivos en la promoci\u00f3n de una cultura de dignidad y paz.<\/p>\n<p>\u201cEsta experiencia ha sido al mismo tiempo enriquecedora y estimulante. Nos recuerda que los j\u00f3venes no son solo v\u00edctimas de la trata, sino tambi\u00e9n poderosos agentes de cambio cuando son guiados, empoderados y acompa\u00f1ados. Nos invita a transformar la oraci\u00f3n en acci\u00f3n y la conciencia en compromiso. Estamos llamados a seguir promoviendo entornos seguros, la educaci\u00f3n para la vida y el empoderamiento de los j\u00f3venes para que se conviertan en promotores de justicia, paz y dignidad humana\u201d, expres\u00f3 sor Wismary al t\u00e9rmino de la semana.<\/p>\n<p>Al responder al llamado global para poner fin a la trata de seres humanos, el Instituto FMA confirma su compromiso en la misi\u00f3n de caminar junto a los j\u00f3venes, defender su dignidad y construir un futuro en el que la paz comience verdaderamente por el respeto a cada persona. Como recuerda el Papa Le\u00f3n en su Mensaje:<\/p>\n<p>\u00abAnte estos graves desaf\u00edos, acudimos a la oraci\u00f3n y a la sensibilizaci\u00f3n. La oraci\u00f3n es la \u201cpeque\u00f1a llama\u201d que debemos custodiar en medio de la tormenta, pues nos da la fuerza para resistir la indiferencia ante la injusticia. La sensibilizaci\u00f3n nos permite identificar los mecanismos ocultos de explotaci\u00f3n en nuestros barrios y en los espacios digitales. En definitiva, la violencia de la trata de personas s\u00f3lo puede superarse mediante una visi\u00f3n renovada que contemple a cada individuo como a un hijo amado de Dios<em>\u201d.<\/em><\/p>\n\r\n                <style type=\"text\/css\">\r\n                    \r\n                    #tdi_1  .td-doubleSlider-2 .td-item1 {\r\n                        background: url(https:\/\/www.cgfmanet.org\/wp-content\/uploads\/2026\/02\/Eventi-Giornata-Tratta-2026_1-80x60.jpg) 0 0 no-repeat;\r\n                    }\r\n                    #tdi_1  .td-doubleSlider-2 .td-item2 {\r\n                        background: url(https:\/\/www.cgfmanet.org\/wp-content\/uploads\/2026\/02\/Eventi-Giornata-Tratta-2026_3-80x60.jpg) 0 0 no-repeat;\r\n                    }\r\n                    #tdi_1  .td-doubleSlider-2 .td-item3 {\r\n                        background: url(https:\/\/www.cgfmanet.org\/wp-content\/uploads\/2026\/02\/Eventi-Giornata-Tratta-2026_4-80x60.jpg) 0 0 no-repeat;\r\n                    }\r\n                    #tdi_1  .td-doubleSlider-2 .td-item4 {\r\n                        background: url(https:\/\/www.cgfmanet.org\/wp-content\/uploads\/2026\/02\/Eventi-Giornata-Tratta-2026_2-80x60.jpg) 0 0 no-repeat;\r\n                    }\r\n                    #tdi_1  .td-doubleSlider-2 .td-item5 {\r\n                        background: url(https:\/\/www.cgfmanet.org\/wp-content\/uploads\/2026\/02\/Eventi-Giornata-Tratta-2026_5-80x60.jpg) 0 0 no-repeat;\r\n                    }\r\n                    #tdi_1  .td-doubleSlider-2 .td-item6 {\r\n                        background: url(https:\/\/www.cgfmanet.org\/wp-content\/uploads\/2026\/02\/Eventi-Giornata-Tratta-2026_6-80x60.jpg) 0 0 no-repeat;\r\n                    }\r\n                    #tdi_1  .td-doubleSlider-2 .td-item7 {\r\n                        background: url(https:\/\/www.cgfmanet.org\/wp-content\/uploads\/2026\/02\/Eventi-Giornata-Tratta-2026_7-80x60.jpg) 0 0 no-repeat;\r\n                    }\r\n                    #tdi_1  .td-doubleSlider-2 .td-item8 {\r\n                        background: url(https:\/\/www.cgfmanet.org\/wp-content\/uploads\/2026\/02\/Eventi-Giornata-Tratta-2026_8-80x60.jpg) 0 0 no-repeat;\r\n                    }\r\n                <\/style>\r\n\r\n                <div id=\"tdi_1\" class=\"td-gallery td-slide-on-2-columns\">\r\n                    <div class=\"post_td_gallery\">\r\n                        <div class=\"td-gallery-slide-top\">\r\n                           <div class=\"td-gallery-title\"><\/div>\r\n\r\n                            <div class=\"td-gallery-controls-wrapper\">\r\n                                <div class=\"td-gallery-slide-count\"><span class=\"td-gallery-slide-item-focus\">1<\/span> de 8<\/div>\r\n                                <div class=\"td-gallery-slide-prev-next-but\">\r\n                                    <i class = \"td-icon-left doubleSliderPrevButton\"><\/i>\r\n                                    <i class = \"td-icon-right doubleSliderNextButton\"><\/i>\r\n                                <\/div>\r\n                            <\/div>\r\n                        <\/div>\r\n\r\n                        <div class = \"td-doubleSlider-1 \">\r\n                            <div class = \"td-slider\">\r\n                                \r\n                    <div class = \"td-slide-item td-item1\">\r\n                        <figure class=\"td-slide-galery-figure td-slide-popup-gallery\">\r\n                            <a class=\"slide-gallery-image-link\" href=\"https:\/\/www.cgfmanet.org\/wp-content\/uploads\/2026\/02\/Eventi-Giornata-Tratta-2026_1.jpg\" title=\"Eventi Giornata Tratta 2026_1\"  data-caption=\"\"  data-description=\"\">\r\n                                <img decoding=\"async\" data-src=\"https:\/\/www.cgfmanet.org\/wp-content\/uploads\/2026\/02\/Eventi-Giornata-Tratta-2026_1-447x420.jpg\" data-srcset=\"https:\/\/www.cgfmanet.org\/wp-content\/uploads\/2026\/02\/Eventi-Giornata-Tratta-2026_1-447x420.jpg 447w, https:\/\/www.cgfmanet.org\/wp-content\/uploads\/2026\/02\/Eventi-Giornata-Tratta-2026_1-768x722.jpg 768w, https:\/\/www.cgfmanet.org\/wp-content\/uploads\/2026\/02\/Eventi-Giornata-Tratta-2026_1-696x654.jpg 696w, https:\/\/www.cgfmanet.org\/wp-content\/uploads\/2026\/02\/Eventi-Giornata-Tratta-2026_1.jpg 1181w\" data-sizes=\"auto\" alt=\"\" src=\"data:image\/svg+xml;base64,PHN2ZyB3aWR0aD0iMSIgaGVpZ2h0PSIxIiB4bWxucz0iaHR0cDovL3d3dy53My5vcmcvMjAwMC9zdmciPjwvc3ZnPg==\" class=\"lazyload\" style=\"--smush-placeholder-width: 447px; --smush-placeholder-aspect-ratio: 447\/420;\" data-original-sizes=\"(max-width: 447px) 100vw, 447px\">\r\n                            <\/a>\r\n                            \r\n                        <\/figure>\r\n                    <\/div>\r\n                    <div class = \"td-slide-item td-item2\">\r\n                        <figure class=\"td-slide-galery-figure td-slide-popup-gallery\">\r\n                            <a class=\"slide-gallery-image-link\" href=\"https:\/\/www.cgfmanet.org\/wp-content\/uploads\/2026\/02\/Eventi-Giornata-Tratta-2026_3.jpg\" title=\"Eventi Giornata Tratta 2026_3\"  data-caption=\"\"  data-description=\"\">\r\n                                <img decoding=\"async\" data-src=\"https:\/\/www.cgfmanet.org\/wp-content\/uploads\/2026\/02\/Eventi-Giornata-Tratta-2026_3-630x420.jpg\" data-srcset=\"https:\/\/www.cgfmanet.org\/wp-content\/uploads\/2026\/02\/Eventi-Giornata-Tratta-2026_3-630x420.jpg 630w, https:\/\/www.cgfmanet.org\/wp-content\/uploads\/2026\/02\/Eventi-Giornata-Tratta-2026_3-768x512.jpg 768w, https:\/\/www.cgfmanet.org\/wp-content\/uploads\/2026\/02\/Eventi-Giornata-Tratta-2026_3-696x464.jpg 696w, https:\/\/www.cgfmanet.org\/wp-content\/uploads\/2026\/02\/Eventi-Giornata-Tratta-2026_3.jpg 1181w\" data-sizes=\"auto\" alt=\"\" src=\"data:image\/svg+xml;base64,PHN2ZyB3aWR0aD0iMSIgaGVpZ2h0PSIxIiB4bWxucz0iaHR0cDovL3d3dy53My5vcmcvMjAwMC9zdmciPjwvc3ZnPg==\" class=\"lazyload\" style=\"--smush-placeholder-width: 630px; --smush-placeholder-aspect-ratio: 630\/420;\" data-original-sizes=\"(max-width: 630px) 100vw, 630px\">\r\n                            <\/a>\r\n                            \r\n                        <\/figure>\r\n                    <\/div>\r\n                    <div class = \"td-slide-item td-item3\">\r\n                        <figure class=\"td-slide-galery-figure td-slide-popup-gallery\">\r\n                            <a class=\"slide-gallery-image-link\" href=\"https:\/\/www.cgfmanet.org\/wp-content\/uploads\/2026\/02\/Eventi-Giornata-Tratta-2026_4.jpg\" title=\"Eventi Giornata Tratta 2026_4\"  data-caption=\"\"  data-description=\"\">\r\n                                <img decoding=\"async\" data-src=\"https:\/\/www.cgfmanet.org\/wp-content\/uploads\/2026\/02\/Eventi-Giornata-Tratta-2026_4-630x420.jpg\" data-srcset=\"https:\/\/www.cgfmanet.org\/wp-content\/uploads\/2026\/02\/Eventi-Giornata-Tratta-2026_4-630x420.jpg 630w, https:\/\/www.cgfmanet.org\/wp-content\/uploads\/2026\/02\/Eventi-Giornata-Tratta-2026_4-768x512.jpg 768w, https:\/\/www.cgfmanet.org\/wp-content\/uploads\/2026\/02\/Eventi-Giornata-Tratta-2026_4-696x464.jpg 696w, https:\/\/www.cgfmanet.org\/wp-content\/uploads\/2026\/02\/Eventi-Giornata-Tratta-2026_4.jpg 1280w\" data-sizes=\"auto\" alt=\"\" src=\"data:image\/svg+xml;base64,PHN2ZyB3aWR0aD0iMSIgaGVpZ2h0PSIxIiB4bWxucz0iaHR0cDovL3d3dy53My5vcmcvMjAwMC9zdmciPjwvc3ZnPg==\" class=\"lazyload\" style=\"--smush-placeholder-width: 630px; --smush-placeholder-aspect-ratio: 630\/420;\" data-original-sizes=\"(max-width: 630px) 100vw, 630px\">\r\n                            <\/a>\r\n                            \r\n                        <\/figure>\r\n                    <\/div>\r\n                    <div class = \"td-slide-item td-item4\">\r\n                        <figure class=\"td-slide-galery-figure td-slide-popup-gallery\">\r\n                            <a class=\"slide-gallery-image-link\" href=\"https:\/\/www.cgfmanet.org\/wp-content\/uploads\/2026\/02\/Eventi-Giornata-Tratta-2026_2.jpg\" title=\"Eventi Giornata Tratta 2026_2\"  data-caption=\"\"  data-description=\"\">\r\n                                <img decoding=\"async\" data-src=\"https:\/\/www.cgfmanet.org\/wp-content\/uploads\/2026\/02\/Eventi-Giornata-Tratta-2026_2-630x420.jpg\" data-srcset=\"https:\/\/www.cgfmanet.org\/wp-content\/uploads\/2026\/02\/Eventi-Giornata-Tratta-2026_2-630x420.jpg 630w, https:\/\/www.cgfmanet.org\/wp-content\/uploads\/2026\/02\/Eventi-Giornata-Tratta-2026_2-768x512.jpg 768w, https:\/\/www.cgfmanet.org\/wp-content\/uploads\/2026\/02\/Eventi-Giornata-Tratta-2026_2-696x464.jpg 696w, https:\/\/www.cgfmanet.org\/wp-content\/uploads\/2026\/02\/Eventi-Giornata-Tratta-2026_2.jpg 1280w\" data-sizes=\"auto\" alt=\"\" src=\"data:image\/svg+xml;base64,PHN2ZyB3aWR0aD0iMSIgaGVpZ2h0PSIxIiB4bWxucz0iaHR0cDovL3d3dy53My5vcmcvMjAwMC9zdmciPjwvc3ZnPg==\" class=\"lazyload\" style=\"--smush-placeholder-width: 630px; --smush-placeholder-aspect-ratio: 630\/420;\" data-original-sizes=\"(max-width: 630px) 100vw, 630px\">\r\n                            <\/a>\r\n                            \r\n                        <\/figure>\r\n                    <\/div>\r\n                    <div class = \"td-slide-item td-item5\">\r\n                        <figure class=\"td-slide-galery-figure td-slide-popup-gallery\">\r\n                            <a class=\"slide-gallery-image-link\" href=\"https:\/\/www.cgfmanet.org\/wp-content\/uploads\/2026\/02\/Eventi-Giornata-Tratta-2026_5.jpg\" title=\"Eventi Giornata Tratta 2026_5\"  data-caption=\"\"  data-description=\"\">\r\n                                <img decoding=\"async\" data-src=\"https:\/\/www.cgfmanet.org\/wp-content\/uploads\/2026\/02\/Eventi-Giornata-Tratta-2026_5-679x420.jpg\" data-srcset=\"https:\/\/www.cgfmanet.org\/wp-content\/uploads\/2026\/02\/Eventi-Giornata-Tratta-2026_5-679x420.jpg 679w, https:\/\/www.cgfmanet.org\/wp-content\/uploads\/2026\/02\/Eventi-Giornata-Tratta-2026_5-768x475.jpg 768w, https:\/\/www.cgfmanet.org\/wp-content\/uploads\/2026\/02\/Eventi-Giornata-Tratta-2026_5-696x430.jpg 696w, https:\/\/www.cgfmanet.org\/wp-content\/uploads\/2026\/02\/Eventi-Giornata-Tratta-2026_5.jpg 1182w\" data-sizes=\"auto\" alt=\"\" src=\"data:image\/svg+xml;base64,PHN2ZyB3aWR0aD0iMSIgaGVpZ2h0PSIxIiB4bWxucz0iaHR0cDovL3d3dy53My5vcmcvMjAwMC9zdmciPjwvc3ZnPg==\" class=\"lazyload\" style=\"--smush-placeholder-width: 679px; --smush-placeholder-aspect-ratio: 679\/420;\" data-original-sizes=\"(max-width: 679px) 100vw, 679px\">\r\n                            <\/a>\r\n                            \r\n                        <\/figure>\r\n                    <\/div>\r\n                    <div class = \"td-slide-item td-item6\">\r\n                        <figure class=\"td-slide-galery-figure td-slide-popup-gallery\">\r\n                            <a class=\"slide-gallery-image-link\" href=\"https:\/\/www.cgfmanet.org\/wp-content\/uploads\/2026\/02\/Eventi-Giornata-Tratta-2026_6.jpg\" title=\"Eventi Giornata Tratta 2026_6\"  data-caption=\"\"  data-description=\"\">\r\n                                <img decoding=\"async\" data-src=\"https:\/\/www.cgfmanet.org\/wp-content\/uploads\/2026\/02\/Eventi-Giornata-Tratta-2026_6-630x420.jpg\" data-srcset=\"https:\/\/www.cgfmanet.org\/wp-content\/uploads\/2026\/02\/Eventi-Giornata-Tratta-2026_6-630x420.jpg 630w, https:\/\/www.cgfmanet.org\/wp-content\/uploads\/2026\/02\/Eventi-Giornata-Tratta-2026_6-768x512.jpg 768w, https:\/\/www.cgfmanet.org\/wp-content\/uploads\/2026\/02\/Eventi-Giornata-Tratta-2026_6-696x464.jpg 696w, https:\/\/www.cgfmanet.org\/wp-content\/uploads\/2026\/02\/Eventi-Giornata-Tratta-2026_6.jpg 1280w\" data-sizes=\"auto\" alt=\"\" src=\"data:image\/svg+xml;base64,PHN2ZyB3aWR0aD0iMSIgaGVpZ2h0PSIxIiB4bWxucz0iaHR0cDovL3d3dy53My5vcmcvMjAwMC9zdmciPjwvc3ZnPg==\" class=\"lazyload\" style=\"--smush-placeholder-width: 630px; --smush-placeholder-aspect-ratio: 630\/420;\" data-original-sizes=\"(max-width: 630px) 100vw, 630px\">\r\n                            <\/a>\r\n                            \r\n                        <\/figure>\r\n                    <\/div>\r\n                    <div class = \"td-slide-item td-item7\">\r\n                        <figure class=\"td-slide-galery-figure td-slide-popup-gallery\">\r\n                            <a class=\"slide-gallery-image-link\" href=\"https:\/\/www.cgfmanet.org\/wp-content\/uploads\/2026\/02\/Eventi-Giornata-Tratta-2026_7.jpg\" title=\"Eventi Giornata Tratta 2026_7\"  data-caption=\"\"  data-description=\"\">\r\n                                <img decoding=\"async\" data-src=\"https:\/\/www.cgfmanet.org\/wp-content\/uploads\/2026\/02\/Eventi-Giornata-Tratta-2026_7-630x420.jpg\" data-srcset=\"https:\/\/www.cgfmanet.org\/wp-content\/uploads\/2026\/02\/Eventi-Giornata-Tratta-2026_7-630x420.jpg 630w, https:\/\/www.cgfmanet.org\/wp-content\/uploads\/2026\/02\/Eventi-Giornata-Tratta-2026_7-768x512.jpg 768w, https:\/\/www.cgfmanet.org\/wp-content\/uploads\/2026\/02\/Eventi-Giornata-Tratta-2026_7-696x464.jpg 696w, https:\/\/www.cgfmanet.org\/wp-content\/uploads\/2026\/02\/Eventi-Giornata-Tratta-2026_7.jpg 1280w\" data-sizes=\"auto\" alt=\"\" src=\"data:image\/svg+xml;base64,PHN2ZyB3aWR0aD0iMSIgaGVpZ2h0PSIxIiB4bWxucz0iaHR0cDovL3d3dy53My5vcmcvMjAwMC9zdmciPjwvc3ZnPg==\" class=\"lazyload\" style=\"--smush-placeholder-width: 630px; --smush-placeholder-aspect-ratio: 630\/420;\" data-original-sizes=\"(max-width: 630px) 100vw, 630px\">\r\n                            <\/a>\r\n                            \r\n                        <\/figure>\r\n                    <\/div>\r\n                    <div class = \"td-slide-item td-item8\">\r\n                        <figure class=\"td-slide-galery-figure td-slide-popup-gallery\">\r\n                            <a class=\"slide-gallery-image-link\" href=\"https:\/\/www.cgfmanet.org\/wp-content\/uploads\/2026\/02\/Eventi-Giornata-Tratta-2026_8.jpg\" title=\"Eventi Giornata Tratta 2026_8\"  data-caption=\"\"  data-description=\"\">\r\n                                <img decoding=\"async\" data-src=\"https:\/\/www.cgfmanet.org\/wp-content\/uploads\/2026\/02\/Eventi-Giornata-Tratta-2026_8-630x420.jpg\" data-srcset=\"https:\/\/www.cgfmanet.org\/wp-content\/uploads\/2026\/02\/Eventi-Giornata-Tratta-2026_8-630x420.jpg 630w, https:\/\/www.cgfmanet.org\/wp-content\/uploads\/2026\/02\/Eventi-Giornata-Tratta-2026_8-768x512.jpg 768w, https:\/\/www.cgfmanet.org\/wp-content\/uploads\/2026\/02\/Eventi-Giornata-Tratta-2026_8-696x464.jpg 696w, https:\/\/www.cgfmanet.org\/wp-content\/uploads\/2026\/02\/Eventi-Giornata-Tratta-2026_8.jpg 1280w\" data-sizes=\"auto\" alt=\"\" src=\"data:image\/svg+xml;base64,PHN2ZyB3aWR0aD0iMSIgaGVpZ2h0PSIxIiB4bWxucz0iaHR0cDovL3d3dy53My5vcmcvMjAwMC9zdmciPjwvc3ZnPg==\" class=\"lazyload\" style=\"--smush-placeholder-width: 630px; --smush-placeholder-aspect-ratio: 630\/420;\" data-original-sizes=\"(max-width: 630px) 100vw, 630px\">\r\n                            <\/a>\r\n                            \r\n                        <\/figure>\r\n                    <\/div>\r\n                            <\/div>\r\n                        <\/div>\r\n\r\n                        <div class = \"td-doubleSlider-2\">\r\n                            <div class = \"td-slider\">\r\n                                \r\n                    <div class = \"td-button td-item1\">\r\n                        <div class = \"td-border\"><\/div>\r\n                    <\/div>\r\n                    <div class = \"td-button td-item2\">\r\n                        <div class = \"td-border\"><\/div>\r\n                    <\/div>\r\n                    <div class = \"td-button td-item3\">\r\n                        <div class = \"td-border\"><\/div>\r\n                    <\/div>\r\n                    <div class = \"td-button td-item4\">\r\n                        <div class = \"td-border\"><\/div>\r\n                    <\/div>\r\n                    <div class = \"td-button td-item5\">\r\n                        <div class = \"td-border\"><\/div>\r\n                    <\/div>\r\n                    <div class = \"td-button td-item6\">\r\n                        <div class = \"td-border\"><\/div>\r\n                    <\/div>\r\n                    <div class = \"td-button td-item7\">\r\n                        <div class = \"td-border\"><\/div>\r\n                    <\/div>\r\n                    <div class = \"td-button td-item8\">\r\n                        <div class = \"td-border\"><\/div>\r\n                    <\/div>\r\n                            <\/div>\r\n                        <\/div>\r\n\r\n                    <\/div>\r\n\r\n                <\/div>\r\n                \n","protected":false},"excerpt":{"rendered":"<p>Roma (Italia). Del 4 al 8 de febrero de 2026, periodo en el que se celebr\u00f3 la 12\u00aa Jornada Internacional de Oraci\u00f3n y Sensibilizaci\u00f3n contra la Trata de Personas bajo [&hellip;]<\/p>\n","protected":false},"author":21,"featured_media":153124,"comment_status":"open","ping_status":"closed","sticky":false,"template":"","format":"standard","meta":{"footnotes":""},"categories":[39,199],"tags":[1379,1538,1919,1931,1993,2148,2491],"class_list":["post-153129","post","type-post","status-publish","format-standard","has-post-thumbnail","category-infoesfera","category-derechos-humanos","tag-promocion-de-la-mujer","tag-pastoral-juvenil","tag-uisg-es","tag-focus-es","tag-solidarieta-es","tag-preghiera-es","tag-papa-leon-xiv"],"yoast_head":"<!-- This site is optimized with the Yoast SEO plugin v27.4 - https:\/\/yoast.com\/product\/yoast-seo-wordpress\/ -->\n<title>La Paz comienza con la Dignidad &#8226; Istituto Figlie di Maria Ausiliatrice<\/title>\n<meta name=\"description\" content=\"La participaci\u00f3n del \u00c1mbito para la Pastoral Juvenil del Instituto FMA en los eventos organizados por Talitha Kum para la 12\u00aa Jornada Internacional de Oraci\u00f3n y Sensibilizaci\u00f3n contra la Trata de Personas.\" \/>\n<meta name=\"robots\" content=\"index, follow, max-snippet:-1, max-image-preview:large, max-video-preview:-1\" \/>\n<link rel=\"canonical\" href=\"https:\/\/www.cgfmanet.org\/es\/infoesfera\/derechos-humanos\/la-paz-comienza-con-la-dignidad\/\" \/>\n<meta property=\"og:locale\" content=\"es_ES\" \/>\n<meta property=\"og:type\" content=\"article\" \/>\n<meta property=\"og:title\" content=\"La Paz comienza con la Dignidad &#8226; Istituto Figlie di Maria Ausiliatrice\" \/>\n<meta property=\"og:description\" content=\"La participaci\u00f3n del \u00c1mbito para la Pastoral Juvenil del Instituto FMA en los eventos organizados por Talitha Kum para la 12\u00aa Jornada Internacional de Oraci\u00f3n y Sensibilizaci\u00f3n contra la Trata de Personas.\" \/>\n<meta property=\"og:url\" content=\"https:\/\/www.cgfmanet.org\/es\/infoesfera\/derechos-humanos\/la-paz-comienza-con-la-dignidad\/\" \/>\n<meta property=\"og:site_name\" content=\"Istituto Figlie di Maria Ausiliatrice\" \/>\n<meta property=\"article:publisher\" content=\"https:\/\/www.facebook.com\/salesian.sisters.of.don.bosco\/\" \/>\n<meta property=\"article:published_time\" content=\"2026-02-10T09:41:55+00:00\" \/>\n<meta property=\"article:modified_time\" content=\"2026-02-11T20:51:26+00:00\" \/>\n<meta property=\"og:image\" content=\"https:\/\/www.cgfmanet.org\/wp-content\/uploads\/2026\/02\/Eventi-Giornata-Tratta-2026.jpg\" \/>\n\t<meta property=\"og:image:width\" content=\"1280\" \/>\n\t<meta property=\"og:image:height\" content=\"853\" \/>\n\t<meta property=\"og:image:type\" content=\"image\/jpeg\" \/>\n<meta name=\"author\" content=\"Redazione\" \/>\n<meta name=\"twitter:card\" content=\"summary_large_image\" \/>\n<meta name=\"twitter:creator\" content=\"@Cgfmanet_Org\" \/>\n<meta name=\"twitter:site\" content=\"@Cgfmanet_Org\" \/>\n<meta name=\"twitter:label1\" content=\"Escrito por\" \/>\n\t<meta name=\"twitter:data1\" content=\"Redazione\" \/>\n\t<meta name=\"twitter:label2\" content=\"Tiempo de lectura\" \/>\n\t<meta name=\"twitter:data2\" content=\"6 minutos\" \/>\n<script type=\"application\/ld+json\" class=\"yoast-schema-graph\">{\"@context\":\"https:\\\/\\\/schema.org\",\"@graph\":[{\"@type\":\"Article\",\"@id\":\"https:\\\/\\\/www.cgfmanet.org\\\/es\\\/infoesfera\\\/derechos-humanos\\\/la-paz-comienza-con-la-dignidad\\\/#article\",\"isPartOf\":{\"@id\":\"https:\\\/\\\/www.cgfmanet.org\\\/es\\\/infoesfera\\\/derechos-humanos\\\/la-paz-comienza-con-la-dignidad\\\/\"},\"author\":{\"name\":\"Redazione\",\"@id\":\"https:\\\/\\\/www.cgfmanet.org\\\/es\\\/#\\\/schema\\\/person\\\/ce6473083f53ef0ef882cca23f0c8fb9\"},\"headline\":\"La Paz comienza con la Dignidad\",\"datePublished\":\"2026-02-10T09:41:55+00:00\",\"dateModified\":\"2026-02-11T20:51:26+00:00\",\"mainEntityOfPage\":{\"@id\":\"https:\\\/\\\/www.cgfmanet.org\\\/es\\\/infoesfera\\\/derechos-humanos\\\/la-paz-comienza-con-la-dignidad\\\/\"},\"wordCount\":1178,\"commentCount\":0,\"publisher\":{\"@id\":\"https:\\\/\\\/www.cgfmanet.org\\\/es\\\/#organization\"},\"image\":{\"@id\":\"https:\\\/\\\/www.cgfmanet.org\\\/es\\\/infoesfera\\\/derechos-humanos\\\/la-paz-comienza-con-la-dignidad\\\/#primaryimage\"},\"thumbnailUrl\":\"https:\\\/\\\/www.cgfmanet.org\\\/wp-content\\\/uploads\\\/2026\\\/02\\\/Eventi-Giornata-Tratta-2026.jpg\",\"keywords\":[\"Promoci\u00f3n de la mujer\",\"Pastoral Juvenil\",\"UISG\",\"Focus\",\"Solidariet\u00e0\",\"Preghiera\",\"Papa Le\u00f3n XIV\"],\"articleSection\":[\"Infoesfera\",\"Derechos Humanos\"],\"inLanguage\":\"es\",\"potentialAction\":[{\"@type\":\"CommentAction\",\"name\":\"Comment\",\"target\":[\"https:\\\/\\\/www.cgfmanet.org\\\/es\\\/infoesfera\\\/derechos-humanos\\\/la-paz-comienza-con-la-dignidad\\\/#respond\"]}]},{\"@type\":\"WebPage\",\"@id\":\"https:\\\/\\\/www.cgfmanet.org\\\/es\\\/infoesfera\\\/derechos-humanos\\\/la-paz-comienza-con-la-dignidad\\\/\",\"url\":\"https:\\\/\\\/www.cgfmanet.org\\\/es\\\/infoesfera\\\/derechos-humanos\\\/la-paz-comienza-con-la-dignidad\\\/\",\"name\":\"La Paz comienza con la Dignidad &#8226; Istituto Figlie di Maria Ausiliatrice\",\"isPartOf\":{\"@id\":\"https:\\\/\\\/www.cgfmanet.org\\\/es\\\/#website\"},\"primaryImageOfPage\":{\"@id\":\"https:\\\/\\\/www.cgfmanet.org\\\/es\\\/infoesfera\\\/derechos-humanos\\\/la-paz-comienza-con-la-dignidad\\\/#primaryimage\"},\"image\":{\"@id\":\"https:\\\/\\\/www.cgfmanet.org\\\/es\\\/infoesfera\\\/derechos-humanos\\\/la-paz-comienza-con-la-dignidad\\\/#primaryimage\"},\"thumbnailUrl\":\"https:\\\/\\\/www.cgfmanet.org\\\/wp-content\\\/uploads\\\/2026\\\/02\\\/Eventi-Giornata-Tratta-2026.jpg\",\"datePublished\":\"2026-02-10T09:41:55+00:00\",\"dateModified\":\"2026-02-11T20:51:26+00:00\",\"description\":\"La participaci\u00f3n del \u00c1mbito para la Pastoral Juvenil del Instituto FMA en los eventos organizados por Talitha Kum para la 12\u00aa Jornada Internacional de Oraci\u00f3n y Sensibilizaci\u00f3n contra la Trata de Personas.\",\"breadcrumb\":{\"@id\":\"https:\\\/\\\/www.cgfmanet.org\\\/es\\\/infoesfera\\\/derechos-humanos\\\/la-paz-comienza-con-la-dignidad\\\/#breadcrumb\"},\"inLanguage\":\"es\",\"potentialAction\":[{\"@type\":\"ReadAction\",\"target\":[\"https:\\\/\\\/www.cgfmanet.org\\\/es\\\/infoesfera\\\/derechos-humanos\\\/la-paz-comienza-con-la-dignidad\\\/\"]}]},{\"@type\":\"ImageObject\",\"inLanguage\":\"es\",\"@id\":\"https:\\\/\\\/www.cgfmanet.org\\\/es\\\/infoesfera\\\/derechos-humanos\\\/la-paz-comienza-con-la-dignidad\\\/#primaryimage\",\"url\":\"https:\\\/\\\/www.cgfmanet.org\\\/wp-content\\\/uploads\\\/2026\\\/02\\\/Eventi-Giornata-Tratta-2026.jpg\",\"contentUrl\":\"https:\\\/\\\/www.cgfmanet.org\\\/wp-content\\\/uploads\\\/2026\\\/02\\\/Eventi-Giornata-Tratta-2026.jpg\",\"width\":1280,\"height\":853},{\"@type\":\"BreadcrumbList\",\"@id\":\"https:\\\/\\\/www.cgfmanet.org\\\/es\\\/infoesfera\\\/derechos-humanos\\\/la-paz-comienza-con-la-dignidad\\\/#breadcrumb\",\"itemListElement\":[{\"@type\":\"ListItem\",\"position\":1,\"name\":\"Home\",\"item\":\"https:\\\/\\\/www.cgfmanet.org\\\/es\\\/\"},{\"@type\":\"ListItem\",\"position\":2,\"name\":\"La Paz comienza con la Dignidad\"}]},{\"@type\":\"WebSite\",\"@id\":\"https:\\\/\\\/www.cgfmanet.org\\\/es\\\/#website\",\"url\":\"https:\\\/\\\/www.cgfmanet.org\\\/es\\\/\",\"name\":\"Istituto Figlie di Maria Ausiliatrice\",\"description\":\"Salesiane di Don Bosco\",\"publisher\":{\"@id\":\"https:\\\/\\\/www.cgfmanet.org\\\/es\\\/#organization\"},\"potentialAction\":[{\"@type\":\"SearchAction\",\"target\":{\"@type\":\"EntryPoint\",\"urlTemplate\":\"https:\\\/\\\/www.cgfmanet.org\\\/es\\\/?s={search_term_string}\"},\"query-input\":{\"@type\":\"PropertyValueSpecification\",\"valueRequired\":true,\"valueName\":\"search_term_string\"}}],\"inLanguage\":\"es\"},{\"@type\":\"Organization\",\"@id\":\"https:\\\/\\\/www.cgfmanet.org\\\/es\\\/#organization\",\"name\":\"Istituto Figlie di Maria Ausiliatrice\",\"url\":\"https:\\\/\\\/www.cgfmanet.org\\\/es\\\/\",\"logo\":{\"@type\":\"ImageObject\",\"inLanguage\":\"es\",\"@id\":\"https:\\\/\\\/www.cgfmanet.org\\\/es\\\/#\\\/schema\\\/logo\\\/image\\\/\",\"url\":\"https:\\\/\\\/www.cgfmanet.org\\\/wp-content\\\/uploads\\\/2018\\\/10\\\/logo-fma.png\",\"contentUrl\":\"https:\\\/\\\/www.cgfmanet.org\\\/wp-content\\\/uploads\\\/2018\\\/10\\\/logo-fma.png\",\"width\":214,\"height\":55,\"caption\":\"Istituto Figlie di Maria Ausiliatrice\"},\"image\":{\"@id\":\"https:\\\/\\\/www.cgfmanet.org\\\/es\\\/#\\\/schema\\\/logo\\\/image\\\/\"},\"sameAs\":[\"https:\\\/\\\/www.facebook.com\\\/salesian.sisters.of.don.bosco\\\/\",\"https:\\\/\\\/x.com\\\/Cgfmanet_Org\",\"https:\\\/\\\/www.youtube.com\\\/channel\\\/UCmcr8yFQBV7JXeXVxyV9y5Q\"]},{\"@type\":\"Person\",\"@id\":\"https:\\\/\\\/www.cgfmanet.org\\\/es\\\/#\\\/schema\\\/person\\\/ce6473083f53ef0ef882cca23f0c8fb9\",\"name\":\"Redazione\"}]}<\/script>\n<!-- \/ Yoast SEO plugin. -->","yoast_head_json":{"title":"La Paz comienza con la Dignidad &#8226; Istituto Figlie di Maria Ausiliatrice","description":"La participaci\u00f3n del \u00c1mbito para la Pastoral Juvenil del Instituto FMA en los eventos organizados por Talitha Kum para la 12\u00aa Jornada Internacional de Oraci\u00f3n y Sensibilizaci\u00f3n contra la Trata de Personas.","robots":{"index":"index","follow":"follow","max-snippet":"max-snippet:-1","max-image-preview":"max-image-preview:large","max-video-preview":"max-video-preview:-1"},"canonical":"https:\/\/www.cgfmanet.org\/es\/infoesfera\/derechos-humanos\/la-paz-comienza-con-la-dignidad\/","og_locale":"es_ES","og_type":"article","og_title":"La Paz comienza con la Dignidad &#8226; Istituto Figlie di Maria Ausiliatrice","og_description":"La participaci\u00f3n del \u00c1mbito para la Pastoral Juvenil del Instituto FMA en los eventos organizados por Talitha Kum para la 12\u00aa Jornada Internacional de Oraci\u00f3n y Sensibilizaci\u00f3n contra la Trata de Personas.","og_url":"https:\/\/www.cgfmanet.org\/es\/infoesfera\/derechos-humanos\/la-paz-comienza-con-la-dignidad\/","og_site_name":"Istituto Figlie di Maria Ausiliatrice","article_publisher":"https:\/\/www.facebook.com\/salesian.sisters.of.don.bosco\/","article_published_time":"2026-02-10T09:41:55+00:00","article_modified_time":"2026-02-11T20:51:26+00:00","og_image":[{"width":1280,"height":853,"url":"https:\/\/www.cgfmanet.org\/wp-content\/uploads\/2026\/02\/Eventi-Giornata-Tratta-2026.jpg","type":"image\/jpeg"}],"author":"Redazione","twitter_card":"summary_large_image","twitter_creator":"@Cgfmanet_Org","twitter_site":"@Cgfmanet_Org","twitter_misc":{"Escrito por":"Redazione","Tiempo de lectura":"6 minutos"},"schema":{"@context":"https:\/\/schema.org","@graph":[{"@type":"Article","@id":"https:\/\/www.cgfmanet.org\/es\/infoesfera\/derechos-humanos\/la-paz-comienza-con-la-dignidad\/#article","isPartOf":{"@id":"https:\/\/www.cgfmanet.org\/es\/infoesfera\/derechos-humanos\/la-paz-comienza-con-la-dignidad\/"},"author":{"name":"Redazione","@id":"https:\/\/www.cgfmanet.org\/es\/#\/schema\/person\/ce6473083f53ef0ef882cca23f0c8fb9"},"headline":"La Paz comienza con la Dignidad","datePublished":"2026-02-10T09:41:55+00:00","dateModified":"2026-02-11T20:51:26+00:00","mainEntityOfPage":{"@id":"https:\/\/www.cgfmanet.org\/es\/infoesfera\/derechos-humanos\/la-paz-comienza-con-la-dignidad\/"},"wordCount":1178,"commentCount":0,"publisher":{"@id":"https:\/\/www.cgfmanet.org\/es\/#organization"},"image":{"@id":"https:\/\/www.cgfmanet.org\/es\/infoesfera\/derechos-humanos\/la-paz-comienza-con-la-dignidad\/#primaryimage"},"thumbnailUrl":"https:\/\/www.cgfmanet.org\/wp-content\/uploads\/2026\/02\/Eventi-Giornata-Tratta-2026.jpg","keywords":["Promoci\u00f3n de la mujer","Pastoral Juvenil","UISG","Focus","Solidariet\u00e0","Preghiera","Papa Le\u00f3n XIV"],"articleSection":["Infoesfera","Derechos Humanos"],"inLanguage":"es","potentialAction":[{"@type":"CommentAction","name":"Comment","target":["https:\/\/www.cgfmanet.org\/es\/infoesfera\/derechos-humanos\/la-paz-comienza-con-la-dignidad\/#respond"]}]},{"@type":"WebPage","@id":"https:\/\/www.cgfmanet.org\/es\/infoesfera\/derechos-humanos\/la-paz-comienza-con-la-dignidad\/","url":"https:\/\/www.cgfmanet.org\/es\/infoesfera\/derechos-humanos\/la-paz-comienza-con-la-dignidad\/","name":"La Paz comienza con la Dignidad &#8226; Istituto Figlie di Maria Ausiliatrice","isPartOf":{"@id":"https:\/\/www.cgfmanet.org\/es\/#website"},"primaryImageOfPage":{"@id":"https:\/\/www.cgfmanet.org\/es\/infoesfera\/derechos-humanos\/la-paz-comienza-con-la-dignidad\/#primaryimage"},"image":{"@id":"https:\/\/www.cgfmanet.org\/es\/infoesfera\/derechos-humanos\/la-paz-comienza-con-la-dignidad\/#primaryimage"},"thumbnailUrl":"https:\/\/www.cgfmanet.org\/wp-content\/uploads\/2026\/02\/Eventi-Giornata-Tratta-2026.jpg","datePublished":"2026-02-10T09:41:55+00:00","dateModified":"2026-02-11T20:51:26+00:00","description":"La participaci\u00f3n del \u00c1mbito para la Pastoral Juvenil del Instituto FMA en los eventos organizados por Talitha Kum para la 12\u00aa Jornada Internacional de Oraci\u00f3n y Sensibilizaci\u00f3n contra la Trata de Personas.","breadcrumb":{"@id":"https:\/\/www.cgfmanet.org\/es\/infoesfera\/derechos-humanos\/la-paz-comienza-con-la-dignidad\/#breadcrumb"},"inLanguage":"es","potentialAction":[{"@type":"ReadAction","target":["https:\/\/www.cgfmanet.org\/es\/infoesfera\/derechos-humanos\/la-paz-comienza-con-la-dignidad\/"]}]},{"@type":"ImageObject","inLanguage":"es","@id":"https:\/\/www.cgfmanet.org\/es\/infoesfera\/derechos-humanos\/la-paz-comienza-con-la-dignidad\/#primaryimage","url":"https:\/\/www.cgfmanet.org\/wp-content\/uploads\/2026\/02\/Eventi-Giornata-Tratta-2026.jpg","contentUrl":"https:\/\/www.cgfmanet.org\/wp-content\/uploads\/2026\/02\/Eventi-Giornata-Tratta-2026.jpg","width":1280,"height":853},{"@type":"BreadcrumbList","@id":"https:\/\/www.cgfmanet.org\/es\/infoesfera\/derechos-humanos\/la-paz-comienza-con-la-dignidad\/#breadcrumb","itemListElement":[{"@type":"ListItem","position":1,"name":"Home","item":"https:\/\/www.cgfmanet.org\/es\/"},{"@type":"ListItem","position":2,"name":"La Paz comienza con la Dignidad"}]},{"@type":"WebSite","@id":"https:\/\/www.cgfmanet.org\/es\/#website","url":"https:\/\/www.cgfmanet.org\/es\/","name":"Istituto Figlie di Maria Ausiliatrice","description":"Salesiane di Don Bosco","publisher":{"@id":"https:\/\/www.cgfmanet.org\/es\/#organization"},"potentialAction":[{"@type":"SearchAction","target":{"@type":"EntryPoint","urlTemplate":"https:\/\/www.cgfmanet.org\/es\/?s={search_term_string}"},"query-input":{"@type":"PropertyValueSpecification","valueRequired":true,"valueName":"search_term_string"}}],"inLanguage":"es"},{"@type":"Organization","@id":"https:\/\/www.cgfmanet.org\/es\/#organization","name":"Istituto Figlie di Maria Ausiliatrice","url":"https:\/\/www.cgfmanet.org\/es\/","logo":{"@type":"ImageObject","inLanguage":"es","@id":"https:\/\/www.cgfmanet.org\/es\/#\/schema\/logo\/image\/","url":"https:\/\/www.cgfmanet.org\/wp-content\/uploads\/2018\/10\/logo-fma.png","contentUrl":"https:\/\/www.cgfmanet.org\/wp-content\/uploads\/2018\/10\/logo-fma.png","width":214,"height":55,"caption":"Istituto Figlie di Maria Ausiliatrice"},"image":{"@id":"https:\/\/www.cgfmanet.org\/es\/#\/schema\/logo\/image\/"},"sameAs":["https:\/\/www.facebook.com\/salesian.sisters.of.don.bosco\/","https:\/\/x.com\/Cgfmanet_Org","https:\/\/www.youtube.com\/channel\/UCmcr8yFQBV7JXeXVxyV9y5Q"]},{"@type":"Person","@id":"https:\/\/www.cgfmanet.org\/es\/#\/schema\/person\/ce6473083f53ef0ef882cca23f0c8fb9","name":"Redazione"}]}},"_links":{"self":[{"href":"https:\/\/www.cgfmanet.org\/es\/wp-json\/wp\/v2\/posts\/153129","targetHints":{"allow":["GET"]}}],"collection":[{"href":"https:\/\/www.cgfmanet.org\/es\/wp-json\/wp\/v2\/posts"}],"about":[{"href":"https:\/\/www.cgfmanet.org\/es\/wp-json\/wp\/v2\/types\/post"}],"author":[{"embeddable":true,"href":"https:\/\/www.cgfmanet.org\/es\/wp-json\/wp\/v2\/users\/21"}],"replies":[{"embeddable":true,"href":"https:\/\/www.cgfmanet.org\/es\/wp-json\/wp\/v2\/comments?post=153129"}],"version-history":[{"count":2,"href":"https:\/\/www.cgfmanet.org\/es\/wp-json\/wp\/v2\/posts\/153129\/revisions"}],"predecessor-version":[{"id":153156,"href":"https:\/\/www.cgfmanet.org\/es\/wp-json\/wp\/v2\/posts\/153129\/revisions\/153156"}],"wp:featuredmedia":[{"embeddable":true,"href":"https:\/\/www.cgfmanet.org\/es\/wp-json\/wp\/v2\/media\/153124"}],"wp:attachment":[{"href":"https:\/\/www.cgfmanet.org\/es\/wp-json\/wp\/v2\/media?parent=153129"}],"wp:term":[{"taxonomy":"category","embeddable":true,"href":"https:\/\/www.cgfmanet.org\/es\/wp-json\/wp\/v2\/categories?post=153129"},{"taxonomy":"post_tag","embeddable":true,"href":"https:\/\/www.cgfmanet.org\/es\/wp-json\/wp\/v2\/tags?post=153129"}],"curies":[{"name":"wp","href":"https:\/\/api.w.org\/{rel}","templated":true}]}}