{"id":152606,"date":"2026-02-04T21:27:43","date_gmt":"2026-02-04T20:27:43","guid":{"rendered":"https:\/\/www.cgfmanet.org\/infoesfera\/san-john-henry-newman-si-celebrera-il-9-ottobre\/"},"modified":"2026-02-07T22:34:25","modified_gmt":"2026-02-07T21:34:25","slug":"san-john-henry-newman-se-celebrara-el-9-de-octubre","status":"publish","type":"post","link":"https:\/\/www.cgfmanet.org\/es\/infoesfera\/san-john-henry-newman-se-celebrara-el-9-de-octubre\/","title":{"rendered":"San John Henry Newman se celebrar\u00e1 el 9 de octubre"},"content":{"rendered":"<p><strong>Roma (Italia).<\/strong> Con un decreto del Dicasterio para el Culto Divino y la Disciplina de los Sacramentos, firmado por el Prefecto, el Cardenal Arthur Roche, y por el Secretario, el Arzobispo Vittorio Viola, el 9 de noviembre de 2025, Fiesta de la Dedicaci\u00f3n de la Bas\u00edlica de Letr\u00e1n, y publicado el 3 de febrero de 2026, se ha establecido que <strong>la memoria libre de San John Henry Newman se celebre el 9 de octubre.<\/strong> Esta fecha representa el d\u00eda de la conversi\u00f3n de Newman, pastor anglicano que se hab\u00eda pasado al catolicismo en 1845.<\/p>\n<p><strong>John Henry Newman<\/strong> (1801-1890) fue beatificado el 19 de septiembre de 2010 por el Papa Benedicto XVI, canonizado en 2019 por el Papa Francisco y proclamado por el Papa Le\u00f3n XIV Doctor de la Iglesia el 1 de noviembre de 2025, en la Solemnidad de Todos los Santos y Jubileo del mundo educativo, ocasi\u00f3n en la que el Papa tambi\u00e9n lo proclam\u00f3 \u201ccopatrono, junto a san Tom\u00e1s de Aquino, de todos los sujetos que participan en el proceso educativo\u201d.<\/p>\n<p><span style=\"color: #0000ff;\"><a style=\"color: #0000ff;\" href=\"https:\/\/press.vatican.va\/content\/salastampa\/it\/bollettino\/pubblico\/2026\/02\/03\/0095\/00182.html#encom\" target=\"_blank\" rel=\"noopener\"><strong>En el Decreto<\/strong><\/a><\/span> se leen las motivaciones por las cuales viene inscrito en el Calendario Romano General:<\/p>\n<p><em>La luz gentil de la gracia de Dios, que vino a este mundo para iluminar a las gentes (cf. Lc 2, 32), condujo a Juan Enrique Newman a encontrar la paz en la Iglesia cat\u00f3lica y hasta tal punto le dio fuerza que pudo decir: \u00abDios me ha creado para rendirle un servicio preciso. Yo tengo una parte en esta gran obra; soy un eslab\u00f3n de una cadena, un v\u00ednculo de conexi\u00f3n entre las personas. \u00c9l no me ha creado para nada\u00bb. Durante su larga vida, el cardenal Newman fue incansable en la misi\u00f3n a la que hab\u00eda sido llamado, desempe\u00f1ando el ministerio de la investigaci\u00f3n intelectual, de la predicaci\u00f3n y de la ense\u00f1anza, as\u00ed como del servicio a los pobres y a los \u00faltimos. <\/em><\/p>\n<p><em>Su mente vivaz nos ha dejado duraderos monumentos de gran importancia en materia teol\u00f3gica y eclesiol\u00f3gica, as\u00ed como composiciones po\u00e9ticas y devocionales. Su constante b\u00fasqueda de salir fuera de las sombras y de las im\u00e1genes hacia la plenitud de la verdad se ha convertido en un ejemplo para cada disc\u00edpulo del Resucitado. As\u00ed, de modo especial, san Juan Enrique Newman, habiendo sido reconocido como una luz fulgente para la Iglesia peregrina a trav\u00e9s de la historia, puede justamente ser contado entre los otros santos Doctores inscritos en el Calendario Romano General.<\/em><\/p>\n<p>En el Comentario al Decreto, el Card. Roche subraya que su inclusi\u00f3n en el <em>Calendarium Romanum Generale<\/em> \u201ctiene como objetivo proponer su figura como un ejemplo extraordinario de la constante b\u00fasqueda de la verdad que ilumina y salva\u201d.<\/p>\n<p>El Prefecto cita adem\u00e1s la homil\u00eda del 1 de noviembre de 2025, en la que el Papa Le\u00f3n evoca el c\u00e9lebre himno de Newman \u201cGuidami Luce Gentile\u201d (Gu\u00edame, Luz Amable) en referencia a la educaci\u00f3n: \u00abEs tarea de la educaci\u00f3n ofrecer esta\u00a0<em>Luz amable<\/em>\u00a0a aquellos que, de otro modo, podr\u00edan quedarse prisioneros de las sombras particularmente insidiosas del pesimismo y el miedo. Por eso me gustar\u00eda decirles: desarmemos las falsas razones de la resignaci\u00f3n y la impotencia, y difundamos en el mundo contempor\u00e1neo las grandes razones de la esperanza\u00bb.<\/p>\n<p>Recuerda adem\u00e1s que el Papa Francisco, en la Enc\u00edclica <em>Dilexit nos<\/em>, subrayaba que San Henry Newman \u00abtom\u00f3 como lema la frase\u00a0<em>Cor ad cor loquitur<\/em>, porque m\u00e1s all\u00e1 de toda dial\u00e9ctica, el Se\u00f1or nos salva hablando a nuestro coraz\u00f3n desde su Coraz\u00f3n sagrado. Esta misma l\u00f3gica hac\u00eda que para \u00e9l, gran pensador, el lugar del encuentro m\u00e1s hondo consigo mismo y con el Se\u00f1or no fuera la lectura o la reflexi\u00f3n, sino el di\u00e1logo orante, de coraz\u00f3n a coraz\u00f3n, con Cristo vivo y presente\u00bb (n\u00b0 26).<\/p>\n<p>Citas de los textos de este copatrono de la educaci\u00f3n \u2013muy en l\u00ednea con los principios educativos salesianos\u2013 se pueden encontrar tambi\u00e9n en la Carta Apost\u00f3lica <em>Dibujar nuevos mapas de esperanza<\/em>, donde el Papa Le\u00f3n recuerda que la expresi\u00f3n <em>Cor ad cor loquitur<\/em> era el lema cardenalicio de Newman, \u201ctomado de una carta de San Francisco de Sales: \u2018La sinceridad del coraz\u00f3n y no la abundancia de las palabras, toca el coraz\u00f3n de los hombres<em>\u201d <\/em>(3.1).<\/p>\n<p>Un poco m\u00e1s adelante, destacando que \u201c<strong>la visi\u00f3n antropol\u00f3gica integral<\/strong> debe seguir siendo el eje central de la pedagog\u00eda cat\u00f3lica\u201d, precisa que \u201cesta, siguiendo el pensamiento de San John Henry Newman, se opone a un enfoque puramente mercantilista que hoy en d\u00eda a menudo obliga a medir la educaci\u00f3n en t\u00e9rminos de funcionalidad y utilidad pr\u00e1ctica<em>\u201d<\/em> (4.2).<\/p>\n<p>Por \u00faltimo, en el Comentario al Decreto se motiva la elecci\u00f3n de <strong>los textos lit\u00fargicos para la celebraci\u00f3n del 9 de octubre<\/strong>: la colecta, las lecturas b\u00edblicas y la Liturgia de las Horas.<\/p>\n<p>El cardenal Roche concluye subrayando una vez m\u00e1s la importancia de las contribuciones de este nuevo Doctor de la Iglesia: \u201cLa inscripci\u00f3n de esta celebraci\u00f3n en el\u00a0<em>Calendarium Romanum Generale<\/em>\u00a0nos ayuda a contemplar a san John Henry Newman como un hombre conducido por la \u201cluz amable\u201d de la gracia de Dios para encontrar paz en la Iglesia cat\u00f3lica. Sus aportes de gran relevancia teol\u00f3gica y eclesiol\u00f3gica, as\u00ed como sus composiciones po\u00e9ticas y devocionales, siguen inspirando el camino espiritual e intelectual de los fieles, mientras que su constante b\u00fasqueda por salir de las sombre y de las apariencias y llegar a la plenitud de la verdad, <strong>siguen siendo un ejemplo luminoso para todo disc\u00edpulo del Resucitado<\/strong>.\u201d<\/p>\n","protected":false},"excerpt":{"rendered":"<p>Roma (Italia). Con un decreto del Dicasterio para el Culto Divino y la Disciplina de los Sacramentos, firmado por el Prefecto, el Cardenal Arthur Roche, y por el Secretario, el [&hellip;]<\/p>\n","protected":false},"author":21,"featured_media":152600,"comment_status":"open","ping_status":"closed","sticky":false,"template":"","format":"standard","meta":{"footnotes":""},"categories":[39,191],"tags":[1135,1446,2148],"class_list":["post-152606","post","type-post","status-publish","format-standard","has-post-thumbnail","category-infoesfera","category-iglesia","tag-educacion","tag-santidad","tag-preghiera-es"],"yoast_head":"<!-- This site is optimized with the Yoast SEO plugin v27.4 - https:\/\/yoast.com\/product\/yoast-seo-wordpress\/ -->\n<title>San John Henry Newman se celebrar\u00e1 el 9 de octubre &#8226; Istituto Figlie di Maria Ausiliatrice<\/title>\n<meta name=\"description\" content=\"Il 3 febbraio 2026 \u00e8 pubblicato un decreto del Dicastero per il Culto divino e la Disciplina dei Sacramenti in cui si dispone che la memoria di San John Henry Newman sia celebrata il 9 ottobre.\" \/>\n<meta name=\"robots\" content=\"index, follow, max-snippet:-1, max-image-preview:large, max-video-preview:-1\" \/>\n<link rel=\"canonical\" href=\"https:\/\/www.cgfmanet.org\/es\/infoesfera\/san-john-henry-newman-se-celebrara-el-9-de-octubre\/\" \/>\n<meta property=\"og:locale\" content=\"es_ES\" \/>\n<meta property=\"og:type\" content=\"article\" \/>\n<meta property=\"og:title\" content=\"San John Henry Newman se celebrar\u00e1 el 9 de octubre &#8226; Istituto Figlie di Maria Ausiliatrice\" \/>\n<meta property=\"og:description\" content=\"Il 3 febbraio 2026 \u00e8 pubblicato un decreto del Dicastero per il Culto divino e la Disciplina dei Sacramenti in cui si dispone che la memoria di San John Henry Newman sia celebrata il 9 ottobre.\" \/>\n<meta property=\"og:url\" content=\"https:\/\/www.cgfmanet.org\/es\/infoesfera\/san-john-henry-newman-se-celebrara-el-9-de-octubre\/\" \/>\n<meta property=\"og:site_name\" content=\"Istituto Figlie di Maria Ausiliatrice\" \/>\n<meta property=\"article:publisher\" content=\"https:\/\/www.facebook.com\/salesian.sisters.of.don.bosco\/\" \/>\n<meta property=\"article:published_time\" content=\"2026-02-04T20:27:43+00:00\" \/>\n<meta property=\"article:modified_time\" content=\"2026-02-07T21:34:25+00:00\" \/>\n<meta property=\"og:image\" content=\"https:\/\/www.cgfmanet.org\/wp-content\/uploads\/2026\/02\/Cardinal-Newman.jpg\" \/>\n\t<meta property=\"og:image:width\" content=\"1181\" \/>\n\t<meta property=\"og:image:height\" content=\"787\" \/>\n\t<meta property=\"og:image:type\" content=\"image\/jpeg\" \/>\n<meta name=\"author\" content=\"Redazione\" \/>\n<meta name=\"twitter:card\" content=\"summary_large_image\" \/>\n<meta name=\"twitter:creator\" content=\"@Cgfmanet_Org\" \/>\n<meta name=\"twitter:site\" content=\"@Cgfmanet_Org\" \/>\n<meta name=\"twitter:label1\" content=\"Escrito por\" \/>\n\t<meta name=\"twitter:data1\" content=\"Redazione\" \/>\n\t<meta name=\"twitter:label2\" content=\"Tiempo de lectura\" \/>\n\t<meta name=\"twitter:data2\" content=\"6 minutos\" \/>\n<script type=\"application\/ld+json\" class=\"yoast-schema-graph\">{\"@context\":\"https:\\\/\\\/schema.org\",\"@graph\":[{\"@type\":\"Article\",\"@id\":\"https:\\\/\\\/www.cgfmanet.org\\\/es\\\/infoesfera\\\/san-john-henry-newman-se-celebrara-el-9-de-octubre\\\/#article\",\"isPartOf\":{\"@id\":\"https:\\\/\\\/www.cgfmanet.org\\\/es\\\/infoesfera\\\/san-john-henry-newman-se-celebrara-el-9-de-octubre\\\/\"},\"author\":{\"name\":\"Redazione\",\"@id\":\"https:\\\/\\\/www.cgfmanet.org\\\/es\\\/#\\\/schema\\\/person\\\/ce6473083f53ef0ef882cca23f0c8fb9\"},\"headline\":\"San John Henry Newman se celebrar\u00e1 el 9 de octubre\",\"datePublished\":\"2026-02-04T20:27:43+00:00\",\"dateModified\":\"2026-02-07T21:34:25+00:00\",\"mainEntityOfPage\":{\"@id\":\"https:\\\/\\\/www.cgfmanet.org\\\/es\\\/infoesfera\\\/san-john-henry-newman-se-celebrara-el-9-de-octubre\\\/\"},\"wordCount\":977,\"commentCount\":1,\"publisher\":{\"@id\":\"https:\\\/\\\/www.cgfmanet.org\\\/es\\\/#organization\"},\"image\":{\"@id\":\"https:\\\/\\\/www.cgfmanet.org\\\/es\\\/infoesfera\\\/san-john-henry-newman-se-celebrara-el-9-de-octubre\\\/#primaryimage\"},\"thumbnailUrl\":\"https:\\\/\\\/www.cgfmanet.org\\\/wp-content\\\/uploads\\\/2026\\\/02\\\/Cardinal-Newman.jpg\",\"keywords\":[\"Educaci\u00f3n\",\"Santidad\",\"Preghiera\"],\"articleSection\":[\"Infoesfera\",\"Iglesia\"],\"inLanguage\":\"es\",\"potentialAction\":[{\"@type\":\"CommentAction\",\"name\":\"Comment\",\"target\":[\"https:\\\/\\\/www.cgfmanet.org\\\/es\\\/infoesfera\\\/san-john-henry-newman-se-celebrara-el-9-de-octubre\\\/#respond\"]}]},{\"@type\":\"WebPage\",\"@id\":\"https:\\\/\\\/www.cgfmanet.org\\\/es\\\/infoesfera\\\/san-john-henry-newman-se-celebrara-el-9-de-octubre\\\/\",\"url\":\"https:\\\/\\\/www.cgfmanet.org\\\/es\\\/infoesfera\\\/san-john-henry-newman-se-celebrara-el-9-de-octubre\\\/\",\"name\":\"San John Henry Newman se celebrar\u00e1 el 9 de octubre &#8226; Istituto Figlie di Maria Ausiliatrice\",\"isPartOf\":{\"@id\":\"https:\\\/\\\/www.cgfmanet.org\\\/es\\\/#website\"},\"primaryImageOfPage\":{\"@id\":\"https:\\\/\\\/www.cgfmanet.org\\\/es\\\/infoesfera\\\/san-john-henry-newman-se-celebrara-el-9-de-octubre\\\/#primaryimage\"},\"image\":{\"@id\":\"https:\\\/\\\/www.cgfmanet.org\\\/es\\\/infoesfera\\\/san-john-henry-newman-se-celebrara-el-9-de-octubre\\\/#primaryimage\"},\"thumbnailUrl\":\"https:\\\/\\\/www.cgfmanet.org\\\/wp-content\\\/uploads\\\/2026\\\/02\\\/Cardinal-Newman.jpg\",\"datePublished\":\"2026-02-04T20:27:43+00:00\",\"dateModified\":\"2026-02-07T21:34:25+00:00\",\"description\":\"Il 3 febbraio 2026 \u00e8 pubblicato un decreto del Dicastero per il Culto divino e la Disciplina dei Sacramenti in cui si dispone che la memoria di San John Henry Newman sia celebrata il 9 ottobre.\",\"breadcrumb\":{\"@id\":\"https:\\\/\\\/www.cgfmanet.org\\\/es\\\/infoesfera\\\/san-john-henry-newman-se-celebrara-el-9-de-octubre\\\/#breadcrumb\"},\"inLanguage\":\"es\",\"potentialAction\":[{\"@type\":\"ReadAction\",\"target\":[\"https:\\\/\\\/www.cgfmanet.org\\\/es\\\/infoesfera\\\/san-john-henry-newman-se-celebrara-el-9-de-octubre\\\/\"]}]},{\"@type\":\"ImageObject\",\"inLanguage\":\"es\",\"@id\":\"https:\\\/\\\/www.cgfmanet.org\\\/es\\\/infoesfera\\\/san-john-henry-newman-se-celebrara-el-9-de-octubre\\\/#primaryimage\",\"url\":\"https:\\\/\\\/www.cgfmanet.org\\\/wp-content\\\/uploads\\\/2026\\\/02\\\/Cardinal-Newman.jpg\",\"contentUrl\":\"https:\\\/\\\/www.cgfmanet.org\\\/wp-content\\\/uploads\\\/2026\\\/02\\\/Cardinal-Newman.jpg\",\"width\":1181,\"height\":787},{\"@type\":\"BreadcrumbList\",\"@id\":\"https:\\\/\\\/www.cgfmanet.org\\\/es\\\/infoesfera\\\/san-john-henry-newman-se-celebrara-el-9-de-octubre\\\/#breadcrumb\",\"itemListElement\":[{\"@type\":\"ListItem\",\"position\":1,\"name\":\"Home\",\"item\":\"https:\\\/\\\/www.cgfmanet.org\\\/es\\\/\"},{\"@type\":\"ListItem\",\"position\":2,\"name\":\"San John Henry Newman se celebrar\u00e1 el 9 de octubre\"}]},{\"@type\":\"WebSite\",\"@id\":\"https:\\\/\\\/www.cgfmanet.org\\\/es\\\/#website\",\"url\":\"https:\\\/\\\/www.cgfmanet.org\\\/es\\\/\",\"name\":\"Istituto Figlie di Maria Ausiliatrice\",\"description\":\"Salesiane di Don Bosco\",\"publisher\":{\"@id\":\"https:\\\/\\\/www.cgfmanet.org\\\/es\\\/#organization\"},\"potentialAction\":[{\"@type\":\"SearchAction\",\"target\":{\"@type\":\"EntryPoint\",\"urlTemplate\":\"https:\\\/\\\/www.cgfmanet.org\\\/es\\\/?s={search_term_string}\"},\"query-input\":{\"@type\":\"PropertyValueSpecification\",\"valueRequired\":true,\"valueName\":\"search_term_string\"}}],\"inLanguage\":\"es\"},{\"@type\":\"Organization\",\"@id\":\"https:\\\/\\\/www.cgfmanet.org\\\/es\\\/#organization\",\"name\":\"Istituto Figlie di Maria Ausiliatrice\",\"url\":\"https:\\\/\\\/www.cgfmanet.org\\\/es\\\/\",\"logo\":{\"@type\":\"ImageObject\",\"inLanguage\":\"es\",\"@id\":\"https:\\\/\\\/www.cgfmanet.org\\\/es\\\/#\\\/schema\\\/logo\\\/image\\\/\",\"url\":\"https:\\\/\\\/www.cgfmanet.org\\\/wp-content\\\/uploads\\\/2018\\\/10\\\/logo-fma.png\",\"contentUrl\":\"https:\\\/\\\/www.cgfmanet.org\\\/wp-content\\\/uploads\\\/2018\\\/10\\\/logo-fma.png\",\"width\":214,\"height\":55,\"caption\":\"Istituto Figlie di Maria Ausiliatrice\"},\"image\":{\"@id\":\"https:\\\/\\\/www.cgfmanet.org\\\/es\\\/#\\\/schema\\\/logo\\\/image\\\/\"},\"sameAs\":[\"https:\\\/\\\/www.facebook.com\\\/salesian.sisters.of.don.bosco\\\/\",\"https:\\\/\\\/x.com\\\/Cgfmanet_Org\",\"https:\\\/\\\/www.youtube.com\\\/channel\\\/UCmcr8yFQBV7JXeXVxyV9y5Q\"]},{\"@type\":\"Person\",\"@id\":\"https:\\\/\\\/www.cgfmanet.org\\\/es\\\/#\\\/schema\\\/person\\\/ce6473083f53ef0ef882cca23f0c8fb9\",\"name\":\"Redazione\"}]}<\/script>\n<!-- \/ Yoast SEO plugin. -->","yoast_head_json":{"title":"San John Henry Newman se celebrar\u00e1 el 9 de octubre &#8226; Istituto Figlie di Maria Ausiliatrice","description":"Il 3 febbraio 2026 \u00e8 pubblicato un decreto del Dicastero per il Culto divino e la Disciplina dei Sacramenti in cui si dispone che la memoria di San John Henry Newman sia celebrata il 9 ottobre.","robots":{"index":"index","follow":"follow","max-snippet":"max-snippet:-1","max-image-preview":"max-image-preview:large","max-video-preview":"max-video-preview:-1"},"canonical":"https:\/\/www.cgfmanet.org\/es\/infoesfera\/san-john-henry-newman-se-celebrara-el-9-de-octubre\/","og_locale":"es_ES","og_type":"article","og_title":"San John Henry Newman se celebrar\u00e1 el 9 de octubre &#8226; Istituto Figlie di Maria Ausiliatrice","og_description":"Il 3 febbraio 2026 \u00e8 pubblicato un decreto del Dicastero per il Culto divino e la Disciplina dei Sacramenti in cui si dispone che la memoria di San John Henry Newman sia celebrata il 9 ottobre.","og_url":"https:\/\/www.cgfmanet.org\/es\/infoesfera\/san-john-henry-newman-se-celebrara-el-9-de-octubre\/","og_site_name":"Istituto Figlie di Maria Ausiliatrice","article_publisher":"https:\/\/www.facebook.com\/salesian.sisters.of.don.bosco\/","article_published_time":"2026-02-04T20:27:43+00:00","article_modified_time":"2026-02-07T21:34:25+00:00","og_image":[{"width":1181,"height":787,"url":"https:\/\/www.cgfmanet.org\/wp-content\/uploads\/2026\/02\/Cardinal-Newman.jpg","type":"image\/jpeg"}],"author":"Redazione","twitter_card":"summary_large_image","twitter_creator":"@Cgfmanet_Org","twitter_site":"@Cgfmanet_Org","twitter_misc":{"Escrito por":"Redazione","Tiempo de lectura":"6 minutos"},"schema":{"@context":"https:\/\/schema.org","@graph":[{"@type":"Article","@id":"https:\/\/www.cgfmanet.org\/es\/infoesfera\/san-john-henry-newman-se-celebrara-el-9-de-octubre\/#article","isPartOf":{"@id":"https:\/\/www.cgfmanet.org\/es\/infoesfera\/san-john-henry-newman-se-celebrara-el-9-de-octubre\/"},"author":{"name":"Redazione","@id":"https:\/\/www.cgfmanet.org\/es\/#\/schema\/person\/ce6473083f53ef0ef882cca23f0c8fb9"},"headline":"San John Henry Newman se celebrar\u00e1 el 9 de octubre","datePublished":"2026-02-04T20:27:43+00:00","dateModified":"2026-02-07T21:34:25+00:00","mainEntityOfPage":{"@id":"https:\/\/www.cgfmanet.org\/es\/infoesfera\/san-john-henry-newman-se-celebrara-el-9-de-octubre\/"},"wordCount":977,"commentCount":1,"publisher":{"@id":"https:\/\/www.cgfmanet.org\/es\/#organization"},"image":{"@id":"https:\/\/www.cgfmanet.org\/es\/infoesfera\/san-john-henry-newman-se-celebrara-el-9-de-octubre\/#primaryimage"},"thumbnailUrl":"https:\/\/www.cgfmanet.org\/wp-content\/uploads\/2026\/02\/Cardinal-Newman.jpg","keywords":["Educaci\u00f3n","Santidad","Preghiera"],"articleSection":["Infoesfera","Iglesia"],"inLanguage":"es","potentialAction":[{"@type":"CommentAction","name":"Comment","target":["https:\/\/www.cgfmanet.org\/es\/infoesfera\/san-john-henry-newman-se-celebrara-el-9-de-octubre\/#respond"]}]},{"@type":"WebPage","@id":"https:\/\/www.cgfmanet.org\/es\/infoesfera\/san-john-henry-newman-se-celebrara-el-9-de-octubre\/","url":"https:\/\/www.cgfmanet.org\/es\/infoesfera\/san-john-henry-newman-se-celebrara-el-9-de-octubre\/","name":"San John Henry Newman se celebrar\u00e1 el 9 de octubre &#8226; Istituto Figlie di Maria Ausiliatrice","isPartOf":{"@id":"https:\/\/www.cgfmanet.org\/es\/#website"},"primaryImageOfPage":{"@id":"https:\/\/www.cgfmanet.org\/es\/infoesfera\/san-john-henry-newman-se-celebrara-el-9-de-octubre\/#primaryimage"},"image":{"@id":"https:\/\/www.cgfmanet.org\/es\/infoesfera\/san-john-henry-newman-se-celebrara-el-9-de-octubre\/#primaryimage"},"thumbnailUrl":"https:\/\/www.cgfmanet.org\/wp-content\/uploads\/2026\/02\/Cardinal-Newman.jpg","datePublished":"2026-02-04T20:27:43+00:00","dateModified":"2026-02-07T21:34:25+00:00","description":"Il 3 febbraio 2026 \u00e8 pubblicato un decreto del Dicastero per il Culto divino e la Disciplina dei Sacramenti in cui si dispone che la memoria di San John Henry Newman sia celebrata il 9 ottobre.","breadcrumb":{"@id":"https:\/\/www.cgfmanet.org\/es\/infoesfera\/san-john-henry-newman-se-celebrara-el-9-de-octubre\/#breadcrumb"},"inLanguage":"es","potentialAction":[{"@type":"ReadAction","target":["https:\/\/www.cgfmanet.org\/es\/infoesfera\/san-john-henry-newman-se-celebrara-el-9-de-octubre\/"]}]},{"@type":"ImageObject","inLanguage":"es","@id":"https:\/\/www.cgfmanet.org\/es\/infoesfera\/san-john-henry-newman-se-celebrara-el-9-de-octubre\/#primaryimage","url":"https:\/\/www.cgfmanet.org\/wp-content\/uploads\/2026\/02\/Cardinal-Newman.jpg","contentUrl":"https:\/\/www.cgfmanet.org\/wp-content\/uploads\/2026\/02\/Cardinal-Newman.jpg","width":1181,"height":787},{"@type":"BreadcrumbList","@id":"https:\/\/www.cgfmanet.org\/es\/infoesfera\/san-john-henry-newman-se-celebrara-el-9-de-octubre\/#breadcrumb","itemListElement":[{"@type":"ListItem","position":1,"name":"Home","item":"https:\/\/www.cgfmanet.org\/es\/"},{"@type":"ListItem","position":2,"name":"San John Henry Newman se celebrar\u00e1 el 9 de octubre"}]},{"@type":"WebSite","@id":"https:\/\/www.cgfmanet.org\/es\/#website","url":"https:\/\/www.cgfmanet.org\/es\/","name":"Istituto Figlie di Maria Ausiliatrice","description":"Salesiane di Don Bosco","publisher":{"@id":"https:\/\/www.cgfmanet.org\/es\/#organization"},"potentialAction":[{"@type":"SearchAction","target":{"@type":"EntryPoint","urlTemplate":"https:\/\/www.cgfmanet.org\/es\/?s={search_term_string}"},"query-input":{"@type":"PropertyValueSpecification","valueRequired":true,"valueName":"search_term_string"}}],"inLanguage":"es"},{"@type":"Organization","@id":"https:\/\/www.cgfmanet.org\/es\/#organization","name":"Istituto Figlie di Maria Ausiliatrice","url":"https:\/\/www.cgfmanet.org\/es\/","logo":{"@type":"ImageObject","inLanguage":"es","@id":"https:\/\/www.cgfmanet.org\/es\/#\/schema\/logo\/image\/","url":"https:\/\/www.cgfmanet.org\/wp-content\/uploads\/2018\/10\/logo-fma.png","contentUrl":"https:\/\/www.cgfmanet.org\/wp-content\/uploads\/2018\/10\/logo-fma.png","width":214,"height":55,"caption":"Istituto Figlie di Maria Ausiliatrice"},"image":{"@id":"https:\/\/www.cgfmanet.org\/es\/#\/schema\/logo\/image\/"},"sameAs":["https:\/\/www.facebook.com\/salesian.sisters.of.don.bosco\/","https:\/\/x.com\/Cgfmanet_Org","https:\/\/www.youtube.com\/channel\/UCmcr8yFQBV7JXeXVxyV9y5Q"]},{"@type":"Person","@id":"https:\/\/www.cgfmanet.org\/es\/#\/schema\/person\/ce6473083f53ef0ef882cca23f0c8fb9","name":"Redazione"}]}},"_links":{"self":[{"href":"https:\/\/www.cgfmanet.org\/es\/wp-json\/wp\/v2\/posts\/152606","targetHints":{"allow":["GET"]}}],"collection":[{"href":"https:\/\/www.cgfmanet.org\/es\/wp-json\/wp\/v2\/posts"}],"about":[{"href":"https:\/\/www.cgfmanet.org\/es\/wp-json\/wp\/v2\/types\/post"}],"author":[{"embeddable":true,"href":"https:\/\/www.cgfmanet.org\/es\/wp-json\/wp\/v2\/users\/21"}],"replies":[{"embeddable":true,"href":"https:\/\/www.cgfmanet.org\/es\/wp-json\/wp\/v2\/comments?post=152606"}],"version-history":[{"count":2,"href":"https:\/\/www.cgfmanet.org\/es\/wp-json\/wp\/v2\/posts\/152606\/revisions"}],"predecessor-version":[{"id":152896,"href":"https:\/\/www.cgfmanet.org\/es\/wp-json\/wp\/v2\/posts\/152606\/revisions\/152896"}],"wp:featuredmedia":[{"embeddable":true,"href":"https:\/\/www.cgfmanet.org\/es\/wp-json\/wp\/v2\/media\/152600"}],"wp:attachment":[{"href":"https:\/\/www.cgfmanet.org\/es\/wp-json\/wp\/v2\/media?parent=152606"}],"wp:term":[{"taxonomy":"category","embeddable":true,"href":"https:\/\/www.cgfmanet.org\/es\/wp-json\/wp\/v2\/categories?post=152606"},{"taxonomy":"post_tag","embeddable":true,"href":"https:\/\/www.cgfmanet.org\/es\/wp-json\/wp\/v2\/tags?post=152606"}],"curies":[{"name":"wp","href":"https:\/\/api.w.org\/{rel}","templated":true}]}}