{"id":151881,"date":"2026-01-24T15:45:42","date_gmt":"2026-01-24T14:45:42","guid":{"rendered":"https:\/\/www.cgfmanet.org\/infoesfera\/messaggio-per-la-60ma-giornata-mondiale-delle-comunicazioni-sociali\/"},"modified":"2026-01-24T21:41:39","modified_gmt":"2026-01-24T20:41:39","slug":"mensaje-para-la-60a-jornada-mundial-de-las-comunicaciones-sociales","status":"publish","type":"post","link":"https:\/\/www.cgfmanet.org\/es\/infoesfera\/mensaje-para-la-60a-jornada-mundial-de-las-comunicaciones-sociales\/","title":{"rendered":"Mensaje para la 60\u00aa Jornada Mundial de las Comunicaciones Sociales"},"content":{"rendered":"<p><strong>Roma (Italia). <\/strong>El 24 de enero de 2026, en la memoria lit\u00fargica de San Francisco de Sales, patrono de los periodistas y comunicadores, se publica el Mensaje para la LX Jornada Mundial de las Comunicaciones Sociales (JMCS), que se celebra en mayo, sobre el tema:<\/p>\n<h3 style=\"text-align: center;\"><span style=\"color: #ff0000;\"><strong>Custodiar voces y rostros humanos<\/strong><\/span><\/h3>\n<p>El Santo Padre abre su primer Mensaje para esta Jornada especificando que <strong>\u201cEl rostro y la voz son rasgos \u00fanicos, distintivos, de cada persona; manifiestan la propia identidad irrepetible y son el elemento constitutivo de cada encuentro\u201d<\/strong>, acompa\u00f1ando esta afirmaci\u00f3n con referencias a la etimolog\u00eda de las palabras y a la cultura griega.<\/p>\n<p>\u201cEl rostro y la voz son sagrados. Nos han sido dados por Dios que nos cre\u00f3 a su imagen y semejanza\u201d. Una existencia a la que el hombre y la mujer han sido llamados a trav\u00e9s de la Palabra, con la cual Dios se comunic\u00f3 finalmente al hombre mediante la Voz y el Rostro de Jes\u00fas, Hijo de Dios.<\/p>\n<p>Como expresa San Gregorio de Nisa, al hombre se le ha impreso un car\u00e1cter real, ya que desde la creaci\u00f3n Dios lo ha querido como su interlocutor y ha impreso en su rostro un reflejo del amor divino:<\/p>\n<p>\u201cCustodiar rostros y voces humanas significa, por tanto, custodiar este sello, este reflejo indeleble del amor de Dios. No somos una especie hecha de algoritmos bioqu\u00edmicos, definidos de antemano. Cada uno de nosotros tiene una vocaci\u00f3n insustituible e inimitable que surge de la vida y que se manifiesta precisamente en la comunicaci\u00f3n con los dem\u00e1s\u201d.<\/p>\n<p>Este es el coraz\u00f3n del Mensaje del Papa Le\u00f3n, la clave de lectura que ayuda a captar el desaf\u00edo de las nuevas tecnolog\u00edas, un desaf\u00edo ante todo antropol\u00f3gico: \u201cCustodiar los rostros y las voces significa, en \u00faltima instancia, custodiarnos a nosotros mismos\u201d.<\/p>\n<p>El Mensaje prosigue con un buen an\u00e1lisis de tantas situaciones ya cotidianas impregnadas por el uso de la Inteligencia Artificial \u201ccomo \u2018amiga\u2019 omnisciente, dispensadora de toda informaci\u00f3n, archivo de toda memoria, \u2018or\u00e1culo\u2019 de todo consejo\u201d y del riesgo de que, al sustraerse al esfuerzo del propio pensamiento y conformarse con una compilaci\u00f3n estad\u00edstica artificial, se termine a la larga por \u201cerosionar nuestras capacidades cognitivas, emotivas y comunicativas\u201d.<\/p>\n<p>No es, por tanto, una cuesti\u00f3n de las potencialidades de estas m\u00e1quinas al servicio del hombre, sino m\u00e1s bien de crecer en humanidad y conocimiento con un uso sabio de estas herramientas. Por el contrario, \u00abRenunciar al proceso creativo y ceder a las m\u00e1quinas las propias funciones mentales y la propia imaginaci\u00f3n significa sepultar los talentos que hemos recibido con el fin de crecer como personas en relaci\u00f3n con Dios y con los dem\u00e1s. Significa esconder nuestro rostro y silenciar nuestra voz\u201d.<\/p>\n<p>El Papa no descuida las repercusiones sociales de la tecnolog\u00eda, que a menudo con su antropomorfizaci\u00f3n enga\u00f1a sobre todo a las personas m\u00e1s vulnerables, que explota la necesidad de relaci\u00f3n y que \u201cpuede no solo tener consecuencias dolorosas en el destino de los individuos, sino que tambi\u00e9n puede da\u00f1ar el tejido social, cultural y pol\u00edtico de las sociedades\u201d.<\/p>\n<p>Sustituyendo las relaciones con la IA, construyendo un mundo \u201ca imagen y semejanza propia\u201d, en realidad \u201cnos dejamos robar la posibilidad de encontrar al otro, que es siempre diferente de nosotros, y con el cual podemos y debemos aprender a confrontarnos. Sin la acogida de la alteridad no puede haber ni relaci\u00f3n ni amistad\u201d.<\/p>\n<p>El Santo Padre advierte, pues, sobre el riesgo de ceder al poder de la simulaci\u00f3n de la IA, que ilusiona con la fabricaci\u00f3n de \u201crealidades\u201d paralelas, \u201capropi\u00e1ndose de nuestros rostros y de nuestras voces\u201d.<\/p>\n<p>Se corre el riesgo, por tanto, de no distinguir m\u00e1s entre realidad y ficci\u00f3n, con conocimientos proporcionados por los sistemas como \u201caproximaciones a la verdad\u201d, a veces \u201cverdaderas alucinaciones\u201d. En el campo del periodismo, cuando uno se f\u00eda de estos sistemas y falta la verificaci\u00f3n \u201csobre el terreno\u201d de las fuentes, se favorece \u201cun terreno a\u00fan m\u00e1s f\u00e9rtil para la desinformaci\u00f3n, provocando un creciente sentimiento de desconfianza, desconcierto e inseguridad\u201d.<\/p>\n<p><strong>Una posible alianza<\/strong><\/p>\n<p>En la \u00faltima parte del Mensaje, el Papa Le\u00f3n, aun expresando la preocupaci\u00f3n hacia un \u201ccontrol oligop\u00f3lico de los sistemas algor\u00edtmicos y de inteligencia artificial capaces de orientar sutilmente los comportamientos, e incluso reescribir la historia humana \u2014incluida la historia de la Iglesia\u2014 a menudo sin que uno pueda darse cuenta realmente\u201d, habla de una \u201calianza posible\u201d.<\/p>\n<p>Y de un desaf\u00edo, que \u201cno est\u00e1 en detener la innovaci\u00f3n digital, sino en guiarla, en ser conscientes de su car\u00e1cter ambivalente\u201d. Esa misma voz, que est\u00e1 en el t\u00edtulo del Mensaje, debe entonces alzarse \u201cen defensa de las personas humanas, para que estas herramientas puedan ser realmente integradas por nosotros como aliadas\u201d.<\/p>\n<p>Tres son los pilares que identifica para dar fundamentos a esta alianza:<\/p>\n<ul>\n<li><strong>En primer lugar, la responsabilidad<\/strong> \u201cfrente al futuro que estamos construyendo\u201d, de la cual \u201cnadie puede sustraerse\u201d, ya sea quienes est\u00e1n en la cima \u2014creadores y desarrolladores de modelos de IA, legisladores nacionales y reguladores supranacionales, empresas de medios\u2014 que tienen el deber de transparencia, de profesionalidad y de vigilar el respeto de la dignidad humana.<\/li>\n<li><strong>La cooperaci\u00f3n:<\/strong> todos estamos llamados a cooperar en la construcci\u00f3n y el cumplimiento de una ciudadan\u00eda digital consciente y responsable. \u201cNing\u00fan sector puede afrontar solo el desaf\u00edo de guiar la innovaci\u00f3n digital y la gobernanza de la IA. Es necesario, por tanto, crear mecanismos de salvaguardia\u201d.<\/li>\n<li><strong>La educaci\u00f3n<\/strong> que apunta a \u201caumentar nuestras capacidades personales de reflexionar cr\u00edticamente, a evaluar la fiabilidad de las fuentes y los posibles intereses que est\u00e1n detr\u00e1s de la selecci\u00f3n de las informaciones que nos llegan, a comprender los mecanismos psicol\u00f3gicos que activan, a permitir a nuestras familias, comunidades y asociaciones elaborar criterios pr\u00e1cticos para una cultura de la comunicaci\u00f3n m\u00e1s sana y responsable\u201d.<\/li>\n<\/ul>\n<p>A este prop\u00f3sito, el Papa Le\u00f3n considera cada vez m\u00e1s urgente \u201cintroducir en los sistemas educativos de cada nivel tambi\u00e9n la alfabetizaci\u00f3n medi\u00e1tica, informacional y en IA\u201d. Una alfabetizaci\u00f3n que debe alcanzar tambi\u00e9n a los ancianos y a los miembros m\u00e1s marginados de la sociedad, con iniciativas de educaci\u00f3n permanente.<\/p>\n<p>Son caminos que podr\u00e1n ayudar a todos \u2014dice el Papa\u2014 \u201ca no adecuarse a la deriva antropomorfizante de estos sistemas, sino a tratarlos como herramientas\u201d.<\/p>\n<p>El Mensaje concluye con el deseo de que se regrese al n\u00facleo originario de la persona, seg\u00fan su etimolog\u00eda \u00fanica e irrepetible: \u201cNecesitamos que el rostro y la voz vuelvan a decir la persona. Necesitamos custodiar el regalo de la comunicaci\u00f3n como la verdad m\u00e1s profunda del hombre, hacia la cual orientar tambi\u00e9n toda innovaci\u00f3n tecnol\u00f3gica<strong><em>\u201d<\/em><\/strong><em>.<\/em><\/p>\n<p><strong><span style=\"color: #0000ff;\"><a style=\"color: #0000ff;\" href=\"https:\/\/press.vatican.va\/content\/salastampa\/it\/bollettino\/pubblico\/2026\/01\/24\/0064\/00118.html#\" target=\"_blank\" rel=\"noopener\">Texto completo del Mensaje<\/a><\/span><\/strong><\/p>\n","protected":false},"excerpt":{"rendered":"<p>Roma (Italia). El 24 de enero de 2026, en la memoria lit\u00fargica de San Francisco de Sales, patrono de los periodistas y comunicadores, se publica el Mensaje para la LX [&hellip;]<\/p>\n","protected":false},"author":21,"featured_media":151875,"comment_status":"open","ping_status":"closed","sticky":false,"template":"","format":"standard","meta":{"footnotes":""},"categories":[39,191],"tags":[331,1931,2491],"class_list":["post-151881","post","type-post","status-publish","format-standard","has-post-thumbnail","category-infoesfera","category-iglesia","tag-jornada-mundial-de-comunicacion-social","tag-focus-es","tag-papa-leon-xiv"],"yoast_head":"<!-- This site is optimized with the Yoast SEO plugin v27.4 - https:\/\/yoast.com\/product\/yoast-seo-wordpress\/ -->\n<title>Mensaje para la 60\u00aa Jornada Mundial de las Comunicaciones Sociales &#8226; Istituto Figlie di Maria Ausiliatrice<\/title>\n<meta name=\"description\" content=\"El 24 de enero de 2026, en la memoria de San Francisco de Sales, patrono de los periodistas y comunicadores, se publica el Mensaje para la 60\u00aa Jornada Mundial de las Comunicaciones Sociales del Papa Le\u00f3n XIV.\" \/>\n<meta name=\"robots\" content=\"index, follow, max-snippet:-1, max-image-preview:large, max-video-preview:-1\" \/>\n<link rel=\"canonical\" href=\"https:\/\/www.cgfmanet.org\/es\/infoesfera\/mensaje-para-la-60a-jornada-mundial-de-las-comunicaciones-sociales\/\" \/>\n<meta property=\"og:locale\" content=\"es_ES\" \/>\n<meta property=\"og:type\" content=\"article\" \/>\n<meta property=\"og:title\" content=\"Mensaje para la 60\u00aa Jornada Mundial de las Comunicaciones Sociales &#8226; Istituto Figlie di Maria Ausiliatrice\" \/>\n<meta property=\"og:description\" content=\"El 24 de enero de 2026, en la memoria de San Francisco de Sales, patrono de los periodistas y comunicadores, se publica el Mensaje para la 60\u00aa Jornada Mundial de las Comunicaciones Sociales del Papa Le\u00f3n XIV.\" \/>\n<meta property=\"og:url\" content=\"https:\/\/www.cgfmanet.org\/es\/infoesfera\/mensaje-para-la-60a-jornada-mundial-de-las-comunicaciones-sociales\/\" \/>\n<meta property=\"og:site_name\" content=\"Istituto Figlie di Maria Ausiliatrice\" \/>\n<meta property=\"article:publisher\" content=\"https:\/\/www.facebook.com\/salesian.sisters.of.don.bosco\/\" \/>\n<meta property=\"article:published_time\" content=\"2026-01-24T14:45:42+00:00\" \/>\n<meta property=\"article:modified_time\" content=\"2026-01-24T20:41:39+00:00\" \/>\n<meta property=\"og:image\" content=\"https:\/\/www.cgfmanet.org\/wp-content\/uploads\/2026\/01\/GMGS-2026.jpg\" \/>\n\t<meta property=\"og:image:width\" content=\"1200\" \/>\n\t<meta property=\"og:image:height\" content=\"800\" \/>\n\t<meta property=\"og:image:type\" content=\"image\/jpeg\" \/>\n<meta name=\"author\" content=\"Redazione\" \/>\n<meta name=\"twitter:card\" content=\"summary_large_image\" \/>\n<meta name=\"twitter:creator\" content=\"@Cgfmanet_Org\" \/>\n<meta name=\"twitter:site\" content=\"@Cgfmanet_Org\" \/>\n<meta name=\"twitter:label1\" content=\"Escrito por\" \/>\n\t<meta name=\"twitter:data1\" content=\"Redazione\" \/>\n\t<meta name=\"twitter:label2\" content=\"Tiempo de lectura\" \/>\n\t<meta name=\"twitter:data2\" content=\"6 minutos\" \/>\n<script type=\"application\/ld+json\" class=\"yoast-schema-graph\">{\"@context\":\"https:\\\/\\\/schema.org\",\"@graph\":[{\"@type\":\"Article\",\"@id\":\"https:\\\/\\\/www.cgfmanet.org\\\/es\\\/infoesfera\\\/mensaje-para-la-60a-jornada-mundial-de-las-comunicaciones-sociales\\\/#article\",\"isPartOf\":{\"@id\":\"https:\\\/\\\/www.cgfmanet.org\\\/es\\\/infoesfera\\\/mensaje-para-la-60a-jornada-mundial-de-las-comunicaciones-sociales\\\/\"},\"author\":{\"name\":\"Redazione\",\"@id\":\"https:\\\/\\\/www.cgfmanet.org\\\/es\\\/#\\\/schema\\\/person\\\/ce6473083f53ef0ef882cca23f0c8fb9\"},\"headline\":\"Mensaje para la 60\u00aa Jornada Mundial de las Comunicaciones Sociales\",\"datePublished\":\"2026-01-24T14:45:42+00:00\",\"dateModified\":\"2026-01-24T20:41:39+00:00\",\"mainEntityOfPage\":{\"@id\":\"https:\\\/\\\/www.cgfmanet.org\\\/es\\\/infoesfera\\\/mensaje-para-la-60a-jornada-mundial-de-las-comunicaciones-sociales\\\/\"},\"wordCount\":1187,\"commentCount\":0,\"publisher\":{\"@id\":\"https:\\\/\\\/www.cgfmanet.org\\\/es\\\/#organization\"},\"image\":{\"@id\":\"https:\\\/\\\/www.cgfmanet.org\\\/es\\\/infoesfera\\\/mensaje-para-la-60a-jornada-mundial-de-las-comunicaciones-sociales\\\/#primaryimage\"},\"thumbnailUrl\":\"https:\\\/\\\/www.cgfmanet.org\\\/wp-content\\\/uploads\\\/2026\\\/01\\\/GMGS-2026.jpg\",\"keywords\":[\"Jornada Mundial de Comunicaci\u00f3n social\",\"Focus\",\"Papa Le\u00f3n XIV\"],\"articleSection\":[\"Infoesfera\",\"Iglesia\"],\"inLanguage\":\"es\",\"potentialAction\":[{\"@type\":\"CommentAction\",\"name\":\"Comment\",\"target\":[\"https:\\\/\\\/www.cgfmanet.org\\\/es\\\/infoesfera\\\/mensaje-para-la-60a-jornada-mundial-de-las-comunicaciones-sociales\\\/#respond\"]}]},{\"@type\":\"WebPage\",\"@id\":\"https:\\\/\\\/www.cgfmanet.org\\\/es\\\/infoesfera\\\/mensaje-para-la-60a-jornada-mundial-de-las-comunicaciones-sociales\\\/\",\"url\":\"https:\\\/\\\/www.cgfmanet.org\\\/es\\\/infoesfera\\\/mensaje-para-la-60a-jornada-mundial-de-las-comunicaciones-sociales\\\/\",\"name\":\"Mensaje para la 60\u00aa Jornada Mundial de las Comunicaciones Sociales &#8226; Istituto Figlie di Maria Ausiliatrice\",\"isPartOf\":{\"@id\":\"https:\\\/\\\/www.cgfmanet.org\\\/es\\\/#website\"},\"primaryImageOfPage\":{\"@id\":\"https:\\\/\\\/www.cgfmanet.org\\\/es\\\/infoesfera\\\/mensaje-para-la-60a-jornada-mundial-de-las-comunicaciones-sociales\\\/#primaryimage\"},\"image\":{\"@id\":\"https:\\\/\\\/www.cgfmanet.org\\\/es\\\/infoesfera\\\/mensaje-para-la-60a-jornada-mundial-de-las-comunicaciones-sociales\\\/#primaryimage\"},\"thumbnailUrl\":\"https:\\\/\\\/www.cgfmanet.org\\\/wp-content\\\/uploads\\\/2026\\\/01\\\/GMGS-2026.jpg\",\"datePublished\":\"2026-01-24T14:45:42+00:00\",\"dateModified\":\"2026-01-24T20:41:39+00:00\",\"description\":\"El 24 de enero de 2026, en la memoria de San Francisco de Sales, patrono de los periodistas y comunicadores, se publica el Mensaje para la 60\u00aa Jornada Mundial de las Comunicaciones Sociales del Papa Le\u00f3n XIV.\",\"breadcrumb\":{\"@id\":\"https:\\\/\\\/www.cgfmanet.org\\\/es\\\/infoesfera\\\/mensaje-para-la-60a-jornada-mundial-de-las-comunicaciones-sociales\\\/#breadcrumb\"},\"inLanguage\":\"es\",\"potentialAction\":[{\"@type\":\"ReadAction\",\"target\":[\"https:\\\/\\\/www.cgfmanet.org\\\/es\\\/infoesfera\\\/mensaje-para-la-60a-jornada-mundial-de-las-comunicaciones-sociales\\\/\"]}]},{\"@type\":\"ImageObject\",\"inLanguage\":\"es\",\"@id\":\"https:\\\/\\\/www.cgfmanet.org\\\/es\\\/infoesfera\\\/mensaje-para-la-60a-jornada-mundial-de-las-comunicaciones-sociales\\\/#primaryimage\",\"url\":\"https:\\\/\\\/www.cgfmanet.org\\\/wp-content\\\/uploads\\\/2026\\\/01\\\/GMGS-2026.jpg\",\"contentUrl\":\"https:\\\/\\\/www.cgfmanet.org\\\/wp-content\\\/uploads\\\/2026\\\/01\\\/GMGS-2026.jpg\",\"width\":1200,\"height\":800},{\"@type\":\"BreadcrumbList\",\"@id\":\"https:\\\/\\\/www.cgfmanet.org\\\/es\\\/infoesfera\\\/mensaje-para-la-60a-jornada-mundial-de-las-comunicaciones-sociales\\\/#breadcrumb\",\"itemListElement\":[{\"@type\":\"ListItem\",\"position\":1,\"name\":\"Home\",\"item\":\"https:\\\/\\\/www.cgfmanet.org\\\/es\\\/\"},{\"@type\":\"ListItem\",\"position\":2,\"name\":\"Mensaje para la 60\u00aa Jornada Mundial de las Comunicaciones Sociales\"}]},{\"@type\":\"WebSite\",\"@id\":\"https:\\\/\\\/www.cgfmanet.org\\\/es\\\/#website\",\"url\":\"https:\\\/\\\/www.cgfmanet.org\\\/es\\\/\",\"name\":\"Istituto Figlie di Maria Ausiliatrice\",\"description\":\"Salesiane di Don Bosco\",\"publisher\":{\"@id\":\"https:\\\/\\\/www.cgfmanet.org\\\/es\\\/#organization\"},\"potentialAction\":[{\"@type\":\"SearchAction\",\"target\":{\"@type\":\"EntryPoint\",\"urlTemplate\":\"https:\\\/\\\/www.cgfmanet.org\\\/es\\\/?s={search_term_string}\"},\"query-input\":{\"@type\":\"PropertyValueSpecification\",\"valueRequired\":true,\"valueName\":\"search_term_string\"}}],\"inLanguage\":\"es\"},{\"@type\":\"Organization\",\"@id\":\"https:\\\/\\\/www.cgfmanet.org\\\/es\\\/#organization\",\"name\":\"Istituto Figlie di Maria Ausiliatrice\",\"url\":\"https:\\\/\\\/www.cgfmanet.org\\\/es\\\/\",\"logo\":{\"@type\":\"ImageObject\",\"inLanguage\":\"es\",\"@id\":\"https:\\\/\\\/www.cgfmanet.org\\\/es\\\/#\\\/schema\\\/logo\\\/image\\\/\",\"url\":\"https:\\\/\\\/www.cgfmanet.org\\\/wp-content\\\/uploads\\\/2018\\\/10\\\/logo-fma.png\",\"contentUrl\":\"https:\\\/\\\/www.cgfmanet.org\\\/wp-content\\\/uploads\\\/2018\\\/10\\\/logo-fma.png\",\"width\":214,\"height\":55,\"caption\":\"Istituto Figlie di Maria Ausiliatrice\"},\"image\":{\"@id\":\"https:\\\/\\\/www.cgfmanet.org\\\/es\\\/#\\\/schema\\\/logo\\\/image\\\/\"},\"sameAs\":[\"https:\\\/\\\/www.facebook.com\\\/salesian.sisters.of.don.bosco\\\/\",\"https:\\\/\\\/x.com\\\/Cgfmanet_Org\",\"https:\\\/\\\/www.youtube.com\\\/channel\\\/UCmcr8yFQBV7JXeXVxyV9y5Q\"]},{\"@type\":\"Person\",\"@id\":\"https:\\\/\\\/www.cgfmanet.org\\\/es\\\/#\\\/schema\\\/person\\\/ce6473083f53ef0ef882cca23f0c8fb9\",\"name\":\"Redazione\"}]}<\/script>\n<!-- \/ Yoast SEO plugin. -->","yoast_head_json":{"title":"Mensaje para la 60\u00aa Jornada Mundial de las Comunicaciones Sociales &#8226; Istituto Figlie di Maria Ausiliatrice","description":"El 24 de enero de 2026, en la memoria de San Francisco de Sales, patrono de los periodistas y comunicadores, se publica el Mensaje para la 60\u00aa Jornada Mundial de las Comunicaciones Sociales del Papa Le\u00f3n XIV.","robots":{"index":"index","follow":"follow","max-snippet":"max-snippet:-1","max-image-preview":"max-image-preview:large","max-video-preview":"max-video-preview:-1"},"canonical":"https:\/\/www.cgfmanet.org\/es\/infoesfera\/mensaje-para-la-60a-jornada-mundial-de-las-comunicaciones-sociales\/","og_locale":"es_ES","og_type":"article","og_title":"Mensaje para la 60\u00aa Jornada Mundial de las Comunicaciones Sociales &#8226; Istituto Figlie di Maria Ausiliatrice","og_description":"El 24 de enero de 2026, en la memoria de San Francisco de Sales, patrono de los periodistas y comunicadores, se publica el Mensaje para la 60\u00aa Jornada Mundial de las Comunicaciones Sociales del Papa Le\u00f3n XIV.","og_url":"https:\/\/www.cgfmanet.org\/es\/infoesfera\/mensaje-para-la-60a-jornada-mundial-de-las-comunicaciones-sociales\/","og_site_name":"Istituto Figlie di Maria Ausiliatrice","article_publisher":"https:\/\/www.facebook.com\/salesian.sisters.of.don.bosco\/","article_published_time":"2026-01-24T14:45:42+00:00","article_modified_time":"2026-01-24T20:41:39+00:00","og_image":[{"width":1200,"height":800,"url":"https:\/\/www.cgfmanet.org\/wp-content\/uploads\/2026\/01\/GMGS-2026.jpg","type":"image\/jpeg"}],"author":"Redazione","twitter_card":"summary_large_image","twitter_creator":"@Cgfmanet_Org","twitter_site":"@Cgfmanet_Org","twitter_misc":{"Escrito por":"Redazione","Tiempo de lectura":"6 minutos"},"schema":{"@context":"https:\/\/schema.org","@graph":[{"@type":"Article","@id":"https:\/\/www.cgfmanet.org\/es\/infoesfera\/mensaje-para-la-60a-jornada-mundial-de-las-comunicaciones-sociales\/#article","isPartOf":{"@id":"https:\/\/www.cgfmanet.org\/es\/infoesfera\/mensaje-para-la-60a-jornada-mundial-de-las-comunicaciones-sociales\/"},"author":{"name":"Redazione","@id":"https:\/\/www.cgfmanet.org\/es\/#\/schema\/person\/ce6473083f53ef0ef882cca23f0c8fb9"},"headline":"Mensaje para la 60\u00aa Jornada Mundial de las Comunicaciones Sociales","datePublished":"2026-01-24T14:45:42+00:00","dateModified":"2026-01-24T20:41:39+00:00","mainEntityOfPage":{"@id":"https:\/\/www.cgfmanet.org\/es\/infoesfera\/mensaje-para-la-60a-jornada-mundial-de-las-comunicaciones-sociales\/"},"wordCount":1187,"commentCount":0,"publisher":{"@id":"https:\/\/www.cgfmanet.org\/es\/#organization"},"image":{"@id":"https:\/\/www.cgfmanet.org\/es\/infoesfera\/mensaje-para-la-60a-jornada-mundial-de-las-comunicaciones-sociales\/#primaryimage"},"thumbnailUrl":"https:\/\/www.cgfmanet.org\/wp-content\/uploads\/2026\/01\/GMGS-2026.jpg","keywords":["Jornada Mundial de Comunicaci\u00f3n social","Focus","Papa Le\u00f3n XIV"],"articleSection":["Infoesfera","Iglesia"],"inLanguage":"es","potentialAction":[{"@type":"CommentAction","name":"Comment","target":["https:\/\/www.cgfmanet.org\/es\/infoesfera\/mensaje-para-la-60a-jornada-mundial-de-las-comunicaciones-sociales\/#respond"]}]},{"@type":"WebPage","@id":"https:\/\/www.cgfmanet.org\/es\/infoesfera\/mensaje-para-la-60a-jornada-mundial-de-las-comunicaciones-sociales\/","url":"https:\/\/www.cgfmanet.org\/es\/infoesfera\/mensaje-para-la-60a-jornada-mundial-de-las-comunicaciones-sociales\/","name":"Mensaje para la 60\u00aa Jornada Mundial de las Comunicaciones Sociales &#8226; Istituto Figlie di Maria Ausiliatrice","isPartOf":{"@id":"https:\/\/www.cgfmanet.org\/es\/#website"},"primaryImageOfPage":{"@id":"https:\/\/www.cgfmanet.org\/es\/infoesfera\/mensaje-para-la-60a-jornada-mundial-de-las-comunicaciones-sociales\/#primaryimage"},"image":{"@id":"https:\/\/www.cgfmanet.org\/es\/infoesfera\/mensaje-para-la-60a-jornada-mundial-de-las-comunicaciones-sociales\/#primaryimage"},"thumbnailUrl":"https:\/\/www.cgfmanet.org\/wp-content\/uploads\/2026\/01\/GMGS-2026.jpg","datePublished":"2026-01-24T14:45:42+00:00","dateModified":"2026-01-24T20:41:39+00:00","description":"El 24 de enero de 2026, en la memoria de San Francisco de Sales, patrono de los periodistas y comunicadores, se publica el Mensaje para la 60\u00aa Jornada Mundial de las Comunicaciones Sociales del Papa Le\u00f3n XIV.","breadcrumb":{"@id":"https:\/\/www.cgfmanet.org\/es\/infoesfera\/mensaje-para-la-60a-jornada-mundial-de-las-comunicaciones-sociales\/#breadcrumb"},"inLanguage":"es","potentialAction":[{"@type":"ReadAction","target":["https:\/\/www.cgfmanet.org\/es\/infoesfera\/mensaje-para-la-60a-jornada-mundial-de-las-comunicaciones-sociales\/"]}]},{"@type":"ImageObject","inLanguage":"es","@id":"https:\/\/www.cgfmanet.org\/es\/infoesfera\/mensaje-para-la-60a-jornada-mundial-de-las-comunicaciones-sociales\/#primaryimage","url":"https:\/\/www.cgfmanet.org\/wp-content\/uploads\/2026\/01\/GMGS-2026.jpg","contentUrl":"https:\/\/www.cgfmanet.org\/wp-content\/uploads\/2026\/01\/GMGS-2026.jpg","width":1200,"height":800},{"@type":"BreadcrumbList","@id":"https:\/\/www.cgfmanet.org\/es\/infoesfera\/mensaje-para-la-60a-jornada-mundial-de-las-comunicaciones-sociales\/#breadcrumb","itemListElement":[{"@type":"ListItem","position":1,"name":"Home","item":"https:\/\/www.cgfmanet.org\/es\/"},{"@type":"ListItem","position":2,"name":"Mensaje para la 60\u00aa Jornada Mundial de las Comunicaciones Sociales"}]},{"@type":"WebSite","@id":"https:\/\/www.cgfmanet.org\/es\/#website","url":"https:\/\/www.cgfmanet.org\/es\/","name":"Istituto Figlie di Maria Ausiliatrice","description":"Salesiane di Don Bosco","publisher":{"@id":"https:\/\/www.cgfmanet.org\/es\/#organization"},"potentialAction":[{"@type":"SearchAction","target":{"@type":"EntryPoint","urlTemplate":"https:\/\/www.cgfmanet.org\/es\/?s={search_term_string}"},"query-input":{"@type":"PropertyValueSpecification","valueRequired":true,"valueName":"search_term_string"}}],"inLanguage":"es"},{"@type":"Organization","@id":"https:\/\/www.cgfmanet.org\/es\/#organization","name":"Istituto Figlie di Maria Ausiliatrice","url":"https:\/\/www.cgfmanet.org\/es\/","logo":{"@type":"ImageObject","inLanguage":"es","@id":"https:\/\/www.cgfmanet.org\/es\/#\/schema\/logo\/image\/","url":"https:\/\/www.cgfmanet.org\/wp-content\/uploads\/2018\/10\/logo-fma.png","contentUrl":"https:\/\/www.cgfmanet.org\/wp-content\/uploads\/2018\/10\/logo-fma.png","width":214,"height":55,"caption":"Istituto Figlie di Maria Ausiliatrice"},"image":{"@id":"https:\/\/www.cgfmanet.org\/es\/#\/schema\/logo\/image\/"},"sameAs":["https:\/\/www.facebook.com\/salesian.sisters.of.don.bosco\/","https:\/\/x.com\/Cgfmanet_Org","https:\/\/www.youtube.com\/channel\/UCmcr8yFQBV7JXeXVxyV9y5Q"]},{"@type":"Person","@id":"https:\/\/www.cgfmanet.org\/es\/#\/schema\/person\/ce6473083f53ef0ef882cca23f0c8fb9","name":"Redazione"}]}},"_links":{"self":[{"href":"https:\/\/www.cgfmanet.org\/es\/wp-json\/wp\/v2\/posts\/151881","targetHints":{"allow":["GET"]}}],"collection":[{"href":"https:\/\/www.cgfmanet.org\/es\/wp-json\/wp\/v2\/posts"}],"about":[{"href":"https:\/\/www.cgfmanet.org\/es\/wp-json\/wp\/v2\/types\/post"}],"author":[{"embeddable":true,"href":"https:\/\/www.cgfmanet.org\/es\/wp-json\/wp\/v2\/users\/21"}],"replies":[{"embeddable":true,"href":"https:\/\/www.cgfmanet.org\/es\/wp-json\/wp\/v2\/comments?post=151881"}],"version-history":[{"count":2,"href":"https:\/\/www.cgfmanet.org\/es\/wp-json\/wp\/v2\/posts\/151881\/revisions"}],"predecessor-version":[{"id":151910,"href":"https:\/\/www.cgfmanet.org\/es\/wp-json\/wp\/v2\/posts\/151881\/revisions\/151910"}],"wp:featuredmedia":[{"embeddable":true,"href":"https:\/\/www.cgfmanet.org\/es\/wp-json\/wp\/v2\/media\/151875"}],"wp:attachment":[{"href":"https:\/\/www.cgfmanet.org\/es\/wp-json\/wp\/v2\/media?parent=151881"}],"wp:term":[{"taxonomy":"category","embeddable":true,"href":"https:\/\/www.cgfmanet.org\/es\/wp-json\/wp\/v2\/categories?post=151881"},{"taxonomy":"post_tag","embeddable":true,"href":"https:\/\/www.cgfmanet.org\/es\/wp-json\/wp\/v2\/tags?post=151881"}],"curies":[{"name":"wp","href":"https:\/\/api.w.org\/{rel}","templated":true}]}}