{"id":151362,"date":"2026-01-19T09:23:08","date_gmt":"2026-01-19T08:23:08","guid":{"rendered":"https:\/\/www.cgfmanet.org\/infoesfera\/29-congresso-interamericano-di-educazione-cattolica-ciec\/"},"modified":"2026-01-24T19:06:12","modified_gmt":"2026-01-24T18:06:12","slug":"29-congreso-interamericano-de-educacion-catolica-ciec","status":"publish","type":"post","link":"https:\/\/www.cgfmanet.org\/es\/ifma-es\/29-congreso-interamericano-de-educacion-catolica-ciec\/","title":{"rendered":"29\u00b0 Congreso Interamericano de Educaci\u00f3n Cat\u00f3lica \u2013 CIEC"},"content":{"rendered":"<p><strong>Lima (Per\u00f9).<\/strong> Del 15 al 17 de enero de 2026 en Lima, en el Westin Lima Hotel &amp; Convention Center, se celebr\u00f3 el <span style=\"color: #0000ff;\"><a style=\"color: #0000ff;\" href=\"https:\/\/congresociec.com\/\" target=\"_blank\" rel=\"noopener\"><strong>XXIX Congreso Interamericano de Educaci\u00f3n Cat\u00f3lica<\/strong><\/a><\/span>, un evento promovido por la CIEC (Confederaci\u00f3n Interamericana de Educaci\u00f3n Cat\u00f3lica) que reuni\u00f3 a equipos directivos, docentes de todos los niveles, agentes de pastoral, formadores, autoridades educativas y religiosas, unidos por el deseo de renovar su compromiso con una educaci\u00f3n cat\u00f3lica viva, inclusiva y prof\u00e9tica.<\/p>\n<p>Bajo el eslogan <strong>Tradici\u00f3n que inspira, innovaci\u00f3n que transforma. \u201cEducar con alma, transformar con visi\u00f3n\u201d<\/strong>, el Congreso ofreci\u00f3 un espacio de encuentro, reflexi\u00f3n y proyecci\u00f3n futura sobre la misi\u00f3n de la escuela cat\u00f3lica en el siglo XXI, valorando la fuerza de su tradici\u00f3n evangelizadora y abri\u00e9ndose a los desaf\u00edos y oportunidades de la innovaci\u00f3n educativa.<\/p>\n<p>Entre los participantes \u2013m\u00e1s de un millar\u2013 se inscribieron 48 personas entre Hijas de Mar\u00eda Auxiliadora y laicos comprometidos en las obras de las FMA. La Inspector\u00eda Santa Rosa de Lima (PER) acogi\u00f3 a varias hermanas. Tambi\u00e9n estuvo presente sor Ivone Goulart Lopes, colaboradora del \u00c1mbito para la Pastoral Juvenil del Instituto FMA, responsable de la Escuela Salesiana en Am\u00e9rica (ESA) y de las Instituciones de Educaci\u00f3n Superior (ISS-FMA). En total, en esta importante cita eclesial y educativa, participaron cerca de ciento veinte miembros de la Familia Salesiana.<\/p>\n<p>El Congreso se articul\u00f3 en torno a seis grandes objetivos:<\/p>\n<ul>\n<li><strong>Reflexionar sobre la identidad institucional en movimiento<\/strong>, para reconocer las ra\u00edces fundacionales y releerlas a la luz de los desaf\u00edos del tiempo presente.<\/li>\n<li><strong>Compartir experiencias pedag\u00f3gicas innovadoras y transformadoras<\/strong>, que promuevan un aprendizaje significativo y la centralidad del estudiante.<\/li>\n<li><strong>Analizar el impacto de la inteligencia artificial y la tecnolog\u00eda en la educaci\u00f3n<\/strong>, valorando su uso \u00e9tico, cr\u00edtico y creativo.<\/li>\n<li><strong>Fortalecer el liderazgo educativo<\/strong>, entendido como servicio, corresponsabilidad y motor de comunidades de aprendizaje.<\/li>\n<li><strong>Promover una conciencia ecol\u00f3gica integral<\/strong>, inspirada en el cuidado de la Casa Com\u00fan y en los valores de la sostenibilidad.<\/li>\n<li><strong>Profundizar en estrategias de marketing educativo con identidad y coherencia<\/strong>, para poner en valor los proyectos educativos y construir v\u00ednculos aut\u00e9nticos con las familias y la sociedad.<\/li>\n<\/ul>\n<p>Adem\u00e1s de las conferencias y los momentos de intercambio acad\u00e9mico, el Congreso se vio enriquecido por celebraciones eucar\u00edsticas, momentos culturales y la entrega del <strong>\u201cPremio Jes\u00fas Maestro\u201d<\/strong>, con el que se reconoci\u00f3 el compromiso y la creatividad de los educadores cat\u00f3licos del continente.<\/p>\n<p>Con gran alegr\u00eda, recibieron tambi\u00e9n el Premio <strong>sor Laura Guisado, FMA<\/strong> de la Inspector\u00eda uruguaya Inmaculada Concepci\u00f3n (URU), a t\u00edtulo personal, y el <strong>padre Alexander Sosa Vaca<\/strong>, SDB, Director Nacional de las Escuelas Populares Don Bosco, en nombre de la instituci\u00f3n.<\/p>\n<p>El XXIX Congreso Interamericano de Educaci\u00f3n Cat\u00f3lica ha sido un tiempo de renovaci\u00f3n, discernimiento y comuni\u00f3n, un impulso para \u201ceducar con alma y transformar con visi\u00f3n\u201d, a fin de que las escuelas cat\u00f3licas sigan siendo espacios de luz, esperanza y futuro para las nuevas generaciones.<\/p>\n\r\n                <style type=\"text\/css\">\r\n                    \r\n                    #tdi_1  .td-doubleSlider-2 .td-item1 {\r\n                        background: url(https:\/\/www.cgfmanet.org\/wp-content\/uploads\/2026\/01\/CIEC-2026_5-80x60.jpg) 0 0 no-repeat;\r\n                    }\r\n                    #tdi_1  .td-doubleSlider-2 .td-item2 {\r\n                        background: url(https:\/\/www.cgfmanet.org\/wp-content\/uploads\/2026\/01\/CIEC-2026_2-80x60.jpg) 0 0 no-repeat;\r\n                    }\r\n                    #tdi_1  .td-doubleSlider-2 .td-item3 {\r\n                        background: url(https:\/\/www.cgfmanet.org\/wp-content\/uploads\/2026\/01\/CIEC-2026_3-80x60.jpg) 0 0 no-repeat;\r\n                    }\r\n                    #tdi_1  .td-doubleSlider-2 .td-item4 {\r\n                        background: url(https:\/\/www.cgfmanet.org\/wp-content\/uploads\/2026\/01\/CIEC-2026_4-80x60.jpg) 0 0 no-repeat;\r\n                    }\r\n                    #tdi_1  .td-doubleSlider-2 .td-item5 {\r\n                        background: url(https:\/\/www.cgfmanet.org\/wp-content\/uploads\/2026\/01\/CIEC-2026_6-80x60.jpg) 0 0 no-repeat;\r\n                    }\r\n                <\/style>\r\n\r\n                <div id=\"tdi_1\" class=\"td-gallery td-slide-on-2-columns\">\r\n                    <div class=\"post_td_gallery\">\r\n                        <div class=\"td-gallery-slide-top\">\r\n                           <div class=\"td-gallery-title\"><\/div>\r\n\r\n                            <div class=\"td-gallery-controls-wrapper\">\r\n                                <div class=\"td-gallery-slide-count\"><span class=\"td-gallery-slide-item-focus\">1<\/span> de 5<\/div>\r\n                                <div class=\"td-gallery-slide-prev-next-but\">\r\n                                    <i class = \"td-icon-left doubleSliderPrevButton\"><\/i>\r\n                                    <i class = \"td-icon-right doubleSliderNextButton\"><\/i>\r\n                                <\/div>\r\n                            <\/div>\r\n                        <\/div>\r\n\r\n                        <div class = \"td-doubleSlider-1 \">\r\n                            <div class = \"td-slider\">\r\n                                \r\n                    <div class = \"td-slide-item td-item1\">\r\n                        <figure class=\"td-slide-galery-figure td-slide-popup-gallery\">\r\n                            <a class=\"slide-gallery-image-link\" href=\"https:\/\/www.cgfmanet.org\/wp-content\/uploads\/2026\/01\/CIEC-2026_5.jpg\" title=\"CIEC 2026_5\"  data-caption=\"\"  data-description=\"\">\r\n                                <img decoding=\"async\" data-src=\"https:\/\/www.cgfmanet.org\/wp-content\/uploads\/2026\/01\/CIEC-2026_5-747x420.jpg\" data-srcset=\"https:\/\/www.cgfmanet.org\/wp-content\/uploads\/2026\/01\/CIEC-2026_5-747x420.jpg 747w, https:\/\/www.cgfmanet.org\/wp-content\/uploads\/2026\/01\/CIEC-2026_5-768x432.jpg 768w, https:\/\/www.cgfmanet.org\/wp-content\/uploads\/2026\/01\/CIEC-2026_5-696x391.jpg 696w, https:\/\/www.cgfmanet.org\/wp-content\/uploads\/2026\/01\/CIEC-2026_5.jpg 1181w\" data-sizes=\"auto\" alt=\"\" src=\"data:image\/svg+xml;base64,PHN2ZyB3aWR0aD0iMSIgaGVpZ2h0PSIxIiB4bWxucz0iaHR0cDovL3d3dy53My5vcmcvMjAwMC9zdmciPjwvc3ZnPg==\" class=\"lazyload\" style=\"--smush-placeholder-width: 747px; --smush-placeholder-aspect-ratio: 747\/420;\" data-original-sizes=\"(max-width: 747px) 100vw, 747px\">\r\n                            <\/a>\r\n                            \r\n                        <\/figure>\r\n                    <\/div>\r\n                    <div class = \"td-slide-item td-item2\">\r\n                        <figure class=\"td-slide-galery-figure td-slide-popup-gallery\">\r\n                            <a class=\"slide-gallery-image-link\" href=\"https:\/\/www.cgfmanet.org\/wp-content\/uploads\/2026\/01\/CIEC-2026_2.jpg\" title=\"CIEC 2026_2\"  data-caption=\"\"  data-description=\"\">\r\n                                <img decoding=\"async\" data-src=\"https:\/\/www.cgfmanet.org\/wp-content\/uploads\/2026\/01\/CIEC-2026_2-630x420.jpg\" data-srcset=\"https:\/\/www.cgfmanet.org\/wp-content\/uploads\/2026\/01\/CIEC-2026_2-630x420.jpg 630w, https:\/\/www.cgfmanet.org\/wp-content\/uploads\/2026\/01\/CIEC-2026_2-768x512.jpg 768w, https:\/\/www.cgfmanet.org\/wp-content\/uploads\/2026\/01\/CIEC-2026_2-1536x1024.jpg 1536w, https:\/\/www.cgfmanet.org\/wp-content\/uploads\/2026\/01\/CIEC-2026_2-696x464.jpg 696w, https:\/\/www.cgfmanet.org\/wp-content\/uploads\/2026\/01\/CIEC-2026_2.jpg 1588w\" data-sizes=\"auto\" alt=\"\" src=\"data:image\/svg+xml;base64,PHN2ZyB3aWR0aD0iMSIgaGVpZ2h0PSIxIiB4bWxucz0iaHR0cDovL3d3dy53My5vcmcvMjAwMC9zdmciPjwvc3ZnPg==\" class=\"lazyload\" style=\"--smush-placeholder-width: 630px; --smush-placeholder-aspect-ratio: 630\/420;\" data-original-sizes=\"(max-width: 630px) 100vw, 630px\">\r\n                            <\/a>\r\n                            \r\n                        <\/figure>\r\n                    <\/div>\r\n                    <div class = \"td-slide-item td-item3\">\r\n                        <figure class=\"td-slide-galery-figure td-slide-popup-gallery\">\r\n                            <a class=\"slide-gallery-image-link\" href=\"https:\/\/www.cgfmanet.org\/wp-content\/uploads\/2026\/01\/CIEC-2026_3.jpg\" title=\"CIEC 2026_3\"  data-caption=\"\"  data-description=\"\">\r\n                                <img decoding=\"async\" data-src=\"https:\/\/www.cgfmanet.org\/wp-content\/uploads\/2026\/01\/CIEC-2026_3-210x420.jpg\" data-srcset=\"https:\/\/www.cgfmanet.org\/wp-content\/uploads\/2026\/01\/CIEC-2026_3-210x420.jpg 210w, https:\/\/www.cgfmanet.org\/wp-content\/uploads\/2026\/01\/CIEC-2026_3-768x1538.jpg 768w, https:\/\/www.cgfmanet.org\/wp-content\/uploads\/2026\/01\/CIEC-2026_3-767x1536.jpg 767w, https:\/\/www.cgfmanet.org\/wp-content\/uploads\/2026\/01\/CIEC-2026_3-696x1394.jpg 696w, https:\/\/www.cgfmanet.org\/wp-content\/uploads\/2026\/01\/CIEC-2026_3.jpg 876w\" data-sizes=\"auto\" alt=\"\" src=\"data:image\/svg+xml;base64,PHN2ZyB3aWR0aD0iMSIgaGVpZ2h0PSIxIiB4bWxucz0iaHR0cDovL3d3dy53My5vcmcvMjAwMC9zdmciPjwvc3ZnPg==\" class=\"lazyload\" style=\"--smush-placeholder-width: 210px; --smush-placeholder-aspect-ratio: 210\/420;\" data-original-sizes=\"(max-width: 210px) 100vw, 210px\">\r\n                            <\/a>\r\n                            \r\n                        <\/figure>\r\n                    <\/div>\r\n                    <div class = \"td-slide-item td-item4\">\r\n                        <figure class=\"td-slide-galery-figure td-slide-popup-gallery\">\r\n                            <a class=\"slide-gallery-image-link\" href=\"https:\/\/www.cgfmanet.org\/wp-content\/uploads\/2026\/01\/CIEC-2026_4.jpg\" title=\"CIEC 2026_4\"  data-caption=\"\"  data-description=\"\">\r\n                                <img decoding=\"async\" data-src=\"https:\/\/www.cgfmanet.org\/wp-content\/uploads\/2026\/01\/CIEC-2026_4-747x420.jpg\" data-srcset=\"https:\/\/www.cgfmanet.org\/wp-content\/uploads\/2026\/01\/CIEC-2026_4-747x420.jpg 747w, https:\/\/www.cgfmanet.org\/wp-content\/uploads\/2026\/01\/CIEC-2026_4-768x432.jpg 768w, https:\/\/www.cgfmanet.org\/wp-content\/uploads\/2026\/01\/CIEC-2026_4-696x391.jpg 696w, https:\/\/www.cgfmanet.org\/wp-content\/uploads\/2026\/01\/CIEC-2026_4.jpg 1181w\" data-sizes=\"auto\" alt=\"\" src=\"data:image\/svg+xml;base64,PHN2ZyB3aWR0aD0iMSIgaGVpZ2h0PSIxIiB4bWxucz0iaHR0cDovL3d3dy53My5vcmcvMjAwMC9zdmciPjwvc3ZnPg==\" class=\"lazyload\" style=\"--smush-placeholder-width: 747px; --smush-placeholder-aspect-ratio: 747\/420;\" data-original-sizes=\"(max-width: 747px) 100vw, 747px\">\r\n                            <\/a>\r\n                            \r\n                        <\/figure>\r\n                    <\/div>\r\n                    <div class = \"td-slide-item td-item5\">\r\n                        <figure class=\"td-slide-galery-figure td-slide-popup-gallery\">\r\n                            <a class=\"slide-gallery-image-link\" href=\"https:\/\/www.cgfmanet.org\/wp-content\/uploads\/2026\/01\/CIEC-2026_6.jpg\" title=\"CIEC 2026_6\"  data-caption=\"\"  data-description=\"\">\r\n                                <img decoding=\"async\" data-src=\"https:\/\/www.cgfmanet.org\/wp-content\/uploads\/2026\/01\/CIEC-2026_6-899x420.jpg\" data-srcset=\"https:\/\/www.cgfmanet.org\/wp-content\/uploads\/2026\/01\/CIEC-2026_6-899x420.jpg 899w, https:\/\/www.cgfmanet.org\/wp-content\/uploads\/2026\/01\/CIEC-2026_6-768x359.jpg 768w, https:\/\/www.cgfmanet.org\/wp-content\/uploads\/2026\/01\/CIEC-2026_6-696x325.jpg 696w, https:\/\/www.cgfmanet.org\/wp-content\/uploads\/2026\/01\/CIEC-2026_6.jpg 1181w\" data-sizes=\"auto\" alt=\"\" src=\"data:image\/svg+xml;base64,PHN2ZyB3aWR0aD0iMSIgaGVpZ2h0PSIxIiB4bWxucz0iaHR0cDovL3d3dy53My5vcmcvMjAwMC9zdmciPjwvc3ZnPg==\" class=\"lazyload\" style=\"--smush-placeholder-width: 899px; --smush-placeholder-aspect-ratio: 899\/420;\" data-original-sizes=\"(max-width: 899px) 100vw, 899px\">\r\n                            <\/a>\r\n                            \r\n                        <\/figure>\r\n                    <\/div>\r\n                            <\/div>\r\n                        <\/div>\r\n\r\n                        <div class = \"td-doubleSlider-2\">\r\n                            <div class = \"td-slider\">\r\n                                \r\n                    <div class = \"td-button td-item1\">\r\n                        <div class = \"td-border\"><\/div>\r\n                    <\/div>\r\n                    <div class = \"td-button td-item2\">\r\n                        <div class = \"td-border\"><\/div>\r\n                    <\/div>\r\n                    <div class = \"td-button td-item3\">\r\n                        <div class = \"td-border\"><\/div>\r\n                    <\/div>\r\n                    <div class = \"td-button td-item4\">\r\n                        <div class = \"td-border\"><\/div>\r\n                    <\/div>\r\n                    <div class = \"td-button td-item5\">\r\n                        <div class = \"td-border\"><\/div>\r\n                    <\/div>\r\n                            <\/div>\r\n                        <\/div>\r\n\r\n                    <\/div>\r\n\r\n                <\/div>\r\n                \n","protected":false},"excerpt":{"rendered":"<p>Lima (Per\u00f9). Del 15 al 17 de enero de 2026 en Lima, en el Westin Lima Hotel &amp; Convention Center, se celebr\u00f3 el XXIX Congreso Interamericano de Educaci\u00f3n Cat\u00f3lica, un [&hellip;]<\/p>\n","protected":false},"author":21,"featured_media":151357,"comment_status":"open","ping_status":"closed","sticky":false,"template":"","format":"standard","meta":{"footnotes":""},"categories":[158,179],"tags":[932,1307,1454,1779],"class_list":["post-151362","post","type-post","status-publish","format-standard","has-post-thumbnail","category-ifma-es","category-educacion","tag-america-es","tag-per-es","tag-escuela","tag-familia-salesiana-es"],"yoast_head":"<!-- This site is optimized with the Yoast SEO plugin v27.4 - https:\/\/yoast.com\/product\/yoast-seo-wordpress\/ -->\n<title>29\u00b0 Congreso Interamericano de Educaci\u00f3n Cat\u00f3lica \u2013 CIEC &#8226; Istituto Figlie di Maria Ausiliatrice<\/title>\n<meta name=\"description\" content=\"Del 15 al 17 de enero de 2026 en Lima, Per\u00fa, se llev\u00f3 a cabo el XXIX Congreso Interamericano de Educaci\u00f3n Cat\u00f3lica bajo el lema: \u201cTradici\u00f3n que inspira, innovaci\u00f3n que transforma\u201d.\" \/>\n<meta name=\"robots\" content=\"index, follow, max-snippet:-1, max-image-preview:large, max-video-preview:-1\" \/>\n<link rel=\"canonical\" href=\"https:\/\/www.cgfmanet.org\/es\/ifma-es\/29-congreso-interamericano-de-educacion-catolica-ciec\/\" \/>\n<meta property=\"og:locale\" content=\"es_ES\" \/>\n<meta property=\"og:type\" content=\"article\" \/>\n<meta property=\"og:title\" content=\"29\u00b0 Congreso Interamericano de Educaci\u00f3n Cat\u00f3lica \u2013 CIEC &#8226; Istituto Figlie di Maria Ausiliatrice\" \/>\n<meta property=\"og:description\" content=\"Del 15 al 17 de enero de 2026 en Lima, Per\u00fa, se llev\u00f3 a cabo el XXIX Congreso Interamericano de Educaci\u00f3n Cat\u00f3lica bajo el lema: \u201cTradici\u00f3n que inspira, innovaci\u00f3n que transforma\u201d.\" \/>\n<meta property=\"og:url\" content=\"https:\/\/www.cgfmanet.org\/es\/ifma-es\/29-congreso-interamericano-de-educacion-catolica-ciec\/\" \/>\n<meta property=\"og:site_name\" content=\"Istituto Figlie di Maria Ausiliatrice\" \/>\n<meta property=\"article:publisher\" content=\"https:\/\/www.facebook.com\/salesian.sisters.of.don.bosco\/\" \/>\n<meta property=\"article:published_time\" content=\"2026-01-19T08:23:08+00:00\" \/>\n<meta property=\"article:modified_time\" content=\"2026-01-24T18:06:12+00:00\" \/>\n<meta property=\"og:image\" content=\"https:\/\/www.cgfmanet.org\/wp-content\/uploads\/2026\/01\/CIEC-2026.jpg\" \/>\n\t<meta property=\"og:image:width\" content=\"1181\" \/>\n\t<meta property=\"og:image:height\" content=\"787\" \/>\n\t<meta property=\"og:image:type\" content=\"image\/jpeg\" \/>\n<meta name=\"author\" content=\"Redazione\" \/>\n<meta name=\"twitter:card\" content=\"summary_large_image\" \/>\n<meta name=\"twitter:creator\" content=\"@Cgfmanet_Org\" \/>\n<meta name=\"twitter:site\" content=\"@Cgfmanet_Org\" \/>\n<meta name=\"twitter:label1\" content=\"Escrito por\" \/>\n\t<meta name=\"twitter:data1\" content=\"Redazione\" \/>\n\t<meta name=\"twitter:label2\" content=\"Tiempo de lectura\" \/>\n\t<meta name=\"twitter:data2\" content=\"3 minutos\" \/>\n<script type=\"application\/ld+json\" class=\"yoast-schema-graph\">{\"@context\":\"https:\\\/\\\/schema.org\",\"@graph\":[{\"@type\":\"Article\",\"@id\":\"https:\\\/\\\/www.cgfmanet.org\\\/es\\\/ifma-es\\\/29-congreso-interamericano-de-educacion-catolica-ciec\\\/#article\",\"isPartOf\":{\"@id\":\"https:\\\/\\\/www.cgfmanet.org\\\/es\\\/ifma-es\\\/29-congreso-interamericano-de-educacion-catolica-ciec\\\/\"},\"author\":{\"name\":\"Redazione\",\"@id\":\"https:\\\/\\\/www.cgfmanet.org\\\/es\\\/#\\\/schema\\\/person\\\/ce6473083f53ef0ef882cca23f0c8fb9\"},\"headline\":\"29\u00b0 Congreso Interamericano de Educaci\u00f3n Cat\u00f3lica \u2013 CIEC\",\"datePublished\":\"2026-01-19T08:23:08+00:00\",\"dateModified\":\"2026-01-24T18:06:12+00:00\",\"mainEntityOfPage\":{\"@id\":\"https:\\\/\\\/www.cgfmanet.org\\\/es\\\/ifma-es\\\/29-congreso-interamericano-de-educacion-catolica-ciec\\\/\"},\"wordCount\":542,\"commentCount\":0,\"publisher\":{\"@id\":\"https:\\\/\\\/www.cgfmanet.org\\\/es\\\/#organization\"},\"image\":{\"@id\":\"https:\\\/\\\/www.cgfmanet.org\\\/es\\\/ifma-es\\\/29-congreso-interamericano-de-educacion-catolica-ciec\\\/#primaryimage\"},\"thumbnailUrl\":\"https:\\\/\\\/www.cgfmanet.org\\\/wp-content\\\/uploads\\\/2026\\\/01\\\/CIEC-2026.jpg\",\"keywords\":[\"Am\u00e9rica\",\"PER\",\"Escuela\",\"Familia Salesiana\"],\"articleSection\":[\"IFMA\",\"Educaci\u00f3n\"],\"inLanguage\":\"es\",\"potentialAction\":[{\"@type\":\"CommentAction\",\"name\":\"Comment\",\"target\":[\"https:\\\/\\\/www.cgfmanet.org\\\/es\\\/ifma-es\\\/29-congreso-interamericano-de-educacion-catolica-ciec\\\/#respond\"]}]},{\"@type\":\"WebPage\",\"@id\":\"https:\\\/\\\/www.cgfmanet.org\\\/es\\\/ifma-es\\\/29-congreso-interamericano-de-educacion-catolica-ciec\\\/\",\"url\":\"https:\\\/\\\/www.cgfmanet.org\\\/es\\\/ifma-es\\\/29-congreso-interamericano-de-educacion-catolica-ciec\\\/\",\"name\":\"29\u00b0 Congreso Interamericano de Educaci\u00f3n Cat\u00f3lica \u2013 CIEC &#8226; Istituto Figlie di Maria Ausiliatrice\",\"isPartOf\":{\"@id\":\"https:\\\/\\\/www.cgfmanet.org\\\/es\\\/#website\"},\"primaryImageOfPage\":{\"@id\":\"https:\\\/\\\/www.cgfmanet.org\\\/es\\\/ifma-es\\\/29-congreso-interamericano-de-educacion-catolica-ciec\\\/#primaryimage\"},\"image\":{\"@id\":\"https:\\\/\\\/www.cgfmanet.org\\\/es\\\/ifma-es\\\/29-congreso-interamericano-de-educacion-catolica-ciec\\\/#primaryimage\"},\"thumbnailUrl\":\"https:\\\/\\\/www.cgfmanet.org\\\/wp-content\\\/uploads\\\/2026\\\/01\\\/CIEC-2026.jpg\",\"datePublished\":\"2026-01-19T08:23:08+00:00\",\"dateModified\":\"2026-01-24T18:06:12+00:00\",\"description\":\"Del 15 al 17 de enero de 2026 en Lima, Per\u00fa, se llev\u00f3 a cabo el XXIX Congreso Interamericano de Educaci\u00f3n Cat\u00f3lica bajo el lema: \u201cTradici\u00f3n que inspira, innovaci\u00f3n que transforma\u201d.\",\"breadcrumb\":{\"@id\":\"https:\\\/\\\/www.cgfmanet.org\\\/es\\\/ifma-es\\\/29-congreso-interamericano-de-educacion-catolica-ciec\\\/#breadcrumb\"},\"inLanguage\":\"es\",\"potentialAction\":[{\"@type\":\"ReadAction\",\"target\":[\"https:\\\/\\\/www.cgfmanet.org\\\/es\\\/ifma-es\\\/29-congreso-interamericano-de-educacion-catolica-ciec\\\/\"]}]},{\"@type\":\"ImageObject\",\"inLanguage\":\"es\",\"@id\":\"https:\\\/\\\/www.cgfmanet.org\\\/es\\\/ifma-es\\\/29-congreso-interamericano-de-educacion-catolica-ciec\\\/#primaryimage\",\"url\":\"https:\\\/\\\/www.cgfmanet.org\\\/wp-content\\\/uploads\\\/2026\\\/01\\\/CIEC-2026.jpg\",\"contentUrl\":\"https:\\\/\\\/www.cgfmanet.org\\\/wp-content\\\/uploads\\\/2026\\\/01\\\/CIEC-2026.jpg\",\"width\":1181,\"height\":787,\"caption\":\"filter: 0; fileterIntensity: 0.0; filterMask: 0; captureOrientation: null; brp_mask:0; brp_del_th:null; brp_del_sen:null; delta:null; module: photo;hw-remosaic: false;touch: (-1.0, -1.0);sceneMode: 128;cct_value: 0;AI_Scene: (-1, -1);aec_lux: 0.0;aec_lux_index: 0;HdrStatus: auto;albedo: ;confidence: ;motionLevel: 0;weatherinfo: null;temperature: 32;\"},{\"@type\":\"BreadcrumbList\",\"@id\":\"https:\\\/\\\/www.cgfmanet.org\\\/es\\\/ifma-es\\\/29-congreso-interamericano-de-educacion-catolica-ciec\\\/#breadcrumb\",\"itemListElement\":[{\"@type\":\"ListItem\",\"position\":1,\"name\":\"Home\",\"item\":\"https:\\\/\\\/www.cgfmanet.org\\\/es\\\/\"},{\"@type\":\"ListItem\",\"position\":2,\"name\":\"29\u00b0 Congreso Interamericano de Educaci\u00f3n Cat\u00f3lica \u2013 CIEC\"}]},{\"@type\":\"WebSite\",\"@id\":\"https:\\\/\\\/www.cgfmanet.org\\\/es\\\/#website\",\"url\":\"https:\\\/\\\/www.cgfmanet.org\\\/es\\\/\",\"name\":\"Istituto Figlie di Maria Ausiliatrice\",\"description\":\"Salesiane di Don Bosco\",\"publisher\":{\"@id\":\"https:\\\/\\\/www.cgfmanet.org\\\/es\\\/#organization\"},\"potentialAction\":[{\"@type\":\"SearchAction\",\"target\":{\"@type\":\"EntryPoint\",\"urlTemplate\":\"https:\\\/\\\/www.cgfmanet.org\\\/es\\\/?s={search_term_string}\"},\"query-input\":{\"@type\":\"PropertyValueSpecification\",\"valueRequired\":true,\"valueName\":\"search_term_string\"}}],\"inLanguage\":\"es\"},{\"@type\":\"Organization\",\"@id\":\"https:\\\/\\\/www.cgfmanet.org\\\/es\\\/#organization\",\"name\":\"Istituto Figlie di Maria Ausiliatrice\",\"url\":\"https:\\\/\\\/www.cgfmanet.org\\\/es\\\/\",\"logo\":{\"@type\":\"ImageObject\",\"inLanguage\":\"es\",\"@id\":\"https:\\\/\\\/www.cgfmanet.org\\\/es\\\/#\\\/schema\\\/logo\\\/image\\\/\",\"url\":\"https:\\\/\\\/www.cgfmanet.org\\\/wp-content\\\/uploads\\\/2018\\\/10\\\/logo-fma.png\",\"contentUrl\":\"https:\\\/\\\/www.cgfmanet.org\\\/wp-content\\\/uploads\\\/2018\\\/10\\\/logo-fma.png\",\"width\":214,\"height\":55,\"caption\":\"Istituto Figlie di Maria Ausiliatrice\"},\"image\":{\"@id\":\"https:\\\/\\\/www.cgfmanet.org\\\/es\\\/#\\\/schema\\\/logo\\\/image\\\/\"},\"sameAs\":[\"https:\\\/\\\/www.facebook.com\\\/salesian.sisters.of.don.bosco\\\/\",\"https:\\\/\\\/x.com\\\/Cgfmanet_Org\",\"https:\\\/\\\/www.youtube.com\\\/channel\\\/UCmcr8yFQBV7JXeXVxyV9y5Q\"]},{\"@type\":\"Person\",\"@id\":\"https:\\\/\\\/www.cgfmanet.org\\\/es\\\/#\\\/schema\\\/person\\\/ce6473083f53ef0ef882cca23f0c8fb9\",\"name\":\"Redazione\"}]}<\/script>\n<!-- \/ Yoast SEO plugin. -->","yoast_head_json":{"title":"29\u00b0 Congreso Interamericano de Educaci\u00f3n Cat\u00f3lica \u2013 CIEC &#8226; Istituto Figlie di Maria Ausiliatrice","description":"Del 15 al 17 de enero de 2026 en Lima, Per\u00fa, se llev\u00f3 a cabo el XXIX Congreso Interamericano de Educaci\u00f3n Cat\u00f3lica bajo el lema: \u201cTradici\u00f3n que inspira, innovaci\u00f3n que transforma\u201d.","robots":{"index":"index","follow":"follow","max-snippet":"max-snippet:-1","max-image-preview":"max-image-preview:large","max-video-preview":"max-video-preview:-1"},"canonical":"https:\/\/www.cgfmanet.org\/es\/ifma-es\/29-congreso-interamericano-de-educacion-catolica-ciec\/","og_locale":"es_ES","og_type":"article","og_title":"29\u00b0 Congreso Interamericano de Educaci\u00f3n Cat\u00f3lica \u2013 CIEC &#8226; Istituto Figlie di Maria Ausiliatrice","og_description":"Del 15 al 17 de enero de 2026 en Lima, Per\u00fa, se llev\u00f3 a cabo el XXIX Congreso Interamericano de Educaci\u00f3n Cat\u00f3lica bajo el lema: \u201cTradici\u00f3n que inspira, innovaci\u00f3n que transforma\u201d.","og_url":"https:\/\/www.cgfmanet.org\/es\/ifma-es\/29-congreso-interamericano-de-educacion-catolica-ciec\/","og_site_name":"Istituto Figlie di Maria Ausiliatrice","article_publisher":"https:\/\/www.facebook.com\/salesian.sisters.of.don.bosco\/","article_published_time":"2026-01-19T08:23:08+00:00","article_modified_time":"2026-01-24T18:06:12+00:00","og_image":[{"width":1181,"height":787,"url":"https:\/\/www.cgfmanet.org\/wp-content\/uploads\/2026\/01\/CIEC-2026.jpg","type":"image\/jpeg"}],"author":"Redazione","twitter_card":"summary_large_image","twitter_creator":"@Cgfmanet_Org","twitter_site":"@Cgfmanet_Org","twitter_misc":{"Escrito por":"Redazione","Tiempo de lectura":"3 minutos"},"schema":{"@context":"https:\/\/schema.org","@graph":[{"@type":"Article","@id":"https:\/\/www.cgfmanet.org\/es\/ifma-es\/29-congreso-interamericano-de-educacion-catolica-ciec\/#article","isPartOf":{"@id":"https:\/\/www.cgfmanet.org\/es\/ifma-es\/29-congreso-interamericano-de-educacion-catolica-ciec\/"},"author":{"name":"Redazione","@id":"https:\/\/www.cgfmanet.org\/es\/#\/schema\/person\/ce6473083f53ef0ef882cca23f0c8fb9"},"headline":"29\u00b0 Congreso Interamericano de Educaci\u00f3n Cat\u00f3lica \u2013 CIEC","datePublished":"2026-01-19T08:23:08+00:00","dateModified":"2026-01-24T18:06:12+00:00","mainEntityOfPage":{"@id":"https:\/\/www.cgfmanet.org\/es\/ifma-es\/29-congreso-interamericano-de-educacion-catolica-ciec\/"},"wordCount":542,"commentCount":0,"publisher":{"@id":"https:\/\/www.cgfmanet.org\/es\/#organization"},"image":{"@id":"https:\/\/www.cgfmanet.org\/es\/ifma-es\/29-congreso-interamericano-de-educacion-catolica-ciec\/#primaryimage"},"thumbnailUrl":"https:\/\/www.cgfmanet.org\/wp-content\/uploads\/2026\/01\/CIEC-2026.jpg","keywords":["Am\u00e9rica","PER","Escuela","Familia Salesiana"],"articleSection":["IFMA","Educaci\u00f3n"],"inLanguage":"es","potentialAction":[{"@type":"CommentAction","name":"Comment","target":["https:\/\/www.cgfmanet.org\/es\/ifma-es\/29-congreso-interamericano-de-educacion-catolica-ciec\/#respond"]}]},{"@type":"WebPage","@id":"https:\/\/www.cgfmanet.org\/es\/ifma-es\/29-congreso-interamericano-de-educacion-catolica-ciec\/","url":"https:\/\/www.cgfmanet.org\/es\/ifma-es\/29-congreso-interamericano-de-educacion-catolica-ciec\/","name":"29\u00b0 Congreso Interamericano de Educaci\u00f3n Cat\u00f3lica \u2013 CIEC &#8226; Istituto Figlie di Maria Ausiliatrice","isPartOf":{"@id":"https:\/\/www.cgfmanet.org\/es\/#website"},"primaryImageOfPage":{"@id":"https:\/\/www.cgfmanet.org\/es\/ifma-es\/29-congreso-interamericano-de-educacion-catolica-ciec\/#primaryimage"},"image":{"@id":"https:\/\/www.cgfmanet.org\/es\/ifma-es\/29-congreso-interamericano-de-educacion-catolica-ciec\/#primaryimage"},"thumbnailUrl":"https:\/\/www.cgfmanet.org\/wp-content\/uploads\/2026\/01\/CIEC-2026.jpg","datePublished":"2026-01-19T08:23:08+00:00","dateModified":"2026-01-24T18:06:12+00:00","description":"Del 15 al 17 de enero de 2026 en Lima, Per\u00fa, se llev\u00f3 a cabo el XXIX Congreso Interamericano de Educaci\u00f3n Cat\u00f3lica bajo el lema: \u201cTradici\u00f3n que inspira, innovaci\u00f3n que transforma\u201d.","breadcrumb":{"@id":"https:\/\/www.cgfmanet.org\/es\/ifma-es\/29-congreso-interamericano-de-educacion-catolica-ciec\/#breadcrumb"},"inLanguage":"es","potentialAction":[{"@type":"ReadAction","target":["https:\/\/www.cgfmanet.org\/es\/ifma-es\/29-congreso-interamericano-de-educacion-catolica-ciec\/"]}]},{"@type":"ImageObject","inLanguage":"es","@id":"https:\/\/www.cgfmanet.org\/es\/ifma-es\/29-congreso-interamericano-de-educacion-catolica-ciec\/#primaryimage","url":"https:\/\/www.cgfmanet.org\/wp-content\/uploads\/2026\/01\/CIEC-2026.jpg","contentUrl":"https:\/\/www.cgfmanet.org\/wp-content\/uploads\/2026\/01\/CIEC-2026.jpg","width":1181,"height":787,"caption":"filter: 0; fileterIntensity: 0.0; filterMask: 0; captureOrientation: null; brp_mask:0; brp_del_th:null; brp_del_sen:null; delta:null; module: photo;hw-remosaic: false;touch: (-1.0, -1.0);sceneMode: 128;cct_value: 0;AI_Scene: (-1, -1);aec_lux: 0.0;aec_lux_index: 0;HdrStatus: auto;albedo: ;confidence: ;motionLevel: 0;weatherinfo: null;temperature: 32;"},{"@type":"BreadcrumbList","@id":"https:\/\/www.cgfmanet.org\/es\/ifma-es\/29-congreso-interamericano-de-educacion-catolica-ciec\/#breadcrumb","itemListElement":[{"@type":"ListItem","position":1,"name":"Home","item":"https:\/\/www.cgfmanet.org\/es\/"},{"@type":"ListItem","position":2,"name":"29\u00b0 Congreso Interamericano de Educaci\u00f3n Cat\u00f3lica \u2013 CIEC"}]},{"@type":"WebSite","@id":"https:\/\/www.cgfmanet.org\/es\/#website","url":"https:\/\/www.cgfmanet.org\/es\/","name":"Istituto Figlie di Maria Ausiliatrice","description":"Salesiane di Don Bosco","publisher":{"@id":"https:\/\/www.cgfmanet.org\/es\/#organization"},"potentialAction":[{"@type":"SearchAction","target":{"@type":"EntryPoint","urlTemplate":"https:\/\/www.cgfmanet.org\/es\/?s={search_term_string}"},"query-input":{"@type":"PropertyValueSpecification","valueRequired":true,"valueName":"search_term_string"}}],"inLanguage":"es"},{"@type":"Organization","@id":"https:\/\/www.cgfmanet.org\/es\/#organization","name":"Istituto Figlie di Maria Ausiliatrice","url":"https:\/\/www.cgfmanet.org\/es\/","logo":{"@type":"ImageObject","inLanguage":"es","@id":"https:\/\/www.cgfmanet.org\/es\/#\/schema\/logo\/image\/","url":"https:\/\/www.cgfmanet.org\/wp-content\/uploads\/2018\/10\/logo-fma.png","contentUrl":"https:\/\/www.cgfmanet.org\/wp-content\/uploads\/2018\/10\/logo-fma.png","width":214,"height":55,"caption":"Istituto Figlie di Maria Ausiliatrice"},"image":{"@id":"https:\/\/www.cgfmanet.org\/es\/#\/schema\/logo\/image\/"},"sameAs":["https:\/\/www.facebook.com\/salesian.sisters.of.don.bosco\/","https:\/\/x.com\/Cgfmanet_Org","https:\/\/www.youtube.com\/channel\/UCmcr8yFQBV7JXeXVxyV9y5Q"]},{"@type":"Person","@id":"https:\/\/www.cgfmanet.org\/es\/#\/schema\/person\/ce6473083f53ef0ef882cca23f0c8fb9","name":"Redazione"}]}},"_links":{"self":[{"href":"https:\/\/www.cgfmanet.org\/es\/wp-json\/wp\/v2\/posts\/151362","targetHints":{"allow":["GET"]}}],"collection":[{"href":"https:\/\/www.cgfmanet.org\/es\/wp-json\/wp\/v2\/posts"}],"about":[{"href":"https:\/\/www.cgfmanet.org\/es\/wp-json\/wp\/v2\/types\/post"}],"author":[{"embeddable":true,"href":"https:\/\/www.cgfmanet.org\/es\/wp-json\/wp\/v2\/users\/21"}],"replies":[{"embeddable":true,"href":"https:\/\/www.cgfmanet.org\/es\/wp-json\/wp\/v2\/comments?post=151362"}],"version-history":[{"count":3,"href":"https:\/\/www.cgfmanet.org\/es\/wp-json\/wp\/v2\/posts\/151362\/revisions"}],"predecessor-version":[{"id":151902,"href":"https:\/\/www.cgfmanet.org\/es\/wp-json\/wp\/v2\/posts\/151362\/revisions\/151902"}],"wp:featuredmedia":[{"embeddable":true,"href":"https:\/\/www.cgfmanet.org\/es\/wp-json\/wp\/v2\/media\/151357"}],"wp:attachment":[{"href":"https:\/\/www.cgfmanet.org\/es\/wp-json\/wp\/v2\/media?parent=151362"}],"wp:term":[{"taxonomy":"category","embeddable":true,"href":"https:\/\/www.cgfmanet.org\/es\/wp-json\/wp\/v2\/categories?post=151362"},{"taxonomy":"post_tag","embeddable":true,"href":"https:\/\/www.cgfmanet.org\/es\/wp-json\/wp\/v2\/tags?post=151362"}],"curies":[{"name":"wp","href":"https:\/\/api.w.org\/{rel}","templated":true}]}}