{"id":151264,"date":"2026-01-17T13:14:10","date_gmt":"2026-01-17T12:14:10","guid":{"rendered":"https:\/\/www.cgfmanet.org\/infoesfera\/2a-giornata-fate-quello-che-vi-dira\/"},"modified":"2026-01-17T21:48:50","modified_gmt":"2026-01-17T20:48:50","slug":"jefs-2026-haced-lo-que-el-os-diga","status":"publish","type":"post","link":"https:\/\/www.cgfmanet.org\/es\/ifma-es\/carisma-salesiano-es\/jefs-2026-haced-lo-que-el-os-diga\/","title":{"rendered":"JEFS 2026: \u201cHaced lo que \u00c9l os diga\u201d"},"content":{"rendered":"<p><strong>Tur\u00edn (Italia).<\/strong> El 16 de enero de 2026 en Valdocco, Tur\u00edn \u2014tras la introducci\u00f3n al Aguinaldo por parte del Rector Mayor, don Fabio Attard, en la\u00a0<strong><span style=\"color: #0000ff;\"><a style=\"color: #0000ff;\" href=\"https:\/\/www.cgfmanet.org\/ifma\/carisma-salesiano\/si-sono-aperte-le-gsfs-2026\/\" target=\"_blank\" rel=\"noopener\">jornada inaugural<\/a><\/span><\/strong> previa &#8211; los trabajos de las Jornadas de Espiritualidad de la Familia Salesiana han entrado de lleno con la profundizaci\u00f3n en el tema <strong>\u201cHaced lo que \u00c9l os diga\u201d \u2013 Mirar y Escuchar<\/strong>.<\/p>\n<p>En la ma\u00f1ana, a partir de la <em>lectio divina<\/em> guiada por el di\u00e1cono turin\u00e9s Paolo De Martino sobre el pasaje evang\u00e9lico de las bodas de Can\u00e1 (Jn 2,1-11), los participantes se dividieron en grupos por idiomas para continuar reflexionando sobre estos temas, guiados por algunas preguntas, para luego llevar al Sal\u00f3n Teatro lo compartido en los grupos, en forma de una sugerente oraci\u00f3n comunitaria presidida por don Guido Errico, SDB, y guiada por sor Leslie S\u00e1ndigo, Consejera general para la Familia Salesiana. (<a href=\"https:\/\/www.youtube.com\/watch?v=6pMSyCjUbh4\" target=\"_blank\" rel=\"noopener\"><strong><span style=\"color: #0000ff;\">video<\/span><\/strong><\/a>)<\/p>\n<p>A primera hora de la tarde, los miembros de la Familia Salesiana tuvieron la oportunidad de visitar la exposici\u00f3n \u201c<span style=\"color: #0000ff;\"><strong><a style=\"color: #0000ff;\" href=\"https:\/\/drive.google.com\/drive\/u\/0\/folders\/1ovOKQiXw3V41V2BFy_fbZ5UQnuXgEX1x\" target=\"_blank\" rel=\"noopener\">Las alas de Sor Mar\u00eda Troncatti<\/a><\/strong><\/span>\u201d sobre la nueva Santa de la FS y de profundizar en otras figuras de santidad salesiana. Se reunieron de nuevo en el Teatro para la intervenci\u00f3n de sor Francesca Caggiano, Hija de Mar\u00eda Auxiliadora, vicepostuladora de la Causa, sobre <strong>\u201cLa fe apost\u00f3lica de Santa Mar\u00eda Troncatti\u201d<\/strong>.<\/p>\n<p>La intervenci\u00f3n fue introducida por el video <span style=\"color: #0000ff;\"><strong><a style=\"color: #0000ff;\" href=\"https:\/\/www.youtube.com\/watch?v=1uygxjhMYHw\" target=\"_blank\" rel=\"noopener\"><em>Se cambiar\u00e1 en alegr\u00eda <\/em><\/a><\/strong><\/span>resumen de su vida, producido por el \u00c1mbito para la Comunicaci\u00f3n y disponible en varios idiomas en el canal de YouTube del Instituto de las FMA.<\/p>\n<p>Sor Francesca, con pasi\u00f3n y profundo conocimiento de la Santa, habl\u00f3 despu\u00e9s de la existencia de Sor Mar\u00eda como la de \u201cuna creyente que con total dedicaci\u00f3n se puso al servicio de la misi\u00f3n evangelizadora y educativa del carisma salesiano, llevando el \u2018vino bueno\u2019 de la fe a esa tierra de frontera del oriente amaz\u00f3nico mediante la educaci\u00f3n y el cuidado de los cuerpos y de las almas. (\u2026)<\/p>\n<p>Su vida, sin duda alguna, puede leerse en filigrana a la luz del Aguinaldo de este a\u00f1o: \u2018Haced lo que \u00c9l os diga\u2019. Creyentes, libres para servir. Una vida que se desarroll\u00f3 en el dinamismo que emerge de este primer signo de Jes\u00fas: la fe, la libertad y el servicio.<\/p>\n<p>Podemos comparar a nuestra Santa con la Virgen Mar\u00eda: como Ella, no es indiferente a la falta del vino de la vida y del respeto a la dignidad de las personas, y como Ella pide a Jes\u00fas, con su fe s\u00f3lida y con la oraci\u00f3n incesante, que intervenga mientras ella misma se pone en acci\u00f3n. La vemos como sierva fiel y feliz que se pone a la escucha del mandato de Mar\u00eda a los sirvientes: \u2018Cualquier cosa que os diga, hacedla\u2019, y presenta libremente y con confianza a Jes\u00fas las \u00e1nforas vac\u00edas de la dif\u00edcil misi\u00f3n, segura de que \u00c9l har\u00e1 el milagro de una paz duradera y de un vigorizaci\u00f3n de la vida cristiana.<\/p>\n<p>La vislumbramos, radicada en la fe, presente en ese \u2018tercer d\u00eda\u2019 de las bodas de las que habla el Evangelio de Juan, es decir, dentro de la historia donde Jes\u00fas \u2014con quien ten\u00eda una relaci\u00f3n totalizadora\u2014 llegada \u2018su hora\u2019, se mostr\u00f3 como Hijo de Dios vivo y operante. Y, adem\u00e1s, a imitaci\u00f3n de la Virgen, sor Mar\u00eda se convierte en \u2018sierva del Reino\u2019 cuyo vino bueno deb\u00eda hacerse don generoso porque no era para s\u00ed, sino que era un don para distribuir hasta la \u00faltima gota, en la laboriosidad y en la oraci\u00f3n por sus propios \u2018compa\u00f1eros de viaje\u2019\u201d.<\/p>\n<p>A trav\u00e9s de diversos episodios de la vida de esta gran misionera, sor Francesca resalt\u00f3 la gran fe que la sosten\u00eda en su labor, que la llev\u00f3 al abandono, a la entrega total, a la obediencia generosa a la Providencia que se manifestaba en los acontecimientos; ella encontraba a Dios en las personas a las que deb\u00eda ayudar y concluy\u00f3 as\u00ed:<\/p>\n<p>\u00abEl Rector Mayor, llegando a la conclusi\u00f3n del Aguinaldo, afirma: \u00abComo Mar\u00eda en Can\u00e1, nosotros educadores y educadoras en la fe estamos llamados a testimoniar a Cristo ante los j\u00f3venes no como \u2018objeto\u2019, sino como relaci\u00f3n liberadora; a proponer la vida cristiana no como reglas a seguir, sino como plenitud de vida ofrecida gratuitamente. \u2018Haced lo que \u00c9l os diga\u2019 no es una invitaci\u00f3n a la obediencia ciega, sino a la libertad responsable comunicada por quien ya ha encontrado y experimenta el Amor y desea compartirlo, porque en \u00c9l est\u00e1 la vida verdadera\u00bb.<\/p>\n<p>As\u00ed Santa Mar\u00eda Troncatti, con su fe apost\u00f3lica, nos ha guiado. Con la luminosidad de su testimonio nos ha mostrado que la fe es una comuni\u00f3n profunda con Cristo vivo: un encuentro personal en la oraci\u00f3n; una convocatoria laboriosa en la fe en los pliegues de la historia que espera siempre, antes de actuar, el \u2018primer paso de Dios\u2019 en sus mediaciones ordinarias y extraordinarias; una llamada a acoger con libertad; un servicio generoso a vivir en la alegr\u00eda; una sed de sentido que suscitar y orientar hacia Jes\u00fas vivo; y una nostalgia de Dios que hacer emerger en el coraz\u00f3n de los j\u00f3venes y acompa\u00f1arla hasta su maduraci\u00f3n, si ellos ven nuestros ojos enamorados y llenos de luz<em>\u201d.<\/em><\/p>\n<p>(<span style=\"color: #0000ff;\"><strong><a style=\"color: #0000ff;\" href=\"https:\/\/drive.google.com\/file\/d\/1ALS33Y-e_sY8bHInwoHlNuZMG4JMm1oF\/view?usp=drive_link\" target=\"_blank\" rel=\"noopener\">Texto completo<\/a><\/strong><\/span>)<\/p>\n<div class=\"youtube-embed\" data-video_id=\"tkggnSLI7b4\"><iframe title=\"\ud83c\uddee\ud83c\uddf9 GSFS 2026 16 GENNAIO POMERIGGIO  - &quot;Fate quello che vi dir\u00e0&quot;. Guardare e ascoltare&quot;\" width=\"696\" height=\"392\" data-src=\"https:\/\/www.youtube.com\/embed\/tkggnSLI7b4?feature=oembed&#038;enablejsapi=1\" frameborder=\"0\" allow=\"accelerometer; autoplay; clipboard-write; encrypted-media; gyroscope; picture-in-picture; web-share\" referrerpolicy=\"strict-origin-when-cross-origin\" allowfullscreen src=\"data:image\/svg+xml;base64,PHN2ZyB3aWR0aD0iMSIgaGVpZ2h0PSIxIiB4bWxucz0iaHR0cDovL3d3dy53My5vcmcvMjAwMC9zdmciPjwvc3ZnPg==\" class=\"lazyload\" data-load-mode=\"1\"><\/iframe><\/div>\n","protected":false},"excerpt":{"rendered":"<p>Tur\u00edn (Italia). El 16 de enero de 2026 en Valdocco, Tur\u00edn \u2014tras la introducci\u00f3n al Aguinaldo por parte del Rector Mayor, don Fabio Attard, en la\u00a0jornada inaugural previa &#8211; los [&hellip;]<\/p>\n","protected":false},"author":21,"featured_media":151259,"comment_status":"open","ping_status":"closed","sticky":false,"template":"","format":"standard","meta":{"footnotes":""},"categories":[167,158],"tags":[334,1451,1478,1640,1779,1931],"class_list":["post-151264","post","type-post","status-publish","format-standard","has-post-thumbnail","category-carisma-salesiano-es","category-ifma-es","tag-jornada-de-espiritualidad-de-la-famiia-salesiana","tag-santidad-salesiana","tag-aguinaldo","tag-maria-troncatti-es","tag-familia-salesiana-es","tag-focus-es"],"yoast_head":"<!-- This site is optimized with the Yoast SEO plugin v27.4 - https:\/\/yoast.com\/product\/yoast-seo-wordpress\/ -->\n<title>JEFS 2026: \u201cHaced lo que \u00c9l os diga\u201d &#8226; Istituto Figlie di Maria Ausiliatrice<\/title>\n<meta name=\"description\" content=\"El 16 de enero de 2026, en la 2\u00aa de las Jornadas de Espiritualidad de la Familia Salesiana, se profundiz\u00f3 en el aspecto de la fe, con la lectio divina del pasaje inspirador del Aguinaldo y una intervenci\u00f3n sobre Santa Mar\u00eda Troncatti.\" \/>\n<meta name=\"robots\" content=\"index, follow, max-snippet:-1, max-image-preview:large, max-video-preview:-1\" \/>\n<link rel=\"canonical\" href=\"https:\/\/www.cgfmanet.org\/es\/ifma-es\/carisma-salesiano-es\/jefs-2026-haced-lo-que-el-os-diga\/\" \/>\n<meta property=\"og:locale\" content=\"es_ES\" \/>\n<meta property=\"og:type\" content=\"article\" \/>\n<meta property=\"og:title\" content=\"JEFS 2026: \u201cHaced lo que \u00c9l os diga\u201d &#8226; Istituto Figlie di Maria Ausiliatrice\" \/>\n<meta property=\"og:description\" content=\"El 16 de enero de 2026, en la 2\u00aa de las Jornadas de Espiritualidad de la Familia Salesiana, se profundiz\u00f3 en el aspecto de la fe, con la lectio divina del pasaje inspirador del Aguinaldo y una intervenci\u00f3n sobre Santa Mar\u00eda Troncatti.\" \/>\n<meta property=\"og:url\" content=\"https:\/\/www.cgfmanet.org\/es\/ifma-es\/carisma-salesiano-es\/jefs-2026-haced-lo-que-el-os-diga\/\" \/>\n<meta property=\"og:site_name\" content=\"Istituto Figlie di Maria Ausiliatrice\" \/>\n<meta property=\"article:publisher\" content=\"https:\/\/www.facebook.com\/salesian.sisters.of.don.bosco\/\" \/>\n<meta property=\"article:published_time\" content=\"2026-01-17T12:14:10+00:00\" \/>\n<meta property=\"article:modified_time\" content=\"2026-01-17T20:48:50+00:00\" \/>\n<meta property=\"og:image\" content=\"https:\/\/www.cgfmanet.org\/wp-content\/uploads\/2026\/01\/2a-GSFS-2026_Maria-Troncatti.jpg\" \/>\n\t<meta property=\"og:image:width\" content=\"1557\" \/>\n\t<meta property=\"og:image:height\" content=\"1038\" \/>\n\t<meta property=\"og:image:type\" content=\"image\/jpeg\" \/>\n<meta name=\"author\" content=\"Redazione\" \/>\n<meta name=\"twitter:card\" content=\"summary_large_image\" \/>\n<meta name=\"twitter:creator\" content=\"@Cgfmanet_Org\" \/>\n<meta name=\"twitter:site\" content=\"@Cgfmanet_Org\" \/>\n<meta name=\"twitter:label1\" content=\"Escrito por\" \/>\n\t<meta name=\"twitter:data1\" content=\"Redazione\" \/>\n\t<meta name=\"twitter:label2\" content=\"Tiempo de lectura\" \/>\n\t<meta name=\"twitter:data2\" content=\"5 minutos\" \/>\n<script type=\"application\/ld+json\" class=\"yoast-schema-graph\">{\"@context\":\"https:\\\/\\\/schema.org\",\"@graph\":[{\"@type\":\"Article\",\"@id\":\"https:\\\/\\\/www.cgfmanet.org\\\/es\\\/ifma-es\\\/carisma-salesiano-es\\\/jefs-2026-haced-lo-que-el-os-diga\\\/#article\",\"isPartOf\":{\"@id\":\"https:\\\/\\\/www.cgfmanet.org\\\/es\\\/ifma-es\\\/carisma-salesiano-es\\\/jefs-2026-haced-lo-que-el-os-diga\\\/\"},\"author\":{\"name\":\"Redazione\",\"@id\":\"https:\\\/\\\/www.cgfmanet.org\\\/es\\\/#\\\/schema\\\/person\\\/ce6473083f53ef0ef882cca23f0c8fb9\"},\"headline\":\"JEFS 2026: \u201cHaced lo que \u00c9l os diga\u201d\",\"datePublished\":\"2026-01-17T12:14:10+00:00\",\"dateModified\":\"2026-01-17T20:48:50+00:00\",\"mainEntityOfPage\":{\"@id\":\"https:\\\/\\\/www.cgfmanet.org\\\/es\\\/ifma-es\\\/carisma-salesiano-es\\\/jefs-2026-haced-lo-que-el-os-diga\\\/\"},\"wordCount\":941,\"commentCount\":0,\"publisher\":{\"@id\":\"https:\\\/\\\/www.cgfmanet.org\\\/es\\\/#organization\"},\"image\":{\"@id\":\"https:\\\/\\\/www.cgfmanet.org\\\/es\\\/ifma-es\\\/carisma-salesiano-es\\\/jefs-2026-haced-lo-que-el-os-diga\\\/#primaryimage\"},\"thumbnailUrl\":\"https:\\\/\\\/www.cgfmanet.org\\\/wp-content\\\/uploads\\\/2026\\\/01\\\/2a-GSFS-2026_Maria-Troncatti.jpg\",\"keywords\":[\"Jornada de Espiritualidad de la Famiia Salesiana\",\"Santidad Salesiana\",\"Aguinaldo\",\"Maria Troncatti\",\"Familia Salesiana\",\"Focus\"],\"articleSection\":[\"Carisma Salesiano\",\"IFMA\"],\"inLanguage\":\"es\",\"potentialAction\":[{\"@type\":\"CommentAction\",\"name\":\"Comment\",\"target\":[\"https:\\\/\\\/www.cgfmanet.org\\\/es\\\/ifma-es\\\/carisma-salesiano-es\\\/jefs-2026-haced-lo-que-el-os-diga\\\/#respond\"]}]},{\"@type\":\"WebPage\",\"@id\":\"https:\\\/\\\/www.cgfmanet.org\\\/es\\\/ifma-es\\\/carisma-salesiano-es\\\/jefs-2026-haced-lo-que-el-os-diga\\\/\",\"url\":\"https:\\\/\\\/www.cgfmanet.org\\\/es\\\/ifma-es\\\/carisma-salesiano-es\\\/jefs-2026-haced-lo-que-el-os-diga\\\/\",\"name\":\"JEFS 2026: \u201cHaced lo que \u00c9l os diga\u201d &#8226; Istituto Figlie di Maria Ausiliatrice\",\"isPartOf\":{\"@id\":\"https:\\\/\\\/www.cgfmanet.org\\\/es\\\/#website\"},\"primaryImageOfPage\":{\"@id\":\"https:\\\/\\\/www.cgfmanet.org\\\/es\\\/ifma-es\\\/carisma-salesiano-es\\\/jefs-2026-haced-lo-que-el-os-diga\\\/#primaryimage\"},\"image\":{\"@id\":\"https:\\\/\\\/www.cgfmanet.org\\\/es\\\/ifma-es\\\/carisma-salesiano-es\\\/jefs-2026-haced-lo-que-el-os-diga\\\/#primaryimage\"},\"thumbnailUrl\":\"https:\\\/\\\/www.cgfmanet.org\\\/wp-content\\\/uploads\\\/2026\\\/01\\\/2a-GSFS-2026_Maria-Troncatti.jpg\",\"datePublished\":\"2026-01-17T12:14:10+00:00\",\"dateModified\":\"2026-01-17T20:48:50+00:00\",\"description\":\"El 16 de enero de 2026, en la 2\u00aa de las Jornadas de Espiritualidad de la Familia Salesiana, se profundiz\u00f3 en el aspecto de la fe, con la lectio divina del pasaje inspirador del Aguinaldo y una intervenci\u00f3n sobre Santa Mar\u00eda Troncatti.\",\"breadcrumb\":{\"@id\":\"https:\\\/\\\/www.cgfmanet.org\\\/es\\\/ifma-es\\\/carisma-salesiano-es\\\/jefs-2026-haced-lo-que-el-os-diga\\\/#breadcrumb\"},\"inLanguage\":\"es\",\"potentialAction\":[{\"@type\":\"ReadAction\",\"target\":[\"https:\\\/\\\/www.cgfmanet.org\\\/es\\\/ifma-es\\\/carisma-salesiano-es\\\/jefs-2026-haced-lo-que-el-os-diga\\\/\"]}]},{\"@type\":\"ImageObject\",\"inLanguage\":\"es\",\"@id\":\"https:\\\/\\\/www.cgfmanet.org\\\/es\\\/ifma-es\\\/carisma-salesiano-es\\\/jefs-2026-haced-lo-que-el-os-diga\\\/#primaryimage\",\"url\":\"https:\\\/\\\/www.cgfmanet.org\\\/wp-content\\\/uploads\\\/2026\\\/01\\\/2a-GSFS-2026_Maria-Troncatti.jpg\",\"contentUrl\":\"https:\\\/\\\/www.cgfmanet.org\\\/wp-content\\\/uploads\\\/2026\\\/01\\\/2a-GSFS-2026_Maria-Troncatti.jpg\",\"width\":1557,\"height\":1038},{\"@type\":\"BreadcrumbList\",\"@id\":\"https:\\\/\\\/www.cgfmanet.org\\\/es\\\/ifma-es\\\/carisma-salesiano-es\\\/jefs-2026-haced-lo-que-el-os-diga\\\/#breadcrumb\",\"itemListElement\":[{\"@type\":\"ListItem\",\"position\":1,\"name\":\"Home\",\"item\":\"https:\\\/\\\/www.cgfmanet.org\\\/es\\\/\"},{\"@type\":\"ListItem\",\"position\":2,\"name\":\"JEFS 2026: \u201cHaced lo que \u00c9l os diga\u201d\"}]},{\"@type\":\"WebSite\",\"@id\":\"https:\\\/\\\/www.cgfmanet.org\\\/es\\\/#website\",\"url\":\"https:\\\/\\\/www.cgfmanet.org\\\/es\\\/\",\"name\":\"Istituto Figlie di Maria Ausiliatrice\",\"description\":\"Salesiane di Don Bosco\",\"publisher\":{\"@id\":\"https:\\\/\\\/www.cgfmanet.org\\\/es\\\/#organization\"},\"potentialAction\":[{\"@type\":\"SearchAction\",\"target\":{\"@type\":\"EntryPoint\",\"urlTemplate\":\"https:\\\/\\\/www.cgfmanet.org\\\/es\\\/?s={search_term_string}\"},\"query-input\":{\"@type\":\"PropertyValueSpecification\",\"valueRequired\":true,\"valueName\":\"search_term_string\"}}],\"inLanguage\":\"es\"},{\"@type\":\"Organization\",\"@id\":\"https:\\\/\\\/www.cgfmanet.org\\\/es\\\/#organization\",\"name\":\"Istituto Figlie di Maria Ausiliatrice\",\"url\":\"https:\\\/\\\/www.cgfmanet.org\\\/es\\\/\",\"logo\":{\"@type\":\"ImageObject\",\"inLanguage\":\"es\",\"@id\":\"https:\\\/\\\/www.cgfmanet.org\\\/es\\\/#\\\/schema\\\/logo\\\/image\\\/\",\"url\":\"https:\\\/\\\/www.cgfmanet.org\\\/wp-content\\\/uploads\\\/2018\\\/10\\\/logo-fma.png\",\"contentUrl\":\"https:\\\/\\\/www.cgfmanet.org\\\/wp-content\\\/uploads\\\/2018\\\/10\\\/logo-fma.png\",\"width\":214,\"height\":55,\"caption\":\"Istituto Figlie di Maria Ausiliatrice\"},\"image\":{\"@id\":\"https:\\\/\\\/www.cgfmanet.org\\\/es\\\/#\\\/schema\\\/logo\\\/image\\\/\"},\"sameAs\":[\"https:\\\/\\\/www.facebook.com\\\/salesian.sisters.of.don.bosco\\\/\",\"https:\\\/\\\/x.com\\\/Cgfmanet_Org\",\"https:\\\/\\\/www.youtube.com\\\/channel\\\/UCmcr8yFQBV7JXeXVxyV9y5Q\"]},{\"@type\":\"Person\",\"@id\":\"https:\\\/\\\/www.cgfmanet.org\\\/es\\\/#\\\/schema\\\/person\\\/ce6473083f53ef0ef882cca23f0c8fb9\",\"name\":\"Redazione\"}]}<\/script>\n<!-- \/ Yoast SEO plugin. -->","yoast_head_json":{"title":"JEFS 2026: \u201cHaced lo que \u00c9l os diga\u201d &#8226; Istituto Figlie di Maria Ausiliatrice","description":"El 16 de enero de 2026, en la 2\u00aa de las Jornadas de Espiritualidad de la Familia Salesiana, se profundiz\u00f3 en el aspecto de la fe, con la lectio divina del pasaje inspirador del Aguinaldo y una intervenci\u00f3n sobre Santa Mar\u00eda Troncatti.","robots":{"index":"index","follow":"follow","max-snippet":"max-snippet:-1","max-image-preview":"max-image-preview:large","max-video-preview":"max-video-preview:-1"},"canonical":"https:\/\/www.cgfmanet.org\/es\/ifma-es\/carisma-salesiano-es\/jefs-2026-haced-lo-que-el-os-diga\/","og_locale":"es_ES","og_type":"article","og_title":"JEFS 2026: \u201cHaced lo que \u00c9l os diga\u201d &#8226; Istituto Figlie di Maria Ausiliatrice","og_description":"El 16 de enero de 2026, en la 2\u00aa de las Jornadas de Espiritualidad de la Familia Salesiana, se profundiz\u00f3 en el aspecto de la fe, con la lectio divina del pasaje inspirador del Aguinaldo y una intervenci\u00f3n sobre Santa Mar\u00eda Troncatti.","og_url":"https:\/\/www.cgfmanet.org\/es\/ifma-es\/carisma-salesiano-es\/jefs-2026-haced-lo-que-el-os-diga\/","og_site_name":"Istituto Figlie di Maria Ausiliatrice","article_publisher":"https:\/\/www.facebook.com\/salesian.sisters.of.don.bosco\/","article_published_time":"2026-01-17T12:14:10+00:00","article_modified_time":"2026-01-17T20:48:50+00:00","og_image":[{"width":1557,"height":1038,"url":"https:\/\/www.cgfmanet.org\/wp-content\/uploads\/2026\/01\/2a-GSFS-2026_Maria-Troncatti.jpg","type":"image\/jpeg"}],"author":"Redazione","twitter_card":"summary_large_image","twitter_creator":"@Cgfmanet_Org","twitter_site":"@Cgfmanet_Org","twitter_misc":{"Escrito por":"Redazione","Tiempo de lectura":"5 minutos"},"schema":{"@context":"https:\/\/schema.org","@graph":[{"@type":"Article","@id":"https:\/\/www.cgfmanet.org\/es\/ifma-es\/carisma-salesiano-es\/jefs-2026-haced-lo-que-el-os-diga\/#article","isPartOf":{"@id":"https:\/\/www.cgfmanet.org\/es\/ifma-es\/carisma-salesiano-es\/jefs-2026-haced-lo-que-el-os-diga\/"},"author":{"name":"Redazione","@id":"https:\/\/www.cgfmanet.org\/es\/#\/schema\/person\/ce6473083f53ef0ef882cca23f0c8fb9"},"headline":"JEFS 2026: \u201cHaced lo que \u00c9l os diga\u201d","datePublished":"2026-01-17T12:14:10+00:00","dateModified":"2026-01-17T20:48:50+00:00","mainEntityOfPage":{"@id":"https:\/\/www.cgfmanet.org\/es\/ifma-es\/carisma-salesiano-es\/jefs-2026-haced-lo-que-el-os-diga\/"},"wordCount":941,"commentCount":0,"publisher":{"@id":"https:\/\/www.cgfmanet.org\/es\/#organization"},"image":{"@id":"https:\/\/www.cgfmanet.org\/es\/ifma-es\/carisma-salesiano-es\/jefs-2026-haced-lo-que-el-os-diga\/#primaryimage"},"thumbnailUrl":"https:\/\/www.cgfmanet.org\/wp-content\/uploads\/2026\/01\/2a-GSFS-2026_Maria-Troncatti.jpg","keywords":["Jornada de Espiritualidad de la Famiia Salesiana","Santidad Salesiana","Aguinaldo","Maria Troncatti","Familia Salesiana","Focus"],"articleSection":["Carisma Salesiano","IFMA"],"inLanguage":"es","potentialAction":[{"@type":"CommentAction","name":"Comment","target":["https:\/\/www.cgfmanet.org\/es\/ifma-es\/carisma-salesiano-es\/jefs-2026-haced-lo-que-el-os-diga\/#respond"]}]},{"@type":"WebPage","@id":"https:\/\/www.cgfmanet.org\/es\/ifma-es\/carisma-salesiano-es\/jefs-2026-haced-lo-que-el-os-diga\/","url":"https:\/\/www.cgfmanet.org\/es\/ifma-es\/carisma-salesiano-es\/jefs-2026-haced-lo-que-el-os-diga\/","name":"JEFS 2026: \u201cHaced lo que \u00c9l os diga\u201d &#8226; Istituto Figlie di Maria Ausiliatrice","isPartOf":{"@id":"https:\/\/www.cgfmanet.org\/es\/#website"},"primaryImageOfPage":{"@id":"https:\/\/www.cgfmanet.org\/es\/ifma-es\/carisma-salesiano-es\/jefs-2026-haced-lo-que-el-os-diga\/#primaryimage"},"image":{"@id":"https:\/\/www.cgfmanet.org\/es\/ifma-es\/carisma-salesiano-es\/jefs-2026-haced-lo-que-el-os-diga\/#primaryimage"},"thumbnailUrl":"https:\/\/www.cgfmanet.org\/wp-content\/uploads\/2026\/01\/2a-GSFS-2026_Maria-Troncatti.jpg","datePublished":"2026-01-17T12:14:10+00:00","dateModified":"2026-01-17T20:48:50+00:00","description":"El 16 de enero de 2026, en la 2\u00aa de las Jornadas de Espiritualidad de la Familia Salesiana, se profundiz\u00f3 en el aspecto de la fe, con la lectio divina del pasaje inspirador del Aguinaldo y una intervenci\u00f3n sobre Santa Mar\u00eda Troncatti.","breadcrumb":{"@id":"https:\/\/www.cgfmanet.org\/es\/ifma-es\/carisma-salesiano-es\/jefs-2026-haced-lo-que-el-os-diga\/#breadcrumb"},"inLanguage":"es","potentialAction":[{"@type":"ReadAction","target":["https:\/\/www.cgfmanet.org\/es\/ifma-es\/carisma-salesiano-es\/jefs-2026-haced-lo-que-el-os-diga\/"]}]},{"@type":"ImageObject","inLanguage":"es","@id":"https:\/\/www.cgfmanet.org\/es\/ifma-es\/carisma-salesiano-es\/jefs-2026-haced-lo-que-el-os-diga\/#primaryimage","url":"https:\/\/www.cgfmanet.org\/wp-content\/uploads\/2026\/01\/2a-GSFS-2026_Maria-Troncatti.jpg","contentUrl":"https:\/\/www.cgfmanet.org\/wp-content\/uploads\/2026\/01\/2a-GSFS-2026_Maria-Troncatti.jpg","width":1557,"height":1038},{"@type":"BreadcrumbList","@id":"https:\/\/www.cgfmanet.org\/es\/ifma-es\/carisma-salesiano-es\/jefs-2026-haced-lo-que-el-os-diga\/#breadcrumb","itemListElement":[{"@type":"ListItem","position":1,"name":"Home","item":"https:\/\/www.cgfmanet.org\/es\/"},{"@type":"ListItem","position":2,"name":"JEFS 2026: \u201cHaced lo que \u00c9l os diga\u201d"}]},{"@type":"WebSite","@id":"https:\/\/www.cgfmanet.org\/es\/#website","url":"https:\/\/www.cgfmanet.org\/es\/","name":"Istituto Figlie di Maria Ausiliatrice","description":"Salesiane di Don Bosco","publisher":{"@id":"https:\/\/www.cgfmanet.org\/es\/#organization"},"potentialAction":[{"@type":"SearchAction","target":{"@type":"EntryPoint","urlTemplate":"https:\/\/www.cgfmanet.org\/es\/?s={search_term_string}"},"query-input":{"@type":"PropertyValueSpecification","valueRequired":true,"valueName":"search_term_string"}}],"inLanguage":"es"},{"@type":"Organization","@id":"https:\/\/www.cgfmanet.org\/es\/#organization","name":"Istituto Figlie di Maria Ausiliatrice","url":"https:\/\/www.cgfmanet.org\/es\/","logo":{"@type":"ImageObject","inLanguage":"es","@id":"https:\/\/www.cgfmanet.org\/es\/#\/schema\/logo\/image\/","url":"https:\/\/www.cgfmanet.org\/wp-content\/uploads\/2018\/10\/logo-fma.png","contentUrl":"https:\/\/www.cgfmanet.org\/wp-content\/uploads\/2018\/10\/logo-fma.png","width":214,"height":55,"caption":"Istituto Figlie di Maria Ausiliatrice"},"image":{"@id":"https:\/\/www.cgfmanet.org\/es\/#\/schema\/logo\/image\/"},"sameAs":["https:\/\/www.facebook.com\/salesian.sisters.of.don.bosco\/","https:\/\/x.com\/Cgfmanet_Org","https:\/\/www.youtube.com\/channel\/UCmcr8yFQBV7JXeXVxyV9y5Q"]},{"@type":"Person","@id":"https:\/\/www.cgfmanet.org\/es\/#\/schema\/person\/ce6473083f53ef0ef882cca23f0c8fb9","name":"Redazione"}]}},"_links":{"self":[{"href":"https:\/\/www.cgfmanet.org\/es\/wp-json\/wp\/v2\/posts\/151264","targetHints":{"allow":["GET"]}}],"collection":[{"href":"https:\/\/www.cgfmanet.org\/es\/wp-json\/wp\/v2\/posts"}],"about":[{"href":"https:\/\/www.cgfmanet.org\/es\/wp-json\/wp\/v2\/types\/post"}],"author":[{"embeddable":true,"href":"https:\/\/www.cgfmanet.org\/es\/wp-json\/wp\/v2\/users\/21"}],"replies":[{"embeddable":true,"href":"https:\/\/www.cgfmanet.org\/es\/wp-json\/wp\/v2\/comments?post=151264"}],"version-history":[{"count":3,"href":"https:\/\/www.cgfmanet.org\/es\/wp-json\/wp\/v2\/posts\/151264\/revisions"}],"predecessor-version":[{"id":151288,"href":"https:\/\/www.cgfmanet.org\/es\/wp-json\/wp\/v2\/posts\/151264\/revisions\/151288"}],"wp:featuredmedia":[{"embeddable":true,"href":"https:\/\/www.cgfmanet.org\/es\/wp-json\/wp\/v2\/media\/151259"}],"wp:attachment":[{"href":"https:\/\/www.cgfmanet.org\/es\/wp-json\/wp\/v2\/media?parent=151264"}],"wp:term":[{"taxonomy":"category","embeddable":true,"href":"https:\/\/www.cgfmanet.org\/es\/wp-json\/wp\/v2\/categories?post=151264"},{"taxonomy":"post_tag","embeddable":true,"href":"https:\/\/www.cgfmanet.org\/es\/wp-json\/wp\/v2\/tags?post=151264"}],"curies":[{"name":"wp","href":"https:\/\/api.w.org\/{rel}","templated":true}]}}