{"id":150809,"date":"2026-01-11T10:30:19","date_gmt":"2026-01-11T09:30:19","guid":{"rendered":"https:\/\/www.cgfmanet.org\/infoesfera\/celebrazione-della-santita-di-suor-maria-troncatti-india-inc\/"},"modified":"2026-01-14T09:36:48","modified_gmt":"2026-01-14T08:36:48","slug":"celebracion-de-la-santidad-de-sor-maria-troncatti-india-inc","status":"publish","type":"post","link":"https:\/\/www.cgfmanet.org\/es\/ifma-es\/celebracion-de-la-santidad-de-sor-maria-troncatti-india-inc\/","title":{"rendered":"Celebraci\u00f3n de la santidad de Sor Mar\u00eda Troncatti \u2013 India INC"},"content":{"rendered":"<p><strong>Bandel (India).<\/strong> El 29 de diciembre de 2025, en el Auxilium Convent de Bandel, la Inspector\u00eda Mar\u00eda Auxiliadora (INC) de Calcuta celebr\u00f3 la Santidad de Sor Mar\u00eda Troncatti, canonizada el 19 de octubre de 2025. La celebraci\u00f3n a nivel inspectorial se caracteriz\u00f3 por la oraci\u00f3n agradecida, una celebraci\u00f3n lit\u00fargica solemne y la gozosa participaci\u00f3n de hermanas, clero, miembros de la Familia Salesiana y religiosos\/as de las zonas lim\u00edtrofes. La presencia de las hermanas reunidas para los Ejercicios Espirituales anuales, provenientes de varias comunidades, confiri\u00f3 a la iniciativa un car\u00e1cter profundamente comunitario e inspectorial.<\/p>\n<p>La jornada comenz\u00f3 con la oraci\u00f3n de la ma\u00f1ana animada por sor Stella Potteparambil, seguida de la Eucarist\u00eda, precedida por una breve introducci\u00f3n a cargo de sor Dominica Thapa, quien deline\u00f3 brevemente la figura de <span style=\"color: #0000ff;\"><strong><a style=\"color: #0000ff;\" href=\"https:\/\/mariatroncatti.org\/\" target=\"_blank\" rel=\"noopener\">Santa Mar\u00eda Troncatti<\/a><\/strong><\/span>.<\/p>\n<p>En la procesi\u00f3n de entrada, la Inspectora, sor Leelamma Palliparambil, port\u00f3 la reliquia de la Santa, mientras que sor Maxima Dung Dung llev\u00f3 simb\u00f3licamente un botiqu\u00edn de primeros auxilios, representativo de la misi\u00f3n de cuidado de la Santa. En la oraci\u00f3n de los fieles, guiada por sor Pranati Sabasundar, se presentaron las preocupaciones misioneras y pastorales de la Iglesia. La liturgia fue enriquecida por una danza de entrada de las aspirantes de Barasat y por el canto del coro YCS de la Auxilium Convent School de Bandel, dirigido por el Sr. Amit Minz.<\/p>\n<p><strong>La Santa Misa<\/strong>, culmen de la jornada, fue presidida por el P. Cletus D\u2019Souza, Salesiano de Don Bosco, Responsable del Centro Catequ\u00e9tico Don Bosco \u00abNitika\u00bb de Calcuta, y concelebrada por el P. P. A. John, Prior de la Bas\u00edlica de Bandel, el P. James Mathew y el P. Thomas Gomes. En la homil\u00eda, el P. D\u2019Souza reflexion\u00f3 sobre el verdadero significado de la santidad, describiendo al santo o santa como aquel\/aquella que permite que la luz de Cristo resplandezca a trav\u00e9s de su propia vida. Present\u00f3 a Santa Mar\u00eda Troncatti como un instrumento transparente de la gracia de Dios, cuya vida llev\u00f3 esperanza, curaci\u00f3n y reconciliaci\u00f3n a personas que viv\u00edan entre sufrimientos y conflictos.<\/p>\n<p>Destac\u00f3 adem\u00e1s la maternidad espiritual de la Santa, recordando c\u00f3mo era cari\u00f1osamente conocida como <strong>\u00abMadrecita\u00bb<\/strong> por las poblaciones ind\u00edgenas a las que serv\u00eda. Su presencia compasiva hac\u00eda que los dem\u00e1s se sintieran valorados, protegidos y amados. Subray\u00f3 que este cuidado materno es una llamada cristiana universal, una invitaci\u00f3n para todos a nutrir la vida, la fe y la esperanza, especialmente entre los pobres y los marginados. Asimismo, retrat\u00f3 a Santa Mar\u00eda Troncatti como una artesana de paz y reconciliaci\u00f3n, que trabaj\u00f3 incansablemente entre grupos \u00e9tnicos en conflicto, promoviendo la unidad sin discriminaciones. Su vida fue presentada como particularmente significativa para el mundo de hoy, marcado por divisiones y violencia.<\/p>\n<p>Inspirada por el crucifijo y sostenida por una fe profunda, Sor Mar\u00eda abraz\u00f3 los sacrificios con alegr\u00eda, dedic\u00e1ndose totalmente a la misi\u00f3n de Dios a trav\u00e9s de su servicio como enfermera y misionera entre los ind\u00edgenas de la Amazon\u00eda. El celebrante concluy\u00f3 la homil\u00eda recordando que la santidad es una llamada universal, resumida en el ideal: <strong>\u00abTodo para la santidad, santidad para todos\u00bb.<\/strong><\/p>\n<p>Sigui\u00f3 un breve <strong>momento cultural<\/strong>, con una danza de oraci\u00f3n, un canto animado por las aspirantes y una video-presentaci\u00f3n de las celebraciones por la Canonizaci\u00f3n en toda la Inspector\u00eda. El programa concluy\u00f3 con un mensaje de sor Leelamma Palliparambil, Inspectora INC, quien alent\u00f3 a todos a imitar el Carisma de Santa Mar\u00eda Troncatti con renovado celo. Sor Celine Alexander, Directora de la comunidad de Auxilium Bandel, expres\u00f3 finalmente los agradecimientos y la celebraci\u00f3n concluy\u00f3 con una comida fraterna, manifestaci\u00f3n de unidad, gratitud y comuni\u00f3n entre todos los presentes.<\/p>\n\r\n                <style type=\"text\/css\">\r\n                    \r\n                    #tdi_1  .td-doubleSlider-2 .td-item1 {\r\n                        background: url(https:\/\/www.cgfmanet.org\/wp-content\/uploads\/2026\/01\/Celebrazione-Troncatti_INC_2-80x60.jpg) 0 0 no-repeat;\r\n                    }\r\n                    #tdi_1  .td-doubleSlider-2 .td-item2 {\r\n                        background: url(https:\/\/www.cgfmanet.org\/wp-content\/uploads\/2026\/01\/Celebrazione-Troncatti_INC_3-80x60.jpg) 0 0 no-repeat;\r\n                    }\r\n                    #tdi_1  .td-doubleSlider-2 .td-item3 {\r\n                        background: url(https:\/\/www.cgfmanet.org\/wp-content\/uploads\/2026\/01\/Celebrazione-Troncatti_INC_4-80x60.jpg) 0 0 no-repeat;\r\n                    }\r\n                    #tdi_1  .td-doubleSlider-2 .td-item4 {\r\n                        background: url(https:\/\/www.cgfmanet.org\/wp-content\/uploads\/2026\/01\/Celebrazione-Troncatti_INC_1-80x60.jpg) 0 0 no-repeat;\r\n                    }\r\n                    #tdi_1  .td-doubleSlider-2 .td-item5 {\r\n                        background: url(https:\/\/www.cgfmanet.org\/wp-content\/uploads\/2026\/01\/Celebrazione-Troncatti_INC_5-80x60.jpg) 0 0 no-repeat;\r\n                    }\r\n                <\/style>\r\n\r\n                <div id=\"tdi_1\" class=\"td-gallery td-slide-on-2-columns\">\r\n                    <div class=\"post_td_gallery\">\r\n                        <div class=\"td-gallery-slide-top\">\r\n                           <div class=\"td-gallery-title\"><\/div>\r\n\r\n                            <div class=\"td-gallery-controls-wrapper\">\r\n                                <div class=\"td-gallery-slide-count\"><span class=\"td-gallery-slide-item-focus\">1<\/span> de 5<\/div>\r\n                                <div class=\"td-gallery-slide-prev-next-but\">\r\n                                    <i class = \"td-icon-left doubleSliderPrevButton\"><\/i>\r\n                                    <i class = \"td-icon-right doubleSliderNextButton\"><\/i>\r\n                                <\/div>\r\n                            <\/div>\r\n                        <\/div>\r\n\r\n                        <div class = \"td-doubleSlider-1 \">\r\n                            <div class = \"td-slider\">\r\n                                \r\n                    <div class = \"td-slide-item td-item1\">\r\n                        <figure class=\"td-slide-galery-figure td-slide-popup-gallery\">\r\n                            <a class=\"slide-gallery-image-link\" href=\"https:\/\/www.cgfmanet.org\/wp-content\/uploads\/2026\/01\/Celebrazione-Troncatti_INC_2.jpg\" title=\"Celebrazione Troncatti_INC_2\"  data-caption=\"\"  data-description=\"\">\r\n                                <img decoding=\"async\" data-src=\"https:\/\/www.cgfmanet.org\/wp-content\/uploads\/2026\/01\/Celebrazione-Troncatti_INC_2-630x420.jpg\" data-srcset=\"https:\/\/www.cgfmanet.org\/wp-content\/uploads\/2026\/01\/Celebrazione-Troncatti_INC_2-630x420.jpg 630w, https:\/\/www.cgfmanet.org\/wp-content\/uploads\/2026\/01\/Celebrazione-Troncatti_INC_2-768x512.jpg 768w, https:\/\/www.cgfmanet.org\/wp-content\/uploads\/2026\/01\/Celebrazione-Troncatti_INC_2-696x464.jpg 696w, https:\/\/www.cgfmanet.org\/wp-content\/uploads\/2026\/01\/Celebrazione-Troncatti_INC_2.jpg 1181w\" data-sizes=\"auto\" alt=\"\" src=\"data:image\/svg+xml;base64,PHN2ZyB3aWR0aD0iMSIgaGVpZ2h0PSIxIiB4bWxucz0iaHR0cDovL3d3dy53My5vcmcvMjAwMC9zdmciPjwvc3ZnPg==\" class=\"lazyload\" style=\"--smush-placeholder-width: 630px; --smush-placeholder-aspect-ratio: 630\/420;\" data-original-sizes=\"(max-width: 630px) 100vw, 630px\">\r\n                            <\/a>\r\n                            \r\n                        <\/figure>\r\n                    <\/div>\r\n                    <div class = \"td-slide-item td-item2\">\r\n                        <figure class=\"td-slide-galery-figure td-slide-popup-gallery\">\r\n                            <a class=\"slide-gallery-image-link\" href=\"https:\/\/www.cgfmanet.org\/wp-content\/uploads\/2026\/01\/Celebrazione-Troncatti_INC_3.jpg\" title=\"Celebrazione Troncatti_INC_3\"  data-caption=\"\"  data-description=\"\">\r\n                                <img decoding=\"async\" data-src=\"https:\/\/www.cgfmanet.org\/wp-content\/uploads\/2026\/01\/Celebrazione-Troncatti_INC_3-630x420.jpg\" data-srcset=\"https:\/\/www.cgfmanet.org\/wp-content\/uploads\/2026\/01\/Celebrazione-Troncatti_INC_3-630x420.jpg 630w, https:\/\/www.cgfmanet.org\/wp-content\/uploads\/2026\/01\/Celebrazione-Troncatti_INC_3-768x512.jpg 768w, https:\/\/www.cgfmanet.org\/wp-content\/uploads\/2026\/01\/Celebrazione-Troncatti_INC_3-696x464.jpg 696w, https:\/\/www.cgfmanet.org\/wp-content\/uploads\/2026\/01\/Celebrazione-Troncatti_INC_3.jpg 1181w\" data-sizes=\"auto\" alt=\"\" src=\"data:image\/svg+xml;base64,PHN2ZyB3aWR0aD0iMSIgaGVpZ2h0PSIxIiB4bWxucz0iaHR0cDovL3d3dy53My5vcmcvMjAwMC9zdmciPjwvc3ZnPg==\" class=\"lazyload\" style=\"--smush-placeholder-width: 630px; --smush-placeholder-aspect-ratio: 630\/420;\" data-original-sizes=\"(max-width: 630px) 100vw, 630px\">\r\n                            <\/a>\r\n                            \r\n                        <\/figure>\r\n                    <\/div>\r\n                    <div class = \"td-slide-item td-item3\">\r\n                        <figure class=\"td-slide-galery-figure td-slide-popup-gallery\">\r\n                            <a class=\"slide-gallery-image-link\" href=\"https:\/\/www.cgfmanet.org\/wp-content\/uploads\/2026\/01\/Celebrazione-Troncatti_INC_4.jpg\" title=\"Celebrazione Troncatti_INC_4\"  data-caption=\"\"  data-description=\"\">\r\n                                <img decoding=\"async\" data-src=\"https:\/\/www.cgfmanet.org\/wp-content\/uploads\/2026\/01\/Celebrazione-Troncatti_INC_4-630x420.jpg\" data-srcset=\"https:\/\/www.cgfmanet.org\/wp-content\/uploads\/2026\/01\/Celebrazione-Troncatti_INC_4-630x420.jpg 630w, https:\/\/www.cgfmanet.org\/wp-content\/uploads\/2026\/01\/Celebrazione-Troncatti_INC_4-768x512.jpg 768w, https:\/\/www.cgfmanet.org\/wp-content\/uploads\/2026\/01\/Celebrazione-Troncatti_INC_4-1536x1024.jpg 1536w, https:\/\/www.cgfmanet.org\/wp-content\/uploads\/2026\/01\/Celebrazione-Troncatti_INC_4-696x464.jpg 696w, https:\/\/www.cgfmanet.org\/wp-content\/uploads\/2026\/01\/Celebrazione-Troncatti_INC_4.jpg 1600w\" data-sizes=\"auto\" alt=\"\" src=\"data:image\/svg+xml;base64,PHN2ZyB3aWR0aD0iMSIgaGVpZ2h0PSIxIiB4bWxucz0iaHR0cDovL3d3dy53My5vcmcvMjAwMC9zdmciPjwvc3ZnPg==\" class=\"lazyload\" style=\"--smush-placeholder-width: 630px; --smush-placeholder-aspect-ratio: 630\/420;\" data-original-sizes=\"(max-width: 630px) 100vw, 630px\">\r\n                            <\/a>\r\n                            \r\n                        <\/figure>\r\n                    <\/div>\r\n                    <div class = \"td-slide-item td-item4\">\r\n                        <figure class=\"td-slide-galery-figure td-slide-popup-gallery\">\r\n                            <a class=\"slide-gallery-image-link\" href=\"https:\/\/www.cgfmanet.org\/wp-content\/uploads\/2026\/01\/Celebrazione-Troncatti_INC_1.jpg\" title=\"Celebrazione Troncatti_INC_1\"  data-caption=\"\"  data-description=\"\">\r\n                                <img decoding=\"async\" data-src=\"https:\/\/www.cgfmanet.org\/wp-content\/uploads\/2026\/01\/Celebrazione-Troncatti_INC_1-728x420.jpg\" data-srcset=\"https:\/\/www.cgfmanet.org\/wp-content\/uploads\/2026\/01\/Celebrazione-Troncatti_INC_1-728x420.jpg 728w, https:\/\/www.cgfmanet.org\/wp-content\/uploads\/2026\/01\/Celebrazione-Troncatti_INC_1-768x443.jpg 768w, https:\/\/www.cgfmanet.org\/wp-content\/uploads\/2026\/01\/Celebrazione-Troncatti_INC_1-696x401.jpg 696w, https:\/\/www.cgfmanet.org\/wp-content\/uploads\/2026\/01\/Celebrazione-Troncatti_INC_1.jpg 1181w\" data-sizes=\"auto\" alt=\"\" src=\"data:image\/svg+xml;base64,PHN2ZyB3aWR0aD0iMSIgaGVpZ2h0PSIxIiB4bWxucz0iaHR0cDovL3d3dy53My5vcmcvMjAwMC9zdmciPjwvc3ZnPg==\" class=\"lazyload\" style=\"--smush-placeholder-width: 728px; --smush-placeholder-aspect-ratio: 728\/420;\" data-original-sizes=\"(max-width: 728px) 100vw, 728px\">\r\n                            <\/a>\r\n                            \r\n                        <\/figure>\r\n                    <\/div>\r\n                    <div class = \"td-slide-item td-item5\">\r\n                        <figure class=\"td-slide-galery-figure td-slide-popup-gallery\">\r\n                            <a class=\"slide-gallery-image-link\" href=\"https:\/\/www.cgfmanet.org\/wp-content\/uploads\/2026\/01\/Celebrazione-Troncatti_INC_5.jpg\" title=\"Celebrazione Troncatti_INC_5\"  data-caption=\"\"  data-description=\"\">\r\n                                <img decoding=\"async\" data-src=\"https:\/\/www.cgfmanet.org\/wp-content\/uploads\/2026\/01\/Celebrazione-Troncatti_INC_5-677x420.jpg\" data-srcset=\"https:\/\/www.cgfmanet.org\/wp-content\/uploads\/2026\/01\/Celebrazione-Troncatti_INC_5-677x420.jpg 677w, https:\/\/www.cgfmanet.org\/wp-content\/uploads\/2026\/01\/Celebrazione-Troncatti_INC_5-768x477.jpg 768w, https:\/\/www.cgfmanet.org\/wp-content\/uploads\/2026\/01\/Celebrazione-Troncatti_INC_5-696x432.jpg 696w, https:\/\/www.cgfmanet.org\/wp-content\/uploads\/2026\/01\/Celebrazione-Troncatti_INC_5.jpg 1181w\" data-sizes=\"auto\" alt=\"\" src=\"data:image\/svg+xml;base64,PHN2ZyB3aWR0aD0iMSIgaGVpZ2h0PSIxIiB4bWxucz0iaHR0cDovL3d3dy53My5vcmcvMjAwMC9zdmciPjwvc3ZnPg==\" class=\"lazyload\" style=\"--smush-placeholder-width: 677px; --smush-placeholder-aspect-ratio: 677\/420;\" data-original-sizes=\"(max-width: 677px) 100vw, 677px\">\r\n                            <\/a>\r\n                            \r\n                        <\/figure>\r\n                    <\/div>\r\n                            <\/div>\r\n                        <\/div>\r\n\r\n                        <div class = \"td-doubleSlider-2\">\r\n                            <div class = \"td-slider\">\r\n                                \r\n                    <div class = \"td-button td-item1\">\r\n                        <div class = \"td-border\"><\/div>\r\n                    <\/div>\r\n                    <div class = \"td-button td-item2\">\r\n                        <div class = \"td-border\"><\/div>\r\n                    <\/div>\r\n                    <div class = \"td-button td-item3\">\r\n                        <div class = \"td-border\"><\/div>\r\n                    <\/div>\r\n                    <div class = \"td-button td-item4\">\r\n                        <div class = \"td-border\"><\/div>\r\n                    <\/div>\r\n                    <div class = \"td-button td-item5\">\r\n                        <div class = \"td-border\"><\/div>\r\n                    <\/div>\r\n                            <\/div>\r\n                        <\/div>\r\n\r\n                    <\/div>\r\n\r\n                <\/div>\r\n                \n","protected":false},"excerpt":{"rendered":"<p>Bandel (India). El 29 de diciembre de 2025, en el Auxilium Convent de Bandel, la Inspector\u00eda Mar\u00eda Auxiliadora (INC) de Calcuta celebr\u00f3 la Santidad de Sor Mar\u00eda Troncatti, canonizada el [&hellip;]<\/p>\n","protected":false},"author":21,"featured_media":150784,"comment_status":"open","ping_status":"closed","sticky":false,"template":"","format":"standard","meta":{"footnotes":""},"categories":[2470,158],"tags":[1194,1451,1640,1792,1931],"class_list":["post-150809","post","type-post","status-publish","format-standard","has-post-thumbnail","category-150-misiones-fma","category-ifma-es","tag-inc-es","tag-santidad-salesiana","tag-maria-troncatti-es","tag-espiritu-misionero","tag-focus-es"],"yoast_head":"<!-- This site is optimized with the Yoast SEO plugin v27.4 - https:\/\/yoast.com\/product\/yoast-seo-wordpress\/ -->\n<title>Celebraci\u00f3n de la santidad de Sor Mar\u00eda Troncatti \u2013 India INC &#8226; Istituto Figlie di Maria Ausiliatrice<\/title>\n<meta name=\"description\" content=\"El 29 de diciembre de 2025, en Bandel, India, la Inspector\u00eda de Calcuta (INC) celebr\u00f3 solemnemente la Santidad de Sor Mar\u00eda Troncatti.\" \/>\n<meta name=\"robots\" content=\"index, follow, max-snippet:-1, max-image-preview:large, max-video-preview:-1\" \/>\n<link rel=\"canonical\" href=\"https:\/\/www.cgfmanet.org\/es\/ifma-es\/celebracion-de-la-santidad-de-sor-maria-troncatti-india-inc\/\" \/>\n<meta property=\"og:locale\" content=\"es_ES\" \/>\n<meta property=\"og:type\" content=\"article\" \/>\n<meta property=\"og:title\" content=\"Celebraci\u00f3n de la santidad de Sor Mar\u00eda Troncatti \u2013 India INC &#8226; Istituto Figlie di Maria Ausiliatrice\" \/>\n<meta property=\"og:description\" content=\"El 29 de diciembre de 2025, en Bandel, India, la Inspector\u00eda de Calcuta (INC) celebr\u00f3 solemnemente la Santidad de Sor Mar\u00eda Troncatti.\" \/>\n<meta property=\"og:url\" content=\"https:\/\/www.cgfmanet.org\/es\/ifma-es\/celebracion-de-la-santidad-de-sor-maria-troncatti-india-inc\/\" \/>\n<meta property=\"og:site_name\" content=\"Istituto Figlie di Maria Ausiliatrice\" \/>\n<meta property=\"article:publisher\" content=\"https:\/\/www.facebook.com\/salesian.sisters.of.don.bosco\/\" \/>\n<meta property=\"article:published_time\" content=\"2026-01-11T09:30:19+00:00\" \/>\n<meta property=\"article:modified_time\" content=\"2026-01-14T08:36:48+00:00\" \/>\n<meta property=\"og:image\" content=\"https:\/\/www.cgfmanet.org\/wp-content\/uploads\/2026\/01\/Celebrazione-Troncatti_INC.jpg\" \/>\n\t<meta property=\"og:image:width\" content=\"1181\" \/>\n\t<meta property=\"og:image:height\" content=\"787\" \/>\n\t<meta property=\"og:image:type\" content=\"image\/jpeg\" \/>\n<meta name=\"author\" content=\"Redazione\" \/>\n<meta name=\"twitter:card\" content=\"summary_large_image\" \/>\n<meta name=\"twitter:creator\" content=\"@Cgfmanet_Org\" \/>\n<meta name=\"twitter:site\" content=\"@Cgfmanet_Org\" \/>\n<meta name=\"twitter:label1\" content=\"Escrito por\" \/>\n\t<meta name=\"twitter:data1\" content=\"Redazione\" \/>\n\t<meta name=\"twitter:label2\" content=\"Tiempo de lectura\" \/>\n\t<meta name=\"twitter:data2\" content=\"4 minutos\" \/>\n<script type=\"application\/ld+json\" class=\"yoast-schema-graph\">{\"@context\":\"https:\\\/\\\/schema.org\",\"@graph\":[{\"@type\":\"Article\",\"@id\":\"https:\\\/\\\/www.cgfmanet.org\\\/es\\\/ifma-es\\\/celebracion-de-la-santidad-de-sor-maria-troncatti-india-inc\\\/#article\",\"isPartOf\":{\"@id\":\"https:\\\/\\\/www.cgfmanet.org\\\/es\\\/ifma-es\\\/celebracion-de-la-santidad-de-sor-maria-troncatti-india-inc\\\/\"},\"author\":{\"name\":\"Redazione\",\"@id\":\"https:\\\/\\\/www.cgfmanet.org\\\/es\\\/#\\\/schema\\\/person\\\/ce6473083f53ef0ef882cca23f0c8fb9\"},\"headline\":\"Celebraci\u00f3n de la santidad de Sor Mar\u00eda Troncatti \u2013 India INC\",\"datePublished\":\"2026-01-11T09:30:19+00:00\",\"dateModified\":\"2026-01-14T08:36:48+00:00\",\"mainEntityOfPage\":{\"@id\":\"https:\\\/\\\/www.cgfmanet.org\\\/es\\\/ifma-es\\\/celebracion-de-la-santidad-de-sor-maria-troncatti-india-inc\\\/\"},\"wordCount\":674,\"commentCount\":0,\"publisher\":{\"@id\":\"https:\\\/\\\/www.cgfmanet.org\\\/es\\\/#organization\"},\"image\":{\"@id\":\"https:\\\/\\\/www.cgfmanet.org\\\/es\\\/ifma-es\\\/celebracion-de-la-santidad-de-sor-maria-troncatti-india-inc\\\/#primaryimage\"},\"thumbnailUrl\":\"https:\\\/\\\/www.cgfmanet.org\\\/wp-content\\\/uploads\\\/2026\\\/01\\\/Celebrazione-Troncatti_INC.jpg\",\"keywords\":[\"INC\",\"Santidad Salesiana\",\"Maria Troncatti\",\"Esp\u00edritu misionero\",\"Focus\"],\"articleSection\":[\"150\u00b0 Misiones FMA\",\"IFMA\"],\"inLanguage\":\"es\",\"potentialAction\":[{\"@type\":\"CommentAction\",\"name\":\"Comment\",\"target\":[\"https:\\\/\\\/www.cgfmanet.org\\\/es\\\/ifma-es\\\/celebracion-de-la-santidad-de-sor-maria-troncatti-india-inc\\\/#respond\"]}]},{\"@type\":\"WebPage\",\"@id\":\"https:\\\/\\\/www.cgfmanet.org\\\/es\\\/ifma-es\\\/celebracion-de-la-santidad-de-sor-maria-troncatti-india-inc\\\/\",\"url\":\"https:\\\/\\\/www.cgfmanet.org\\\/es\\\/ifma-es\\\/celebracion-de-la-santidad-de-sor-maria-troncatti-india-inc\\\/\",\"name\":\"Celebraci\u00f3n de la santidad de Sor Mar\u00eda Troncatti \u2013 India INC &#8226; Istituto Figlie di Maria Ausiliatrice\",\"isPartOf\":{\"@id\":\"https:\\\/\\\/www.cgfmanet.org\\\/es\\\/#website\"},\"primaryImageOfPage\":{\"@id\":\"https:\\\/\\\/www.cgfmanet.org\\\/es\\\/ifma-es\\\/celebracion-de-la-santidad-de-sor-maria-troncatti-india-inc\\\/#primaryimage\"},\"image\":{\"@id\":\"https:\\\/\\\/www.cgfmanet.org\\\/es\\\/ifma-es\\\/celebracion-de-la-santidad-de-sor-maria-troncatti-india-inc\\\/#primaryimage\"},\"thumbnailUrl\":\"https:\\\/\\\/www.cgfmanet.org\\\/wp-content\\\/uploads\\\/2026\\\/01\\\/Celebrazione-Troncatti_INC.jpg\",\"datePublished\":\"2026-01-11T09:30:19+00:00\",\"dateModified\":\"2026-01-14T08:36:48+00:00\",\"description\":\"El 29 de diciembre de 2025, en Bandel, India, la Inspector\u00eda de Calcuta (INC) celebr\u00f3 solemnemente la Santidad de Sor Mar\u00eda Troncatti.\",\"breadcrumb\":{\"@id\":\"https:\\\/\\\/www.cgfmanet.org\\\/es\\\/ifma-es\\\/celebracion-de-la-santidad-de-sor-maria-troncatti-india-inc\\\/#breadcrumb\"},\"inLanguage\":\"es\",\"potentialAction\":[{\"@type\":\"ReadAction\",\"target\":[\"https:\\\/\\\/www.cgfmanet.org\\\/es\\\/ifma-es\\\/celebracion-de-la-santidad-de-sor-maria-troncatti-india-inc\\\/\"]}]},{\"@type\":\"ImageObject\",\"inLanguage\":\"es\",\"@id\":\"https:\\\/\\\/www.cgfmanet.org\\\/es\\\/ifma-es\\\/celebracion-de-la-santidad-de-sor-maria-troncatti-india-inc\\\/#primaryimage\",\"url\":\"https:\\\/\\\/www.cgfmanet.org\\\/wp-content\\\/uploads\\\/2026\\\/01\\\/Celebrazione-Troncatti_INC.jpg\",\"contentUrl\":\"https:\\\/\\\/www.cgfmanet.org\\\/wp-content\\\/uploads\\\/2026\\\/01\\\/Celebrazione-Troncatti_INC.jpg\",\"width\":1181,\"height\":787},{\"@type\":\"BreadcrumbList\",\"@id\":\"https:\\\/\\\/www.cgfmanet.org\\\/es\\\/ifma-es\\\/celebracion-de-la-santidad-de-sor-maria-troncatti-india-inc\\\/#breadcrumb\",\"itemListElement\":[{\"@type\":\"ListItem\",\"position\":1,\"name\":\"Home\",\"item\":\"https:\\\/\\\/www.cgfmanet.org\\\/es\\\/\"},{\"@type\":\"ListItem\",\"position\":2,\"name\":\"Celebraci\u00f3n de la santidad de Sor Mar\u00eda Troncatti \u2013 India INC\"}]},{\"@type\":\"WebSite\",\"@id\":\"https:\\\/\\\/www.cgfmanet.org\\\/es\\\/#website\",\"url\":\"https:\\\/\\\/www.cgfmanet.org\\\/es\\\/\",\"name\":\"Istituto Figlie di Maria Ausiliatrice\",\"description\":\"Salesiane di Don Bosco\",\"publisher\":{\"@id\":\"https:\\\/\\\/www.cgfmanet.org\\\/es\\\/#organization\"},\"potentialAction\":[{\"@type\":\"SearchAction\",\"target\":{\"@type\":\"EntryPoint\",\"urlTemplate\":\"https:\\\/\\\/www.cgfmanet.org\\\/es\\\/?s={search_term_string}\"},\"query-input\":{\"@type\":\"PropertyValueSpecification\",\"valueRequired\":true,\"valueName\":\"search_term_string\"}}],\"inLanguage\":\"es\"},{\"@type\":\"Organization\",\"@id\":\"https:\\\/\\\/www.cgfmanet.org\\\/es\\\/#organization\",\"name\":\"Istituto Figlie di Maria Ausiliatrice\",\"url\":\"https:\\\/\\\/www.cgfmanet.org\\\/es\\\/\",\"logo\":{\"@type\":\"ImageObject\",\"inLanguage\":\"es\",\"@id\":\"https:\\\/\\\/www.cgfmanet.org\\\/es\\\/#\\\/schema\\\/logo\\\/image\\\/\",\"url\":\"https:\\\/\\\/www.cgfmanet.org\\\/wp-content\\\/uploads\\\/2018\\\/10\\\/logo-fma.png\",\"contentUrl\":\"https:\\\/\\\/www.cgfmanet.org\\\/wp-content\\\/uploads\\\/2018\\\/10\\\/logo-fma.png\",\"width\":214,\"height\":55,\"caption\":\"Istituto Figlie di Maria Ausiliatrice\"},\"image\":{\"@id\":\"https:\\\/\\\/www.cgfmanet.org\\\/es\\\/#\\\/schema\\\/logo\\\/image\\\/\"},\"sameAs\":[\"https:\\\/\\\/www.facebook.com\\\/salesian.sisters.of.don.bosco\\\/\",\"https:\\\/\\\/x.com\\\/Cgfmanet_Org\",\"https:\\\/\\\/www.youtube.com\\\/channel\\\/UCmcr8yFQBV7JXeXVxyV9y5Q\"]},{\"@type\":\"Person\",\"@id\":\"https:\\\/\\\/www.cgfmanet.org\\\/es\\\/#\\\/schema\\\/person\\\/ce6473083f53ef0ef882cca23f0c8fb9\",\"name\":\"Redazione\"}]}<\/script>\n<!-- \/ Yoast SEO plugin. -->","yoast_head_json":{"title":"Celebraci\u00f3n de la santidad de Sor Mar\u00eda Troncatti \u2013 India INC &#8226; Istituto Figlie di Maria Ausiliatrice","description":"El 29 de diciembre de 2025, en Bandel, India, la Inspector\u00eda de Calcuta (INC) celebr\u00f3 solemnemente la Santidad de Sor Mar\u00eda Troncatti.","robots":{"index":"index","follow":"follow","max-snippet":"max-snippet:-1","max-image-preview":"max-image-preview:large","max-video-preview":"max-video-preview:-1"},"canonical":"https:\/\/www.cgfmanet.org\/es\/ifma-es\/celebracion-de-la-santidad-de-sor-maria-troncatti-india-inc\/","og_locale":"es_ES","og_type":"article","og_title":"Celebraci\u00f3n de la santidad de Sor Mar\u00eda Troncatti \u2013 India INC &#8226; Istituto Figlie di Maria Ausiliatrice","og_description":"El 29 de diciembre de 2025, en Bandel, India, la Inspector\u00eda de Calcuta (INC) celebr\u00f3 solemnemente la Santidad de Sor Mar\u00eda Troncatti.","og_url":"https:\/\/www.cgfmanet.org\/es\/ifma-es\/celebracion-de-la-santidad-de-sor-maria-troncatti-india-inc\/","og_site_name":"Istituto Figlie di Maria Ausiliatrice","article_publisher":"https:\/\/www.facebook.com\/salesian.sisters.of.don.bosco\/","article_published_time":"2026-01-11T09:30:19+00:00","article_modified_time":"2026-01-14T08:36:48+00:00","og_image":[{"width":1181,"height":787,"url":"https:\/\/www.cgfmanet.org\/wp-content\/uploads\/2026\/01\/Celebrazione-Troncatti_INC.jpg","type":"image\/jpeg"}],"author":"Redazione","twitter_card":"summary_large_image","twitter_creator":"@Cgfmanet_Org","twitter_site":"@Cgfmanet_Org","twitter_misc":{"Escrito por":"Redazione","Tiempo de lectura":"4 minutos"},"schema":{"@context":"https:\/\/schema.org","@graph":[{"@type":"Article","@id":"https:\/\/www.cgfmanet.org\/es\/ifma-es\/celebracion-de-la-santidad-de-sor-maria-troncatti-india-inc\/#article","isPartOf":{"@id":"https:\/\/www.cgfmanet.org\/es\/ifma-es\/celebracion-de-la-santidad-de-sor-maria-troncatti-india-inc\/"},"author":{"name":"Redazione","@id":"https:\/\/www.cgfmanet.org\/es\/#\/schema\/person\/ce6473083f53ef0ef882cca23f0c8fb9"},"headline":"Celebraci\u00f3n de la santidad de Sor Mar\u00eda Troncatti \u2013 India INC","datePublished":"2026-01-11T09:30:19+00:00","dateModified":"2026-01-14T08:36:48+00:00","mainEntityOfPage":{"@id":"https:\/\/www.cgfmanet.org\/es\/ifma-es\/celebracion-de-la-santidad-de-sor-maria-troncatti-india-inc\/"},"wordCount":674,"commentCount":0,"publisher":{"@id":"https:\/\/www.cgfmanet.org\/es\/#organization"},"image":{"@id":"https:\/\/www.cgfmanet.org\/es\/ifma-es\/celebracion-de-la-santidad-de-sor-maria-troncatti-india-inc\/#primaryimage"},"thumbnailUrl":"https:\/\/www.cgfmanet.org\/wp-content\/uploads\/2026\/01\/Celebrazione-Troncatti_INC.jpg","keywords":["INC","Santidad Salesiana","Maria Troncatti","Esp\u00edritu misionero","Focus"],"articleSection":["150\u00b0 Misiones FMA","IFMA"],"inLanguage":"es","potentialAction":[{"@type":"CommentAction","name":"Comment","target":["https:\/\/www.cgfmanet.org\/es\/ifma-es\/celebracion-de-la-santidad-de-sor-maria-troncatti-india-inc\/#respond"]}]},{"@type":"WebPage","@id":"https:\/\/www.cgfmanet.org\/es\/ifma-es\/celebracion-de-la-santidad-de-sor-maria-troncatti-india-inc\/","url":"https:\/\/www.cgfmanet.org\/es\/ifma-es\/celebracion-de-la-santidad-de-sor-maria-troncatti-india-inc\/","name":"Celebraci\u00f3n de la santidad de Sor Mar\u00eda Troncatti \u2013 India INC &#8226; Istituto Figlie di Maria Ausiliatrice","isPartOf":{"@id":"https:\/\/www.cgfmanet.org\/es\/#website"},"primaryImageOfPage":{"@id":"https:\/\/www.cgfmanet.org\/es\/ifma-es\/celebracion-de-la-santidad-de-sor-maria-troncatti-india-inc\/#primaryimage"},"image":{"@id":"https:\/\/www.cgfmanet.org\/es\/ifma-es\/celebracion-de-la-santidad-de-sor-maria-troncatti-india-inc\/#primaryimage"},"thumbnailUrl":"https:\/\/www.cgfmanet.org\/wp-content\/uploads\/2026\/01\/Celebrazione-Troncatti_INC.jpg","datePublished":"2026-01-11T09:30:19+00:00","dateModified":"2026-01-14T08:36:48+00:00","description":"El 29 de diciembre de 2025, en Bandel, India, la Inspector\u00eda de Calcuta (INC) celebr\u00f3 solemnemente la Santidad de Sor Mar\u00eda Troncatti.","breadcrumb":{"@id":"https:\/\/www.cgfmanet.org\/es\/ifma-es\/celebracion-de-la-santidad-de-sor-maria-troncatti-india-inc\/#breadcrumb"},"inLanguage":"es","potentialAction":[{"@type":"ReadAction","target":["https:\/\/www.cgfmanet.org\/es\/ifma-es\/celebracion-de-la-santidad-de-sor-maria-troncatti-india-inc\/"]}]},{"@type":"ImageObject","inLanguage":"es","@id":"https:\/\/www.cgfmanet.org\/es\/ifma-es\/celebracion-de-la-santidad-de-sor-maria-troncatti-india-inc\/#primaryimage","url":"https:\/\/www.cgfmanet.org\/wp-content\/uploads\/2026\/01\/Celebrazione-Troncatti_INC.jpg","contentUrl":"https:\/\/www.cgfmanet.org\/wp-content\/uploads\/2026\/01\/Celebrazione-Troncatti_INC.jpg","width":1181,"height":787},{"@type":"BreadcrumbList","@id":"https:\/\/www.cgfmanet.org\/es\/ifma-es\/celebracion-de-la-santidad-de-sor-maria-troncatti-india-inc\/#breadcrumb","itemListElement":[{"@type":"ListItem","position":1,"name":"Home","item":"https:\/\/www.cgfmanet.org\/es\/"},{"@type":"ListItem","position":2,"name":"Celebraci\u00f3n de la santidad de Sor Mar\u00eda Troncatti \u2013 India INC"}]},{"@type":"WebSite","@id":"https:\/\/www.cgfmanet.org\/es\/#website","url":"https:\/\/www.cgfmanet.org\/es\/","name":"Istituto Figlie di Maria Ausiliatrice","description":"Salesiane di Don Bosco","publisher":{"@id":"https:\/\/www.cgfmanet.org\/es\/#organization"},"potentialAction":[{"@type":"SearchAction","target":{"@type":"EntryPoint","urlTemplate":"https:\/\/www.cgfmanet.org\/es\/?s={search_term_string}"},"query-input":{"@type":"PropertyValueSpecification","valueRequired":true,"valueName":"search_term_string"}}],"inLanguage":"es"},{"@type":"Organization","@id":"https:\/\/www.cgfmanet.org\/es\/#organization","name":"Istituto Figlie di Maria Ausiliatrice","url":"https:\/\/www.cgfmanet.org\/es\/","logo":{"@type":"ImageObject","inLanguage":"es","@id":"https:\/\/www.cgfmanet.org\/es\/#\/schema\/logo\/image\/","url":"https:\/\/www.cgfmanet.org\/wp-content\/uploads\/2018\/10\/logo-fma.png","contentUrl":"https:\/\/www.cgfmanet.org\/wp-content\/uploads\/2018\/10\/logo-fma.png","width":214,"height":55,"caption":"Istituto Figlie di Maria Ausiliatrice"},"image":{"@id":"https:\/\/www.cgfmanet.org\/es\/#\/schema\/logo\/image\/"},"sameAs":["https:\/\/www.facebook.com\/salesian.sisters.of.don.bosco\/","https:\/\/x.com\/Cgfmanet_Org","https:\/\/www.youtube.com\/channel\/UCmcr8yFQBV7JXeXVxyV9y5Q"]},{"@type":"Person","@id":"https:\/\/www.cgfmanet.org\/es\/#\/schema\/person\/ce6473083f53ef0ef882cca23f0c8fb9","name":"Redazione"}]}},"_links":{"self":[{"href":"https:\/\/www.cgfmanet.org\/es\/wp-json\/wp\/v2\/posts\/150809","targetHints":{"allow":["GET"]}}],"collection":[{"href":"https:\/\/www.cgfmanet.org\/es\/wp-json\/wp\/v2\/posts"}],"about":[{"href":"https:\/\/www.cgfmanet.org\/es\/wp-json\/wp\/v2\/types\/post"}],"author":[{"embeddable":true,"href":"https:\/\/www.cgfmanet.org\/es\/wp-json\/wp\/v2\/users\/21"}],"replies":[{"embeddable":true,"href":"https:\/\/www.cgfmanet.org\/es\/wp-json\/wp\/v2\/comments?post=150809"}],"version-history":[{"count":3,"href":"https:\/\/www.cgfmanet.org\/es\/wp-json\/wp\/v2\/posts\/150809\/revisions"}],"predecessor-version":[{"id":151000,"href":"https:\/\/www.cgfmanet.org\/es\/wp-json\/wp\/v2\/posts\/150809\/revisions\/151000"}],"wp:featuredmedia":[{"embeddable":true,"href":"https:\/\/www.cgfmanet.org\/es\/wp-json\/wp\/v2\/media\/150784"}],"wp:attachment":[{"href":"https:\/\/www.cgfmanet.org\/es\/wp-json\/wp\/v2\/media?parent=150809"}],"wp:term":[{"taxonomy":"category","embeddable":true,"href":"https:\/\/www.cgfmanet.org\/es\/wp-json\/wp\/v2\/categories?post=150809"},{"taxonomy":"post_tag","embeddable":true,"href":"https:\/\/www.cgfmanet.org\/es\/wp-json\/wp\/v2\/tags?post=150809"}],"curies":[{"name":"wp","href":"https:\/\/api.w.org\/{rel}","templated":true}]}}