{"id":150422,"date":"2026-01-06T23:11:46","date_gmt":"2026-01-06T22:11:46","guid":{"rendered":"https:\/\/www.cgfmanet.org\/infoesfera\/capodanno-di-taize-a-parigi-le-fma-accolgono-i-giovani\/"},"modified":"2026-01-10T22:38:40","modified_gmt":"2026-01-10T21:38:40","slug":"ano-nuevo-de-taize-en-paris-las-fma-acogen-a-los-jovenes","status":"publish","type":"post","link":"https:\/\/www.cgfmanet.org\/es\/infoesfera\/ano-nuevo-de-taize-en-paris-las-fma-acogen-a-los-jovenes\/","title":{"rendered":"A\u00f1o Nuevo de Taiz\u00e9 en Par\u00eds: las FMA acogen a los j\u00f3venes"},"content":{"rendered":"<p><strong>Par\u00eds (Francia). <\/strong>Del 28 de diciembre al 1 de enero de 2026, como cada a\u00f1o desde 1978, se celebr\u00f3 la \u00abPeregrinaci\u00f3n de confianza sobre la tierra\u00bb organizada por la Comunidad ecum\u00e9nica de Taiz\u00e9. 15.000 j\u00f3venes procedentes de toda Europa se reunieron as\u00ed en Par\u00eds para celebrar el paso al nuevo a\u00f1o y vivir el <strong><span style=\"color: #0000ff;\"><a style=\"color: #0000ff;\" href=\"https:\/\/www.taize.fr\/en\/parigi-2025-26\/it\" target=\"_blank\" rel=\"noopener\">48\u00b0 encuentro europeo de Taiz\u00e9<\/a><\/span><\/strong>.<\/p>\n<p>Las parroquias de la capital y de \u00cele-de-France se movilizaron para acoger a todos estos j\u00f3venes, y tambi\u00e9n las parroquias salesianas de Par\u00eds y Argenteuil abrieron sus puertas. As\u00ed, 80 j\u00f3venes fueron acogidos por las familias de la parroquia San Juan Bosco y 68 en Argenteuil. Diversos j\u00f3venes del Movimiento Juvenil Salesiano (MJS) llegaron a la capital para reforzar el coro o para ayudar en la log\u00edstica, con el fin de acoger a todos de la mejor manera.<\/p>\n<p>En Par\u00eds, en la sede de la Inspector\u00eda Notre-Dame des Nations (FRB), las Hijas de Mar\u00eda Auxiliadora acogieron a 13 j\u00f3venes: cuatro de Eslovenia, seis de Ucrania que actualmente viven en Alemania, uno de Portugal y dos j\u00f3venes del MJS de Francia. El tiempo pasado juntos por la tarde o por la ma\u00f1ana permiti\u00f3 a las FMA conocer mejor y descubrir las realidades que viven los j\u00f3venes de otros pa\u00edses.<\/p>\n<p>Polonia, Ucrania, Noruega, Portugal, Italia, Alemania&#8230; \u00a1Eran tantas las nacionalidades representadas! Para entenderse, el ingl\u00e9s era muy \u00fatil, pero cuando se trataba de cantar, el don de lenguas parec\u00eda manifestarse en cada uno, descubriendo la capacidad de alternar entre \u00abV tebi je izvir \u017eivljenja\u00bb (esloveno), \u201cBeh\u00fcte mich, Gott\u201d (alem\u00e1n) o \u201cB\u00f3g jest mi\u0142o\u015bci\u0105\u201d (polaco). Y el silencio prolongado durante los tres momentos de oraci\u00f3n cotidianos permit\u00eda a la Palabra de Dios difundirse en los corazones.<\/p>\n<p>Tambi\u00e9n la diversidad de los lugares de oraci\u00f3n permiti\u00f3 una experiencia fuerte: por la ma\u00f1ana la oraci\u00f3n se desarrollaba en la parroquia, en un clima m\u00e1s familiar. Al mediod\u00eda se trasladaban a las grandes iglesias de Par\u00eds, convirti\u00e9ndose en signo y portadores de paz para los turistas y los parisinos. Y el estar reunidos para la oraci\u00f3n vespertina en el Accor Arena de Bercy fue un fuerte signo de unidad para todos.<\/p>\n<p>La noche entre el 31 de diciembre y el primero de enero, una oraci\u00f3n por la paz propuesta en las diversas parroquias fue la ocasi\u00f3n para extender al mundo esta fuerte experiencia de unidad, sencillez y fraternidad.<\/p>\n<p><strong>Algunos testimonios de los j\u00f3venes:<\/strong><\/p>\n<p>\u201cNuestra experiencia del encuentro de Taiz\u00e9 y con los Salesianos ha sido realmente maravillosa. La Familia Salesiana nos acogi\u00f3 como si ya fu\u00e9ramos parte de su familia. Han sido cordiales, abiertos y atentos en cada circunstancia, y encarnan verdaderamente el sentido de una comunidad acogedora e inclusiva\u201d. (Ana, Noruega)<\/p>\n<p>\u201cEl evento de Taiz\u00e9 realmente me ha abierto los ojos. Durante el tiempo pasado en Par\u00eds, descubr\u00ed nuevas perspectivas sobre el cristianismo, representadas por diversas naciones y culturas. Las oraciones multiling\u00fces y los encuentros en los grupos de intercambio me permitieron profundizar en mi comprensi\u00f3n de la fe, mostr\u00e1ndome diversos puntos de vista sobre algunos temas. Tambi\u00e9n me permitieron entablar amistades con personas procedentes de otras regiones de Europa. A\u00fan m\u00e1s importante, he aprendido que la \u00fanica v\u00eda hacia la unidad pasa a trav\u00e9s de la aceptaci\u00f3n de la diversidad\u201d. (Joachim, Polonia)<\/p>\n<p>\u201cTres amigas m\u00edas y yo decidimos participar en el Encuentro Europeo de Taiz\u00e9 en Par\u00eds. Fue la primera vez para todas nosotras y estamos muy contentas de haber ido. Toda la experiencia fue \u00fanica y cada d\u00eda nos trajo algo nuevo. Entre los momentos destacados, guardaremos en nuestra memoria las oraciones compartidas en diversas iglesias, as\u00ed como en nuestra parroquia, donde pudimos conocer a personas procedentes de diversos pa\u00edses. Tambi\u00e9n celebramos el A\u00f1o Nuevo en nuestra parroquia, esperando la llegada del nuevo a\u00f1o en oraci\u00f3n y en el silencio con Jes\u00fas. Estamos muy agradecidas por esta experiencia y sobre todo por la hospitalidad de la parroquia y de todos sus miembros, incluidas las hermanas que nos acogieron en su casa con la sonrisa y conversaciones enriquecedoras\u201d. (Zala, Eslovenia)<\/p>\n<p>\u201cPara mi primer encuentro europeo de Taiz\u00e9, Par\u00eds, la ciudad donde estudi\u00e9, fue la ocasi\u00f3n perfecta para participar. Viv\u00ed la acogida de unos 80 j\u00f3venes procedentes de 13 pa\u00edses en mi parroquia de adopci\u00f3n, San Juan Bosco. Particip\u00e9 en la animaci\u00f3n de los momentos de oraci\u00f3n matutinos, tratando de cantar de la manera m\u00e1s correcta posible los cantos de Taiz\u00e9. Adem\u00e1s de este servicio, pude participar en los momentos de intercambio en fraternidad y en los talleres. El encuentro fue a varios niveles: entre j\u00f3venes de diversos pa\u00edses, pero tambi\u00e9n entre cristianos de diversas Iglesias. \u00a1Una ocasi\u00f3n rara para vivir el ecumenismo a gran escala! Entre risas y reflexiones, entre oraci\u00f3n y puesta en com\u00fan, entre momentos en peque\u00f1os grupos y encuentros de 15.000 personas en Bercy, encontr\u00e9 un verdadero equilibrio en estos cuatro d\u00edas. Me trajeron serenidad, pero tambi\u00e9n gran alegr\u00eda. Salgo con numerosas perspectivas de compromiso, gracias al encuentro con muchas asociaciones cuya acci\u00f3n tiene un gran significado para m\u00ed, y con el renovado deseo de ser una joven creyente, activa en el mundo y sostenida por su fe. \u00a1Gracias a todos los organizadores, nos dan fuerza!\u201d. (Th\u00e9a, Francia)<\/p>\n<p>\u00abMis amigos y yo fuimos acogidos por la parroquia San Juan Bosco. Recibimos una hospitalidad incre\u00edble y conocimos a personas muy amables y admirables. Derribamos las barreras culturales que nos separan para crear un grupo heterog\u00e9neo, pero unido. Desde un punto de vista espiritual, Taiz\u00e9 nos abri\u00f3 las puertas a un modo diferente de vivir la religi\u00f3n, muy introspectivo. El intercambio en peque\u00f1os grupos de reflexi\u00f3n nos permiti\u00f3 descubrir muchos puntos de vista y enfoques de la religi\u00f3n, muy estimulante. \u00a1Esperamos volver a ver en \u0141\u00f3d\u017a a las personas que hemos conocido este a\u00f1o!\u00bb (Silvia, Italia)<\/p>\n<p>\u00abDurante el Encuentro Europeo de Taiz\u00e9 en Par\u00eds, fui acogida por la comunidad de las Salesianas, que me hospedaron en su propia casa. Desde el primer momento me sent\u00ed acogida con gran sencillez y calidez. A trav\u00e9s de peque\u00f1os gestos cotidianos, como las comidas compartidas, el di\u00e1logo y la disponibilidad para la escucha, pude experimentar una forma concreta de Evangelio vivido. Esta experiencia de hospitalidad no ha sido solo un apoyo pr\u00e1ctico, sino tambi\u00e9n un signo profundo de comuni\u00f3n, capaz de superar diferencias de lengua, cultura y procedencia. En un contexto europeo a menudo marcado por la distancia y el individualismo, la experiencia de Taiz\u00e9 recuerda que el encuentro con el otro es posible y necesario. La hospitalidad se convierte as\u00ed en un testimonio vivo de esperanza, capaz de construir puentes y de renovar la confianza en una Iglesia y en una Europa m\u00e1s abiertas, solidarias y fraternas\u00bb. (Maria, Portugal)<\/p>\n\r\n                <style type=\"text\/css\">\r\n                    \r\n                    #tdi_1  .td-doubleSlider-2 .td-item1 {\r\n                        background: url(https:\/\/www.cgfmanet.org\/wp-content\/uploads\/2026\/01\/Taize-Parigi_3-80x60.jpg) 0 0 no-repeat;\r\n                    }\r\n                    #tdi_1  .td-doubleSlider-2 .td-item2 {\r\n                        background: url(https:\/\/www.cgfmanet.org\/wp-content\/uploads\/2026\/01\/Taize-Parigi_1-80x60.jpg) 0 0 no-repeat;\r\n                    }\r\n                    #tdi_1  .td-doubleSlider-2 .td-item3 {\r\n                        background: url(https:\/\/www.cgfmanet.org\/wp-content\/uploads\/2026\/01\/Taize-Parigi_2-80x60.jpg) 0 0 no-repeat;\r\n                    }\r\n                    #tdi_1  .td-doubleSlider-2 .td-item4 {\r\n                        background: url(https:\/\/www.cgfmanet.org\/wp-content\/uploads\/2026\/01\/Taize-Parigi_4-80x60.jpg) 0 0 no-repeat;\r\n                    }\r\n                    #tdi_1  .td-doubleSlider-2 .td-item5 {\r\n                        background: url(https:\/\/www.cgfmanet.org\/wp-content\/uploads\/2026\/01\/Taize-Parigi_6-80x60.jpg) 0 0 no-repeat;\r\n                    }\r\n                    #tdi_1  .td-doubleSlider-2 .td-item6 {\r\n                        background: url(https:\/\/www.cgfmanet.org\/wp-content\/uploads\/2026\/01\/Taize-Parigi_5-80x60.jpg) 0 0 no-repeat;\r\n                    }\r\n                <\/style>\r\n\r\n                <div id=\"tdi_1\" class=\"td-gallery td-slide-on-2-columns\">\r\n                    <div class=\"post_td_gallery\">\r\n                        <div class=\"td-gallery-slide-top\">\r\n                           <div class=\"td-gallery-title\"><\/div>\r\n\r\n                            <div class=\"td-gallery-controls-wrapper\">\r\n                                <div class=\"td-gallery-slide-count\"><span class=\"td-gallery-slide-item-focus\">1<\/span> de 6<\/div>\r\n                                <div class=\"td-gallery-slide-prev-next-but\">\r\n                                    <i class = \"td-icon-left doubleSliderPrevButton\"><\/i>\r\n                                    <i class = \"td-icon-right doubleSliderNextButton\"><\/i>\r\n                                <\/div>\r\n                            <\/div>\r\n                        <\/div>\r\n\r\n                        <div class = \"td-doubleSlider-1 \">\r\n                            <div class = \"td-slider\">\r\n                                \r\n                    <div class = \"td-slide-item td-item1\">\r\n                        <figure class=\"td-slide-galery-figure td-slide-popup-gallery\">\r\n                            <a class=\"slide-gallery-image-link\" href=\"https:\/\/www.cgfmanet.org\/wp-content\/uploads\/2026\/01\/Taize-Parigi_3.jpg\" title=\"Taiz\u00e9 Parigi_3\"  data-caption=\"\"  data-description=\"\">\r\n                                <img decoding=\"async\" data-src=\"https:\/\/www.cgfmanet.org\/wp-content\/uploads\/2026\/01\/Taize-Parigi_3-630x420.jpg\" data-srcset=\"https:\/\/www.cgfmanet.org\/wp-content\/uploads\/2026\/01\/Taize-Parigi_3-630x420.jpg 630w, https:\/\/www.cgfmanet.org\/wp-content\/uploads\/2026\/01\/Taize-Parigi_3-768x512.jpg 768w, https:\/\/www.cgfmanet.org\/wp-content\/uploads\/2026\/01\/Taize-Parigi_3-1536x1024.jpg 1536w, https:\/\/www.cgfmanet.org\/wp-content\/uploads\/2026\/01\/Taize-Parigi_3-696x464.jpg 696w, https:\/\/www.cgfmanet.org\/wp-content\/uploads\/2026\/01\/Taize-Parigi_3.jpg 1600w\" data-sizes=\"auto\" alt=\"\" src=\"data:image\/svg+xml;base64,PHN2ZyB3aWR0aD0iMSIgaGVpZ2h0PSIxIiB4bWxucz0iaHR0cDovL3d3dy53My5vcmcvMjAwMC9zdmciPjwvc3ZnPg==\" class=\"lazyload\" style=\"--smush-placeholder-width: 630px; --smush-placeholder-aspect-ratio: 630\/420;\" data-original-sizes=\"(max-width: 630px) 100vw, 630px\">\r\n                            <\/a>\r\n                            \r\n                        <\/figure>\r\n                    <\/div>\r\n                    <div class = \"td-slide-item td-item2\">\r\n                        <figure class=\"td-slide-galery-figure td-slide-popup-gallery\">\r\n                            <a class=\"slide-gallery-image-link\" href=\"https:\/\/www.cgfmanet.org\/wp-content\/uploads\/2026\/01\/Taize-Parigi_1.jpg\" title=\"Taiz\u00e9 Parigi_1\"  data-caption=\"\"  data-description=\"\">\r\n                                <img decoding=\"async\" data-src=\"https:\/\/www.cgfmanet.org\/wp-content\/uploads\/2026\/01\/Taize-Parigi_1-630x420.jpg\" data-srcset=\"https:\/\/www.cgfmanet.org\/wp-content\/uploads\/2026\/01\/Taize-Parigi_1-630x420.jpg 630w, https:\/\/www.cgfmanet.org\/wp-content\/uploads\/2026\/01\/Taize-Parigi_1-768x512.jpg 768w, https:\/\/www.cgfmanet.org\/wp-content\/uploads\/2026\/01\/Taize-Parigi_1-696x464.jpg 696w, https:\/\/www.cgfmanet.org\/wp-content\/uploads\/2026\/01\/Taize-Parigi_1.jpg 1181w\" data-sizes=\"auto\" alt=\"\" src=\"data:image\/svg+xml;base64,PHN2ZyB3aWR0aD0iMSIgaGVpZ2h0PSIxIiB4bWxucz0iaHR0cDovL3d3dy53My5vcmcvMjAwMC9zdmciPjwvc3ZnPg==\" class=\"lazyload\" style=\"--smush-placeholder-width: 630px; --smush-placeholder-aspect-ratio: 630\/420;\" data-original-sizes=\"(max-width: 630px) 100vw, 630px\">\r\n                            <\/a>\r\n                            \r\n                        <\/figure>\r\n                    <\/div>\r\n                    <div class = \"td-slide-item td-item3\">\r\n                        <figure class=\"td-slide-galery-figure td-slide-popup-gallery\">\r\n                            <a class=\"slide-gallery-image-link\" href=\"https:\/\/www.cgfmanet.org\/wp-content\/uploads\/2026\/01\/Taize-Parigi_2.jpg\" title=\"Taiz\u00e9 Parigi_2\"  data-caption=\"\"  data-description=\"\">\r\n                                <img decoding=\"async\" data-src=\"https:\/\/www.cgfmanet.org\/wp-content\/uploads\/2026\/01\/Taize-Parigi_2-630x420.jpg\" data-srcset=\"https:\/\/www.cgfmanet.org\/wp-content\/uploads\/2026\/01\/Taize-Parigi_2-630x420.jpg 630w, https:\/\/www.cgfmanet.org\/wp-content\/uploads\/2026\/01\/Taize-Parigi_2-768x512.jpg 768w, https:\/\/www.cgfmanet.org\/wp-content\/uploads\/2026\/01\/Taize-Parigi_2-1536x1024.jpg 1536w, https:\/\/www.cgfmanet.org\/wp-content\/uploads\/2026\/01\/Taize-Parigi_2-696x464.jpg 696w, https:\/\/www.cgfmanet.org\/wp-content\/uploads\/2026\/01\/Taize-Parigi_2.jpg 1575w\" data-sizes=\"auto\" alt=\"\" src=\"data:image\/svg+xml;base64,PHN2ZyB3aWR0aD0iMSIgaGVpZ2h0PSIxIiB4bWxucz0iaHR0cDovL3d3dy53My5vcmcvMjAwMC9zdmciPjwvc3ZnPg==\" class=\"lazyload\" style=\"--smush-placeholder-width: 630px; --smush-placeholder-aspect-ratio: 630\/420;\" data-original-sizes=\"(max-width: 630px) 100vw, 630px\">\r\n                            <\/a>\r\n                            \r\n                        <\/figure>\r\n                    <\/div>\r\n                    <div class = \"td-slide-item td-item4\">\r\n                        <figure class=\"td-slide-galery-figure td-slide-popup-gallery\">\r\n                            <a class=\"slide-gallery-image-link\" href=\"https:\/\/www.cgfmanet.org\/wp-content\/uploads\/2026\/01\/Taize-Parigi_4.jpg\" title=\"Taiz\u00e9 Parigi_4\"  data-caption=\"\"  data-description=\"\">\r\n                                <img decoding=\"async\" data-src=\"https:\/\/www.cgfmanet.org\/wp-content\/uploads\/2026\/01\/Taize-Parigi_4-354x420.jpg\" data-srcset=\"https:\/\/www.cgfmanet.org\/wp-content\/uploads\/2026\/01\/Taize-Parigi_4-354x420.jpg 354w, https:\/\/www.cgfmanet.org\/wp-content\/uploads\/2026\/01\/Taize-Parigi_4-768x911.jpg 768w, https:\/\/www.cgfmanet.org\/wp-content\/uploads\/2026\/01\/Taize-Parigi_4-696x826.jpg 696w, https:\/\/www.cgfmanet.org\/wp-content\/uploads\/2026\/01\/Taize-Parigi_4.jpg 1200w\" data-sizes=\"auto\" alt=\"\" src=\"data:image\/svg+xml;base64,PHN2ZyB3aWR0aD0iMSIgaGVpZ2h0PSIxIiB4bWxucz0iaHR0cDovL3d3dy53My5vcmcvMjAwMC9zdmciPjwvc3ZnPg==\" class=\"lazyload\" style=\"--smush-placeholder-width: 354px; --smush-placeholder-aspect-ratio: 354\/420;\" data-original-sizes=\"(max-width: 354px) 100vw, 354px\">\r\n                            <\/a>\r\n                            \r\n                        <\/figure>\r\n                    <\/div>\r\n                    <div class = \"td-slide-item td-item5\">\r\n                        <figure class=\"td-slide-galery-figure td-slide-popup-gallery\">\r\n                            <a class=\"slide-gallery-image-link\" href=\"https:\/\/www.cgfmanet.org\/wp-content\/uploads\/2026\/01\/Taize-Parigi_6.jpg\" title=\"Taiz\u00e9 Parigi_6\"  data-caption=\"\"  data-description=\"\">\r\n                                <img decoding=\"async\" data-src=\"https:\/\/www.cgfmanet.org\/wp-content\/uploads\/2026\/01\/Taize-Parigi_6-630x420.jpg\" data-srcset=\"https:\/\/www.cgfmanet.org\/wp-content\/uploads\/2026\/01\/Taize-Parigi_6-630x420.jpg 630w, https:\/\/www.cgfmanet.org\/wp-content\/uploads\/2026\/01\/Taize-Parigi_6-768x512.jpg 768w, https:\/\/www.cgfmanet.org\/wp-content\/uploads\/2026\/01\/Taize-Parigi_6-696x464.jpg 696w, https:\/\/www.cgfmanet.org\/wp-content\/uploads\/2026\/01\/Taize-Parigi_6.jpg 1536w\" data-sizes=\"auto\" alt=\"\" src=\"data:image\/svg+xml;base64,PHN2ZyB3aWR0aD0iMSIgaGVpZ2h0PSIxIiB4bWxucz0iaHR0cDovL3d3dy53My5vcmcvMjAwMC9zdmciPjwvc3ZnPg==\" class=\"lazyload\" style=\"--smush-placeholder-width: 630px; --smush-placeholder-aspect-ratio: 630\/420;\" data-original-sizes=\"(max-width: 630px) 100vw, 630px\">\r\n                            <\/a>\r\n                            \r\n                        <\/figure>\r\n                    <\/div>\r\n                    <div class = \"td-slide-item td-item6\">\r\n                        <figure class=\"td-slide-galery-figure td-slide-popup-gallery\">\r\n                            <a class=\"slide-gallery-image-link\" href=\"https:\/\/www.cgfmanet.org\/wp-content\/uploads\/2026\/01\/Taize-Parigi_5.jpg\" title=\"Taiz\u00e9 Parigi_5\"  data-caption=\"\"  data-description=\"\">\r\n                                <img decoding=\"async\" data-src=\"https:\/\/www.cgfmanet.org\/wp-content\/uploads\/2026\/01\/Taize-Parigi_5-334x420.jpg\" data-srcset=\"https:\/\/www.cgfmanet.org\/wp-content\/uploads\/2026\/01\/Taize-Parigi_5-334x420.jpg 334w, https:\/\/www.cgfmanet.org\/wp-content\/uploads\/2026\/01\/Taize-Parigi_5-768x967.jpg 768w, https:\/\/www.cgfmanet.org\/wp-content\/uploads\/2026\/01\/Taize-Parigi_5-696x876.jpg 696w, https:\/\/www.cgfmanet.org\/wp-content\/uploads\/2026\/01\/Taize-Parigi_5.jpg 1200w\" data-sizes=\"auto\" alt=\"\" src=\"data:image\/svg+xml;base64,PHN2ZyB3aWR0aD0iMSIgaGVpZ2h0PSIxIiB4bWxucz0iaHR0cDovL3d3dy53My5vcmcvMjAwMC9zdmciPjwvc3ZnPg==\" class=\"lazyload\" style=\"--smush-placeholder-width: 334px; --smush-placeholder-aspect-ratio: 334\/420;\" data-original-sizes=\"(max-width: 334px) 100vw, 334px\">\r\n                            <\/a>\r\n                            \r\n                        <\/figure>\r\n                    <\/div>\r\n                            <\/div>\r\n                        <\/div>\r\n\r\n                        <div class = \"td-doubleSlider-2\">\r\n                            <div class = \"td-slider\">\r\n                                \r\n                    <div class = \"td-button td-item1\">\r\n                        <div class = \"td-border\"><\/div>\r\n                    <\/div>\r\n                    <div class = \"td-button td-item2\">\r\n                        <div class = \"td-border\"><\/div>\r\n                    <\/div>\r\n                    <div class = \"td-button td-item3\">\r\n                        <div class = \"td-border\"><\/div>\r\n                    <\/div>\r\n                    <div class = \"td-button td-item4\">\r\n                        <div class = \"td-border\"><\/div>\r\n                    <\/div>\r\n                    <div class = \"td-button td-item5\">\r\n                        <div class = \"td-border\"><\/div>\r\n                    <\/div>\r\n                    <div class = \"td-button td-item6\">\r\n                        <div class = \"td-border\"><\/div>\r\n                    <\/div>\r\n                            <\/div>\r\n                        <\/div>\r\n\r\n                    <\/div>\r\n\r\n                <\/div>\r\n                \n","protected":false},"excerpt":{"rendered":"<p>Par\u00eds (Francia). Del 28 de diciembre al 1 de enero de 2026, como cada a\u00f1o desde 1978, se celebr\u00f3 la \u00abPeregrinaci\u00f3n de confianza sobre la tierra\u00bb organizada por la Comunidad [&hellip;]<\/p>\n","protected":false},"author":21,"featured_media":150417,"comment_status":"open","ping_status":"closed","sticky":false,"template":"","format":"standard","meta":{"footnotes":""},"categories":[39,191],"tags":[339,1147,1779,1931,2022,2067],"class_list":["post-150422","post","type-post","status-publish","format-standard","has-post-thumbnail","category-infoesfera","category-iglesia","tag-jovenes","tag-frb-es","tag-familia-salesiana-es","tag-focus-es","tag-mjs-es","tag-ecumenismo-es"],"yoast_head":"<!-- This site is optimized with the Yoast SEO plugin v27.4 - https:\/\/yoast.com\/product\/yoast-seo-wordpress\/ -->\n<title>A\u00f1o Nuevo de Taiz\u00e9 en Par\u00eds: las FMA acogen a los j\u00f3venes &#8226; Istituto Figlie di Maria Ausiliatrice<\/title>\n<meta name=\"description\" content=\"Del 28 de diciembre al 1 de enero de 2026, las FMA de la Inspector\u00eda FRB acogieron en la Casa inspectorial de Par\u00eds a varios j\u00f3venes participantes en el 48\u00ba encuentro europeo de Taiz\u00e9.\" \/>\n<meta name=\"robots\" content=\"index, follow, max-snippet:-1, max-image-preview:large, max-video-preview:-1\" \/>\n<link rel=\"canonical\" href=\"https:\/\/www.cgfmanet.org\/es\/infoesfera\/ano-nuevo-de-taize-en-paris-las-fma-acogen-a-los-jovenes\/\" \/>\n<meta property=\"og:locale\" content=\"es_ES\" \/>\n<meta property=\"og:type\" content=\"article\" \/>\n<meta property=\"og:title\" content=\"A\u00f1o Nuevo de Taiz\u00e9 en Par\u00eds: las FMA acogen a los j\u00f3venes &#8226; Istituto Figlie di Maria Ausiliatrice\" \/>\n<meta property=\"og:description\" content=\"Del 28 de diciembre al 1 de enero de 2026, las FMA de la Inspector\u00eda FRB acogieron en la Casa inspectorial de Par\u00eds a varios j\u00f3venes participantes en el 48\u00ba encuentro europeo de Taiz\u00e9.\" \/>\n<meta property=\"og:url\" content=\"https:\/\/www.cgfmanet.org\/es\/infoesfera\/ano-nuevo-de-taize-en-paris-las-fma-acogen-a-los-jovenes\/\" \/>\n<meta property=\"og:site_name\" content=\"Istituto Figlie di Maria Ausiliatrice\" \/>\n<meta property=\"article:publisher\" content=\"https:\/\/www.facebook.com\/salesian.sisters.of.don.bosco\/\" \/>\n<meta property=\"article:published_time\" content=\"2026-01-06T22:11:46+00:00\" \/>\n<meta property=\"article:modified_time\" content=\"2026-01-10T21:38:40+00:00\" \/>\n<meta property=\"og:image\" content=\"https:\/\/www.cgfmanet.org\/wp-content\/uploads\/2026\/01\/Taize-Parigi.jpg\" \/>\n\t<meta property=\"og:image:width\" content=\"1600\" \/>\n\t<meta property=\"og:image:height\" content=\"1067\" \/>\n\t<meta property=\"og:image:type\" content=\"image\/jpeg\" \/>\n<meta name=\"author\" content=\"Redazione\" \/>\n<meta name=\"twitter:card\" content=\"summary_large_image\" \/>\n<meta name=\"twitter:creator\" content=\"@Cgfmanet_Org\" \/>\n<meta name=\"twitter:site\" content=\"@Cgfmanet_Org\" \/>\n<meta name=\"twitter:label1\" content=\"Escrito por\" \/>\n\t<meta name=\"twitter:data1\" content=\"Redazione\" \/>\n\t<meta name=\"twitter:label2\" content=\"Tiempo de lectura\" \/>\n\t<meta name=\"twitter:data2\" content=\"7 minutos\" \/>\n<script type=\"application\/ld+json\" class=\"yoast-schema-graph\">{\"@context\":\"https:\\\/\\\/schema.org\",\"@graph\":[{\"@type\":\"Article\",\"@id\":\"https:\\\/\\\/www.cgfmanet.org\\\/es\\\/infoesfera\\\/ano-nuevo-de-taize-en-paris-las-fma-acogen-a-los-jovenes\\\/#article\",\"isPartOf\":{\"@id\":\"https:\\\/\\\/www.cgfmanet.org\\\/es\\\/infoesfera\\\/ano-nuevo-de-taize-en-paris-las-fma-acogen-a-los-jovenes\\\/\"},\"author\":{\"name\":\"Redazione\",\"@id\":\"https:\\\/\\\/www.cgfmanet.org\\\/es\\\/#\\\/schema\\\/person\\\/ce6473083f53ef0ef882cca23f0c8fb9\"},\"headline\":\"A\u00f1o Nuevo de Taiz\u00e9 en Par\u00eds: las FMA acogen a los j\u00f3venes\",\"datePublished\":\"2026-01-06T22:11:46+00:00\",\"dateModified\":\"2026-01-10T21:38:40+00:00\",\"mainEntityOfPage\":{\"@id\":\"https:\\\/\\\/www.cgfmanet.org\\\/es\\\/infoesfera\\\/ano-nuevo-de-taize-en-paris-las-fma-acogen-a-los-jovenes\\\/\"},\"wordCount\":1212,\"commentCount\":0,\"publisher\":{\"@id\":\"https:\\\/\\\/www.cgfmanet.org\\\/es\\\/#organization\"},\"image\":{\"@id\":\"https:\\\/\\\/www.cgfmanet.org\\\/es\\\/infoesfera\\\/ano-nuevo-de-taize-en-paris-las-fma-acogen-a-los-jovenes\\\/#primaryimage\"},\"thumbnailUrl\":\"https:\\\/\\\/www.cgfmanet.org\\\/wp-content\\\/uploads\\\/2026\\\/01\\\/Taize-Parigi.jpg\",\"keywords\":[\"J\u00f3venes\",\"FRB\",\"Familia Salesiana\",\"Focus\",\"MJS\",\"Ecumenismo\"],\"articleSection\":[\"Infoesfera\",\"Iglesia\"],\"inLanguage\":\"es\",\"potentialAction\":[{\"@type\":\"CommentAction\",\"name\":\"Comment\",\"target\":[\"https:\\\/\\\/www.cgfmanet.org\\\/es\\\/infoesfera\\\/ano-nuevo-de-taize-en-paris-las-fma-acogen-a-los-jovenes\\\/#respond\"]}]},{\"@type\":\"WebPage\",\"@id\":\"https:\\\/\\\/www.cgfmanet.org\\\/es\\\/infoesfera\\\/ano-nuevo-de-taize-en-paris-las-fma-acogen-a-los-jovenes\\\/\",\"url\":\"https:\\\/\\\/www.cgfmanet.org\\\/es\\\/infoesfera\\\/ano-nuevo-de-taize-en-paris-las-fma-acogen-a-los-jovenes\\\/\",\"name\":\"A\u00f1o Nuevo de Taiz\u00e9 en Par\u00eds: las FMA acogen a los j\u00f3venes &#8226; Istituto Figlie di Maria Ausiliatrice\",\"isPartOf\":{\"@id\":\"https:\\\/\\\/www.cgfmanet.org\\\/es\\\/#website\"},\"primaryImageOfPage\":{\"@id\":\"https:\\\/\\\/www.cgfmanet.org\\\/es\\\/infoesfera\\\/ano-nuevo-de-taize-en-paris-las-fma-acogen-a-los-jovenes\\\/#primaryimage\"},\"image\":{\"@id\":\"https:\\\/\\\/www.cgfmanet.org\\\/es\\\/infoesfera\\\/ano-nuevo-de-taize-en-paris-las-fma-acogen-a-los-jovenes\\\/#primaryimage\"},\"thumbnailUrl\":\"https:\\\/\\\/www.cgfmanet.org\\\/wp-content\\\/uploads\\\/2026\\\/01\\\/Taize-Parigi.jpg\",\"datePublished\":\"2026-01-06T22:11:46+00:00\",\"dateModified\":\"2026-01-10T21:38:40+00:00\",\"description\":\"Del 28 de diciembre al 1 de enero de 2026, las FMA de la Inspector\u00eda FRB acogieron en la Casa inspectorial de Par\u00eds a varios j\u00f3venes participantes en el 48\u00ba encuentro europeo de Taiz\u00e9.\",\"breadcrumb\":{\"@id\":\"https:\\\/\\\/www.cgfmanet.org\\\/es\\\/infoesfera\\\/ano-nuevo-de-taize-en-paris-las-fma-acogen-a-los-jovenes\\\/#breadcrumb\"},\"inLanguage\":\"es\",\"potentialAction\":[{\"@type\":\"ReadAction\",\"target\":[\"https:\\\/\\\/www.cgfmanet.org\\\/es\\\/infoesfera\\\/ano-nuevo-de-taize-en-paris-las-fma-acogen-a-los-jovenes\\\/\"]}]},{\"@type\":\"ImageObject\",\"inLanguage\":\"es\",\"@id\":\"https:\\\/\\\/www.cgfmanet.org\\\/es\\\/infoesfera\\\/ano-nuevo-de-taize-en-paris-las-fma-acogen-a-los-jovenes\\\/#primaryimage\",\"url\":\"https:\\\/\\\/www.cgfmanet.org\\\/wp-content\\\/uploads\\\/2026\\\/01\\\/Taize-Parigi.jpg\",\"contentUrl\":\"https:\\\/\\\/www.cgfmanet.org\\\/wp-content\\\/uploads\\\/2026\\\/01\\\/Taize-Parigi.jpg\",\"width\":1600,\"height\":1067},{\"@type\":\"BreadcrumbList\",\"@id\":\"https:\\\/\\\/www.cgfmanet.org\\\/es\\\/infoesfera\\\/ano-nuevo-de-taize-en-paris-las-fma-acogen-a-los-jovenes\\\/#breadcrumb\",\"itemListElement\":[{\"@type\":\"ListItem\",\"position\":1,\"name\":\"Home\",\"item\":\"https:\\\/\\\/www.cgfmanet.org\\\/es\\\/\"},{\"@type\":\"ListItem\",\"position\":2,\"name\":\"A\u00f1o Nuevo de Taiz\u00e9 en Par\u00eds: las FMA acogen a los j\u00f3venes\"}]},{\"@type\":\"WebSite\",\"@id\":\"https:\\\/\\\/www.cgfmanet.org\\\/es\\\/#website\",\"url\":\"https:\\\/\\\/www.cgfmanet.org\\\/es\\\/\",\"name\":\"Istituto Figlie di Maria Ausiliatrice\",\"description\":\"Salesiane di Don Bosco\",\"publisher\":{\"@id\":\"https:\\\/\\\/www.cgfmanet.org\\\/es\\\/#organization\"},\"potentialAction\":[{\"@type\":\"SearchAction\",\"target\":{\"@type\":\"EntryPoint\",\"urlTemplate\":\"https:\\\/\\\/www.cgfmanet.org\\\/es\\\/?s={search_term_string}\"},\"query-input\":{\"@type\":\"PropertyValueSpecification\",\"valueRequired\":true,\"valueName\":\"search_term_string\"}}],\"inLanguage\":\"es\"},{\"@type\":\"Organization\",\"@id\":\"https:\\\/\\\/www.cgfmanet.org\\\/es\\\/#organization\",\"name\":\"Istituto Figlie di Maria Ausiliatrice\",\"url\":\"https:\\\/\\\/www.cgfmanet.org\\\/es\\\/\",\"logo\":{\"@type\":\"ImageObject\",\"inLanguage\":\"es\",\"@id\":\"https:\\\/\\\/www.cgfmanet.org\\\/es\\\/#\\\/schema\\\/logo\\\/image\\\/\",\"url\":\"https:\\\/\\\/www.cgfmanet.org\\\/wp-content\\\/uploads\\\/2018\\\/10\\\/logo-fma.png\",\"contentUrl\":\"https:\\\/\\\/www.cgfmanet.org\\\/wp-content\\\/uploads\\\/2018\\\/10\\\/logo-fma.png\",\"width\":214,\"height\":55,\"caption\":\"Istituto Figlie di Maria Ausiliatrice\"},\"image\":{\"@id\":\"https:\\\/\\\/www.cgfmanet.org\\\/es\\\/#\\\/schema\\\/logo\\\/image\\\/\"},\"sameAs\":[\"https:\\\/\\\/www.facebook.com\\\/salesian.sisters.of.don.bosco\\\/\",\"https:\\\/\\\/x.com\\\/Cgfmanet_Org\",\"https:\\\/\\\/www.youtube.com\\\/channel\\\/UCmcr8yFQBV7JXeXVxyV9y5Q\"]},{\"@type\":\"Person\",\"@id\":\"https:\\\/\\\/www.cgfmanet.org\\\/es\\\/#\\\/schema\\\/person\\\/ce6473083f53ef0ef882cca23f0c8fb9\",\"name\":\"Redazione\"}]}<\/script>\n<!-- \/ Yoast SEO plugin. -->","yoast_head_json":{"title":"A\u00f1o Nuevo de Taiz\u00e9 en Par\u00eds: las FMA acogen a los j\u00f3venes &#8226; Istituto Figlie di Maria Ausiliatrice","description":"Del 28 de diciembre al 1 de enero de 2026, las FMA de la Inspector\u00eda FRB acogieron en la Casa inspectorial de Par\u00eds a varios j\u00f3venes participantes en el 48\u00ba encuentro europeo de Taiz\u00e9.","robots":{"index":"index","follow":"follow","max-snippet":"max-snippet:-1","max-image-preview":"max-image-preview:large","max-video-preview":"max-video-preview:-1"},"canonical":"https:\/\/www.cgfmanet.org\/es\/infoesfera\/ano-nuevo-de-taize-en-paris-las-fma-acogen-a-los-jovenes\/","og_locale":"es_ES","og_type":"article","og_title":"A\u00f1o Nuevo de Taiz\u00e9 en Par\u00eds: las FMA acogen a los j\u00f3venes &#8226; Istituto Figlie di Maria Ausiliatrice","og_description":"Del 28 de diciembre al 1 de enero de 2026, las FMA de la Inspector\u00eda FRB acogieron en la Casa inspectorial de Par\u00eds a varios j\u00f3venes participantes en el 48\u00ba encuentro europeo de Taiz\u00e9.","og_url":"https:\/\/www.cgfmanet.org\/es\/infoesfera\/ano-nuevo-de-taize-en-paris-las-fma-acogen-a-los-jovenes\/","og_site_name":"Istituto Figlie di Maria Ausiliatrice","article_publisher":"https:\/\/www.facebook.com\/salesian.sisters.of.don.bosco\/","article_published_time":"2026-01-06T22:11:46+00:00","article_modified_time":"2026-01-10T21:38:40+00:00","og_image":[{"width":1600,"height":1067,"url":"https:\/\/www.cgfmanet.org\/wp-content\/uploads\/2026\/01\/Taize-Parigi.jpg","type":"image\/jpeg"}],"author":"Redazione","twitter_card":"summary_large_image","twitter_creator":"@Cgfmanet_Org","twitter_site":"@Cgfmanet_Org","twitter_misc":{"Escrito por":"Redazione","Tiempo de lectura":"7 minutos"},"schema":{"@context":"https:\/\/schema.org","@graph":[{"@type":"Article","@id":"https:\/\/www.cgfmanet.org\/es\/infoesfera\/ano-nuevo-de-taize-en-paris-las-fma-acogen-a-los-jovenes\/#article","isPartOf":{"@id":"https:\/\/www.cgfmanet.org\/es\/infoesfera\/ano-nuevo-de-taize-en-paris-las-fma-acogen-a-los-jovenes\/"},"author":{"name":"Redazione","@id":"https:\/\/www.cgfmanet.org\/es\/#\/schema\/person\/ce6473083f53ef0ef882cca23f0c8fb9"},"headline":"A\u00f1o Nuevo de Taiz\u00e9 en Par\u00eds: las FMA acogen a los j\u00f3venes","datePublished":"2026-01-06T22:11:46+00:00","dateModified":"2026-01-10T21:38:40+00:00","mainEntityOfPage":{"@id":"https:\/\/www.cgfmanet.org\/es\/infoesfera\/ano-nuevo-de-taize-en-paris-las-fma-acogen-a-los-jovenes\/"},"wordCount":1212,"commentCount":0,"publisher":{"@id":"https:\/\/www.cgfmanet.org\/es\/#organization"},"image":{"@id":"https:\/\/www.cgfmanet.org\/es\/infoesfera\/ano-nuevo-de-taize-en-paris-las-fma-acogen-a-los-jovenes\/#primaryimage"},"thumbnailUrl":"https:\/\/www.cgfmanet.org\/wp-content\/uploads\/2026\/01\/Taize-Parigi.jpg","keywords":["J\u00f3venes","FRB","Familia Salesiana","Focus","MJS","Ecumenismo"],"articleSection":["Infoesfera","Iglesia"],"inLanguage":"es","potentialAction":[{"@type":"CommentAction","name":"Comment","target":["https:\/\/www.cgfmanet.org\/es\/infoesfera\/ano-nuevo-de-taize-en-paris-las-fma-acogen-a-los-jovenes\/#respond"]}]},{"@type":"WebPage","@id":"https:\/\/www.cgfmanet.org\/es\/infoesfera\/ano-nuevo-de-taize-en-paris-las-fma-acogen-a-los-jovenes\/","url":"https:\/\/www.cgfmanet.org\/es\/infoesfera\/ano-nuevo-de-taize-en-paris-las-fma-acogen-a-los-jovenes\/","name":"A\u00f1o Nuevo de Taiz\u00e9 en Par\u00eds: las FMA acogen a los j\u00f3venes &#8226; Istituto Figlie di Maria Ausiliatrice","isPartOf":{"@id":"https:\/\/www.cgfmanet.org\/es\/#website"},"primaryImageOfPage":{"@id":"https:\/\/www.cgfmanet.org\/es\/infoesfera\/ano-nuevo-de-taize-en-paris-las-fma-acogen-a-los-jovenes\/#primaryimage"},"image":{"@id":"https:\/\/www.cgfmanet.org\/es\/infoesfera\/ano-nuevo-de-taize-en-paris-las-fma-acogen-a-los-jovenes\/#primaryimage"},"thumbnailUrl":"https:\/\/www.cgfmanet.org\/wp-content\/uploads\/2026\/01\/Taize-Parigi.jpg","datePublished":"2026-01-06T22:11:46+00:00","dateModified":"2026-01-10T21:38:40+00:00","description":"Del 28 de diciembre al 1 de enero de 2026, las FMA de la Inspector\u00eda FRB acogieron en la Casa inspectorial de Par\u00eds a varios j\u00f3venes participantes en el 48\u00ba encuentro europeo de Taiz\u00e9.","breadcrumb":{"@id":"https:\/\/www.cgfmanet.org\/es\/infoesfera\/ano-nuevo-de-taize-en-paris-las-fma-acogen-a-los-jovenes\/#breadcrumb"},"inLanguage":"es","potentialAction":[{"@type":"ReadAction","target":["https:\/\/www.cgfmanet.org\/es\/infoesfera\/ano-nuevo-de-taize-en-paris-las-fma-acogen-a-los-jovenes\/"]}]},{"@type":"ImageObject","inLanguage":"es","@id":"https:\/\/www.cgfmanet.org\/es\/infoesfera\/ano-nuevo-de-taize-en-paris-las-fma-acogen-a-los-jovenes\/#primaryimage","url":"https:\/\/www.cgfmanet.org\/wp-content\/uploads\/2026\/01\/Taize-Parigi.jpg","contentUrl":"https:\/\/www.cgfmanet.org\/wp-content\/uploads\/2026\/01\/Taize-Parigi.jpg","width":1600,"height":1067},{"@type":"BreadcrumbList","@id":"https:\/\/www.cgfmanet.org\/es\/infoesfera\/ano-nuevo-de-taize-en-paris-las-fma-acogen-a-los-jovenes\/#breadcrumb","itemListElement":[{"@type":"ListItem","position":1,"name":"Home","item":"https:\/\/www.cgfmanet.org\/es\/"},{"@type":"ListItem","position":2,"name":"A\u00f1o Nuevo de Taiz\u00e9 en Par\u00eds: las FMA acogen a los j\u00f3venes"}]},{"@type":"WebSite","@id":"https:\/\/www.cgfmanet.org\/es\/#website","url":"https:\/\/www.cgfmanet.org\/es\/","name":"Istituto Figlie di Maria Ausiliatrice","description":"Salesiane di Don Bosco","publisher":{"@id":"https:\/\/www.cgfmanet.org\/es\/#organization"},"potentialAction":[{"@type":"SearchAction","target":{"@type":"EntryPoint","urlTemplate":"https:\/\/www.cgfmanet.org\/es\/?s={search_term_string}"},"query-input":{"@type":"PropertyValueSpecification","valueRequired":true,"valueName":"search_term_string"}}],"inLanguage":"es"},{"@type":"Organization","@id":"https:\/\/www.cgfmanet.org\/es\/#organization","name":"Istituto Figlie di Maria Ausiliatrice","url":"https:\/\/www.cgfmanet.org\/es\/","logo":{"@type":"ImageObject","inLanguage":"es","@id":"https:\/\/www.cgfmanet.org\/es\/#\/schema\/logo\/image\/","url":"https:\/\/www.cgfmanet.org\/wp-content\/uploads\/2018\/10\/logo-fma.png","contentUrl":"https:\/\/www.cgfmanet.org\/wp-content\/uploads\/2018\/10\/logo-fma.png","width":214,"height":55,"caption":"Istituto Figlie di Maria Ausiliatrice"},"image":{"@id":"https:\/\/www.cgfmanet.org\/es\/#\/schema\/logo\/image\/"},"sameAs":["https:\/\/www.facebook.com\/salesian.sisters.of.don.bosco\/","https:\/\/x.com\/Cgfmanet_Org","https:\/\/www.youtube.com\/channel\/UCmcr8yFQBV7JXeXVxyV9y5Q"]},{"@type":"Person","@id":"https:\/\/www.cgfmanet.org\/es\/#\/schema\/person\/ce6473083f53ef0ef882cca23f0c8fb9","name":"Redazione"}]}},"_links":{"self":[{"href":"https:\/\/www.cgfmanet.org\/es\/wp-json\/wp\/v2\/posts\/150422","targetHints":{"allow":["GET"]}}],"collection":[{"href":"https:\/\/www.cgfmanet.org\/es\/wp-json\/wp\/v2\/posts"}],"about":[{"href":"https:\/\/www.cgfmanet.org\/es\/wp-json\/wp\/v2\/types\/post"}],"author":[{"embeddable":true,"href":"https:\/\/www.cgfmanet.org\/es\/wp-json\/wp\/v2\/users\/21"}],"replies":[{"embeddable":true,"href":"https:\/\/www.cgfmanet.org\/es\/wp-json\/wp\/v2\/comments?post=150422"}],"version-history":[{"count":3,"href":"https:\/\/www.cgfmanet.org\/es\/wp-json\/wp\/v2\/posts\/150422\/revisions"}],"predecessor-version":[{"id":150632,"href":"https:\/\/www.cgfmanet.org\/es\/wp-json\/wp\/v2\/posts\/150422\/revisions\/150632"}],"wp:featuredmedia":[{"embeddable":true,"href":"https:\/\/www.cgfmanet.org\/es\/wp-json\/wp\/v2\/media\/150417"}],"wp:attachment":[{"href":"https:\/\/www.cgfmanet.org\/es\/wp-json\/wp\/v2\/media?parent=150422"}],"wp:term":[{"taxonomy":"category","embeddable":true,"href":"https:\/\/www.cgfmanet.org\/es\/wp-json\/wp\/v2\/categories?post=150422"},{"taxonomy":"post_tag","embeddable":true,"href":"https:\/\/www.cgfmanet.org\/es\/wp-json\/wp\/v2\/tags?post=150422"}],"curies":[{"name":"wp","href":"https:\/\/api.w.org\/{rel}","templated":true}]}}