{"id":150305,"date":"2026-01-04T10:27:16","date_gmt":"2026-01-04T09:27:16","guid":{"rendered":"https:\/\/www.cgfmanet.org\/infoesfera\/3-giovedi-salesiani-allauxilium-2025-2026\/"},"modified":"2026-01-04T22:55:30","modified_gmt":"2026-01-04T21:55:30","slug":"3er-jueves-salesiano-en-el-auxilium-2025-2026","status":"publish","type":"post","link":"https:\/\/www.cgfmanet.org\/es\/ifma-es\/3er-jueves-salesiano-en-el-auxilium-2025-2026\/","title":{"rendered":"3er Jueves Salesiano en el Auxilium 2025\/2026"},"content":{"rendered":"<p><strong>Roma (Italia).<\/strong>El 8 de enero de 2026 se lleva a cabo el 3er encuentro de los<strong> <span style=\"color: #0000ff;\"><a style=\"color: #0000ff;\" href=\"https:\/\/www.cgfmanet.org\/es\/ifma-es\/jueves-salesianos-en-el-auxilium-2025-2026\/\" target=\"_blank\" rel=\"noopener\">Jueves Salesianos en el Auxilium 2025-2026<\/a><\/span><\/strong><em> \u2013<\/em> en presencia y online \u2013 sobre temas de pedagog\u00eda, espiritualidad e historia del Instituto de las Hijas de Mar\u00eda Auxiliadora, propuesta por el <strong><span style=\"color: #0000ff;\"><a style=\"color: #0000ff;\" href=\"https:\/\/centrostudifma.pfse-auxilium.org\/it\/\" target=\"_blank\" rel=\"noopener\">Centro de Estudios <\/a><\/span>sobre las Hijas de Mar\u00eda Auxiliadora<\/strong> de la Pontificia Facultad de Ciencias de la Educaci\u00f3n \u00abAuxilium\u00bb de Roma.<\/p>\n<p>L\u2019incontro, dal titolo <strong>\u201cSor Carmen Mart\u00edn Moreno misionera y formadora de misioneras<\/strong>\u201d se centra en la figura de una de las primeras Consejeras para las misiones, Madre Mar\u00eda del Carmen Mart\u00edn-Moreno, que imprimi\u00f3 un car\u00e1cter salesiano a esta figura institucional, afrontando los desaf\u00edos postconciliares y las demandas de nuevas tierras en las que llevar el carisma salesiano para la evangelizaci\u00f3n y el desarrollo, especialmente de las j\u00f3venes.<\/p>\n<p>Con la inauguraci\u00f3n del Proyecto \u00c1frica, a principios de los a\u00f1os ochenta, se abr\u00eda una frontera misionera para las Hijas de Mar\u00eda Auxiliadora, ya presentes en el norte del continente africano, en la Rep\u00fablica Democr\u00e1tica del Congo, en Mozambique.<\/p>\n<p>En las tres aportaciones previstas, Sor Piera Cavagli\u00e0 traza las vicisitudes biogr\u00e1ficas, las opciones y el estilo de actividad de la Madre Carmen, nacida en Espa\u00f1a; a continuaci\u00f3n, Sor Ciriaca Hern\u00e1ndez Mart\u00ednez, su secretaria y posteriormente Consejera para las misiones, autora de la biograf\u00eda Fuego de Evangelio en una Iglesia misionera. Madre Mar\u00eda del Carmen Mart\u00edn-Moreno FMA (Instituto FMA 2025), ilustra su perfil espiritual, iluminado por un testimonio evang\u00e9lico apasionado por el Reino y ardiente de amor. Finalmente, Sor Yvonne Reungoat, Madre General em\u00e9rita del Instituto FMA, comparte un testimonio sobre esta FMA que se convirti\u00f3 en misionera en \u00c1frica tras haber dejado la tarea de animaci\u00f3n en el Consejo General, la cual se caracteriz\u00f3 por su pasi\u00f3n apost\u00f3lica, humildad en el servicio, apertura de mente y de coraz\u00f3n hasta el final de sus d\u00edas.<\/p>\n<p>Con esta propuesta contin\u00faa la colaboraci\u00f3n entre el Centro de Estudios FMA y el \u00c1mbito para las misiones del Instituto de las Hijas de Mar\u00eda Auxiliadora en<strong> el segundo a\u00f1o<\/strong>\u00a0<strong>del <span style=\"color: #0000ff;\"><a style=\"color: #0000ff;\" href=\"https:\/\/www.cgfmanet.org\/es\/ifma-es\/hacia-el-150o-aniversario-de-la-1a-expedicion-misionera-fma\/\" target=\"_blank\" rel=\"noopener\">trienio en preparaci\u00f3n al 150\u00b0<\/a><\/span><\/strong> aniversario del primer env\u00edo misionero de las Hijas de Mar\u00eda Auxiliadora a Uruguay (1877). El \u00c1mbito para las misiones, como el a\u00f1o pasado, se ha encargado de proveer la traducci\u00f3n de los textos en los cinco idiomas m\u00e1s difundidos, para facilitar el intercambio de las tem\u00e1ticas superando las barreras ling\u00fc\u00edsticas.<\/p>\n<p>Dado que <strong>a partir de marzo de 2026<\/strong> est\u00e1 previsto un programa de visita online a los lugares de llegada de las primeras misioneras, animado por el Proyecto de Espiritualidad Misionera (PEM) del hom\u00f3nimo Centro activo en Argentina, se ha acordado organizar solo tres encuentros de Jueves Salesianos para el a\u00f1o 2025-2026, de manera que no se sobrecarguen las propuestas para las Comunidades Educativas y para cuantos est\u00e1n interesados en la historia salesiana.<\/p>\n<p><span style=\"color: #0000ff;\"><a style=\"color: #0000ff;\" href=\"https:\/\/drive.google.com\/drive\/u\/1\/folders\/1AsoZWyVimfCE5FqXBM_WqH77B-g2JBxf\" target=\"_blank\" rel=\"noopener\"><strong>Texto en otros idiomas<\/strong><\/a><\/span><\/p>\n<div class=\"youtube-embed\" data-video_id=\"\"><iframe title=\"Sor Carmen Mart\u00edn Moreno missionaria e formatrice di missionarie\" width=\"696\" height=\"522\" data-src=\"https:\/\/www.youtube.com\/embed\/hrMeqOaKKXw?feature=oembed&#038;enablejsapi=1\" frameborder=\"0\" allow=\"accelerometer; autoplay; clipboard-write; encrypted-media; gyroscope; picture-in-picture; web-share\" referrerpolicy=\"strict-origin-when-cross-origin\" allowfullscreen src=\"data:image\/svg+xml;base64,PHN2ZyB3aWR0aD0iMSIgaGVpZ2h0PSIxIiB4bWxucz0iaHR0cDovL3d3dy53My5vcmcvMjAwMC9zdmciPjwvc3ZnPg==\" class=\"lazyload\" data-load-mode=\"1\"><\/iframe><\/div>\n","protected":false},"excerpt":{"rendered":"<p>Roma (Italia).El 8 de enero de 2026 se lleva a cabo el 3er encuentro de los Jueves Salesianos en el Auxilium 2025-2026 \u2013 en presencia y online \u2013 sobre temas [&hellip;]<\/p>\n","protected":false},"author":21,"featured_media":150299,"comment_status":"open","ping_status":"closed","sticky":false,"template":"","format":"standard","meta":{"footnotes":""},"categories":[2470,158],"tags":[1670,1792,1807,1931,2464],"class_list":["post-150305","post","type-post","status-publish","format-standard","has-post-thumbnail","category-150-misiones-fma","category-ifma-es","tag-carisma-salesiano-es","tag-espiritu-misionero","tag-auxilium-es","tag-focus-es","tag-150-misiones-fma"],"yoast_head":"<!-- This site is optimized with the Yoast SEO plugin v27.4 - https:\/\/yoast.com\/product\/yoast-seo-wordpress\/ -->\n<title>3er Jueves Salesiano en el Auxilium 2025\/2026 &#8226; Istituto Figlie di Maria Ausiliatrice<\/title>\n<meta name=\"description\" content=\"El 8 de enero de 2026, la tercera cita de los &quot;Jueves Salesianos en el Auxilium&quot; 2025-2026 tendr\u00e1 como tema: &quot;Sor Carmen Mart\u00edn Moreno: misionera y formadora de misioneras\u201d.\" \/>\n<meta name=\"robots\" content=\"index, follow, max-snippet:-1, max-image-preview:large, max-video-preview:-1\" \/>\n<link rel=\"canonical\" href=\"https:\/\/www.cgfmanet.org\/es\/ifma-es\/3er-jueves-salesiano-en-el-auxilium-2025-2026\/\" \/>\n<meta property=\"og:locale\" content=\"es_ES\" \/>\n<meta property=\"og:type\" content=\"article\" \/>\n<meta property=\"og:title\" content=\"3er Jueves Salesiano en el Auxilium 2025\/2026 &#8226; Istituto Figlie di Maria Ausiliatrice\" \/>\n<meta property=\"og:description\" content=\"El 8 de enero de 2026, la tercera cita de los &quot;Jueves Salesianos en el Auxilium&quot; 2025-2026 tendr\u00e1 como tema: &quot;Sor Carmen Mart\u00edn Moreno: misionera y formadora de misioneras\u201d.\" \/>\n<meta property=\"og:url\" content=\"https:\/\/www.cgfmanet.org\/es\/ifma-es\/3er-jueves-salesiano-en-el-auxilium-2025-2026\/\" \/>\n<meta property=\"og:site_name\" content=\"Istituto Figlie di Maria Ausiliatrice\" \/>\n<meta property=\"article:publisher\" content=\"https:\/\/www.facebook.com\/salesian.sisters.of.don.bosco\/\" \/>\n<meta property=\"article:published_time\" content=\"2026-01-04T09:27:16+00:00\" \/>\n<meta property=\"article:modified_time\" content=\"2026-01-04T21:55:30+00:00\" \/>\n<meta property=\"og:image\" content=\"https:\/\/www.cgfmanet.org\/wp-content\/uploads\/2026\/01\/GS-2025-2026-gennaio_1200x800-cgfmanet.jpg\" \/>\n\t<meta property=\"og:image:width\" content=\"2500\" \/>\n\t<meta property=\"og:image:height\" content=\"1667\" \/>\n\t<meta property=\"og:image:type\" content=\"image\/jpeg\" \/>\n<meta name=\"author\" content=\"Redazione\" \/>\n<meta name=\"twitter:card\" content=\"summary_large_image\" \/>\n<meta name=\"twitter:creator\" content=\"@Cgfmanet_Org\" \/>\n<meta name=\"twitter:site\" content=\"@Cgfmanet_Org\" \/>\n<meta name=\"twitter:label1\" content=\"Escrito por\" \/>\n\t<meta name=\"twitter:data1\" content=\"Redazione\" \/>\n\t<meta name=\"twitter:label2\" content=\"Tiempo de lectura\" \/>\n\t<meta name=\"twitter:data2\" content=\"3 minutos\" \/>\n<script type=\"application\/ld+json\" class=\"yoast-schema-graph\">{\"@context\":\"https:\\\/\\\/schema.org\",\"@graph\":[{\"@type\":\"Article\",\"@id\":\"https:\\\/\\\/www.cgfmanet.org\\\/es\\\/ifma-es\\\/3er-jueves-salesiano-en-el-auxilium-2025-2026\\\/#article\",\"isPartOf\":{\"@id\":\"https:\\\/\\\/www.cgfmanet.org\\\/es\\\/ifma-es\\\/3er-jueves-salesiano-en-el-auxilium-2025-2026\\\/\"},\"author\":{\"name\":\"Redazione\",\"@id\":\"https:\\\/\\\/www.cgfmanet.org\\\/es\\\/#\\\/schema\\\/person\\\/ce6473083f53ef0ef882cca23f0c8fb9\"},\"headline\":\"3er Jueves Salesiano en el Auxilium 2025\\\/2026\",\"datePublished\":\"2026-01-04T09:27:16+00:00\",\"dateModified\":\"2026-01-04T21:55:30+00:00\",\"mainEntityOfPage\":{\"@id\":\"https:\\\/\\\/www.cgfmanet.org\\\/es\\\/ifma-es\\\/3er-jueves-salesiano-en-el-auxilium-2025-2026\\\/\"},\"wordCount\":524,\"commentCount\":0,\"publisher\":{\"@id\":\"https:\\\/\\\/www.cgfmanet.org\\\/es\\\/#organization\"},\"image\":{\"@id\":\"https:\\\/\\\/www.cgfmanet.org\\\/es\\\/ifma-es\\\/3er-jueves-salesiano-en-el-auxilium-2025-2026\\\/#primaryimage\"},\"thumbnailUrl\":\"https:\\\/\\\/www.cgfmanet.org\\\/wp-content\\\/uploads\\\/2026\\\/01\\\/GS-2025-2026-gennaio_1200x800-cgfmanet.jpg\",\"keywords\":[\"Carisma salesiano\",\"Esp\u00edritu misionero\",\"Auxilium\",\"Focus\",\"150\u00b0 Misiones FMA\"],\"articleSection\":[\"150\u00b0 Misiones FMA\",\"IFMA\"],\"inLanguage\":\"es\",\"potentialAction\":[{\"@type\":\"CommentAction\",\"name\":\"Comment\",\"target\":[\"https:\\\/\\\/www.cgfmanet.org\\\/es\\\/ifma-es\\\/3er-jueves-salesiano-en-el-auxilium-2025-2026\\\/#respond\"]}]},{\"@type\":\"WebPage\",\"@id\":\"https:\\\/\\\/www.cgfmanet.org\\\/es\\\/ifma-es\\\/3er-jueves-salesiano-en-el-auxilium-2025-2026\\\/\",\"url\":\"https:\\\/\\\/www.cgfmanet.org\\\/es\\\/ifma-es\\\/3er-jueves-salesiano-en-el-auxilium-2025-2026\\\/\",\"name\":\"3er Jueves Salesiano en el Auxilium 2025\\\/2026 &#8226; Istituto Figlie di Maria Ausiliatrice\",\"isPartOf\":{\"@id\":\"https:\\\/\\\/www.cgfmanet.org\\\/es\\\/#website\"},\"primaryImageOfPage\":{\"@id\":\"https:\\\/\\\/www.cgfmanet.org\\\/es\\\/ifma-es\\\/3er-jueves-salesiano-en-el-auxilium-2025-2026\\\/#primaryimage\"},\"image\":{\"@id\":\"https:\\\/\\\/www.cgfmanet.org\\\/es\\\/ifma-es\\\/3er-jueves-salesiano-en-el-auxilium-2025-2026\\\/#primaryimage\"},\"thumbnailUrl\":\"https:\\\/\\\/www.cgfmanet.org\\\/wp-content\\\/uploads\\\/2026\\\/01\\\/GS-2025-2026-gennaio_1200x800-cgfmanet.jpg\",\"datePublished\":\"2026-01-04T09:27:16+00:00\",\"dateModified\":\"2026-01-04T21:55:30+00:00\",\"description\":\"El 8 de enero de 2026, la tercera cita de los \\\"Jueves Salesianos en el Auxilium\\\" 2025-2026 tendr\u00e1 como tema: \\\"Sor Carmen Mart\u00edn Moreno: misionera y formadora de misioneras\u201d.\",\"breadcrumb\":{\"@id\":\"https:\\\/\\\/www.cgfmanet.org\\\/es\\\/ifma-es\\\/3er-jueves-salesiano-en-el-auxilium-2025-2026\\\/#breadcrumb\"},\"inLanguage\":\"es\",\"potentialAction\":[{\"@type\":\"ReadAction\",\"target\":[\"https:\\\/\\\/www.cgfmanet.org\\\/es\\\/ifma-es\\\/3er-jueves-salesiano-en-el-auxilium-2025-2026\\\/\"]}]},{\"@type\":\"ImageObject\",\"inLanguage\":\"es\",\"@id\":\"https:\\\/\\\/www.cgfmanet.org\\\/es\\\/ifma-es\\\/3er-jueves-salesiano-en-el-auxilium-2025-2026\\\/#primaryimage\",\"url\":\"https:\\\/\\\/www.cgfmanet.org\\\/wp-content\\\/uploads\\\/2026\\\/01\\\/GS-2025-2026-gennaio_1200x800-cgfmanet.jpg\",\"contentUrl\":\"https:\\\/\\\/www.cgfmanet.org\\\/wp-content\\\/uploads\\\/2026\\\/01\\\/GS-2025-2026-gennaio_1200x800-cgfmanet.jpg\",\"width\":2500,\"height\":1667},{\"@type\":\"BreadcrumbList\",\"@id\":\"https:\\\/\\\/www.cgfmanet.org\\\/es\\\/ifma-es\\\/3er-jueves-salesiano-en-el-auxilium-2025-2026\\\/#breadcrumb\",\"itemListElement\":[{\"@type\":\"ListItem\",\"position\":1,\"name\":\"Home\",\"item\":\"https:\\\/\\\/www.cgfmanet.org\\\/es\\\/\"},{\"@type\":\"ListItem\",\"position\":2,\"name\":\"3er Jueves Salesiano en el Auxilium 2025\\\/2026\"}]},{\"@type\":\"WebSite\",\"@id\":\"https:\\\/\\\/www.cgfmanet.org\\\/es\\\/#website\",\"url\":\"https:\\\/\\\/www.cgfmanet.org\\\/es\\\/\",\"name\":\"Istituto Figlie di Maria Ausiliatrice\",\"description\":\"Salesiane di Don Bosco\",\"publisher\":{\"@id\":\"https:\\\/\\\/www.cgfmanet.org\\\/es\\\/#organization\"},\"potentialAction\":[{\"@type\":\"SearchAction\",\"target\":{\"@type\":\"EntryPoint\",\"urlTemplate\":\"https:\\\/\\\/www.cgfmanet.org\\\/es\\\/?s={search_term_string}\"},\"query-input\":{\"@type\":\"PropertyValueSpecification\",\"valueRequired\":true,\"valueName\":\"search_term_string\"}}],\"inLanguage\":\"es\"},{\"@type\":\"Organization\",\"@id\":\"https:\\\/\\\/www.cgfmanet.org\\\/es\\\/#organization\",\"name\":\"Istituto Figlie di Maria Ausiliatrice\",\"url\":\"https:\\\/\\\/www.cgfmanet.org\\\/es\\\/\",\"logo\":{\"@type\":\"ImageObject\",\"inLanguage\":\"es\",\"@id\":\"https:\\\/\\\/www.cgfmanet.org\\\/es\\\/#\\\/schema\\\/logo\\\/image\\\/\",\"url\":\"https:\\\/\\\/www.cgfmanet.org\\\/wp-content\\\/uploads\\\/2018\\\/10\\\/logo-fma.png\",\"contentUrl\":\"https:\\\/\\\/www.cgfmanet.org\\\/wp-content\\\/uploads\\\/2018\\\/10\\\/logo-fma.png\",\"width\":214,\"height\":55,\"caption\":\"Istituto Figlie di Maria Ausiliatrice\"},\"image\":{\"@id\":\"https:\\\/\\\/www.cgfmanet.org\\\/es\\\/#\\\/schema\\\/logo\\\/image\\\/\"},\"sameAs\":[\"https:\\\/\\\/www.facebook.com\\\/salesian.sisters.of.don.bosco\\\/\",\"https:\\\/\\\/x.com\\\/Cgfmanet_Org\",\"https:\\\/\\\/www.youtube.com\\\/channel\\\/UCmcr8yFQBV7JXeXVxyV9y5Q\"]},{\"@type\":\"Person\",\"@id\":\"https:\\\/\\\/www.cgfmanet.org\\\/es\\\/#\\\/schema\\\/person\\\/ce6473083f53ef0ef882cca23f0c8fb9\",\"name\":\"Redazione\"}]}<\/script>\n<!-- \/ Yoast SEO plugin. -->","yoast_head_json":{"title":"3er Jueves Salesiano en el Auxilium 2025\/2026 &#8226; Istituto Figlie di Maria Ausiliatrice","description":"El 8 de enero de 2026, la tercera cita de los \"Jueves Salesianos en el Auxilium\" 2025-2026 tendr\u00e1 como tema: \"Sor Carmen Mart\u00edn Moreno: misionera y formadora de misioneras\u201d.","robots":{"index":"index","follow":"follow","max-snippet":"max-snippet:-1","max-image-preview":"max-image-preview:large","max-video-preview":"max-video-preview:-1"},"canonical":"https:\/\/www.cgfmanet.org\/es\/ifma-es\/3er-jueves-salesiano-en-el-auxilium-2025-2026\/","og_locale":"es_ES","og_type":"article","og_title":"3er Jueves Salesiano en el Auxilium 2025\/2026 &#8226; Istituto Figlie di Maria Ausiliatrice","og_description":"El 8 de enero de 2026, la tercera cita de los \"Jueves Salesianos en el Auxilium\" 2025-2026 tendr\u00e1 como tema: \"Sor Carmen Mart\u00edn Moreno: misionera y formadora de misioneras\u201d.","og_url":"https:\/\/www.cgfmanet.org\/es\/ifma-es\/3er-jueves-salesiano-en-el-auxilium-2025-2026\/","og_site_name":"Istituto Figlie di Maria Ausiliatrice","article_publisher":"https:\/\/www.facebook.com\/salesian.sisters.of.don.bosco\/","article_published_time":"2026-01-04T09:27:16+00:00","article_modified_time":"2026-01-04T21:55:30+00:00","og_image":[{"width":2500,"height":1667,"url":"https:\/\/www.cgfmanet.org\/wp-content\/uploads\/2026\/01\/GS-2025-2026-gennaio_1200x800-cgfmanet.jpg","type":"image\/jpeg"}],"author":"Redazione","twitter_card":"summary_large_image","twitter_creator":"@Cgfmanet_Org","twitter_site":"@Cgfmanet_Org","twitter_misc":{"Escrito por":"Redazione","Tiempo de lectura":"3 minutos"},"schema":{"@context":"https:\/\/schema.org","@graph":[{"@type":"Article","@id":"https:\/\/www.cgfmanet.org\/es\/ifma-es\/3er-jueves-salesiano-en-el-auxilium-2025-2026\/#article","isPartOf":{"@id":"https:\/\/www.cgfmanet.org\/es\/ifma-es\/3er-jueves-salesiano-en-el-auxilium-2025-2026\/"},"author":{"name":"Redazione","@id":"https:\/\/www.cgfmanet.org\/es\/#\/schema\/person\/ce6473083f53ef0ef882cca23f0c8fb9"},"headline":"3er Jueves Salesiano en el Auxilium 2025\/2026","datePublished":"2026-01-04T09:27:16+00:00","dateModified":"2026-01-04T21:55:30+00:00","mainEntityOfPage":{"@id":"https:\/\/www.cgfmanet.org\/es\/ifma-es\/3er-jueves-salesiano-en-el-auxilium-2025-2026\/"},"wordCount":524,"commentCount":0,"publisher":{"@id":"https:\/\/www.cgfmanet.org\/es\/#organization"},"image":{"@id":"https:\/\/www.cgfmanet.org\/es\/ifma-es\/3er-jueves-salesiano-en-el-auxilium-2025-2026\/#primaryimage"},"thumbnailUrl":"https:\/\/www.cgfmanet.org\/wp-content\/uploads\/2026\/01\/GS-2025-2026-gennaio_1200x800-cgfmanet.jpg","keywords":["Carisma salesiano","Esp\u00edritu misionero","Auxilium","Focus","150\u00b0 Misiones FMA"],"articleSection":["150\u00b0 Misiones FMA","IFMA"],"inLanguage":"es","potentialAction":[{"@type":"CommentAction","name":"Comment","target":["https:\/\/www.cgfmanet.org\/es\/ifma-es\/3er-jueves-salesiano-en-el-auxilium-2025-2026\/#respond"]}]},{"@type":"WebPage","@id":"https:\/\/www.cgfmanet.org\/es\/ifma-es\/3er-jueves-salesiano-en-el-auxilium-2025-2026\/","url":"https:\/\/www.cgfmanet.org\/es\/ifma-es\/3er-jueves-salesiano-en-el-auxilium-2025-2026\/","name":"3er Jueves Salesiano en el Auxilium 2025\/2026 &#8226; Istituto Figlie di Maria Ausiliatrice","isPartOf":{"@id":"https:\/\/www.cgfmanet.org\/es\/#website"},"primaryImageOfPage":{"@id":"https:\/\/www.cgfmanet.org\/es\/ifma-es\/3er-jueves-salesiano-en-el-auxilium-2025-2026\/#primaryimage"},"image":{"@id":"https:\/\/www.cgfmanet.org\/es\/ifma-es\/3er-jueves-salesiano-en-el-auxilium-2025-2026\/#primaryimage"},"thumbnailUrl":"https:\/\/www.cgfmanet.org\/wp-content\/uploads\/2026\/01\/GS-2025-2026-gennaio_1200x800-cgfmanet.jpg","datePublished":"2026-01-04T09:27:16+00:00","dateModified":"2026-01-04T21:55:30+00:00","description":"El 8 de enero de 2026, la tercera cita de los \"Jueves Salesianos en el Auxilium\" 2025-2026 tendr\u00e1 como tema: \"Sor Carmen Mart\u00edn Moreno: misionera y formadora de misioneras\u201d.","breadcrumb":{"@id":"https:\/\/www.cgfmanet.org\/es\/ifma-es\/3er-jueves-salesiano-en-el-auxilium-2025-2026\/#breadcrumb"},"inLanguage":"es","potentialAction":[{"@type":"ReadAction","target":["https:\/\/www.cgfmanet.org\/es\/ifma-es\/3er-jueves-salesiano-en-el-auxilium-2025-2026\/"]}]},{"@type":"ImageObject","inLanguage":"es","@id":"https:\/\/www.cgfmanet.org\/es\/ifma-es\/3er-jueves-salesiano-en-el-auxilium-2025-2026\/#primaryimage","url":"https:\/\/www.cgfmanet.org\/wp-content\/uploads\/2026\/01\/GS-2025-2026-gennaio_1200x800-cgfmanet.jpg","contentUrl":"https:\/\/www.cgfmanet.org\/wp-content\/uploads\/2026\/01\/GS-2025-2026-gennaio_1200x800-cgfmanet.jpg","width":2500,"height":1667},{"@type":"BreadcrumbList","@id":"https:\/\/www.cgfmanet.org\/es\/ifma-es\/3er-jueves-salesiano-en-el-auxilium-2025-2026\/#breadcrumb","itemListElement":[{"@type":"ListItem","position":1,"name":"Home","item":"https:\/\/www.cgfmanet.org\/es\/"},{"@type":"ListItem","position":2,"name":"3er Jueves Salesiano en el Auxilium 2025\/2026"}]},{"@type":"WebSite","@id":"https:\/\/www.cgfmanet.org\/es\/#website","url":"https:\/\/www.cgfmanet.org\/es\/","name":"Istituto Figlie di Maria Ausiliatrice","description":"Salesiane di Don Bosco","publisher":{"@id":"https:\/\/www.cgfmanet.org\/es\/#organization"},"potentialAction":[{"@type":"SearchAction","target":{"@type":"EntryPoint","urlTemplate":"https:\/\/www.cgfmanet.org\/es\/?s={search_term_string}"},"query-input":{"@type":"PropertyValueSpecification","valueRequired":true,"valueName":"search_term_string"}}],"inLanguage":"es"},{"@type":"Organization","@id":"https:\/\/www.cgfmanet.org\/es\/#organization","name":"Istituto Figlie di Maria Ausiliatrice","url":"https:\/\/www.cgfmanet.org\/es\/","logo":{"@type":"ImageObject","inLanguage":"es","@id":"https:\/\/www.cgfmanet.org\/es\/#\/schema\/logo\/image\/","url":"https:\/\/www.cgfmanet.org\/wp-content\/uploads\/2018\/10\/logo-fma.png","contentUrl":"https:\/\/www.cgfmanet.org\/wp-content\/uploads\/2018\/10\/logo-fma.png","width":214,"height":55,"caption":"Istituto Figlie di Maria Ausiliatrice"},"image":{"@id":"https:\/\/www.cgfmanet.org\/es\/#\/schema\/logo\/image\/"},"sameAs":["https:\/\/www.facebook.com\/salesian.sisters.of.don.bosco\/","https:\/\/x.com\/Cgfmanet_Org","https:\/\/www.youtube.com\/channel\/UCmcr8yFQBV7JXeXVxyV9y5Q"]},{"@type":"Person","@id":"https:\/\/www.cgfmanet.org\/es\/#\/schema\/person\/ce6473083f53ef0ef882cca23f0c8fb9","name":"Redazione"}]}},"_links":{"self":[{"href":"https:\/\/www.cgfmanet.org\/es\/wp-json\/wp\/v2\/posts\/150305","targetHints":{"allow":["GET"]}}],"collection":[{"href":"https:\/\/www.cgfmanet.org\/es\/wp-json\/wp\/v2\/posts"}],"about":[{"href":"https:\/\/www.cgfmanet.org\/es\/wp-json\/wp\/v2\/types\/post"}],"author":[{"embeddable":true,"href":"https:\/\/www.cgfmanet.org\/es\/wp-json\/wp\/v2\/users\/21"}],"replies":[{"embeddable":true,"href":"https:\/\/www.cgfmanet.org\/es\/wp-json\/wp\/v2\/comments?post=150305"}],"version-history":[{"count":3,"href":"https:\/\/www.cgfmanet.org\/es\/wp-json\/wp\/v2\/posts\/150305\/revisions"}],"predecessor-version":[{"id":150315,"href":"https:\/\/www.cgfmanet.org\/es\/wp-json\/wp\/v2\/posts\/150305\/revisions\/150315"}],"wp:featuredmedia":[{"embeddable":true,"href":"https:\/\/www.cgfmanet.org\/es\/wp-json\/wp\/v2\/media\/150299"}],"wp:attachment":[{"href":"https:\/\/www.cgfmanet.org\/es\/wp-json\/wp\/v2\/media?parent=150305"}],"wp:term":[{"taxonomy":"category","embeddable":true,"href":"https:\/\/www.cgfmanet.org\/es\/wp-json\/wp\/v2\/categories?post=150305"},{"taxonomy":"post_tag","embeddable":true,"href":"https:\/\/www.cgfmanet.org\/es\/wp-json\/wp\/v2\/tags?post=150305"}],"curies":[{"name":"wp","href":"https:\/\/api.w.org\/{rel}","templated":true}]}}