{"id":150192,"date":"2026-01-02T16:25:52","date_gmt":"2026-01-02T15:25:52","guid":{"rendered":"https:\/\/www.cgfmanet.org\/infoesfera\/giornata-missionaria-mondiale-dei-ragazzi-2026\/"},"modified":"2026-01-03T21:31:14","modified_gmt":"2026-01-03T20:31:14","slug":"jornada-misionera-mundial-de-los-ninos-2026","status":"publish","type":"post","link":"https:\/\/www.cgfmanet.org\/es\/infoesfera\/jornada-misionera-mundial-de-los-ninos-2026\/","title":{"rendered":"Jornada Misionera Mundial de los ni\u00f1os 2026"},"content":{"rendered":"<p><strong>Roma (Italia).<\/strong> El 6 de enero de 2026, en la Solemnidad de la Epifan\u00eda, la manifestaci\u00f3n de Jes\u00fas a todos los pueblos, se celebra la Jornada Mundial de la Infancia Misionera, hoy llamada Jornada Misionera Mundial de los Ni\u00f1os (GMMR, por sus siglas en italiano).<\/p>\n<p>\u201cEncendamos la Esperanza\u201d es el tema de la Jornada, en l\u00ednea con el A\u00f1o Jubilar que termina precisamente el 6 de enero, con el cierre de la \u00faltima Puerta Santa de San Pedro. Tambi\u00e9n los ni\u00f1os y ni\u00f1as est\u00e1n llamados a reflexionar sobre esta virtud en primera persona, como protagonistas.<\/p>\n<p>\u201cLos ni\u00f1os ayudan a los ni\u00f1os\u201d es el sentido de fondo de la Jornada de Oraci\u00f3n y Solidaridad que los chicos en todo el mundo celebran, pensando en sus coet\u00e1neos de los otros continentes.<\/p>\n<p>La GMMR hace un llamado a la oraci\u00f3n y a la solidaridad hacia los ni\u00f1os y ni\u00f1as que viven en otros continentes, a menudo en condiciones de necesidad. Cada a\u00f1o, para la GMMR, las Direcciones Generales Nacionales de las Obras Misionales Pontificias (OO.MM.PP.) eligen algunos proyectos que se realizan en solidaridad con los ni\u00f1os de todo el mundo. Las ofrendas recaudadas en la Jornada Misionera Mundial de los Ni\u00f1os (GMMR) y en la Jornada Mundial de las Misiones (que se celebra el pen\u00faltimo domingo de octubre) confluyen en el Fondo Universal de Solidaridad (F.U.S.) de las Obras Misionales Pontificias (OMP).<\/p>\n<p>El Papa Francisco, en el Mensaje para la Jornada Mundial de las Misiones 2025, exhortaba a una participaci\u00f3n activa en la misi\u00f3n evangelizadora a cualquier edad:<\/p>\n<p>\u201cInsisto de nuevo en esta sinodalidad misionera de la Iglesia, as\u00ed como en el servicio de las Obras Misionales Pontificias en la promoci\u00f3n de la responsabilidad misionera de los bautizados y el apoyo a las nuevas Iglesias particulares. Y les exhorto a todos ustedes, ni\u00f1os, j\u00f3venes, adultos, ancianos, a participar activamente en la misi\u00f3n com\u00fan evangelizadora con el testimonio de su vida y con la oraci\u00f3n, con sus sacrificios y su generosidad. \u00a1Gracias de coraz\u00f3n por esto!\u201d.<\/p>\n<p>Dada la concomitancia con la Epifan\u00eda, el Papa permite a las parroquias\/di\u00f3cesis individuales celebrar la Jornada en la fecha m\u00e1s acorde a sus propias exigencias.<\/p>\n<p>Como cada a\u00f1o, el Secretariado de Missio Ragazzi (Fundaci\u00f3n Missio \u2013 CEI) ha realizado y pone a disposici\u00f3n algunas herramientas de animaci\u00f3n para la Jornada, con el fin de ayudar a educadores y animadores a involucrar a ni\u00f1os, ni\u00f1as y adolescentes.<\/p>\n<p><span style=\"color: #0000ff;\"><strong><a style=\"color: #0000ff;\" href=\"https:\/\/www.missioitalia.it\/materiale-per-la-giornata-missionaria-mondiale-dei-ragazzi-2025\/\" target=\"_blank\" rel=\"noopener\">Material para la GMMR 2026<\/a><\/strong><\/span><\/p>\n","protected":false},"excerpt":{"rendered":"<p>Roma (Italia). El 6 de enero de 2026, en la Solemnidad de la Epifan\u00eda, la manifestaci\u00f3n de Jes\u00fas a todos los pueblos, se celebra la Jornada Mundial de la Infancia [&hellip;]<\/p>\n","protected":false},"author":21,"featured_media":150186,"comment_status":"open","ping_status":"closed","sticky":false,"template":"","format":"standard","meta":{"footnotes":""},"categories":[39,191],"tags":[1792,1931,1988,1993],"class_list":["post-150192","post","type-post","status-publish","format-standard","has-post-thumbnail","category-infoesfera","category-iglesia","tag-espiritu-misionero","tag-focus-es","tag-ninos","tag-solidarieta-es"],"yoast_head":"<!-- This site is optimized with the Yoast SEO plugin v27.4 - https:\/\/yoast.com\/product\/yoast-seo-wordpress\/ -->\n<title>Jornada Misionera Mundial de los ni\u00f1os 2026 &#8226; Istituto Figlie di Maria Ausiliatrice<\/title>\n<meta name=\"description\" content=\"El 6 de enero de 2026, en la Solemnidad de la Epifan\u00eda, se celebra la Jornada Mundial de la Infancia Misionera, o Jornada Misionera Mundial de los Ni\u00f1os.\" \/>\n<meta name=\"robots\" content=\"index, follow, max-snippet:-1, max-image-preview:large, max-video-preview:-1\" \/>\n<link rel=\"canonical\" href=\"https:\/\/www.cgfmanet.org\/infosfera\/giornata-missionaria-mondiale-dei-ragazzi-2026\/\" \/>\n<meta property=\"og:locale\" content=\"es_ES\" \/>\n<meta property=\"og:type\" content=\"article\" \/>\n<meta property=\"og:title\" content=\"Jornada Misionera Mundial de los ni\u00f1os 2026 &#8226; Istituto Figlie di Maria Ausiliatrice\" \/>\n<meta property=\"og:description\" content=\"El 6 de enero de 2026, en la Solemnidad de la Epifan\u00eda, se celebra la Jornada Mundial de la Infancia Misionera, o Jornada Misionera Mundial de los Ni\u00f1os.\" \/>\n<meta property=\"og:url\" content=\"https:\/\/www.cgfmanet.org\/infosfera\/giornata-missionaria-mondiale-dei-ragazzi-2026\/\" \/>\n<meta property=\"og:site_name\" content=\"Istituto Figlie di Maria Ausiliatrice\" \/>\n<meta property=\"article:publisher\" content=\"https:\/\/www.facebook.com\/salesian.sisters.of.don.bosco\/\" \/>\n<meta property=\"article:published_time\" content=\"2026-01-02T15:25:52+00:00\" \/>\n<meta property=\"article:modified_time\" content=\"2026-01-03T20:31:14+00:00\" \/>\n<meta property=\"og:image\" content=\"https:\/\/www.cgfmanet.org\/wp-content\/uploads\/2026\/01\/Giornata-Missionaria-Ragazzi-2026.jpg\" \/>\n\t<meta property=\"og:image:width\" content=\"1200\" \/>\n\t<meta property=\"og:image:height\" content=\"800\" \/>\n\t<meta property=\"og:image:type\" content=\"image\/jpeg\" \/>\n<meta name=\"author\" content=\"Redazione\" \/>\n<meta name=\"twitter:card\" content=\"summary_large_image\" \/>\n<meta name=\"twitter:creator\" content=\"@Cgfmanet_Org\" \/>\n<meta name=\"twitter:site\" content=\"@Cgfmanet_Org\" \/>\n<meta name=\"twitter:label1\" content=\"Escrito por\" \/>\n\t<meta name=\"twitter:data1\" content=\"Redazione\" \/>\n\t<meta name=\"twitter:label2\" content=\"Tiempo de lectura\" \/>\n\t<meta name=\"twitter:data2\" content=\"3 minutos\" \/>\n<script type=\"application\/ld+json\" class=\"yoast-schema-graph\">{\"@context\":\"https:\\\/\\\/schema.org\",\"@graph\":[{\"@type\":\"Article\",\"@id\":\"https:\\\/\\\/www.cgfmanet.org\\\/infosfera\\\/giornata-missionaria-mondiale-dei-ragazzi-2026\\\/#article\",\"isPartOf\":{\"@id\":\"https:\\\/\\\/www.cgfmanet.org\\\/infosfera\\\/giornata-missionaria-mondiale-dei-ragazzi-2026\\\/\"},\"author\":{\"name\":\"Redazione\",\"@id\":\"https:\\\/\\\/www.cgfmanet.org\\\/es\\\/#\\\/schema\\\/person\\\/ce6473083f53ef0ef882cca23f0c8fb9\"},\"headline\":\"Jornada Misionera Mundial de los ni\u00f1os 2026\",\"datePublished\":\"2026-01-02T15:25:52+00:00\",\"dateModified\":\"2026-01-03T20:31:14+00:00\",\"mainEntityOfPage\":{\"@id\":\"https:\\\/\\\/www.cgfmanet.org\\\/infosfera\\\/giornata-missionaria-mondiale-dei-ragazzi-2026\\\/\"},\"wordCount\":448,\"commentCount\":0,\"publisher\":{\"@id\":\"https:\\\/\\\/www.cgfmanet.org\\\/es\\\/#organization\"},\"image\":{\"@id\":\"https:\\\/\\\/www.cgfmanet.org\\\/infosfera\\\/giornata-missionaria-mondiale-dei-ragazzi-2026\\\/#primaryimage\"},\"thumbnailUrl\":\"https:\\\/\\\/www.cgfmanet.org\\\/wp-content\\\/uploads\\\/2026\\\/01\\\/Giornata-Missionaria-Ragazzi-2026.jpg\",\"keywords\":[\"Esp\u00edritu misionero\",\"Focus\",\"Ni\u00f1os\",\"Solidariet\u00e0\"],\"articleSection\":[\"Infoesfera\",\"Iglesia\"],\"inLanguage\":\"es\",\"potentialAction\":[{\"@type\":\"CommentAction\",\"name\":\"Comment\",\"target\":[\"https:\\\/\\\/www.cgfmanet.org\\\/infosfera\\\/giornata-missionaria-mondiale-dei-ragazzi-2026\\\/#respond\"]}]},{\"@type\":\"WebPage\",\"@id\":\"https:\\\/\\\/www.cgfmanet.org\\\/infosfera\\\/giornata-missionaria-mondiale-dei-ragazzi-2026\\\/\",\"url\":\"https:\\\/\\\/www.cgfmanet.org\\\/infosfera\\\/giornata-missionaria-mondiale-dei-ragazzi-2026\\\/\",\"name\":\"Jornada Misionera Mundial de los ni\u00f1os 2026 &#8226; Istituto Figlie di Maria Ausiliatrice\",\"isPartOf\":{\"@id\":\"https:\\\/\\\/www.cgfmanet.org\\\/es\\\/#website\"},\"primaryImageOfPage\":{\"@id\":\"https:\\\/\\\/www.cgfmanet.org\\\/infosfera\\\/giornata-missionaria-mondiale-dei-ragazzi-2026\\\/#primaryimage\"},\"image\":{\"@id\":\"https:\\\/\\\/www.cgfmanet.org\\\/infosfera\\\/giornata-missionaria-mondiale-dei-ragazzi-2026\\\/#primaryimage\"},\"thumbnailUrl\":\"https:\\\/\\\/www.cgfmanet.org\\\/wp-content\\\/uploads\\\/2026\\\/01\\\/Giornata-Missionaria-Ragazzi-2026.jpg\",\"datePublished\":\"2026-01-02T15:25:52+00:00\",\"dateModified\":\"2026-01-03T20:31:14+00:00\",\"description\":\"El 6 de enero de 2026, en la Solemnidad de la Epifan\u00eda, se celebra la Jornada Mundial de la Infancia Misionera, o Jornada Misionera Mundial de los Ni\u00f1os.\",\"breadcrumb\":{\"@id\":\"https:\\\/\\\/www.cgfmanet.org\\\/infosfera\\\/giornata-missionaria-mondiale-dei-ragazzi-2026\\\/#breadcrumb\"},\"inLanguage\":\"es\",\"potentialAction\":[{\"@type\":\"ReadAction\",\"target\":[\"https:\\\/\\\/www.cgfmanet.org\\\/infosfera\\\/giornata-missionaria-mondiale-dei-ragazzi-2026\\\/\"]}]},{\"@type\":\"ImageObject\",\"inLanguage\":\"es\",\"@id\":\"https:\\\/\\\/www.cgfmanet.org\\\/infosfera\\\/giornata-missionaria-mondiale-dei-ragazzi-2026\\\/#primaryimage\",\"url\":\"https:\\\/\\\/www.cgfmanet.org\\\/wp-content\\\/uploads\\\/2026\\\/01\\\/Giornata-Missionaria-Ragazzi-2026.jpg\",\"contentUrl\":\"https:\\\/\\\/www.cgfmanet.org\\\/wp-content\\\/uploads\\\/2026\\\/01\\\/Giornata-Missionaria-Ragazzi-2026.jpg\",\"width\":1200,\"height\":800},{\"@type\":\"BreadcrumbList\",\"@id\":\"https:\\\/\\\/www.cgfmanet.org\\\/infosfera\\\/giornata-missionaria-mondiale-dei-ragazzi-2026\\\/#breadcrumb\",\"itemListElement\":[{\"@type\":\"ListItem\",\"position\":1,\"name\":\"Home\",\"item\":\"https:\\\/\\\/www.cgfmanet.org\\\/es\\\/\"},{\"@type\":\"ListItem\",\"position\":2,\"name\":\"Jornada Misionera Mundial de los ni\u00f1os 2026\"}]},{\"@type\":\"WebSite\",\"@id\":\"https:\\\/\\\/www.cgfmanet.org\\\/es\\\/#website\",\"url\":\"https:\\\/\\\/www.cgfmanet.org\\\/es\\\/\",\"name\":\"Istituto Figlie di Maria Ausiliatrice\",\"description\":\"Salesiane di Don Bosco\",\"publisher\":{\"@id\":\"https:\\\/\\\/www.cgfmanet.org\\\/es\\\/#organization\"},\"potentialAction\":[{\"@type\":\"SearchAction\",\"target\":{\"@type\":\"EntryPoint\",\"urlTemplate\":\"https:\\\/\\\/www.cgfmanet.org\\\/es\\\/?s={search_term_string}\"},\"query-input\":{\"@type\":\"PropertyValueSpecification\",\"valueRequired\":true,\"valueName\":\"search_term_string\"}}],\"inLanguage\":\"es\"},{\"@type\":\"Organization\",\"@id\":\"https:\\\/\\\/www.cgfmanet.org\\\/es\\\/#organization\",\"name\":\"Istituto Figlie di Maria Ausiliatrice\",\"url\":\"https:\\\/\\\/www.cgfmanet.org\\\/es\\\/\",\"logo\":{\"@type\":\"ImageObject\",\"inLanguage\":\"es\",\"@id\":\"https:\\\/\\\/www.cgfmanet.org\\\/es\\\/#\\\/schema\\\/logo\\\/image\\\/\",\"url\":\"https:\\\/\\\/www.cgfmanet.org\\\/wp-content\\\/uploads\\\/2018\\\/10\\\/logo-fma.png\",\"contentUrl\":\"https:\\\/\\\/www.cgfmanet.org\\\/wp-content\\\/uploads\\\/2018\\\/10\\\/logo-fma.png\",\"width\":214,\"height\":55,\"caption\":\"Istituto Figlie di Maria Ausiliatrice\"},\"image\":{\"@id\":\"https:\\\/\\\/www.cgfmanet.org\\\/es\\\/#\\\/schema\\\/logo\\\/image\\\/\"},\"sameAs\":[\"https:\\\/\\\/www.facebook.com\\\/salesian.sisters.of.don.bosco\\\/\",\"https:\\\/\\\/x.com\\\/Cgfmanet_Org\",\"https:\\\/\\\/www.youtube.com\\\/channel\\\/UCmcr8yFQBV7JXeXVxyV9y5Q\"]},{\"@type\":\"Person\",\"@id\":\"https:\\\/\\\/www.cgfmanet.org\\\/es\\\/#\\\/schema\\\/person\\\/ce6473083f53ef0ef882cca23f0c8fb9\",\"name\":\"Redazione\"}]}<\/script>\n<!-- \/ Yoast SEO plugin. -->","yoast_head_json":{"title":"Jornada Misionera Mundial de los ni\u00f1os 2026 &#8226; Istituto Figlie di Maria Ausiliatrice","description":"El 6 de enero de 2026, en la Solemnidad de la Epifan\u00eda, se celebra la Jornada Mundial de la Infancia Misionera, o Jornada Misionera Mundial de los Ni\u00f1os.","robots":{"index":"index","follow":"follow","max-snippet":"max-snippet:-1","max-image-preview":"max-image-preview:large","max-video-preview":"max-video-preview:-1"},"canonical":"https:\/\/www.cgfmanet.org\/infosfera\/giornata-missionaria-mondiale-dei-ragazzi-2026\/","og_locale":"es_ES","og_type":"article","og_title":"Jornada Misionera Mundial de los ni\u00f1os 2026 &#8226; Istituto Figlie di Maria Ausiliatrice","og_description":"El 6 de enero de 2026, en la Solemnidad de la Epifan\u00eda, se celebra la Jornada Mundial de la Infancia Misionera, o Jornada Misionera Mundial de los Ni\u00f1os.","og_url":"https:\/\/www.cgfmanet.org\/infosfera\/giornata-missionaria-mondiale-dei-ragazzi-2026\/","og_site_name":"Istituto Figlie di Maria Ausiliatrice","article_publisher":"https:\/\/www.facebook.com\/salesian.sisters.of.don.bosco\/","article_published_time":"2026-01-02T15:25:52+00:00","article_modified_time":"2026-01-03T20:31:14+00:00","og_image":[{"width":1200,"height":800,"url":"https:\/\/www.cgfmanet.org\/wp-content\/uploads\/2026\/01\/Giornata-Missionaria-Ragazzi-2026.jpg","type":"image\/jpeg"}],"author":"Redazione","twitter_card":"summary_large_image","twitter_creator":"@Cgfmanet_Org","twitter_site":"@Cgfmanet_Org","twitter_misc":{"Escrito por":"Redazione","Tiempo de lectura":"3 minutos"},"schema":{"@context":"https:\/\/schema.org","@graph":[{"@type":"Article","@id":"https:\/\/www.cgfmanet.org\/infosfera\/giornata-missionaria-mondiale-dei-ragazzi-2026\/#article","isPartOf":{"@id":"https:\/\/www.cgfmanet.org\/infosfera\/giornata-missionaria-mondiale-dei-ragazzi-2026\/"},"author":{"name":"Redazione","@id":"https:\/\/www.cgfmanet.org\/es\/#\/schema\/person\/ce6473083f53ef0ef882cca23f0c8fb9"},"headline":"Jornada Misionera Mundial de los ni\u00f1os 2026","datePublished":"2026-01-02T15:25:52+00:00","dateModified":"2026-01-03T20:31:14+00:00","mainEntityOfPage":{"@id":"https:\/\/www.cgfmanet.org\/infosfera\/giornata-missionaria-mondiale-dei-ragazzi-2026\/"},"wordCount":448,"commentCount":0,"publisher":{"@id":"https:\/\/www.cgfmanet.org\/es\/#organization"},"image":{"@id":"https:\/\/www.cgfmanet.org\/infosfera\/giornata-missionaria-mondiale-dei-ragazzi-2026\/#primaryimage"},"thumbnailUrl":"https:\/\/www.cgfmanet.org\/wp-content\/uploads\/2026\/01\/Giornata-Missionaria-Ragazzi-2026.jpg","keywords":["Esp\u00edritu misionero","Focus","Ni\u00f1os","Solidariet\u00e0"],"articleSection":["Infoesfera","Iglesia"],"inLanguage":"es","potentialAction":[{"@type":"CommentAction","name":"Comment","target":["https:\/\/www.cgfmanet.org\/infosfera\/giornata-missionaria-mondiale-dei-ragazzi-2026\/#respond"]}]},{"@type":"WebPage","@id":"https:\/\/www.cgfmanet.org\/infosfera\/giornata-missionaria-mondiale-dei-ragazzi-2026\/","url":"https:\/\/www.cgfmanet.org\/infosfera\/giornata-missionaria-mondiale-dei-ragazzi-2026\/","name":"Jornada Misionera Mundial de los ni\u00f1os 2026 &#8226; Istituto Figlie di Maria Ausiliatrice","isPartOf":{"@id":"https:\/\/www.cgfmanet.org\/es\/#website"},"primaryImageOfPage":{"@id":"https:\/\/www.cgfmanet.org\/infosfera\/giornata-missionaria-mondiale-dei-ragazzi-2026\/#primaryimage"},"image":{"@id":"https:\/\/www.cgfmanet.org\/infosfera\/giornata-missionaria-mondiale-dei-ragazzi-2026\/#primaryimage"},"thumbnailUrl":"https:\/\/www.cgfmanet.org\/wp-content\/uploads\/2026\/01\/Giornata-Missionaria-Ragazzi-2026.jpg","datePublished":"2026-01-02T15:25:52+00:00","dateModified":"2026-01-03T20:31:14+00:00","description":"El 6 de enero de 2026, en la Solemnidad de la Epifan\u00eda, se celebra la Jornada Mundial de la Infancia Misionera, o Jornada Misionera Mundial de los Ni\u00f1os.","breadcrumb":{"@id":"https:\/\/www.cgfmanet.org\/infosfera\/giornata-missionaria-mondiale-dei-ragazzi-2026\/#breadcrumb"},"inLanguage":"es","potentialAction":[{"@type":"ReadAction","target":["https:\/\/www.cgfmanet.org\/infosfera\/giornata-missionaria-mondiale-dei-ragazzi-2026\/"]}]},{"@type":"ImageObject","inLanguage":"es","@id":"https:\/\/www.cgfmanet.org\/infosfera\/giornata-missionaria-mondiale-dei-ragazzi-2026\/#primaryimage","url":"https:\/\/www.cgfmanet.org\/wp-content\/uploads\/2026\/01\/Giornata-Missionaria-Ragazzi-2026.jpg","contentUrl":"https:\/\/www.cgfmanet.org\/wp-content\/uploads\/2026\/01\/Giornata-Missionaria-Ragazzi-2026.jpg","width":1200,"height":800},{"@type":"BreadcrumbList","@id":"https:\/\/www.cgfmanet.org\/infosfera\/giornata-missionaria-mondiale-dei-ragazzi-2026\/#breadcrumb","itemListElement":[{"@type":"ListItem","position":1,"name":"Home","item":"https:\/\/www.cgfmanet.org\/es\/"},{"@type":"ListItem","position":2,"name":"Jornada Misionera Mundial de los ni\u00f1os 2026"}]},{"@type":"WebSite","@id":"https:\/\/www.cgfmanet.org\/es\/#website","url":"https:\/\/www.cgfmanet.org\/es\/","name":"Istituto Figlie di Maria Ausiliatrice","description":"Salesiane di Don Bosco","publisher":{"@id":"https:\/\/www.cgfmanet.org\/es\/#organization"},"potentialAction":[{"@type":"SearchAction","target":{"@type":"EntryPoint","urlTemplate":"https:\/\/www.cgfmanet.org\/es\/?s={search_term_string}"},"query-input":{"@type":"PropertyValueSpecification","valueRequired":true,"valueName":"search_term_string"}}],"inLanguage":"es"},{"@type":"Organization","@id":"https:\/\/www.cgfmanet.org\/es\/#organization","name":"Istituto Figlie di Maria Ausiliatrice","url":"https:\/\/www.cgfmanet.org\/es\/","logo":{"@type":"ImageObject","inLanguage":"es","@id":"https:\/\/www.cgfmanet.org\/es\/#\/schema\/logo\/image\/","url":"https:\/\/www.cgfmanet.org\/wp-content\/uploads\/2018\/10\/logo-fma.png","contentUrl":"https:\/\/www.cgfmanet.org\/wp-content\/uploads\/2018\/10\/logo-fma.png","width":214,"height":55,"caption":"Istituto Figlie di Maria Ausiliatrice"},"image":{"@id":"https:\/\/www.cgfmanet.org\/es\/#\/schema\/logo\/image\/"},"sameAs":["https:\/\/www.facebook.com\/salesian.sisters.of.don.bosco\/","https:\/\/x.com\/Cgfmanet_Org","https:\/\/www.youtube.com\/channel\/UCmcr8yFQBV7JXeXVxyV9y5Q"]},{"@type":"Person","@id":"https:\/\/www.cgfmanet.org\/es\/#\/schema\/person\/ce6473083f53ef0ef882cca23f0c8fb9","name":"Redazione"}]}},"_links":{"self":[{"href":"https:\/\/www.cgfmanet.org\/es\/wp-json\/wp\/v2\/posts\/150192","targetHints":{"allow":["GET"]}}],"collection":[{"href":"https:\/\/www.cgfmanet.org\/es\/wp-json\/wp\/v2\/posts"}],"about":[{"href":"https:\/\/www.cgfmanet.org\/es\/wp-json\/wp\/v2\/types\/post"}],"author":[{"embeddable":true,"href":"https:\/\/www.cgfmanet.org\/es\/wp-json\/wp\/v2\/users\/21"}],"replies":[{"embeddable":true,"href":"https:\/\/www.cgfmanet.org\/es\/wp-json\/wp\/v2\/comments?post=150192"}],"version-history":[{"count":3,"href":"https:\/\/www.cgfmanet.org\/es\/wp-json\/wp\/v2\/posts\/150192\/revisions"}],"predecessor-version":[{"id":150281,"href":"https:\/\/www.cgfmanet.org\/es\/wp-json\/wp\/v2\/posts\/150192\/revisions\/150281"}],"wp:featuredmedia":[{"embeddable":true,"href":"https:\/\/www.cgfmanet.org\/es\/wp-json\/wp\/v2\/media\/150186"}],"wp:attachment":[{"href":"https:\/\/www.cgfmanet.org\/es\/wp-json\/wp\/v2\/media?parent=150192"}],"wp:term":[{"taxonomy":"category","embeddable":true,"href":"https:\/\/www.cgfmanet.org\/es\/wp-json\/wp\/v2\/categories?post=150192"},{"taxonomy":"post_tag","embeddable":true,"href":"https:\/\/www.cgfmanet.org\/es\/wp-json\/wp\/v2\/tags?post=150192"}],"curies":[{"name":"wp","href":"https:\/\/api.w.org\/{rel}","templated":true}]}}