{"id":150078,"date":"2025-12-31T15:09:52","date_gmt":"2025-12-31T14:09:52","guid":{"rendered":"https:\/\/www.cgfmanet.org\/infoesfera\/giornata-mondiale-della-pace-2026\/"},"modified":"2026-01-03T21:46:02","modified_gmt":"2026-01-03T20:46:02","slug":"jornada-mundial-de-la-paz-2026","status":"publish","type":"post","link":"https:\/\/www.cgfmanet.org\/es\/infoesfera\/jornada-mundial-de-la-paz-2026\/","title":{"rendered":"Jornada Mundial de la Paz 2026"},"content":{"rendered":"<p><strong>Roma (Italia). <\/strong>El 1\u00b0 de enero de 2026 se celebra la 59\u00aa Jornada Mundial de la Paz, instituida por el Papa Pablo VI en 1968 \u2014al inicio del calendario que mide y describe el camino de la vida humana en el tiempo\u2014 con el deseo de \u201cque sea la Paz, con su justo y ben\u00e9fico equilibrio, la que domine el desarrollo de la historia venidera\u201d.<\/p>\n<p>La intenci\u00f3n de Pablo VI, como Iglesia Cat\u00f3lica, era \u201ccon intenci\u00f3n de servicio y de ejemplo\u201d, la de \u201clanzar la idea\u201d con la esperanza de recoger \u201cno solo el m\u00e1s amplio consenso del mundo civil, sino que tal idea encuentre en todas partes promotores m\u00faltiples, h\u00e1biles y valientes, capaces de imprimir en la \u2018Jornada de la Paz\u2019 (&#8230;) ese sincero y fuerte car\u00e1cter de humanidad consciente y redimida de sus tristes y fatales conflictos b\u00e9licos, que sepa dar a la historia del mundo un desarrollo m\u00e1s feliz, ordenado y civil\u201d.<\/p>\n<p>Desde entonces, la invocaci\u00f3n de los Papas para obtener la paz contin\u00faa elev\u00e1ndose y se ha vuelto, en los \u00faltimos a\u00f1os, cada vez m\u00e1s ferviente al constatar el aumento del n\u00famero y la intensidad de los conflictos locales y regionales, que el Papa Francisco defini\u00f3 como una \u00abtercera guerra mundial a trozos\u00bb.<\/p>\n<p><strong>\u201cLa paz sea con todos vosotros\u201d<\/strong> es el t\u00edtulo del primer mensaje entregado por el Papa Le\u00f3n XIV &#8211; <span style=\"color: #0000ff;\"><strong><a style=\"color: #0000ff;\" href=\"https:\/\/www.cgfmanet.org\/es\/infoesfera\/iglesia\/presentacion-del-mensaje-para-la-jornada-mundial-de-la-paz-2026\/\" target=\"_blank\" rel=\"noopener\">presentado el 18 de diciembre<\/a><\/strong><\/span> en la Oficina de Prensa del Vaticano\u2014 para la Jornada con la que se abre el nuevo a\u00f1o 2026. Son las mismas palabras con las que se present\u00f3 al mundo el d\u00eda de su elecci\u00f3n al Pontificado, el 8 de mayo de 2025: \u201cDesde la tarde de mi elecci\u00f3n como Obispo de Roma, he querido insertar mi saludo en este anuncio coral. Y deseo reiterarlo: esta es la paz de Cristo resucitado, una paz desarmada y una paz desarmante, humilde y perseverante. Proviene de Dios, Dios que nos ama a todos incondicionalmente\u201d.<\/p>\n<p>Es un mensaje de luz el del Papa Le\u00f3n, en el que emerge repetidamente el contraste entre las tinieblas y la luz, porque \u201cver la luz y creer en ella es necesario para no hundirse en la oscuridad\u201d. Y precisamente porque, al constatar la situaci\u00f3n internacional, existe el riesgo de que prevalezca un sentimiento de desconsuelo y des\u00e1nimo, el Santo Padre alienta a reconocer la luz:<\/p>\n<p>\u201cLa paz existe, quiere habitarnos, tiene el suave poder de iluminar y ampliar la inteligencia, resiste a la violencia y la vence. La paz tiene el aliento de lo eterno: mientras al mal se le grita \u2018basta\u2019, a la paz se le susurra \u2018para siempre\u2019. (&#8230;) Lo contrario, es decir, olvidar la luz, es lamentablemente posible: se pierde entonces el realismo, cediendo a una representaci\u00f3n del mundo parcial y distorsionada, bajo el signo de las tinieblas y el miedo\u201d.<\/p>\n<p>Con las palabras de San Agust\u00edn, anima a \u201cirradiar a su alrededor el calor luminoso\u201d: \u201cSi quer\u00e9is atraer a los dem\u00e1s a la paz, tenedla vosotros primero; sed vosotros, ante todo, firmes en la paz. Para inflamar a otros deb\u00e9is tener vosotros, en vuestro interior, la luz encendida. Ya sea que tengamos el don de la fe, o que nos parezca no tenerlo, queridos hermanos y hermanas, \u00a1abr\u00e1monos a la paz! Acoj\u00e1mosla y reconozc\u00e1mosla, en lugar de considerarla lejana e imposible\u201d.<\/p>\n<p><strong>Una paz desarmada<\/strong><\/p>\n<p>Es inevitable la menci\u00f3n a la carrera armamentista, hacia la cual, al igual que su predecesor, el Papa Le\u00f3n ha expresado su firme disenso incluso recientemente en respuesta a los periodistas. El ejemplo al que hace referencia es el del propio Jes\u00fas cuando, defendido por Pedro, le ordena volver la espada a la vaina: \u201cLa paz de Jes\u00fas resucitado es desarmada, porque desarmada fue su lucha, dentro de precisas circunstancias hist\u00f3ricas, pol\u00edticas y sociales. De esta novedad los cristianos deben hacerse, juntos, testigos prof\u00e9ticos, conscientes de las tragedias de las que demasiadas veces han sido c\u00f3mplices\u201d.<\/p>\n<p>Como ya expresaba San Juan XXIII en la enc\u00edclica <em>Pacem in terris<\/em>, \u201clos seres humanos viven bajo la pesadilla de un hurac\u00e1n que podr\u00eda estallar en cualquier momento con una violencia inimaginable. Porque las armas est\u00e1n ah\u00ed\u201d. Para apoyar esta afirmaci\u00f3n, el Santo Padre cita con precisi\u00f3n los datos del <strong>gasto militar a nivel mundial, que ha aumentado un 9,4% respecto al a\u00f1o anterior<\/strong>, confirmando la tendencia ininterrumpida de los \u00faltimos diez a\u00f1os y alcanzando la cifra de <strong>2.718 mil millones de d\u00f3lares<\/strong>, es decir, el 2,5% del PIB mundial.<\/p>\n<p>El desaf\u00edo contra el rearme es tambi\u00e9n educativo, ya que lamentablemente las pol\u00edticas, en lugar de promover una \u201ccultura de la memoria que guarde la conciencia madurada en el siglo XX y no olvide a sus millones de v\u00edctimas\u201d, a trav\u00e9s de los medios de comunicaci\u00f3n y los programas educativos \u201cdifunden la percepci\u00f3n de amenazas y transmiten una noci\u00f3n meramente armada de la defensa y la seguridad\u201d. Adem\u00e1s de denunciar los intereses econ\u00f3micos y financieros de privados que empujan a los Estados hacia pol\u00edticas de muerte, el Papa exhorta tambi\u00e9n a favorecer \u201cel despertar de las conciencias y del pensamiento cr\u00edtico\u201d y a \u201cunir esfuerzos para contribuir mutuamente a una paz desarmante, una paz que nace de la apertura y de la humildad evang\u00e9lica\u201d.<\/p>\n<p><strong>Una paz desarmante<\/strong><\/p>\n<p>A\u00fan en la Octava de Navidad, resuena de manera especialmente significativa la apertura de esta secci\u00f3n del Mensaje:<\/p>\n<p>\u201cLa bondad es desarmante. Quiz\u00e1s por eso Dios se hizo ni\u00f1o. El misterio de la Encarnaci\u00f3n, que tiene su punto de mayor abajamiento en el descenso a los infiernos, comienza en el vientre de una joven madre y se manifiesta en el pesebre de Bel\u00e9n\u201d.<\/p>\n<p>No se trata de un inicio po\u00e9tico y desencantado, sino de un llamado a tomar contacto con la propia humanidad m\u00e1s profunda porque \u201cNada tiene la capacidad de cambiarnos tanto como un hijo. Y quiz\u00e1s es precisamente el pensamiento en nuestros hijos, en los ni\u00f1os y tambi\u00e9n en quienes son fr\u00e1giles como ellos, lo que nos atraviesa el coraz\u00f3n\u201d (cfr. Hch 2,37). No basta entonces con reducir o incluso eliminar los armamentos; es necesario proceder a un <strong>desarme integral<\/strong> \u2014concepto introducido primero por San Juan XXIII\u2014 a trav\u00e9s de \u201cla renovaci\u00f3n del coraz\u00f3n y de la inteligencia\u201d y, sobre todo, alimentar la confianza en el ser humano, ya que \u201cla verdadera paz solo se puede construir sobre la confianza mutua\u201d.<\/p>\n<p>\u201cConsideramos que se trata de un objetivo que puede ser alcanzado\u201d, dec\u00eda el Papa Juan, pero tambi\u00e9n debe ser deseado. \u201cUn servicio fundamental que las religiones deben prestar a la humanidad sufriente\u201d es vigilar \u201cante el creciente intento de transformar en armas incluso los pensamientos y las palabras\u201d, adem\u00e1s de \u201ccultivar la oraci\u00f3n, la espiritualidad, el di\u00e1logo ecum\u00e9nico e interreligioso como v\u00edas de paz y lenguajes del encuentro entre tradiciones y culturas\u201d para ser, como comunidad, \u201ccasas de paz\u201d: \u201cHoy m\u00e1s que nunca, de hecho, es necesario mostrar que la paz no es una utop\u00eda, mediante una creatividad pastoral atenta y generativa\u201d.<\/p>\n<p>Al t\u00e9rmino del a\u00f1o jubilar, ante el cierre de la \u00faltima Puerta Santa el 6 de enero (la de San Pedro, abierta por el Papa Francisco el 24 de diciembre de 2024), el Mensaje termina con el llamado a \u201cmotivar y sostener toda iniciativa espiritual, cultural y pol\u00edtica que mantenga viva la esperanza, combatiendo la propagaci\u00f3n de actitudes fatalistas\u201d, junto a la falta de esperanza y la desconfianza constante sembradas en la sociedad actual:<\/p>\n<p>\u201cQue este sea un fruto del <strong>Jubileo de la Esperanza<\/strong>, que ha instado a millones de seres humanos a redescubrirse peregrinos y a iniciar en s\u00ed mismos ese desarme del coraz\u00f3n, de la mente y de la vida al que Dios no tardar\u00e1 en responder cumpliendo sus promesas<em>\u201d.<\/em><\/p>\n<p><span style=\"color: #0000ff;\"><a style=\"color: #0000ff;\" href=\"https:\/\/www.vatican.va\/content\/leo-xiv\/it\/messages\/peace\/documents\/20251208-messaggio-pace.html\" target=\"_blank\" rel=\"noopener\"><strong>Texto completo<\/strong><\/a><\/span><\/p>\n","protected":false},"excerpt":{"rendered":"<p>Roma (Italia). El 1\u00b0 de enero de 2026 se celebra la 59\u00aa Jornada Mundial de la Paz, instituida por el Papa Pablo VI en 1968 \u2014al inicio del calendario que [&hellip;]<\/p>\n","protected":false},"author":21,"featured_media":150073,"comment_status":"open","ping_status":"closed","sticky":false,"template":"","format":"standard","meta":{"footnotes":""},"categories":[39,191],"tags":[327,1830,1931,2491],"class_list":["post-150078","post","type-post","status-publish","format-standard","has-post-thumbnail","category-infoesfera","category-iglesia","tag-jornada-mundial-de-la-paz","tag-paz-es","tag-focus-es","tag-papa-leon-xiv"],"yoast_head":"<!-- This site is optimized with the Yoast SEO plugin v27.4 - https:\/\/yoast.com\/product\/yoast-seo-wordpress\/ -->\n<title>Jornada Mundial de la Paz 2026 &#8226; Istituto Figlie di Maria Ausiliatrice<\/title>\n<meta name=\"description\" content=\"El 1\u00ba de enero de 2026 se celebra la 59\u00aa Jornada Mundial de la Paz bajo el tema: \u201cLa paz sea con todos vosotros. Hacia una paz desarmada y desarmante\u201d.\" \/>\n<meta name=\"robots\" content=\"index, follow, max-snippet:-1, max-image-preview:large, max-video-preview:-1\" \/>\n<link rel=\"canonical\" href=\"https:\/\/www.cgfmanet.org\/es\/infoesfera\/jornada-mundial-de-la-paz-2026\/\" \/>\n<meta property=\"og:locale\" content=\"es_ES\" \/>\n<meta property=\"og:type\" content=\"article\" \/>\n<meta property=\"og:title\" content=\"Jornada Mundial de la Paz 2026 &#8226; Istituto Figlie di Maria Ausiliatrice\" \/>\n<meta property=\"og:description\" content=\"El 1\u00ba de enero de 2026 se celebra la 59\u00aa Jornada Mundial de la Paz bajo el tema: \u201cLa paz sea con todos vosotros. Hacia una paz desarmada y desarmante\u201d.\" \/>\n<meta property=\"og:url\" content=\"https:\/\/www.cgfmanet.org\/es\/infoesfera\/jornada-mundial-de-la-paz-2026\/\" \/>\n<meta property=\"og:site_name\" content=\"Istituto Figlie di Maria Ausiliatrice\" \/>\n<meta property=\"article:publisher\" content=\"https:\/\/www.facebook.com\/salesian.sisters.of.don.bosco\/\" \/>\n<meta property=\"article:published_time\" content=\"2025-12-31T14:09:52+00:00\" \/>\n<meta property=\"article:modified_time\" content=\"2026-01-03T20:46:02+00:00\" \/>\n<meta property=\"og:image\" content=\"https:\/\/www.cgfmanet.org\/wp-content\/uploads\/2025\/12\/Giornata-mondiale-Pace-2026.jpg\" \/>\n\t<meta property=\"og:image:width\" content=\"1181\" \/>\n\t<meta property=\"og:image:height\" content=\"787\" \/>\n\t<meta property=\"og:image:type\" content=\"image\/jpeg\" \/>\n<meta name=\"author\" content=\"Redazione\" \/>\n<meta name=\"twitter:card\" content=\"summary_large_image\" \/>\n<meta name=\"twitter:creator\" content=\"@Cgfmanet_Org\" \/>\n<meta name=\"twitter:site\" content=\"@Cgfmanet_Org\" \/>\n<meta name=\"twitter:label1\" content=\"Escrito por\" \/>\n\t<meta name=\"twitter:data1\" content=\"Redazione\" \/>\n\t<meta name=\"twitter:label2\" content=\"Tiempo de lectura\" \/>\n\t<meta name=\"twitter:data2\" content=\"7 minutos\" \/>\n<script type=\"application\/ld+json\" class=\"yoast-schema-graph\">{\"@context\":\"https:\\\/\\\/schema.org\",\"@graph\":[{\"@type\":\"Article\",\"@id\":\"https:\\\/\\\/www.cgfmanet.org\\\/es\\\/infoesfera\\\/jornada-mundial-de-la-paz-2026\\\/#article\",\"isPartOf\":{\"@id\":\"https:\\\/\\\/www.cgfmanet.org\\\/es\\\/infoesfera\\\/jornada-mundial-de-la-paz-2026\\\/\"},\"author\":{\"name\":\"Redazione\",\"@id\":\"https:\\\/\\\/www.cgfmanet.org\\\/es\\\/#\\\/schema\\\/person\\\/ce6473083f53ef0ef882cca23f0c8fb9\"},\"headline\":\"Jornada Mundial de la Paz 2026\",\"datePublished\":\"2025-12-31T14:09:52+00:00\",\"dateModified\":\"2026-01-03T20:46:02+00:00\",\"mainEntityOfPage\":{\"@id\":\"https:\\\/\\\/www.cgfmanet.org\\\/es\\\/infoesfera\\\/jornada-mundial-de-la-paz-2026\\\/\"},\"wordCount\":1356,\"commentCount\":0,\"publisher\":{\"@id\":\"https:\\\/\\\/www.cgfmanet.org\\\/es\\\/#organization\"},\"image\":{\"@id\":\"https:\\\/\\\/www.cgfmanet.org\\\/es\\\/infoesfera\\\/jornada-mundial-de-la-paz-2026\\\/#primaryimage\"},\"thumbnailUrl\":\"https:\\\/\\\/www.cgfmanet.org\\\/wp-content\\\/uploads\\\/2025\\\/12\\\/Giornata-mondiale-Pace-2026.jpg\",\"keywords\":[\"Jornada Mundial de la Paz\",\"Paz\",\"Focus\",\"Papa Le\u00f3n XIV\"],\"articleSection\":[\"Infoesfera\",\"Iglesia\"],\"inLanguage\":\"es\",\"potentialAction\":[{\"@type\":\"CommentAction\",\"name\":\"Comment\",\"target\":[\"https:\\\/\\\/www.cgfmanet.org\\\/es\\\/infoesfera\\\/jornada-mundial-de-la-paz-2026\\\/#respond\"]}]},{\"@type\":\"WebPage\",\"@id\":\"https:\\\/\\\/www.cgfmanet.org\\\/es\\\/infoesfera\\\/jornada-mundial-de-la-paz-2026\\\/\",\"url\":\"https:\\\/\\\/www.cgfmanet.org\\\/es\\\/infoesfera\\\/jornada-mundial-de-la-paz-2026\\\/\",\"name\":\"Jornada Mundial de la Paz 2026 &#8226; Istituto Figlie di Maria Ausiliatrice\",\"isPartOf\":{\"@id\":\"https:\\\/\\\/www.cgfmanet.org\\\/es\\\/#website\"},\"primaryImageOfPage\":{\"@id\":\"https:\\\/\\\/www.cgfmanet.org\\\/es\\\/infoesfera\\\/jornada-mundial-de-la-paz-2026\\\/#primaryimage\"},\"image\":{\"@id\":\"https:\\\/\\\/www.cgfmanet.org\\\/es\\\/infoesfera\\\/jornada-mundial-de-la-paz-2026\\\/#primaryimage\"},\"thumbnailUrl\":\"https:\\\/\\\/www.cgfmanet.org\\\/wp-content\\\/uploads\\\/2025\\\/12\\\/Giornata-mondiale-Pace-2026.jpg\",\"datePublished\":\"2025-12-31T14:09:52+00:00\",\"dateModified\":\"2026-01-03T20:46:02+00:00\",\"description\":\"El 1\u00ba de enero de 2026 se celebra la 59\u00aa Jornada Mundial de la Paz bajo el tema: \u201cLa paz sea con todos vosotros. Hacia una paz desarmada y desarmante\u201d.\",\"breadcrumb\":{\"@id\":\"https:\\\/\\\/www.cgfmanet.org\\\/es\\\/infoesfera\\\/jornada-mundial-de-la-paz-2026\\\/#breadcrumb\"},\"inLanguage\":\"es\",\"potentialAction\":[{\"@type\":\"ReadAction\",\"target\":[\"https:\\\/\\\/www.cgfmanet.org\\\/es\\\/infoesfera\\\/jornada-mundial-de-la-paz-2026\\\/\"]}]},{\"@type\":\"ImageObject\",\"inLanguage\":\"es\",\"@id\":\"https:\\\/\\\/www.cgfmanet.org\\\/es\\\/infoesfera\\\/jornada-mundial-de-la-paz-2026\\\/#primaryimage\",\"url\":\"https:\\\/\\\/www.cgfmanet.org\\\/wp-content\\\/uploads\\\/2025\\\/12\\\/Giornata-mondiale-Pace-2026.jpg\",\"contentUrl\":\"https:\\\/\\\/www.cgfmanet.org\\\/wp-content\\\/uploads\\\/2025\\\/12\\\/Giornata-mondiale-Pace-2026.jpg\",\"width\":1181,\"height\":787},{\"@type\":\"BreadcrumbList\",\"@id\":\"https:\\\/\\\/www.cgfmanet.org\\\/es\\\/infoesfera\\\/jornada-mundial-de-la-paz-2026\\\/#breadcrumb\",\"itemListElement\":[{\"@type\":\"ListItem\",\"position\":1,\"name\":\"Home\",\"item\":\"https:\\\/\\\/www.cgfmanet.org\\\/es\\\/\"},{\"@type\":\"ListItem\",\"position\":2,\"name\":\"Jornada Mundial de la Paz 2026\"}]},{\"@type\":\"WebSite\",\"@id\":\"https:\\\/\\\/www.cgfmanet.org\\\/es\\\/#website\",\"url\":\"https:\\\/\\\/www.cgfmanet.org\\\/es\\\/\",\"name\":\"Istituto Figlie di Maria Ausiliatrice\",\"description\":\"Salesiane di Don Bosco\",\"publisher\":{\"@id\":\"https:\\\/\\\/www.cgfmanet.org\\\/es\\\/#organization\"},\"potentialAction\":[{\"@type\":\"SearchAction\",\"target\":{\"@type\":\"EntryPoint\",\"urlTemplate\":\"https:\\\/\\\/www.cgfmanet.org\\\/es\\\/?s={search_term_string}\"},\"query-input\":{\"@type\":\"PropertyValueSpecification\",\"valueRequired\":true,\"valueName\":\"search_term_string\"}}],\"inLanguage\":\"es\"},{\"@type\":\"Organization\",\"@id\":\"https:\\\/\\\/www.cgfmanet.org\\\/es\\\/#organization\",\"name\":\"Istituto Figlie di Maria Ausiliatrice\",\"url\":\"https:\\\/\\\/www.cgfmanet.org\\\/es\\\/\",\"logo\":{\"@type\":\"ImageObject\",\"inLanguage\":\"es\",\"@id\":\"https:\\\/\\\/www.cgfmanet.org\\\/es\\\/#\\\/schema\\\/logo\\\/image\\\/\",\"url\":\"https:\\\/\\\/www.cgfmanet.org\\\/wp-content\\\/uploads\\\/2018\\\/10\\\/logo-fma.png\",\"contentUrl\":\"https:\\\/\\\/www.cgfmanet.org\\\/wp-content\\\/uploads\\\/2018\\\/10\\\/logo-fma.png\",\"width\":214,\"height\":55,\"caption\":\"Istituto Figlie di Maria Ausiliatrice\"},\"image\":{\"@id\":\"https:\\\/\\\/www.cgfmanet.org\\\/es\\\/#\\\/schema\\\/logo\\\/image\\\/\"},\"sameAs\":[\"https:\\\/\\\/www.facebook.com\\\/salesian.sisters.of.don.bosco\\\/\",\"https:\\\/\\\/x.com\\\/Cgfmanet_Org\",\"https:\\\/\\\/www.youtube.com\\\/channel\\\/UCmcr8yFQBV7JXeXVxyV9y5Q\"]},{\"@type\":\"Person\",\"@id\":\"https:\\\/\\\/www.cgfmanet.org\\\/es\\\/#\\\/schema\\\/person\\\/ce6473083f53ef0ef882cca23f0c8fb9\",\"name\":\"Redazione\"}]}<\/script>\n<!-- \/ Yoast SEO plugin. -->","yoast_head_json":{"title":"Jornada Mundial de la Paz 2026 &#8226; Istituto Figlie di Maria Ausiliatrice","description":"El 1\u00ba de enero de 2026 se celebra la 59\u00aa Jornada Mundial de la Paz bajo el tema: \u201cLa paz sea con todos vosotros. Hacia una paz desarmada y desarmante\u201d.","robots":{"index":"index","follow":"follow","max-snippet":"max-snippet:-1","max-image-preview":"max-image-preview:large","max-video-preview":"max-video-preview:-1"},"canonical":"https:\/\/www.cgfmanet.org\/es\/infoesfera\/jornada-mundial-de-la-paz-2026\/","og_locale":"es_ES","og_type":"article","og_title":"Jornada Mundial de la Paz 2026 &#8226; Istituto Figlie di Maria Ausiliatrice","og_description":"El 1\u00ba de enero de 2026 se celebra la 59\u00aa Jornada Mundial de la Paz bajo el tema: \u201cLa paz sea con todos vosotros. Hacia una paz desarmada y desarmante\u201d.","og_url":"https:\/\/www.cgfmanet.org\/es\/infoesfera\/jornada-mundial-de-la-paz-2026\/","og_site_name":"Istituto Figlie di Maria Ausiliatrice","article_publisher":"https:\/\/www.facebook.com\/salesian.sisters.of.don.bosco\/","article_published_time":"2025-12-31T14:09:52+00:00","article_modified_time":"2026-01-03T20:46:02+00:00","og_image":[{"width":1181,"height":787,"url":"https:\/\/www.cgfmanet.org\/wp-content\/uploads\/2025\/12\/Giornata-mondiale-Pace-2026.jpg","type":"image\/jpeg"}],"author":"Redazione","twitter_card":"summary_large_image","twitter_creator":"@Cgfmanet_Org","twitter_site":"@Cgfmanet_Org","twitter_misc":{"Escrito por":"Redazione","Tiempo de lectura":"7 minutos"},"schema":{"@context":"https:\/\/schema.org","@graph":[{"@type":"Article","@id":"https:\/\/www.cgfmanet.org\/es\/infoesfera\/jornada-mundial-de-la-paz-2026\/#article","isPartOf":{"@id":"https:\/\/www.cgfmanet.org\/es\/infoesfera\/jornada-mundial-de-la-paz-2026\/"},"author":{"name":"Redazione","@id":"https:\/\/www.cgfmanet.org\/es\/#\/schema\/person\/ce6473083f53ef0ef882cca23f0c8fb9"},"headline":"Jornada Mundial de la Paz 2026","datePublished":"2025-12-31T14:09:52+00:00","dateModified":"2026-01-03T20:46:02+00:00","mainEntityOfPage":{"@id":"https:\/\/www.cgfmanet.org\/es\/infoesfera\/jornada-mundial-de-la-paz-2026\/"},"wordCount":1356,"commentCount":0,"publisher":{"@id":"https:\/\/www.cgfmanet.org\/es\/#organization"},"image":{"@id":"https:\/\/www.cgfmanet.org\/es\/infoesfera\/jornada-mundial-de-la-paz-2026\/#primaryimage"},"thumbnailUrl":"https:\/\/www.cgfmanet.org\/wp-content\/uploads\/2025\/12\/Giornata-mondiale-Pace-2026.jpg","keywords":["Jornada Mundial de la Paz","Paz","Focus","Papa Le\u00f3n XIV"],"articleSection":["Infoesfera","Iglesia"],"inLanguage":"es","potentialAction":[{"@type":"CommentAction","name":"Comment","target":["https:\/\/www.cgfmanet.org\/es\/infoesfera\/jornada-mundial-de-la-paz-2026\/#respond"]}]},{"@type":"WebPage","@id":"https:\/\/www.cgfmanet.org\/es\/infoesfera\/jornada-mundial-de-la-paz-2026\/","url":"https:\/\/www.cgfmanet.org\/es\/infoesfera\/jornada-mundial-de-la-paz-2026\/","name":"Jornada Mundial de la Paz 2026 &#8226; Istituto Figlie di Maria Ausiliatrice","isPartOf":{"@id":"https:\/\/www.cgfmanet.org\/es\/#website"},"primaryImageOfPage":{"@id":"https:\/\/www.cgfmanet.org\/es\/infoesfera\/jornada-mundial-de-la-paz-2026\/#primaryimage"},"image":{"@id":"https:\/\/www.cgfmanet.org\/es\/infoesfera\/jornada-mundial-de-la-paz-2026\/#primaryimage"},"thumbnailUrl":"https:\/\/www.cgfmanet.org\/wp-content\/uploads\/2025\/12\/Giornata-mondiale-Pace-2026.jpg","datePublished":"2025-12-31T14:09:52+00:00","dateModified":"2026-01-03T20:46:02+00:00","description":"El 1\u00ba de enero de 2026 se celebra la 59\u00aa Jornada Mundial de la Paz bajo el tema: \u201cLa paz sea con todos vosotros. Hacia una paz desarmada y desarmante\u201d.","breadcrumb":{"@id":"https:\/\/www.cgfmanet.org\/es\/infoesfera\/jornada-mundial-de-la-paz-2026\/#breadcrumb"},"inLanguage":"es","potentialAction":[{"@type":"ReadAction","target":["https:\/\/www.cgfmanet.org\/es\/infoesfera\/jornada-mundial-de-la-paz-2026\/"]}]},{"@type":"ImageObject","inLanguage":"es","@id":"https:\/\/www.cgfmanet.org\/es\/infoesfera\/jornada-mundial-de-la-paz-2026\/#primaryimage","url":"https:\/\/www.cgfmanet.org\/wp-content\/uploads\/2025\/12\/Giornata-mondiale-Pace-2026.jpg","contentUrl":"https:\/\/www.cgfmanet.org\/wp-content\/uploads\/2025\/12\/Giornata-mondiale-Pace-2026.jpg","width":1181,"height":787},{"@type":"BreadcrumbList","@id":"https:\/\/www.cgfmanet.org\/es\/infoesfera\/jornada-mundial-de-la-paz-2026\/#breadcrumb","itemListElement":[{"@type":"ListItem","position":1,"name":"Home","item":"https:\/\/www.cgfmanet.org\/es\/"},{"@type":"ListItem","position":2,"name":"Jornada Mundial de la Paz 2026"}]},{"@type":"WebSite","@id":"https:\/\/www.cgfmanet.org\/es\/#website","url":"https:\/\/www.cgfmanet.org\/es\/","name":"Istituto Figlie di Maria Ausiliatrice","description":"Salesiane di Don Bosco","publisher":{"@id":"https:\/\/www.cgfmanet.org\/es\/#organization"},"potentialAction":[{"@type":"SearchAction","target":{"@type":"EntryPoint","urlTemplate":"https:\/\/www.cgfmanet.org\/es\/?s={search_term_string}"},"query-input":{"@type":"PropertyValueSpecification","valueRequired":true,"valueName":"search_term_string"}}],"inLanguage":"es"},{"@type":"Organization","@id":"https:\/\/www.cgfmanet.org\/es\/#organization","name":"Istituto Figlie di Maria Ausiliatrice","url":"https:\/\/www.cgfmanet.org\/es\/","logo":{"@type":"ImageObject","inLanguage":"es","@id":"https:\/\/www.cgfmanet.org\/es\/#\/schema\/logo\/image\/","url":"https:\/\/www.cgfmanet.org\/wp-content\/uploads\/2018\/10\/logo-fma.png","contentUrl":"https:\/\/www.cgfmanet.org\/wp-content\/uploads\/2018\/10\/logo-fma.png","width":214,"height":55,"caption":"Istituto Figlie di Maria Ausiliatrice"},"image":{"@id":"https:\/\/www.cgfmanet.org\/es\/#\/schema\/logo\/image\/"},"sameAs":["https:\/\/www.facebook.com\/salesian.sisters.of.don.bosco\/","https:\/\/x.com\/Cgfmanet_Org","https:\/\/www.youtube.com\/channel\/UCmcr8yFQBV7JXeXVxyV9y5Q"]},{"@type":"Person","@id":"https:\/\/www.cgfmanet.org\/es\/#\/schema\/person\/ce6473083f53ef0ef882cca23f0c8fb9","name":"Redazione"}]}},"_links":{"self":[{"href":"https:\/\/www.cgfmanet.org\/es\/wp-json\/wp\/v2\/posts\/150078","targetHints":{"allow":["GET"]}}],"collection":[{"href":"https:\/\/www.cgfmanet.org\/es\/wp-json\/wp\/v2\/posts"}],"about":[{"href":"https:\/\/www.cgfmanet.org\/es\/wp-json\/wp\/v2\/types\/post"}],"author":[{"embeddable":true,"href":"https:\/\/www.cgfmanet.org\/es\/wp-json\/wp\/v2\/users\/21"}],"replies":[{"embeddable":true,"href":"https:\/\/www.cgfmanet.org\/es\/wp-json\/wp\/v2\/comments?post=150078"}],"version-history":[{"count":3,"href":"https:\/\/www.cgfmanet.org\/es\/wp-json\/wp\/v2\/posts\/150078\/revisions"}],"predecessor-version":[{"id":150286,"href":"https:\/\/www.cgfmanet.org\/es\/wp-json\/wp\/v2\/posts\/150078\/revisions\/150286"}],"wp:featuredmedia":[{"embeddable":true,"href":"https:\/\/www.cgfmanet.org\/es\/wp-json\/wp\/v2\/media\/150073"}],"wp:attachment":[{"href":"https:\/\/www.cgfmanet.org\/es\/wp-json\/wp\/v2\/media?parent=150078"}],"wp:term":[{"taxonomy":"category","embeddable":true,"href":"https:\/\/www.cgfmanet.org\/es\/wp-json\/wp\/v2\/categories?post=150078"},{"taxonomy":"post_tag","embeddable":true,"href":"https:\/\/www.cgfmanet.org\/es\/wp-json\/wp\/v2\/tags?post=150078"}],"curies":[{"name":"wp","href":"https:\/\/api.w.org\/{rel}","templated":true}]}}